{"id":107,"date":"2006-11-21T15:10:52","date_gmt":"2006-11-21T15:10:52","guid":{"rendered":"https:\/\/www.millicozum.com\/mc\/2006\/11\/21\/jandarmaya-ne-saldiriliyor\/"},"modified":"2006-11-21T15:10:52","modified_gmt":"2006-11-21T15:10:52","slug":"jandarmaya-niye-saldiriliyor","status":"publish","type":"post","link":"https:\/\/www.millicozum.com\/mc\/2006\/agustos-2006\/jandarmaya-niye-saldiriliyor\/","title":{"rendered":"JANDARMAYA N\u0130YE SALDIRILIYOR?"},"content":{"rendered":"<p>\u00a0  <\/p>\n<p> <strong><em>Baz\u0131 \u0130stihbarat kurumlar\u0131n CIA ve Mossad&#39;\u0131n gizli g\u00fcd\u00fcm\u00fcne girmesi; Amerikanc\u0131 Hoca tak\u0131m\u0131n\u0131n stratejik konumlar\u0131 i\u015fgal etmesi ve baz\u0131 sivil g\u00fcvenlik organlar\u0131n\u0131n masonik mahfillerin manyetik alan\u0131na kay\u0131vermesi; hakl\u0131 olarak Milli Devleti endi\u015felendirmi\u015f; yeni ve yeterli tedbirler almaya y\u00f6neltmi\u015ftir.<\/em><\/strong>  <\/p>\n<p> <strong><em>\u0130\u015fte Jandarman\u0131n, daha etkili, daha yetkili ve daha geni\u015f \u00e7er\u00e7eveli; takip ve tesbit i\u015flevi ger\u00e7ekle\u015ftirebilmesine imkan tan\u0131yan ve \u00e7ok verimli sonu\u00e7lar\u0131 al\u0131nan EMASYA (Emniyet-Asayi\u015f-Yard\u0131m) proje ve organizesi, bu hayati ihtiyac\u0131n bir neticesidir.<\/em><\/strong>  <\/p>\n<p> <strong><em>Amma vel\u00e2kin, \u0131\u015f\u0131ktan korkan yarasalar\u0131n, \u00e7ete ba\u011flant\u0131l\u0131 soyguncular\u0131n, gizli saltanatlar\u0131 sars\u0131lan masoncuklar\u0131n ve din istismar\u0131 zorla\u015fan m\u00fcnaf\u0131klar\u0131n hezeyanlar\u0131 ve h\u00fccumlar\u0131, kendilerini ele vermektedir. Ve tabi b\u00fct\u00fcn bu geli\u015fmeler: Kirli derin devletle, Milli derin devletin k\u0131yas\u0131ya m\u00fccadelesinin de bir g\u00f6stergesidir. Daha do\u011frusu bu; devletin, i\u00e7ten i\u015fgalci ve i\u015fbirlik\u00e7i &quot;kene&quot;leri, b\u00fcnyeye zarar vermeden, yap\u0131\u015ft\u0131klar\u0131 organlardan s\u00f6kme ve etkisizle\u015ftirme s\u00fcrecidir. Demokrasi davuluyla, insan haklar\u0131 zurnas\u0131yla bir avu\u00e7 suda kopar\u0131lan f\u0131rt\u0131nalar, kulak h\u0131rpalyan feryatlar, asl\u0131nda kenelerin art\u0131k kenefe d\u00f6k\u00fclme endi\u015fesidir.<\/em><\/strong>  <\/p>\n<p> <strong><em>Baz\u0131 safdil toplum kesimlerinin tedirginli\u011fi ise, sadece, olaylar\u0131n perde arkas\u0131n\u0131 bilmemelerinin ve dolduru\u015fa getirilmelerinin bir eseridir.<\/em><\/strong>  <\/p>\n<p>  \u00a0  <\/p>\n<p> <strong>B\u00c7G&#39;den Takip Kurulu&#39;na Uzanan Yol Haritas\u0131<\/strong>  <\/p>\n<p> &quot;B\u00c7G&#39;nin amac\u0131, g\u00f6r\u00fcn\u00fc\u015fte &quot;Refahyol iktidar\u0131n\u0131n muhtemel davran\u0131\u015f bi\u00e7imlerini&quot; anlamak ve takip etmekti. Personeli, Genelkurmay \u0130\u00e7 G\u00fcvenlik Dairesi ve \u0130stihbarat Ba\u015fkanl\u0131\u011f\u0131&#39;n\u0131n \u0130stihbarata Kar\u015f\u0131 Koyma (\u0130KK) \u015eubesi elemanlar\u0131ndan se\u00e7ilmi\u015fti.  <\/p>\n<p> Genelkurmay \u0130stihbarat Ba\u015fkanl\u0131\u011f\u0131&#39;n\u0131n korgeneral kadrosundaki makam\u0131 genellikle bahriyelilere tahsis ediliyordu. Bu sebeple bahriyelilerde di\u011fer kuvvetlerden farkl\u0131 olarak &quot;istihbarat&quot; gelene\u011fi de mevcuttu.  <\/p>\n<p> <strong>&quot;Siyasal \u0130sl\u00e2m&quot; tutana\u011f\u0131:<\/strong>  <\/p>\n<p> <strong>B\u00c7G safhas\u0131na gelinceye kadar baz\u0131 haz\u0131rl\u0131klar yap\u0131lm\u0131\u015ft\u0131. \u0130lk \u00fcr\u00fcn daha sonrakilere de kaynakl\u0131k edecek &quot;Siyasal \u0130slam\u0131n Yay\u0131lmas\u0131&quot; bro\u015f\u00fcr\u00fcyd\u00fc. B\u00c7G&#39;nin faaliyete ge\u00e7mesiyle bro\u015f\u00fcr biraz daha olgunla\u015ft\u0131r\u0131l\u0131p &quot;Bat\u0131 Harek\u00e2t Konsepti&quot; haline getirildi.<\/strong>  <\/p>\n<p> <strong>Bro\u015f\u00fcr\u00fcn gizlili\u011fi yoktu. Sivil kesimlere de da\u011f\u0131t\u0131larak belirli bir kamuoyunun olu\u015fmas\u0131 sa\u011fland\u0131. &quot;Gizli&quot; ka\u015feli, Nisan 1997 tarihli ve Genelkurmay \u0130kinci Ba\u015fkan\u0131 Org. \u00c7evik Bir imzal\u0131 &quot;Konsept&quot; ise Hasan Celal G\u00fczel&#39;in bas\u0131n toplant\u0131s\u0131yla kamuoyuna duyuruluncaya kadar g\u00fcn y\u00fcz\u00fc g\u00f6rmemi\u015fti.<\/strong>  <\/p>\n<p> <strong>Her ikisinde \u00f6zetle \u015fu tema i\u015fleniyordu: &quot;Siyasal \u0130slamc\u0131 faaliyetlerin \u00f6n\u00fc al\u0131nmazsa, &quot;Milli G\u00f6r\u00fc\u015f\u00e7\u00fc partiler&quot; 2000 y\u0131l\u0131nda oylar\u0131n y\u00fczde 34&#39;\u00fcn\u00fc alarak tek ba\u015flar\u0131na iktidara gelecek, 2005 y\u0131l\u0131ndaki genel se\u00e7imlerde ise yakla\u015f\u0131k 6 milyon 506 bin ilave din e\u011fitimli se\u00e7menin etkisi ile toplam oylar\u0131n y\u00fczde 66.94&#39;\u00fcn\u00fc alarak her konuda mutlak \u00e7o\u011funlu\u011fu elde edecekler.&quot;<\/strong>  <\/p>\n<p> D\u0130E, DPT ve MEB&#39;in verileriyle 2000 y\u0131l\u0131 sonras\u0131na y\u00f6nelik yap\u0131lan projeksiyonlar olduk\u00e7a abart\u0131l\u0131yd\u0131. Dini e\u011fitimli se\u00e7menler hakk\u0131nda hepsinin &quot;Milli G\u00f6r\u00fc\u015f\u00e7\u00fc&quot; partilere oy verece\u011fi iddias\u0131 ise; toplumun demokratik tercihini ipotek alt\u0131na almakt\u0131.  <\/p>\n<p> <strong>Ordu tedbirini ald\u0131<\/strong>  <\/p>\n<p> Ordunun ald\u0131\u011f\u0131 tedbir B\u00c7G ile s\u0131n\u0131rl\u0131 de\u011fildi. 9 Ocak 1997 tarihinde Ba\u015fbakanl\u0131k Kriz Y\u00f6netim Merkezi (BKYM) Y\u00f6netmeli\u011fi yay\u0131nland\u0131.  <\/p>\n<p> 3 ay sonra da EMASYA (Emniyet, Asayi\u015f, Yard\u0131m) Plan\u0131, \u0130\u00e7i\u015fleri Bakanl\u0131\u011f\u0131 ile Genelkurmay Ba\u015fkanl\u0131\u011f\u0131 aras\u0131nda imzalanan bir protokolle devreye girdi. Kaderin garip cilvesi b\u00fct\u00fcn bu &quot;tedbirleri&quot; almak Refahyol&#39;a nasip olmu\u015ftu.&quot;<a name=\"_ftnref1\" href=\"#_ftn1\" title=\"_ftnref1\">[1]<\/a>  <\/p>\n<p> <strong>EMASYA Yasaya Ayk\u0131r\u0131ym\u0131\u015f!..<\/strong>  <\/p>\n<p> <strong>&quot;M\u00fclki \u0130dare \u015e\u00fbr\u00e2s\u0131, 28 \u015eubat s\u00fcrecinde Genelkurmay ile \u0130\u00e7i\u015fleri Bakanl\u0131\u011f\u0131 aras\u0131nda imzalanan Emniyet Asayi\u015f Yard\u0131mla\u015fma Protokol\u00fc&#39;n\u00fcn &quot;yasaya ayk\u0131r\u0131 oldu\u011funu&quot; 4 y\u0131l \u00f6nce vurgulad\u0131, ancak Protokol h\u00e2l\u00e2 y\u00fcr\u00fcrl\u00fckte. &#39;Ola\u011fan\u00fcst\u00fc durum&#39;u yoruma a\u00e7\u0131k tutan, vali ve kaymakamlar\u0131n yetkileri ile onlar\u0131n talebi olmadan da ilin kontrol\u00fcn\u00fc askeri g\u00fc\u00e7lere veren Protokol, illerdeki t\u00fcm kurullar\u0131n idaresini de askerlere veriyor. <\/strong> <\/p>\n<p> 28 \u015eubat s\u00fcrecinde Genelkurmay ile \u0130\u00e7i\u015fleri Bakanl\u0131\u011f\u0131 aras\u0131nda imzalanan Emniyet Asayi\u015f Yard\u0131mla\u015fma Protokol\u00fc&#39;n\u00fcn &quot;yasaya ayk\u0131r\u0131&quot; oldu\u011fu ve uygulamadan kald\u0131r\u0131lmas\u0131 gerekti\u011fi 4 y\u0131l \u00f6nce devletin resmi belgeleri aras\u0131na girdi, ancak h\u00e2l\u00e2 y\u00fcr\u00fcrl\u00fckte tutuluyor.  <\/p>\n<p> D\u00f6nemin Ba\u015fbakan\u0131 Necmettin Erbakan&#39;\u0131n istifas\u0131yla d\u00fc\u015fen Refahyol H\u00fck\u00fcmeti&#39;nin hemen ard\u0131ndan \u0130\u00e7i\u015fleri Bakanl\u0131\u011f\u0131 ile Genelkurmay Ba\u015fkanl\u0131\u011f\u0131 aras\u0131nda 7 Temmuz 1997 tarihinde imzalanan EMASYA Protokol\u00fc&#39;n\u00fcn &quot;yasa ve normlar hiyerar\u015fisine uygun d\u00fc\u015fmedi\u011fi&quot;, 25-27 Nisan 2002 tarihlerinde yap\u0131lan M\u00fclki \u0130dare \u015e\u00fbr\u00e2s\u0131&#39;nda ortaya konuldu.  <\/p>\n<table border=\"0\" cellspacing=\"0\" cellpadding=\"0\" width=\"100%\">\n<tbody>\n<tr>\n<td>\n<p> \t\t\t<strong><em>Asker El Koyabilir! <\/em><\/strong> \t\t\t<\/p>\n<p> \t\t\t<strong><em>&#8211; Protokol&#39;\u00fcn 9. maddesi EMASYA komutanl\u0131klar\u0131n\u0131n m\u00fclki amirlerin yard\u0131m talebi olmaks\u0131z\u0131n olaylara m\u00fcdahale edebilmesine imkan vermektedir. Bu madde 5442 say\u0131l\u0131 yasaya &quot;\u015fekil, yetki, konu ve maksat&quot; y\u00f6nlerinden ayk\u0131r\u0131 d\u00fc\u015fmektedir. <\/em><\/strong> \t\t\t<\/p>\n<p> \t\t\t<strong><em>&#8211; Protokol\u00fcn 10. maddesi ilden ile kuvvet kayd\u0131r\u0131lmas\u0131n\u0131n: &quot;ilgili EMASYA Tali B\u00f6lge Komutan\u0131&#39;n\u0131n, bu ilden sorumlu EMASYA B\u00f6lge Komutanl\u0131\u011f\u0131&#39;ndan yard\u0131m istemesi \u00fczerine&quot;, yap\u0131laca\u011f\u0131n\u0131 s\u00f6ylemektedir. Bu ise &quot;Mevcut kuvvetlerin yeterlilik durumu ve yard\u0131m istenilmesine gerek olup olmad\u0131\u011f\u0131 konusundaki de\u011ferlendirmenin kimin taraf\u0131ndan yap\u0131laca\u011f\u0131n\u0131 a\u00e7\u0131kl\u0131\u011fa kavu\u015fturmamakta, buna kar\u015f\u0131l\u0131k kuvvet kayd\u0131r\u0131lmas\u0131n\u0131n EMASYA Tali B\u00f6lge Komutan\u0131&#39;n\u0131n talebi \u00fczerine yap\u0131laca\u011f\u0131n\u0131 h\u00fckme ba\u011flamaktad\u0131r. (&#8230;) ve yasaya a\u00e7\u0131k\u00e7a ayk\u0131r\u0131l\u0131k g\u00f6stermektedir.&quot; <\/em><\/strong> \t\t\t<\/p>\n<p> \t\t\t<strong><em>&#8211; &quot;Yard\u0131m talep edilmesinden \u00f6nceki a\u015famalara ili\u015fkin olarak sivil ve askeri birimlere ortak g\u00f6rev ve tatbikat sorumlulu\u011fu y\u00fckleyen Protokol&#39;\u00fcn 7 ve 16. maddelerine ve benzeri d\u00fczenlemelere gerek bulunmamaktad\u0131r. Ayr\u0131ca yasada da bu t\u00fcr bir y\u00fck\u00fcml\u00fcl\u00fckten s\u00f6z edilmemektedir.&quot;<\/em><\/strong>  \t\t\t<\/p>\n<\/td>\n<\/tr>\n<\/tbody>\n<\/table>\n<p> \u00a0  <\/p>\n<p> <strong>Herkes Askerin Emrinde! <\/strong> <\/p>\n<p> <strong>&#8211; Protokol&#39;\u00fcn 14 ve 16. maddeleri vali taraf\u0131ndan g\u00f6revlendirilip g\u00f6revlendirilmediklerine bak\u0131lmaks\u0131z\u0131n b\u00fct\u00fcn kolluk g\u00fc\u00e7lerinin yard\u0131ma gelen askeri birlik komutan\u0131n\u0131n emrine girece\u011fi \u015feklinde d\u00fczenlenmi\u015f. &quot;Polis ve jandarma g\u00fc\u00e7lerinin ka\u00e7\u0131n\u0131lmaz olarak askeri birli\u011fin komutas\u0131na girmesini \u00f6ng\u00f6ren d\u00fczenlemeler yasaya ayk\u0131r\u0131 d\u00fc\u015fmektedir.&quot; <\/strong> <\/p>\n<p> &#8211; Protokol&#39;\u00fcn 20. maddesi m\u00fclki amirlerden yard\u0131m talebi geldi\u011fi anda jandarma ve polisin EMASYA komutunl\u0131klar\u0131 nezdinde olu\u015fturulan &quot;Asayi\u015f Harekat Merkezi&quot;nde irtibat personeli bulundurmas\u0131 zorunlulu\u011funu getirmekte. Bu, valilerin olaylara m\u00fcdahalede askeri ve sivil birliklerin ortak g\u00f6rev yapabilmeleri hususundaki takdir yetkilerini ortadan kald\u0131r\u0131c\u0131 y\u00f6nde sonu\u00e7 do\u011furmakta. Yine protokol\u00fcn 22 ve 23. maddeleri Jandarma, Emniyet ve M\u0130T&#39;in de kat\u0131laca\u011f\u0131 &quot;M\u00fc\u015fterek \u0130stihbarat Merkezleri&quot; kurulmas\u0131n\u0131 ve EMASYA Komutanl\u0131klar\u0131 nezdinde m\u00fc\u015fterek tatbikat icra edilmesini \u00f6ng\u00f6rmekte. &quot;Bu y\u00f6nde d\u00fczenli ve s\u00fcrekli \u00f6rg\u00fctlenmelere gidilmesi, ba\u015fta 5442 Say\u0131l\u0131 \u0130l \u00d6zel \u0130daresi Kanunu olmak \u00fczere, i\u00e7 g\u00fcvenli\u011fi d\u00fczenleyen t\u00fcm yasalara ayk\u0131r\u0131 bulunmaktad\u0131r.&quot;<a name=\"_ftnref2\" href=\"#_ftn2\" title=\"_ftnref2\">[2]<\/a>  <\/p>\n<p> <strong>&#39;Fi\u015fleme&#39; Tart\u0131\u015fmas\u0131, Neyin Ka\u015f\u0131nmas\u0131?<\/strong>  <\/p>\n<p> Jandarman\u0131n, vali, h\u00e2kim vs. fi\u015flemesi tart\u0131\u015f\u0131l\u0131yor.  <\/p>\n<p> Jandarman\u0131n Diyarbak\u0131r&#39;da vali, h\u00e2kim, savc\u0131 ve m\u00fcd\u00fcrler hakk\u0131nda bilgi toplad\u0131\u011f\u0131n\u0131 g\u00f6steren belgeler ortaya \u00e7\u0131kt\u0131. Bilgi fi\u015flerinde &quot;AKP atad\u0131. E\u015fi t\u00fcrbanl\u0131. Dul olup ahlaken g\u00fc\u00e7l\u00fc de\u011fil. Atat\u00fcrk\u00e7\u00fc. Sosyal biri&quot; gibi ifadeler var. Genelkurmay, s\u00f6z konusu belgelerin \u0130l \u0130daresi Kanunu gere\u011fince haz\u0131rlanm\u0131\u015f olan ve askeri birliklerin valinin talebi \u00fczerine nas\u0131l kullan\u0131laca\u011f\u0131n\u0131n esaslar\u0131n\u0131 belirleyen EMASYA (Emniyet Asayi\u015f ve Yard\u0131mla\u015fma) planlar\u0131 gere\u011fince ihtiya\u00e7 duyulan bilgilerin toplanmas\u0131 amac\u0131na y\u00f6nelik oldu\u011funu a\u00e7\u0131klayarak, &#39;tahrifat&#39; uyar\u0131s\u0131 yapt\u0131.  <\/p>\n<p> <strong>&#39;Fi\u015fler g\u00fcncellensin&#39; <\/strong> <\/p>\n<p> Sabah gazetesinde yay\u0131mlanan habere g\u00f6re; 6 Ocak 2006&#39;da Jandarma Genel Komutan\u0131 emriyle Jandarma Genel Komutanl\u0131\u011f\u0131 Kurmay Ba\u015fkan\u0131 Korgeneral Mehmet \u00c7avdaro\u011flu imzas\u0131 ile t\u00fcm jandarma b\u00f6lge komutanl\u0131klar\u0131na g\u00f6nderilen &#39;gizli&#39; ibareli &#39;emir&#39; yaz\u0131s\u0131nda daha \u00f6nce haz\u0131rlanan \u00e7izelgelerin detayl\u0131 ara\u015ft\u0131rma yap\u0131lmadan, y\u00fczeysel bilgilerle haz\u0131rlanmas\u0131 y\u00fcz\u00fcnden adres ve isim de\u011fi\u015fikliklerinde g\u00fcncelli\u011fini yitirdi\u011fi ifade edildi.  <\/p>\n<p> \u00c7izelgelerin 15 Mart&#39;a kadar g\u00fcncellenerek Jandarma Genel Komutanl\u0131\u011f\u0131&#39;na g\u00f6nderilmesinin istendi\u011fi yaz\u0131da, g\u00fcncelle\u015ftirme i\u00e7in daha sa\u011flam bilgi ve belgelere ula\u015f\u0131lmas\u0131, bilgilerin de delillere dayand\u0131r\u0131lmas\u0131 ve foto\u011frafl\u0131 olmas\u0131 istendi.  <\/p>\n<p> <strong>&#39;Yasal bilgi toplama&#39; <\/strong> <\/p>\n<p> <strong>Genelkurmay Ba\u015fkanl\u0131\u011f\u0131&#39;n\u0131n yapt\u0131\u011f\u0131 a\u00e7\u0131klamada \u015f\u00f6yle denildi: &quot;&#8230; Haberde s\u00f6z konusu edilen emirler; 5442 say\u0131l\u0131 \u0130l \u0130daresi Kanunu gere\u011fince haz\u0131rlanm\u0131\u015f olan ve askeri birliklerin valinin talebi \u00fczerine nas\u0131l kullan\u0131laca\u011f\u0131n\u0131n esaslar\u0131n\u0131 belirleyen EMASYA (Emniyet Asayi\u015f ve Yard\u0131mla\u015fma) planlar\u0131 gere\u011fince ihtiya\u00e7 duyulan bilgilerin toplanmas\u0131 amac\u0131na y\u00f6nelik olup, hi\u00e7bir \u015fekilde ki\u015filere ili\u015fkin bilgi talebi i\u00e7ermemektedir. \u0130nceleme sonucunda, tahrifat yap\u0131lmak suretiyle s\u00f6z konusu emirlerin ilgisi olmayan konularla irtibatland\u0131r\u0131larak g\u00fcndem yarat\u0131lmaya \u00e7al\u0131\u015f\u0131ld\u0131\u011f\u0131 anla\u015f\u0131lm\u0131\u015ft\u0131r. G\u00fcn\u00fcm\u00fcz\u00fcn teknolojik imk\u00e2nlar\u0131yla her t\u00fcrl\u00fc belgenin tahrif edilmesi, sahtesinin yap\u0131lmas\u0131 ve amac\u0131ndan sapt\u0131r\u0131lmas\u0131 m\u00fcmk\u00fcnd\u00fcr. Eline bu t\u00fcr belge ula\u015fanlar\u0131n ve bilhassa kamuoyunu bilgilendirme i\u015flevini g\u00f6renlerin, bu t\u00fcr belgelerin do\u011frulu\u011fundan emin olmadan yay\u0131mlamamalar\u0131n\u0131n daha sorumlu bir davran\u0131\u015f olaca\u011f\u0131 de\u011ferlendirilmektedir.&quot;<a name=\"_ftnref3\" href=\"#_ftn3\" title=\"_ftnref3\"><strong>[3]<\/strong><\/a><\/strong>  <\/p>\n<p> <strong>\u015eimdi soral\u0131m: Yaras\u0131 olmayanlar, fi\u015flenmekten niye gocunsunlar?<\/strong>  <\/p>\n<p> <strong>Bir devletin, \u00fcst d\u00fczey b\u00fcrokratlar\u0131n\u0131n, e\u011filim ve e\u011friliklerini bilmesinden niye rahats\u0131z olurlar?<\/strong>  <\/p>\n<p> <strong>Bakan G\u00f6n\u00fcl&#39;den &#39;Emasya&#39; A\u00e7\u0131klamas\u0131&#8230;<\/strong>  <\/p>\n<p> Milli Savunma Bakan\u0131 Vecdi G\u00f6n\u00fcl, EMASYA (Emniyet-Asayi\u015f Yard\u0131mla\u015fma Birlikleri) ismiyle bir birlikleri olmad\u0131\u011f\u0131n\u0131 bildirerek, <strong>&quot;TSK&#39;n\u0131n EMASYA g\u00f6revlerinde kullan\u0131lmas\u0131 Anayasa&#39;ya, kanunlara ve yerle\u015fik uluslararas\u0131 uygulamalara uygundur&quot;<\/strong> dedi.<a name=\"_ftnref4\" href=\"#_ftn4\" title=\"_ftnref4\">[4]<\/a>  <\/p>\n<p> <strong>Marazl\u0131 Yazarlar\u0131n Yakla\u015f\u0131m\u0131:<\/strong>  <\/p>\n<p> <strong>AB Havarisi Ali Bayramo\u011flu, Niye Bayg\u0131nl\u0131k Ge\u00e7iriyor?<\/strong>  <\/p>\n<p> &quot;G\u00fcneydo\u011fu&#39;da ya\u015fananlar, K\u00fcrt \u00f6rg\u00fctlerinin b\u00fcy\u00fck kentlerde giri\u015ftikleri \u015fiddet eylemleri T\u00fcrkiye&#39;yi her anlamda zora sokuyor. B\u00f6lgede ayaklanma manzaras\u0131, b\u00fcy\u00fck kentlerdeki ter\u00f6r eylemleri her \u015feyden \u00f6nce T\u00fcrkiye&#39;nin demokratikle\u015fme s\u00fcrecini sekteye u\u011fratma riski ta\u015f\u0131yor.  <\/p>\n<p> Bu t\u00fcr geli\u015fmeler, jandarman\u0131n ve askeri otoritenin gerek siyasi karar s\u00fcrecinde gerekse kentsel alanda \u00f6ne \u00e7\u0131kmaya ba\u015flamas\u0131n\u0131, fi\u015flemelere kamuoyu nezdinde hakl\u0131l\u0131k kazand\u0131rmas\u0131n\u0131 en az\u0131ndan \u00f6rtbas edilip aklanmas\u0131n\u0131 sa\u011flayacak niteliktedir.  <\/p>\n<p> <strong>Bir kere \u015fu a\u00e7\u0131k: <\/strong> <\/p>\n<p> \u015eiddetin egemenli\u011fi siyaseti, tart\u0131\u015fmay\u0131, konu\u015fmay\u0131 asgariye indirir, ba\u015fta Silahl\u0131 Kuvvetler olmak \u00fczere asayi\u015f g\u00fc\u00e7lerini siyasi karar mekanizmalar\u0131n\u0131n kendili\u011finden efendisi haline getirir&#8230;(mi\u015f!?)  <\/p>\n<p> \u015eimdi hem bu yap\u0131lanmaya bakal\u0131m, hem de son olaylardan sonra bu yap\u0131lanman\u0131n nereye oturaca\u011f\u0131na&#8230;  <\/p>\n<p> <strong>\u0130l \u0130daresi Kanunu (madde 11\/D) askeri otorite-m\u00fclki makam ili\u015fkilerini \u015f\u00f6yle d\u00fczenler: <\/strong> <\/p>\n<p> &#39;Valiler, ilde \u00e7\u0131kabilecek veya \u00e7\u0131kan olaylar\u0131n, emrindeki kuvvetlerle \u00f6nlenmesini m\u00fcmk\u00fcn g\u00f6rmedikleri veya \u00f6nleyemedikleri, ald\u0131klar\u0131 tedbirlerin bu kuvvetlerle uygulanmas\u0131n\u0131 m\u00fcmk\u00fcn g\u00f6rmedikleri veya uygulayamad\u0131klar\u0131 takdirde, (&#8230;) en yak\u0131n kara, deniz ve hava birlik komutanl\u0131\u011f\u0131ndan (&#8230;) yard\u0131m isterler.&#39;  <\/p>\n<p> 7 Temmuz 1997 tarihinde, &#39;Genelkurmay Ba\u015fkanl\u0131\u011f\u0131 ile \u0130\u00e7i\u015fleri Bakanl\u0131\u011f\u0131 aras\u0131nda imzalanan (5442 Say\u0131l\u0131 \u0130l \u0130daresi Kanunu 11\/D maddesi gere\u011fince al\u0131nmas\u0131 gereken m\u00fc\u015fterek tedbirlere ili\u015fkin) EMASYA protokol\u00fc ise maddenin ruhunu \u015f\u00f6yle de\u011fi\u015ftirir:  <\/p>\n<p> &#8211; Protokol\u00fcn 5. maddesine g\u00f6re &#39;garnizon komutan\u0131 ve \u0130l Jandarma Komutan\u0131n\u0131n da bulundu\u011fu \u0130l ve \u0130l\u00e7e G\u00fcvenlik Koordinasyon Kurullar\u0131&#39; olu\u015fturulur, &#39;\u0130l garnizonlar\u0131nda s\u00fcrekli personelle \u00e7al\u0131\u015fan bu kurullara kesintisiz temas\u0131 sa\u011flamak amac\u0131yla ter\u00f6r ve toplumsal olaylar\u0131 de\u011ferlendirmek yetkisi&#39; verilir, M\u0130T ve Emniyet istihbarat\u0131 buralarda toplan\u0131r, &#39;valinin elindeki yetki s\u0131n\u0131rland\u0131r\u0131l\u0131r, askeri merkezde bir izleme-takip sistemi kurulur.  <\/p>\n<p> &#8211; Protokol\u00fcn 8. maddesiyle yasaya g\u00f6re asker \u00e7a\u011f\u0131rma durumunda kime verilece\u011fi valinin takdirinde olan emir-komuta mekanizmas\u0131, do\u011frudan askere ge\u00e7er&#8230;  <\/p>\n<p> <strong>&#8211; Protokol\u00fcn 9. maddesiyle, &#39;EMASYA komutanl\u0131klar\u0131na olaylar\u0131n takibi, de\u011ferlendirilmesi, bu konuda m\u00fclki amirlere ve ilgili kademelere bilgi verme yetkisi&#39; tan\u0131nm\u0131\u015ft\u0131r. Dahas\u0131, talep edilme safhas\u0131na kadar &#39;gecikmenin yarataca\u011f\u0131 mahzurlar\u0131 ortadan kald\u0131rmak i\u00e7in (askeri birim) olaylara m\u00fcdahale eder&#39; ibaresiyle, askerin izin almadan takip ve m\u00fcdahale g\u00fcc\u00fc kabul edilmi\u015ftir.&quot;<a name=\"_ftnref5\" href=\"#_ftn5\" title=\"_ftnref5\"><strong>[5]<\/strong><\/a><\/strong>  <\/p>\n<p> <strong>Jandarman\u0131n Genelgesi, Kimlere Batt\u0131?<\/strong>  <\/p>\n<p> <strong>&quot;Jandarma Genel Komutan\u0131 Orgeneral M. \u015eener Eruygur, t\u00fcm jandarma birliklerine g\u00f6nderdi\u011fi &#39;hizmete \u00f6zel&#39; genelgede, &#39;devlet-millet beraberli\u011finin&#39; sa\u011flanmas\u0131n\u0131 istedi. Jandarmaya &quot;kad\u0131nlar\u0131n k\u0131yafetlerini ele\u015ftirmeyin&quot; talimat\u0131 veren Eruygur, &quot;Ancak k\u0131\u015fk\u0131rtma maksatl\u0131 olarak t\u00fcrban takanlar\u0131n ve dini inan\u00e7lar\u0131 gere\u011fi \u00f6rt\u00fcnenler d\u0131\u015f\u0131nda k\u0131yafeti bir sembol olarak kullananlar\u0131n, bu davran\u0131\u015flar\u0131n\u0131n, \u0130slam dini ile ba\u011fda\u015fmad\u0131\u011f\u0131 ve halk\u0131m\u0131z\u0131n bu t\u00fcr oyunlara gelmemesi gerekti\u011fi \u00f6zellikle vurgulanacak&quot; demi\u015fti. Ke\u015fke bu son k\u0131s\u0131m: &quot;T\u00fcrban sorununu \u00e7\u00f6zmek istemeyenlerin ve istismar edenlerin, k\u00f6t\u00fc niyetleri ve samimiyetsizlikleri halk\u0131m\u0131za anlat\u0131lacak&quot; \u015feklinde s\u00f6ylenseydi&#8230;<\/strong>  <\/p>\n<table border=\"0\" cellspacing=\"0\" cellpadding=\"0\" width=\"100%\">\n<tbody>\n<tr>\n<td>\n<p> \t\t\t<strong><em>T\u00fcrbana kar\u015f\u0131 ikna metodu<\/em><\/strong>  \t\t\t<\/p>\n<p> \t\t\t<strong><em>Eruygur, genelgede jandarma ile halk\u0131n kayna\u015fmas\u0131 i\u00e7in yap\u0131lacak ziyaret ve sohbet toplant\u0131lar\u0131nda dikkat edilmesi gereken konular\u0131 ise \u015f\u00f6yle s\u0131ralad\u0131:<\/em><\/strong>  \t\t\t<\/p>\n<p> \t\t\t<strong><em>Halka kar\u015f\u0131 sayg\u0131l\u0131 davran\u0131lacak. Herkesle selamla\u015f\u0131lacak ve selam vermeden bir yere girilmeyecek.<\/em><\/strong>  \t\t\t<\/p>\n<p> \t\t\t<strong><em>Temiz, d\u00fczg\u00fcn k\u0131yafet ve \u00f6rnek tutum davran\u0131\u015flar sergilenecek. Basit ve k\u0131sa konu\u015fulacak. Karma\u015f\u0131k, zor kelime ve deyimler kullan\u0131lmayacak. Beden dilinin iyi kullan\u0131lmas\u0131na \u00f6zen g\u00f6sterilecek.<\/em><\/strong>  \t\t\t<\/p>\n<p> \t\t\t<strong><em>Vatanda\u015f\u0131n soru sormas\u0131na imkan sa\u011flanacak, sorulara amaca uygun cevaplar verilecek. Konu\u015fma esnas\u0131nda kay\u0131t yap\u0131lmayacak, not tutulmayacak. Ses tonunun etkileyici olmas\u0131na dikkat edilecek.<\/em><\/strong>  \t\t\t<\/p>\n<p> \t\t\t<strong><em>Davran\u0131\u015f ve konu\u015fmalarda b\u00f6lge halk\u0131 taklit edilmeyecek. Hep ayn\u0131 ki\u015filerin de\u011fil, de\u011fi\u015fik ki\u015filerin s\u00f6ze kar\u0131\u015farak fikir beyan etmesi g\u00f6zetilecek.<\/em><\/strong>  \t\t\t<\/p>\n<p> \t\t\t<strong><em>Ula\u015ft\u0131r\u0131lmak istenen mesajlar, vatanda\u015flar aras\u0131nda sevilen, say\u0131lan ve itibar g\u00f6ren ki\u015filer vas\u0131tas\u0131yla verilecek.<\/em><\/strong>  \t\t\t<\/p>\n<p> \t\t\t<strong><em>Aile kavram\u0131n\u0131n s\u0131cakl\u0131\u011f\u0131na, huzur ve rahatl\u0131\u011f\u0131na dikkat \u00e7ekilecek. Kimseyle tart\u0131\u015fmaya girilmeyecek, t\u00fcm konu\u015fmalar sohbet havas\u0131 i\u00e7inde y\u00fcr\u00fct\u00fclecek.<\/em><\/strong>  \t\t\t<\/p>\n<\/td>\n<\/tr>\n<\/tbody>\n<\/table>\n<p> <strong>\u00a0<\/strong>  <\/p>\n<p> &#160; <\/p>\n<p> &#160; <\/p>\n<table border=\"0\" cellspacing=\"0\" cellpadding=\"0\" width=\"100%\">\n<tbody>\n<tr>\n<td>\n<p> \t\t\t<strong><em>Anadolu insan\u0131n\u0131n misafirperverli\u011fi dikkate al\u0131narak, fazla ikramda bulunulmas\u0131na meydan verilmeyecek. Kimse rencide edilmeyecek. Yerine getirilmeyecek vaatlerle itimat zedelenmeyecek.<\/em><\/strong>  \t\t\t<\/p>\n<p> \t\t\t<strong><em>Hitap edilen toplum i\u00e7inde ter\u00f6r \u00f6rg\u00fctlerine sempatizan ki\u015filer bulunabilece\u011finden, konu\u015fma ve davran\u0131\u015flarda toplumu su\u00e7lay\u0131c\u0131, k\u00fc\u00e7\u00fck d\u00fc\u015f\u00fcr\u00fcc\u00fc, tahrik edici, ayr\u0131cal\u0131kl\u0131 tav\u0131rlardan vazge\u00e7ilecek.<\/em><\/strong>  \t\t\t<\/p>\n<p> \t\t\t<strong><em>B\u00f6lge halk\u0131n\u0131n inan\u00e7, \u00f6rf ve adetlerine kar\u015f\u0131 sayg\u0131l\u0131 olunacak. Kad\u0131nlara kar\u015f\u0131 \u00f6l\u00e7\u00fcl\u00fc ve h\u00fcrmetk\u00e2r davran\u0131lacak. Kad\u0131nlar\u0131n giyim ve ku\u015famlar\u0131 ele\u015ftirilmeyecek. Ancak, maksatl\u0131 olarak t\u00fcrban takanlar\u0131n ve dini inan\u00e7lar\u0131n d\u0131\u015f\u0131nda k\u0131yafeti bir sembol olarak kullananlar\u0131n davran\u0131\u015flar\u0131n\u0131n, \u0130slam dini ile ba\u011fda\u015fmad\u0131\u011f\u0131 ve halk\u0131m\u0131z\u0131n bu t\u00fcr oyunlara gelmemesi \u00f6zellikle belirtilecek.<\/em><\/strong>  \t\t\t<\/p>\n<\/td>\n<\/tr>\n<\/tbody>\n<\/table>\n<p> <strong>\u00a0<\/strong>  <\/p>\n<p> <strong>Aileler i\u00e7in k\u00fclt\u00fcr gezileri<\/strong>  <\/p>\n<p> <strong>Do\u011fruyu anlatmak ve ikna etmeye y\u00f6nelik konu\u015fmalarda, halk\u0131n sevdi\u011fi ve sayd\u0131\u011f\u0131 ki\u015filer de konu\u015fturulacak. Herkesi o anda inand\u0131rma \u00e7abas\u0131na girilmeyecek, baz\u0131 \u015feylerin zamanla olaca\u011f\u0131na dikkat edilecek.<\/strong>  <\/p>\n<p> <strong>Kurtulu\u015f Sava\u015f\u0131, Kore ve K\u0131br\u0131s sava\u015flar\u0131na kat\u0131lm\u0131\u015f vatanda\u015flar tespit edilerek, kendilerine ve ailelerine sayg\u0131 g\u00f6sterilecek.<\/strong>  <\/p>\n<p> <strong>\u015eehir g\u00f6rmemi\u015f k\u00f6y \u00e7ocuklar\u0131n\u0131n geli\u015fimini sa\u011flamak amac\u0131yla &#39;\u015eehir K\u00fclt\u00fcr Gezileri&#39; planlan\u0131p hayata ge\u00e7irilecek.<\/strong>  <\/p>\n<p> <strong>K\u00f6y d\u0131\u015f\u0131na \u00e7\u0131kmam\u0131\u015f fakir aileler tespit edilerek \u00e7ocuklar\u0131 ile birlikte kat\u0131lacaklar\u0131 &#39;Aile K\u00fclt\u00fcr Gezileri&#39; d\u00fczenlenecek.<\/strong>  <\/p>\n<p> <strong>&#39;Devlet-millet birli\u011fini&#39; sa\u011flayacak uygulamalar<\/strong>  <\/p>\n<p> Jandarma Genel Komutan\u0131 M. \u015eener Eruygur, genelgede, &quot;devlet-millet beraberli\u011finin&quot; sa\u011flanmas\u0131 i\u00e7in jandarma birliklerine \u015fu talimatlar\u0131 verdi:  <\/p>\n<p> Jandarma ile halk aras\u0131ndaki ili\u015fkiler g\u00fc\u00e7lendirilip geli\u015ftirilecek. E\u011fitim, k\u00fclt\u00fcr, sa\u011fl\u0131k, \u00e7evre gibi konularda halka destek olunacak. Halk\u0131n sorunlar\u0131n\u0131n \u00e7\u00f6z\u00fclmesine katk\u0131 sa\u011flanacak, ter\u00f6r \u00f6rg\u00fctlerinin vatanda\u015flar\u0131m\u0131za y\u00f6nelik y\u00fcr\u00fctt\u00fckleri propaganda faaliyetlerine engel olunacak.  <\/p>\n<p> Devletin her zaman halk\u0131n yan\u0131nda oldu\u011funu g\u00f6stermek ve devlete olan g\u00fcveni art\u0131rmak amac\u0131yla, Toplumsal Geli\u015fime Destek Faaliyetleri (TGDF) belli esaslar dahilinde icraata konulacak.  <\/p>\n<p> TGDF&#39;ler, m\u00fclki makamlarla koordinede bulunularak iki\u015fer ayl\u0131k d\u00f6nemler halinde yap\u0131lacak. Bu konuda valilik ve kaymakaml\u0131klar ile g\u00fcvenilir sivil toplum \u00f6rg\u00fctlerinin imkan ve yetene\u011finden azami derecede yaranlan\u0131lacak.  <\/p>\n<p> TGDF&#39;ler genel olarak sa\u011fl\u0131k, veteriner hizmetleri, e\u011fitim, giyecek, yiyecek yard\u0131m\u0131, elektrik, su, yol yap\u0131m\u0131, onar\u0131m\u0131 gibi alt yap\u0131 hizmetleri, sosyal, psikolojik destek, konferanslar ve sohbet toplant\u0131lar\u0131n\u0131 kapsayacak.  <\/p>\n<p> Bu t\u00fcr faaliyetlerde bulunulacak olan k\u00f6ylerin se\u00e7iminde hassasiyet g\u00f6sterilecek. Uygulama yap\u0131lacak olan yerle\u015fim yerlerinin her t\u00fcrl\u00fc \u00f6zellikleri dikkate al\u0131narak, faaliyetler dengeli ve adil bir \u015fekilde yap\u0131lacak.  <\/p>\n<p> Okul ve sa\u011fl\u0131k oca\u011f\u0131 gibi alt yap\u0131 yat\u0131r\u0131mlar\u0131n\u0131n yerine getirilmesi s\u0131ras\u0131nda, vatanda\u015flar\u0131n katk\u0131lar\u0131 sa\u011flanacak.  <\/p>\n<p> T\u00f6renlerde, ordu ve millet beraberli\u011fi, vatan ve bayrak sevgisi ile icra edilen faaliyetin anlam ve \u00f6nemi vurgulanacak.  <\/p>\n<p> Okul a\u00e7\u0131l\u0131\u015flar\u0131nda \u00f6\u011frencilerin topluca mar\u015f ve okul \u015fark\u0131lar\u0131 s\u00f6ylemeleri, \u015fiirler okumalar\u0131, folklor g\u00f6sterisi yapmalar\u0131 te\u015fvik olunacak..  <\/p>\n<p> T\u00f6renler s\u0131ras\u0131nda vatanda\u015flar\u0131n, \u00f6\u011frencilerin ve bas\u0131n mensuplar\u0131n\u0131n ayakta ya\u011fmur ve g\u00fcne\u015fin alt\u0131nda kalmamas\u0131 i\u00e7in \u00e7ad\u0131rlar kurulacak. Yeterince masa ve sandalye bulundurulmas\u0131na \u00e7al\u0131\u015f\u0131lacak.  <\/p>\n<p> Faaliyet ve t\u00f6renlere kad\u0131n-erkek t\u00fcm vatanda\u015flar\u0131n aktif olarak kat\u0131l\u0131m\u0131 i\u00e7in gerekli t\u00fcm tedbirler al\u0131nacak. Davetli t\u00fcm bayanlar\u0131n birlikte oturmalar\u0131 ve sohbet etmeleri sa\u011flanacak. Askeri bando her t\u00f6rene kat\u0131lacak ve konser sunacak.&quot;<a name=\"_ftnref6\" href=\"#_ftn6\" title=\"_ftnref6\">[6]<\/a>  <\/p>\n<p> <strong>\u015eimdi bu talimat ve tavsiyeleri alk\u0131\u015flamamak, hatta gocunmak i\u00e7in, bir insan\u0131n: asker-sivil kayna\u015fmas\u0131n\u0131, devlet-millet bar\u0131\u015fmas\u0131n\u0131 istemeyen, hain ve hasta ruhlu birisi olmas\u0131 laz\u0131m!..<\/strong>  <\/p>\n<table border=\"0\" cellspacing=\"0\" cellpadding=\"0\" width=\"100%\">\n<tbody>\n<tr>\n<td>\n<p> \t\t\t<strong><em>Y\u0131lmaz Jandarmaya Niye K\u0131zm\u0131\u015ft\u0131?<\/em><\/strong>  \t\t\t<\/p>\n<p> \t\t\t<strong><em>Hat\u0131rlan\u0131rsa: Beyaz Enerji Operasyonu&#39;nu jandarman\u0131n soru\u015fturmas\u0131n\u0131 ele\u015ftiren Y\u0131lmaz &#39;T\u00fcrkiye gestapo \u00fclkesi oluyor&#39; demi\u015fti&#8230;<\/em><\/strong>  \t\t\t<\/p>\n<p> \t\t\t<strong><em>ANAP lideri Mesut Y\u0131lmaz, &#39;Beyaz Enerji&#39; soru\u015fturmas\u0131yla ilgili jandarmaya meydan okumu\u015ftu. Partisinin grup toplant\u0131s\u0131na bakanl\u0131ktan istifa eden Cumhur Ers\u00fcmer&#39;le birlikte gelen Y\u0131lmaz, operasyon ba\u015flarken konuyu liderler zirvesinde de\u011ferlendirdiklerini s\u00f6ylemi\u015f, ortaklar\u0131n\u0131n kendisine &#39;operasyonu jandarman\u0131n y\u00fcr\u00fctmesi yanl\u0131\u015f, bu olayda \u00e7ete m\u00fctalaas\u0131 yanl\u0131\u015f, bunu engelleyelim&#39; dedi\u011fini, kendisinin ise&quot; Partim su\u00e7lan\u0131yor, soru\u015fturma engellenirse ANAP su\u00e7luymu\u015f gibi g\u00f6sterilecek. B\u0131rakal\u0131m sonuna kadar gidilsin, kimin neyi varsa ortaya \u00e7\u0131ks\u0131n&quot; diyerek efelenmi\u015fti&#8230; <\/em><\/strong> \t\t\t<\/p>\n<p> \t\t\t<strong><em>&quot;Mafya i\u00e7in \u00e7\u0131kard\u0131k ba\u015f\u0131m\u0131za i\u015f a\u00e7t\u0131k!&quot;<\/em><\/strong>  \t\t\t<\/p>\n<p> \t\t\t<strong><em>Biz 4422 say\u0131l\u0131 \u00c7\u0131kar Ama\u00e7l\u0131 Su\u00e7 \u00d6rg\u00fctleriyle M\u00fccadele Kanunu&#39;nu ni\u00e7in \u00e7\u0131kard\u0131k? Mafya ile daha etkin m\u00fccadele etmek i\u00e7in. T\u00fcrkiye, y\u0131llarca mafyadan \u00e7ok \u00e7ekmi\u015f bir \u00fclkedir. Mafya ile m\u00fccadelede istenilen sonu\u00e7lara ula\u015f\u0131lamamas\u0131n\u0131n nedeni olarak, hukuki imk\u00e2nlar\u0131n k\u0131s\u0131tl\u0131 olmas\u0131 g\u00f6sterilmi\u015fti. Bunu ortadan kald\u0131rmak i\u00e7in bu yasa \u00e7\u0131kart\u0131ld\u0131. Bu yasan\u0131n esas amac\u0131, mafyaya kar\u015f\u0131 daha etkili m\u00fccadele ve bu yoldan mafyan\u0131n k\u00f6k\u00fcn\u00fcn kaz\u0131lmas\u0131d\u0131r. <\/em><\/strong> \t\t\t<\/p>\n<p> \t\t\t<strong><em>Ancak &#39;Beyaz Enerji&#39; soru\u015fturmas\u0131nda da mafya ile m\u00fccadele i\u00e7in \u00e7\u0131kar\u0131lan ve ola\u011fan\u00fcst\u00fc y\u00f6ntemler \u00f6ng\u00f6r\u00fclen yasa kullan\u0131ld\u0131. Aksi takdirde Ankara&#39;n\u0131n g\u00f6be\u011finde Enerji Bakanl\u0131\u011f\u0131&#39;ndaki bir r\u00fc\u015fvet olay\u0131n\u0131n jandarma taraf\u0131ndan soru\u015fturulmas\u0131n\u0131n izah\u0131 yoktur. Bu y\u00f6ntemlerle T\u00fcrkiye bir &#39;gestapo \u00fclkesi&#39; haline getirilebilir.<\/em><\/strong><em> (Radikal \/ 02.05.2001)<\/em><strong><em> \u015feklinde deme\u00e7ler vermi\u015fti.<\/em><\/strong>  \t\t\t<\/p>\n<\/td>\n<\/tr>\n<\/tbody>\n<\/table>\n<p> <strong>\u00a0<\/strong>  <\/p>\n<p> &#160; <\/p>\n<p> <strong>&quot;Kirli&quot;ler Yap\u0131nca Alk\u0131\u015f, &quot;Milli&quot;ler Yap\u0131nca Yanl\u0131\u015f m\u0131?<\/strong>  <\/p>\n<p> <strong>Al\u00e7alt\u0131c\u0131 \u0130tiraf: Birand: &#39;And\u0131\u00e7&#39; \u00c7evik Bir&#39;in \u0130\u015fiydi<\/strong>  <\/p>\n<p> 28 \u015eubat s\u00fcrecinde ortaya \u00e7\u0131kan &#39;and\u0131\u00e7&#39; y\u00fcz\u00fcnden \u00e7ok ac\u0131 \u00e7ekti\u011fini belirten gazeteci Birand su\u00e7lamalar\u0131n \u00c7evik Bir&#39;in tertibi oldu\u011funu s\u00f6yledi. O d\u00f6nemde &#39;Al\u00e7aklar kim&#39; ba\u015fl\u0131kl\u0131 bir yaz\u0131 kaleme alan Ek\u015fi ise &#39;kand\u0131r\u0131ld\u0131\u011f\u0131n\u0131&#39; itiraf etti  <\/p>\n<p> Nazl\u0131 Il\u0131cak&#39;\u0131n Kanal 7&#39;de yay\u0131nlanan S\u00f6z\u00fcn \u00d6z\u00fc program\u0131nda &#39;and\u0131\u00e7&#39; konusunda H\u00fcrriyet yazar\u0131 Oktay Ek\u015fi ile Mehmet Ali Birand a\u00e7\u0131klamalarda bulunup bunlar\u0131 dile getirdi.<a name=\"_ftnref7\" href=\"#_ftn7\" title=\"_ftnref7\">[7]<\/a>  <\/p>\n<p> <strong>Nazl\u0131 Il\u0131cak&#39;\u0131n S\u0131zlan\u0131\u015f\u0131!<\/strong>  <\/p>\n<p> <strong>&quot;1997 Protokol\u00fc <\/strong> <\/p>\n<p> Gazeteci Ali Bayramo\u011flu&#39;na g\u00f6re, Emniyet Asayi\u015f Yard\u0131mla\u015fma (EMASYA) birimlerinin i\u015fleyi\u015fi ve mahiyeti <strong>7 Temmuz 1997&#39;de, \u0130\u00e7i\u015fleri Bakanl\u0131\u011f\u0131&#39;yla Genelkurmay Ba\u015fkanl\u0131\u011f\u0131 aras\u0131nda imzalanan protokol sonucu<\/strong> de\u011fi\u015ftirildi. Protokole g\u00f6re, vali, EMASYA birliklerini \u00e7a\u011f\u0131rd\u0131\u011f\u0131 andan itibaren, emir komuta askere ge\u00e7iyor. Ayr\u0131ca, kuvvet talebini yapacak bir m\u00fclk\u00ee makam\u0131n bulunmamas\u0131 halinde, EMASYA birimleri kendiliklerinden g\u00f6rev \u00fcstlenebiliyor. En vahimi, bu birimlerin s\u00fcreklilik kazanmas\u0131, personelin 24 saat g\u00f6rev ba\u015f\u0131nda olmas\u0131. 7 Temmuz 1997 protokol\u00fc, askeri, m\u00fclk\u00ee idarenin fiilen \u00e2miri durumuna getiriyor ve siviller taraf\u0131ndan denetlenemeyen bir mekanizma olu\u015fturuyor. Bu kapsamda, asker, istihbarat yapma, bilgi toplama, bu bilgileri de\u011ferlendirme imk\u00e2n\u0131na kavu\u015fuyor.  <\/p>\n<p> Yap\u0131lacak tek \u015fey var: <strong>\u0130\u00e7i\u015fleri Bakanl\u0131\u011f\u0131 ile Genelkurmay Ba\u015fkanl\u0131\u011f\u0131 aras\u0131nda imzalanan 7 Temmuz 1997 tarihli protokol\u00fc ipt\u00e2l etmek<\/strong>. Konu, \u0130ller \u0130daresi Kanunu&#39;nun 11\/D maddesine g\u00f6re d\u00fczenlenir ve m\u00fclk\u00ee \u00e2mirin, icap etti\u011fi takdirde askeri birlikleri \u00e7a\u011f\u0131rmas\u0131 kural\u0131 s\u00fcrer.  <\/p>\n<p> Aksi takdirde, demokrasiye ters d\u00fc\u015fen <strong>&quot;s\u00fcrek av\u0131&quot;<\/strong>ndan kurtulamay\u0131z.&quot;<a name=\"_ftnref8\" href=\"#_ftn8\" title=\"_ftnref8\">[8]<\/a>  <\/p>\n<p> <strong>\u0130\u015fte pis kokusu olanlar\u0131n, psikolojik korkusu!?.<\/strong>  <\/p>\n<p> <strong>Mehmet Altan&#39;\u0131n Alttan Kaz\u0131\u015f\u0131!<\/strong>  <\/p>\n<p> &quot;Sar\u0131kam\u0131\u015f facias\u0131 24 Aral\u0131k 1914&#39;de meydana geldi. 3. Ordu Komutas\u0131n\u0131 da \u00fcstlenen d\u00f6nemin Genelkurmay Ba\u015fkan\u0131 Enver Pa\u015fa hava \u015fartlar\u0131n\u0131 dikkate almadan, orduya Allahuekber Da\u011flar\u0131&#39;n\u0131 a\u015fma emri vermi\u015f, herkesin donmas\u0131na sebep olmu\u015ftu. 24 Aral\u0131k 2004 tarihinde de Sar\u0131kam\u0131\u015f&#39;ta donarak \u00f6len doksan bin askeri anmak i\u00e7in &quot;sembolik bir y\u00fcr\u00fcy\u00fc\u015f&quot; yap\u0131lacak.  <\/p>\n<p> Eylemin \u00f6nc\u00fcl\u00fc\u011f\u00fcn\u00fc yapan Prof. Dr. Bing\u00fcr S\u00f6nmez &quot;Dirayetsiz kararlar\u0131 dolay\u0131s\u0131yla bu kadar askerin donmas\u0131na yol a\u00e7an Enver Pa\u015fa&#39;n\u0131n, \u0130stanbul h\u00fck\u00fcmetine yalanlar s\u00f6yledi\u011fini, \u0130stanbul&#39;a ula\u015f\u0131r ula\u015fmaz da \u00f6nce bas\u0131na sans\u00fcr koydu\u011funu, arkas\u0131ndan da Genelkurmay&#39;daki b\u00fct\u00fcn ar\u015fivi yok etti\u011fini&quot; s\u00f6yl\u00fcyor&#8230; Ara\u015ft\u0131rmalara kaynakl\u0131k eden belge ve resimler, Rus ve Alman ar\u015fivlerinden al\u0131nm\u0131\u015f.  <\/p>\n<p> K\u0131br\u0131s&#39;ta kendi gemimizi bat\u0131rm\u0131\u015f oldu\u011fumuzu da on alt\u0131 y\u0131l sonra \u00f6\u011frenmedik mi?  <\/p>\n<p> T\u00fcrkiye&#39;de askeriye de dahil, t\u00fcm kurumlar\u0131n paras\u0131n\u0131 halk verir ama paras\u0131n\u0131 verdi\u011fi kurumlar\u0131 denetleyemez&#8230; Askeriyeyi ise hi\u00e7 denetleyemez&#8230; B\u0131rak\u0131n denetlemeyi, bir de fi\u015flenir. Fi\u015flenirken de k\u0131stas\u0131 gene asker belirler. &quot;T\u00fcrkiye K\u0131\u015flas\u0131&quot;d\u0131r buralar\u0131&#8230;  <\/p>\n<p> Asker gibi olmayan herkes &quot;potansiyel d\u00fc\u015fman&quot; say\u0131l\u0131r \u00e7\u00fcnk\u00fc&#8230; And\u0131\u00e7 rezaleti de b\u00f6yle de\u011fil miydi? Ne yap\u0131ld\u0131? Hi\u00e7bir \u015fey&#8230; Doksan bin insan\u0131m\u0131z\u0131 dondurarak \u00f6ld\u00fcrmeyi sessizce ge\u00e7i\u015ftiren gelenek mi, bunlara yapt\u0131r\u0131m getirecek? Lockheed Askeri U\u00e7ak Al\u0131m\u0131&#39;ndan Susurluk&#39;a kadar bir\u00e7ok olayda oldu\u011fu gibi bu da uyutulacak&#8230; Yoksa bu vahim skandal\u0131n hukuksal kar\u015f\u0131l\u0131\u011f\u0131, &quot;anayasal su\u00e7 i\u015fleyene&quot; verilecek cezaya tekab\u00fcl eder&#8230;&quot;<a name=\"_ftnref9\" href=\"#_ftn9\" title=\"_ftnref9\">[9]<\/a>  <\/p>\n<p> <strong>Oral \u00c7al\u0131\u015flar&#39;\u0131n Gocunmas\u0131:<\/strong>  <\/p>\n<p> <strong>\u015eu Liste Meselesi&#8230;<\/strong>  <\/p>\n<p> Bir s\u00fcredir baz\u0131 k\u00f6\u015fe yazarlar\u0131 bir listeden s\u00f6z ediyorlard\u0131. Bu liste bir gazeteciler listesiydi. Kim ya da hangi kurum taraf\u0131ndan haz\u0131rland\u0131\u011f\u0131 tam olarak belirtilmiyordu. Bu liste bir &#39;&#39;hainler&#39;&#39; listesi olarak an\u0131l\u0131yordu. Baz\u0131 k\u00f6\u015fe yazarlar\u0131 bu listenin bildi\u011fimiz &quot;fi\u015fleme&quot; mant\u0131\u011f\u0131n\u0131n bir sonucu oldu\u011funu, listede 25 ki\u015finin yer ald\u0131\u011f\u0131n\u0131 yazm\u0131\u015flard\u0131. Merak edip de hi\u00e7birine bu listede kimler var diye sormad\u0131m.  <\/p>\n<p> <strong>Emre Ak\u00f6z Sabah gazetesindeki k\u00f6\u015fesinde bu listeyi yay\u0131mlamasayd\u0131, isimlerden yine de haberim olmayacakt\u0131. Listede ad\u0131m\u0131 g\u00f6r\u00fcnce bu yaz\u0131y\u0131 yazmaya karar verdim. Emre Ak\u00f6z&#39;\u00fcn aktard\u0131\u011f\u0131na g\u00f6re 25 ki\u015filik gazeteci listesi, listeyi yapanlar taraf\u0131ndan \u015f\u00f6yle tan\u0131mlan\u0131yordu: &#39;&#39;Atat\u00fcrk ve TSK d\u00fc\u015fman\u0131, \u0130kinci Cumhuriyet\u00e7i, Manda Cephesi.&#39;&#39;<a name=\"_ftnref10\" href=\"#_ftn10\" title=\"_ftnref10\"><strong>[10]<\/strong><\/a><\/strong>  <\/p>\n<p> <strong>Ve &quot;Ak\u015fam&quot;\u0131n Karanl\u0131k Yakla\u015f\u0131m\u0131:<\/strong>  <\/p>\n<p> <strong>Devlet Kaosa Haz\u0131r<\/strong>  <\/p>\n<p> AK\u015eAM&#39;\u0131n ara\u015ft\u0131rmas\u0131, devletin, muhtemel &#39;kaos&#39;a haz\u0131rl\u0131\u011f\u0131n\u0131 y\u0131llar \u00f6ncesinden yapt\u0131\u011f\u0131n\u0131 ortaya \u00e7\u0131kard\u0131. Muhtemel i\u00e7 kar\u0131\u015f\u0131kl\u0131klara kar\u015f\u0131 her ilde asker ile polisin ortak eylem planlar\u0131 var. (Emniyet &#8211; Asker Yard\u0131mla\u015fma Plan\u0131 (EMASYA) ad\u0131 verilen bu \u00f6nlemler, belli aral\u0131klarla g\u00fcncelleniyor. EMASYA, ge\u00e7en g\u00fcnlerde \u0130\u00e7i\u015fleri Bakanl\u0131\u011f\u0131&#39;n\u0131n 81 ilin valisine g\u00f6nderdi\u011fi genelgeyle yenilendi.  <\/p>\n<p> <strong>G\u00fcncelleniyor<\/strong>  <\/p>\n<p> De\u011fi\u015fen co\u011frafi ve fiziki \u015fartlara kar\u015f\u0131 g\u00fcncellenen planlar kapsam\u0131nda, yo\u011fun g\u00f6\u00e7 alan ve buna ba\u011fl\u0131 olarak i\u015fsizlik, gecekondula\u015fma gibi sosyo ekonamik sorunlar\u0131n artt\u0131\u011f\u0131 metropol ve illerde ya\u015fanabilecek ola\u011fan\u00fcst\u00fc bir duruma kar\u015f\u0131 nas\u0131l m\u00fcdahale edece\u011finin kay\u0131tlar\u0131 tutuluyor.  <\/p>\n<p> <strong>An\u0131nda m\u00fcdahale<\/strong>  <\/p>\n<p> <strong>Haz\u0131rlanan plana g\u00f6re ola\u011fand\u0131\u015f\u0131 geli\u015fen bir ortamda, olaylara an\u0131nda m\u00fcdahale edebilmek i\u00e7in valilik b\u00fcnyesinde acilen kriz merkezi kurulacak. Ard\u0131ndan halk\u0131n yo\u011fun bulundu\u011fu yerlere takviye kuvvetler konu\u015fland\u0131r\u0131lacak. Sivil savunma ekipleri ve t\u00fcm g\u00fcvenlik birimler haz\u0131r k\u0131ta bekleyecek. Gerekli g\u00f6r\u00fcl\u00fcrse s\u0131k\u0131y\u00f6netim veya soka\u011fa \u00e7\u0131kma yasa\u011f\u0131 ilan edilebilecek.<\/strong>  <\/p>\n<p> <strong>Herhangi bir toplumsal olayda polisin ve askerin, nerede, nas\u0131l, ka\u00e7 ki\u015fiyle konu\u015flan\u0131p, hangi kriterler do\u011frultusunda ve kimlerin emriyle harekete ge\u00e7ip, ne \u00f6l\u00e7\u00fcde m\u00fcdahale edece\u011finin, hangi silah\u0131n hangi a\u015famada kullanaca\u011f\u0131n\u0131n ayr\u0131nt\u0131lar\u0131, illere g\u00f6re EMASYA Plan\u0131&#39;nda yer al\u0131yor. EMASYA Plan\u0131&#39;na g\u00f6re al\u0131nacak \u00f6nlemlerden baz\u0131lar\u0131 \u015f\u00f6yle: &#39;Kar\u015f\u0131 g\u00fcc\u00fcn imkan ve kabiliyet tesirleri g\u00f6zlenecek, k\u00f6pr\u00fcler korunacak, devlet binalar\u0131 g\u00fcvenlik alt\u0131na al\u0131nacak, yabanc\u0131 temsilcilikler korunacak, \u0130tfaiye haz\u0131r k\u0131ta bekleyecek, dini liderler korunacak, b\u00fcy\u00fck al\u0131\u015fveri\u015f merkezleri korunacak, i\u00e7me suyu ar\u0131tma tesisleri kontrol alt\u0131na al\u0131nacak, Akarsu g\u00f6ller ve barajlar kontrol alt\u0131na al\u0131nacak.&#39;<a name=\"_ftnref11\" href=\"#_ftn11\" title=\"_ftnref11\"><strong>[11]<\/strong><\/a><\/strong>  <\/p>\n<p> <\/p>\n<hr \/>\n<p> <a name=\"_ftn1\" href=\"#_ftnref1\" title=\"_ftn1\">[1]<\/a> Ahmet \u00dcnal \/ Aksiyon \/ 10.01.1998  <\/p>\n<p> <a name=\"_ftn2\" href=\"#_ftnref2\" title=\"_ftn2\">[2]<\/a> Ali Sali \/ Yeni \u015eafak \/ 09.05.2006  <\/p>\n<p> <a name=\"_ftn3\" href=\"#_ftnref3\" title=\"_ftn3\">[3]<\/a> Radikal \/ 01.04.2006  <\/p>\n<p> <a name=\"_ftn4\" href=\"#_ftnref4\" title=\"_ftn4\">[4]<\/a> Haber Vitrini \/ 06.06.2004  <\/p>\n<p> <a name=\"_ftn5\" href=\"#_ftnref5\" title=\"_ftn5\">[5]<\/a> Ali Bayramo\u011flu \/ Yeni \u015eafak \/ 05.04.2006  <\/p>\n<p> <a name=\"_ftn6\" href=\"#_ftnref6\" title=\"_ftn6\">[6]<\/a> Evin G\u00f6kta\u015f \/ Yeni \u015eafak \/ 08.07.2004  <\/p>\n<p> <a name=\"_ftn7\" href=\"#_ftnref7\" title=\"_ftn7\">[7]<\/a> Yeni \u015eafak \/ 12.05.2006  <\/p>\n<p> <a name=\"_ftn8\" href=\"#_ftnref8\" title=\"_ftn8\">[8]<\/a> Nazl\u0131 Il\u0131cak \/ Terc\u00fcman Gazetesi \/ 14.04.2004  <\/p>\n<p> <a name=\"_ftn9\" href=\"#_ftnref9\" title=\"_ftn9\">[9]<\/a> Mehmet Altan \/ Gazetem.net \/ 19.03.2004  <\/p>\n<p> <a name=\"_ftn10\" href=\"#_ftnref10\" title=\"_ftn10\">[10]<\/a> Oral \u00c7al\u0131\u015flar \/ Cumhuriyet \/ 15.04.2004  <\/p>\n<p> <a name=\"_ftn11\" href=\"#_ftnref11\" title=\"_ftn11\">[11]<\/a> Devrim Tosuno\u011flu \/ Ak\u015fam \/ 14\/04\/2005  <\/p>\n","protected":false},"excerpt":{"rendered":"<p>\u00a0  <\/p>\n<p> <strong><em>Baz\u0131 \u0130stihbarat kurumlar\u0131n CIA ve Mossad&#39;\u0131n gizli g\u00fcd\u00fcm\u00fcne girmesi; Amerikanc\u0131 Hoca tak\u0131m\u0131n\u0131n stratejik konumlar\u0131 i\u015fgal etmesi ve baz\u0131 sivil g\u00fcvenlik organlar\u0131n\u0131n masonik mahfillerin manyetik alan\u0131na kay\u0131vermesi; hakl\u0131 olarak Milli Devleti endi\u015felendirmi\u015f; yeni ve yeterli tedbirler almaya y\u00f6neltmi\u015ftir.<\/em><\/strong>  <\/p>\n<p> <strong><em>\u0130\u015fte Jandarman\u0131n, daha etkili, daha yetkili ve daha geni\u015f \u00e7er\u00e7eveli; takip ve tesbit i\u015flevi ger\u00e7ekle\u015ftirebilmesine imkan tan\u0131yan ve \u00e7ok verimli sonu\u00e7lar\u0131 al\u0131nan EMASYA (Emniyet-Asayi\u015f-Yard\u0131m) proje ve organizesi, bu hayati ihtiyac\u0131n bir neticesidir.<\/em><\/strong>  <\/p>\n<p> <strong><em>Amma vel\u00e2kin, \u0131\u015f\u0131ktan korkan yarasalar\u0131n, \u00e7ete ba\u011flant\u0131l\u0131 soyguncular\u0131n, gizli saltanatlar\u0131 sars\u0131lan masoncuklar\u0131n ve din istismar\u0131 zorla\u015fan m\u00fcnaf\u0131klar\u0131n hezeyanlar\u0131 ve h\u00fccumlar\u0131, kendilerini ele vermektedir. Ve tabi b\u00fct\u00fcn bu geli\u015fmeler: Kirli derin devletle, Milli derin devletin k\u0131yas\u0131ya m\u00fccadelesinin de bir g\u00f6stergesidir. Daha do\u011frusu bu; devletin, i\u00e7ten i\u015fgalci ve i\u015fbirlik\u00e7i &quot;kene&quot;leri, b\u00fcnyeye zarar vermeden, yap\u0131\u015ft\u0131klar\u0131 organlardan s\u00f6kme ve etkisizle\u015ftirme s\u00fcrecidir. Demokrasi davuluyla, insan haklar\u0131 zurnas\u0131yla bir avu\u00e7 suda kopar\u0131lan f\u0131rt\u0131nalar, kulak h\u0131rpalyan feryatlar, asl\u0131nda kenelerin art\u0131k kenefe d\u00f6k\u00fclme endi\u015fesidir.<\/em><\/strong>  <\/p>\n<p> <strong><em>Baz\u0131 safdil toplum kesimlerinin tedirginli\u011fi ise, sadece, olaylar\u0131n perde arkas\u0131n\u0131 bilmemelerinin ve dolduru\u015fa getirilmelerinin bir eseridir.<\/em><\/strong>  <\/p>\n","protected":false},"author":9,"featured_media":0,"comment_status":"open","ping_status":"closed","sticky":false,"template":"","format":"standard","meta":{"footnotes":""},"categories":[32],"tags":[],"class_list":["post-107","post","type-post","status-publish","format-standard","hentry","category-agustos-2006"],"_links":{"self":[{"href":"https:\/\/www.millicozum.com\/mc\/wp-json\/wp\/v2\/posts\/107","targetHints":{"allow":["GET"]}}],"collection":[{"href":"https:\/\/www.millicozum.com\/mc\/wp-json\/wp\/v2\/posts"}],"about":[{"href":"https:\/\/www.millicozum.com\/mc\/wp-json\/wp\/v2\/types\/post"}],"author":[{"embeddable":true,"href":"https:\/\/www.millicozum.com\/mc\/wp-json\/wp\/v2\/users\/9"}],"replies":[{"embeddable":true,"href":"https:\/\/www.millicozum.com\/mc\/wp-json\/wp\/v2\/comments?post=107"}],"version-history":[{"count":0,"href":"https:\/\/www.millicozum.com\/mc\/wp-json\/wp\/v2\/posts\/107\/revisions"}],"wp:attachment":[{"href":"https:\/\/www.millicozum.com\/mc\/wp-json\/wp\/v2\/media?parent=107"}],"wp:term":[{"taxonomy":"category","embeddable":true,"href":"https:\/\/www.millicozum.com\/mc\/wp-json\/wp\/v2\/categories?post=107"},{"taxonomy":"post_tag","embeddable":true,"href":"https:\/\/www.millicozum.com\/mc\/wp-json\/wp\/v2\/tags?post=107"}],"curies":[{"name":"wp","href":"https:\/\/api.w.org\/{rel}","templated":true}]}}