{"id":108,"date":"2006-11-21T15:13:22","date_gmt":"2006-11-21T15:13:22","guid":{"rendered":"https:\/\/www.millicozum.com\/mc\/2006\/11\/21\/kibris-kaniyor\/"},"modified":"2006-11-21T15:13:22","modified_gmt":"2006-11-21T15:13:22","slug":"kibris-icin-icin-kaniyor","status":"publish","type":"post","link":"https:\/\/www.millicozum.com\/mc\/2006\/agustos-2006\/kibris-icin-icin-kaniyor\/","title":{"rendered":"KIBRIS, \u0130\u00c7\u0130N \u0130\u00c7\u0130N KANIYOR!"},"content":{"rendered":"<p>\u00a0  <\/p>\n<p> <strong><em>K\u0131br\u0131s Yeni Parti Genel Ba\u015fkan\u0131 Nuri \u00c7evikel:<\/em><\/strong>  <\/p>\n<p> <strong><em>&quot;K\u0131br\u0131s sorunu, Yeniden B\u00fcy\u00fck T\u00fcrkiye olma sorunudur&quot; <\/em><\/strong> <\/p>\n<p> <strong><em>K\u0131br\u0131s Yeni Parti Genel Ba\u015fkan\u0131 Nuri \u00c7evikel, K\u0131br\u0131s sorununun \u00e7\u00f6z\u00fcm\u00fcn\u00fcn ancak T\u00fcrkiye&#39;nin belirleyece\u011fi politikalar sonucu \u00e7\u00f6z\u00fclece\u011finin alt\u0131n\u0131 \u00e7izerek, &quot;\u00c7\u00f6z\u00fcm temelde T\u00fcrkiye&#39;nin \u00e7izece\u011fi Yeniden B\u00fcy\u00fck T\u00fcrkiye mi, yoksa bu \u015fekilde g\u00fcn\u00fc birlik politikalarla m\u0131 devam edilecek sorunudur. T\u00fcrkiye&#39;nin Osmanl\u0131 devletinin miras\u00e7\u0131s\u0131 bir d\u00fcnya g\u00fcc\u00fc olarak hareket etmesi gerekir. AB&#39;nin kap\u0131s\u0131nda bekleyerek hi\u00e7bir sorun \u00e7\u00f6z\u00fclmez, nitekim son d\u00f6nmede bunu K\u0131br\u0131sl\u0131 olarak g\u00f6rd\u00fck. T\u00fcrkiye&#39;yi kendilerine ba\u011fl\u0131 b\u0131rakarak kendi sorunlar\u0131n\u0131 \u00e7\u00f6z\u00fcyor, bizim hi\u00e7bir sorumunuz \u00e7\u00f6z\u00fclm\u00fcyor&quot; diyerek ger\u00e7e\u011fi ortaya koydu.<\/em><\/strong>  <\/p>\n<p> <strong><em>Ayn\u0131 zamanlarda, K\u0131br\u0131s \u0130kinci Cumhurba\u015fkan\u0131 adaylar\u0131ndan Dr. Nuri \u00c7evikel: &quot;Adadaki kaos ortam\u0131na son vermek \u00fczere T\u00fcrkiye m\u00fcdahale karar\u0131 alm\u0131\u015f adaya m\u00fcdahale etmi\u015ftir. Bat\u0131 bunu kendine kar\u015f\u0131 yap\u0131lan bir harekat olarak g\u00f6rm\u00fc\u015ft\u00fcr. \u00c7\u00fcnk\u00fc, Viyana ku\u015fatmas\u0131ndan bug\u00fcne ilk defa toprak kazan\u0131m\u0131 \u015feklinde de\u011ferlendirilebilecek bir davran\u0131\u015f ortaya konmu\u015ftur&quot; \u015feklinde konu\u015ftu.<\/em><\/strong>  <\/p>\n<p> <strong><em>K\u0131br\u0131s konusunda en \u00f6nemli g\u00f6r\u00fc\u015fmelerin 2002&#39;de ba\u015flanan Annan Plan\u0131 oldu\u011funu s\u00f6yleyen Nuri \u00c7evikel, &quot;Annan Plan\u0131 ile halk\u0131n, sanki AB herkes para verecek gibi d\u00fc\u015f\u00fcnd\u00fcr\u00fcl\u00fcp oyuna getirilmek istendi\u011fini&quot; belirtti. Referandumda evet oylar\u0131n\u0131n \u00e7o\u011funluk \u00e7\u0131kmas\u0131n\u0131n arkas\u0131ndaki nedenin T\u00fcrkiye Ba\u015fbakan\u0131n\u0131n 2003&#39;de iktidara gelince K\u0131br\u0131s konusunda politika de\u011fi\u015ftirmesinin yatt\u0131\u011f\u0131n\u0131 belirten \u00c7evikel, &quot;En az d\u00f6rt kere de\u011fi\u015ftirilmi\u015f Annan Plan\u0131&#39;n\u0131 masaya getirdiler. T\u00fcrkiye taraf\u0131 evet, Rum taraf\u0131 y\u00fczde 74 oran\u0131nda hay\u0131r dedi. Rumlar bilmeyerek hay\u0131r oyu vererek, oyunu bozmu\u015ftur. AB duruma \u00e7ok k\u0131zd\u0131. Rumlar AB&#39;ye biz aday\u0131 hemen almay\u0131 d\u00fc\u015f\u00fcn\u00fcyoruz. Zamana ihtiyac\u0131m\u0131z yok denildi. T\u00fcrklere ise &#8216;siz d\u00fcnyaya a\u00e7\u0131lacaks\u0131n\u0131z. Bask\u0131lar kalkacak AB&#39;ye \u00fcye olacaks\u0131n\u0131z, haklar\u0131n\u0131z geri verilecek&#39; denilmi\u015ftir. Ondan sonra k\u0131sa s\u00fcrede g\u00f6r\u00fcld\u00fc ki bunlar havada kalm\u0131\u015ft\u0131r. AB, anla\u015fmalara ra\u011fmen Rum kesimini \u00fcye olarak alm\u0131\u015ft\u0131r. Cumhurba\u015fkan\u0131 Talat bu plana en \u00e7ok destek verendi, ama \u015fimdi durum de\u011fi\u015fti. Art\u0131k en fazla tepkiyi kendisi g\u00f6stermeye ba\u015flad\u0131&quot; de\u011ferlendirmesinde bulundu.<\/em><\/strong>  <\/p>\n<p>  \u00a0  <\/p>\n<p> <strong>Top T\u00fcrkiye&#39;de<\/strong>  <\/p>\n<p> T\u00fcrkiye Ankara Anla\u015fmas\u0131&#39;n\u0131n ek protokol\u00fcn\u00fc imzalarsa durumun daha vahim bir hal alaca\u011f\u0131n\u0131 ifade eden \u00c7evikel, &quot;AB, Yunanistan ve Rumlara bir \u015fey diyemeyince T\u00fcrkiye ve T\u00fcrk taraf\u0131na bask\u0131 uyguluyor. Bu anla\u015fma ile T\u00fcrkiye s\u0131k\u0131\u015fm\u0131\u015ft\u0131r, e\u011fer bu AB&#39;ye yeni \u00fcye olacak on \u00fclkeyi kabul edersen kabul edersen bunlardan biri de K\u0131br\u0131s Rum kesimidir. Rum taraf\u0131n\u0131 tan\u0131m\u0131\u015f olacaks\u0131n. Ayr\u0131ca ek protokol\u00fc getirip K\u0131br\u0131s adas\u0131na kabul ettirmek istiyorlar. T\u00fcrkiye adadaki haklar\u0131n\u0131 kaybedecektir. Ada, K\u0131br\u0131s Cumhuriyeti olarak AB&#39;ye al\u0131nd\u0131\u011f\u0131ndan T\u00fcrk taraf\u0131na da \u00f6zel durum atfedilmi\u015ftir. \u00c7\u00f6z\u00fcm yanl\u0131lar\u0131n\u0131n halklar\u0131 karde\u015fli\u011fi tezleri \u00e7\u00fcr\u00fcmeye ba\u015flad\u0131. Papadopulos EOKA ba\u015fkan yard\u0131mc\u0131l\u0131\u011f\u0131 yapm\u0131\u015f biri olarak bunlar\u0131n s\u00f6zlerine nas\u0131l g\u00fcvendiler anlamad\u0131m&quot; dedi. \u00c7evikel, &quot;T\u00fcrkiye de \u015fok halinde. 2002&#39;deki heyecan bitmi\u015ftir. Art\u0131k Rumlar\u0131n ne oldu\u011funu anlad\u0131lar. Bizimkiler Rum taraf\u0131na gidiyor ve gelince dayak yemi\u015fler, hor g\u00f6r\u00fclm\u00fc\u015fler. Ne oldu\u011funu yeni anlad\u0131lar. Rum&#39;un mezalimin bilmeyenler evet demi\u015fti, \u015fimdi onlar da tecr\u00fcbe edindiler&quot; de\u011ferlendirmesinde bulundu.  <\/p>\n<p> <strong>Herkes Taksimden yana<\/strong>  <\/p>\n<p> <strong>B\u00fct\u00fcn kesimlerin &#8216;Taksim Plan\u0131&#39;n\u0131n uygulanmas\u0131ndan yana tav\u0131r tak\u0131nd\u0131\u011f\u0131n\u0131 belirten \u00c7evikel, &quot;Top art\u0131k T\u00fcrkiye de, alacaksa da T\u00fcrkiye alacak, satacaksa da T\u00fcrkiye satacak. Bu tarihi karar\u0131 T\u00fcrkiye verecek. AB insan haklar\u0131 mahkemesinde Rumlar\u0131n tazminat haklar\u0131 verilecek. K\u0131br\u0131s taraf\u0131 bir komisyon olu\u015fturdu. Rumlar ak\u0131n ak\u0131n gelip haklar\u0131n\u0131 ve tapular\u0131n yan\u0131 s\u0131ra 30 y\u0131ll\u0131k tazminatlar\u0131n\u0131 da istiyorlar. Adadaki Ulusal Birlik Partisi bu yasan\u0131n iptali i\u00e7in Anayasa Mahkemesi&#39;ne dava a\u00e7t\u0131. Ama T\u00fcrkiye H\u00fck\u00fcmeti Ba\u015fbakan\u0131 telefonla arayarak bu davan\u0131zdan vazge\u00e7in diyor. K\u0131br\u0131s konusunda art\u0131k herkes T\u00fcrkiye&#39;ye bak\u0131yor. \u00c7\u00fcnk\u00fc T\u00fcrkiye&#39;nin alaca\u011f\u0131 tav\u0131r, bundan sonraki s\u00fcreci etkileyecek en \u00f6nemli unsur. Tabi burada Yunanl\u0131lar ve Rumlar, T\u00fcrkiye&#39;nin AB&#39;ye \u00fcyeli\u011fine tam destek oluyorlar. \u00c7\u00fcnk\u00fc AB \u00e7at\u0131s\u0131 alt\u0131nda daha rahat istediklerini alacaklar&quot; dedi. <\/strong> <\/p>\n<p> <strong>ABD K\u0131br\u0131s&#39;da \u00e7\u00f6z\u00fcms\u00fczl\u00fck istiyor<\/strong>  <\/p>\n<p> ABD&#39;nin K\u0131br\u0131s konusunda tak\u0131nd\u0131\u011f\u0131 tavr\u0131n \u00e7\u00f6z\u00fcms\u00fczl\u00fck getirdi\u011fini ifade eden \u00c7evikel, &quot;\u015eu halde b\u00f6l\u00fcnm\u00fc\u015f bir K\u0131br\u0131s ABD i\u00e7in stratejilerini \u00f6nemli \u00f6l\u00e7\u00fcde etkiliyor. Bu durum ABD&#39;nin lehine bir durum. B\u00fct\u00fcnle\u015fmi\u015f bir K\u0131br\u0131s kendi i\u015flerine gelmez. Ayr\u0131ca \u0130srail i\u00e7inde \u00f6nemli bir konu. \u015eimdi \u0130srailli t\u00fcccarlar K\u0131br\u0131s&#39;da toprak sat\u0131n almaktad\u0131rlar. Bir yerine on vererek topraklar\u0131m\u0131z\u0131 al\u0131yorlar. ABD&#39;nin Karpaz b\u00f6lgesinde \u00fcs kurma \u00e7al\u0131\u015fmalar\u0131 var. \u00c7\u00fcnk\u00fc K\u0131br\u0131s&#39;\u0131n konumunun bulundu\u011fu stratejik nokta \u0130srail&#39;in g\u00fcvenli\u011fi i\u00e7in \u00e7ok \u00f6nemlidir&quot; diye konu\u015ftu.  <\/p>\n<p> <strong>Bat\u0131, samimiyetten yoksun&quot;<\/strong>  <\/p>\n<p> <strong>Rum kesiminde yap\u0131lan anketlerin sonu\u00e7lar\u0131 da bu fikrinizi do\u011fruluyor&#8230; <\/strong> <\/p>\n<p> Evet, anketlerin sonu\u00e7lar\u0131na g\u00f6re; Rum gen\u00e7lerinin y\u00fczde 86&#39;s\u0131 T\u00fcrklerle ya\u015famak istemiyor. Referandumda \u00e7\u0131kan oran da y\u00fczde 76 dolay\u0131ndayd\u0131. Di\u011fer ba\u015fka ara\u015ft\u0131rmalar da, Rum halk\u0131n\u0131n yar\u0131s\u0131ndan fazlas\u0131n\u0131n, T\u00fcrklerle birlikte ya\u015famak istemedi\u011fi sonucunu ortaya koydu. Rum kesiminde, iki devletli bir yap\u0131 istendi\u011fi ortaya \u00e7\u0131km\u0131\u015fken, AB&#39;nin \u0131srarla K\u0131br\u0131s&#39;\u0131 birle\u015ftirme iste\u011fini anlamak m\u00fcmk\u00fcn de\u011fil. S\u0131rbistan-Karada\u011f&#39;da g\u00f6rd\u00fc\u011f\u00fcm\u00fcz gibi, hatta Do\u011fu Timor&#39;daki ya\u015fananlar gibi, H\u0131ristiyanlar\u0131n ya\u015fad\u0131\u011f\u0131 yerlerde b\u00f6l\u00fcnmeler te\u015fvik ediliyor. AB&#39;nin, s\u00fcrekli, &quot;Sizi ay\u0131ral\u0131m; ayr\u0131 devletler halinde bize kat\u0131l\u0131n,&quot; diyerek sorunlar\u0131 kolayl\u0131kla \u00e7\u00f6zerken, K\u0131br\u0131s&#39;ta, dini, dili, k\u00fclt\u00fcr\u00fc farkl\u0131 olan iki ayr\u0131 milleti birle\u015ftirmeye, daha do\u011frusu, K\u0131br\u0131s T\u00fcrk halk\u0131n\u0131 Rumlar\u0131n i\u00e7inde bir az\u0131nl\u0131k haline getirmeye \u00e7al\u0131\u015fmas\u0131 k\u00f6t\u00fc niyetlerini a\u00e7\u0131k\u00e7a ortaya koyuyor. Tarihte ya\u015fanan b\u00fct\u00fcn planlar aynen devam etmektedir. Burada bir samimiyet olmad\u0131\u011f\u0131 a\u00e7\u0131k\u00e7a g\u00f6r\u00fcl\u00fcyor. Samimiyetleri olsayd\u0131, S\u0131rbistan ile Karada\u011f&#39;\u0131 ay\u0131rmaya \u00e7al\u0131\u015fmazlard\u0131.  <\/p>\n<table border=\"0\" cellspacing=\"0\" cellpadding=\"0\" width=\"100%\">\n<tbody>\n<tr>\n<td>\n<p> \t\t\t<strong><em>&quot;Talat ve Soyer hayal k\u0131r\u0131kl\u0131\u011f\u0131 ya\u015f\u0131yor&quot;<\/em><\/strong>  \t\t\t<\/p>\n<p> \t\t\t<strong><em>KKTC&#39;deki yeni h\u00fck\u00fcmet de geli\u015fmelerden pek memnun g\u00f6r\u00fcnm\u00fcyor&#8230;<\/em><\/strong>  \t\t\t<\/p>\n<p> \t\t\t<strong><em>Ben Mehmet Ali Talat&#39;\u0131n partisinden milletvekili se\u00e7ildim. Ama k\u0131sa s\u00fcrede istifa ettim. Halk\u0131 ve bizleri kand\u0131rd\u0131klar\u0131n\u0131 anlad\u0131m. De\u011fi\u015ftim deyip durdular, me\u011ferse b\u00fct\u00fcn bunlar oy toplamak i\u00e7inmi\u015f. Daha iyi bir h\u00fck\u00fcmet kurmak i\u00e7in se\u00e7im ittifak\u0131 yapt\u0131\u011f\u0131m\u0131z Mehmet Ali Talat ile \u015fu andaki Ba\u015fbakan Sami Soyer&#39;in durumunu &#8216;\u015fok&#39; olarak niteleyebiliriz. Duvara toslam\u0131\u015f bir haldeler. Ne diyeceklerini, nas\u0131l bir a\u00e7\u0131klama yapacaklar\u0131n\u0131 bilemez bir durumdalar. Yapt\u0131klar\u0131 son a\u00e7\u0131klamalarda, i\u00e7inde bulunduklar\u0131 zor durumun fark\u0131nda olduklar\u0131n\u0131 belli ediyorlar. Eskiden bu ikili, Denkta\u015f&#39;\u0131, Rumlara sata\u015f\u0131yor diye ele\u015ftiriyorlard\u0131, ama \u015fimdi kendileri Denkta\u015f&#39;tan daha ileri gidiyorlar; s\u00fcrekli Rumlara sata\u015f\u0131yorlar. \u00c7\u00fcnk\u00fc b\u00fct\u00fcn hayalleri suya d\u00fc\u015ft\u00fc. B\u00fct\u00fcn bunlar\u0131 a\u00e7\u0131klamalar\u0131nda, tutum ve davran\u0131\u015flar\u0131nda rahat\u00e7a g\u00f6rmek m\u00fcmk\u00fcn. Halka yapacaklar\u0131 hi\u00e7bir a\u00e7\u0131klama yok. Halk, bu h\u00fck\u00fcmetin s\u00f6ylemini hi\u00e7 de ho\u015f kar\u015f\u0131lam\u0131yor; insanlar\u0131 siyasetten so\u011futtular.. <\/em><\/strong> \t\t\t<\/p>\n<p> \t\t\t<strong><em>25 Haziran&#39;da belediye se\u00e7imleri var ve binlerce insan\u0131n oy kullanmayaca\u011f\u0131 s\u00f6yleniyor. \u0130nsanlar art\u0131k oy kullanman\u0131n hi\u00e7bir faydas\u0131 olmad\u0131\u011f\u0131n\u0131 d\u00fc\u015f\u00fcn\u00fcyor. &quot;Kimi getirsek ba\u015fa, bar\u0131\u015f, AB \u00fcyeli\u011fi gibi konulara \u00e7\u00f6z\u00fcm bulunam\u0131yor,&quot; g\u00f6r\u00fc\u015f\u00fcnde. \u0130nsanlar, K\u0131br\u0131s sorununu \u00e7\u00f6zecek mercinin T\u00fcrkiye Cumhuriyeti oldu\u011fu inanc\u0131nda. Ayr\u0131ca muhalif kesimde \u015f\u00f6yle bir s\u00f6ylem var: &quot;Biz size s\u00f6ylemi\u015ftik. Hi\u00e7bir \u015fey farkl\u0131 olmayacak.&quot; Ana muhalefet partileri \u015fu anda politikan\u0131n de\u011fi\u015ftirilmesi gerekti\u011fini s\u00f6yl\u00fcyor. Biz bunu \u00e7ok daha \u00f6nce, 2005&#39;teki milletvekili se\u00e7imlerinde dile getirmi\u015ftik. Referandumdan sonra politikam\u0131z\u0131n de\u011fi\u015fmesi gerekti\u011fini, g\u00fcn\u00fcbirlik politikalarla bir yere var\u0131lamayaca\u011f\u0131n\u0131 s\u00f6ylemi\u015ftik. Bug\u00fcn her \u015fey ortaya \u00e7\u0131kt\u0131. Rumlara devaml\u0131 surette bir \u015fey vererek bir yere ula\u015famayaca\u011f\u0131m\u0131z anla\u015f\u0131ld\u0131.<\/em><\/strong>  \t\t\t<\/p>\n<\/td>\n<\/tr>\n<\/tbody>\n<\/table>\n<p> \u00a0  <\/p>\n<p> T\u00fcrkiye&#39;nin, asl\u0131nda KKTC&#39;nin tan\u0131nmas\u0131n\u0131 istemedi\u011fi y\u00f6n\u00fcnde iddialar var. Bu iddialar do\u011fru mu?  <\/p>\n<p> Tabii ki her zaman farkl\u0131 g\u00f6r\u00fc\u015fler mevcuttur. Bence bu konuda ne kadar \u00e7al\u0131\u015f\u0131l\u0131p \u00e7al\u0131\u015f\u0131lmad\u0131\u011f\u0131na bakmak gerekir. T\u00fcrkiye ger\u00e7ekten sahip oldu\u011fu konumu ve g\u00fcc\u00fcn\u00fc kullanarak, K\u0131br\u0131s&#39;\u0131n tan\u0131nmas\u0131 i\u00e7in \u0130slam \u00fclkeleri T\u00fcrki cumhuriyetler i\u00e7inde yeterince \u00e7al\u0131\u015fma yapm\u0131\u015f m\u0131d\u0131r? Bu bir soru i\u015fareti. Devletleraras\u0131nda resmi olarak ciddi bir \u00e7al\u0131\u015fma olmad\u0131\u011f\u0131 g\u00f6r\u00fcl\u00fcyor.<a name=\"_ftnref1\" href=\"#_ftn1\" title=\"_ftnref1\">[1]<\/a>  <\/p>\n<p> \u00a0<strong>Ayn\u0131 tiyatro, ama kazanan hep Rumlar oluyor!<\/strong>  <\/p>\n<p> \u00a0Bu yaz\u0131 yaz\u0131l\u0131rken AB tiyatrosunun ilk haberleri geliyordu. Her zaman oldu\u011fu gibi yine bir kriz havas\u0131, gergin ge\u00e7en saatler ve hatta g\u00fcnler ama sonunda \u00e7\u00f6z\u00fclen d\u00fc\u011f\u00fcm.(!) D\u00fc\u011f\u00fcm m\u00fc \u00e7\u00f6z\u00fcl\u00fcyor yoksa T\u00fcrkiye&#39;yi mi \u00e7\u00f6z\u00fcyorlar, bunu siz gayet iyi biliyorsunuz. G\u00f6r\u00fcnen o ki, ortada bir salam politikas\u0131 var ve ad\u0131m ad\u0131m uygulan\u0131yor.  <\/p>\n<p> Bu krizlerde akt\u00f6rler de\u011fi\u015fiyor. 3 Ekim&#39;de Avusturya \u00f6ne \u00e7\u0131km\u0131\u015ft\u0131. Viyana h\u00fck\u00fcmeti T\u00fcrkiye konusunda hazmetme kriterlerini dinamik bir kriter haline getirdikten sonra belgenin nihai \u015fekline onay vermi\u015fti. Ortalama d\u00fczeyde AB yanl\u0131s\u0131 olan herhangi bir h\u00fck\u00fcmetin reddetmesi gereken 3 Ekim M\u00fczakere Belgesi bir d\u00fcnya \u015fartla doluydu ve T\u00fcrkiye&#39;nin AB&#39;ye nas\u0131l \u00fcye yap\u0131laca\u011f\u0131n\u0131 de\u011fil; adeta nas\u0131l \u00fcye yap\u0131lmayaca\u011f\u0131n\u0131 izah eder gibiydi.  <\/p>\n<p> Bu defa da Rumlar sorun olmu\u015f g\u00f6r\u00fcn\u00fcyorlar. Sanki di\u011fer \u00fclkelerin hepsi T\u00fcrkiye&#39;nin \u00fcyeli\u011fi i\u00e7in can at\u0131yorlarm\u0131\u015f da, sadece Rumlar\u0131n ikna edilmesi laz\u0131mm\u0131\u015f gibi bir hava olu\u015fturmaya \u00e7al\u0131\u015fan m\u00fczakere\/m\u00fctareke bas\u0131n\u0131 her zamanki gibi yine devrede. Bu sat\u0131rlar yaz\u0131l\u0131rken AB taraf\u0131ndan sorunun \u00e7\u00f6z\u00fcld\u00fc\u011f\u00fcne ve Abdullah G\u00fcl&#39;\u00fcn bir saat i\u00e7inde L\u00fcksemburg&#39;a hareket edece\u011fine dair haberler geliyordu. Ancak dakikalar sonra gelen haberlerde Ankara&#39;n\u0131n \u00f6nerileri inclemeye ald\u0131\u011f\u0131 ve hen\u00fcz karar verilmedi\u011fi y\u00f6n\u00fcnde bilgiler gazetelerin internet sitelerini doldurmaya ba\u015flam\u0131\u015ft\u0131.  <\/p>\n<table border=\"0\" cellspacing=\"0\" cellpadding=\"0\" width=\"100%\">\n<tbody>\n<tr>\n<td>\n<p> \t\t\t<strong><em>Muhtemelen Abdullah G\u00fcl sonu\u00e7ta gidecek ve \u00f6n\u00fcne konulan b\u00fct\u00fcn \u015fartlar\u0131 da kabul edecektir. Bunun aksine bir durum beni memnun eder ama ayn\u0131 zamanda da olduk\u00e7a \u015fa\u015f\u0131rt\u0131c\u0131 olur. Burada esas mesele gidip gitmemek de\u011fil hangi \u015fartlarda nereye gitti\u011fimizin anla\u015f\u0131lmas\u0131d\u0131r. <\/em><\/strong> \t\t\t<\/p>\n<p> \t\t\t<strong><em>Rumlar\u0131n bilim-ara\u015ft\u0131rma fasl\u0131nda fiili m\u00fczakerelerin ba\u015flat\u0131lmas\u0131 i\u00e7in ortaya koyduklar\u0131 \u015fartlar belliydi. T\u00fcrkiye limanlar\u0131n\u0131 ve havaalanlar\u0131n\u0131 Rum gemi ve u\u00e7aklar\u0131na derhal a\u00e7mal\u0131, Ek Protokol&#39;\u00fc AB&#39;nin istedi\u011fi tarzda Meclis&#39;e onaylatarak y\u00fcr\u00fcrl\u00fc\u011fe koymal\u0131 ve Rum taraf\u0131yla ili\u015fkilerini normalle\u015ftirmeliydi. Rumlarla ili\u015fkilerin normalle\u015ftirilmesi tan\u0131ma anlam\u0131na geliyor ve Rumlar bu konuda Ankara&#39;n\u0131n ad\u0131mlar atmas\u0131n\u0131 talep ediyorlard\u0131.<\/em><\/strong>  \t\t\t<\/p>\n<p> \t\t\t<strong><em>Br\u00fcksel&#39;den gelen haberler Rumlar\u0131n bu taleplerinin b\u00fcy\u00fck\u00e7e bir k\u0131sm\u0131n\u0131 elde ettikten sonra nihai belgeye onay verdiklerini ortaya koyuyor. Rumlar\u0131n belgeye T\u00fcrkiye&#39;nin liman ve havaalanlar\u0131n\u0131 a\u00e7mak zorunda oldu\u011funa dair h\u00fck\u00fcmleri yazd\u0131rd\u0131klar\u0131n\u0131, ayr\u0131ca T\u00fcrkiye&#39;nin bu konuda gerekenleri yapmad\u0131\u011f\u0131 takdirde bilim-ara\u015ft\u0131rma fasl\u0131n\u0131n a\u00e7\u0131lmam\u0131\u015f kabul edilerek, yeniden ayn\u0131 dosyaya d\u00f6n\u00fclebilece\u011fine dair h\u00fck\u00fcmleri de belgeye koydurduklar\u0131 anla\u015f\u0131l\u0131yor. Rumlarla ili\u015fkileri normalle\u015ftirme konusundaki h\u00fck\u00fcmler de aynen orada.<\/em><\/strong>  \t\t\t<\/p>\n<p> \t\t\t<strong><em>O halde Abdullah G\u00fcl&#39;e sormak laz\u0131m: K\u0131br\u0131s konusunda Ocak 2005&#39;te ba\u015flatt\u0131\u011f\u0131n\u0131z diplomatik giri\u015fim AB&#39;nin kap\u0131lar\u0131nda reddedildi. Sonra AB taraf\u0131 Papadopoulos&#39;un b\u00fct\u00fcn \u00f6nerilerini kendi politikas\u0131 olarak kabul etti. Bu arada Papadopoulos nas\u0131l bir \u00e7\u00f6z\u00fcm istedi\u011fini L&#39;Express dergisine verdi\u011fi m\u00fclakatta ortaya koyarak, kendilerinin bir \u00fcniter Rum devleti istediklerini, T\u00fcrklerin az\u0131nl\u0131k olarak bu devlete yamanmak zorunda olduklar\u0131n\u0131 vurgulad\u0131.<\/em><\/strong>  \t\t\t<\/p>\n<p> \t\t\t<strong><em>B\u00fct\u00fcn bunlardan sonra bu toplant\u0131ya nas\u0131l gideceksiniz? Her mini krizde T\u00fcrkiye&#39;ye dayat\u0131lan \u015fartlar a\u011f\u0131rla\u015ft\u0131r\u0131l\u0131yor ve uygulanan prosed\u00fcr ac\u0131mas\u0131z hale getiriliyor. T\u00fcrkiye&#39;ye dayat\u0131lan belgelerle ba\u015fka aday \u00fclkelerin belgeleri aras\u0131nda da\u011flar kadar fark var. Bu arada dostunuz Amerika&#39;n\u0131n, Bakan Rice&#39;tan sonraki en y\u00fcksek yetkilisi K\u0131br\u0131s&#39;ta sadece bir Rum devleti tan\u0131d\u0131klar\u0131n\u0131 ve bunun d\u0131\u015f\u0131nda hi\u00e7 bir \u015fey yapmad\u0131klar\u0131n\u0131 ve yapmayacaklar\u0131n\u0131 s\u00f6yl\u00fcyor. Ayn\u0131 Amerika gelip size, \u0130ran konusunda bizimle tam i\u015fbirli\u011fi yap\u0131n diye bast\u0131r\u0131yor. G\u00f6r\u00fcnen o ki, kazan-kazan siyaseti de ritmik siyaset sa\u00e7mal\u0131klar\u0131 da iflas etti. Ne kadar verecek g\u00f6r\u00fcn\u00fcrseniz, daha fazlas\u0131n\u0131 i\u00e7eren taleplerle kar\u015f\u0131n\u0131za dikiliyorlar. Bu uykudan uyanmaya y\u00fczde bir oran\u0131nda bile niyetiniz varsa veya olacaksa, bu, ne zaman olacak??? <\/em><\/strong><em>(Hasan \u00dcnal \/ Milli Gazete \/ 13.06.2006)<\/em>  \t\t\t<\/p>\n<\/td>\n<\/tr>\n<\/tbody>\n<\/table>\n<p> \u00a0  <\/p>\n<p> <strong>E\u015fk\u0131ya ve \u00c7ete emretti&#8230; Hava Kurumu Kapat\u0131ld\u0131&#8230; <\/strong> <\/p>\n<p> <strong>\u015eimdi yasay\u0131 Anayasa Mahkemesi&#39;ne g\u00f6t\u00fcrecek bir ST\u00d6, ya da 9 &#8216;onurlu vekil&#39; aran\u0131yor&#8230;<\/strong>  <\/p>\n<p> \u00a0Anayasalar; devletin halk\u0131 ile aras\u0131ndaki bir s\u00f6zle\u015fmedir ve devletin alan\u0131n\u0131 s\u0131n\u0131rlar. Yasama, y\u00fcr\u00fctme ve yarg\u0131 ise KKTC&#39;de ba\u011f\u0131ms\u0131zd\u0131r, ya da ba\u011f\u0131ms\u0131z olmas\u0131 gerekir&#8230; Ancak Yasama Meclisi, Y\u00fcr\u00fctme ile kol kola girerek hem YARGI ERK\u0130&#39;ni &#8216;by-pass&#39; etmi\u015ftir, hem de kendi kendilerini inkar&#8230; Bu rezalet ancak \u00c7ETE ve E\u015eKIYA&#39;n\u0131n talebi ile ya\u015fanabilirdi ve \u00f6yle de oldu&#8230;  <\/p>\n<p> KKTC&#39;de iktidar olmas\u0131na ra\u011fmen &#8216;muktedir&#39; olamayanlar, KKTC Halk\u0131n\u0131n &#8216;kendi Kaderini Kendisinin Belirlemesi&#39; hakk\u0131n\u0131, \u00c7ETE ve E\u015eKIYA&#39;ya devretti. Sorun, Kuzey K\u0131br\u0131s T\u00fcrk Hava Kurumu&#39;nun kapat\u0131lmas\u0131 sorunu de\u011fildi. Sorun; HUKUK&#39;un ve DEMOKRAS\u0130&#39;nin, \u00c7ETE ve E\u015eKIYA kar\u015f\u0131s\u0131ndaki konumuydu. Ne yaz\u0131k ki, talimatla &#8216;parmak kald\u0131r\u0131p-parmak indirenler&#39; bu ger\u00e7e\u011fi g\u00f6rmediler, g\u00f6rmek de istemediler.  <\/p>\n<p> <strong>S\u00fckut ikrardan m\u0131d\u0131r?<\/strong>  <\/p>\n<p> Ka\u00e7 g\u00fcnd\u00fcr yapt\u0131\u011f\u0131m\u0131z yay\u0131nlarda sordu\u011fumuz onlarca sorudan bir tanesine dahi cevap verebilme medeni cesaretine ve onuruna sahip olamayanlar, sonunda kendilerini \u00c7ETE ve E\u015eKIYA&#39;n\u0131n &#8216;kumas\u0131&#39; haline getirdiler&#8230;  <\/p>\n<p> Yasan\u0131n gerek\u00e7esine bakan her akl\u0131 ba\u015f\u0131nda insan, birazc\u0131k m\u00fcrekkep yalam\u0131\u015f bir garip dahi, gerek\u00e7enin bir acz ve edilgenlik \u00f6rne\u011fi oldu\u011funu g\u00f6recektir. \u0130\u015fte o\u00a0 Genel Gerek\u00e7e:  <\/p>\n<p> &quot;KKTHK&#39;nun mevcut yap\u0131s\u0131 itibar\u0131 ile ama\u00e7lar\u0131n\u0131 ger\u00e7ekle\u015ftirme y\u00f6n\u00fcnde olumlu \u00e7al\u0131\u015fmalar i\u00e7erisinde bulunmad\u0131\u011f\u0131, kurumun i\u015flevselli\u011fi(nin) kalmad\u0131\u011f\u0131 ve varl\u0131\u011f\u0131n\u0131n gereklili\u011fi uzun s\u00fcreden beridir kamuoyunda tart\u0131\u015f\u0131l\u0131r olmu\u015ftur.  <\/p>\n<p> KTHK&#39;nun, ama\u00e7lar\u0131n\u0131 ger\u00e7ekle\u015ftirmesinin olanaks\u0131z hale gelmesi nedeniyle fesh edilmesi ve feshinin sonu\u00e7lar\u0131n\u0131n belirlenmesi amac\u0131yla bu yasa tasar\u0131s\u0131 haz\u0131rlanm\u0131\u015ft\u0131r&quot;  <\/p>\n<p> <strong>KKTC&#39;nin \u00e7ete ve e\u015fk\u0131ya&#39;ya teslim-tesell\u00fcm belgesi<\/strong>  <\/p>\n<p> \u0130\u015fte anlamayanlara ve beyin yerine &#8216;b\u0131ng\u0131ldak&#39; ta\u015f\u0131yanlara; \u00c7ETE ve E\u015eKIYA&#39;n\u0131n ma\u015fas\u0131 olanlara; devletin imkan ve g\u00fc\u00e7lerini &#8216;devlet ve milletin bekas\u0131 pahas\u0131na&#39; \u015fahsi menfaatleri i\u00e7in kullananlara; \u00fclkesini ve milletini herkesten daha \u00e7ok sevdi\u011fini iddia eden hukuk, demokrasi ve insanl\u0131k d\u00fc\u015fmanlar\u0131 i\u00e7in Genel Gerek\u00e7e&#39;nin terc\u00fcmesi:  <\/p>\n<p> &#8216;Ey KKTC halk\u0131 ve KKTC Cumhuriyet Meclisi Milletvekilleri, bizler yasama organ\u0131 olarak, Kuzey K\u0131br\u0131s T\u00fcrk Hava Kurumu&#39;nu \u015fahsi menfaatleri i\u00e7in kullanmak \u00fczere, b\u00fct\u00fcn g\u00fc\u00e7leri ile sald\u0131ran \u00c7ETE ve E\u015eKIYA kar\u015f\u0131s\u0131nda &#8216;\u00e7aresiz&#39; ve &#8216;acz&#39; i\u00e7indeyiz.  <\/p>\n<p> Kuzey K\u0131br\u0131s T\u00fcrk Hava Kurumu defalarca, stat\u00fc ve rolleri malum e\u015fk\u0131yalar ve onlar\u0131n fersudeleri, kiral\u0131k katilleri, emir kullar\u0131 taraf\u0131ndan i\u015fgal edilen tesisleri, y\u00f6netim merkezi; el konulan te\u00e7hizatlar\u0131, sistemleri ile faaliyetlerini yapamaz hale gelmi\u015f, getirilmi\u015ftir.  <\/p>\n<p> YARGI erkimiz, bu i\u015fgal olaylar\u0131nda \u00fczerine d\u00fc\u015feni &#8216;bir kez hari\u00e7&#39; olmak \u00fczere &#8216;onurla&#39; yerine getirmi\u015f, ancak, asla \u00c7ETE ve E\u015eKIYA&#39;ya teslim olmam\u0131\u015ft\u0131r. \u00c7ETE ve E\u015eKIYA&#39;n\u0131n &#8216;emir b\u00fcy\u00fck yerden&#39; kartvizitine asla ald\u0131r\u0131\u015f etmemi\u015ftir.  <\/p>\n<p> Anayasa, yasalar ve sair mer&#39;i mevzuat dahilinde y\u00f6netime gelen Kuzey K\u0131br\u0131s T\u00fcrk Hava Kurumu yetkili kurullar\u0131, maalesef, taraf\u0131m\u0131zdan korunamam\u0131\u015f, kollanamam\u0131\u015f, E\u015eKIYA ve \u00c7ETE&#39;nin bask\u0131, zul\u00fcm ve tahakk\u00fcm\u00fcnden kurtar\u0131lamam\u0131\u015ft\u0131r.  <\/p>\n<p> Bizler y\u00fcr\u00fctme erki olarak g\u00f6revimizi yerine getiremedi\u011fimiz gibi, yasama organ\u0131 da Egemenlik Hakk\u0131&#39;n\u0131 kullanamam\u0131\u015f ve yasama ile y\u00fcr\u00fctme adeta \u00c7ETE ve E\u015eKIYA&#39;y\u0131 ama\u00e7 ve hedeflerinden, zulm\u00fcnden vazge\u00e7irememi\u015f, ma\u011flubiyeti kabul etmi\u015flerdir.  <\/p>\n<p> Di\u011fer taraftan, &#8216;bizim olmayacaksa kimseye de yar etmeyiz &#8216; diyenlerin oyunlar\u0131 kar\u015f\u0131s\u0131nda, devletin y\u00fcksek denetim organlar\u0131 da maalesef g\u00f6revini yapamam\u0131\u015f; AB&#39;den \u00f6nce \u0130nsan Hak ve \u00d6zg\u00fcrl\u00fckleri&#39;nin teminat\u0131 olan g\u00fc\u00e7l\u00fc bir Sivil Toplum \u00d6rg\u00fct\u00fc&#39;n\u00fcn, &#8216;DEMOKRAS\u0130&#39; oyunu ile \u00c7ETE ve E\u015eKIYA&#39;n\u0131n iste\u011fi, emri do\u011frultusunda &#8216;YOK ED\u0130LMES\u0130&#39; zarureti do\u011fmu\u015ftur.  <\/p>\n<p> Gelinen bu nokta, ayn\u0131 zamanda Merhum Kutlu ADALI&#39;n\u0131n katledili\u015finin de gerek\u00e7esidir. Bu katliamlar, maalesef s\u00fcrecektir. Engel olmam\u0131z m\u00fcmk\u00fcn de\u011fildir.  <\/p>\n<p> Her \u015feye ra\u011fmen, Kuzey K\u0131br\u0131s T\u00fcrk Hava Kurumu, Uluslararas\u0131 yar\u0131\u015fma ve g\u00f6steriler d\u00fczenleyerek; yine uluslararas\u0131 kat\u0131l\u0131ma a\u00e7\u0131k yama\u00e7 para\u015f\u00fct\u00fc ve yelken kanat kurslar\u0131 a\u00e7arak, KKTC&#39;nin &#8216;izolasyon&#39;unun \u00e7\u00f6z\u00fclmesine katk\u0131da bulunmu\u015f, turizm gelirlerini artt\u0131rm\u0131\u015fsa da b\u00fct\u00fcn bu faaliyetlerin \u00c7ETE ve E\u015eKIYA&#39;n\u0131n kazanc\u0131na yans\u0131mam\u0131\u015f olmas\u0131, bizlerin &#8216;kurumun i\u015flevselli\u011finin kalmad\u0131\u011f\u0131&#39; bahanesini ortaya atmam\u0131za temel te\u015fkil etmi\u015ftir.  <\/p>\n<p> Yukar\u0131da say\u0131lan nedenlerle ve daha net ifade ile; \u00c7ETE ve E\u015eKIYA&#39;n\u0131n KKTC&#39;de her t\u00fcrl\u00fc yasa ve hatta anayasan\u0131n \u00fczerindeki konumu nedeniyle, KKTC T\u00fcrk Hava Kurumu ama\u00e7lar\u0131n\u0131 ger\u00e7ekle\u015ftiremez hale getirilmi\u015f bu nedenle de bir &#8216;evlad\u0131m\u0131z\u0131n&#39; daha &#8216;infaz\u0131&#39;n\u0131 kendi ellerimizle &#8216;bo\u011fmak&#39; suretiyle yap\u0131lmas\u0131na, karar verilmi\u015ftir. Bu nedenle de YASA TASARISI ad\u0131 alt\u0131nda bu KILIF haz\u0131rlanm\u0131\u015ft\u0131r&#39; \u015feklinde midir?  <\/p>\n<p> <strong>Sava\u015f bitmedi yeni ba\u015flad\u0131<\/strong>  <\/p>\n<p> <strong>\u0130\u015fte bu ONURSUZLU\u011eA hay\u0131r diyecek 9 ONURLU VEK\u0130L aran\u0131yor.<\/strong>  <\/p>\n<p> <strong>Ey \u00c7ETE ve E\u015eKIYA, sanmay\u0131n\u0131z ki duraca\u011f\u0131z, sanmay\u0131n\u0131z ki susaca\u011f\u0131z. <\/strong> <\/p>\n<p> <strong>Sizlerin le\u015f kokulu ba\u011f\u0131rsaklar\u0131n\u0131z\u0131 yerle bir edinceye kadar SORU&#39;lar\u0131m\u0131z\u0131 sormaya devam edece\u011fiz. Bu sava\u015f\u0131 y\u0131llar \u00f6nce SAMPSON ve GRIVAS denen al\u00e7aklara kar\u015f\u0131 nas\u0131l kazand\u0131ysak sizler kar\u015f\u0131s\u0131nda da kazanaca\u011f\u0131z.<\/strong>  <\/p>\n<p> <strong>Bu sava\u015f, KKKTC&#39;nin ve halk\u0131n\u0131n &#8216;R\u00dc\u015eT\u00dcN\u00dc \u0130SPAT&#39; sava\u015f\u0131d\u0131r. Bu sava\u015fta yan\u0131m\u0131zda yer almayan her kim olursa olsun, ne ULUSALCI&#39;d\u0131r, ne M\u0130LL\u0130YET\u00c7\u0130&#39;dir, ne DEMOKRAT&#39;t\u0131r ne de \u0130NSAN. Faili Malum, faili me\u00e7huller ortaya \u00e7\u0131k\u0131ncaya kadar bu sava\u015f s\u00fcrecektir.<a name=\"_ftnref2\" href=\"#_ftn2\" title=\"_ftnref2\"><strong>[2]<\/strong><\/a><\/strong>  <\/p>\n<p> &#160; <\/p>\n<p> &#160; <\/p>\n<p> &#160; <\/p>\n<p> &#160; <\/p>\n<p> <\/p>\n<hr \/>\n<p> <a name=\"_ftn1\" href=\"#_ftnref1\" title=\"_ftn1\">[1]<\/a> 13.06.2006 \/ R\u00f6portaj: H\u00fcseyin ALTINALAN \/ Milli Gazete  <\/p>\n<p> <a name=\"_ftn2\" href=\"#_ftnref2\" title=\"_ftn2\">[2]<\/a> Cem Yaren \/ 13.07.2005 \/ Anayurt Gazetesi  <\/p>\n","protected":false},"excerpt":{"rendered":"<p>\u00a0  <\/p>\n<p> <strong><em>K\u0131br\u0131s Yeni Parti Genel Ba\u015fkan\u0131 Nuri \u00c7evikel:<\/em><\/strong>  <\/p>\n<p> <strong><em>&quot;K\u0131br\u0131s sorunu, Yeniden B\u00fcy\u00fck T\u00fcrkiye olma sorunudur&quot; <\/em><\/strong> <\/p>\n<p> <strong><em>K\u0131br\u0131s Yeni Parti Genel Ba\u015fkan\u0131 Nuri \u00c7evikel, K\u0131br\u0131s sorununun \u00e7\u00f6z\u00fcm\u00fcn\u00fcn ancak T\u00fcrkiye&#39;nin belirleyece\u011fi politikalar sonucu \u00e7\u00f6z\u00fclece\u011finin alt\u0131n\u0131 \u00e7izerek, &quot;\u00c7\u00f6z\u00fcm temelde T\u00fcrkiye&#39;nin \u00e7izece\u011fi Yeniden B\u00fcy\u00fck T\u00fcrkiye mi, yoksa bu \u015fekilde g\u00fcn\u00fc birlik politikalarla m\u0131 devam edilecek sorunudur. T\u00fcrkiye&#39;nin Osmanl\u0131 devletinin miras\u00e7\u0131s\u0131 bir d\u00fcnya g\u00fcc\u00fc olarak hareket etmesi gerekir. AB&#39;nin kap\u0131s\u0131nda bekleyerek hi\u00e7bir sorun \u00e7\u00f6z\u00fclmez, nitekim son d\u00f6nmede bunu K\u0131br\u0131sl\u0131 olarak g\u00f6rd\u00fck. T\u00fcrkiye&#39;yi kendilerine ba\u011fl\u0131 b\u0131rakarak kendi sorunlar\u0131n\u0131 \u00e7\u00f6z\u00fcyor, bizim hi\u00e7bir sorumunuz \u00e7\u00f6z\u00fclm\u00fcyor&quot; diyerek ger\u00e7e\u011fi ortaya koydu.<\/em><\/strong>  <\/p>\n<p> <strong><em>Ayn\u0131 zamanlarda, K\u0131br\u0131s \u0130kinci Cumhurba\u015fkan\u0131 adaylar\u0131ndan Dr. Nuri \u00c7evikel: &quot;Adadaki kaos ortam\u0131na son vermek \u00fczere T\u00fcrkiye m\u00fcdahale karar\u0131 alm\u0131\u015f adaya m\u00fcdahale etmi\u015ftir. Bat\u0131 bunu kendine kar\u015f\u0131 yap\u0131lan bir harekat olarak g\u00f6rm\u00fc\u015ft\u00fcr. \u00c7\u00fcnk\u00fc, Viyana ku\u015fatmas\u0131ndan bug\u00fcne ilk defa toprak kazan\u0131m\u0131 \u015feklinde de\u011ferlendirilebilecek bir davran\u0131\u015f ortaya konmu\u015ftur&quot; \u015feklinde konu\u015ftu.<\/em><\/strong>  <\/p>\n<p> <strong><em>K\u0131br\u0131s konusunda en \u00f6nemli g\u00f6r\u00fc\u015fmelerin 2002&#39;de ba\u015flanan Annan Plan\u0131 oldu\u011funu s\u00f6yleyen Nuri \u00c7evikel, &quot;Annan Plan\u0131 ile halk\u0131n, sanki AB herkes para verecek gibi d\u00fc\u015f\u00fcnd\u00fcr\u00fcl\u00fcp oyuna getirilmek istendi\u011fini&quot; belirtti. Referandumda evet oylar\u0131n\u0131n \u00e7o\u011funluk \u00e7\u0131kmas\u0131n\u0131n arkas\u0131ndaki nedenin T\u00fcrkiye Ba\u015fbakan\u0131n\u0131n 2003&#39;de iktidara gelince K\u0131br\u0131s konusunda politika de\u011fi\u015ftirmesinin yatt\u0131\u011f\u0131n\u0131 belirten \u00c7evikel, &quot;En az d\u00f6rt kere de\u011fi\u015ftirilmi\u015f Annan Plan\u0131&#39;n\u0131 masaya getirdiler. T\u00fcrkiye taraf\u0131 evet, Rum taraf\u0131 y\u00fczde 74 oran\u0131nda hay\u0131r dedi. Rumlar bilmeyerek hay\u0131r oyu vererek, oyunu bozmu\u015ftur. AB duruma \u00e7ok k\u0131zd\u0131. Rumlar AB&#39;ye biz aday\u0131 hemen almay\u0131 d\u00fc\u015f\u00fcn\u00fcyoruz. Zamana ihtiyac\u0131m\u0131z yok denildi. T\u00fcrklere ise &#8216;siz d\u00fcnyaya a\u00e7\u0131lacaks\u0131n\u0131z. Bask\u0131lar kalkacak AB&#39;ye \u00fcye olacaks\u0131n\u0131z, haklar\u0131n\u0131z geri verilecek&#39; denilmi\u015ftir. Ondan sonra k\u0131sa s\u00fcrede g\u00f6r\u00fcld\u00fc ki bunlar havada kalm\u0131\u015ft\u0131r. AB, anla\u015fmalara ra\u011fmen Rum kesimini \u00fcye olarak alm\u0131\u015ft\u0131r. Cumhurba\u015fkan\u0131 Talat bu plana en \u00e7ok destek verendi, ama \u015fimdi durum de\u011fi\u015fti. Art\u0131k en fazla tepkiyi kendisi g\u00f6stermeye ba\u015flad\u0131&quot; de\u011ferlendirmesinde bulundu.<\/em><\/strong>  <\/p>\n","protected":false},"author":31,"featured_media":0,"comment_status":"open","ping_status":"closed","sticky":false,"template":"","format":"standard","meta":{"footnotes":""},"categories":[32],"tags":[],"class_list":["post-108","post","type-post","status-publish","format-standard","hentry","category-agustos-2006"],"_links":{"self":[{"href":"https:\/\/www.millicozum.com\/mc\/wp-json\/wp\/v2\/posts\/108","targetHints":{"allow":["GET"]}}],"collection":[{"href":"https:\/\/www.millicozum.com\/mc\/wp-json\/wp\/v2\/posts"}],"about":[{"href":"https:\/\/www.millicozum.com\/mc\/wp-json\/wp\/v2\/types\/post"}],"author":[{"embeddable":true,"href":"https:\/\/www.millicozum.com\/mc\/wp-json\/wp\/v2\/users\/31"}],"replies":[{"embeddable":true,"href":"https:\/\/www.millicozum.com\/mc\/wp-json\/wp\/v2\/comments?post=108"}],"version-history":[{"count":0,"href":"https:\/\/www.millicozum.com\/mc\/wp-json\/wp\/v2\/posts\/108\/revisions"}],"wp:attachment":[{"href":"https:\/\/www.millicozum.com\/mc\/wp-json\/wp\/v2\/media?parent=108"}],"wp:term":[{"taxonomy":"category","embeddable":true,"href":"https:\/\/www.millicozum.com\/mc\/wp-json\/wp\/v2\/categories?post=108"},{"taxonomy":"post_tag","embeddable":true,"href":"https:\/\/www.millicozum.com\/mc\/wp-json\/wp\/v2\/tags?post=108"}],"curies":[{"name":"wp","href":"https:\/\/api.w.org\/{rel}","templated":true}]}}