{"id":109,"date":"2006-11-21T15:14:57","date_gmt":"2006-11-21T15:14:57","guid":{"rendered":"https:\/\/www.millicozum.com\/mc\/2006\/11\/21\/sezer-ra-zaretve-tken-zan-ettler\/"},"modified":"2006-11-21T15:14:57","modified_gmt":"2006-11-21T15:14:57","slug":"sezerin-israil-ziyareti-ve-turkiyenin-ziyan-ettikleri","status":"publish","type":"post","link":"https:\/\/www.millicozum.com\/mc\/2006\/agustos-2006\/sezerin-israil-ziyareti-ve-turkiyenin-ziyan-ettikleri\/","title":{"rendered":"SEZER&#8217;\u0130N \u0130SRA\u0130L Z\u0130YARET\u0130 VE T\u00dcRK\u0130YEN\u0130N Z\u0130YAN ETT\u0130KLER\u0130"},"content":{"rendered":"<p>\u00a0  <\/p>\n<p> <strong><em>Sezer&#39;den \u0130srail&#39;e g\u00fcvence: &quot;Hamas&#39;\u0131\u00a0 devlet de\u011fil, AKP \u00e7a\u011f\u0131rd\u0131!&quot;<\/em><\/strong>  <\/p>\n<p> <strong><em>Cumhurba\u015fkan\u0131 Ahmet Necdet Sezer&#39;in Ortado\u011fu ziyaretine HAMAS&#39;a kar\u015f\u0131 tavr\u0131 damgas\u0131n\u0131 vurdu. \u0130srail Cumhurba\u015fkan\u0131&#39;na &quot;HAMAS&#39;\u0131 devlet de\u011fil AKP \u00e7a\u011f\u0131rd\u0131&quot; diyerek sanki \u00f6z\u00fcr dileyen Sezer, team\u00fclleri de\u011fi\u015ftirerek Filistin h\u00fck\u00fcmeti ile g\u00f6r\u00fc\u015fmedi. Buna kar\u015f\u0131l\u0131k \u0130srail Meclisi&#39;nde konu\u015ftu, \u0130srail Ba\u015fbakan\u0131&#39;n\u0131 kabul etti. Cumhurba\u015fkan\u0131 Ahmet Necdet Sezer, 1999 y\u0131l\u0131nda S\u00fcleyman Demirel&#39;in ziyaretinden sonra \u0130srail&#39;e giden ilk Cumhurba\u015fkan\u0131 oldu. 7-8 Haziran tarihlerinde ger\u00e7ekle\u015fen ziyaret, HAMAS tart\u0131\u015fmalar\u0131 g\u00f6lgesinde yap\u0131ld\u0131. Sezer, Filistin&#39;le ili\u015fkilerine HAMAS d\u00fczenlemesi getirdi. HAMAS&#39;\u0131n Ankara ziyaretine ABD&#39;nin ve \u0130srail&#39;in tepki g\u00f6stermesi \u00fczerine yap\u0131lan d\u00fczenleme, Filistin&#39;de se\u00e7ilmi\u015f h\u00fck\u00fcmeti yok sayd\u0131. Program\u0131n belirlenmesi a\u015famas\u0131nda Ankara&#39;da yo\u011fun tart\u0131\u015fmalara neden olan HAMAS g\u00f6r\u00fc\u015fmesi, team\u00fcllere ayk\u0131r\u0131 \u015fekilde programdan \u00e7\u0131kar\u0131ld\u0131.<\/em><\/strong>  <\/p>\n<p> <strong><em>Protokol kurallar\u0131n\u0131n de\u011fi\u015ftirildi\u011fi ziyarette, Sezer, Filistin taraf\u0131ndan sadece Devlet Ba\u015fkan\u0131 Mahmut Abbas&#39;la (Ebu Mazen) g\u00f6r\u00fc\u015ft\u00fc. \u0130srail taraf\u0131nda ise Cumhurba\u015fkan\u0131, Meclis Ba\u015fkan\u0131 ve h\u00fck\u00fcmet ile g\u00f6r\u00fc\u015fme yap\u0131ld\u0131.<\/em><\/strong>  <\/p>\n<p> <strong><em>Cumhurba\u015fkan\u0131 Sezer, \u0130srail Cumhurba\u015fkan\u0131 Mo\u015fe Katsav&#39;a &quot;Hamas&#39;\u0131 devlet de\u011fil, AKP \u00e7a\u011f\u0131rd\u0131. \u015eu anda iktidar olsa bile bu, devletin politikas\u0131n\u0131 yans\u0131tm\u0131yor&quot; diyerek, Siyonist katillerin g\u00f6nl\u00fcn\u00fc ald\u0131.<\/em><\/strong>  <\/p>\n<p> <strong><em>\u0130srail&#39;de yo\u011fun ilgiyle kar\u015f\u0131lanan Sezer&#39;in \u0130srail parlamentosu Knesset&#39;teki konu\u015fmas\u0131 alk\u0131\u015fland\u0131. Sezer&#39;in ziyaretine geni\u015f yer veren \u0130srail medyas\u0131 da Sezer&#39;i &quot;T\u00fcrkiye&#39;nin \u00e7a\u011fda\u015f y\u00fcz\u00fc&quot; olarak tan\u0131mlad\u0131.!? T\u00fcrkiye&#39;de Laiklik konusunda ve ba\u015f\u00f6rt\u00fcs\u00fc kar\u015f\u0131s\u0131nda \u00e7ok titiz olan Sn. Sezer&#39;in Kabala \u015feriat\u0131na ba\u011fl\u0131 bir din devleti olan \u0130srail&#39;e hayranl\u0131\u011f\u0131 ve h\u00fcrmetk\u00e2rl\u0131\u011f\u0131 dikkatlerden ka\u00e7mad\u0131.<\/em><\/strong>  <\/p>\n<p>  \u00a0  <\/p>\n<p> <strong>Derin ili\u015fkiler a\u011f\u0131!<\/strong>  <\/p>\n<p> T\u00fcrkiye ile \u0130srail aras\u0131nda \u00e7ok boyutlu, derin ili\u015fkiler bulundu\u011funu\u00a0\u00a0\u00a0 \u00f6ne\u00a0\u00a0\u00a0\u00a0\u00a0\u00a0 s\u00fcren Cumhurba\u015fkan\u0131 Sezer: &quot;Ziyaretim s\u0131ras\u0131nda bu ili\u015fkilerimizin ve i\u015fbirli\u011fimizin yeni bir de\u011ferlendirmesini yapaca\u011f\u0131z, b\u00f6lgesel sorunlar hakk\u0131nda g\u00f6r\u00fc\u015f al\u0131\u015fveri\u015finde bulunaca\u011f\u0131z. Bu g\u00f6r\u00fc\u015flerimizi, ba\u015fta Say\u0131n Katsav olmak \u00fczere di\u011fer \u0130srailli yetkililerle payla\u015faca\u011f\u0131z. T\u00fcrkiye ile \u0130srail aras\u0131ndaki bu \u00e7ok yo\u011fun, \u00e7ok boyutlu ili\u015fkilerin ve i\u015fbirli\u011finin b\u00f6lgenin bar\u0131\u015f ve g\u00fcvenli\u011fine katk\u0131 sa\u011flad\u0131\u011f\u0131na inan\u0131yorum.&quot; A\u00e7\u0131klamas\u0131n\u0131 yapm\u0131\u015ft\u0131&#8230;  <\/p>\n<p> <strong>\u0130srail Cumhurba\u015fkan\u0131 Katsav ise, ziyaretin iki \u00fclke aras\u0131nda var olan g\u00fc\u00e7l\u00fc, istikrarl\u0131, verimli ili\u015fkiler ve iki halk aras\u0131nda bulunan dostluk ili\u015fkilerinin simgesi oldu\u011funu savundu. &quot;\u0130srail T\u00fcrkiye&#39;yi m\u00fcttefik bir \u00fclke olarak g\u00f6r\u00fcyor ve inan\u0131yor. Her iki \u00fclkenin \u00e7\u0131karlar\u0131 i\u00e7in, b\u00fct\u00fcn b\u00f6lge i\u00e7in bu kar\u015f\u0131l\u0131kl\u0131 i\u015fbirli\u011fi \u00e7ok \u00f6nemlidir&quot;\u00a0 iddias\u0131n\u0131 tekrarlam\u0131\u015ft\u0131&#8230;<\/strong>  <\/p>\n<p> <strong>Heyetler aras\u0131 g\u00f6r\u00fc\u015fmelere (sabataist as\u0131ll\u0131 ve g\u00f6lge Cumhurba\u015fkan\u0131 oldu\u011fu s\u00f6ylenen) Cumhurba\u015fkanl\u0131\u011f\u0131 Genel Sekreteri Kemal Nehrozo\u011flu, D\u0131\u015fi\u015fleri Bakanl\u0131\u011f\u0131 M\u00fcste\u015far\u0131 Ali Tuygan ve T\u00fcrkiye&#39;nin Tel Aviv B\u00fcy\u00fckel\u00e7isi Feridun Sinirlio\u011flu ile \u00f6teki ilgililer kat\u0131lm\u0131\u015ft\u0131.<\/strong>  <\/p>\n<p> <strong>Sezer&#39;in ziyaretinden sonra, \u0130srail&#39;in iyice azg\u0131nla\u015f\u0131p Filistin&#39;e sald\u0131rmas\u0131 ise \u015fimdi kafalarda soru i\u015faretleri olu\u015fturmaktayd\u0131. \u0130srail bununla da yetinmeyip &quot;iki askerim ka\u00e7\u0131r\u0131ld\u0131&quot; (oysa bunlar sava\u015f esiridir) bahanesiyle L\u00fcbnan&#39;\u0131 i\u015fgale ba\u015flam\u0131\u015ft\u0131&#8230;<\/strong>  <\/p>\n<p> <strong>MHP&#39;nin \u0130srail sevdas\u0131<\/strong>  <\/p>\n<p> MHP&#39;nin resmi yay\u0131n organ\u0131 olarak bilinen Ortado\u011fu Gazetesi Cumhurba\u015fkan\u0131 Sezer&#39;in \u0130srail ziyaretine geni\u015f yer ay\u0131rd\u0131. Gazetenin 8 Haziran tarihli haberi, &quot;D\u00fcnyan\u0131n g\u00f6z\u00fc bu bulu\u015fmada&quot; ba\u015fl\u0131\u011f\u0131yla birinci sayfadan verildi. Gazete, i\u00e7 sayfalar da ise &#8216;Sezer&#39;e b\u00fcy\u00fck kar\u015f\u0131lama&quot; ba\u015fl\u0131\u011f\u0131n\u0131 kulland\u0131. Gazete, HAMAS lideri Halid Me\u015fal&#39;in T\u00fcrkiye ziyaretiyle bozulan T\u00fcrkiye-\u0130srail ili\u015fkilerinin Sezer&#39;in ziyaretiyle d\u00fczeldi\u011fini savundu. Sezer&#39;in &quot;T\u00fcrkiye ile \u0130srail aras\u0131nda \u00e7ok boyutlu derin ili\u015fkilerin bulundu\u011fu&quot; y\u00f6n\u00fcndeki a\u00e7\u0131klamalar\u0131 ile \u0130srail Cumhurba\u015fkan\u0131\u00a0 Katsav&#39;\u0131n &quot;T\u00fcrkiye m\u00fcttefik \u00fclke&quot; s\u00f6zlerini \u00f6ne \u00e7\u0131kard\u0131. Ortado\u011fu gazetesi, iki cumhurba\u015fkan\u0131n\u0131n b\u00f6lgesel sorunlara dikkat \u00e7ektiklerini belirterek, Sezer&#39;in &quot;iki \u00fclke uluslar\u0131 aras\u0131nda 500 y\u0131l\u0131 a\u015fk\u0131n tarihsel dostluk ba\u011f\u0131n\u0131n oldu\u011fu&quot; yolundaki s\u00f6zlerine yer verdi.  <\/p>\n<p> <strong>Sezer&#39;in tavr\u0131 ve taraf\u0131!<\/strong>  <\/p>\n<p> <strong>\u00a0Cumhurba\u015fkan\u0131 Ahmet Necdet Sezer&#39;in \u0130srail ve Filistin ziyaretleri, T\u00fcrkiye&#39;nin d\u0131\u015f politika vizyonunda ya\u015fad\u0131\u011f\u0131 t\u00fcm s\u0131k\u0131nt\u0131lara ayna tutar nitelikteydi. Sezer, bulundu\u011fu yerden kimi ve d\u00fcnyadaki hangi \u00e7izgiyi muhatap ald\u0131\u011f\u0131n\u0131 net bir tav\u0131rla ortaya koyarken, Filistin halk\u0131n\u0131n temsilcilerini yok saymaktan da \u00e7ekinmedi. <\/strong> <\/p>\n<p> <strong>&quot;K\u0131rm\u0131z\u0131 \u00e7izgi&quot;ler \u00fczerinden &quot;sava\u015f sebepleri&quot; ilan edip, ard\u0131ndan her t\u00fcrl\u00fc rengi kabul etme konusunda inan\u0131lmaz k\u0131vrakl\u0131klar g\u00f6steren d\u0131\u015f politikam\u0131z\u0131n, Filistin konusunda d\u00fc\u015ft\u00fc\u011f\u00fc durum ger\u00e7ekten i\u00e7ler ac\u0131s\u0131. Sezer&#39;in &quot;T\u00fcrkiye&#39;nin Filistin&#39;in hakl\u0131 davas\u0131na y\u00f6nelik tutumu a\u00e7\u0131k ve i\u00e7tendir. Filistin halk\u0131n\u0131n \u00f6nderi Say\u0131n Mahmut Abbas&#39;la yararl\u0131 g\u00f6r\u00fc\u015fmelerde bulunduk&quot; s\u00f6zlerinin hangi Filistin&#39;i muhatap ald\u0131\u011f\u0131 \u00e7ok a\u00e7\u0131k. Oysa daha yak\u0131n gelecekte &quot;k\u0131rm\u0131z\u0131&quot; ilan edilen isimlere kutlamalar g\u00f6nderiliyor, hatta uygun \u015fartlarda onlar\u0131 Ankara&#39;da a\u011f\u0131rlamaya haz\u0131rl\u0131k yap\u0131l\u0131yor.<\/strong>  <\/p>\n<table border=\"0\" cellspacing=\"0\" cellpadding=\"0\" width=\"100%\">\n<tbody>\n<tr>\n<td>\n<p> \t\t\t<strong><em>Filistin Ba\u015fbakan\u0131 \u0130smail Haniye&#39;nin a\u00e7\u0131klamas\u0131n\u0131 da hat\u0131rlatal\u0131m: &quot;T\u00fcrkiye Cumhurba\u015fkan\u0131, yasal ve demokratik yollardan Filistin halk\u0131 taraf\u0131ndan se\u00e7ilen Hamas h\u00fck\u00fcmetine olan tutum ve tavr\u0131n\u0131 g\u00f6zden ge\u00e7irmelidir.&quot; Ziyaret \u00f6ncesinde Hamas h\u00fck\u00fcmetinden gelen g\u00f6r\u00fc\u015fme talebi, Sezer taraf\u0131ndan reddedilmi\u015fti. <\/em><\/strong> \t\t\t<\/p>\n<p> \t\t\t<strong><em>Cumhurba\u015fkan\u0131 Sezer&#39;in gayet a\u00e7\u0131k bir tav\u0131rla Arafat sonras\u0131nda &quot;sistem&quot;in muhatab\u0131 olarak \u015fekillendirilen Mahmud Abbas&#39;\u0131 tercih etmesinin, i\u00e7 politikadaki duru\u015fuyla da hayli uyumlu oldu\u011funu g\u00f6zden ka\u00e7\u0131rmamak gerekiyor. Hamas&#39;a y\u00f6nelik bu tavr\u0131n son intihar sald\u0131r\u0131lar\u0131yla ba\u011flant\u0131l\u0131 oldu\u011funu s\u00f6ylemek \u00e7ok ak\u0131ll\u0131ca g\u00f6r\u00fcnm\u00fcyor. Burada Sezer&#39;in i\u00e7inde yer ald\u0131\u011f\u0131 denklemin d\u00fcnyaya bak\u0131\u015f\u0131n\u0131 okumak zorunday\u0131z. En ba\u015fta T\u00fcrkiye&#39;deki mevcut h\u00fck\u00fcmet olmak \u00fczere, d\u00fcnyadaki pek\u00e7ok iktidar dengesinin de\u011fi\u015fmesi \u00fczerine hamle yapan bu &quot;siyasi ak\u0131l&quot;, bizde de san\u0131ld\u0131\u011f\u0131ndan \u00e7ok daha g\u00fc\u00e7l\u00fc bir taraftar ve deste\u011fe sahip.<\/em><\/strong>  \t\t\t<\/p>\n<p> \t\t\t<strong><em>Bu ne demek, a\u00e7\u0131k\u00e7a \u015fu demek: ABD&#39;de ba\u015fkanl\u0131k se\u00e7imleri i\u00e7in geriye say\u0131m \u00e7oktan ba\u015flam\u0131\u015f durumda. T\u00fcrkiye&#39;de cumhurba\u015fkanl\u0131\u011f\u0131 se\u00e7imleri hemen her tart\u0131\u015fman\u0131n merkezine yerle\u015fti. Erken se\u00e7im olmazsa, cumhurba\u015fkanl\u0131\u011f\u0131n\u0131n ard\u0131ndan da genel se\u00e7imlere gidilecek. \u0130\u015fte Sezer&#39;in \u0130srail-Filistin ziyaretlerinde g\u00f6sterdi\u011fi duru\u015f ve att\u0131\u011f\u0131 ad\u0131mlar, yak\u0131n gelecekteki bu se\u00e7imlerin ve kurgulanan muhtemel iktidar de\u011fi\u015fimlerinin kodlar\u0131n\u0131 ifade ediyor. Sezer&#39;in temsil etti\u011fi ekol\u00fcn gere\u011fi olarak yapt\u0131\u011f\u0131 &quot;kipa giymeme&quot; eyleminin, \u0130srail&#39;e ya da yahudilere y\u00f6nelik bir tav\u0131r olmad\u0131\u011f\u0131n\u0131; &quot;b\u00fct\u00fcn dinlere e\u015fit uzakl\u0131kta olma&quot; felsefesini yans\u0131tt\u0131\u011f\u0131n\u0131 da tespit edelim.<\/em><\/strong>  \t\t\t<\/p>\n<\/td>\n<\/tr>\n<\/tbody>\n<\/table>\n<p> \u00a0  <\/p>\n<p> D\u0131\u015f politikada beliren bu \u00e7ok ba\u015fl\u0131l\u0131\u011f\u0131n, T\u00fcrkiye&#39;ye as\u0131l faturas\u0131 \u0130ran meselesinde olacak. \u0130ran&#39;da Azeri muhalefetini \u00f6rg\u00fctlemeye \u00e7al\u0131\u015fan Mahmut \u00c7\u00f6hregani ile ilgili ya\u015fananlara bak\u0131l\u0131nca bunu \u015fimdiden g\u00f6rmek m\u00fcmk\u00fcn. \u00c7\u00f6hregani, \u0130nterpol taraf\u0131ndan aran\u0131rken rahatl\u0131kla T\u00fcrkiye&#39;ye geliyor, karargah kuruyor ve \u0130ran aleyhinde faaliyetlerinin merkezi olarak \u0130stanbul&#39;u se\u00e7iyor. Son dakikada D\u0131\u015fi\u015fleri Bakanl\u0131\u011f\u0131 taraf\u0131ndan yap\u0131lan bir uyar\u0131 ile g\u00f6zalt\u0131na al\u0131n\u0131yor ve s\u0131n\u0131rd\u0131\u015f\u0131 edilmesine karar veriliyor. Ancak malum medyada bu konuyla ilgili tuhaf senaryolar okuyoruz, bunlar\u0131n ayr\u0131nt\u0131lar\u0131 \u00e7ok da \u00f6nemli de\u011fil.  <\/p>\n<p> \u00c7\u00f6hregani&#39;yi al\u0131p \u0130stanbul&#39;a yerle\u015ftiren g\u00fcc\u00fcn de T\u00fcrkiye&#39;de bir kar\u015f\u0131l\u0131\u011f\u0131 oldu\u011funu unutmayal\u0131m. \u00dcstelik ortaya at\u0131lan senaryolara bak\u0131l\u0131rsa, bu kar\u015f\u0131l\u0131k &quot;resmi&quot; \u00f6zellikler ta\u015f\u0131maktad\u0131r. \u015eu halde Sezer&#39;in duru\u015funa tekrar d\u00f6nersek, \u0130ran meselesinde s\u0131cakl\u0131k artt\u0131k\u00e7a T\u00fcrkiye&#39;de beklenmedik safla\u015fmalar\u0131n olaca\u011f\u0131n\u0131 \u015fimdiden s\u00f6ylemek gerekiyor. Bug\u00fcn \u0130ran konusunda &quot;T\u00fcrkiye&#39;nin savunmas\u0131 hatt\u0131 \u0130ran&#39;dan ba\u015flar&quot; gibi s\u00fcsl\u00fc laflar edenleri, o g\u00fcn geldi\u011finde ara ki bulas\u0131n.  <\/p>\n<p> Cumhurba\u015fkan\u0131&#39;n\u0131n ziyareti son derece &quot;ayd\u0131nlat\u0131c\u0131&quot; olmu\u015ftur. Hamas&#39;a g\u00f6sterilen tav\u0131r, bizim co\u011frafyam\u0131z\u0131n yabanc\u0131s\u0131 oldu\u011fu bir bak\u0131\u015f de\u011fil. Tuhaf olan, Hamas&#39;\u0131 do\u011fru d\u00fcr\u00fcst muhatap alma konusunda sorumluluk sahibi olanlar\u0131n yapt\u0131klar\u0131.<a name=\"_ftnref1\" href=\"#_ftn1\" title=\"_ftnref1\">[1]<\/a>  <\/p>\n<p> <strong>Sezer&#39;in \u0130srail gezisi hukuksuzluk klasi\u011fidir&quot; <\/strong> <\/p>\n<p> <strong>\u00d6zg\u00fcr-Der Genel Ba\u015fkan\u0131 H\u00fclya \u015eekerci, Cumhurba\u015fkan\u0131 Ahmet Necdet Sezer&#39;in \u0130srail gezisini ele\u015ftirerek, &quot;Sezer&#39;in \u0130srail gezisi bir hukuksuzluk klasi\u011fidir&quot; dedi.<\/strong>  <\/p>\n<p> <strong>\u015eekerci, &quot;Cumhurba\u015fkan\u0131 Sezer&#39;in son \u0130srail gezisi ile ortaya \u00e7\u0131kan tablo bildik &#8216;bir devlet klasi\u011fidir&#39; ve &#8216;rutin d\u0131\u015f\u0131&#39; de\u011fildir. Sezer&#39;in i\u015fgal, katliam ve ambargo politikalar\u0131 ile \u00f6zde\u015f Siyonist \u0130srail&#39;e olan dostluk ve muhabbeti tarihe kaydedilmi\u015ftir. Ayn\u0131 \u015fekilde bu politikalar\u0131n kurban\u0131 Filistin halk\u0131na ve me\u015fru temsilcisi Hamas&#39;a kar\u015f\u0131 g\u00f6sterdi\u011fi yok say\u0131\u015f politikas\u0131 da tarihe kaydedilmi\u015ftir.&quot; diye konu\u015ftu. Sezer&#39;in, \u0130srail ziyaretiyle \u00fc\u00e7 temel \u00e7eli\u015fkiye imza att\u0131\u011f\u0131n\u0131 s\u00f6yleyen \u015eekerci, &quot;Birincisi; \u0131rk\u00e7\u0131l\u0131k ve ayr\u0131mc\u0131l\u0131k \u00fczerine y\u00fckseltilen bir i\u015fgal devletine herhangi bir itiraz ve ele\u015ftiri y\u00f6neltmeden dostluk mesajlar\u0131 veren Sezer, insanl\u0131k d\u00fc\u015fman\u0131 \u00e7eteci bir devlete destek verdi\u011fini b\u00fct\u00fcn d\u00fcnyaya ilan etmi\u015ftir. \u0130kinci olarak; topraklar\u0131 i\u015fgal alt\u0131nda tutulan ve sa\u011fl\u0131k, beslenme, e\u011fitim gibi en temel ya\u015fam haklar\u0131ndan dahi mahrum edilen Filistin halk\u0131n\u0131n me\u015fru temsilcisi Hamas H\u00fck\u00fcmeti&#39;yle g\u00f6r\u00fc\u015fmemek i\u00e7in Sezer ne hukukla ne de diplomatik nezaketle asla ba\u011fda\u015ft\u0131r\u0131lamayacak bir yok say\u0131\u015fa imza atm\u0131\u015ft\u0131r. Sezer, Filistin halk\u0131n\u0131n me\u015fru temsilcisini yok saymakla tek kelimeyle Filistin halk\u0131n\u0131 yok saym\u0131\u015ft\u0131r.&quot; \u015feklinde konu\u015ftu.<\/strong>  <\/p>\n<p> <strong>&#8216;Yahudi Kippas\u0131&#39;na ho\u015f g\u00f6r\u00fcl\u00fc<\/strong>  <\/p>\n<p> S\u00f6zlerine devam eden \u015eekerci, &quot;\u00dc\u00e7\u00fcnc\u00fc olarak; Sezer&#39;in Laiklik ve Kamusal Alan tabular\u0131n\u0131 \u0130slam inanc\u0131 ve M\u00fcsl\u00fcmanlar\u0131n haklar\u0131 s\u00f6z konusu oldu\u011fu zamanlarda bir dayatmaya, a\u00e7\u0131k\u00e7a bir zorbal\u0131\u011fa d\u00f6n\u00fc\u015ft\u00fcrd\u00fc\u011f\u00fc \u0130srail gezisiyle bir kez daha teyid edilmi\u015ftir. Dini sembollerden mesela M\u00fcsl\u00fcman kad\u0131n\u0131n ba\u015f\u00f6rt\u00fcs\u00fcne kar\u015f\u0131 maksimum derecede haz\u0131ms\u0131zl\u0131k duyan Sezer, mesela Yahudi Kippa&#39;s\u0131na maksimum d\u00fczeyde esnek ve ho\u015fg\u00f6r\u00fcl\u00fcd\u00fcr. Bu da g\u00f6steriyor ki Sezer&#39;in temsil etti\u011fi laiklik misyonunun temel derdi \u0130slam&#39;\u0131n ve M\u00fcsl\u00fcmanca ya\u015faman\u0131n T\u00fcrkiye&#39;de sosyal-siyasi hayattan silinmesi, bu ba\u015far\u0131lamad\u0131\u011f\u0131 taktirde minimize edilmesidir. Bu \u00e7izginin mesela \u0130srail&#39;deki laiklik d\u0131\u015f\u0131 pratiklerle bir meselesi yoktur.&quot; ifadelerini kulland\u0131.<a name=\"_ftnref2\" href=\"#_ftn2\" title=\"_ftnref2\">[2]<\/a>  <\/p>\n<p> <strong>Financial Times&#39;\u0131n Ortado\u011fu uzman\u0131 Henry Siegman:<\/strong>  <\/p>\n<p> <strong>Sorun Hamas de\u011fil, \u0130srail!<\/strong>  <\/p>\n<p> <strong>&quot;Hamas&#39;\u0131n \u0130srail&#39;e var olma hakk\u0131 verip vermemesi fark etmez. \u0130srail var, var olmayan Filistin devleti. Burada \u015fa\u015f\u0131rt\u0131c\u0131 olan Hamas&#39;\u0131n \u0130srail&#39;in dikte ettirdiklerini kabul etmemesi de\u011fil, uluslararas\u0131 toplumun \u00f6zellikle de AB&#39;nin Hamas&#39;\u0131 tecrit \u00e7abalar\u0131na destek vermesi.&quot;<\/strong>  <\/p>\n<p> Ortado\u011fu uzman\u0131 Henry Siegman, Financial Times gazetesinde yay\u0131mlanan makalesinde Hamas&#39;\u0131n durumunu irdeledi.  <\/p>\n<p> Siegman: &quot;Sorun Hamas&#39;\u0131n \u0130srail&#39;i tan\u0131mas\u0131 de\u011fil, \u0130srail&#39;in Filistin&#39;i tan\u0131mas\u0131d\u0131r. Filistin devleti i\u00e7in hala bir umut varsa bu referandumda de\u011fil, Hamas H\u00fck\u00fcmeti&#39;nin oyunu \u0130srail&#39;in kurallar\u0131yla oynamama \u0131srar\u0131ndad\u0131r. Siegman g\u00f6r\u00fc\u015flerini, \u0130srail istihbarat\u0131 Mossad&#39;\u0131n eski ba\u015fkan\u0131 Efraim Halevy&#39;nin g\u00f6r\u00fc\u015fleriyle desteklemi\u015f. Hamas rejimini devirmeye veya etkisiz k\u0131lmaya y\u00f6nelik giri\u015fimlerin yanl\u0131\u015f oldu\u011funu, \u00f6rg\u00fct\u00fcn Filistin toplumunun dokusunu yans\u0131tt\u0131\u011f\u0131n\u0131 belirten Halevy, &quot;Hamas&#39;\u0131n s\u00f6ylemine de\u011fil yapt\u0131\u011f\u0131na bak\u0131n&quot; diyor:  <\/p>\n<p> <strong>&quot;Hamas 18 ay \u00f6nce ate\u015fkes ilan etti ve Ba\u015fbakan \u0130smail Heniye bakanlar\u0131na \u0130srail ile uygulamaya y\u00f6nelik temas yollar\u0131n\u0131 ara\u015ft\u0131rma talimat\u0131 verdi. Hamas&#39;\u0131n \u0130srail&#39;e var olma hakk\u0131 verip vermemesi fark etmez. \u0130srail var, var olmayan Filistin devleti. Burada \u015fa\u015f\u0131rt\u0131c\u0131 olan Hamas&#39;\u0131n \u0130srail&#39;in dikte ettirdiklerini kabul etmemesi de\u011fil, uluslararas\u0131 toplumun \u00f6zellikle de AB&#39;nin Hamas&#39;\u0131 tecrit \u00e7abalar\u0131na destek vermesi. \u0130srail H\u00fck\u00fcmeti referanduma sunulacak plan onaylansa da bunu bar\u0131\u015f s\u00fcrecine zemin olarak g\u00f6rmeyece\u011fini a\u00e7\u0131klad\u0131. Bu durumda Avrupa liderleri Washington&#39;un iflah olmaz \u0130srail yanl\u0131s\u0131 siyasetlerini desteklemeyi s\u00fcrd\u00fcrecekler mi, yoksa Filistinlilerle yeniden temasa ge\u00e7ecekler mi? B\u00f6lgenin gelece\u011fini bu soruya verilecek cevap belirleyebilir.&quot;<\/strong>  <\/p>\n<p> <strong>\u0130srail sorununa tek \u00e7\u00f6z\u00fcm: Tarih bilgisi<\/strong>  <\/p>\n<p> <strong>&quot;\u0130srail-Filistin ziyareti&quot; ba\u015fl\u0131kl\u0131 insan\u0131n nefesini daraltan yaz\u0131n\u0131n m\u00fcellifini merak ediyorsan\u0131z hemen s\u00f6yleyelim: Resul Tosun!.. Daha birka\u00e7 y\u0131l \u00f6ncesine kadar, bu co\u011frafyan\u0131n insanlar\u0131na &#8216;y\u00f6r\u00fcnge&#39; \u00e7izme sevdas\u0131nda olan ve hali haz\u0131rda iktidar partisi saflar\u0131nda milletin vekilli\u011fini(!) yapan bir k\u00f6\u015fe yazar\u0131na ait. \u0130\u015fte say\u0131n vekilin yaz\u0131dan baz\u0131 sat\u0131rlar&#8230; &quot;Cumhurba\u015fkan\u0131m\u0131z Say\u0131n Ahmet Necdet Sezer \u0130srail ve Filistin&#39;e gidiyor. \u0130yi de ediyor. Politikalar\u0131n\u0131 be\u011fenmesek de ele\u015ftirsek de \u0130srail ile k\u00f6kl\u00fc devlet gelene\u011fi olan bir \u00fclke olarak ili\u015fkilerimizin \u00f6l\u00e7\u00fcl\u00fc ve dengeli bi\u00e7imde devam etmesi isabetlidir&quot;, &quot;B\u00f6lgenin en k\u00f6kl\u00fc devletlerinden biri olarak devletleraras\u0131 ili\u015fkilerin devam etmesi gayet tabiidir.&quot;, &quot;58 y\u0131l \u00f6nce kurulmu\u015f bir devlet olarak T\u00fcrkiye ile do\u011frudan sorun ya\u015famam\u0131\u015f \u0130srail ile T\u00fcrkiye&#39;nin ili\u015fkilerini s\u00fcrd\u00fcrmesi de devletleraras\u0131 ili\u015fkiler g\u00f6z \u00f6n\u00fcnde bulunduruldu\u011funda gayet normaldir.&quot;<\/strong>  <\/p>\n<table border=\"0\" cellspacing=\"0\" cellpadding=\"0\" width=\"100%\">\n<tbody>\n<tr>\n<td>\n<p> \t\t\t<strong><em>T\u00fcrkiye ile \u0130srail&#39;in aras\u0131nda &quot;sorun ya\u015fanmad\u0131\u011f\u0131n\u0131&quot;, &quot;\u0130srail&#39;in b\u00f6lgenin en k\u00f6kl\u00fc devletlerinden biri&quot; oldu\u011funu s\u00f6ylemek en iyimser yakla\u015f\u0131mla haf\u0131za kayb\u0131 olarak tan\u0131mlanabilir. Haf\u0131zas\u0131n\u0131 yitirmi\u015f; \u0130srail&#39;in sorunun nas\u0131l ba\u015flad\u0131\u011f\u0131n\u0131 hat\u0131rlamayan bir ki\u015finin\/toplumun ta\u015flar\u0131 do\u011fru yere yerle\u015ftirmesi ve hakikati g\u00fcn y\u00fcz\u00fcne \u00e7\u0131karmas\u0131 elbette d\u00fc\u015f\u00fcn\u00fclemez. Bu sebeple yap\u0131lmas\u0131 gerek ilk \u015fey unuttuklar\u0131m\u0131z\u0131 yeniden hat\u0131rlamakt\u0131r. \u0130srail, 1948&#39;de yani bundan yaln\u0131zca 58 y\u0131l \u00f6nce, i\u015fgal edilmi\u015f topraklar \u00fczerinde kurulmu\u015f bir gecekondudur. &quot;Barbarl\u0131\u011fa kar\u015f\u0131 uygarl\u0131\u011f\u0131n ileri karakolu&quot; olarak kurulan bu gecekondunun harc\u0131 kan ve g\u00f6zya\u015f\u0131, tu\u011flalar\u0131 insan bedenidir. \u0130srail, bayra\u011f\u0131 olan ama vatan\u0131 olmayan, ordusu ve konvansiyonel silahlar\u0131 olan ama halk\u0131 olmayan bir i\u015fgalcidir. Hakikat b\u00f6yle iken, &quot;\u0130srail&#39;in b\u00f6lgenin en k\u00f6kl\u00fc devletlerinden biri&quot; oldu\u011funu s\u00f6ylerseniz; Amerikan d\u0131\u015fi\u015fleri eski bakanlar\u0131ndan birinin &quot;Filistin meselesi tarihin en eski sorunlar\u0131ndan biridir&quot; dedi\u011finde, Edward Said&#39;in d\u0131\u015fi\u015fleri bakan\u0131na \u0130srail sorunun sadece 50 y\u0131ll\u0131k bir sorun oldu\u011funu hat\u0131rlatarak alay etti\u011fi gibi, alay konusu olursunuz.<\/em><\/strong>  \t\t\t<\/p>\n<p> \t\t\t<strong><em>E\u011fer say\u0131n vekil Filistin&#39;in T\u00fcrkiye&#39;ye ne kadar yak\u0131n oldu\u011funu g\u00f6remiyorsa kendisine, XVII. y\u00fczy\u0131l Kud\u00fcs \u015fer-i kay\u0131tlar\u0131n\u0131 incelemesini tavsiye ederiz. Eminiz ki, Nablus beylerbeyinin \u00f6nceki g\u00f6rev yerinin Erzurum ve Diyarbak\u0131r olmas\u0131, milletin vekiline unuttu\u011fu bir \u00e7ok \u015feyi hat\u0131rlamas\u0131nda yard\u0131mc\u0131 olacakt\u0131r. Yetmi\u015f, seksen sene insan \u00f6mr\u00fc i\u00e7in uzun bir zaman olsa da, devletler i\u00e7in \u00e7ok k\u0131sa bir zaman dilimidir. Hat\u0131rlay\u0131n, bundan yaln\u0131zca seksen sene evvel, Siyonistler \u0130ngilizlerle i\u015fbirli\u011fi yaparak bir &quot;\u0130srail devleti&quot; kurabilmek i\u00e7in bizi &quot;\u0130stiklal Harbi&quot; yapmaya mecbur b\u0131rakmad\u0131lar m\u0131? T\u00fcrkiye&#39;nin ilk Cumhurba\u015fkan\u0131 &quot;Filistin Cephesinde&quot; kiminle ve ne i\u00e7in sava\u015fm\u0131\u015ft\u0131? Birinci Cihan Harbinde General Albeny komutas\u0131ndaki \u0130ngiliz ve Siyonist birlikleri Kud\u00fcs&#39;e girdiklerinde, tam d\u00f6rt as\u0131r Osmanl\u0131 hakimiyetinde huzur i\u00e7erisinde ya\u015fam\u0131\u015f, \u015fehrin Yahudi sakinleri &quot;T\u00fcrkler ka\u00e7\u0131yor&quot;, &quot;Kurtulu\u015f g\u00fcn\u00fc geldi&quot; diye hayk\u0131rm\u0131yorlar m\u0131yd\u0131?<\/em><\/strong>  \t\t\t<\/p>\n<\/td>\n<\/tr>\n<\/tbody>\n<\/table>\n<p> \u00a0  <\/p>\n<p> \u00a0End\u00fcl\u00fcs&#39;te katliamlar ba\u015flay\u0131nca Osmanl\u0131ya s\u0131\u011f\u0131narak canlar\u0131n\u0131 kurtaran Yahudilerin, \u0130srail devletini kurabilmek i\u00e7in Osmanl\u0131 Devletinin par\u00e7alanmas\u0131nda \u0130ngilizlerle yapt\u0131klar\u0131 i\u015fbirli\u011fini, ba\u015fta liderleri Ben Gurion&#39;un hat\u0131ralar\u0131 olmak \u00fczere bir \u00e7ok kaynakta g\u00f6rmek m\u00fcmk\u00fcnd\u00fcr. \u0130ngiliz askerleri Kud\u00fcs&#39;\u00fc i\u015fgal ederken Yahudi k\u0131zlar\u0131 da y\u00fczlerindeki tebess\u00fcm ile alk\u0131\u015f tutuyorlard\u0131. Ancak Kud\u00fcs&#39;te ya\u015fayan Filistin halk\u0131n\u0131n g\u00f6zlerinde ise ya\u015f vard\u0131. Onlar d\u00fc\u015fman \u0130zmir&#39;de denize d\u00f6k\u00fcl\u00fcnceye kadar g\u00f6zlerinden bu ya\u015f\u0131 eksik etmediler. D\u00fc\u015fman\u0131n denize d\u00f6k\u00fcld\u00fc\u011f\u00fc haberiyle birlikte Nablus&#39;ta Gazze&#39;de bayraklar as\u0131p, el-Aksa ba\u015fta olmak \u00fczere t\u00fcm camilerde \u015f\u00fck\u00fcr namazlar\u0131 k\u0131ld\u0131lar.  <\/p>\n<p> <strong>Ba\u015f\u0131ndan beri yapt\u0131\u011f\u0131m\u0131z t\u00fcm tarih okumalar\u0131 g\u00f6stermekte ki; \u0130srail, b\u00f6lgenin en k\u00f6ks\u00fcz devletlerinden ve T\u00fcrkiye&#39;nin Anadolu co\u011frafyas\u0131na s\u0131k\u0131\u015ft\u0131r\u0131lmas\u0131n\u0131n en \u00f6nemli m\u00fcsebbiplerindendir. Say\u0131n vekil gibi ta\u015flar\u0131 do\u011fru yere yerle\u015ftirmekte zorlananlar da fark\u0131nda olmadan; \u0130srail&#39;in, Nil&#39;den F\u0131rat&#39;a kadar uzanan Arz-\u0131 Mevud hayalini ger\u00e7ekle\u015ftirmek i\u00e7in, T\u00fcrkiye topraklar\u0131n\u0131 elde etmesinin ta\u015flar\u0131n\u0131 d\u00f6\u015femesine yard\u0131mc\u0131 oluyorlar. \u0130sterseniz burada s\u00f6z\u00fc \u00fcnl\u00fc Arap \u015fairi Nizar Kabb\u00e2n\u00ee&#39;ye verelim ve Kud\u00fcs Fatihi Selahaddin Eyyubi&#39;ye; &quot;Seni ve bizi satt\u0131lar ey Selahaddin&quot; diye seslendi\u011fi, &quot;H\u00e2lid bin Vel\u00eed&#39;in i\u015ften \u00e7\u0131kar\u0131ld\u0131\u011f\u0131n\u0131n resmidir&quot; \u015fiirinden birka\u00e7 m\u0131sra ile yaz\u0131m\u0131z\u0131 sonland\u0131ral\u0131m: &quot;\u00d6yle bir zaman m\u0131 geldi ki \/ G\u00fclle kar\u015f\u0131l\u0131yoruz \u0130srail&#39;i \/ Binlerce g\u00fcvercinle, mill\u00ee mar\u015fla \/ Hi\u00e7bir \u015fey anlamad\u0131m yavrum \/ Hi\u00e7bir \u015fey anlam\u0131yorum!&quot;<a name=\"_ftnref3\" href=\"#_ftn3\" title=\"_ftnref3\"><strong>[3]<\/strong><\/a><\/strong>  <\/p>\n<p> <strong>Timsah g\u00f6zya\u015flar\u0131 m\u0131?<\/strong>  <\/p>\n<p> Bir taraftan Ba\u015fkent Ankara&#39;da Yahudilerle kol kola girip Glocal Forum&#39;lar d\u00fczenleyip maddi ve manevi desteklerinizi esirgemeyeceksiniz, bir taraftan da Gazze&#39;de ya\u015fananlar\u0131 kimsenin g\u00f6rmezlikten gelemeyece\u011fini s\u00f6yleyip \u0130srail&#39;in yapt\u0131klar\u0131n\u0131n \u00e7ok yanl\u0131\u015f oldu\u011funu ifade edeceksiniz!  <\/p>\n<p> Bunlar timsah g\u00f6zya\u015flar\u0131 m\u0131 acaba diye kendimize sormadan edemedik! \u0130srail b\u00f6yle bir sald\u0131r\u0131y\u0131 ilk defa m\u0131 sergiliyor?  <\/p>\n<p> Bug\u00fcne kadar hep bar\u0131\u015f\u00e7\u0131 davrand\u0131 da bug\u00fcn m\u00fc b\u00f6yle sald\u0131r\u0131ya ge\u00e7ti?  <\/p>\n<p> Siz, eli kanl\u0131 bir devletin mensuplar\u0131 ile Ba\u015fkent Ankara&#39;da kol kola girerken bu \u00fclkenin daha \u00f6nceki icraatlar\u0131ndan hepten habersiz miydiniz?  <\/p>\n<p> <strong>Kippal\u0131 adam ve 1 \u015eabat \u015eeriat\u0131!?<\/strong>  <\/p>\n<p> Masa olduk\u00e7a kalabal\u0131k..  <\/p>\n<p> David Kimche. D\u00fcnya Glokal Forum Ba\u015fkan\u0131..  <\/p>\n<p> Glokal&#39;in Ba\u015fkan\u0131 olmadan \u00f6nce Mossad&#39;\u0131n Ba\u015fkan\u0131yd\u0131&#8230;  <\/p>\n<p> Hemen yan\u0131nda \u0130srael Singer..  <\/p>\n<p> D\u00fcnya Yahudi Kongresi Politika Konseyi Ba\u015fkan\u0131..  <\/p>\n<p> Sonra Walter Kasper&#8230; Kardinal&#8230; Papa&#39;n\u0131n sa\u011f kolu&#8230;  <\/p>\n<p> Ve daha bir s\u00fcr\u00fc isim&#8230;  <\/p>\n<p> 4 g\u00fcn boyunca Ankara Sharaton Hotel&#39;de Medeniyetler Bulu\u015fmas\u0131 yapt\u0131lar&#8230;  <\/p>\n<p> Ayn\u0131 4 g\u00fcn boyunca, \u0130srail y\u00f6netimi f\u00fczelerle Bat\u0131 \u015eeria ve Gazze&#39;ye sald\u0131rd\u0131.. Filistin&#39;li 8 Bakan\u0131 tutuklad\u0131. Filistin Ba\u015fbakan\u0131 Haniye&#39;nin ofisini bombalad\u0131.  <\/p>\n<p> Glokal Forum&#39;a, Melih G\u00f6k\u00e7ek ve Ankara B\u00fcy\u00fck\u015fehir Belediyesi ev sahipli\u011fi yapt\u0131.  <\/p>\n<p> A\u00e7\u0131l\u0131\u015f\u0131n\u0131 ise hi\u00e7bir medeniyetler bulu\u015fmas\u0131 toplant\u0131s\u0131n\u0131 ka\u00e7\u0131rmayan Ba\u015fbakan Tayyip Erdo\u011fan yapt\u0131..  <\/p>\n<p> \u0130\u015fte bu medeniyetler bulu\u015fmas\u0131ndan Cumartesi g\u00fcn\u00fc ilgin\u00e7 bir olay ya\u015fand\u0131. Sunucu \u0130srael Singer&#39;i anons etti. Anonsla birlikte salondaki b\u00fct\u00fcn g\u00f6zler k\u00fcrs\u00fcye y\u00f6neldi. \u00c7\u00fcnk\u00fc sunucu &quot;B\u00fct\u00fcn mikrofonlar\u0131n kapat\u0131laca\u011f\u0131n\u0131 ve \u0130srael Singer&#39;in mikrofonsuz konu\u015faca\u011f\u0131n\u0131&quot; s\u00f6ylemi\u015fti. \u00d6nce herkese \u015faka gibi geldi. Ama mikrofonlar ger\u00e7ekten kapat\u0131ld\u0131\u011f\u0131nda ve \u0130srael Singer ba\u015f\u0131nda kippa&#39;s\u0131yla, konu\u015fmas\u0131n\u0131 ger\u00e7ekten mikrofonsuz yap\u0131nca ciddiyeti anla\u015f\u0131ld\u0131. Mikrofon kullanmad\u0131\u011f\u0131 i\u00e7in terc\u00fcme yap\u0131lamad\u0131. Hi\u00e7 kimse hi\u00e7bir bir \u015fey duymad\u0131 ama yine de \u0130srael Singer mikrofonu eline almad\u0131.  <\/p>\n<p> Peki neden? \u00c7\u00fcnk\u00fc o g\u00fcn Cumartesi g\u00fcn\u00fcyd\u00fc. Yani Yahudi inanc\u0131ndaki \u015eabat G\u00fcn\u00fc.. \u015eabat g\u00fcn\u00fc Cuma gecesi ba\u015flar ve Cumartesi gecesi y\u0131ld\u0131zlar\u0131n belirmesiyle sona ererdi. Yahudilere g\u00f6re \u015eabat haftan\u0131n krali\u00e7esiydi. \u015eabat kutsal g\u00fcnd\u00fc. Ve her Yahudi \u015eabat&#39;a sayg\u0131 g\u00f6stermek zorundayd\u0131. \u0130\u015fte sorunun cevab\u0131da buradayd\u0131: \u00d6zellikle &quot;Radikal Yahudiler!&quot;\u00a0 \u015eabat&#39;a sayg\u0131s\u0131zl\u0131k olarak g\u00f6rd\u00fckleri i\u00e7in cumartesi g\u00fcnleri teknolojik alet kullanmazd\u0131! Bu y\u00fczden \u0130srael Singer, mikrofonlar\u0131 kapatt\u0131rm\u0131\u015ft\u0131!.  <\/p>\n<p> \u0130nsan merak ediyor, acaba ayn\u0131 toplant\u0131da, bir konu\u015fmac\u0131 &quot;Ezan okunuyor&quot; diye konu\u015fmas\u0131na iki dakika ara verse ne olurdu?  <\/p>\n<p> Gerici olurdu, irticac\u0131 olurdu, radikal olurdu, fundamentalist olurdu, hatta &quot;Medeniyetler bulu\u015fmas\u0131n\u0131 sabote eden&quot; provakat\u00f6r olurdu!  <\/p>\n<p> Peki bu durumda \u0130srael Singer ne oluyor?  <\/p>\n<p> Herhalde cevab\u0131n\u0131 medeniyetler bulu\u015fmas\u0131 i\u00e7in seferber olanlara sormak laz\u0131m..  <\/p>\n<p> Ne dersiniz Tayyip Bey, Melih Bey&#8230;  <\/p>\n<p> <strong>AKP iktidar\u0131nda kilise patlamas\u0131!<\/strong>  <\/p>\n<p> Son \u00fc\u00e7 y\u0131lda 300&#39;den fazla kilise a\u00e7\u0131ld\u0131\u011f\u0131n\u0131&#8230;  <\/p>\n<p> Sadece \u0130stanbul&#39;da 126 kilise, 4 dergi, 7 gazete, 12 internet sitesi, 6 radyo, 6 \u015firket, 44 vak\u0131f ve 2 yay\u0131nevinin misyonerlik faaliyeti y\u00fcr\u00fctt\u00fc\u011f\u00fcn\u00fc&#8230;  <\/p>\n<p> \u00dclkemizdeki misyonerlerin G\u00fcney Kore, ABD, \u0130ngiltere, Yeni Zelanda, Avusturya, Almanya, \u0130sve\u00e7 ve Romanya gibi \u00fclkelerden geldi\u011fini&#8230;  <\/p>\n<p> \u0130lk misyoner Aziz Pavlus&#39;un ilk misyonerlik faaliyetlerini Anadolu&#39;da yapt\u0131\u011f\u0131n\u0131&#8230;  <\/p>\n<p> Bu y\u00fczden misyonerlerin en fazla \u00f6nemi Anadolu&#39;ya sayd\u0131\u011f\u0131n\u0131 biliyor musunuz?<a name=\"_ftnref4\" href=\"#_ftn4\" title=\"_ftnref4\">[4]<\/a>  <\/p>\n<p> <\/p>\n<hr \/>\n<p> <a name=\"_ftn1\" href=\"#_ftnref1\" title=\"_ftn1\">[1]<\/a> Nasuhi G\u00fcng\u00f6r \/ Milli Gazete \/ 15.06.2006  <\/p>\n<p> <a name=\"_ftn2\" href=\"#_ftnref2\" title=\"_ftn2\">[2]<\/a> Milli Gazete \/ 09.06.2006  <\/p>\n<p> <a name=\"_ftn3\" href=\"#_ftnref3\" title=\"_ftn3\">[3]<\/a> Ayhan Demir \/ Milli Gazete \/ 13.06.2006  <\/p>\n<p> <a name=\"_ftn4\" href=\"#_ftnref4\" title=\"_ftn4\">[4]<\/a> Kulis Ankara \/ Milli Gazete \/ 04.06.2006  <\/p>\n","protected":false},"excerpt":{"rendered":"<p>\u00a0  <\/p>\n<p> <strong><em>Sezer&#39;den \u0130srail&#39;e g\u00fcvence: &quot;Hamas&#39;\u0131\u00a0 devlet de\u011fil, AKP \u00e7a\u011f\u0131rd\u0131!&quot;<\/em><\/strong>  <\/p>\n<p> <strong><em>Cumhurba\u015fkan\u0131 Ahmet Necdet Sezer&#39;in Ortado\u011fu ziyaretine HAMAS&#39;a kar\u015f\u0131 tavr\u0131 damgas\u0131n\u0131 vurdu. \u0130srail Cumhurba\u015fkan\u0131&#39;na &quot;HAMAS&#39;\u0131 devlet de\u011fil AKP \u00e7a\u011f\u0131rd\u0131&quot; diyerek sanki \u00f6z\u00fcr dileyen Sezer, team\u00fclleri de\u011fi\u015ftirerek Filistin h\u00fck\u00fcmeti ile g\u00f6r\u00fc\u015fmedi. Buna kar\u015f\u0131l\u0131k \u0130srail Meclisi&#39;nde konu\u015ftu, \u0130srail Ba\u015fbakan\u0131&#39;n\u0131 kabul etti. Cumhurba\u015fkan\u0131 Ahmet Necdet Sezer, 1999 y\u0131l\u0131nda S\u00fcleyman Demirel&#39;in ziyaretinden sonra \u0130srail&#39;e giden ilk Cumhurba\u015fkan\u0131 oldu. 7-8 Haziran tarihlerinde ger\u00e7ekle\u015fen ziyaret, HAMAS tart\u0131\u015fmalar\u0131 g\u00f6lgesinde yap\u0131ld\u0131. Sezer, Filistin&#39;le ili\u015fkilerine HAMAS d\u00fczenlemesi getirdi. HAMAS&#39;\u0131n Ankara ziyaretine ABD&#39;nin ve \u0130srail&#39;in tepki g\u00f6stermesi \u00fczerine yap\u0131lan d\u00fczenleme, Filistin&#39;de se\u00e7ilmi\u015f h\u00fck\u00fcmeti yok sayd\u0131. Program\u0131n belirlenmesi a\u015famas\u0131nda Ankara&#39;da yo\u011fun tart\u0131\u015fmalara neden olan HAMAS g\u00f6r\u00fc\u015fmesi, team\u00fcllere ayk\u0131r\u0131 \u015fekilde programdan \u00e7\u0131kar\u0131ld\u0131.<\/em><\/strong>  <\/p>\n<p> <strong><em>Protokol kurallar\u0131n\u0131n de\u011fi\u015ftirildi\u011fi ziyarette, Sezer, Filistin taraf\u0131ndan sadece Devlet Ba\u015fkan\u0131 Mahmut Abbas&#39;la (Ebu Mazen) g\u00f6r\u00fc\u015ft\u00fc. \u0130srail taraf\u0131nda ise Cumhurba\u015fkan\u0131, Meclis Ba\u015fkan\u0131 ve h\u00fck\u00fcmet ile g\u00f6r\u00fc\u015fme yap\u0131ld\u0131.<\/em><\/strong>  <\/p>\n<p> <strong><em>Cumhurba\u015fkan\u0131 Sezer, \u0130srail Cumhurba\u015fkan\u0131 Mo\u015fe Katsav&#39;a &quot;Hamas&#39;\u0131 devlet de\u011fil, AKP \u00e7a\u011f\u0131rd\u0131. \u015eu anda iktidar olsa bile bu, devletin politikas\u0131n\u0131 yans\u0131tm\u0131yor&quot; diyerek, Siyonist katillerin g\u00f6nl\u00fcn\u00fc ald\u0131.<\/em><\/strong>  <\/p>\n<p> <strong><em>\u0130srail&#39;de yo\u011fun ilgiyle kar\u015f\u0131lanan Sezer&#39;in \u0130srail parlamentosu Knesset&#39;teki konu\u015fmas\u0131 alk\u0131\u015fland\u0131. Sezer&#39;in ziyaretine geni\u015f yer veren \u0130srail medyas\u0131 da Sezer&#39;i &quot;T\u00fcrkiye&#39;nin \u00e7a\u011fda\u015f y\u00fcz\u00fc&quot; olarak tan\u0131mlad\u0131.!? T\u00fcrkiye&#39;de Laiklik konusunda ve ba\u015f\u00f6rt\u00fcs\u00fc kar\u015f\u0131s\u0131nda \u00e7ok titiz olan Sn. Sezer&#39;in Kabala \u015feriat\u0131na ba\u011fl\u0131 bir din devleti olan \u0130srail&#39;e hayranl\u0131\u011f\u0131 ve h\u00fcrmetk\u00e2rl\u0131\u011f\u0131 dikkatlerden ka\u00e7mad\u0131.<\/em><\/strong>  <\/p>\n","protected":false},"author":12,"featured_media":0,"comment_status":"open","ping_status":"closed","sticky":false,"template":"","format":"standard","meta":{"footnotes":""},"categories":[32],"tags":[],"class_list":["post-109","post","type-post","status-publish","format-standard","hentry","category-agustos-2006"],"_links":{"self":[{"href":"https:\/\/www.millicozum.com\/mc\/wp-json\/wp\/v2\/posts\/109","targetHints":{"allow":["GET"]}}],"collection":[{"href":"https:\/\/www.millicozum.com\/mc\/wp-json\/wp\/v2\/posts"}],"about":[{"href":"https:\/\/www.millicozum.com\/mc\/wp-json\/wp\/v2\/types\/post"}],"author":[{"embeddable":true,"href":"https:\/\/www.millicozum.com\/mc\/wp-json\/wp\/v2\/users\/12"}],"replies":[{"embeddable":true,"href":"https:\/\/www.millicozum.com\/mc\/wp-json\/wp\/v2\/comments?post=109"}],"version-history":[{"count":0,"href":"https:\/\/www.millicozum.com\/mc\/wp-json\/wp\/v2\/posts\/109\/revisions"}],"wp:attachment":[{"href":"https:\/\/www.millicozum.com\/mc\/wp-json\/wp\/v2\/media?parent=109"}],"wp:term":[{"taxonomy":"category","embeddable":true,"href":"https:\/\/www.millicozum.com\/mc\/wp-json\/wp\/v2\/categories?post=109"},{"taxonomy":"post_tag","embeddable":true,"href":"https:\/\/www.millicozum.com\/mc\/wp-json\/wp\/v2\/tags?post=109"}],"curies":[{"name":"wp","href":"https:\/\/api.w.org\/{rel}","templated":true}]}}