{"id":1098,"date":"2007-11-01T03:37:43","date_gmt":"2007-11-01T03:37:43","guid":{"rendered":"https:\/\/www.millicozum.com\/mc\/2007\/11\/01\/nleer-enerj-ekonom-stratej-ve-psoloj-der\/"},"modified":"2007-11-01T03:37:43","modified_gmt":"2007-11-01T03:37:43","slug":"nukleer-enerjinin-ekonomik-stratejik-ve-psikolojik-degeri","status":"publish","type":"post","link":"https:\/\/www.millicozum.com\/mc\/2007\/kasim-2007\/nukleer-enerjinin-ekonomik-stratejik-ve-psikolojik-degeri\/","title":{"rendered":"N\u00dcKLEER ENERJ\u0130N\u0130N EKONOM\u0130K, STRATEJ\u0130K VE PS\u0130KOLOJ\u0130K DE\u011eER\u0130"},"content":{"rendered":"<p>\u00a0  <\/p>\n<p> <strong>N\u00fckleer enerji T\u00fcrkiye&#39;nin zorunlu ihtiyac\u0131d\u0131r!<\/strong> <\/p>\n<p> ATO taraf\u0131ndan haz\u0131rlanan raporda, T\u00fcrkiye&#39;nin enerjide y\u00fczde 70 oran\u0131nda d\u0131\u015fa ba\u011f\u0131ml\u0131l\u0131\u011f\u0131 da dikkate al\u0131nd\u0131\u011f\u0131nda n\u00fckleer santral kurman\u0131n, tercih de\u011fil zorunluluk haline geldi\u011fi vurgulan\u0131yordu. <\/p>\n<p align=\"justify\"> T\u00fcrkiye elektri\u011fin y\u00fczde 46.6&#39;s\u0131n\u0131 yerli, y\u00fczde 53.4&#39;\u00fcn\u00fc ithal kaynaklardan elde ediyor. T\u00fcrkiye, artan talebi kar\u015f\u0131lamak i\u00e7in her y\u0131l 12-13 milyar kilovat saatlik elektrik \u00fcretmek zorunda. <\/p>\n<p align=\"justify\"> &quot;N\u00fckleer Enerjide Acil Durum&quot; konulu raporda, T\u00fcrkiye i\u00e7in n\u00fckleer santral\u0131n tercih de\u011fil, zorunluluk haline geldi\u011fi belgeleniyor. T\u00fcrkiye Atom Enerjisi Kurumu (TAEK), Enerji ve Tabii Kaynaklar Bakanl\u0131\u011f\u0131, D\u00fcnya Enerji Konseyi T\u00fcrk Milli Komitesi, Enerji Piyasas\u0131 D\u00fczenleme Kurulu ve Uluslararas\u0131 Atom Enerjisi Ajans\u0131 verilerinden yararlanarak haz\u0131rlanan rapora g\u00f6re, 2007 Mart ay\u0131 itibariyle, d\u00fcnyada 31 \u00fclkede ticari olarak i\u015fletilmekte olan 435 n\u00fckleer santral bulunuyor. <\/p>\n<p align=\"justify\"> Hindistan&#39;da 7, Rusya&#39;da 5, \u00c7in&#39;de 5, Bulgaristan&#39;da 2, Tayvan&#39;da 2, Ukrayna&#39;da 2, Arjantin, Finlandiya, \u0130ran, Japonya, Kore, Pakistan ve Romanya&#39;da birer adet olmak \u00fczere toplam 30 n\u00fckleer santral in\u015faat\u0131 da devam ediyor. D\u00fcnyada i\u015fletilmekte olan n\u00fckleer santrallerin toplam kapasitesi 368 bin 744 MWe (megavat elektrik g\u00fcc\u00fc). N\u00fckleer enerji, d\u00fcnya elektrik talebinin yakla\u015f\u0131k y\u00fczde 16&#39;s\u0131n\u0131 kar\u015f\u0131l\u0131yor. Bir ba\u015fka ifade ile d\u00fcnya \u00fczerinde her 6 ampulden biri n\u00fckleer enerji ile yan\u0131yor. <\/p>\n<p align=\"justify\"> N\u00fckleer santral say\u0131s\u0131nda, ABD ba\u015f\u0131 \u00e7ekiyor. 103 n\u00fckleer santrali bulunan ABD&#39;yi 59 santral ile Fransa izliyor. 55 santral ile Japonya \u00fc\u00e7\u00fcnc\u00fc, 31 santral ile Rusya d\u00f6rd\u00fcnc\u00fc s\u0131rada bulunuyor. T\u00fcrkiye&#39;de ise 5 MW ve 250 KW g\u00fcc\u00fcnde iki adet ara\u015ft\u0131rma reakt\u00f6r\u00fc bulunuyor. \u0130lkini TAEK ile \u00c7ekmece N\u00fckleer Ara\u015ft\u0131rma ve E\u011fitim Merkezi, ikincisini ise \u0130stanbul Teknik \u00dcniversitesi Enerji Enstit\u00fcs\u00fc i\u015fletiyor. <\/p>\n<p> <strong> <\/p>\n<p align=\"justify\"> Fransa&#39;da elektri\u011fin y\u00fczde 78.5&#39;i n\u00fckleerden <\/p>\n<p align=\"justify\"> 2005 y\u0131l\u0131 rakamlar\u0131na g\u00f6re, n\u00fckleer santral bulunan \u00fclkelerde n\u00fckleer enerjinin elektrik \u00fcretimi i\u00e7indeki pay\u0131, Fransa&#39;da y\u00fczde 78,5, Litvanya&#39;da y\u00fczde 69,6, Slovakya&#39;da y\u00fczde 56,1, Bel\u00e7ika&#39;da y\u00fczde 55,6, Ukrayna&#39;da ise y\u00fczde 48,5. <\/p>\n<p align=\"justify\"> Di\u011fer baz\u0131 \u00fclkelerde n\u00fckleer enerjinin elektrik \u00fcretimi i\u00e7indeki pay\u0131 \u015f\u00f6yle: &quot;\u0130sve\u00e7&#39;te y\u00fczde 44,9, Kore&#39;de y\u00fczde 44,7, Bulgaristan&#39;da y\u00fczde 44,1, Ermenistan&#39;da y\u00fczde 42,7, Slovenya&#39;da y\u00fczde 42,4, Macaristan&#39;da y\u00fczde 37,2, Finlandiya&#39;da y\u00fczde 32,9, \u0130svi\u00e7re&#39;de y\u00fczde 32,1, Almanya&#39;da y\u00fczde 31,1, \u00c7ek Cumhuriyeti&#39;nde y\u00fczde 30,5, Japonya&#39;da y\u00fczde 29,3, \u0130ngiltere&#39;de y\u00fczde 19,9, \u0130spanya&#39;da y\u00fczde 19,6, ABD&#39;de y\u00fczde 19,3, Rusya&#39;da y\u00fczde 15,8, Kanada&#39;da y\u00fczde 14,6, Romanya&#39;da y\u00fczde 8,6, Arjantin&#39;de y\u00fczde 6,9, G\u00fcney Afrika&#39;da y\u00fczde 5,5, Meksika&#39;da y\u00fczde 5, Hollanda&#39;da y\u00fczde 3,9, Hindistan ve Pakistan&#39;da y\u00fczde 2,8, Brezilya&#39;da y\u00fczde 2,5 ve \u00c7in&#39;de y\u00fczde 2.&quot; Fransa, toplam elektrik \u00fcretiminin y\u00fczde 78,5&#39;ini n\u00fckleer enerjiden sa\u011flarken, ayn\u0131 zamanda n\u00fckleer enerjiye dayal\u0131 bir enerji ihracat\u00e7\u0131s\u0131 konumuna geldi. <\/p>\n<p align=\"justify\"> T\u00fcrkiye&#39;nin \u00e7evresi n\u00fckleer santrallerle dolu <\/p>\n<p> <\/strong> <\/p>\n<p align=\"justify\"> \u00c7ernobil n\u00fckleer santral kazas\u0131n\u0131n da etkisiyle T\u00fcrkiye&#39;de baz\u0131 \u00e7evreler n\u00fckleer santral yap\u0131m\u0131na kar\u015f\u0131 \u00e7\u0131k\u0131yor. Oysa, T\u00fcrkiye&#39;nin etraf\u0131 n\u00fckleer santraller ile \u00e7evrili. T\u00fcrkiye&#39;ye 16 kilometre uzakl\u0131ktaki s\u0131n\u0131r kom\u015fusu Ermenistan&#39;da, Uluslararas\u0131 Atom Enerji Ajans\u0131&#39;n\u0131n standartlar\u0131na g\u00f6re g\u00fcvenlik a\u00e7\u0131s\u0131ndan son s\u0131ray\u0131 alan Metsamor N\u00fckleer Santrali bulunuyor. Bir di\u011fer s\u0131n\u0131r kom\u015fusu Bulgaristan&#39;da ise 2 adet n\u00fckleer santral faaliyet g\u00f6steriyor. Bulgaristan&#39;da 2 adet, \u0130ran&#39;da ise 1 adet n\u00fckleer santral yap\u0131m\u0131 s\u00fcr\u00fcyor. <\/p>\n<p> <strong> <\/p>\n<p align=\"justify\"> Tercih de\u011fil, zorunluluk <\/p>\n<p> <\/strong> <\/p>\n<p align=\"justify\"> 2006 y\u0131l\u0131nda t\u00fcketilen 175,8 milyar kwh elektri\u011fin y\u00fczde 44&#39;\u00fc do\u011fal gazdan, y\u00fczde 25,11&#39;i sudan, y\u00fczde 18,37&#39;si linyitten, y\u00fczde 7,96&#39;s\u0131 ta\u015f k\u00f6m\u00fcr\u00fcnden, y\u00fczde 3,04&#39;\u00fc fuel oil&#39;den elde edildi. Bir ba\u015fka ifadeyle 2006&#39;da elektri\u011fin y\u00fczde 46,6&#39;s\u0131 yerli, y\u00fczde 53,4&#39;\u00fc ithal kaynaklardan \u00fcretildi. Elektrik talebi y\u0131lda ortalama y\u00fczde 8 artan T\u00fcrkiye, her y\u0131l 12-13 milyar kilovat saatlik elektrik \u00fcretimine ihtiya\u00e7 duyuyor. \u00d6n\u00fcm\u00fczdeki 15 y\u0131l i\u00e7inde sadece elektri\u011fe 130 milyar dolarl\u0131k yat\u0131r\u0131m yap\u0131lmas\u0131 gerekiyor. Do\u011fal gaz\u0131n vanas\u0131n\u0131 b\u00fcy\u00fck \u00f6l\u00e7\u00fcde Rusya elinde tutuyor. T\u00fcrkiye, 2006 y\u0131l\u0131nda 30,8 milyar metrek\u00fcp do\u011fal gaz t\u00fcketirken, bunun 19,5 milyar metrek\u00fcp\u00fcn\u00fc (y\u00fczde 64) Rusya&#39;dan, 5,7 milyar metrek\u00fcp\u00fcn\u00fc \u0130ran&#39;dan, 4,2 milyar metrek\u00fcp\u00fcn\u00fc Cezayir&#39;den, 1,1 milyar metrek\u00fcp\u00fcn\u00fc Nijerya&#39;dan ald\u0131. T\u00fcrkiye&#39;de 6,4 milyar metrek\u00fcpl\u00fck \u00fcretilebilir do\u011fal gaz rezervi bulunurken, 900 bin metrek\u00fcp\u00fc 2006 y\u0131l\u0131nda olmak \u00fczere bug\u00fcne kadar toplam 1 milyar metrek\u00fcp do\u011fal gaz \u00fcretildi. 2007 y\u0131l\u0131nda ise 1 milyar 161 milyon metrek\u00fcp do\u011fal gaz \u00e7\u0131kar\u0131lmas\u0131 hedefleniyor. <\/p>\n<p align=\"justify\"> T\u00fcrkiye enerjide y\u00fczde 70 oran\u0131nda d\u0131\u015fa ba\u011f\u0131ml\u0131. 2006 y\u0131l\u0131nda enerji ihtiyac\u0131n\u0131 kar\u015f\u0131lamak i\u00e7in, 28,5 milyon ton petrol, 27,4 milyon ton petrol e\u015fde\u011feri do\u011fal gaz, 28,8 milyon ton petrol e\u015fde\u011feri k\u00f6m\u00fcr ve 9,9 milyon ton petrol e\u015fde\u011feri su kulland\u0131. Rapora g\u00f6re, T\u00fcrkiye&#39;nin y\u00fczde 70 oran\u0131nda d\u0131\u015fa ba\u011f\u0131ml\u0131l\u0131\u011f\u0131 da dikkate al\u0131nd\u0131\u011f\u0131nda n\u00fckleer santral kurmak, tercih de\u011fil zorunluluk haline gelmi\u015f bulunuyor. <\/p>\n<p> <strong> <\/p>\n<p align=\"justify\"> N\u00fckleer enerjide son durum <\/p>\n<p> <\/strong> <\/p>\n<p align=\"justify\"> 5654 say\u0131l\u0131 N\u00fckleer G\u00fc\u00e7 Santrallerinin Kurulmas\u0131 ve \u0130\u015fletilmesi \u0130le Enerji Sat\u0131\u015f\u0131na \u0130li\u015fkin Yasa \u00c7ankaya K\u00f6\u015fk\u00fc&#39;nden geri d\u00f6nd\u00fc. Yasan\u0131n \u00fc\u00e7 maddesini veto eden Cumhurba\u015fkan\u0131 Ahmet Necdet Sezer, n\u00fckleer santral kurulmas\u0131na vize veriyor ancak santrali kuracak \u015firketin yap\u0131s\u0131 ve denetimine itiraz ediyor. T\u00fcrkiye&#39;de n\u00fckleer santral yap\u0131m\u0131yla Ko\u00e7, Sabanc\u0131, Ciner, Do\u011fu\u015f, Zorlu, Ak Enerji, Tefken, \u00c7al\u0131k ve Akk\u00f6k gibi b\u00fcy\u00fck holdinglerin de i\u00e7inde bulundu\u011fu 18 yerli grup ilgileniyor. Santral yap\u0131m\u0131yla ilgilenen firmalar yasan\u0131n \u00e7\u0131kmas\u0131n\u0131 bekliyor. <\/p>\n<p align=\"justify\"> T\u00fcrkiye, 2020 y\u0131l\u0131na kadar Sinop ve Akkuyu&#39;da 5 bin megavatl\u0131k santral kurmay\u0131 hedefliyor. Firmalar\u0131n tekliflerinin 15 y\u0131l boyunca en ucuz elektri\u011fi nas\u0131l tedarik edecekleri kriterine g\u00f6re al\u0131naca\u011f\u0131, \u00f6zel sekt\u00f6rden uygun teklif gelmemesi durumunda n\u00fckleer santrali devletin yapaca\u011f\u0131 belirtiliyor. T\u00fcrkiye bug\u00fcn n\u00fckleer santral kurmaya karar verse bile bu santral ancak 9-10 sene sonra \u00fcretime girebilecek. Vakit kaybedilmesi halinde n\u00fckleer reakt\u00f6r verecek \u00fclke bulamama gibi bir durum da bulunuyor. <\/p>\n<p> <strong> <\/p>\n<p align=\"justify\"> Zengin uranyum ve toryum rezervlerimiz bulunuyor <\/p>\n<p> <\/strong> <\/p>\n<p align=\"justify\"> N\u00fckleer santrallerde a\u011f\u0131rl\u0131kl\u0131 olarak uranyum kullan\u0131l\u0131yor. T\u00fcrkiye&#39;nin 9 bin ton uranyum rezervi bulunuyor. N\u00fckleer hammadde kaynaklar\u0131na sahip b\u00f6lgelerin ba\u015f\u0131nda \u0130\u00e7 Anadolu ve Ege geliyor. \u00d6zellikle Manisa-Salihli, Yozgat-Sorgun, U\u015fak-Fak\u0131ll\u0131, Ayd\u0131n-Demirtepe ve K\u00fc\u00e7\u00fck\u00e7avdar sahalar\u0131 uranyum a\u00e7\u0131s\u0131ndan zengin. \u00d6te yandan T\u00fcrkiye, d\u00fcnyan\u0131n ikinci b\u00fcy\u00fck toryum rezervine sahip. T\u00fcrkiye&#39;nin toplam 380 bin tonluk toryumu bulunuyor. Ekonomik olup olmad\u0131\u011f\u0131 bug\u00fcn i\u00e7in sorgulansa bile uranyum ve toryum kaynaklar\u0131m\u0131z\u0131n varl\u0131\u011f\u0131 gelecekte n\u00fckleer enerji kullan\u0131m\u0131nda T\u00fcrkiye i\u00e7in bir g\u00fcvence olu\u015fturuyor.  <\/p>\n<p> <strong> <\/p>\n<p align=\"justify\"> &quot;\u00c7evremiz n\u00fckleer santrallerle dolu&quot;  <\/p>\n<p> <\/strong> <\/p>\n<p align=\"justify\"> ATO, d\u00fcnyada n\u00fckleer santrallerden ticari olarak elektrik \u00fcretiminin 1950&#39;li y\u0131llarda ba\u015flad\u0131\u011f\u0131n\u0131 hat\u0131rlatarak, T\u00fcrkiye&#39;nin n\u00fckleer enerji konusunda &quot;\u00c7ernobil sendromu&quot; ya\u015fad\u0131\u011f\u0131n\u0131 ve k\u0131s\u0131r tart\u0131\u015fmalarla vakit kaybetti\u011fini belirtiyor. <\/p>\n<p align=\"justify\"> &quot;\u00c7ernobil sendromu y\u00fcz\u00fcnden n\u00fckleer santral kuramad\u0131k. D\u00fcnya 60 y\u0131l \u00f6nce n\u00fckleer enerjiye y\u00fcz\u00fcn\u00fc d\u00f6nerken, biz s\u0131rt\u0131m\u0131z\u0131 d\u00f6nd\u00fck. Bug\u00fcn en yak\u0131n\u0131m\u0131zdaki \u00fclkelerde n\u00fckleer santraller bulunuyor.  <\/p>\n<p align=\"justify\"> Ayr\u0131ca etraf\u0131m\u0131zda, 2 bine yak\u0131n y\u00fczer-gezer n\u00fckleer santral var, n\u00fckleer denizalt\u0131lar var. Gerekli \u00f6nemler al\u0131nd\u0131\u011f\u0131nda n\u00fckleer enerji g\u00fcvenli bir enerji t\u00fcr\u00fcd\u00fcr. T\u00fcrkiye ciddi bir enerji dar bo\u011faz\u0131 ile kar\u015f\u0131 kar\u015f\u0131ya, \u00d6n\u00fcm\u00fczde iki se\u00e7enek var. Ya karanl\u0131k ya n\u00fckleer santral.&quot; <\/p>\n<p align=\"justify\"> D\u00fc\u015f\u00fck oranda zenginle\u015ftirilmi\u015f 30 ton uranyum ya da 160 ton do\u011fal uranyumun, 1000 MWe g\u00fcc\u00fcnde bir n\u00fckleer santralin 1 y\u0131ll\u0131k enerji \u00fcretimini kar\u015f\u0131layabildi\u011fine i\u015faret eden Ayg\u00fcn, bunun birka\u00e7 kamyonun ta\u015f\u0131yabilece\u011fi kadar k\u00fc\u00e7\u00fck bir y\u00fck oldu\u011funu s\u00f6yl\u00fcyor. <\/p>\n<p> <strong> <\/p>\n<p align=\"justify\"> \u0130srail &quot;su&quot;yumuzu \u00f6zelle\u015ftiriyor! <\/p>\n<p> <\/strong> <\/p>\n<p align=\"justify\"> T\u00fcrkiye, su konusunda tehlikeli bir s\u00fcrece do\u011fru s\u00fcr\u00fckleniyor. Kurakl\u0131ktan dolay\u0131 susuzlu\u011fun hat safhaya \u00e7\u0131kt\u0131\u011f\u0131 g\u00fcn\u00fcm\u00fczde su kaynaklar\u0131n\u0131n \u00f6zelle\u015ftirilmeye \u00e7al\u0131\u015f\u0131lmas\u0131 T\u00fcrkiye&#39;yi yak\u0131n gelecekte daha b\u00fcy\u00fck sorunlarla kar\u015f\u0131 kar\u015f\u0131ya b\u0131rakacak. Su kaynaklar\u0131n\u0131n i\u015fletme hakk\u0131n\u0131n \u00f6zel sekt\u00f6re devredilmesinden bir\u00e7ok AB \u00fclkesinin a\u011fz\u0131 yanmas\u0131na ra\u011fmen AKP h\u00fck\u00fcmeti, bu ger\u00e7ekleri g\u00f6rmezlikten gelerek nehir ve akarsular\u0131n kullan\u0131m hakk\u0131n\u0131 tamamen \u00f6zel sekt\u00f6re b\u0131rakmaya haz\u0131rlan\u0131yor. B\u00fct\u00fcn bunlar\u0131 da \u0130srail tezgahl\u0131yor. <\/p>\n<p align=\"justify\"> Su uzman\u0131 Kudret Ulusoy, Enerji Bakanl\u0131\u011f\u0131 ile Devlet Su \u0130\u015fleri (DS\u0130)&#39;nin aylard\u0131r \u00fczerinde \u00e7al\u0131\u015ft\u0131\u011f\u0131 su kaynaklar\u0131n\u0131n i\u015fletme hakk\u0131n\u0131n \u00f6zel sekt\u00f6re devredilmesi projesine y\u00f6nelik \u00e7arp\u0131c\u0131 de\u011ferlendirmeler yap\u0131yor. Bir\u00e7ok AB \u00fclkesinde uygulanmak istenen ancak ortaya \u00e7\u0131kan tehlikelerden dolay\u0131 vazge\u00e7ilen bu projenin kurakl\u0131\u011f\u0131 da bahane g\u00f6stererek T\u00fcrkiye&#39;ye dayat\u0131lmaya \u00e7al\u0131\u015f\u0131ld\u0131\u011f\u0131na dikkat \u00e7eken Ulusoy, T\u00fcrkiye&#39;nin su konusunda \u00e7ok tehlikeli bir s\u00fcrece do\u011fru s\u00fcr\u00fcklendi\u011fine dikkat \u00e7ekiyor.  <\/p>\n<p> <strong> <\/p>\n<p align=\"justify\"> Sular\u0131m\u0131z elden gidiyor <\/p>\n<p> <\/strong> <\/p>\n<p align=\"justify\"> \u00c7ok uluslu su \u015firketlerinin d\u00fcnya \u00fczerinde bir harp m\u00fccadelesi verdi\u011fine i\u015faret eden Ulusoy, T\u00fcrkiye&#39;de de bunun g\u00fcn y\u00fcz\u00fcne \u00e7\u0131kmaya ba\u015flad\u0131\u011f\u0131n\u0131, suyun \u00f6zelle\u015ftirilmesinde ise d\u00fcnyada Frans\u0131z iki \u015firketin \u00f6n plana \u00e7\u0131kt\u0131\u011f\u0131n\u0131 ifade eden Ulusoy, bunlar\u0131n da Suez ve Vivendi \u015firketleri oldu\u011funu belirtiyor. Bu \u00e7ok uluslu Suez ve Vivendi&#39;ye ba\u011fl\u0131 y\u00fczlerce alt \u015firket bulundu\u011funa da dikkat \u00e7eken Ulusoy, iddial\u0131 bir a\u00e7\u0131klamada bulunarak, &quot;T\u00fcrkiye&#39;de yap\u0131lacak ihaleleri de ya do\u011fduran bunlar, ya da bunlar\u0131n alt gruplar\u0131 kazanacakt\u0131r&quot; diyor.  <\/p>\n<p align=\"justify\"> Su end\u00fcstrisinin y\u0131ll\u0131k k\u00e2r\u0131 1 trilyon dolar\u0131 bulmu\u015f. &quot;Bu rakam petrol sanayinin k\u00e2r\u0131n\u0131n y\u00fczde 40&#39;\u0131na ula\u015fm\u0131\u015ft\u0131r. \u015eimdiden ila\u00e7 sekt\u00f6r\u00fcn\u00fcn kar\u0131n\u0131 ge\u00e7mi\u015ftir. D\u00fcnya sular\u0131n\u0131n hen\u00fcz y\u00fczde 5&#39;inin \u00f6zelle\u015ftirildi\u011fini d\u00fc\u015f\u00fcn\u00fcrsek, ne kadar b\u00fcy\u00fck bir kar potansiyeli oldu\u011fu ortaya \u00e7\u0131k\u0131yor.  <\/p>\n<p> <strong> <\/p>\n<p align=\"justify\"> \u00d6zelle\u015ftirme sonumuz olur <\/p>\n<p align=\"justify\"> Su kaynaklar\u0131n\u0131n i\u015fletme hakk\u0131n\u0131n \u00f6zel sekt\u00f6re devredilmesinden sonra \u00f6ncelikli olarak akarsu ve nehirlerin k\u0131sa s\u00fcrede kuruma tehlikesi ile kar\u015f\u0131 kar\u015f\u0131ya kalaca\u011f\u0131n\u0131, bunun da kurakl\u0131ktan de\u011fil su kaynaklar\u0131n\u0131n bilin\u00e7siz bir \u015fekilde t\u00fcketilmesinden kaynaklanaca\u011f\u0131 biliniyor. &quot;\u015eirketler bu kaynaklar\u0131 tamamen ranta d\u00f6n\u00fc\u015ft\u00fcrmek i\u00e7in akarsular\u0131 bilin\u00e7siz bir \u015fekilde kullanaca\u011f\u0131 i\u00e7in havza yata\u011f\u0131 de\u011fi\u015fecek. O havzay\u0131 besleyen su kanallar\u0131 t\u0131kanacakt\u0131r. Suyu \u00f6zelle\u015ftiren AB \u00fclkelerinde bunlar\u0131n ya\u015fand\u0131\u011f\u0131n\u0131, \u00f6rne\u011fin \u0130ngiltere&#39;de \u00f6zelle\u015ftirme sonras\u0131nda 20 akarsuyun kurudu\u011funu unutmamak gerekiyor. <\/p>\n<p align=\"justify\"> \u00d6te yandan su ve elektrik faturalar\u0131n\u0131n artaca\u011f\u0131n\u0131, i\u015fletme hakk\u0131n\u0131 alan \u015firketlerin suyu, ASK\u0130, \u0130SK\u0130 gibi kurumlar vas\u0131tas\u0131yla vatanda\u015fa sataca\u011f\u0131n\u0131, fiyat\u0131 ise tamamen kendilerinin belirleyece\u011fini, &quot;barajlarda kullan\u0131lan suyun her bir metrek\u00fcp\u00fc i\u00e7in belli bir \u00fccret isteyeceklerini kimse d\u00fc\u015f\u00fcnm\u00fcyor. Su kaynaklar\u0131 \u00f6zelle\u015ftirilen bir\u00e7ok AB \u00fclkesinde bundan dolay\u0131 b\u00fcy\u00fck s\u0131k\u0131nt\u0131lar\u0131n ya\u015fand\u0131\u011f\u0131n\u0131, su faturalar\u0131n\u0131n 10 kat\u0131 zamlanan \u00fclkelerin bile bulundu\u011funu medyam\u0131z ve sorumlular\u0131m\u0131z gizliyor. <\/p>\n<p align=\"justify\"> Yahudi Rothschild \u0130GDA\u015e&#39;\u0131 almaya haz\u0131rlan\u0131yor! <\/p>\n<p> <\/strong> <\/p>\n<p align=\"justify\"> Sermayesinin kayna\u011f\u0131 sava\u015flar ve kan oldu\u011fu bilinen Rothschild hanedanl\u0131\u011f\u0131, \u015fimdi de \u0130stanbul&#39;un pe\u015finde. Siyonist sermayenin yeni hedefi, enerji sekt\u00f6r\u00fcn\u00fcn g\u00fc\u00e7l\u00fc kurulu\u015fu; \u0130GDA\u015e! <\/p>\n<p> <strong> <\/p>\n<p align=\"justify\"> Kanl\u0131 sermayenin simgele\u015fti\u011fi Rothschild <\/p>\n<p> <\/strong> <\/p>\n<p align=\"justify\"> Yahudi Rothschild hanedanl\u0131\u011f\u0131, d\u00fcnya bankac\u0131l\u0131k ve finans sisteminin kurucusu olarak biliniyor. Sahip olduklar\u0131 y\u00fczlerce \u015firket ile iki y\u00fcz y\u0131ld\u0131r d\u00fcnyan\u0131n finans ve siyasal dengelerini elinde tutan aile, bir\u00e7ok katliam\u0131n da finans\u00f6r\u00fc olarak tan\u0131n\u0131yor. 2007 y\u0131l\u0131nda servetleri 3-4 trilyon dolar olan ailenin, kontrol ettikleri paran\u0131n 8-10 trilyon dolar oldu\u011fu tahmin ediliyor. HSBC Bank, Bank of Scotland, De Beers, ABN Amro Bank, Rio Tinto en \u00e7ok tan\u0131nan ve bilinen \u015firketler&#8230; <\/p>\n<p align=\"justify\"> B\u00fct\u00fcn sermayesini sava\u015flar ve kan \u00fczerinden kazanan, servetinin bug\u00fcn 3 trilyon dolar oldu\u011fu tahmin edilen Rothschild hanedanl\u0131\u011f\u0131, g\u00f6z\u00fcn\u00fc \u0130stanbul&#39;a dikti! \u0130GDA\u015e ba\u015fta olmak \u00fczere belediye B\u0130T&#39;lerini sat\u0131n almak isteyen d\u00fcnyaca \u00fcnl\u00fc Yahudi para baronlar\u0131ndan Rothschild Ailesi&#39;nin T\u00fcrkiye Dan\u0131\u015fman\u0131 Dr. Y\u0131lmaz Arg\u00fcden, \u0130stanbul B\u00fcy\u00fck\u015fehir Belediye Ba\u015fkan\u0131 Kadir Topba\u015f&#39;tan kas\u0131m ay\u0131na randevu ald\u0131. <\/p>\n<p align=\"justify\"> Ge\u00e7ti\u011fimiz y\u0131llarda \u00fclkemizde 15 milyar Euroluk sat\u0131\u015fa dan\u0131\u015fmanl\u0131k yapan Rothschild Ailesinin \u00f6nde gelenleri Kas\u0131m&#39;daki g\u00f6r\u00fc\u015fmede haz\u0131r bulunacak. \u00d6te yandan, Amerikan \u0130srail Kamu \u0130\u015fleri Komitesi&#39;nden (AIPAC) 80 ki\u015filik en etkin Yahudi grubu da, \u00f6n\u00fcm\u00fczdeki Kas\u0131m ay\u0131nda T\u00fcrkiye \u00e7\u0131karmas\u0131 yapacak. Bu ziyaret, T\u00fcrkiye Cumhuriyeti D\u0131\u015fi\u015fleri Bakanl\u0131\u011f\u0131&#39;n\u0131n himayesinde ger\u00e7ekle\u015ftirilecek&#8230; <\/p>\n<p> <strong> <\/p>\n<p align=\"justify\"> \u015eimdi de \u0130srail&#39;le AR-GE i\u015fbirli\u011fi yap\u0131l\u0131yor  <\/p>\n<p> <\/strong> <\/p>\n<p align=\"justify\"> T\u00fcrkiye ve \u0130srail aras\u0131ndaki &quot;bilimsel i\u015fbirli\u011fi anla\u015fmas\u0131&quot; kapsam\u0131nda, iki \u00fclke, AR-GE i\u015fbirli\u011finin geli\u015ftirilmesi i\u00e7in uluslararas\u0131 projeleri destekleyecek. <\/p>\n<p align=\"justify\"> \u0130\u015fbirli\u011fine g\u00f6re, ileti\u015fim teknolojileri, Tv ve multimedya servisleri, konum bazl\u0131 teknolojiler ve uygulamalar, IP bazl\u0131 servisler ve geli\u015fmi\u015f ses servisleri konular\u0131ndaki uluslararas\u0131 projelere destek verilecek. T\u00fcrkiye&#39;den T\u00dcB\u0130TAK, \u0130srail&#39;den de MATIMOP, projelerin AR-GE i\u00e7eri\u011finin ve proje plan\u0131n\u0131n uygunlu\u011funu, ERICSSON da projelerin teknik yeterlili\u011fini ve pazar potansiyelini de\u011ferlendirecek. <\/p>\n<p align=\"justify\"> T\u00dcB\u0130TAK Ba\u015fkan Yard\u0131mc\u0131s\u0131 Prof. Dr. \u00d6mer Cebeci&#39;nin verdi\u011fi bilgiye g\u00f6re, T\u00fcrkiye ve \u0130srail aras\u0131ndaki &quot;bilimsel i\u015fbirli\u011fi anla\u015fmas\u0131&quot; kapsam\u0131nda, AR-GE i\u015fbirli\u011finin geli\u015ftirilmesi amac\u0131yla uluslararas\u0131 projeler desteklenecek. Cebeci, &quot;T\u00fcrkiye ile \u0130srail aras\u0131ndaki bu destek program\u0131ndan her iki \u00fclkenin firmalar\u0131 ve i\u015fbirli\u011fi yapacaklar\u0131 \u00fcniversite veya ara\u015ft\u0131rma kurumlar\u0131 yararlanabilecek&quot; dedi. <\/p>\n<p align=\"justify\"> Ortak \u00e7a\u011fr\u0131da ileti\u015fim teknolojileri, Tv ve multimedya servisleri, konum bazl\u0131 teknolojiler ve uygulamalar, IP bazl\u0131 servisler ve geli\u015fmi\u015f ses servisleri konular\u0131ndaki projelerin desteklenece\u011fini belirten Cebeci, bu do\u011frultuda T\u00dcB\u0130TAK ve \u0130srail&#39;in ilgili kurulu\u015fu MATIMOP taraf\u0131ndan, projelerin AR-GE i\u00e7eri\u011finin ve proje plan\u0131n\u0131n uygunlu\u011funun, ERICSSON taraf\u0131ndan da projelerin teknik yeterlili\u011finin ve pazar potansiyelinin de\u011ferlendirmesinin yap\u0131laca\u011f\u0131n\u0131 s\u00f6yledi.  <\/p>\n<p align=\"justify\"> K\u0131saca, AKP sayesinde her \u015feyimiz \u0130srail&#39;in elinde. <\/p>\n<p> <strong> <\/p>\n<p align=\"justify\"> ABD, Ortado\u011fu&#39;da \u0130ran&#39;a kar\u015f\u0131 &#8216;birlik&#39; olu\u015fturmaya \u00e7al\u0131\u015f\u0131yor <\/p>\n<p align=\"justify\"> \u0130\u015fgalci oyununa kanmamal\u0131d\u0131r  <\/p>\n<p> <\/strong> <\/p>\n<p align=\"justify\"> \u0130ran&#39;\u0131n her ge\u00e7en g\u00fcn ekonomik ve askeri olarak g\u00fc\u00e7lenmesini, kendi emperyalist emellerinin \u00f6n\u00fcnde b\u00fcy\u00fck bir engel olarak g\u00f6ren i\u015fgalci Amerikan y\u00f6netimi, Ortado\u011fu&#39;yu kar\u0131\u015ft\u0131rmak i\u00e7in silah sat\u0131\u015f\u0131n\u0131 g\u00fcndeme getirdi. <\/p>\n<p align=\"justify\"> ABD D\u0131\u015fi\u015fleri Bakan\u0131 Condoleezza Rice ve Savunma Bakan\u0131 Robert Gates, Washington&#39;\u0131n Arap m\u00fcttefiklerini \u0130ran, Suriye, Hamas ve Hizbullah&#39;\u0131n artan n\u00fcfuzuna kar\u015f\u0131 birle\u015ftirmeyi ama\u00e7layan Ortado\u011fu turuna ba\u015fl\u0131yor.  <\/p>\n<p align=\"justify\"> Rice ve Gates, Ortado\u011fu turunun ilk aya\u011f\u0131 olan M\u0131s\u0131r&#39;da d\u00fcn Cumhurba\u015fkan\u0131 H\u00fcsn\u00fc M\u00fcbarek ile biraraya geldi. \u015earm el-\u015eeyh&#39;te yap\u0131lacak g\u00f6r\u00fc\u015fmeye \u00dcrd\u00fcn ve K\u00f6rfez \u00fclkelerinin d\u0131\u015fi\u015fleri bakanlar\u0131 da kat\u0131ld\u0131. Amerikal\u0131 bakanlar daha sonra Suudi Arabistan&#39;\u0131 ziyaret edecek. Rice ve Gates daha sonra di\u011fer K\u00f6rfez \u00fclkelerinde de ayr\u0131 ayr\u0131 temaslarda bulunacak.  <\/p>\n<p align=\"justify\"> Bu arada i\u015fgalci Amerikan y\u00f6netimi \u00f6nceki g\u00fcn siyonist \u0130srail ve M\u0131s\u0131r&#39;a toplam 43 milyar dolarl\u0131k askeri yard\u0131m yapma plan\u0131n\u0131 kamuoyuna duyurmu\u015ftu. Ayn\u0131 plan \u00e7er\u00e7evesinde Suudi Arabistan ve K\u00f6rfez \u00fclkelerine de geli\u015fkin silahlar sat\u0131lmas\u0131 d\u00fc\u015f\u00fcn\u00fcl\u00fcyor. <\/p>\n<p align=\"justify\"> Rice d\u00fcnk\u00fc a\u00e7\u0131klamas\u0131nda Suudi Arabistan ve K\u00f6rfez \u00fclkelerine yap\u0131lacak silah sat\u0131\u015f\u0131 ile El Kaide, Hizbullah, Suriye ve \u0130ran&#39;\u0131n b\u00f6lgedeki &#39;etkilerini azaltmay\u0131 ama\u00e7lad\u0131klar\u0131n\u0131&#39; s\u00f6ylemi\u015fti. <\/p>\n<p> <strong> <\/p>\n<p align=\"justify\"> Silah sat\u0131\u015f\u0131, \u0130ran&#39;a kar\u015f\u0131 <\/p>\n<p align=\"justify\"> ABD Savunma Bakanl\u0131\u011f\u0131&#39;ndan \u00fcst d\u00fczey bir yetkili, Suudi Arabistan&#39;a 20 milyar dolarl\u0131k silah sat\u0131\u015f\u0131n\u0131n \u0130ran&#39;\u0131n b\u00f6lgedeki n\u00fcfuzunu s\u0131n\u0131rland\u0131rmay\u0131 ama\u00e7lad\u0131\u011f\u0131n\u0131 belirtti. Savunma Bakan\u0131 Robert Gates&#39;e e\u015flik eden gazetecilere bilgi veren yetkili, 20 milyar dolarl\u0131k silah sat\u0131\u015f\u0131n\u0131n tek ba\u015f\u0131na Suudi Arabistan&#39;a yap\u0131laca\u011f\u0131n\u0131 belirterek, K\u00f6rfez \u00fclkelerinin buna dahil olmad\u0131\u011f\u0131n\u0131 iddia etti.  <\/p>\n<p align=\"justify\"> Suudi Arabistan&#39;a sat\u0131lacak silahlar\u0131n detaylar\u0131 hakk\u0131nda bilgi vermeyen yetkili, bu silahlar\u0131n \u0130ran ve di\u011fer tehditlere kar\u015f\u0131 Suudi Arabistan&#39;\u0131n s\u00f6zde g\u00fcvenlik ihtiya\u00e7lar\u0131n\u0131 kar\u015f\u0131layaca\u011f\u0131n\u0131 iddia etti.  <\/p>\n<p align=\"justify\"> ABD, korku siyaseti g\u00fcd\u00fcyor <\/p>\n<p align=\"justify\"> \u00d6te yandan, \u0130ran D\u0131\u015fi\u015fleri Bakanl\u0131\u011f\u0131 S\u00f6zc\u00fcs\u00fc Muhammad Ali H\u00fcseyni, Washington&#39;u b\u00f6lgede bir korku siyaseti g\u00fctmekle su\u00e7lad\u0131.  <\/p>\n<p align=\"justify\"> Askeri yard\u0131m ve silah al\u0131m\u0131 anla\u015fmalar\u0131n\u0131n hayata ge\u00e7mesi i\u00e7in, hem al\u0131c\u0131 \u00fclkeler hem de Amerikan Kongresi taraf\u0131ndan onaylanmas\u0131 gerekiyor. Ancak Washington&#39;da \u00f6zellikle Suudi Arabistan&#39;a silah sat\u0131\u015f\u0131 konusunda muhalefet var. <\/p>\n<p align=\"justify\"> K\u0131yamet yakla\u015f\u0131yor!  <\/p>\n<p> <\/strong> <\/p>\n<p align=\"justify\"> ABD, N\u00fckleer Silahlar\u0131n Yay\u0131lmas\u0131n\u0131 Engelleme Anla\u015fmas\u0131&#39;n\u0131 delmekle su\u00e7lad\u0131\u011f\u0131 \u0130ran&#39;\u0131, \u00f6nleyici vuru\u015f doktrinine dayanarak hem de n\u00fckleer silahla vurabilir. \u0130ronik olansa, n\u00fckleer silahlara sahip oldu\u011fu bilinen ama bu anla\u015fmay\u0131 imzalamayan \u0130srail&#39;in, b\u00f6yle bir projeyi desteklemesi. <\/p>\n<p align=\"justify\"> Yeni muhafazak\u00e2rlar\u0131n amigolar\u0131ndan Oliver Kamm&#39;\u0131n 62 y\u0131l \u00f6nce Hiro\u015fima ve Nagazaki&#39;ye at\u0131lan atom bombalar\u0131n\u0131n hayat kurtar\u0131p, ac\u0131lara son verdi\u011fini \u00f6ne s\u00fcrmesi \u015fa\u015f\u0131rt\u0131c\u0131 olmasa da \u00fcrk\u00fct\u00fcc\u00fc. Buradaki alt metin a\u015fik\u00e2r. S\u00f6zl\u00fc sald\u0131r\u0131lar\u0131n\u0131 Irak&#39;taki mevcut felakete kadar vard\u0131ran kesim \u015fimdi de \u015fahin bir tav\u0131rla \u0130ran&#39;\u0131 g\u00f6z\u00fcne kestirmi\u015f durumda. 1945&#39;teki n\u00fckleer k\u0131y\u0131mlar\u0131 savunan sa\u00e7ma ve tehlikeli mant\u0131\u011f\u0131n ayn\u0131s\u0131 \u015fimdi de \u0130ran&#39;a y\u00f6nelik n\u00fckleer silahlarla yap\u0131lacak \u00f6nleyici bir m\u00fcdahaleyi desteklemek i\u00e7in de kullan\u0131labilir; sadece bu ihtimalin varl\u0131\u011f\u0131 bile konvansiyonel bir sald\u0131r\u0131 fikrinin daha kabul edilebilir g\u00f6r\u00fcnmesini sa\u011fl\u0131yor. Ahlaki konumumuz art\u0131k her zamankinden daha net olmal\u0131; Uluslararas\u0131 Atom Enerjisi Kurumu (UAEK) Ba\u015fkan\u0131 Muhammed el Baradey&#39;in s\u00f6yledi\u011fi gibi, sadece n\u00fckleer silah bulundurmaya bile, g\u00fcn\u00fcm\u00fcz\u00fcn modern d\u00fcnyas\u0131nda k\u00f6lelik ve soyk\u0131r\u0131ma yap\u0131ld\u0131\u011f\u0131 gibi, k\u0131nama ve nefretle bakmak gerekiyor&#8230; <\/p>\n<p align=\"justify\"> Bat\u0131&#39;n\u0131n \u0130ran hakk\u0131ndaki ku\u015fkular\u0131na tezat bi\u00e7imde, \u0130srail&#39;de y\u00fcr\u00fct\u00fclen n\u00fckleer program Fransa, Britanya ve ABD taraf\u0131ndan \u015fevkle desteklendi. Bu \u00fclkeler \u0130srail&#39;in tahminen 200&#39;den fazla sava\u015f ba\u015fl\u0131\u011f\u0131 i\u00e7eren n\u00fckleer cephanelik kurmas\u0131na etkin bi\u00e7imde yard\u0131m ettiler. Bu, Tel Aviv&#39;in saklamakta kararl\u0131 oldu\u011fu t\u00fcrden bir silah program\u0131. Mordehay Vanunu 1986&#39;da \u0130srail&#39;in n\u00fckleer silahlar\u0131ndan kamuya s\u00f6z etti\u011fi i\u00e7in 12 y\u0131l\u0131 h\u00fccre cezas\u0131 olmak \u00fczere 18 y\u0131l hapse \u00e7arpt\u0131r\u0131ld\u0131. Vanunu yabanc\u0131larla konu\u015ftu\u011fu gerek\u00e7esiyle ge\u00e7en ay da alt\u0131 ayl\u0131k hapis cezas\u0131 daha ald\u0131. <\/p>\n<p align=\"justify\"> ABD D\u0131\u015fi\u015fleri Bakan\u0131 Condoleezza Rice, ABD&#39;nin Arap \u00fclkelerine silah sat\u0131\u015f program\u0131n\u0131n Orta Do\u011fu&#39;da istikrars\u0131zl\u0131\u011fa neden olmayaca\u011f\u0131n\u0131 ileri s\u00fcrd\u00fc. 4 g\u00fcn s\u00fcrecek Orta Do\u011fu ziyaretinin ilk dura\u011f\u0131 M\u0131s\u0131r&#39;a hareket eden Rice, &#39;&#39;Washington&#39;un bu program\u0131yla b\u00f6lgede korku ve kayg\u0131ya neden olmay\u0131 ama\u00e7lad\u0131\u011f\u0131n\u0131&#39;&#39; belirten \u0130ran y\u00f6netiminin bu iddialar\u0131n\u0131 reddetti\u011fini s\u00f6yledi. \u0130ran&#39;\u0131n, ABD&#39;nin hayata ge\u00e7irmek istedi\u011fi Orta Do\u011fu projesini engellemek isteyen tek \u00fclke oldu\u011funu ifade eden Rice, &#39;&#39;B\u00f6lgede istikrars\u0131zl\u0131k olursa bunu \u0130ran y\u00f6netimine ba\u011flamak (!) gerekir&#39;&#39; dedi. <\/p>\n<p> <strong> <\/p>\n<p align=\"justify\"> Demek ki, aray\u0131nca bulunuyormu\u015f <\/p>\n<p align=\"justify\"> May\u0131nl\u0131 b\u00f6lgeden petrol f\u0131\u015fk\u0131r\u0131yor! <\/p>\n<p> <\/strong> <\/p>\n<p align=\"justify\"> TPAO&#39;nun Suriye s\u0131n\u0131r\u0131ndaki b\u00f6lgede a\u00e7t\u0131\u011f\u0131 25 kuyudan 21&#39;inde petrol \u00fcretimi yap\u0131l\u0131yor. May\u0131nl\u0131 b\u00f6lgedeki g\u00fcnl\u00fck petrol \u00fcretimi bin varilden 2 bin 500 varile \u00e7\u0131kt\u0131. <\/p>\n<p align=\"justify\"> T\u00fcrkiye Petrolleri Anonim Ortakl\u0131\u011f\u0131 Batman B\u00f6lge M\u00fcd\u00fcr\u00fc Bayram Kara, 2005 y\u0131l\u0131ndan bu yana Suriye s\u0131n\u0131r\u0131nda petrol arama \u00e7al\u0131\u015fmalar\u0131n\u0131 h\u0131zland\u0131rd\u0131klar\u0131n\u0131 s\u00f6yledi. B\u00f6lgede, 30-40 y\u0131lda a\u00e7\u0131lan kuyu say\u0131s\u0131na 2 senede ula\u015ft\u0131klar\u0131na dikkat \u00e7eken Kara, &quot;S\u0131cak hava petrol \u00fcretimini artt\u0131r\u0131yor&quot; dedi. <\/p>\n<p align=\"justify\"> Batman b\u00f6lgesinde g\u00fcnl\u00fck 20 bin varil petrol \u00fcretildi\u011fini anlatan Kara, &quot;Suriye s\u0131n\u0131r\u0131nda petrol oldu\u011funa inan\u0131yorduk. Ancak may\u0131n ve di\u011fer baz\u0131 sebeplerle buralarda arama yapam\u0131yorduk. Bir kule ayarlayarak yapt\u0131\u011f\u0131m\u0131z \u00e7al\u0131\u015fmalarla 25 yeni kuyu a\u00e7t\u0131k ve 21&#39;inde petrol bulduk. 2 hafta i\u00e7inde yeni \u00e7al\u0131\u015fmalara ba\u015flayaca\u011f\u0131z&quot; \u015feklinde konu\u015ftu. <\/p>\n<p align=\"justify\"> 2005 y\u0131l\u0131ndan itibaren Suriye s\u0131n\u0131r\u0131nda petrol oldu\u011funa inand\u0131klar\u0131 ama \u00e7e\u015fitli sebeplerden dolay\u0131 giremedikleri alanlarda sondaj \u00e7al\u0131\u015fmalar\u0131 yapt\u0131klar\u0131n\u0131 belirten m\u00fcd\u00fcr Bayram Kara, s\u0131n\u0131rda a\u00e7t\u0131klar\u0131 25 kuyudan 21&#39;inde petrole rastlad\u0131klar\u0131n\u0131 ifade etti. Yap\u0131lan \u00e7al\u0131\u015fmalarla may\u0131nl\u0131 alanda g\u00fcnl\u00fck 100 varil olan petrol \u00fcretimini 2 bin 500 varile \u00e7\u0131kard\u0131klar\u0131n\u0131 ifade eden Kara, &quot;Suriye s\u0131n\u0131r\u0131yla may\u0131nl\u0131 alan aras\u0131nda bulunan alanda sondaj yapmak amac\u0131yla bir kule ayarlayarak \u00e7al\u0131\u015fma ba\u015flatt\u0131k. 25 kuyu kazd\u0131k. 4&#39;\u00fc hari\u00e7 di\u011ferlerinin hepsinde petrol bulduk. \u015eunu belirteyim. O b\u00f6lgede zaten petrol \u00fcretiyorduk. S\u0131n\u0131rtepe sahas\u0131 d\u0131\u015f\u0131nda petrol \u00e7\u0131kard\u0131\u011f\u0131m\u0131z alanlar yeni ke\u015fif de\u011fil. Ama o b\u00f6lgede 30-40 y\u0131lda a\u00e7\u0131lan kuyu say\u0131s\u0131na biz 2 senede ula\u015ft\u0131k. B\u00f6lgede bin varil olan g\u00fcnl\u00fck \u00fcretimini 2 bin 500 varile \u00e7\u0131kard\u0131k. B\u00f6lgedeki bir kuyudaki sondaj \u00e7al\u0131\u015fmas\u0131 da bitmek \u00fczeredir. \u00d6n\u00fcm\u00fczdeki bir iki hafta i\u00e7inde b\u00f6lgede a\u00e7t\u0131\u011f\u0131m\u0131z kuyulardan \u00e7ok daha derin bir kuyu i\u00e7in sondaj \u00e7al\u0131\u015fmalar\u0131na ba\u015flayaca\u011f\u0131z&quot; dedi. <\/p>\n","protected":false},"excerpt":{"rendered":"<p>\u00a0  <\/p>\n<p> <strong>N\u00fckleer enerji T\u00fcrkiye&#39;nin zorunlu ihtiyac\u0131d\u0131r!<\/strong> <\/p>\n<p> ATO taraf\u0131ndan haz\u0131rlanan raporda, T\u00fcrkiye&#39;nin enerjide y\u00fczde 70 oran\u0131nda d\u0131\u015fa ba\u011f\u0131ml\u0131l\u0131\u011f\u0131 da dikkate al\u0131nd\u0131\u011f\u0131nda n\u00fckleer santral kurman\u0131n, tercih de\u011fil zorunluluk haline geldi\u011fi vurgulan\u0131yordu. <\/p>\n","protected":false},"author":1,"featured_media":0,"comment_status":"open","ping_status":"closed","sticky":false,"template":"","format":"standard","meta":{"footnotes":""},"categories":[76],"tags":[],"class_list":["post-1098","post","type-post","status-publish","format-standard","hentry","category-kasim-2007"],"_links":{"self":[{"href":"https:\/\/www.millicozum.com\/mc\/wp-json\/wp\/v2\/posts\/1098","targetHints":{"allow":["GET"]}}],"collection":[{"href":"https:\/\/www.millicozum.com\/mc\/wp-json\/wp\/v2\/posts"}],"about":[{"href":"https:\/\/www.millicozum.com\/mc\/wp-json\/wp\/v2\/types\/post"}],"author":[{"embeddable":true,"href":"https:\/\/www.millicozum.com\/mc\/wp-json\/wp\/v2\/users\/1"}],"replies":[{"embeddable":true,"href":"https:\/\/www.millicozum.com\/mc\/wp-json\/wp\/v2\/comments?post=1098"}],"version-history":[{"count":0,"href":"https:\/\/www.millicozum.com\/mc\/wp-json\/wp\/v2\/posts\/1098\/revisions"}],"wp:attachment":[{"href":"https:\/\/www.millicozum.com\/mc\/wp-json\/wp\/v2\/media?parent=1098"}],"wp:term":[{"taxonomy":"category","embeddable":true,"href":"https:\/\/www.millicozum.com\/mc\/wp-json\/wp\/v2\/categories?post=1098"},{"taxonomy":"post_tag","embeddable":true,"href":"https:\/\/www.millicozum.com\/mc\/wp-json\/wp\/v2\/tags?post=1098"}],"curies":[{"name":"wp","href":"https:\/\/api.w.org\/{rel}","templated":true}]}}