{"id":1099,"date":"2007-11-01T03:51:30","date_gmt":"2007-11-01T03:51:30","guid":{"rendered":"https:\/\/www.millicozum.com\/mc\/2007\/11\/01\/manayi-yunanlairma-hesaplari\/"},"modified":"2007-11-01T03:51:30","modified_gmt":"2007-11-01T03:51:30","slug":"manisayi-yunanlastirma-hesaplari","status":"publish","type":"post","link":"https:\/\/www.millicozum.com\/mc\/2007\/kasim-2007\/manisayi-yunanlastirma-hesaplari\/","title":{"rendered":"MAN\u0130SA&#8217;YI YUNANLA\u015eTIRMA HESAPLARI"},"content":{"rendered":"<p>\u00a0  <\/p>\n<p> Osmanl\u0131&#39;y\u0131 \u00e7\u00f6kerten Siyonist ekipten ve Mustafa Kemal&#8216;e ra\u011fmen Lozan&#39;da \u0130smet \u0130n\u00f6n\u00fc&#39;y\u00fc y\u00f6nlendiren ve \u00f6zel dan\u0131\u015fmanl\u0131\u011f\u0131n\u0131 y\u00fcr\u00fcten Yahudi Haham Haim Nahum,\u00a0 \u0130ttihat Terakki kasas\u0131ndaki Osmanl\u0131 alt\u0131nlar\u0131n\u0131 soyup i\u00e7etti\u011fi paralar\u0131 Yahudi d\u00f6nmesi \u015fe\u00e7kinlere pe\u015fke\u015f \u00e7ekmi\u015f; \u00dclker, Ko\u00e7, Gedizler gibi aileler zengin edilmi\u015f ve bunlar\u0131n organizat\u00f6rl\u00fc\u011f\u00fcn\u00fc yapan hain Mutasarr\u0131f H\u00fcsn\u00fc Yadis ve varisleri eliyle de, bug\u00fcne kadar ekonomik, sosyal, siyasal ve k\u00fclt\u00fcrel i\u015fgallerini devam ettirmi\u015flerdir. \u00d6yle ki bunlar\u0131n izin vermedi\u011fi kimseler belediye ba\u015fkan\u0131 ve hi\u00e7bir partiden milletvekili bile olamaz hale gelinmi\u015ftir.  <\/p>\n<p>  \u00a0  <\/p>\n<p> Manisa&#39;y\u0131 kurtaran Fahrettin Altay Pa\u015fa&#39;n\u0131n ismi caddelerden silinirken, Talmut men\u015feli ve Yahudi \u015fifreli isimler verilmi\u015ftir.  <\/p>\n<p> &quot;Deccal&#39;in heykeli camiyi g\u00f6r\u00fcyor&quot; diyerek,\u00a0 Atat\u00fcrk&#39;\u00fcn an\u0131t\u0131n\u0131 \u015fehir d\u0131\u015f\u0131na g\u00f6t\u00fcrm\u00fc\u015fleridir.  <\/p>\n<p> \u00c7anakkale&#39;de en fazla \u015fehit veren illerin ba\u015f\u0131nda Manisa geldi\u011fi halde, bu tarihi ve talihli ger\u00e7ek, s\u00f6z konusu bile edilmemi\u015ftir.  <\/p>\n<p> &quot;Manisa Tarzan\u0131 diye me\u015fhur edilen ki\u015fi ise; \u00f6zel olarak getirilmi\u015f bir Musevi&#39;dir. Asker ka\u00e7a\u011f\u0131d\u0131r, alkolik, esrarke\u015f bir insand\u0131r ve ahlaks\u0131zl\u0131klar\u0131 herkes\u00e7e bilinmektedir.\u00a0 Rahmetli H\u00fcseyin Dede; &quot;Bunun ad\u0131n\u0131 a\u011fz\u0131n\u0131za almay\u0131n, \u00e7\u00fcnk\u00fc murdar birisidir&quot; demi\u015ftir. Ama \u015fimdi bu \u015fehrin temsilcisi olarak reklam edilmektedir. \u00dcst\u00fcne \u00fcstl\u00fck tarihte ilk defa mesir program\u0131nda bu sabataist ki\u015fi, milli kahraman gibi t\u00f6renlerde y\u00fcr\u00fct\u00fcl\u00fcp onur payesi verilmi\u015ftir.  <\/p>\n<p> <strong>Manisa&#39;n\u0131n G\u00fclg\u00fcn Hatun Vakf\u0131n\u0131n \u00e7evresine,\u00a0 \u015fimdi Yunanl\u0131lar\u0131n kutsal fahi\u015fesi N\u0130OBE&#39;nin ad\u0131n\u0131 vermek gibi bir k\u00fclt\u00fcrel rezalet i\u015flenmektedir. AKP&#39;li Belediye Ba\u015fkan\u0131&#39;n\u0131n bu, k\u00fclt\u00fcrel kirletme ve tarihi de\u011ferlerimizi dejenere etme giri\u015fimlerine kar\u015f\u0131, Manisa&#39;daki G\u00f6n\u00fcl Dostlar\u0131n\u0131n, onurlu ve olumlu tepkileri, vicdan ehli her vatansever taraf\u0131ndan mutlaka desteklenmelidir.<\/strong>  <\/p>\n<p> <strong>Ama her t\u00fcrl\u00fc gaflet ve h\u0131yanete ra\u011fmen bu \u015fehir ve bu \u00fclke, Yunan art\u0131klar\u0131n\u0131n ve Siyonist Yahudi u\u015faklar\u0131n\u0131n de\u011fil; Reval Sultanlar\u0131n, Saruhan Beylerin ve \u015fanl\u0131 Osmanl\u0131 \u015fehzadelerinin torunlar\u0131n\u0131n yurdu olarak kalmaya devam edecektir.<\/strong>  <\/p>\n<p> <strong>Manisa&#39;daki solcu, sa\u011fc\u0131 ve \u0130slamc\u0131 g\u00f6r\u00fc\u015f ve kesimlerden, ama Ata&#39;s\u0131na ve vatan\u0131na sevdal\u0131, Bayra\u011f\u0131na ve ba\u011f\u0131ms\u0131zl\u0131\u011f\u0131na \u00e2\u015f\u0131k; Dinine ve Devletine sad\u0131k &quot;G\u00f6n\u00fcl Dostalar\u0131&quot;m\u0131za selam olsun. \u00c7\u00fcnk\u00fc onlar bu \u015feytan \u015febekesini de\u015fifre etmi\u015f ve hilek\u00e2rl\u0131klar\u0131n\u0131 ortaya sermi\u015ftir.<\/strong>  <\/p>\n<p> <strong>\u00c7ok \u015ferefli, ama \u00e7etin ve \u00e7etrefilli bir dirili\u015f ve direni\u015f hareketi ba\u015flatan bu onurlu ve Milli \u015fuurlu hareketler, giderek bereketlenecek ve elbette meyvesini verecektir.<\/strong>  <\/p>\n<p> <\/p>\n<p> <strong>\u015e\u0130\u0130R<\/strong>  <\/p>\n<p> Desinlerde g\u00f6z\u00fc yok, onurlu bir ekiptir  <\/p>\n<p> G\u00f6n\u00fcl dostlar\u0131 derler, \u00fclke dertlisi bunlar!  <\/p>\n<p> \u015eerefli g\u00f6revleri, h\u0131yaneti takiptir  <\/p>\n<p> Bir orduya bedeldir, bilin ellisi bunlar!  <\/p>\n<p> <\/p>\n<p> A\u015fk ile yola \u00e7\u0131k\u0131p, karde\u015f\u00e7e bar\u0131\u015fanlar  <\/p>\n<p> Hikmete talip olup, hizmette yar\u0131\u015fanlar  <\/p>\n<p> Nemelaz\u0131m demeyip, soysuza kar\u0131\u015fanlar  <\/p>\n<p> \u00c7a\u011f\u0131n alperenleri, gayret velisi bunlar!  <\/p>\n<p> Milli tav\u0131r sergiler, f\u0131rka fark\u0131 g\u00f6zetmez  <\/p>\n<p> D\u00fcnya dertleri yoktur, menfaatten s\u00f6z etmez  <\/p>\n<p> M\u00fcsl\u00fcman T\u00fcrk&#39;e uyan, faziletten vazge\u00e7mez  <\/p>\n<p> \u00c7\u00fcnk\u00fc aziz vatan\u0131n, asil yerlisi bunlar!  <\/p>\n<p> <\/p>\n<p> <strong>Emre Beyin Ak\u00f6zl\u00fc\u011f\u00fc!<\/strong>  <\/p>\n<p> Sabah&#39;tan Emre Ak\u00f6z, Milli \u00c7\u00f6z\u00fcm dergimizin 47. say\u0131 kapa\u011f\u0131nda, alt\u0131nda:  <\/p>\n<p> &quot;Kurma kafal\u0131 \u00f6zg\u00fcr ve demokrat vatanda\u015f! Kim oturursa onu ta\u015f\u0131r&#8230;&quot; yaz\u0131l\u0131 karikat\u00fcr\u00fc bahane ederek ger\u00e7ekleri \u00e7arp\u0131tmaya ve Milli G\u00f6r\u00fc\u015f&#39;e \u00e7amur atmaya yeltenmi\u015f.  <\/p>\n<p> <strong>\u0130\u015fte Emre Ak\u00f6z<\/strong>&#39;\u00fcn k\u00f6\u015fe yaz\u0131s\u0131ndan bir kesit<strong>;<\/strong>  <\/p>\n<p> &quot;AKP&#39;ye oy verenleri &#39;bilin\u00e7siz vatanda\u015f&#39; ilan eden H\u00fcrriyet yazar\u0131 Bekir Co\u015fkun, onlar i\u00e7in &#39;g\u00f6be\u011fini ka\u015f\u0131yan adamlar&#39; demi\u015fti.  <\/p>\n<p> Asl\u0131nda AKP&#39;ye oy verenlere bozulan ba\u015fkalar\u0131 da var. D\u00fcn postadan &#39;Milli \u00c7\u00f6z\u00fcm&#39; dergisi \u00e7\u0131kt\u0131. Bu dergide Necmettin Erbakan ve &#39;Milli G\u00f6r\u00fc\u015f&#39; \u00e7izgisinde yaz\u0131lar, yorumlar yer al\u0131yor. Benim ilgimi ise derginin kapa\u011f\u0131 \u00e7ekti. Hani ya\u015fl\u0131lar ya da y\u00fcr\u00fcme engelliler i\u00e7in \u00fcretilmi\u015f tekerlekli sandalyeler vard\u0131r. B\u00f6yle bir sandalye (san\u0131r\u0131m motorlu olanlardan) foto\u011fraf\u0131 bulmu\u015flar. Sandalyenin ba\u015f koyma k\u0131sm\u0131na g\u00f6zler, burun, a\u011f\u0131z; yan taraf\u0131na kurma kolu; s\u0131rt koyma k\u0131sm\u0131na ise k\u0131rm\u0131z\u0131\u00e7izgili bir kravat yerle\u015ftirmi\u015fler bilgisayarda.  <\/p>\n<p> Peki bu foto\u011fraf\u0131n alt\u0131na ne yazm\u0131\u015flar dersiniz? Aynen \u015f\u00f6yle: &quot;Kurma kafal\u0131, \u00f6zg\u00fcr ve demokrat vatanda\u015f!.. Kim oturursa, onu ta\u015f\u0131r&#8230;&quot;  <\/p>\n<p> Bekir Co\u015fkun, &#39;g\u00f6be\u011fini ka\u015f\u0131yan adam&#39; diyordu halka, Milli G\u00f6r\u00fc\u015f\u00e7\u00fcler ise &#39;kurma kafal\u0131&#39; diyor&#8230;  <\/p>\n<p> Niye? Nedeni basit:  <\/p>\n<p> Milli G\u00f6r\u00fc\u015f \u00e7izgisindeki Saadet Partisi, 22 Temmuz se\u00e7imlerinde y\u00fczde 2,34 oy alabildi. 16 milyon k\u00fcsur ki\u015fi AKP&#39;yi desteklerken, Saadet Partisi&#39;ne sadece 820 bin ki\u015fi oy verdi.  <\/p>\n<p> Milli G\u00f6r\u00fc\u015f\u00e7\u00fclerin; ba\u015fta Erbakan olmak \u00fczere, gazetesiyle, dergisiyle AKP&#39;ye veryans\u0131n etmesini gayet iyi anl\u0131yorum.  <\/p>\n<p> Ancak oy verenlere, yani halka niye hakaret ediyorlar? San\u0131r\u0131m, bir \u00e7\u0131kmaza girdiklerinin i\u015fareti bu&#8230; Nas\u0131l Bekir Co\u015fkun, CHP&#39;den umudunu kesip halka sald\u0131rd\u0131ysa&#8230; Milli G\u00f6r\u00fc\u015f\u00e7\u00fcler de siyasi geleceklerine ta\u015f koyan halka hakaret ya\u011fd\u0131r\u0131yor.  <\/p>\n<p> E\u011fer bir &#39;siyasi iyimserlik&#39; i\u00e7inde olsalard\u0131 asla halk\u0131 hedef almazlard\u0131.  <\/p>\n<p> Bir nokta daha:  <\/p>\n<p> 1995 se\u00e7imlerinde oylar\u0131 y\u00fczde 21&#39;e kadar \u00e7\u0131kan Refah Partisi&#39;nin &#39;\u0130slamc\u0131l\u0131\u011f\u0131n\u0131&#39; analiz eden siyaset bilimciler, &quot;Milli G\u00f6r\u00fc\u015f\u00e7\u00fcler ile Kemalistler i\u00e7erik olarak de\u011fil ama y\u00f6ntem olarak ayn\u0131&quot; demi\u015flerdi: &quot;\u0130ki taraf da belli bir kal\u0131b\u0131 halka dayatmaya \u00e7al\u0131\u015f\u0131yor.&quot;  <\/p>\n<p> Bekir Co\u015fkun ile Milli \u00c7\u00f6z\u00fcm dergisinin ortak bir noktada bulu\u015fmas\u0131n\u0131n altta yatan nedeni bu olsa gerek.&quot;<a name=\"_ftnref1\" href=\"#_ftn1\" title=\"_ftnref1\">[1]<\/a>  <\/p>\n<p> <\/p>\n<p> <strong>Diyerek a\u011fz\u0131ndan yellenmi\u015f&#8230;<\/strong>  <\/p>\n<p> <strong>\u015e\u00f6yle ki;<\/strong>  <\/p>\n<p> <strong>a) \u00d6nce o karikat\u00fcrde ve alt\u0131ndaki s\u00f6zlerde herhangi bir partiye oy veren vatanda\u015flar\u0131 hedef alan ve hakaret ya\u011fd\u0131ran hi\u00e7bir ifade ve i\u015faret bulunmamaktad\u0131r. Bu iddia kendi uydurmas\u0131 ve iftiras\u0131d\u0131r.<\/strong>  <\/p>\n<p> <strong>b) Tam aksine dikkat \u00e7ekilmeye \u00e7al\u0131\u015f\u0131lan; \u00dclkemiz her y\u00f6nden talan ve tahrip edilirken, \u00fcrk\u00fct\u00fcc\u00fc bir vurdumduymazl\u0131k ve nemelaz\u0131mc\u0131l\u0131kla &quot;Gelen a\u011fam, giden pa\u015fam&quot; havas\u0131nda olanlar ve \u015fahsi rantlar\u0131 ve rahatlar\u0131 i\u00e7in gaflet, hatta h\u0131yanet ehli siyasileri alk\u0131\u015flayanlard\u0131r.<\/strong>  <\/p>\n<p> <strong>c) Kemalizm istismarc\u0131lar\u0131 de\u011fil; ama, ger\u00e7ek Atat\u00fcrk\u00e7\u00fclerle Milli G\u00f6r\u00fc\u015f\u00e7\u00fclerin, ad\u0131m ad\u0131m Sevr&#39;in uygulanmas\u0131na, BOP e\u015fba\u015fkanl\u0131\u011f\u0131yla \u00fclkemizin b\u00fcy\u00fck \u0130srail&#39;e eyalet yap\u0131lmas\u0131na, Milli ve manevi yap\u0131m\u0131z\u0131n AB dayatmas\u0131yla la\u00e7kala\u015ft\u0131r\u0131lmas\u0131na kar\u015f\u0131 \u00e7\u0131kmalar\u0131 ise; gavur a\u015f\u0131klar\u0131n\u0131 ve Siyonist u\u015faklar\u0131n\u0131 rahats\u0131z etmesinden de anla\u015f\u0131l\u0131yor ki, olduk\u00e7a onurlu ve olumlu bir davran\u0131\u015ft\u0131r.<\/strong>  <\/p>\n<p> <strong>d) Yoksa sahibinin sesi Emre Ak\u00f6z&#39;e as\u0131l, derginin kapa\u011f\u0131ndaki \u015fiir ve i\u00e7indeki yaz\u0131lar dokunmu\u015f ve \u00e7\u0131banlar\u0131n\u0131 de\u015fip kokutmu\u015f da, bu ger\u00e7ekleri g\u00fcndeme getiremeyip, o karikat\u00fcrden mi intikam alamaya kalk\u0131\u015fm\u0131\u015ft\u0131r?<\/strong>  <\/p>\n<p> <strong>Kimileri, egemenli\u011fimizin AB&#39;ye devredilmesine, T\u00fcrkiye&#39;nin \u0130slam&#39;la ve \u0130slam d\u00fcnyas\u0131yla alakas\u0131n\u0131n kesilmesine bayram edebilir&#8230; Ordumuza, yurdumuza ve onurumuza y\u00f6nelik sald\u0131r\u0131lara sevinebilir&#8230; Bu bir haysiyet ve hassasiyet meselesidir.<\/strong>  <\/p>\n<p> <strong>Ama biz Milli G\u00f6r\u00fc\u015f\u00e7\u00fcler ve Milli \u00c7\u00f6z\u00fcmc\u00fcler olarak, ister ahmak\u00e7a, ister al\u00e7ak\u00e7a yap\u0131ls\u0131n, bu t\u00fcr h\u0131yanet ve hakaretlere asla sessiz ve tepkisiz kalmayaca\u011f\u0131z&#8230;<\/strong>  <\/p>\n<p> Uzun y\u0131llar kaptanl\u0131k yapt\u0131\u011f\u0131 i\u00e7in Gemici Day\u0131 diye bilinen, Konya&#39;dan Mehmet Cankara dostumuz anlatm\u0131\u015ft\u0131:  <\/p>\n<p> \u0130zmir Torbal\u0131 90 ya\u015f\u0131nda, seferberli\u011fi ve Milli m\u00fccadeleyi g\u00f6rm\u00fc\u015f bir ihtiyar;  <\/p>\n<p> Biraz varl\u0131k ve rahatl\u0131k y\u00fcz\u00fcnden az\u0131tm\u0131\u015ft\u0131k.  <\/p>\n<p> Rum ve Ermenilere \u00f6zenmeye ba\u015flam\u0131\u015ft\u0131k.  <\/p>\n<p> \u0130\u00e7ki, kumar ve zinaya bula\u015fm\u0131\u015ft\u0131k.  <\/p>\n<p> Nemelaz\u0131mc\u0131l\u0131\u011fa, kolayc\u0131l\u0131\u011fa ve &quot;kimse bize kar\u0131\u015famaz&quot; ucuz kahramanl\u0131\u011fa dalm\u0131\u015ft\u0131k&#8230;  <\/p>\n<p> Sonunda;  <\/p>\n<p> Yunanl\u0131lar, \u0130ngiliz ve Amerikan Yahudilerin deste\u011fi ve k\u0131\u015fk\u0131rtmas\u0131yla Ege&#39;yi i\u015fgal ettiler.  <\/p>\n<p> At\u00f6lyelerimizi, i\u015fyerlerimizi, ba\u011f bah\u00e7emizi elimizden ald\u0131lar.  <\/p>\n<p> Kar\u0131lar\u0131m\u0131za, k\u0131zlar\u0131m\u0131za, g\u00f6z\u00fcm\u00fcz \u00f6n\u00fcnde y\u0131llarca sahip oldular.  <\/p>\n<p> Aman ha, \u00fclkemize ve gelece\u011fimize sahip \u00e7\u0131k\u0131n!&#8230; diye yak\u0131nm\u0131\u015f ve uyarm\u0131\u015ft\u0131.  <\/p>\n<p> \u0130\u015fte ayeti kerime:  <\/p>\n<p> <strong>&quot;De ki: Muhakkak Melikler (g\u00fc\u00e7l\u00fc ve galip i\u015fgalci devletler)\u00a0 bir \u00fclkeye girdikleri zaman oras\u0131n\u0131 ifsad edip bozguna u\u011frat\u0131rlar. (Memleketi ve medeniyet eserlerini tarumar ederler, yak\u0131p y\u0131karlar) \u0130zzet ve \u015feref sahibi ahalisini rezil ve zelil b\u0131rak\u0131rlar. H\u00fcrriyet ve haysiyetlerini, namus ve \u015fereflerini be\u015f paral\u0131k k\u0131larlar. Evet i\u015fte (D\u00fc\u015fman) olanlar\u0131n yapaca\u011f\u0131 budur.&quot;<a name=\"_ftnref2\" href=\"#_ftn2\" title=\"_ftnref2\"><strong>[2]<\/strong><\/a> \u00a0<\/strong>  <\/p>\n<p> <strong>\u0130nsanlar\u0131m\u0131z Fatiha&#39;da ne okuduklar\u0131n\u0131 bilseler, bu sorunlar kendili\u011finden \u00e7\u00f6z\u00fclecektir.<\/strong>  <\/p>\n<p> <strong>FAT\u0130HA SURES\u0130:<\/strong>  <\/p>\n<p> <strong><em>Fatiha: giri\u015f kap\u0131s\u0131, \u00a0<\/em><\/strong><strong>a\u00e7\u0131\u015f, <em>ba\u015flang\u0131\u00e7 demektir. Bir bitki tohumu <\/em>nas\u0131l<em> o bitkinin dallar\u0131n\u0131, yapraklar\u0131n\u0131, meyvelerini ve di\u011fer \u00f6zelliklerini \u00f6z\u00fcnde bar\u0131nd\u0131ran bir \u00e7ekirdek program\u0131 ise, Fatihada Kur&#39;an-\u0131, Kerim&#39;in \u00f6z\u00fc ve \u00f6zetidir. Peygamberli\u011fini ilk y\u0131llar\u0131nda indirilmi\u015ftir. B\u00fct\u00fcn olarak g\u00f6nderilen ilk sure olup, yedi ayetten ibarettir.<\/em><\/strong>  <\/p>\n<p> <strong><em>Fatiha, <\/em><\/strong><strong>Y\u00fcce <em>Yarat\u0131c\u0131 huzurunda kulun, en i\u00e7ten \u015f\u00fckran ve minnettarl\u0131k duygular\u0131yla O&#39;na y\u00f6neli\u015fi, O&#39;nun s\u0131n\u0131rs\u0131z kudreti ve merhameti \u00f6n\u00fcnde sayg\u0131yla boyun e\u011fi\u015fidir.<\/em><\/strong>  <\/p>\n<p> <strong><em>\u00a0Fatiha Allah ile kulu aras\u0131nda ezeli ve ebedi bir kulluk s\u00f6zle\u015fmedir. <\/em><\/strong> <\/p>\n<p> Rahman ve Rahim olan Allah&#39;\u0131n Ad\u0131yla! Beni yoktan var edip \u00fcst\u00fcn yeteneklerle ve kulluk g\u00f6reviyle yery\u00fcz\u00fcne g\u00f6nderen, sonsuz \u015fefkat ve merhamet sahibi y\u00fcce Rabbimin ad\u0131yla, O&#39;nun verdi\u011fi hidayet ve inayete dayanarak ve yaln\u0131zca O&#39;nun ad\u0131na okuyor, s\u00f6yl\u00fcyorum:  <\/p>\n<p> <strong>1.<\/strong> Hamd olsun, Alemlerin Rabbi Allah&#39;a ki; her t\u00fcrl\u00fc minnet ve te\u015fekk\u00fcre lay\u0131k olan sadece O&#39;dur. Ger\u00e7ek anlamda \u00f6v\u00fclmek,\u00a0 sevilmek ve \u015f\u00fckredilmek O&#39;nun hakk\u0131d\u0131r ve yaln\u0131zca O&#39;na yara\u015f\u0131r. \u00c7\u00fcnk\u00fc kainat\u0131 yoktan var eden, t\u00fcm canl\u0131lar\u0131 yarat\u0131p besleyen, terbiye ve terakki ettiren, y\u00f6neten ve y\u00f6nlendiren ger\u00e7ek efendimiz, sahibimiz, y\u00f6neticiniz O&#39;dur. Her varl\u0131\u011f\u0131 kendi yarat\u0131l\u0131\u015f\u0131ndaki hikmete uygun niteliklerle donatan, onlar\u0131 daima varl\u0131kta tutarak her \u015feye olgunluk yolunu a\u00e7an; kula\u011fa i\u015fitmeyi, g\u00f6ze g\u00f6rmeyi, g\u00fcne\u015fe \u0131\u015f\u0131k vermeyi, kelebe\u011fe u\u00e7may\u0131, \u00e7i\u00e7e\u011fe a\u00e7may\u0131 ve koku sa\u00e7may\u0131, a\u011faca meyve tutmay\u0131 \u00f6\u011fretti\u011fi gibi, g\u00f6nderdi\u011fi mesajlarla kullar\u0131na do\u011fru yolu g\u00f6steren O&#39;dur. O halde, b\u00fct\u00fcn iyiliklerin, g\u00fczelliklerin kayna\u011f\u0131 olan Rabb&#39;inizi t\u00fcm kalbinizle \u00f6verek y\u00fcceltmeli, en derin sayg\u0131 ve \u015f\u00fckran duygular\u0131yla O&#39;nun h\u00fck\u00fcmlerine boyun e\u011fmeli ve yaln\u0131zca O&#39;na kulluk etmelidir.  <\/p>\n<p> <strong>2.<\/strong> O Rahmand\u0131r, Rahimdir Rahmand\u0131r;\u00a0 D\u00fcnyada canl\u0131 cans\u0131z her varl\u0131\u011f\u0131 ac\u0131y\u0131p koruyan, besleyip doyuran ve b\u00fct\u00fcn ihtiya\u00e7lar\u0131n\u0131 kar\u015f\u0131layand\u0131r. \u00c7ok \u015fefkatli, \u00e7ok merhametli oland\u0131r. Bize bizden daha yak\u0131nd\u0131r. O&#39;nun sonsuz rahmet ve \u015fefkati, bu d\u00fcnyada m\u00fcmin kafir ayr\u0131m\u0131 yapmaks\u0131z\u0131n herkesi ku\u015fatm\u0131\u015ft\u0131r. Rahimdir; rahmetini tamamlamak \u00fczere bu Kitab\u0131 g\u00f6ndermi\u015f ve onun \u0131\u015f\u0131\u011f\u0131nda y\u00fcr\u00fcyen bahtiyarlara, ahiret hayat\u0131nda sonsuz mutluluk ve kurtulu\u015f mesaj\u0131n\u0131 ve m\u00fcjdesini yollam\u0131\u015ft\u0131r.  <\/p>\n<p> O \u00e7ok \u015fefkatli, \u00e7ok merhametli olmakla birlikte, hikmetli ve adaletlidir de:  <\/p>\n<p> <strong>3. <\/strong>Din G\u00fcn\u00fcn\u00fcn, ahiret ve hesap duru\u015fmas\u0131n\u0131n malikidir. Ger\u00e7ekle\u015fece\u011finde asla \u015f\u00fcphe olmayan, \u0130lahi Adalet G\u00fcn\u00fc&#39;n\u00fcn mutlak hakimidir. O g\u00fcn t\u00fcm insanlar yap\u0131p ettiklerinden hesaba \u00e7ekilecek ve hi\u00e7bir iyilik m\u00fck\u00e2fats\u0131z, hi\u00e7bir k\u00f6t\u00fcl\u00fck cezas\u0131z kalmayacakt\u0131r. O g\u00fcn, bize d\u00fcnyada emanet olarak verilmi\u015f olan g\u00fcc\u00fcm\u00fcz, irademiz ve tercih hakk\u0131m\u0131z elimizden al\u0131nacak ve ilahi h\u00fck\u00fcmranl\u0131k t\u00fcm azamet ve ihti\u015fam\u0131yla tecelli edecektir. <br \/> \u00a0\u00a0\u00a0\u00a0\u00a0\u00a0\u00a0\u00a0 O halde ey Rabbimiz, sana t\u00fcm i\u00e7tenli\u011fimizle s\u00f6z veriyoruz:  <\/p>\n<p> <strong>4.<\/strong> Biz sadece Sana kulluk eder ve ancak Senden yard\u0131m dileriz. Yaln\u0131zca Sana ibadet eder, b\u00fct\u00fcn emirlerine kay\u0131ts\u0131z \u015farts\u0131z itaat ederiz. \u0130yiyi k\u00f6t\u00fcy\u00fc, g\u00fczeli \u00e7irkini, do\u011fruyu e\u011friyi belirlemede kendimize yaln\u0131zca Senin ilahi \u00f6l\u00e7\u00fclerini rehber ediniriz. Senin buyruklar\u0131na, temel insan haklar\u0131na ve evrensel hukuk kurallar\u0131na ayk\u0131r\u0131 Kural ve Kanunlar koyan hi\u00e7bir g\u00fcce -kim olursa olsun&#8211; asla boyun e\u011fmeyiz. Sadece senden yard\u0131m dileriz. Her t\u00fcrl\u00fc iyili\u011fin, g\u00fczelli\u011fin senin elinde oldu\u011funu bilir, iznin ve onay\u0131n olmad\u0131k\u00e7a hi\u00e7bir dile\u011fin ger\u00e7ekle\u015fmeyece\u011fine y\u00fcrekten iman ve itimat ederiz. Dertlerimize devay\u0131, hastal\u0131\u011f\u0131m\u0131za \u015fifay\u0131, s\u0131k\u0131nt\u0131lar\u0131m\u0131za \u00e7areyi ancak <strong>s<\/strong>enden bilir<em>, <\/em>senden ba\u015fka hi\u00e7 kimseden, hi\u00e7bir \u015fekilde medet ve inayet beklemeyiz.  <\/p>\n<p> <strong>5.<\/strong> Ey Rabbimiz! Bizi dosdo\u011fru yola, insan\u0131n do\u011fal yap\u0131s\u0131yla, sosyal ve ruhsal duygular\u0131yla, e\u011filimleri ve ihtiya\u00e7lar\u0131yla birebir \u00f6rt\u00fc\u015fen, varl\u0131k kanunlar\u0131yla tam bir uyum ve ahenk i\u00e7inde olan o apayd\u0131nl\u0131k Kur&#39;an do\u011frultusuna; insanl\u0131\u011f\u0131 hem d\u00fcnyada hem ahirette mutlulu\u011fa ula\u015ft\u0131ran \u0130slam dinine ve davas\u0131na ilet.  <\/p>\n<p> <strong>6.<\/strong> Nimet verdi\u011fin kimselerin, insanl\u0131k tarihi boyunca tevhit sanca\u011f\u0131n\u0131 elden ele ta\u015f\u0131yan Peygamberlerin ve onlar\u0131n izinden y\u00fcr\u00fcyen \u00e2limlerin, \u015fehitlerin, salihlerin yoluna&#8230;  <\/p>\n<p> <strong>7.<\/strong> Gazaba u\u011fram\u0131\u015flar\u0131n ve sapm\u0131\u015flar\u0131n yoluna de\u011fil, ya Rab! Yahudiler \u00f6rne\u011finde oldu\u011fu gibi, hakikati pek\u00e2l\u00e2 bildikleri halde, \u015feytani niyetlerine ve d\u00fcnya nimetlerine tutkuyla ba\u011fl\u0131l\u0131klar\u0131 y\u00fcz\u00fcnden ilahi iradeye ba\u015f kald\u0131rarak senin gazab\u0131na m\u00fcstahak olan azg\u0131nlar\u0131n ve H\u0131ristiyanlar \u00f6rne\u011finde oldu\u011fu gibi, bat\u0131l d\u00fc\u015f\u00fcnceleri ve hurafeleri Allah&#39;\u0131n dinine sokarak hak yoldan sapan, ahireti kazanma ad\u0131na ruhbanl\u0131\u011f\u0131 uyduran \u015fa\u015fk\u0131nlar\u0131n yoluna girmemize izin verme! Onlara benzemekten, onlar gibi ya\u015famaktan ve d\u00fc\u015f\u00fcnmekten bizi koru Allah&#39;\u0131m&#8230; Amin!  <\/p>\n<p> <strong>Fatiha okuyan bir M\u00fcsl\u00fcman her g\u00fcn be\u015f vakit namazda tam k\u0131rk sefer: \u00a0&quot;Allah&#39;\u0131m ben Kuran-\u0131 Kerim&#39;in \u00f6\u011fretti\u011fi ve Hz. Peygamber&#39;in g\u00f6sterdi\u011fi s\u0131rat-\u0131 mustakim olan hidayet ve adalet dini \u0130slamiyet&#39;e ayk\u0131r\u0131, b\u00fct\u00fcn be\u015feri ve \u015feytani d\u00fczenleri terk ediyorum.<\/strong>  <\/p>\n<p> <strong>&quot;Senin \u011fadab\u0131na u\u011fram\u0131\u015f Siyonist Yahudilerin ve dalalete sap\u0131tm\u0131\u015f Emperyalist ha\u00e7l\u0131 zihniyetinin ve bunlar\u0131n yerli i\u015fbirlik\u00e7ilerinin pe\u015fine gitmeyece\u011fime, destek vermeyece\u011fime s\u00f6z veriyorum. Ve b\u00f6yle bir duruma d\u00fc\u015fmekten sana s\u0131\u011f\u0131n\u0131yorum&quot; demektedir.<\/strong>  <\/p>\n<p> <strong>Ama maalesef, hem ne dedi\u011fini bilmemektedir, hem de Rabb\u0131na verdi\u011fi bu s\u00f6zden d\u00f6nerek, Siyonist ve Emperyalist g\u00fc\u00e7lerin; AB; ABD ve \u0130srail&#39;in ve bunlar\u0131n g\u00fcd\u00fcm\u00fcndeki kukla partilerin pe\u015finden gitmektedir. Bug\u00fcn k\u00fcreselle\u015fme bahanesiyle, d\u00fcnya siyonizmine k\u00f6lele\u015fmeyi kabul edenler, Fatiha&#39;da Allah&#39;a verdi\u011fi s\u00f6zleri inkar etmektedir.<\/strong>  <\/p>\n<p> <strong>Bir m\u00fcsl\u00fcman\u0131n ve vicdan ehli bir insan\u0131n, Irak ve Afganistan \u00f6rne\u011finde oldu\u011fu gibi, Nemrut&#39;lar\u0131 ve Neron&#39;lar\u0131 bile utand\u0131racak vah\u015fet ve cinayetleri i\u015fleyen, \u015fimdi T\u00fcrkiye&#39;ye sald\u0131racak veya bize Sevr&#39;i dayatacak bu \u015feytani g\u00fc\u00e7leri ve i\u015fbirlik\u00e7ilerini hala desteklemesi: <\/strong> <\/p>\n<p> <strong>Bilmeden ve akl\u0131 yetmeden yap\u0131l\u0131yorsa; koyu bir gaflet ve cehalettir. <\/strong> <\/p>\n<p> <strong>Bile bile yap\u0131l\u0131yorsa, h\u0131yanet ve dalalettir. <\/strong> <\/p>\n<p> <strong>Bu ahmakl\u0131k ve al\u00e7akl\u0131\u011f\u0131na dini bahaneler ve siyasi mazeretler uydurmaya kalk\u0131\u015fanlar ise, m\u00fcnaf\u0131kl\u0131\u011f\u0131n\u0131 maskelemektedir. <\/strong> <\/p>\n<hr \/>\n<p> <a name=\"_ftn1\" href=\"#_ftnref1\" title=\"_ftn1\">[1]<\/a> Sabah \/ 25.09.2007  <\/p>\n<p> <a name=\"_ftn2\" href=\"#_ftnref2\" title=\"_ftn2\">[2]<\/a> Neml S\u00fcresi: 34  <\/p>\n","protected":false},"excerpt":{"rendered":"<p>\u00a0  <\/p>\n<p> Osmanl\u0131&#39;y\u0131 \u00e7\u00f6kerten Siyonist ekipten ve Mustafa Kemal&#8216;e ra\u011fmen Lozan&#39;da \u0130smet \u0130n\u00f6n\u00fc&#39;y\u00fc y\u00f6nlendiren ve \u00f6zel dan\u0131\u015fmanl\u0131\u011f\u0131n\u0131 y\u00fcr\u00fcten Yahudi Haham Haim Nahum,\u00a0 \u0130ttihat Terakki kasas\u0131ndaki Osmanl\u0131 alt\u0131nlar\u0131n\u0131 soyup i\u00e7etti\u011fi paralar\u0131 Yahudi d\u00f6nmesi \u015fe\u00e7kinlere pe\u015fke\u015f \u00e7ekmi\u015f; \u00dclker, Ko\u00e7, Gedizler gibi aileler zengin edilmi\u015f ve bunlar\u0131n organizat\u00f6rl\u00fc\u011f\u00fcn\u00fc yapan hain Mutasarr\u0131f H\u00fcsn\u00fc Yadis ve varisleri eliyle de, bug\u00fcne kadar ekonomik, sosyal, siyasal ve k\u00fclt\u00fcrel i\u015fgallerini devam ettirmi\u015flerdir. \u00d6yle ki bunlar\u0131n izin vermedi\u011fi kimseler belediye ba\u015fkan\u0131 ve hi\u00e7bir partiden milletvekili bile olamaz hale gelinmi\u015ftir.  <\/p>\n","protected":false},"author":13,"featured_media":0,"comment_status":"open","ping_status":"closed","sticky":false,"template":"","format":"standard","meta":{"footnotes":""},"categories":[76],"tags":[],"class_list":["post-1099","post","type-post","status-publish","format-standard","hentry","category-kasim-2007"],"_links":{"self":[{"href":"https:\/\/www.millicozum.com\/mc\/wp-json\/wp\/v2\/posts\/1099","targetHints":{"allow":["GET"]}}],"collection":[{"href":"https:\/\/www.millicozum.com\/mc\/wp-json\/wp\/v2\/posts"}],"about":[{"href":"https:\/\/www.millicozum.com\/mc\/wp-json\/wp\/v2\/types\/post"}],"author":[{"embeddable":true,"href":"https:\/\/www.millicozum.com\/mc\/wp-json\/wp\/v2\/users\/13"}],"replies":[{"embeddable":true,"href":"https:\/\/www.millicozum.com\/mc\/wp-json\/wp\/v2\/comments?post=1099"}],"version-history":[{"count":0,"href":"https:\/\/www.millicozum.com\/mc\/wp-json\/wp\/v2\/posts\/1099\/revisions"}],"wp:attachment":[{"href":"https:\/\/www.millicozum.com\/mc\/wp-json\/wp\/v2\/media?parent=1099"}],"wp:term":[{"taxonomy":"category","embeddable":true,"href":"https:\/\/www.millicozum.com\/mc\/wp-json\/wp\/v2\/categories?post=1099"},{"taxonomy":"post_tag","embeddable":true,"href":"https:\/\/www.millicozum.com\/mc\/wp-json\/wp\/v2\/tags?post=1099"}],"curies":[{"name":"wp","href":"https:\/\/api.w.org\/{rel}","templated":true}]}}