{"id":1101,"date":"2007-11-01T04:26:03","date_gmt":"2007-11-01T04:26:03","guid":{"rendered":"https:\/\/www.millicozum.com\/mc\/2007\/11\/01\/aplen-akp\/"},"modified":"2007-11-01T04:26:03","modified_gmt":"2007-11-01T04:26:03","slug":"aplesen-akp","status":"publish","type":"post","link":"https:\/\/www.millicozum.com\/mc\/2007\/kasim-2007\/aplesen-akp\/","title":{"rendered":"AP&#8217;LE\u015eEN AKP"},"content":{"rendered":"<p>\u00a0  <\/p>\n<p> <strong>Recep Tayyib&#39;e S\u00fcleyman Demirel misyonu verilmi\u015ftir.<\/strong> <\/p>\n<ul>\n<li><strong>Her ikisi de, ABD ve \u0130srail&#39;in himmetiyle i\u015fba\u015f\u0131na getirilmi\u015ftir.<\/strong><\/li>\n<li><strong>Her ikisi de, dindarlar\u0131n y\u00fcz\u00fcne g\u00fcl\u00fcp, masonlara ve az\u0131nl\u0131klara hizmet vermi\u015ftir.<\/strong><\/li>\n<li><strong>Her ikisi de, ilk f\u0131rsatta kadrolar\u0131ndaki dindar ve d\u00fcr\u00fcst insanlar\u0131 tasfiye etmi\u015ftir.<\/strong><\/li>\n<\/ul>\n<p>  \u00a0  <\/p>\n<p> <strong>Demirel&#39;in Derinli\u011fi ve &quot;Ehven\u00fc\u015f\u015fer&quot;cilerin Densizli\u011fi<\/strong> <\/p>\n<p> <strong>CHP ile i\u015fbirli\u011fine giri\u015fen S\u00fcleyman Demirel y\u0131llarca &quot;Din d\u00fc\u015fman\u0131 CHP&#39;ye kar\u015f\u0131, dindar demokratlar\u0131n hamisi&quot; rol\u00fcn\u00fc oynam\u0131\u015ft\u0131. Zavall\u0131 Nurcular, S\u00fcleymanc\u0131lar, Fethullah\u00e7\u0131lar, Tarikat\u00e7\u0131lar &quot;CHP tehlikesine kar\u015f\u0131, S\u00fcleyman Demirel&#39;in &quot;ehven\u00fc\u015f\u015fer&quot; re\u00e7etesine s\u0131\u011f\u0131nm\u0131\u015flard\u0131. Ama bu siyasi feraset fakirli\u011fi ve imani basiret k\u00f6rl\u00fc\u011f\u00fc y\u00fcz\u00fcnden s\u00fcrekli aldat\u0131lm\u0131\u015f, oyalanm\u0131\u015f ve sonunda sat\u0131lm\u0131\u015flard\u0131. Milli G\u00f6r\u00fc\u015f\u00e7\u00fclerin k\u0131rk y\u0131l \u00f6ncesinden fark etti\u011fi ger\u00e7ekleri, baz\u0131lar\u0131n\u0131n hala anlayamam\u0131\u015f olmas\u0131 ise hayret uyand\u0131r\u0131c\u0131yd\u0131.<\/strong> <\/p>\n<p> <strong>CHP: &quot;Bu ortak projede Demirel bizi destekliyor&quot; demektedir!<\/strong> <\/p>\n<p> <strong>Eski Cumhurba\u015fkan\u0131 S\u00fcleyman Demirel&#39;in CHP&#39;yi destekledi\u011fi y\u00f6n\u00fcndeki iddialar\u0131 partinin yetkilileri do\u011frulad\u0131.<\/strong> <\/p>\n<p> <strong>CHP Genel Sekreter Yard\u0131mc\u0131s\u0131 Mehmet Sevigen, ortak proje y\u00fcr\u00fctt\u00fcklerini vurgulayarak, &quot;S\u00fcleyman Demirel CHP&#39;yi destekliyor. Biz T\u00fcrkiye&#39;ye sahip \u00e7\u0131k\u0131yoruz&quot; demi\u015ftir.<\/strong> <\/p>\n<ul>\n<li><strong>Siyonizmin saman\u0131yla beslenen Samanyolundaki Tayyibin terbiyesi:<\/strong><\/li>\n<\/ul>\n<p> <strong>AP&#39;le\u015fen AKP<\/strong> <\/p>\n<p> AKP&#39;nin G\u00fcl&#39;\u00fcn Cumhurba\u015fkanl\u0131\u011f\u0131n\u0131 ta\u015f\u0131yabilecek durumda olup olmad\u0131\u011f\u0131n\u0131 titizlikle incelemek laz\u0131m. \u00c7\u00fcnk\u00fc: <\/p>\n<p> 1- 22 Temmuz se\u00e7imlerinden sonra AKP, son yap\u0131lan kitlesel milletvekilleri ihrac\u0131yla Demirel modeli bir parti haline gelmi\u015ftir. <\/p>\n<p> 2- Hatta Demirel modeli partilerde bile, \u00f6rne\u011fine rastlan\u0131lmayacak derecede sa\u011fc\u0131y\u0131, solcuyu, masonik ki\u015fileri i\u00e7ine alan bir de\u011fi\u015fim ge\u00e7irmi\u015ftir. <\/p>\n<p> 3- Ni\u00e7in Demirel modeli politikay\u0131 bir \u00f6l\u00e7\u00fc veya bir baz olarak ele ald\u0131\u011f\u0131m\u0131z\u0131 a\u00e7\u0131klayal\u0131m. Bilindi\u011fi gibi Say\u0131n Demirel, 1965 senesinde tek ba\u015f\u0131na iktidara gelince, Adalet Partisi&#39;nin asl\u00ee unsuru olan milliyet\u00e7i ve muhafazak\u00e2rlar\u0131 ve kurucular\u0131, tasfiye etmekle i\u015fe giri\u015fmi\u015ftir. <\/p>\n<p> 4- 22 Temmuz se\u00e7imlerinde Say\u0131n Erdo\u011fan ise Say\u0131n Demirel&#39;den de ileri giderek, partiyi kimliksizle\u015ftirme ve renksizle\u015ftirmede, Demirel&#39;den bile ileri gitmi\u015ftir. <\/p>\n<p> 5- Acaba bu basamak basamak, \u00f6z\u00fcnden, asl\u0131ndan uzakla\u015fma politikas\u0131 Say\u0131n Demirel&#39;in icad etti\u011fi bir y\u00f6ntem midir? Yoksa g\u00f6bek ba\u011f\u0131yla ba\u011fl\u0131 bulunduklar\u0131 ABD taraf\u0131ndan empoze edilen bir olgu mudur? diye sorarsan\u0131z, benim alt\u0131nc\u0131 hissim diyor ki, bu \u00fcslup hem ABD&#39;nin ve hem de T\u00fcrkiye \u015fartlar\u0131na g\u00f6re Demirel&#39;in tercih etti\u011fi ve hem de b\u00fct\u00fcn Demirel ekolune mensup partilerin benimsedi\u011fi bir siyasettir. <\/p>\n<p> 6- Hatta denilebilir ki, ABD&#39;ye ba\u011fl\u0131 lalettayin bir eyaletin politikas\u0131, Demirel ekol\u00fcne ba\u011fl\u0131 partilerin politikalar\u0131ndan \u00e7ok daha ba\u011f\u0131ms\u0131z ve haysiyetlidir. <\/p>\n<p> 7- Maazallah mesela ABD, 1 Mart tezkeresinde oldu\u011fu gibi yeni bir dayatma ile kar\u015f\u0131m\u0131za \u00e7\u0131ksa, her istedi\u011fi tavizi koparabilir. \u00c7\u00fcnk\u00fc 22 Temmuz&#39;da liste d\u0131\u015f\u0131 b\u0131rak\u0131lanlar ve liste kuyru\u011funa itilenler etkisiz hale getirildikleri i\u00e7in, s\u00fcrpriz geli\u015fmeler hari\u00e7 T\u00fcrkiye&#39;miz, adeta g\u00fcvencesiz bir duruma itilmi\u015ftir. <\/p>\n<p> B\u00fct\u00fcn bu ve buna benzer de\u011fi\u015fen \u015fartlar g\u00f6z \u00f6n\u00fcnde tutuldu\u011fu takdirde, anla\u015f\u0131l\u0131yorki b\u00f6yle bir muhtevas\u0131 de\u011fi\u015ftirilmi\u015f AKP&#39;de Say\u0131n G\u00fcl&#39;\u00fcn Cumhurba\u015fkanl\u0131\u011f\u0131n\u0131 ta\u015f\u0131yacak g\u00fc\u00e7 ve takat t\u00fckenmi\u015ftir. <\/p>\n<p> <strong>AKP milletvekili olsayd\u0131m Toptan&#39;a oy vermezdim! <\/strong> <\/p>\n<p> E\u011fer AKP&#39;nin 341 milletvekilinden biri ben olsayd\u0131m, oyumu kesinlikle Say\u0131n Toptan&#39;a vermezdim! \u00c7\u00fcnk\u00fc bu ismi AKP&#39;li milletvekilleri se\u00e7ecekti ama kimse &quot;Say\u0131n Toptan partimizin aday\u0131 olmal\u0131 m\u0131d\u0131r? Ona oyunuzu verir misiniz?&quot; diye onlara g\u00f6r\u00fc\u015f\u00fcn\u00fc sormad\u0131&#8230; Yani milletvekillerine, t\u0131pk\u0131 ge\u00e7en d\u00f6nemde oldu\u011fu gibi yine &quot;otomatik oy makinesi&quot; olarak bak\u0131ld\u0131&#8230; <\/p>\n<p> \u0130yi ama TBMM Ba\u015fkanl\u0131\u011f\u0131 i\u00e7in d\u00fcn oy kullanan AKP&#39;li vekillerin ne d\u00fc\u015f\u00fcnd\u00fckleri, kimi ba\u015fkan olarak g\u00f6rmek istedikleri hi\u00e7 mi \u00f6nemli de\u011fildi? <\/p>\n<p> Dikkat edin; K\u00f6ksal Toptan bile d\u00fcn TBMM&#39;de grubu bulunan b\u00fct\u00fcn partileri tek tek dola\u015ft\u0131, destek istedi&#8230; Ama AKP Grubu&#39;na gitmedi! Peki, neden? Nas\u0131l olsa karar &quot;yukar\u0131dan&quot; \u00e7\u0131km\u0131\u015ft\u0131 ya, AKP&#39;li vekillerin oylar\u0131 \u00e7antada keklikti!<a name=\"_ftnref1\" href=\"#_ftn1\" title=\"_ftnref1\">[1]<\/a> <\/p>\n<p> <\/p>\n<p> <strong>&quot;Ba\u015f\u00f6rt\u00fcs\u00fc K\u00f6\u015fk&#39;e&quot; \u00e7\u0131kt\u0131, ama Meclis&#39;ten de kovuldu<\/strong> <\/p>\n<p> Yeni Meclis Ba\u015fkan\u0131&#39;n\u0131n se\u00e7imi \u00e7e\u015fitli sorular\u0131 da beraberinde getirdi. <\/p>\n<p> \u00d6ncelikle b\u00f6ylesine \u00f6nemli bir makama se\u00e7ilecek ki\u015finin Meclis&#39;te b\u00fcy\u00fck bir uzla\u015f\u0131yla se\u00e7ilmi\u015f olmas\u0131 elbette takdir edilecek bir husustur. Ancak yap\u0131lan bu b\u00fcy\u00fck mutabakat AKP&#39;yi esas sorunun muhatab\u0131 olmaktan kurtarm\u0131yor. <\/p>\n<p> AKP&#39;ye sorulmas\u0131 gereken soru \u015fudur: <\/p>\n<p> Bu parti se\u00e7men tercihinin ne anlama geldi\u011fini fark etti mi? <\/p>\n<p> Yani AKP se\u00e7menin ikinci kez tercihine mazhar olurken bunun nedenleri hakk\u0131nda bir fikre sahip mi? <\/p>\n<p> Meclis Ba\u015fkanl\u0131\u011f\u0131na \u00f6nerilip, CHP&#39;nin de oylar\u0131n\u0131 alarak se\u00e7ilen ismin, hangi siyaset okulundan mezun oldu\u011funa bak\u0131l\u0131nca, AKP&#39;nin kafas\u0131ndakiyle, se\u00e7menin tercih sebeplerinin \u00e7ak\u0131\u015fmad\u0131\u011f\u0131 g\u00f6r\u00fclecektir.  <\/p>\n<p> \u015e\u00fcphesiz Meclis Ba\u015fkanl\u0131\u011f\u0131 gibi bir makama oturacak ki\u015finin ana muhalefet partisinin de deste\u011fini almas\u0131 demokratik d\u00fczen a\u00e7\u0131s\u0131ndan bir kazan\u0131md\u0131r. Ama CHP se\u00e7im \u00f6ncesi s\u00fcrekli AKP y\u00f6neticilerinin siyasi ge\u00e7mi\u015fini sorgulayarak siyaset yapm\u0131\u015ft\u0131r. Hatta b\u00f6yle bir muhalefetin AKP&#39;ye kendi gayretinden bile fazla oy getirdi\u011fi bilinmektedir.  <\/p>\n<p> Bir \u00f6nceki meclis ba\u015fkan\u0131 ile \u015fimdiki meclis ba\u015fkan\u0131n\u0131n siyasi ge\u00e7mi\u015fleri ve geleneklerine ba\u011fl\u0131l\u0131klar\u0131 kar\u015f\u0131la\u015ft\u0131r\u0131ld\u0131\u011f\u0131nda AKP&#39;nin kendi i\u00e7inden bir meclis ba\u015fkan\u0131 \u00e7\u0131kartmad\u0131\u011f\u0131; bilakis CHP&#39;nin en \u00e7ok ho\u015funa gidecek bir ad\u0131m\u0131 att\u0131\u011f\u0131 sezilmektedir.  <\/p>\n<p> Cumhurba\u015fkanl\u0131\u011f\u0131 ile ba\u015f\u00f6rt\u00fcs\u00fc sorununu ustal\u0131kla \u00f6zde\u015fle\u015ftiren AKP, bu gerilimi k\u00f6r\u00fckleyip se\u00e7menin tercihi haline gelmi\u015fti. Oysa bug\u00fcn gelinen noktada AKP&#39;nin, meclis ba\u015fkanl\u0131\u011f\u0131n\u0131 bile ba\u015f\u00f6rt\u00fcs\u00fcnden ar\u0131nd\u0131ran bir yap\u0131ya kavu\u015ftu\u011fu g\u00f6r\u00fclmektedir.  <\/p>\n<p> H\u00fclasa se\u00e7men CHP&#39;nin siyonist a\u011fz\u0131yla muhalefet yapmas\u0131na \u00f6fkelenip, AKP&#39;ye b\u00fcy\u00fck bir destek vermi\u015fti. AKP ise ge\u00e7mi\u015f be\u015f y\u0131lda oldu\u011fu gibi, \u015fimdi de se\u00e7men tercihini hi\u00e7e say\u0131p CHP&#39;nin d\u00fcmen suyuna girmi\u015ftir.  <\/p>\n<p> Toplumun y\u00fczde elliye yak\u0131n bir destekle iktidara getirdi\u011fi AKP&#39;den bu ikinci d\u00f6nemde sorunlar\u0131n \u00e7\u00f6z\u00fclece\u011fine dair g\u00fc\u00e7l\u00fc bir beklentisi vard\u0131. AKP ise daha att\u0131\u011f\u0131 birinci ad\u0131mda &quot;Sizin beklentileriniz de\u011fil, benim nas\u0131l iktidarda kalaca\u011f\u0131m daha \u00f6nemlidir.&quot; mesaj\u0131n\u0131 vermi\u015ftir. Millet, ya be\u015f y\u0131l\u0131n\u0131n daha heder olmas\u0131na g\u00f6z yumacak; ya da yak\u0131n bir gelecekte tepkisini ortaya koyarak bu meclisin \u00f6mr\u00fcn\u00fcn \u00e7ok k\u0131sa oldu\u011funu g\u00f6sterecektir. <\/p>\n<p> <strong>Say\u0131n Demirel \u00fc\u00e7 s\u0131f\u0131r galip&#8230;<\/strong> <\/p>\n<p> &quot;K\u00f6ksal Toptan olay\u0131, ilgin\u00e7 bi\u00e7imde se\u00e7imlerde hi\u00e7bir bi\u00e7imde Ak Parti&#39;ye oy vermeyen \u00e7evrelerde sevin\u00e7 uyand\u0131rd\u0131. Adeta se\u00e7im zaferi havas\u0131 olu\u015fturdu.&quot; <\/p>\n<p> TBMM&#39;nin 23. d\u00f6nem milletvekilleri ba\u015fkanlar\u0131n\u0131 se\u00e7ti. <strong>&quot;450&quot;<\/strong> gibi bir rakam epeyce anlaml\u0131d\u0131r. Yani\u00a0 <strong>&quot;341&quot;<\/strong>lik AKP&#39;nin aday\u0131n\u0131n <strong>&quot;450&quot;<\/strong> oy alm\u0131\u015f olmas\u0131n\u0131, belki de de\u011fi\u015fik a\u00e7\u0131lardan de\u011ferlendirmek gerekecektir. <\/p>\n<p> <strong>Say\u0131n Toptan&#39;\u0131n Ki\u015fili\u011fi<\/strong>: Say\u0131n Toptan, ger\u00e7ekten de, <strong>&quot;umur g\u00f6rm\u00fc\u015f eskilerin&quot;<\/strong> deyi\u015fiyle, <strong>&quot;kabil-i hitap&quot;, &quot;sohbete ehil&quot;, &quot;meram\u0131n\u0131 ifadeye muktedir&quot;, &quot;be\u015fer\u00ee ili\u015fkilerde dikkatli&quot;<\/strong> bir siyaset\u00e7idir&#8230; <\/p>\n<p> Say\u0131n Toptan Devlet&#39;te tecr\u00fcbe sahibidir de&#8230; <\/p>\n<p> <strong>AKP&#39;de Demirel Fakt\u00f6r\u00fc<\/strong>: Ne var ki Say\u0131n Toptan acaba bir B\u00fclent Ar\u0131n\u00e7, M. Ali \u015eahin, Abdullatif \u015eener, Faruk \u00c7elik&#8230; daha bir \u00e7oklar\u0131 kadar de\u011filse bile onlara yak\u0131n i\u00e7tenlikte bir <strong>&quot;AKP&quot;<\/strong>li<strong> <\/strong>midir?&#8230; Zannetmiyorum&#8230; Say\u0131n Toptan&#39;\u0131n esasen b\u00f6yle bir iddias\u0131 da hi\u00e7 olmad\u0131&#8230; Kendilerini tan\u0131d\u0131\u011f\u0131m kadar\u0131yla, onlarca y\u0131ll\u0131k, i\u00e7inde bulundu\u011fu, fikr\u00ee ve zihn\u00ee geli\u015fmesini sa\u011flad\u0131\u011f\u0131 siy\u00e2si gelene\u011fini (AP-DYP) -ba\u015fkalar\u0131 gibi- bir yerlere se\u00e7ilebilme u\u011fruna ve &quot;d\u00f6nme krizi&quot; e\u015fli\u011finde fed\u00e2 etmi\u015f olmas\u0131 d\u00fc\u015f\u00fcn\u00fclemezdi ve bulundu\u011fu yere o <strong>&quot;d\u00f6nme krizine&quot;<\/strong> yakalanmadan geldi. Hatta o kadar ki, say\u0131n Toptan, \u00e2idiyet ifade etme\u011fe mecbur kald\u0131\u011f\u0131 zamanlar da bile <strong>&quot;ben AKP<\/strong>&#39;liyim&quot; deme yerine, <strong>&quot;AKP Milletvekiliyim&quot;<\/strong> demeyi tercih etmi\u015ftir&#8230; <\/p>\n<p> <strong>&quot;Reel-Politik&quot;\u00a0 &quot;z\u00fcmr\u00fcd\u00fc anka&quot;<\/strong>s\u0131n\u0131 s\u0131k, hem de pek s\u0131k kullananlardan biri de say\u0131n Ta\u015fgetiren&#39;dir. Say\u0131n Ta\u015fgetiren&#39;le -hat\u0131rlayacaklard\u0131r- Alt\u0131noluk&#39;ta bir sohbetimiz olmu\u015ftu. AKP iktidar\u0131n\u0131 <strong>&quot;Reel-Politik&quot;<\/strong> bahanesine yerle\u015ftirebilmek i\u00e7in epeyce gayret sarf etmi\u015fti. Hatt\u00e2 say\u0131n Erbakan Hocan\u0131n &quot;reel-politik&quot; yapmad\u0131\u011f\u0131ndan dertliydi. O g\u00fcnlerde\u00a0 <strong>&quot;Z\u0130NA&quot;,<\/strong> su\u00e7 olmaktan \u00e7\u0131kar\u0131l\u0131p <strong>&quot;M\u00dcBAH&quot;<\/strong>\u00a0 hale getirilmemi\u015fti. AKP iktidar\u0131 sayesinde <strong>&quot;Z\u0130NA&quot;<\/strong> \u015fimdi <strong>&quot;su\u00e7&quot;<\/strong> olmaktan \u00e7\u0131kar\u0131lm\u0131\u015f <strong>&quot;M\u00dcBAH&quot;<\/strong> hale getirilmi\u015ftir. Buna ra\u011fmen say\u0131n Ta\u015fgetiren&#39;in h\u00e2l\u00e2 <strong>&quot;REEL- POL\u0130T\u0130K\u00c7\u0130&quot;<\/strong>\u00a0 oldu\u011funu d\u00fc\u015f\u00fcnmek bile istemiyorum&#8230; O g\u00fcn gerekenleri ve manev\u00ee de\u011ferlerimize y\u00f6nelik muhtemel tehlikeleri s\u00f6ylemi\u015ftik&#8230; <\/p>\n<p> Say\u0131n Ta\u015fgetiren&#39;in, say\u0131n Toptan&#39;\u0131n se\u00e7imine <strong>&quot;REEL-POL\u0130T\u0130K&quot;<\/strong>\u00a0 zaviyesinden bakmad\u0131\u011f\u0131 anla\u015f\u0131l\u0131yor. \u0130\u015fte yorumu: <strong>&quot;Oysa say\u0131n Toptan, Ak Partili idi ve as\u0131l sevinci onlar\u0131n hissetmesi gerekirdi. &#8216;Neden farkl\u0131 oldu?&#39; sorusunun \u00fczerinde de herhalde en \u00e7ok Ak Partililerin durmas\u0131 gerekiyor. AkParti cenah\u0131nda, Cumhurba\u015fkanl\u0131\u011f\u0131 konusunda da b\u00f6yle bir burukluk r\u00fczg\u00e2r\u0131n\u0131n esmeye ba\u015flad\u0131\u011f\u0131n\u0131 s\u00f6ylersem bana inan\u0131n.&quot;<\/strong> <\/p>\n<p> Say\u0131n Ta\u015fgetiren&#39;in tela\u015f\u0131 ve teess\u00fcf\u00fc, <strong>&quot;vakti ge\u00e7mi\u015f&quot;<\/strong> bir g\u00f6revin ifas\u0131ndan ba\u015fka ne ifade edebilir ki!&#8230; <strong>&quot;Per\u015fembenin geli\u015fi \u00e7ar\u015fambadan belli idi&#8230;&quot; <\/strong>Ge\u00e7mi\u015fteki<strong> &quot;REEL-POL\u0130T\u0130K&quot;<\/strong> s\u0131\u011f\u0131nmalar\u0131 haz\u0131rlamad\u0131 m\u0131 bu g\u00fcnleri?&#8230; <\/p>\n<p> Daha 2002 se\u00e7imlerini takiben say\u0131n Erdo\u011fan&#39;\u0131n ilk ziyaretini say\u0131n S. Demirel&#39;e ger\u00e7ekle\u015ftirmi\u015f olmas\u0131; <strong>&quot;28 \u015eubat post modern darbesi&quot;<\/strong>ndeki \u00e7\u0131kar ortakl\u0131\u011f\u0131; k\u0131yafet \u00f6zg\u00fcrl\u00fc\u011f\u00fc engeline, katsay\u0131 zulm\u00fcne bak\u0131\u015f a\u00e7\u0131s\u0131 itibariyle&#8230; her ikisinin de <strong>&quot;e\u015f kenar&quot;<\/strong> olu\u015fturuyor olmas\u0131&#8230; say\u0131n Demirel&#39;in, say\u0131n Erdo\u011fan&#39;\u0131n s\u0131rt\u0131ndan iktidar\u0131n\u0131 s\u00fcrd\u00fcrece\u011fini i\u015faret etmiyor muydu?.. \u015eimdi par\u00e7a-par\u00e7a ger\u00e7ekle\u015ftirilen o dur: AKP taban\u0131na <strong>-&quot;Milli G\u00f6r\u00fc\u015f&quot;<\/strong>e-ra\u011fmen Demirel iktidar\u0131&#8230; <\/p>\n<p> \u00a0Pekiyi b\u00fct\u00fcn bu geli\u015fmeler say\u0131n Toptan i\u00e7in bir eksiklik midir?.. Elbette hay\u0131r. Vak\u0131a, bu Ba\u015fkanl\u0131k se\u00e7imi olay\u0131nda bir nak\u00eesa var ve bu eksiklik elbet te AKP&#39;ye \u00e2ittir&#8230; \u00c7\u00fcnk\u00fc AKP hem 2002 se\u00e7imlerinde hem de 2007 se\u00e7imlerinde kendini iktidara ta\u015f\u0131yacak olan a\u011f\u0131rl\u0131kl\u0131 oy taban\u0131n\u0131n huzuruna ba\u015fka vitrinle \u00e7\u0131km\u0131\u015f, <strong>&quot;Devlet&#39;te sorumluluk tevdiinde&quot;<\/strong> ise vitrin gerisi elemanlar\u0131 tercih etmi\u015ftir. <\/p>\n<p> <\/p>\n<p> Gerek\u00e7esi de haz\u0131rd\u0131r: <strong>&quot;\u0130ST\u0130KRAR&#8230;&quot; <\/strong>AKP ve yanda\u015flar\u0131n\u0131n kitab\u0131ndaki <strong>&quot;istikrar&quot;<\/strong> ne menem \u015feyse!?&#8230; <\/p>\n<p> Say\u0131n Demirel ve Erdo\u011fan ikilisi, hi\u00e7 \u015f\u00fcpheniz olmas\u0131n, Cumhurba\u015fkanl\u0131\u011f\u0131 se\u00e7iminde de benzer y\u00f6ntemi kullanacak, <strong>&quot;ma\u011fduriyet senaryolar\u0131na&quot;<\/strong> malzeme olu\u015fturduklar\u0131 ve Mill\u00ee iradenin i\u011ffaline dair her ne varsa c\u00fcmlesini <strong>&quot;sil-s\u00fcp\u00fcr&quot;<\/strong> edeceklerdir. \u00c7\u00fcnk\u00fc, her ikisi de an\u0131lmay\u0131 ve <strong>&quot;muktedir&quot;<\/strong> olamad\u0131\u011f\u0131 iktidar\u0131n\u0131 buna bor\u00e7ludur. Her ne kadar say\u0131n Ayd\u0131n Menderes \u015fu yorumu yap\u0131yorsa da: <strong>&quot;Erdo\u011fan, G\u00fcl&#39;\u00fc cumhurba\u015fkan\u0131 yapmazsa, argo olacak ama, karizmay\u0131 \u00e7izdirir. Korkak derler, cesaretsiz derler. Konu, y\u00fcre\u011fi yetmedi mi eksenine kilitlenir&#8230; Tayyip Bey, G\u00fcl&#39;\u00fc cumhurba\u015fkan\u0131 yapmazsa demokrasiden s\u00f6z etmesin. &#8216;Beni de G\u00fcl&#39;\u00fc de ma\u011fdur ettiler&#39; diye oy istedikten sonra art\u0131k karar\u0131n\u0131n arkas\u0131nda durmas\u0131 gerekir. G\u00fcl cumhurba\u015fkan\u0131 olmal\u0131d\u0131r.&quot;<\/strong> <\/p>\n<p> Evet , <strong>&quot;KAR\u0130ZMA&quot;<\/strong>\u00a0 taltifini yok sayarsan\u0131z, bu bir samimi tespittir. Ve bu tespit biraz daha uzaktan yap\u0131lm\u0131\u015ft\u0131r.  <\/p>\n<p> Vatan Gazetesi yazarlar\u0131na g\u00f6re, daha yak\u0131n talep ve de\u011ferlendirme, Say\u0131n Ba\u015fbakan&#39;\u0131n <strong>&quot;Ba\u015f Dan\u0131\u015fman&quot;<\/strong>\u0131na aittir: <strong>&quot;Erdo\u011fan&#39;\u0131n siyasi ba\u015f dan\u0131\u015fman\u0131 Yal\u00e7\u0131n Akdo\u011fan, Yeni \u015eafak gazetesinde m\u00fcstear isimle kaleme ald\u0131\u011f\u0131 k\u00f6\u015fe yaz\u0131s\u0131nda G\u00fcl&#39;\u00fcn aday olmamas\u0131 gerekti\u011fi sinyalini verdi. &#8216;Se\u00e7imin ana mesaj\u0131 istikrar\u0131 korumakt\u0131r&quot; diyen Ba\u015fbakanl\u0131k Ba\u015fdan\u0131\u015fman\u0131 Akdo\u011fan, AKP&#39;nin sergileyece\u011fi tutumun, eylem ve s\u00f6ylemlerin asgari \u015fart\u0131n\u0131n bu istikrar beklentisini g\u00f6zetmek oldu\u011funu ve bu nedenle &#8216;sorumlu, duyarl\u0131 ve uzla\u015fmac\u0131&#39; bir tav\u0131r i\u00e7inde olmas\u0131 gerekti\u011fini ifade etti. Ba\u015fdan\u0131\u015fman Akdo\u011fan \u015funa da vurgu yaparak: &quot;AK Parti&#39;nin ald\u0131\u011f\u0131 oylar\u0131n tamam\u0131n\u0131 Cumhurba\u015fkanl\u0131\u011f\u0131 s\u00fcrecindeki olaylara bir tepki olarak g\u00f6rmek ise haks\u0131zl\u0131k olur&#8230; Y\u00fczde 46&#39;y\u0131 belirleyen ana fakt\u00f6r istikrar aray\u0131\u015f\u0131 ve AK Parti iktidar\u0131n\u0131n ger\u00e7ekle\u015ftirdi\u011fi d\u00f6n\u00fc\u015f\u00fcmd\u00fcr.&quot; <\/strong> <\/p>\n<p> <strong>&quot;D\u00d6NME&quot;<\/strong>nin d\u0131\u015f\u0131nda hangi ba\u015far\u0131!?&#8230;  <\/p>\n<p> Bu se\u00e7im de g\u00f6stermi\u015ftir ki, <strong>&quot;Mill\u00ee G\u00f6r\u00fc\u015f \u00c7izgisi&quot;<\/strong>ndeki taban kand\u0131r\u0131lm\u0131\u015f, Say\u0131n Demirel, say\u0131n Erdo\u011fan&#39;a 3-0 galip gelmi\u015ftir&#8230;<a name=\"_ftnref2\" href=\"#_ftn2\" title=\"_ftnref2\">[2]<\/a> <\/p>\n<p> <strong>T\u00f6rp\u00fclenmi\u015f ve Terbiye Edilmi\u015f B\u00fclent Ar\u0131n\u00e7<\/strong> <\/p>\n<p> \u0130nsan hayat\u0131nda <strong>be\u015f y\u0131l<\/strong> hi\u00e7 de <strong>k\u00fc\u00e7\u00fcmsenemeyecek<\/strong> bir zaman dilimidir! <\/p>\n<p> <strong>TBMM <\/strong>Ba\u015fkan\u0131 <strong>B\u00fclent Ar\u0131n\u00e7<\/strong> yeniden bu g\u00f6reve <strong>neden aday olmayaca\u011f\u0131n\u0131<\/strong> a\u00e7\u0131klarken biz <strong>be\u015f y\u0131l<\/strong> \u00f6ncesine \u00e7oktan <strong>gitmi\u015ftik<\/strong> bile! <\/p>\n<p> Nerede <strong>be\u015f y\u0131l \u00f6nceki Ar\u0131n\u00e7,<\/strong> nerede <strong>bug\u00fcn\u00fcn Ar\u0131n\u00e7<\/strong>&#39;\u0131! <\/p>\n<p> <strong>Be\u015f y\u0131l<\/strong> \u00f6nce <strong>Ar\u0131n\u00e7<\/strong>&#39;\u0131n <strong>TBMM <\/strong>Ba\u015fkanl\u0131\u011f\u0131na <strong>adayl\u0131\u011f\u0131 <\/strong>s\u00f6z konusu oldu\u011funda kimi \u00e7evreler <strong>yine aya\u011fa<\/strong> kalkm\u0131\u015ft\u0131! <\/p>\n<p> <strong>Ar\u0131n\u00e7<\/strong>&#39;\u0131n <strong>TBMM<\/strong> Ba\u015fkanl\u0131\u011f\u0131na <strong>AKP kurmaylar\u0131n\u0131n<\/strong> da <strong>\u00e7ok s\u0131cak bakmad\u0131\u011f\u0131<\/strong> bilinen bir ger\u00e7ekti! <\/p>\n<p> \u0130\u015fte b\u00f6yle <strong>bir genel istemez\u00fck havas\u0131<\/strong> estirilirken <strong>Ar\u0131n\u00e7&#39;<\/strong>tan herkesi k\u00f6\u015feye s\u0131k\u0131\u015ft\u0131ran bir a\u00e7\u0131klama gelmi\u015fti: <\/p>\n<p> <strong>\u0130nad\u0131na aday\u0131m!<\/strong> <\/p>\n<p> <strong>Laik<\/strong> \u00e7evreler bu <strong>&quot;\u0130nad\u0131na aday\u0131m&quot; <\/strong>a\u00e7\u0131klamas\u0131n\u0131 <strong>sisteme bir meydan okuma<\/strong> olarak <strong>alg\u0131lama hatas\u0131na<\/strong> d\u00fc\u015fmekten kendilerini kurtaramam\u0131\u015flard\u0131! <\/p>\n<p> Oysa <strong>Ar\u0131n\u00e7<\/strong>&#39;\u0131n <strong>meydan okumas\u0131 sistemden \u00e7ok AKP kurmaylar\u0131nayd\u0131!<\/strong> <\/p>\n<p> G\u00f6rev yapt\u0131\u011f\u0131 <strong>be\u015f y\u0131ll\u0131k<\/strong> s\u00fcre i\u00e7inde <strong>bu sevgi ve sayg\u0131nl\u0131\u011f\u0131<\/strong> koruyabildi mi bilemiyoruz ama <strong>AKP<\/strong> Genel Ba\u015fkan\u0131 <strong>Erdo\u011fan<\/strong>&#39;\u0131n aday listeleri haz\u0131rlan\u0131rken yapt\u0131\u011f\u0131 t\u0131rpanlaman\u0131n <strong>Ar\u0131n\u00e7<\/strong>&#39;\u0131 parti i\u00e7inde <strong>bir hayli yaln\u0131zla\u015ft\u0131rd\u0131\u011f\u0131n\u0131<\/strong> kimse inkar edemez! <\/p>\n<p> Parti i\u00e7inde <strong>b\u00f6ylesine yaln\u0131zla\u015ft\u0131r\u0131lan Ar\u0131n\u00e7<\/strong> be\u015f y\u0131l sonra <strong>&quot;Aday de\u011filim&quot;<\/strong> a\u00e7\u0131klamas\u0131nda bulunmaya adeta <strong>mahkum edilmi\u015f <\/strong>gibiydi! <\/p>\n<p> Be\u015f y\u0131l \u00f6ncenin <strong>meydan okuyan Ar\u0131n\u00e7<\/strong>&#39;\u0131 ile be\u015f y\u0131l sonran\u0131n <strong>&quot;Se\u00e7me ve be\u011fenmeme l\u00fcks\u00fcm yok&quot; <\/strong>a\u00e7\u0131klamas\u0131n\u0131 yapan <strong>Ar\u0131n\u00e7&#39;<\/strong>\u0131 aras\u0131nda elbette <strong>da\u011flar kadar fark <\/strong>var! <\/p>\n<p> Be\u015f y\u0131l \u00f6nce <strong>\u015fartlar\u0131 O belirliyordu,<\/strong> be\u015f y\u0131l sonra ise <strong>ba\u015fkalar\u0131 taraf\u0131ndan belirlenen \u015fartlara ayak uydurmaya \u00e7abalayan bir Ar\u0131n\u00e7<\/strong> var kar\u015f\u0131m\u0131zda! <\/p>\n<p> Hem belirlenen \u015fartlara <strong>ayak uydurmaya<\/strong> \u00e7al\u0131\u015farak <strong>muti bir partili(!)<\/strong> g\u00f6r\u00fcn\u00fcm\u00fc vermeye \u00e7al\u0131\u015f\u0131yor hem de <strong>erkekli\u011fe<\/strong> toz kondurmayarak <strong>&quot;Ben g\u00fc\u00e7l\u00fc bir siyaset\u00e7iyim&quot;<\/strong> diye durumu idare etmeye \u00e7al\u0131\u015f\u0131yor! <\/p>\n<p> <strong>G\u00f6rev adam\u0131y\u0131m, ne g\u00f6rev verilirse yapar\u0131m<\/strong> s\u00f6z\u00fc ile ne kadar <strong>belirlenen \u015fartlara <\/strong>ayak uydurmaya \u00e7al\u0131\u015f\u0131rken, <strong>haddimi ve hakk\u0131m\u0131 bilirim <\/strong>s\u00f6z\u00fc ile de bizi yine <strong>be\u015f y\u0131l \u00f6ncesine yolluyor!<\/strong> <\/p>\n<p> O g\u00fcn\u00fcn meydan okuyan adam\u0131, bug\u00fcn\u00fcn haddini bilen adam\u0131 olmu\u015f!.<a name=\"_ftnref3\" href=\"#_ftn3\" title=\"_ftnref3\">[3]<\/a> <\/p>\n<hr \/>\n<p> <a name=\"_ftn1\" href=\"#_ftnref1\" title=\"_ftn1\">[1]<\/a> 10.08.2007 \/ Vatan \/ Mustafa Mutlu <\/p>\n<p> <a name=\"_ftn2\" href=\"#_ftnref2\" title=\"_ftn2\">[2]<\/a> Milli Gazete \/ Yasin Hatibo\u011flu <\/p>\n<p> <a name=\"_ftn3\" href=\"#_ftnref3\" title=\"_ftn3\">[3]<\/a> 9 A\u011fustos 2007 \/ Milli Gazete \/ Zeki Ceyhan <\/p>\n","protected":false},"excerpt":{"rendered":"<p>\u00a0  <\/p>\n<p> <strong>Recep Tayyib&#39;e S\u00fcleyman Demirel misyonu verilmi\u015ftir.<\/strong> <\/p>\n<ul>\n<li><strong>Her ikisi de, ABD ve \u0130srail&#39;in himmetiyle i\u015fba\u015f\u0131na getirilmi\u015ftir.<\/strong><\/li>\n<li><strong>Her ikisi de, dindarlar\u0131n y\u00fcz\u00fcne g\u00fcl\u00fcp, masonlara ve az\u0131nl\u0131klara hizmet vermi\u015ftir.<\/strong><\/li>\n<li><strong>Her ikisi de, ilk f\u0131rsatta kadrolar\u0131ndaki dindar ve d\u00fcr\u00fcst insanlar\u0131 tasfiye etmi\u015ftir.<\/strong><\/li>\n<\/ul>\n","protected":false},"author":3,"featured_media":0,"comment_status":"open","ping_status":"closed","sticky":false,"template":"","format":"standard","meta":{"footnotes":""},"categories":[76],"tags":[],"class_list":["post-1101","post","type-post","status-publish","format-standard","hentry","category-kasim-2007"],"_links":{"self":[{"href":"https:\/\/www.millicozum.com\/mc\/wp-json\/wp\/v2\/posts\/1101","targetHints":{"allow":["GET"]}}],"collection":[{"href":"https:\/\/www.millicozum.com\/mc\/wp-json\/wp\/v2\/posts"}],"about":[{"href":"https:\/\/www.millicozum.com\/mc\/wp-json\/wp\/v2\/types\/post"}],"author":[{"embeddable":true,"href":"https:\/\/www.millicozum.com\/mc\/wp-json\/wp\/v2\/users\/3"}],"replies":[{"embeddable":true,"href":"https:\/\/www.millicozum.com\/mc\/wp-json\/wp\/v2\/comments?post=1101"}],"version-history":[{"count":0,"href":"https:\/\/www.millicozum.com\/mc\/wp-json\/wp\/v2\/posts\/1101\/revisions"}],"wp:attachment":[{"href":"https:\/\/www.millicozum.com\/mc\/wp-json\/wp\/v2\/media?parent=1101"}],"wp:term":[{"taxonomy":"category","embeddable":true,"href":"https:\/\/www.millicozum.com\/mc\/wp-json\/wp\/v2\/categories?post=1101"},{"taxonomy":"post_tag","embeddable":true,"href":"https:\/\/www.millicozum.com\/mc\/wp-json\/wp\/v2\/tags?post=1101"}],"curies":[{"name":"wp","href":"https:\/\/api.w.org\/{rel}","templated":true}]}}