{"id":11101,"date":"2022-03-27T22:00:00","date_gmt":"2022-03-27T19:00:00","guid":{"rendered":"https:\/\/www.millicozum.com\/mc\/2022\/nisan-2022\/erdogan-yalakaliginda-siritan-siyonist-israil-yandasligi-2\/"},"modified":"2023-10-18T02:35:17","modified_gmt":"2023-10-17T23:35:17","slug":"erdogan-yalakaliginda-siritan-siyonist-israil-yandasligi-2","status":"publish","type":"post","link":"https:\/\/www.millicozum.com\/mc\/2022\/nisan-2022\/erdogan-yalakaliginda-siritan-siyonist-israil-yandasligi-2\/","title":{"rendered":"Erdo\u011fan Yalakal\u0131\u011f\u0131nda S\u0131r\u0131tan S\u0130YON\u0130ST \u0130SRA\u0130L YANDA\u015eLI\u011eI!"},"content":{"rendered":"\n<p>&nbsp;<\/p>\n<p style=\"text-align: center; text-indent: 0cm;\"><strong><span style=\"font-size: 18pt;\">Erdo\u011fan Yalakal\u0131\u011f\u0131nda S\u0131r\u0131tan<\/span><\/strong><\/p>\n<p style=\"text-align: center; text-indent: 0cm;\"><strong><span style=\"font-size: 18pt;\">S\u0130YON\u0130ST \u0130SRA\u0130L YANDA\u015eLI\u011eI!<\/span><\/strong><\/p>\n<p style=\"text-align: justify; text-indent: 25.5pt;\"><strong><span style=\"font-size: 18pt;\">&nbsp;&nbsp;&nbsp;&nbsp;&nbsp;&nbsp;&nbsp;&nbsp; <\/span><\/strong><\/p>\n<p style=\"text-align: justify; text-indent: 25.5pt;\"><strong><span style=\"font-size: 14pt;\">T&uuml;rkiye &#8211; \u0130srail aras\u0131nda ilk temas, ABD&rsquo;de Karde\u015f Herzog&rsquo;la Yap\u0131ld\u0131.<\/span><\/strong><\/p>\n<p style=\"text-align: justify; text-indent: 25.5pt;\"><strong><span style=\"font-size: 12pt;\">Siyonist Cumhurba\u015fkan\u0131 Isaac Herzog&rsquo;un, Cumhurba\u015fkan\u0131 Erdo\u011fan taraf\u0131ndan Ankara&rsquo;ya davet edilmesi tepkilere neden olurken, i\u015fgal rejimi ile ilk temas\u0131n ABD&rsquo;de ger&ccedil;ekle\u015fti\u011fi ortaya &ccedil;\u0131km\u0131\u015ft\u0131. Uzun s&uuml;redir kom\u015fu ve b&ouml;lge &uuml;lkeleri ile kavgal\u0131 olan AKP iktidar\u0131 hem Ortado\u011fu&rsquo;da hem de K&ouml;rfez Arap &uuml;lkeleri ile ili\u015fkilerini normalle\u015ftirmeye &ccedil;al\u0131\u015fmaktayd\u0131.<\/span><\/strong><\/p>\n<p style=\"text-align: justify; text-indent: 25.5pt;\"><strong><span style=\"font-size: 12pt;\">Cumhurba\u015fkan\u0131 Erdo\u011fan&rsquo;\u0131n Davos&rsquo;ta One Minute &ccedil;\u0131k\u0131\u015f\u0131 ve Mavi Marmara olaylar\u0131yla i\u015fgalci \u0130srail&rsquo;le, Katar Ablukas\u0131 ve 15 Temmuz s&uuml;reciyle Birle\u015fik Arap Emirlikleri&rsquo;yle, M&uuml;sl&uuml;man Karde\u015fler ve Mursi&rsquo;ye yap\u0131lan darbe ile de M\u0131s\u0131r ile at\u0131lan k&ouml;pr&uuml;ler tekrar kurulmaktayd\u0131.<\/span><\/strong><\/p>\n<p style=\"text-align: justify; text-indent: 25.5pt;\"><strong><span style=\"font-size: 12pt;\">Abu Dabi Veliaht Prensi&rsquo;nin Ankara&rsquo;y\u0131 ziyaret etmesiyle BAE Y&ouml;netimi ile buzlar erimeye ba\u015flam\u0131\u015ft\u0131. 2021 Ekim ay\u0131nda da M\u0131s\u0131r-T&uuml;rkiye aras\u0131nda D\u0131\u015fi\u015fleri Bakanl\u0131k yetkilileri aras\u0131nda g&ouml;r&uuml;\u015fmeler yap\u0131lm\u0131\u015ft\u0131. Suudi Arabistan ile de ilk temas\u0131n ba\u015flayaca\u011f\u0131 konu\u015fulmaktayd\u0131.<\/span><\/strong><\/p>\n<p style=\"text-align: justify; text-indent: 25.5pt;\"><strong><span style=\"font-size: 12pt;\">Arap d&uuml;nyas\u0131n\u0131n lider &uuml;lkeleriyle ili\u015fkilerini birka&ccedil; y\u0131ld\u0131r yoluna koyan Siyonist \u0130srail, \u015fimdi de T&uuml;rkiye ile yeni bir s&uuml;rece girmeye haz\u0131rlanmaktayd\u0131. Cumhurba\u015fkan\u0131 Erdo\u011fan, i\u015fgalci \u0130srail Cumhurba\u015fkan\u0131 Isaac Herzog ile &ccedil;e\u015fitli vesilelerle son bir y\u0131lda 4&rsquo;&uuml;nc&uuml; kez telefonla g&ouml;r&uuml;\u015fme yapm\u0131\u015ft\u0131.<\/span><\/strong><\/p>\n<p style=\"text-align: justify; text-indent: 25.5pt;\"><strong><span style=\"font-size: 14pt;\">As\u0131l Ad\u0131m New York&rsquo;ta At\u0131lm\u0131\u015ft\u0131!?<\/span><\/strong><\/p>\n<p style=\"text-align: justify; text-indent: 25.5pt;\"><strong><span style=\"font-size: 12pt;\">D&uuml;nya gazetesinden Kerem &Uuml;lker&rsquo;in haberine g&ouml;re son birka&ccedil; ayd\u0131r normalle\u015fme s&uuml;recine giren Tel Aviv-Ankara hatt\u0131ndaki ikili g&ouml;r&uuml;\u015fmeler, ABD&rsquo;ye de yans\u0131m\u0131\u015ft\u0131. Siyonist \u0130srail&rsquo;in ABD&rsquo;deki B&uuml;y&uuml;kel&ccedil;isi olan Michael Herzog i&ccedil;in d&uuml;zenlenen ho\u015f geldin yeme\u011fine, T&uuml;rkiye&rsquo;nin Washington B&uuml;y&uuml;kel&ccedil;isi Hasan Murat Mercan da kat\u0131lm\u0131\u015ft\u0131. Azerbaycan&#8217;\u0131n ABD B&uuml;y&uuml;kel&ccedil;isi Khazar Ibrahim&#8217;in ev sahipli\u011finde d&uuml;zenlenen yemekte, T&uuml;rkiye&rsquo;nin yan\u0131 s\u0131ra &Ouml;zbekistan ve Kazakistan&#8217;\u0131n Amerika B&uuml;y&uuml;kel&ccedil;ileri ve ABD&#8217;deki Yahudi &ouml;rg&uuml;tlerinin &ouml;nemli isimlerinden <\/span><\/strong><strong><span style=\"font-size: 14pt;\">Malcolm Hoenlein <\/span><\/strong><strong><span style=\"font-size: 12pt;\">de vard\u0131.<\/span><\/strong><\/p>\n<p style=\"text-align: justify; text-indent: 25.5pt;\"><strong><span style=\"font-size: 14pt;\">Yeme\u011fi &ouml;zel k\u0131lan nedenlerden biri de i\u015fgalci \u0130srail&rsquo;in ABD B&uuml;y&uuml;kel&ccedil;isi Michael Herzog&rsquo;un Siyonist&nbsp;\u0130srail Cumhurba\u015fkan\u0131 Isaac Herzog&rsquo;un karde\u015fi olmas\u0131yd\u0131.<\/span><\/strong><\/p>\n<p style=\"text-align: justify; text-indent: 25.5pt;\"><strong><span style=\"font-size: 12pt;\">Son d&ouml;nemde K&ouml;rfez &uuml;lkeleri aras\u0131nda bar\u0131\u015f r&uuml;zg&acirc;rlar\u0131 eserken, \u0130srail dikkat &ccedil;eken bir hamle yapm\u0131\u015ft\u0131. Siyonist \u0130srail Cumhurba\u015fkan\u0131 Isaac Herzog, Birle\u015fik Arap Emirlikleri&#8217;ne tarihi bir ziyaret ba\u015flatm\u0131\u015ft\u0131. Ziyarette Abu Dabi Veliaht Prensi \u015eeyh Muhammed bin Zayed Al Nahyan&rsquo;\u0131n saray\u0131nda \u0130srail Milli Mar\u015f\u0131 Hatikvah&rsquo;\u0131n &ccedil;al\u0131nmas\u0131 ise hayretle kar\u015f\u0131lanm\u0131\u015ft\u0131.&nbsp;<\/span><\/strong><\/p>\n<p style=\"text-align: justify; text-indent: 25.5pt;\"><strong><span style=\"font-size: 12pt;\">\u0130srail Cumhurba\u015fkan\u0131 Isaac Herzog ve e\u015fi Michal Herzog, Abu Dabi Veliaht Prensi \u015eeyh Muhammed bin Zayed Al Nahyan&rsquo;\u0131n davetlisi olarak Birle\u015fik Arap Emirlikleri&rsquo;ne u\u011fram\u0131\u015ft\u0131. <\/span><\/strong><strong><span style=\"font-size: 12pt;\">30 Ocak 2022&rsquo;de<\/span><\/strong><strong><span style=\"font-size: 12pt;\"> ger&ccedil;ekle\u015fen bu tarihi ziyaret ile ilk kez bir \u0130srail Cumhurba\u015fkan\u0131 BAE&rsquo;ye gitmi\u015f olmaktayd\u0131. Isaac&nbsp;Herzog, Abu Dabi ve Dubai&rsquo;yi ziyaret ederek, &uuml;st d&uuml;zey yetkililerle g&ouml;r&uuml;\u015fmelerde bulunmu\u015flard\u0131.<\/span><\/strong><\/p>\n<p style=\"text-align: justify; text-indent: 25.5pt;\"><strong><span style=\"font-size: 14pt;\">Isaac&nbsp;Herzog<\/span><\/strong><strong><span style=\"font-size: 12pt;\">, ziyaret kapsam\u0131nda \u015funlar\u0131 aktarm\u0131\u015ft\u0131,<\/span><\/strong><span style=\"font-size: 12pt;\"> <strong><em>&ldquo;B&uuml;t&uuml;n b&ouml;lgeye, b&ouml;lge halklar\u0131na bir bar\u0131\u015f nimeti ve bir bar\u0131\u015f mesaj\u0131 getiriyorum. Bar\u0131\u015f, b&ouml;lge halklar\u0131n\u0131n yarar\u0131na refah, ilerleme ve b&uuml;y&uuml;meyi beraberinde getiriyor. \u0130srail&rsquo;le bar\u0131\u015f anla\u015fmas\u0131 imzalayan ve t&uuml;m b&ouml;lgeye bar\u0131\u015f\u0131n b&ouml;lge halklar\u0131 i&ccedil;in tek alternatif oldu\u011fu mesaj\u0131n\u0131 g&ouml;nderen cesareti ve cesur liderli\u011fi i&ccedil;in ona iyi dileklerimi sunuyorum.&rdquo;<\/em><\/strong> <\/span><\/p>\n<p style=\"text-align: justify; text-indent: 25.5pt;\"><strong><span style=\"font-size: 12pt;\">Bunun anlam\u0131: \u0130srail&rsquo;le anla\u015fmaya girmeyen ve normalle\u015fmeyen t&uuml;m \u0130slam &uuml;lkelerini kar\u0131\u015ft\u0131raca\u011f\u0131z&hellip; Onlar\u0131 ekonomik, sosyal ve siyasi sorunlarla bo\u011fu\u015fturaca\u011f\u0131z!..<\/span><\/strong><\/p>\n<p style=\"text-align: justify; text-indent: 25.5pt;\"><strong><span style=\"font-size: 14pt;\">O Siyonist&rsquo;i, Bari Meclis&rsquo;te Konu\u015fturmay\u0131n!<\/span><\/strong><\/p>\n<p style=\"text-align: justify; text-indent: 25.5pt;\"><strong><span style=\"font-size: 14pt;\">T&uuml;rkiye ile \u0130srail&rsquo;in normalle\u015fmeye do\u011fru ilerledi\u011fi bir s&uuml;re&ccedil;te Cumhurba\u015fkan\u0131 Recep Tayyip Erdo\u011fan&rsquo;\u0131n, <em>&ldquo;\u0130srail Cumhurba\u015fkan\u0131 Isaac Herzog&rsquo;un T&uuml;rkiye&rsquo;ye bir ziyareti olabilir.&rdquo;<\/em> a&ccedil;\u0131klamas\u0131 tepkiyle kar\u015f\u0131lanm\u0131\u015ft\u0131. Siyonist \u0130srail rejiminin korsan Cumhurba\u015fkan\u0131 Herzog&rsquo;un T&uuml;rkiye&rsquo;ye gelme ihtimali ak\u0131llara 2008 y\u0131l\u0131nda ger&ccedil;ekle\u015ftirilen bir ba\u015fka ziyareti hat\u0131rlatm\u0131\u015ft\u0131. S&ouml;z konusu tarihte d&ouml;nemin \u0130srail Cumhurba\u015fkan\u0131 \u015eimon Peres, T&uuml;rkiye&rsquo;ye gelmi\u015f ve TBMM&rsquo;de bir konu\u015fma yapt\u0131r\u0131lm\u0131\u015ft\u0131. \u015eimdi (2022 Mart ve sonras\u0131nda) bebek katili Isaac Herzog&rsquo;un ayn\u0131 \u015fekilde a\u011f\u0131rlanmas\u0131 milli vicdan\u0131m\u0131z\u0131 derinden yaralayacakt\u0131!..<\/span><\/strong><\/p>\n<p style=\"text-align: justify; text-indent: 25.5pt;\"><strong><span style=\"font-size: 14pt;\">O S&uuml;re&ccedil;te de B&uuml;y&uuml;k Tepkilere Yol A&ccedil;m\u0131\u015ft\u0131!<\/span><\/strong><\/p>\n<p style=\"text-align: justify; text-indent: 25.5pt;\"><strong><span style=\"font-size: 12pt;\">Bebek katili Peres&rsquo;in millet iradesinin temsil makam\u0131 olan TBMM&rsquo;de konu\u015fturulmas\u0131, vatanda\u015flar\u0131n tepkisine yol a&ccedil;m\u0131\u015ft\u0131. &Ouml;te yandan Mill&icirc; G&ouml;r&uuml;\u015f Lideri Prof. Dr. Necmettin Erbakan&rsquo;\u0131n &ouml;nderli\u011finde Saadet Partisi de ya\u015fanan rezalete sert tepki g&ouml;stermi\u015f ve s&ouml;z konusu rezaletin kabul edilemez oldu\u011fu vurgulanm\u0131\u015ft\u0131. Peres&rsquo;in ziyaretinden y\u0131llar sonra yeni bir rezaletin haz\u0131rl\u0131klar\u0131 yap\u0131l\u0131rken en az\u0131ndan Herzog&rsquo;un TBMM&rsquo;de konu\u015fturulmamas\u0131 gerekti\u011fi hat\u0131rlat\u0131lm\u0131\u015ft\u0131.<\/span><\/strong><\/p>\n<p style=\"text-align: justify; text-indent: 25.5pt;\"><strong><span style=\"font-size: 12pt;\">Cumhurba\u015fkan\u0131 Erdo\u011fan, 2013 y\u0131l\u0131nda Ba\u015fbakanl\u0131k g&ouml;revinde bulundu\u011fu d&ouml;nemde Gazze&rsquo;ye gidece\u011fini a&ccedil;\u0131klam\u0131\u015ft\u0131. 23 Nisan Ulusal Egemenlik ve &Ccedil;ocuk Bayram\u0131 &ccedil;er&ccedil;evesinde Ba\u015fbakanl\u0131k Merkez Bina&rsquo;da &ccedil;ocuklar\u0131 kabul&uuml;n&uuml;n ard\u0131ndan gazetecilerin sorular\u0131n\u0131 cevaplayan Erdo\u011fan, 2013&rsquo;&uuml;n Nisan ay\u0131nda Gazze&rsquo;ye gitmeyi planlad\u0131\u011f\u0131n\u0131 duyurmu\u015ftu. Erdo\u011fan&rsquo;\u0131n Gazze&rsquo;ye gidece\u011fini a&ccedil;\u0131klad\u0131\u011f\u0131 tarihin &uuml;zerinden 9 y\u0131l ge&ccedil;se de s&ouml;z konusu ziyaret bir t&uuml;rl&uuml; yap\u0131lamam\u0131\u015ft\u0131. Cumhurba\u015fkan\u0131 Erdo\u011fan&rsquo;\u0131n Gazze&rsquo;ye gidemedi\u011fi bir ortamda \u0130srail Cumhurba\u015fkan\u0131 Herzog&rsquo;un T&uuml;rkiye&rsquo;yi ziyaret edebilecek olmas\u0131 da yad\u0131rganan bir tav\u0131rd\u0131!<\/span><\/strong><\/p>\n<p style=\"text-align: justify; text-indent: 25.5pt;\"><strong><span style=\"font-size: 14pt;\">Evet, dindar Kahraman Erdo\u011fan s&ouml;z verdi\u011fi halde h&acirc;l&acirc; Gazze&rsquo;ye u\u011frayamam\u0131\u015ft\u0131, ama Siyonist katil Isaac Herzog&rsquo;u T&uuml;rkiye&rsquo;de a\u011f\u0131rlam\u0131\u015ft\u0131.<\/span><\/strong><\/p>\n<p style=\"text-align: justify; text-indent: 25.5pt;\"><strong><span style=\"font-size: 12pt;\">Oysa Siyonist \u0130srail&#8217;in Akdeniz&#8217;deki gaz\u0131n\u0131 Avrupa&#8217;ya satabilmesi i&ccedil;in T&uuml;rkiye ile yak\u0131nla\u015fmaktan ba\u015fka &ccedil;aresi kalmam\u0131\u015ft\u0131. Bu a&ccedil;\u0131dan Arnavutluk ziyaretinde Say\u0131n Cumhurba\u015fkan\u0131&rsquo;n\u0131n bilhassa \u0130srail ve NATO vurgulu a&ccedil;\u0131klamalar\u0131, T&uuml;rkiye&rsquo;nin yeniden tercihini Siyonist ve emperyalist Bat\u0131&rsquo;dan yana yapt\u0131\u011f\u0131n\u0131 ortaya koymaktayd\u0131. \u0130srail&rsquo;in gaz\u0131n\u0131 Avrupa&rsquo;ya pazarlayabilmesi i&ccedil;in T&uuml;rkiye&rsquo;ye ihtiyac\u0131 vard\u0131. Do\u011fu Akdeniz do\u011falgaz yataklar\u0131n\u0131 Avrupa&#8217;ya ak\u0131tmak isteyen \u0130srail, uzun vadede M\u0131s\u0131r&#8217;\u0131 da katarak, T&uuml;rkiye ile normalle\u015fmeye &ccedil;al\u0131\u015fmaktayd\u0131.<\/span><\/strong><\/p>\n<p style=\"text-align: justify; text-indent: 25.5pt;\"><strong><span style=\"font-size: 14pt;\">Yani Erdo\u011fan iktidar\u0131, kendi \u015fahsi hesaplar\u0131 ve siyasi &ccedil;\u0131karlar\u0131 u\u011fruna, Mazlum Filistin halk\u0131ndan gasp edilen do\u011falgaz\u0131n, Siyonist Katil \u0130srail hat\u0131r\u0131na T&uuml;rkiye &uuml;zerinden Avrupa&rsquo;ya ta\u015f\u0131nmas\u0131na yard\u0131mc\u0131 olacakt\u0131!?<\/span><\/strong><\/p>\n<p style=\"text-align: justify; text-indent: 25.5pt;\"><strong><span style=\"font-size: 14pt;\">Siyonist \u0130srail&rsquo;le yak\u0131nla\u015fma b&uuml;y&uuml;k tehlikeler bar\u0131nd\u0131rmaktayd\u0131!<\/span><\/strong><\/p>\n<p style=\"text-align: justify; text-indent: 25.5pt;\"><strong><span style=\"font-size: 12pt;\">T&uuml;rkiye ile \u0130srail rejimi aras\u0131ndaki &ldquo;normalle\u015fme&rdquo; yak\u0131nla\u015fmas\u0131yla \u0130srail 3 \u015feyi ama&ccedil;lam\u0131\u015ft\u0131. Bunlar\u0131n ilki, Filistin&rsquo;den gasp edilen enerji kayna\u011f\u0131n\u0131n T&uuml;rkiye arac\u0131l\u0131\u011f\u0131yla Avrupa&rsquo;ya sat\u0131lmas\u0131yd\u0131. \u0130kincisi T&uuml;rkiye&rsquo;nin Ortado\u011fu&rsquo;daki \u0130ran kar\u015f\u0131t\u0131 blo\u011fa yana\u015ft\u0131r\u0131lmas\u0131yd\u0131. Ve sonuncusu da HAMAS&rsquo;\u0131n T&uuml;rkiye&rsquo;deki varl\u0131\u011f\u0131n\u0131n sonland\u0131r\u0131lmas\u0131yd\u0131. <\/span><\/strong><\/p>\n<p style=\"text-align: justify; text-indent: 25.5pt;\"><strong><span style=\"font-size: 12pt;\">Cumhurba\u015fkan\u0131 Erdo\u011fan, yapt\u0131\u011f\u0131 a&ccedil;\u0131klamada, <em>\u0130srail rejimi Cumhurba\u015fkan\u0131 Isaac Herzog&rsquo;un mart ay\u0131n\u0131n ortalar\u0131nda T&uuml;rkiye&rsquo;ye gelece\u011fini<\/em> duyurmu\u015flard\u0131. Daha &ouml;nce yapm\u0131\u015f oldu\u011fu bir a&ccedil;\u0131klamada ise T&uuml;rkiye ile \u0130srail rejimi aras\u0131nda &ldquo;normalle\u015fme&rdquo; olaca\u011f\u0131n\u0131 vurgulayan Erdo\u011fan, ili\u015fkilerde &ldquo;kazan-kazan&rdquo; anlay\u0131\u015f\u0131nda olduklar\u0131n\u0131 hat\u0131rlatm\u0131\u015ft\u0131. <\/span><\/strong><\/p>\n<p style=\"text-align: justify; text-indent: 25.5pt;\"><strong><span style=\"font-size: 14pt;\">\u0130srail&rsquo;in &Ccedil;ok Sinsi Hesaplar\u0131 Vard\u0131!<\/span><\/strong><\/p>\n<p style=\"text-align: justify; text-indent: 25.5pt;\"><strong><span style=\"font-size: 12pt;\">\u0130\u015fgalci \u0130srail rejiminin T&uuml;rkiye ile &ldquo;normalle\u015fme&rdquo; ile birlikte &uuml;&ccedil; temel amac\u0131 hedefledi\u011fi konu\u015fulmaktayd\u0131. Buna g&ouml;re \u0130srail&rsquo;in ilk b&uuml;y&uuml;k amac\u0131n\u0131n Filistin&rsquo;den gasp etti\u011fi enerji kayna\u011f\u0131n\u0131 T&uuml;rkiye arac\u0131l\u0131\u011f\u0131yla Avrupa&rsquo;ya ula\u015ft\u0131rmakt\u0131. Do\u011fu Akdeniz&rsquo;de ciddi miktarda enerji ke\u015ffeden \u0130srail rejimi i&ccedil;in T&uuml;rkiye son derece makul bir g&uuml;zerg&acirc;h konumundayd\u0131. <\/span><\/strong><\/p>\n<p style=\"text-align: justify; text-indent: 25.5pt;\"><strong><span style=\"font-size: 14pt;\">T&uuml;rkiye&rsquo;yi \u0130ran Kar\u015f\u0131t\u0131 Blo\u011fa Yana\u015ft\u0131rma &Ccedil;abas\u0131!<\/span><\/strong><\/p>\n<p style=\"text-align: justify; text-indent: 25.5pt;\"><strong><span style=\"font-size: 12pt;\">Ankara ile Tel Aviv aras\u0131ndaki yak\u0131nla\u015fma T&uuml;rkiye ve b&ouml;lgemiz i&ccedil;in b&uuml;y&uuml;k tehlikeler bar\u0131nd\u0131rmaktayd\u0131. Bu ba\u011flamda dikkat edilmesi gereken konular\u0131n ba\u015f\u0131nda, <em>T&uuml;rkiye&rsquo;nin \u0130ran kar\u015f\u0131t\u0131 blo\u011fa &ccedil;ekilmesi<\/em> hususu yer almaktayd\u0131. Birle\u015fik Arap Emirlikleri, Bahreyn gibi Arap &uuml;lkeleriyle ger&ccedil;ekle\u015ftirdi\u011fi &ldquo;normalle\u015fme&rdquo; anla\u015fmalar\u0131yla \u0130ran kar\u015f\u0131t\u0131 blo\u011fu \u015fekillendiren \u0130srail, T&uuml;rkiye&rsquo;yi de bu blo\u011fa &ccedil;ekmeye &ccedil;al\u0131\u015fmaktayd\u0131. T&uuml;rkiye&rsquo;nin \u0130ran kar\u015f\u0131t\u0131 blokta yer almas\u0131 ve iki &uuml;lkenin olas\u0131 bir sava\u015fta kar\u015f\u0131 kar\u015f\u0131ya gelmesi emperyalizmin mezhep sava\u015f\u0131 &ccedil;\u0131karma amac\u0131na da yarayacakt\u0131.<\/span><\/strong><\/p>\n<p style=\"text-align: justify; text-indent: 25.5pt;\"><strong><span style=\"font-size: 14pt;\">Saadet Partisi Milletvekilinin Sn. Erdo\u011fan&rsquo;\u0131n Siyonist Isaac Herzog&rsquo;u &uuml;lkemize &ccedil;a\u011f\u0131rmas\u0131na y&ouml;nelik tepkileri her nedense C&uuml;bbeli Ahmet&rsquo;i k\u0131zd\u0131rm\u0131\u015ft\u0131!<\/span><\/strong><\/p>\n<p style=\"text-align: justify; text-indent: 25.5pt;\"><strong><em><span style=\"font-size: 12pt;\">&ldquo;Saadet&ccedil;i Abd&uuml;lkadir&rsquo;in \u0130srail a&ccedil;\u0131klamas\u0131, <\/span><\/em><\/strong><strong><em><span style=\"font-size: 14pt;\">&lsquo;Dinime s&ouml;ven m&uuml;selm&acirc;n olsa!&rsquo;<\/span><\/em><\/strong><strong><em><span style=\"font-size: 12pt;\"> s&ouml;z&uuml;n&uuml; hat\u0131rlatt\u0131. Abdulkadir Karaduman nam\u0131ndaki Saadet vekili \u0130srail&rsquo;le bar\u0131\u015fman\u0131n tehlikeli olaca\u011f\u0131ndan bahsediyor. Biz de ona kat\u0131l\u0131yoruz ama, peki Saadet&#8217;in HDP ile birlikteli\u011fi ne anlama geliyor? HDP ve PKK&#8217;n\u0131n arkas\u0131 Siyonizm&#8217;e dayanm\u0131yor mu, kimi kand\u0131r\u0131yorsunuz! Bu millet sizin hamasi nutuklar\u0131n\u0131za aldanacak kadar saf de\u011fildir! Bu milleti saf m\u0131 san\u0131yorsunuz?<\/span><\/em><\/strong><\/p>\n<p style=\"text-align: justify; text-indent: 25.5pt;\"><strong><em><span style=\"font-size: 12pt;\">\u0130ran&rsquo;\u0131n Suriye&rsquo;de bulunmas\u0131n\u0131 savunan da sen de\u011fil misin? \u0130ran&rsquo;\u0131n 1200 senedir Yahudi&rsquo;yle bar\u0131\u015f\u0131k oldu\u011funa dair ilm&icirc; ve Arab&icirc; kitaplar\u0131 okumaktan &acirc;ciz kald\u0131 isen bu konuyu delilleriyle a&ccedil;\u0131klayan Sabir Me\u015fhur&rsquo;un videolar\u0131na da m\u0131 ula\u015famad\u0131n? Art\u0131k bu millet sizin gibi \u0130ranc\u0131 saadetsiz Saadet&ccedil;ilerin, Yahudi&rsquo;yle muharip gibi g&ouml;r&uuml;n&uuml;p Yahudi&rsquo;yle m&uuml;ttefik olan ve bug&uuml;ne kadar hi&ccedil;bir Siyonist&rsquo;le &ccedil;arp\u0131\u015fmay\u0131p sadece M&uuml;sl&uuml;manlarla sava\u015fan ve onlar\u0131n vatanlar\u0131n\u0131 i\u015fgal eden \u0130ran&rsquo;la dost olmas\u0131n\u0131n Ehl-i S&uuml;nnet&rsquo;e ve devletimize ne b&uuml;y&uuml;k hainlik anlam\u0131na geldi\u011fini idrak etmi\u015ftir. Dolay\u0131s\u0131yla siz bizi de\u011fil ba\u015fkalar\u0131n\u0131 kand\u0131rmaya u\u011fra\u015f\u0131n!&rdquo; <\/span><\/em><\/strong><strong><span style=\"font-size: 12pt;\">diyen C&uuml;bbeli Ahmet&rsquo;in, SP&rsquo;nin HDP ve CHP ile se&ccedil;im ittifak\u0131 aray\u0131\u015flar\u0131n\u0131 tenkit etmesi do\u011fald\u0131. Ama as\u0131l tepkisi <em>&ldquo;Siyonist \u0130srail kar\u015f\u0131tl\u0131\u011f\u0131na&rdquo;<\/em> oldu\u011fu i&ccedil;in asl\u0131nda ger&ccedil;ek ayar\u0131n\u0131 ortaya koymaktayd\u0131. <\/span><\/strong><\/p>\n<p style=\"text-align: justify; text-indent: 25.5pt;\"><strong><span style=\"font-size: 12pt;\">Maalesef, art\u0131k C&uuml;bbeler bile z&uuml;ppelikleri &ouml;rtmekte yetersiz kalmaktayd\u0131! Ve tabi g&uuml;ya ilim ve takva rol&uuml; yapanlar\u0131n dahi a&ccedil;\u0131k&ccedil;a \u0130srail u\u015fakl\u0131\u011f\u0131na soyunmalar\u0131, art\u0131k b&uuml;y&uuml;k ink\u0131lab\u0131n ve \u0130lahi intikam\u0131n da yak\u0131nla\u015ft\u0131\u011f\u0131n\u0131n bir al&acirc;meti say\u0131lmal\u0131yd\u0131. <\/span><\/strong><\/p>\n<p style=\"text-align: justify; text-indent: 25.5pt;\"><strong><em><span style=\"font-size: 12pt;\">&ldquo;Evet, C&uuml;bbeli Ahmet a&ccedil;\u0131k&ccedil;a \u0130srail&rsquo;le normalle\u015fmenin fetvac\u0131s\u0131 olup &ccedil;\u0131km\u0131\u015ft\u0131. &Ouml;yle &ouml;zene bezene, s&uuml;sl&uuml; p&uuml;sl&uuml; yazm\u0131\u015f ki, Herzog&rsquo;u kar\u015f\u0131lama heyetine kat\u0131lmaya da hak kazanm\u0131\u015ft\u0131. \u0130srail&rsquo;e uzat\u0131lan &lsquo;&ccedil;i&ccedil;ek&rsquo; konumundayd\u0131!?.&rdquo; <\/span><\/em><\/strong><strong><span style=\"font-size: 12pt;\">saptamalar\u0131 hakl\u0131yd\u0131.<em> <\/em><\/span><\/strong><\/p>\n<p style=\"text-align: justify; text-indent: 25.5pt;\"><strong><span style=\"font-size: 14pt;\">C&uuml;bbeli Ahmet h&uuml;k&uuml;met tayfas\u0131na yaranman\u0131n hesab\u0131ndayd\u0131!..<\/span><\/strong><\/p>\n<p style=\"text-align: justify; text-indent: 25.5pt;\"><strong><span style=\"font-size: 12pt;\">Genel Ba\u015fkan Yard\u0131mc\u0131s\u0131 Fatih Ayd\u0131n&rsquo;\u0131n: <em>&ldquo;Fakat ilmin c&uuml;bbesini giyerek arz-\u0131 endam eden, fakat irfan\u0131 c&uuml;ssesinde ta\u015f\u0131maktan imtina eden bu t&uuml;rden zevat\u0131n s&ouml;z&uuml;ne g\u0131ybet, h&uuml;km&uuml;ne nispet, haline husumet y&ouml;n veriyor. Ne s&ouml;yledi\u011fini kendi diliyle ilan eden bu zat, niye s&ouml;yledi\u011finin bilinmesini istemez. Saadet Partisi&rsquo;ni ve mensuplar\u0131n\u0131 karalaman\u0131n ve bunun &uuml;zerinden de h&uuml;k&uuml;met tayfas\u0131na yaranman\u0131n, yana\u015fman\u0131n, yamanman\u0131n derdine d&uuml;\u015fmek; &acirc;lim s\u0131fat\u0131n\u0131, arif vasf\u0131n\u0131 ta\u015f\u0131maya yetersizli\u011fi ispat etmektir. C&uuml;bbeli Ahmet Bey&rsquo;in s&ouml;zlerini geri almas\u0131n\u0131 de\u011fil, bulundu\u011fu yerden ileriye gidip &acirc;lim s\u0131fat\u0131n\u0131n gerekleriyle Saadet Partisi&rsquo;nin fikri derinli\u011fini ve mensuplar\u0131n\u0131n m&uuml;mtaz fiil zenginli\u011fini g&ouml;rebilecek konuma gelmesini tavsiye ediyorum&rdquo; <\/em>uyar\u0131lar\u0131 tutarl\u0131 ve oturakl\u0131yd\u0131!?. Evet, ne diyelim; baz\u0131 durumlarda sar\u0131klar, sakallar ve takva numaralar\u0131, \u015eeytani g&uuml;&ccedil;lere ve i\u015fbirlik&ccedil;i hainlere yanda\u015fl\u0131\u011f\u0131 gizleme k\u0131l\u0131f\u0131 olarak kullan\u0131lmaktayd\u0131. <\/span><\/strong><\/p>\n<p style=\"text-align: justify; text-indent: 25.5pt;\"><strong><span style=\"font-size: 14pt;\">&ldquo;Siyeri Farkl\u0131 Okumak&rdquo; <\/span><\/strong><strong><span style=\"font-size: 12pt;\">ba\u015fl\u0131kl\u0131 kitab\u0131n\u0131n &ldquo;Peygamberlik &Ouml;ncesi Hayat\u0131: Sh. 45&rdquo;te, g&uuml;ya Hz. Peygamber Efendimizin &uuml;st&uuml;n ahl&acirc;k ve asaletinin, Onun \u015fefkat ve adalet &ouml;l&ccedil;&uuml;lerinde ve y&uuml;ksek &ouml;rnekli\u011finde oldu\u011fu ger&ccedil;e\u011fini vurgulamak bahanesiyle&hellip; -Bin kere h&acirc;\u015f&acirc;- tutup <em>&ldquo;&hellip; hatta hi&ccedil;bir su&ccedil;u olmayan ve masum say\u0131lan, Z\u0130NA &Ccedil;OCU\u011eU olup olmad\u0131\u011f\u0131n\u0131 bile &ccedil;ok &ouml;nemsemiyoruz&rdquo;<\/em> diyecek kadar k&uuml;stahla\u015fan Hitit &Uuml;niversitesi \u0130lahiyat Fak&uuml;ltesinden <\/span><\/strong><strong><span style=\"font-size: 14pt;\">Prof. Mehmet Azimli <\/span><\/strong><strong><span style=\"font-size: 12pt;\">gibi edepsiz ve erdemsiz \u015fah\u0131slar da, bu <\/span><\/strong><strong><span style=\"font-size: 14pt;\">C&uuml;bbeli Ahmet <\/span><\/strong><strong><span style=\"font-size: 12pt;\">denen \u015farlatanlar da, nedense hepsi AKP yanda\u015f\u0131yd\u0131. <\/span><\/strong><\/p>\n<p style=\"text-align: justify; text-indent: 25.5pt;\"><strong><span style=\"font-size: 14pt;\">Erdo\u011fan&rsquo;\u0131 \u0130srail projesine sokmak i&ccedil;in mi, Yunan projesi rafa kald\u0131r\u0131lm\u0131\u015ft\u0131?<\/span><\/strong><\/p>\n<p style=\"text-align: justify; text-indent: 25.5pt;\"><strong><span style=\"font-size: 12pt;\">Yunanistan&rsquo;\u0131n, G&uuml;ney K\u0131br\u0131s&#8217;\u0131n Do\u011fu Akdeniz&#8217;deki enerji kaynaklar\u0131n\u0131n T&uuml;rkiye&rsquo;siz bir \u015fekilde Avrupa&#8217;ya ta\u015f\u0131nmas\u0131 hayaline <\/span><\/strong><strong><span style=\"font-size: 14pt;\">EastMed Projesi <\/span><\/strong><strong><span style=\"font-size: 12pt;\">deniyordu. ABD&#8217;nin bu projeye verdi\u011fi destekten vazge&ccedil;ti\u011fini a&ccedil;\u0131klamas\u0131 Yunan taraf\u0131nda hayal k\u0131r\u0131kl\u0131\u011f\u0131na yol a&ccedil;m\u0131\u015ft\u0131. Asl\u0131nda bu oyun T&uuml;rkiye&rsquo;yi \u0130srail&rsquo;e ba\u011flamak i&ccedil;in tezg&acirc;hlanm\u0131\u015ft\u0131. <\/span><\/strong><\/p>\n<p style=\"text-align: justify; text-indent: 25.5pt;\"><strong><span style=\"font-size: 12pt;\">Yanda\u015f tak\u0131m\u0131:<\/span><\/strong><span style=\"font-size: 11pt;\"> <\/span><strong><em><span style=\"font-size: 12pt;\">&ldquo;Do\u011fu Akdeniz gaz\u0131n\u0131 T&uuml;rkiye&#8217;yi aradan &ccedil;\u0131kartarak ta\u015f\u0131maya &ccedil;al\u0131\u015fan Yunanistan ve Rum y&ouml;netimi, Ankara olmadan burada herhangi bir plan\u0131n ba\u015far\u0131yla sonu&ccedil;lanamayaca\u011f\u0131n\u0131 bir kez daha a&ccedil;\u0131k&ccedil;a g&ouml;rmek zorunda kald\u0131&rdquo; <\/span><\/em><\/strong><strong><span style=\"font-size: 12pt;\">diye avunmaya ba\u015flam\u0131\u015ft\u0131.<\/span><\/strong><span style=\"font-size: 12pt;\"> <strong>T&Uuml;RK DEGS Ba\u015fkan\u0131 M&uuml;stafi T&uuml;mamiral Cihat Yayc\u0131,&nbsp;K\u0131br\u0131s \u0130lim &Uuml;niversitesi Dekan\u0131 Prof. Dr. Ata Atun,&nbsp;KKTC Cumhurba\u015fkanl\u0131\u011f\u0131 Ekonomi ve Do\u011fal Kaynaklar Komitesi Ba\u015fkan\u0131 Prof. Salih Saner,&nbsp;Ankara Hac\u0131 Bayram Veli &Uuml;niversitesi Uluslararas\u0131 \u0130li\u015fkiler &Ouml;\u011fretim &Uuml;yesi Dr. \u0130smail \u015eahin, ve&nbsp;M&Uuml;S\u0130AD Enerji ve &Ccedil;evre Sekt&ouml;r Kurulu Ba\u015fkan\u0131 Altu\u011f Karata\u015f konuyla ilgili &ccedil;arp\u0131c\u0131 tespitlerde bulunarak &ouml;nemli a&ccedil;\u0131klamalar yapm\u0131\u015flard\u0131; ama ne hikmetse <\/strong><\/span><strong><em><span style=\"font-size: 14pt;\">\u0130srail&rsquo;e ba\u011f\u0131ml\u0131l\u0131k tezg&acirc;h\u0131na<\/span><\/em><\/strong><span style=\"font-size: 14pt;\"> <\/span><strong><span style=\"font-size: 12pt;\">g&ouml;zlerini kapam\u0131\u015flard\u0131.<\/span><\/strong><\/p>\n<p style=\"text-align: justify; text-indent: 25.5pt;\"><strong><span style=\"font-size: 12pt;\">T&uuml;rkiye y\u0131llard\u0131r Do\u011fu Akdeniz&#8217;deki hidrokarbon yataklar\u0131n\u0131n hak ve adil bir \u015fekilde payla\u015f\u0131m\u0131 i&ccedil;in herkese &ccedil;a\u011fr\u0131 yapm\u0131\u015ft\u0131. Aralar\u0131n\u0131n en k&ouml;t&uuml; oldu\u011fu d&ouml;nemde dahi \u0130srail ve M\u0131s\u0131r&#8217;a sahalar\u0131n e\u015fit payla\u015f\u0131m\u0131 i&ccedil;in &ccedil;a\u011fr\u0131da bulunan T&uuml;rkiye, b&ouml;lgede en adil &ccedil;&ouml;z&uuml;m&uuml; sa\u011flayabilmek i&ccedil;in b&uuml;y&uuml;k &ccedil;aba harcam\u0131\u015ft\u0131. Yunanistan ve Rum Y&ouml;netimi bu &ccedil;a\u011fr\u0131lar\u0131 g&ouml;z ard\u0131 etse de ger&ccedil;ek k\u0131sa s&uuml;rede ortaya &ccedil;\u0131km\u0131\u015ft\u0131. 2011 y\u0131l\u0131nda ilk olarak piyasaya s&uuml;r&uuml;len EastMed Projesi anla\u015fma a\u015famas\u0131ndan &ouml;teye varamad\u0131. Son olarak ABD&#8217;nin veto etti\u011fi ve arkas\u0131nda durmaktan &ccedil;ekildi\u011fi proje konusunda Washington y&ouml;netimi iki sebep sunmu\u015flard\u0131. Bu sebeplerin T&uuml;rkiye&#8217;nin sundu\u011fu arg&uuml;manlar ile &ouml;rt&uuml;\u015ft&uuml;\u011f&uuml;n&uuml; ve bu noktada ABD&rsquo;nin T&uuml;rkiye ile ayn\u0131 noktaya geldi\u011fini savunanlar yan\u0131lmaktayd\u0131:<\/span><\/strong><\/p>\n<p style=\"text-align: justify; text-indent: 25.5pt;\"><strong><em><span style=\"font-size: 12pt;\">&#8220;EastMed&#8217;den ABD&#8217;nin geri &ccedil;ekilmesi &ouml;nemlidir. &Ccedil;&uuml;nk&uuml; ABD bu noktada geri &ccedil;ekilirken iki sebep &ouml;ne s&uuml;rd&uuml;. Tam da bizim &ouml;ne s&uuml;rd&uuml;\u011f&uuml;m&uuml;z sebepler. Birincisi maliyetin artmas\u0131, ikincisi de Do\u011fu Akdeniz&#8217;deki gerginlik unsurunun olu\u015fmas\u0131. Bu sebeple ABD geri &ccedil;ekildi\u011fini duyurmu\u015ftur. Bu projenin &ccedil;ok pahal\u0131 olaca\u011f\u0131, finansman\u0131n\u0131n bulunmayaca\u011f\u0131 a&ccedil;\u0131kt\u0131. Finansman bulmakta zorlanan Yunan-Rum ikilisinin bu projeyi ger&ccedil;ekle\u015ftirebilme kapasitesi zaten yoktu. Tamamen siyasi olarak bizi zora sokmak i&ccedil;in, &#8220;AB&#8217;nin buna ihtiyac\u0131 var, T&uuml;rkiye bunu ge&ccedil;irmiyor, engelliyor, Rusya&#8217;n\u0131n do\u011falgaz tekeline AB&#8217;yi mecbur k\u0131l\u0131yor&#8221; gibi s&ouml;ylemlerde bulunuyorlard\u0131. Bunun ger&ccedil;ek olmad\u0131\u011f\u0131 ortaya &ccedil;\u0131kt\u0131. AB&#8217;yi ve di\u011fer devletleri zora sokan Yunanistan ve Rum&#8217;un ta kendisi oldu\u011fu ortaya &ccedil;\u0131kt\u0131. Bu projeden deste\u011fin &ccedil;ekilmesi, bunlar\u0131n sonucudur.&#8221; <\/span><\/em><\/strong><strong><span style=\"font-size: 12pt;\">diyen Em. Amiral Cihat Yayc\u0131 her nedense <em>&ldquo;T&uuml;rkiye&rsquo;nin \u0130srail&rsquo;in kuyru\u011funa tak\u0131laca\u011f\u0131n\u0131 ve \u0130slam &acirc;lemindeki potansiyel liderlik vasf\u0131n\u0131 kaybetmi\u015f olaca\u011f\u0131n\u0131&rdquo;<\/em> bir t&uuml;rl&uuml; g&uuml;ndeme ta\u015f\u0131mam\u0131\u015ft\u0131. <\/span><\/strong><\/p>\n<p style=\"text-align: justify; text-indent: 25.5pt;\"><strong><span style=\"font-size: 14pt;\">Do\u011fu Akdeniz Boru Hatt\u0131 Projesi (EastMed), <\/span><\/strong><strong><span style=\"font-size: 14pt;\">ba\u015f\u0131ndan beri enerjiye d&ouml;n&uuml;k ekonomik ama&ccedil;lar\u0131ndan ziyade, siyasi hedefleri olan bir proje konumundayd\u0131. Amerika Birle\u015fik Devletleri&rsquo;nin (ABD) EastMed&rsquo;e iki a&ccedil;\u0131dan destek verdi\u011fi a&ccedil;\u0131klanm\u0131\u015ft\u0131: <\/span><\/strong><\/p>\n<p style=\"text-align: justify; text-indent: 25.5pt;\"><strong><span style=\"font-size: 12pt;\">1- Avrupa&rsquo;y\u0131 Rusya&rsquo;dan uzakla\u015ft\u0131rmak. 2- \u0130srail&rsquo;i b&ouml;lgesel yaln\u0131zl\u0131ktan kurtarmakt\u0131. Birincisini yapabilmek i&ccedil;in Avrupa&rsquo;n\u0131n Rusya&rsquo;ya olan enerji ba\u011f\u0131ml\u0131l\u0131\u011f\u0131n\u0131 ortadan kald\u0131rmak veya azaltmak laz\u0131md\u0131. Ancak bunu k\u0131sa vadede &ccedil;&ouml;zmek kolay olmayacakt\u0131. Do\u011fu Akdeniz gaz\u0131n\u0131n Rus gaz\u0131na alternatif olup olamayaca\u011f\u0131na ili\u015fkin tart\u0131\u015fmalara bak\u0131ld\u0131\u011f\u0131nda, bask\u0131n &ccedil;o\u011funlu\u011fun g&ouml;r&uuml;\u015f&uuml; &ldquo;b&ouml;yle bir ihtimal yok&rdquo; tarz\u0131ndayd\u0131. Akl\u0131 ba\u015f\u0131nda hi&ccedil;bir uzman, Do\u011fu Akdeniz gaz\u0131n\u0131n Avrupa&rsquo;n\u0131n enerji arz g&uuml;venli\u011fini &ccedil;&ouml;zebilecek yeterli bir kaynak oldu\u011funa inanmamaktayd\u0131. Bunun yan\u0131nda bir&ccedil;ok uzman, fosil yak\u0131t devrinin kapanmaya y&uuml;z tuttu\u011fu b&ouml;yle bir d&ouml;nemde <\/span><\/strong><strong><span style=\"font-size: 14pt;\">EastMed&rsquo;<\/span><\/strong><strong><span style=\"font-size: 12pt;\">in makul bir proje olamayaca\u011f\u0131nda \u0131srarc\u0131yd\u0131. Ayr\u0131ca projenin maliyeti &ccedil;ok pahal\u0131yd\u0131. Bir t&uuml;rl&uuml; uygun bir yat\u0131r\u0131mc\u0131 veya finans&ouml;r bulunamam\u0131\u015ft\u0131. &Ccedil;evreci bir proje olmad\u0131\u011f\u0131 i&ccedil;in k&acirc;rl\u0131 ve uzun vadeli bir yat\u0131r\u0131m say\u0131lmam\u0131\u015ft\u0131. Dahas\u0131 T&uuml;rkiye-Libya Anla\u015fmas\u0131&rsquo;ndan (27 Kas\u0131m 2019) sonra, Yunan EastMed Projesi b&uuml;y&uuml;k bir &ccedil;\u0131kmaza girmi\u015f bulunmaktayd\u0131. \u0130lan edilen g&uuml;zerg&acirc;h hayal oldu. T&uuml;rkiye&rsquo;nin onay\u0131 olmadan bu projenin fiiliyata ge&ccedil;emeyece\u011fi anla\u015f\u0131lm\u0131\u015ft\u0131. T&uuml;m bunlara ra\u011fmen Yunanistan ve Rum kesimi, EastMed Projesi&rsquo;nde \u0131srarc\u0131 olmu\u015flard\u0131. &Ccedil;&uuml;nk&uuml; onlar\u0131n da projeden b&uuml;y&uuml;k siyasi beklentileri vard\u0131. K\u0131br\u0131s&rsquo;ta, Do\u011fu Akdeniz&rsquo;de ve Ege Denizi&rsquo;nde T&uuml;rkiye&rsquo;ye kar\u015f\u0131 kazanmak istiyorlard\u0131. EastMed&rsquo;in Avrupa Birli\u011fi (AB) ve ABD taraf\u0131ndan desteklenmesi, Yunanl\u0131lara bu g&uuml;c&uuml; sa\u011flayacakt\u0131. Gelinen nokta itibariyle \u0130srail siyasi hedeflerine ula\u015ft\u0131 ama Yunanl\u0131lar ve Rumlar ula\u015famam\u0131\u015ft\u0131. \u0130srail bu proje sayesinde Araplarla, Yunanl\u0131larla ve Rumlarla k&ouml;t&uuml; olan ili\u015fkilerini d&uuml;zeltmeyi ba\u015farm\u0131\u015ft\u0131. B&ouml;lgesel yaln\u0131zl\u0131\u011f\u0131ndan kurtulup s\u0131yr\u0131lm\u0131\u015ft\u0131. Askeri tatbikatlar i&ccedil;in daha geni\u015f deniz ve hava sahalar\u0131na kavu\u015fmu\u015f durumdayd\u0131.<\/span><\/strong><\/p>\n<p style=\"text-align: justify; text-indent: 25.5pt;\"><strong><span style=\"font-size: 12pt;\">Ortado\u011fu&rsquo;da her daim \u0130srail&rsquo;in g&uuml;venli\u011fini ve ulusal &ccedil;\u0131karlar\u0131n\u0131 merkezine koyan ABD i&ccedil;in EastMed Projesi&rsquo;nden umulan faydan\u0131n en &ouml;nemli amac\u0131 tamamlanm\u0131\u015f ve konu kapanm\u0131\u015ft\u0131. Art\u0131k ABD&rsquo;nin g&uuml;ndeminde &Ccedil;in ve Rusya vard\u0131. Bu nedenle Washington i&ccedil;in NATO&rsquo;nun yeniden g&uuml;&ccedil; kazanmas\u0131 laz\u0131md\u0131. G&uuml;&ccedil;l&uuml; bir NATO&rsquo;ya ihtiya&ccedil; duyulan bir d&ouml;nemde ABD&rsquo;nin Yunan siyasi h\u0131rslar\u0131ndan dolay\u0131 T&uuml;rkiye&rsquo;yi g&ouml;z ard\u0131 etmesi pek makul bir tav\u0131r olmazd\u0131. Bunun ilk i\u015faretini EastMed&rsquo;ten deste\u011fini &ccedil;ekerek kan\u0131tlam\u0131\u015ft\u0131. Yunanl\u0131lar da oynad\u0131\u011f\u0131 kumar\u0131 bir kez daha kaybetmi\u015f olmaktayd\u0131.<\/span><\/strong><\/p>\n<p style=\"text-align: justify; text-indent: 25.5pt;\"><strong><span style=\"font-size: 12pt;\">T&uuml;rkiye, g&uuml;&ccedil;lenen askeri, k&uuml;lt&uuml;rel, ekonomik ve diplomatik kapasitesiyle be\u015f deniz havzas\u0131nda &ouml;nemli bir devlet konumundayd\u0131. T&uuml;m bunlar T&uuml;rkiye&rsquo;nin jeopolitik a&ccedil;\u0131lardan dikkate al\u0131nmas\u0131na neden olmaktayd\u0131. Yak\u0131n gelecekte, genel olarak T&uuml;rkiye-Bat\u0131 ili\u015fkilerinin yumu\u015fayaca\u011f\u0131 yeni bir d&ouml;neme girilebilece\u011fi anla\u015f\u0131lmaktayd\u0131. Yine T&uuml;rkiye-\u0130srail ili\u015fkileri iyile\u015fme s&uuml;recine sokulacakt\u0131. S&ouml;z&uuml;n k\u0131sas\u0131 Amerika, &Ccedil;in ve Rusya kayg\u0131s\u0131ndan &ouml;t&uuml;r&uuml; b&ouml;lgedeki t&uuml;m dostlar\u0131n\u0131 bar\u0131\u015ft\u0131rmak &ccedil;abas\u0131ndayd\u0131.<\/span><\/strong><\/p>\n<p style=\"text-align: justify; text-indent: 25.5pt;\"><strong><span style=\"font-size: 12pt;\">KKTC&rsquo;nin de bu s&uuml;re&ccedil;ten kazan&ccedil;l\u0131 &ccedil;\u0131kmas\u0131 i&ccedil;in h\u0131zl\u0131 bir \u015fekilde siyasi ve ekonomik istikrara kavu\u015fmas\u0131 laz\u0131md\u0131. K\u0131sa &ouml;m&uuml;rl&uuml; h&uuml;k&uuml;metler d&ouml;nemi art\u0131k geride kalm\u0131\u015ft\u0131. &ldquo;\u0130ki Devletli &Ccedil;&ouml;z&uuml;m&rdquo; &ouml;nerisinin kabul g&ouml;rmesi i&ccedil;in bu olduk&ccedil;a &ouml;nem ta\u015f\u0131maktayd\u0131. &Ccedil;&uuml;nk&uuml; b&ouml;lgedeki dostlar\u0131n\u0131 bar\u0131\u015ft\u0131rmay\u0131 arzulayan ABD, &ccedil;ok yak\u0131n bir zamanda yeniden K\u0131br\u0131s&rsquo;ta &ccedil;&ouml;z&uuml;m i&ccedil;in bir inisiyatif alacakt\u0131. Amerika&rsquo;n\u0131n bu noktadaki tavr\u0131 \u015f&uuml;phesiz &ldquo;\u0130ki Devletli &Ccedil;&ouml;z&uuml;m&rdquo; tezinden yana olmayacakt\u0131. O y&uuml;zden KKTC&rsquo;de pazarl\u0131k ve m&uuml;zakere g&uuml;c&uuml; y&uuml;ksek g&uuml;&ccedil;l&uuml; bir siyasi iradenin bulunmas\u0131 ziyadesiyle k\u0131ymetli ve laz\u0131md\u0131.&rdquo;<\/span><\/strong><\/p>\n<p style=\"text-align: justify; text-indent: 25.5pt;\"><strong><span style=\"font-size: 12pt;\">Yorumlar\u0131, i&ccedil;inde pek &ccedil;ok do\u011frular\u0131 bar\u0131nd\u0131rmakla beraber, asl\u0131nda <\/span><\/strong><strong><em><span style=\"font-size: 14pt;\">&ldquo;T&uuml;rkiye&rsquo;yi \u0130srail&rsquo;in kuyru\u011funa takma ve gasp edilen Gazze gaz\u0131n\u0131n T&uuml;rkiye &uuml;zerinden Avrupa&rsquo;ya ta\u015f\u0131nma&rdquo;<\/span><\/em><\/strong><span style=\"font-size: 14pt;\"> <\/span><strong><span style=\"font-size: 12pt;\">tuza\u011f\u0131na k\u0131l\u0131f uydurma &ccedil;abalar\u0131yd\u0131.<\/span><\/strong><\/p>\n<p style=\"text-align: justify; text-indent: 25.5pt;\"><strong><span style=\"font-size: 14pt;\">ABD&rsquo;nin Do\u011fu Akdeniz A&ccedil;\u0131klamas\u0131n\u0131 Nas\u0131l Tartmal\u0131yd\u0131?<\/span><\/strong><\/p>\n<p style=\"text-align: justify; text-indent: 25.5pt;\"><strong><span style=\"font-size: 12pt;\">ABD D\u0131\u015fi\u015fleri Bakanl\u0131\u011f\u0131&rsquo;n\u0131n Do\u011fu Akdeniz Do\u011falgaz Boru Hatt\u0131 Projesi&rsquo;nden &ccedil;ekildi\u011fine dair gayriresmi yaz\u0131s\u0131nda ABD&rsquo;nin projeden &ccedil;ekilmesine gerek&ccedil;e olarak &ccedil;evresel, ekonomik ve jeopolitik nedenler s\u0131ralanm\u0131\u015ft\u0131.<\/span><\/strong><\/p>\n<p style=\"text-align: justify; text-indent: 25.5pt;\"><strong><span style=\"font-size: 12pt;\">\u015eubat 2022&rsquo;nin ilk haftas\u0131nda Amerikan D\u0131\u015fi\u015fleri&rsquo;nin Do\u011fu Akdeniz Do\u011falgaz Boru Hatt\u0131 Projesi&rsquo;nden &ccedil;ekildi\u011fini gayriresmi bir yaz\u0131 (non-paper) ile Yunanistan, \u0130srail ve G&uuml;ney K\u0131br\u0131s Rum Kesimi&rsquo;ne (GKRK) iletti\u011fi uyar\u0131s\u0131, Yunan bas\u0131n\u0131na bomba etkisi yapm\u0131\u015ft\u0131. \u0130letinin \u015fekli ve zamanlamas\u0131 a&ccedil;\u0131s\u0131ndan sorulacak &ccedil;ok soru vard\u0131.<\/span><\/strong><\/p>\n<p style=\"text-align: justify; text-indent: 25.5pt;\"><strong><span style=\"font-size: 12pt;\">S&ouml;z konusu yaz\u0131da, ABD&rsquo;nin projeden &ccedil;ekilmesine gerek&ccedil;e olarak &ccedil;evresel, ekonomik ve jeopolitik nedenler s\u0131ralanm\u0131\u015ft\u0131. \u0130klim de\u011fi\u015fikli\u011fiyle m&uuml;cadele etme hedefini tutturabilmek bak\u0131m\u0131ndan yenilenebilir enerji kaynaklar\u0131na y&ouml;nelmeyi tercih etti\u011fini belirten Washington&rsquo;\u0131n, <em>bu tercihinde projenin ekonomik maliyeti sebebiyle uygulanabilir olmay\u0131\u015f\u0131 ve b&ouml;lgede yol a&ccedil;t\u0131\u011f\u0131 siyasi gerilimin de etkili oldu\u011fu<\/em> anla\u015f\u0131lmaktayd\u0131.<\/span><\/strong><\/p>\n<p style=\"text-align: justify; text-indent: 25.5pt;\"><strong><span style=\"font-size: 12pt;\">Asl\u0131na bakarsan\u0131z, boru hatt\u0131 projesinin ger&ccedil;ekle\u015fmesine &ouml;teden beri ihtimal verilmiyordu. 2020&rsquo;nin Ocak ay\u0131nda, Yunanistan, \u0130srail ve GKRK&rsquo;nin alt\u0131na imza koydu\u011fu proje, tamamland\u0131\u011f\u0131 takdirde d&uuml;nyan\u0131n en uzun (1990 km), en derin ve en maliyetli (yakla\u015f\u0131k 7 milyar euro) boru hatt\u0131 olacakt\u0131. Do\u011falgaz fiyatlar\u0131n\u0131n ini\u015fli &ccedil;\u0131k\u0131\u015fl\u0131 seyri bu projeyi pratikte rafa kald\u0131rm\u0131\u015ft\u0131. \u0130srail ba\u015fta olmak &uuml;zere, proje ortaklar\u0131n\u0131n do\u011falgaz\u0131 M\u0131s\u0131r&rsquo;daki LNG terminallerine ula\u015ft\u0131racak alternatif boru hatt\u0131 se&ccedil;eneklerini devreye sokmalar\u0131, bu y&ouml;nde imzalanan anla\u015fmalar bunun belki de en net g&ouml;stergesi say\u0131lmaktayd\u0131.<\/span><\/strong><\/p>\n<p style=\"text-align: justify; text-indent: 25.5pt;\"><strong><span style=\"font-size: 14pt;\">&Ouml;yleyse, teknik a&ccedil;\u0131dan sorunlu, ekonomik maliyeti y&uuml;ksek olan projenin g&ouml;lge hamisi konumundaki ABD neden durup dururken asl\u0131nda malumun ilan\u0131 olan bu a&ccedil;\u0131klamay\u0131 yapma ihtiyac\u0131 duymu\u015flard\u0131?<\/span><\/strong><\/p>\n<p style=\"text-align: justify; text-indent: 25.5pt;\"><span style=\"font-size: 12pt;\">\u0130lk etapta akla makul gelen; <strong><em>&ldquo;Kuzey K\u0131br\u0131s T&uuml;rk Cumhuriyeti&rsquo;nin adan\u0131n do\u011fal kaynaklar\u0131 &uuml;zerindeki haklar\u0131n\u0131 g&ouml;z ard\u0131 etti\u011finden &ouml;t&uuml;r&uuml; projeye kar\u015f\u0131 &ccedil;\u0131kan ve ayn\u0131 zamanda Do\u011fu Akdeniz Gaz Forumu&rsquo;nu kendisine has\u0131m bir g&uuml;&ccedil; ekseni olarak alg\u0131layan T&uuml;rkiye&rsquo;nin endi\u015felerini gidermek&rdquo;<\/em><\/strong> olmaktayd\u0131. B&ouml;ylelikle hem b&ouml;lgede gerilimin t\u0131rmanmas\u0131n\u0131n hem de uzun vadede T&uuml;rkiye&rsquo;nin Bat\u0131&rsquo;dan daha fazla uzakla\u015fmas\u0131n\u0131n &ouml;n&uuml;ne ge&ccedil;ilebilece\u011fi hesap edildi\u011fi konu\u015fulmaktayd\u0131.<\/span><\/p>\n<p style=\"text-align: justify; text-indent: 25.5pt;\"><strong><span style=\"font-size: 14pt;\">Her hal&uuml;k&acirc;rda, bu geli\u015fmelerin uzun zamand\u0131r Do\u011fu Akdeniz&rsquo;de ibrenin Yunanistan lehine d&ouml;nmesinden rahats\u0131zl\u0131k duyan T&uuml;rk taraf\u0131n\u0131 memnun etti\u011fi ortadayd\u0131. Tav\u0131r de\u011fi\u015fikli\u011fi Ankara&rsquo;ya; gerek ABD gerekse \u0130srail ile ili\u015fkileri geli\u015ftirmesi i&ccedil;in bir f\u0131rsat penceresi de sunmaktayd\u0131! Bu bak\u0131mdan Cumhurba\u015fkan\u0131 Recep Tayyip Erdo\u011fan&rsquo;\u0131n \u0130srail Cumhurba\u015fkan\u0131 \u0130saac Herzog&rsquo;un T&uuml;rkiye&rsquo;yi ziyaret edebilece\u011fine ili\u015fkin beyanat\u0131, Ankara&rsquo;n\u0131n bu y&ouml;nde temaslara a\u011f\u0131rl\u0131k verdi\u011finin kan\u0131t\u0131yd\u0131. Yani zokay\u0131 yutmu\u015flard\u0131!..<\/span><\/strong><\/p>\n<p style=\"text-align: justify; text-indent: 25.5pt;\"><strong><span style=\"font-size: 12pt;\">Asl\u0131nda enerji i\u015fbirli\u011fi dosyas\u0131, T&uuml;rkiye ile \u0130srail aras\u0131nda 2016 Normalle\u015fme Anla\u015fmas\u0131 ertesinde, her iki taraf\u0131n kamuoyundan tepki &ccedil;ekmeden, ikili ili\u015fkilerin rahat&ccedil;a geli\u015ftirilebilece\u011fi \u0131l\u0131ml\u0131 bir konu olarak &ouml;n plana &ccedil;\u0131kar\u0131lm\u0131\u015ft\u0131. Hatta Mavi Marmara Olay\u0131 ertesi, iki &uuml;lke aras\u0131nda kurulan ilk &uuml;st d&uuml;zey temas, d&ouml;nemin Enerji Bakan\u0131 Berat Albayrak ile \u0130srailli mevkida\u015f\u0131 Yuval Steinitz aras\u0131nda yap\u0131lm\u0131\u015ft\u0131. \u0130srail gaz\u0131n\u0131n boru hatt\u0131 ile T&uuml;rkiye &uuml;zerinden Avrupa&rsquo;ya pazarlanmas\u0131n\u0131n en verimli se&ccedil;enek oldu\u011fu &uuml;zerinde mutab\u0131k olunmas\u0131na kar\u015f\u0131n, hem ekonomik maliyet ama en &ccedil;ok da K\u0131br\u0131s meselesinin at\u0131n &ouml;n&uuml;ndeki araba olmas\u0131 sebebiyle enerji i\u015fbirli\u011fi konusu rafa kald\u0131r\u0131lm\u0131\u015ft\u0131. <\/span><\/strong><span style=\"font-size: 12pt;\">&Ccedil;ok ge&ccedil;meden ba\u015fka konulardan iki &uuml;lkenin aras\u0131 yine a&ccedil;\u0131lm\u0131\u015ft\u0131 zaten.<\/span><\/p>\n<p style=\"text-align: justify; text-indent: 25.5pt;\"><span style=\"font-size: 12pt;\">Bug&uuml;ne gelirsek, enerji i\u015fbirli\u011fi konusunda benzer ko\u015fullar\u0131n h&acirc;l&acirc; ge&ccedil;erli oldu\u011funu hat\u0131rlatmakta fayda vard\u0131. K\u0131br\u0131s konusu mucizevi bir \u015fekilde &ccedil;&ouml;z&uuml;me kavu\u015fturulamad\u0131\u011f\u0131 -veya hokus pokusla bypass edilip elimizden &ccedil;\u0131kar\u0131lamad\u0131\u011f\u0131- takdirde ne boru hatt\u0131 projesinin ger&ccedil;ekle\u015fmesi ne de Do\u011fu Akdeniz Gaz Forumu&rsquo;na T&uuml;rkiye&rsquo;nin kat\u0131l\u0131m\u0131 m&uuml;mk&uuml;n olmayacakt\u0131. &Ouml;te yandan, \u0130srail taraf\u0131 s\u0131kl\u0131kla, Ankara ile ili\u015fkilerini d&uuml;zeltmek istedi\u011fini, ancak bunun ba\u015fka &uuml;lkelerle ili\u015fkilerini bozma pahas\u0131na ger&ccedil;ekle\u015fmeyece\u011finin alt\u0131n\u0131 &ccedil;izip durmaktayd\u0131.[1]<\/span><\/p>\n<p style=\"text-align: justify; text-indent: 25.5pt;\"><strong><span style=\"font-size: 12pt;\">Evet, b&uuml;t&uuml;n bu tespit ve tahliller, ABD&rsquo;nin iptal etti\u011fi Do\u011fu Akdeniz Boru Hatt\u0131 Projesi&rsquo;nin, asl\u0131nda T&uuml;rkiye&rsquo;yi \u0130srail&rsquo;in kuyru\u011funa takmak &uuml;zere tezg&acirc;hland\u0131\u011f\u0131n\u0131 a&ccedil;\u0131k&ccedil;a ortaya koymaktayd\u0131!<\/span><\/strong><\/p>\n<p style=\"text-align: justify; text-indent: 25.5pt;\"><strong><span style=\"font-size: 14pt;\">Yoksa&hellip; Erdo\u011fan <\/span><\/strong><strong><em><span style=\"font-size: 18pt;\">&ldquo;Halife&rdquo;<\/span><\/em><\/strong><span style=\"font-size: 18pt;\"> <\/span><strong><span style=\"font-size: 14pt;\">Yap\u0131lacak, ABD ve \u0130srail de Tan\u0131yacak m\u0131yd\u0131?<\/span><\/strong><\/p>\n<p style=\"text-align: justify; text-indent: 25.5pt;\"><strong><span style=\"font-size: 14pt;\">Baz\u0131 mahfillerde Sn. Erdo\u011fan&rsquo;\u0131n 1924&#8217;te kald\u0131r\u0131lan hil&acirc;feti geri getirece\u011fi konu\u015fulmaktayd\u0131! <\/span><\/strong><\/p>\n<p style=\"text-align: justify; text-indent: 25.5pt;\"><strong><em><span style=\"font-size: 12pt;\">&ldquo;Sarayda g&uuml;nler haftalar boyu konu de\u011ferlendirilip tart\u0131\u015f\u0131ld\u0131\u011f\u0131 ve nihai bir karara var\u0131ld\u0131\u011f\u0131&hellip; Ve hilafet karar\u0131n\u0131n se&ccedil;imlere k\u0131sa bir s&uuml;re kala d&uuml;nyaya a&ccedil;\u0131klanaca\u011f\u0131&rdquo;<\/span><\/em><\/strong><strong><span style=\"font-size: 12pt;\"> iddialar\u0131 g&uuml;ndeme ta\u015f\u0131nm\u0131\u015ft\u0131. &Uuml;stelik bu hilafet konusunda zannedilenin aksine hem \u0130ngiltere hem \u0130srail hem (ABD) Amerika Birle\u015fik Devletleri&rsquo;nin &ouml;rt&uuml;l&uuml; onay\u0131 al\u0131nd\u0131\u011f\u0131 yay\u0131lm\u0131\u015ft\u0131. Bu ilan edilecek hilafet, sadece S&uuml;nni \u0130slam d&uuml;nyas\u0131n\u0131 kapsayaca\u011f\u0131ndan \u015eia d&uuml;nyas\u0131 ve \u0130ran ile ayr\u0131 d&uuml;\u015fme s&ouml;z konusu olaca\u011f\u0131ndan, Bat\u0131 d&uuml;nyas\u0131 buna kar\u015f\u0131 &ccedil;\u0131kmamaktaym\u0131\u015f&#8230; Bu \u015fekilde \u0130slam d&uuml;nyas\u0131 resmen ayr\u0131\u015facakm\u0131\u015f&#8230; Tepki vermesi beklenen iki &uuml;lke ise M\u0131s\u0131r ile Suudi Arabistan olacak ki, o noktada \u0130ngiltere ve (ABD) Amerika Birle\u015fik Devletleri&rsquo;nin deste\u011fi devreye sokulacakm\u0131\u015f&hellip; Dahas\u0131 Erdo\u011fan&rsquo;\u0131n ald\u0131\u011f\u0131 hilafet karar\u0131n\u0131n sadece se&ccedil;im kazanmak i&ccedil;in oldu\u011funu bu &uuml;lkelere f\u0131s\u0131ldayacakm\u0131\u015f. Ve zaten Erdo\u011fan i&ccedil;in &ouml;nemli olan se&ccedil;imi kazanmakm\u0131\u015f. Bu hilafet olay\u0131 ba\u011flam\u0131nda saray medyas\u0131nda b&uuml;y&uuml;k g&uuml;r&uuml;lt&uuml;ler ve de kampanyalar yap\u0131lacakm\u0131\u015f&#8230; T&uuml;rkiye&#8217;nin hilafetle beraber \u0130slam d&uuml;nyas\u0131n\u0131n lideri ve patronu olaca\u011f\u0131na toplum inand\u0131r\u0131lmaya &ccedil;al\u0131\u015f\u0131lacakm\u0131\u015f&#8230; Televizyonlarda her g&uuml;n organize edilecek tart\u0131\u015fmalarla hilafete ge&ccedil;i\u015fte Erdo\u011fan da do\u011fal olarak M&uuml;sl&uuml;manlar\u0131n halifesi olaca\u011f\u0131ndan, Erdo\u011fan&rsquo;\u0131n d&uuml;nya lideri konumu ve de karizmas\u0131 &ouml;ne &ccedil;\u0131kart\u0131lacakm\u0131\u015f&#8230;<\/span><\/strong><\/p>\n<p style=\"text-align: justify; text-indent: 25.5pt;\"><strong><span style=\"font-size: 14pt;\">Tam bu noktada, Sn. Erdo\u011fan&#8217;\u0131n Afrika &uuml;lkeleri a&ccedil;\u0131l\u0131m\u0131na da dikkat etmek laz\u0131mm\u0131\u015f&#8230;<\/span><\/strong><\/p>\n<p style=\"text-align: justify; text-indent: 25.5pt;\"><strong><span style=\"font-size: 12pt;\">Hilafet ilan edilir edilmez pek &ccedil;ok Afrika &uuml;lkesinden hilafet lehine a&ccedil;\u0131klamalar yapmalar\u0131 i&ccedil;in s&ouml;zler al\u0131nd\u0131\u011f\u0131 kulislere yans\u0131m\u0131\u015fm\u0131\u015f&#8230;<\/span><\/strong><\/p>\n<p style=\"text-align: justify; text-indent: 25.5pt;\"><strong><span style=\"font-size: 12pt;\">Hilafet ilan\u0131 ile T&uuml;rkiye i&ccedil;inde hedeflenen kitle elbette cumhuriyet&ccedil;iler, laikler ve milliyet&ccedil;iler olmayacakm\u0131\u015f&#8230; AKP&rsquo;ye daha &ouml;nce oy veren ve enflasyon sebebiyle k\u0131zan kitle olacakm\u0131\u015f&#8230;<\/span><\/strong><\/p>\n<p style=\"text-align: justify; text-indent: 25.5pt;\"><strong><span style=\"font-size: 12pt;\"> Dindar cenah\u0131n k\u0131zg\u0131nl\u0131klar\u0131n\u0131 yumu\u015fatmak i&ccedil;in adeta siyasi bir r&uuml;\u015fvet verilip g&ouml;n&uuml;lleri al\u0131nacakm\u0131\u015f&#8230; Buna paralel olarak hilafetle toplum ikiye b&ouml;l&uuml;nece\u011finden AKP se&ccedil;menini daha rahat konsolide edecekleri hesaplanm\u0131\u015fm\u0131\u015f&#8230;<\/span><\/strong><\/p>\n<p style=\"text-align: justify; text-indent: 25.5pt;\"><strong><span style=\"font-size: 12pt;\">Sn. Erdo\u011fan&#8217;\u0131n hilafet &ccedil;\u0131k\u0131\u015f\u0131, muhalefeti de b&ouml;lecek zira ba\u015fta Saadet Partisi olmak &uuml;zere Deva ve Gelecek partileri de ikilemde kalacaklarm\u0131\u015f&#8230; Bu \u015fekilde AKP&rsquo;den o partilere oy kaymas\u0131 da engellenmeye &ccedil;al\u0131\u015f\u0131lacakm\u0131\u015f.&rdquo;[2]<\/span><\/strong><\/p>\n<p style=\"text-align: justify; text-indent: 25.5pt;\"><strong><span style=\"font-size: 14pt;\">Sedat Peker&rsquo;in videolar\u0131 ile g&uuml;ndeme ta\u015f\u0131nan ve K\u0131br\u0131s&rsquo;ta bir suikasta u\u011frayan (08 \u015eubat 2022) Halil Falyal\u0131 dolay\u0131s\u0131yla &ccedil;ok &ouml;nemli ve gizemli ger&ccedil;ekler ortaya &ccedil;\u0131kmaya ba\u015flam\u0131\u015ft\u0131:<\/span><\/strong><\/p>\n<p style=\"text-align: justify; text-indent: 25.5pt;\"><strong><span style=\"font-size: 12pt;\">Hat\u0131rlay\u0131n\u0131z; ge&ccedil;en seneler G&uuml;ney K\u0131br\u0131s, Amerikan petrol devi ExxonMobil&#8217;le anla\u015fma imzalam\u0131\u015ft\u0131, 350 milyar dolarl\u0131k \u015firket, Alt\u0131nc\u0131 Filo&#8217;nun himayesinde sondaja ba\u015flam\u0131\u015ft\u0131, Alt\u0131nc\u0131 Filo denilen m&uuml;tevaz\u0131 (!) filoda, iki u&ccedil;ak gemisi, 47 sava\u015f gemisi, 210 u&ccedil;ak, 12 n&uuml;kleer denizalt\u0131 bulunmaktayd\u0131.<\/span><\/strong><\/p>\n<p style=\"text-align: justify; text-indent: 25.5pt;\"><strong><span style=\"font-size: 12pt;\">&ndash; G&uuml;ney K\u0131br\u0131s, Frans\u0131z petrol \u015firketi Total&#8217;le anla\u015fma imzalam\u0131\u015ft\u0131, e\u015fzamanl\u0131 olarak Fransa&#8217;yla askeri anla\u015fma imzalam\u0131\u015f, Limasol&#8217;la Larnaka aras\u0131ndaki Zigi Deniz &Uuml;ss&uuml;&#8217;n&uuml; Frans\u0131z donanmas\u0131na b\u0131rakm\u0131\u015f, Baf&#8217;taki Papandreu Hava &Uuml;ss&uuml;&#8217;n&uuml; Fransa hava kuvvetlerine ay\u0131rm\u0131\u015ft\u0131.<\/span><\/strong><\/p>\n<p style=\"text-align: justify; text-indent: 25.5pt;\"><strong><span style=\"font-size: 12pt;\">&ndash; G&uuml;ney K\u0131br\u0131s, \u0130talyan petrol \u015firketi Eni&#8217;yle anla\u015fma imzalam\u0131\u015ft\u0131. Akdeniz&#8217;deki en b&uuml;y&uuml;k petrol\/do\u011falgaz platformu &ldquo;Eni&rdquo; \u015firketi ad\u0131na &ccedil;al\u0131\u015fmaktayd\u0131.<\/span><\/strong><\/p>\n<p style=\"text-align: justify; text-indent: 25.5pt;\"><strong><span style=\"font-size: 12pt;\">&ndash; G&uuml;ney K\u0131br\u0131s, G&uuml;ney Kore petrol \u015firketi Kogas&#8217;la da anla\u015fma imzalam\u0131\u015ft\u0131.<\/span><\/strong><\/p>\n<p style=\"text-align: justify; text-indent: 25.5pt;\"><strong><span style=\"font-size: 12pt;\">&ndash; G&uuml;ney K\u0131br\u0131s, \u0130ngiltere-Hollanda petrol \u015firketi <\/span><\/strong><strong><span style=\"font-size: 14pt;\">Shell<\/span><\/strong><strong><span style=\"font-size: 12pt;\">&#8216;le anla\u015fma yapm\u0131\u015ft\u0131, \u0130ngiltere&#8217;nin sondaj faaliyetlerini korumak i&ccedil;in &ouml;zel askeri anla\u015fma imzalamas\u0131na gerek kalmam\u0131\u015ft\u0131, &ccedil;&uuml;nk&uuml; G&uuml;ney K\u0131br\u0131s&#8217;ta zaten iki askeri &uuml;ss&uuml; var, orada konu\u015flanm\u0131\u015f Tornado u&ccedil;aklar\u0131 vard\u0131.<\/span><\/strong><\/p>\n<p style=\"text-align: justify; text-indent: 25.5pt;\"><strong><span style=\"font-size: 12pt;\">&ndash; G&uuml;ney K\u0131br\u0131s, Amerikan petrol devi <\/span><\/strong><strong><span style=\"font-size: 14pt;\">Chevron<\/span><\/strong><strong><span style=\"font-size: 12pt;\">&#8216;la anla\u015fm\u0131\u015ft\u0131. Asl\u0131nda Noble&#8217;yle anla\u015fma imzalam\u0131\u015ft\u0131 ama, Chevron bast\u0131 paray\u0131 Noble&#8217;yi sat\u0131n ald\u0131, Noble&#8217;nin Do\u011fu Akdeniz&#8217;deki haklar\u0131n\u0131 devralm\u0131\u015ft\u0131.<\/span><\/strong><\/p>\n<p style=\"text-align: justify; text-indent: 25.5pt;\"><strong><span style=\"font-size: 12pt;\">&ndash; G&uuml;ney K\u0131br\u0131s, <\/span><\/strong><strong><span style=\"font-size: 14pt;\">Katar Petroleum<\/span><\/strong><strong><span style=\"font-size: 12pt;\">&#8216;la da anla\u015fma imzalam\u0131\u015ft\u0131.<\/span><\/strong><\/p>\n<p style=\"text-align: justify; text-indent: 25.5pt;\"><strong><span style=\"font-size: 12pt;\">&ndash; G&uuml;ney K\u0131br\u0131s, \u0130srail&#8217;le petrol\/do\u011falgaz anla\u015fmas\u0131 imzalayan <\/span><\/strong><strong><span style=\"font-size: 14pt;\">Birle\u015fik Arap Emirlikleri<\/span><\/strong><strong><span style=\"font-size: 12pt;\">&#8216;yle askeri i\u015fbirli\u011fi anla\u015fmas\u0131 imzalam\u0131\u015ft\u0131. Ve Rumlar bunlar\u0131n hepsini son 10 y\u0131l i&ccedil;inde yapm\u0131\u015flard\u0131.<\/span><\/strong><\/p>\n<p style=\"text-align: justify; text-indent: 25.5pt;\"><strong><span style=\"font-size: 14pt;\">Peki, ayn\u0131 s&uuml;re zarf\u0131nda Erdo\u011fan iktidar\u0131 nelerle u\u011fra\u015fm\u0131\u015ft\u0131?<\/span><\/strong><\/p>\n<p style=\"text-align: justify; text-indent: 25.5pt;\"><strong><span style=\"font-size: 12pt;\">Kuzey K\u0131br\u0131s&rsquo;\u0131; Casino &uuml;lkesi yapm\u0131\u015flard\u0131.<\/span><\/strong><\/p>\n<p style=\"text-align: justify; text-indent: 25.5pt;\"><strong><span style=\"font-size: 12pt;\">Kokain &uuml;ss&uuml; yapm\u0131\u015flard\u0131.<\/span><\/strong><\/p>\n<p style=\"text-align: justify; text-indent: 25.5pt;\"><strong><span style=\"font-size: 12pt;\">Kara para &uuml;ss&uuml; yapm\u0131\u015flard\u0131.<\/span><\/strong><\/p>\n<p style=\"text-align: justify; text-indent: 25.5pt;\"><strong><span style=\"font-size: 12pt;\">Yasad\u0131\u015f\u0131 bahis ve kumarhane &uuml;ss&uuml; yapm\u0131\u015flard\u0131.<\/span><\/strong><\/p>\n<p style=\"text-align: justify; text-indent: 25.5pt;\"><strong><span style=\"font-size: 12pt;\">Adeta buray\u0131 <\/span><\/strong><strong><span style=\"font-size: 14pt;\">mafya cumhuriyeti <\/span><\/strong><strong><span style=\"font-size: 12pt;\">haline sokmu\u015flard\u0131. G&uuml;ney Amerika&#8217;dan uyu\u015fturucu g&uuml;zerg&acirc;h\u0131 kurmu\u015flard\u0131, fuhu\u015f sekt&ouml;r&uuml; olu\u015fturmu\u015flard\u0131. Uluslararas\u0131 koku\u015fmu\u015flu\u011fa g&ouml;z yumdu\u011fumuz i&ccedil;in siyasileri\/b&uuml;rokratlar\u0131 fuhu\u015f yaparken gizli kameralara yakalanm\u0131\u015flard\u0131. B&ouml;ylece, T&uuml;rkiye&#8217;nin her y\u0131l milyarlarca dolar\u0131n\u0131n kay\u0131t d\u0131\u015f\u0131 yollarla K\u0131br\u0131s&#8217;taki karanl\u0131k sisteme aktar\u0131ld\u0131\u011f\u0131 ortaya &ccedil;\u0131km\u0131\u015ft\u0131. B&ouml;ylece servetinin kayna\u011f\u0131 belirsiz oligarklara, k&uuml;resel baronlara ve mafya babalar\u0131na alan a&ccedil;\u0131lm\u0131\u015ft\u0131. 20 y\u0131l &ouml;nce kumarhane kap\u0131s\u0131nda bodyguard olan <\/span><\/strong><strong><span style=\"font-size: 14pt;\">Halil Falyal\u0131 1 milyar<\/span><\/strong><strong><span style=\"font-size: 12pt;\"> dolarl\u0131k i\u015f adam\u0131 konumuna ta\u015f\u0131nm\u0131\u015ft\u0131.<\/span><\/strong><\/p>\n<p style=\"text-align: justify; text-indent: 25.5pt;\"><strong><span style=\"font-size: 12pt;\">Halil Falyal\u0131 daha &uuml;&ccedil; ay &ouml;nce kendisi a&ccedil;\u0131klam\u0131\u015ft\u0131:<\/span><\/strong><\/p>\n<p style=\"text-align: justify; text-indent: 25.5pt;\"><strong><em><span style=\"font-size: 12pt;\">&ldquo;Fly Oil ad\u0131nda K\u0131br\u0131s&#8217;\u0131n &uuml;&ccedil;&uuml;nc&uuml; b&uuml;y&uuml;k petrol \u015firketine sahibim, bu petrol \u015firketi Cevdet Sunay&#8217;a aitti, 1974&#8217;ten beri faaliyette olan bir \u015firkettir, ben sat\u0131n ald\u0131m, yurt d\u0131\u015f\u0131ndan deniz yoluyla do\u011falgaz getirece\u011fim, bu do\u011falgaz\u0131 Kuzey K\u0131br\u0131s T&uuml;rk Cumhuriyeti&#8217;ndeki t&uuml;m evlere g&ouml;t&uuml;rmek &uuml;zere h&uuml;k&uuml;metten gerekli yasal izinleri ald\u0131m.&rdquo;<\/span><\/em><\/strong><\/p>\n<p style=\"text-align: justify; text-indent: 25.5pt;\"><strong><span style=\"font-size: 12pt;\">Cevdet Sunay dedi\u011fi, T&uuml;rkiye Cumhuriyeti Devleti&#8217;nin hem Genelkurmay Ba\u015fkan\u0131, hem Cumhurba\u015fkan\u0131yd\u0131. Ama AKP T&uuml;rkiyesinden gene &ccedil;\u0131t &ccedil;\u0131kmam\u0131\u015ft\u0131.<\/span><\/strong><\/p>\n<p style=\"text-align: justify; text-indent: 25.5pt;\"><strong><span style=\"font-size: 12pt;\">G&uuml;ney K\u0131br\u0131s, ExxonMobil&#8217;le, Total&#8217;la, Shell&#8217;le, Eni&#8217;yle, Kogas&#8217;la, Chevron&#8217;la, anla\u015fma imzalarken&hellip; Biz Kuzey K\u0131br\u0131s&#8217;\u0131n petrol&uuml;n&uuml; ve do\u011falgaz\u0131n\u0131 i\u015fte bu Falyal\u0131&#8217;ya b\u0131rakm\u0131\u015ft\u0131k!?[3] \u015feklindeki tespit ve tahliller niye h&acirc;l&acirc; yan\u0131tlanmam\u0131\u015ft\u0131?<\/span><\/strong><\/p>\n<p style=\"text-align: justify; text-indent: 25.5pt;\"><strong><em><span style=\"font-size: 12pt;\">&ldquo;Bu Halil Falyal\u0131&rsquo;n\u0131n gizli ve kirli ba\u011flant\u0131lar\u0131n\u0131 a&ccedil;\u0131klayan Sedat Peker i\u015fte s\u0131rf bu nedenle bile y\u0131l\u0131n adam\u0131d\u0131r. Sedat Peker&#8217;in s&ouml;yledikleri T&uuml;rkiye i&ccedil;in tehdit de\u011fil, uyar\u0131d\u0131r. Tam tersine, as\u0131l Sedat Peker&#8217;i tecrit etmeye &ccedil;al\u0131\u015fmak, sans&uuml;rlemek, yok saymak, s&ouml;ylediklerini hal\u0131n\u0131n alt\u0131na s&uuml;p&uuml;rmek T&uuml;rkiye i&ccedil;in &lsquo;beka sorunu&rsquo;dur.&rdquo;<\/span><\/em><\/strong><strong><span style=\"font-size: 12pt;\"> diyenler haks\u0131z m\u0131yd\u0131?<\/span><\/strong><\/p>\n<p style=\"text-align: justify; text-indent: 25.5pt;\"><strong><span style=\"font-size: 12pt;\">23 Derece Kanal\u0131&#8217;nda g&uuml;ndemi de\u011ferlendiren&nbsp;Avrasya Ara\u015ft\u0131rma&rsquo;n\u0131n sahibi Kemal &Ouml;zkiraz, &uuml;lke g&uuml;ndemine ili\u015fkin g&ouml;r&uuml;\u015flerini aktarm\u0131\u015ft\u0131. Kemal &Ouml;zkiraz, <\/span><\/strong><strong><em><span style=\"font-size: 14pt;\">&ldquo;\u0130&ccedil;i\u015fleri Bakan\u0131 S&uuml;leyman Soylu&#8217;nun Erdo\u011fan taraf\u0131ndan g&ouml;revden al\u0131naca\u011f\u0131n\u0131&rdquo;<\/span><\/em><\/strong><span style=\"font-size: 14pt;\"> <\/span><strong><span style=\"font-size: 12pt;\">ve Soylu&#8217;nun yerine Efkan Ala&#8217;n\u0131n \u0130&ccedil;i\u015fleri Bakan\u0131 olaca\u011f\u0131n\u0131 vurgulam\u0131\u015ft\u0131. &Ouml;zkiraz, <\/span><\/strong><strong><em><span style=\"font-size: 14pt;\">&ldquo;Erdo\u011fan&#8217;\u0131n yeni bir &ccedil;&ouml;z&uuml;m s&uuml;reci ba\u015flataca\u011f\u0131n\u0131&rdquo;<\/span><\/em><\/strong><span style=\"font-size: 14pt;\"> <\/span><strong><span style=\"font-size: 12pt;\">bu nedenle Efkan Ala&#8217;n\u0131n g&ouml;reve atanaca\u011f\u0131n\u0131 hat\u0131rlatm\u0131\u015ft\u0131. Asl\u0131nda Bekir Bozda\u011f&#8217;\u0131n da bu nedenle Adalet Bakan\u0131 yap\u0131ld\u0131\u011f\u0131n\u0131 a&ccedil;\u0131klam\u0131\u015ft\u0131.<\/span><\/strong><\/p>\n<p style=\"text-align: justify; text-indent: 25.5pt;\"><strong><span style=\"font-size: 14pt;\">\u015eimdi merak ediyoruz: <\/span><\/strong><strong><span style=\"font-size: 12pt;\">Acaba S&uuml;leyman Soylu&rsquo;nun g&ouml;revden al\u0131nmas\u0131n\u0131n, iktidarla irtibatl\u0131 Mafya Babas\u0131 Halil Falyal\u0131 suikast\u0131yla da bir al&acirc;kas\u0131 var m\u0131yd\u0131?<\/span><\/strong><\/p>\n<p style=\"text-align: justify; text-indent: 25.5pt;\"><strong><span style=\"font-size: 14pt;\">Sn. Bah&ccedil;eli, bu \u015fans\u0131 iyi kullanmal\u0131yd\u0131!<\/span><\/strong><\/p>\n<p style=\"text-align: justify; text-indent: 25.5pt;\"><strong><span style=\"font-size: 12pt;\">Cumhurba\u015fkan\u0131 Erdo\u011fan&rsquo;\u0131n &ouml;n&uuml;m&uuml;zdeki se&ccedil;imlerde yeniden aday olup olamayaca\u011f\u0131 g&uuml;ndemdeki s\u0131cakl\u0131\u011f\u0131n\u0131 korurken, MHP Genel Ba\u015fkan\u0131 Devlet Bah&ccedil;eli&rsquo;nin <\/span><\/strong><strong><em><span style=\"font-size: 14pt;\">&ldquo;masay\u0131 yeniden kurdu\u011fu&rdquo;<\/span><\/em><\/strong><span style=\"font-size: 14pt;\"> <\/span><strong><span style=\"font-size: 12pt;\">iddialar\u0131 g&uuml;ndeme ta\u015f\u0131nm\u0131\u015ft\u0131. <\/span><\/strong><strong><em><span style=\"font-size: 14pt;\">&ldquo;T&uuml;rkiye&rsquo;yi Erdo\u011fan&rsquo;\u0131n y&ouml;netti\u011fi, Erdo\u011fan&rsquo;\u0131 da Bah&ccedil;eli&rsquo;nin y&ouml;netti\u011fini&rdquo;<\/span><\/em><\/strong><span style=\"font-size: 14pt;\"> <\/span><strong><span style=\"font-size: 12pt;\">belirten baz\u0131 yazarlar, Sn. Bah&ccedil;eli&rsquo;nin Erdo\u011fan&rsquo;a, <\/span><\/strong><strong><em><span style=\"font-size: 14pt;\">&ldquo;Sen &uuml;&ccedil;&uuml;nc&uuml;y&uuml; b\u0131rak, d&ouml;rd&uuml;nc&uuml; kez aday olursun. Adamlar\u0131n yasal sorun yok diyor ama tart\u0131\u015fmal\u0131 hale gelme. Oyunu ben kurar\u0131m!..&rdquo;<\/span><\/em><\/strong><span style=\"font-size: 14pt;\"> <\/span><strong><span style=\"font-size: 12pt;\">dedi\u011fini aktarm\u0131\u015flard\u0131.<\/span><\/strong><\/p>\n<p style=\"text-align: justify; text-indent: 25.5pt;\"><strong><span style=\"font-size: 12pt;\">Bize g&ouml;re, Sn. Bah&ccedil;eli&rsquo;nin, nice su&ccedil;lar\u0131na ve sonu&ccedil;lar\u0131na katland\u0131\u011f\u0131 Erdo\u011fan iktidar\u0131n\u0131n tahribat ortakl\u0131\u011f\u0131na kefaret olacak bir hareketi, kendisinin ve partisinin belki de son \u015fans\u0131 olacakt\u0131!..<\/span><\/strong><\/p>\n<p style=\"text-align: justify; text-indent: 25.5pt;\"><strong><span style=\"font-size: 14pt;\">Ve acaba ABD ve AB &uuml;lkeleri, T&uuml;rkiye&rsquo;yi telefon talimat\u0131 ile ve bir ki\u015fi eliyle, daha rahat y&ouml;nlendirmek i&ccedil;in mi Ba\u015fkanl\u0131k Sistemi&rsquo;ne destek &ccedil;\u0131km\u0131\u015flard\u0131?!.<\/span><\/strong><\/p>\n<p style=\"text-align: justify; text-indent: 25.5pt;\"><strong><span style=\"font-size: 14pt;\"><\/span><\/strong><\/p>\n<p>&nbsp;<\/p>\n<hr style=\"text-align: left;\" size=\"1\" width=\"33%\" \/>\n<p style=\"text-indent: 0cm;\"><a href=\"#ftnref1\" id=\"ftn1\" style=\"vertical-align: super;\">[1]<\/a><span style=\"font-size: 9pt;\"> Selin Nasi \/ \u0130ngiltere \/ 20 Ocak 2022 \/ www.politikyol.com<\/span><\/p>\n<p style=\"text-indent: 0cm;\"><a href=\"#ftnref2\" id=\"ftn2\" style=\"vertical-align: super;\">[2]<\/a><span style=\"font-size: 9pt;\"> Sabahattin &Ouml;nkibar \/ 18 Ocak 2022<\/span><\/p>\n<p style=\"text-indent: 0cm;\"><a href=\"#ftnref3\" id=\"ftn3\" style=\"vertical-align: super;\">[3]<\/a><span style=\"font-size: 9pt;\"> Y\u0131lmaz &Ouml;zdil \/ 11.02.2022<\/span><\/p>\n","protected":false},"excerpt":{"rendered":"<p>&nbsp; Erdo\u011fan Yalakal\u0131\u011f\u0131nda S\u0131r\u0131tan S\u0130YON\u0130ST \u0130SRA\u0130L YANDA\u015eLI\u011eI! &nbsp;&nbsp;&nbsp;&nbsp;&nbsp;&nbsp;&nbsp;&nbsp; T&uuml;rkiye &#8211; \u0130srail aras\u0131nda ilk temas, ABD&rsquo;de Karde\u015f Herzog&rsquo;la Yap\u0131ld\u0131. Siyonist Cumhurba\u015fkan\u0131 Isaac Herzog&rsquo;un, Cumhurba\u015fkan\u0131 Erdo\u011fan taraf\u0131ndan Ankara&rsquo;ya davet edilmesi tepkilere neden olurken, i\u015fgal rejimi ile ilk temas\u0131n ABD&rsquo;de ger&ccedil;ekle\u015fti\u011fi ortaya &ccedil;\u0131km\u0131\u015ft\u0131. Uzun s&uuml;redir kom\u015fu ve b&ouml;lge &uuml;lkeleri ile kavgal\u0131 olan AKP iktidar\u0131 hem Ortado\u011fu&rsquo;da hem de [&hellip;]<\/p>\n","protected":false},"author":103,"featured_media":0,"comment_status":"open","ping_status":"closed","sticky":false,"template":"","format":"standard","meta":{"footnotes":""},"categories":[260],"tags":[],"class_list":["post-11101","post","type-post","status-publish","format-standard","hentry","category-nisan-2022"],"_links":{"self":[{"href":"https:\/\/www.millicozum.com\/mc\/wp-json\/wp\/v2\/posts\/11101","targetHints":{"allow":["GET"]}}],"collection":[{"href":"https:\/\/www.millicozum.com\/mc\/wp-json\/wp\/v2\/posts"}],"about":[{"href":"https:\/\/www.millicozum.com\/mc\/wp-json\/wp\/v2\/types\/post"}],"author":[{"embeddable":true,"href":"https:\/\/www.millicozum.com\/mc\/wp-json\/wp\/v2\/users\/103"}],"replies":[{"embeddable":true,"href":"https:\/\/www.millicozum.com\/mc\/wp-json\/wp\/v2\/comments?post=11101"}],"version-history":[{"count":0,"href":"https:\/\/www.millicozum.com\/mc\/wp-json\/wp\/v2\/posts\/11101\/revisions"}],"wp:attachment":[{"href":"https:\/\/www.millicozum.com\/mc\/wp-json\/wp\/v2\/media?parent=11101"}],"wp:term":[{"taxonomy":"category","embeddable":true,"href":"https:\/\/www.millicozum.com\/mc\/wp-json\/wp\/v2\/categories?post=11101"},{"taxonomy":"post_tag","embeddable":true,"href":"https:\/\/www.millicozum.com\/mc\/wp-json\/wp\/v2\/tags?post=11101"}],"curies":[{"name":"wp","href":"https:\/\/api.w.org\/{rel}","templated":true}]}}