{"id":11128,"date":"2022-04-23T01:28:00","date_gmt":"2022-04-22T22:28:00","guid":{"rendered":"https:\/\/www.millicozum.com\/mc\/ozel-yazilar\/neden-rusya-ukrayna-savasi-turkiyeye-pahaliya-patlayacakti\/"},"modified":"2023-10-18T02:35:22","modified_gmt":"2023-10-17T23:35:22","slug":"neden-rusya-ukrayna-savasi-turkiyeye-pahaliya-patlayacakti","status":"publish","type":"post","link":"https:\/\/www.millicozum.com\/mc\/ozel-yazilar\/neden-rusya-ukrayna-savasi-turkiyeye-pahaliya-patlayacakti\/","title":{"rendered":"NEDEN, RUSYA-UKRAYNA SAVA\u015eI; T\u00dcRK\u0130YE\u2019YE PAHALIYA PATLAYACAKTI?"},"content":{"rendered":"\n<p>\u00a0<\/p>\n<p style=\"text-align: center; text-indent: 0cm;\"><strong><span style=\"font-size: 18pt;\">NEDEN, RUSYA-UKRAYNA SAVA\u015eI;<\/span><\/strong><\/p>\n<p style=\"text-align: center; text-indent: 0cm;\"><strong><span style=\"font-size: 18pt;\">T\u00dcRK\u0130YE&rsquo;YE PAHALIYA PATLAYACAKTI?<\/span><\/strong><\/p>\n<p style=\"text-align: justify;\"><strong><span style=\"font-size: 18pt;\">\u00a0\u00a0\u00a0\u00a0\u00a0\u00a0 <\/span><\/strong><\/p>\n<p style=\"text-align: justify; text-indent: 25.5pt;\"><strong><span style=\"font-size: 12pt;\">\u0130srail, Ukrayna krizinde ebeveynlerinin kavgas\u0131n\u0131 izleyen \u00e7ocuk yerindedir. \u00c7\u00fcnk\u00fc \u00e7ocuk hem annesini hem babas\u0131n\u0131 sevmektedir. Ve bir taraf\u0131 hakl\u0131 g\u00f6rse de tarafs\u0131z gibi hareket etmektedir. Ama son kertede ABD&rsquo;yi (yani babas\u0131n\u0131) tercih edecektir. Ehud Barak 22 \u015eubat 2021&rsquo;de N12 NEWS&rsquo;e yapt\u0131\u011f\u0131 a\u00e7\u0131klamada: <em>&ldquo;Putin Kremlin&rsquo;de oturan, \u0130srail yanl\u0131s\u0131 ve ba\u011f\u0131ml\u0131s\u0131 bir liderdir!&rdquo;<\/em> a\u00e7\u0131klamas\u0131n\u0131 yapm\u0131\u015ft\u0131. Al-Monit\u00f6r&rsquo;e konu\u015fan \u00fcst d\u00fczey bir \u0130srail istihbarat b\u00fcrokrat\u0131: <\/span><\/strong><strong><em><span style=\"font-size: 14pt;\">&ldquo;\u0130srail, Ukrayna \u00fczerinden ABD ve Rusya ile ba\u011flar\u0131n\u0131 g\u00fc\u00e7lendiriyor&rdquo;<\/span><\/em><\/strong><span style=\"font-size: 14pt;\"> <\/span><strong><span style=\"font-size: 12pt;\">yorumunu yapm\u0131\u015ft\u0131.<\/span><\/strong><\/p>\n<p style=\"text-align: justify; text-indent: 25.5pt;\"><strong><span style=\"font-size: 14pt;\">\u00c7in&rsquo;li Tarih\u00e7i &ldquo;Xu&rdquo;: <\/span><\/strong><strong><em><span style=\"font-size: 12pt;\">&ldquo;Tarihte b\u00fct\u00fcn b\u00fcy\u00fck ve y\u0131k\u0131c\u0131 sava\u015flar, hep b\u00f6yle y\u00f6resel sorunlar ve sald\u0131r\u0131larla ba\u015flam\u0131\u015ft\u0131r. Rusya&rsquo;n\u0131n Ukrayna&rsquo;y\u0131 i\u015fgale ba\u015flamas\u0131 \u00e7ok tehlikeli, \u00c7in&rsquo;i de k\u00f6t\u00fc etkileyici sonu\u00e7lar do\u011furacakt\u0131r&rdquo; <\/span><\/em><\/strong><strong><span style=\"font-size: 12pt;\">diye uyarm\u0131\u015ft\u0131.<\/span><\/strong><\/p>\n<p style=\"text-align: justify; text-indent: 25.5pt;\"><strong><span style=\"font-size: 12pt;\">Ukrayna Sava\u015f\u0131&rsquo;nda kim ne kazan\u0131rsa kazans\u0131n, kaybeden hep maalesef T\u00fcrkiye olacakt\u0131r. <\/span><\/strong><strong><em><span style=\"font-size: 14pt;\">ABD Rusya&rsquo;y\u0131 Ukrayna ile u\u011fra\u015ft\u0131r\u0131p, \u00c7in&rsquo;e y\u00f6nelik bir m\u00fcdahalesinde Rusya ba\u015f\u0131na dert a\u00e7mas\u0131n hesaplar\u0131 yapt\u0131\u011f\u0131 <\/span><\/em><\/strong><strong><span style=\"font-size: 12pt;\">yorumlar\u0131 anlaml\u0131d\u0131r. Ayr\u0131ca bu giri\u015fimiyle Siyonist baronlar\u0131n g\u00fcd\u00fcm\u00fcndeki ABD, Ukrayna Sava\u015f\u0131&rsquo;n\u0131n sorunlar\u0131 ve sonu\u00e7lar\u0131yla AB&rsquo;yi de Rusya&rsquo;y\u0131 da enerji kriziyle hizaya sokma hesab\u0131ndad\u0131r.<\/span><\/strong><\/p>\n<p style=\"text-align: justify; text-indent: 25.5pt;\"><strong><span style=\"font-size: 14pt;\">\u0130ran Dini Lideri Ayetullah Ali Hamaney&rsquo;in:<\/span><\/strong><\/p>\n<p style=\"text-align: justify; text-indent: 25.5pt;\"><strong><em><span style=\"font-size: 12pt;\">&ldquo;Ukrayna&rsquo;y\u0131 bug\u00fcnk\u00fc peri\u015fan duruma getiren ve Rusya&rsquo;n\u0131n i\u015fgaline s\u00fcr\u00fckleyen Amerika&rsquo;d\u0131r. ABD bu \u00fclkede s\u0131k s\u0131k turuncu devrimler ve tertip tezg\u00e2hlayarak, kendi kuklalar\u0131n\u0131 iktidara ta\u015f\u0131yarak ve Ukrayna&rsquo;n\u0131n; NATO&rsquo;nun uzant\u0131s\u0131 olaca\u011f\u0131n\u0131 s\u00f6yleyip durarak Rusya&rsquo;y\u0131 k\u0131\u015fk\u0131rtm\u0131\u015ft\u0131r!&rdquo; <\/span><\/em><\/strong><strong><span style=\"font-size: 12pt;\">yakla\u015f\u0131m\u0131 da \u00f6nemli bir saptamad\u0131r. Ancak ABD&rsquo;nin Siyonizm&rsquo;in emirberi oldu\u011fu unutulmamal\u0131d\u0131r.<\/span><\/strong><\/p>\n<p style=\"text-align: justify; text-indent: 25.5pt;\"><strong><span style=\"font-size: 12pt;\">Rusya-Ukrayna Sava\u015f\u0131, \u00f6zellikle Rus Gaz\u0131na ba\u011f\u0131ml\u0131 olan T\u00fcrk ekonomisini zora sokacakt\u0131. Bu iki \u00fclkeyle, meyve-sebze ihracat\u0131m\u0131z\u0131n, b\u00fcy\u00fck \u00e7apl\u0131 bu\u011fday ithalat\u0131m\u0131z\u0131n ve Turizm ak\u0131n\u0131n\u0131n azalmas\u0131n\u0131n da bizi olumsuz etkileyece\u011fi a\u00e7\u0131kt\u0131r.<\/span><\/strong><\/p>\n<p style=\"text-align: justify; text-indent: 25.5pt;\"><strong><span style=\"font-size: 12pt;\">Rusya&rsquo;n\u0131n sald\u0131r\u0131s\u0131n\u0131n ta ba\u015f\u0131ndan beri <em>&ldquo;N\u00fckleer silahlar\u0131 kullanmak \u00fczere gerekirse d\u00fc\u011fmeye bas\u0131laca\u011f\u0131n\u0131&rdquo;<\/em> vurgulamas\u0131, bir cayd\u0131r\u0131c\u0131l\u0131k amac\u0131 ta\u015f\u0131d\u0131\u011f\u0131 ve aleyhinde olu\u015facak cepheyi korkutmaya y\u00f6nelik yap\u0131ld\u0131\u011f\u0131 gibi, bunu s\u0131k\u00e7a ve s\u0131k\u0131\u015ft\u0131k\u00e7a tekrarlamas\u0131 ise, <em>&ldquo;en son kullanaca\u011f\u0131 kozu, en ba\u015fta ileri s\u00fcrmek zaaf\u0131&rdquo;<\/em> olarak da okunmal\u0131d\u0131r.<\/span><\/strong><\/p>\n<p style=\"text-align: justify; text-indent: 25.5pt;\"><strong><span style=\"font-size: 14pt;\">A\u00e7\u0131klanan resmi rakamlara g\u00f6re, d\u00fcnyada n\u00fckleer bombalara sahip \u00fclkelerdeki atom ba\u015fl\u0131kl\u0131 f\u00fcze say\u0131s\u0131 \u015f\u00f6yle s\u0131ralanmaktayd\u0131:<\/span><\/strong><\/p>\n<p style=\"text-align: justify; text-indent: 25.5pt;\"><strong><span style=\"font-size: 14pt;\">Rusya\u00a0\u00a0\u00a0\u00a0\u00a0\u00a0\u00a0\u00a0\u00a0\u00a0 : 6800<\/span><\/strong><\/p>\n<p style=\"text-align: justify; text-indent: 25.5pt;\"><strong><span style=\"font-size: 14pt;\">ABD\u00a0\u00a0\u00a0\u00a0\u00a0\u00a0\u00a0\u00a0\u00a0\u00a0\u00a0\u00a0\u00a0 : 6600<\/span><\/strong><\/p>\n<p style=\"text-align: justify; text-indent: 25.5pt;\"><strong><span style=\"font-size: 14pt;\">Fransa\u00a0\u00a0\u00a0\u00a0\u00a0\u00a0\u00a0\u00a0\u00a0 : 300<\/span><\/strong><\/p>\n<p style=\"text-align: justify; text-indent: 25.5pt;\"><strong><span style=\"font-size: 14pt;\">\u00c7in\u00a0\u00a0\u00a0\u00a0\u00a0\u00a0\u00a0\u00a0\u00a0\u00a0\u00a0\u00a0\u00a0\u00a0\u00a0 : 270<\/span><\/strong><\/p>\n<p style=\"text-align: justify; text-indent: 25.5pt;\"><strong><span style=\"font-size: 14pt;\">\u0130ngiltere\u00a0\u00a0\u00a0\u00a0\u00a0\u00a0\u00a0 : 215<\/span><\/strong><\/p>\n<p style=\"text-align: justify; text-indent: 25.5pt;\"><strong><span style=\"font-size: 14pt;\">Pakistan\u00a0\u00a0\u00a0\u00a0\u00a0\u00a0 : 140<\/span><\/strong><\/p>\n<p style=\"text-align: justify; text-indent: 25.5pt;\"><strong><span style=\"font-size: 14pt;\">Hindistan\u00a0\u00a0\u00a0\u00a0 : 130<\/span><\/strong><\/p>\n<p style=\"text-align: justify; text-indent: 25.5pt;\"><strong><span style=\"font-size: 14pt;\">\u0130srail\u00a0\u00a0\u00a0\u00a0\u00a0\u00a0\u00a0\u00a0\u00a0\u00a0\u00a0\u00a0 : 80 (Ger\u00e7ekte 420)<\/span><\/strong><\/p>\n<p style=\"text-align: justify; text-indent: 25.5pt;\"><strong><span style=\"font-size: 14pt;\">G\u00fcney Kore : 20<\/span><\/strong><\/p>\n<p style=\"text-align: justify; text-indent: 25.5pt;\"><strong><span style=\"font-size: 14pt;\"><\/span><\/strong><\/p>\n<p style=\"text-align: justify; text-indent: 25.5pt;\"><strong><span style=\"font-size: 14pt;\">Bu tehlikeli ve tehdit edici gidi\u015fat durdurulamazsa; \u00f6zel paral\u0131 \u015firket militanlar\u0131n\u0131n, ter\u00f6rist yap\u0131lanmalar\u0131n, kiral\u0131k provokat\u00f6r ajanlar\u0131n da kar\u0131\u015faca\u011f\u0131 bir kirli sava\u015f, Ukrayna&rsquo;y\u0131 Avrupa&rsquo;n\u0131n AFGAN\u0130STAN&rsquo;\u0131 yapacak, bu \u00e7at\u0131\u015fmalar nice on y\u0131llara yay\u0131lacak ve s\u00fcrekli kanayan bir yara konumuna ta\u015f\u0131nacakt\u0131r. ABD ve AB yetkililerinin her f\u0131rsatta, <em>&ldquo;Biz Rusya ile fiili \u00e7at\u0131\u015fmaya girmeyece\u011fiz!&rdquo; <\/em>beyanatlar\u0131, bir nevi kiral\u0131k sava\u015f\u00e7\u0131lar\u0131n Ukrayna&rsquo;ya y\u0131\u011f\u0131laca\u011f\u0131 anlam\u0131n\u0131 ta\u015f\u0131maktad\u0131r.<\/span><\/strong><\/p>\n<p style=\"text-align: justify; text-indent: 25.5pt;\"><strong><span style=\"font-size: 12pt;\">Rusya&rsquo;n\u0131n: a) Kuzey Buz Denizi&rsquo;nde buz k\u0131r\u0131c\u0131 gemiler ve sava\u015f z\u0131rhl\u0131lar\u0131 bulundurmas\u0131, b) Balt\u0131k Denizi&rsquo;nde \u00f6nemli \u00fcsler kurmas\u0131, c) K\u0131r\u0131m&rsquo;\u0131 ve Azak Denizi&rsquo;ni i\u015fgal edip \u00f6nemli limanlara konmas\u0131, d) Suriye Tartus&rsquo;ta stratejik deniz \u00fcsleri bulunmas\u0131, e) Libya&rsquo;da \u00f6zel limanlara g\u00f6z koymas\u0131&hellip; B\u00fct\u00fcn bunlar Putin&rsquo;in bir \u00c7arl\u0131k \u0130mparatorlu\u011fu hayali ta\u015f\u0131d\u0131\u011f\u0131n\u0131 ortaya \u00e7\u0131karm\u0131\u015ft\u0131r.<\/span><\/strong><\/p>\n<p style=\"text-align: justify; text-indent: 25.5pt;\"><strong><span style=\"font-size: 12pt;\">Bu arada ajanslara; y\u00fczlerce Ukraynal\u0131 sivilin, binlerce Rus askerinin \u00f6ld\u00fcr\u00fcld\u00fc\u011f\u00fc haberleri ula\u015fmaktayd\u0131. Zaten Rusya K\u0130EV&rsquo;i zorla almaya kalk\u0131\u015f\u0131rsa, on binlerce askerini kaybetmek zorunda kalacak ve yine binlerce masum insan can\u0131ndan olacakt\u0131. \u00c7\u00fcnk\u00fc 2. D\u00fcnya Sava\u015f\u0131&rsquo;nda Ruslar Berlin&rsquo;in yar\u0131s\u0131n\u0131 ele ge\u00e7irmek i\u00e7in 350 bin kayb\u0131 g\u00f6ze alm\u0131\u015ft\u0131. Umar\u0131z yap\u0131lan m\u00fczakerelerde anla\u015fmaya var\u0131l\u0131r ve bu ac\u0131lar ya\u015fanmadan bir uzla\u015fma sa\u011flan\u0131rd\u0131.<\/span><\/strong><\/p>\n<p style=\"text-align: justify; text-indent: 25.5pt;\"><strong><span style=\"font-size: 14pt;\">\u015eu soru da bizim kafam\u0131z\u0131 kurcalamaktayd\u0131:<\/span><\/strong><\/p>\n<p style=\"text-align: justify; text-indent: 25.5pt;\"><strong><span style=\"font-size: 12pt;\">Acaba Siyonist mahfiller; Ukrayna&rsquo;ya kar\u015f\u0131 Putin&rsquo;i k\u0131\u015fk\u0131rtarak, Rus do\u011falgaz\u0131n\u0131n Avrupa&rsquo;ya ak\u0131\u015f\u0131n\u0131 k\u0131s\u0131tlamay\u0131, bunun yerine \u0130srail&rsquo;in Filistinli M\u00fcsl\u00fcmanlardan gasp etti\u011fi GAZZE gaz\u0131n\u0131n, T\u00fcrkiye \u00fczerinden Avrupa&rsquo;ya ula\u015ft\u0131r\u0131lmas\u0131na zemin ve destek sa\u011flamay\u0131 m\u0131 ama\u00e7lam\u0131\u015flard\u0131? Zaten bilindi\u011fi gibi maalesef Erdo\u011fan iktidar\u0131 da bu sinsi ve Siyonist projeye ta\u015feronlu\u011fa haz\u0131rd\u0131. Hatta Ter\u00f6rist ba\u015f\u0131 Isaac Herzog&rsquo;un T\u00fcrkiye ziyaretinin as\u0131l amac\u0131n\u0131n, bu <\/span><\/strong><strong><em><span style=\"font-size: 14pt;\">&ldquo;Gazze do\u011falgaz\u0131n\u0131 T\u00fcrkiye \u00fczerinden Avrupa&rsquo;ya ta\u015f\u0131mak&rdquo;<\/span><\/em><\/strong><span style=\"font-size: 14pt;\"> <\/span><strong><span style=\"font-size: 12pt;\">oldu\u011fu yaz\u0131l\u0131p konu\u015fulmaktayd\u0131!<\/span><\/strong><\/p>\n<p style=\"text-align: justify; text-indent: 25.5pt;\"><strong><span style=\"font-size: 14pt;\">\u0130ktisat Profes\u00f6r\u00fc Korkut Boratav&rsquo;dan Sava\u015f Yorumu: Kur Korumal\u0131 Mevduat ve Se\u00e7im Plan\u0131 \u00c7\u00f6kmeye Ba\u015flam\u0131\u015ft\u0131r!<\/span><\/strong><\/p>\n<p style=\"text-align: justify; text-indent: 25.5pt;\"><span style=\"font-size: 12pt;\">\u0130ktisat profes\u00f6r\u00fc Korkut Boratav; <strong><em>&ldquo;Ukrayna sava\u015f\u0131n\u0131n, AKP&#8217;nin kur korumal\u0131 mevduat ve se\u00e7im planlar\u0131n\u0131 \u00e7\u00f6kertti\u011fini&rdquo;<\/em><\/strong> a\u00e7\u0131klam\u0131\u015ft\u0131.<\/span><\/p>\n<p style=\"text-align: justify; text-indent: 25.5pt;\"><span style=\"font-size: 12pt;\">Rusya&#8217;n\u0131n Ukrayna&#8217;y\u0131 i\u015fgali t\u00fcm d\u00fcnyay\u0131 sarsarken, geli\u015fmelerin \u00f6zellikle T\u00fcrkiye&#8217;yi hem siyasi hem de ekonomik olarak derinden etkileyece\u011fi tart\u0131\u015f\u0131lmaktayd\u0131. ABD ve Avrupa Birli\u011fi&#8217;nin ba\u015f\u0131n\u0131 \u00e7ekti\u011fi Bat\u0131l\u0131 m\u00fcttefiklerin Rusya&#8217;y\u0131 cezaland\u0131rmak \u00fczere a\u00e7\u0131klad\u0131\u011f\u0131 sert ekonomik yapt\u0131r\u0131m kararlar\u0131 k\u00fcresel piyasalarda deprem etkisine yol a\u00e7arken, T\u00fcrkiye&#8217;de de depremin etkisi hissedilmeye ba\u015flanm\u0131\u015ft\u0131.<\/span><\/p>\n<p style=\"text-align: justify; text-indent: 25.5pt;\"><strong><em><span style=\"font-size: 12pt;\">&ldquo;AKP h\u00fck\u00fcmetinin b\u00fcy\u00fck bir g\u00f6steriyle ilan etti\u011fi kur korumal\u0131 mevduat sistemi, k\u0131sa vadede bir se\u00e7im program\u0131 olarak sonu\u00e7 vermeye ba\u015flam\u0131\u015ft\u0131. Ama sava\u015f, kur korumal\u0131 mevduat sistemine ili\u015fkin beklentileri bo\u015fa \u00e7\u0131kartm\u0131\u015ft\u0131. T\u00fcm hesaplar, k\u0131sa vadede d\u00f6viz kurunun kontrol alt\u0131nda tutulmas\u0131 ve enflasyonun t\u0131rmanmas\u0131n\u0131n durdurulmas\u0131 \u00fczerine kurgulanm\u0131\u015ft\u0131. Bu y\u0131l ortalar\u0131nda turist gelirlerinin artmas\u0131 sayesinde de se\u00e7ime gidilerek sonu\u00e7 al\u0131nma \u00fcmidi vard\u0131. Yanl\u0131\u015f kararlarla yarat\u0131lan istikrars\u0131zl\u0131k k\u0131sa vadede ortadan kald\u0131r\u0131lacak san\u0131lmaktayd\u0131. Dolar kuru 13,5 civar\u0131nda istikrar kazanm\u0131\u015f gibiydi ama sava\u015f hem d\u00f6viz piyasalar\u0131nda gerilimi hem de enerji fiyatlar\u0131nda y\u00fckseli\u015fi, dolay\u0131s\u0131yla da enflasyonu yeniden artt\u0131rd\u0131. Ekonomi y\u00f6netiminin k\u0131sa vadeli se\u00e7im program\u0131n\u0131 ve kur korumal\u0131 mevduat tasar\u0131s\u0131n\u0131 \u00e7\u00f6kertmeye ba\u015flad\u0131.&rdquo;<\/span><\/em><\/strong><strong><span style=\"font-size: 12pt;\"> diyen Boratav, T\u00fcrkiye&rsquo;yi \u00e7ok zor g\u00fcnler bekledi\u011fini vurgulam\u0131\u015ft\u0131.<\/span><\/strong><\/p>\n<p style=\"text-align: justify; text-indent: 25.5pt;\"><strong><span style=\"font-size: 14pt;\">Rusya&rsquo;n\u0131n Ukrayna Operasyonu; Yoksa T\u00fcrkiye-Ukrayna Savunma Sanayi Anla\u015fmalar\u0131n\u0131 Bozmak \u0130\u00e7in mi K\u0131\u015fk\u0131rt\u0131lm\u0131\u015ft\u0131?<\/span><\/strong><\/p>\n<p style=\"text-align: justify; text-indent: 25.5pt;\"><strong><span style=\"font-size: 14pt;\">Rusya&rsquo;n\u0131n Askeri Operasyonu; ATAK-II ve BAYRAKTAR AKINCI&rsquo;y\u0131 zora sokacakt\u0131!<\/span><\/strong><\/p>\n<p style=\"text-align: justify; text-indent: 25.5pt;\"><strong><span style=\"font-size: 12pt;\">Rusya&rsquo;n\u0131n Ukrayna&rsquo;ya d\u00fczenledi\u011fi geni\u015f \u00e7apl\u0131 askeri operasyon T\u00fcrkiye&rsquo;nin en kritik savunma projelerini etkilemeye ba\u015flam\u0131\u015ft\u0131. Rusya&rsquo;n\u0131n Ukrayna&rsquo;n\u0131n HARKOV kentini ele ge\u00e7irmesi, taarruz helikopteri ATAK-II ile silahl\u0131 insans\u0131z hava arac\u0131 Ak\u0131nc\u0131&rsquo;n\u0131n motorlar\u0131n\u0131n \u00fcretiminin durmas\u0131na yol a\u00e7m\u0131\u015ft\u0131. Sava\u015f sonras\u0131 motor \u00fcretiminin devam edip etmeyece\u011fi h\u00e2l\u00e2 karanl\u0131kt\u0131.<\/span><\/strong><\/p>\n<p style=\"text-align: justify; text-indent: 25.5pt;\"><strong><span style=\"font-size: 14pt;\">Harkov Kentinde Ortak Savunma Projelerimiz bulunmaktayd\u0131!<\/span><\/strong><\/p>\n<p style=\"text-align: justify; text-indent: 25.5pt;\"><strong><span style=\"font-size: 12pt;\">Ukrayna ve T\u00fcrkiye&rsquo;nin ortak y\u00fcr\u00fctt\u00fc\u011f\u00fc askeri projelerin \u00fcretimi \u00fclkenin kuzeyindeki Harkov \u015fehrinde yap\u0131lmaktayd\u0131. Rusya s\u0131n\u0131r\u0131nda bulunan Harkov, Ukrayna-Rusya geriliminin temelini olu\u015fturan <\/span><\/strong><strong><span style=\"font-size: 14pt;\">Donetsk ve Luhansk \u015fehirlerine yak\u0131n oldu\u011fu i\u00e7in Rusya ve ayr\u0131l\u0131k\u00e7\u0131 gruplar ilk olarak Harkov&rsquo;a sald\u0131rm\u0131\u015flard\u0131. Harkov&rsquo;un i\u015fgali sonras\u0131 T\u00fcrk Silahl\u0131 Kuvvetleri&rsquo;ni yak\u0131ndan ilgilendiren geli\u015fmeler ya\u015fanm\u0131\u015ft\u0131.<\/span><\/strong><\/p>\n<p style=\"text-align: justify; text-indent: 25.5pt;\"><strong><span style=\"font-size: 14pt;\">Taarruzi \u0130nsans\u0131z Hava Arac\u0131 Ak\u0131nc\u0131&rsquo;n\u0131n Motorlar\u0131 Ukrayna&rsquo;da Yap\u0131lmaktayd\u0131.<\/span><\/strong><\/p>\n<p style=\"text-align: justify; text-indent: 25.5pt;\"><strong><span style=\"font-size: 12pt;\">Savunma Sanayii M\u00fcste\u015farl\u0131\u011f\u0131&rsquo;n\u0131n ambargodan kurtulmak i\u00e7in yapt\u0131\u011f\u0131 Ukrayna anla\u015fmalar\u0131 tehlikeye girmi\u015f durumdayd\u0131. T\u00fcrkiye&rsquo;nin Taarruzi \u0130nsans\u0131z Hava Arac\u0131 (T\u0130HA) Ak\u0131nc\u0131&rsquo;n\u0131n Al-450T motorlar\u0131n\u0131 \u00fcreten Ukrayna, sava\u015f nedeniyle \u00fcretimi durdurmak zorunda kalm\u0131\u015ft\u0131. \u00dcretime ara verilmesi sebebiyle teslimatlar yap\u0131lamayacakt\u0131&#8230;<\/span><\/strong><\/p>\n<p style=\"text-align: justify; text-indent: 25.5pt;\"><strong><span style=\"font-size: 12pt;\">Sava\u015f, ATAK-II Helikopterini Zora Sokacakt\u0131!<\/span><\/strong><\/p>\n<p style=\"text-align: justify; text-indent: 25.5pt;\"><strong><span style=\"font-size: 12pt;\">Rusya Ukrayna sava\u015f\u0131, T\u00fcrk Havac\u0131l\u0131k ve Uzay Sanayii (TUSA\u015e) taraf\u0131ndan geli\u015ftirme faaliyetleri devam eden T929 A\u011f\u0131r S\u0131n\u0131f Taarruz Helikopterini de (ATAK-II) vurmu\u015f durumdayd\u0131. Gelecek y\u0131l ilk kez motor \u00e7al\u0131\u015ft\u0131rmas\u0131 planlanan ATAK-II helikopteri i\u00e7in Ukraynal\u0131 Motor Sich firmas\u0131 ile 14 adet motor tedariki i\u00e7in s\u00f6zle\u015fme imzalanm\u0131\u015ft\u0131. ATAK-II&rsquo;nin motorlar\u0131n\u0131n da gecikece\u011fi ya da hi\u00e7 teslim edilmeyece\u011fi konu\u015fulmaktayd\u0131. Baykar Savunma taraf\u0131ndan geli\u015ftirilen Muharip \u0130nsans\u0131z U\u00e7ak Sistemi (M\u0130US), Ukrayna Rusya sava\u015f\u0131n\u0131n ortas\u0131nda kalm\u0131\u015ft\u0131. Ukrayna&rsquo;n\u0131n kuzeydo\u011fusundaki Harkov&rsquo;da M\u0130US i\u00e7in motor \u00fcretilmesi planlar\u0131 ask\u0131ya al\u0131nm\u0131\u015ft\u0131. <\/span><\/strong><\/p>\n<p style=\"text-align: justify; text-indent: 25.5pt;\"><strong><span style=\"font-size: 14pt;\">\u00dcretim Tesislerini T\u00fcrkiye&rsquo;ye Ta\u015f\u0131ma Plan\u0131<\/span><\/strong><\/p>\n<p style=\"text-align: justify; text-indent: 25.5pt;\"><strong><span style=\"font-size: 12pt;\">TUSA\u015e Helikopter Genel M\u00fcd\u00fcr Yard\u0131mc\u0131s\u0131 Dr. Mehmet Demiro\u011flu, Rusya Ukrayna krizinin ba\u015flar\u0131nda Pakistan&rsquo;da bir televizyon kanal\u0131na a\u00e7\u0131klama yapm\u0131\u015ft\u0131. T929 A\u011f\u0131r S\u0131n\u0131f Taarruz Helikopteri&rsquo;nin motorlar\u0131n\u0131n, T\u00fcrkiye&rsquo;de \u00fcretilece\u011fini a\u00e7\u0131klam\u0131\u015ft\u0131. Demiro\u011flu&rsquo;nun bu a\u00e7\u0131klamas\u0131n\u0131n hayata ge\u00e7mesi halinde T\u00fcrkiye ve Ukrayna&rsquo;n\u0131n, A\u011fustos 2019&rsquo;da kurdu\u011fu T\u00fcrkiye merkezli Black Sea Schield firmas\u0131 \u00fcretim tesislerini T\u00fcrkiye&rsquo;ye ta\u015f\u0131yacakt\u0131.\u00a0\u015eirketin hisselerinin y\u00fczde 51&rsquo;i Baykar&rsquo;a, y\u00fczde 49&rsquo;u ise Ukrayna&rsquo;n\u0131n Savunma Sanayi Ba\u015fkanl\u0131\u011f\u0131 olan Ukrspetsexport&rsquo;a aitti. Rus ordusunun Kiev&rsquo;i i\u015fgal etmesi ve Ukrayna Devlet Ba\u015fkan\u0131 Vladimir Zelenskiy&rsquo;yi devirmesi halinde T\u00fcrkiye&rsquo;nin hayati projelerinin gelece\u011fine Rusya Devlet Ba\u015fkan\u0131 Putin karar verecekti.[1]<\/span><\/strong><\/p>\n<p style=\"text-align: justify; text-indent: 25.5pt;\"><strong><span style=\"font-size: 14pt;\">T\u00fcrkiye-Ukrayna Aras\u0131nda Yap\u0131lan Savunma Sanayi Anla\u015fmalar\u0131n\u0131n A\u015famalar\u0131:<\/span><\/strong><\/p>\n<p style=\"text-align: justify; text-indent: 25.5pt;\"><strong><span style=\"font-size: 14pt;\">T\u00fcrkiye, 2016&rsquo;da Ukrayna ile ortak radar \u00fcretecek anla\u015fma imzalam\u0131\u015ft\u0131.<\/span><\/strong><\/p>\n<p style=\"text-align: justify; text-indent: 25.5pt;\"><span style=\"font-size: 12pt;\">T\u00fcrkiye ile Ukrayna aras\u0131nda ilk kez savunma alan\u0131nda i\u015fbirli\u011fi anla\u015fmas\u0131 imzalanm\u0131\u015ft\u0131. Ukrayna Devlet Savunma \u0130\u015fletmesi Ukroboronprom b\u00fcnyesindeki Ukrinma\u015f \u015firketi ile HAVELSAN Hava Elektronik Sanayi, radar \u00fcretimi konusunda anla\u015fma yapm\u0131\u015flard\u0131. Ukroboronprom bas\u0131n s\u00f6zc\u00fcl\u00fc\u011f\u00fcnden yap\u0131lan a\u00e7\u0131klamaya g\u00f6re anla\u015fma, HAVELSAN Y\u00f6netim Kurulu Ba\u015fkan Vekili Taner D\u00fcvenci ile Ukrinma\u015f Genel M\u00fcd\u00fcr\u00fc Sergey Slyusarenko aras\u0131nda, Kiev&rsquo;deki Silah ve G\u00fcvenlik Fuar\u0131&rsquo;nda imzalanm\u0131\u015ft\u0131. Konuyla ilgili a\u00e7\u0131klamada bulunan Slyusarenko, <\/span><strong><span style=\"font-size: 14pt;\">&ldquo;T\u00fcrkiye ile Ukrayna aras\u0131nda ilk defa savunma alan\u0131nda i\u015fbirli\u011fi \u00f6ng\u00f6ren bir anla\u015fmaya imza at\u0131l\u0131yor. T\u00fcrkiye ile i\u015fbirli\u011fi, yaln\u0131zca daha geli\u015fmi\u015f \u00fcr\u00fcn elde edilmesini de\u011fil, NATO \u00fclkeleri i\u00e7in yeni pazarlar a\u00e7\u0131lmas\u0131n\u0131 da sa\u011fl\u0131yor&rdquo;<\/span><\/strong><span style=\"font-size: 14pt;\"> <\/span><span style=\"font-size: 12pt;\">a\u00e7\u0131klamas\u0131n\u0131 yapm\u0131\u015ft\u0131.<\/span><\/p>\n<p style=\"text-align: justify; text-indent: 25.5pt;\"><span style=\"font-size: 12pt;\">Ukrayna&rsquo;n\u0131n savunma sanayi devi olan devlet firmas\u0131 Ukroboronprom ile \u00fclkemizin yaz\u0131l\u0131m devi HAVELSAN, Pasif Alg\u0131lay\u0131c\u0131 Sens\u00f6r Sistem (PAS\u0130S) i\u00e7in ortak \u00fcretime gidiyordu. Her iki \u00fclkenin uzaktan alg\u0131lama kabiliyetini 600 km&rsquo;ye kadar \u00e7\u0131karmay\u0131 hedefleyen bu \u00fcr\u00fcn\u00fcn, deniz, kara ve hava hedeflerinin pasif olarak belirlenmesinde her iki \u00fclkenin askeri kuvvetlerine stratejik bir avantaj sa\u011flamas\u0131 planlanm\u0131\u015ft\u0131. HAVELSAN ile Ukrinma\u015f aras\u0131nda i\u015fbirli\u011fi mutabakat\u0131n\u0131n Ukrayna&rsquo;n\u0131n ba\u015fkenti Kiev&rsquo;de 08 Nisan 2016 tarihinde imzalanan protokolle yap\u0131ld\u0131\u011f\u0131 vurgulanm\u0131\u015ft\u0131.[2]<\/span><\/p>\n<p style=\"text-align: justify; text-indent: 25.5pt;\"><strong><span style=\"font-size: 14pt;\">ROKETSAN Ukrayna ile z\u0131rh geli\u015ftirmek i\u00e7in s\u00f6zle\u015fme yapm\u0131\u015ft\u0131.<\/span><\/strong><\/p>\n<p style=\"text-align: justify; text-indent: 25.5pt;\"><strong><span style=\"font-size: 12pt;\">ROKETSAN, 10-13 Ekim 2017 tarihleri aras\u0131nda, Ukrayna&rsquo;n\u0131n ba\u015fkenti Kiev&rsquo;de d\u00fczenlenen Arms &#038; Security fuar\u0131ndan, \u00f6nemli geli\u015fmelerle d\u00f6nd\u00fc. ASELSAN ve ROKETSAN firmalar\u0131, Ukrayna&#8217;da iki yeni anla\u015fmaya imza att\u0131. ASELSAN, SFTE Spets Techno Export firmas\u0131 ile &#8216;Zaslon-L&#8217; Aktif Koruma Sistemleri tedarikine y\u00f6nelik bir kontrat imzalan\u0131rken; ROKETSAN, ayn\u0131 firma ile ortak reaktif z\u0131rh (ERA) geli\u015ftirilmesine y\u00f6nelik bir i\u015fbirli\u011fi anla\u015fmas\u0131 imzalam\u0131\u015ft\u0131. <\/span><\/strong><\/p>\n<p style=\"text-align: justify; text-indent: 25.5pt;\"><strong><span style=\"font-size: 14pt;\">ASELSAN 2017 y\u0131l\u0131nda Ukraynal\u0131 \u015firketle 44 milyon dolarl\u0131k s\u00f6zle\u015fme imzalam\u0131\u015ft\u0131.<\/span><\/strong><\/p>\n<p style=\"text-align: justify; text-indent: 25.5pt;\"><span style=\"font-size: 12pt;\">ASELSAN&#8217;\u0131n Kamuyu Ayd\u0131nlatma Platformu&#8217;nda (KAP) yer alan a\u00e7\u0131klamas\u0131nda, \u015firketin Ukrayna&#8217;da yerle\u015fik bir m\u00fc\u015fteri ile haberle\u015fme sistemleri tedarikine y\u00f6nelik 43 milyon 634 bin 744,40 dolar tutar\u0131nda bir s\u00f6zle\u015fme imzalad\u0131\u011f\u0131 bildirilmi\u015fti. A\u00e7\u0131klamada, s\u00f6zle\u015fme kapsam\u0131nda teslimatlar\u0131n 2018 y\u0131l\u0131 i\u00e7erisinde ger\u00e7ekle\u015ftirilece\u011fi vurgulanm\u0131\u015ft\u0131. <strong>Daha \u00f6nce de ASELSAN Ukrayna&#8217;n\u0131n Tank modernizasyonu i\u00e7in \u0130srailli bir firmayla yar\u0131\u015f\u0131p ihaleyi kazanm\u0131\u015ft\u0131.<\/strong><\/span><\/p>\n<p style=\"text-align: justify; text-indent: 25.5pt;\"><strong><span style=\"font-size: 14pt;\">Eyl\u00fcl 2019 Baykar&rsquo;dan Dev Ortakl\u0131k: Ukrayna ile Ortak Motor \u00dcretimi Ba\u015flayacakt\u0131!<\/span><\/strong><\/p>\n<p style=\"text-align: justify; text-indent: 25.5pt;\"><strong><span style=\"font-size: 12pt;\">Baykar Makina ve Ukraynal\u0131 motor \u00fcreticisi <\/span><\/strong><strong><span style=\"font-size: 14pt;\">Ivchenko-Progress, <\/span><\/strong><strong><span style=\"font-size: 12pt;\">ortak \u00fcretim ger\u00e7ekle\u015ftirmek ad\u0131na yeni bir \u015firket kurmu\u015flard\u0131. Ukrayna merkezli bir Kamu \u0130ktisadi Te\u015febb\u00fcs\u00fc olan Ivchenko-Progress, 74 y\u0131ll\u0131k bir \u015firketti ve motor teknolojileri konusunda \u00f6nemli bir bilgi birikimine sahip konumdayd\u0131. End\u00fcstriyel motor \u00e7\u00f6z\u00fcmlerinin yan\u0131 s\u0131ra havac\u0131l\u0131kta kullan\u0131lan turbofan, turboprop, turbo\u015faft gibi bir\u00e7ok farkl\u0131 tipte motorlar \u00fcretebilecek yetkinlikteki \u015firket, \u00fclkemizin ve art\u0131k d\u00fcnyan\u0131n \u00f6nemli \u0130HA \u00fcreticilerinden biri olan Baykar Makina ile ortak bir \u015firket kurmu\u015flard\u0131. Black Sea Shield ad\u0131 verilen yeni olu\u015fumda Baykar Makina %51, Ivchenko-Progress ise %49 hisseye sahip konumda olacakt\u0131.[3]<\/span><\/strong><\/p>\n<p style=\"text-align: justify; text-indent: 25.5pt;\"><strong><span style=\"font-size: 14pt;\">Ukrayna ile T\u00fcrkiye Aras\u0131nda Savunma Alan\u0131nda Bir Dizi Anla\u015fmalar Yap\u0131lm\u0131\u015ft\u0131<\/span><\/strong><\/p>\n<p style=\"text-align: justify; text-indent: 25.5pt;\"><span style=\"font-size: 12pt;\">Ukrayna Savunma Bakanl\u0131\u011f\u0131ndan yap\u0131lan a\u00e7\u0131klamaya g\u00f6re, anla\u015fmalar Savunma Sanayii Ba\u015fkan\u0131 \u0130smail Demir ba\u015fkanl\u0131\u011f\u0131ndaki T\u00fcrk heyetinin ziyareti kapsam\u0131nda imzalanm\u0131\u015ft\u0131. A\u00e7\u0131klamada Ukrayna Savunma Bakan\u0131 Andriy Taran, bu projelerle Karadeniz&#8217;de ve Azak Denizi&#8217;nde g\u00fcvenli\u011fin art\u0131r\u0131lmas\u0131 i\u00e7in Ukrayna donanmas\u0131n\u0131n g\u00fc\u00e7lendirilmesinin hedeflendi\u011fini a\u00e7\u0131klam\u0131\u015ft\u0131. <\/span><\/p>\n<p style=\"text-align: justify; text-indent: 25.5pt;\"><strong><span style=\"font-size: 12pt;\">Bunlar\u0131n, Ukrayna ve T\u00fcrk h\u00fck\u00fcmetlerinin k\u0131sa s\u00fcre \u00f6nce imzalam\u0131\u015f oldu\u011fu anla\u015fma kapsam\u0131ndaki ilk somut anla\u015fmalar oldu\u011funu ifade eden Taran, Ukrayna Devlet Ba\u015fkan\u0131 <\/span><\/strong><strong><span style=\"font-size: 12pt;\">Vladimir <\/span><\/strong><strong><span style=\"font-size: 12pt;\">Zelenskiy&#8217;nin T\u00fcrk teknolojileri ve yat\u0131r\u0131mlar\u0131 sayesinde Ukrayna savunma sanayisinin bir ivme kazanaca\u011f\u0131n\u0131 umdu\u011funu hat\u0131rlatm\u0131\u015ft\u0131. \u0130smail Demir ise T\u00fcrkiye ve Ukrayna&#8217;n\u0131n savunma alan\u0131nda pek \u00e7ok i\u015fbirli\u011fi alan\u0131 oldu\u011funu vurgulayarak, anla\u015fmalardan pratik etkile\u015fime h\u0131zl\u0131 ge\u00e7i\u015fin iki taraf i\u00e7in faydal\u0131 sonu\u00e7 verece\u011fini vurgulam\u0131\u015ft\u0131.<\/span><\/strong><\/p>\n<p style=\"text-align: justify; text-indent: 25.5pt;\"><strong><span style=\"font-size: 12pt;\">Ayr\u0131ca Ukrayna Savunma Bakanl\u0131\u011f\u0131n\u0131n ilk kez savunma alan\u0131nda do\u011frudan yabanc\u0131 ekonomik anla\u015fmalar imzalad\u0131\u011f\u0131 hat\u0131rlat\u0131lm\u0131\u015ft\u0131. Ekim 2020&rsquo;de Ukrayna Devlet Ba\u015fkan\u0131 <\/span><\/strong><strong><span style=\"font-size: 12pt;\">Vladimir <\/span><\/strong><strong><span style=\"font-size: 12pt;\">Zelenskiy&#8217;nin T\u00fcrkiye ziyareti esnas\u0131nda, Savunma Sanayii Ba\u015fkan\u0131 \u0130smail Demir ile Ukrayna Savunma Bakan\u0131 Andriy Taran aras\u0131nda savunma sanayi projeleri kapsam\u0131nda iyi niyet beyan\u0131, Milli Savunma Bakan\u0131 Hulusi Akar ile Ukrayna Savunma Bakan\u0131 Andriy Taran aras\u0131nda Askeri \u00c7er\u00e7eve Anla\u015fmas\u0131 imzalanm\u0131\u015ft\u0131.[4]<\/span><\/strong><\/p>\n<p style=\"text-align: justify; text-indent: 25.5pt;\"><strong><span style=\"font-size: 14pt;\">Ukrayna&#8217;dan 2020&rsquo;de Yap\u0131lan \u0130HA A\u00e7\u0131klamas\u0131: T\u00fcrkiye ile B\u00fcy\u00fck \u0130\u015fler Ba\u015faraca\u011f\u0131z!<\/span><\/strong><\/p>\n<p style=\"text-align: justify; text-indent: 25.5pt;\"><strong><span style=\"font-size: 12pt;\">Ukrayna&#8217;n\u0131n savunma \u00fcr\u00fcnleri \u00fcreticisi Ukrspetsexport&#8217;un Genel Direkt\u00f6r\u00fc Vadym Ihorovych, T\u00fcrkiye ile Ukrayna aras\u0131nda \u0130HA&#8217;lar konusunda anla\u015fma yap\u0131ld\u0131\u011f\u0131n\u0131 duyurmu\u015ftu. T\u00fcrkiye ile Ukrayna aras\u0131nda, Bayraktar TB2 insans\u0131z hava ara\u00e7lar\u0131n\u0131n (\u0130HA) ortak \u00fcretimi i\u00e7in anla\u015fmaya var\u0131lm\u0131\u015ft\u0131. Ukrayna&#8217;da devletin sahip oldu\u011fu savunma \u00fcr\u00fcnleri \u00fcreticisi Ukrspetsexport&#8217;un Genel Direkt\u00f6r\u00fc Vadym Ihorovych, iki \u00fclke aras\u0131ndaki savunma i\u015fbirli\u011fine ili\u015fkin a\u00e7\u0131klamalarda bulunmu\u015flard\u0131. <\/span><\/strong><\/p>\n<p style=\"text-align: justify; text-indent: 25.5pt;\"><strong><span style=\"font-size: 12pt;\">Ukrayna Savunma Bakanl\u0131\u011f\u0131n\u0131n 6 ila 12 adet aras\u0131nda TB2 sat\u0131n alaca\u011f\u0131n\u0131 ifade eden Ihorovych, ayn\u0131 zamanda TB2&#8217;lerin ortak \u00fcretimi i\u00e7in de ortak bir giri\u015fim ger\u00e7ekle\u015ftirilece\u011fini a\u00e7\u0131klam\u0131\u015ft\u0131. Ihorovych, ortak giri\u015fim sonucunda TB2&#8217;lerin Ukrayna&#8217;da da \u00fcretilece\u011fini, ilk etapta 48 adet \u0130HA \u00fcretilece\u011fini dile getirmi\u015fti. Ayn\u0131 zamanda Ukrayna&#8217;ya, T\u00fcrkiye&#8217;nin TB2 ihra\u00e7 etmedi\u011fi \u00fclkelerle ihracat i\u00e7in anla\u015fma yapma izni verilece\u011fini de vurgulam\u0131\u015ft\u0131. Ayr\u0131ca ortak giri\u015fim kapsam\u0131nda Ukrayna&#8217;n\u0131n &#8220;Scythian&#8221; (\u0130skit) g\u00fcd\u00fcml\u00fc tanksavar f\u00fczelerinin de T\u00fcrkiye ile ortakla\u015fa \u00fcretilebilece\u011fini a\u00e7\u0131klam\u0131\u015ft\u0131. <\/span><\/strong><\/p>\n<p style=\"text-align: justify; text-indent: 25.5pt;\"><strong><span style=\"font-size: 12pt;\">Bayraktar TB2&#8217;nin \u00fcreticisi Baykar Makina ile Ukrspetsexport aras\u0131nda 2019 y\u0131l\u0131nda var\u0131lan anla\u015fmayla \u0130HA&#8217;lar, motor teknolojileri ve g\u00fcd\u00fcml\u00fc m\u00fchimmatlar\u0131n ortak \u00fcretimi i\u00e7in Black Sea Shield (Karadeniz Kalkan\u0131) adl\u0131 bir giri\u015fim kurulmu\u015ftu. Ihorovych, \u0130HA&#8217;lar\u0131n \u00fcretimi i\u00e7in Black Sea Shield benzeri bir \u015firketin te\u015fkil edilece\u011fini hat\u0131rlatm\u0131\u015ft\u0131.[5]<\/span><\/strong><\/p>\n<p style=\"text-align: justify; text-indent: 25.5pt;\"><strong><span style=\"font-size: 14pt;\">Ukrayna, T\u00fcrkiye&rsquo;nin yeni nesil seyir f\u00fczesi GEZG\u0130N i\u00e7in motor tedarikine ba\u015flayacakt\u0131! <\/span><\/strong><\/p>\n<p style=\"text-align: justify; text-indent: 25.5pt;\"><strong><span style=\"font-size: 12pt;\">Ukrayna, T\u00fcrkiye&rsquo;nin \u00fcretece\u011fi seyir f\u00fczesi i\u00e7in geli\u015fmi\u015f f\u00fcze motorlar\u0131 tedarik edecekti.\u00a0ProZorro kamu ihale platformundan al\u0131nt\u0131 yapan Defence Express haber ajans\u0131, SE Ivchenko-Progress&rsquo;in yeni T\u00fcrk seyir f\u00fczelerine entegre edilecek yeni AI-35 turbojet motorlar\u0131 yap\u0131m\u0131nda kullan\u0131lacak son teknoloji u\u00e7ak motoru par\u00e7alar\u0131n\u0131n al\u0131nmas\u0131 i\u00e7in birka\u00e7 s\u00f6zle\u015fme imzalad\u0131\u011f\u0131n\u0131 bildirmi\u015fti. SE Ivchenko-Progress, y\u00fcksek h\u0131zl\u0131 insans\u0131z u\u00e7ak sistemlerine ve geli\u015fmi\u015f seyir f\u00fczelerine g\u00fc\u00e7 sa\u011flamak i\u00e7in AI-35 motor ailesini tasarlad\u0131. Defence Express&rsquo;e g\u00f6re, AI-35 motorlar\u0131, yeni seyir f\u00fczelerinin yap\u0131m\u0131nda kullan\u0131lmak \u00fczere T\u00fcrkiye&rsquo;ye teslim edilecekti. Duyuru, Aral\u0131k 2019&rsquo;da Ukrayna eski Ekonomi, Ticaret ve Tar\u0131m Bakan\u0131 Tymofiy Milonavon&rsquo;un \u015firkete yapt\u0131\u011f\u0131 ziyaret s\u0131ras\u0131nda, SE Ivchenko-Progress M\u00fcd\u00fcr\u00fc Igor Kravchenko taraf\u0131ndan yap\u0131lm\u0131\u015ft\u0131. Kravchenko, yeni projelerin sunumu esnas\u0131nda yapt\u0131\u011f\u0131 a\u00e7\u0131klamada, &lsquo;&lsquo;T\u00fcrkiye&rsquo;nin yeni seyir f\u00fczesi i\u00e7in AI-35 \u00fcretiyoruz. \u015eu anda bu motor i\u00e7in yapt\u0131\u011f\u0131m\u0131z bir anla\u015fma var&rsquo;&rsquo; demi\u015fti.<\/span><\/strong><\/p>\n<p style=\"text-align: justify; text-indent: 25.5pt;\"><strong><span style=\"font-size: 12pt;\">T\u00fcrkiye, \u015fu anda Gezgin program\u0131 kapsam\u0131nda yeni bir seyir f\u00fczesi geli\u015ftiriyor. Yeni f\u00fczelerin ABD yap\u0131m\u0131 Tomahawk&rsquo;a benzer olaca\u011f\u0131n\u0131 ve mod\u00fcler bir tasar\u0131ma sahip olaca\u011f\u0131 bildirilmi\u015fti. Gezgin projesi, deniz platformlar\u0131 i\u00e7in konvansiyonel uzun menzilli vuru\u015f kabiliyetlerini geli\u015ftirmek \u00fczere tasarland\u0131. Bu yeni f\u00fczenin yakla\u015f\u0131k 1000 km menzil kabiliyetine sahip oldu\u011fu d\u00fc\u015f\u00fcn\u00fclmekteydi.[6]<\/span><\/strong><\/p>\n<p style=\"text-align: justify; text-indent: 25.5pt;\"><strong><span style=\"font-size: 14pt;\">Mart 2021&rsquo;de Ukrayna <em>&#8220;U\u00e7ak Motoru Fabrikas\u0131n\u0131&#8221;<\/em> Kamula\u015ft\u0131rm\u0131\u015ft\u0131!<\/span><\/strong><\/p>\n<p style=\"text-align: justify; text-indent: 25.5pt;\"><strong><span style=\"font-size: 12pt;\">Ukrayna Devlet Ba\u015fkan\u0131 Vladimir Zelenskiy, \u00fclkenin en b\u00fcy\u00fck u\u00e7ak motoru fabrikalar\u0131ndan Motor Sich&#8217;i kamula\u015ft\u0131ran kararnameyi imzalam\u0131\u015ft\u0131. <\/span><\/strong><span style=\"font-size: 12pt;\">Zelenskiy taraf\u0131ndan imzalanan kararnamede, <strong>&ldquo;ulusal \u00e7\u0131karlar\u0131n korunmas\u0131&rdquo; <\/strong>amac\u0131yla, Motor Sich&rsquo;in t\u00fcm\u00fcyle kamula\u015ft\u0131r\u0131ld\u0131\u011f\u0131na vurgu yap\u0131lm\u0131\u015ft\u0131.<\/span><\/p>\n<p style=\"text-align: justify; text-indent: 25.5pt;\"><strong><span style=\"font-size: 14pt;\">\u00c7in merkezli Skyrizon \u015firketi<\/span><\/strong><span style=\"font-size: 12pt;\">, 2017&rsquo;de Motor Sich hisselerinin y\u00fczde 56&#8217;s\u0131n\u0131n sat\u0131n al\u0131nmas\u0131na y\u00f6nelik anla\u015fma sa\u011flam\u0131\u015f, anla\u015fmaya ili\u015fkin belgeleri Ukrayna makamlar\u0131na onay i\u00e7in A\u011fustos 2019&#8217;da sunmu\u015ftu. ABD merkezli The Wall Street Journal gazetesinde A\u011fustos 2019&rsquo;da yay\u0131mlanan haberde, ABD&rsquo;nin Motor Sich&rsquo;in \u00c7in&rsquo;e sat\u0131lmas\u0131n\u0131 istemedi\u011fi ve konuya ili\u015fkin Ukraynal\u0131 yetkililerle g\u00f6r\u00fc\u015fmelere ba\u015fland\u0131\u011f\u0131 iddia edilmi\u015fti. <strong>Ukrayna&rsquo;n\u0131n ba\u015fkenti Kiev&rsquo;de bulunan b\u00f6lge mahkemesi, 20 Mart 2021&rsquo;de Motor Sich&rsquo;e ait hisselerin y\u00fczde 100&rsquo;\u00fcne el koyuldu\u011funu a\u00e7\u0131klam\u0131\u015ft\u0131. <\/strong>1907 y\u0131l\u0131nda kurulan Motor Sich, helikopter ve u\u00e7aklar\u0131n yan\u0131 s\u0131ra, seyir f\u00fczeleri ve insans\u0131z hava ara\u00e7lar\u0131na y\u00f6nelik motorlar\u0131n \u00fcretimini de ger\u00e7ekle\u015ftiriyordu.[7]<\/span><\/p>\n<p style=\"text-align: justify; text-indent: 25.5pt;\"><strong><span style=\"font-size: 14pt;\">Ukrayna; D\u00fcnya Devi Motor \u00dcreticisi <em>Motor Sich<\/em>&#8216;in Y\u00fczde 50 Hissesini T\u00fcrkiye&#8217;ye Vermeye Haz\u0131rd\u0131!<\/span><\/strong><\/p>\n<p style=\"text-align: justify; text-indent: 25.5pt;\"><span style=\"font-size: 12pt;\">\u00c7in&#8217;in sat\u0131n almak isteyip ABD&#8217;nin bask\u0131s\u0131 nedeniyle alamad\u0131\u011f\u0131 Ukraynal\u0131 motor \u00fcreticisi Motor Sich&#8217;in y\u00fczde 50 hissesi T\u00fcrkiye&#8217;ye sat\u0131labilirdi. Ukrayna h\u00fck\u00fcmeti taraf\u0131ndan hisselerinin tamam\u0131 kamula\u015ft\u0131r\u0131lan <strong>Ukraynal\u0131 <\/strong>motor \u00fcreticisi <strong>Motor Sich&rsquo;in<\/strong>\u00a0y\u00fczde 50 hissesinin T\u00fcrkiye&rsquo;ye sat\u0131laca\u011f\u0131 konu\u015fuluyordu. Ukrayna bas\u0131n\u0131ndaki iddialara g\u00f6re firman\u0131n <strong>y\u00fczde 50 hissesi,<\/strong> ismi a\u00e7\u0131klanmayan bir T\u00fcrk savunma sanayi firmas\u0131na devredilecekti. Bu ama\u00e7la bir Ukrayna heyeti T\u00fcrkiye&rsquo;ye gelmi\u015fti. Chas News&rsquo;in iddias\u0131na g\u00f6re Motor Sich&rsquo;in y\u00fczde 50 hissesinin sat\u0131\u015f\u0131 konusunda g\u00f6r\u00fc\u015fmeler yap\u0131lm\u0131\u015ft\u0131. \u0130ki \u00fclke aras\u0131nda ortak \u00fcretim, teknoloji ve par\u00e7a transferi yap\u0131lmas\u0131 planlan\u0131yordu. Motor Sich&rsquo;in \u00fcretti\u011fi motorlar\u0131n yerli u\u00e7ak, helikopter, seyir f\u00fczesi ve \u0130HA projelerinde kullan\u0131lmas\u0131 ama\u00e7lan\u0131yordu. Halihaz\u0131rda Bayraktar\u00a0Ak\u0131nc\u0131 \u0130HA ve \u00e7e\u015fitli projelerde Motor Sich \u00fcretimi motorlar kullan\u0131l\u0131yordu. Ukrayna ise anla\u015fma kar\u015f\u0131l\u0131\u011f\u0131nda <strong>Ak\u0131nc\u0131 ve Bayraktar \u0130HA&rsquo;lar\u0131<\/strong> kendi \u00fclkesinde \u00fcretecekti.<\/span><\/p>\n<p style=\"text-align: justify; text-indent: 25.5pt;\"><strong><span style=\"font-size: 14pt;\">Fabrikan\u0131n \u00c7in&#8217;e sat\u0131\u015f\u0131na ABD engel \u00e7\u0131karm\u0131\u015ft\u0131!<\/span><\/strong><\/p>\n<p style=\"text-align: justify; text-indent: 25.5pt;\"><span style=\"font-size: 12pt;\">D\u00fcnyan\u0131n en b\u00fcy\u00fck motor \u00fcreticileri aras\u0131nda yer alan Motor Sich&rsquo;i ge\u00e7ti\u011fimiz y\u0131llarda <strong>\u00c7in <\/strong>sat\u0131n almak istemi\u015fti. <strong>ABD h\u00fck\u00fcmeti<\/strong> bu karara tepki g\u00f6stermi\u015f ve Ukrayna&rsquo;ya <strong>yapt\u0131r\u0131m <\/strong>uygulayarak anla\u015fman\u0131n iptal edilmesini istemi\u015fti. Ukrayna h\u00fck\u00fcmeti Motor Sich&rsquo;in \u00c7in&rsquo;e sat\u0131\u015f\u0131n\u0131 onaylamam\u0131\u015f ve firman\u0131n hisselerine el koymu\u015ftu. Ukrayna ve T\u00fcrkiye, Motor Sich hisselerinin y\u00fczde 50&rsquo;sinin T\u00fcrkiye&rsquo;ye sat\u0131\u015f\u0131 konusunda anla\u015f\u0131rsa ABD&rsquo;nin nas\u0131l bir tepki g\u00f6sterece\u011fi bilinmiyordu.[8]<\/span><\/p>\n<p style=\"text-align: justify; text-indent: 25.5pt;\"><strong><span style=\"font-size: 14pt;\">Ukrayna&rsquo;dan Ak\u0131nc\u0131&rsquo;ya 30 Adet Yeni Motor Sa\u011flanacakt\u0131!<\/span><\/strong><\/p>\n<p style=\"text-align: justify; text-indent: 25.5pt;\"><strong><span style=\"font-size: 12pt;\">Ukrayna merkezli Motor Sich \u015firketi, AKINCI (T\u0130HA)Taarruzi \u0130nsans\u0131z Hava Arac\u0131&rsquo;nda kullan\u0131lmak \u00fczere 30 adet Al-450 Turboprop motor sipari\u015fi alm\u0131\u015ft\u0131.<\/span><\/strong><\/p>\n<p style=\"text-align: justify; text-indent: 25.5pt;\"><span style=\"font-size: 12pt;\">Savunma \u00fcr\u00fcnlerinin ihracat\u0131ndan sorumlu olan Ukraynal\u0131 Ukroboronprom \u015firketine ba\u011fl\u0131 olan Ivchenko-Progress, Motor Sich \u015firketine 30 adet Al-450T Turboprop motoru sipari\u015finde bulundu. 28 Ekim 2021 tarihinde imzalanan anla\u015fma kapsam\u0131nda s\u00f6z konusu motorlar, AKINCI T\u0130HA&rsquo;da kullan\u0131lmak \u00fczere Baykar Savunma&rsquo;ya teslim edilecekti. Motor Sich&rsquo;ten edinilen bilgiye g\u00f6re; \u015firket, 7 milyon 92 bin ABD Dolar\u0131 de\u011ferindeki s\u00f6zle\u015fme kapsam\u0131nda Al-450T motorlar\u0131n\u0131 2022 y\u0131l\u0131 sonuna kadar Ivchenko-Progress&rsquo;e teslim edecekti. S\u00f6zle\u015fme tutar\u0131na g\u00f6re bir adet Al-450T motoru, 236,4 bin ABD Dolar\u0131 bedele sahipti. Hat\u0131rlanaca\u011f\u0131 \u00fczere Baykar Savunma, T\u00fcrk Silahl\u0131 Kuvvetleri i\u00e7in 29 A\u011fustos 2021 tarihinde d\u00fczenlenen t\u00f6renle ilk 3 adet AKINCI T\u0130HA&rsquo;n\u0131n teslimat\u0131n\u0131 ger\u00e7ekle\u015ftirmi\u015fti. Bahsi ge\u00e7en T\u0130HA&rsquo;lar, halihaz\u0131rda g\u00f6rev yapacaklar\u0131 \u00fcslere intikallerini tamamlam\u0131\u015f durumdalard\u0131.[9]<\/span><\/p>\n<p style=\"text-align: justify; text-indent: 25.5pt;\"><strong><span style=\"font-size: 14pt;\">Ukrayna&rsquo;da Bayraktar Fabrikas\u0131n\u0131n \u0130n\u015faat\u0131 \u0130\u00e7in Arazi Haz\u0131rlanm\u0131\u015f ve T\u00fcm Engeller Kald\u0131r\u0131lm\u0131\u015ft\u0131. <\/span><\/strong><\/p>\n<p style=\"text-align: justify; text-indent: 25.5pt;\"><strong><span style=\"font-size: 12pt;\">Ukrayna&rsquo;da bir Bayraktar insans\u0131z hava arac\u0131 fabrikas\u0131n\u0131n in\u015fas\u0131 i\u00e7in proje haz\u0131rd\u0131 ve uygulanmas\u0131n\u0131n \u00f6n\u00fcndeki bir dizi engel ortadan kald\u0131r\u0131lm\u0131\u015f ve i\u015fletme i\u00e7in arazi tahsis edilmi\u015fti. <\/span><\/strong><span style=\"font-size: 12pt;\">D\u0131\u015fi\u015fleri Bakan\u0131 <strong>Dmitriy Kuleba<\/strong>, T\u00fcrkiye D\u0131\u015fi\u015fleri Bakan\u0131 <strong>Mevl\u00fct \u00c7avu\u015fo\u011flu<\/strong> ile ortak d\u00fczenledi\u011fi brifingde <strong><em>&ldquo;Ukrayna&rsquo;da Bayraktar&rsquo;\u0131n in\u015fas\u0131na gelince, bu projenin her iki Cumhurba\u015fkan\u0131n\u0131n siyasi himayesine sahip oldu\u011fu i\u00e7in Ukrayna&rsquo;da zaten ger\u00e7ekle\u015fti\u011fine inan\u0131yorum. Uygulanmas\u0131 i\u00e7in gerekli olan arsa tahsisinin tamamland\u0131\u011f\u0131n\u0131 bug\u00fcn, burada belirtmekten memnuniyet duyuyoruz&rdquo; <\/em><\/strong>demi\u015fti.<\/span><\/p>\n<p style=\"text-align: justify; text-indent: 25.5pt;\"><span style=\"font-size: 12pt;\">Bakana g\u00f6re T\u00fcrk taraf\u0131, Ukrayna devlet kurulu\u015fu Antonov&rsquo;un insans\u0131z hava arac\u0131 \u00fcretimindeki yetenekleriyle de ilgilenmekteydi. Kuleba, <strong><em>&ldquo;Politikac\u0131lar i\u015fini yapt\u0131, \u015fimdi \u00fcretime ba\u015flamak kald\u0131.&rdquo;<\/em><\/strong> demi\u015fti. Nisan 2021&rsquo;de Rusya D\u0131\u015fi\u015fleri Bakan\u0131 <strong>Sergey Lavrov<\/strong>, T\u00fcrkiye&rsquo;yi <strong><em>&ldquo;Ukrayna&rsquo;n\u0131n militarist duygular\u0131n\u0131 desteklememeye&rdquo;<\/em> <\/strong>\u00e7a\u011f\u0131rm\u0131\u015ft\u0131. Ankara da Moskova&rsquo;ya, Ukrayna&rsquo;ya <strong>&ldquo;ikili ticaret ili\u015fkileri&rdquo; <\/strong>yoluyla silah sat\u0131laca\u011f\u0131 yan\u0131t\u0131n\u0131 vermi\u015fti.[10]<\/span><\/p>\n<p style=\"text-align: justify; text-indent: 25.5pt;\"><strong><span style=\"font-size: 14pt;\">M\u0130US&rsquo;un Motorlar\u0131 \u0130\u00e7in Ukrayna ile Yeni Anla\u015fma yap\u0131lm\u0131\u015ft\u0131.<\/span><\/strong><\/p>\n<p style=\"text-align: justify; text-indent: 25.5pt;\"><strong><span style=\"font-size: 12pt;\">Savunma ve Ukrayna&rsquo;n\u0131n en \u00f6nde gelen motor firmalar\u0131ndan Ivchenko-Progress aras\u0131nda Muharip \u0130nsans\u0131z U\u00e7ak Sistemi (M\u0130US) projesi i\u00e7in bir s\u00f6zle\u015fme imzalanm\u0131\u015ft\u0131. <\/span><\/strong><span style=\"font-size: 12pt;\">Ivchenko-Progress, Baykar Savunma ile imzalad\u0131\u011f\u0131 anla\u015fma kapsam\u0131nda M\u0130US i\u00e7in AI-322F Turbofan Motoru tedarik edecekti. Ukraynal\u0131 \u015firket ile ayn\u0131 zamanda yine M\u0130US i\u00e7in AI-25TLT Turbofan Motoru Entegrasyon s\u00f6zle\u015fmesi de imzalanm\u0131\u015ft\u0131.<\/span><\/p>\n<p style=\"text-align: justify; text-indent: 25.5pt;\"><strong><span style=\"font-size: 12pt;\">AKINCI \u0130\u00e7in Alternatif Motor Haz\u0131rlanacakt\u0131.<\/span><\/strong><\/p>\n<p style=\"text-align: justify; text-indent: 25.5pt;\"><strong><span style=\"font-size: 12pt;\">Baykar ve Motor Sich aras\u0131nda da Bayraktar Ak\u0131nc\u0131 Taarruzi \u0130nsans\u0131z Hava Arac\u0131 i\u00e7in MS500 Turboprop Motor Teknik \u015eartname Anla\u015fmas\u0131 imzalan\u0131yordu. Baykar Savunma&rsquo;n\u0131n AKINCI Taarruzi \u0130nsans\u0131z Hava Arac\u0131&rsquo;ndan sonraki projesi olan Muharip \u0130nsans\u0131z U\u00e7ak Sistemi&rsquo;nin, 2023 y\u0131l\u0131ndan \u00f6nce ilk u\u00e7u\u015funu ger\u00e7ekle\u015ftirmesi hedefleniyordu. Ukraynal\u0131 kaynaklara\u00a0g\u00f6re Ukrayna, 2021 y\u0131l\u0131ndan 2030 y\u0131l\u0131na kadar AKINCI T\u0130HA i\u00e7in AI-450 Turboprop Motoru ve M\u0130US i\u00e7in AI-25TLT Turbofan Motoru tedarik edecekti. 10 y\u0131ll\u0131k s\u00fcre\u00e7te Ukrayna&rsquo;n\u0131n Baykar&rsquo;a toplam de\u011feri 600 milyon dolar\u0131 a\u015fan 500&rsquo;den fazla motor ihra\u00e7 etmesi bekleniyordu.<\/span><\/strong><\/p>\n<p style=\"text-align: justify; text-indent: 25.5pt;\"><strong><span style=\"font-size: 14pt;\">AI-25TL, AI-25TLK Turbofan Motor Ayr\u0131cal\u0131\u011f\u0131!<\/span><\/strong><\/p>\n<p style=\"text-align: justify; text-indent: 25.5pt;\"><strong><span style=\"font-size: 12pt;\">T\u00fcrkiye ve Ukrayna, A\u011fustos 2019&rsquo;da T\u00fcrkiye merkezli\u00a0Black Sea Shield\u00a0ad\u0131nda yeni bir firma kurmu\u015ftu. \u015eirketin hisselerinin %51&rsquo;i Baykar&rsquo;a, %49&rsquo;u ise Ukrayna&rsquo;n\u0131n SSB&rsquo;si olan Ukrspetsexport&rsquo;a aitti. Black Sea Shield&rsquo;\u0131n Ukrayna tasar\u0131m\u0131 motorlar\u0131 T\u00fcrkiye&rsquo;de ortak olarak \u00fcretmesi bekleniyordu. Motorlar\u0131n fikri m\u00fclkiyet haklar\u0131n\u0131n da T\u00fcrkiye&rsquo;de olaca\u011f\u0131 iddia edilmi\u015fti.[11]<\/span><\/strong><\/p>\n<p style=\"text-align: justify; text-indent: 25.5pt;\"><strong><span style=\"font-size: 14pt;\">Bayraktar&rsquo;dan M\u0130US A\u00e7\u0131klamas\u0131<\/span><\/strong><\/p>\n<p style=\"text-align: justify; text-indent: 25.5pt;\"><strong><span style=\"font-size: 12pt;\">Baykar Savunma Teknoloji Lideri Sel\u00e7uk Bayraktar, M\u0130US (Muharip \u0130nsans\u0131z U\u00e7ak Sistemi) hakk\u0131nda a\u00e7\u0131klamalar yapm\u0131\u015ft\u0131. (M\u0130US) Muharip \u0130nsans\u0131z U\u00e7ak Sistemi&rsquo;ne ili\u015fkin kavramsal tasar\u0131m g\u00f6rselleri, Baykar Savunma taraf\u0131ndan payla\u015f\u0131lm\u0131\u015ft\u0131&#8230; Bayraktar taraf\u0131ndan yap\u0131lan a\u00e7\u0131klamada, <em>&ldquo;\u0130nsans\u0131z Sava\u015f U\u00e7a\u011f\u0131 (M\u0130US) projemizin 12 y\u0131l\u0131 a\u015fk\u0131n s\u00fcredir hayalini kuruyorduk. AKINCI&rsquo;n\u0131n seri \u00fcretime ge\u00e7ip olgunla\u015fmas\u0131yla birlikte son d\u00f6nemde \u00e7al\u0131\u015fmalar\u0131m\u0131z h\u0131z kazand\u0131. Geli\u015ftirdi\u011fimiz bu projenin devam eden kavramsal tasar\u0131mlar\u0131n\u0131 payla\u015fm\u0131\u015f oluyoruz. Halihaz\u0131rda d\u00fcnyada bu alanda geli\u015ftirme \u00e7al\u0131\u015fmalar\u0131 y\u00fcr\u00fct\u00fcyor. \u0130nsans\u0131z sava\u015f u\u00e7aklar\u0131n\u0131n, aynen S\u0130HA&rsquo;lar\u0131m\u0131zda oldu\u011fu gibi hava muharebe konseptini de\u011fi\u015ftirece\u011fi, gelecekte 5. nesil sava\u015f u\u00e7aklar\u0131n\u0131n yerine ge\u00e7ece\u011fi \u00f6ng\u00f6r\u00fcl\u00fcyor. M\u0130US projemizi de aynen Bayraktar TB3&rsquo;de oldu\u011fu gibi t\u00fcm\u00fcyle \u00f6z kaynaklar\u0131m\u0131zla y\u00fcr\u00fct\u00fcyoruz. M\u0130US ses h\u0131z\u0131na yak\u0131n bir seyir s\u00fcratiyle g\u00f6rev yapacak. Sonraki prototipleri ise ses h\u0131z\u0131n\u0131n \u00fcst\u00fcne \u00e7\u0131karak s\u00fcpersonik kabiliyette olacak. 1.5 tona yak\u0131n m\u00fchimmat ve faydal\u0131 y\u00fck kapasitesine sahip olacak. Hava-Hava, Hava-Yer ak\u0131ll\u0131 f\u00fczeleri ve seyir f\u00fczeleri ta\u015f\u0131yabilecek. Radara az g\u00f6r\u00fcn\u00fcr tasar\u0131ma sahip olmas\u0131 i\u00e7in m\u00fchimmatlar\u0131n\u0131 g\u00f6vde i\u00e7inde ta\u015f\u0131yabilecek. Radar g\u00f6r\u00fcnmezli\u011finin \u00f6n planda olmad\u0131\u011f\u0131 g\u00f6revlerde ise m\u00fchimmatlar\u0131n\u0131 kanat alt\u0131nda ta\u015f\u0131yabilecekti.&rdquo;<\/em><\/span><\/strong><\/p>\n<p style=\"text-align: justify; text-indent: 25.5pt;\"><strong><span style=\"font-size: 12pt;\">M\u0130US&rsquo;a TCG Anadolu G\u00f6revi<\/span><\/strong><\/p>\n<p style=\"text-align: justify; text-indent: 25.5pt;\"><span style=\"font-size: 12pt;\">D\u00fcnyada bu alanda geli\u015ftirilmi\u015f di\u011fer prototiplerden farkl\u0131 ve b\u00fcy\u00fck bir kuvvet \u00e7arpan\u0131 olu\u015fturacak \u00f6nemli bir y\u00f6n\u00fc ise TCG Anadolu s\u0131n\u0131f\u0131ndaki k\u0131sa pistli gemilerden ini\u015f ve kalk\u0131\u015f yapabilecek olmas\u0131yd\u0131. Katapult yard\u0131m\u0131 olmadan TCG Anadolu&rsquo;dan kalkmas\u0131 sa\u011flanacakt\u0131. Yakalama kablolar\u0131 ve kanca yard\u0131m\u0131 ile gemiye inip kalkacakt\u0131. Hava arac\u0131m\u0131z\u0131n tasar\u0131m\u0131nda d\u00fcnyadaki di\u011fer insans\u0131z sava\u015f u\u00e7aklar\u0131ndan ay\u0131ran unsur ise dikey kuyruklar\u0131 ve \u00f6nde bulunan kanard dedi\u011fimiz yatay kontrol y\u00fczeyleri bulunmas\u0131yd\u0131. Bu kontrol y\u00fczeyleri sayesinde agresif manevra kabiliyetine sahip olacakt\u0131. B\u00f6ylelikle \u00f6nleme, ka\u00e7\u0131nma ve yak\u0131n muharebe manevralar\u0131n\u0131 geli\u015ftirdi\u011fimiz <\/span><strong><em><span style=\"font-size: 14pt;\">yapay zek\u00e2 bilgisayarlar\u0131<\/span><\/em><\/strong><span style=\"font-size: 14pt;\"> <\/span><span style=\"font-size: 12pt;\">sayesinde otonom olarak yapacakt\u0131.<\/span><\/p>\n<p style=\"text-align: justify; text-indent: 25.5pt;\"><span style=\"font-size: 12pt;\">Farkl\u0131 kabiliyete sahip M\u0130US&rsquo;lar yapay zek\u00e2yla donat\u0131lm\u0131\u015f ak\u0131ll\u0131 filo otonomisi sayesinde dost sava\u015f u\u00e7aklar\u0131yla birlikte g\u00f6rev yapabilecek konumdayd\u0131. Ayn\u0131 ak\u0131ll\u0131 filo otonomisi kabiliyeti sayesinde M\u0130US daha y\u00fcksek kapasiteye sahip son nesil insanl\u0131 sava\u015f u\u00e7aklar\u0131na kar\u015f\u0131 muharebe de yapacakt\u0131. Hem insans\u0131z muharebenin getirdi\u011fi t\u00fcm \u00fcst\u00fcnl\u00fckleri hem de ak\u0131ll\u0131 filo otonomisi ve maliyet etkinli\u011fi ile hava muharebelerinde yeni bir \u00e7\u0131\u011f\u0131r a\u00e7aca\u011f\u0131 konu\u015fulmaktayd\u0131. Hedefimiz, 2023&rsquo;te M\u0130US prototipimizin ilk u\u00e7u\u015funu ger\u00e7ekle\u015ftirmek olacakt\u0131. Daha \u00f6nce de ifade etti\u011fimiz ve S\u0130HA&rsquo;lar\u0131m\u0131z\u0131n d\u00fcnyada yakalad\u0131\u011f\u0131 ba\u015far\u0131n\u0131n anahtar\u0131 olan bir hususu tekrar vurgulamak laz\u0131md\u0131: Gelece\u011fin yar\u0131\u015flar\u0131na bug\u00fcnden haz\u0131rlan\u0131p, d\u00fcnyan\u0131n gitti\u011fi yerde lider olmaya y\u00f6nelmek amac\u0131m\u0131zd\u0131&hellip;[12]<\/span><\/p>\n<p style=\"text-align: justify; text-indent: 25.5pt;\"><strong><span style=\"font-size: 14pt;\">M\u0130US&rsquo;da \u0130ki Farkl\u0131 Motor Kullan\u0131lacakt\u0131.<\/span><\/strong><\/p>\n<p style=\"text-align: justify; text-indent: 25.5pt;\"><strong><span style=\"font-size: 12pt;\">Baykar Savunma taraf\u0131ndan geli\u015ftirilen M\u0130US (Muharip \u0130nsans\u0131z U\u00e7ak Sistemi) Ukrayna merkezli Motor Sich \u015firketi taraf\u0131ndan \u00fcretilen iki farkl\u0131 motoru kullanacakt\u0131.<\/span><\/strong><\/p>\n<p style=\"text-align: justify; text-indent: 25.5pt;\"><span style=\"font-size: 12pt;\">Baykar Savunma&rsquo;n\u0131n, Ukrayna&rsquo;daki\u00a0Uluslararas\u0131 Savunma Yat\u0131r\u0131m Forumu&rsquo;ndaki sunumda M\u0130US ile ilgili \u00f6nemli bir detay yer alm\u0131\u015ft\u0131. Baykar Savunma taraf\u0131ndan geli\u015ftirilen M\u0130US&rsquo;da Ukrayna merkezli Motor Sich firmas\u0131n\u0131n geli\u015ftirdi\u011fi\/geli\u015ftirece\u011fi AL-25TLT ve AL-322F motorlar\u0131 kullan\u0131lacakt\u0131. \u0130ki farkl\u0131 modelin belirlenmesi iki farkl\u0131 versiyonda M\u0130US&rsquo;un \u00fcretilece\u011fi anlam\u0131na geliyordu. Motorlar\u0131n 2019 y\u0131l\u0131nda kurulan Black Sea Shield (%51 Baykar Savunma, %49 Ukrspetskport) \u015firketi b\u00fcnyesi alt\u0131nda T\u00fcrkiye&rsquo;de \u00fcretilmesi bekleniyordu.[13]<\/span><\/p>\n<p style=\"text-align: justify; text-indent: 25.5pt;\"><strong><span style=\"font-size: 14pt;\">T\u00fcrkiye&#8217;den Ukrayna ve Endonezya&#8217;ya &#8220;ADVENT&#8221; teslimat\u0131 yap\u0131lm\u0131\u015ft\u0131.<\/span><\/strong><\/p>\n<p style=\"text-align: justify; text-indent: 25.5pt;\"><span style=\"font-size: 12pt;\">HAVELSAN, Deniz Kuvvetleri Komutanl\u0131\u011f\u0131&#8217;n\u0131n ihtiya\u00e7lar\u0131 i\u00e7in geli\u015ftirdi\u011fi &#8220;A\u011f Destekli Veri Entegre Sava\u015f Y\u00f6netim Sistemi&#8221;ni (ADVENT) Ukrayna ve Endonezya&#8217;ya teslim etmi\u015fti. HAVELSAN, daha \u00f6nce Pakistan&#8217;a ihra\u00e7 edilen ADVENT sava\u015f y\u00f6netim sisteminin Ukrayna&#8217;yla birlikte Endonezya&#8217;ya teslim edildi\u011fini belirtmi\u015fti. HAVELSAN, resmi internet sitesinde ADVENT sistemi hakk\u0131nda \u015fu bilgilere yer vermi\u015fti: <\/span><\/p>\n<p style=\"text-align: justify; text-indent: 25.5pt;\"><strong><em><span style=\"font-size: 12pt;\">&#8220;Geli\u015fen teknoloji ile birlikte sava\u015f gemilerinin harp yetenekleri artm\u0131\u015f, deniz \u00fczerinde icra edilen sava\u015f teknikleri gittik\u00e7e karma\u015f\u0131kla\u015fm\u0131\u015ft\u0131r. Bu durum kritik i\u015flevlerin zaman\u0131nda yerine getirilme ihtiyac\u0131n\u0131 vazge\u00e7ilmez hale getirmi\u015ftir. Sava\u015f gemileri en ba\u015fta sadece su \u00fcst\u00fc harp yetene\u011fine sahip iken, g\u00fcn\u00fcm\u00fczde bir korvet ya da f\u0131rkateyn; su \u00fcst\u00fc, su alt\u0131, hava savunma harbi ve elektronik harp gibi yeteneklerin hepsine ayn\u0131 anda sahip olabilmektedir. Teknolojinin geli\u015fmesiyle artan ihtiya\u00e7lar\u0131 kar\u015f\u0131lamak \u00fczere komuta ve kontrol e\u015fg\u00fcd\u00fcm\u00fcn\u00fc ve komuta heyetine karar destek kabiliyeti sa\u011flamak amac\u0131 ile Sava\u015f Y\u00f6netim Sistemi (SYS) konsepti ortaya \u00e7\u0131km\u0131\u015ft\u0131r.&rdquo;[14]<\/span><\/em><\/strong><\/p>\n<p style=\"text-align: justify; text-indent: 25.5pt;\"><strong><span style=\"font-size: 14pt;\">T\u00fcrkiye ve Ukrayna savunma alan\u0131nda yeni bir anla\u015fmaya varm\u0131\u015ft\u0131!<\/span><\/strong><\/p>\n<p style=\"text-align: justify; text-indent: 25.5pt;\"><strong><span style=\"font-size: 12pt;\">ASELSAN ve Ukrayna, devlet silah ithalat-ihracat \u015firketi Ukrspetseskport hava savunma sistemlerinin modernizasyonu alan\u0131nda anla\u015fma imzalam\u0131\u015ft\u0131. Ukrayna devlet savunma \u015firketi Ukroboronprom&#8217;dan yap\u0131lan a\u00e7\u0131klamada, anla\u015fman\u0131n \u0130stanbul&#8217;da ger\u00e7ekle\u015fen Uluslararas\u0131 Savunma Sanayisi Fuar\u0131&#8217;nda (IDEF 2021) imzaland\u0131\u011f\u0131 bildirilmi\u015fti. \u0130ki \u015firketin hava savunma sistemlerinin modernizasyonu alan\u0131nda anla\u015fma imzalad\u0131\u011f\u0131 aktar\u0131lan a\u00e7\u0131klamada, \u015firketin Genel M\u00fcd\u00fcr\u00fc Vadim Nozdriya&#8217;n\u0131n, anla\u015fman\u0131n \u00fclkeler aras\u0131nda askeri teknoloji alan\u0131nda i\u015fbirli\u011finin geli\u015ftirilmesi i\u00e7in yeni bir ad\u0131m oldu\u011funu kaydetti\u011fi ifade edilmi\u015fti.[15]<\/span><\/strong><\/p>\n<p style=\"text-align: justify; text-indent: 25.5pt;\"><strong><span style=\"font-size: 12pt;\">\u00d6te yandan \u0130srail merkezli Yedioth Ahronoth&#8217;un haberine g\u00f6re;<\/span><\/strong><span style=\"font-size: 12pt;\"> <\/span><strong><span style=\"font-size: 14pt;\">Ukraynal\u0131 yetkililer Rusya&#8217;ya kar\u015f\u0131 \u0130srail&#8217;den Demir Kubbe hava savunma sistemi sat\u0131n almak istemi\u015f, ama olumsuz yan\u0131t alm\u0131\u015flard\u0131.<\/span><\/strong><span style=\"font-size: 14pt;\"><\/span><\/p>\n<p style=\"text-align: justify; text-indent: 25.5pt;\"><strong><span style=\"font-size: 14pt;\">ASELSAN Ukrayna&rsquo;da \u015eirket Kurmu\u015f Durumdayd\u0131!<\/span><\/strong><\/p>\n<p style=\"text-align: justify; text-indent: 25.5pt;\"><strong><span style=\"font-size: 12pt;\">Ukrayna Ordusu ile 2017 y\u0131l\u0131ndan bu yana i\u015f yapan ASELSAN, Ukrayna&#8217;da \u015firket kurmu\u015ftu. ASELSAN Ukrayna&rsquo;da pazarlama ve i\u015f geli\u015ftirme faaliyetlerini y\u00fcr\u00fctmek ad\u0131na ASELSAN Ukraine LLC. \u00fcnvanl\u0131 \u015firketin 1 Eyl\u00fcl 2020 itibar\u0131yla tescil edildi\u011fini duyurmu\u015ftu. ASELSAN Ukrayna Silahl\u0131 Kuvvetleri&rsquo;ne 2017 y\u0131l\u0131ndan bu yana tedarik sa\u011fl\u0131yordu. Edinilen bilgiye g\u00f6re; yeni kurulan &ldquo;ASELSAN UKRAINE LLC.&rdquo; isimli \u015firketin b\u00fct\u00fcn hisseleri, ASELSAN&rsquo;a ait. Bu geli\u015fme ile birlikte ASELSAN&rsquo;\u0131n hisse sahibi oldu\u011fu \u015firket say\u0131s\u0131, 23&rsquo;e y\u00fckselmi\u015f oldu. ASELSAN, Ukrayna&rsquo;da tank modernizasyonundan tanksavar at\u0131c\u0131 kule sistemine kadar bir\u00e7ok \u00fcr\u00fcn ile ilgili faaliyette bulunuyor. \u015eirket, Ukrayna&rsquo;daki yerel \u00fcretim tesisini de k\u0131sa s\u00fcre \u00f6nce faaliyete alm\u0131\u015ft\u0131.<\/span><\/strong><\/p>\n<p style=\"text-align: justify; text-indent: 25.5pt;\"><strong><span style=\"font-size: 14pt;\">ASELSAN, Ukrayna&rsquo;n\u0131n Mi-8 helikopteri modernizasyonuna destek olacakt\u0131!<\/span><\/strong><\/p>\n<p style=\"text-align: justify; text-indent: 25.5pt;\"><strong><span style=\"font-size: 12pt;\">ASELSAN, Ukrayna&rsquo;n\u0131n Mi-8 helikopterlerinin modernizasyonu kapsam\u0131nda elektro optik hedefleme sistemi tedarik edecekti.<\/span><\/strong><span style=\"font-size: 12pt;\"> <strong>T\u00fcrk Savunma Sanayiinin \u00f6nde gelen firmalar\u0131ndan biri olan ASELSAN, bahse konu modernizasyon kapsam\u0131nda, Ukraynal\u0131 Motor-Sich ve Defense Technologies \u015firketleri ile birlikte \u00e7al\u0131\u015facakt\u0131.[16]<\/strong><\/span><\/p>\n<p style=\"text-align: justify; text-indent: 25.5pt;\"><strong><span style=\"font-size: 12pt;\">\u00d6zetlersek;<\/span><\/strong><\/p>\n<p style=\"text-align: justify; text-indent: 25.5pt;\"><strong><span style=\"font-size: 12pt;\">Rusya&rsquo;n\u0131n Ukrayna operasyonunun as\u0131l hedeflerinden biri de y\u00f6netim-rejim de\u011fi\u015fikli\u011fi yapmak m\u0131yd\u0131? Bu hedefini ger\u00e7ekle\u015ftirirse yeni gelen y\u00f6netim; T\u00fcrkiye-Ukrayna aras\u0131nda yap\u0131lan bu savunma sanayi anla\u015fmalar\u0131na sad\u0131k m\u0131 kalacakt\u0131 yoksa bunlar sab\u0131k (eski) deyip rafa m\u0131 kald\u0131racakt\u0131? \u00c7\u00fcnk\u00fc T\u00fcrkiye, savunma sanayinde ihtiya\u00e7 duydu\u011fu \u00fcr\u00fcnlere ambargo koyan ABD ve AB engelini, Ukrayna ile yapt\u0131\u011f\u0131 anla\u015fmalarla delmi\u015f olacakt\u0131!..<\/span><\/strong><\/p>\n<p style=\"text-align: justify; text-indent: 25.5pt;\"><strong><span style=\"font-size: 14pt;\">Rusya&#8217;dan T\u00fcrkiye A\u00e7\u0131klamas\u0131: Ukrayna&#8217;daki G\u00f6r\u00fc\u015f Ayr\u0131l\u0131klar\u0131 \u0130li\u015fkilere Engel Olmayacakt\u0131r!<\/span><\/strong><\/p>\n<p style=\"text-align: justify; text-indent: 25.5pt;\"><span style=\"font-size: 12pt;\">Kremlin S\u00f6zc\u00fcs\u00fc Dmitriy Peskov, <strong><em>&ldquo;Rusya ile T\u00fcrkiye aras\u0131ndaki Ukrayna konusuyla ilgili g\u00f6r\u00fc\u015f ayr\u0131l\u0131klar\u0131n\u0131n Moskova ve Ankara&#8217;n\u0131n ili\u015fkilerini s\u00fcrd\u00fcrmelerini engellemedi\u011fini&rdquo;<\/em><\/strong> vurgulamas\u0131 anlaml\u0131yd\u0131. Gazetecilerin sorular\u0131n\u0131 yan\u0131tlayan Peskov, <strong><em>&#8220;T\u00fcrklerle K\u0131r\u0131m konusunda da g\u00f6r\u00fc\u015f ayr\u0131l\u0131klar\u0131m\u0131z oldu\u011funu biliyorsunuz. (G\u00f6r\u00fc\u015f ayr\u0131l\u0131klar\u0131) Uzun s\u00fcredir var ancak bu, ili\u015fkilerimizi \u015fekillendirmemizi engellemiyor. Bu nedenle, ikili ili\u015fkilerimizde sorunlu k\u0131s\u0131mlar oldu\u011fu gibi, \u00f6nemli ba\u015far\u0131lar elde etti\u011fimiz alanlar da var&#8221;<\/em><\/strong> ifadelerini kullanm\u0131\u015ft\u0131.<\/span><\/p>\n<p style=\"text-align: justify; text-indent: 25.5pt;\"><span style=\"font-size: 12pt;\">Peskov, Cumhurba\u015fkan\u0131 Recep Tayyip Erdo\u011fan&#8217;\u0131n Donetsk ve Luhansk Halk Cumhuriyetlerinin tan\u0131nmas\u0131 konusundaki a\u00e7\u0131klamalar\u0131n\u0131n Rusya Devlet Ba\u015fkan\u0131 Vladimir Putin&#8217;in T\u00fcrkiye ziyaretini etkileyip etkilemeyece\u011fi sorusunu, <strong><em>&#8220;Hen\u00fcz bunlar (a\u00e7\u0131klama ve ziyaret) aras\u0131nda bir ba\u011flant\u0131 g\u00f6rm\u00fcyoruz. Hi\u00e7 kimse buna i\u015faret etmedi&#8221;<\/em><\/strong> \u015feklinde yan\u0131tlam\u0131\u015ft\u0131.<\/span><\/p>\n<p style=\"text-align: justify; text-indent: 25.5pt;\"><strong><span style=\"font-size: 14pt;\">Hat\u0131rlayal\u0131m; yak\u0131n ge\u00e7mi\u015fte neler ya\u015fanm\u0131\u015ft\u0131?<\/span><\/strong><\/p>\n<p style=\"text-align: justify; text-indent: 25.5pt;\"><span style=\"font-size: 12pt;\">Rusya Devlet Ba\u015fkan\u0131 Putin&#8217;in Ukrayna&#8217;daki s\u00f6zde Donetsk Halk Cumhuriyeti ve Luhansk Halk Cumhuriyeti&#8217;nin ba\u011f\u0131ms\u0131zl\u0131\u011f\u0131n\u0131 tan\u0131yarak b\u00f6lgeye bar\u0131\u015f g\u00fcc\u00fc g\u00f6nderme karar\u0131 almas\u0131yla Ukrayna&#8217;da y\u0131llard\u0131r t\u0131rmanan kriz yeni bir boyuta ula\u015fm\u0131\u015ft\u0131. Ukrayna&#8217;n\u0131n do\u011fusundaki Rusya yanl\u0131s\u0131 ayr\u0131l\u0131k\u00e7\u0131lar\u0131n kontrol\u00fcndeki Donbas b\u00f6lgesi merkezli (s\u00f6zde Donetsk Halk Cumhuriyeti ve Luhansk Halk Cumhuriyeti) kriz 2013&#8217;e uzanmaktayd\u0131. D\u00f6nemin Rusya yanl\u0131s\u0131 Ukrayna Devlet Ba\u015fkan\u0131 Viktor Yanukovi\u00e7&#8217;in, Avrupa Birli\u011fi (AB) ile daha fazla ekonomik entegrasyon ama\u00e7layan bir anla\u015fmay\u0131 reddetmesi \u00fczerine Kas\u0131m 2013&#8217;te ba\u015fkent Kiev&#8217;de protestolar ba\u015flam\u0131\u015ft\u0131. G\u00fcvenlik g\u00fc\u00e7lerinin sert m\u00fcdahalesinde 100&#8217;\u00fc a\u015fk\u0131n g\u00f6stericinin \u00f6ld\u00fcr\u00fcld\u00fc\u011f\u00fc &#8220;meydan olaylar\u0131n\u0131n&#8221; ard\u0131ndan protestolar \u015fiddetlenirken, Yanukovi\u00e7 \u015eubat 2014&#8217;te \u00fclkeden ka\u00e7mak zorunda kalm\u0131\u015ft\u0131. Yine bu s\u00fcre\u00e7te Rus k\u00f6kenli n\u00fcfusun yo\u011fun bulundu\u011fu Donbas b\u00f6lgesinde \u015eubat 2014&#8217;te ayr\u0131l\u0131k\u00e7\u0131 gruplar a\u011f\u0131r silahlarla h\u00fck\u00fcmet g\u00fc\u00e7lerine sald\u0131rm\u0131\u015ft\u0131. Yanukovi\u00e7&#8217;in ard\u0131ndan kurulan ge\u00e7ici h\u00fck\u00fcmet, AB ile Birli\u011fe \u00fcyelik yolunda ilk ad\u0131m olarak g\u00f6r\u00fclen bir ticaret anla\u015fmas\u0131 imzalam\u0131\u015ft\u0131.<\/span><\/p>\n<p style=\"text-align: justify; text-indent: 25.5pt;\"><strong><span style=\"font-size: 12pt;\">K\u0131r\u0131m&#8217;\u0131n Yasa D\u0131\u015f\u0131 \u0130lhak\u0131<\/span><\/strong><\/p>\n<p style=\"text-align: justify; text-indent: 25.5pt;\"><span style=\"font-size: 12pt;\">Rus birliklerinin Mart 2014&#8217;te Ukrayna topra\u011f\u0131 olan K\u0131r\u0131m&#8217;\u0131 i\u015fgal etmesi, uluslararas\u0131 ve b\u00f6lgesel tepkiye yol a\u00e7m\u0131\u015ft\u0131. \u0130\u015fgalin ard\u0131ndan yap\u0131lan tart\u0131\u015fmal\u0131 referandumla Rusya yar\u0131maday\u0131 yasa d\u0131\u015f\u0131 ilhak karar\u0131 alm\u0131\u015ft\u0131. Bu s\u00fcre\u00e7te Putin, K\u0131r\u0131m ve <strong><em>Ukrayna&#8217;n\u0131n g\u00fcneydo\u011fusundaki Rus vatanda\u015flar\u0131n\u0131n ve Rus\u00e7a konu\u015fanlar\u0131n haklar\u0131n\u0131n korunmas\u0131 gerekti\u011fini <\/em><\/strong>savunmaktayd\u0131.<\/span><\/p>\n<p style=\"text-align: justify; text-indent: 25.5pt;\"><strong><span style=\"font-size: 14pt;\">T\u00fcrkiye&rsquo;nin MONTR\u00d6 Karar\u0131na Reuters ve Financial Times&rsquo;tan \u00c7arp\u0131c\u0131 Yakla\u015f\u0131m!<\/span><\/strong><\/p>\n<p style=\"text-align: justify; text-indent: 25.5pt;\"><span style=\"font-size: 12pt;\">D\u0131\u015fi\u015fleri Bakan\u0131 Mevl\u00fct \u00c7avu\u015fo\u011flu&#8217;nun <strong><em>Montr\u00f6 Anla\u015fmas\u0131 uyar\u0131nca Rus ve Ukrayna gemilerinin ge\u00e7i\u015flerinin engellenece\u011finin sinyalini vermesinin<\/em><\/strong> yank\u0131lar\u0131 uluslararas\u0131 medyada yank\u0131lanm\u0131\u015ft\u0131. \u0130ngiliz haber ajans\u0131 Reuters, Rusya-Ukrayna sava\u015f\u0131 devam ederken T\u00fcrkiye&rsquo;nin Montr\u00f6 Anla\u015fmas\u0131 uyar\u0131nca Rusya gemilerini bo\u011fazlardan ge\u00e7irmeme karar\u0131 ile ilgili dikkat \u00e7ekici bir yorum yapm\u0131\u015ft\u0131. Mevl\u00fct \u00c7avu\u015fo\u011flu, <strong><em>&ldquo;Art\u0131k bu bir sava\u015fa d\u00f6n\u00fc\u015ft\u00fc. Bu bir askeri harek\u00e2t de\u011fil, resmen sava\u015f hali var. Bu durumda da tabii biz taraflar\u0131n birisi hangisi olursa Rusya da olabilir Ukrayna da, burada biz bu durumda Montr\u00f6 Anla\u015fmas\u0131&#8217;n\u0131 bu \u015fekilde uyguluyoruz&rdquo;<\/em><\/strong> a\u00e7\u0131klamas\u0131n\u0131 yapm\u0131\u015ft\u0131.<\/span><\/p>\n<p style=\"text-align: justify; text-indent: 25.5pt;\"><span style=\"font-size: 12pt;\">Ankara&rsquo;n\u0131n Rusya&rsquo;n\u0131n hamlelerini askeri operasyon yerine &#8216;sava\u015f&#8217; diye tan\u0131mlamas\u0131, bununla birlikte Montr\u00f6 Anla\u015fmas\u0131&rsquo;n\u0131n uygulamaya konulaca\u011f\u0131n\u0131n a\u00e7\u0131klamas\u0131yla ilgili <\/span><strong><span style=\"font-size: 14pt;\">Reuters haber ajans\u0131<\/span><\/strong><span style=\"font-size: 14pt;\"> <\/span><span style=\"font-size: 12pt;\">\u00e7arp\u0131c\u0131 bir yorumda bulunmu\u015flard\u0131. Son bir ayda en az 6 Rus sava\u015f gemisi ve denizalt\u0131n\u0131n bo\u011fazlardan ge\u00e7ti\u011fini hat\u0131rlatan Reuters, <strong><em>&ldquo;Bat\u0131&rsquo;ya taahh\u00fctleri ve Moskova ile yak\u0131n ba\u011flar\u0131 sebebiyle bir denge olu\u015fturmaya \u00e7al\u0131\u015fan Ankara, son g\u00fcnlerde Rusya&rsquo;n\u0131n sald\u0131r\u0131lar\u0131n\u0131n kabul edilemez oldu\u011funu s\u00f6yl\u00fcyordu. Fakat pazar g\u00fcn\u00fcne kadar Ukrayna&rsquo;daki durumu bir sava\u015f olarak tan\u0131mlam\u0131yordu&rdquo;<\/em><\/strong> ifadesini kullanm\u0131\u015ft\u0131.<\/span><\/p>\n<p style=\"text-align: justify; text-indent: 25.5pt;\"><strong><span style=\"font-size: 12pt;\">\u00c7avu\u015fo\u011flu&rsquo;nun Uyar\u0131s\u0131n\u0131 Anlaml\u0131 Bulmu\u015flard\u0131!<\/span><\/strong><\/p>\n<p style=\"text-align: justify; text-indent: 25.5pt;\"><span style=\"font-size: 12pt;\">T\u00fcrkiye&rsquo;nin s\u00f6yleminin de\u011fi\u015fmesiyle birlikte 1936&rsquo;da imzalanan Montr\u00f6 Anla\u015fmas\u0131&rsquo;n\u0131n uygulanabilece\u011fine dikkat \u00e7eken Reuters, sava\u015f zaman\u0131nda ya da tehlikeye u\u011frad\u0131\u011f\u0131n\u0131 hissetti\u011fi durumda bo\u011fazlardan gemilerin ge\u00e7i\u015flerine s\u0131n\u0131r koyabilece\u011fini de hat\u0131rlatm\u0131\u015ft\u0131. Reuters haber ajans\u0131, <strong><em>&ldquo;T\u00fcrkiye&rsquo;nin Rusya ve Ukrayna ile iyi ili\u015fkileri var. NATO \u00fcyeleri Moskova&rsquo;ya yapt\u0131r\u0131m uygularken, Ankara taraf\u0131ndan \u00e7ok ileri giden bir ad\u0131m, T\u00fcrkiye&rsquo;nin Rusya&rsquo;dan enerji almas\u0131na, ticaretine ve turizmine, i\u00e7 ekonomide kriz ya\u015fan\u0131rken zarar verebilir&rdquo;<\/em><\/strong> yorumunu yapm\u0131\u015ft\u0131.<\/span><\/p>\n<p style=\"text-align: justify; text-indent: 25.5pt;\"><span style=\"font-size: 12pt;\"><\/span><\/p>\n<p>\u00a0<\/p>\n<hr style=\"text-align: left;\" size=\"1\" width=\"33%\" \/>\n<p style=\"margin-left: 30px; text-align: justify; text-indent: -7.1pt;\"><a href=\"#ftnref1\" id=\"ftn1\" style=\"vertical-align: super;\">[1]<\/a><span style=\"font-size: 9pt;\"> 25 \u015eubat 2022 \/ haberus.ru<\/span><\/p>\n<p style=\"margin-left: 30px; text-align: justify; text-indent: -7.1pt;\"><a href=\"#ftnref2\" id=\"ftn2\" style=\"vertical-align: super;\">[2]<\/a><span style=\"font-size: 9pt;\"> www.millisavunma.com\u00a0\u00a0 <\/span><\/p>\n<p style=\"margin-left: 30px; text-align: justify; text-indent: -7.1pt;\"><a href=\"#ftnref3\" id=\"ftn3\" style=\"vertical-align: super;\">[3]<\/a><span style=\"font-size: 9pt;\"> 10 Eyl\u00fcl 2019 \/ www.donanimhaber.com <\/span><\/p>\n<p style=\"margin-left: 30px; text-align: justify; text-indent: -7.1pt;\"><a href=\"#ftnref4\" id=\"ftn4\" style=\"vertical-align: super;\">[4]<\/a><span style=\"font-size: 9pt;\"> 14.12.2020<\/span><\/p>\n<p style=\"margin-left: 30px; text-align: justify; text-indent: -7.1pt;\"><a href=\"#ftnref5\" id=\"ftn5\" style=\"vertical-align: super;\">[5]<\/a><span style=\"font-size: 9pt;\"> 25.11.2020 \/ Kaynak: Mepa News<\/span><\/p>\n<p style=\"margin-left: 30px; text-align: justify; text-indent: -7.1pt;\"><a href=\"#ftnref6\" id=\"ftn6\" style=\"vertical-align: super;\">[6]<\/a><span style=\"font-size: 9pt;\"> 05.10.2020 \/ www.savunmatr.com<\/span><\/p>\n<p style=\"margin-left: 30px; text-align: justify; text-indent: -7.1pt;\"><a href=\"#ftnref7\" id=\"ftn7\" style=\"vertical-align: super;\">[7]<\/a><span style=\"font-size: 9pt;\"> 24.03.2021 \/ <a href=\"http:\/\/www.aa.com.tr\"><span style=\"color: windowtext; text-decoration: none;\">www.aa.com.tr<\/span><\/a> <\/span><\/p>\n<p style=\"margin-left: 30px; text-align: justify; text-indent: -7.1pt;\"><a href=\"#ftnref8\" id=\"ftn8\" style=\"vertical-align: super;\">[8]<\/a><span style=\"font-size: 9pt;\"> 13 Nisan 2021 \/ www.donanimhaber.com <\/span><\/p>\n<p style=\"margin-left: 30px; text-align: justify; text-indent: -7.1pt;\"><a href=\"#ftnref9\" id=\"ftn9\" style=\"vertical-align: super;\">[9]<\/a><span style=\"font-size: 9pt;\"> 7 Kas\u0131m 2021 \/ www.savunmasanayist.com <\/span><\/p>\n<p style=\"margin-left: 30px; text-align: justify; text-indent: -7.1pt;\"><a href=\"#ftnref10\" id=\"ftn10\" style=\"vertical-align: super;\">[10]<\/a><span style=\"font-size: 9pt;\"> 08.10.2021 \/ <a href=\"http:\/\/www.ukrhaber.com\"><span style=\"color: windowtext; text-decoration: none;\">www.ukrhaber.com<\/span><\/a> <\/span><\/p>\n<p style=\"margin-left: 30px; text-align: justify; text-indent: -7.1pt;\"><a href=\"#ftnref11\" id=\"ftn11\" style=\"vertical-align: super;\">[11]<\/a><span style=\"font-size: 9pt;\"> 11 Kas\u0131m 2021 \/ <a href=\"http:\/\/www.savunmasanayist.com\"><span style=\"color: windowtext; text-decoration: none;\">www.savunmasanayist.com<\/span><\/a> <\/span><\/p>\n<p style=\"margin-left: 30px; text-align: justify; text-indent: -7.1pt;\"><a href=\"#ftnref12\" id=\"ftn12\" style=\"vertical-align: super;\">[12]<\/a><span style=\"font-size: 9pt;\"> 20 Temmuz 2021 \/ <a href=\"http:\/\/www.savunmasanayist.com\"><span style=\"color: windowtext; text-decoration: none;\">www.savunmasanayist.com<\/span><\/a> <\/span><\/p>\n<p style=\"margin-left: 30px; text-align: justify; text-indent: -7.1pt;\"><a href=\"#ftnref13\" id=\"ftn13\" style=\"vertical-align: super;\">[13]<\/a><span style=\"font-size: 9pt;\"> 13 A\u011fustos 2021 \/ m5dergi.com <\/span><\/p>\n<p style=\"margin-left: 30px; text-align: justify; text-indent: -7.1pt;\"><a href=\"#ftnref14\" id=\"ftn14\" style=\"vertical-align: super;\">[14]<\/a><span style=\"font-size: 9pt;\"> 07.01.2021<\/span><\/p>\n<p style=\"margin-left: 30px; text-align: justify; text-indent: -7.1pt;\"><a href=\"#ftnref15\" id=\"ftn15\" style=\"vertical-align: super;\">[15]<\/a><span style=\"font-size: 9pt;\"> 03.09.2021<\/span><\/p>\n<p style=\"margin-left: 30px; text-align: justify; text-indent: -7.1pt;\"><a href=\"#ftnref16\" id=\"ftn16\" style=\"vertical-align: super;\">[16]<\/a><span style=\"font-size: 9pt;\"> 21.11.2021<\/span><\/p>\n","protected":false},"excerpt":{"rendered":"<p>\u00a0 NEDEN, RUSYA-UKRAYNA SAVA\u015eI; T\u00dcRK\u0130YE&rsquo;YE PAHALIYA PATLAYACAKTI? \u00a0\u00a0\u00a0\u00a0\u00a0\u00a0 \u0130srail, Ukrayna krizinde ebeveynlerinin kavgas\u0131n\u0131 izleyen \u00e7ocuk yerindedir. \u00c7\u00fcnk\u00fc \u00e7ocuk hem annesini hem babas\u0131n\u0131 sevmektedir. Ve bir taraf\u0131 hakl\u0131 g\u00f6rse de tarafs\u0131z gibi hareket etmektedir. Ama son kertede ABD&rsquo;yi (yani babas\u0131n\u0131) tercih edecektir. Ehud Barak 22 \u015eubat 2021&rsquo;de N12 NEWS&rsquo;e yapt\u0131\u011f\u0131 a\u00e7\u0131klamada: &ldquo;Putin Kremlin&rsquo;de oturan, \u0130srail yanl\u0131s\u0131 [&hellip;]<\/p>\n","protected":false},"author":4,"featured_media":0,"comment_status":"open","ping_status":"closed","sticky":false,"template":"","format":"standard","meta":{"footnotes":""},"categories":[98],"tags":[],"class_list":["post-11128","post","type-post","status-publish","format-standard","hentry","category-ozel-yazilar"],"_links":{"self":[{"href":"https:\/\/www.millicozum.com\/mc\/wp-json\/wp\/v2\/posts\/11128","targetHints":{"allow":["GET"]}}],"collection":[{"href":"https:\/\/www.millicozum.com\/mc\/wp-json\/wp\/v2\/posts"}],"about":[{"href":"https:\/\/www.millicozum.com\/mc\/wp-json\/wp\/v2\/types\/post"}],"author":[{"embeddable":true,"href":"https:\/\/www.millicozum.com\/mc\/wp-json\/wp\/v2\/users\/4"}],"replies":[{"embeddable":true,"href":"https:\/\/www.millicozum.com\/mc\/wp-json\/wp\/v2\/comments?post=11128"}],"version-history":[{"count":0,"href":"https:\/\/www.millicozum.com\/mc\/wp-json\/wp\/v2\/posts\/11128\/revisions"}],"wp:attachment":[{"href":"https:\/\/www.millicozum.com\/mc\/wp-json\/wp\/v2\/media?parent=11128"}],"wp:term":[{"taxonomy":"category","embeddable":true,"href":"https:\/\/www.millicozum.com\/mc\/wp-json\/wp\/v2\/categories?post=11128"},{"taxonomy":"post_tag","embeddable":true,"href":"https:\/\/www.millicozum.com\/mc\/wp-json\/wp\/v2\/tags?post=11128"}],"curies":[{"name":"wp","href":"https:\/\/api.w.org\/{rel}","templated":true}]}}