{"id":11195,"date":"2022-06-13T15:55:18","date_gmt":"2022-06-13T12:55:18","guid":{"rendered":"https:\/\/www.millicozum.com\/mc\/ozel-yazilar\/ukrayna-savasi-baglaminda-turkiyeyi-bekleyen-tehlikeli-sorunlar\/"},"modified":"2023-10-18T02:35:31","modified_gmt":"2023-10-17T23:35:31","slug":"ukrayna-savasi-baglaminda-turkiyeyi-bekleyen-tehlikeli-sorunlar","status":"publish","type":"post","link":"https:\/\/www.millicozum.com\/mc\/ozel-yazilar\/ukrayna-savasi-baglaminda-turkiyeyi-bekleyen-tehlikeli-sorunlar\/","title":{"rendered":"Ukrayna Sava\u015f\u0131 Ba\u011flam\u0131nda T\u00dcRK\u0130YE&#8217;Y\u0130 BEKLEYEN TEHL\u0130KEL\u0130 SORUNLAR?"},"content":{"rendered":"\n<p>\u00a0<\/p>\n<p style=\"margin-bottom: 0cm; text-align: center;\"><strong><span style=\"font-size: 18pt; font-family: 'Arial', sans-serif;\">Ukrayna Sava\u015f\u0131 Ba\u011flam\u0131nda<\/span><\/strong><\/p>\n<p style=\"margin-bottom: 0cm; text-align: center;\"><strong><span style=\"font-size: 18pt; font-family: 'Arial', sans-serif;\">T\u00dcRK\u0130YE&#8217;Y\u0130 BEKLEYEN TEHL\u0130KEL\u0130 SORUNLAR?<\/span><\/strong><\/p>\n<p style=\"margin-bottom: 0cm; text-align: justify; text-indent: 1cm;\"><strong><span style=\"font-size: 18pt; font-family: 'Arial', sans-serif;\">\u00a0\u00a0\u00a0\u00a0\u00a0\u00a0 <\/span><\/strong><\/p>\n<p style=\"margin-bottom: 0cm; text-align: justify; text-indent: 25.5pt; line-height: 16pt;\"><strong><span style=\"font-size: 12pt; font-family: 'Arial', sans-serif;\">\u0130nsanl\u0131k tarihinin en tehlikeli ve en etkili \u015eeytan \u015febekesi olan Siyonizm&rsquo;in, sa\u011f ve sol (Kapitalist ve Sosyalist) kollar\u0131 konumundaki Amerika ve Rusya, tamamen kontrollerinde bulunacak yeni ve zalim bir <\/span><\/strong><strong><em><span style=\"font-size: 14pt; font-family: 'Arial', sans-serif;\">d\u00fcnya dengesi<\/span><\/em><\/strong><strong><span style=\"font-size: 12pt; font-family: 'Arial', sans-serif;\"> olu\u015fturmak amac\u0131yla&#8230; Ve tabi \u0130slam \u00c2lemine lider ve lokomotif olabilecek potansiyel imk\u00e2nlara sahip T\u00fcrkiye&rsquo;nin ba\u015f\u0131na yeni belalar sarmak hesab\u0131yla, Ukrayna sava\u015f\u0131n\u0131 ba\u015flatm\u0131\u015flard\u0131. 24 \u015eubat 2022&rsquo;de ba\u015flayan ve d\u00f6rt ay\u0131 bulan bu sava\u015fta, her iki taraf da \u00e7ok a\u011f\u0131r kay\u0131plar vermek zorunda kalm\u0131\u015f, \u00f6zellikle Ukrayna&rsquo;da binlerce masum \u00e7ocuklar, kad\u0131nlar, ya\u015fl\u0131lar, sakatlar ve hastalar ac\u0131mas\u0131zca katliama u\u011fram\u0131\u015f, \u015fehirler, fabrikalar, yollar yak\u0131l\u0131p y\u0131k\u0131lm\u0131\u015ft\u0131.<\/span><\/strong><\/p>\n<p style=\"margin-bottom: 0cm; text-align: justify; text-indent: 25.5pt; line-height: 16pt;\"><strong><span style=\"font-size: 12pt; font-family: 'Arial', sans-serif;\">Tarihi olaylar\u0131 tahlil etmek i\u00e7in \u00f6zel bir bak\u0131\u015f a\u00e7\u0131s\u0131 ve k\u00fcresel g\u00fc\u00e7lerin niyetlerini ve stratejilerini sezme feraseti ve altyap\u0131s\u0131 laz\u0131md\u0131. Bu nedenle tarih; yaz\u0131lanlara ve konu\u015fulanlara bak\u0131p, as\u0131l yaz\u0131lmayan ve konu\u015fulmayan ger\u00e7ekleri anlama bilimi say\u0131l\u0131rd\u0131.<\/span><\/strong><\/p>\n<p style=\"margin-bottom: 0cm; text-align: justify; text-indent: 25.5pt; line-height: 16pt;\"><strong><span style=\"font-size: 14pt; font-family: 'Arial', sans-serif;\">Putin y\u00f6netimi kap\u0131y\u0131 kapatm\u0131\u015ft\u0131: K\u0131r\u0131m Rusya&#8217;n\u0131nd\u0131r!<\/span><\/strong><\/p>\n<p style=\"margin-bottom: 0cm; text-align: justify; text-indent: 25.5pt; line-height: 16pt;\"><strong><span style=\"font-size: 12pt; font-family: 'Arial', sans-serif;\">\u0130stanbul&#8217;da yap\u0131lan bar\u0131\u015f g\u00f6r\u00fc\u015fmelerinin ard\u0131ndan bir a\u00e7\u0131klama yapan Kremlin, <em>K\u0131r\u0131m&#8217;\u0131n aidiyetini tart\u0131\u015fmayacaklar\u0131n\u0131<\/em> vurgulam\u0131\u015ft\u0131. Kremlin ayr\u0131ca, Ukrayna ile yap\u0131lan g\u00f6r\u00fc\u015fmelerde ciddi bir geli\u015fmenin olmad\u0131\u011f\u0131n\u0131 hat\u0131rlatm\u0131\u015ft\u0131. Kremlin S\u00f6zc\u00fcs\u00fc Peskov, K\u0131r\u0131m&#8217;\u0131 asla geri vermeyeceklerini belirterek: <em>&#8220;K\u0131r\u0131m Rusya&#8217;n\u0131n bir par\u00e7as\u0131d\u0131r. Rus b\u00f6lgelerinin kaderi hakk\u0131nda kimsenin tart\u0131\u015fma hakk\u0131 yoktur&#8221;<\/em> \u015feklinde \u00e7\u0131k\u0131\u015fm\u0131\u015ft\u0131.<\/span><\/strong><\/p>\n<p style=\"margin-bottom: 0cm; text-align: justify; text-indent: 25.5pt; line-height: 16pt;\"><strong><span style=\"font-size: 14pt; font-family: 'Arial', sans-serif;\">Ukrayna T\u00fcrkiye&#8217;nin de garant\u00f6r \u00fclkeler aras\u0131nda olmas\u0131n\u0131 arzulamaktayd\u0131!<\/span><\/strong><\/p>\n<p class=\"MsoNormal\" style=\"margin-bottom: 0cm; text-align: justify; text-indent: 1.0cm; line-height: 16.0pt;\"><strong><span style=\"font-size: 12.0pt; font-family: 'Arial',sans-serif;\">\u0130stanbul&#8217;da Cumhurba\u015fkanl\u0131\u011f\u0131 Dolmabah\u00e7e \u00c7al\u0131\u015fma Ofisi&#8217;nde (29.03.2022&rsquo;de) yap\u0131lan bulu\u015fma sonras\u0131, g\u00f6r\u00fc\u015fmelerin yap\u0131c\u0131 ge\u00e7ti\u011fini a\u00e7\u0131klayan Rusya heyeti, Ukrayna&#8217;n\u0131n \u00f6nerilerini Rusya Devlet Ba\u015fkan\u0131 Vladimir Putin&#8217;e ula\u015ft\u0131racakt\u0131. Ukrayna&#8217;n\u0131n garant\u00f6r olarak g\u00f6rmek istedi\u011fi \u00fclkeler aras\u0131nda T\u00fcrkiye de vard\u0131. Ukrayna heyetinden David Arakhamia, g\u00f6r\u00fc\u015fmeler sonras\u0131 gazetecilere yapt\u0131\u011f\u0131 a\u00e7\u0131klamada, <em style=\"mso-bidi-font-style: normal;\">&#8220;NATO&#8217;nun be\u015finci maddesine benzer bir garanti istiyoruz. Bu madde ile Ukrayna&#8217;ya bir sald\u0131r\u0131 olmas\u0131 durumunda \u00fc\u00e7 g\u00fcn i\u00e7inde garant\u00f6r \u00fclkelerle isti\u015fareler ba\u015flayacak ve sonras\u0131nda diplomatik bir \u00e7\u00f6z\u00fcm sa\u011flanamazsa garant\u00f6r \u00fclkeler bize asker ve silah deste\u011fi sa\u011flayabilecek. Ukrayna hava sahas\u0131n\u0131n kapat\u0131lmas\u0131 d\u00e2hil g\u00fcvenli\u011fin sa\u011flanmas\u0131 i\u00e7in her t\u00fcrl\u00fc ad\u0131m\u0131n at\u0131lmas\u0131 m\u00fcmk\u00fcn olabilir&#8221;<\/em> ifadelerini kullanm\u0131\u015ft\u0131. Yine Ukrayna heyetinden Mihail Podolyak da, <em style=\"mso-bidi-font-style: normal;\">&#8220;Bug\u00fcnk\u00fc g\u00f6r\u00fc\u015fmenin sonu\u00e7lar\u0131 liderler seviyesinde bir g\u00f6r\u00fc\u015fme yap\u0131lmas\u0131 i\u00e7in yeterlidir&#8221;<\/em> diyerek, Ukrayna&#8217;n\u0131n garant\u00f6r olarak g\u00f6rmek istedi\u011fi \u00fclkeler aras\u0131nda Birle\u015fmi\u015f Milletler G\u00fcvenlik Konseyi&#8217;nin Rusya d\u0131\u015f\u0131ndaki daimi \u00fcyeleri (ABD, \u0130ngiltere, Fransa, \u00c7in) ve T\u00fcrkiye&#8217;nin yan\u0131 s\u0131ra Almanya, \u0130srail, \u0130talya, Polonya ve Kanada&#8217;n\u0131n da ad\u0131n\u0131n ge\u00e7ti\u011fini vurgulam\u0131\u015ft\u0131.[1]<\/span><\/strong><\/p>\n<p style=\"margin-bottom: 0cm; text-align: justify; text-indent: 25.5pt; line-height: 16pt;\"><strong><span style=\"font-size: 14pt; font-family: 'Arial', sans-serif;\">Erdo\u011fan \u0130ktidar\u0131 \u0130srail&rsquo;e Ta\u015feronluk Yapacakt\u0131!<\/span><\/strong><\/p>\n<p style=\"margin-bottom: 0cm; text-align: justify; text-indent: 25.5pt; line-height: 16pt;\"><strong><em><span style=\"font-size: 12pt; font-family: 'Arial', sans-serif;\">&ldquo;T\u00fcrkiye yapt\u0131r\u0131mlara kat\u0131lmam\u0131\u015ft\u0131. Rus gaz\u0131n\u0131n tedarikinde k\u0131sa s\u00fcrede belki s\u0131k\u0131nt\u0131 olmayacakt\u0131. Ama herkes \u015fimdi enerjide \u00e7e\u015fitlili\u011fin \u015fart oldu\u011funu konu\u015fmaktayd\u0131. TANAP projesi vard\u0131, TAP vard\u0131. Bu projelerin kapasitesinin geni\u015fletilmesi tart\u0131\u015f\u0131lmaktayd\u0131. Irak&#8217;tan iki petrol boru hatt\u0131 vard\u0131. Biri DAE\u015e taraf\u0131ndan tahrip edilmi\u015f durumdayd\u0131. Do\u011fu Akdeniz&#8217;in \u00f6nemi burada ortaya \u00e7\u0131kmaktayd\u0131. Ekonomik g\u00fczerg\u00e2h T\u00fcrkiye olacakt\u0131. \u0130srail ile at\u0131lan yeni ad\u0131mlar sayesinde, Berat Bey d\u00f6neminde baya\u011f\u0131 bir mesafe al\u0131nm\u0131\u015ft\u0131. Hem Filistin hem \u0130srail&#8217;e may\u0131s\u0131n ortas\u0131nda bir ziyaretimiz olacakt\u0131. Tarih netle\u015fmeye ba\u015flam\u0131\u015ft\u0131. Bu b\u00f6lgedeki gaz\u0131n da T\u00fcrkiye&#8217;deki boru hatlar\u0131na ba\u011flanarak Avrupa&#8217;ya aktar\u0131lmas\u0131 planlanm\u0131\u015ft\u0131. B\u00f6ylece bizim d\u0131\u015fa ba\u011f\u0131ml\u0131l\u0131\u011f\u0131m\u0131z azalacakt\u0131. Alternatif enerji, yenilenebilir enerjiye yat\u0131r\u0131mlar\u0131m\u0131z vard\u0131. Enerji Bakanl\u0131\u011f\u0131m\u0131z daha g\u00fcvenli ve pratik y\u00f6ntemleri ara\u015ft\u0131rmaktayd\u0131. Enerji ba\u011f\u0131ml\u0131l\u0131\u011f\u0131m\u0131z\u0131 azaltmam\u0131z laz\u0131md\u0131. Sakarya Gaz Sahas\u0131ndaki do\u011falgaz\u0131n 2023&#8217;te T\u00fcrkiye&#8217;ye getirilmesi ile T\u00fcrkiye \u00f6nemli bir noktaya ula\u015facakt\u0131&rdquo;[2] <\/span><\/em><\/strong><strong><span style=\"font-size: 12pt; font-family: 'Arial', sans-serif;\">diyen D\u0131\u015fi\u015fleri Bakan\u0131 Mevl\u00fct \u00c7avu\u015fo\u011flu b\u00f6ylece: Mazlum Filistinli M\u00fcsl\u00fcmanlardan gasp edilen GAZZE gaz\u0131n\u0131n Avrupa&rsquo;ya ta\u015f\u0131nmas\u0131nda, \u0130srail&rsquo;e ta\u015feronluk yapacaklar\u0131n\u0131 a\u011fz\u0131ndan ka\u00e7\u0131rm\u0131\u015ft\u0131!?<\/span><\/strong><\/p>\n<p style=\"margin-bottom: 0cm; text-align: justify; text-indent: 25.5pt; line-height: 16pt;\"><strong><span style=\"font-size: 14pt; font-family: 'Arial', sans-serif;\">Putin, Rusya&rsquo;n\u0131n <em>&#8216;enerji silah\u0131n\u0131&#8217;<\/em> kullanmaya ba\u015flam\u0131\u015ft\u0131!<\/span><\/strong><\/p>\n<p style=\"margin-bottom: 0cm; text-align: justify; text-indent: 25.5pt; line-height: 16pt;\"><strong><span style=\"font-size: 12pt; font-family: 'Arial', sans-serif;\">Rusya Devlet Ba\u015fkan\u0131 Vladimir Putin&#8217;in, \u00fclkesinin &#8216;dost olmayan \u00fclkelere&#8217; do\u011falgaz sat\u0131\u015f\u0131 \u00f6demelerinde Rus rublesine ge\u00e7mesine y\u00f6nelik kararnameyi imzalamas\u0131yla, Moskova Bat\u0131&#8217;ya kar\u015f\u0131 &#8216;enerji silah\u0131n\u0131&#8217; ilk defa kullanmaya ba\u015flam\u0131\u015ft\u0131. Putin&#8217;in imzalad\u0131\u011f\u0131 ve \u00fclkenin yasal bilgi sisteminde yay\u0131nlanan kararnameye g\u00f6re, Rus gaz\u0131n\u0131n dost olmayan \u00fclkelere sat\u0131\u015f\u0131nda rubleyle \u00f6deme al\u0131nmas\u0131na y\u00f6nelik yeni sistemi devreye sokmu\u015flard\u0131. Buna g\u00f6re, Rus gaz\u0131 alan ilgili \u00fclkelerin, Gazprombank&#8217;tan hesap a\u00e7malar\u0131 gerekirken, \u00f6demeleri bu bankaya yapmalar\u0131n\u0131n ard\u0131ndan s\u00f6z konusu fonlar Moskova Borsas\u0131&rsquo;nda rubleye \u00e7evrilmi\u015f durumdayd\u0131. Kararname \u00e7er\u00e7evesinde Rusya&#8217;ya do\u011falgaz kar\u015f\u0131l\u0131\u011f\u0131nda ruble ile \u00f6deme yap\u0131lmazsa, Moskova bunu ihlal olarak de\u011ferlendirip gaz ak\u0131\u015f\u0131n\u0131 kesecek veya k\u0131sacakt\u0131. Rusya \u015fimdiye kadar kriz d\u00f6nemlerinde hi\u00e7bir \u015fekilde enerjiye ili\u015fkin somut bir karar almam\u0131\u015ft\u0131. Bu, Rusya&#8217;n\u0131n Bat\u0131&#8217;ya kar\u015f\u0131 enerji silah\u0131n\u0131 ilk defa kullanmas\u0131 olarak yorumlanm\u0131\u015ft\u0131. Rus h\u00fck\u00fcmeti, Rusya&#8217;ya y\u00f6nelik &#8220;dost olmayan&#8221; \u00fclkeler listesini 7 Mart&#8217;ta onaylam\u0131\u015ft\u0131. Onaylanan listede ABD, Avrupa Birli\u011fi \u00fclkeleri, Birle\u015fik Krall\u0131k, G\u00fcney Kore, Japonya, Ukrayna, \u0130svi\u00e7re ve Singapur gibi \u00fclkelerin yan\u0131 s\u0131ra Rusya&#8217;ya yapt\u0131r\u0131m uygulayan 15 \u00fclke daha yer alm\u0131\u015ft\u0131.<\/span><\/strong><\/p>\n<p style=\"margin-bottom: 0cm; text-align: justify; text-indent: 25.5pt; line-height: 16pt;\"><strong><span style=\"font-size: 12pt; font-family: 'Arial', sans-serif;\">Bu yay\u0131nlanan listenin ard\u0131ndan Avrupa&#8217;da, Rusya&#8217;n\u0131n yapt\u0131r\u0131m d\u00fczeyinde bir ad\u0131m atmas\u0131na ihtimal verilmiyordu. Rusya ald\u0131\u011f\u0131 ruble karar\u0131yla &#8220;bl\u00f6f&#8221; ihtimalini masadan kald\u0131rm\u0131\u015f oluyordu. Putin&#8217;in bu hamlesi do\u011falgaz fiyatlar\u0131nda dalgalanmaya neden olmu\u015ftu. Ayr\u0131ca b\u00fcy\u00fck \u00f6l\u00e7\u00fcde Rus do\u011falgaz\u0131na ba\u011f\u0131ml\u0131 olan Avrupa&#8217;da arz kesintisine ili\u015fkin endi\u015feler art\u0131yordu. Mart 2020 ba\u015f\u0131nda Bat\u0131l\u0131 \u00fclkelerin Rusya&#8217;ya uygulamay\u0131 planlad\u0131\u011f\u0131 yapt\u0131r\u0131mlar\u0131n etkisiyle bir dolar 143 rubleyi bulmu\u015ftu. May\u0131s 2022&rsquo;de ise 56 rubleyi g\u00f6ren 1 dolar, haziran ay\u0131na girildi\u011finde 60 ruble seviyelerindeydi. Yani Rusya&rsquo;n\u0131n bu karar\u0131, Dolar\u0131n saltanat\u0131n\u0131 da sarsmaya ba\u015fl\u0131yordu.<\/span><\/strong><\/p>\n<p style=\"margin-bottom: 0cm; text-align: justify; text-indent: 25.5pt; line-height: 16pt;\"><strong><span style=\"font-size: 14pt; font-family: 'Arial', sans-serif;\">T\u00fcrkiye&rsquo;nin f\u0131rsatlar\u0131 ve \u00fclkemizin Erdo\u011fan \u015fanss\u0131zl\u0131\u011f\u0131!<\/span><\/strong><\/p>\n<p style=\"margin-bottom: 0cm; text-align: justify; text-indent: 25.5pt; line-height: 16pt;\"><strong><span style=\"font-size: 12pt; font-family: 'Arial', sans-serif;\">Rusya-Ukrayna sava\u015f\u0131 s\u00fcrecinde izleyece\u011fi dengeli politika ve \u00fcstlendi\u011fi arabuluculuk rol\u00fc ile T\u00fcrkiye&rsquo;nin stratejik \u00f6nemi bir kez daha ortaya \u00e7\u0131km\u0131\u015ft\u0131. \u015eubat 2022 sonunda, Bel\u00e7ika&rsquo;n\u0131n ba\u015fkenti Br\u00fcksel&rsquo;de ger\u00e7ekle\u015ftirilen NATO liderler zirvesinde, T\u00fcrkiye&rsquo;nin y\u00fcr\u00fctt\u00fc\u011f\u00fc diplomasi ve taraflar aras\u0131nda sa\u011flad\u0131\u011f\u0131 dengeden \u00f6vg\u00fcyle s\u00f6z edilmesi, T\u00fcrkiye&rsquo;nin bu sava\u015ftaki arabuluculuk g\u00f6revini ba\u015far\u0131yla y\u00fcr\u00fctt\u00fc\u011f\u00fcn\u00fcn de\u011fil, mecburen y\u00fcz\u00fcne g\u00fcl\u00fcnd\u00fc\u011f\u00fcn\u00fcn kan\u0131t\u0131yd\u0131. 5 y\u0131ld\u0131r, 1,5 milyar Dolar paras\u0131n\u0131 pe\u015fin \u00f6dedi\u011fimiz F-35 sava\u015f u\u00e7aklar\u0131n\u0131, en az\u0131ndan bunlar\u0131n yerine F-16&#8217;lar\u0131 ABD&#8217;den almak i\u00e7in, Ukrayna-Rusya sava\u015f\u0131ndaki ve NATO&rsquo;daki konumu tam bir f\u0131rsat iken, Erdo\u011fan iktidar\u0131 bu tarihi \u015fans\u0131 bile kullanamam\u0131\u015f, a\u011f\u0131rl\u0131\u011f\u0131n\u0131 koyarak haklar\u0131m\u0131z\u0131 alamam\u0131\u015ft\u0131.<\/span><\/strong><\/p>\n<p style=\"margin-bottom: 0cm; text-align: justify; text-indent: 25.5pt; line-height: 16pt;\"><strong><em><span style=\"font-size: 14pt; font-family: 'Arial', sans-serif;\">&ldquo;S\u00fcper Askeri G\u00fc\u00e7&rdquo;<\/span><\/em><\/strong><strong><span style=\"font-size: 14pt; font-family: 'Arial', sans-serif;\"> San\u0131lan Rusya, Kiev ve \u00c7ernigiv&rsquo;den \u00c7ekilmek Zorunda Kalm\u0131\u015ft\u0131!<\/span><\/strong><\/p>\n<p style=\"margin-bottom: 0cm; text-align: justify; text-indent: 25.5pt; line-height: 16pt;\"><strong><span style=\"font-size: 12pt; font-family: 'Arial', sans-serif;\">Ukrayna Genelkurmay Ba\u015fkanl\u0131\u011f\u0131, (2022 Mart ay\u0131 sonunda) Rus ordusunun Kiev ve \u00c7ernigiv b\u00f6lgelerinden \u00e7ekilmesinin devam etti\u011fini a\u00e7\u0131klam\u0131\u015ft\u0131. Genelkurmay Ba\u015fkanl\u0131\u011f\u0131n\u0131n Facebook hesab\u0131ndan yap\u0131lan a\u00e7\u0131klamada, Rusya-Ukrayna Sava\u015f\u0131&#8217;n\u0131n 34. g\u00fcn\u00fcnde son durum ele al\u0131nm\u0131\u015ft\u0131. Rus ordusunun Kiev \u015fehrini ku\u015fatma g\u00f6revini yerine getiremedi\u011fi belirtilen a\u00e7\u0131klamada, Kiev ve \u00c7ernigiv b\u00f6lgelerinden \u00e7ekilmeye devam eden Rus ordusunun muhtemelen birliklerini \u00fclkenin do\u011fu y\u00f6n\u00fcnde yo\u011funla\u015ft\u0131raca\u011f\u0131 vurgulanm\u0131\u015ft\u0131. Ukrayna&rsquo;da Donetsk y\u00f6n\u00fcnde sald\u0131r\u0131lar\u0131na devam eden Rus ordusunun, Kreminna ve Mariupol yerle\u015fim b\u00f6lgelerine hava ve f\u00fcze sald\u0131r\u0131lar\u0131n\u0131 yo\u011funla\u015ft\u0131rd\u0131\u011f\u0131 ve Stepnogorsk, Orehov ve G\u00fclyaypole yerle\u015fimlerinin yak\u0131n\u0131ndaki Ukrayna Savunma Kuvvetleri birimlerinin mevzilerine top\u00e7u ate\u015fi a\u00e7t\u0131\u011f\u0131 hat\u0131rlat\u0131lm\u0131\u015ft\u0131. Ayr\u0131ca, Rus ordusunun Karadeniz ve Azak b\u00f6lgelerinin yan\u0131 s\u0131ra Volinsk, Polinsk, Siversk, Tavri\u00e7eskiy ve Slovyansk yerle\u015fim birimlerini elinde tutmaya \u00e7al\u0131\u015ft\u0131\u011f\u0131, Luhansk b\u00f6lgesindeki Popasna, Rubijne yerle\u015fimlerinin kontrol\u00fcn\u00fc ve Mariupol \u015fehrini de ele ge\u00e7irmeye odakland\u0131\u011f\u0131 aktar\u0131lm\u0131\u015ft\u0131.<\/span><\/strong><\/p>\n<p style=\"margin-bottom: 0cm; text-align: justify; text-indent: 25.5pt; line-height: 16pt;\"><strong><span style=\"font-size: 14pt; font-family: 'Arial', sans-serif;\">Rusya, Yeni Bir <em>&#8216;Korsanl\u0131k Y\u00f6ntemi&#8217;<\/em> uygulam\u0131\u015ft\u0131!<\/span><\/strong><\/p>\n<p style=\"margin-bottom: 0cm; text-align: justify; text-indent: 25.5pt; line-height: 16pt;\"><strong><span style=\"font-size: 12pt; font-family: 'Arial', sans-serif;\">Ukrayna&#8217;ya kar\u015f\u0131 geni\u015f \u00e7apl\u0131 sava\u015f ba\u015flatan Rusya Deniz Kuvvetlerinin, sivil gemileri ele ge\u00e7irip imha etmenin ve Ukrayna&#8217;y\u0131 denizden bombalaman\u0131n yan\u0131 s\u0131ra, deniz may\u0131nlar\u0131n\u0131 yeni bir &#8220;korsanl\u0131k y\u00f6ntemi&#8221; olarak kulland\u0131\u011f\u0131 ifade edilen a\u00e7\u0131klamada, s\u00fcr\u00fcklenen may\u0131nlar\u0131n kullan\u0131m\u0131 ve bunlar\u0131n \u00f6ng\u00f6r\u00fclemeyen sonu\u00e7lar\u0131n\u0131n sorumlulu\u011funun yaln\u0131zca Rusya Federasyonu ve donanmas\u0131na ait oldu\u011fu vurgulanm\u0131\u015ft\u0131.<\/span><\/strong><\/p>\n<p style=\"margin-bottom: 0cm; text-align: justify; text-indent: 25.5pt; line-height: 16pt;\"><strong><span style=\"font-size: 14pt; font-family: 'Arial', sans-serif;\">Geri \u00c7ekilmenin Nedeni, Kay\u0131plar\u0131 Azaltmakt\u0131!<\/span><\/strong><\/p>\n<p style=\"margin-bottom: 0cm; text-align: justify; text-indent: 25.5pt; line-height: 16pt;\"><strong><span style=\"font-size: 14pt; font-family: 'Arial', sans-serif;\">\u0130<\/span><\/strong><strong><span style=\"font-size: 12pt; font-family: 'Arial', sans-serif;\">stanbul&#8217;daki bar\u0131\u015f g\u00f6r\u00fc\u015fmelerinin ard\u0131ndan Rus heyeti Kiev ve Cernigiv b\u00f6lgelerindeki askeri varl\u0131\u011f\u0131n\u0131 azaltaca\u011f\u0131n\u0131 ve geri \u00e7ekilmenin ba\u015flad\u0131\u011f\u0131n\u0131 a\u00e7\u0131klam\u0131\u015ft\u0131. Bir Rus yetkili ise bu durumun planl\u0131 bir olay oldu\u011funu, ordunun geri \u00e7ekilmesinin ya\u015fanan kay\u0131plar\u0131 telafi etmek i\u00e7in oldu\u011funu a\u011fz\u0131ndan ka\u00e7\u0131rm\u0131\u015ft\u0131. Rusya ve Ukraynal\u0131 m\u00fczakere heyetlerinin \u0130stanbul&#8217;daki g\u00f6r\u00fc\u015fmelerinin ilk g\u00fcn\u00fcn\u00fcn ard\u0131ndan Rusya Savunma Bakanl\u0131\u011f\u0131, iyi niyet g\u00f6stergesi olarak Kiev ve \u00c7ernigiv&#8217;deki sald\u0131r\u0131lar\u0131 azaltaca\u011f\u0131n\u0131 hat\u0131rlatm\u0131\u015ft\u0131. Rusya Savunma Bakan\u0131 Yard\u0131mc\u0131s\u0131 Alexander Fomin, a\u00e7\u0131klamas\u0131nda <em>&#8220;Kar\u015f\u0131l\u0131kl\u0131 g\u00fcveni artt\u0131rmak, daha fazla m\u00fczakere i\u00e7in gerekli ko\u015fullar\u0131 olu\u015fturmak ve anla\u015fmak i\u00e7in Kiev ve \u00c7ernigiv b\u00f6lgesinde askeri operasyonlar\u0131n azalt\u0131lmas\u0131 karar\u0131 verildi&#8221;<\/em> ifadelerini kullanm\u0131\u015ft\u0131. Yetkililer ise Rusya&#8217;n\u0131n geri \u00e7ekilmesinin bir taktik oldu\u011funu hat\u0131rlatm\u0131\u015flard\u0131. Uzmanlar, Rusya&#8217;n\u0131n geri \u00e7ekildi\u011fine ya da sava\u015f\u0131n bitirilmesine ye\u015fil \u0131\u015f\u0131k yakt\u0131\u011f\u0131na dair bir sinyal olmad\u0131\u011f\u0131n\u0131 vurgulam\u0131\u015flard\u0131.<\/span><\/strong><\/p>\n<p style=\"margin-bottom: 0cm; text-align: justify; text-indent: 25.5pt; line-height: 16pt;\"><strong><span style=\"font-size: 14pt; font-family: 'Arial', sans-serif;\">Konya&rsquo;dan \u00e7ok de\u011ferli, deneyimli ve Milli Duyarl\u0131 Dostumuz E. Asker Bahri K\u0131l\u0131n\u00e7el olduk\u00e7a \u00f6nemli tespit ve tahliller yapm\u0131\u015ft\u0131:<\/span><\/strong><\/p>\n<p style=\"margin-bottom: 0cm; text-align: justify; text-indent: 25.5pt; line-height: 16pt;\"><strong><span style=\"font-size: 12pt; font-family: 'Arial', sans-serif;\">T\u00fcrkiye gibi \u00e7ok stratejik bir co\u011frafyada ya\u015f\u0131yorsan\u0131z, her daim bir &ldquo;Beka tehlikesi&rdquo; var olacakt\u0131!.. Bu husus hem co\u011frafyan\u0131n kendisinden hem de aziz milletimizin de\u011ferlerinden ve potansiyelinden kaynaklanan bir olayd\u0131. Dolay\u0131s\u0131 ile bu topraklarda her daim g\u00fc\u00e7l\u00fc ve diri olmak \u015fartt\u0131. Bu \u015fart do\u011frultusunda Milli hedeflerimizi mutlaka b\u00fcy\u00fck ve g\u00fc\u00e7l\u00fc bir tasavvurla canl\u0131 tutmam\u0131z laz\u0131md\u0131. <\/span><\/strong><\/p>\n<p style=\"margin-bottom: 0cm; text-align: justify; text-indent: 25.5pt; line-height: 16pt;\"><strong><span style=\"font-size: 12pt; font-family: 'Arial', sans-serif;\">Ya\u015fanan bu hadiseler de bir kez daha kan\u0131tlam\u0131\u015ft\u0131 ki, T\u00fcrk Ordusu bizim ve b\u00f6lgemiz i\u00e7in hayati \u00f6neme sahip bulunmaktad\u0131r. ABD, BOP kapsam\u0131nda bir\u00e7ok defa kumpaslarla ordumuzu y\u0131pratmaya \u00e7al\u0131\u015fsa da, T\u00fcrk Ordusu h\u00e2l\u00e2 Ordu-Millet anlay\u0131\u015f\u0131 i\u00e7inde diri ve g\u00fc\u00e7l\u00fc kalmay\u0131 ba\u015farm\u0131\u015ft\u0131r. Bir \u00fclkenin ordusunun ne denli \u00f6nemli oldu\u011fu; Suriye&#8217;de, Irak&#8217;ta, Libya&#8217;da, Ermenistan&#8217;da, Afganistan&#8217;da ve dahi Ukrayna&#8217;da ortaya \u00e7\u0131km\u0131\u015ft\u0131r. G\u00fc\u00e7l\u00fc T\u00fcrk Ordusu g\u00fc\u00e7l\u00fc T\u00fcrk Devleti anlam\u0131n\u0131 ta\u015f\u0131r. Savunma sanayimizin de son y\u0131llardaki \u0130HA, S\u0130HA hamlelerinin de ne kadar hayati bir \u00f6neme sahip oldu\u011fu kesinlik kazanm\u0131\u015ft\u0131r.<\/span><\/strong><\/p>\n<p style=\"margin-bottom: 0cm; text-align: justify; text-indent: 25.5pt; line-height: 16pt;\"><strong><span style=\"font-size: 12pt; font-family: 'Arial', sans-serif;\">D\u00fcnyada olup bitenleri iyi okumak, cesur ve kararl\u0131, ama stratejik davranmak zaman\u0131d\u0131r. G\u00fcn gelir de Hak ile b\u00e2t\u0131l aras\u0131ndaki b\u00fcy\u00fck sava\u015f \u00e7\u0131kt\u0131\u011f\u0131nda, taraf\u0131m\u0131z\u0131 bilecek kadar ilim ve cesaretimiz olmal\u0131d\u0131r. \u00d6yle anla\u015f\u0131l\u0131yor ki; yak\u0131nda Global Monar\u015fi, BOP kapsam\u0131nda T\u00fcrkiye&rsquo;yi \u00fc\u00e7 koldan ku\u015fatm\u0131\u015f olarak \u015feytani planlar\u0131n\u0131 devreye sokacakt\u0131r. \u00d6zellikle ABD-\u0130ngiltere ba\u015fta olmak \u00fczere, Bat\u0131&rsquo;n\u0131n da Rusya&rsquo;ya kar\u015f\u0131 Ukrayna olay\u0131n\u0131 iyice ka\u015f\u0131mas\u0131, belki de b\u00fcy\u00fck bir sava\u015fa do\u011fru gidilmesine yol a\u00e7acakt\u0131r. Maalesef ki bu sava\u015f durumunda T\u00fcrkiye&rsquo;nin de b\u00f6yle bir sava\u015ftan olumsuz y\u00f6nde etkilenmesi ka\u00e7\u0131n\u0131lmazd\u0131r. T\u00fcrkiye asla bu gerilimin taraf\u0131 olmamal\u0131d\u0131r. \u00d6zellikle de ABD, NATO kart\u0131n\u0131 \u00f6n plana \u00e7\u0131kartarak T\u00fcrkiye&rsquo;yi Rusya&rsquo;ya kar\u015f\u0131 bir politika izlemesi y\u00f6n\u00fcnde k\u0131\u015fk\u0131rtmaktad\u0131r. T\u00fcrkiye b\u00f6yle bir sava\u015f\u0131n ortas\u0131nda kal\u0131rsa b\u00fcy\u00fck s\u0131k\u0131nt\u0131lar ya\u015fayacakt\u0131r. Bu nedenle d\u0131\u015f politikada milli bir ad\u0131m izleyerek ABD&rsquo;nin Karadeniz&rsquo;e a\u00e7\u0131lmas\u0131na ve NATO&rsquo;yu do\u011fuya do\u011fru geni\u015fleterek n\u00fcfuzunu artt\u0131rmas\u0131na kar\u015f\u0131 \u00e7\u0131kmal\u0131d\u0131r. ABD&rsquo;nin Avrasya&rsquo;ya geni\u015flemesi ve buralarda kaos olu\u015fturmak i\u00e7in ilk ad\u0131m olarak g\u00f6rd\u00fc\u011f\u00fc Ukrayna konusunu da iyi kavramal\u0131y\u0131z. Bu do\u011frultuda Kanal \u0130stanbul&rsquo;u isteyenin ABD oldu\u011fu da unutulmamal\u0131d\u0131r.<\/span><\/strong><\/p>\n<p style=\"margin-bottom: 0cm; text-align: justify; text-indent: 25.5pt; line-height: 16pt;\"><strong><span style=\"font-size: 12pt; font-family: 'Arial', sans-serif;\">Ukrayna Devlet Ba\u015fkan\u0131 Zelenskiy&rsquo;nin, ABD ve Bat\u0131&rsquo;n\u0131n sahte deste\u011fine aldan\u0131p Rusya&rsquo;ya kafa tutmas\u0131 en ba\u015f\u0131ndan beri yanl\u0131\u015f bir karard\u0131. Zira Ukrayna&rsquo;y\u0131 NATO&rsquo;ya alma konusu da Rusya&rsquo;y\u0131 k\u0131\u015fk\u0131rtmak ve sava\u015f\u0131n i\u00e7ine \u00e7ekmek i\u00e7in planlanm\u0131\u015f bir olayd\u0131. ABD&rsquo;nin, Ukrayna&rsquo;ya yapt\u0131\u011f\u0131 silah sevkiyatlar\u0131 da kas\u0131tl\u0131d\u0131r. ABD, Ukrayna&rsquo;y\u0131 sava\u015fa mecbur k\u0131lmak i\u00e7in elinden geleni yapm\u0131\u015ft\u0131r. Daha \u00f6nce bunun benzerini bizim i\u00e7imizde sat\u0131n ald\u0131\u011f\u0131 Gladyo ma\u015fas\u0131 ki\u015filer vas\u0131tas\u0131yla yapmaya \u00e7al\u0131\u015ft\u0131. (U\u00e7ak d\u00fc\u015f\u00fcrme krizi ve Rus B\u00fcy\u00fckel\u00e7inin \u00f6ld\u00fcr\u00fclme hususunu hat\u0131rlayal\u0131m.) T\u00fcrkiye asla ama asla ABD ve Bat\u0131 ile birlikte davranmamal\u0131, Rusya&rsquo;ya kar\u015f\u0131 da dikkatli olmal\u0131d\u0131r. T\u00fcrkiye e\u011fer bu \u015fekilde ad\u0131mlar atarsa, ABD ve Bat\u0131&rsquo;n\u0131n as\u0131l istedi\u011fini yapm\u0131\u015f olacak ve Avrasya \u0130slam Birli\u011fini bu hamle ile bozmu\u015f olacakt\u0131r. Sonras\u0131nda olu\u015fabilecek Do\u011falgaz krizleri ba\u015fta olmak \u00fczere, tah\u0131l ve baz\u0131 g\u0131da krizleri, turizm ve ticaretin sekteye u\u011framas\u0131 gibi b\u00fcy\u00fck s\u0131k\u0131nt\u0131lar ya\u015fayacakt\u0131r. Zaten NATO&rsquo;nun do\u011fuya do\u011fru geni\u015flemesi bu b\u00f6lgede de b\u00fcy\u00fck kaos ve y\u0131k\u0131mlara neden olacakt\u0131r. Malum, NATO gitti\u011fi her yere kan ve g\u00f6zya\u015f\u0131ndan ba\u015fka bir \u015fey ta\u015f\u0131mam\u0131\u015ft\u0131r. <\/span><\/strong><\/p>\n<p style=\"margin-bottom: 0cm; text-align: justify; text-indent: 25.5pt; line-height: 16pt;\"><strong><span style=\"font-size: 14pt; font-family: 'Arial', sans-serif;\">ABD&rsquo;nin ve Emperyal G\u00fc\u00e7lerin Olas\u0131 Tehlikeli Senaryolar\u0131 \u015eunlard\u0131r:<\/span><\/strong><\/p>\n<p style=\"margin-bottom: 0cm; text-align: justify; text-indent: 25.5pt; line-height: 16pt;\"><strong><span style=\"font-size: 12pt; font-family: 'Arial', sans-serif;\">1- ABD ve AB Yunanistan&rsquo;\u0131 k\u0131\u015fk\u0131rtarak bizimle \u00e7at\u0131\u015ft\u0131rabilir, Bat\u0131&rsquo;y\u0131 arkas\u0131na al\u0131p \u015f\u0131maran Yunanistan&rsquo;a her t\u00fcrl\u00fc deste\u011fi sa\u011flayabilir.<\/span><\/strong><\/p>\n<p style=\"margin-bottom: 0cm; text-align: justify; text-indent: 25.5pt; line-height: 16pt;\"><strong><span style=\"font-size: 12pt; font-family: 'Arial', sans-serif;\">2- ABD Kuzey Suriye&rsquo;de destekledi\u011fi YPG-PKK ter\u00f6r \u00f6rg\u00fct\u00fcne; <\/span><\/strong><strong><em><span style=\"font-size: 14pt; font-family: 'Arial', sans-serif;\">Bir<\/span><\/em><\/strong><strong><span style=\"font-size: 14pt; font-family: 'Arial', sans-serif;\"> <em>K\u00fcrt Devleti kurdu\u011funu ilan etmesini<\/em><\/span><\/strong><span style=\"font-size: 14pt; font-family: 'Arial', sans-serif;\"> <\/span><strong><span style=\"font-size: 12pt; font-family: 'Arial', sans-serif;\">\u00e7abukla\u015ft\u0131r\u0131labilir.<\/span><\/strong><\/p>\n<p style=\"margin-bottom: 0cm; text-align: justify; text-indent: 25.5pt; line-height: 16pt;\"><strong><span style=\"font-size: 12pt; font-family: 'Arial', sans-serif;\">3- ABD-\u0130srail elindeki elektronik harp silahlar\u0131yla T\u00dcRK u\u00e7aklar\u0131na ve T\u00dcRK gemilerine zarar verebilir.<\/span><\/strong><\/p>\n<p style=\"margin-bottom: 0cm; text-align: justify; text-indent: 25.5pt; line-height: 16pt;\"><strong><span style=\"font-size: 12pt; font-family: 'Arial', sans-serif;\">4- AB K\u0131br\u0131s Rum Kesimi&rsquo;ni k\u0131\u015fk\u0131rtarak bir \u00e7at\u0131\u015fma \u00e7\u0131karabilir.<\/span><\/strong><\/p>\n<p style=\"margin-bottom: 0cm; text-align: justify; text-indent: 25.5pt; line-height: 16pt;\"><strong><span style=\"font-size: 12pt; font-family: 'Arial', sans-serif;\">5- ABD-\u0130srail T\u00fcrk karar al\u0131c\u0131lar\u0131na ses getirecek suikastlar planlayabilir. (Pakistan \u00f6rne\u011fi.)<\/span><\/strong><\/p>\n<p style=\"margin-bottom: 0cm; text-align: justify; text-indent: 25.5pt; line-height: 16pt;\"><strong><span style=\"font-size: 12pt; font-family: 'Arial', sans-serif;\">6- Siyonist ve emperyalist merkezler, Rusya ile ili\u015fkimizi bozacak \u015fekilde kumpas, yalan ve planl\u0131 hareketler i\u00e7in radikal dinci veya sol \u00f6rg\u00fctleri ta\u015feron olarak kullanabilir. (\u00d6rnek; El\u00e7i suikast\u0131, u\u00e7ak d\u00fc\u015f\u00fcr\u00fclmesi.)<\/span><\/strong><\/p>\n<p style=\"margin-bottom: 0cm; text-align: justify; text-indent: 25.5pt; line-height: 16pt;\"><strong><span style=\"font-size: 12pt; font-family: 'Arial', sans-serif;\">7- ABD-AB, Ermeni sorununu tart\u0131\u015fmaya a\u00e7arak T\u00fcrkiye&rsquo;yi k\u00f6\u015feye s\u0131k\u0131\u015ft\u0131rabilir, asl\u0131nda onlar\u0131 Ermeni \u00e7etelerinin katliam\u0131ndan koruma ama\u00e7l\u0131 giri\u015filen tehcir s\u0131ras\u0131nda vefat eden Ermenilerin ve varislerinin hayat sigortalar\u0131n\u0131 g\u00fcndeme getirebilir. <\/span><\/strong><\/p>\n<p style=\"margin-bottom: 0cm; text-align: justify; text-indent: 25.5pt; line-height: 16pt;\"><strong><span style=\"font-size: 12pt; font-family: 'Arial', sans-serif;\">8- ABD darbeci ter\u00f6r \u00f6rg\u00fct\u00fc FET\u00d6&rsquo;n\u00fcn i\u00e7imizdeki kripto militanlar\u0131n\u0131 yeniden k\u0131\u015fk\u0131rtarak darbe kalk\u0131\u015fmas\u0131 yapt\u0131rabilir.<\/span><\/strong><\/p>\n<p style=\"margin-bottom: 0cm; text-align: justify; text-indent: 25.5pt; line-height: 16pt;\"><strong><span style=\"font-size: 12pt; font-family: 'Arial', sans-serif;\">9- FET\u00d6 ter\u00f6r \u00f6rg\u00fct\u00fc benzeri dini motifli bir \u00f6rg\u00fct\u00fcn veya tarikat\u0131n i\u00e7ine s\u0131zan \u0130srail ve ABD ajanlar\u0131 devlete meydan okumaya kalk\u0131\u015fabilir. <\/span><\/strong><\/p>\n<p style=\"margin-bottom: 0cm; text-align: justify; text-indent: 25.5pt; line-height: 16pt;\"><strong><span style=\"font-size: 12pt; font-family: 'Arial', sans-serif;\">10- AB-ABD radikal sol \u00f6rg\u00fctleri \u00fclkemizde, Gezi benzeri bir provokasyona y\u00f6neltebilir.<\/span><\/strong><\/p>\n<p style=\"margin-bottom: 0cm; text-align: justify; text-indent: 25.5pt; line-height: 16pt;\"><strong><span style=\"font-size: 12pt; font-family: 'Arial', sans-serif;\">11- 20 y\u0131ld\u0131r ayn\u0131 partinin kazanmas\u0131na ve sorunlar\u0131n y\u0131\u011f\u0131lmas\u0131na tepki olarak, ekonominin k\u00f6t\u00fc gidi\u015fat\u0131, yolsuzluklar\u0131n artmas\u0131 ve adaletten yak\u0131nan kitlelerin provokat\u00f6rlerle soka\u011fa \u00e7a\u011fr\u0131lmas\u0131 \u00fclkeyi kaosa s\u00fcr\u00fckleyebilir.<\/span><\/strong><\/p>\n<p style=\"margin-bottom: 0cm; text-align: justify; text-indent: 25.5pt; line-height: 16pt;\"><strong><span style=\"font-size: 14pt; font-family: 'Arial', sans-serif;\">\u25cf ABD Kuzey Suriye&rsquo;de destekledi\u011fi YPG-PKK ter\u00f6r \u00f6rg\u00fct\u00fcne <em>K\u00fcrt devleti kurdu\u011funu ilan etmesini <\/em>sa\u011flayabilirdi.<\/span><\/strong><\/p>\n<p style=\"margin-bottom: 0cm; text-align: justify; text-indent: 25.5pt; line-height: 16pt;\"><strong><span style=\"font-size: 12pt; font-family: 'Arial', sans-serif;\">ABD Suriye Haseke&#8217;nin Ayn Divar (\u00c7avu\u015fk\u00f6y) b\u00f6lgesinde, yakla\u015f\u0131k 1000 askerlik bir \u00fcs kurmu\u015ftu. Suriye, Irak ve T\u00fcrkiye s\u0131n\u0131r \u00fc\u00e7geninde stratejik \u00f6neme sahip co\u011frafi konumda \u00fcs benzeri bir askeri merkez olu\u015fturdu. A\u011f\u0131r vas\u0131talar ve z\u0131rhl\u0131 ara\u00e7lar\u0131n bu merkeze giri\u015f yapt\u0131klar\u0131 saptan\u0131yordu. El-Yarubiye k\u0131rsal\u0131n\u0131n kuzeyindeki Tel Alu&rsquo;da bir \u00fcs in\u015fa edilmesinin ard\u0131ndan Washington, Haseke k\u0131rsal\u0131ndaki El-Malikiye b\u00f6lgesinde in\u015fa etti\u011fi ikinci askeri \u00fcs ile \u00fc\u00e7 \u00fcs kurmu\u015f oluyordu. Saddam H\u00fcseyin rejimini devirmek i\u00e7in Mart 2003&#8217;te Irak&#8217;\u0131 i\u015fgal eden ABD&#8217;nin bu \u00fclkede bilinen 9 askeri \u00fcss\u00fc bulunuyordu. ABD&#8217;nin Irak&#8217;ta h\u00e2lihaz\u0131rda yakla\u015f\u0131k 5 bin askeri konu\u015fluydu.<\/span><\/strong><\/p>\n<p style=\"margin-bottom: 0cm; text-align: justify; text-indent: 25.5pt; line-height: 16pt;\"><strong><span style=\"font-size: 12pt; font-family: 'Arial', sans-serif;\">Suriye&rsquo;de, Amerikal\u0131lar\u0131n iste\u011fi \u00fczerine 2015&rsquo;te <\/span><\/strong><strong><em><span style=\"font-size: 14pt; font-family: 'Arial', sans-serif;\">Suriye Demokratik G\u00fc\u00e7leri<\/span><\/em><\/strong><strong><span style=\"font-size: 12pt; font-family: 'Arial', sans-serif;\"> ad\u0131 ile \u00f6rg\u00fctlenen PKK\/YPG&rsquo;ye; TOW f\u00fczelerinin yan\u0131 s\u0131ra ABD men\u015feli \u00e7oklu roketatarlar ve roketatar rampalar\u0131, 80 ve 120 mm \u00fcretimi havanlar, MK19 bomba atar, Humwee tipi askeri ara\u00e7lar, Cougar tipi z\u0131rhl\u0131 personel ta\u015f\u0131y\u0131c\u0131lar, insans\u0131z k\u00fc\u00e7\u00fck hava g\u00f6zlem ara\u00e7lar\u0131 verildi\u011fi biliniyordu. Hatta ABD, T\u00fcrkiye&rsquo;ye satmaya yana\u015fmad\u0131\u011f\u0131 FGM-148 Javelin Anti-tank f\u00fczelerini yine PKK&rsquo;n\u0131n Suriye kolu SDG&rsquo;ye teslim ediyordu.<\/span><\/strong><\/p>\n<p style=\"margin-bottom: 0cm; text-align: justify; text-indent: 25.5pt; line-height: 16pt;\"><strong><span style=\"font-size: 14pt; font-family: 'Arial', sans-serif;\">\u25cf ABD-\u0130srail elindeki elektronik harp silahlar\u0131yla T\u00fcrk u\u00e7aklar\u0131na ve T\u00fcrk gemilerine zarar verebilirdi.<\/span><\/strong><\/p>\n<p style=\"margin-bottom: 0cm; text-align: justify; text-indent: 25.5pt; line-height: 16pt;\"><strong><span style=\"font-size: 12pt; font-family: 'Arial', sans-serif;\">ABD&rsquo;nin \u00f6nemli bir projesi olan ve \u015fu anda da aktif olarak kulland\u0131\u011f\u0131 HAARP silah\u0131n\u0131 T\u00fcrkiye aleyhine kullanaca\u011f\u0131 hesaba kat\u0131lmal\u0131yd\u0131. HAARP; Amerika Birle\u015fik Devletleri Silahl\u0131 Kuvvetleri, Deniz Kuvvetleri ve Alaska \u00dcniversitesi taraf\u0131ndan ortak y\u00fcr\u00fct\u00fclen, iyonosferin \u00f6zelliklerini ve davran\u0131\u015flar\u0131n\u0131 ara\u015ft\u0131rmak \u00fczere Alaska&rsquo;da 1997 y\u0131l\u0131nda devreye giren ve halen s\u00fcrmekte olan bir \u00e7al\u0131\u015fmayd\u0131. Bu, d\u00fcnyan\u0131n en b\u00fcy\u00fck k\u0131sa dalga yay\u0131n program\u0131na, bug\u00fcn 14 \u00fcniversite, yay\u0131n alan\u0131n\u0131n planlanmas\u0131 ve kurulmas\u0131nda g\u00f6rev alm\u0131\u015ft\u0131. HAARP yaln\u0131z Alaska&rsquo;daki b\u00fcy\u00fck tesis ile s\u0131n\u0131rl\u0131 san\u0131lmas\u0131nd\u0131: Norve\u00e7 (EISCAT Projesi), Spitzbergen, eski bir enstallasyon olan Fairbanks (Alaska) ve Arecibo\/Puerto Rico. Ayr\u0131ca Rusya&#8217;da Nischni Nowgoorod yak\u0131nlar\u0131ndaki Suro Projesi de HAARP kapsam\u0131nda. Bu fikir, ilk kez S\u0131rp as\u0131ll\u0131 (ve M\u00fcsl\u00fcman oldu\u011fu konu\u015fulan) ABD&rsquo;li bilim adam\u0131 Nikola Tesla taraf\u0131ndan ortaya at\u0131lm\u0131\u015ft\u0131.<\/span><\/strong><\/p>\n<p style=\"margin-bottom: 0cm; text-align: justify; text-indent: 25.5pt; line-height: 16pt;\"><strong><span style=\"font-size: 12pt; font-family: 'Arial', sans-serif;\">Alaska&rsquo;daki HAARP istasyonu tam g\u00fc\u00e7le \u00e7al\u0131\u015ft\u0131r\u0131ld\u0131\u011f\u0131nda, sadece bir saatte 3,5 megawatt elektrik enerjisi t\u00fcketiyordu. Bu rakam, yakla\u015f\u0131k 5 bin buzdolab\u0131n\u0131n ya da 20 bin bilgisayar\u0131n veyahut 100 wattl\u0131k 35 bin ampul\u00fcn, 1 saatte t\u00fcketti\u011fi ortalama enerjiye denk geliyordu. HAARP Alaska tesisi i\u015fte bu oranda bir enerji t\u00fcketimi ile 14 hektar alan\u0131 kaplayan 22 metrelik 180 dev anten vas\u0131tas\u0131yla g\u00f6klere y\u00fckselen bir enerji plazma k\u00fcmesi olu\u015fturuyordu. Suriye&rsquo;de (23.06.2012&rsquo;de) d\u00fc\u015f\u00fcr\u00fclen T\u00fcrk sava\u015f u\u00e7a\u011f\u0131n\u0131n bu t\u00fcr bir elektronik enerjiyle d\u00fc\u015f\u00fcr\u00fcld\u00fc\u011f\u00fc tart\u0131\u015f\u0131l\u0131yordu.<\/span><\/strong><\/p>\n<p style=\"margin-bottom: 0cm; text-align: justify; text-indent: 25.5pt; line-height: 16pt;\"><strong><span style=\"font-size: 14pt; font-family: 'Arial', sans-serif;\">\u25cf AB K\u0131br\u0131s Rum Kesimi&rsquo;ni k\u0131\u015fk\u0131rtarak bir \u00e7at\u0131\u015fma \u00e7\u0131kartabilirdi&#8230;<\/span><\/strong><\/p>\n<p style=\"margin-bottom: 0cm; text-align: justify; text-indent: 25.5pt; line-height: 16pt;\"><strong><span style=\"font-size: 12pt; font-family: 'Arial', sans-serif;\">K\u0131br\u0131s Rum Kesimi s\u00fcrekli silahland\u0131r\u0131l\u0131yor, tart\u0131\u015fmal\u0131 oldu\u011fu halde AB&rsquo;ye al\u0131n\u0131yordu. \u00d6te yandan T\u00fcrk taraf\u0131 y\u0131llard\u0131r ambargo alt\u0131nda, direkt u\u00e7ak u\u00e7muyor ve limanlar\u0131na turistik gemiler yana\u015fm\u0131yordu. Bat\u0131 ve ABD \u015firketleri Rum deniz sahas\u0131nda ve uluslararas\u0131 sularda petrol aramaya kalk\u0131yor, ancak T\u00fcrk karar al\u0131c\u0131lar\u0131n\u0131n etkin giri\u015fimi ve Deniz Kuvvetlerinin oraya g\u00f6nderilmesi bunlar\u0131 frenliyordu. Ayr\u0131ca Libya Devleti ile hayata ge\u00e7irilen \u00f6zel anla\u015fmalarla T\u00fcrkiye, Akdeniz&rsquo;de egemenlik alan\u0131n\u0131 geni\u015fletiyordu. \u0130ngiltere burada bulunan \u00fcslerini korumak i\u00e7in s\u00fcrekli Rumlar\u0131 destekliyordu. Kahraman T\u00fcrk Silahl\u0131 Kuvvetleri Ecevit H\u00fck\u00fcmetinde ve Erbakan&rsquo;\u0131n \u00f6zel gayretleriyle ba\u015far\u0131lan 1974 \u015eanl\u0131 Bar\u0131\u015f Harek\u00e2t\u0131&rsquo;ndan bu yana orada T\u00fcrk bayra\u011f\u0131n\u0131 dalgaland\u0131r\u0131yordu. Bat\u0131 ve Rumlar bunu asla hazmedemiyordu. T\u00fcrk Ordusu en imk\u00e2ns\u0131z d\u00f6nemde Sampson Darbesi&rsquo;nden 120 saat sonra Prof. Dr. Necmettin Erbakan ve B\u00fclent Ecevit taraf\u0131ndan onaylanan Bar\u0131\u015f Harek\u00e2t\u0131 ile Girne&rsquo;de k\u0131y\u0131 ba\u015f\u0131n\u0131 tutmay\u0131 ba\u015far\u0131yordu.<\/span><\/strong><\/p>\n<p style=\"margin-bottom: 0cm; text-align: justify; text-indent: 25.5pt; line-height: 16pt;\"><strong><span style=\"font-size: 12pt; font-family: 'Arial', sans-serif;\">AB&rsquo;nin g\u00fcvenlik ve savunma ile ilgili stratejik pusula isimli son dok\u00fcman\u0131 T\u00fcrkiye&rsquo;ye d\u00fc\u015fmanca bak\u0131\u015f\u0131n t\u00fcm delillerini bize sunuyordu. Bu belge ve referans verdi\u011fi 25 Mart 2021 belgesine g\u00f6re T\u00fcrkiye&rsquo;nin Mavi Vatan&rsquo;dan ve K\u0131br\u0131s&rsquo;tan uzakla\u015ft\u0131r\u0131lmas\u0131 \u00f6ng\u00f6r\u00fcl\u00fcyordu. AB, utanmazca T\u00fcrkiye&rsquo;yi her iki alanda sald\u0131rgan ve hukuksuz olarak tan\u0131ml\u0131yor, Yunanistan ve GKRY&rsquo;ye toz kondurmuyordu. Yeni D\u00fcnya D\u00fczeni kurulurken 1947&rsquo;den bu yana ait oldu\u011fumuzu sand\u0131\u011f\u0131m\u0131z Avrupa Atlantik yap\u0131 bizden jeopolitik t\u00fcm \u00e7\u0131karlar\u0131m\u0131zdan vazge\u00e7memizi istiyordu. Kendi jeopolitik dizaynlar\u0131n\u0131 tan\u0131mam\u0131z\u0131 ve boyun e\u011fmemizi dayat\u0131yordu. Onlara <em>&ldquo;Hay\u0131r ve asla!&rdquo;<\/em> \u015feklinde, net ve tek cevap verilmesi gerekiyordu.<\/span><\/strong><\/p>\n<p style=\"margin-bottom: 0cm; text-align: justify; text-indent: 25.5pt; line-height: 16pt;\"><strong><span style=\"font-size: 14pt; font-family: 'Arial', sans-serif;\">\u25cf ABD-\u0130srail T\u00fcrk karar al\u0131c\u0131lar\u0131na y\u00f6nelik, ses getirecek suikastlar planlayabilirdi. (Pakistan \u00f6rne\u011fi)<\/span><\/strong><\/p>\n<p style=\"margin-bottom: 0cm; text-align: justify; text-indent: 25.5pt; line-height: 16pt;\"><strong><span style=\"font-size: 12pt; font-family: 'Arial', sans-serif;\">Suudi Arabistanl\u0131 bir bilim adam\u0131n\u0131n gayreti ve Arap \u0130slam \u00fclkelerinin parasal deste\u011fi ile Pakistan, atom bombas\u0131na sahip olan ilk \u0130slam devleti halini alm\u0131\u015ft\u0131. ABD ve \u0130srail bu bomban\u0131n yap\u0131m\u0131na engel olamam\u0131\u015flar, ancak bombay\u0131 yapmay\u0131 destekleyen Devlet Ba\u015fkan\u0131 <\/span><\/strong><strong><span style=\"font-size: 14pt; font-family: 'Arial', sans-serif;\">Ziya \u00dclhak&rsquo;\u0131, <\/span><\/strong><strong><span style=\"font-size: 12pt; font-family: 'Arial', sans-serif;\">yan\u0131nda ABD B\u00fcy\u00fckel\u00e7isi oldu\u011fu halde helikopteriyle havaya u\u00e7urmu\u015flard\u0131. <\/span><\/strong><\/p>\n<p style=\"margin-bottom: 0cm; text-align: justify; text-indent: 25.5pt; line-height: 16pt;\"><strong><span style=\"font-size: 12pt; font-family: 'Arial', sans-serif;\">&#8220;\u0130ran&#8217;\u0131n n\u00fckleer bomba program\u0131n\u0131n babas\u0131&#8221; olarak an\u0131lan Muhsin Fahrizade, \u0130ran&#8217;\u0131n ba\u015fkenti Tahran&#8217;\u0131n 95 kilometre do\u011fusundaki Abserd kentinde suikasta u\u011fram\u0131\u015ft\u0131. \u0130yi e\u011fitimli olarak tan\u0131mlanan ve yurt d\u0131\u015f\u0131ndan g\u00fcvenlik ve istihbarat\u00e7\u0131 12 suikast\u00e7\u0131, Abserd kentine konu\u015fland\u0131r\u0131lm\u0131\u015ft\u0131. 62 ki\u015fiden olu\u015fan ekipten kalan 50 ki\u015fi ise lojistik destek sa\u011flam\u0131\u015ft\u0131.<\/span><\/strong><\/p>\n<p style=\"margin-bottom: 0cm; text-align: justify; text-indent: 25.5pt; line-height: 16pt;\"><strong><span style=\"font-size: 12pt; font-family: 'Arial', sans-serif;\">ABD&#8217;nin Ba\u011fdat&#8217;taki havaliman\u0131nda Ha\u015fd-i \u015eabi g\u00fc\u00e7lerine ait bir konvoyu hedef ald\u0131\u011f\u0131 sald\u0131r\u0131s\u0131nda Kas\u0131m S\u00fcleymani ve Mehdi el M\u00fchendis ortadan kald\u0131r\u0131lm\u0131\u015ft\u0131. Ebu Mehdi El M\u00fchendis Hizbullah Tugaylar\u0131 Komutan\u0131, Kas\u0131m S\u00fcleymani ise <\/span><\/strong><strong><span style=\"font-size: 14pt; font-family: 'Arial', sans-serif;\">Kud\u00fcs G\u00fc\u00e7leri <\/span><\/strong><strong><span style=\"font-size: 12pt; font-family: 'Arial', sans-serif;\">komutan\u0131yd\u0131.<\/span><\/strong><\/p>\n<p style=\"margin-bottom: 0cm; text-align: justify; text-indent: 25.5pt; line-height: 16pt;\"><strong><span style=\"font-size: 14pt; font-family: 'Arial', sans-serif;\">\u25cf <\/span><\/strong><strong><span style=\"font-size: 12pt; font-family: 'Arial', sans-serif;\">Rusya ile ili\u015fkimizi bozacak \u015fekilde kumpas, yalan ve planl\u0131 hareketler i\u00e7in radikal dinci veya sol \u00f6rg\u00fctleri ta\u015feron olarak kullanabilirdi. (\u00d6rnek; El\u00e7i suikast\u0131, u\u00e7ak d\u00fc\u015f\u00fcr\u00fclmesi.)<\/span><\/strong><\/p>\n<p style=\"margin-bottom: 0cm; text-align: justify; text-indent: 25.5pt; line-height: 16pt;\"><strong><span style=\"font-size: 12pt; font-family: 'Arial', sans-serif;\">Rus B\u00fcy\u00fckel\u00e7i Andrey Karlov 19 Aral\u0131k 2016&#8217;da Ankara&#8217;daki \u00c7a\u011fda\u015f Sanatlar Merkezi&rsquo;ndeki foto\u011fraf sergisinin a\u00e7\u0131l\u0131\u015f\u0131nda yapt\u0131\u011f\u0131 konu\u015fma esnas\u0131nda, o s\u0131rada g\u00f6revli olmayan Ankara \u00c7evik Kuvvet \u015eube M\u00fcd\u00fcrl\u00fc\u011f\u00fc polis memuru Mevl\u00fct Mert Alt\u0131nta\u015f taraf\u0131ndan yak\u0131n mesafeden silahla ate\u015f edilerek \u00f6ld\u00fcr\u00fcl\u00fcyordu. Alt\u0131nta\u015f ise emniyet g\u00fc\u00e7leriyle girdi\u011fi \u00e7at\u0131\u015fmada suikast\u0131n hemen ard\u0131ndan vurularak hayat\u0131n\u0131 kaybediyor ve s\u0131rlar\u0131yla g\u00f6m\u00fcl\u00fcyordu. Ve yine hat\u0131rlay\u0131n\u0131z; Suriye hava sahas\u0131nda u\u00e7u\u015f yapan Rus sava\u015f u\u00e7a\u011f\u0131 d\u00fc\u015f\u00fcr\u00fclerek yine aram\u0131z\u0131 bozmak isteyen mahfiller sinsi planlar\u0131n\u0131 uygulamaya kalk\u0131\u015f\u0131yordu. T\u00fcrk Hava Kuvvetleri&#8217;ne ait iki ke\u015fif ama\u00e7l\u0131 u\u00e7u\u015f ger\u00e7ekle\u015ftiren F-16 tipi sava\u015f u\u00e7a\u011f\u0131 taraf\u0131ndan 24 Kas\u0131m 2015 tarihinde 09:24 saatinde Rus Hava Kuvvetleri&#8217;ne ait Sukhoi Su-24 tipi bir sald\u0131r\u0131 u\u00e7a\u011f\u0131 d\u00fc\u015f\u00fcr\u00fcl\u00fcyordu. Angajman kurallar\u0131 gere\u011fince Rus u\u00e7a\u011f\u0131n\u0131n d\u00fc\u015f\u00fcr\u00fclmesi iki \u00fclke aras\u0131nda gerilime neden olmu\u015ftu. \u0130ki \u00fclkenin sava\u015f noktas\u0131na geldi\u011fi u\u00e7ak d\u00fc\u015f\u00fcrme olay\u0131 FET\u00d6&rsquo;n\u00fcn kriptolu haberle\u015fme a\u011f\u0131 ByLock yaz\u0131\u015fmalar\u0131nda ortaya \u00e7\u0131k\u0131yordu. Rusya-Ukrayna sava\u015f\u0131nda bir Rus konvoyundaki 34 askerin \u00f6ld\u00fcr\u00fclmesini FET\u00d6&rsquo;c\u00fcler; <em>&ldquo;Suriye&rsquo;de \u015eehit edilen 34 Askerimizin intikam\u0131 al\u0131nd\u0131&rdquo;<\/em> \u015feklinde hemen k\u0131\u015fk\u0131rt\u0131c\u0131 yay\u0131nlar yap\u0131yordu.<\/span><\/strong><\/p>\n<p style=\"margin-bottom: 0cm; text-align: justify; text-indent: 25.5pt; line-height: 16pt;\"><strong><span style=\"font-size: 14pt; font-family: 'Arial', sans-serif;\">\u25cf ABD darbeci ter\u00f6r \u00f6rg\u00fct\u00fc FET\u00d6&rsquo;n\u00fcn i\u00e7imizdeki kripto militanlar\u0131n\u0131 yeniden k\u0131\u015fk\u0131rtarak darbe kalk\u0131\u015fmas\u0131 yapt\u0131rabilirdi&#8230;<\/span><\/strong><\/p>\n<p style=\"margin-bottom: 0cm; text-align: justify; text-indent: 25.5pt; line-height: 16pt;\"><strong><span style=\"font-size: 12pt; font-family: 'Arial', sans-serif;\">CIA&rsquo;n\u0131n yan kurulu\u015fu olarak bilinen RAND Corporation taraf\u0131ndan ABD Savunma Bakanl\u0131\u011f\u0131 (Pentagon) i\u00e7in haz\u0131rlanan rapor, daha \u00e7ok &ldquo;darbe&rdquo; s\u00f6ylentileriyle g\u00fcndeme ta\u015f\u0131n\u0131yordu. 15 Temmuz darbe giri\u015fimiyle FET\u00d6&rsquo;c\u00fclerin tasfiye edilmesinden rahats\u0131z olan Amerika&rsquo;n\u0131n, T\u00fcrk Silahl\u0131 Kuvvetleri \u00fczerinden T\u00fcrkiye ile ili\u015fkilerinin yeniden geli\u015ftirilmesine odaklanan raporda, bunu sa\u011flamak i\u00e7in de T\u00fcrkiye siyasetiyle ilgili alternatif senaryolar \u00fczerinden 10 y\u0131ll\u0131k bir perspektif olu\u015fturulmu\u015ftu.<\/span><\/strong><\/p>\n<p style=\"margin-bottom: 0cm; text-align: justify; text-indent: 25.5pt; line-height: 16pt;\"><strong><span style=\"font-size: 12pt; font-family: 'Arial', sans-serif;\">Fetullah\u00e7\u0131 Ter\u00f6r \u00d6rg\u00fct\u00fc kapsam\u0131nda; 669 bin 431 ki\u015fi hakk\u0131nda adli i\u015flem yap\u0131l\u0131yor, takipsizlik d\u0131\u015f\u0131nda kalan 227 bin ki\u015fi hakk\u0131nda karar al\u0131n\u0131yor, 125 bin ki\u015finin soru\u015fturma ve yarg\u0131lamas\u0131 devam ediyordu. S\u00fcren ve tamamlanan davalarda toplam 179 bin ki\u015fi hakk\u0131nda adli kontrol karar\u0131 veriliyordu. Cezaevlerinde ise 1.196&rsquo;s\u0131 tutuklu, 19 bin 360 h\u00fck\u00fcml\u00fc toplam 20 bin 556 FET\u00d6 mensubu bulunuyordu. \u00d6rne\u011fin; Babacan&rsquo;\u0131n partisinden casus \u00e7\u0131k\u0131yor, FET\u00d6&rsquo;c\u00fc \u00e7\u0131k\u0131yor, FET\u00d6&rsquo;c\u00fcleri savunuyor, onlar\u0131n derdine deva olmaya \u00e7al\u0131\u015f\u0131yor, yani o g\u00f6revini yap\u0131yordu. 2010&rsquo;da Balyoz kumpas\u0131 s\u0131ras\u0131nda, <em>&ldquo;Temizlik yaparken toz kalkar&rdquo;<\/em> diyordu. K\u0131l\u0131\u00e7daro\u011flu&rsquo;nun 4 dan\u0131\u015fman\u0131 FET\u00d6&rsquo;c\u00fc \u00e7\u0131k\u0131yor, Rasim B\u00f6l\u00fccek yarg\u0131lan\u0131yordu. Fatih G\u00fcrsul, 10 y\u0131l 6 ay hapis al\u0131yor, Murat Aksoy 2 y\u0131l 1 ay cezaya \u00e7arpt\u0131r\u0131l\u0131yordu. Ayr\u0131ca Koray \u00c7al\u0131\u015fkan da yarg\u0131lan\u0131yordu.<\/span><\/strong><\/p>\n<p style=\"margin-bottom: 0cm; text-align: justify; text-indent: 25.5pt; line-height: 16pt;\"><strong><span style=\"font-size: 12pt; font-family: 'Arial', sans-serif;\">G\u00f6zalt\u0131na al\u0131nanlar\u0131n <em>&ldquo;Etkin Pi\u015fmanl\u0131k&rdquo;<\/em> kapsam\u0131nda verdi\u011fi ifadeler FET\u00d6&rsquo;n\u00fcn yeni ku\u015fak \u00f6rg\u00fct \u00fcyelerini yeti\u015ftirmek i\u00e7in de ge\u00e7mi\u015fte oldu\u011fu gibi, <\/span><\/strong><strong><span style=\"font-size: 14pt; font-family: 'Arial', sans-serif;\">&lsquo;Tedbir&rsquo;<\/span><\/strong><strong><span style=\"font-size: 12pt; font-family: 'Arial', sans-serif;\"> (\u00d6nlem), <\/span><\/strong><strong><span style=\"font-size: 14pt; font-family: 'Arial', sans-serif;\">&lsquo;Takiye&rsquo;<\/span><\/strong><strong><span style=\"font-size: 12pt; font-family: 'Arial', sans-serif;\"> (Yalan ile her renge girmek), <\/span><\/strong><strong><span style=\"font-size: 14pt; font-family: 'Arial', sans-serif;\">&lsquo;Temkin&rsquo;<\/span><\/strong><strong><span style=\"font-size: 12pt; font-family: 'Arial', sans-serif;\"> (acele etmeden zamana yayarak sonu\u00e7 elde etmek) kurallar\u0131 ile devlete s\u0131zma amac\u0131na devam etti\u011fini g\u00f6steriyordu. T\u00fcrkiye&#8217;nin h\u00e2l\u00e2 bir numaral\u0131 mill\u00ee g\u00fcvenlik sorunu say\u0131lan Fetullah\u00e7\u0131 ter\u00f6r \u00f6rg\u00fct\u00fc bo\u015f durmuyordu. PKK&#8217;l\u0131 bir ter\u00f6rist belliydi, gidip sorunu ortadan kald\u0131rma imk\u00e2n\u0131 bulunuyordu. Ama bunlar \u00f6yle de\u011fil, \u015feytandan daha sinsi, vir\u00fcsten daha tehlikeli yakla\u015f\u0131yordu. Her k\u0131l\u0131\u011fa giriyor, her yere entegre oluyor, her itlik yap\u0131l\u0131yordu. Amerika&#8217;n\u0131n yar\u0131m as\u0131rdan fazlad\u0131r yat\u0131r\u0131m yapt\u0131\u011f\u0131, besleyip b\u00fcy\u00fctt\u00fc\u011f\u00fc istihbarat a\u011f\u0131rl\u0131kl\u0131 ter\u00f6r \u00f6rg\u00fct\u00fcnden bahsediyoruz. Art\u0131k sadece ABD de kullanm\u0131yordu bunlar\u0131, b\u00fct\u00fcn Avrupa \u00fclkelerinin istihbarat birimleri aleyhimize bunlardan yararlan\u0131yordu.<\/span><\/strong><\/p>\n<p style=\"margin-bottom: 0cm; text-align: justify; text-indent: 25.5pt; line-height: 16pt;\"><strong><span style=\"font-size: 12pt; font-family: 'Arial', sans-serif;\">T\u00fcrkiye&#8217;nin Bat\u0131 d\u00fcnyas\u0131nda imaj\u0131n\u0131n \u00e7izilmesi i\u00e7in FET\u00d6&rsquo;c\u00fcler b\u00fct\u00fcn g\u00fc\u00e7leriyle, etkili bir \u015fekilde \u00e7al\u0131\u015f\u0131yordu. Network ve para g\u00fc\u00e7leri, d\u00fcnyan\u0131n neredeyse her yerine da\u011f\u0131l\u0131p gizli servislerin kuca\u011f\u0131na d\u00fc\u015ft\u00fckleri i\u00e7in d\u00fcne nazaran daha \u00e7ok geni\u015fliyordu. Son aylarda kendilerine alan a\u00e7mak i\u00e7in organize olarak i\u015fledikleri yay\u0131n politikalar\u0131na bakt\u0131\u011f\u0131m\u0131zda, bilhassa s\u00f6ylemlerini bir\u00e7ok siyasi partiye benimsetmi\u015f olduklar\u0131 anla\u015f\u0131l\u0131yordu. T\u00fcrk Silahl\u0131 Kuvvetleri&rsquo;ndeki FET\u00d6 yap\u0131lanmas\u0131na y\u00f6nelik operasyonlarda bug\u00fcne kadar 25 binden fazla ihra\u00e7 i\u015flemi ger\u00e7ekle\u015firken, etkin pi\u015fmanl\u0131ktan yararlananlar\u0131n oran\u0131 y\u00fczde 40&rsquo;\u0131 bulunuyordu. \u00d6zellikle Ankara, \u0130stanbul ve \u0130zmir&rsquo;de askeri okul ve liselerdeki FET\u00d6 yap\u0131lanmas\u0131na y\u00f6nelik soru\u015fturmalarda ise etkin pi\u015fmanl\u0131ktan yararlananlar\u0131n oran\u0131 y\u00fczde 53&rsquo;e ula\u015f\u0131yordu. 4 bin 29 askeri \u00f6\u011frenci hakk\u0131nda g\u00f6zalt\u0131 karar\u0131 veriliyor, 3 bin 629&rsquo;u g\u00f6zalt\u0131na al\u0131n\u0131yordu. Bunlardan 1.917&rsquo;si yani y\u00fczde 53&rsquo;\u00fc itiraf\u00e7\u0131 oluyordu.<\/span><\/strong><\/p>\n<p style=\"margin-bottom: 0cm; text-align: justify; text-indent: 25.5pt; line-height: 16pt;\"><strong><span style=\"font-size: 12pt; font-family: 'Arial', sans-serif;\">FET\u00d6 eleba\u015f\u0131yla do\u011frudan ba\u011flant\u0131l\u0131 <\/span><\/strong><strong><span style=\"font-size: 14pt; font-family: 'Arial', sans-serif;\">Nizamettin G\u00fcl&rsquo;\u00fcn<\/span><\/strong><strong><span style=\"font-size: 12pt; font-family: 'Arial', sans-serif;\">, ABD ordusunda binba\u015f\u0131 r\u00fctbesiyle g\u00f6rev yapt\u0131\u011f\u0131 ortaya \u00e7\u0131k\u0131yordu. Hem de Kimyasal silahlar biriminde \u00e7al\u0131\u015f\u0131yordu!? ABD merkezli vak\u0131f Chrest Foundation&rsquo;\u0131n T\u00fcrkiye&rsquo;de fonlad\u0131\u011f\u0131 kurumlar\u0131n listesini g\u00fcncellerken, fonlanan medya kurulu\u015flar\u0131 aras\u0131nda Medyascope ve P24 \u00f6ne \u00e7\u0131k\u0131yordu. Vakf\u0131n kendi internet sitesinden a\u00e7\u0131klad\u0131\u011f\u0131 listede T\u00fcrkiye&rsquo;den bir\u00e7ok kurulu\u015f yer al\u0131yordu. On binlerce dolarl\u0131k destek alan kurumlar aras\u0131nda Anadolu K\u00fclt\u00fcr Derne\u011fi, Hrant Dink Vakf\u0131, Filmmor Kad\u0131n Kooperatifi, 140Journos, Mezopotamya Vakf\u0131, IKSV, Serbestiyet, Haf\u0131za Merkezi, Sivil Sayfalar, Sabanc\u0131 \u00dcniversitesi, Ba\u011f\u0131ms\u0131z Gazetecilik Platformu P24, Mek\u00e2nda Adalet Derne\u011fi, Mor \u00c7at\u0131 Kad\u0131n Derne\u011fi, Ekonomi ve D\u0131\u015f Politikalar Merkezi (EDAM) ile TESEV, T\u00fcrkiye Aile Sa\u011fl\u0131\u011f\u0131 ve Planlamas\u0131 Vakf\u0131 (TAPV), Yurtta\u015fl\u0131k Derne\u011fi ve Diyarbak\u0131r Siyasal ve Sosyal Ara\u015ft\u0131rmalar Enstit\u00fcs\u00fc (D\u0130SA) bulunuyordu.<\/span><\/strong><\/p>\n<p style=\"margin-bottom: 0cm; text-align: justify; text-indent: 25.5pt; line-height: 16pt;\"><strong><span style=\"font-size: 12pt; font-family: 'Arial', sans-serif;\">Fetullah\u00e7\u0131 Ter\u00f6r \u00d6rg\u00fct\u00fc&#8217;n\u00fcn (FET\u00d6) 15 Temmuz&#8217;daki darbe giri\u015fimi esnas\u0131nda Cumhurba\u015fkan\u0131 Recep Tayyip Erdo\u011fan&#8217;\u0131n u\u00e7a\u011f\u0131n\u0131n lokasyonuyla ilgili 3 kez payla\u015f\u0131mda bulunarak dikkatleri \u00fczerine \u00e7eken ABD&#8217;nin \u00f6zel istihbarat \u00f6rg\u00fct\u00fc <\/span><\/strong><strong><em><span style=\"font-size: 14pt; font-family: 'Arial', sans-serif;\">Stratfor kurulu\u015fu<\/span><\/em><\/strong><strong><span style=\"font-size: 12pt; font-family: 'Arial', sans-serif;\"> oluyordu. Yahudi as\u0131ll\u0131lar\u0131n ve eski istihbarat\u00e7\u0131lar\u0131n \u00e7al\u0131\u015ft\u0131\u011f\u0131 <\/span><\/strong><strong><span style=\"font-size: 14pt; font-family: 'Arial', sans-serif;\">Stratfor<\/span><\/strong><strong><span style=\"font-size: 12pt; font-family: 'Arial', sans-serif;\"> g\u00f6lge CIA olarak biliniyordu. Stratfor&rsquo;un kurucusu olan siyaset bilimci George Friedman, yeni muhafazak\u00e2r (neo-con), \u0130slam kar\u015f\u0131t\u0131 ve \u0130srail yanl\u0131s\u0131 kimli\u011fiyle tan\u0131n\u0131yordu.<\/span><\/strong><\/p>\n<p style=\"margin-bottom: 0cm; text-align: justify; text-indent: 25.5pt; line-height: 16pt;\"><strong><span style=\"font-size: 14pt; font-family: 'Arial', sans-serif;\">\u25cf ABD-AB Ermeni sorununu tart\u0131\u015fmaya a\u00e7arak T\u00fcrkiye&rsquo;yi k\u00f6\u015feye s\u0131k\u0131\u015ft\u0131rmay\u0131, tehcirdeki Ermenilerin hayat sigortalar\u0131n\u0131 g\u00fcndeme getirebilirdi&#8230; <\/span><\/strong><\/p>\n<p style=\"margin-bottom: 0cm; text-align: justify; text-indent: 25.5pt; line-height: 16pt;\"><strong><span style=\"font-size: 12pt; font-family: 'Arial', sans-serif;\">Bu sorun s\u00fcrekli g\u00fcndeme ta\u015f\u0131nmaktayd\u0131. T\u00fcrkiye&rsquo;den tehcir edilen Ermenilerin \u015eam, L\u00fcbnan ve Kud\u00fcs&rsquo;te ABD&rsquo;li bir hayat sigortas\u0131 taraf\u0131ndan kendilerine hayat sigortas\u0131 yapt\u0131r\u0131ld\u0131\u011f\u0131 ve bunlar\u0131n ABD&rsquo;de bir bankan\u0131n kasas\u0131nda sakland\u0131\u011f\u0131 ve bir g\u00fcn bunlar\u0131n T\u00fcrkiye&rsquo;den istenece\u011fi varsay\u0131mlar\u0131 konu\u015fulmaktayd\u0131. Ancak T\u00fcrk S\u0130HA&rsquo;lar\u0131 Karaba\u011f&rsquo;da bu hayallerini \u015fimdilik topra\u011fa g\u00f6mmeyi ba\u015farm\u0131\u015ft\u0131.<\/span><\/strong><\/p>\n<p style=\"margin-bottom: 0cm; text-align: justify; text-indent: 25.5pt; line-height: 16pt;\"><strong><span style=\"font-size: 12pt; font-family: 'Arial', sans-serif;\">Ermenilerin, Kayseri ve Yozgat&#8217;taki isyanlar\u0131n\u0131, Sason \u0130syan\u0131&rsquo;n\u0131, 1895 Bab-\u0131 \u00c2li&#8217;ye yapt\u0131klar\u0131 bask\u0131n\u0131, 1896 banka bask\u0131n\u0131n\u0131, 1904 ikinci Sason \u0130syan\u0131&rsquo;n\u0131, 1905 Sultan Hamid&#8217;e bombal\u0131 suikast plan\u0131n\u0131 ve Adana Vakas\u0131 gibi olaylar\u0131 destekleyen g\u00fcc\u00fcn \u0130ngiltere ve Siyonist bankerler oldu\u011fu asla unutulmamal\u0131d\u0131r.<\/span><\/strong><\/p>\n<p style=\"margin-bottom: 0cm; text-align: justify; text-indent: 25.5pt; line-height: 16pt;\"><strong><span style=\"font-size: 14pt; font-family: 'Arial', sans-serif;\">\u25cf <\/span><\/strong><strong><span style=\"font-size: 12pt; font-family: 'Arial', sans-serif;\">FET\u00d6 ter\u00f6r \u00f6rg\u00fct\u00fc benzeri dini motifli bir \u00f6rg\u00fct\u00fcn i\u00e7ine s\u0131zan \u0130srail ve ABD ajanlar\u0131 devlete meydan okumaya kalk\u0131\u015fabilirdi&hellip;<\/span><\/strong><\/p>\n<p style=\"margin-bottom: 0cm; text-align: justify; text-indent: 25.5pt; line-height: 16pt;\"><strong><span style=\"font-size: 12pt; font-family: 'Arial', sans-serif;\">FET\u00d6 \u00f6rg\u00fct\u00fcn\u00fc kontrol eden ABD istihbarat\u0131, \u00f6dev vererek \u00f6nce TSK g\u00fc\u00e7lerine operasyon yapt\u0131rm\u0131\u015ft\u0131. Polise s\u0131zm\u0131\u015f ve 15 Temmuz gecesi T\u00fcrk Devleti&rsquo;ne darbeye kalk\u0131\u015fm\u0131\u015ft\u0131. Bu a\u015famaya gelinceye kadar maalesef Erdo\u011fan iktidar\u0131 bu Dini motifli \u00e7eteye ses \u00e7\u0131karmam\u0131\u015f, hatta her t\u00fcrl\u00fc deste\u011fi sa\u011flam\u0131\u015ft\u0131. S\u00fcrekli &ldquo;Aln\u0131 secdeye de\u011fenler&rdquo; deyimine s\u0131\u011f\u0131nm\u0131\u015flard\u0131. Ge\u00e7ti\u011fimiz aylarda Nevruz Bayram\u0131n\u0131 sabote eden PKK ter\u00f6r \u00f6rg\u00fct\u00fcn\u00fcn eylemler yapt\u0131\u011f\u0131 g\u00fcn, Adana&rsquo;da \u015feriat\u00e7\u0131 ge\u00e7inen bir yap\u0131 sokaklara \u00e7\u0131karak provokatif eylemler yapm\u0131\u015flard\u0131. 2018, 2019 ve 2021 tarihli iddianamelerde FET\u00d6\/PDY ve PKK&rsquo;ya <em>&ldquo;isteyerek yard\u0131m aktard\u0131\u011f\u0131 ve ter\u00f6r propagandas\u0131 yapt\u0131\u011f\u0131&rdquo;<\/em> belirtilen bu t\u00fcr yap\u0131lanmalar, dikkatle takibe al\u0131nmal\u0131yd\u0131.<\/span><\/strong><\/p>\n<p style=\"margin-bottom: 0cm; text-align: justify; text-indent: 25.5pt; line-height: 16pt;\"><strong><span style=\"font-size: 14pt; font-family: 'Arial', sans-serif;\">\u25cf AB-ABD radikal sol \u00f6rg\u00fctleri, \u00fclkede Gezi benzeri bir kalk\u0131\u015fmaya y\u00f6neltebilirdi&#8230;<\/span><\/strong><\/p>\n<p style=\"margin-bottom: 0cm; text-align: justify; text-indent: 25.5pt; line-height: 16pt;\"><strong><span style=\"font-size: 12pt; font-family: 'Arial', sans-serif;\">Maalesef T\u00fcrk sol \u00f6rg\u00fctler \u00e7ok tehlikeli bir \u015fekilde Bat\u0131, ABD, \u0130srail istihbaratlar\u0131n\u0131n g\u00fcd\u00fcm\u00fcnde bulunuyordu. Her zaman \u00fclkede provokatif eylemlere kalk\u0131\u015fmak, suikastlar, bombalamalar, Gezi eylemleri gibi ter\u00f6rist faaliyetlerde kullan\u0131lmak \u00fczere destekleniyordu. 12 Eyl\u00fcl \u00f6ncesinde fabrikat\u00f6r Mete Has, Adanal\u0131 zenginlerden Talip Aksoy ve Dr. Hakan Duman&rsquo;\u0131n o\u011fullar\u0131n\u0131 ka\u00e7\u0131rm\u0131\u015flar, aileleri bunlar\u0131n serbest b\u0131rak\u0131lmas\u0131 i\u00e7in bu \u00f6rg\u00fctlere (bug\u00fcnk\u00fc parayla trilyonlar\u0131 bulan) bir milyon liradan fazla fidye \u00f6demi\u015flerdi. Ama failler tahmin edilseler bile nedense bulunam\u0131yordu!?<\/span><\/strong><\/p>\n<p style=\"margin-bottom: 0cm; text-align: justify; text-indent: 25.5pt; line-height: 16pt;\"><strong><em><span style=\"font-size: 12pt; font-family: 'Arial', sans-serif;\">Sabanc\u0131 Center&rsquo;de Sabanc\u0131 ailesinin en \u00f6nemli bireyinin katledilmesi&#8230; Eski Ba\u015fbakan Nihat Erim&rsquo;in \u00f6ld\u00fcr\u00fclmesi<\/span><\/em><\/strong><strong><span style=\"font-size: 12pt; font-family: 'Arial', sans-serif;\"> gibi menfur suikastlar\u0131 da unutmamak gerekiyordu. DEV-SOL \u00f6rg\u00fct\u00fc 1980 d\u00f6nemine kadar 35 emniyet mensubu, 23 asker ve 240 vatanda\u015f\u0131n can\u0131na k\u0131yan bir ter\u00f6r \u00f6rg\u00fct\u00fc oluyordu.<\/span><\/strong><\/p>\n<p style=\"margin-bottom: 0cm; text-align: justify; text-indent: 25.5pt; line-height: 16pt;\"><strong><span style=\"font-size: 14pt; font-family: 'Arial', sans-serif;\">\u25cf 20 y\u0131ld\u0131r ayn\u0131 partinin kazanmas\u0131na ra\u011fmen maddi ve manevi tahribatlar\u0131n artmas\u0131, ekonominin \u00e7ok k\u00f6t\u00fc olmas\u0131, yolsuzluk ve adaletten yak\u0131nan kitlelerin provokat\u00f6rlerle soka\u011fa \u00e7a\u011fr\u0131lmas\u0131, \u00fclkeyi kaosa s\u00fcr\u00fckleyebilirdi&hellip;<\/span><\/strong><\/p>\n<p style=\"margin-bottom: 0cm; text-align: justify; text-indent: 25.5pt; line-height: 16pt;\"><strong><span style=\"font-size: 12pt; font-family: 'Arial', sans-serif;\">D\u00fcnya tarihinde bazen en k\u00fc\u00e7\u00fck olaylar\u0131n \u00e7ok b\u00fcy\u00fck sars\u0131nt\u0131lar yaratarak yerle\u015fik d\u00fczenleri y\u0131kt\u0131\u011f\u0131 bilinmektedir. Toplumsal ya da siyasal devrimlerin de i\u00e7 sava\u015f benzeri kar\u0131\u015f\u0131k olaylar arac\u0131l\u0131\u011f\u0131 ile ger\u00e7ekle\u015fme yoluna gittikleri g\u00f6r\u00fclmektedir. T\u00fcrkiye gibi \u00e7oklu \u00f6zelliklere ve demografik \u00e7e\u015fitliliklere sahip olan devlet yap\u0131lar\u0131 i\u00e7inde, kolayl\u0131kla \u00e7oklu \u00f6zelliklerin baz\u0131lar\u0131, toplum i\u00e7indeki gruplar\u0131n \u00e7at\u0131\u015fmalarda taraf olmas\u0131 gibi i\u00e7 sava\u015f olu\u015fumlar\u0131n\u0131 besleyecek d\u00fczeyde destek ortamlar\u0131 yarat\u0131lmas\u0131nda etkili olabilmektedir.<\/span><\/strong><\/p>\n<p style=\"margin-bottom: 0cm; text-align: justify; text-indent: 25.5pt; line-height: 16pt;\"><strong><span style=\"font-size: 12pt; font-family: 'Arial', sans-serif;\">Kuvvetler ayr\u0131l\u0131\u011f\u0131 kald\u0131r\u0131larak, \u00fc\u00e7 \u00f6nemli g\u00fc\u00e7 erkinin, hatta medya etkinli\u011finin tek adama teslim edildi\u011fi i\u00e7in \u00fclkede fiilen ki\u015fisel hegemonya d\u00fczenine giden bir yap\u0131lanma g\u00fcndeme getirilmi\u015ftir. B\u00f6yle bir bask\u0131 d\u00fczenine ge\u00e7i\u015fle birlikte \u00fclkede tek merkezci bir bask\u0131 sistemi \u00e7er\u00e7evesinde, vatanda\u015flar art\u0131k konu\u015famaz konuma itilmi\u015ftir. B\u00fct\u00fcn d\u00fcnya \u00fclkelerindeki mafya \u00f6rg\u00fctlerinin i\u00e7inde bulunduklar\u0131 \u00fclkenin siyasetini ele ge\u00e7irerek devlete zarar verdikleri bir d\u00f6nemde, T\u00fcrkiye&rsquo;de Sedat Peker gibi bir yeralt\u0131 d\u00fcnyas\u0131 mensubu ki\u015finin, bunun tam aksi y\u00f6nde ortaya \u00e7\u0131karak ger\u00e7ekleri dile getirmesi \u00f6nemli ve gizemli bir hadisedir.<\/span><\/strong><\/p>\n<p style=\"margin-bottom: 0cm; text-align: justify; text-indent: 25.5pt; line-height: 16pt;\"><strong><span style=\"font-size: 12pt; font-family: 'Arial', sans-serif;\">Devletleraras\u0131 rekabet ortam\u0131 devam ederken, uluslararas\u0131 kapitalizmin k\u00fcresel emperyalizme y\u00f6nelerek ulus devletleri hedef ald\u0131\u011f\u0131 bir noktada, ulus devletlerin par\u00e7alanmas\u0131 ka\u00e7\u0131n\u0131lmaz olarak g\u00fcndeme getirilmekte, ve k\u00fcresel \u015firketler ile ulus devletler birbirleriyle \u00e7eki\u015fmeye giri\u015fmektedir. Bu a\u015famada b\u00f6l\u00fcc\u00fc ve ayr\u0131l\u0131k\u00e7\u0131 siyasal olu\u015fumlar k\u00fcresel patronlar taraf\u0131ndan izlenerek desteklenmektedir. Toplumsal fay hatlar\u0131nda gerginlikler yaratarak b\u00fcy\u00fck ulus devletlerin \u00e7\u00f6k\u00fc\u015fe ve par\u00e7alanmaya y\u00f6nlendirilmesi, bug\u00fcn\u00fcn ko\u015fullar\u0131nda ortaya \u00e7\u0131kan i\u00e7 sava\u015flar\u0131n ana nedenidir. Birinci D\u00fcnya Sava\u015f\u0131 sonras\u0131nda ortaya \u00e7\u0131kar\u0131lan b\u00f6l\u00fcc\u00fcl\u00fck anlam\u0131nda bir Balkanizasyon, bug\u00fcn i\u00e7 sava\u015flar yolu ile d\u00fcnya haritas\u0131nda yayg\u0131nla\u015ft\u0131r\u0131lmak istenmektedir.<\/span><\/strong><\/p>\n<p style=\"margin-bottom: 0cm; text-align: justify; text-indent: 25.5pt; line-height: 16pt;\"><strong><span style=\"font-size: 12pt; font-family: 'Arial', sans-serif;\">K\u00fcreselle\u015fme s\u00fcrecinde ekonomiyi devletlerin elinden alarak \u00f6zel \u015firketlerin eline teslim eden emperyalizm, bug\u00fcn gelinen noktada merkezi devletlerin g\u00fcc\u00fcn\u00fc zay\u0131flat\u0131p ekonomik a\u00e7\u0131dan s\u00f6m\u00fcrge konumuna d\u00fc\u015f\u00fcrerek, D\u00fcnya halklar\u0131n\u0131 i\u015fsizlik ve a\u00e7l\u0131k krizlerine do\u011fru iteklerken; i\u00e7 sava\u015fa do\u011fru \u00fclkelerin s\u00fcr\u00fcklenmesini de ger\u00e7ekle\u015ftirmektedir. Art\u0131k ekonomik \u00e7\u00f6k\u00fcnt\u00fc i\u00e7 sava\u015f \u00e7\u0131kartman\u0131n en \u00f6nemli ko\u015fullar\u0131ndan birisidir. Devletlerin zay\u0131flamas\u0131, silahlanma yar\u0131\u015f\u0131, emperyalist oyunlar, k\u00fcresel hegemonya aray\u0131\u015flar\u0131, alt kimlik\u00e7i etnik ve dinsel yap\u0131lanmalar\u0131n k\u0131\u015fk\u0131rt\u0131lmas\u0131, k\u00fc\u00e7\u00fck uluslar\u0131n ba\u011f\u0131ms\u0131zla\u015fma \u00e7abalar\u0131 ile birlikte, ekonomik \u00e7\u00f6k\u00fcnt\u00fcler de i\u00e7 sava\u015flar\u0131n g\u00fcndeme gelmesine yol a\u00e7an en \u00f6nemli nedenler aras\u0131nda g\u00f6sterilmektedir.<\/span><\/strong><\/p>\n<p style=\"margin-bottom: 0cm; text-align: justify; text-indent: 25.5pt; line-height: 16pt;\"><strong><span style=\"font-size: 12pt; font-family: 'Arial', sans-serif;\">Siyonizm g\u00fcd\u00fcml\u00fc \u0130ngiliz devletinin Osmanl\u0131 sonras\u0131 merkezi b\u00f6lge plan\u0131nda Balkanizasyon olu\u015fumunu Orta Do\u011fu&rsquo;ya ta\u015f\u0131mak gibi bir hedefi oldu\u011fu i\u00e7in, Misak-\u0131 Milli s\u0131n\u0131rlar\u0131 i\u00e7inde kurulmu\u015f olan b\u00fcy\u00fck ulus devlet olarak, T\u00fcrkiye Cumhuriyeti kendi i\u00e7inden co\u011frafi b\u00f6lgelere ayr\u0131larak yedi k\u00fc\u00e7\u00fck ulus devlete b\u00f6l\u00fcnmeye \u00e7al\u0131\u015f\u0131lm\u0131\u015f ama; Misak-\u0131 Milli program\u0131ndan geri ad\u0131m atmayan T\u00fcrk Milleti, kurucu \u00f6nderin ortaya koydu\u011fu ulusal kurtulu\u015f ama\u00e7l\u0131 m\u00fccadeleyi s\u00fcrd\u00fcrerek ve b\u00fcy\u00fck ulus devletine sahip \u00e7\u0131karak, co\u011frafi b\u00f6lgelerde k\u00fc\u00e7\u00fck ulus devletler yaratma planlar\u0131n\u0131 Milli g\u00fc\u00e7 birli\u011fi temelinde \u00f6nlemi\u015ftir. Bug\u00fcn gelinen noktada, T\u00fcrk Milletini yeniden Kuvay\u0131 Milliye ruhuna sahip \u00e7\u0131kacak, yani Milli ve Manevi de\u011ferler ve dinamikler etraf\u0131nda kucakla\u015f\u0131p kayna\u015facak bir ulusal diren\u00e7 m\u00fccadelesi gerekmektedir. \u015eanl\u0131 ecdad\u0131m\u0131z ve Atat\u00fcrk&rsquo;\u00fcn kutlu emaneti olan T\u00fcrkiye Cumhuriyeti&rsquo;nin beka ve ba\u011f\u0131ms\u0131zl\u0131k hedefi i\u00e7in <em>&ldquo;Hodri Meydan&rdquo;<\/em> denilmelidir.<\/span><\/strong><\/p>\n<p style=\"margin-bottom: 0cm; text-align: justify; text-indent: 25.5pt; line-height: 16pt;\"><strong><span style=\"font-size: 12pt; font-family: 'Arial', sans-serif;\">Son s\u00f6z; hep birlikte \u00fclkemize y\u00f6nelik tehlikenin fark\u0131nda olmal\u0131y\u0131z. Asla soka\u011f\u0131 tercih etmeye kalk\u0131\u015fmamal\u0131y\u0131z. Yasal se\u00e7imler, kurtulu\u015fumuz i\u00e7in tek m\u00fccadele alan\u0131d\u0131r. Provokat\u00f6rlere asla kulak asmamal\u0131y\u0131z. Demokratik haklar\u0131m\u0131z\u0131 kullanmak, oy vermenin anlam\u0131n\u0131 ve \u00f6nemini kavramak, oy vererek demokrasiyi g\u00fc\u00e7l\u00fc k\u0131lmak, oy vererek \u00f6zg\u00fcrl\u00fcklerin geli\u015fece\u011fine inanmak, ve topluma demokratik ve hukuki y\u00f6ntemlerle Milli \u015fuur ve sorumluluk bilinci a\u015f\u0131lamak i\u00e7in \u00f6n\u00fcm\u00fczdeki se\u00e7imlerin tarihi bir f\u0131rsat oldu\u011funu d\u00fc\u015f\u00fcnerek hareket etmelidir.&rdquo;<\/span><\/strong><\/p>\n<p style=\"margin-bottom: 0cm; text-align: justify; text-indent: 25.5pt; line-height: 16pt;\"><strong><span style=\"font-size: 12pt; font-family: 'Arial', sans-serif;\"><\/span><\/strong><\/p>\n<p>\u00a0<\/p>\n<p>\u00a0Bu makaleyi sesli olarak dinleyebilirsiniz:<\/p>\n<p>{mp3}ukraynabaglaminda{\/mp3}<\/p>\n<p>\u00a0<\/p>\n<hr style=\"text-align: left;\" size=\"1\" width=\"33%\" \/>\n<p><a href=\"#ftnref1\" id=\"ftn1\" style=\"vertical-align: super;\">[1]<\/a><span style=\"font-size: 9pt; font-family: 'Arial', sans-serif;\"> (BBC-NEWS &#8211; 29 Mart 2022)<\/span><\/p>\n<p><a href=\"#ftnref2\" id=\"ftn2\" style=\"vertical-align: super;\">[2]<\/a><span style=\"font-size: 9pt; font-family: 'Arial', sans-serif;\"> (Haber7- 31.03.2022)<\/span><\/p>\n<p><span style=\"font-size: 12.0pt; line-height: 107%; font-family: 'Arial',sans-serif; mso-fareast-font-family: Calibri; mso-fareast-theme-font: minor-latin; mso-ansi-language: TR; mso-fareast-language: EN-US; mso-bidi-language: AR-SA;\"><span style=\"color: black; mso-color-alt: windowtext; background: #FDFDFD;\"> <\/span><\/span><\/p>\n","protected":false},"excerpt":{"rendered":"<p>\u00a0 Ukrayna Sava\u015f\u0131 Ba\u011flam\u0131nda T\u00dcRK\u0130YE&#8217;Y\u0130 BEKLEYEN TEHL\u0130KEL\u0130 SORUNLAR? \u00a0\u00a0\u00a0\u00a0\u00a0\u00a0 \u0130nsanl\u0131k tarihinin en tehlikeli ve en etkili \u015eeytan \u015febekesi olan Siyonizm&rsquo;in, sa\u011f ve sol (Kapitalist ve Sosyalist) kollar\u0131 konumundaki Amerika ve Rusya, tamamen kontrollerinde bulunacak yeni ve zalim bir d\u00fcnya dengesi olu\u015fturmak amac\u0131yla&#8230; Ve tabi \u0130slam \u00c2lemine lider ve lokomotif olabilecek potansiyel imk\u00e2nlara sahip T\u00fcrkiye&rsquo;nin ba\u015f\u0131na [&hellip;]<\/p>\n","protected":false},"author":103,"featured_media":0,"comment_status":"open","ping_status":"closed","sticky":false,"template":"","format":"standard","meta":{"footnotes":""},"categories":[98],"tags":[],"class_list":["post-11195","post","type-post","status-publish","format-standard","hentry","category-ozel-yazilar"],"_links":{"self":[{"href":"https:\/\/www.millicozum.com\/mc\/wp-json\/wp\/v2\/posts\/11195","targetHints":{"allow":["GET"]}}],"collection":[{"href":"https:\/\/www.millicozum.com\/mc\/wp-json\/wp\/v2\/posts"}],"about":[{"href":"https:\/\/www.millicozum.com\/mc\/wp-json\/wp\/v2\/types\/post"}],"author":[{"embeddable":true,"href":"https:\/\/www.millicozum.com\/mc\/wp-json\/wp\/v2\/users\/103"}],"replies":[{"embeddable":true,"href":"https:\/\/www.millicozum.com\/mc\/wp-json\/wp\/v2\/comments?post=11195"}],"version-history":[{"count":0,"href":"https:\/\/www.millicozum.com\/mc\/wp-json\/wp\/v2\/posts\/11195\/revisions"}],"wp:attachment":[{"href":"https:\/\/www.millicozum.com\/mc\/wp-json\/wp\/v2\/media?parent=11195"}],"wp:term":[{"taxonomy":"category","embeddable":true,"href":"https:\/\/www.millicozum.com\/mc\/wp-json\/wp\/v2\/categories?post=11195"},{"taxonomy":"post_tag","embeddable":true,"href":"https:\/\/www.millicozum.com\/mc\/wp-json\/wp\/v2\/tags?post=11195"}],"curies":[{"name":"wp","href":"https:\/\/api.w.org\/{rel}","templated":true}]}}