{"id":11209,"date":"2022-06-29T22:00:00","date_gmt":"2022-06-29T19:00:00","guid":{"rendered":"https:\/\/www.millicozum.com\/mc\/2022\/temmuz-2022\/sn-erdogan-bu-olumlu-ve-onurlu-cikisin-arkasinda-duracak-miydi-2\/"},"modified":"2023-10-18T02:35:33","modified_gmt":"2023-10-17T23:35:33","slug":"sn-erdogan-bu-olumlu-ve-onurlu-cikisin-arkasinda-duracak-miydi-2","status":"publish","type":"post","link":"https:\/\/www.millicozum.com\/mc\/2022\/temmuz-2022\/sn-erdogan-bu-olumlu-ve-onurlu-cikisin-arkasinda-duracak-miydi-2\/","title":{"rendered":"SN. ERDO\u011eAN, BU OLUMLU VE ONURLU \u00c7IKI\u015eIN  ARKASINDA DURACAK MIYDI?!"},"content":{"rendered":"\n<p>&nbsp;<\/p>\n<p style=\"margin-bottom: 0cm; text-align: center;\"><strong><span style=\"font-size: 18pt; font-family: 'Arial', sans-serif;\">SN. ERDO\u011eAN, BU OLUMLU VE ONURLU &Ccedil;IKI\u015eIN<\/span><\/strong><\/p>\n<p style=\"margin-bottom: 0cm; text-align: center;\"><strong><span style=\"font-size: 18pt; font-family: 'Arial', sans-serif;\">ARKASINDA DURACAK MIYDI?!<\/span><\/strong><\/p>\n<p style=\"margin-bottom: 0cm; text-align: justify; text-indent: 1cm;\"><strong><span style=\"font-size: 18pt; font-family: 'Arial', sans-serif;\">&nbsp;&nbsp;&nbsp;&nbsp;&nbsp;&nbsp; <\/span><\/strong><\/p>\n<p style=\"margin-bottom: 0cm; text-align: justify; text-indent: 25.5pt; line-height: 16pt;\"><strong><span style=\"font-size: 12pt; font-family: 'Arial', sans-serif;\">Cumhurba\u015fkan\u0131 Erdo\u011fan, (13.05.2022) Cuma namaz\u0131 &ccedil;\u0131k\u0131\u015f\u0131nda gazetecilerin sorular\u0131n\u0131 yan\u0131tlarken: <em>&ldquo;Finlandiya ve \u0130sve&ccedil;&#8217;in NATO &uuml;yeli\u011fi ad\u0131mlar\u0131na T&uuml;rkiye olarak olumlu bakmad\u0131klar\u0131n\u0131&rdquo;<\/em> a&ccedil;\u0131klam\u0131\u015ft\u0131. Bu kurus\u0131k\u0131 &ccedil;\u0131k\u0131\u015flar, hem halk\u0131m\u0131z\u0131 avutma ama&ccedil;l\u0131yd\u0131, hem de \u0130sve&ccedil; ve Finlandiya&rsquo;ya: <em>&ldquo;G&ouml;stermelik de olsa PKK&rsquo;ya mesafe koydu\u011funuza dair a&ccedil;\u0131klamalar yap\u0131n ki, NATO&rsquo;ya giri\u015finizi onaylayal\u0131m&hellip;&rdquo;<\/em> hat\u0131rlatmas\u0131yd\u0131. Yoksa, yanda\u015f medyan\u0131n: <em>&ldquo;Sn. Erdo\u011fan&#8217;\u0131n Finlandiya ve \u0130sve&ccedil;&#8217;in NATO &uuml;yeli\u011fiyle ilgili a&ccedil;\u0131klamalar\u0131 d&uuml;nyada b&uuml;y&uuml;k yank\u0131 uyand\u0131rd\u0131&rdquo;<\/em> yorumlar\u0131 tam bir palavrayd\u0131. Ve zaten Beyaz Saray S&ouml;zc&uuml;s&uuml; Jen Psaki, g&uuml;nl&uuml;k bas\u0131n toplant\u0131s\u0131nda, T&uuml;rkiye Cumhurba\u015fkan\u0131 Recep Tayyip Erdo\u011fan&#8217;\u0131n Finlandiya ve \u0130sve&ccedil;&#8217;in NATO &uuml;yeli\u011fine ili\u015fkin s&ouml;zleriyle ilgili olarak: <em>&ldquo;Finlandiya ve \u0130sve&ccedil;&#8217;in NATO &uuml;yeli\u011fi s&uuml;recinde T&uuml;rkiye&#8217;nin pozisyonunu netle\u015ftirmeye u\u011fra\u015ft\u0131klar\u0131n\u0131 ve bu konuda T&uuml;rkiye ile birlikte &ccedil;al\u0131\u015ft\u0131klar\u0131n\u0131&rdquo;<\/em> vurgulam\u0131\u015ft\u0131. Bir&ccedil;ok NATO &uuml;lkesinin Finlandiya ve \u0130sve&ccedil;&#8217;in NATO&#8217;ya &uuml;yelik s&uuml;recine deste\u011fini a&ccedil;\u0131klad\u0131\u011f\u0131n\u0131 an\u0131msatan Psaki&rsquo;nin, <em>&#8220;T&uuml;rkiye ve atad\u0131\u011f\u0131 temsilciler ile &ccedil;al\u0131\u015fmaya devam ediyoruz&#8221;<\/em> s&ouml;zleri, Erdo\u011fan&rsquo;\u0131n halk\u0131n tepkisini yumu\u015fatma ama&ccedil;l\u0131 ucuz kahramanl\u0131k &ccedil;\u0131k\u0131\u015flar\u0131 yapt\u0131\u011f\u0131 imas\u0131n\u0131 bar\u0131nd\u0131rmaktayd\u0131.<\/span><\/strong><\/p>\n<p style=\"margin-bottom: 0cm; text-align: justify; text-indent: 25.5pt; line-height: 16pt;\"><strong><span style=\"font-size: 12pt; font-family: 'Arial', sans-serif;\">Ard\u0131ndan, Beyaz Saray&#8217;dan yap\u0131lan yaz\u0131l\u0131 a&ccedil;\u0131klamada, ABD Ba\u015fkan\u0131 Biden&#8217;in Andersson ve Niinisto ile bir telefon g&ouml;r&uuml;\u015fmesi yapt\u0131\u011f\u0131 anla\u015f\u0131lm\u0131\u015ft\u0131. Bu g&ouml;r&uuml;\u015fmede ABD, \u0130sve&ccedil; ve Finlandiya aras\u0131ndaki savunma ve g&uuml;venlik i\u015f birli\u011finin ele al\u0131nd\u0131\u011f\u0131na i\u015faret edilen a&ccedil;\u0131klamada, Transatlantik g&uuml;venli\u011finin g&uuml;&ccedil;lendirilmesi vurgusu &ouml;ne &ccedil;\u0131km\u0131\u015ft\u0131. G&ouml;r&uuml;\u015fmede liderlerin, k&uuml;resel konularda &uuml;lkeler aras\u0131ndaki i\u015f birli\u011fini ele ald\u0131\u011f\u0131 kaydedilen a&ccedil;\u0131klamada, Ukrayna&#8217;ya deste\u011fe devam edilmesine y&ouml;nelik taahh&uuml;t verildi\u011fi de vurgulanm\u0131\u015ft\u0131.<\/span><\/strong><\/p>\n<p style=\"margin-bottom: 0cm; text-align: justify; text-indent: 25.5pt; line-height: 16pt;\"><strong><span style=\"font-size: 14pt; font-family: 'Arial', sans-serif;\">Sn. Cumhurba\u015fkan\u0131&#8217;n\u0131n bu &ccedil;\u0131k\u0131\u015f\u0131, elbette olumlu ve onurlu bir ad\u0131md\u0131.<\/span><\/strong><strong><span style=\"font-size: 12pt; font-family: 'Arial', sans-serif;\"> Can d&uuml;\u015fman\u0131m\u0131z ve Dinsiz Ter&ouml;r E\u015fk\u0131yas\u0131 PKK&rsquo;y\u0131 resmen ve alenen destekleyen &uuml;lkelerin NATO&rsquo;ya al\u0131nmalar\u0131na kar\u015f\u0131 &ccedil;\u0131kmak ve veto yetkimizi kullan\u0131p buna engel olmak en do\u011fal hakk\u0131m\u0131zd\u0131. Ancak, umar\u0131z ki Sn. Erdo\u011fan bu &ccedil;\u0131k\u0131\u015flar\u0131ndan geri ad\u0131m atmazd\u0131 ve ku\u015fkular\u0131m\u0131zdan dolay\u0131 bizi hakl\u0131 &ccedil;\u0131karmazd\u0131! &Ccedil;&uuml;nk&uuml; halihaz\u0131rda NATO &uuml;lkelerinin neredeyse tamam\u0131 zaten PKK&#8217;ya ve PYD-YPG gibi yan kurulu\u015flar\u0131na a&ccedil;\u0131k&ccedil;a sahip &ccedil;\u0131kmakta, yani T&uuml;rkiye&#8217;ye d&uuml;\u015fmanca bir tav\u0131r tak\u0131nmaktalard\u0131. Sn. Erdo\u011fan&#8217;a hat\u0131rlatmak laz\u0131md\u0131: Almanya&rsquo;n\u0131n, Fransa&rsquo;n\u0131n, Bel&ccedil;ika&rsquo;n\u0131n, Avusturya&rsquo;n\u0131n, Birle\u015fik Krall\u0131\u011f\u0131n ve hele hele Yunanistan&rsquo;\u0131n PKK ve PYD&rsquo;ye yakla\u015f\u0131mlar\u0131 \u0130sve&ccedil; ve Finlandiya&#8217;dan farks\u0131z m\u0131yd\u0131? Ya <em>&ldquo;Stratejik M&uuml;ttefikimiz!&#8221;<\/em> ABD&#8217;nin k&uuml;stah tavr\u0131n\u0131 nas\u0131l okumal\u0131yd\u0131? Sn. Erdo\u011fan&rsquo;\u0131n tam da \u0130sve&ccedil; ve Finlandiya uyar\u0131s\u0131 &uuml;zerine, Suriye&rsquo;deki PKK Devlet&ccedil;i\u011fi B&ouml;lgesine in\u015faat, ihracat ve ithalat muafiyeti getirildi\u011fini a&ccedil;\u0131klam\u0131\u015ft\u0131. Bu resmen PKK&#8217;ya Devlet stat&uuml;s&uuml; tan\u0131mak ve Suriye&rsquo;nin par&ccedil;aland\u0131\u011f\u0131n\u0131 duyurmakt\u0131.<\/span><\/strong><\/p>\n<p style=\"margin-bottom: 0cm; text-align: justify; text-indent: 25.5pt; line-height: 16pt;\"><strong><span style=\"font-size: 14pt; font-family: 'Arial', sans-serif;\">ABD y&ouml;netimi, Suriye&#8217;de SDG ismini kullanan YPG\/PKK ter&ouml;r &ouml;rg&uuml;t&uuml;n&uuml;n i\u015fgali alt\u0131nda bulunan b&ouml;lgelere ili\u015fkin tar\u0131m ve in\u015faat gibi alanlara y&ouml;nelik yapt\u0131r\u0131m muafiyeti getirdi\u011fini a&ccedil;\u0131klam\u0131\u015ft\u0131.<\/span><\/strong><\/p>\n<p style=\"margin-bottom: 0cm; text-align: justify; text-indent: 25.5pt; line-height: 16pt;\"><strong><span style=\"font-size: 12pt; font-family: 'Arial', sans-serif;\">ABD Hazine Bakanl\u0131\u011f\u0131 Yabanc\u0131 Varl\u0131klar Ofisi&#8217;nden (OFAC) yap\u0131lan yaz\u0131l\u0131 a&ccedil;\u0131klamaya g&ouml;re, Amerikan firmalar\u0131, YPG\/PKK&#8217;n\u0131n i\u015fgali alt\u0131ndaki Suriye&#8217;nin kuzeydo\u011fu ve kuzeybat\u0131s\u0131ndaki PKK-PYD K&uuml;rt Kantonu b&ouml;lgelere Suriye yapt\u0131r\u0131mlar\u0131na tak\u0131lmadan art\u0131k yat\u0131r\u0131m yapabilecek kolayl\u0131\u011f\u0131 sa\u011flam\u0131\u015ft\u0131. OFAC&#8217;\u0131n a&ccedil;\u0131klamas\u0131na g&ouml;re s&ouml;z konusu b&ouml;lgelere art\u0131k tar\u0131m, telekom&uuml;nikasyon, ula\u015ft\u0131rma, in\u015faat ve &uuml;retim gibi alanlarda yap\u0131lacak yat\u0131r\u0131mlar, her t&uuml;rl&uuml; yapt\u0131r\u0131mlardan muaf tutulacakt\u0131. &Ouml;te yandan, muafiyet lisanslar\u0131 petrol ticaretini kapsamayacakt\u0131. Ayr\u0131ca s&ouml;z konusu yat\u0131r\u0131mlar\u0131n hi&ccedil;birinde Suriye rejimi ile herhangi bir i\u015fleme gerek duyulmayacakt\u0131. A&ccedil;\u0131klamada yat\u0131r\u0131m lisanslar\u0131n\u0131n co\u011frafi s\u0131n\u0131rlar\u0131na ili\u015fkin <em>&#8220;Suriye&#8217;nin kuzeydo\u011fusunda ve kuzeybat\u0131s\u0131nda rejimin kontrol etmedi\u011fi alanlar&#8221;<\/em> \u015feklinde genel bir ifade kullan\u0131lm\u0131\u015ft\u0131 ve buralar PKK&rsquo;ya ayr\u0131lan alanlard\u0131. ABD daha &ouml;nce Suriye&#8217;de ter&ouml;r &ouml;rg&uuml;t&uuml; YPG\/PKK&#8217;n\u0131n i\u015fgal etti\u011fi Deyrizor&#8217;daki petrol tesislerinde faaliyet g&ouml;steren bir Amerikan \u015firketinin yapt\u0131r\u0131m muafiyetini kald\u0131rm\u0131\u015ft\u0131.<\/span><\/strong><\/p>\n<p style=\"margin-bottom: 0cm; text-align: justify; text-indent: 25.5pt; line-height: 16pt;\"><strong><span style=\"font-size: 14pt; font-family: 'Arial', sans-serif;\">Erdo\u011fan \u0130ktidar\u0131 bu kirli ve tehlikeli ad\u0131m\u0131 onaylam\u0131\u015f m\u0131yd\u0131?<\/span><\/strong><\/p>\n<p style=\"margin-bottom: 0cm; text-align: justify; text-indent: 25.5pt; line-height: 16pt;\"><strong><span style=\"font-size: 12pt; font-family: 'Arial', sans-serif;\">Rusya&rsquo;n\u0131n Ukrayna i\u015fgaliyle beraber T&uuml;rkiye&rsquo;yle buzlar\u0131 eritmeye ba\u015flayan ABD&rsquo;nin Ankara&rsquo;y\u0131 k\u0131zd\u0131racak bu hamleyi yapmas\u0131 tam bir k&uuml;stahl\u0131kt\u0131. ABD&rsquo;nin, Suriye&rsquo;nin kuzeyinde PKK\/YPG&rsquo;nin kontrol&uuml;ndeki b&ouml;lgeler i&ccedil;in yapt\u0131r\u0131m muafiyeti getirmesi, resmen T&uuml;rkiye&rsquo;ye d&uuml;\u015fmanca bir tav\u0131rd\u0131. ABD D\u0131\u015fi\u015fleri Bakanl\u0131\u011f\u0131 Siyasi \u0130\u015fler M&uuml;ste\u015far\u0131 B&uuml;y&uuml;kel&ccedil;i Victoria Nuland, yapt\u0131\u011f\u0131 a&ccedil;\u0131klamada, YPG&#8217;nin kontrol&uuml;ndeki b&ouml;lgelere d\u0131\u015f kaynakl\u0131 yat\u0131r\u0131mlar\u0131n bir b&ouml;l&uuml;m&uuml;ne izin verilece\u011fini vurgulam\u0131\u015ft\u0131. Nuland, bu ad\u0131m\u0131n b&ouml;lgede I\u015e\u0130D&#8217;in ekonomik istikrar yoluyla yenilgiye u\u011frat\u0131lmas\u0131na hizmet edece\u011fi bahanesine s\u0131\u011f\u0131nm\u0131\u015ft\u0131. Bu a&ccedil;\u0131klaman\u0131n ard\u0131ndan ABD Hazine Bakanl\u0131\u011f\u0131; tar\u0131m, in\u015faat ve finans sekt&ouml;rleri d&acirc;hil 12 alanda Suriye&#8217;nin kuzeyine y&ouml;nelik ticari faaliyetleri onaylam\u0131\u015ft\u0131. &Ouml;te yandan Be\u015f\u015far Esad h&uuml;k&uuml;metiyle ve ABD&#8217;nin yapt\u0131r\u0131m listesindeki kesimlerle faaliyetlere ise izin verilmedi\u011fi vurgulanm\u0131\u015ft\u0131.<\/span><\/strong><\/p>\n<p style=\"margin-bottom: 0cm; text-align: justify; text-indent: 25.5pt; line-height: 16pt;\"><strong><span style=\"font-size: 14pt; font-family: 'Arial', sans-serif;\">Son kararla K&uuml;rt Kanton b&ouml;lgesinden petrol ve yak\u0131t sat\u0131n al\u0131nmas\u0131n\u0131n da &ouml;n&uuml; a&ccedil;\u0131lm\u0131\u015ft\u0131.<\/span><\/strong><\/p>\n<p style=\"margin-bottom: 0cm; text-align: justify; text-indent: 25.5pt; line-height: 16pt;\"><strong><span style=\"font-size: 12pt; font-family: 'Arial', sans-serif;\">Reuters haber ajans\u0131, son karar\u0131n; ABD&#8217;nin, Suriye&#8217;de g&uuml;ya I\u015e\u0130D&#8217;i ortadan kald\u0131rma stratejisinin bir par&ccedil;as\u0131 oldu\u011funu aktarm\u0131\u015ft\u0131. Oysa bunun temelsiz bir bahane oldu\u011fu s\u0131r\u0131tmaktayd\u0131. YPG&#8217;ye askeri destek veren ABD bu hamlesiyle T&uuml;rkiye&#8217;nin tepkisini hesaba bile katmam\u0131\u015ft\u0131. D\u0131\u015fi\u015fleri Bakan\u0131 Mevl&uuml;t &Ccedil;avu\u015fo\u011flu, bu karar\u0131n PKK\/YPG&rsquo;yi me\u015frula\u015ft\u0131rma &ccedil;abas\u0131 oldu\u011funu s&ouml;yleyip s\u0131zlanm\u0131\u015ft\u0131. ABD&#8217;li yetkililer ise, Washington&#8217;un bu kararla ilgili olarak T&uuml;rkiye ve di\u011fer m&uuml;ttefikleriyle g&ouml;r&uuml;\u015ft&uuml;\u011f&uuml;n&uuml; aktarm\u0131\u015f ve AKP iktidar\u0131n\u0131n onay\u0131n\u0131 ald\u0131klar\u0131n\u0131 s&ouml;ylemekten sak\u0131nmam\u0131\u015ft\u0131.<\/span><\/strong><\/p>\n<p style=\"margin-bottom: 0cm; text-align: justify; text-indent: 25.5pt; line-height: 16pt;\"><strong><span style=\"font-size: 14pt; font-family: 'Arial', sans-serif;\">Rusya&#8217;dan tepki, NATO&#8217;dan destek?! Siyonizm&rsquo;in dan\u0131\u015f\u0131kl\u0131 d&ouml;v&uuml;\u015f icab\u0131yd\u0131!<\/span><\/strong><\/p>\n<p style=\"margin-bottom: 0cm; text-align: justify; text-indent: 25.5pt; line-height: 16pt;\"><strong><span style=\"font-size: 14pt; font-family: 'Arial', sans-serif;\">Finlandiya Cumhurba\u015fkan\u0131 ve Ba\u015fbakan\u0131, yapt\u0131klar\u0131 ortak duyuruda; NATO&#8217;ya kat\u0131lmak istediklerini, bunun i&ccedil;in &#8220;derhal&#8221; ba\u015fvuru yap\u0131lmas\u0131 gerekti\u011fini a&ccedil;\u0131klam\u0131\u015flard\u0131. Konuyla ilgili Rusya ve NATO&#8217;dan farkl\u0131 bir yorum yap\u0131lm\u0131\u015ft\u0131. Bu, Siyonist s&ouml;m&uuml;r&uuml; &ccedil;ark\u0131n\u0131n t&uuml;m insanl\u0131\u011f\u0131 aldat\u0131p oyalama plan\u0131n\u0131n bir par&ccedil;as\u0131yd\u0131.<\/span><\/strong><\/p>\n<p style=\"margin-bottom: 0cm; text-align: justify; text-indent: 25.5pt; line-height: 16pt;\"><strong><span style=\"font-size: 14pt; font-family: 'Arial', sans-serif;\">Finlandiya Cumhurba\u015fkan\u0131 Sauli Niinisto ve Ba\u015fbakan Sanna Marin, yapt\u0131klar\u0131 ortak a&ccedil;\u0131klamada, &uuml;lkelerinin gecikmeden NATO &uuml;yeli\u011fine ba\u015fvurmas\u0131 gerekti\u011fini hat\u0131rlat\u0131p: <\/span><\/strong><strong><em><span style=\"font-size: 12pt; font-family: 'Arial', sans-serif;\">&#8220;NATO &uuml;yeli\u011fi Finlandiya&#8217;n\u0131n g&uuml;venli\u011fini art\u0131racakt\u0131r. Gecikmeden NATO &uuml;yeli\u011fine ba\u015fvurmal\u0131y\u0131z. Bu karar\u0131 almak i&ccedil;in h&acirc;l&acirc; gerekli olan ulusal ad\u0131mlar\u0131n &ouml;n&uuml;m&uuml;zdeki birka&ccedil; g&uuml;n i&ccedil;inde h\u0131zla at\u0131laca\u011f\u0131n\u0131 umuyoruz.&#8221; <\/span><\/em><\/strong><strong><span style=\"font-size: 12pt; font-family: 'Arial', sans-serif;\">ifadelerini kullanm\u0131\u015flard\u0131. Ukrayna sava\u015f\u0131 &ouml;ncesinde Finlandiya halk\u0131n\u0131n NATO &uuml;yeli\u011fine deste\u011fi y&uuml;zde 25&#8217;teyken; son yap\u0131lan ankette bu oran\u0131n y&uuml;zde 76&#8217;ya &ccedil;\u0131kt\u0131\u011f\u0131 anla\u015f\u0131lm\u0131\u015ft\u0131.<\/span><\/strong><\/p>\n<p style=\"margin-bottom: 0cm; text-align: justify; text-indent: 25.5pt; line-height: 16pt;\"><strong><span style=\"font-size: 14pt; font-family: 'Arial', sans-serif;\">Kremlin S&ouml;zc&uuml;s&uuml; Dmitry Peskov ise; Finlandiya&#8217;n\u0131n NATO &uuml;yeli\u011fine kabul edilmesinin Rusya&#8217;n\u0131n g&uuml;venli\u011fi i&ccedil;in tehdit olu\u015fturaca\u011f\u0131n\u0131 iddia edip: <\/span><\/strong><strong><em><span style=\"font-size: 12pt; font-family: 'Arial', sans-serif;\">&#8220;Finlandiya&#8217;n\u0131n NATO&#8217;ya girmesi Rusya i&ccedil;in tehdit olu\u015fturacakt\u0131r. NATO&#8217;nun geni\u015flemesi Avrupa&#8217;y\u0131 daha g&uuml;venli bir yer yapmayacakt\u0131r!&#8221; <\/span><\/em><\/strong><strong><span style=\"font-size: 12pt; font-family: 'Arial', sans-serif;\">uyar\u0131s\u0131nda bulunmu\u015flard\u0131.<\/span><\/strong><\/p>\n<p style=\"margin-bottom: 0cm; text-align: justify; text-indent: 25.5pt; line-height: 16pt;\"><strong><span style=\"font-size: 12pt; font-family: 'Arial', sans-serif;\">NATO Genel Sekreteri Jens Stoltenberg ise bunu: <em>&#8220;Finlandiya &uuml;yelik ba\u015fvurusu yaparsa NATO&#8217;da memnuniyetle kar\u015f\u0131lanacak, kat\u0131l\u0131m s&uuml;reci sorunsuz ve h\u0131zl\u0131 olacakt\u0131r&#8221;<\/em> \u015feklinde yan\u0131tlam\u0131\u015ft\u0131.<\/span><\/strong><\/p>\n<p style=\"margin-bottom: 0cm; text-align: justify; text-indent: 25.5pt; line-height: 16pt;\"><strong><span style=\"font-size: 12pt; font-family: 'Arial', sans-serif;\">Benzer \u015fekilde \u0130sve&ccedil;&#8217;in de NATO&#8217;ya kat\u0131lmak i&ccedil;in &uuml;lke i&ccedil;i b&uuml;rokratik s&uuml;reci h\u0131zland\u0131raca\u011f\u0131, t\u0131pk\u0131 Finlandiya gibi yaz ay\u0131nda NATO&#8217;ya kat\u0131lmak i&ccedil;in ba\u015fvuru yapaca\u011f\u0131 konu\u015fulmaktayd\u0131. Rusya&#8217;n\u0131n 2014&#8217;te K\u0131r\u0131m&#8217;\u0131 ilhak etmesinden sonra \u0130sve&ccedil; ve Finlandiya, NATO ile i\u015f birli\u011fini art\u0131rm\u0131\u015ft\u0131.<\/span><\/strong><\/p>\n<p style=\"margin-bottom: 0cm; text-align: justify; text-indent: 25.5pt; line-height: 16pt;\"><strong><span style=\"font-size: 14pt; font-family: 'Arial', sans-serif;\">ABD&#8217;de temaslarda bulunan AKP heyeti, k&ouml;r m&uuml;yd&uuml;, sa\u011f\u0131r m\u0131yd\u0131 yoksa &ccedil;ok saf m\u0131yd\u0131?<\/span><\/strong><\/p>\n<p style=\"margin-bottom: 0cm; text-align: justify; text-indent: 25.5pt; line-height: 16pt;\"><strong><span style=\"font-size: 12pt; font-family: 'Arial', sans-serif;\">B&uuml;t&uuml;n bunlara ra\u011fmen, Amerika&rsquo;ya giderek; ABD Kongresi&#8217;yle temaslar\u0131n\u0131, Washington&#8217;da g&ouml;rev yapan bas\u0131n mensuplar\u0131na de\u011ferlendiren AKP heyeti, &ouml;zellikle Rusya-Ukrayna sava\u015f\u0131ndaki yap\u0131c\u0131 rol&uuml;n&uuml;n ard\u0131ndan <em>T&uuml;rk-Amerikan ili\u015fkilerinin &ccedil;ok olumlu oldu\u011funu belirtmekten<\/em> utanmam\u0131\u015flard\u0131. AKP Genel Ba\u015fkan Yard\u0131mc\u0131s\u0131 ve D\u0131\u015f \u0130li\u015fkiler Ba\u015fkan\u0131 <\/span><\/strong><strong><span style=\"font-size: 14pt; font-family: 'Arial', sans-serif;\">Efkan Ala,<\/span><\/strong><strong><span style=\"font-size: 12pt; font-family: 'Arial', sans-serif;\"> ABD Kongresi&#8217;nde yapt\u0131klar\u0131 temaslar\u0131 de\u011ferlendirirken, T&uuml;rkiye&#8217;ye F-16 sat\u0131lmas\u0131 konusunda: <em>&#8220;Bu konuda &ccedil;ok olumlu g&ouml;r&uuml;n&uuml;yorlar&#8230; T&uuml;rkiye&rsquo;nin savunma sanayisinin g&uuml;&ccedil;lendirilmesinin ayn\u0131 zamanda nas\u0131l NATO&rsquo;ya da destek olaca\u011f\u0131n\u0131, b&ouml;lgesel ve k&uuml;resel bar\u0131\u015fa ne kadar katk\u0131da bulunaca\u011f\u0131n\u0131 onlarla payla\u015ft\u0131k ve onlardan da hep iyimser bir izlenim ald\u0131k!..&#8221;<\/em> edebiyat\u0131 yapmaktayd\u0131.<\/span><\/strong><\/p>\n<p style=\"margin-bottom: 0cm; text-align: justify; text-indent: 25.5pt; line-height: 16pt;\"><strong><span style=\"font-size: 12pt; font-family: 'Arial', sans-serif;\">Efkan Ala&#8217;n\u0131n ba\u015fkanl\u0131\u011f\u0131nda Washington&#8217;da Kongre&#8217;de temaslarda bulunan heyette, AKP Grup Ba\u015fkan\u0131 \u0130smet Y\u0131lmaz, TBMM D\u0131\u015fi\u015fleri Komisyonu Ba\u015fkan\u0131 Akif &Ccedil;a\u011fatay K\u0131l\u0131&ccedil;, TBMM D\u0131\u015fi\u015fleri Komisyonu Ba\u015fkanvekili Ahmet Berat &Ccedil;onkar, AKP Diyarbak\u0131r Milletvekili Mehdi Eker ve AKP \u0130stanbul Milletvekili Volkan Bozk\u0131r yer alm\u0131\u015ft\u0131. Heyete ba\u015fkanl\u0131k eden Ala, toplamda baz\u0131lar\u0131 senat&ouml;rlerden olu\u015fan 24 Kongre &uuml;yesiyle kapsaml\u0131 ve verimli g&ouml;r&uuml;\u015fmeler yapt\u0131klar\u0131n\u0131, iki &uuml;lkenin de &ccedil;\u0131kar\u0131na olacak bir&ccedil;ok konu ba\u015fl\u0131\u011f\u0131nda &ccedil;ok verimli fikir al\u0131\u015fveri\u015finde bulunduklar\u0131n\u0131 ve T&uuml;rkiye&#8217;nin Ukrayna konusundaki olumlu ve yap\u0131c\u0131 ad\u0131mlar\u0131n\u0131n Kongre&#8217;de takdir toplad\u0131\u011f\u0131n\u0131 aktarm\u0131\u015ft\u0131.<\/span><\/strong><\/p>\n<p style=\"margin-bottom: 0cm; text-align: justify; text-indent: 25.5pt; line-height: 16pt;\"><strong><span style=\"font-size: 14pt; font-family: 'Arial', sans-serif;\">Oysa tam bu s&uuml;re&ccedil;te, ABD Kuzey Suriye&rsquo;de yeni bir K&uuml;rt Kantonu olu\u015fturacak kararlar alm\u0131\u015ft\u0131 ve AKP Kurmay heyeti bu k&uuml;stahl\u0131\u011f\u0131n fark\u0131na bile varmam\u0131\u015ft\u0131!..<\/span><\/strong><\/p>\n<p style=\"margin-bottom: 0cm; text-align: justify; text-indent: 25.5pt; line-height: 16pt;\"><strong><span style=\"font-size: 14pt; font-family: 'Arial', sans-serif;\">Amerikan F-35 Sava\u015f U&ccedil;aklar\u0131, T&uuml;rkiye&rsquo;ye kar\u015f\u0131 Yunanistan&rsquo;a Konu\u015flanm\u0131\u015ft\u0131!<\/span><\/strong><\/p>\n<p style=\"margin-bottom: 0cm; text-align: justify; text-indent: 25.5pt; line-height: 16pt;\"><strong><span style=\"font-size: 12pt; font-family: 'Arial', sans-serif;\">B&uuml;t&uuml;n bunlar yetmezmi\u015f gibi; ABD Ordusu, Yunanistan&rsquo;a ait Girit Adas\u0131&rsquo;nda bulunan Suda Hava &Uuml;ss&uuml;&rsquo;ne F-35 ve F-15 sava\u015f u&ccedil;aklar\u0131 konu\u015fland\u0131rmay\u0131 planlam\u0131\u015ft\u0131. Yunan medyas\u0131ndan Kathimerini&rsquo;nin &ouml;zel haberine g&ouml;re ABD, Girit&rsquo;teki Suda&rsquo;da bulunan Hava &Uuml;ss&uuml;&rsquo;ne 10 adet F-35 ve 14 adet F-15 sava\u015f u&ccedil;a\u011f\u0131 konu\u015fland\u0131rmak i&ccedil;in kollar\u0131 s\u0131vam\u0131\u015ft\u0131. ABD&rsquo;nin talebi Yunan D\u0131\u015fi\u015fleri ve Savunma Bakanl\u0131klar\u0131na ula\u015fm\u0131\u015ft\u0131. U&ccedil;aklar\u0131n temmuz ay\u0131nda Girit&rsquo;e konu\u015flanaca\u011f\u0131 konu\u015fulmaktayd\u0131. Girit&rsquo;e konu\u015flanacak olan Amerikan sava\u015f u&ccedil;aklar\u0131n\u0131n tatbikatlar ve operasyonlarda yer almas\u0131 planlanm\u0131\u015ft\u0131. Konu\u015fland\u0131rma kapsam\u0131nda toplamda 500 kadar Amerikan Hava Kuvvetleri personeli Girit&rsquo;e yerle\u015fmi\u015f olacakt\u0131. Personeller aras\u0131nda pilotlar, m&uuml;hendisler ve yer destek ekipleri yer alacakt\u0131. ABD, son y\u0131llarda Suda&rsquo;daki varl\u0131\u011f\u0131n\u0131 geli\u015ftirmek &uuml;zere milyonlarca dolar harcam\u0131\u015ft\u0131.<\/span><\/strong><\/p>\n<p style=\"margin-bottom: 0cm; text-align: justify; text-indent: 25.5pt; line-height: 16pt;\"><strong><span style=\"font-size: 12pt; font-family: 'Arial', sans-serif;\">ABD, Suda&rsquo;daki hava &uuml;ss&uuml;ne ek olarak Donanma &Uuml;ss&uuml;&rsquo;ndeki varl\u0131\u011f\u0131n\u0131 da son y\u0131llarda ciddi &ouml;l&ccedil;&uuml;de art\u0131rm\u0131\u015ft\u0131. ABD Hava Kuvvetleri, planlanan 1.763 adet F-35A u&ccedil;a\u011f\u0131 al\u0131m\u0131yla en b&uuml;y&uuml;k F-35 operat&ouml;r&uuml; olacakt\u0131. JPO taraf\u0131ndan a&ccedil;\u0131klanan bilgiye g&ouml;re h&acirc;lihaz\u0131rda D&uuml;nya genelinde F-35&rsquo;lerin harbe haz\u0131rl\u0131k oran\u0131, %70 civar\u0131ndayd\u0131. 2035 y\u0131l\u0131na kadar, 48 ABD Hava Kuvvetleri F-35A&rsquo;s\u0131 da d&acirc;hil olmak &uuml;zere, Avrupa k\u0131tas\u0131nda 450&rsquo;den fazla F-35 konu\u015fland\u0131r\u0131lacakt\u0131. F-35 program\u0131ndaki NATO &uuml;yeleri aras\u0131nda; Bel&ccedil;ika, Kanada, Danimarka, \u0130talya, Hollanda, Norve&ccedil;, Polonya, Birle\u015fik Krall\u0131k ve Amerika Birle\u015fik Devletleri yer almaktayd\u0131. Ve b&uuml;t&uuml;n bu haz\u0131rl\u0131k ve y\u0131\u011f\u0131naklar\u0131n T&uuml;rkiye&rsquo;ye g&ouml;zda\u011f\u0131 verme ama&ccedil;l\u0131 yap\u0131ld\u0131\u011f\u0131 anla\u015f\u0131lmaktayd\u0131&hellip;<\/span><\/strong><\/p>\n<p style=\"margin-bottom: 0cm; text-align: justify; text-indent: 25.5pt; line-height: 16pt;\"><strong><span style=\"font-size: 14pt; font-family: 'Arial', sans-serif;\">\u0130srail Ba\u015fbakan\u0131 Siyonist Bennett&rsquo;in: <em>&#8220;Sava\u015f pe\u015finde de\u011filiz ama her senaryoya haz\u0131rl\u0131kl\u0131y\u0131z!&#8221;<\/em> &ccedil;\u0131k\u0131\u015f\u0131!?<\/span><\/strong><\/p>\n<p style=\"margin-bottom: 0cm; text-align: justify; text-indent: 25.5pt; line-height: 16pt;\"><strong><span style=\"font-size: 14pt; font-family: 'Arial', sans-serif;\">\u0130srail Ba\u015fbakan\u0131 Naftali Bennett&rsquo;in: <em>&ldquo;&Uuml;lkesinin sava\u015f istemedi\u011fini ama her senaryoya da haz\u0131rl\u0131kl\u0131 oldu\u011funu&rdquo;<\/em> s&ouml;ylemesinin, ABD&rsquo;nin Girit&rsquo;e sava\u015f u&ccedil;a\u011f\u0131 y\u0131\u011fmas\u0131yla ili\u015fkisi tart\u0131\u015f\u0131lmaktayd\u0131.<\/span><\/strong><\/p>\n<p style=\"margin-bottom: 0cm; text-align: justify; text-indent: 25.5pt; line-height: 16pt;\"><strong><span style=\"font-size: 12pt; font-family: 'Arial', sans-serif;\">\u0130srail Ba\u015fbakanl\u0131k Bas\u0131n Ofisinden yap\u0131lan yaz\u0131l\u0131 a&ccedil;\u0131klamaya g&ouml;re Bennett, Savunma Bakan\u0131 Benny Gantz ile \u0130srail ordusunun ba\u015flatt\u0131\u011f\u0131, &uuml;lke tarihindeki en uzun askeri tatbikatlardan olan ve bir ay s&uuml;recek <\/span><\/strong><strong><em><span style=\"font-size: 14pt; font-family: 'Arial', sans-serif;\">&#8220;Ate\u015f Arabalar\u0131&#8221;<\/span><\/em><\/strong><strong><span style=\"font-size: 12pt; font-family: 'Arial', sans-serif;\"> ad\u0131 verilen askeri tatbikat\u0131 incelemeye alm\u0131\u015ft\u0131. Tatbikata ili\u015fkin ordu yetkililerinden bilgi alan Bennett, burada yapt\u0131\u011f\u0131 konu\u015fmada, <em>&#8220;\u0130srail ordusunun tarihindeki en uzun tatbikatlardan biri olan &#8216;Ate\u015f Arabalar\u0131&#8217; tatbikat\u0131 devam ediyor. T&uuml;m gereklilikleriyle birlikte birden fazla cephede e\u015f zamanl\u0131 &ccedil;at\u0131\u015fmalar\u0131n sim&uuml;lasyonunu yap\u0131yor&#8221;<\/em> s&ouml;zleri, b&ouml;lgede tehlikeli bir s&uuml;rece girildi\u011fi \u015feklinde yorumlanm\u0131\u015ft\u0131.<\/span><\/strong><\/p>\n<p style=\"margin-bottom: 0cm; text-align: justify; text-indent: 25.5pt; line-height: 16pt;\"><strong><span style=\"font-size: 12pt; font-family: 'Arial', sans-serif;\">\u0130srail Ba\u015fbakan\u0131n\u0131n, <em>&#8220;Sava\u015f pe\u015finde de\u011filiz ama her senaryoya haz\u0131rl\u0131kl\u0131y\u0131z. E\u011fer d&uuml;\u015fman bizi bir &ccedil;at\u0131\u015fmaya s&uuml;r&uuml;klerse, dayan\u0131lmaz derecede a\u011f\u0131r bir bedel &ouml;deyece\u011fini biliyor&#8221;<\/em> diye konu\u015fmas\u0131 da, kafalar\u0131 kar\u0131\u015ft\u0131rm\u0131\u015ft\u0131.<\/span><\/strong><\/p>\n<p style=\"margin-bottom: 0cm; text-align: justify; text-indent: 25.5pt; line-height: 16pt;\"><strong><span style=\"font-size: 12pt; font-family: 'Arial', sans-serif;\">Savunma Bakan\u0131 Gantz da <\/span><\/strong><strong><em><span style=\"font-size: 14pt; font-family: 'Arial', sans-serif;\">&ldquo;\u0130srail&#8217;in g&uuml;venli\u011finin g&uuml;&ccedil; kullanmaya ba\u011fl\u0131 oldu\u011funu&#8221;<\/span><\/em><\/strong><strong><span style=\"font-size: 12pt; font-family: 'Arial', sans-serif;\"> belirterek, <em>&#8220;\u0130srail devletinin g&uuml;venli\u011finin sa\u011flanmas\u0131 iki dayana\u011fa ba\u011fl\u0131d\u0131r: G&uuml;&ccedil; kullan\u0131m\u0131na ve y\u0131llar i&ccedil;inde kesintisiz \u015fekilde g&uuml;&ccedil; olu\u015fturulmas\u0131na&#8221;<\/em> ifadelerini kullanm\u0131\u015ft\u0131. \u0130srail ordusu, yapt\u0131\u011f\u0131 a&ccedil;\u0131klamada, &uuml;lke tarihindeki en uzun askeri tatbikatlardan olan &#8220;Ate\u015f Arabalar\u0131&#8221; tatbikat\u0131n\u0131 ba\u015flatt\u0131klar\u0131n\u0131 ve tatbikat kapsam\u0131nda \u0130srail askerlerinin, kara, hava, deniz ve siber uzay savunma haz\u0131rl\u0131klar\u0131n\u0131 art\u0131rmak i&ccedil;in bir ay boyunca e\u011fitim alacaklar\u0131n\u0131 a&ccedil;\u0131klam\u0131\u015ft\u0131.<\/span><\/strong><\/p>\n<p style=\"margin-bottom: 0cm; text-align: justify; text-indent: 25.5pt; line-height: 16pt;\"><strong><span style=\"font-size: 14pt; font-family: 'Arial', sans-serif;\">Peki, <em>&ldquo;askeri g&uuml;&ccedil; y\u0131\u011fd\u0131klar\u0131n\u0131 ve Siyonist ama&ccedil;lar\u0131 i&ccedil;in sava\u015f &ccedil;\u0131karmaktan sak\u0131nmayacaklar\u0131n\u0131&rdquo;<\/em> a&ccedil;\u0131klayan bir \u0130srail&rsquo;le NORMALLE\u015eME G\u0130R\u0130\u015e\u0130MLER\u0130 ba\u015flatan Sn. Erdo\u011fan&#8217;\u0131n bu tavr\u0131 tutars\u0131zl\u0131k m\u0131yd\u0131, yoksa tavizk&acirc;rl\u0131k m\u0131yd\u0131?<\/span><\/strong><\/p>\n<p style=\"margin-bottom: 0cm; text-align: justify; text-indent: 25.5pt; line-height: 16pt;\"><strong><span style=\"font-size: 14pt; font-family: 'Arial', sans-serif;\">Ve hi&ccedil; s\u0131k\u0131lmadan <em>&ldquo;AKP iktidar\u0131 Erbakan&rsquo;\u0131n stratejik program\u0131d\u0131r&rdquo;<\/em> safsatas\u0131yla ger&ccedil;ekleri sapt\u0131ran ve bu uyduruk yak\u0131\u015ft\u0131rmalarla Erdo\u011fan iktidar\u0131n\u0131n; ekonomik, ahl&acirc;ki ve ailevi tahribatlar\u0131na me\u015fruiyet kazand\u0131rmaya &ccedil;al\u0131\u015fanlar nas\u0131l bir ak\u0131l ve vicdan ta\u015f\u0131maktayd\u0131?<\/span><\/strong><\/p>\n<p style=\"margin-bottom: 0cm; text-align: justify; text-indent: 25.5pt; line-height: 16pt;\"><strong><span style=\"font-size: 14pt; font-family: 'Arial', sans-serif;\">&Uuml;lke &ccedil;\u0131karlar\u0131m\u0131za ve Milli onurumuza ayk\u0131r\u0131, b&uuml;t&uuml;n bu tutars\u0131z tav\u0131rlar\u0131na ve kahramanl\u0131k k\u0131l\u0131fl\u0131 tavizk&acirc;r tutumlar\u0131na ra\u011fmen h&acirc;l&acirc;: <em>&#8220;Bu Erdo\u011fan Erbakan&rsquo;\u0131n devam\u0131d\u0131r!&#8221; &ldquo;Bu Erdo\u011fan Hak davan\u0131n has kahraman\u0131d\u0131r!&rdquo; &#8220;Milli Derin merkezler, t&uuml;m manevi g&uuml;&ccedil;ler ve melekler AKP iktidar\u0131n\u0131n arkas\u0131ndad\u0131r!&rdquo;<\/em> <\/span><\/strong><strong><span style=\"font-size: 12pt; font-family: 'Arial', sans-serif;\">deyip duran ars\u0131z ve ayars\u0131z Din istismarc\u0131s\u0131 tak\u0131m\u0131, merak ediyoruz, acaba bu patavats\u0131z palavralar ve omurgas\u0131z politikalar kar\u015f\u0131s\u0131nda, hangi keramet ve mazeretleri uyduracaklard\u0131!? Bunlar\u0131n faizi, fuh\u015fu, kumar\u0131 azd\u0131rmalar\u0131na, Siyonist \u0130srail&rsquo;le normalle\u015fme anla\u015fmalar\u0131na ve hele toplumun temel ta\u015f\u0131 say\u0131lan aile yuvam\u0131z\u0131 ve ahl&acirc;ki yap\u0131m\u0131z\u0131 yozla\u015ft\u0131r\u0131p y\u0131kmalar\u0131na&#8230; &Uuml;lkemizi 1,5 trilyon dolar faizli d\u0131\u015f borca bat\u0131r\u0131p gelece\u011fimizi karartmalar\u0131na -h&acirc;\u015f&acirc;- Erbakan Hocam\u0131z\u0131 ortak etmekten utanmayan iz&rsquo;an ve vicdan yoksunlar\u0131, daha ne safsatalar yumurtlayacaklard\u0131&#8230; Ve hikmet uydurduk zannedip daha ne kadar z\u0131rvalayacaklard\u0131?!..<\/span><\/strong><\/p>\n<p style=\"margin-bottom: 0cm; text-align: justify; text-indent: 25.5pt; line-height: 16pt;\"><strong><span style=\"font-size: 14pt; font-family: 'Arial', sans-serif;\">Bu iktidar d&ouml;neminde elbette baz\u0131 hay\u0131rl\u0131 ve yararl\u0131 icraatlar da yap\u0131lm\u0131\u015ft\u0131! Ancak g&uuml;nah-sevap &ouml;l&ccedil;e\u011fine, &ouml;nem ve &ouml;ncelik derecesine g&ouml;re Kur&rsquo;an terazisinde tartt\u0131\u011f\u0131m\u0131zda talan ve tahribatlar\u0131n\u0131n binlerce kat fazla oldu\u011fu ortaya &ccedil;\u0131kmaktayd\u0131!..<\/span><\/strong><\/p>\n<p style=\"margin-bottom: 0cm; text-align: justify; text-indent: 25.5pt; line-height: 16pt;\"><strong><span style=\"font-size: 12pt; font-family: 'Arial', sans-serif;\">\u0130man ve insaf ehli yan\u0131tlas\u0131n&hellip; AKP iktidar\u0131n\u0131n ba\u015f&ouml;rt&uuml;s&uuml;n&uuml; serbest b\u0131rakmas\u0131 m\u0131 daha sevapt\u0131r&#8230; Yoksa evli kad\u0131nlar\u0131n zina yapmalar\u0131n\u0131 su&ccedil; olmaktan ve ceza almaktan &ccedil;\u0131karmas\u0131&#8230; Ve e\u015fcinselli\u011fi me\u015frula\u015ft\u0131ran 6284 say\u0131l\u0131 kanunu yap\u0131p y&uuml;r&uuml;rl&uuml;\u011fe koymalar\u0131 m\u0131 daha a\u011f\u0131r g&uuml;naht\u0131r?!..<\/span><\/strong><\/p>\n<p style=\"margin-bottom: 0cm; text-align: justify; text-indent: 25.5pt; line-height: 16pt;\"><strong><span style=\"font-size: 12pt; font-family: 'Arial', sans-serif;\">Ayasofya&#8217;y\u0131 ibadete a&ccedil;malar\u0131 m\u0131 daha sevapt\u0131r&#8230; Yoksa herhangi bir camiden 500 kat faziletli say\u0131lan Mescid-i Aksa&#8217;y\u0131 her g&uuml;n bas\u0131p mazlum M&uuml;sl&uuml;manlara zul&uuml;m ve hakaretler ya\u011fd\u0131ran Siyonist \u0130srail&rsquo;le normalle\u015fme anla\u015fmas\u0131na yana\u015fmalar\u0131 m\u0131 daha a\u011f\u0131r g&uuml;naht\u0131r?!..<\/span><\/strong><\/p>\n<p style=\"margin-bottom: 0cm; text-align: justify; text-indent: 25.5pt; line-height: 16pt;\"><strong><span style=\"font-size: 12pt; font-family: 'Arial', sans-serif;\">Yollar, k&ouml;pr&uuml;ler, t&uuml;neller, havalimanlar\u0131 a&ccedil;malar\u0131 ve TOK\u0130 binalar\u0131 yapmalar\u0131 m\u0131 daha sevapt\u0131r&#8230; Yoksa &uuml;lkemizi 1,5 trilyon dolar faizli borca bat\u0131r\u0131p, rehin konumuna sokmas\u0131 ve b&uuml;t&uuml;n gelece\u011fimizi karartmas\u0131 m\u0131 daha a\u011f\u0131r g&uuml;naht\u0131r?!..<\/span><\/strong><\/p>\n<p style=\"margin-bottom: 0cm; text-align: justify; text-indent: 25.5pt; line-height: 16pt;\"><strong><span style=\"font-size: 14pt; font-family: 'Arial', sans-serif;\">K&uuml;stah Kanadal\u0131 senat&ouml;rden \u0130sve&ccedil; ve Finlandiya&#8217;n\u0131n &uuml;yelikleri i&ccedil;in &ouml;neri: <em>&ldquo;T&uuml;rkiye&#8217;yi NATO&#8217;dan at\u0131n!&rdquo; <\/em><\/span><\/strong><\/p>\n<p style=\"margin-bottom: 0cm; text-align: justify; text-indent: 25.5pt; line-height: 16pt;\"><strong><span style=\"font-size: 12pt; font-family: 'Arial', sans-serif;\">T&uuml;rkiye&#8217;nin \u0130sve&ccedil; ve Finlandiya&#8217;n\u0131n NATO &uuml;yeli\u011fine olumsuz bakt\u0131\u011f\u0131n\u0131 a&ccedil;\u0131klamas\u0131n\u0131n yank\u0131lar\u0131 s&uuml;rerken, Kanadal\u0131 Senat&ouml;r Leo Housakos k&uuml;stah&ccedil;a bir a&ccedil;\u0131klama yapm\u0131\u015ft\u0131. Resmi Twitter hesab\u0131ndan bir haber payla\u015fan Housakos, T&uuml;rkiye&#8217;nin NATO&#8217;dan at\u0131lmas\u0131 gerekti\u011fini savundu. Yunanistan as\u0131ll\u0131 Kanadal\u0131 senat&ouml;r: <em>&#8220;Bu sorun kolayca a\u015f\u0131l\u0131r; T&uuml;rkiye&#8217;yi ve Erdo\u011fan&#8217;\u0131 NATO&#8217;dan at\u0131n. Uluslararas\u0131 hukukun &uuml;st&uuml;nl&uuml;\u011f&uuml;ne sayg\u0131 duymayan otokratlar ve iktidarlar, en ba\u015f\u0131ndan itibaren NATO&#8217;nun bir par&ccedil;as\u0131 olmamal\u0131d\u0131r&#8221;<\/em> diye yazm\u0131\u015ft\u0131.<\/span><\/strong><\/p>\n<p style=\"margin-bottom: 0cm; text-align: justify; text-indent: 25.5pt; line-height: 16pt;\"><strong><span style=\"font-size: 14pt; font-family: 'Arial', sans-serif;\">T&uuml;rkiye&rsquo;yi NATO&rsquo;dan &Ccedil;\u0131karma \u015eantaj\u0131; Erbakan&rsquo;\u0131n Tarihi Projelerine sahip &ccedil;\u0131kmaktan ba\u015fka &ccedil;are kalmad\u0131\u011f\u0131n\u0131n da bir kan\u0131t\u0131yd\u0131!..<\/span><\/strong><\/p>\n<p style=\"margin-bottom: 0cm; text-align: justify; text-indent: 25.5pt; line-height: 16pt;\"><strong><span style=\"font-size: 12pt; font-family: 'Arial', sans-serif;\">Tam da b&ouml;yle bir s\u0131rada ve &uuml;lkemize y&ouml;nelik bu k&uuml;stah&ccedil;a \u015fantajlar kar\u015f\u0131s\u0131nda, tek ve ger&ccedil;ek &ccedil;are; Erbakan Hocam\u0131z\u0131n:<\/span><\/strong><\/p>\n<p style=\"margin-bottom: 0cm; text-align: justify; text-indent: 25.5pt; line-height: 16pt;\"><strong><em><span style=\"font-size: 14pt; font-family: 'Arial', sans-serif;\">\u25cf \u0130slam Birle\u015fmi\u015f Milletler Te\u015fkilat\u0131,<\/span><\/em><\/strong><\/p>\n<p style=\"margin-bottom: 0cm; text-align: justify; text-indent: 25.5pt; line-height: 16pt;\"><strong><em><span style=\"font-size: 14pt; font-family: 'Arial', sans-serif;\">\u25cf \u0130slam Ortak Pazar\u0131,<\/span><\/em><\/strong><\/p>\n<p style=\"margin-bottom: 0cm; text-align: justify; text-indent: 25.5pt; line-height: 16pt;\"><strong><em><span style=\"font-size: 14pt; font-family: 'Arial', sans-serif;\">\u25cf \u0130slam Savunma Pakt\u0131,<\/span><\/em><\/strong><\/p>\n<p style=\"margin-bottom: 0cm; text-align: justify; text-indent: 25.5pt; line-height: 16pt;\"><strong><em><span style=\"font-size: 14pt; font-family: 'Arial', sans-serif;\">\u25cf M&uuml;\u015fterek \u0130slam Dinar\u0131,<\/span><\/em><\/strong><\/p>\n<p style=\"margin-bottom: 0cm; text-align: justify; text-indent: 25.5pt; line-height: 16pt;\"><strong><em><span style=\"font-size: 14pt; font-family: 'Arial', sans-serif;\">\u25cf \u0130slam Bilim ve K&uuml;lt&uuml;r \u0130\u015fbirli\u011fi Vakf\u0131<\/span><\/em><\/strong><\/p>\n<p style=\"margin-bottom: 0cm; text-align: justify; text-indent: 25.5pt; line-height: 16pt;\"><strong><span style=\"font-size: 12pt; font-family: 'Arial', sans-serif;\">gibi tarihi programlar\u0131na ve bunlar\u0131n ete kemi\u011fe b&uuml;r&uuml;nd&uuml;r&uuml;lm&uuml;\u015f resmi ve fiili kurulu\u015fu olan <\/span><\/strong><strong><span style=\"font-size: 14pt; font-family: 'Arial', sans-serif;\">D-8&rsquo;ler<\/span><\/strong><strong><span style=\"font-size: 12pt; font-family: 'Arial', sans-serif;\"> olu\u015fumuna art\u0131k samimiyetle sahip &ccedil;\u0131kmak ve b&ouml;ylece hem T&uuml;rkiye&rsquo;mizin, hem de \u0130slam &acirc;leminin huzurunu ve onurunu korumakt\u0131. Ne var ki <\/span><\/strong><strong><em><span style=\"font-size: 14pt; font-family: 'Arial', sans-serif;\">&ldquo;Denenmi\u015f denenmez!&rdquo;<\/span><\/em><\/strong><strong><span style=\"font-size: 12pt; font-family: 'Arial', sans-serif;\"> ger&ccedil;e\u011fince, 20 y\u0131ld\u0131r, her t&uuml;rl&uuml; imk&acirc;n ve iktidar f\u0131rsat\u0131na ra\u011fmen bu tarihi ve talihli ad\u0131mlar\u0131 bir t&uuml;rl&uuml; atamayan, bunlar\u0131 yapacak niyet, gayret, cesaret ve dirayetten yoksun oldu\u011fu anla\u015f\u0131lan Sn. Erdo\u011fan&rsquo;\u0131n b&uuml;t&uuml;n bunlar\u0131 yapamayaca\u011f\u0131 da a&ccedil;\u0131kt\u0131.<\/span><\/strong><\/p>\n<p style=\"margin-bottom: 0cm; text-align: justify; text-indent: 25.5pt; line-height: 16pt;\"><strong><span style=\"font-size: 14pt; font-family: 'Arial', sans-serif;\">Devlet Bah&ccedil;eli&rsquo;nin &ouml;nemli &ccedil;\u0131k\u0131\u015f\u0131 lafta kalmas\u0131nd\u0131!<\/span><\/strong><\/p>\n<p style=\"margin-bottom: 0cm; text-align: justify; text-indent: 25.5pt; line-height: 16pt;\"><strong><span style=\"font-size: 12pt; font-family: 'Arial', sans-serif;\">Partisinin grup toplant\u0131s\u0131nda konu\u015fan MHP Genel Ba\u015fkan\u0131 Devlet Bah&ccedil;eli&rsquo;nin, <\/span><\/strong><strong><em><span style=\"font-size: 14pt; font-family: 'Arial', sans-serif;\">Suriye&rsquo;de &ccedil;\u0131kar\u0131lan aff\u0131 desteklerken, aff\u0131n iktidar taraf\u0131ndan de\u011ferlendirilmesi &ccedil;a\u011fr\u0131s\u0131<\/span><\/em><\/strong><strong><span style=\"font-size: 12pt; font-family: 'Arial', sans-serif;\"> &ouml;nemli bir ad\u0131md\u0131.<\/span><\/strong><\/p>\n<p style=\"margin-bottom: 0cm; text-align: justify; text-indent: 25.5pt; line-height: 16pt;\"><strong><span style=\"font-size: 12pt; font-family: 'Arial', sans-serif;\">Sn. Bah&ccedil;eli&rsquo;nin: <em>&ldquo;Maneviyat\u0131n yerini maddiyat al\u0131rsa, mertlik namertlikle a\u015fa\u011f\u0131lan\u0131rsa hayat\u0131n ve siyasetin ola\u011fan ak\u0131\u015f\u0131 t\u0131kanmakla kalmayacak, toplum huzuru b&uuml;t&uuml;n&uuml;yle sars\u0131lacakt\u0131r. Hadiselerin ak\u0131\u015f demetine hesabi yakla\u015fanlar\u0131n ne s&ouml;z&uuml; s&ouml;zd&uuml;r ne de adaml\u0131klar\u0131 bahis mevzudur. &Ccedil;\u0131karlar\u0131yla de\u011fil &ccedil;\u0131nar gibi y&uuml;ksek iradeleriyle var olan feragat timsalleri tarihe iz b\u0131rakm\u0131\u015flard\u0131r&#8230; S\u0131\u011f\u0131nmac\u0131 meselesi &uuml;lkemizin yumu\u015fak karn\u0131 haline gelmi\u015ftir. Anla\u015f\u0131lan s\u0131\u011f\u0131nmac\u0131lar konusunun ka\u015f\u0131nmas\u0131yla ilgili tezg&acirc;h, artan &ouml;l&ccedil;&uuml;de k&ouml;r&uuml;klenmektedir. Elbette T&uuml;rkiye yolge&ccedil;en han\u0131, g&ouml;&ccedil;men ve s\u0131\u011f\u0131nmac\u0131 kamp\u0131 de\u011fildir. Biz gelecek nesillere her anlamda g&uuml;venceye kavu\u015fturulmu\u015f bir vatan emanet etmekle mesul&uuml;z. \u015eunun da fark\u0131nday\u0131z ki s\u0131\u011f\u0131nmac\u0131 sorunu T&uuml;rkiye&#8217;nin uzun y\u0131llar hazmedece\u011fi bir sorun olmaktan tamamen &ccedil;\u0131km\u0131\u015ft\u0131r. Suriyeli s\u0131\u011f\u0131nmac\u0131lar bug&uuml;n misafirimizse yar\u0131n kom\u015fumuz olacaklard\u0131r. T&uuml;rkiye&#8217;nin s\u0131\u011f\u0131nmac\u0131 ak\u0131n\u0131na kar\u015f\u0131 alaca\u011f\u0131 etkili &ouml;nlemler, milli siyaset planlamas\u0131yla ger&ccedil;ek&ccedil;i bir boyut kazanmal\u0131d\u0131r&hellip; Suriyelilerin g&uuml;venli ve onurlu \u015fekilde yurtlar\u0131na sevk edilmesi, &ouml;n&uuml;m&uuml;zdeki en &ouml;nemli konulardan olmal\u0131d\u0131r. D&uuml;zensiz g&ouml;&ccedil;e kesinlikle m&uuml;saade edilmemelidir. Suriyeli s\u0131\u011f\u0131nmac\u0131lar\u0131n &uuml;lkelerinden kopu\u015flar\u0131na neden olan i&ccedil; &ccedil;at\u0131\u015fma ortam\u0131 ge&ccedil;er ge&ccedil;mez, s&uuml;k&ucirc;net sa\u011flan\u0131r sa\u011flanmaz &uuml;lkelerine d&ouml;n&uuml;\u015fleri el birli\u011fiyle, hepsinin r\u0131zas\u0131yla hayata ge&ccedil;irilmelidir. Bug&uuml;ne kadar Afrin, Azez, Cerablus ve Telabyad&#8217;a toplamda 490 bin Suriyeli yerle\u015ftirilmi\u015ftir. Hi&ccedil;bir s\u0131\u011f\u0131nmac\u0131y\u0131, h<strong><span style=\"font-size: 12pt; font-family: 'Arial', sans-serif;\"><em>i&ccedil;bir masumu elinde han&ccedil;erle bekleyen cellatlara teslim edemeyiz, b&ouml;ylesi vah\u015fete ortak olamay\u0131z. Bize g&ouml;re briket evlerin yap\u0131m\u0131 de\u011ferli bir ad\u0131md\u0131r<\/em><\/span><\/strong>&hellip; Gerginlik &ccedil;\u0131karanlar art niyetlidir. T&uuml;rk milliyet&ccedil;ili\u011fi, \u0131rk&ccedil;\u0131l\u0131\u011f\u0131 kesin bir dille reddeder. Hi&ccedil; kimse s\u0131rt\u0131m\u0131zdan kurban kesmeye heveslenmesin. Suriye Devlet Ba\u015fkan\u0131&#8217;n\u0131n ilan etti\u011fi genel af karar\u0131 m&uuml;him ve geri d&ouml;n&uuml;\u015fleri kolayla\u015ft\u0131r\u0131c\u0131 bir geli\u015fmedir. H&uuml;k&uuml;metin uygulayaca\u011f\u0131 her politikay\u0131 destekleyece\u011fimiz bilinmelidir.&#8221;<\/em><\/span><\/strong><\/p>\n<p style=\"margin-bottom: 0cm; text-align: justify; text-indent: 25.5pt; line-height: 16pt;\"><strong><span style=\"font-size: 12pt; font-family: 'Arial', sans-serif;\">Beyanlar\u0131 i&ccedil;erisinde, &ouml;zellikle: <em>&#8220;Suriye&rsquo;de Be\u015f\u015far Esed y&ouml;netiminin s\u0131\u011f\u0131nmac\u0131lar\u0131n geri d&ouml;n&uuml;\u015flerini h\u0131zland\u0131racak GENEL AF karar\u0131n\u0131 &ccedil;ok olumlu kar\u015f\u0131lamalar\u0131&#8221;<\/em> &uuml;zerinde durmak laz\u0131md\u0131. Acaba Sn. Bah&ccedil;eli, bu genel af karar\u0131n\u0131 alan Be\u015f\u015far Esed&rsquo;le, Cumhur \u0130ttifak\u0131 Y&ouml;netiminin bizzat g&ouml;r&uuml;\u015ferek, b&uuml;t&uuml;n sorunlar\u0131m\u0131z\u0131 kar\u015f\u0131l\u0131kl\u0131 diyalog i&ccedil;erisinde &ccedil;&ouml;zme gere\u011fini de Sn. Erdo\u011fan&#8217;a hat\u0131rlatacak m\u0131yd\u0131? &Ouml;yle ya, Siyonist ve ter&ouml;rist \u0130srail&rsquo;in Katil Cumhurba\u015fkan\u0131&#8217;n\u0131 davet edip a\u011f\u0131rlayan!.. Daha nice T&uuml;rkiye d&uuml;\u015fman\u0131 ve zalim odaklarla kucakla\u015fan Erdo\u011fan, Esad&rsquo;la g&ouml;r&uuml;\u015fme talebine, hangi bahane ile kar\u015f\u0131 &ccedil;\u0131kacakt\u0131?<\/span><\/strong><\/p>\n<p style=\"margin-bottom: 0cm; text-align: justify; text-indent: 25.5pt; line-height: 16pt;\"><strong><span style=\"font-size: 12pt; font-family: 'Arial', sans-serif;\">Sn. Erdo\u011fan Din istismar\u0131yla ve bilgi&ccedil;lik havas\u0131yla defalarca a&ccedil;\u0131klam\u0131\u015ft\u0131: <em>&ldquo;D&uuml;\u015f&uuml;k faiz d&uuml;\u015f&uuml;k enflasyonu getirecek, dolar inecek, enflasyon d&uuml;\u015fecek. \u0130\u015fsizlik azal\u0131verecek, &uuml;lke ekonomisi d&uuml;zeltilecekti!..&rdquo; <\/em>Ama hi&ccedil;biri tutmad\u0131&hellip; &Ccedil;&uuml;nk&uuml; tutars\u0131zd\u0131. Faizsiz ekonomiye ge&ccedil;mek ve yerli tar\u0131m ve sanayi &uuml;retimini ger&ccedil;ekle\u015ftirmek yerine, kapitalist ve rantiyeci icraatlar\u0131n\u0131, \u0130slami edebiyatla s&uuml;slemeye kalk\u0131\u015fm\u0131\u015ft\u0131&hellip; Ve i\u015fte sonunda Dolar 16 TL&rsquo;ye yakla\u015fmaktayd\u0131&hellip;<\/span><\/strong><\/p>\n<p style=\"margin-bottom: 0cm; text-align: justify; text-indent: 25.5pt; line-height: 16pt;\"><strong><span style=\"font-size: 12pt; font-family: 'Arial', sans-serif;\">Uzmanlara g&ouml;re ger&ccedil;ek enflasyon y\u0131ll\u0131k y&uuml;zde 156 civar\u0131ndayd\u0131. OECD &uuml;lkeleri i&ccedil;inde a&ccedil;\u0131k arayla enflasyonda birinci s\u0131raya ta\u015f\u0131nm\u0131\u015ft\u0131k. D&uuml;nyada ise hepsi peri\u015fan ve &ccedil;ok k&ouml;t&uuml; y&ouml;netilen &uuml;lkeler; Venezuela, Sudan, Zimbabve, L&uuml;bnan ve Suriye&#8217;nin ard\u0131ndan alt\u0131nc\u0131 s\u0131rada yer alm\u0131\u015ft\u0131k. Y&uuml;ksek enflasyon orta s\u0131n\u0131f\u0131 bitirmi\u015f durumdayd\u0131. Aile gelirinin y&uuml;zde 85&#8217;i sadece g\u0131daya harcanmaktayd\u0131. Maa\u015fl\u0131lar ve sabit gelirliler her ge&ccedil;en ay &#8220;a&ccedil;l\u0131k s\u0131n\u0131r\u0131na&#8221; do\u011fru ad\u0131m ad\u0131m kayd\u0131r\u0131lmaktayd\u0131. &Uuml;lkede sefalet patlamas\u0131 ya\u015fanmaktayd\u0131. 2010 y\u0131l\u0131nda y&uuml;zde 18,7 olan sefalet endeksi 2020 y\u0131l\u0131nda y&uuml;zde 25,8&rsquo;e &ccedil;\u0131km\u0131\u015ft\u0131. Sefalet endeksinin bu y\u0131l\u0131n sonunda y&uuml;zde 40&rsquo;a dayanaca\u011f\u0131 hesaplar\u0131 yap\u0131lmaktayd\u0131.<\/span><\/strong><\/p>\n<p style=\"margin-bottom: 0cm; text-align: justify; text-indent: 25.5pt; line-height: 16pt;\"><strong><span style=\"font-size: 12pt; font-family: 'Arial', sans-serif;\">T&uuml;rkiye bir felakete do\u011fru yakla\u015fmaktayd\u0131.<\/span><\/strong><\/p>\n<p style=\"margin-bottom: 0cm; text-align: justify; text-indent: 25.5pt; line-height: 16pt;\"><strong><span style=\"font-size: 12pt; font-family: 'Arial', sans-serif;\">Kur faizden ayr\u0131lm\u0131\u015ft\u0131; Faiz ba\u011f\u0131 kopar\u0131lm\u0131\u015ft\u0131. <em>&ldquo;Faize kar\u015f\u0131y\u0131z!..&rdquo;<\/em> edebiyat\u0131yla, halk\u0131m\u0131z aldat\u0131l\u0131p asl\u0131nda faiz azd\u0131r\u0131lm\u0131\u015ft\u0131!.. T&uuml;rkiye&#8217;nin ya\u015fad\u0131\u011f\u0131 b&uuml;y&uuml;k kriz d&ouml;nemlerinde bile &#8220;Enflasyon-Kur-Faiz&#8221; &uuml;&ccedil;l&uuml;s&uuml;n&uuml;n birbirinden bu kadar koptu\u011fu olmam\u0131\u015ft\u0131. Tayyip Erdo\u011fan&rsquo;\u0131n ekonomi kadrosu; dolar\u0131n y&uuml;kselmesini &ouml;nlemek i&ccedil;in 128 milyar dolar rezervi eritme kumar\u0131n\u0131 bile oynam\u0131\u015flard\u0131. Sonras\u0131nda yine Merkez Bankas\u0131 rezervlerini eriterek dolar\u0131 hi&ccedil; de\u011filse 15 TL&#8217;nin alt\u0131nda durdurmay\u0131 ama&ccedil;lam\u0131\u015flard\u0131, ama kumar yine tutmam\u0131\u015f, i\u015fte dolar 15 TL&#8217;yi &ccedil;oktan a\u015fm\u0131\u015ft\u0131.<\/span><\/strong><\/p>\n<p style=\"margin-bottom: 0cm; text-align: justify; text-indent: 25.5pt; line-height: 16pt;\"><strong><span style=\"font-size: 12pt; font-family: 'Arial', sans-serif;\">1 dolar\u0131n 15 TL&#8217;yi ge&ccedil;ti\u011fi g&uuml;n&uuml;n &ouml;ncesi \u015fu &uuml;&ccedil; haber yan yana geldi: AKP d&ouml;neminde ald\u0131\u011f\u0131 ihalelerle bilinen i\u015f insan\u0131 kar\u0131 koca kar\u015f\u0131l\u0131kl\u0131 milyonluk bo\u015fanma davas\u0131 a&ccedil;m\u0131\u015flard\u0131. AKP&#8217;li i\u015f insan\u0131 kad\u0131n, <\/span><\/strong><strong><em><span style=\"font-size: 14pt; font-family: 'Arial', sans-serif;\">&#8220;beni aldatt\u0131&#8221;<\/span><\/em><\/strong><strong><span style=\"font-size: 12pt; font-family: 'Arial', sans-serif;\"> diyerek kocas\u0131na 6 milyon liral\u0131k tazminat davas\u0131 a&ccedil;m\u0131\u015ft\u0131. AKP&#8217;li i\u015f insan\u0131 koca da <\/span><\/strong><strong><em><span style=\"font-size: 14pt; font-family: 'Arial', sans-serif;\">&#8220;as\u0131l beni o aldatt\u0131&#8221;<\/span><\/em><\/strong><strong><span style=\"font-size: 12pt; font-family: 'Arial', sans-serif;\"> &ouml;fkesi yaparak 11 milyon TL&#8217;lik kar\u015f\u0131 dava a&ccedil;m\u0131\u015ft\u0131. Evet, T&uuml;rkiye &ccedil;ok tehlikeli ve karanl\u0131k bir ak\u0131bete do\u011fru h\u0131zla kayd\u0131r\u0131lmaktayd\u0131&hellip; <\/span><\/strong><\/p>\n<p style=\"margin-bottom: 0cm; text-align: justify; text-indent: 25.5pt; line-height: 16pt;\"><strong><span style=\"font-size: 14pt; font-family: 'Arial', sans-serif;\">Avukatlar memnunlard\u0131. AKP&#8217;li Damatlar da memnunlard\u0131!<\/span><\/strong><\/p>\n<p style=\"margin-bottom: 0cm; text-align: justify; text-indent: 25.5pt; line-height: 16pt;\"><strong><span style=\"font-size: 12pt; font-family: 'Arial', sans-serif;\">AKP&#8217;li bir il&ccedil;e belediyesinin d&uuml;zenledi\u011fi foto\u011fraf yar\u0131\u015fmas\u0131n\u0131n organizasyon ihalesi 719 bin TL&#8217;ye eski AKP milletvekilinin damad\u0131na aktar\u0131lm\u0131\u015ft\u0131. Damada; t&uuml;m&uuml; AKP&#8217;li belediyelerden 130 milyon TL tutar\u0131nda 78 ihale verildi\u011fi ortaya &ccedil;\u0131km\u0131\u015ft\u0131.<\/span><\/strong><\/p>\n<p style=\"margin-bottom: 0cm; text-align: justify; text-indent: 25.5pt; line-height: 16pt;\"><strong><span style=\"font-size: 12pt; font-family: 'Arial', sans-serif;\">Daha da beteri: &ldquo;Ankara B&uuml;y&uuml;k\u015fehir Belediyesi&#8217;nin AKP&#8217;li Ba\u015fkan\u0131 d&ouml;neminde; belediye m&uuml;lk&uuml; olan &#8216;ba\u015fkanl\u0131k konutunda&#8217; do\u011fal olarak AKP&#8217;li Belediye Ba\u015fkan\u0131, e\u015fi ve &ccedil;ocuklar\u0131yla beraber oturuyorlard\u0131. Fakat AKP&#8217;li Ankara B&uuml;y&uuml;k\u015fehir Belediye Ba\u015fkan\u0131, AKP Genel Ba\u015fkan\u0131&#8217;n\u0131n arzusu &uuml;zerine belediye ba\u015fkanl\u0131\u011f\u0131ndan istifa etmek zorunda kalmadan &ouml;nce &#8216;ba\u015fkanl\u0131k konutunun sat\u0131lmas\u0131&#8217; karar\u0131n\u0131 Belediye Enc&uuml;men &uuml;yelerine de onaylatarak &ccedil;\u0131karm\u0131\u015ft\u0131. \u0130stifa etti ve konut da ihale yoluyla sat\u0131l\u0131\u011fa &ccedil;\u0131kar\u0131ld\u0131. Ancak konutu almaya tek istekli olan istifa etmi\u015f AKP&#8217;li Belediye Ba\u015fkan\u0131&#8217;n\u0131n e\u015fi &ccedil;\u0131km\u0131\u015ft\u0131. \u0130hale bedeli al\u0131nm\u0131\u015f, kamu m&uuml;lk&uuml; konut kitab\u0131na uydurularak AKP&#8217;li Belediye Ba\u015fkan\u0131&#8217;n\u0131n e\u015finin sahipli\u011fine b\u0131rak\u0131lm\u0131\u015ft\u0131. Se&ccedil;imler yap\u0131ld\u0131. Ankara Belediyesi&#8217;ni CHP&#8217;li Belediye Ba\u015fkan aday\u0131 kazand\u0131. M&uuml;fetti\u015flere ve olu\u015fturulan bilirki\u015fi heyetine inceleme yapt\u0131rd\u0131. \u0130halenin yap\u0131lma bi&ccedil;iminin hukuken sakat oldu\u011fu, di\u011fer isteklilerin ihaleye kat\u0131lmalar\u0131n\u0131n engellendi\u011fi anla\u015f\u0131lm\u0131\u015ft\u0131. \u0130haleye fesat kar\u0131\u015ft\u0131r\u0131lm\u0131\u015ft\u0131. Cumhuriyet Ba\u015fsavc\u0131l\u0131\u011f\u0131&#8217;na &#8216;su&ccedil; duyurusu&#8217; yap\u0131ld\u0131. Konu belediyelerden sorumlu \u0130&ccedil;i\u015fleri Bakanl\u0131\u011f\u0131&#8217;na ula\u015ft\u0131. Bakanl\u0131k, ihalesine fesat kar\u0131\u015ft\u0131r\u0131lm\u0131\u015f kirli sat\u0131\u015f\u0131 &#8216;temiz&#8217; buldu, kamu m&uuml;lk&uuml;ne fesatla &ccedil;&ouml;k&uuml;lmesine kar\u015f\u0131 &ccedil;\u0131kan yeni Belediye Ba\u015fkan\u0131 hakk\u0131nda soru\u015fturma ba\u015flatt\u0131&rdquo; tespitleri haks\u0131z m\u0131yd\u0131?<\/span><\/strong><\/p>\n<p style=\"margin-bottom: 0cm; text-align: justify; text-indent: 25.5pt; line-height: 16pt;\"><strong><span style=\"font-size: 14pt; font-family: 'Arial', sans-serif;\">Ko&ccedil; ailesi &uuml;retimden de\u011fil, FA\u0130Z&rsquo;den ve rantiyeden kazanm\u0131\u015ft\u0131!<\/span><\/strong><\/p>\n<p style=\"margin-bottom: 0cm; text-align: justify; text-indent: 25.5pt; line-height: 16pt;\"><strong><span style=\"font-size: 12pt; font-family: 'Arial', sans-serif;\"><span style=\"font-size: 14pt; font-family: 'Arial', sans-serif;\">3 ayda yakla\u015f\u0131k 7 milyar k&acirc;ra, Erdo\u011fan sisteminde ve sayesinde ula\u015f\u0131lm\u0131\u015ft\u0131!..<\/span><\/span><\/strong><\/p>\n<p style=\"margin-bottom: 0cm; text-align: justify; text-indent: 25.5pt; line-height: 16pt;\"><strong><span style=\"font-size: 12pt; font-family: 'Arial', sans-serif;\">T&uuml;rkiye&#8217;nin en zengini olan Ko&ccedil; ailesi, &ouml;zellikle Erdo\u011fan iktidar\u0131 boyunca muhte\u015fem servetlere konmu\u015flard\u0131. <\/span><\/strong><span style=\"font-size: 12pt; font-family: 'Arial', sans-serif;\"><span style=\"font-size: 12pt; font-family: 'Arial', sans-serif;\"><strong>Ko&ccedil; Holding, 2022 y\u0131l\u0131n\u0131n 1. &ccedil;eyre\u011fine dair finansallar\u0131n\u0131 Kamuyu Ayd\u0131nlatma Platformu&rsquo;nda (KAP) payla\u015fm\u0131\u015ft\u0131.<\/strong> <\/span><\/span><strong><span style=\"font-size: 12pt; font-family: 'Arial', sans-serif;\">Ko&ccedil; Holding, 2022 y\u0131l\u0131n\u0131n ilk &ccedil;eyre\u011finde piyasa beklentilerinin hafif &uuml;zerinde 6 milyar 713 milyon TL net d&ouml;nem k&acirc;r\u0131 kazanm\u0131\u015ft\u0131. Holding, ge&ccedil;en y\u0131l\u0131n ayn\u0131 d&ouml;nemine g&ouml;re k&acirc;r\u0131n\u0131 y&uuml;zde 218 oran\u0131nda art\u0131rm\u0131\u015ft\u0131. Ko&ccedil; ailesi servetine servet katm\u0131\u015ft\u0131. Bu nas\u0131l k&acirc;rd\u0131 ve nas\u0131l kazan\u0131lm\u0131\u015ft\u0131? Tek kelime ile dudak u&ccedil;uklatmaktayd\u0131!<\/span><\/strong><\/p>\n<p style=\"margin-bottom: 0cm; text-align: justify; text-indent: 25.5pt; line-height: 16pt;\"><strong><span style=\"font-size: 14pt; font-family: 'Arial', sans-serif;\">Ko&ccedil;&rsquo;lar en b&uuml;y&uuml;k k&acirc;r\u0131 F\u0130NANS, yani FA\u0130Z &uuml;zerinden kazanm\u0131\u015flard\u0131!<\/span><\/strong><\/p>\n<p style=\"margin-bottom: 0cm; text-align: justify; text-indent: 25.5pt; line-height: 16pt;\"><strong><span style=\"font-size: 12pt; font-family: 'Arial', sans-serif;\">Ge&ccedil;en y\u0131l\u0131n ilk &ccedil;eyre\u011finde 2 milyar 113 milyon TL olan net k&acirc;ra, finans sekt&ouml;r&uuml;nden 2 milyar 647 milyon TL, otomotivden 940 milyon TL, enerjiden 858 milyon TL, dayan\u0131kl\u0131 t&uuml;ketimden 110 milyon TL ve di\u011fer sekt&ouml;rlerden 44 milyon TL ilave katk\u0131 sa\u011flanm\u0131\u015ft\u0131. Yani Ko&ccedil;&rsquo;lar &uuml;retimden de\u011fil, faizden ve rantiyeden kazanm\u0131\u015flard\u0131. Holding, y\u0131l\u0131n ilk &ccedil;eyre\u011finde ge&ccedil;en y\u0131la g&ouml;re (finans sekt&ouml;r&uuml; faaliyet has\u0131lat\u0131 d&acirc;hil) 152 milyar 105 milyon TL gelir elde ederken, gelirini y\u0131ll\u0131k bazda y&uuml;zde 165 art\u0131rm\u0131\u015ft\u0131. Br&uuml;t k&acirc;r ise y&uuml;zde 141 art\u0131\u015fla 33 milyar 275 milyon TL seviyesine ula\u015fm\u0131\u015ft\u0131.<\/span><\/strong><\/p>\n<p style=\"margin-bottom: 0cm; text-align: justify; text-indent: 25.5pt; line-height: 16pt;\"><strong><span style=\"font-size: 12pt; font-family: 'Arial', sans-serif;\">Finans (FA\u0130Z) sekt&ouml;r&uuml;nde y\u0131l\u0131n ilk &ccedil;eyre\u011findeki pozitif geli\u015fmeler; vadesiz mevduat ve bireysel kredilerde s&uuml;regelen pazar pay\u0131 kazan\u0131m\u0131, g&uuml;&ccedil;l&uuml; tahsilatlar ve &ccedil;eyreksel d&uuml;\u015f&uuml;k tahsili gecikmi\u015f alacak giri\u015fleri ile desteklenen d&uuml;\u015f&uuml;k kredi riski maliyeti, komisyon gelirlerinde genele yay\u0131lan iyile\u015fme, g&uuml;&ccedil;l&uuml; yeni m&uuml;\u015fteri kazan\u0131m\u0131 ve i&ccedil;sel sermaye yarat\u0131m\u0131 ile desteklenen korunakl\u0131 sermaye tamponlar\u0131 oldu. B&ouml;ylece, sekt&ouml;r&uuml;n konsolide net k&acirc;ra katk\u0131s\u0131 y\u0131ll\u0131k y&uuml;zde 439 art\u0131\u015fla 3 milyar 250 milyon TL&rsquo;ye &ccedil;\u0131km\u0131\u015ft\u0131.<\/span><\/strong><\/p>\n<p style=\"margin-bottom: 0cm; text-align: justify; text-indent: 25.5pt; line-height: 16pt;\"><strong><span style=\"font-size: 12pt; font-family: 'Arial', sans-serif;\">Otomotivde, avantajl\u0131 &uuml;r&uuml;n da\u011f\u0131l\u0131m\u0131, ihracat anla\u015fmalar\u0131, gider kontrol&uuml; ve fiyatlama disiplini ile &ouml;ne &ccedil;\u0131kt\u0131. Di\u011fer taraftan i&ccedil; pazar ve ihracat pazarlar\u0131ndaki zay\u0131fl\u0131k olumsuz geli\u015fmeler olarak not edildi. Buna g&ouml;re, sekt&ouml;r&uuml;n konsolide net k&acirc;ra katk\u0131s\u0131 y\u0131ll\u0131k y&uuml;zde 77 art\u0131\u015fla 2 milyar 204 milyon TL&rsquo;ye &ccedil;\u0131kt\u0131. Enerji taraf\u0131nda ise, i&ccedil; talepte b&uuml;y&uuml;me, &uuml;r&uuml;n marjlar\u0131ndaki g&uuml;&ccedil;l&uuml; art\u0131\u015f, stok k&acirc;r\u0131 ve y&uuml;ksek kapasite kullan\u0131m\u0131 olumlu, enerji fiyatlar\u0131ndaki ani art\u0131\u015f ise olumsuz geli\u015fme olarak ilk &ccedil;eyrekte kayda al\u0131nd\u0131. Sekt&ouml;r&uuml;n konsolide net k&acirc;ra katk\u0131s\u0131 y\u0131ll\u0131k y&uuml;zde 296 art\u0131\u015fla 568 milyon TL&rsquo;ye f\u0131rlad\u0131.<\/span><\/strong><\/p>\n<p style=\"margin-bottom: 0cm; text-align: justify; text-indent: 25.5pt; line-height: 16pt;\"><strong><span style=\"font-size: 14pt; font-family: 'Arial', sans-serif;\">Fosseptik &ccedil;ukurundaki ci\u011ferler t&uuml;kenmeye ba\u015flam\u0131\u015ft\u0131!<\/span><\/strong><\/p>\n<p style=\"margin-bottom: 0cm; text-align: justify; text-indent: 25.5pt; line-height: 16pt;\"><strong><span style=\"font-size: 12pt; font-family: 'Arial', sans-serif;\">&Ouml;zellikle gurbette ya\u015fayan memur aileler, okullar\u0131n tatile girmesiyle birlikte k&ouml;ydeki evlerine d&ouml;n&uuml;p, tatili orada ge&ccedil;irmeye merakl\u0131d\u0131r. Hem hasret giderilir, hem S\u0131la-i Rahim yap\u0131l\u0131rd\u0131. Gelinen k&ouml;y yerlerinde altyap\u0131 olmad\u0131\u011f\u0131 i&ccedil;in fosseptik &ccedil;ukurlar\u0131 kaz\u0131l\u0131rd\u0131. Yaz tatili bitti\u011finde, evden &ccedil;\u0131kmadan &ouml;nce, aile t&uuml;m haz\u0131rl\u0131klar\u0131n\u0131 tamamlar ve en son bir kuzu ci\u011ferini de ipe ba\u011flay\u0131p, tuvaletin &ccedil;ukurunun &uuml;zerine asarlard\u0131. Gelecek y\u0131l temmuz ba\u015f\u0131nda tekrar k&ouml;ye d&ouml;nd&uuml;klerinde fosseptik &ccedil;ukurunu tertemiz ve bombo\u015f vaziyette bulurlard\u0131. Tuvalet kuyusuna ci\u011fer as\u0131lmas\u0131na akl\u0131 yatmayan &ccedil;ocuk, bir g&uuml;n annesine sormu\u015ftu: <em>&#8220;Anne, biz neden bunu yap\u0131yoruz, bu ci\u011feri pislik &ccedil;ukuruna ni&ccedil;in as\u0131yoruz?&#8221;<\/em><\/span><\/strong><\/p>\n<p style=\"margin-bottom: 0cm; text-align: justify; text-indent: 25.5pt; line-height: 16pt;\"><strong><span style=\"font-size: 14pt; font-family: 'Arial', sans-serif;\">Annesi konuyu \u015f&ouml;yle a&ccedil;\u0131klam\u0131\u015ft\u0131:<\/span><\/strong><\/p>\n<p style=\"margin-bottom: 0cm; text-align: justify; text-indent: 25.5pt; line-height: 16pt;\"><strong><em><span style=\"font-size: 12pt; font-family: 'Arial', sans-serif;\">&#8220;Burada as\u0131l\u0131 olan ci\u011fere bir m&uuml;ddet sonra kurt&ccedil;uklar &uuml;\u015f&uuml;\u015f&uuml;r. O kurt&ccedil;uklar ci\u011feri yer, yedik&ccedil;e geli\u015fir ve &ccedil;o\u011fal\u0131rlar. Ve tabi onlar &ccedil;o\u011fald\u0131k&ccedil;a ci\u011fer de azal\u0131r&#8230; Bir g&uuml;n kurt&ccedil;uklar ci\u011feri tamamen yer bitirirler ve a\u015fa\u011f\u0131ya d&uuml;\u015fmek zorunda kal\u0131rlar. Bu sefer oradaki pislikleri yeme\u011fe ba\u015flarlar&#8230;<\/span><\/em><\/strong><\/p>\n<p style=\"margin-bottom: 0cm; text-align: justify; text-indent: 25.5pt; line-height: 16pt;\"><strong><em><span style=\"font-size: 12pt; font-family: 'Arial', sans-serif;\">Kurt&ccedil;uklar yine &ccedil;o\u011fal\u0131p dururlar; bu defa da oradaki pislikler azal\u0131r, g&uuml;n gelir, o &ccedil;ukurdaki pislikleri de yiyerek bitirmi\u015f olurlar. A&ccedil; kalan kurt&ccedil;uklar, en sonunda mecburen birbirlerini yeme\u011fe ba\u015flarlar&#8230; Nihayet, onlar da biter ve kuyu tertemiz olur yavrum!&#8221;<\/span><\/em><\/strong><\/p>\n<p style=\"margin-bottom: 0cm; text-align: justify; text-indent: 25.5pt; line-height: 16pt;\"><strong><span style=\"font-size: 12pt; font-family: 'Arial', sans-serif;\">AKP iktidar\u0131n\u0131n talan ve tahribat icraatlar\u0131n\u0131 ve menfaat gruplar\u0131 aras\u0131nda son ya\u015fanan &ccedil;\u0131kar &ccedil;at\u0131\u015fmalar\u0131n\u0131 g&ouml;rd&uuml;k&ccedil;e, akl\u0131m\u0131za, o evin la\u011f\u0131m &ccedil;ukurunun tepesine as\u0131lan ci\u011fer tak\u0131ld\u0131. &Uuml;z&uuml;lerek s&ouml;yl&uuml;yoruz ama, vaziyetin aynen b&ouml;yle oldu\u011fu kan\u0131s\u0131na vard\u0131k&#8230; \u015e&ouml;yle ki; y\u0131llar evvel bir ci\u011fere sald\u0131rd\u0131lar&#8230; Sald\u0131rd\u0131k&ccedil;a da &ccedil;o\u011fald\u0131lar. \u015eimdi ci\u011fer (ucuz kredi, devlet ihalesi ve haz\u0131r s\u0131cak para ekonomisi) bitti, t&uuml;kenip t\u0131kand\u0131 ve la\u011f\u0131m &ccedil;ukuruna d&uuml;\u015fmeye ba\u015flad\u0131lar&hellip;<\/span><\/strong><\/p>\n<p style=\"margin-bottom: 0cm; text-align: justify; text-indent: 25.5pt; line-height: 16pt;\"><strong><span style=\"font-size: 12pt; font-family: 'Arial', sans-serif;\">O kadar a&ccedil;g&ouml;zl&uuml; davrand\u0131lar ki, oradaki ganimet pislikleri de yiyip yuttular, ama doymad\u0131lar&#8230; \u015eimdi de birbirlerini yiyorlar&#8230; Az kald\u0131, biraz daha di\u015finizi s\u0131k\u0131n; yak\u0131nda her yer tertemiz olacak!..&rdquo;<\/span><\/strong><\/p>\n<p style=\"margin-bottom: 0cm; text-align: justify; text-indent: 25.5pt; line-height: 16pt;\"><strong><span style=\"font-size: 12pt; font-family: 'Arial', sans-serif;\"><\/span><\/strong><\/p>\n","protected":false},"excerpt":{"rendered":"<p>&nbsp; SN. ERDO\u011eAN, BU OLUMLU VE ONURLU &Ccedil;IKI\u015eIN ARKASINDA DURACAK MIYDI?! &nbsp;&nbsp;&nbsp;&nbsp;&nbsp;&nbsp; Cumhurba\u015fkan\u0131 Erdo\u011fan, (13.05.2022) Cuma namaz\u0131 &ccedil;\u0131k\u0131\u015f\u0131nda gazetecilerin sorular\u0131n\u0131 yan\u0131tlarken: &ldquo;Finlandiya ve \u0130sve&ccedil;&#8217;in NATO &uuml;yeli\u011fi ad\u0131mlar\u0131na T&uuml;rkiye olarak olumlu bakmad\u0131klar\u0131n\u0131&rdquo; a&ccedil;\u0131klam\u0131\u015ft\u0131. Bu kurus\u0131k\u0131 &ccedil;\u0131k\u0131\u015flar, hem halk\u0131m\u0131z\u0131 avutma ama&ccedil;l\u0131yd\u0131, hem de \u0130sve&ccedil; ve Finlandiya&rsquo;ya: &ldquo;G&ouml;stermelik de olsa PKK&rsquo;ya mesafe koydu\u011funuza dair a&ccedil;\u0131klamalar yap\u0131n ki, NATO&rsquo;ya [&hellip;]<\/p>\n","protected":false},"author":4,"featured_media":0,"comment_status":"open","ping_status":"closed","sticky":false,"template":"","format":"standard","meta":{"footnotes":""},"categories":[263],"tags":[],"class_list":["post-11209","post","type-post","status-publish","format-standard","hentry","category-temmuz-2022"],"_links":{"self":[{"href":"https:\/\/www.millicozum.com\/mc\/wp-json\/wp\/v2\/posts\/11209","targetHints":{"allow":["GET"]}}],"collection":[{"href":"https:\/\/www.millicozum.com\/mc\/wp-json\/wp\/v2\/posts"}],"about":[{"href":"https:\/\/www.millicozum.com\/mc\/wp-json\/wp\/v2\/types\/post"}],"author":[{"embeddable":true,"href":"https:\/\/www.millicozum.com\/mc\/wp-json\/wp\/v2\/users\/4"}],"replies":[{"embeddable":true,"href":"https:\/\/www.millicozum.com\/mc\/wp-json\/wp\/v2\/comments?post=11209"}],"version-history":[{"count":0,"href":"https:\/\/www.millicozum.com\/mc\/wp-json\/wp\/v2\/posts\/11209\/revisions"}],"wp:attachment":[{"href":"https:\/\/www.millicozum.com\/mc\/wp-json\/wp\/v2\/media?parent=11209"}],"wp:term":[{"taxonomy":"category","embeddable":true,"href":"https:\/\/www.millicozum.com\/mc\/wp-json\/wp\/v2\/categories?post=11209"},{"taxonomy":"post_tag","embeddable":true,"href":"https:\/\/www.millicozum.com\/mc\/wp-json\/wp\/v2\/tags?post=11209"}],"curies":[{"name":"wp","href":"https:\/\/api.w.org\/{rel}","templated":true}]}}