{"id":11219,"date":"2022-06-29T22:00:00","date_gmt":"2022-06-29T19:00:00","guid":{"rendered":"https:\/\/www.millicozum.com\/mc\/2022\/temmuz-2022\/ne-gunlere-kaldik-siir-2\/"},"modified":"2023-10-18T02:35:35","modified_gmt":"2023-10-17T23:35:35","slug":"ne-gunlere-kaldik-siir-2","status":"publish","type":"post","link":"https:\/\/www.millicozum.com\/mc\/2022\/temmuz-2022\/ne-gunlere-kaldik-siir-2\/","title":{"rendered":"NE G\u00dcNLERE KALDIK\u2026 (\u015e\u0130\u0130R)"},"content":{"rendered":"\n<p>&nbsp;<\/p>\n<p style=\"margin-bottom: 0cm; text-align: justify; text-indent: 4cm;\"><strong><span style=\"font-size: 20pt; font-family: 'Arial', sans-serif;\">NE G&Uuml;NLERE KALDIK&hellip;<\/span><\/strong><\/p>\n<p style=\"margin-bottom: 0cm; text-align: justify; text-indent: 127.6pt;\"><strong><span style=\"font-size: 20pt; font-family: 'Arial', sans-serif;\">&nbsp;&nbsp;&nbsp;&nbsp;&nbsp;&nbsp;&nbsp;&nbsp; <\/span><\/strong><\/p>\n<p style=\"margin-bottom: 0cm; text-indent: 120.5pt; line-height: 16pt;\"><strong><span style=\"font-size: 14pt; font-family: 'Arial', sans-serif;\">Din istismarc\u0131s\u0131, dava haini <\/span><\/strong><\/p>\n<p style=\"margin-bottom: 0cm; text-indent: 120.5pt; line-height: 16pt;\"><strong><span style=\"font-size: 14pt; font-family: 'Arial', sans-serif;\">M&uuml;naf\u0131k k&acirc;firden, daha a\u015fa\u011f\u0131&hellip;<\/span><\/strong><\/p>\n<p style=\"margin-bottom: 0cm; text-indent: 120.5pt; line-height: 16pt;\"><strong><span style=\"font-size: 14pt; font-family: 'Arial', sans-serif;\">Ser&ccedil;e y&uuml;rekli ya, oynar \u015fahini<\/span><\/strong><\/p>\n<p style=\"margin-bottom: 0cm; text-indent: 120.5pt; line-height: 16pt;\"><strong><span style=\"font-size: 14pt; font-family: 'Arial', sans-serif;\">Bu\u011fday san\u0131lsa da, arpa ba\u015fa\u011f\u0131&hellip;<\/span><\/strong><\/p>\n<p style=\"margin-bottom: 0cm; text-indent: 120.5pt; line-height: 16pt;\"><strong><span style=\"font-size: 14pt; font-family: 'Arial', sans-serif;\">&nbsp;&nbsp;&nbsp;&nbsp;&nbsp;&nbsp;&nbsp;&nbsp; <\/span><\/strong><\/p>\n<p style=\"margin-bottom: 0cm; text-indent: 120.5pt; line-height: 16pt;\"><strong><span style=\"font-size: 14pt; font-family: 'Arial', sans-serif;\">\u0130slamca konu\u015fur, Siyon a\u011f\u0131rlar<\/span><\/strong><\/p>\n<p style=\"margin-bottom: 0cm; text-indent: 120.5pt; line-height: 16pt;\"><strong><span style=\"font-size: 14pt; font-family: 'Arial', sans-serif;\">Kahbeler y&uuml;z&uuml;nden yand\u0131 ba\u011f\u0131rlar<\/span><\/strong><\/p>\n<p style=\"margin-bottom: 0cm; text-indent: 120.5pt; line-height: 16pt;\"><strong><span style=\"font-size: 14pt; font-family: 'Arial', sans-serif;\">H&acirc;l&acirc; anlam\u0131yor, kalbi sa\u011f\u0131rlar<\/span><\/strong><\/p>\n<p style=\"margin-bottom: 0cm; text-indent: 120.5pt; line-height: 16pt;\"><strong><span style=\"font-size: 14pt; font-family: 'Arial', sans-serif;\">Dindar kahramanm\u0131\u015f, g&acirc;vur u\u015fa\u011f\u0131&hellip;<\/span><\/strong><\/p>\n<p style=\"margin-bottom: 0cm; text-indent: 120.5pt; line-height: 16pt;\"><strong><span style=\"font-size: 14pt; font-family: 'Arial', sans-serif;\">&nbsp;&nbsp;&nbsp;&nbsp;&nbsp;&nbsp;&nbsp;&nbsp; <\/span><\/strong><\/p>\n<p style=\"margin-bottom: 0cm; text-indent: 120.5pt; line-height: 16pt;\"><strong><span style=\"font-size: 14pt; font-family: 'Arial', sans-serif;\">Ekonomik iflas, sosyal bunal\u0131m<\/span><\/strong><\/p>\n<p style=\"margin-bottom: 0cm; text-indent: 120.5pt; line-height: 16pt;\"><strong><span style=\"font-size: 14pt; font-family: 'Arial', sans-serif;\">Aile da\u011f\u0131l\u0131r, ho\u015f mu sanal\u0131m<\/span><\/strong><\/p>\n<p style=\"margin-bottom: 0cm; text-indent: 120.5pt; line-height: 16pt;\"><strong><span style=\"font-size: 14pt; font-family: 'Arial', sans-serif;\">Bunlar\u0131 hay\u0131rla, nas\u0131l anal\u0131m<\/span><\/strong><\/p>\n<p style=\"margin-bottom: 0cm; text-indent: 120.5pt; line-height: 16pt;\"><strong><span style=\"font-size: 14pt; font-family: 'Arial', sans-serif;\">Hep oldular Ha&ccedil;l\u0131, AB a\u015f\u0131\u011f\u0131&hellip;<\/span><\/strong><\/p>\n<p style=\"margin-bottom: 0cm; text-indent: 120.5pt; line-height: 16pt;\"><strong><span style=\"font-size: 14pt; font-family: 'Arial', sans-serif;\">&nbsp;&nbsp;&nbsp;&nbsp;&nbsp;&nbsp;&nbsp;&nbsp; <\/span><\/strong><\/p>\n<p style=\"margin-bottom: 0cm; text-indent: 120.5pt; line-height: 16pt;\"><strong><span style=\"font-size: 14pt; font-family: 'Arial', sans-serif;\">Gelecek karanl\u0131k, gen&ccedil;li\u011fim heder<\/span><\/strong><\/p>\n<p style=\"margin-bottom: 0cm; text-indent: 120.5pt; line-height: 16pt;\"><strong><span style=\"font-size: 14pt; font-family: 'Arial', sans-serif;\">K\u0131z\u0131n\u0131 pazarlar, \u015ferefsiz peder<\/span><\/strong><\/p>\n<p style=\"margin-bottom: 0cm; text-indent: 120.5pt; line-height: 16pt;\"><strong><span style=\"font-size: 14pt; font-family: 'Arial', sans-serif;\">Ya b&uuml;y&uuml;k felaket, ya Kutlu Lider<\/span><\/strong><\/p>\n<p style=\"margin-bottom: 0cm; text-indent: 120.5pt; line-height: 16pt;\"><strong><span style=\"font-size: 14pt; font-family: 'Arial', sans-serif;\">Gelmezse kim korur, bedbaht ku\u015fa\u011f\u0131&hellip;<\/span><\/strong><\/p>\n<p style=\"margin-bottom: 0cm; text-indent: 120.5pt; line-height: 16pt;\"><strong><span style=\"font-size: 14pt; font-family: 'Arial', sans-serif;\">&nbsp;&nbsp;&nbsp;&nbsp;&nbsp;&nbsp;&nbsp;&nbsp; <\/span><\/strong><\/p>\n<p style=\"margin-bottom: 0cm; text-indent: 120.5pt; line-height: 16pt;\"><strong><span style=\"font-size: 14pt; font-family: 'Arial', sans-serif;\">Bu bozuk d&uuml;zeni, seven bir toplum<\/span><\/strong><\/p>\n<p style=\"margin-bottom: 0cm; text-indent: 120.5pt; line-height: 16pt;\"><strong><span style=\"font-size: 14pt; font-family: 'Arial', sans-serif;\">Soysuz y&ouml;netimi, &ouml;ven bir toplum<\/span><\/strong><\/p>\n<p style=\"margin-bottom: 0cm; text-indent: 120.5pt; line-height: 16pt;\"><strong><span style=\"font-size: 14pt; font-family: 'Arial', sans-serif;\">Hakk\u0131 hayk\u0131ran\u0131, d&ouml;ven bir toplum<\/span><\/strong><\/p>\n<p style=\"margin-bottom: 0cm; text-indent: 120.5pt; line-height: 16pt;\"><strong><span style=\"font-size: 14pt; font-family: 'Arial', sans-serif;\">Nas\u0131l bulacak ki, nurlu \u0131\u015f\u0131\u011f\u0131&hellip;<\/span><\/strong><\/p>\n<p style=\"margin-bottom: 0cm; text-indent: 120.5pt; line-height: 16pt;\"><strong><span style=\"font-size: 14pt; font-family: 'Arial', sans-serif;\">&nbsp;&nbsp;&nbsp;&nbsp;&nbsp;&nbsp;&nbsp;&nbsp; <\/span><\/strong><\/p>\n<p style=\"margin-bottom: 0cm; text-indent: 120.5pt; line-height: 16pt;\"><strong><span style=\"font-size: 14pt; font-family: 'Arial', sans-serif;\">Kur&rsquo;an&rsquo;la konu\u015fsan, deli diyorlar<\/span><\/strong><\/p>\n<p style=\"margin-bottom: 0cm; text-indent: 120.5pt; line-height: 16pt;\"><strong><span style=\"font-size: 14pt; font-family: 'Arial', sans-serif;\">&Ccedil;a\u011fda\u015f Bel&rsquo;amlara, veli diyorlar <\/span><\/strong><\/p>\n<p style=\"margin-bottom: 0cm; text-indent: 120.5pt; line-height: 16pt;\"><strong><span style=\"font-size: 14pt; font-family: 'Arial', sans-serif;\">D&uuml;zeltir keramet, eli diyorlar<\/span><\/strong><\/p>\n<p style=\"margin-bottom: 0cm; text-indent: 120.5pt; line-height: 16pt;\"><strong><span style=\"font-size: 14pt; font-family: 'Arial', sans-serif;\">Harama dald\u0131r\u0131r, faiz ka\u015f\u0131\u011f\u0131&hellip;<\/span><\/strong><\/p>\n<p style=\"margin-bottom: 0cm; text-indent: 120.5pt; line-height: 16pt;\"><strong><span style=\"font-size: 14pt; font-family: 'Arial', sans-serif;\">&nbsp;&nbsp;&nbsp;&nbsp;&nbsp;&nbsp; <\/span><\/strong><\/p>\n<p style=\"margin-bottom: 0cm; text-indent: 120.5pt; line-height: 16pt;\"><strong><span style=\"font-size: 14pt; font-family: 'Arial', sans-serif;\">Bu tahribatlara, vicdan dayanmaz<\/span><\/strong><\/p>\n<p style=\"margin-bottom: 0cm; text-indent: 120.5pt; line-height: 16pt;\"><strong><span style=\"font-size: 14pt; font-family: 'Arial', sans-serif;\">Bir nesil mahfolur, y&uuml;re\u011fi yanmaz<\/span><\/strong><\/p>\n<p style=\"margin-bottom: 0cm; text-indent: 120.5pt; line-height: 16pt;\"><strong><span style=\"font-size: 14pt; font-family: 'Arial', sans-serif;\">Ne derin gaflettir, kimse uyanmaz<\/span><\/strong><\/p>\n<p style=\"margin-bottom: 0cm; text-align: justify; text-indent: 120.5pt; line-height: 16pt;\"><strong><span style=\"font-size: 14pt; font-family: 'Arial', sans-serif;\">S\u0131rt\u0131na s&uuml;rt&uuml;lse, manda ka\u015fa\u011f\u0131&hellip;<\/span><\/strong><\/p>\n<p style=\"margin-bottom: 0cm; text-align: justify; text-indent: 120.5pt; line-height: 16pt;\"><strong><span style=\"font-size: 14pt; font-family: 'Arial', sans-serif;\">&nbsp;&nbsp;&nbsp;&nbsp;&nbsp;&nbsp;&nbsp;&nbsp; <\/span><\/strong><\/p>\n<p style=\"margin-bottom: 0cm; text-align: justify; text-indent: 1cm; line-height: 16pt;\"><span style=\"font-size: 10pt; font-family: 'Arial', sans-serif;\"><\/span><\/p>\n","protected":false},"excerpt":{"rendered":"<p>&nbsp; NE G&Uuml;NLERE KALDIK&hellip; &nbsp;&nbsp;&nbsp;&nbsp;&nbsp;&nbsp;&nbsp;&nbsp; Din istismarc\u0131s\u0131, dava haini M&uuml;naf\u0131k k&acirc;firden, daha a\u015fa\u011f\u0131&hellip; Ser&ccedil;e y&uuml;rekli ya, oynar \u015fahini Bu\u011fday san\u0131lsa da, arpa ba\u015fa\u011f\u0131&hellip; &nbsp;&nbsp;&nbsp;&nbsp;&nbsp;&nbsp;&nbsp;&nbsp; \u0130slamca konu\u015fur, Siyon a\u011f\u0131rlar Kahbeler y&uuml;z&uuml;nden yand\u0131 ba\u011f\u0131rlar H&acirc;l&acirc; anlam\u0131yor, kalbi sa\u011f\u0131rlar Dindar kahramanm\u0131\u015f, g&acirc;vur u\u015fa\u011f\u0131&hellip; &nbsp;&nbsp;&nbsp;&nbsp;&nbsp;&nbsp;&nbsp;&nbsp; Ekonomik iflas, sosyal bunal\u0131m Aile da\u011f\u0131l\u0131r, ho\u015f mu sanal\u0131m Bunlar\u0131 hay\u0131rla, nas\u0131l anal\u0131m Hep [&hellip;]<\/p>\n","protected":false},"author":72,"featured_media":0,"comment_status":"open","ping_status":"closed","sticky":false,"template":"","format":"standard","meta":{"footnotes":""},"categories":[263],"tags":[],"class_list":["post-11219","post","type-post","status-publish","format-standard","hentry","category-temmuz-2022"],"_links":{"self":[{"href":"https:\/\/www.millicozum.com\/mc\/wp-json\/wp\/v2\/posts\/11219","targetHints":{"allow":["GET"]}}],"collection":[{"href":"https:\/\/www.millicozum.com\/mc\/wp-json\/wp\/v2\/posts"}],"about":[{"href":"https:\/\/www.millicozum.com\/mc\/wp-json\/wp\/v2\/types\/post"}],"author":[{"embeddable":true,"href":"https:\/\/www.millicozum.com\/mc\/wp-json\/wp\/v2\/users\/72"}],"replies":[{"embeddable":true,"href":"https:\/\/www.millicozum.com\/mc\/wp-json\/wp\/v2\/comments?post=11219"}],"version-history":[{"count":0,"href":"https:\/\/www.millicozum.com\/mc\/wp-json\/wp\/v2\/posts\/11219\/revisions"}],"wp:attachment":[{"href":"https:\/\/www.millicozum.com\/mc\/wp-json\/wp\/v2\/media?parent=11219"}],"wp:term":[{"taxonomy":"category","embeddable":true,"href":"https:\/\/www.millicozum.com\/mc\/wp-json\/wp\/v2\/categories?post=11219"},{"taxonomy":"post_tag","embeddable":true,"href":"https:\/\/www.millicozum.com\/mc\/wp-json\/wp\/v2\/tags?post=11219"}],"curies":[{"name":"wp","href":"https:\/\/api.w.org\/{rel}","templated":true}]}}