{"id":11248,"date":"2022-07-27T22:00:00","date_gmt":"2022-07-27T19:00:00","guid":{"rendered":"https:\/\/www.millicozum.com\/mc\/2022\/agustos-2022\/erbakan-hocamizin-makaminda-yapilan-uc-aylik-nisan-mayis-haziran-anket-degerlendirme-sonuclari-2\/"},"modified":"2023-10-18T02:35:39","modified_gmt":"2023-10-17T23:35:39","slug":"erbakan-hocamizin-makaminda-yapilan-uc-aylik-nisan-mayis-haziran-anket-degerlendirme-sonuclari-2","status":"publish","type":"post","link":"https:\/\/www.millicozum.com\/mc\/2022\/agustos-2022\/erbakan-hocamizin-makaminda-yapilan-uc-aylik-nisan-mayis-haziran-anket-degerlendirme-sonuclari-2\/","title":{"rendered":"Erbakan Hocam\u0131z\u0131n Makam\u0131nda Yap\u0131lan \u00dc\u00e7 Ayl\u0131k (Nisan-May\u0131s-Haziran) ANKET DE\u011eERLEND\u0130RME SONU\u00c7LARI"},"content":{"rendered":"\n<p>&nbsp;<\/p>\n<p style=\"margin-bottom: 0cm; text-align: center; line-height: normal;\"><strong><span style=\"font-size: 18pt; font-family: 'Arial', sans-serif;\">Erbakan Hocam\u0131z\u0131n<span style=\"letter-spacing: 0.05pt;\"> <\/span>Makam\u0131nda<span style=\"letter-spacing: -0.25pt;\"> <\/span>Yap\u0131lan<span style=\"letter-spacing: -0.25pt;\"> <\/span>&Uuml;&ccedil;<span style=\"letter-spacing: -0.2pt;\"> <\/span>Ayl\u0131k<\/span><\/strong><\/p>\n<p style=\"margin-bottom: 0cm; text-align: center; line-height: normal;\"><strong><span style=\"font-size: 18pt; font-family: 'Arial', sans-serif;\">(Nisan-May\u0131s-Haziran)<\/span><\/strong><\/p>\n<p style=\"margin-bottom: 0cm; text-align: center; line-height: normal;\"><strong><span style=\"font-size: 18pt; font-family: 'Arial', sans-serif;\">ANKET<span style=\"letter-spacing: -0.2pt;\"> <\/span>DE\u011eERLEND\u0130RME SONU&Ccedil;LARI<\/span><\/strong><\/p>\n<p style=\"margin-bottom: 0cm; text-align: justify; text-indent: 22.7pt; line-height: 16pt;\"><strong><span style=\"font-size: 14pt; font-family: 'Arial', sans-serif;\">&nbsp;&nbsp;&nbsp;&nbsp;&nbsp;&nbsp; <\/span><\/strong><\/p>\n<p style=\"margin-bottom: 0cm; text-align: justify; text-indent: 22.7pt; line-height: 16pt;\"><strong><span style=\"font-size: 16pt; font-family: 'Arial', sans-serif;\">Hangi G&ouml;r&uuml;\u015ften Olanlar Erbakan Hocam\u0131za Nas\u0131l Bakmaktad\u0131r?<\/span><\/strong><\/p>\n<p style=\"margin-bottom: 0cm; text-align: justify; text-indent: 22.7pt; line-height: 16pt;\"><strong><span style=\"font-size: 14pt; font-family: 'Arial', sans-serif;\">Ortak Yorum ve Yakla\u015f\u0131mlar:<\/span><\/strong><\/p>\n<p style=\"margin-bottom: 0cm; text-align: justify; text-indent: 22.7pt; line-height: 16pt;\"><strong><span style=\"font-size: 12pt; font-family: 'Arial', sans-serif;\">29.03.2022, 26.04.2022 ve 24.06.2022 tarihli dilek&ccedil;elerimizle, ve \u0130stanbul Zeytinburnu Kaymakaml\u0131\u011f\u0131ndan al\u0131nan izin belgesiyle, Merkezefendi Kabristan\u0131nda bulunan Prof. Dr. Necmettin Erbakan Hocam\u0131z\u0131n makam\u0131n\u0131 ziyarete gelen vefal\u0131 ve duyarl\u0131 kimselerle be\u015f ay s&uuml;reli bir r&ouml;portaj yap\u0131lm\u0131\u015ft\u0131r. Milli &Ccedil;&ouml;z&uuml;m Ekibinden her g&uuml;n saat 10:00 ile 19:00 aras\u0131, s\u0131ra ile n&ouml;bet ve anket &ccedil;al\u0131\u015fmas\u0131 y&uuml;r&uuml;ten g&ouml;revli karde\u015flerimiz &ccedil;ok ilgin&ccedil; \u015fah\u0131slar ve yorumlarla kar\u015f\u0131la\u015fm\u0131\u015flard\u0131r. <\/span><\/strong><\/p>\n<p style=\"margin-bottom: 0cm; text-align: justify; text-indent: 22.7pt; line-height: 16pt;\"><strong><span style=\"font-size: 12pt; font-family: 'Arial', sans-serif;\">Bunlar\u0131n sonucunda, \u015fu ortak kanaatler ve genel de\u011ferlendirmeler ortaya &ccedil;\u0131km\u0131\u015ft\u0131r:<\/span><\/strong><\/p>\n<p style=\"margin-bottom: 0cm; text-align: justify; text-indent: 22.7pt; line-height: 16pt;\"><strong><span style=\"font-size: 12pt; font-family: 'Arial', sans-serif;\">1- &Ccedil;ok farkl\u0131 d&uuml;\u015f&uuml;nce ve kesimlerden gelen ziyaret&ccedil;iler; Erbakan Hocam\u0131z\u0131 hay\u0131rla ve hayranl\u0131kla and\u0131klar\u0131n\u0131&hellip; T&uuml;rkiye&rsquo;de &ccedil;ok verimli ve tarihi giri\u015fimler ba\u015flat\u0131p ba\u015fard\u0131klar\u0131n\u0131&hellip; &Uuml;lke g&uuml;ndemine her konuda Milli ve yerli kalk\u0131nma modelini ta\u015f\u0131d\u0131klar\u0131n\u0131&hellip; Siyasete sevgi, sayg\u0131 ve beyefendilik a\u015f\u0131lay\u0131p seviye kazand\u0131rd\u0131klar\u0131n\u0131&hellip; Haysiyetli d\u0131\u015f politika uygulad\u0131klar\u0131n\u0131 vurgulam\u0131\u015flard\u0131r.<\/span><\/strong><\/p>\n<p style=\"margin-bottom: 0cm; text-align: justify; text-indent: 22.7pt; line-height: 16pt;\"><strong><span style=\"font-size: 12pt; font-family: 'Arial', sans-serif;\">2- Ziyaret&ccedil;ilerin &ouml;nemli bir k\u0131sm\u0131; AKP&rsquo;li olduklar\u0131n\u0131&hellip; Ancak AKP&rsquo;nin Erbakan &ccedil;izgisinden iyice koptuklar\u0131n\u0131&hellip; Ama maalesef di\u011fer partilerden de &uuml;mitvar olmad\u0131klar\u0131n\u0131 hat\u0131rlatm\u0131\u015flard\u0131r.<\/span><\/strong><\/p>\n<p style=\"margin-bottom: 0cm; text-align: justify; text-indent: 22.7pt; line-height: 16pt;\"><strong><span style=\"font-size: 12pt; font-family: 'Arial', sans-serif;\">3- Ziyaret&ccedil;iler; Milli &Ccedil;&ouml;z&uuml;m Ekibinin Hocam\u0131za y&ouml;nelik bu vefak&acirc;rl\u0131klar\u0131 ve fedak&acirc;rl\u0131klar\u0131 kar\u015f\u0131s\u0131nda duyguland\u0131klar\u0131n\u0131 ve memnun kald\u0131klar\u0131n\u0131&hellip; Milli &Ccedil;&ouml;z&uuml;m Dergisi&rsquo;nin cesur, duyarl\u0131 ve tutarl\u0131 bir yay\u0131n yapt\u0131\u011f\u0131n\u0131&hellip; Erbakan Hoca&rsquo;n\u0131n <\/span><\/strong><strong><span style=\"font-size: 14pt; font-family: 'Arial', sans-serif;\">Adil D&uuml;zen <\/span><\/strong><strong><span style=\"font-size: 12pt; font-family: 'Arial', sans-serif;\">projelerine ve D-8 gibi giri\u015fimlerine en &ccedil;ok ve ciddiyetle Milli &Ccedil;&ouml;z&uuml;m Dergisi&rsquo;nin sahip &ccedil;\u0131kt\u0131\u011f\u0131n\u0131 ve Erbakan&rsquo;a y&ouml;nelik haks\u0131z sata\u015fmalar\u0131 Milli &Ccedil;&ouml;z&uuml;m&rsquo;&uuml;n yan\u0131tlay\u0131p savunduklar\u0131n\u0131&hellip; Ama maalesef &ouml;zellikle SP i&ccedil;erisinde Milli &Ccedil;&ouml;z&uuml;m&rsquo;&uuml;n &ccedil;ok yanl\u0131\u015f, hatta ayk\u0131r\u0131 tan\u0131t\u0131l\u0131p Ahmet Akg&uuml;l Hocaya y&ouml;nelik sinsi ve s&uuml;rekli bir karalama kampanyas\u0131yla kar\u015f\u0131la\u015ft\u0131klar\u0131n\u0131&hellip; <\/span><\/strong><\/p>\n<p style=\"margin-bottom: 0cm; text-align: justify; text-indent: 22.7pt; line-height: 16pt;\"><strong><span style=\"font-size: 12pt; font-family: 'Arial', sans-serif;\">Milli &Ccedil;&ouml;z&uuml;m Ekibinin:<\/span><\/strong><\/p>\n<p style=\"margin-bottom: 0cm; margin-top: 0cm; text-align: justify; text-indent: 22.7pt; line-height: 16pt;\"><strong><span style=\"font-size: 12pt; font-family: 'Arial', sans-serif;\">a- Hem \u0130slam&rsquo;\u0131 do\u011fru anlama konusunda&hellip;<\/span><\/strong><\/p>\n<p style=\"margin-bottom: 0cm; margin-top: 0cm; text-align: justify; text-indent: 22.7pt; line-height: 16pt;\"><strong><span style=\"font-size: 12pt; font-family: 'Arial', sans-serif;\">b- Hem Abd&uuml;lhamit ve Atat&uuml;rk gibi tarihi \u015fahsiyetlerimize uygun ve sayg\u0131n yakla\u015f\u0131lmas\u0131 hususunda&hellip;<\/span><\/strong><\/p>\n<p style=\"margin-bottom: 0cm; margin-top: 0cm; text-align: justify; text-indent: 22.7pt; line-height: 16pt;\"><strong><span style=\"font-size: 12pt; font-family: 'Arial', sans-serif;\">c- Hem <\/span><\/strong><strong><em><span style=\"font-size: 14pt; font-family: 'Arial', sans-serif;\">&ldquo;Laiklik&rdquo; ve &ldquo;Demokrasi&rdquo; <\/span><\/em><\/strong><strong><span style=\"font-size: 12pt; font-family: 'Arial', sans-serif;\">gibi &ccedil;a\u011fda\u015f kavram ve kurumlar\u0131n, inanc\u0131m\u0131za, insan\u0131m\u0131za ve ihtiyac\u0131m\u0131za yara\u015f\u0131r \u015fekilde ve bilimsel &ouml;l&ccedil;&uuml;lerle yorumlanmas\u0131nda&hellip;<\/span><\/strong><\/p>\n<p style=\"margin-bottom: 0cm; margin-top: 0cm; text-align: justify; text-indent: 22.7pt; line-height: 16pt;\"><strong><span style=\"font-size: 12pt; font-family: 'Arial', sans-serif;\">d- Hem de T&uuml;rkiye&rsquo;mizin yeni bir <em>Milli Mutabakat ittifak\u0131na ve iktidar\u0131na kavu\u015fmas\u0131 gerekti\u011fi<\/em> &ccedil;abas\u0131nda; samimi, seviyeli ve &ccedil;&ouml;z&uuml;m &uuml;retici bir tav\u0131r tak\u0131nd\u0131\u011f\u0131n\u0131 itiraf edip, iltifatlarda bulunmu\u015flard\u0131r.<\/span><\/strong><\/p>\n<p style=\"margin-bottom: 0cm; margin-top: 0cm; text-align: justify; text-indent: 22.7pt; line-height: 16pt;\"><strong><span style=\"font-size: 14pt; font-family: 'Arial', sans-serif;\">&bull; <\/span><\/strong><strong><span style=\"font-size: 12pt; font-family: 'Arial', sans-serif;\">Bu arada Erbakan Hocam\u0131z\u0131 ziyarete te\u015frif buyuran ve &Uuml;stad Ahmet Akg&uuml;l Hocam\u0131z\u0131 ve kitaplar\u0131n\u0131 tan\u0131yan samimi insanlar, \u015fu itirafta bulunmu\u015flard\u0131r:<\/span><\/strong><\/p>\n<p style=\"margin-bottom: 0cm; margin-top: 0cm; text-align: justify; text-indent: 22.7pt; line-height: 16pt;\"><strong><span style=\"font-size: 12pt; font-family: 'Arial', sans-serif;\">Ahmet Hoca&rsquo;n\u0131n baz\u0131 me\u015fhur ki\u015filer, Fetullah&ccedil;\u0131lar gibi giri\u015fimler, birtak\u0131m partiler ve derneklerle ilgili, y\u0131llar, hatta on y\u0131llar &ouml;nce s&ouml;yleyip uyard\u0131\u011f\u0131&hellip; Bu nedenle &ccedil;e\u015fitli sald\u0131r\u0131 ve sata\u015fmalara u\u011frad\u0131\u011f\u0131 pek &ccedil;ok konuda sonunda kendisi hakl\u0131 &ccedil;\u0131km\u0131\u015f ve s&ouml;yledikleri -bize &ccedil;ok ters gelse de- sonunda aynen ya\u015fanm\u0131\u015ft\u0131r. Bu, &ccedil;a\u011f\u0131m\u0131zda &ccedil;ok az rastlanan bir &ouml;nsezi ve feraset &ouml;rne\u011fidir ve bu ger&ccedil;ekleri y\u0131llar &ouml;ncesinden ortaya koymak b&uuml;y&uuml;k bir cesaret say\u0131lmal\u0131d\u0131r!..<\/span><\/strong><\/p>\n<p style=\"margin-bottom: 0cm; text-align: justify; text-indent: 22.7pt; line-height: 16pt;\"><strong><span style=\"font-size: 12pt; font-family: 'Arial', sans-serif;\">&nbsp;&nbsp;&nbsp;&nbsp;&nbsp;&nbsp; <\/span><\/strong><\/p>\n<p style=\"margin-bottom: 0cm; text-align: justify; text-indent: 22.7pt; line-height: 16pt;\"><strong><span style=\"font-size: 14pt; font-family: 'Arial', sans-serif;\">Ali &Ccedil;a\u011f\u0131l Karde\u015fimizin; Makam N&ouml;betindeki Genel G&ouml;zlemleri<\/span><\/strong><\/p>\n<p style=\"margin-bottom: 0cm; text-align: justify; text-indent: 22.7pt; line-height: 16pt;\"><strong><span style=\"font-size: 14pt; font-family: 'Arial', sans-serif;\">&bull; <\/span><\/strong><strong><span style=\"font-size: 12pt; font-family: 'Arial', sans-serif;\">SP y&ouml;netimlerinde, Milli &Ccedil;&ouml;z&uuml;m hakk\u0131nda maalesef &ouml;\u011fretilmi\u015f bir kindarl\u0131\u011fa rastland\u0131. Ama &ccedil;o\u011funlukla kendimizi tan\u0131tma f\u0131rsat\u0131 bulduklar\u0131m\u0131z memnun ayr\u0131ld\u0131. <\/span><\/strong><\/p>\n<p style=\"margin-bottom: 0cm; text-align: justify; text-indent: 22.7pt; line-height: 16pt;\"><strong><span style=\"font-size: 14pt; font-family: 'Arial', sans-serif;\">&bull; <\/span><\/strong><strong><span style=\"font-size: 12pt; font-family: 'Arial', sans-serif;\">AGD&rsquo;li makina m&uuml;hendisli\u011finde okuyan bir gen&ccedil;; <em>&ldquo;Oyunu bu kez Saadet Partisi&rsquo;ne vermeyece\u011finin&rdquo;<\/em> gerek&ccedil;esini; <em>&ldquo;Kafas\u0131nda sorular\u0131 oldu\u011fu, hi&ccedil; konu\u015fuldu\u011fu gibi olmad\u0131\u011f\u0131&hellip; AGD&rsquo;de Erbakan hakikatlerinin yeterince anlat\u0131lmad\u0131\u011f\u0131, y\u0131llard\u0131r AGD&rsquo;de oldu\u011fu halde; &lsquo;Erbakan&rsquo;\u0131n bug&uuml;nk&uuml; teknolojik geli\u015fimin sahibi oldu\u011funu, sizlerden &ouml;\u011freniyorum&rsquo; diyerek, Saadet Partisi ve te\u015fkilatlarda kulis&ccedil;ilik ve ayak kayd\u0131rmaya \u015fahit oldu\u011funu, Saadet Partisi&rsquo;ne oy vermemeye karar verdi\u011fini&rdquo;<\/em> a&ccedil;\u0131klad\u0131. <\/span><\/strong><\/p>\n<p style=\"margin-bottom: 0cm; text-align: justify; text-indent: 22.7pt; line-height: 16pt;\"><strong><span style=\"font-size: 14pt; font-family: 'Arial', sans-serif;\">&bull; <\/span><\/strong><strong><span style=\"font-size: 12pt; font-family: 'Arial', sans-serif;\">AGD programlar\u0131nda yetkililer &ouml;zellikle, gen&ccedil;leri Milli &Ccedil;&ouml;z&uuml;m anket &ccedil;al\u0131\u015fmas\u0131ndan uzak tutarak tepkilerini ortaya koymu\u015flard\u0131. <\/span><\/strong><\/p>\n<p style=\"margin-bottom: 0cm; text-align: justify; text-indent: 22.7pt; line-height: 16pt;\"><strong><span style=\"font-size: 14pt; font-family: 'Arial', sans-serif;\">&bull; <\/span><\/strong><strong><span style=\"font-size: 12pt; font-family: 'Arial', sans-serif;\">SP-YRP aras\u0131ndaki birle\u015ftirici yakla\u015f\u0131mlar\u0131m\u0131z olumlu kar\u015f\u0131land\u0131. Maalesef SP-YRP aras\u0131ndaki kutupla\u015fma sistemin di\u011fer partilerine duyulan k\u0131zg\u0131nl\u0131ktan fazlayd\u0131 ve kin seviyesinde bir d&uuml;\u015fmanl\u0131k a\u015f\u0131lanmaktayd\u0131.<\/span><\/strong><\/p>\n<p style=\"margin-bottom: 0cm; text-align: justify; text-indent: 22.7pt; line-height: 16pt;\"><strong><span style=\"font-size: 14pt; font-family: 'Arial', sans-serif;\">&bull; <\/span><\/strong><strong><span style=\"font-size: 12pt; font-family: 'Arial', sans-serif;\">AKP&rsquo;liler genel olarak Temel Karamollao\u011flu&rsquo;nun CHP ile beraber olmas\u0131ndan, \u0130stanbul se&ccedil;imlerinin sonu&ccedil;lar\u0131ndan, Temel Karamollao\u011flu&rsquo;nun &Ccedil;aml\u0131ca Camii ve Ayasofya &ccedil;\u0131k\u0131\u015flar\u0131na tepkili davran\u0131yorlard\u0131. <\/span><\/strong><\/p>\n<p style=\"margin-bottom: 0cm; text-align: justify; text-indent: 22.7pt; line-height: 16pt;\"><strong><span style=\"font-size: 14pt; font-family: 'Arial', sans-serif;\">&bull; <\/span><\/strong><strong><span style=\"font-size: 12pt; font-family: 'Arial', sans-serif;\">Ge&ccedil;mi\u015fte \u015eevki Y\u0131lmaz&rsquo;la Rize&rsquo;de &ccedil;al\u0131\u015fm\u0131\u015f sosyoloji dal\u0131nda akademik kariyeri olan i\u015fadam\u0131n\u0131n \u015eevki Y\u0131lmaz&rsquo;a yapt\u0131\u011f\u0131 uyar\u0131: &ldquo;<em>Karamollao\u011flu&rsquo;nun fikirlerine ba\u015fvurmak gerekti\u011fini, Karamollao\u011flu&rsquo;nun alt\u0131l\u0131 masay\u0131 kilitleyerek, bu sayede AKP&rsquo;ye destek verdi\u011fini ve bu fikrini \u015eevki Hocayla payla\u015ft\u0131\u011f\u0131n\u0131&rdquo;<\/em> vurgulam\u0131\u015ft\u0131. <\/span><\/strong><\/p>\n<p style=\"margin-bottom: 0cm; text-align: justify; text-indent: 22.7pt; line-height: 16pt;\"><strong><span style=\"font-size: 14pt; font-family: 'Arial', sans-serif;\">&bull; <\/span><\/strong><strong><span style=\"font-size: 12pt; font-family: 'Arial', sans-serif;\">AKP&rsquo;li &ouml;\u011frenciler, <em>&ldquo;\u0130srail&rsquo;le ili\u015fkiler hat\u0131rlat\u0131ld\u0131\u011f\u0131nda, bunlar\u0131n uluslararas\u0131 ili\u015fkiler a&ccedil;\u0131s\u0131ndan normal oldu\u011fu&rdquo; <\/em>yorumuyla yo\u011frulmu\u015flard\u0131.<\/span><\/strong><\/p>\n<p style=\"margin-bottom: 0cm; text-align: justify; text-indent: 22.7pt; line-height: 16pt;\"><strong><span style=\"font-size: 14pt; font-family: 'Arial', sans-serif;\">&bull; <\/span><\/strong><strong><span style=\"font-size: 12pt; font-family: 'Arial', sans-serif;\">AKP&rsquo;liler, &uuml;lkemizde artan toplumsal yozla\u015fma hat\u0131rlat\u0131ld\u0131\u011f\u0131nda \u015fik&acirc;yet ediyorlard\u0131, fakat bunun sebebinin AKP oldu\u011funu gizlemeye &ccedil;al\u0131\u015f\u0131yorlard\u0131.<\/span><\/strong><\/p>\n<p style=\"margin-bottom: 0cm; text-align: justify; text-indent: 22.7pt; line-height: 16pt;\"><strong><span style=\"font-size: 14pt; font-family: 'Arial', sans-serif;\">&bull; <\/span><\/strong><strong><span style=\"font-size: 12pt; font-family: 'Arial', sans-serif;\">Yak\u0131ts\u0131z motor &ccedil;al\u0131\u015fmalar\u0131 olan bir m&uuml;hendisin; &ldquo;<em>Kendinin Yahudi as\u0131ll\u0131 ateist oldu\u011funu, ateistli\u011fin dinsizlik olmad\u0131\u011f\u0131n\u0131, dinin gerekli oldu\u011funu, geleneklerine &ouml;nem veren biri oldu\u011funu s&ouml;yleyerek, &lsquo;Erbakan Hoca benim Pirimdir. Onu ara s\u0131ra gelip ziyaret ederim, dua okurum.&rsquo; diye ifade ettikten sonra M&Uuml;S\u0130AD&rsquo;\u0131n MOSSAD, Kuveyt T&uuml;rk vs. Yahudi sermayesi oldu\u011funu&hellip; Ekonominin &ccedil;&ouml;z&uuml;m&uuml;n&uuml;n enerji oldu\u011funu, dolay\u0131s\u0131yla ekonomik problemlerin &ccedil;&ouml;z&uuml;m&uuml;ne ula\u015ft\u0131\u011f\u0131n\u0131&#8230;&rdquo;<\/em> aktarm\u0131\u015ft\u0131.<\/span><\/strong><\/p>\n<p style=\"margin-bottom: 0cm; text-align: justify; text-indent: 22.7pt; line-height: 16pt;\"><strong><span style=\"font-size: 14pt; font-family: 'Arial', sans-serif;\">&bull; <\/span><\/strong><strong><span style=\"font-size: 12pt; font-family: 'Arial', sans-serif;\">Ya\u015fl\u0131 ve sad\u0131k bir Mill&icirc; G&ouml;r&uuml;\u015f&ccedil;&uuml;den nasihatler;<\/span><\/strong><\/p>\n<p style=\"margin-bottom: 0cm; text-align: justify; text-indent: 22.7pt; line-height: 16pt;\"><strong><span style=\"font-size: 12pt; font-family: 'Arial', sans-serif;\">&Ouml;neri: <em>&ldquo;Kendini tan\u0131mak isteyenler, Ahmet Akg&uuml;l&rsquo;&uuml;n Kur&rsquo;an-\u0131 Kerim Mealini okusunlar.&rdquo;<\/em><\/span><\/strong><\/p>\n<p style=\"margin-bottom: 0cm; text-align: justify; text-indent: 22.7pt; line-height: 16pt;\"><strong><span style=\"font-size: 12pt; font-family: 'Arial', sans-serif;\">Serzeni\u015f:<em> &ldquo;Hakikatleri s&ouml;yleyince kendi te\u015fkilat\u0131m\u0131zdan da d\u0131\u015fland\u0131k!&rdquo;<\/em> <\/span><\/strong><\/p>\n<p style=\"margin-bottom: 0cm; text-align: justify; text-indent: 22.7pt; line-height: 16pt;\"><strong><span style=\"font-size: 14pt; font-family: 'Arial', sans-serif;\">&bull; <\/span><\/strong><strong><span style=\"font-size: 12pt; font-family: 'Arial', sans-serif;\">Bizim tespitimiz; Aziz Erbakan Hocam\u0131z\u0131n: <em>&ldquo;Bir g&uuml;n herkes Milli G&ouml;r&uuml;\u015f&ccedil;&uuml; olacak&rdquo; ve &ldquo;&Uuml;lkesini seven ve bunun i&ccedil;in fedak&acirc;rl\u0131k yapanlar Milli G&ouml;r&uuml;\u015f&ccedil;&uuml;d&uuml;r&rdquo; <\/em>s&ouml;z&uuml;n&uuml;n kerameti bu anket &ccedil;al\u0131\u015fmas\u0131nda a&ccedil;\u0131\u011fa &ccedil;\u0131km\u0131\u015ft\u0131r. Erbakan&rsquo;\u0131n Makam\u0131n\u0131 ziyaret eden; SP&rsquo;li Milli G&ouml;r&uuml;\u015f&ccedil;&uuml;ler, YRP&rsquo;li Milli G&ouml;r&uuml;\u015f&ccedil;&uuml;ler. AKP&rsquo;li Milli G&ouml;r&uuml;\u015f&ccedil;&uuml;ler, CHP&rsquo;li Milli G&ouml;r&uuml;\u015f&ccedil;&uuml;ler, &Uuml;lk&uuml;c&uuml; Milli G&ouml;r&uuml;\u015f&ccedil;&uuml;ler, B&uuml;rokrat Milli G&ouml;r&uuml;\u015f&ccedil;&uuml;ler, sanayi ve teknoloji uzman\u0131 Milli G&ouml;r&uuml;\u015f&ccedil;&uuml;ler olarak s\u0131n\u0131fland\u0131rd\u0131k&hellip;<\/span><\/strong><\/p>\n<p style=\"margin-bottom: 0cm; text-align: justify; text-indent: 22.7pt; line-height: 16pt;\"><strong><span style=\"font-size: 14pt; font-family: 'Arial', sans-serif;\">&bull; <\/span><\/strong><strong><span style=\"font-size: 12pt; font-family: 'Arial', sans-serif;\">AKP&rsquo;li bir ziyaret&ccedil;inin \u015fu s&ouml;z&uuml; ilgi &ccedil;ekiciydi; <em>&ldquo;Erbakan Hocam\u0131z Milli de\u011ferimizdir, bu konu parti meselelerine s\u0131\u011fmaz!&rdquo;<\/em><\/span><\/strong><\/p>\n<p style=\"margin-bottom: 0cm; margin-top: 0cm; text-align: justify; text-indent: 22.7pt; line-height: 16pt;\"><span style=\"font-size: 12pt; font-family: 'Arial', sans-serif;\">&nbsp;&nbsp;&nbsp;&nbsp;&nbsp;&nbsp; <\/span><\/p>\n<p style=\"margin-bottom: 0cm; margin-top: 0cm; text-align: justify; text-indent: 22.7pt;\"><strong><span style=\"font-size: 18pt; font-family: 'Arial', sans-serif;\"><strong><span style=\"font-size: 12pt; font-family: 'Arial', sans-serif;\">&nbsp;&nbsp;&nbsp;&nbsp;&nbsp;&nbsp;&nbsp;&nbsp; <\/span><\/strong><\/span><\/strong><\/p>\n<p style=\"margin-bottom: 0cm; margin-top: 0cm; text-align: justify; text-indent: 22.7pt;\"><strong><span style=\"font-size: 18pt; font-family: 'Arial', sans-serif;\">Partililerin Hocam\u0131zla \u0130lgili Ortak G&ouml;r&uuml;\u015fleri:<\/span><\/strong><em><\/em><\/p>\n<p style=\"margin-bottom: 0cm; text-align: justify; text-indent: 22.7pt; line-height: 16pt;\"><strong><span style=\"font-size: 14pt; font-family: 'Arial', sans-serif;\">AKP&rsquo;L\u0130LER<\/span><\/strong><\/p>\n<p style=\"margin-bottom: 0cm; text-align: justify; text-indent: 22.7pt; line-height: 16pt;\"><strong><span style=\"font-size: 14pt; font-family: 'Arial', sans-serif;\">&bull; <\/span><\/strong><strong><span style=\"font-size: 12pt; font-family: 'Arial', sans-serif;\">Toplumda \u0130slami \u015fuurun olu\u015fmas\u0131 i&ccedil;in &ccedil;abalar\u0131na \u015fahit oldu\u011fumuz ki\u015fidir. <\/span><\/strong><\/p>\n<p style=\"margin-bottom: 0cm; text-align: justify; text-indent: 22.7pt; line-height: 16pt;\"><strong><span style=\"font-size: 14pt; font-family: 'Arial', sans-serif;\">&bull; <\/span><\/strong><strong><span style=\"font-size: 12pt; font-family: 'Arial', sans-serif;\">Bize cihad\u0131 &ouml;\u011fretti, M&uuml;sl&uuml;manlara \u015fahsiyet kazand\u0131rd\u0131. <\/span><\/strong><\/p>\n<p style=\"margin-bottom: 0cm; text-align: justify; text-indent: 22.7pt; line-height: 16pt;\"><strong><span style=\"font-size: 14pt; font-family: 'Arial', sans-serif;\">&bull; <\/span><\/strong><strong><span style=\"font-size: 12pt; font-family: 'Arial', sans-serif;\">Allah&#8217;\u0131n bu millete bir l&uuml;tfudur, insanl\u0131\u011f\u0131n yeniden aya\u011fa kalkmas\u0131 i&ccedil;in g&ouml;nderilmi\u015f liderdir. <\/span><\/strong><\/p>\n<p style=\"margin-bottom: 0cm; text-align: justify; text-indent: 22.7pt; line-height: 16pt;\"><strong><span style=\"font-size: 14pt; font-family: 'Arial', sans-serif;\">&bull; <\/span><\/strong><strong><span style=\"font-size: 12pt; font-family: 'Arial', sans-serif;\">Tarihe damgas\u0131n\u0131 vuran, tarihte \u0130slam d&uuml;nyas\u0131na da damgas\u0131n\u0131 vuran ve ger&ccedil;ek tarih okundu\u011fu zaman de\u011feri daha da anla\u015f\u0131lacak insand\u0131r. <\/span><\/strong><\/p>\n<p style=\"margin-bottom: 0cm; text-align: justify; text-indent: 22.7pt; line-height: 16pt;\"><strong><span style=\"font-size: 14pt; font-family: 'Arial', sans-serif;\">&bull; <\/span><\/strong><strong><span style=\"font-size: 12pt; font-family: 'Arial', sans-serif;\">Kelimeler yetmez, m&uuml;kemmel bir insan ve liderdi. Asr\u0131n d&acirc;hisi, hem ilmi hem de uhrevi. <\/span><\/strong><\/p>\n<p style=\"margin-bottom: 0cm; text-align: justify; text-indent: 22.7pt; line-height: 16pt;\"><strong><span style=\"font-size: 14pt; font-family: 'Arial', sans-serif;\">&bull; <\/span><\/strong><strong><span style=\"font-size: 12pt; font-family: 'Arial', sans-serif;\">D&uuml;nya lideriydi. Asla pes etmeyen m&uuml;cadeleci bir dava adam\u0131yd\u0131. <\/span><\/strong><\/p>\n<p style=\"margin-bottom: 0cm; text-align: justify; text-indent: 22.7pt; line-height: 16pt;\"><strong><span style=\"font-size: 14pt; font-family: 'Arial', sans-serif;\">&bull; <\/span><\/strong><strong><span style=\"font-size: 12pt; font-family: 'Arial', sans-serif;\">Kendini; ilme, \u0130slam&rsquo;\u0131n h&acirc;kimiyetine adam\u0131\u015f, Allah&#8217;a kul olmay\u0131 se&ccedil;ip insanlara hizmet etmeye &ccedil;al\u0131\u015fm\u0131\u015ft\u0131r. <\/span><\/strong><\/p>\n<p style=\"margin-bottom: 0cm; text-align: justify; text-indent: 22.7pt; line-height: 16pt;\"><strong><span style=\"font-size: 14pt; font-family: 'Arial', sans-serif;\">&bull; <\/span><\/strong><strong><span style=\"font-size: 12pt; font-family: 'Arial', sans-serif;\">T&uuml;rkiye&#8217;nin manevi kalk\u0131nmas\u0131na &ouml;nc&uuml;l&uuml;k yapm\u0131\u015f bir liderdi. <\/span><\/strong><\/p>\n<p style=\"margin-bottom: 0cm; text-align: justify; text-indent: 22.7pt; line-height: 16pt;\"><strong><span style=\"font-size: 14pt; font-family: 'Arial', sans-serif;\">&bull; <\/span><\/strong><strong><span style=\"font-size: 12pt; font-family: 'Arial', sans-serif;\">T&uuml;rkiye&rsquo;de siyaseti millet i&ccedil;in ve nezaketle yapan tek siyaset&ccedil;i. <\/span><\/strong><\/p>\n<p style=\"margin-bottom: 0cm; text-align: justify; text-indent: 22.7pt; line-height: 16pt;\"><strong><span style=\"font-size: 14pt; font-family: 'Arial', sans-serif;\">&bull; <\/span><\/strong><strong><span style=\"font-size: 12pt; font-family: 'Arial', sans-serif;\">T&uuml;rkiye&rsquo;de \u0130slam dininin \u015fekil dini de\u011fil, \u015fuur dini oldu\u011funu bize &ouml;\u011freten, can\u0131 ile mal\u0131 ile cihat eden bir M&uuml;sl&uuml;mand\u0131&#8230; <\/span><\/strong><\/p>\n<p style=\"margin-bottom: 0cm; text-align: justify; text-indent: 22.7pt; line-height: 16pt;\"><strong><span style=\"font-size: 14pt; font-family: 'Arial', sans-serif;\">&bull; <\/span><\/strong><strong><span style=\"font-size: 12pt; font-family: 'Arial', sans-serif;\">T&uuml;m \u0130slam &acirc;lemine Siyonizm&rsquo;i tan\u0131tan lider. <\/span><\/strong><\/p>\n<p style=\"margin-bottom: 0cm; text-align: justify; text-indent: 22.7pt; line-height: 16pt;\"><strong><span style=\"font-size: 12pt; font-family: 'Arial', sans-serif;\">&nbsp;&nbsp;&nbsp;&nbsp;&nbsp;&nbsp;&nbsp;&nbsp; <\/span><\/strong><\/p>\n<p style=\"margin-bottom: 0cm; text-align: justify; text-indent: 22.7pt; line-height: 16pt;\"><strong><span style=\"font-size: 14pt; font-family: 'Arial', sans-serif;\">CHP&rsquo;L\u0130LER:<\/span><\/strong><\/p>\n<p style=\"margin-bottom: 0cm; text-align: justify; text-indent: 22.7pt; line-height: 16pt;\"><strong><span style=\"font-size: 14pt; font-family: 'Arial', sans-serif;\">&bull; <\/span><\/strong><strong><span style=\"font-size: 12pt; font-family: 'Arial', sans-serif;\">B&uuml;y&uuml;k adamm\u0131\u015f, k\u0131ymetini bilemedik. &Ouml;l&uuml;m&uuml;nden &ouml;nceki s&ouml;ylemleri bug&uuml;n bir bir &ccedil;\u0131kt\u0131. <\/span><\/strong><\/p>\n<p style=\"margin-bottom: 0cm; text-align: justify; text-indent: 22.7pt; line-height: 16pt;\"><strong><span style=\"font-size: 14pt; font-family: 'Arial', sans-serif;\">&bull; <\/span><\/strong><strong><span style=\"font-size: 12pt; font-family: 'Arial', sans-serif;\">Teknolojik yenilikleri &ouml;ne &ccedil;\u0131karm\u0131\u015f bir bilim adam\u0131d\u0131r. <\/span><\/strong><\/p>\n<p style=\"margin-bottom: 0cm; text-align: justify; text-indent: 22.7pt; line-height: 16pt;\"><strong><span style=\"font-size: 14pt; font-family: 'Arial', sans-serif;\">&bull; <\/span><\/strong><strong><span style=\"font-size: 12pt; font-family: 'Arial', sans-serif;\">Allah rahmet eylesin, siyasi g&ouml;r&uuml;\u015f&uuml;m&uuml;z tutmasa da Onu severdim. <\/span><\/strong><\/p>\n<p style=\"margin-bottom: 0cm; text-align: justify; text-indent: 22.7pt; line-height: 16pt;\"><strong><span style=\"font-size: 14pt; font-family: 'Arial', sans-serif;\">&bull; <\/span><\/strong><strong><span style=\"font-size: 12pt; font-family: 'Arial', sans-serif;\">Milliyet&ccedil;i biriydi, vatansever &uuml;&ccedil; ka\u011f\u0131t&ccedil;\u0131lardan de\u011fildi. Devlet adaml\u0131\u011f\u0131na yak\u0131\u015f\u0131r bir hayat s&uuml;rd&uuml;. <\/span><\/strong><\/p>\n<p style=\"margin-bottom: 0cm; text-align: justify; text-indent: 22.7pt; line-height: 16pt;\"><strong><span style=\"font-size: 14pt; font-family: 'Arial', sans-serif;\">&bull; <\/span><\/strong><strong><span style=\"font-size: 12pt; font-family: 'Arial', sans-serif;\">Onun yeti\u015ftirdikleri ise bug&uuml;n utan&ccedil; vesilesi. Yeti\u015fmedikleri belli! <\/span><\/strong><\/p>\n<p style=\"margin-bottom: 0cm; text-align: justify; text-indent: 22.7pt; line-height: 16pt;\"><strong><span style=\"font-size: 14pt; font-family: 'Arial', sans-serif;\">&bull; <\/span><\/strong><strong><span style=\"font-size: 12pt; font-family: 'Arial', sans-serif;\">D&uuml;nya ve siyasi g&ouml;r&uuml;\u015f&uuml;m&uuml;z ayr\u0131 olmas\u0131na ra\u011fmen, s&ouml;zlerini, icraatlar\u0131n\u0131 ve &ccedil;al\u0131\u015fmalar\u0131n\u0131 tasdik ediyorum. \u0130srail&rsquo;le ilgili t&uuml;m s&ouml;zlerinin alt\u0131na imzam\u0131 atar\u0131m. <\/span><\/strong><\/p>\n<p style=\"margin-bottom: 0cm; text-align: justify; text-indent: 22.7pt; line-height: 16pt;\"><strong><span style=\"font-size: 14pt; font-family: 'Arial', sans-serif;\">&bull; <\/span><\/strong><strong><span style=\"font-size: 12pt; font-family: 'Arial', sans-serif;\">Kelimeler yetmez, m&uuml;kemmel bir insan ve liderdi. <\/span><\/strong><\/p>\n<p style=\"margin-bottom: 0cm; text-align: justify; text-indent: 22.7pt; line-height: 16pt;\"><strong><span style=\"font-size: 14pt; font-family: 'Arial', sans-serif;\">&bull; <\/span><\/strong><strong><span style=\"font-size: 12pt; font-family: 'Arial', sans-serif;\">D&uuml;nya lideriydi. De\u011feri g&uuml;n ge&ccedil;tik&ccedil;e daha da anla\u015f\u0131l\u0131yor. <\/span><\/strong><\/p>\n<p style=\"margin-bottom: 0cm; text-align: justify; text-indent: 22.7pt; line-height: 16pt;\"><strong><span style=\"font-size: 14pt; font-family: 'Arial', sans-serif;\">&bull; <\/span><\/strong><strong><span style=\"font-size: 12pt; font-family: 'Arial', sans-serif;\">D&uuml;nya g&ouml;r&uuml;\u015f&uuml; g&uuml;zel ve dindar bir insand\u0131, ayr\u0131mc\u0131l\u0131k yapmad\u0131, emperyalizme kar\u015f\u0131 durdu, boyun e\u011fmedi. <\/span><\/strong><\/p>\n<p style=\"margin-bottom: 0cm; text-align: justify; text-indent: 22.7pt; line-height: 16pt;\"><strong><span style=\"font-size: 14pt; font-family: 'Arial', sans-serif;\">&bull; <\/span><\/strong><strong><span style=\"font-size: 12pt; font-family: 'Arial', sans-serif;\">&Ccedil;ok milli biriydi ve devlet adam\u0131yd\u0131. \u015eu an kar\u015f\u0131mda olsa ba\u015fbakan olun diye yalvar\u0131rd\u0131m. <\/span><\/strong><\/p>\n<p style=\"margin-bottom: 0cm; text-align: justify; text-indent: 22.7pt; line-height: 16pt;\"><strong><span style=\"font-size: 14pt; font-family: 'Arial', sans-serif;\">&bull; <\/span><\/strong><strong><span style=\"font-size: 12pt; font-family: 'Arial', sans-serif;\">Dini kullanmazd\u0131, dinle ticaret yapmad\u0131 ve dindarl\u0131\u011f\u0131n\u0131 seviyorum, o\u011flu i&ccedil;in ayn\u0131 \u015feyleri s&ouml;yleyemeyece\u011fim. <\/span><\/strong><\/p>\n<p style=\"margin-bottom: 0cm; text-align: justify; text-indent: 22.7pt; line-height: 16pt;\"><strong><span style=\"font-size: 14pt; font-family: 'Arial', sans-serif;\">&bull; <\/span><\/strong><strong><span style=\"font-size: 12pt; font-family: 'Arial', sans-serif;\">Bu &uuml;lke i&ccedil;in b&uuml;y&uuml;k fedak&acirc;rl\u0131k yapm\u0131\u015f birisi, Ona bir minnet borcum var. <\/span><\/strong><\/p>\n<p style=\"margin-bottom: 0cm; text-align: justify; text-indent: 22.7pt; line-height: 16pt;\"><strong><span style=\"font-size: 14pt; font-family: 'Arial', sans-serif;\">&bull; <\/span><\/strong><strong><span style=\"font-size: 12pt; font-family: 'Arial', sans-serif;\">&Ouml;ng&ouml;r&uuml;leri her zaman hakl\u0131 &ccedil;\u0131kt\u0131, hi&ccedil; yan\u0131lmad\u0131, yan\u0131ltmad\u0131; Atat&uuml;rk gibi. <\/span><\/strong><\/p>\n<p style=\"margin-bottom: 0cm; text-align: justify; text-indent: 22.7pt; line-height: 16pt;\"><strong><span style=\"font-size: 14pt; font-family: 'Arial', sans-serif;\">&bull; <\/span><\/strong><strong><span style=\"font-size: 12pt; font-family: 'Arial', sans-serif;\">Sosyal medyada izledi\u011fim ileri g&ouml;r&uuml;\u015fl&uuml; videolar\u0131 ve RTE hakk\u0131nda s&ouml;yledikleri, &uuml;lkemizde bug&uuml;n ya\u015fad\u0131\u011f\u0131m\u0131z s\u0131k\u0131nt\u0131lar\u0131 &ouml;nceden g&ouml;rd&uuml;\u011f&uuml;n&uuml;n ispat\u0131d\u0131r.<\/span><\/strong><\/p>\n<p style=\"margin-bottom: 0cm; text-align: justify; text-indent: 22.7pt; line-height: 16pt;\"><strong><span style=\"font-size: 12pt; font-family: 'Arial', sans-serif;\">&nbsp;&nbsp;&nbsp;&nbsp;&nbsp;&nbsp; <\/span><\/strong><\/p>\n<p style=\"margin-bottom: 0cm; text-align: justify; text-indent: 22.7pt; line-height: 16pt;\"><strong><span style=\"font-size: 14pt; font-family: 'Arial', sans-serif;\">MHP&rsquo;L\u0130LER:<\/span><\/strong><\/p>\n<p style=\"margin-bottom: 0cm; text-align: justify; text-indent: 22.7pt; line-height: 16pt;\"><strong><span style=\"font-size: 14pt; font-family: 'Arial', sans-serif;\">&bull; <\/span><\/strong><strong><span style=\"font-size: 12pt; font-family: 'Arial', sans-serif;\">B&ouml;yle bir insan daha &ouml;nce gelmedi, sonras\u0131nda da gelmez. <\/span><\/strong><\/p>\n<p style=\"margin-bottom: 0cm; text-align: justify; text-indent: 22.7pt; line-height: 16pt;\"><strong><span style=\"font-size: 14pt; font-family: 'Arial', sans-serif;\">&bull; <\/span><\/strong><strong><span style=\"font-size: 12pt; font-family: 'Arial', sans-serif;\">Devlet b&uuml;y&uuml;\u011f&uuml;, &uuml;lkemiz i&ccedil;in &ccedil;ok g&uuml;zel &ccedil;al\u0131\u015fmalar yapm\u0131\u015f biri. <\/span><\/strong><\/p>\n<p style=\"margin-bottom: 0cm; text-align: justify; text-indent: 22.7pt; line-height: 16pt;\"><strong><span style=\"font-size: 14pt; font-family: 'Arial', sans-serif;\">&bull; <\/span><\/strong><strong><span style=\"font-size: 12pt; font-family: 'Arial', sans-serif;\">Bu &uuml;lkeye en b&uuml;y&uuml;k hizmet yapan lider ve K\u0131br\u0131s Fatihi. Sa\u011fl\u0131\u011f\u0131nda k\u0131ymeti bilinmedi. <\/span><\/strong><\/p>\n<p style=\"margin-bottom: 0cm; text-align: justify; text-indent: 22.7pt; line-height: 16pt;\"><strong><span style=\"font-size: 14pt; font-family: 'Arial', sans-serif;\">&bull; <\/span><\/strong><strong><span style=\"font-size: 12pt; font-family: 'Arial', sans-serif;\">B&uuml;y&uuml;k insan, memleket sevdal\u0131s\u0131 ve sevdi\u011fim bir insan. &Ouml;lmeden k\u0131ymeti bilinmeyen insan.<\/span><\/strong><\/p>\n<p style=\"margin-bottom: 0cm; text-align: justify; text-indent: 22.7pt; line-height: 16pt;\"><strong><span style=\"font-size: 14pt; font-family: 'Arial', sans-serif;\">&bull; <\/span><\/strong><strong><span style=\"font-size: 12pt; font-family: 'Arial', sans-serif;\">Dahi ve &ouml;rnek bir lider, de\u011feri sonradan &ouml;\u011frenilen m&uuml;barek bir insan. <\/span><\/strong><\/p>\n<p style=\"margin-bottom: 0cm; text-align: justify; text-indent: 22.7pt; line-height: 16pt;\"><strong><span style=\"font-size: 14pt; font-family: 'Arial', sans-serif;\">&bull; <\/span><\/strong><strong><span style=\"font-size: 12pt; font-family: 'Arial', sans-serif;\">Kelimeler yetmez, m&uuml;kemmel bir insan ve D&uuml;nya lideriydi. Ahirette \u015fahitlik edece\u011fimiz iki ki\u015fiden biri, di\u011feri de Muhsin Yaz\u0131c\u0131o\u011flu. <\/span><\/strong><\/p>\n<p style=\"margin-bottom: 0cm; text-align: justify; text-indent: 22.7pt; line-height: 16pt;\"><strong><span style=\"font-size: 14pt; font-family: 'Arial', sans-serif;\">&bull; <\/span><\/strong><strong><span style=\"font-size: 12pt; font-family: 'Arial', sans-serif;\">Milli biriydi, hatta T&uuml;rke\u015f&rsquo;ten bile milli idi. &Ccedil;&uuml;nk&uuml; T&uuml;rke\u015f&#8217;in ne kadar ba\u015far\u0131l\u0131 ve iddialar\u0131na ba\u011fl\u0131 kalaca\u011f\u0131n\u0131 bilemiyoruz. Zira tek ba\u015f\u0131na veya etkili konumda iktidar olma f\u0131rsat\u0131 bulamad\u0131, ama Erbakan&#8217;\u0131 Refah-Yol&rsquo;dan &ccedil;ok iyi biliyoruz, tam ve sa\u011flam olarak milli biriydi, haysiyetli ve cesaretli bir yol izledi. Zaten rahmetli Ba\u015fbu\u011f T&uuml;rke\u015f&rsquo;in, hem Milli G&ouml;r&uuml;\u015f&rsquo;le se&ccedil;im ittifak\u0131nda, hem daha &ouml;nceki koalisyon ortakl\u0131klar\u0131nda Erbakan Hoca&rsquo;ya samimi destek ve h&uuml;rmetleri de taraf\u0131m\u0131zdan bilinmektedir. Evet, ger&ccedil;ek liderlerin as\u0131l derdi kendi siyasi menfaatleri de\u011fil, &uuml;lkenin ve milletin gelece\u011fi ve g&uuml;venli\u011fi idi.<\/span><\/strong><\/p>\n<p style=\"margin-bottom: 0cm; text-align: justify; text-indent: 22.7pt; line-height: 16pt;\"><strong><span style=\"font-size: 14pt; font-family: 'Arial', sans-serif;\">&bull; <\/span><\/strong><strong><span style=\"font-size: 12pt; font-family: 'Arial', sans-serif;\">Hocam\u0131z bizim i&ccedil;in m&uuml;stesna bir \u015fahsiyettir, &uuml;lkemizin yeti\u015ftirdi\u011fi ender liderlerden biridir, proje insan\u0131d\u0131r. <\/span><\/strong><\/p>\n<p style=\"margin-bottom: 0cm; text-align: justify; text-indent: 22.7pt; line-height: 16pt;\"><strong><span style=\"font-size: 14pt; font-family: 'Arial', sans-serif;\">&bull; <\/span><\/strong><strong><span style=\"font-size: 12pt; font-family: 'Arial', sans-serif;\">Ya\u015farken nas\u0131l biri oldu\u011funu bilmiyorduk, vefat ettikten sonra tan\u0131d\u0131k, ger&ccedil;ekten hakikatli, sa\u011flam bir insanm\u0131\u015f.<\/span><\/strong><\/p>\n<p style=\"margin-bottom: 0cm; text-align: justify; text-indent: 22.7pt; line-height: 16pt;\"><span style=\"font-size: 12pt; font-family: 'Arial', sans-serif;\">&nbsp;&nbsp;&nbsp;&nbsp;&nbsp;&nbsp;&nbsp;&nbsp; <\/span><\/p>\n<p style=\"margin-bottom: 0cm; margin-top: 0cm; text-align: justify; text-indent: 22.7pt; line-height: 16pt;\"><strong><span style=\"font-size: 14pt; font-family: 'Arial', sans-serif;\">\u0130Y\u0130 PART\u0130L\u0130LER:<\/span><\/strong><\/p>\n<p style=\"margin-bottom: 0cm; margin-top: 0cm; text-align: justify; text-indent: 22.7pt; line-height: 16pt;\"><strong><span style=\"font-size: 14pt; font-family: 'Arial', sans-serif;\">&bull; <\/span><\/strong><strong><span style=\"font-size: 12pt; font-family: 'Arial', sans-serif;\">T&uuml;rkiye&#8217;ye faydas\u0131 dokunan yat\u0131r\u0131mlar\u0131n &ccedil;o\u011funu yapan liderdi. Kelimeler yetmez, m&uuml;kemmel bir insan ve liderdi. D&uuml;nya lideriydi.<\/span><\/strong><\/p>\n<p style=\"margin-bottom: 0cm; margin-top: 0cm; text-align: justify; text-indent: 22.7pt; line-height: 16pt;\"><strong><span style=\"font-size: 12pt; font-family: 'Arial', sans-serif;\">&nbsp;&nbsp;&nbsp;&nbsp;&nbsp;&nbsp;&nbsp;&nbsp; <\/span><\/strong><\/p>\n<p style=\"margin-bottom: 0cm; text-align: justify; text-indent: 22.7pt; line-height: 16pt;\"><strong><span style=\"font-size: 14pt; font-family: 'Arial', sans-serif;\">(SP) SAADET PART\u0130L\u0130LER:<\/span><\/strong><\/p>\n<p style=\"margin-bottom: 0cm; text-align: justify; text-indent: 22.7pt; line-height: 16pt;\"><strong><span style=\"font-size: 14pt; font-family: 'Arial', sans-serif;\">&bull; <\/span><\/strong><strong><span style=\"font-size: 12pt; font-family: 'Arial', sans-serif;\">Son nefesine kadar millet, &uuml;mmet i&ccedil;in mal\u0131yla, can\u0131yla, can\u0131n\u0131 di\u015fine takarak cihat eden &uuml;mmetin lideri idi. <\/span><\/strong><\/p>\n<p style=\"margin-bottom: 0cm; text-align: justify; text-indent: 22.7pt; line-height: 16pt;\"><strong><span style=\"font-size: 14pt; font-family: 'Arial', sans-serif;\">&bull; <\/span><\/strong><strong><em><span style=\"font-size: 12pt; font-family: 'Arial', sans-serif;\">&#8220;Bana ne Amerika&rsquo;dan&#8221;<\/span><\/em><\/strong><strong><span style=\"font-size: 12pt; font-family: 'Arial', sans-serif;\"> diyebilen, Siyonizm&rsquo;i if\u015fa eden liderdi. Siyonizm&rsquo;in karanl\u0131k i&ccedil; y&uuml;z&uuml;n&uuml; &ccedil;&ouml;zen, inananlara da anlatan ve bu \u015fuuru a\u015f\u0131layan bir m&uuml;cahitti. <\/span><\/strong><\/p>\n<p style=\"margin-bottom: 0cm; text-align: justify; text-indent: 22.7pt; line-height: 16pt;\"><strong><span style=\"font-size: 14pt; font-family: 'Arial', sans-serif;\">&bull; <\/span><\/strong><strong><span style=\"font-size: 12pt; font-family: 'Arial', sans-serif;\">Tek ba\u015f\u0131na b&acirc;t\u0131la kafa tutan biriydi. Ondan sonra ise millet b&acirc;t\u0131la kayd\u0131. T&uuml;rkiye&#8217;nin ba\u011f\u0131ms\u0131zl\u0131\u011f\u0131 i&ccedil;in a\u011f\u0131r sanayiyi ba\u015flatan, yeri doldurulmayacak liderdi. <\/span><\/strong><\/p>\n<p style=\"margin-bottom: 0cm; text-align: justify; text-indent: 22.7pt; line-height: 16pt;\"><strong><span style=\"font-size: 14pt; font-family: 'Arial', sans-serif;\">&bull; <\/span><\/strong><strong><span style=\"font-size: 12pt; font-family: 'Arial', sans-serif;\">Maneviyat\u0131 yeter, bug&uuml;n izzetimiz varsa Erbakan Hocam\u0131z sayesindedir. Okumu\u015f k&uuml;lt&uuml;rl&uuml; bir insand\u0131, insanl\u0131\u011f\u0131 ilim &ouml;\u011frenmeye te\u015fvik etti. <\/span><\/strong><\/p>\n<p style=\"margin-bottom: 0cm; text-align: justify; text-indent: 22.7pt; line-height: 16pt;\"><strong><span style=\"font-size: 14pt; font-family: 'Arial', sans-serif;\">&bull; <\/span><\/strong><strong><span style=\"font-size: 12pt; font-family: 'Arial', sans-serif;\">Milli, yerli fabrikalar\u0131 kurdu ama sahip &ccedil;\u0131k\u0131lmad\u0131. Konu\u015fup uyard\u0131\u011f\u0131 \u015feylerin hepsi bug&uuml;n bir bir &ccedil;\u0131kt\u0131. <\/span><\/strong><\/p>\n<p style=\"margin-bottom: 0cm; text-align: justify; text-indent: 22.7pt; line-height: 16pt;\"><strong><span style=\"font-size: 14pt; font-family: 'Arial', sans-serif;\">&bull; <\/span><\/strong><strong><span style=\"font-size: 12pt; font-family: 'Arial', sans-serif;\">Erbakan Hocam sayesinde T&uuml;rkiye ayakta duruyor. Yoksa daha k&ouml;t&uuml; olurdu. Ona &ccedil;ok \u015fey bor&ccedil;luyuz.<\/span><\/strong><\/p>\n<p style=\"margin-bottom: 0cm; text-align: justify; text-indent: 22.7pt; line-height: 16pt;\"><strong><span style=\"font-size: 14pt; font-family: 'Arial', sans-serif;\">&bull; <\/span><\/strong><strong><span style=\"font-size: 12pt; font-family: 'Arial', sans-serif;\"> Allah r\u0131zas\u0131 nedir Ondan &ouml;\u011frendik, \u015fuurlanmay\u0131 da Hocamdan &ouml;\u011frendik. Erbakan demek; yenilik, g&uuml;ven, ahl&acirc;k ve maneviyat demek.<\/span><\/strong><\/p>\n<p style=\"margin-bottom: 0cm; text-align: justify; text-indent: 22.7pt; line-height: 16pt;\"><strong><span style=\"font-size: 14pt; font-family: 'Arial', sans-serif;\">&bull; <\/span><\/strong><strong><span style=\"font-size: 12pt; font-family: 'Arial', sans-serif;\">Kimse hakk\u0131yla Onu anlayamad\u0131, O ahiretini kazand\u0131; biz hakk\u0131yla cihat edemedik, kaybettik. Asl\u0131nda anla\u015f\u0131l\u0131yordu ama i\u015flerine gelmiyordu.<\/span><\/strong><\/p>\n<p style=\"margin-bottom: 0cm; text-align: justify; text-indent: 22.7pt; line-height: 16pt;\"><strong><span style=\"font-size: 14pt; font-family: 'Arial', sans-serif;\">&bull; <\/span><\/strong><strong><span style=\"font-size: 12pt; font-family: 'Arial', sans-serif;\">Bug&uuml;n siyasette M&uuml;sl&uuml;manlar varsa Onun sayesinde. Yapt\u0131\u011f\u0131 her hizmeti Allah r\u0131zas\u0131 i&ccedil;in yapt\u0131. \u0130hlasl\u0131, imanl\u0131 ve inand\u0131\u011f\u0131n\u0131 ya\u015fayan biriydi. <\/span><\/strong><\/p>\n<p style=\"margin-bottom: 0cm; text-align: justify; text-indent: 22.7pt; line-height: 16pt;\"><strong><span style=\"font-size: 14pt; font-family: 'Arial', sans-serif;\">&bull; <\/span><\/strong><strong><span style=\"font-size: 12pt; font-family: 'Arial', sans-serif;\">Siyasi duru\u015fuyla Allah&#8217;\u0131n emretti\u011fi yolun rehberiydi. Milli ve dini de\u011ferlerimizi muhafaza ederek, siyasi arenada var olmaya devam eden nadir siyaset&ccedil;idir. <\/span><\/strong><\/p>\n<p style=\"margin-bottom: 0cm; text-align: justify; text-indent: 22.7pt; line-height: 16pt;\"><strong><span style=\"font-size: 14pt; font-family: 'Arial', sans-serif;\">&bull; <\/span><\/strong><strong><span style=\"font-size: 12pt; font-family: 'Arial', sans-serif;\">Hocam\u0131z; <em>&#8220;Ne yapt\u0131ysam, Allah r\u0131zas\u0131 i&ccedil;in yapt\u0131m&#8221; <\/em>diyordu. Kendini Allah&#8217;\u0131n davas\u0131na feda etmi\u015fti. T&uuml;m insanlar\u0131n saadeti i&ccedil;in &ccedil;al\u0131\u015f\u0131yordu. D&uuml;nyaya Onun gibi bir lider kesinlikle gelmez. Mal\u0131yla, can\u0131yla cihat etti. Bize de davas\u0131n\u0131 emanet etti, lay\u0131k olam\u0131yoruz ama yerimizde sabitiz Elhamd&uuml;lillah. Te\u015fkilattaki n&ouml;betimize devam ediyoruz. \u0130nsanlar\u0131 Allah ve \u0130slam&rsquo;la kand\u0131rmad\u0131. O olmad\u0131\u011f\u0131 i&ccedil;in insanlar Erdo\u011fan&#8217;\u0131n pe\u015finden gidiyor.<\/span><\/strong><\/p>\n<p style=\"margin-bottom: 0cm; text-align: justify; text-indent: 22.7pt; line-height: 16pt;\"><strong><span style=\"font-size: 14pt; font-family: 'Arial', sans-serif;\">&bull; <\/span><\/strong><strong><span style=\"font-size: 12pt; font-family: 'Arial', sans-serif;\">(K\u0131br\u0131s gazisi) Lider b&uuml;y&uuml;k olunca zafer &ccedil;ok kolay ve de b&uuml;y&uuml;k oluyor. <\/span><\/strong><\/p>\n<p style=\"margin-bottom: 0cm; text-align: justify; text-indent: 22.7pt; line-height: 16pt;\"><strong><span style=\"font-size: 14pt; font-family: 'Arial', sans-serif;\">&bull; <\/span><\/strong><strong><span style=\"font-size: 12pt; font-family: 'Arial', sans-serif;\">Erbakan Hocam\u0131z hapisten &ccedil;\u0131k\u0131nca gazeteciler sormu\u015flar: <em>&#8220;Hocam hi&ccedil; ya\u015flanmam\u0131\u015fs\u0131n\u0131z?&#8221; <\/em>Hocam\u0131z: <em>&#8220;Bu millete hizmetsiz ge&ccedil;en (hapisteki) hayat ya\u015famdan say\u0131lmayaca\u011f\u0131ndan, h&acirc;l&acirc; ayn\u0131 ya\u015ftay\u0131z.&#8221;<\/em> diyerek Siyasetin &ouml;nemini belirtmi\u015ftir. Kendisine meydanlarda &ccedil;ok s&ouml;z verdik, vicdanen rahat edemiyoruz. G&ouml;revimizi hakk\u0131yla yerine getiremedi\u011fimizi d&uuml;\u015f&uuml;n&uuml;yorum. Birtak\u0131m \u015feyleri konu\u015fmasayd\u0131, a&ccedil;\u0131\u011fa &ccedil;\u0131karmasayd\u0131; nerede ise Allah ismi ortadan kalkacakt\u0131.<\/span><\/strong><\/p>\n<p style=\"margin-bottom: 0cm; text-align: justify; text-indent: 22.7pt; line-height: 16pt;\"><strong><span style=\"font-size: 14pt; font-family: 'Arial', sans-serif;\">&bull; <\/span><\/strong><strong><span style=\"font-size: 12pt; font-family: 'Arial', sans-serif;\">D&uuml;nya Siyonizm&rsquo;inin ve emperyalizminin sat\u0131n alamad\u0131\u011f\u0131 tek lider. \u015eerefli bir &ouml;l&uuml;me giden hayat\u0131n nas\u0131l ya\u015fanaca\u011f\u0131n\u0131 d&uuml;nyada g&ouml;sterdi. <\/span><\/strong><\/p>\n<p style=\"margin-bottom: 0cm; text-align: justify; text-indent: 22.7pt; line-height: 16pt;\"><strong><span style=\"font-size: 14pt; font-family: 'Arial', sans-serif;\">&bull; <\/span><\/strong><strong><span style=\"font-size: 12pt; font-family: 'Arial', sans-serif;\">Yerli ve milli sanayinin &uuml;stad\u0131. &Uuml;zerimizde &ccedil;ok eme\u011fi var, bizi sokaklardan toplad\u0131 adam etti. Ama biz Onun istedi\u011fi gibi biri olamad\u0131k. <\/span><\/strong><\/p>\n<p style=\"margin-bottom: 0cm; text-align: justify; text-indent: 22.7pt; line-height: 16pt;\"><strong><span style=\"font-size: 14pt; font-family: 'Arial', sans-serif;\">&bull; <\/span><\/strong><strong><span style=\"font-size: 12pt; font-family: 'Arial', sans-serif;\">\u0130nsanl\u0131k i&ccedil;in yap\u0131lan her \u015fey Onun sayesinde ve projelerindedir. Allah her y&uuml;zy\u0131lda bir dini yenileyici g&ouml;nderir, bu y&uuml;zy\u0131l\u0131n kurtar\u0131c\u0131s\u0131 Hocam\u0131zd\u0131r. <\/span><\/strong><\/p>\n<p style=\"margin-bottom: 0cm; text-align: justify; text-indent: 22.7pt; line-height: 16pt;\"><strong><span style=\"font-size: 14pt; font-family: 'Arial', sans-serif;\">&bull; <\/span><\/strong><strong><span style=\"font-size: 12pt; font-family: 'Arial', sans-serif;\">Kelimeler yetmez, m&uuml;kemmel bir insan ve liderdi. D&uuml;nya lideriydi. K\u0131ymetini biz bilemedik, &uuml;lke de d&uuml;nya da bilemedi. D&uuml;nyan\u0131n gidi\u015fat\u0131n\u0131 de\u011fi\u015ftirecek biriydi. Bir&ccedil;ok peygamberin &uuml;mmeti gibi biz de Onu anlamad\u0131k. Kendisi &ccedil;ok iyi biriydi, arkadan gelenler (Temel Karamollao\u011flu) bozuk. <\/span><\/strong><\/p>\n<p style=\"margin-bottom: 0cm; text-align: justify; text-indent: 22.7pt; line-height: 16pt;\"><strong><span style=\"font-size: 14pt; font-family: 'Arial', sans-serif;\">&bull; <\/span><\/strong><strong><span style=\"font-size: 12pt; font-family: 'Arial', sans-serif;\">Asra damgas\u0131n\u0131 vurmu\u015f, Onunla cihad\u0131 &ouml;\u011frendi\u011fimiz ki\u015fi; namaz k\u0131lan k&ouml;leler olmaktan bizleri kurtard\u0131. Dindar insanlar\u0131n her alanda kazand\u0131\u011f\u0131 &ouml;z g&uuml;venin mimar\u0131d\u0131r. Onun zaman\u0131nda bereket vard\u0131, art\u0131k o bereket de yok. <\/span><\/strong><\/p>\n<p style=\"margin-bottom: 0cm; text-align: justify; text-indent: 22.7pt; line-height: 16pt;\"><strong><span style=\"font-size: 14pt; font-family: 'Arial', sans-serif;\">&bull; <\/span><\/strong><strong><span style=\"font-size: 12pt; font-family: 'Arial', sans-serif;\">3M ile &ouml;zetliyorum; Mimar, M&uuml;cahit, M&uuml;hendis. Tevhid ve adalete dayal\u0131 yeni bir d&uuml;nyan\u0131n mimar\u0131. <\/span><\/strong><\/p>\n<p style=\"margin-bottom: 0cm; text-align: justify; text-indent: 22.7pt; line-height: 16pt;\"><strong><span style=\"font-size: 14pt; font-family: 'Arial', sans-serif;\">&bull; <\/span><\/strong><strong><span style=\"font-size: 12pt; font-family: 'Arial', sans-serif;\">(Elaz\u0131\u011f&rsquo;dan Ahmet Hocam\u0131z\u0131n kom\u015fusu &#8211; Muhap I\u015f\u0131k) Onun gibi bir insan bulunmaz, bir daha d&uuml;nyaya Onun gibisi gelmez; Ahmet Hocam sayesinde tan\u0131d\u0131k ve o y&uuml;zden buraday\u0131z ve bu davaday\u0131z. <\/span><\/strong><\/p>\n<p style=\"margin-bottom: 0cm; text-align: justify; text-indent: 22.7pt; line-height: 16pt;\"><strong><span style=\"font-size: 14pt; font-family: 'Arial', sans-serif;\">&bull; <\/span><\/strong><strong><span style=\"font-size: 12pt; font-family: 'Arial', sans-serif;\">Cihad\u0131n unutuldu\u011fu bir zamanda Orduyu K\u0131br\u0131s&rsquo;a &ccedil;\u0131kard\u0131, dinle siyaset bir olmaz diyenlerin kar\u015f\u0131s\u0131nda m&uuml;r\u015fit seviyesinde siyaset yapt\u0131, \u0130slam terakkiye engeldir diyenlerin kar\u015f\u0131s\u0131na ilimle ve bilim insan\u0131 olarak &ccedil;\u0131kt\u0131, siyasete ahl&acirc;k ve maneviyat getiren bir siyaset&ccedil;iydi. <\/span><\/strong><\/p>\n<p style=\"margin-bottom: 0cm; text-align: justify; text-indent: 22.7pt; line-height: 16pt;\"><strong><span style=\"font-size: 14pt; font-family: 'Arial', sans-serif;\">&bull; <\/span><\/strong><strong><span style=\"font-size: 12pt; font-family: 'Arial', sans-serif;\">Yery&uuml;z&uuml;nde unutulmu\u015f Dini tekrar ya\u015fan\u0131r hale getirecek projelerin sahibi olan b&uuml;y&uuml;k bir din adam\u0131 ve liderdi. <\/span><\/strong><\/p>\n<p style=\"margin-bottom: 0cm; text-align: justify; text-indent: 22.7pt; line-height: 16pt;\"><strong><span style=\"font-size: 14pt; font-family: 'Arial', sans-serif;\">&bull; <\/span><\/strong><strong><span style=\"font-size: 12pt; font-family: 'Arial', sans-serif;\">Hz. Peygamberimizden ve Ra\u015fit Halifelerden sonra giderek yozla\u015fan ve &ouml;z&uuml;nden uzakla\u015fan \u0130slam &acirc;lemini yeniden asl\u0131na, ger&ccedil;ek adalet ve h&uuml;rriyet huzuruna kavu\u015fturmak i&ccedil;in evrensel plan ve projeler &uuml;reten en &ouml;nemli \u015fahsiyetlerden biriydi. 21. y&uuml;zy\u0131ldaki toplumsal hareketlerin &ouml;nc&uuml;s&uuml;yd&uuml;. \u0130nanc\u0131m\u0131za g&ouml;re nas\u0131l bir d&uuml;zenin olaca\u011f\u0131n\u0131 haz\u0131rlayan insand\u0131.<\/span><\/strong><\/p>\n<p style=\"margin-bottom: 0cm; text-align: justify; text-indent: 22.7pt; line-height: 16pt;\"><strong><span style=\"font-size: 14pt; font-family: 'Arial', sans-serif;\">&bull; <\/span><\/strong><strong><span style=\"font-size: 12pt; font-family: 'Arial', sans-serif;\">Ak\u0131ll\u0131 bilgili devlet adam\u0131 olarak g&ouml;rd&uuml;m; ba\u015fka bir devletin elinde olsayd\u0131 de\u011feri daha &ccedil;ok bilinirdi. <\/span><\/strong><\/p>\n<p style=\"margin-bottom: 0cm; text-align: justify; text-indent: 22.7pt; line-height: 16pt;\"><strong><span style=\"font-size: 14pt; font-family: 'Arial', sans-serif;\">&nbsp;&nbsp;&nbsp;&nbsp;&nbsp;&nbsp;&nbsp;&nbsp; <\/span><\/strong><\/p>\n<p style=\"margin-bottom: 0cm; text-align: justify; text-indent: 22.7pt; line-height: 16pt;\"><strong><span style=\"font-size: 14pt; font-family: 'Arial', sans-serif;\">AGD VE MGV&rsquo;L\u0130LER:<\/span><\/strong><\/p>\n<p style=\"margin-bottom: 0cm; text-align: justify; text-indent: 22.7pt; line-height: 16pt;\"><strong><span style=\"font-size: 14pt; font-family: 'Arial', sans-serif;\">&bull; <\/span><\/strong><strong><span style=\"font-size: 12pt; font-family: 'Arial', sans-serif;\">Toplumda \u0130slami \u015fuurun olu\u015fmas\u0131 i&ccedil;in &ccedil;abalar\u0131na \u015fahit oldu\u011fumuz ki\u015fidir. <\/span><\/strong><\/p>\n<p style=\"margin-bottom: 0cm; text-align: justify; text-indent: 22.7pt; line-height: 16pt;\"><strong><span style=\"font-size: 14pt; font-family: 'Arial', sans-serif;\">&bull; <\/span><\/strong><strong><span style=\"font-size: 12pt; font-family: 'Arial', sans-serif;\">Bize cihad\u0131 &ouml;\u011fretti, M&uuml;sl&uuml;manlara \u015fahsiyet kazand\u0131rd\u0131. <\/span><\/strong><\/p>\n<p style=\"margin-bottom: 0cm; text-align: justify; text-indent: 22.7pt; line-height: 16pt;\"><strong><span style=\"font-size: 14pt; font-family: 'Arial', sans-serif;\">&bull; <\/span><\/strong><strong><span style=\"font-size: 12pt; font-family: 'Arial', sans-serif;\">Allah&#8217;\u0131n bu millete bir l&uuml;tfudur, insanl\u0131\u011f\u0131n yeniden aya\u011fa kalkmas\u0131 i&ccedil;in g&ouml;nderilmi\u015f liderdir. <\/span><\/strong><\/p>\n<p style=\"margin-bottom: 0cm; text-align: justify; text-indent: 22.7pt; line-height: 16pt;\"><strong><span style=\"font-size: 14pt; font-family: 'Arial', sans-serif;\">&bull; <\/span><\/strong><strong><span style=\"font-size: 12pt; font-family: 'Arial', sans-serif;\">Tarihe damgas\u0131n\u0131 vuran, tarihte \u0130slam d&uuml;nyas\u0131na da damgas\u0131n\u0131 vuran ve ger&ccedil;ek tarih okundu\u011fu zaman de\u011feri daha da anla\u015f\u0131lacak insand\u0131r. <\/span><\/strong><\/p>\n<p style=\"margin-bottom: 0cm; text-align: justify; text-indent: 22.7pt; line-height: 16pt;\"><strong><span style=\"font-size: 14pt; font-family: 'Arial', sans-serif;\">&bull; <\/span><\/strong><strong><span style=\"font-size: 12pt; font-family: 'Arial', sans-serif;\">Kelimeler yetmez, m&uuml;kemmel bir insan ve T&uuml;m \u0130slam &acirc;lemine Siyonizm&rsquo;i tan\u0131tan liderdi. <\/span><\/strong><\/p>\n<p style=\"margin-bottom: 0cm; text-align: justify; text-indent: 22.7pt; line-height: 16pt;\"><strong><span style=\"font-size: 14pt; font-family: 'Arial', sans-serif;\">&bull; <\/span><\/strong><strong><span style=\"font-size: 12pt; font-family: 'Arial', sans-serif;\">Asr\u0131n d&acirc;hisi, hem ilmi hem de uhrevi y&ouml;nden, ger&ccedil;ek ve y&uuml;ksek bir \u015fahsiyetti. <\/span><\/strong><\/p>\n<p style=\"margin-bottom: 0cm; text-align: justify; text-indent: 22.7pt; line-height: 16pt;\"><strong><span style=\"font-size: 14pt; font-family: 'Arial', sans-serif;\">&bull; <\/span><\/strong><strong><span style=\"font-size: 12pt; font-family: 'Arial', sans-serif;\">D&uuml;nya lideriydi. Asla pes etmeyen m&uuml;cadeleci bir dava adam\u0131yd\u0131.<\/span><\/strong><\/p>\n<p style=\"margin-bottom: 0cm; text-align: justify; text-indent: 22.7pt; line-height: 16pt;\"><strong><span style=\"font-size: 14pt; font-family: 'Arial', sans-serif;\">&bull; <\/span><\/strong><strong><span style=\"font-size: 12pt; font-family: 'Arial', sans-serif;\">Kendini; ilme, \u0130slam&rsquo;\u0131n h&acirc;kimiyetine adam\u0131\u015f, Allah&#8217;a kul olmay\u0131 se&ccedil;ip insanlara hizmet etmeye &ccedil;al\u0131\u015fm\u0131\u015ft\u0131r. <\/span><\/strong><\/p>\n<p style=\"margin-bottom: 0cm; text-align: justify; text-indent: 22.7pt; line-height: 16pt;\"><strong><span style=\"font-size: 14pt; font-family: 'Arial', sans-serif;\">&bull; <\/span><\/strong><strong><span style=\"font-size: 12pt; font-family: 'Arial', sans-serif;\">T&uuml;rkiye&#8217;nin manevi kalk\u0131nmas\u0131na &ouml;nc&uuml;l&uuml;k yapm\u0131\u015f bir liderdi. <\/span><\/strong><\/p>\n<p style=\"margin-bottom: 0cm; text-align: justify; text-indent: 22.7pt; line-height: 16pt;\"><strong><span style=\"font-size: 14pt; font-family: 'Arial', sans-serif;\">&bull; <\/span><\/strong><strong><span style=\"font-size: 12pt; font-family: 'Arial', sans-serif;\">T&uuml;rkiye&rsquo;de siyaseti millet i&ccedil;in ve nezaketle yapan tek siyaset&ccedil;i. <\/span><\/strong><\/p>\n<p style=\"margin-bottom: 0cm; text-align: justify; text-indent: 22.7pt; line-height: 16pt;\"><strong><span style=\"font-size: 14pt; font-family: 'Arial', sans-serif;\">&bull; <\/span><\/strong><strong><span style=\"font-size: 12pt; font-family: 'Arial', sans-serif;\">T&uuml;rkiye&rsquo;de \u0130slam dinini \u015fekil dini de\u011fil, \u015fuur dini oldu\u011funu bize &ouml;\u011freten, can\u0131 ile mal\u0131 ile cihat eden bir M&uuml;sl&uuml;man&#8230; <\/span><\/strong><\/p>\n<p style=\"margin-bottom: 0cm; text-align: justify; text-indent: 22.7pt; line-height: 16pt;\"><strong><span style=\"font-size: 14pt; font-family: 'Arial', sans-serif;\">&bull; <\/span><\/strong><strong><em><span style=\"font-size: 12pt; font-family: 'Arial', sans-serif;\">&ldquo;Hayat; \u0130man ve Cihatt\u0131r&rdquo;<\/span><\/em><\/strong><strong><span style=\"font-size: 12pt; font-family: 'Arial', sans-serif;\"> d&uuml;sturu ile hayat\u0131n\u0131 idame eden ve onu ba\u015fkalar\u0131na &ouml;\u011freten bir liderdir.<\/span><\/strong><\/p>\n<p style=\"margin-bottom: 0cm; text-align: justify; text-indent: 22.7pt; line-height: 16pt;\"><strong><span style=\"font-size: 12pt; font-family: 'Arial', sans-serif;\">&nbsp;&nbsp;&nbsp;&nbsp;&nbsp;&nbsp;&nbsp;&nbsp; <\/span><\/strong><\/p>\n<p style=\"margin-bottom: 0cm; text-align: justify; text-indent: 22.7pt; line-height: 16pt;\"><strong><span style=\"font-size: 14pt; font-family: 'Arial', sans-serif;\">(YRP) YEN\u0130DEN REFAH PART\u0130L\u0130LER:<\/span><\/strong><\/p>\n<p style=\"margin-bottom: 0cm; text-align: justify; text-indent: 22.7pt; line-height: 16pt;\"><strong><span style=\"font-size: 14pt; font-family: 'Arial', sans-serif;\">&bull; <\/span><\/strong><strong><span style=\"font-size: 12pt; font-family: 'Arial', sans-serif;\">Bat\u0131&#8217;n\u0131n bile ilim ve bilimdeki eksikliklerini g&ouml;ren &acirc;lim biriydi. <\/span><\/strong><\/p>\n<p style=\"margin-bottom: 0cm; text-align: justify; text-indent: 22.7pt; line-height: 16pt;\"><strong><span style=\"font-size: 14pt; font-family: 'Arial', sans-serif;\">&bull; <\/span><\/strong><strong><span style=\"font-size: 12pt; font-family: 'Arial', sans-serif;\">T&uuml;rkiye sevdal\u0131s\u0131, iyi bir M&uuml;sl&uuml;man ve ihlasl\u0131 bir m&uuml;cahitti. <\/span><\/strong><\/p>\n<p style=\"margin-bottom: 0cm; text-align: justify; text-indent: 22.7pt; line-height: 16pt;\"><strong><span style=\"font-size: 14pt; font-family: 'Arial', sans-serif;\">&bull; <\/span><\/strong><strong><span style=\"font-size: 12pt; font-family: 'Arial', sans-serif;\">Tam bir \u0130slam beyefendisi ve Dini konularda b&uuml;y&uuml;k mertebeye ula\u015fm\u0131\u015f bir m&uuml;r\u015fit idi. <\/span><\/strong><\/p>\n<p style=\"margin-bottom: 0cm; text-align: justify; text-indent: 22.7pt; line-height: 16pt;\"><strong><span style=\"font-size: 14pt; font-family: 'Arial', sans-serif;\">&bull; <\/span><\/strong><strong><span style=\"font-size: 12pt; font-family: 'Arial', sans-serif;\">Milli G&ouml;r&uuml;\u015f&#8217;&uuml;n de\u011fi\u015fmez lideri. &Ouml;mr&uuml;n&uuml; davas\u0131na adayan insan. <\/span><\/strong><\/p>\n<p style=\"margin-bottom: 0cm; text-align: justify; text-indent: 22.7pt; line-height: 16pt;\"><strong><span style=\"font-size: 14pt; font-family: 'Arial', sans-serif;\">&bull; <\/span><\/strong><strong><span style=\"font-size: 12pt; font-family: 'Arial', sans-serif;\">D&uuml;nyan\u0131n en b&uuml;y&uuml;k manevi Zat\u0131. Sadece siyaset sahas\u0131nda de\u011fil, hayat\u0131n her alan\u0131nda dengeleri kurmu\u015f bir \u015fahsiyettir. <\/span><\/strong><\/p>\n<p style=\"margin-bottom: 0cm; text-align: justify; text-indent: 22.7pt; line-height: 16pt;\"><strong><span style=\"font-size: 14pt; font-family: 'Arial', sans-serif;\">&bull; <\/span><\/strong><strong><span style=\"font-size: 12pt; font-family: 'Arial', sans-serif;\">Hayatta iken k\u0131ymeti bilinmeyen ve Hak yolunda oldu\u011funa inand\u0131\u011f\u0131m bir lider. <\/span><\/strong><\/p>\n<p style=\"margin-bottom: 0cm; text-align: justify; text-indent: 22.7pt; line-height: 16pt;\"><strong><span style=\"font-size: 14pt; font-family: 'Arial', sans-serif;\">&bull; <\/span><\/strong><strong><span style=\"font-size: 12pt; font-family: 'Arial', sans-serif;\">&Uuml;lkesi i&ccedil;in kendisini feda etmi\u015f bir lider. Kelimeler yetmez, m&uuml;kemmel bir insan ve liderdi. <\/span><\/strong><\/p>\n<p style=\"margin-bottom: 0cm; text-align: justify; text-indent: 22.7pt; line-height: 16pt;\"><strong><span style=\"font-size: 14pt; font-family: 'Arial', sans-serif;\">&bull; <\/span><\/strong><strong><span style=\"font-size: 12pt; font-family: 'Arial', sans-serif;\">Erbakan Hoca; ilim, irfan, devlet adam\u0131, millilik&#8230; K\u0131saca her \u015fey demektir. <\/span><\/strong><\/p>\n<p style=\"margin-bottom: 0cm; text-align: justify; text-indent: 22.7pt; line-height: 16pt;\"><strong><span style=\"font-size: 14pt; font-family: 'Arial', sans-serif;\">&bull; <\/span><\/strong><strong><span style=\"font-size: 12pt; font-family: 'Arial', sans-serif;\">B&uuml;y&uuml;k bir liderdi, T&uuml;rkiye Ona her zaman &ouml;z&uuml;r bor&ccedil;lu. <\/span><\/strong><\/p>\n<p style=\"margin-bottom: 0cm; text-align: justify; text-indent: 22.7pt; line-height: 16pt;\"><strong><span style=\"font-size: 14pt; font-family: 'Arial', sans-serif;\">&bull; <\/span><\/strong><strong><span style=\"font-size: 12pt; font-family: 'Arial', sans-serif;\">&Uuml;lkemize &ccedil;ok b&uuml;y&uuml;k katk\u0131lar sunmu\u015f ve &ccedil;ok eme\u011fi olan bir zat olarak g&ouml;r&uuml;yoruz. <\/span><\/strong><\/p>\n<p style=\"margin-bottom: 0cm; text-align: justify; text-indent: 22.7pt; line-height: 16pt;\"><strong><span style=\"font-size: 14pt; font-family: 'Arial', sans-serif;\">&bull; <\/span><\/strong><strong><span style=\"font-size: 12pt; font-family: 'Arial', sans-serif;\">Hocam\u0131z\u0131n k\u0131ymetini bilemedik, solcu bir arkada\u015f\u0131n; <em>&#8220;Hocay\u0131 ge&ccedil; bulduk, erken kaybettik&#8221; <\/em>demesini unutam\u0131yorum. <\/span><\/strong><\/p>\n<p style=\"margin-bottom: 0cm; text-align: justify; text-indent: 22.7pt; line-height: 16pt;\"><strong><span style=\"font-size: 14pt; font-family: 'Arial', sans-serif;\">&bull; <\/span><\/strong><strong><span style=\"font-size: 12pt; font-family: 'Arial', sans-serif;\">B&uuml;y&uuml;k bir \u0130slam &acirc;limiydi. T&uuml;rkiye ve \u0130slam i&ccedil;in &ccedil;ok &ouml;nemli bir D&uuml;nya lideriydi. Davas\u0131ndan sapmayan tek lider. <\/span><\/strong><\/p>\n<p style=\"margin-bottom: 0cm; text-align: justify; text-indent: 22.7pt; line-height: 16pt;\"><strong><span style=\"font-size: 14pt; font-family: 'Arial', sans-serif;\">&bull; <\/span><\/strong><strong><span style=\"font-size: 12pt; font-family: 'Arial', sans-serif;\">Adil D&uuml;zen gelmesi i&ccedil;in ciddi bir gayret sarf etti; in\u015faallah evlad\u0131 kald\u0131\u011f\u0131 yerden bayra\u011f\u0131 a&ccedil;acakt\u0131r. <\/span><\/strong><\/p>\n<p style=\"margin-bottom: 0cm; text-align: justify; text-indent: 22.7pt; line-height: 16pt;\"><strong><span style=\"font-size: 14pt; font-family: 'Arial', sans-serif;\">&bull; <\/span><\/strong><strong><span style=\"font-size: 12pt; font-family: 'Arial', sans-serif;\">S&uuml;per bir insand\u0131, in\u015faallah devam\u0131n\u0131 Fatih Erbakan getirecek. <\/span><\/strong><\/p>\n<p style=\"margin-bottom: 0cm; text-align: justify; text-indent: 22.7pt; line-height: 16pt;\"><strong><span style=\"font-size: 14pt; font-family: 'Arial', sans-serif;\">&bull; <\/span><\/strong><strong><span style=\"font-size: 12pt; font-family: 'Arial', sans-serif;\">&Ccedil;ift kanatl\u0131 bir insand\u0131. Maddi ve manevi iklimde zirvede ya\u015fad\u0131, hem ilmi hem cihat sorumlulu\u011fu vard\u0131.<\/span><\/strong><\/p>\n<p style=\"margin-bottom: 0cm; text-align: justify; text-indent: 22.7pt; line-height: 16pt;\"><strong><span style=\"font-size: 14pt; font-family: 'Arial', sans-serif;\">&bull; <\/span><\/strong><strong><span style=\"font-size: 12pt; font-family: 'Arial', sans-serif;\">Hocam\u0131z tek ba\u015f\u0131na bir &uuml;mmetti. Bug&uuml;nk&uuml; teknolojik at\u0131l\u0131mlar\u0131n mimar\u0131d\u0131r. <\/span><\/strong><\/p>\n<p style=\"margin-bottom: 0cm; text-align: justify; text-indent: 22.7pt; line-height: 16pt;\"><strong><span style=\"font-size: 14pt; font-family: 'Arial', sans-serif;\">&nbsp;&nbsp;&nbsp;&nbsp;&nbsp;&nbsp;&nbsp;&nbsp; <\/span><\/strong><\/p>\n<p style=\"margin-bottom: 0cm; text-align: justify; text-indent: 22.7pt; line-height: 16pt;\"><strong><span style=\"font-size: 14pt; font-family: 'Arial', sans-serif;\">YURTDI\u015eINDAN GELENLER:<\/span><\/strong><\/p>\n<p style=\"margin-bottom: 0cm; text-align: justify; text-indent: 22.7pt; line-height: 16pt;\"><strong><span style=\"font-size: 14pt; font-family: 'Arial', sans-serif;\">&bull; <\/span><\/strong><strong><span style=\"font-size: 12pt; font-family: 'Arial', sans-serif;\">Erbakan Hocam T&uuml;rkiye ve Avrupa d&uuml;zeyinde y&uuml;zlerce cami a&ccedil;\u0131lmas\u0131na vesile olarak bug&uuml;n camilerde yap\u0131lan t&uuml;m tebli\u011flerin mimar\u0131d\u0131r. <\/span><\/strong><\/p>\n<p style=\"margin-bottom: 0cm; text-align: justify; text-indent: 22.7pt; line-height: 16pt;\"><strong><span style=\"font-size: 14pt; font-family: 'Arial', sans-serif;\">&bull; <\/span><\/strong><strong><span style=\"font-size: 12pt; font-family: 'Arial', sans-serif;\">Endonezyal\u0131y\u0131m, Habibi&rsquo;nin arkada\u015f\u0131 oldu\u011fu i&ccedil;in tan\u0131yorum ve ziyarete geldim. Allah i&ccedil;in Erbakan Hoca&#8217;y\u0131 &ccedil;ok seviyorum. G&ouml;n&uuml;llerimizde canl\u0131 gibi ya\u015f\u0131yor. <\/span><\/strong><\/p>\n<p style=\"margin-bottom: 0cm; text-align: justify; text-indent: 22.7pt; line-height: 16pt;\"><strong><span style=\"font-size: 14pt; font-family: 'Arial', sans-serif;\">&bull; <\/span><\/strong><strong><span style=\"font-size: 12pt; font-family: 'Arial', sans-serif;\">\u0130slam&rsquo;\u0131n g&uuml;n&uuml;m&uuml;ze uyarlanmas\u0131n\u0131 ve insanlara sevdirilmesini sa\u011flam\u0131\u015ft\u0131r. <\/span><\/strong><\/p>\n<p style=\"margin-bottom: 0cm; text-align: justify; text-indent: 22.7pt; line-height: 16pt;\"><strong><span style=\"font-size: 14pt; font-family: 'Arial', sans-serif;\">&bull; <\/span><\/strong><strong><span style=\"font-size: 12pt; font-family: 'Arial', sans-serif;\">Kelimeler yetmez, m&uuml;kemmel bir insan ve liderdi. Kendisi her yapt\u0131\u011f\u0131n\u0131 Allah r\u0131zas\u0131 i&ccedil;in yapan birisiydi. <\/span><\/strong><\/p>\n<p style=\"margin-bottom: 0cm; text-align: justify; text-indent: 22.7pt; line-height: 16pt;\"><strong><span style=\"font-size: 14pt; font-family: 'Arial', sans-serif;\">&bull; <\/span><\/strong><strong><span style=\"font-size: 12pt; font-family: 'Arial', sans-serif;\">D&uuml;nya lideriydi. \u0130slam&rsquo;\u0131 yeniden diriltmeye ve insanl\u0131\u011f\u0131 kurtarmay\u0131 &ccedil;al\u0131\u015fm\u0131\u015f-ama&ccedil;lam\u0131\u015f biriydi. <\/span><\/strong><\/p>\n<p style=\"margin-bottom: 0cm; text-align: justify; text-indent: 22.7pt; line-height: 16pt;\"><strong><span style=\"font-size: 14pt; font-family: 'Arial', sans-serif;\">&bull; <\/span><\/strong><strong><span style=\"font-size: 12pt; font-family: 'Arial', sans-serif;\">Almanya IGMG te\u015fkilatlar\u0131n\u0131 kurdu, &uuml;mmeti tek bir grup haline getirdi, ayn\u0131 hedefe giden gen&ccedil;ler olaca\u011f\u0131z. <\/span><\/strong><\/p>\n<p style=\"margin-bottom: 0cm; text-align: justify; text-indent: 22.7pt; line-height: 16pt;\"><strong><span style=\"font-size: 14pt; font-family: 'Arial', sans-serif;\">&bull; <\/span><\/strong><strong><span style=\"font-size: 12pt; font-family: 'Arial', sans-serif;\">Tacikistan: Davam kitab\u0131n\u0131 okuyarak Hocam\u0131 yeni tan\u0131d\u0131m, hayranl\u0131k duydu\u011fum i&ccedil;in geldim. <\/span><\/strong><\/p>\n<p style=\"margin-bottom: 0cm; text-align: justify; text-indent: 22.7pt; line-height: 16pt;\"><strong><span style=\"font-size: 14pt; font-family: 'Arial', sans-serif;\">&bull; <\/span><\/strong><strong><span style=\"font-size: 12pt; font-family: 'Arial', sans-serif;\">Erbakan Hoca \u015fehittir, \u0130slam ad\u0131na &ccedil;ok b&uuml;y&uuml;k hizmetleri var, b&uuml;y&uuml;k devlet adam\u0131, Onun hayran\u0131y\u0131m, &ouml;ld&uuml;\u011f&uuml;nde Fas&rsquo;ta evimde a\u011flad\u0131m, maneviyat\u0131 &ccedil;ok a&ccedil;\u0131k bir insand\u0131, Erdo\u011fan Muaviye, Erbakan Hz. &Ouml;mer gibiydi ve d&uuml;nya lideriydi. <\/span><\/strong><\/p>\n<p style=\"margin-bottom: 0cm; text-align: justify; text-indent: 22.7pt; line-height: 16pt;\"><strong><span style=\"font-size: 14pt; font-family: 'Arial', sans-serif;\">&bull; <\/span><\/strong><strong><span style=\"font-size: 12pt; font-family: 'Arial', sans-serif;\">&Ouml;zbekistanl\u0131y\u0131m. T&uuml;rkiye&rsquo;de bir y\u0131lda yapt\u0131klar\u0131n\u0131 g&ouml;rd&uuml;\u011f&uuml;mde \u015fa\u015f\u0131rd\u0131m, herkes Onun hayran\u0131yd\u0131, biz de sevdik. <\/span><\/strong><\/p>\n<p style=\"margin-bottom: 0cm; text-align: justify; text-indent: 22.7pt; line-height: 16pt;\"><strong><span style=\"font-size: 14pt; font-family: 'Arial', sans-serif;\">&bull; <\/span><\/strong><strong><span style=\"font-size: 12pt; font-family: 'Arial', sans-serif;\">Peygamber Efendimizin izinde tebli\u011f ve cihat \u015fuurunun nas\u0131l uygulanabilece\u011fini g&ouml;steren liderdi.<\/span><\/strong><\/p>\n<p style=\"margin-bottom: 0cm; text-align: justify; text-indent: 22.7pt; line-height: 16pt;\"><strong><span style=\"font-size: 14pt; font-family: 'Arial', sans-serif;\">&bull; <\/span><\/strong><strong><span style=\"font-size: 12pt; font-family: 'Arial', sans-serif;\"> Haldun Algan-Almanya: Hocam\u0131z hakk\u0131nda Ahmet Akg&uuml;l Hoca gibi d&uuml;\u015f&uuml;n&uuml;yorum. Yarat\u0131lm\u0131\u015f her mahl&ucirc;kat\u0131n hakk\u0131n\u0131 arayan ve koruyan lider. <\/span><\/strong><\/p>\n<p style=\"margin-bottom: 0cm; text-align: justify; text-indent: 22.7pt; line-height: 16pt;\"><strong><span style=\"font-size: 14pt; font-family: 'Arial', sans-serif;\">&bull; <\/span><\/strong><strong><span style=\"font-size: 12pt; font-family: 'Arial', sans-serif;\">&Ccedil;e&ccedil;enistanl\u0131: T&uuml;rkiye&#8217;nin ve \u0130slam&rsquo;\u0131n dirili\u015fine ve uyan\u0131\u015f\u0131na sebep olan kimseydi, hayat\u0131m\u0131zda \u0130slam&rsquo;\u0131n da rol&uuml; oldu\u011funu bize &ouml;\u011fretti. <\/span><\/strong><\/p>\n<p style=\"margin-bottom: 0cm; text-align: justify; text-indent: 22.7pt; line-height: 16pt;\"><strong><span style=\"font-size: 14pt; font-family: 'Arial', sans-serif;\">&bull; <\/span><\/strong><strong><span style=\"font-size: 12pt; font-family: 'Arial', sans-serif;\">Azerbaycanl\u0131: Siyasi ahl&acirc;k, gerekti\u011finde vazge&ccedil;ebilme, toplumu kutupla\u015ft\u0131rmamak, Ona g&uuml;venen insanlar\u0131 kendi koltu\u011fu hat\u0131r\u0131na ate\u015fe atmamak. <\/span><\/strong><\/p>\n<p style=\"margin-bottom: 0cm; text-align: justify; text-indent: 22.7pt; line-height: 16pt;\"><strong><span style=\"font-size: 14pt; font-family: 'Arial', sans-serif;\">&bull; <\/span><\/strong><strong><span style=\"font-size: 12pt; font-family: 'Arial', sans-serif;\">Azerbaycan: \u0130slam&rsquo;\u0131n yolundan giden insan, devletin ve milletin yan\u0131nda olan ve \u0130slam devletlerinin tek bir &uuml;mmet olmas\u0131 i&ccedil;in &ccedil;al\u0131\u015fan insan. <\/span><\/strong><\/p>\n<p style=\"margin-bottom: 0cm; text-align: justify; text-indent: 22.7pt; line-height: 16pt;\"><strong><span style=\"font-size: 14pt; font-family: 'Arial', sans-serif;\">&bull; <\/span><\/strong><strong><span style=\"font-size: 12pt; font-family: 'Arial', sans-serif;\">Almanya: Hocam\u0131z\u0131n ad\u0131n\u0131, \u015fu andaki siyasiler ve bu h&uuml;k&uuml;met &ccedil;ok kulland\u0131 ve kand\u0131rd\u0131. <\/span><\/strong><\/p>\n<p style=\"margin-bottom: 0cm; text-align: justify; text-indent: 22.7pt; line-height: 16pt;\"><strong><span style=\"font-size: 14pt; font-family: 'Arial', sans-serif;\">&bull; <\/span><\/strong><strong><span style=\"font-size: 12pt; font-family: 'Arial', sans-serif;\">Almanya: Hocam\u0131z pes etmedi, pes etmedi\u011fimiz i&ccedil;in buraday\u0131z, daha yapacak &ccedil;ok i\u015fimiz var. <\/span><\/strong><\/p>\n<p style=\"margin-bottom: 0cm; text-align: justify; text-indent: 22.7pt; line-height: 16pt;\"><strong><span style=\"font-size: 14pt; font-family: 'Arial', sans-serif;\">&bull; <\/span><\/strong><strong><span style=\"font-size: 12pt; font-family: 'Arial', sans-serif;\">Yurtd\u0131\u015f\u0131 HDP&#8217;li: \u015eu an g&ouml;r&uuml;\u015f&uuml;m&uuml;z farkl\u0131 olsa da hayatta olsa yan\u0131nda olurduk, Onun kurtaraca\u011f\u0131n\u0131 biliyor ve inan\u0131yoruz. &Ccedil;&uuml;nk&uuml; s&ouml;yledikleri hep &ccedil;\u0131kt\u0131.<\/span><\/strong><\/p>\n<p style=\"margin-bottom: 0cm; text-align: justify; text-indent: 22.7pt; line-height: 16pt;\"><strong><span style=\"font-size: 12pt; font-family: 'Arial', sans-serif;\">&nbsp;&nbsp;&nbsp;&nbsp;&nbsp;&nbsp; <\/span><\/strong><\/p>\n<p style=\"margin-bottom: 0cm; text-align: justify; text-indent: 22.7pt; line-height: 16pt;\"><strong><span style=\"font-size: 14pt; font-family: 'Arial', sans-serif;\">D\u0130\u011eERLER\u0130:<\/span><\/strong><\/p>\n<p style=\"margin-bottom: 0cm; text-align: justify; text-indent: 22.7pt; line-height: 16pt;\"><strong><span style=\"font-size: 14pt; font-family: 'Arial', sans-serif;\">&bull; <\/span><\/strong><strong><span style=\"font-size: 12pt; font-family: 'Arial', sans-serif;\">Dini siyasete alet etmiyordu, fikirleri insanlar\u0131 bir anda kendisine &ccedil;ekiyordu, birle\u015ftirici bir insand\u0131. <\/span><\/strong><\/p>\n<p style=\"margin-bottom: 0cm; text-align: justify; text-indent: 22.7pt; line-height: 16pt;\"><strong><span style=\"font-size: 14pt; font-family: 'Arial', sans-serif;\">&bull; <\/span><\/strong><strong><span style=\"font-size: 12pt; font-family: 'Arial', sans-serif;\">Milli duru\u015f sahibi ve tam anla\u015f\u0131lmayan, k\u0131ymeti bilinmeyen biriydi. <\/span><\/strong><\/p>\n<p style=\"margin-bottom: 0cm; text-align: justify; text-indent: 22.7pt; line-height: 16pt;\"><strong><span style=\"font-size: 14pt; font-family: 'Arial', sans-serif;\">&bull; <\/span><\/strong><strong><span style=\"font-size: 12pt; font-family: 'Arial', sans-serif;\">K\u0131ymetli bir ilim adam\u0131yd\u0131. Erbakan Hocam\u0131n s&ouml;zleri, \u0130T&Uuml;&#8217;de yapt\u0131\u011f\u0131 &ccedil;al\u0131\u015fmalar, Milli G&ouml;r&uuml;\u015f ile ilgili devrim niteli\u011findeki &ccedil;al\u0131\u015fmalar\u0131na hayranl\u0131k duyuyordum. <\/span><\/strong><\/p>\n<p style=\"margin-bottom: 0cm; text-align: justify; text-indent: 22.7pt; line-height: 16pt;\"><strong><span style=\"font-size: 14pt; font-family: 'Arial', sans-serif;\">&bull; <\/span><\/strong><strong><span style=\"font-size: 12pt; font-family: 'Arial', sans-serif;\">Kendini bu &uuml;lke i&ccedil;in adam\u0131\u015f fakat en b&uuml;y&uuml;k d&uuml;\u015fmanl\u0131\u011f\u0131 dinci kesimden ve kendi etraf\u0131ndakilerden g&ouml;rm&uuml;\u015ft&uuml;r. <\/span><\/strong><\/p>\n<p style=\"margin-bottom: 0cm; text-align: justify; text-indent: 22.7pt; line-height: 16pt;\"><strong><span style=\"font-size: 14pt; font-family: 'Arial', sans-serif;\">&bull; <\/span><\/strong><strong><span style=\"font-size: 12pt; font-family: 'Arial', sans-serif;\">De\u011ferini bilemedik, hi&ccedil; oy vermedik, ke\u015fke yolundan gitseymi\u015fiz. <\/span><\/strong><\/p>\n<p style=\"margin-bottom: 0cm; text-align: justify; text-indent: 22.7pt; line-height: 16pt;\"><strong><span style=\"font-size: 14pt; font-family: 'Arial', sans-serif;\">&bull; <\/span><\/strong><strong><span style=\"font-size: 12pt; font-family: 'Arial', sans-serif;\">Hocam\u0131z d&uuml;nya M&uuml;sl&uuml;manlar\u0131n\u0131n uyanmas\u0131na sebep olan liderimizdir. <\/span><\/strong><\/p>\n<p style=\"margin-bottom: 0cm; text-align: justify; text-indent: 22.7pt; line-height: 16pt;\"><strong><span style=\"font-size: 14pt; font-family: 'Arial', sans-serif;\">&bull; <\/span><\/strong><strong><span style=\"font-size: 12pt; font-family: 'Arial', sans-serif;\">&Ccedil;ok b&uuml;y&uuml;k bir dava adam\u0131yd\u0131. \u0130nsana huzur veren bir konu\u015fma \u015fekli vard\u0131. Allah&#8217;\u0131n t&uuml;m ayetlerini mecliste s&ouml;ylemesi, &ouml;nce ahl&acirc;k ve maneviyat demesi ve t&uuml;m s&ouml;ylemlerinin ayet olmas\u0131. Kud&uuml;s&#8217;&uuml;, Siyonizm&rsquo;i, Ayasofya&#8217;n\u0131n &ouml;nemini biz Ondan &ouml;\u011frendik. <\/span><\/strong><\/p>\n<p style=\"margin-bottom: 0cm; text-align: justify; text-indent: 22.7pt; line-height: 16pt;\"><strong><span style=\"font-size: 14pt; font-family: 'Arial', sans-serif;\">&bull; <\/span><\/strong><strong><span style=\"font-size: 12pt; font-family: 'Arial', sans-serif;\">&Ccedil;a\u011f\u0131n ilerisinde birisiydi. A\u011f\u0131r sanayi hamlesini ba\u015flatan ve &uuml;lkemize &ccedil;ok b&uuml;y&uuml;k hizmetler yapan bir liderdir. <\/span><\/strong><\/p>\n<p style=\"margin-bottom: 0cm; text-align: justify; text-indent: 22.7pt; line-height: 16pt;\"><strong><span style=\"font-size: 14pt; font-family: 'Arial', sans-serif;\">&bull; <\/span><\/strong><strong><span style=\"font-size: 12pt; font-family: 'Arial', sans-serif;\">&Uuml;lkesine hizmeti &ouml;n planda tuttu. Siyaseti, kimseyi k\u0131rmadan yapan uyumlu bir \u015fahsiyetti. &Ccedil;ok babacan, adaletli birisiydi. <\/span><\/strong><\/p>\n<p style=\"margin-bottom: 0cm; text-align: justify; text-indent: 22.7pt; line-height: 16pt;\"><strong><span style=\"font-size: 14pt; font-family: 'Arial', sans-serif;\">&bull; <\/span><\/strong><strong><span style=\"font-size: 12pt; font-family: 'Arial', sans-serif;\">Zor zaman\u0131n b&uuml;y&uuml;k adam\u0131&#8230; D&uuml;\u015fmanlar\u0131n\u0131n bile sayg\u0131 duydu\u011fu birisi&#8230; (M&uuml;sl&uuml;manlar\u0131;) Pasif M&uuml;sl&uuml;man rol&uuml;nden daha aktif M&uuml;sl&uuml;man rol&uuml;ne iten bir insan&#8230; <\/span><\/strong><\/p>\n<p style=\"margin-bottom: 0cm; text-align: justify; text-indent: 22.7pt; line-height: 16pt;\"><strong><span style=\"font-size: 14pt; font-family: 'Arial', sans-serif;\">&bull; <\/span><\/strong><strong><span style=\"font-size: 12pt; font-family: 'Arial', sans-serif;\">Hoca gitti, her \u015fey bitti. Erbakan Hocam\u0131z\u0131n bo\u015flu\u011funu dolduramad\u0131lar. <\/span><\/strong><\/p>\n<p style=\"margin-bottom: 0cm; text-align: justify; text-indent: 22.7pt; line-height: 16pt;\"><strong><span style=\"font-size: 14pt; font-family: 'Arial', sans-serif;\">&bull; <\/span><\/strong><strong><span style=\"font-size: 12pt; font-family: 'Arial', sans-serif;\">Davas\u0131na olan inanc\u0131 her \u015feyin &uuml;st&uuml;ndeydi, &ccedil;ok g&uuml;&ccedil;l&uuml; ve dirayetli bir liderdi. \u015eu anki teknolojilerin sahibi oldu\u011funu biliyorum. <\/span><\/strong><\/p>\n<p style=\"margin-bottom: 0cm; text-align: justify; text-indent: 22.7pt; line-height: 16pt;\"><strong><span style=\"font-size: 14pt; font-family: 'Arial', sans-serif;\">&bull; <\/span><\/strong><strong><span style=\"font-size: 12pt; font-family: 'Arial', sans-serif;\">T&uuml;rkiye&#8217;nin en &ouml;nemli ihtiya&ccedil;lar\u0131ndan biri olan madenlerin s\u0131n\u0131flanmas\u0131 konusunda en b&uuml;y&uuml;k at\u0131l\u0131mlardan birini yapm\u0131\u015f, de\u011feri bilinmemi\u015f bir Ba\u015fbakand\u0131r. <\/span><\/strong><\/p>\n<p style=\"margin-bottom: 0cm; text-align: justify; text-indent: 22.7pt; line-height: 16pt;\"><strong><span style=\"font-size: 14pt; font-family: 'Arial', sans-serif;\">&bull; <\/span><\/strong><strong><span style=\"font-size: 12pt; font-family: 'Arial', sans-serif;\">K\u0131ymetini bilemedik, te\u015fkilatlar\u0131 da k\u0131ymetini bilmiyor. G&uuml;n&uuml;m&uuml;zde kimse Onun yolundan gitmiyor, sadece, bunu yapt\u0131klar\u0131n\u0131 s&ouml;yl&uuml;yorlar. <\/span><\/strong><\/p>\n<p style=\"margin-bottom: 0cm; text-align: justify; text-indent: 22.7pt; line-height: 16pt;\"><strong><span style=\"font-size: 14pt; font-family: 'Arial', sans-serif;\">&bull; <\/span><\/strong><strong><span style=\"font-size: 12pt; font-family: 'Arial', sans-serif;\">Maalesef biz aziz T&uuml;rk milleti o kadar yozla\u015fm\u0131\u015f\u0131z ki; Ey Muhterem Erbakan, Sizin gibi b&uuml;y&uuml;k bir Zata sahip bile &ccedil;\u0131kamam\u0131\u015f\u0131z. <\/span><\/strong><\/p>\n<p style=\"margin-bottom: 0cm; text-align: justify; text-indent: 22.7pt; line-height: 16pt;\"><strong><span style=\"font-size: 14pt; font-family: 'Arial', sans-serif;\">&bull; <\/span><\/strong><strong><span style=\"font-size: 12pt; font-family: 'Arial', sans-serif;\">Engelli &ccedil;al\u0131\u015ft\u0131rma say\u0131s\u0131nda &ccedil;\u0131kard\u0131\u011f\u0131 yasa sebebi ile ben ve benim gibiler i\u015f sahibi oldu, ama bunun ekme\u011fini Erdo\u011fan yiyor. <\/span><\/strong><\/p>\n<p style=\"margin-bottom: 0cm; text-align: justify; text-indent: 22.7pt; line-height: 16pt;\"><strong><span style=\"font-size: 14pt; font-family: 'Arial', sans-serif;\">&bull; <\/span><\/strong><strong><span style=\"font-size: 12pt; font-family: 'Arial', sans-serif;\">Cihat ehli idi, Adil D&uuml;zenciydi, \u0130slam&rsquo;\u0131 hayat\u0131n her alan\u0131na yayd\u0131. Erbakan deyince akl\u0131m\u0131za Allah ve \u0130slamiyet gelir. <\/span><\/strong><\/p>\n<p style=\"margin-bottom: 0cm; text-align: justify; text-indent: 22.7pt; line-height: 16pt;\"><strong><span style=\"font-size: 14pt; font-family: 'Arial', sans-serif;\">&bull; <\/span><\/strong><strong><span style=\"font-size: 12pt; font-family: 'Arial', sans-serif;\">&Ouml;nce ahl&acirc;k ve maneviyat, sonra a\u011f\u0131r sanayi ve kalk\u0131nmaya &ouml;nem verdi\u011fini biliyoruz. <\/span><\/strong><\/p>\n<p style=\"margin-bottom: 0cm; text-align: justify; text-indent: 22.7pt; line-height: 16pt;\"><strong><span style=\"font-size: 14pt; font-family: 'Arial', sans-serif;\">&bull; <\/span><\/strong><strong><span style=\"font-size: 12pt; font-family: 'Arial', sans-serif;\">Kelimeler yetmez, m&uuml;kemmel bir insan ve liderdi. K\u0131ymetini bilemedik, \u015fimdi onun cezas\u0131n\u0131 &ccedil;ekiyoruz.<\/span><\/strong><\/p>\n<p style=\"margin-bottom: 0cm; text-align: justify; text-indent: 22.7pt; line-height: 16pt;\"><strong><span style=\"font-size: 14pt; font-family: 'Arial', sans-serif;\">&bull; <\/span><\/strong><strong><span style=\"font-size: 12pt; font-family: 'Arial', sans-serif;\"> Asr\u0131m\u0131zdaki en b&uuml;y&uuml;k d&acirc;hi, lider, siyaset ve fikir adam\u0131yd\u0131. Siyasetin duayeniydi, b&uuml;y&uuml;k \u015fah\u0131s, ilklerin adam\u0131, bir liderden &ccedil;ok &ouml;te biriydi. D&uuml;nya lideriydi.<\/span><\/strong><\/p>\n<p style=\"margin-bottom: 0cm; text-align: justify; text-indent: 22.7pt; line-height: 16pt;\"><strong><span style=\"font-size: 14pt; font-family: 'Arial', sans-serif;\">&bull; <\/span><\/strong><strong><span style=\"font-size: 12pt; font-family: 'Arial', sans-serif;\">Bu &uuml;lkeye hizmet i&ccedil;in kendisinden vazge&ccedil;mi\u015f, bir daha d&uuml;nyaya gelmeyecek olan siyaset&ccedil;ilerden bir tanesidir. <\/span><\/strong><\/p>\n<p style=\"margin-bottom: 0cm; text-align: justify; text-indent: 22.7pt; line-height: 16pt;\"><strong><span style=\"font-size: 14pt; font-family: 'Arial', sans-serif;\">&bull; <\/span><\/strong><strong><span style=\"font-size: 12pt; font-family: 'Arial', sans-serif;\">Bu &uuml;lkeye hizmet i&ccedil;in kendisini yok saymak gibi bir fedak&acirc;rl\u0131k olabilece\u011fini bize &ouml;\u011fretti. Gelmi\u015f ge&ccedil;mi\u015f en iyi ba\u015fbakand\u0131. <\/span><\/strong><\/p>\n<p style=\"margin-bottom: 0cm; text-align: justify; text-indent: 22.7pt; line-height: 16pt;\"><strong><span style=\"font-size: 14pt; font-family: 'Arial', sans-serif;\">&bull; <\/span><\/strong><strong><span style=\"font-size: 12pt; font-family: 'Arial', sans-serif;\">Ya\u015fad\u0131\u011f\u0131 m&uuml;ddet boyunca alay edilmi\u015f, hor g&ouml;r&uuml;lm&uuml;\u015f ama O bunlara ald\u0131rmadan pes etmeyerek m&uuml;cadelesine devam etmi\u015f birisidir.<\/span><\/strong><\/p>\n<p style=\"margin-bottom: 0cm; text-align: justify; text-indent: 22.7pt; line-height: 16pt;\"><strong><span style=\"font-size: 14pt; font-family: 'Arial', sans-serif;\">&bull; <\/span><\/strong><strong><span style=\"font-size: 12pt; font-family: 'Arial', sans-serif;\"> Manevi bir ate\u015f yakt\u0131 ve hi&ccedil; s&ouml;nmeyecek in\u015faallah.<\/span><\/strong><\/p>\n<p style=\"margin-bottom: 0cm; text-align: justify; text-indent: 22.7pt; line-height: 16pt;\"><strong><span style=\"font-size: 14pt; font-family: 'Arial', sans-serif;\">&bull; <\/span><\/strong><strong><span style=\"font-size: 12pt; font-family: 'Arial', sans-serif;\">Hayatta olsayd\u0131 da pe\u015finden gideydim, gitmedi\u011fime &ccedil;ok pi\u015fman\u0131m. Ona vefa borcum oldu\u011funu d&uuml;\u015f&uuml;nd&uuml;\u011f&uuml;m i&ccedil;in ziyaretine geldim. <\/span><\/strong><\/p>\n<p style=\"margin-bottom: 0cm; text-align: justify; text-indent: 22.7pt; line-height: 16pt;\"><strong><span style=\"font-size: 14pt; font-family: 'Arial', sans-serif;\">&bull; <\/span><\/strong><strong><span style=\"font-size: 12pt; font-family: 'Arial', sans-serif;\">Tekrar y&ouml;netime gelmesini isterim, ya da Onun projelerini uygulayacak birilerini g&ouml;rmek isterim. <\/span><\/strong><\/p>\n<p style=\"margin-bottom: 0cm; text-align: justify; text-indent: 22.7pt; line-height: 16pt;\"><strong><span style=\"font-size: 14pt; font-family: 'Arial', sans-serif;\">&bull; <\/span><\/strong><strong><span style=\"font-size: 12pt; font-family: 'Arial', sans-serif;\">\u015eimdikiler Mili G&ouml;r&uuml;\u015f&ccedil;&uuml; de\u011fil, o\u011flu bile Onun izinde de\u011fil. <\/span><\/strong><\/p>\n<p style=\"margin-bottom: 0cm; text-align: justify; text-indent: 22.7pt; line-height: 16pt;\"><strong><span style=\"font-size: 14pt; font-family: 'Arial', sans-serif;\">&bull; <\/span><\/strong><strong><span style=\"font-size: 12pt; font-family: 'Arial', sans-serif;\">\u015eu an yoklu\u011funu her alanda hissediyoruz, Onu; &ouml;\u011frencisiyiz diye &ccedil;ok istismar eden oldu. <\/span><\/strong><\/p>\n<p style=\"margin-bottom: 0cm; text-align: justify; text-indent: 22.7pt; line-height: 16pt;\"><strong><span style=\"font-size: 14pt; font-family: 'Arial', sans-serif;\">&bull; <\/span><\/strong><strong><span style=\"font-size: 12pt; font-family: 'Arial', sans-serif;\">K\u0131ymeti bilinmedi; ya\u015fasayd\u0131 yine bilinmezdi. <\/span><\/strong><\/p>\n<p style=\"margin-bottom: 0cm; text-align: justify; text-indent: 22.7pt; line-height: 16pt;\"><strong><span style=\"font-size: 14pt; font-family: 'Arial', sans-serif;\">&bull; <\/span><\/strong><strong><span style=\"font-size: 12pt; font-family: 'Arial', sans-serif;\">A&ccedil;\u0131k ve netti, k\u0131saca vahyi esas alan bir insand\u0131; Amerika \u015feytan derken&#8230; \u015eimdi bizim M&uuml;sl&uuml;man zannettiklerimiz \u015feytan\u0131n emrinde, k\u0131blemiz K&acirc;be de\u011fil Washington&#8230; Zaman\u0131nda Seni anlayamad\u0131\u011f\u0131m\u0131z i&ccedil;in &ccedil;ok &uuml;zg&uuml;n&uuml;m.<\/span><\/strong><\/p>\n<p style=\"margin-bottom: 0cm; text-align: justify; text-indent: 22.7pt; line-height: 16pt;\"><strong><span style=\"font-size: 14pt; font-family: 'Arial', sans-serif;\">&bull; <\/span><\/strong><strong><span style=\"font-size: 12pt; font-family: 'Arial', sans-serif;\">Gen&ccedil;li\u011fimizde (Hocam\u0131za bak\u0131\u015f\u0131m\u0131z) olumsuzdu, fakat olgunla\u015ft\u0131k&ccedil;a, hele AKP&#8217;yi g&ouml;rd&uuml;kten sonra bunlar gibi de\u011fildi, milli idi. Bu AKP dini kullan\u0131yor. <\/span><\/strong><\/p>\n<p style=\"margin-bottom: 0cm; text-align: justify; text-indent: 22.7pt; line-height: 16pt;\"><strong><span style=\"font-size: 14pt; font-family: 'Arial', sans-serif;\">&bull; <\/span><\/strong><strong><span style=\"font-size: 12pt; font-family: 'Arial', sans-serif;\">Zaman\u0131n\u0131n &ouml;tesinde bir vizyondu, T&uuml;rkiye&rsquo;ye bir tohum att\u0131 ve biz Onu yeni anl\u0131yoruz. <\/span><\/strong><\/p>\n<p style=\"margin-bottom: 0cm; text-align: justify; text-indent: 22.7pt; line-height: 16pt;\"><strong><span style=\"font-size: 14pt; font-family: 'Arial', sans-serif;\">&bull; <\/span><\/strong><strong><span style=\"font-size: 12pt; font-family: 'Arial', sans-serif;\">\u0130slami d&uuml;\u015f&uuml;nceyi T&uuml;rk siyasetine ta\u015f\u0131mas\u0131 &ccedil;ok &ouml;nemli bir devrimdir ve bu u\u011furda ya\u015fad\u0131\u011f\u0131 zorluk, s\u0131k\u0131nt\u0131 ve me\u015fakkatler kar\u015f\u0131s\u0131nda g&ouml;stermi\u015f oldu\u011fu sab\u0131r ve tevekk&uuml;l takdire \u015fayand\u0131r. Vatana ihanet edenlerin kar\u015f\u0131s\u0131nda dimdik duran kahraman. <\/span><\/strong><\/p>\n<p style=\"margin-bottom: 0cm; text-align: justify; text-indent: 22.7pt; line-height: 16pt;\"><strong><span style=\"font-size: 14pt; font-family: 'Arial', sans-serif;\">&bull; <\/span><\/strong><strong><span style=\"font-size: 12pt; font-family: 'Arial', sans-serif;\">Kendisine oy vermedim ama Onun sohbetlerine bay\u0131l\u0131yordum, sohbetlerinden feyz al\u0131rd\u0131m, y&ouml;netimdekiler Onun yapt\u0131\u011f\u0131 icraatlar\u0131 yapam\u0131yorlar, ke\u015fke ba\u015f\u0131m\u0131zda olsayd\u0131n\u0131z da bu s\u0131k\u0131nt\u0131lar ba\u015f\u0131m\u0131za gelmeseydi. <\/span><\/strong><\/p>\n<p style=\"margin-bottom: 0cm; text-align: justify; text-indent: 22.7pt; line-height: 16pt;\"><strong><span style=\"font-size: 14pt; font-family: 'Arial', sans-serif;\">&bull; <\/span><\/strong><strong><span style=\"font-size: 12pt; font-family: 'Arial', sans-serif;\">Onun g&ouml;sterdi\u011fi ilim, irfan yolu hepimize g&uuml;ne\u015f gibi ayna oluyor. Gen&ccedil;lerin Onun davas\u0131n\u0131 &ouml;\u011frenmesi laz\u0131m. <\/span><\/strong><\/p>\n<p style=\"margin-bottom: 0cm; text-align: justify; text-indent: 22.7pt; line-height: 16pt;\"><strong><span style=\"font-size: 14pt; font-family: 'Arial', sans-serif;\">&bull; <\/span><\/strong><strong><span style=\"font-size: 12pt; font-family: 'Arial', sans-serif;\">G&ouml;rme Engelli: &Ccedil;ocukken mitingine gittim, 9 ya\u015f\u0131nda idim, sonra Hocama a\u015f\u0131k oldum. <\/span><\/strong><\/p>\n<p style=\"margin-bottom: 0cm; text-align: justify; text-indent: 22.7pt; line-height: 16pt;\"><strong><span style=\"font-size: 14pt; font-family: 'Arial', sans-serif;\">&bull; <\/span><\/strong><strong><span style=\"font-size: 12pt; font-family: 'Arial', sans-serif;\">D&ouml;neminde \u015fer g&uuml;&ccedil;lerin hile ve tuzaklar\u0131n\u0131 bilen ve bozan bir liderdi. \u015eu anki partisi Ona sad\u0131k kalmad\u0131. Hem Hak hem halk i&ccedil;in &ccedil;al\u0131\u015ft\u0131, her \u015fey Onun zaman\u0131nda yap\u0131ld\u0131, O bir kuyruklu y\u0131ld\u0131z idi, Onun arkas\u0131ndan gelenler Onun temsilcisi mi bilmiyorum. <\/span><\/strong><\/p>\n<p style=\"margin-bottom: 0cm; text-align: justify; text-indent: 22.7pt; line-height: 16pt;\"><strong><span style=\"font-size: 14pt; font-family: 'Arial', sans-serif;\">&bull; <\/span><\/strong><strong><span style=\"font-size: 12pt; font-family: 'Arial', sans-serif;\">(17 ya\u015f\u0131nda &ouml;\u011frenci:) Ger&ccedil;ek bir dava adam\u0131yd\u0131, tan\u0131nmas\u0131 ve tan\u0131t\u0131lmas\u0131 gereken en &ouml;nemli \u015fahsiyetlerden biri. <\/span><\/strong><\/p>\n<p style=\"margin-bottom: 0cm; text-align: justify; text-indent: 22.7pt; line-height: 16pt;\"><strong><span style=\"font-size: 14pt; font-family: 'Arial', sans-serif;\">&bull; <\/span><\/strong><strong><span style=\"font-size: 12pt; font-family: 'Arial', sans-serif;\">Boncuk boncuk ter d&ouml;kt&uuml;\u011f&uuml; zaman ke\u015fke Onunla beraber olsayd\u0131m, ke\u015fke k\u0131ymetini bilseydim, \u015fu an &ccedil;ok ac\u0131 hissediyorum. <\/span><\/strong><\/p>\n<p style=\"margin-bottom: 0cm; text-align: justify; text-indent: 22.7pt; line-height: 16pt;\"><strong><span style=\"font-size: 14pt; font-family: 'Arial', sans-serif;\">&bull; <\/span><\/strong><strong><span style=\"font-size: 12pt; font-family: 'Arial', sans-serif;\">Halen Onun d&uuml;\u015f&uuml;ncelerine ula\u015famad\u0131k, bug&uuml;n savunma sanayindeki geli\u015fmeler (\u0130HA-S\u0130HA gibi&#8230;) Hocam\u0131z\u0131n sayesindedir. <\/span><\/strong><\/p>\n<p style=\"margin-bottom: 0cm; text-align: justify; text-indent: 22.7pt; line-height: 16pt;\"><strong><span style=\"font-size: 14pt; font-family: 'Arial', sans-serif;\">&bull; <\/span><\/strong><strong><span style=\"font-size: 12pt; font-family: 'Arial', sans-serif;\">Cumhuriyet tarihinde mazlum M&uuml;sl&uuml;manlar\u0131n ufkunu ve yolunu a&ccedil;an nadir kimselerden birisidir, Onun \u015fahsiyetli hizmetleri g&uuml;n ge&ccedil;tik&ccedil;e \u015fimdi daha iyi anla\u015f\u0131l\u0131yor. <\/span><\/strong><\/p>\n<p style=\"margin-bottom: 0cm; text-align: justify; text-indent: 22.7pt; line-height: 16pt;\"><strong><span style=\"font-size: 14pt; font-family: 'Arial', sans-serif;\">&bull; <\/span><\/strong><strong><span style=\"font-size: 12pt; font-family: 'Arial', sans-serif;\">Hepimiz Hocama &ccedil;ok \u015fey bor&ccedil;luyuz. T&uuml;rkiye&#8217;yi ihya ederdi b\u0131raksalard\u0131. Her ge&ccedil;en g&uuml;n kendisini daha da arat\u0131yor. <\/span><\/strong><\/p>\n<p style=\"margin-bottom: 0cm; text-align: justify; text-indent: 22.7pt; line-height: 16pt;\"><strong><span style=\"font-size: 14pt; font-family: 'Arial', sans-serif;\">&bull; <\/span><\/strong><strong><span style=\"font-size: 12pt; font-family: 'Arial', sans-serif;\">\u0130dealist d&uuml;\u015f&uuml;nceleri olan biriydi, in\u015faallah Onun gibi birileri gelir, fikir olarak ayn\u0131y\u0131m ama parti olarak ayn\u0131 de\u011filim. <\/span><\/strong><\/p>\n<p style=\"margin-bottom: 0cm; text-align: justify; text-indent: 22.7pt; line-height: 16pt;\"><strong><span style=\"font-size: 14pt; font-family: 'Arial', sans-serif;\">&bull; <\/span><\/strong><strong><span style=\"font-size: 12pt; font-family: 'Arial', sans-serif;\">O gitti d&uuml;zen bozuldu, \u015feyhimiz (Kadiri Mustafa Uzgur) Erbakan&#8217;a oy vermeyene hakk\u0131m helal de\u011fildir derdi. <\/span><\/strong><\/p>\n<p style=\"margin-bottom: 0cm; text-align: justify; text-indent: 22.7pt; line-height: 16pt;\"><strong><span style=\"font-size: 14pt; font-family: 'Arial', sans-serif;\">&bull; <\/span><\/strong><strong><span style=\"font-size: 12pt; font-family: 'Arial', sans-serif;\">Erdo\u011fan Onun sayesinde iktidara gelmi\u015ftir, \u015fu anki yap\u0131lan reformlar, \u0130HA ve S\u0130HA gibi at\u0131l\u0131mlar Erbakan&#8217;\u0131n eseridir. <\/span><\/strong><\/p>\n<p style=\"margin-bottom: 0cm; text-align: justify; text-indent: 22.7pt; line-height: 16pt;\"><strong><span style=\"font-size: 14pt; font-family: 'Arial', sans-serif;\">&bull; <\/span><\/strong><strong><span style=\"font-size: 12pt; font-family: 'Arial', sans-serif;\">Hocam iyi ve hay\u0131rl\u0131 bir M&uuml;sl&uuml;mand\u0131, biz &ldquo;i&ccedil;iciyiz&rdquo;, ama Erbakan Hocam &ouml;l dese &ouml;l&uuml;r&uuml;z, &ccedil;ok afi\u015f ve bayrak ast\u0131m; Hocam i&ccedil;in, bayrak i&ccedil;in, Kur&rsquo;an i&ccedil;in, insanl\u0131k i&ccedil;in. <\/span><\/strong><\/p>\n<p style=\"margin-bottom: 0cm; text-align: justify; text-indent: 22.7pt; line-height: 16pt;\"><strong><span style=\"font-size: 14pt; font-family: 'Arial', sans-serif;\">&bull; <\/span><\/strong><strong><span style=\"font-size: 12pt; font-family: 'Arial', sans-serif;\">\u015eifa i&ccedil;in geldim, &ccedil;&uuml;nk&uuml; hastay\u0131m. Erbakan Hocam\u0131n y&uuml;z&uuml; suyu h&uuml;rmetine \u015fifa beklemekteyim. <\/span><\/strong><\/p>\n<p style=\"margin-bottom: 0cm; text-align: justify; text-indent: 22.7pt; line-height: 16pt;\"><strong><span style=\"font-size: 14pt; font-family: 'Arial', sans-serif;\">&bull; <\/span><\/strong><strong><span style=\"font-size: 12pt; font-family: 'Arial', sans-serif;\">Hayatta iken k\u0131ymetinizi bilemedik, y&uuml;zs&uuml;z gibi geldik, \u015fimdi de dua ediyoruz, Allah affetsin.<\/span><\/strong><\/p>\n<p style=\"margin-bottom: 0cm; text-align: justify; text-indent: 22.7pt; line-height: 16pt;\"><strong><span style=\"font-size: 14pt; font-family: 'Arial', sans-serif;\">&bull; <\/span><\/strong><strong><span style=\"font-size: 12pt; font-family: 'Arial', sans-serif;\"> Efendimizden sonra gelen en g&uuml;zel insan ve m&uuml;&rsquo;min bir kimseydi, aya\u011f\u0131n\u0131n alt\u0131n\u0131 &ouml;perim, hi&ccedil; kimse (tarikat \u015feyhleri dahil) Onun kadar &ccedil;al\u0131\u015fmad\u0131.<\/span><\/strong><\/p>\n<p style=\"margin-bottom: 0cm; text-align: justify; text-indent: 22.7pt; line-height: 16pt;\"><strong><span style=\"font-size: 14pt; font-family: 'Arial', sans-serif;\">&bull; <\/span><\/strong><strong><span style=\"font-size: 12pt; font-family: 'Arial', sans-serif;\">H&acirc;kim: Tam bir idealistti, bence &ouml;zveri ile emek&ccedil;i hedeflerinin pe\u015finden gidip pek &ccedil;o\u011funu da ger&ccedil;ekle\u015ftirdi. <\/span><\/strong><\/p>\n<p style=\"margin-bottom: 0cm; text-align: justify; text-indent: 22.7pt; line-height: 16pt;\"><strong><span style=\"font-size: 14pt; font-family: 'Arial', sans-serif;\">&bull; <\/span><\/strong><strong><span style=\"font-size: 12pt; font-family: 'Arial', sans-serif;\">&Ccedil;ocuklu\u011fundan beri seviyorum, Atat&uuml;rk&#8217;e ayya\u015f diyenler \u015fimdi kendileri g&uuml;ya ay\u0131kken y&ouml;netemiyorlar bu &uuml;lkeyi. <\/span><\/strong><\/p>\n<p style=\"margin-bottom: 0cm; text-align: justify; text-indent: 22.7pt; line-height: 16pt;\"><strong><span style=\"font-size: 14pt; font-family: 'Arial', sans-serif;\">&bull; <\/span><\/strong><strong><span style=\"font-size: 12pt; font-family: 'Arial', sans-serif;\">Siyonizm&rsquo;e kar\u015f\u0131 dik duru\u015funa hayran\u0131m. Zek&acirc;y\u0131 ve iman\u0131 birbirine harmanlayan insand\u0131. \u0130lk g&uuml;zel hareketlerin &ouml;nc&uuml;s&uuml;. <\/span><\/strong><\/p>\n<p style=\"margin-bottom: 0cm; text-align: justify; text-indent: 22.7pt; line-height: 16pt;\"><strong><span style=\"font-size: 14pt; font-family: 'Arial', sans-serif;\">&bull; <\/span><\/strong><strong><span style=\"font-size: 12pt; font-family: 'Arial', sans-serif;\">G&uuml;neydo\u011fu&rsquo;da insanlar\u0131n uyan\u0131\u015f\u0131na vesile oldu, M&uuml;sl&uuml;manlar siyasetle u\u011fra\u015fmas\u0131n\u0131 Ondan &ouml;\u011frendi.<\/span><\/strong><\/p>\n<p style=\"margin-bottom: 0cm; text-align: justify; text-indent: 22.7pt; line-height: 16pt;\"><strong><span style=\"font-size: 14pt; font-family: 'Arial', sans-serif;\">&bull; <\/span><\/strong><strong><span style=\"font-size: 12pt; font-family: 'Arial', sans-serif;\">\u015eimdiki iktidar ve SP y&ouml;netimi Hocam\u0131za ihanet i&ccedil;indeler.<\/span><\/strong><\/p>\n<p style=\"margin-bottom: 0cm; text-align: justify; text-indent: 22.7pt; line-height: 16pt;\"><strong><span style=\"font-size: 14pt; font-family: 'Arial', sans-serif;\">&bull; <\/span><\/strong><strong><span style=\"font-size: 12pt; font-family: 'Arial', sans-serif;\">E. Emniyet M&uuml;d&uuml;r&uuml;: Atat&uuml;rk&#8217;&uuml; de, Erbakan&#8217;\u0131 da anlayamad\u0131k. Hocam\u0131z\u0131n akl\u0131mda kalan s&ouml;z&uuml;: <em>&#8220;Hayat, iman ve cihatt\u0131r!&#8221; <\/em><\/span><\/strong><\/p>\n<p style=\"margin-bottom: 0cm; text-align: justify; text-indent: 22.7pt; line-height: 16pt;\"><strong><span style=\"font-size: 14pt; font-family: 'Arial', sans-serif;\">&bull; <\/span><\/strong><strong><span style=\"font-size: 12pt; font-family: 'Arial', sans-serif;\">Erbakan Hocam\u0131 ge&ccedil; ve yanl\u0131\u015f tan\u0131d\u0131m, de\u011ferini sonradan anlad\u0131m, beni &ccedil;evremdekiler Erbakan Hoca ile korkuttular, ba\u015f\u0131 a&ccedil;\u0131klara izin vermeyecek, bask\u0131 uygulayacak diye, halbuki &ccedil;ok anlay\u0131\u015fl\u0131 bir insanm\u0131\u015f. &Ccedil;ok &ouml;z&uuml;r dilerim, sizi yanl\u0131\u015f tan\u0131d\u0131\u011f\u0131m i&ccedil;in, ba\u015fkalar\u0131na inand\u0131\u011f\u0131m i&ccedil;in&hellip; (Bu s&ouml;zleri a\u011flayarak s&ouml;yledi.) <\/span><\/strong><\/p>\n<p style=\"margin-bottom: 0cm; text-align: justify; text-indent: 22.7pt; line-height: 16pt;\"><strong><span style=\"font-size: 14pt; font-family: 'Arial', sans-serif;\">&bull; <\/span><\/strong><strong><span style=\"font-size: 14pt; font-family: 'Arial', sans-serif;\">D&uuml;nyan\u0131n &ouml;zel liderleri aras\u0131ndad\u0131r, t&uuml;m d&uuml;nyan\u0131n kurtulu\u015fu i&ccedil;in m&uuml;cadele vermi\u015ftir, bu sebeple Hocam\u0131z\u0131n fikirleri tazeli\u011fini ve tesirini koruyacakt\u0131r. <br \/><\/span><\/strong><\/p>\n<p style=\"margin-bottom: 0cm; text-align: justify; text-indent: 22.7pt; line-height: 16pt;\"><strong><span style=\"font-size: 12pt; font-family: 'Arial', sans-serif;\">&nbsp;&nbsp;&nbsp;&nbsp;&nbsp;&nbsp; <\/span><\/strong><\/p>\n<p><img fetchpriority=\"high\" decoding=\"async\" src=\"images\/banners\/1-ANKET_FARKLI_GORUSLER.jpg\" alt=\"1 ANKET FARKLI GORUSLER\" width=\"665\" height=\"433\" \/><\/p>\n<p>&nbsp;<strong><span style=\"font-size: 12pt; font-family: 'Arial', sans-serif;\">&nbsp;&nbsp;&nbsp;&nbsp;&nbsp;&nbsp; <\/span><\/strong><\/p>\n<p><img decoding=\"async\" src=\"images\/banners\/1-ANKET_FARKLI_GORUSLER-2.jpg\" alt=\"1 ANKET FARKLI GORUSLER 2\" width=\"665\" height=\"436\" \/><\/p>\n<p><strong><span style=\"font-size: 12pt; font-family: 'Arial', sans-serif;\">&nbsp;&nbsp;&nbsp;&nbsp;&nbsp;&nbsp; <\/span><\/strong><\/p>\n<p><img decoding=\"async\" src=\"images\/banners\/1-ANKET_FARKLI_GORUSLER-3.jpg\" alt=\"1 ANKET FARKLI GORUSLER 3\" width=\"665\" height=\"478\" \/><\/p>\n<p><strong><span style=\"font-size: 12pt; font-family: 'Arial', sans-serif;\">&nbsp;&nbsp;&nbsp;&nbsp;&nbsp;&nbsp; <\/span><\/strong><\/p>\n<p><img loading=\"lazy\" decoding=\"async\" src=\"images\/banners\/1-ANKET_FARKLI_GORUSLER-4.jpg\" alt=\"1 ANKET FARKLI GORUSLER 4\" width=\"665\" height=\"408\" \/><\/p>\n<p><strong><span style=\"font-size: 12pt; font-family: 'Arial', sans-serif;\">&nbsp;&nbsp;&nbsp;&nbsp;&nbsp;&nbsp; <\/span><\/strong><\/p>\n<p>&nbsp;<\/p>\n<p>Bu makaleyi sesli olarak dinleyebilirsiniz:<\/p>\n<p>{mp3}anket{\/mp3}<\/p>\n<p>&nbsp;<\/p>\n","protected":false},"excerpt":{"rendered":"<p>&nbsp; Erbakan Hocam\u0131z\u0131n Makam\u0131nda Yap\u0131lan &Uuml;&ccedil; Ayl\u0131k (Nisan-May\u0131s-Haziran) ANKET DE\u011eERLEND\u0130RME SONU&Ccedil;LARI &nbsp;&nbsp;&nbsp;&nbsp;&nbsp;&nbsp; Hangi G&ouml;r&uuml;\u015ften Olanlar Erbakan Hocam\u0131za Nas\u0131l Bakmaktad\u0131r? Ortak Yorum ve Yakla\u015f\u0131mlar: 29.03.2022, 26.04.2022 ve 24.06.2022 tarihli dilek&ccedil;elerimizle, ve \u0130stanbul Zeytinburnu Kaymakaml\u0131\u011f\u0131ndan al\u0131nan izin belgesiyle, Merkezefendi Kabristan\u0131nda bulunan Prof. Dr. Necmettin Erbakan Hocam\u0131z\u0131n makam\u0131n\u0131 ziyarete gelen vefal\u0131 ve duyarl\u0131 kimselerle be\u015f ay s&uuml;reli bir [&hellip;]<\/p>\n","protected":false},"author":9,"featured_media":0,"comment_status":"open","ping_status":"closed","sticky":false,"template":"","format":"standard","meta":{"footnotes":""},"categories":[264],"tags":[],"class_list":["post-11248","post","type-post","status-publish","format-standard","hentry","category-agustos-2022"],"_links":{"self":[{"href":"https:\/\/www.millicozum.com\/mc\/wp-json\/wp\/v2\/posts\/11248","targetHints":{"allow":["GET"]}}],"collection":[{"href":"https:\/\/www.millicozum.com\/mc\/wp-json\/wp\/v2\/posts"}],"about":[{"href":"https:\/\/www.millicozum.com\/mc\/wp-json\/wp\/v2\/types\/post"}],"author":[{"embeddable":true,"href":"https:\/\/www.millicozum.com\/mc\/wp-json\/wp\/v2\/users\/9"}],"replies":[{"embeddable":true,"href":"https:\/\/www.millicozum.com\/mc\/wp-json\/wp\/v2\/comments?post=11248"}],"version-history":[{"count":0,"href":"https:\/\/www.millicozum.com\/mc\/wp-json\/wp\/v2\/posts\/11248\/revisions"}],"wp:attachment":[{"href":"https:\/\/www.millicozum.com\/mc\/wp-json\/wp\/v2\/media?parent=11248"}],"wp:term":[{"taxonomy":"category","embeddable":true,"href":"https:\/\/www.millicozum.com\/mc\/wp-json\/wp\/v2\/categories?post=11248"},{"taxonomy":"post_tag","embeddable":true,"href":"https:\/\/www.millicozum.com\/mc\/wp-json\/wp\/v2\/tags?post=11248"}],"curies":[{"name":"wp","href":"https:\/\/api.w.org\/{rel}","templated":true}]}}