{"id":11249,"date":"2022-07-27T22:00:00","date_gmt":"2022-07-27T19:00:00","guid":{"rendered":"https:\/\/www.millicozum.com\/mc\/2022\/agustos-2022\/vatandasin-gecim-darligi-erdoganlarin-mal-varligi-2\/"},"modified":"2023-10-18T02:35:39","modified_gmt":"2023-10-17T23:35:39","slug":"vatandasin-gecim-darligi-erdoganlarin-mal-varligi-2","status":"publish","type":"post","link":"https:\/\/www.millicozum.com\/mc\/2022\/agustos-2022\/vatandasin-gecim-darligi-erdoganlarin-mal-varligi-2\/","title":{"rendered":"VATANDA\u015eIN GE\u00c7\u0130M DARLI\u011eI, ERDO\u011eAN\u2019LARIN MAL VARLI\u011eI!?"},"content":{"rendered":"\n<p>&nbsp;<\/p>\n<p style=\"text-align: center; text-indent: 0cm;\"><strong><span style=\"font-size: 18pt;\">VATANDA\u015eIN GE&Ccedil;\u0130M DARLI\u011eI,<\/span><\/strong><\/p>\n<p style=\"text-align: center; text-indent: 0cm;\"><strong><span style=\"font-size: 18pt;\">ERDO\u011eAN&rsquo;LARIN MAL VARLI\u011eI!?<\/span><\/strong><\/p>\n<p style=\"text-align: justify; text-indent: 25.5pt;\"><strong><span style=\"font-size: 18pt;\">&nbsp;&nbsp;&nbsp;&nbsp;&nbsp;&nbsp;&nbsp;&nbsp; <\/span><\/strong><\/p>\n<p style=\"text-align: justify; text-indent: 25.5pt;\"><strong><span style=\"font-size: 14pt;\">&ldquo;Kavanozun i&ccedil;inde y&uuml;z&uuml;yorduk, &Ouml;zal bizi k&uuml;vete koydu; Erdo\u011fan ile Bah&ccedil;eli T&uuml;rkiye&rsquo;yi o k&uuml;&ccedil;&uuml;k kavanozuna d&ouml;nd&uuml;rmeye ba\u015flad\u0131!&rdquo;<\/span><\/strong><\/p>\n<p style=\"text-align: justify; text-indent: 25.5pt;\"><strong><span style=\"font-size: 12pt;\">Eski yanda\u015f, yeni Karar yazar\u0131&nbsp;\u0130smet Berkan,&nbsp;8. Cumhurba\u015fkan\u0131&nbsp;Turgut &Ouml;zal&#8217;dan &ouml;nceki y\u0131llar\u0131<em> &#8220;minik bir kavanoza&#8221;<\/em> benzetirken,<em> &#8220;B&ouml;yle benzetmeler sevimsiz ve sak\u0131ncal\u0131d\u0131r ama yine de yapaca\u011f\u0131m, biz minik bir kavanozun i&ccedil;inde y&uuml;z&uuml;yorduk, &Ouml;zal bizi ald\u0131 k&uuml;vete koydu. Alan\u0131m\u0131z, ufkumuz geni\u015fledi&#8221; <\/em>yorumunu yapm\u0131\u015ft\u0131. Erdo\u011fan ile Bah&ccedil;eli&#8217;nin 15 Temmuz sonras\u0131 T&uuml;rkiye&#8217;yi yeniden o &#8220;k&uuml;&ccedil;&uuml;k kavanoza&#8221; d&ouml;nd&uuml;rmeye ba\u015flad\u0131\u011f\u0131n\u0131 da vurgulam\u0131\u015ft\u0131. Bay Berkan, AB&#8217;ye &uuml;yelik m&uuml;zakerelerinin ba\u015flat\u0131lmas\u0131na i\u015faret ederek,<em> &#8220;AB&rsquo;ye tam &uuml;ye olsak, k&uuml;vetten de &ccedil;\u0131k\u0131p bah&ccedil;edeki s&uuml;s havuzuna ge&ccedil;ecektik. \u0130&ccedil;ine kapal\u0131, kendine demokrasi ad\u0131n\u0131 veren ama asl\u0131nda a\u011f\u0131r bir diktat&ouml;rl&uuml;\u011f&uuml;n b&uuml;t&uuml;n izlerini ta\u015f\u0131yan bir &uuml;lkeden d&uuml;nyal\u0131 olmay\u0131 ba\u015farm\u0131\u015f bir &uuml;lkeye terfi edecektik&#8221;&nbsp;<\/em>temennisinde ise yan\u0131lmaktayd\u0131.&nbsp;<\/span><\/strong><\/p>\n<p style=\"text-align: justify; text-indent: 25.5pt;\"><strong><em><span style=\"font-size: 12pt;\">&#8220;Tayyip Erdo\u011fan ve AKP, 2013&rsquo;ten ba\u015flayarak reformcu, de\u011fi\u015fimci ve &ouml;zg&uuml;rle\u015ftirici kimli\u011finden s\u0131yr\u0131lmaya ba\u015flad\u0131. B\u0131rak\u0131n bah&ccedil;edeki s&uuml;s havuzuna ge&ccedil;me hayallerini, k&uuml;vette kalmaya devam etmek bile bir endi\u015fe konusu halini ald\u0131. Nitekim endi\u015felenenler haks\u0131z &ccedil;\u0131kmad\u0131lar; AKP iktidarlar\u0131n\u0131n el verdi\u011fi bir karanl\u0131k &ouml;rg&uuml;t y&uuml;z&uuml;nden ya\u015fad\u0131\u011f\u0131m\u0131z 15 Temmuz darbe giri\u015fimi sonras\u0131, Tayyip Erdo\u011fan ile Devlet Bah&ccedil;eli el ele verip T&uuml;rkiye&rsquo;yi yeniden o k&uuml;&ccedil;&uuml;k kavanozuna d&ouml;nd&uuml;rmeye ba\u015flad\u0131lar. &#8216;Yerli ve milli&#8217; diyorduk herkesin gururunu ok\u015fay\u0131p g&ouml;z&uuml;n&uuml; boyamak i&ccedil;in, ama asl\u0131nda &uuml;lkemiz d&uuml;nyadan, d&uuml;nyadaki yar\u0131\u015f ve rekabetten kopar\u0131lmaya ve k&uuml;&ccedil;&uuml;lt&uuml;l&uuml;p par&ccedil;alanmaya do\u011fru kayd\u0131r\u0131lmaktayd\u0131&hellip; D&uuml;\u015f&uuml;n&uuml;n, d&uuml;ne kadar AB&rsquo;nin tam &uuml;ye aday\u0131yd\u0131k. K\u0131br\u0131s tak\u0131nt\u0131m\u0131z\u0131 a\u015fabilsek, Avrupa&rsquo;n\u0131n b&uuml;t&uuml;n engelleyici tutumuna ra\u011fmen m&uuml;zakerelerimizi ilerletebilir, hatta nihayete bile erdirebilir, AB&rsquo;yi kendi ikiy&uuml;zl&uuml;l&uuml;\u011f&uuml;yle ba\u015f ba\u015fa b\u0131rakabilirdik. Ama bug&uuml;n AB&rsquo;nin yapt\u0131r\u0131m uygulad\u0131\u011f\u0131 bir &uuml;lkeyiz. Tam &uuml;ye aday\u0131 de\u011fil rakip, hatta d&uuml;\u015fman &uuml;lke muamelesi g&ouml;r&uuml;yoruz. Demokratik standartlar\u0131m\u0131z ve AB&rsquo;ye tam &uuml;ye adayl\u0131\u011f\u0131m\u0131z sayesinde b&uuml;t&uuml;n \u0130slam &acirc;leminin y&uuml;kselen y\u0131ld\u0131z\u0131yd\u0131k; Tayyip Erdo\u011fan da Arap soka\u011f\u0131n\u0131n lideriydi. Bug&uuml;n Arap &acirc;leminde ancak ve en fazla silahl\u0131 g&uuml;c&uuml;m&uuml;zle an\u0131l\u0131yoruz. Sevilmiyor, korkuluyoruz.&#8221; <\/span><\/em><\/strong><strong><span style=\"font-size: 12pt;\">diyen Karar yazar\u0131, do\u011frularla yanl\u0131\u015flar\u0131 harmanlay\u0131p okurlar\u0131n\u0131n kafalar\u0131n\u0131 kar\u0131\u015ft\u0131rmakta ve kurtulu\u015fu, &Uuml;lkemize ve Milletimize d&uuml;\u015fmanl\u0131ktan asla vazge&ccedil;meyen Ha&ccedil;l\u0131 AB kap\u0131s\u0131nda aramaktayd\u0131.<\/span><\/strong><\/p>\n<p style=\"text-align: justify; text-indent: 25.5pt;\"><strong><span style=\"font-size: 14pt;\">Halk\u0131n ge&ccedil;im darl\u0131\u011f\u0131 ve iktidar\u0131n duyars\u0131zl\u0131\u011f\u0131!<\/span><\/strong><\/p>\n<p style=\"text-align: justify; text-indent: 25.5pt;\"><strong><span style=\"font-size: 12pt;\">Et ve s&uuml;t &uuml;r&uuml;nleri fahi\u015f derecede pahal\u0131la\u015fm\u0131\u015f, hatta hayvanc\u0131l\u0131k t&uuml;kenme noktas\u0131na dayan\u0131p kriz ba\u015flam\u0131\u015ft\u0131r. Resmi i\u015fsizlik oran\u0131 %12&rsquo;ye &ccedil;\u0131km\u0131\u015f, &acirc;t\u0131l i\u015fg&uuml;c&uuml; oran\u0131 %25&rsquo;e ula\u015fm\u0131\u015f, toplum sadaka (sosyal yard\u0131m) paras\u0131yla bir nevi hayat\u0131n\u0131 s&uuml;rd&uuml;rmeye, daha do\u011frusu s&uuml;r&uuml;nmeye &ccedil;al\u0131\u015fmaktad\u0131r.<\/span><\/strong><\/p>\n<p style=\"text-align: justify; text-indent: 25.5pt;\"><strong><span style=\"font-size: 12pt;\">&ldquo;Cumhuriyet tarihinin en b&uuml;y&uuml;k ekonomik buhran\u0131 (krizi de\u011fil) ya\u015fan\u0131rken ve tart\u0131\u015fmal\u0131 rakamlar\u0131 bir kenara koyup da ger&ccedil;e\u011fe yak\u0131nsayan ve soka\u011f\u0131n nabz\u0131n\u0131 yans\u0131tan rakamlar\u0131 d&uuml;\u015f&uuml;nd&uuml;\u011f&uuml;m&uuml;zde belki de Cumhuriyet tarihinin en b&uuml;y&uuml;k enflasyonu toplumu ezerken, h&acirc;l&acirc; <em>&ldquo;d&uuml;nyan\u0131n en b&uuml;y&uuml;k 10 ekonomisi aras\u0131na girece\u011fiz&rdquo;<\/em> gibi komik ka&ccedil;an ifadeler, toplumla alay etmekten farks\u0131zd\u0131r. T&uuml;rkiye&rsquo;de i\u015f g&uuml;c&uuml; piyasas\u0131n\u0131n yar\u0131s\u0131 asgari &uuml;cretli, 13 milyon emekli vard\u0131&hellip; 12 milyon ki\u015fi sosyal yard\u0131mlarla ge&ccedil;iniyor, 4 milyon haneye y\u0131lda iki kez do\u011falgaz fatura deste\u011fi veriliyordu. T&Uuml;\u0130K&rsquo;in 2021 y\u0131l\u0131na ili\u015fkin &lsquo;Gelir ve Ya\u015fam Ko\u015fullar\u0131 Ara\u015ft\u0131rmas\u0131&rsquo;na g&ouml;re, &ldquo;s&uuml;rekli yoksulluk oran\u0131&rdquo; y&uuml;zde 13,8, &ldquo;ciddi maddi yoksunluk oran\u0131&rdquo; ise y&uuml;zde 27,2&rsquo;yi bulmu\u015f durumdayd\u0131. T&Uuml;\u0130K&rsquo;in ifadelerine g&ouml;re, &ldquo;Finansal s\u0131k\u0131nt\u0131da olma durumunu ifade eden maddi yoksunluk; &ccedil;ama\u015f\u0131r makinesi, renkli televizyon, telefon ve otomobil sahipli\u011fi ile ekonomik olarak beklenmedik harcamalar\u0131 yapabilme, evden uzakta bir haftal\u0131k tatil masraf\u0131n\u0131 kar\u015f\u0131layabilme, kira, konut kredisi ve faizli bor&ccedil;lar\u0131 &ouml;deyebilme, iki g&uuml;nde bir et, tavuk, bal\u0131k i&ccedil;eren yemek yiyebilme ve evin \u0131s\u0131nma ihtiyac\u0131n\u0131 kar\u015f\u0131layabilme durumu ile ilgili hane halklar\u0131n\u0131n alg\u0131lar\u0131n\u0131 yans\u0131tmaktayd\u0131.&rdquo; Toplumun d&ouml;rtte birinden fazlas\u0131 bu durumdayd\u0131!..<\/span><\/strong><\/p>\n<p style=\"text-align: justify; text-indent: 25.5pt;\"><strong><span style=\"font-size: 12pt;\">Yine ayn\u0131 ara\u015ft\u0131rmaya g&ouml;re, konut al\u0131m\u0131 ve konut masraflar\u0131 d\u0131\u015f\u0131nda bor&ccedil; veya taksit &ouml;demesi olanlar\u0131n oran\u0131 1 y\u0131lda 5,4 puan art\u0131\u015fla y&uuml;zde 63,7&rsquo;ye ula\u015fm\u0131\u015ft\u0131. Hanelerin y&uuml;zde 60,8&rsquo;i evden uzakta bir haftal\u0131k tatil masraflar\u0131n\u0131, y&uuml;zde 33,4&rsquo;&uuml; beklenmedik harcamalar\u0131, y&uuml;zde 20,5&rsquo;i evin \u0131s\u0131nma ihtiyac\u0131n\u0131, y&uuml;zde 62,9&rsquo;u eskimi\u015f mobilyalar\u0131n yenilenmesini ekonomik olarak kar\u015f\u0131layamad\u0131\u011f\u0131n\u0131 vurgulam\u0131\u015ft\u0131. Halk\u0131m\u0131z, insanca bir ya\u015fam\u0131n gerektirdi\u011fi ne varsa hemen hepsinden feragat ve fedak&acirc;rl\u0131k etme noktas\u0131ndayd\u0131 ve h&acirc;l&acirc; &ldquo;d&uuml;nyan\u0131n en b&uuml;y&uuml;k 10 ekonomisi aras\u0131na girece\u011fiz&rdquo; masallar\u0131 ile toplum avutulmaktayd\u0131. Yetmezmi\u015f gibi halk ekmek kuyruklar\u0131, belediyelerin indirim kuponlar\u0131 ve 100 liraya bile muhta&ccedil; insanlar\u0131n varl\u0131\u011f\u0131 dikkatlerden ka&ccedil;\u0131r\u0131lmaktayd\u0131&#8230; \u0130nsanlar art\u0131k pazardan, marketten haftal\u0131k vs. de\u011fil g&uuml;nl&uuml;k ihtiya&ccedil;lar\u0131n\u0131, onu da oradan buradan k\u0131sa k\u0131sa yapmak zorundayd\u0131. Birka&ccedil; sene &ouml;nce u\u011fruna tanzim &ccedil;ad\u0131rlar\u0131 kurulan so\u011fan 5 lira, patates 10 lira olmu\u015fken, bakliyattan tutun da s&uuml;t ve s&uuml;t &uuml;r&uuml;nlerine kadar her \u015fey l&uuml;ks g&ouml;r&uuml;lmeye ba\u015flam\u0131\u015fken, insanlar en basit yemekleri bile nas\u0131l yapacaklar\u0131n\u0131 kara kara d&uuml;\u015f&uuml;n&uuml;yorlard\u0131. Bu fakirle\u015fmenin b\u0131rak\u0131n sorumlulu\u011funu almay\u0131, ad\u0131n\u0131 bile koymayan, su&ccedil;u s&uuml;rekli k&uuml;resel ko\u015fullara atan bir anlay\u0131\u015ftan bu sorunu &ccedil;&ouml;zmesini beklemek de beyhude bir aray\u0131\u015ft\u0131.<\/span><\/strong><\/p>\n<p style=\"text-align: justify; text-indent: 25.5pt;\"><strong><span style=\"font-size: 12pt;\">Temel ihtiya&ccedil;lar\u0131n\u0131 bile ancak yard\u0131mlarla kar\u015f\u0131lamaya &ccedil;al\u0131\u015fan insanlar\u0131n varl\u0131\u011f\u0131 neden umursanmazd\u0131? Yanl\u0131\u015f ekonomi politikalar\u0131n\u0131n neticesi olarak kartopu gibi b&uuml;y&uuml;yen bir fakirle\u015fme T&uuml;rkiye&rsquo;nin ger&ccedil;ek g&uuml;ndemiyken, h&acirc;l&acirc; &ldquo;en b&uuml;y&uuml;k 10 ekonomi aras\u0131na girece\u011fiz&rdquo; veya &ldquo;ihracatta rekor k\u0131r\u0131yoruz&rdquo; denilerek kamuoyu oyalanmaktayd\u0131. &Ccedil;al\u0131\u015fma ve Sosyal G&uuml;venlik Bakan\u0131, bayramdan &ouml;nce, bayramlarda verilen ikramiyenin enflasyona g&ouml;re artmas\u0131n\u0131 bekleyen milyonlara &ldquo;g&uuml;ndemimizde b&ouml;yle bir \u015fey yok&rdquo; demi\u015f ve bunun bile b&uuml;t&ccedil;eye 25 milyar TL &ldquo;y&uuml;k&rdquo; getirdi\u011finden yak\u0131nm\u0131\u015ft\u0131. Bu &uuml;lkenin insan\u0131na yap\u0131lan &ouml;deme &ldquo;y&uuml;k&rdquo; ama Kur Korumal\u0131 Mevduat denen faizciye faiz garantisiyle 3 ayda 25 milyar TL &ouml;demek &ldquo;y&uuml;k&rdquo; say\u0131lmazd\u0131! Emekli oldu\u011fu halde hayat \u015fartlar\u0131 ve ald\u0131\u011f\u0131 ayl\u0131\u011f\u0131n azl\u0131\u011f\u0131 nedeniyle h&acirc;l&acirc; &ccedil;al\u0131\u015fmak durumunda kalan emeklilerin varl\u0131\u011f\u0131 bile ekonominin y&ouml;netilemedi\u011finin kan\u0131t\u0131yd\u0131!.. Orta dire\u011fi bitirip yard\u0131ma muhta&ccedil; yoksullar &uuml;reten ve bununla da &ouml;v&uuml;nen bir anlay\u0131\u015ftan halk\u0131n ge&ccedil;im meselesini anlamas\u0131n\u0131 beklemek bo\u015funayd\u0131. Ve as\u0131l y&uuml;k, bu &uuml;lke insan\u0131n\u0131n misal k\u0131\u015f\u0131n domates alabilmesini veya kendi paralar\u0131yla ald\u0131klar\u0131 arabalar\u0131na binebilmesini bile ba\u015f\u0131na kakan, her f\u0131rsatta insanlara bir \u015feyleri kendilerinin bah\u015fetti\u011fi kibrini kusan, sebep olduklar\u0131 ekonomik buhrandan dolay\u0131 en ufak bir sorumluluk dahi duymayanlar\u0131nd\u0131r.&rdquo;[1] <\/span><\/strong><span style=\"font-size: 12pt;\"><strong>tespitleri, tamamen ger&ccedil;ekleri yans\u0131tmaktayd\u0131.<\/strong><\/span><\/p>\n<p style=\"text-align: justify; text-indent: 25.5pt;\"><strong><span style=\"font-size: 14pt;\">Asr\u0131n vurgunu T&uuml;rk Telekom&rsquo;da Ya\u015fanm\u0131\u015ft\u0131!<\/span><\/strong><\/p>\n<p style=\"text-align: justify; text-indent: 25.5pt;\"><strong><span style=\"font-size: 12pt;\">&Ouml;zelle\u015ftirme s&ouml;zle\u015fmesine g&ouml;re, bedelsiz ve bor&ccedil;suz olarak 2026&rsquo;da tekrar kamuya devredilmesi gereken T&uuml;rk Telekom vurgununun ilk ad\u0131m\u0131, <\/span><\/strong><strong><span style=\"font-size: 14pt;\">Aria ve Aycell<\/span><\/strong><strong><span style=\"font-size: 12pt;\">&rsquo;in<\/span><\/strong><span style=\"font-size: 14pt;\"> <\/span><strong><span style=\"font-size: 12pt;\">birle\u015ftirilmesiyle ba\u015flam\u0131\u015ft\u0131. Ba\u011f\u0131ms\u0131z denet&ccedil;ilerce 2003 y\u0131l\u0131nda Aria&rsquo;n\u0131n 3,6 milyar dolar bor&ccedil;la iflas\u0131n e\u015fi\u011finde oldu\u011fu a&ccedil;\u0131klan\u0131rken, Telekom&rsquo;a ait <\/span><\/strong><strong><span style=\"font-size: 14pt;\">Aycell<\/span><\/strong><strong><span style=\"font-size: 12pt;\">&rsquo;in mali yap\u0131s\u0131 sa\u011flamd\u0131 ve cep telefonu sekt&ouml;r&uuml;n&uuml;n y\u0131ld\u0131z\u0131 olarak an\u0131lmaktayd\u0131. 2003 y\u0131l\u0131nda <\/span><\/strong><strong><span style=\"font-size: 14pt;\">Bilal Erdo\u011fan<\/span><\/strong><strong><span style=\"font-size: 12pt;\">&rsquo;\u0131n d&uuml;\u011f&uuml;n&uuml;nde nik&acirc;h \u015fahitli\u011fi yapan ve damada alt\u0131n saat takan d&ouml;nemin \u0130talya Ba\u015fbakan&rsquo;\u0131 <\/span><\/strong><strong><em><span style=\"font-size: 14pt;\">Berlusconi ile Ba\u015fbakan Tayyip Erdo\u011fan<\/span><\/em><\/strong><span style=\"font-size: 14pt;\"> <\/span><strong><span style=\"font-size: 12pt;\">aras\u0131nda yap\u0131lan g&ouml;r&uuml;\u015fmeler sonucunda Aria ile Aycell&rsquo;in birle\u015ftirilmesi karar\u0131 al\u0131nm\u0131\u015ft\u0131. Bu anla\u015fmaya g&ouml;re <em>Aycell, Aria&rsquo;n\u0131n 1,3 milyar dolarl\u0131k borcunu &uuml;stlenecek ve 600 milyon dolar kredi aktaracakt\u0131.<\/em> Yani Aycell, 1,9 milyar dolar zarara sokulacakt\u0131. D&ouml;nemin Hazine b&uuml;rokratlar\u0131 yolsuzluk gerek&ccedil;esiyle bu birle\u015fmeyi onaylamad\u0131. Bunun &uuml;zerine d&ouml;nemin Ula\u015ft\u0131rma Bakan\u0131 <\/span><\/strong><strong><span style=\"font-size: 14pt;\">Binali Y\u0131ld\u0131r\u0131m <\/span><\/strong><strong><span style=\"font-size: 12pt;\">devreye girdi ve birle\u015fmeyi onaylad\u0131. Erdo\u011fan-Y\u0131ld\u0131r\u0131m ikilisi, Telekom&rsquo;u 1,9 milyar dolar zarara sokmu\u015flard\u0131. Ard\u0131ndan yabanc\u0131lara y&ouml;nelik sermaye s\u0131n\u0131rland\u0131r\u0131lmas\u0131 ve alt\u0131n hisse kald\u0131r\u0131ld\u0131. Sorunlu alacaklar\u0131 temizlendi, kasaya a\u011fz\u0131na kadar nakit y\u0131\u011f\u0131lm\u0131\u015ft\u0131. &Ouml;zelle\u015ftirmelerde ihale &ouml;ncesi, varl\u0131\u011f\u0131n de\u011ferlemesi yap\u0131lmakta ve bu de\u011ferleme raporunun kamuya a&ccedil;\u0131klanmas\u0131 zorunlu tutulmaktayd\u0131. Ancak, Telekom&rsquo;un de\u011ferleme raporu a&ccedil;\u0131klanmad\u0131. A&ccedil;\u0131klansayd\u0131 de\u011feri 30-50 milyar dolar &ccedil;\u0131kacak, yok fiyat\u0131na pe\u015fke\u015f &ccedil;ekilmesine engel olunacakt\u0131. \u0130halede \u015fart ve ko\u015fullar\u0131n \u015feffaf olmas\u0131 ve kat\u0131l\u0131mc\u0131lar\u0131n tam bilgilendirilmesi gerekirken, Erdo\u011fan iktidar\u0131 istedi\u011fi \u015firkete ihaleyi verebilmek i&ccedil;in bu bilgilendirmeyi yapmam\u0131\u015ft\u0131. <\/span><\/strong><\/p>\n<p style=\"text-align: justify; text-indent: 25.5pt;\"><strong><span style=\"font-size: 12pt;\">Telekom&rsquo;la birlikte hangi varl\u0131k ve imtiyazlar aktar\u0131lacak, bor&ccedil; ve alacaklar\u0131, fiyat politikas\u0131 ne olacak, alan \u015firket kredi kullanacak m\u0131, rekabete a&ccedil;\u0131lacak m\u0131, varl\u0131klar\u0131 satma yetkisi bulunacak m\u0131, gibi konular nedense a&ccedil;\u0131klanmam\u0131\u015ft\u0131. Hatta Avea&rsquo;n\u0131n ihaleye dahil olup olmad\u0131\u011f\u0131 da mu\u011flakt\u0131. Bu belirsizlik nedeniyle \u0130spanyol Telefonica \u015eirketi ihaleden &ccedil;\u0131km\u0131\u015ft\u0131. 6-7 milyar dolarl\u0131k Avea&rsquo;n\u0131n durumu netle\u015ftirilse Hazine ihaleden birka&ccedil; milyar dolar fazla gelir kazanacakt\u0131. <\/span><\/strong><strong><span style=\"font-size: 14pt;\">Erdo\u011fan-Y\u0131ld\u0131r\u0131m<\/span><\/strong><span style=\"font-size: 20pt;\"> <\/span><strong><span style=\"font-size: 14pt;\">ikilisi <\/span><\/strong><strong><span style=\"font-size: 12pt;\">ihale &ouml;ncesi t&uuml;m bu &ouml;nemli hususlar\u0131 karanl\u0131kta tutmu\u015flard\u0131. Yeterlilik alan 13 \u015firketten 9&rsquo;u belirsizlikleri sebep g&ouml;stererek ihaleden &ccedil;ekilme karar\u0131 alm\u0131\u015flard\u0131. \u0130haleye sadece 4 \u015firket kat\u0131lm\u0131\u015f ve Telekom gibi devasa bir \u015firkete de\u011ferinin &ccedil;ok alt\u0131nda teklifler sunmu\u015flard\u0131. Nihai pazarl\u0131k g&ouml;r&uuml;\u015fmesi 1 Temmuz 2005&rsquo;te yap\u0131lan Telekom&rsquo;un y&uuml;zde 55 hissesi, Hariri ailesine ait OGER \u015eirketi&rsquo;ne 6 milyar 550 milyon dolara sat\u0131lm\u0131\u015ft\u0131. Oysa tekel niteli\u011fi ta\u015f\u0131yan bir kamu hizmeti veren Telekom, Anayasa ve yasalara g&ouml;re sat\u0131lamazd\u0131, sadece belirli s&uuml;reli\u011fine kiralanma imk&acirc;n\u0131 vard\u0131. Bu nedenle Dan\u0131\u015ftay&rsquo;dan bu sat\u0131\u015fa iptal karar\u0131 &ccedil;\u0131kt\u0131. Bunun &uuml;zerine ihale, kiralamaya &ccedil;evrilmek zorunda kal\u0131nd\u0131. Ama sonras\u0131nda sanki sat\u0131lm\u0131\u015f gibi davran\u0131ld\u0131 ve kiralayana pek &ccedil;ok imtiyaz sa\u011fland\u0131.<\/span><\/strong><\/p>\n<p style=\"text-align: justify; text-indent: 25.5pt;\"><strong><span style=\"font-size: 12pt;\">\u0130halede yap\u0131lan bir di\u011fer yolsuzluk da ihaleye hi&ccedil; kat\u0131lmam\u0131\u015f olan <\/span><\/strong><strong><span style=\"font-size: 14pt;\">Telekom Italia<\/span><\/strong><strong><span style=\"font-size: 12pt;\">&rsquo;n\u0131n da ihaleyi kazanm\u0131\u015f say\u0131lmas\u0131 ve ihaleden y&uuml;zde 15 pay aktar\u0131lmas\u0131yd\u0131. Erdo\u011fan&rsquo;\u0131n Berlusconi&rsquo;ye bu k\u0131ya\u011f\u0131 neden yapt\u0131\u011f\u0131 hi&ccedil;bir zaman anla\u015f\u0131lamam\u0131\u015ft\u0131. Telekom ihalesinden 10 g&uuml;n &ouml;nce, 5 milyon aboneli, 500 milyon dolar k&acirc;r eden Pakistan Telekom&rsquo;un y&uuml;zde 26&rsquo;s\u0131n\u0131n 2,6 milyar dolara sat\u0131ld\u0131\u011f\u0131, yani tamam\u0131na 10 milyar dolar de\u011fer bi&ccedil;ildi\u011fi dikkate al\u0131nd\u0131\u011f\u0131nda 20 milyon aboneli T&uuml;rk Telekom&rsquo;un nas\u0131l pe\u015fke\u015f &ccedil;ekildi\u011fi daha iyi anla\u015f\u0131lmaktayd\u0131. Pakistan Telekom&rsquo;un 4 kat\u0131 olan T&uuml;rk Telekom&rsquo;un toplam de\u011ferinin en az 40 milyar dolar olmas\u0131 laz\u0131md\u0131. Bu arada, 26 Temmuz 2006 tarihli Sabah gazetesinde &ldquo;T&uuml;rk Telekom \u0130halesinde R&uuml;\u015fvet \u0130ddias\u0131&rdquo; ba\u015fl\u0131kl\u0131 bir haber yay\u0131mland\u0131. Haberde Telekom ihalesinde 2,5 milyar dolar r&uuml;\u015fvet d&ouml;nd&uuml;\u011f&uuml; iddialar\u0131 yer alm\u0131\u015ft\u0131. Habere g&ouml;re, Genelkurmay Ba\u015fkanl\u0131\u011f\u0131&rsquo;na bir ihbar ula\u015fm\u0131\u015ft\u0131. \u0130hbarda, ihaleyi alan \u015firket taraf\u0131ndan Dubai&rsquo;de a&ccedil;\u0131lan bir hesaba &uuml;st d&uuml;zey siyasiler ad\u0131na 2,5 milyar dolar r&uuml;\u015fvet yat\u0131r\u0131ld\u0131\u011f\u0131 vurgulanm\u0131\u015f ve bu hesab\u0131n bulundu\u011fu banka ve hesap numaras\u0131 aktar\u0131lm\u0131\u015ft\u0131. Bu iddia soru\u015fturulmak &uuml;zere Ankara Cumhuriyet Ba\u015fsavc\u0131l\u0131\u011f\u0131&rsquo;na ula\u015ft\u0131r\u0131lm\u0131\u015ft\u0131. Maalesef Ba\u015fbakan ve Bakanlar d&uuml;zeyinde b&ouml;ylesine bir r&uuml;\u015fvet ihbar\u0131n\u0131n ara\u015ft\u0131r\u0131lmas\u0131na ise f\u0131rsat tan\u0131nmam\u0131\u015ft\u0131. Anlad\u0131\u011f\u0131m kadar\u0131yla savc\u0131lar\u0131n yurt d\u0131\u015f\u0131ndan bilgi almalar\u0131 engellendi ve bu nedenle savc\u0131lar bu iddialar\u0131 kan\u0131tlayamam\u0131\u015ft\u0131.<\/span><\/strong><\/p>\n<p style=\"text-align: justify; text-indent: 25.5pt;\"><strong><span style=\"font-size: 14pt;\">\u0130mtiyazlar kimlere ve neden sa\u011flanm\u0131\u015ft\u0131?<\/span><\/strong><\/p>\n<p style=\"text-align: justify; text-indent: 25.5pt;\"><span style=\"font-size: 12pt;\">&Ouml;zelle\u015ftirilme s\u0131ras\u0131nda belirsiz b\u0131rak\u0131lan t&uuml;m ba\u015fl\u0131klar, &ouml;zelle\u015ftirme sonras\u0131nda OGER \u015eirketi lehine uygulanarak bir soygun s&uuml;reci ba\u015flad\u0131. &Ouml;ncelikle Kurumlar Vergisinin y&uuml;zde 30&rsquo;dan y&uuml;zde 20&rsquo;ye indirilmesi mide buland\u0131r\u0131c\u0131yd\u0131. B&ouml;ylece ihaleyi alanlara 21 y\u0131l boyunca her y\u0131l yakla\u015f\u0131k 150-250 milyon dolar ek gelir sa\u011flanm\u0131\u015ft\u0131. \u015eirketin yakla\u015f\u0131k 200 milyon dolar vergi cezas\u0131 ba\u011f\u0131\u015flanm\u0131\u015ft\u0131. Oysa mevcut bor&ccedil; ve alacaklar\u0131yla &ouml;zelle\u015ftirilme yap\u0131lm\u0131\u015ft\u0131. Telekom 21 y\u0131ll\u0131\u011f\u0131na kiralanm\u0131\u015ft\u0131 ama <\/span><strong><span style=\"font-size: 14pt;\">OGER<\/span><\/strong><span style=\"font-size: 12pt;\">, hemen gayrimenkulleri sat\u0131\u015fa &ccedil;\u0131karm\u0131\u015ft\u0131. Oysa kiralanm\u0131\u015f bir kamu kurumuna ait bina ve arsalar\u0131n sat\u0131lmas\u0131 imk&acirc;ns\u0131zd\u0131. &Uuml;stelik gayrimenkullerin ihaleyle sat\u0131lmas\u0131 gerekirken, gazete ilanlar\u0131yla hara&ccedil; mezat sat\u0131\u015f\u0131 yap\u0131lm\u0131\u015ft\u0131. Bu sat\u0131\u015flar yap\u0131l\u0131rken y&uuml;zde 45 Hazine hissesini temsil eden Y&ouml;netim Kurulu&rsquo;ndaki kamu g&ouml;revlileri, t&uuml;m uyar\u0131lara ra\u011fmen milyarlarca dolarl\u0131k bu sat\u0131\u015flara g&ouml;z yummu\u015flard\u0131. Ard\u0131ndan ekonomik k\u0131ymeti olan t&uuml;m ara&ccedil; ve ekipmanlar sat\u0131lm\u0131\u015ft\u0131. Cumhuriyet&rsquo;in yokluk y\u0131llar\u0131nda k&ouml;ylere kadar &ccedil;ekilen bak\u0131r kablolar sat\u0131lm\u0131\u015ft\u0131. Sadece Trabzon&rsquo;dan sat\u0131lan kablodan 50 milyon dolar gelir elde edildi\u011fi saptanm\u0131\u015ft\u0131. Telekom kiral\u0131k oldu\u011fu i&ccedil;in sat\u0131\u015f gelirlerinin tamam\u0131n\u0131n Hazine&rsquo;ye aktar\u0131lmas\u0131 gerekirken, t&uuml;m gelirler OGER \u015firketine yani Siyonist Yahudi ortakl\u0131 Hariri ailesine aktar\u0131lm\u0131\u015ft\u0131.<\/span><\/p>\n<p style=\"text-align: justify; text-indent: 25.5pt;\"><span style=\"font-size: 12pt;\">Telekom&rsquo;daki on binlerce &ccedil;al\u0131\u015fan\u0131n m&uuml;ktesep haklar\u0131 yok say\u0131lm\u0131\u015f, t&uuml;m kurumsal birikim ortadan kald\u0131r\u0131lm\u0131\u015ft\u0131. Onlarca &ccedil;al\u0131\u015fan\u0131n\u0131n psikolojisi bozulmu\u015f, aileler da\u011f\u0131lm\u0131\u015f, hatta intihar edenler bile &ccedil;\u0131km\u0131\u015ft\u0131. Asl\u0131nda Haririler Telekom&rsquo;un sahibi de\u011fil kirac\u0131s\u0131 konumundayd\u0131. Dolay\u0131s\u0131yla hisse rehin vererek kredi kullanmalar\u0131 imk&acirc;ns\u0131zd\u0131. Hisselerin rehin verilebilmesi i&ccedil;in hisselerin sahibi olmalar\u0131 laz\u0131md\u0131. &Ccedil;&uuml;nk&uuml; bu rehin kredi &ouml;denmedi\u011fi takdirde Telekom&rsquo;un bankalar\u0131n eline ge&ccedil;mesi riski vard\u0131. Ancak AKP y&ouml;netimi Haririlerin yakla\u015f\u0131k 4,5 milyar dolar kredi kullanmas\u0131na izin &ccedil;\u0131kard\u0131. Bu iznin verilmesi, imzas\u0131 bulunan t&uuml;m kamu g&ouml;revlileri i&ccedil;in su&ccedil; say\u0131l\u0131rd\u0131 ve bu su&ccedil;tan mutlaka yarg\u0131lanacaklard\u0131. Telekom &ouml;zelle\u015ftirildi\u011finde 20 milyon telefon abonesi vard\u0131. Bir anda t&uuml;m abonelere 20 TL sabit &ouml;deme \u015fart\u0131 ba\u011fland\u0131. B&ouml;ylece Hariri&rsquo;ye ayl\u0131k 400 milyon TL, y\u0131ll\u0131k 4,8 milyar TL avantaj sa\u011fland\u0131. \u0130halede hizmetlerin en &uuml;st kalitede y&uuml;r&uuml;tecek yat\u0131r\u0131mlar yapmas\u0131 \u015fart\u0131 vard\u0131, ancak Haririler hi&ccedil;bir yat\u0131r\u0131m yapmad\u0131 ve T&uuml;rkiye&rsquo;nin ileti\u015fim altyap\u0131s\u0131 her ge&ccedil;en g&uuml;n gerilemeye ba\u015flad\u0131. Sekt&ouml;r&uuml;n her y\u0131l y&uuml;zde 7 oran\u0131nda serbestle\u015ftirilmesi gerekirken, gelirleri d&uuml;\u015fece\u011fi i&ccedil;in buna izin verilmedi ve tekel olarak kald\u0131. T&uuml;rkiye&rsquo;yi h\u0131zl\u0131 internete kavu\u015fturmakla sorumlu Telekom yerine, altyap\u0131 yat\u0131r\u0131mlar\u0131n\u0131 devletin yapmas\u0131 kararla\u015ft\u0131r\u0131ld\u0131. Bunun i&ccedil;in e\u011fitimde &ldquo;Fatih Projesi&rdquo; plan\u0131 devreye sokuldu. Projeye g&ouml;re MEB, t&uuml;m okullar\u0131 h\u0131zl\u0131 internete ba\u011flayacakt\u0131. Devletin yapt\u0131\u011f\u0131 yat\u0131r\u0131mla internete ba\u011flanma OGER&rsquo;in i\u015fine yarad\u0131 ve tek kuru\u015f harcamadan milyonlarca yeni m&uuml;\u015fteri kazand\u0131. <\/span><\/p>\n<p style=\"text-align: justify; text-indent: 25.5pt;\"><span style=\"font-size: 12pt;\">AKP bir taraftan sundu\u011fu imtiyazlarla para ya\u011fd\u0131r\u0131rken, di\u011fer taraftan Telekom b&uuml;t&ccedil;esinden yanda\u015f ta\u015feronlar\u0131 ve medyas\u0131n\u0131 doyurmaktayd\u0131. \u0130\u015fte bu a&ccedil;g&ouml;zl&uuml;l&uuml;k hem ileti\u015fim altyap\u0131s\u0131n\u0131 hem Telekom&rsquo;un mali yap\u0131s\u0131n\u0131 bozmaktayd\u0131. Bu arada hisseleri rehinliyken, bo\u011faz\u0131na kadar borca batm\u0131\u015f Telekom&rsquo;un k&acirc;r da\u011f\u0131t\u0131m\u0131 yaparak Hariri&rsquo;ye para aktarmas\u0131na f\u0131rsat tan\u0131nd\u0131. Telekom&rsquo;un, &ouml;zelle\u015ftirmenin yap\u0131ld\u0131\u011f\u0131 2005 y\u0131l\u0131ndan 2021 y\u0131l\u0131na kadar toplam 14,5 milyar dolar k&acirc;r etti\u011fi saptand\u0131. Ama Hariri, AKP eliyle Telekom&rsquo;u soyup so\u011fana &ccedil;evirdi ve giderken 4,5 milyar dolarl\u0131k bor&ccedil; b\u0131rakt\u0131. Kredilerini &ouml;deyemez hale gelmesi &uuml;zerine bankalar Telekom&rsquo;a el koymu\u015flard\u0131. T&uuml;rkiye&rsquo;nin en stratejik \u015firketi Telekom, 2026 y\u0131l\u0131nda bor&ccedil;suz ve bedelsiz olarak Hazine&rsquo;ye devredilmesi gerekirken, &ouml;zelle\u015ftirilmesinden 15 y\u0131l sonra bankalar\u0131n eline b\u0131rak\u0131lm\u0131\u015ft\u0131. Sonras\u0131nda ise T&uuml;rk Telekom&rsquo;un y&uuml;zde 55&rsquo;lik hissesi, T&uuml;rkiye Varl\u0131k Fonu (TVF) taraf\u0131ndan sat\u0131n al\u0131nd\u0131. D\u0131\u015f finansman aray\u0131\u015f\u0131nda olan TVF&rsquo;nin bu hamlesi ile Telekom&rsquo;un finansal bor&ccedil;lar\u0131 &ouml;rt&uuml;l&uuml; olarak kamuya aktar\u0131lm\u0131\u015f ve 83 milyonun s\u0131rt\u0131na y\u0131k\u0131lm\u0131\u015ft\u0131. <\/span><strong><em><span style=\"font-size: 14pt;\">&ldquo;Asr\u0131n yolsuzlu\u011fu&rdquo;<\/span><\/em><\/strong><span style=\"font-size: 14pt;\"> <\/span><span style=\"font-size: 12pt;\">say\u0131lacak Telekom &ouml;zelle\u015ftirilmesinin hesab\u0131 mutlaka sorulacak ve sorumlular yarg\u0131lanacakt\u0131. Bu yolsuzluk ile sadece para de\u011fil, T&uuml;rkiye&rsquo;nin gelece\u011fi &ccedil;al\u0131nm\u0131\u015ft\u0131. &Uuml;lkemizin b&uuml;y&uuml;k bir b&ouml;l&uuml;m&uuml;nde h&acirc;l&acirc; internet ba\u011flant\u0131s\u0131 yok ve d&uuml;nyan\u0131n en yava\u015f internetine en y&uuml;ksek faturay\u0131 &ouml;demek zorunda b\u0131rak\u0131lm\u0131\u015f\u0131z. Bu yolsuzluk hepimizin g&ouml;z&uuml; &ouml;n&uuml;nde yap\u0131lm\u0131\u015ft\u0131 ve a&ccedil;g&ouml;zl&uuml; siyaset&ccedil;ilerin al&ccedil;ak plan\u0131n\u0131, omurgas\u0131z b&uuml;rokratlar uygulam\u0131\u015ft\u0131, maalesef yarg\u0131&ccedil;lar duruma mecburen g&ouml;z yummu\u015flard\u0131. Bundan sonra bize d&uuml;\u015fen bir daha ba\u015f\u0131m\u0131za gelmemesi i&ccedil;in neler yap\u0131lmas\u0131 gerekti\u011fi konusunda kafa yormakt\u0131.<\/span><\/p>\n<p style=\"text-align: justify; text-indent: 25.5pt;\"><strong><span style=\"font-size: 12pt;\">ABD, Erdo\u011fan&#8217;\u0131n Mal Varl\u0131\u011f\u0131n\u0131 Koz Olarak m\u0131 Kullanmaktayd\u0131?<\/span><\/strong><\/p>\n<p style=\"text-align: justify; text-indent: 25.5pt;\"><span style=\"font-size: 12pt;\">Yeni&ccedil;a\u011f&#8217;daki <strong><em>&#8220;Erdo\u011fan ailesinin Amerika yat\u0131r\u0131mlar\u0131&#8221;<\/em><\/strong> ba\u015fl\u0131kl\u0131 yaz\u0131s\u0131nda &ccedil;ok konu\u015fulacak ifadeler kullan\u0131lm\u0131\u015ft\u0131. Orhan U\u011furo\u011flu yaz\u0131s\u0131nda; <strong><em>&#8220;Amerika&#8217;da Recep Tayyip&#8217;in o\u011flu Bilal Erdo\u011fan ile k\u0131z\u0131 Esra Erdo\u011fan Albayrak taraf\u0131ndan kurulan Turken Foundation adl\u0131 vakfa T&uuml;rkiye&#8217;den g&ouml;nderilen ba\u011f\u0131\u015flar ya\u011fmaya devam ediyor.&#8221;<\/em><\/strong> tespitinde bulunmu\u015flard\u0131. CHP&rsquo;nin Amerika&#8217;daki temsilcisi Yurter &Ouml;zcan&#8217;\u0131n iddialar\u0131n\u0131 k&ouml;\u015fesine ta\u015f\u0131yan&nbsp;yazar: <strong><em>&#8220;ABD Temsilciler Meclisi, 2019 y\u0131l\u0131nda Suriye&#8217;nin kuzeyine y&ouml;nelik ger&ccedil;ekle\u015ftirdi\u011fimiz Bar\u0131\u015f P\u0131nar\u0131 Harek&acirc;t\u0131&#8217;ndan dolay\u0131 &lsquo;yapt\u0131r\u0131m&rsquo; tasar\u0131s\u0131n\u0131 kabul etti. Tasar\u0131, 16 &#8216;hay\u0131r&#8217; oyuna kar\u015f\u0131 403 &#8216;evet&#8217; ile Meclis&#8217;ten ge&ccedil;ti. Yasan\u0131n kabul&uuml;nden sonra en ge&ccedil; 120 g&uuml;n i&ccedil;inde ABD D\u0131\u015fi\u015fleri Bakan\u0131 Mike Pompeo&#8217;nun, Hazine Bakan\u0131 Steven Mnuchin ve Ulusal G&uuml;venlik Dan\u0131\u015fman\u0131 Robert O&#8217;Brien ile isti\u015fare i&ccedil;inde T&uuml;rkiye Cumhurba\u015fkan\u0131 Erdo\u011fan ve ailesinin net mal varl\u0131\u011f\u0131, gelir kaynaklar\u0131 ve i\u015f ili\u015fkilerine dair bir rapor haz\u0131rlanmas\u0131 kararla\u015ft\u0131r\u0131ld\u0131. Bu yasa kabul edilince Cumhurba\u015fkan\u0131 Recep Tayyip taraf\u0131ndan Bar\u0131\u015f P\u0131nar\u0131 Harek&acirc;t\u0131, hedefine ula\u015fmadan durduruldu. &lsquo;Erdo\u011fan ve ailesinin net mal varl\u0131\u011f\u0131, gelir kaynaklar\u0131 ve i\u015f ili\u015fkilerine dair rapor&rsquo; Amerika&#8217;n\u0131n T&uuml;rkiye&#8217;ye kar\u015f\u0131 elinde tuttu\u011fu en &ouml;nemli silah m\u0131?&#8221;<\/em><\/strong> diye sormaktayd\u0131.<\/span><\/p>\n<p style=\"text-align: justify; text-indent: 25.5pt;\"><strong><span style=\"font-size: 12pt;\">&ldquo;Bildi\u011finiz &uuml;zere Turken Foundation 2014 senesinde ABD&#8217;de kuruldu; ENSAR ve T&Uuml;RGEV&#8217;in ortak kurulu\u015fu. Bu ABD&#8217;deki vakf\u0131n kurulu\u015f belgesinde Tayyip Erdo\u011fan&#8217;\u0131n o\u011flu Bilal Erdo\u011fan&#8217;\u0131n imzas\u0131 var; y&ouml;netim kurulunda ise k\u0131z\u0131 Esra Albayrak. ABD&#8217;li resm&icirc; makamlardan ula\u015ft\u0131\u011f\u0131m\u0131z, ABD Gelir Dairesi (IRS)&#8217;den ald\u0131\u011f\u0131m\u0131z bu resm&icirc; beyanname 1 Temmuz 2019 ve 30 Haziran 2020 aras\u0131 tarihleri kaps\u0131yor. Sadece o sene Turken Foundation&#8217;a 9,3 milyon dolar ba\u011f\u0131\u015f gelmi\u015f. En son yap\u0131lan resm&icirc; vergi beyan\u0131 o oldu\u011fu i&ccedil;in, son 2 senede yap\u0131lan ba\u011f\u0131\u015flar\u0131 hen&uuml;z bilmiyoruz. 30 Haziran 2020 itibar\u0131yla Turken Foundation&#8217;\u0131n toplam varl\u0131\u011f\u0131 67 milyon dolar yani 1 milyar T&uuml;rk liras\u0131. Misyonu burs ve &ouml;\u011frencilere yurt sa\u011flamak olan bu vakf\u0131n, son vergi beyannamesine g&ouml;re o sene verdi\u011fi toplam burs ise s\u0131f\u0131r dolard\u0131r ve bu vakf\u0131n kendi beyan\u0131d\u0131r!.. &Uuml;nl&uuml; boks&ouml;r Muhammed Ali&#8217;nin &ccedil;iftli\u011fini sat\u0131n alan ve New York Manhattan&#8217;da l&uuml;ks bir g&ouml;kdelen yapan bu vakf\u0131n ger&ccedil;ek amac\u0131 ne? Bu konuyu kamuoyu ad\u0131na takip etmeye devam edece\u011fiz.&#8221;<\/span><\/strong><\/p>\n<p style=\"text-align: justify; text-indent: 25.5pt;\"><strong><span style=\"font-size: 14pt;\">Peki T&uuml;rkiye&#8217;den kimler bu ba\u011f\u0131\u015flar\u0131 yap\u0131yorlard\u0131?<\/span><\/strong><\/p>\n<p style=\"text-align: justify; text-indent: 25.5pt;\"><span style=\"font-size: 12pt;\">Erdo\u011fan ailesi sadece Amerika&#8217;n\u0131n de\u011fil d&uuml;nyan\u0131n en pahal\u0131 yerle\u015fim yeri olan (ve genellikle Siyonist bankerlerin ya\u015fad\u0131\u011f\u0131)&nbsp;<\/span><strong><em><span style=\"font-size: 14pt;\">&#8220;New York Manhattan&#8221;<\/span><\/em><\/strong><span style=\"font-size: 12pt;\">da neden l&uuml;ks g&ouml;kdelen yapm\u0131\u015ft\u0131? Acaba bu <strong><em>&#8220;67 milyon dolar yani 1 milyar T&uuml;rk liras\u0131&#8221;<\/em><\/strong>&nbsp;ba\u011f\u0131\u015flarla m\u0131, yoksa Erdo\u011fan ailesi taraf\u0131ndan yasal yollarla elde edilen gelirlerle mi yap\u0131lm\u0131\u015ft\u0131?<\/span><\/p>\n<p style=\"text-align: justify; text-indent: 25.5pt;\"><strong><span style=\"font-size: 14pt;\">Recep Tayyip Bey&#8217;in mal varl\u0131\u011f\u0131nda, bu l&uuml;ks g&ouml;kdelen de yer almakta m\u0131yd\u0131?<\/span><\/strong><\/p>\n<p style=\"text-align: justify; text-indent: 25.5pt;\"><span style=\"font-size: 12pt;\">Hat\u0131rlatay\u0131m: Ankara&#8217;n\u0131n do\u011fal gaz ihalesini alan Ba\u015fkent Gaz \u015firketinin T&uuml;rk K\u0131z\u0131lay&#8217;\u0131 arac\u0131l\u0131\u011f\u0131yla Ensar Vakf\u0131&#8217;na 2017 tarihinde 8 milyon dolar ba\u011f\u0131\u015f yapt\u0131\u011f\u0131 ortaya &ccedil;\u0131km\u0131\u015ft\u0131r. K\u0131z\u0131lay&#8217;\u0131n&nbsp;&#8220;vergiden ka&ccedil;\u0131nma&#8221;&nbsp;nedeniyle bu yolu kulland\u0131\u011f\u0131 a&ccedil;\u0131klanm\u0131\u015ft\u0131. Evet vergi ka&ccedil;\u0131rma yerine bulunan y&ouml;ntemdir: &#8220;Vergiden ka&ccedil;\u0131nma!..&#8221;<\/span><\/p>\n<p style=\"text-align: justify; text-indent: 25.5pt;\"><strong><span style=\"font-size: 14pt;\">Erdo\u011fan ailesinin Amerika&#8217;daki di\u011fer yat\u0131r\u0131m\u0131 da kafa kar\u0131\u015ft\u0131r\u0131c\u0131yd\u0131!?<\/span><\/strong><\/p>\n<p style=\"text-align: justify; text-indent: 25.5pt;\"><span style=\"font-size: 12pt;\">&Ouml;nce \u015funu hat\u0131rlatay\u0131m; 3 Haziran 2016&#8217;da &ouml;len Muhammed Ali&#8217;nin son yolculu\u011funa u\u011furlanmas\u0131 i&ccedil;in 11 Haziran&#8217;da d&uuml;zenlenen t&ouml;renlere Recep Tayyip Bey de kat\u0131lm\u0131\u015ft\u0131. Recep Tayyip Bey bir de konu\u015fma haz\u0131rlam\u0131\u015f ancak organizat&ouml;rler taraf\u0131ndan konu\u015fmac\u0131lar listesinden &ccedil;\u0131kar\u0131lm\u0131\u015ft\u0131. K&acirc;be &ouml;rt&uuml;s&uuml;n&uuml;n bir par&ccedil;as\u0131n\u0131 tabutun &uuml;zerine koymak istedi ancak&nbsp;<strong><em>&#8220;Biz sonra koyar\u0131z&#8221;<\/em><\/strong>&nbsp;yan\u0131t\u0131n\u0131 al\u0131nca bunu da ba\u015faramam\u0131\u015ft\u0131. Diyanet \u0130\u015fleri Ba\u015fkan\u0131 Mehmet G&ouml;rmez&#8217;le birlikte tabut ba\u015f\u0131nda Kur&#8217;an okumaya kalk\u0131\u015fm\u0131\u015f ancak buna da engel olmu\u015flard\u0131. Hediyeler g&ouml;t&uuml;rm&uuml;\u015f, ama Muhammed Ali&#8217;nin ailesinden kimsenin almad\u0131\u011f\u0131 ortaya &ccedil;\u0131km\u0131\u015ft\u0131.<\/span><\/p>\n<p style=\"text-align: justify; text-indent: 25.5pt;\"><strong><span style=\"font-size: 14pt;\">Peki bu kadar olumsuz tablo kar\u015f\u0131s\u0131nda Recep Tayyip Bey ne yapm\u0131\u015ft\u0131?<\/span><\/strong><\/p>\n<p style=\"text-align: justify; text-indent: 25.5pt;\"><strong><span style=\"font-size: 12pt;\">&#8211;&nbsp;Efsane a\u011f\u0131r s\u0131klet boks \u015fampiyonu Muhammed Ali&#8217;nin e\u015fi Lonnie Ali, ABD&#8217;nin Michigan eyaletindeki Berren Springs&#8217;de bulunan 328 d&ouml;n&uuml;m araziyle birlikte sat\u0131\u015fa &ccedil;\u0131kard\u0131\u011f\u0131 &ccedil;iftli\u011finin sat\u0131n al\u0131nmas\u0131n\u0131 arzulam\u0131\u015ft\u0131!..<\/span><\/strong><\/p>\n<p style=\"text-align: justify; text-indent: 25.5pt;\"><strong><span style=\"font-size: 12pt;\">&#8211;&nbsp;Cumhurba\u015fkan\u0131 Recep Tayyip&#8217;in o\u011flu Bilal Erdo\u011fan ile k\u0131z\u0131 Esra Erdo\u011fan Albayrak&#8217;\u0131n T&Uuml;RGEV ve ENSAR vak\u0131flar\u0131n\u0131n New York merkezli ortak kurulu\u015fu Turken Vakf\u0131, Muhammed Ali&#8217;ye ait &ccedil;iftli\u011fi 2,5 milyon dolara sat\u0131n alm\u0131\u015ft\u0131!..<\/span><\/strong><\/p>\n<p style=\"text-align: justify; text-indent: 25.5pt;\"><strong><span style=\"font-size: 12pt;\">Asla yan\u0131t vermezler ama gelecek iktidar d&ouml;neminde ba\u011f\u0131ms\u0131z ve tarafs\u0131z yarg\u0131ya haz\u0131r olsun diye soruyoruz:<\/span><\/strong><\/p>\n<p style=\"text-align: justify; text-indent: 25.5pt;\"><strong><span style=\"font-size: 12pt;\">&#8211;&nbsp;Erdo\u011fan ailesi milyonlarca dolar\u0131 nereden ve nas\u0131l bulmu\u015flard\u0131?<\/span><\/strong><\/p>\n<p style=\"text-align: justify; text-indent: 25.5pt;\"><strong><span style=\"font-size: 12pt;\">&#8211;&nbsp;Neden T&uuml;rkiye&#8217;de de\u011fil de Amerika&#8217;da bu yat\u0131r\u0131mlar\u0131 yap\u0131yorlard\u0131?<\/span><\/strong><\/p>\n<p style=\"text-align: justify; text-indent: 25.5pt;\"><strong><span style=\"font-size: 12pt;\">&#8211;&nbsp;Ba\u015fbakanl\u0131\u011f\u0131 ve Cumhurba\u015fkanl\u0131\u011f\u0131 d&ouml;nemleri dahil 20 y\u0131lda Erdo\u011fan ailesinin kurucusu ya da &uuml;yesi oldu\u011fu vak\u0131flara kimler ka&ccedil; milyon dolarlar ba\u011f\u0131\u015flam\u0131\u015flard\u0131?<\/span><\/strong><\/p>\n<p style=\"text-align: justify; text-indent: 25.5pt;\"><strong><span style=\"font-size: 12pt;\">&#8211;&nbsp;Damatlar\u0131 dahil Erdo\u011fan ailesinin yurt d\u0131\u015f\u0131ndaki bankalarda paralar\u0131 var m\u0131yd\u0131?<\/span><\/strong><\/p>\n<p style=\"text-align: justify; text-indent: 25.5pt;\"><strong><span style=\"font-size: 12pt;\">&#8211;&nbsp;Milyarlarca dolar paralar\u0131n\u0131 yurt d\u0131\u015f\u0131 bankalarda tuttuklar\u0131 iddialar\u0131 ni&ccedil;in yan\u0131ts\u0131z b\u0131rak\u0131lm\u0131\u015ft\u0131?<\/span><\/strong><\/p>\n<p style=\"text-align: justify; text-indent: 25.5pt;\"><strong><span style=\"font-size: 12pt;\">Ben bilmem ama herhalde bilenler de var. D&uuml;nyadaki t&uuml;m dolar transferlerini bilen elbette Amerika&rsquo;yd\u0131&hellip;<\/span><\/strong><\/p>\n<p style=\"text-align: justify; text-indent: 25.5pt;\"><strong><span style=\"font-size: 12pt;\">ABD Temsilciler Meclisi, 2019 y\u0131l\u0131nda Suriye&#8217;nin kuzeyine y&ouml;nelik ger&ccedil;ekle\u015ftirdi\u011fimiz&nbsp;Bar\u0131\u015f P\u0131nar\u0131 Harek&acirc;t\u0131&#8217;ndan dolay\u0131 &#8220;yapt\u0131r\u0131m&#8221; tasar\u0131s\u0131n\u0131 kabul etmi\u015fti. Tasar\u0131, 16 &#8216;hay\u0131r&#8217; oyuna kar\u015f\u0131 403 &#8216;evet&#8217; ile Meclis&#8217;ten ge&ccedil;mi\u015fti. Yasan\u0131n kabul&uuml;nden sonra en ge&ccedil; 120 g&uuml;n i&ccedil;inde ABD D\u0131\u015fi\u015fleri Bakan\u0131 Mike Pompeo&#8217;nun, Hazine Bakan\u0131 Steven Mnuchin ve Ulusal G&uuml;venlik Dan\u0131\u015fman\u0131 Robert O&#8217;Brien ile isti\u015fare i&ccedil;inde T&uuml;rkiye Cumhurba\u015fkan\u0131 Erdo\u011fan ve ailesinin net mal varl\u0131\u011f\u0131, gelir kaynaklar\u0131 ve i\u015f ili\u015fkilerine dair bir rapor haz\u0131rlanmas\u0131 istenmi\u015fti. Bu yasa kabul edilince Cumhurba\u015fkan\u0131 Recep Tayyip taraf\u0131ndan Bar\u0131\u015f P\u0131nar\u0131 Harek&acirc;t\u0131, hedefine ula\u015fmadan vazge&ccedil;ilmi\u015fti!?<\/span><\/strong><\/p>\n<p style=\"text-align: justify; text-indent: 25.5pt;\"><strong><em><span style=\"font-size: 14pt;\">&#8220;Erdo\u011fan ve ailesinin net mal varl\u0131\u011f\u0131, gelir kaynaklar\u0131 ve i\u015f ili\u015fkilerine dair rapor&#8221; <\/span><\/em><\/strong><strong><span style=\"font-size: 12pt;\">Amerika&#8217;n\u0131n T&uuml;rkiye&#8217;ye kar\u015f\u0131 elinde tuttu\u011fu en &ouml;nemli koz yerinde miydi? Ya da \u015f&ouml;yle soral\u0131m, Erdo\u011fan ailesinin mal varl\u0131\u011f\u0131; T&uuml;rkiye&#8217;nin ba\u011f\u0131ms\u0131zl\u0131\u011f\u0131n\u0131n beka meselesi miydi, yoksa ailenin karanl\u0131k ili\u015fkilerinin pazarl\u0131k mecburiyeti miydi?<\/span><\/strong><\/p>\n<p style=\"text-align: justify; text-indent: 25.5pt;\"><strong><span style=\"font-size: 14pt;\">Erdo\u011fan&rsquo;\u0131n K&uuml;rt Gaz\u0131na Al&acirc;kas\u0131 ve \u0130srail Ba\u011flant\u0131s\u0131!<\/span><\/strong><\/p>\n<p style=\"text-align: justify; text-indent: 25.5pt;\"><strong><span style=\"font-size: 14pt;\">Irak K&uuml;rt Y&ouml;netim B&ouml;lgesi gaz\u0131n\u0131n &ouml;n&uuml;nde hukuki, teknik ve mali engeller oldu\u011fu gibi dururken, Erdo\u011fan 2013&rsquo;te imzalanan anla\u015fmalar\u0131 ilerletmekte niye \u0131srarl\u0131yd\u0131?&nbsp; <\/span><\/strong><\/p>\n<p style=\"text-align: justify; text-indent: 25.5pt;\"><strong><span style=\"font-size: 12pt;\">T&uuml;rkiye aleyhine tahkim s&uuml;reci her \u015feyi belirsizle\u015ftirmi\u015fken Irak Y&uuml;ksek Mahkemesi&rsquo;nin Irak K&uuml;rdistan\u0131&rsquo;n\u0131n petrol ve do\u011falgaz yasas\u0131n\u0131 Irak anayasas\u0131na ayk\u0131r\u0131 bulmas\u0131, Cumhurba\u015fkan\u0131 Recep Tayyip Erdo\u011fan&rsquo;\u0131n K&uuml;rt gaz\u0131 hayaline engel mi &ccedil;\u0131karm\u0131\u015ft\u0131? Tahkimden &ccedil;\u0131kacak tazminat karar\u0131na ra\u011fmen petrol al\u0131m\u0131n\u0131 s&uuml;rd&uuml;ren Erdo\u011fan, siyasi-ekonomik g&uuml;c&uuml;ne dayanarak Irak yarg\u0131s\u0131n\u0131 da takmam\u0131\u015ft\u0131. Fakat Erdo\u011fan&rsquo;\u0131n umursamak zorunda olaca\u011f\u0131 ba\u015fka mali ve teknik a&ccedil;mazlar vard\u0131.&nbsp;T&uuml;rkiye&rsquo;nin K&uuml;rdistan&rsquo;\u0131n enerji kaynaklar\u0131na ula\u015fma s&uuml;reci s\u0131ra d\u0131\u015f\u0131 hik&acirc;yeler bar\u0131nd\u0131r\u0131yor. Biraz geriye gidip hat\u0131rlayal\u0131m: ABD&rsquo;nin Irak&rsquo;\u0131 i\u015fgale haz\u0131rland\u0131\u011f\u0131 g&uuml;nlerde K&uuml;rtler art\u0131k Saddam H&uuml;seyin&rsquo;in k\u0131sa s&uuml;rede gidece\u011fini g&ouml;r&uuml;p enerji alan\u0131na yat\u0131r\u0131mc\u0131 ar\u0131yorlard\u0131. K&uuml;rdistan Yurtseverler Birli\u011fi (KYB) Ba\u015fkan\u0131 Celal Talabani, Mart 2002&rsquo;de T&uuml;rk pasaportuyla Ankara&rsquo;ya u\u011fram\u0131\u015ft\u0131. Talabani, Sheraton Otel&rsquo;de kahvalt\u0131da Epik \u0130n\u015faat&rsquo;\u0131n sahibi Mehmet Sepil ile bulu\u015fmu\u015flard\u0131. <em>&ldquo;Taq Taq sahas\u0131n\u0131 size verelim, geli\u015ftirin&rdquo; <\/em>diye teklifini patlatm\u0131\u015ft\u0131. <em>&ldquo;\u015eimdi girin, bir koyup bin al\u0131n&rdquo;<\/em> diye pohpohlam\u0131\u015ft\u0131. Sepil \u015fa\u015f\u0131rm\u0131\u015ft\u0131, sonu&ccedil;ta tecr&uuml;besi Amerikan ve NATO &uuml;slerindeki in\u015faat projeleriyle s\u0131n\u0131rl\u0131yd\u0131. <em>&ldquo;Petrolle ilgim arabam\u0131n deposuna koydu\u011fum benzinle s\u0131n\u0131rl\u0131&rdquo; <\/em>diye s\u0131zlanm\u0131\u015ft\u0131.&nbsp;<\/span><\/strong><\/p>\n<p style=\"text-align: justify; text-indent: 25.5pt;\"><strong><span style=\"font-size: 12pt;\">Mehmet Sepil konuyu telefonda &Ccedil;ukurova Grubu&rsquo;nun sahibi Mehmet Emin Karamehmet&rsquo;e a&ccedil;t\u0131, sonra ikili \u0130stanbul&rsquo;da bulu\u015fup 20 dakikada Genel Energy&rsquo;nin kurulmas\u0131 karar\u0131n\u0131 alm\u0131\u015ft\u0131. K&uuml;rdistan&rsquo;a alt\u0131 ki\u015filik heyet yollanm\u0131\u015f, &uuml;retim payla\u015f\u0131m anla\u015fmas\u0131yla Taq Taq&rsquo;ta i\u015fe koyulan Genel Energy, kurdu\u011fu konsorsiyumlarla operasyonlar\u0131n\u0131 &ccedil;ok say\u0131da sahaya yaym\u0131\u015ft\u0131. Talabani&rsquo;nin dedi\u011fi olmu\u015ftu; Genel Energy h\u0131zla parlam\u0131\u015f, 2011&rsquo;de \u015firketin yar\u0131s\u0131n\u0131 <\/span><\/strong><strong><span style=\"font-size: 14pt;\">Nat Rothschild&rsquo;in Valleres&rsquo;ine<\/span><\/strong><strong><span style=\"font-size: 12pt;\"> 2,1 milyar dolara satm\u0131\u015ft\u0131. Irak Anayasas\u0131 2005&rsquo;te, petrol ve do\u011falgaz yasas\u0131 2007&rsquo;de yaz\u0131lm\u0131\u015ft\u0131. K&uuml;rdistan da kendi yasas\u0131n\u0131 2007&rsquo;de &ccedil;\u0131kartm\u0131\u015ft\u0131. Basit&ccedil;e federal h&uuml;k&uuml;metin petrol y&ouml;netimini b&ouml;lgesel h&uuml;k&uuml;metler ve vilayetlerle birlikte y&uuml;r&uuml;tece\u011fi yaz\u0131l\u0131yd\u0131. K&uuml;rdistan&rsquo;dan &ccedil;\u0131kan petrol ve do\u011falgaz Irak devlet \u015firketi SOMO &uuml;zerinden sat\u0131lacak, K&uuml;rdistan da b&uuml;t&ccedil;eden y&uuml;zde 17 pay alacakt\u0131. Ama i\u015fler mevzuattaki gibi olmam\u0131\u015ft\u0131. K&uuml;rdistan itirazlara ra\u011fmen yabanc\u0131 \u015firketlerle anla\u015fmalar yaparken Taq Taq ve Tawke&rsquo;den petrol ihracat\u0131 2009&rsquo;da ba\u015flam\u0131\u015ft\u0131. T&uuml;rkiye de 2012&rsquo;de yol ayr\u0131m\u0131na dayanm\u0131\u015f, BOTA\u015e&rsquo;\u0131n Irak&rsquo;la 1974&rsquo;te imzalad\u0131\u011f\u0131 petrol anla\u015fmas\u0131n\u0131n s&uuml;resi 2012&rsquo;de sonlanm\u0131\u015ft\u0131. D&ouml;nemin Irak Ba\u015fbakan\u0131 Nuri el Maliki ile y\u0131ld\u0131z\u0131 bar\u0131\u015fmayan Erdo\u011fan, 2013&rsquo;te Erbil&rsquo;le 50 y\u0131ll\u0131k bir anla\u015fma imzalad\u0131. Anla\u015fma &ccedil;er&ccedil;evesinde Turkish Energy Company&rsquo;ye 12 blokta lisans &ccedil;\u0131kt\u0131. Art\u0131k K&uuml;rdistan&rsquo;a bak\u0131\u015f ba\u015fkala\u015fm\u0131\u015ft\u0131. Halbuki 2008-2009&rsquo;da Nabucco projesine K&uuml;rt gaz\u0131n\u0131n eklenmesine Ankara, K&uuml;rdistan&rsquo;\u0131 ba\u011f\u0131ms\u0131z h&acirc;le getirece\u011fi gerek&ccedil;esiyle kar\u015f\u0131 &ccedil;\u0131km\u0131\u015ft\u0131.&nbsp;<\/span><\/strong><\/p>\n<p style=\"text-align: justify; text-indent: 25.5pt;\"><strong><span style=\"font-size: 12pt;\">K&uuml;rtlerle anla\u015fmaya g&ouml;re T&uuml;rkiye; Kerk&uuml;k boru hatt\u0131n\u0131 baypas edecek \u015fekilde Hurmala&rsquo;dan Fi\u015fhabur&rsquo;a petrol boru hatt\u0131 yapacakt\u0131. Bu hat s\u0131n\u0131rda Kerk&uuml;k-Ceyhan hatt\u0131yla bulu\u015facakt\u0131. Ayr\u0131ca Miran ve Bina Bawi do\u011falgaz sahalar\u0131ndan T&uuml;rkiye s\u0131n\u0131r\u0131na hat &ccedil;ekilmi\u015f olacakt\u0131. K&uuml;rdistan taraf\u0131nda petrol boru hatt\u0131 2013&rsquo;te tamamlan\u0131rken, Erdo\u011fan&rsquo;\u0131n damad\u0131 Berat Albayrak&rsquo;la ba\u011flant\u0131l\u0131 oldu\u011fu iddia edilen Powertrans \u015firketi tankerlerle ta\u015f\u0131mac\u0131l\u0131k a\u011f\u0131 kurmu\u015flard\u0131. 2009-2013 aras\u0131nda yo\u011fun bir tanker trafi\u011fi ya\u015fand\u0131; g&uuml;nde 500 tanker dolum yapmaktayd\u0131. K&uuml;rt petrol&uuml; Ceyhan liman\u0131na ta\u015f\u0131nmakta, buradan \u0130srail ve \u015faibeli birka&ccedil; \u015firkete sat\u0131lmaktayd\u0131. K&uuml;rt petrol&uuml; K\u0131r\u0131kkale&rsquo;deki T&Uuml;PRA\u015e rafinerisinde de kullan\u0131lm\u0131\u015ft\u0131.&nbsp;2002&rsquo;den bu yana onlarca \u015firketin d&acirc;hil oldu\u011fu K&uuml;rdistan sahas\u0131nda petrol faaliyetleri devam ederken gaz projeleri yaya kalm\u0131\u015ft\u0131!..<\/span><\/strong><\/p>\n<p style=\"text-align: justify; text-indent: 25.5pt;\"><strong><span style=\"font-size: 12pt;\">Crescent Petroleum ve Dana Gas&rsquo;\u0131n Khor Mor ve &Ccedil;em&ccedil;emal sahalar\u0131nda &ccedil;\u0131kartt\u0131\u011f\u0131 gaz b&ouml;lgedeki elektrik santrallerinde kullan\u0131lmaktayd\u0131. Fakat ba\u015fta Miran ve Bina Bawi olmak &uuml;zere ihracata y&ouml;nelik gaz sahalar\u0131 i&ccedil;in yat\u0131r\u0131mlar eksik kald\u0131. BOTA\u015e, T&uuml;rkiye taraf\u0131nda s\u0131n\u0131ra kadar gaz boru hatt\u0131n\u0131 d&ouml;\u015fetirken K&uuml;rdistan taraf\u0131nda 180 kilometrelik hat yap\u0131lamad\u0131. Bu hattan y\u0131lda 20 milyar metrek&uuml;p gaz ihracat\u0131 &ouml;ng&ouml;r&uuml;lm&uuml;\u015ft&uuml;. Bir d&ouml;nem Genel Energy&rsquo;nin K&uuml;rdistan&rsquo;daki do\u011falgaz projesinin genel m&uuml;d&uuml;r&uuml; olan Arif Akt&uuml;rk gaz aya\u011f\u0131ndaki t\u0131kanman\u0131n siyasi, mali ve teknik sorunlardan kaynakland\u0131\u011f\u0131n\u0131 a&ccedil;\u0131klam\u0131\u015ft\u0131. Al-Monitor&rsquo;a de\u011ferlendirmelerde bulunan Akt&uuml;rk&rsquo;e g&ouml;re Miran ve Bina Bawi&rsquo;den &ccedil;\u0131kacak gaz\u0131n al\u0131c\u0131s\u0131 durumundaki <\/span><\/strong><strong><span style=\"font-size: 14pt;\">T&uuml;rkiye birka&ccedil; nedenle frene basm\u0131\u015ft\u0131:<\/span><\/strong><\/p>\n<p style=\"text-align: justify; text-indent: 25.5pt;\"><strong><span style=\"font-size: 12pt;\">Birincisi; Irak 2014&rsquo;te SOMO&rsquo;nun yaz\u0131l\u0131 izni olmaks\u0131z\u0131n T&uuml;rkiye&rsquo;ye ta\u015f\u0131nan petrol nedeniyle BOTA\u015e&rsquo;a kar\u015f\u0131 uluslararas\u0131 tahkime gidiyordu. Bu da yat\u0131r\u0131mc\u0131lar ve finans kaynaklar\u0131 &uuml;zerinde cayd\u0131r\u0131c\u0131 etki yap\u0131yordu. T&uuml;rkiye&rsquo;ye &ccedil;\u0131kacak tazminat\u0131n faiziyle birlikte 24-25 milyar dolar\u0131 bulaca\u011f\u0131 &ouml;ng&ouml;r&uuml;l&uuml;yor. BOTA\u015e&rsquo;\u0131n Irak&rsquo;la anla\u015fmas\u0131 hattaki bo\u015f kapasitenin &uuml;&ccedil;&uuml;nc&uuml; taraflar\u0131n petrol&uuml;n&uuml; ta\u015f\u0131maya imk&acirc;n veriyordu. Fakat bunun i&ccedil;in SOMO&rsquo;nun yaz\u0131l\u0131 izni gerekiyordu. Bu da Irak taraf\u0131n\u0131n elini g&uuml;&ccedil;l&uuml; k\u0131l\u0131yordu. Kamuoyunda bilinmeyen bir husus var: BOTA\u015e ta\u015f\u0131nan petrolle ilgili hukuki yapt\u0131r\u0131m gelirse bunu K&uuml;rdistan y&ouml;netimine r&uuml;cu ettirece\u011fine dair bir madde koydurmu\u015ftu.&nbsp;\u015eayet tahkimden ceza gelirse Ankara bunu &ouml;demeyip faturay\u0131 Erbil&rsquo;e g&ouml;nderecekti. Erbil bunu &ouml;deyemezdi. Erbil-Ankara-Ba\u011fdat &uuml;&ccedil;geninde tazminat restle\u015fmesi Irak-T&uuml;rkiye ili\u015fkilerini gererken K&uuml;rdistan&rsquo;\u0131 yeniden ba\u011f\u0131ms\u0131zl\u0131k yoluna sokabilirdi!..&nbsp;<\/span><\/strong><\/p>\n<p style=\"text-align: justify; text-indent: 25.5pt;\"><strong><span style=\"font-size: 12pt;\">\u0130kincisi; 2017&rsquo;de K&uuml;rdistan&rsquo;daki ba\u011f\u0131ms\u0131zl\u0131k referandumu nedeniyle Ankara&rsquo;da bir diren&ccedil; geli\u015fmi\u015fti. &Uuml;&ccedil;&uuml;nc&uuml; neden olarak, meselenin teknik ve mali boyutuna dikkat &ccedil;ekilmekteydi. K&uuml;rdistan&rsquo;da &ouml;zellikle Miran ve Bina Bawi&rsquo;de &ccedil;\u0131kan gazda, k&uuml;k&uuml;rt oran\u0131 y&uuml;ksekti. Ar\u0131nd\u0131rma i&ccedil;in tesis gerekliydi. K&uuml;k&uuml;rt, gaz projesi i&ccedil;in ba\u015f belas\u0131yd\u0131. G&uuml;bre end&uuml;strisinin hammaddelerinden biri olarak k&uuml;k&uuml;rd&uuml;n pazar de\u011feri vard\u0131. K&uuml;k&uuml;rt, gaz tesisindeki i\u015flemde gran&uuml;l h&acirc;line geliyordu. Da\u011f gibi b&uuml;y&uuml;yen gran&uuml;l ta\u015f\u0131nmad\u0131\u011f\u0131 takdirde ya\u011fmur suyuyla kar\u0131\u015ft\u0131\u011f\u0131nda s&uuml;lf&uuml;rik aside d&ouml;n&uuml;\u015f&uuml;p &ccedil;evreyi zehirliyordu. K&uuml;k&uuml;rd&uuml; g&uuml;bre tesislerine ya da ihracat noktalar\u0131na ta\u015f\u0131mak i&ccedil;in demiryolu en mant\u0131kl\u0131 &ccedil;&ouml;z&uuml;m say\u0131l\u0131yordu. Yani i\u015fleme tesisi ve di\u011fer altyap\u0131 olmazsa k&uuml;k&uuml;rt, gaz projesini &ouml;ld&uuml;ren fakt&ouml;re d&ouml;n&uuml;\u015f&uuml;yordu.<\/span><\/strong><\/p>\n<p style=\"text-align: justify; text-indent: 25.5pt;\"><strong><span style=\"font-size: 12pt;\">2018&rsquo;deki rakamlarla i\u015fleme tesisinin maliyeti 4,5 milyar dolard\u0131. Sadece Genel Energy Miran ve Bina Bawi&rsquo;de 1 milyar dolar\u0131n &uuml;zerinde yat\u0131r\u0131m yapt\u0131. \u0130\u015fleme tesisi i&ccedil;in 2017 referandumundan &ouml;nce &Ccedil;inlilerle bir &ouml;n &ccedil;al\u0131\u015fma yap\u0131ld\u0131, fakat ortakl\u0131k kurulamad\u0131. Bunun &uuml;zerine Genel Energy yerin alt\u0131nda farkl\u0131 seviyelerde bulunan petrol&uuml; &ouml;ncelikle &ccedil;\u0131kart\u0131p gaz projesine ko\u015fullar\u0131n elvermesi h&acirc;linde devam etmeyi &ouml;nerdi. Ama Erbil <em>&ldquo;Bu i\u015fin havucu petrol, sen petrol&uuml; &ccedil;\u0131kar\u0131rsan kimse gaza yat\u0131r\u0131m yapmaz&rdquo; <\/em>diyerek reddetti.&nbsp;Gaz ve petrol s&ouml;zle\u015fmelerini ay\u0131rmay\u0131 kabul etmeyen Erbil K&uuml;rt y&ouml;netimi, Genel Energy ile Miran ve Bina Bawi&rsquo;yi kapsayan &uuml;retim payla\u015fma s&ouml;zle\u015fmesini feshetti. Bunun &uuml;zerine Genel Energy bu sahalardaki harcamalar\u0131 ve a&ccedil;\u0131lan kuyular i&ccedil;in yapt\u0131\u011f\u0131 yat\u0131r\u0131m\u0131n tazmini i&ccedil;in 10 Aral\u0131k 2021&rsquo;de Londra Borsas\u0131&rsquo;na bildirimde bulunarak tahkime gitme karar\u0131 ald\u0131.<\/span><\/strong><\/p>\n<p style=\"text-align: justify; text-indent: 25.5pt;\"><strong><span style=\"font-size: 12pt;\">Uzmanlar boru hatt\u0131 in\u015faat\u0131n\u0131 b&uuml;y&uuml;k bir mesele olarak g&ouml;rm&uuml;yordu. Tesis yat\u0131r\u0131m\u0131 yap\u0131ld\u0131\u011f\u0131nda boru hatt\u0131n\u0131n d&uuml;z bir arazide 350 milyon dolarl\u0131k &ouml;z kaynakla bile 16-18 ayda tamamlanabilece\u011fini belirtiyordu.&nbsp;Gaz projesindeki t&ouml;kezlemenin bir di\u011fer nedeni \u015fuydu: Gaz\u0131n al\u0131m\u0131 konusunda T&uuml;rkiye&rsquo;nin projenin finanse edilebilir nakit ak\u0131\u015f\u0131n\u0131 sa\u011flayacak bir h&uuml;k&uuml;metler aras\u0131 anla\u015fma ile garanti vermesi gerekiyordu. Aksi halde hi&ccedil;bir kredi kurulu\u015fu bu projeye para aktarmazd\u0131. Petrol end&uuml;strisinde petrol&uuml; kat\u0131r s\u0131rt\u0131nda bile satabilirsiniz ama gaz daha entegre yat\u0131r\u0131m, da\u011f\u0131t\u0131m ve sat\u0131\u015f garantilerini gerektiriyordu. &Uuml;retim ile pazar aras\u0131nda &ccedil;ok iyi &ccedil;al\u0131\u015facak, de\u011fer zincirini ve nakit ak\u0131\u015f\u0131n\u0131 sa\u011flayacak bir yap\u0131 tesis edilmesi gerekiyordu. &ldquo;Gaz i\u015fleme tesisi i&ccedil;in 4-4,5 milyar dolar, kuyular i&ccedil;in 2,5 milyar dolar kaynak laz\u0131md\u0131. Petrol end&uuml;strisinde kimse bunu &ouml;z kaynakla yapmazd\u0131. &Ouml;zellikle i\u015fleme tesisi i&ccedil;in finans kurulu\u015flar\u0131n\u0131n kap\u0131s\u0131n\u0131 &ccedil;alacaks\u0131n\u0131z. Onlar da garantili al\u0131m anla\u015fmas\u0131n\u0131 g&ouml;rmek isteyecektir. Ta\u015f\u0131ma anla\u015fmas\u0131 yeterli say\u0131lmamaktad\u0131r.&rdquo;<\/span><\/strong><\/p>\n<p style=\"text-align: justify; text-indent: 25.5pt;\"><strong><span style=\"font-size: 12pt;\">Burada cayd\u0131r\u0131c\u0131 bir di\u011fer fakt&ouml;r Erbil ile Ankara aras\u0131ndaki ortakl\u0131\u011f\u0131n \u015feffafl\u0131k ve denetimden uzak olmas\u0131. Bu s&uuml;re&ccedil;te iktidara yak\u0131n <\/span><\/strong><strong><span style=\"font-size: 14pt;\">Siyah Kalem <\/span><\/strong><strong><span style=\"font-size: 12pt;\">adl\u0131 \u015firket de s\u0131f\u0131r tecr&uuml;beyle Enerji Piyasas\u0131 D&uuml;zenleme Kurulu&rsquo;ndan (EPDK) gaz ithalat\u0131 lisans\u0131 alm\u0131\u015ft\u0131. Yine Cengiz Holding kendi enerji santrali ve Maz\u0131da\u011f\u0131&rsquo;nda kurdu\u011fu entegre g&uuml;bre tesisinin ihtiyac\u0131na binaen K&uuml;rt gaz\u0131na ilgi duyup EPDK&rsquo;dan lisans alm\u0131\u015ft\u0131. Ama iki \u015firket de hi&ccedil;bir \u015fey yapamam\u0131\u015ft\u0131.<\/span><\/strong><\/p>\n<p style=\"text-align: justify; text-indent: 25.5pt;\"><strong><span style=\"font-size: 14pt;\">Peki, b&uuml;t&uuml;n bu handikaplara ra\u011fmen Erdo\u011fan&rsquo;\u0131n K&uuml;rt gaz\u0131na ilgisi neden yeniden uyanm\u0131\u015ft\u0131?&nbsp;<\/span><\/strong><\/p>\n<p style=\"text-align: justify; text-indent: 25.5pt;\"><strong><span style=\"font-size: 12pt;\">Erdo\u011fan&rsquo;\u0131n 2 \u015eubat 2022&rsquo;de K&uuml;rdistan B&ouml;lgesel Y&ouml;netimi Ba\u015fkan\u0131 Ne&ccedil;irvan Barzani&rsquo;yi a\u011f\u0131rlayarak bu meseleyi konu\u015fmas\u0131 \u0130ran&rsquo;\u0131n gaz ak\u0131\u015f\u0131n\u0131 20 Ocak&rsquo;tan itibaren 10 g&uuml;nl&uuml;\u011f&uuml;ne kesmesinden sonras\u0131na denk geliyordu. \u0130kilinin g&ouml;r&uuml;\u015fmesine dair bilgi s\u0131zmazken K&uuml;rdistan Parlamentosu Enerji Komisyonu Ba\u015fkan\u0131 Ali Hama Salih, <\/span><\/strong><strong><em><span style=\"font-size: 14pt;\">T&uuml;rkiye&rsquo;ye gaz boru hatt\u0131n\u0131n 2025&rsquo;te faaliyete ge&ccedil;ece\u011fini<\/span><\/em><\/strong><span style=\"font-size: 14pt;\"> <\/span><strong><span style=\"font-size: 12pt;\">duyurmu\u015ftu. K&uuml;rdistan Ba\u015fbakan\u0131 Mesrur Barzani&rsquo;nin 16 \u015eubat&rsquo;ta Katar Enerji Bakan\u0131 Saad el Kaabi ile K&uuml;rdistan&#8217;\u0131n gaz potansiyeli ve i\u015fbirli\u011fini g&ouml;r&uuml;\u015fmesi Erbil-Ankara-Doha &uuml;&ccedil;geninde bir aray\u0131\u015f oldu\u011funa i\u015faret ediyordu.&nbsp;Bu arada Aral\u0131k 2021&rsquo;de yeni bir geli\u015fme oldu: Erbil gaz hatt\u0131 i&ccedil;in KAR Grup ile anla\u015ft\u0131. Anla\u015fma Khor Mor sahas\u0131ndan Erbil&#8217;e 36 in&ccedil;lik ek bir boru hatt\u0131 ve Erbil&#8217;den Dohuk&#8217;a 52 in&ccedil;lik yeni bir boru hatt\u0131n\u0131 &ouml;ng&ouml;r&uuml;yordu. \u015eimdilik i&ccedil; tedarik amac\u0131yla d&ouml;\u015fenen bu hat Dohuk&#8217;taki elektrik santraline ula\u015ft\u0131\u011f\u0131nda T&uuml;rkiye s\u0131n\u0131r\u0131na kalan mesafe 35 kilometreye d&uuml;\u015fm&uuml;\u015f oluyordu. Uzmanlar; Katar&rsquo;\u0131n elini ta\u015f\u0131n alt\u0131na koymas\u0131n\u0131 beklemezken K&uuml;rt gaz\u0131n\u0131n kaynak &ccedil;e\u015fitlenmesi d\u0131\u015f\u0131nda \u0130ran&rsquo;a alternatif olaca\u011f\u0131n\u0131 d&uuml;\u015f&uuml;nm&uuml;yordu. Mahkeme karar\u0131nda Ba\u011fdat&rsquo;taki koalisyon sava\u015flar\u0131 ve \u0130ran&rsquo;\u0131n etkisi ara\u015ft\u0131r\u0131l\u0131yordu. Fakat K&uuml;rdistan&rsquo;\u0131n tek tarafl\u0131 anla\u015fmalar\u0131na geni\u015f bir itiraz cephesinin oldu\u011fu da konu\u015fuluyordu. \u015eimdi temel soru, mahkeme karar\u0131na ra\u011fmen Erdo\u011fan K&uuml;rt gaz\u0131nda neden \u0131srar ediyordu? Tahkim s&uuml;recine ra\u011fmen Ankara petrol ak\u0131\u015f\u0131n\u0131 kesmiyordu. Irak&rsquo;tan gelen &ccedil;a\u011fr\u0131lar\u0131 umursamayan Erdo\u011fan, Irak h&uuml;k&uuml;metinin kurulmas\u0131n\u0131n ard\u0131ndan T&uuml;rkiye&rsquo;nin a\u011f\u0131rl\u0131\u011f\u0131n\u0131 kullanarak gazdaki d&uuml;\u011f&uuml;m&uuml; &ccedil;&ouml;zmeyi umuyordu. Erdo\u011fan i&ccedil;in kervan hep yolda d&uuml;z&uuml;l&uuml;yor ve d&uuml;zeliyordu.&rdquo; diyenler nedense &ccedil;ok &ouml;nemli bir konuyu atl\u0131yordu: Erdo\u011fan&rsquo;\u0131n bu giri\u015fimlerini hep \u0130srail destekleyip te\u015fvik ediyordu!?<\/span><\/strong><\/p>\n<p style=\"text-align: justify; text-indent: 25.5pt;\"><strong><span style=\"font-size: 14pt;\">Irak K&uuml;rt B&ouml;lgesel Y&ouml;netiminin: <\/span><\/strong><strong><em><span style=\"font-size: 14pt;\">&#8216;T&uuml;rkiye&rsquo;ye 2025&rsquo;te do\u011fal gaz satmaya ba\u015flayaca\u011f\u0131z&#8217;<\/span><\/em><\/strong><span style=\"font-size: 14pt;\"> <\/span><strong><span style=\"font-size: 14pt;\">karar\u0131, \u0130srail&rsquo;de al\u0131nm\u0131\u015ft\u0131!..<\/span><\/strong><\/p>\n<p style=\"text-align: justify; text-indent: 25.5pt;\"><strong><span style=\"font-size: 12pt;\">Irak K&uuml;rt B&ouml;lgesel Y&ouml;netimi Parlamentosu Enerji Komisyonu Ba\u015fkan\u0131 Ali Hama Salih sosyal medya hesab\u0131nda yay\u0131nlad\u0131\u011f\u0131 payla\u015f\u0131mda, IKBY&rsquo;nin T&uuml;rkiye&rsquo;ye do\u011falgaz satmaya 2025 y\u0131l\u0131nda ba\u015flayaca\u011f\u0131n\u0131 duyurmu\u015ftu. IKBY&rsquo;nin d&uuml;nya do\u011falgaz rezervlerinin y&uuml;zde 3&#8217;&uuml;ne ve yakla\u015f\u0131k 5,7 trilyon metrek&uuml;p do\u011falgaz rezervine sahip oldu\u011funu aktaran Salih, T&uuml;rkiye&rsquo;ye do\u011falgaz boru hatt\u0131 d&ouml;\u015fenmesinin planland\u0131\u011f\u0131n\u0131 aktar\u0131yordu. S&ouml;z konusu do\u011falgaz boru hatlar\u0131n\u0131n in\u015fas\u0131n\u0131n birinci ve ikinci a\u015famas\u0131n\u0131n ba\u015flad\u0131\u011f\u0131n\u0131 belirten Salih, IKBY&rsquo;nin kendi ihtiyac\u0131n\u0131n kar\u015f\u0131lanmas\u0131 i&ccedil;in T&uuml;rkiye&rsquo;ye bu tarihten &ouml;nce do\u011falgaz sat\u0131lmayaca\u011f\u0131n\u0131 belirtiyordu. 2025&rsquo;e kadar Irak&rsquo;\u0131n n&uuml;fusunun 50 milyon olmas\u0131n\u0131n beklendi\u011fini ve do\u011falgaza daha fazla ihtiya&ccedil; duyulaca\u011f\u0131n\u0131 belirten Salih, Ba\u011fdat h&uuml;k&uuml;metinin bunu gerek&ccedil;e g&ouml;stererek do\u011falgaz sat\u0131\u015f\u0131n\u0131 engelleyebilece\u011fini ifade ediyordu.[2]<\/span><\/strong><\/p>\n<p style=\"text-align: justify; text-indent: 25.5pt;\"><strong><span style=\"font-size: 14pt;\">\u0130srail, T&uuml;rkiye&rsquo;ye Neden Yakla\u015fmaktayd\u0131?<\/span><\/strong><\/p>\n<p style=\"text-align: justify; text-indent: 25.5pt;\"><span style=\"font-size: 12pt;\">\u0130srail&#8217;in Ankara B&uuml;y&uuml;kel&ccedil;ili\u011fi Maslahatg&uuml;zar\u0131 <\/span><strong><em><span style=\"font-size: 14pt;\">Irit Lillian,<\/span><\/em><\/strong><span style=\"font-size: 14pt;\"> <\/span><span style=\"font-size: 12pt;\">T&uuml;rkiye ile ili\u015fkilerinin teknolojik alanlara kayd\u0131\u011f\u0131n\u0131 hat\u0131rlatm\u0131\u015ft\u0131. T&uuml;rkiye&#8217;nin dron teknolojilerinde &ouml;nemli bir &uuml;retici oldu\u011funu ifade eden Maslahatg&uuml;zar Lillian&rsquo;\u0131n, <strong><em>&#8216;EcoMotion&#8217;da T&uuml;rk heyetinin varl\u0131\u011f\u0131 iki &uuml;lkenin ekonomik ili\u015fkilerindeki y&ouml;n&uuml;n de\u011fi\u015fmeye ba\u015flad\u0131\u011f\u0131n\u0131 g&ouml;steriyor. Bu y&ouml;n daha sofistike, y&uuml;ksek teknolojili alanlara kay\u0131yor. Bence bu &ccedil;ok iyi bir i\u015faret&#8217;<\/em><\/strong> iltifatlar\u0131n\u0131n alt\u0131nda ne yatmaktayd\u0131? <\/span><strong><span style=\"font-size: 14pt;\">Irit Lillian,<\/span><\/strong><span style=\"font-size: 14pt;\"> <\/span><span style=\"font-size: 12pt;\">AA muhabirine yapt\u0131\u011f\u0131 a&ccedil;\u0131klamada, Tel Aviv&#8217;de d&uuml;zenlenen EcoMotion 2022 konferans ve fuar\u0131na T&uuml;rkiye&#8217;den yakla\u015f\u0131k 10 firman\u0131n kat\u0131ld\u0131\u011f\u0131n\u0131 vurgulam\u0131\u015ft\u0131. Bunlar\u0131n otomotiv ve ula\u015ft\u0131rma sekt&ouml;r&uuml;nde faaliyet g&ouml;steren b&uuml;y&uuml;k \u015firketler oldu\u011funu belirterek: <strong><em>&#8220;Art\u0131k t&uuml;m d&uuml;nya de\u011fi\u015fiyor ve y&uuml;z&uuml;n&uuml; farkl\u0131 y&ouml;ne &ccedil;eviriyor. EcoMotion; T&uuml;rk, \u0130srail ve bir&ccedil;ok uluslararas\u0131 firman\u0131n bir araya gelerek kendi &uuml;r&uuml;nlerini ve s&uuml;rd&uuml;r&uuml;lebilir &ccedil;&ouml;z&uuml;mlerini tan\u0131tabilece\u011fi bir platform. EcoMotion&#8217;da T&uuml;rk heyetinin varl\u0131\u011f\u0131 da &ccedil;ok &ouml;nemli say\u0131l\u0131yor.&#8221;<\/em><\/strong><em> <\/em>diyen Lillian, daha &ouml;nce de mart ay\u0131nda bir heyetin \u0130srail&#8217;e gitti\u011fini ve \u0130srail&#8217;den bir heyetin de T&uuml;rkiye&#8217;ye gelece\u011fini ifade ederek \u015funlar\u0131 aktarm\u0131\u015ft\u0131:<\/span><\/p>\n<p style=\"text-align: justify; text-indent: 25.5pt;\"><strong><em><span style=\"font-size: 12pt;\">&#8220;T&uuml;rkiye ve \u0130srail&#8217;in ticaret hacmi ge&ccedil;en y\u0131l 8 milyar dolara ula\u015ft\u0131. \u0130srail, T&uuml;rkiye&#8217;nin en b&uuml;y&uuml;k 9&#8217;uncu ihracat destinasyonu. Mevcut ticaret hacminin i&ccedil;eri\u011fine bakt\u0131\u011f\u0131m\u0131zda tekstil, yiyecek ve di\u011fer alanlardan olu\u015fan daha geleneksel bir yap\u0131 oldu\u011funu s&ouml;yleyebiliriz. EcoMotion&#8217;da bir T&uuml;rk heyetinin varl\u0131\u011f\u0131 iki &uuml;lkenin ekonomik ili\u015fkilerindeki y&ouml;n&uuml;n de\u011fi\u015fmeye ba\u015flad\u0131\u011f\u0131n\u0131 g&ouml;steriyor. Bu y&ouml;n daha sofistike, y&uuml;ksek teknolojili alanlara kay\u0131yor. Bence bu &ccedil;ok iyi bir i\u015faret. \u0130ki taraf\u0131n iklim de\u011fi\u015fikli\u011fi veya enerji krizi gibi problemleri &ouml;nleyecek alanlarda i\u015f birli\u011fini geli\u015ftirmesinin &ccedil;ok &ouml;nemli oldu\u011funu d&uuml;\u015f&uuml;n&uuml;yorum&hellip; Mobilite sadece ara&ccedil;larla ilgili de\u011fil, toplu ta\u015f\u0131man\u0131n daha etkin kullan\u0131lmas\u0131, trafi\u011fin azalt\u0131lmas\u0131, ak\u0131ll\u0131 \u015fehirler, enerji tasarrufu gibi bir&ccedil;ok konu bu alana giriyor. T&uuml;rkiye de sadece otomotiv end&uuml;strisinde de\u011fil, dron teknolojilerinde de &ouml;nemli bir &uuml;retici. EcoMotion&#8217;da bununla ilgili bir b&ouml;l&uuml;m olacak. Hareketlilik dedi\u011fimizde sadece insanlar\u0131n veya ara&ccedil;lar\u0131n hareketinden de\u011fil, &uuml;r&uuml;nlerin hareketlili\u011finden de bahsediyoruz ve dron teknolojileri bu anlamda gelecekte g&uuml;nl&uuml;k hayat\u0131m\u0131zda &ccedil;ok daha b&uuml;y&uuml;k bir &ouml;neme sahip olacak. Bu konuya sadece askeri a&ccedil;\u0131dan bakmamak gerek.&#8221;<\/span><\/em><\/strong><em><span style=\"font-size: 12pt;\"> <\/span><\/em><span style=\"font-size: 12pt;\">diyen Lillian, bu kapsamda s&uuml;rd&uuml;r&uuml;lebilir &ccedil;&ouml;z&uuml;mler, temiz teknolojiler, mobilite ve inovasyon gibi alanlar\u0131n iki &uuml;lkenin ekonomik ili\u015fkilerini daha ileri ta\u015f\u0131mak i&ccedil;in g&uuml;&ccedil;l&uuml; potansiyel vadetti\u011fini vurgulam\u0131\u015ft\u0131. <\/span><\/p>\n<p style=\"text-align: justify; text-indent: 25.5pt;\"><strong><span style=\"font-size: 14pt;\">\u0130srail Cumhurba\u015fkan\u0131 Isaac Herzog&#8217;un mart ay\u0131nda T&uuml;rkiye&#8217;ye yapt\u0131\u011f\u0131 ziyareti an\u0131msatan Lillian,<\/span><\/strong><em><span style=\"font-size: 14pt;\"> <\/span><\/em><strong><em><span style=\"font-size: 12pt;\">&#8220;\u0130kili ili\u015fkilerde e\u011filim pozitif oldu\u011fu, ekonomi ve sanayi sekt&ouml;rleri i\u015f birli\u011fiyle ilerledi\u011fi s&uuml;rece iki &uuml;lkenin ticaret hacmi de artacakt\u0131r.<\/span><\/em><\/strong><em><span style=\"font-size: 12pt;\">&#8220;<\/span><\/em><span style=\"font-size: 12pt;\"> <\/span><strong><span style=\"font-size: 14pt;\">s&ouml;zleriyle as\u0131l sinsi ama&ccedil;lar\u0131n\u0131 kusmu\u015flard\u0131. &Ccedil;&uuml;nk&uuml; Erdo\u011fan &uuml;zerinden T&uuml;rkiye, resmen olmasa da fiilen \u0130srail&rsquo;in dolayl\u0131 bir par&ccedil;as\u0131 yap\u0131lmaya &ccedil;al\u0131\u015f\u0131lmaktayd\u0131!<\/span><\/strong><\/p>\n<p style=\"text-align: justify; text-indent: 25.5pt;\"><strong><span style=\"font-size: 14pt;\">T&uuml;rkiye&rsquo;ye &#8216;Dijital Paraya&#8217; ge&ccedil;i\u015f i&ccedil;in bask\u0131 yap\u0131lmaktayd\u0131!<\/span><\/strong><\/p>\n<p style=\"text-align: justify; text-indent: 25.5pt;\"><strong><span style=\"font-size: 12pt;\">T&uuml;rkiye&#8217;nin de aralar\u0131nda bulundu\u011fu bir&ccedil;ok &uuml;lke dijital paraya ge&ccedil;i\u015f i&ccedil;in haz\u0131rl\u0131k yapmaktayd\u0131. &Uuml;lkelerin &uuml;zerinde &ccedil;al\u0131\u015ft\u0131\u011f\u0131 dijital paralar ile Kripto paralar kar\u0131\u015ft\u0131r\u0131lsa da aralar\u0131nda &ccedil;ok ciddi farklar bulundu\u011fu iddialar\u0131 bir palavrayd\u0131. Dijital para Siyonizm&rsquo;in yeni dolar\u0131yd\u0131! Kripto paralar\u0131n merkezinin bulunmad\u0131\u011f\u0131, ancak dijital paralar &ouml;yle olmad\u0131\u011f\u0131 iddialar\u0131 tam bir kand\u0131rmacayd\u0131. T&uuml;rkiye dahil onlarca &uuml;lkede dijital paraya ge&ccedil;mek i&ccedil;in &ccedil;al\u0131\u015fmalar y&uuml;r&uuml;t&uuml;lmesi, Siyonist sermayenin ve \u0130srail&rsquo;in D&uuml;nya h&acirc;kimiyeti hedefinin \u015feytani bir plan\u0131yd\u0131! Geleneksel k&acirc;\u011f\u0131t ve madeni olanlar\u0131n aksine Dijital Paran\u0131n fiziki bir kar\u015f\u0131l\u0131\u011f\u0131 bulunmamaktayd\u0131. Ancak t&uuml;m d&uuml;nyada sanal paralar, merkez bankalar\u0131n\u0131n radar\u0131na yakalanmaktayd\u0131. Bu nedenle Siyonist te\u015fvikli &uuml;lkeler birer birer dijital para birimlerini &ccedil;\u0131kartmak i&ccedil;in &ccedil;al\u0131\u015fmalar ba\u015flatm\u0131\u015ft\u0131.<\/span><\/strong><\/p>\n<p style=\"text-align: justify; text-indent: 25.5pt;\"><strong><span style=\"font-size: 12pt;\">G&uuml;ya kripto para uzman\u0131 ge&ccedil;inen k&uuml;resel sermaye u\u015faklar\u0131: <em>&#8216;Devletler kendi dijital paralar\u0131n\u0131 &ccedil;\u0131kartt\u0131klar\u0131 zaman buraya ayr\u0131lm\u0131\u015f olan bir finansal kayna\u011f\u0131 siz sadece buraya harcayacaks\u0131n\u0131z. &Ccedil;&uuml;nk&uuml; c&uuml;zdan\u0131n\u0131za bununla al&acirc;kal\u0131 belli durumlarda blokeler konulacak. Veya paraya son kullanma tarihi gibi baz\u0131 &ouml;zellikler sokulacak ve her \u015feyden &ouml;te, kara para aklamayla al&acirc;kal\u0131 devletlerin eli &ccedil;ok g&uuml;&ccedil;lenmi\u015f olacak. &Ccedil;&uuml;nk&uuml; b&uuml;t&uuml;n para trafi\u011fini net bir \u015fekilde devletler g&ouml;zlemleyip kontrol alt\u0131nda tutacak!..&rsquo;<\/em> iddialar\u0131 t&uuml;m d&uuml;nyan\u0131n Siyonist sermayenin g&uuml;d&uuml;m&uuml;ne al\u0131naca\u011f\u0131n\u0131n dolayl\u0131 itiraf\u0131yd\u0131.<\/span><\/strong><\/p>\n<p style=\"text-align: justify; text-indent: 25.5pt;\"><strong><em><span style=\"font-size: 12pt;\">&ldquo;Kripto paralar\u0131n merkeziyetsiz olmas\u0131, dijital paralar\u0131n da merkez bankalar\u0131n\u0131n tam kontrol&uuml;nde olmas\u0131, bu iki sanal para aras\u0131ndaki en temel fark\u0131 olu\u015fturmaktad\u0131r. Bunun yan\u0131 s\u0131ra merkez bankalar\u0131 dijital paralar\u0131n arz\u0131n\u0131 ayarlayabilme &ouml;zg&uuml;rl&uuml;\u011f&uuml;ne de sahip bulunmaktad\u0131r!..&rdquo; <\/span><\/em><\/strong><strong><span style=\"font-size: 12pt;\">yorumlar\u0131 as\u0131l tehlikeli ger&ccedil;e\u011fi &ccedil;arp\u0131tma ama&ccedil;l\u0131d\u0131r!<\/span><\/strong><\/p>\n<p style=\"text-align: justify; text-indent: 25.5pt;\"><strong><em><span style=\"font-size: 12pt;\">&ldquo;Dijital parayla normal banka kart\u0131n\u0131zla tuttu\u011funuz para aras\u0131ndaki fark \u015fudur: Dijital paralar direkt merkez bankalar\u0131n\u0131n &ccedil;\u0131kart\u0131p sundu\u011fu ve direkt sizin c&uuml;zdan\u0131n\u0131za g&ouml;nderme haklar\u0131 oldu\u011fu&hellip; Vatanda\u015fa &ouml;zel telefonlar\u0131na uygulamalar y&uuml;klenerek merkez bankas\u0131ndan arac\u0131 olmadan, yani bankalar\u0131 tamam\u0131yla aradan &ccedil;\u0131kartarak devletin sizin c&uuml;zdan\u0131n\u0131za y&uuml;kleme imk&acirc;n\u0131 olu\u015fturdu\u011fu paralard\u0131r. Burada merkez bankalar\u0131 tam kontroll&uuml; yetkiye sahip olacaklard\u0131r. Yani burada size g&ouml;nderdikleri bir parayla al&acirc;kal\u0131 b&uuml;t&uuml;n blokaj koyma yetkisine sahip olacaklar veya size g&ouml;nderdikleri parayla al&acirc;kal\u0131 nereye harcanaca\u011f\u0131na dair net bir \u015fekilde bunu s\u0131n\u0131rland\u0131rma yetkisini kullanacaklard\u0131r. Tabii bu y&ouml;nleriyle beraber \u015fu an g&uuml;n&uuml;m&uuml;zde kulland\u0131\u011f\u0131m\u0131z dijital paradan ayr\u0131lm\u0131\u015f olacaklard\u0131r&rdquo;<\/span><\/em><\/strong><strong><span style=\"font-size: 12pt;\"> s&ouml;zlerinin a&ccedil;\u0131l\u0131m\u0131; &ldquo;Art\u0131k cebinizdeki paray\u0131 ve nereye ne kadar harcad\u0131\u011f\u0131n\u0131z\u0131, t&uuml;m Merkez Bankalar\u0131n\u0131 g&uuml;d&uuml;m&uuml;ne alm\u0131\u015f olan Siyonist sermaye odaklar\u0131, takip ve tespit etmi\u015f olacaklard\u0131r. Yani her bir ki\u015fi, Siyonist D&uuml;nya h&acirc;kimiyetinin bir k&ouml;lesi konumuna ta\u015f\u0131nacakt\u0131r. &Uuml;stelik para; bir yeni &uuml;retim ve emek kar\u015f\u0131l\u0131\u011f\u0131 bas\u0131lmas\u0131 gerekirken, b&ouml;yle hayali ve kar\u015f\u0131l\u0131ks\u0131z Dijital Paralar; topluluklar\u0131, beyinleri ve keseleri kiral\u0131k paryalar durumuna d&uuml;\u015f&uuml;rm&uuml;\u015f olacakt\u0131r!&rdquo;<\/span><\/strong><\/p>\n<p style=\"text-align: justify; text-indent: 25.5pt;\"><strong><span style=\"font-size: 14pt;\">Erdo\u011fan&#8217;\u0131n m&uuml;ttefiki Perin&ccedil;ek bile itiraza ba\u015flam\u0131\u015ft\u0131!<\/span><\/strong><\/p>\n<p style=\"text-align: justify; text-indent: 25.5pt;\"><strong><span style=\"font-size: 12pt;\">Do\u011fu Perin&ccedil;ek, Cumhurba\u015fkan\u0131 Recep T. Erdo\u011fan&#8217;\u0131n <\/span><\/strong><strong><em><span style=\"font-size: 14pt;\">&ldquo;Suriye&#8217;de 13 ayr\u0131 b&ouml;lgede yerel meclis kurulaca\u011f\u0131&rdquo; <\/span><\/em><\/strong><strong><span style=\"font-size: 12pt;\">y&ouml;n&uuml;ndeki a&ccedil;\u0131klamas\u0131na kar\u015f\u0131 &ccedil;\u0131km\u0131\u015ft\u0131. <\/span><\/strong><strong><em><span style=\"font-size: 14pt;\">Perin&ccedil;ek, &#8220;Bu proje, Suriye&#8217;nin toprak b&uuml;t&uuml;nl&uuml;\u011f&uuml; konusunda birtak\u0131m soru i\u015faretleri getiriyor. T&uuml;rkiye a&ccedil;\u0131s\u0131ndan da son derece ciddi ve tehlikeli bir s&uuml;reci tetikliyor&#8221;<\/span><\/em><\/strong><strong><span style=\"font-size: 12pt;\"> uyar\u0131s\u0131n\u0131 yapm\u0131\u015ft\u0131. \u0130dlib&rsquo;de in\u015fa edilen briket evlerin anahtar teslim t&ouml;renine g&ouml;nderdi\u011fi videolu mesajda&nbsp;Cumhurba\u015fkan\u0131 Erdo\u011fan,<\/span><\/strong><span style=\"font-size: 12pt;\"> <strong><em>&ldquo;1 milyon Suriyeli karde\u015fimizin g&ouml;n&uuml;ll&uuml; geri d&ouml;n&uuml;\u015f&uuml;n&uuml; sa\u011flayacak yeni bir projenin haz\u0131rl\u0131klar\u0131 i&ccedil;indeyiz. Azez, Cerablus, Tel Abyad ba\u015fta olmak &uuml;zere 13 ayr\u0131 b&ouml;lgede yerel meclislerde y&uuml;r&uuml;tece\u011fimiz proje bir hayli geni\u015f kapsaml\u0131d\u0131r&rdquo;<\/em><\/strong><em> <\/em><strong>ifadelerini kullanm\u0131\u015ft\u0131. Do\u011fu Perin&ccedil;ek ise, \u015fu ele\u015ftirilerde bulunmu\u015flard\u0131:<\/strong><\/span><\/p>\n<p style=\"text-align: justify; text-indent: 25.5pt;\"><strong><em><span style=\"font-size: 12pt;\">&ldquo;Bu proje (Suriye&rsquo;de K&uuml;rtlere) yeni bir egemenlik alan\u0131 yarat\u0131yor. Projenin uyguland\u0131\u011f\u0131 topraklar, Suriye-Arap Cumhuriyetine ait olan topraklard\u0131r. Bu proje, Suriye&#8217;nin toprak b&uuml;t&uuml;nl&uuml;\u011f&uuml; konusunda birtak\u0131m soru i\u015faretleri getiriyor. T&uuml;rkiye a&ccedil;\u0131s\u0131ndan da son derece ciddi ve tehlikeli bir s&uuml;reci tetikliyor. H&uuml;k&uuml;metin niyeti ba\u015fka olabilir ama giri\u015filen uygulama sonu&ccedil; itibar\u0131yla T&uuml;rkiye i&ccedil;in son derece ciddi tehlikeleri bar\u0131nd\u0131r\u0131yor! Burada (Suriye topraklar\u0131nda) birtak\u0131m kantonlar kuruluyor. Orada yerel meclislerin y&ouml;netimi alt\u0131nda birtak\u0131m kantonlar, hatta h&uuml;k&uuml;met&ccedil;ikler ve devlet&ccedil;ikler olu\u015fturuluyor. Bu yerel meclisler, Suriye devletine ba\u011fl\u0131 olan yerel idareler de\u011fil, bunlar Suriye devletine ve Suriye h&uuml;k&uuml;metine muhalif olarak kuruluyor&hellip; Birle\u015fmi\u015f Milletler taraf\u0131ndan ve b&uuml;t&uuml;n d&uuml;nya taraf\u0131ndan me\u015frulu\u011fu kabul edilen Suriye h&uuml;k&uuml;metine muhalif olan birtak\u0131m unsurlar\u0131n y&ouml;netiminde olan bu meclisler kime hizmet etmeyi ama&ccedil;l\u0131yor? Maalesef bunlar T&uuml;rkiye devleti taraf\u0131ndan ve Birle\u015fmi\u015f Milletler taraf\u0131ndan ter&ouml;r listesinde bulunan baz\u0131 ter&ouml;r &ouml;rg&uuml;tleri oluyor. K\u0131smen ve bu b&ouml;lgelerde birtak\u0131m ya\u011fma unsurlar\u0131 faaliyet halinde bulunuyor. T&uuml;rkiye&#8217;den oraya gitmi\u015f olan baz\u0131 \u015firketler de do\u011frudan do\u011fruya bir ya\u011fma d&uuml;zeni kurmu\u015f durumdalar. O b&ouml;lgenin bak\u0131rlar\u0131 &ccedil;\u0131kar\u0131l\u0131p, o b&ouml;lgenin zeytin a\u011fa&ccedil;lar\u0131 s&ouml;k&uuml;l&uuml;p T&uuml;rkiye&#8217;de mobilya malzemesi olarak sat\u0131l\u0131yor. &Uuml;retimle ilgisi olmayan bir ya\u011fma ekonomisi de olu\u015fturulmu\u015f oluyor. Bu kantonlarda bir yandan o ter&ouml;r &ouml;rg&uuml;tlerini iktidar yap\u0131yor, onlar\u0131n iktidar\u0131n\u0131 peki\u015ftiriyor, bir yandan da bu ya\u011fmac\u0131 z&uuml;mrenin kurdu\u011fu talan ekonomisine hizmet ediyor&#8221;<\/span><\/em><\/strong><span style=\"font-size: 12pt;\"> <\/span><strong><span style=\"font-size: 14pt;\">gibi &ccedil;ok ciddi ve tehlikeli sonu&ccedil;lar do\u011furacak giri\u015fim ve geli\u015fmelerin hesab\u0131 elbette sorulacakt\u0131&hellip;<\/span><\/strong><\/p>\n<p style=\"text-align: justify; text-indent: 25.5pt;\"><strong><span style=\"font-size: 12pt;\">Ve Sn. Perin&ccedil;ek gibileri: <em>&ldquo;Suriye&rsquo;nin 13 Yerel Meclis b&ouml;lgesine ayr\u0131lmas\u0131&hellip;&rdquo;<\/em> gibi projeleri, Sn. Erdo\u011fan&rsquo;a &ouml;zel ve gizli g&ouml;r&uuml;\u015fmelerde ve normalle\u015fme giri\u015fimlerinde bizzat \u0130srail&rsquo;in telkin ve tavsiye buyurduklar\u0131n\u0131(!..) Ve zaten BOP&rsquo;ta hedeflendi\u011fi gibi, B&uuml;y&uuml;k \u0130srail amac\u0131na ancak T&uuml;rkiye dahil &ccedil;evresindeki \u0130slam &uuml;lkelerinin par&ccedil;alanmalar\u0131 ve Erbakan Hocam\u0131z\u0131n tabiriyle; <em>&ldquo;K&uuml;&ccedil;&uuml;k ve kolay lokma&hellip;&rdquo; <\/em>haline sokulmalar\u0131yla ula\u015f\u0131laca\u011f\u0131n\u0131, ya bilmiyorlard\u0131 veya bile bile gizliyorlard\u0131!?<\/span><\/strong><\/p>\n<p style=\"text-align: justify; text-indent: 25.5pt;\"><strong><span style=\"font-size: 12pt;\">Ve zaten, <\/span><\/strong><strong><em><span style=\"font-size: 14pt;\">&ldquo;Bor&ccedil; alanlar\u0131n, mecburen buyruk da alacaklar\u0131n\u0131&hellip;&rdquo;<\/span><\/em><\/strong><span style=\"font-size: 14pt;\"> <\/span><strong><span style=\"font-size: 12pt;\">Osmanl\u0131 Sultanlar\u0131m\u0131z, bo\u015funa m\u0131 vurgulam\u0131\u015flard\u0131!..<\/span><\/strong><\/p>\n<p>&nbsp;<\/p>\n<p>Bu makaleyi sesli olarak dinleyebilirsiniz:<\/p>\n<p>{mp3}erdoganmalvarligi{\/mp3}<\/p>\n<p>&nbsp;<\/p>\n<p style=\"text-align: justify; text-indent: 25.5pt;\"><strong><span style=\"font-size: 12pt;\"><\/span><\/strong><\/p>\n<p>&nbsp;<\/p>\n<hr style=\"text-align: left;\" size=\"1\" width=\"33%\" \/>\n<p style=\"text-indent: 0cm;\"><a href=\"#ftnref1\" id=\"ftn1\" style=\"vertical-align: super;\">[1]<\/a> <a href=\"mailto:burakkillioglu@milligazete.com.tr\">burakkillioglu@milligazete.com.tr<\/a><\/p>\n<p style=\"text-indent: 0cm;\"><a href=\"#ftnref2\" id=\"ftn2\" style=\"vertical-align: super;\">[2]<\/a> 09.02.2022 \/ Milliyet<\/p>\n","protected":false},"excerpt":{"rendered":"<p>&nbsp; VATANDA\u015eIN GE&Ccedil;\u0130M DARLI\u011eI, ERDO\u011eAN&rsquo;LARIN MAL VARLI\u011eI!? &nbsp;&nbsp;&nbsp;&nbsp;&nbsp;&nbsp;&nbsp;&nbsp; &ldquo;Kavanozun i&ccedil;inde y&uuml;z&uuml;yorduk, &Ouml;zal bizi k&uuml;vete koydu; Erdo\u011fan ile Bah&ccedil;eli T&uuml;rkiye&rsquo;yi o k&uuml;&ccedil;&uuml;k kavanozuna d&ouml;nd&uuml;rmeye ba\u015flad\u0131!&rdquo; Eski yanda\u015f, yeni Karar yazar\u0131&nbsp;\u0130smet Berkan,&nbsp;8. Cumhurba\u015fkan\u0131&nbsp;Turgut &Ouml;zal&#8217;dan &ouml;nceki y\u0131llar\u0131 &#8220;minik bir kavanoza&#8221; benzetirken, &#8220;B&ouml;yle benzetmeler sevimsiz ve sak\u0131ncal\u0131d\u0131r ama yine de yapaca\u011f\u0131m, biz minik bir kavanozun i&ccedil;inde y&uuml;z&uuml;yorduk, &Ouml;zal bizi [&hellip;]<\/p>\n","protected":false},"author":103,"featured_media":0,"comment_status":"open","ping_status":"closed","sticky":false,"template":"","format":"standard","meta":{"footnotes":""},"categories":[264],"tags":[],"class_list":["post-11249","post","type-post","status-publish","format-standard","hentry","category-agustos-2022"],"_links":{"self":[{"href":"https:\/\/www.millicozum.com\/mc\/wp-json\/wp\/v2\/posts\/11249","targetHints":{"allow":["GET"]}}],"collection":[{"href":"https:\/\/www.millicozum.com\/mc\/wp-json\/wp\/v2\/posts"}],"about":[{"href":"https:\/\/www.millicozum.com\/mc\/wp-json\/wp\/v2\/types\/post"}],"author":[{"embeddable":true,"href":"https:\/\/www.millicozum.com\/mc\/wp-json\/wp\/v2\/users\/103"}],"replies":[{"embeddable":true,"href":"https:\/\/www.millicozum.com\/mc\/wp-json\/wp\/v2\/comments?post=11249"}],"version-history":[{"count":0,"href":"https:\/\/www.millicozum.com\/mc\/wp-json\/wp\/v2\/posts\/11249\/revisions"}],"wp:attachment":[{"href":"https:\/\/www.millicozum.com\/mc\/wp-json\/wp\/v2\/media?parent=11249"}],"wp:term":[{"taxonomy":"category","embeddable":true,"href":"https:\/\/www.millicozum.com\/mc\/wp-json\/wp\/v2\/categories?post=11249"},{"taxonomy":"post_tag","embeddable":true,"href":"https:\/\/www.millicozum.com\/mc\/wp-json\/wp\/v2\/tags?post=11249"}],"curies":[{"name":"wp","href":"https:\/\/api.w.org\/{rel}","templated":true}]}}