{"id":11266,"date":"2022-08-06T14:18:20","date_gmt":"2022-08-06T11:18:20","guid":{"rendered":"https:\/\/www.millicozum.com\/mc\/ozel-yazilar\/haberturkun-islam-dusmanligi-ve-talha-hakan-alpin-kustahligi\/"},"modified":"2023-10-18T02:35:42","modified_gmt":"2023-10-17T23:35:42","slug":"haberturkun-islam-dusmanligi-ve-talha-hakan-alpin-kustahligi","status":"publish","type":"post","link":"https:\/\/www.millicozum.com\/mc\/ozel-yazilar\/haberturkun-islam-dusmanligi-ve-talha-hakan-alpin-kustahligi\/","title":{"rendered":"HABERT\u00dcRK&#8217;\u00dcN \u0130SLAM D\u00dc\u015eMANLI\u011eI  VE  TALHA HAKAN ALP\u2019\u0130N K\u00dcSTAHLI\u011eI"},"content":{"rendered":"\n<p>&nbsp;<\/p>\n<p style=\"margin-bottom: 0cm; text-align: center;\"><strong><span style=\"font-size: 18pt; font-family: 'Arial', sans-serif;\">HABERT&Uuml;RK&#8217;&Uuml;N \u0130SLAM D&Uuml;\u015eMANLI\u011eI<\/span><\/strong><\/p>\n<p style=\"margin-bottom: 0cm; text-align: center;\"><strong><span style=\"font-size: 18pt; font-family: 'Arial', sans-serif;\">VE<\/span><\/strong><\/p>\n<p style=\"margin-bottom: 0cm; text-align: center;\"><strong><span style=\"font-size: 18pt; font-family: 'Arial', sans-serif;\">TALHA HAKAN ALP&rsquo;\u0130N K&Uuml;STAHLI\u011eI<\/span><\/strong><\/p>\n<p style=\"margin-bottom: 0cm; text-align: justify; text-indent: 25.5pt;\"><strong><span style=\"font-size: 18pt; font-family: 'Arial', sans-serif;\">&nbsp;&nbsp;&nbsp;&nbsp;&nbsp;&nbsp;&nbsp;&nbsp; <\/span><\/strong><\/p>\n<p style=\"margin-bottom: 0cm; text-align: justify; text-indent: 25.5pt; line-height: 16pt;\"><strong><span style=\"font-size: 12pt; font-family: 'Arial', sans-serif;\">AKP iktidar\u0131ndan nemalanan ve HAVA\u015e&rsquo;\u0131n tamam\u0131na sahip k\u0131l\u0131nan Turgay Ciner Yay\u0131n Holding&rsquo;e ait bulunan, Show TV ve Bloomberg HT&#8217;nin karde\u015f kurulu\u015fu olan HABERT&Uuml;RK, &ccedil;ok sinsi ve tehlikeli bir \u0130slam d&uuml;\u015fmanl\u0131\u011f\u0131 y&uuml;r&uuml;tmektedir. Hatta Ha&ccedil;l\u0131 AB&#8217;nin T&uuml;rkiye&rsquo;ye resmen dayatt\u0131\u011f\u0131 ve Erdo\u011fan iktidar\u0131n\u0131n da &ccedil;akt\u0131rmadan bu talimat\u0131 uygulamaya &ccedil;al\u0131\u015ft\u0131\u011f\u0131:<\/span><\/strong><\/p>\n<p style=\"margin-bottom: 0cm; text-align: justify; text-indent: 25.5pt; line-height: 16pt;\"><strong><em><span style=\"font-size: 12pt; font-family: 'Arial', sans-serif;\">&bull; &ldquo;Yahudi ve Hristiyanlar\u0131 tan\u0131tan ayetleri<\/span><\/em><\/strong><\/p>\n<p style=\"margin-bottom: 0cm; text-align: justify; text-indent: 25.5pt; line-height: 16pt;\"><strong><em><span style=\"font-size: 12pt; font-family: 'Arial', sans-serif;\">&bull; Cihatla ilgili emirleri<\/span><\/em><\/strong><\/p>\n<p style=\"margin-bottom: 0cm; text-align: justify; text-indent: 25.5pt; line-height: 16pt;\"><strong><em><span style=\"font-size: 12pt; font-family: 'Arial', sans-serif;\">&bull; \u015eeriat ve hukuk h&uuml;k&uuml;mlerini Kur&rsquo;an&rsquo;dan &ccedil;\u0131kar\u0131n&#8230; Veya en az\u0131ndan Diyanet te\u015fkilat\u0131nda, ders kitaplar\u0131nda ve Dini programlarda, bunlar yokmu\u015f gibi davran\u0131n!..&rdquo;<\/span><\/em><\/strong><strong><span style=\"font-size: 12pt; font-family: 'Arial', sans-serif;\"> dayatmas\u0131na uygun bir tav\u0131r izlemektedir.<\/span><\/strong><\/p>\n<p style=\"margin-bottom: 0cm; text-align: justify; text-indent: 25.5pt; line-height: 16pt;\"><strong><span style=\"font-size: 12pt; font-family: 'Arial', sans-serif;\">Bir ara, D\u0130B eski \u0130slam Co\u011frafyas\u0131ndan sorumlu Ba\u015fkan M&uuml;\u015favirli\u011fi de yapan HABERT&Uuml;RK sunucusu <\/span><\/strong><strong><span style=\"font-size: 14pt; font-family: 'Arial', sans-serif;\">Mehmet Akif Ersoy<\/span><\/strong><strong><span style=\"font-size: 12pt; font-family: 'Arial', sans-serif;\">, \u0130lahiyat&ccedil;\u0131 ve Din ara\u015ft\u0131rmac\u0131s\u0131 etiketli insanlar\u0131 ekrana &ccedil;\u0131kart\u0131p, <\/span><\/strong><strong><em><span style=\"font-size: 14pt; font-family: 'Arial', sans-serif;\">Talha Hakan Alp<\/span><\/em><\/strong><strong><span style=\"font-size: 12pt; font-family: 'Arial', sans-serif;\"> gibi sapk\u0131nlar\u0131n, a&ccedil;\u0131k&ccedil;a ve k&uuml;stah&ccedil;a, Kur&rsquo;an&rsquo;a, Resul&uuml;llah&rsquo;a ve \u0130slam&rsquo;a y&ouml;nelik, h&acirc;\u015f&acirc;: <em>&ldquo;\u0130nsanlar\u0131 kutupla\u015ft\u0131r\u0131p birbirlerine k\u0131\u015fk\u0131rt\u0131c\u0131 ve k\u0131rd\u0131r\u0131c\u0131&#8230; Sava\u015f, sald\u0131r\u0131 ve talan k&uuml;lt&uuml;r&uuml;n&uuml; me\u015frula\u015ft\u0131r\u0131c\u0131 bir rol oynamaktad\u0131rlar&hellip;&#8221;<\/em> \u015feklindeki hakaret ve t&ouml;hmetlerini kusmalar\u0131na ve M&uuml;sl&uuml;manlar\u0131n kafalar\u0131na \u015f&uuml;phe tohumlar\u0131 sa&ccedil;malar\u0131na arac\u0131l\u0131k ve reklamc\u0131l\u0131k etmi\u015flerdir.<\/span><\/strong><\/p>\n<p style=\"margin-bottom: 0cm; text-align: justify; text-indent: 25.5pt; line-height: 16pt;\"><strong><span style=\"font-size: 12pt; font-family: 'Arial', sans-serif;\">Habert&uuml;rk&rsquo;te, 4 A\u011fustos 2022 ak\u015fam\u0131 Mehmet Akif Ersoy&rsquo;un moderat&ouml;rl&uuml;\u011f&uuml;ndeki <\/span><\/strong><strong><em><span style=\"font-size: 14pt; font-family: 'Arial', sans-serif;\">&#8220;Nedir, Ne De\u011fildir?&rdquo;<\/span><\/em><\/strong><strong><span style=\"font-size: 12pt; font-family: 'Arial', sans-serif;\"> program\u0131na kat\u0131lan, g&uuml;ya ilahiyat&ccedil;\u0131 <\/span><\/strong><strong><span style=\"font-size: 14pt; font-family: 'Arial', sans-serif;\">Talha Hakan Alp<\/span><\/strong><strong><span style=\"font-size: 12pt; font-family: 'Arial', sans-serif;\">, \u015eeytani bir cesaretle:<\/span><\/strong><\/p>\n<p style=\"margin-bottom: 0cm; text-align: justify; text-indent: 25.5pt; line-height: 16pt;\"><strong><span style=\"font-size: 12pt; font-family: 'Arial', sans-serif;\">&bull; <em>&ldquo;\u0130slam Dini, insanlar ve toplumlar aras\u0131 kutupla\u015fmay\u0131 ve d&uuml;\u015fmanl\u0131\u011f\u0131 haz\u0131rlam\u0131\u015ft\u0131r.<\/em><\/span><\/strong><\/p>\n<p style=\"margin-bottom: 0cm; text-align: justify; text-indent: 25.5pt; line-height: 16pt;\"><strong><span style=\"font-size: 12pt; font-family: 'Arial', sans-serif;\">&bull; <em>Hz. Muhammed, bu ayr\u0131mc\u0131l\u0131\u011f\u0131 ve sava\u015fmay\u0131 k\u0131\u015fk\u0131rtm\u0131\u015f ve bizzat ba\u015flatm\u0131\u015ft\u0131r&#8230;<\/em><\/span><\/strong><\/p>\n<p style=\"margin-bottom: 0cm; text-align: justify; text-indent: 25.5pt; line-height: 16pt;\"><strong><span style=\"font-size: 12pt; font-family: 'Arial', sans-serif;\">&bull; <em>\u0130slam; Devlet, siyaset ve h&acirc;kimiyet politikalar\u0131yla bu gereksiz &ccedil;at\u0131\u015fmalar\u0131 kurumla\u015ft\u0131rm\u0131\u015ft\u0131r&#8230;<\/em><\/span><\/strong><\/p>\n<p style=\"margin-bottom: 0cm; text-align: justify; text-indent: 25.5pt; line-height: 16pt;\"><strong><span style=\"font-size: 12pt; font-family: 'Arial', sans-serif;\">&bull; Kur&#8217;an&rsquo;\u0131n: <em>&ldquo;Dinin hepsi Allah&rsquo;\u0131n oluncaya kadar onlarla &ccedil;arp\u0131\u015f\u0131n!&rdquo;<\/em> (Enfal Suresi: 39) <em>h&uuml;km&uuml;; toplumlar ve devletler aras\u0131 sald\u0131r\u0131 ve sava\u015flar\u0131n ideolojik ve imani altyap\u0131s\u0131d\u0131r!..&rdquo;<\/em> gibi sa&ccedil;mal\u0131k ve safsatalar\u0131 s\u0131ralayan bu adama, di\u011fer \u0130lahiyat&ccedil;\u0131, Ara\u015ft\u0131rmac\u0131, Prof. etiketli kat\u0131l\u0131mc\u0131lar, gerekli ve yeterli yan\u0131tlar\u0131 vermek yerine, bir nevi gol atmas\u0131 i&ccedil;in pas vermi\u015flerdir. Do&ccedil;. Dr. Zafer Duygu ile Dr. Altay Cem Meri&ccedil; ve Ara\u015ft\u0131rmac\u0131 B&uuml;lent \u015eahin Erde\u011fer ise, \u015eeytan sofras\u0131ndaki maydanoz cinsinden, c\u0131l\u0131z ve c\u0131lk ifadelerle yetinmi\u015flerdir.<\/span><\/strong><\/p>\n<p style=\"margin-bottom: 0cm; text-align: justify; text-indent: 25.5pt; line-height: 16pt;\"><strong><span style=\"font-size: 12pt; font-family: 'Arial', sans-serif;\">Oysa, <em>&ldquo;(&Uuml;lkenizde ve yery&uuml;z&uuml;nde) Fitne kalmay\u0131ncaya, (temel insan haklar\u0131na ayk\u0131r\u0131 t&uuml;m fesat odaklar\u0131 kurutuluncaya ve b&ouml;ylece) Dinin (adalet d&uuml;zeninin) hepsi Allah&rsquo;\u0131n (r\u0131zas\u0131na ve temel insan haklar\u0131na uygun) oluncaya kadar (zalim ve k&acirc;firlerle) &ccedil;arp\u0131\u015f\u0131n (ve m&uuml;cadeleyi b\u0131rakmay\u0131n). \u015eayet (zul&uuml;m ve fitneden) vazge&ccedil;ecek olurlarsa, \u015f&uuml;phesiz Allah, yapt\u0131klar\u0131n\u0131 G&ouml;rendir (siz de onlar\u0131 kendi hallerine b\u0131rak\u0131n).&rdquo;<\/em> (Enfal: 39) ayeti &ouml;yle sapt\u0131r\u0131l\u0131p &ccedil;arp\u0131t\u0131ld\u0131\u011f\u0131 gibi, b&uuml;t&uuml;n insanlar\u0131 ve d&uuml;nyan\u0131n tamam\u0131n\u0131 zorla ve sava\u015fla M&uuml;sl&uuml;man yapmay\u0131 de\u011fil; yery&uuml;z&uuml;nde farkl\u0131 din ve k&ouml;kenden b&uuml;t&uuml;n insanlar\u0131n temel hak ve h&uuml;rriyetlerini sa\u011flayacak bir AD\u0130L D&Uuml;ZEN kurulmas\u0131n\u0131 istemektedir. <em>&ldquo;(<em><span style=\"font-family: 'Arial', sans-serif;\">Ey M&uuml;sl&uuml;manlar!)<\/span><\/em><\/em><\/span><\/strong><span style=\"font-size: 12pt; font-family: 'Arial', sans-serif; font-weight: normal;\"> <\/span><strong><em><span style=\"font-size: 12pt; font-family: 'Arial', sans-serif;\">Size ne oluyor<\/span><\/em><\/strong><span style=\"font-size: 12pt; font-family: 'Arial', sans-serif; font-weight: normal;\"> <\/span><em><strong><span style=\"font-size: 12pt; font-family: 'Arial', sans-serif;\">(ve nas\u0131l bir vicdani sorumsuzlu\u011fa kay\u0131yorsunuz)<\/span><\/strong><\/em><span style=\"font-size: 12pt; font-family: 'Arial', sans-serif; font-weight: normal;\"> <\/span><strong><em><span style=\"font-size: 12pt; font-family: 'Arial', sans-serif;\">ki; &lsquo;Ya Rabbi, ehli<\/span><\/em><\/strong><span style=\"font-size: 12pt; font-family: 'Arial', sans-serif; font-weight: normal;\"> <\/span><em><strong><span style=\"font-size: 12pt; font-family: 'Arial', sans-serif;\">(ve idarecileri)<\/span><\/strong><\/em><span style=\"font-size: 12pt; font-family: 'Arial', sans-serif; font-weight: normal;\"> <\/span><strong><em><span style=\"font-size: 12pt; font-family: 'Arial', sans-serif;\">zalim olan \u015fu &uuml;lkeden <\/span><\/em><\/strong><em><strong><span style=\"font-size: 12pt; font-family: 'Arial', sans-serif;\">(ve \u015fu d&uuml;zenden)<\/span><\/strong><\/em><span style=\"font-size: 12pt; font-family: 'Arial', sans-serif; font-weight: normal;\"> <\/span><strong><em><span style=\"font-size: 12pt; font-family: 'Arial', sans-serif;\">bizi kurtar, bize Kendi kat\u0131ndan bir sahip g&ouml;nder ve bize Kendi rahmetinden bir yard\u0131mc\u0131 ver&rsquo; diye yalvar\u0131p duran; erkek, kad\u0131n ve &ccedil;ocuklardan olu\u015fan aciz ve &ccedil;aresiz kimseleri kurtarmak i&ccedil;in Allah yolunda<\/span><\/em><\/strong><span style=\"font-size: 12pt; font-family: 'Arial', sans-serif; font-weight: normal;\"> <\/span><em><strong><span style=\"font-size: 12pt; font-family: 'Arial', sans-serif;\">(&ccedil;al\u0131\u015f\u0131p)<\/span><\/strong><\/em><span style=\"font-size: 12pt; font-family: 'Arial', sans-serif; font-weight: normal;\"> <\/span><strong><em><span style=\"font-size: 12pt; font-family: 'Arial', sans-serif;\">&ccedil;arp\u0131\u015fm\u0131yorsunuz?<\/span><\/em><\/strong><span style=\"font-size: 12pt; font-family: 'Arial', sans-serif; font-weight: normal;\"> <\/span><em><strong><span style=\"font-size: 12pt; font-family: 'Arial', sans-serif;\">(Bu duyars\u0131zl\u0131k ve nemel&acirc;z\u0131mc\u0131l\u0131k imani ve vicdani bir tav\u0131r de\u011fildir.)<\/span><\/strong><\/em><span style=\"font-size: 12pt; font-family: 'Arial', sans-serif;\"> <\/span><strong><span style=\"font-size: 12pt; font-family: 'Arial', sans-serif;\">[Not: Bug&uuml;n Anadolu&rsquo;muzdaki milyonlarca Suriyeli s\u0131\u011f\u0131nmac\u0131n\u0131n; Afrika&rsquo;da, Asya&rsquo;da ve G&uuml;ney Amerika&rsquo;daki milyonlarca a&ccedil;, biila&ccedil;, &ccedil;\u0131plak ve muhta&ccedil; M&uuml;sl&uuml;manlar\u0131n ve farkl\u0131 din ve kavimden nice mazlum ve ma\u011fdur insanlar\u0131n ezilmesine ve s&ouml;m&uuml;r&uuml;lmesine yol a&ccedil;an bu zalim ve Siyonist sistemi y\u0131kacak ve yery&uuml;z&uuml;nde <strong><span style=\"font-family: 'Arial', sans-serif;\">Adil bir D&uuml;zen<\/span><\/strong>&rsquo;i kuracak niyet ve gayreti ta\u015f\u0131mayanlar\u0131 Cenab-\u0131 Hakk bu ayetle ve \u015fiddetle ikaz etmektedir.]&rdquo; (Nisa Suresi: 75) ayeti bize, t&uuml;m mazlumlara sahip &ccedil;\u0131kmam\u0131z\u0131, emretmektedir: Zaten: <em>&ldquo;<strong><span style=\"font-family: 'Arial', sans-serif;\">De ki: &lsquo;O bizim de Rabbimiz, sizin de Rabbiniz iken, bizimle Allah hakk\u0131nda <\/span><\/strong><em><span style=\"font-family: 'Arial', sans-serif;\">(s&ouml;zde kan\u0131tlarla)<\/span><\/em><strong><span style=\"font-family: 'Arial', sans-serif;\"> tart\u0131\u015fmalara m\u0131 giriyorsunuz? <\/span><\/strong><em><span style=\"font-family: 'Arial', sans-serif;\">(Oysa)<\/span><\/em><strong><span style=\"font-family: 'Arial', sans-serif;\"> Bizim amellerimiz bizim, sizin amelleriniz de sizindir. Biz, O&#8217;na g&ouml;n&uuml;lden ba\u011flanm\u0131\u015f <\/span><\/strong><em><span style=\"font-family: 'Arial', sans-serif;\">(g&ouml;steri\u015ften ve art niyetten uzak, samimi)<\/span><\/em><strong><span style=\"font-family: 'Arial', sans-serif;\"> muhlis kimseleriz.&rsquo;&rdquo;<\/span><\/strong><\/em><\/span><\/strong><em><span style=\"font-size: 12pt; font-family: 'Arial', sans-serif;\"> <\/span><\/em><strong><span style=\"font-size: 12pt; font-family: 'Arial', sans-serif;\">(Bakara Suresi: 139) ayeti ve benzerleri bu durumu a&ccedil;\u0131k&ccedil;a bildirmektedir.<\/span><\/strong><\/p>\n<p style=\"margin-bottom: 0cm; text-align: justify; text-indent: 25.5pt; line-height: 16pt;\"><strong><span style=\"font-size: 14pt; font-family: 'Arial', sans-serif;\">\u0130lahiyat&ccedil;\u0131 k\u0131l\u0131fl\u0131 bu \u015farlatan; \u015eu \u015eeytani kanaati a\u015f\u0131lamaya &ccedil;al\u0131\u015f\u0131yor ve demek istiyor ki:<\/span><\/strong><\/p>\n<p style=\"margin-bottom: 0cm; text-align: justify; text-indent: 25.5pt; line-height: 16pt;\"><strong><em><span style=\"font-size: 12pt; font-family: 'Arial', sans-serif;\">a) Sava\u015flar\u0131 ve d&uuml;\u015fmanl\u0131klar\u0131 k&ouml;r&uuml;kleyen KUR&rsquo;AN, Allah kel&acirc;m\u0131 olamaz!..<\/span><\/em><\/strong><\/p>\n<p style=\"margin-bottom: 0cm; text-align: justify; text-indent: 25.5pt; line-height: 16pt;\"><strong><em><span style=\"font-size: 12pt; font-family: 'Arial', sans-serif;\">b) Elinde k\u0131l\u0131&ccedil;, insanlar\u0131 kampla\u015ft\u0131r\u0131p kan ak\u0131tan Hz. Muhammed, Peygamber olamaz!..<\/span><\/em><\/strong><\/p>\n<p style=\"margin-bottom: 0cm; text-align: justify; text-indent: 25.5pt; line-height: 16pt;\"><strong><em><span style=\"font-size: 12pt; font-family: 'Arial', sans-serif;\">c) Yani, bu Kur&rsquo;an Hz. Muhammed&rsquo;in uydurmas\u0131d\u0131r!..<\/span><\/em><\/strong><\/p>\n<p style=\"margin-bottom: 0cm; text-align: justify; text-indent: 25.5pt; line-height: 16pt;\"><strong><em><span style=\"font-size: 12pt; font-family: 'Arial', sans-serif;\">&ccedil;) Yok e\u011fer, bizzat Allah bunlar\u0131 emrediyorsa, -h&acirc;\u015f&acirc;- O da fitne ve fesatl\u0131\u011f\u0131n ba\u015f\u0131d\u0131r!..<\/span><\/em><\/strong><\/p>\n<p style=\"margin-bottom: 0cm; text-align: justify; text-indent: 25.5pt; line-height: 16pt;\"><strong><span style=\"font-size: 14pt; font-family: 'Arial', sans-serif;\">\u0130man ve insaf esaslar\u0131na, ahl&acirc;k ve vicdan kurallar\u0131na, akla ve tarihi olgulara ayk\u0131r\u0131 bu t&uuml;r itham ve iddialar\u0131, hem de bilgi&ccedil;lik havas\u0131yla TV ekranlar\u0131nda sa&ccedil;malayanlar ve bu \u015farlatanlara f\u0131rsat sunanlar; Siyonist-Ha&ccedil;l\u0131 odaklar\u0131n kiral\u0131k s&uuml;nepeleri ve \u015eeytan\u0131n \u015fakirtleri konumundad\u0131r.<\/span><\/strong><\/p>\n<p style=\"margin-bottom: 0cm; text-align: justify; text-indent: 25.5pt; line-height: 16pt;\"><strong><span style=\"font-size: 12pt; font-family: 'Arial', sans-serif;\">Bu talihsiz ve terbiyesiz tav\u0131r, <em>fikir &ouml;zg&uuml;rl&uuml;\u011f&uuml; ve ara\u015ft\u0131rmac\u0131 &ouml;zelli\u011fi<\/em> gibi bahanelerle de mazur say\u0131lamazd\u0131. &Ccedil;&uuml;nk&uuml; bu sata\u015fmalar, Dinimize ve m&uuml;&rsquo;min milletimize &ccedil;ok a\u011f\u0131r hakaret ve a&ccedil;\u0131k bir nefret amac\u0131 ta\u015f\u0131maktayd\u0131. Do\u011frusu b&ouml;yle bir k\u0131\u015fk\u0131rt\u0131c\u0131l\u0131\u011fa de\u011fil M&uuml;sl&uuml;manlar aras\u0131nda, hatta g&acirc;vurlar aras\u0131nda bile az rastlan\u0131rd\u0131. <\/span><\/strong><\/p>\n<p style=\"margin-bottom: 0cm; text-align: justify; text-indent: 25.5pt; line-height: 16pt;\"><strong><span style=\"font-size: 14pt; font-family: 'Arial', sans-serif;\">Prof. Dr. Caner Taslaman&rsquo;\u0131n;<\/span><\/strong><strong><span style=\"font-size: 12pt; font-family: 'Arial', sans-serif;\"> bu yalan ve iftiralara kar\u015f\u0131 gelmek ve cevap vermek yerine: <em>&ldquo;Mehdi beklentisi as\u0131ls\u0131zd\u0131r&#8230; M&uuml;ceddit kavram\u0131 uydurmad\u0131r&hellip; R&uuml;yalar\u0131n hi&ccedil;birine itimat ve itibar olunmamal\u0131d\u0131r!..&rdquo;<\/em> gibi, bizzat Kur&rsquo;an&rsquo;\u0131n haber ve h&uuml;k&uuml;mlerine ayk\u0131r\u0131 felsefi safsatalarla u\u011fra\u015fmas\u0131 da ger&ccedil;ek amac\u0131n\u0131 ve ayar\u0131n\u0131 ortaya koymaktad\u0131r.<\/span><\/strong><\/p>\n<p style=\"margin-bottom: 0cm; text-align: justify; text-indent: 25.5pt; line-height: 16pt;\"><strong><span style=\"font-size: 12pt; font-family: 'Arial', sans-serif;\">Oysa: <em>&ldquo;Veli k&uuml;lli kavmin had<\/em>=Her kavmin bir &lsquo;hadi&rsquo;si, yani yol g&ouml;sterecek hidayet rehberleri vard\u0131r.&rdquo; (Ra&rsquo;d Suresi: 7 sonu) ayeti gayet a&ccedil;\u0131kt\u0131r. M&uuml;sl&uuml;manlara sorumluluk ve umut a\u015f\u0131layan bu kavramlara niye d&uuml;\u015fmanl\u0131k yap\u0131l\u0131rd\u0131?!.. Bizzat Hz. Peygamberimizin, Hz. \u0130brahim&rsquo;in ve Hz. Yusuf&rsquo;un de\u011fil, hatta Hz. Musa&rsquo;n\u0131n annesi ve Meryem Hatun gibi saliha m&uuml;&rsquo;minlerce ve hatta M\u0131s\u0131r Kral\u0131 gibi s\u0131radan kimselerce g&ouml;r&uuml;len ve Kur&rsquo;an&rsquo;da haber verilen r&uuml;yalar\u0131, bu zerzevat zevat nereye koyacaklard\u0131?..<\/span><\/strong><\/p>\n<p style=\"margin-bottom: 0cm; text-align: justify; text-indent: 25.5pt; line-height: 16pt;\"><strong><span style=\"font-size: 12pt; font-family: 'Arial', sans-serif;\">Bu \u015fahs\u0131n: <em>&ldquo;Diyanet \u0130\u015fleri Ba\u015fkanl\u0131\u011f\u0131, Tarikat ve Cemaatler, Dini hizmet vak\u0131flar\u0131 ve dernekler, sadece mevcut \u0130SLAM PASTASINDAN pay almak tela\u015f\u0131ndad\u0131rlar. \u0130slam&rsquo;a, Kur&rsquo;an&rsquo;a ve Resul&uuml;llah&rsquo;a y&ouml;nelik sata\u015fmalara, Allah&rsquo;\u0131n varl\u0131\u011f\u0131na ve \u0130slam&rsquo;\u0131n hakl\u0131l\u0131\u011f\u0131na y&ouml;nelik itiraz ve sorulara yan\u0131t vermek gibi bir gaye ve gayretleri bulunmamaktad\u0131r&hellip;&rdquo;<\/em> gibi baz\u0131 maalesef do\u011fru tespit ve tenkitlerine bile, bizzat kendilerinin ters d&uuml;\u015ft&uuml;klerinin fark\u0131na bile varamam\u0131\u015flard\u0131r. &Ccedil;&uuml;nk&uuml; Talha Hakan Alp \u015farlatan\u0131, kendi kar\u015f\u0131s\u0131nda Allah&rsquo;a, Kur&rsquo;an&rsquo;a, Resul&uuml;llah&rsquo;a ve topyek&ucirc;n \u0130slam&#8217;a sata\u015f\u0131p iftiralar atarken, susmaktan ve dolayl\u0131 destek sa\u011flamaktan ba\u015fka hi&ccedil;bir \u015fey yapmam\u0131\u015flard\u0131. Bunlar, Hz. Peygamber Efendimizin, <em>&ldquo;Haks\u0131zl\u0131klar kar\u015f\u0131s\u0131nda susanlar\u0131n Dilsiz \u015eeytan say\u0131ld\u0131\u011f\u0131n\u0131&rdquo;<\/em> beyan etti\u011fi hadisini bilmiyor olamazlard\u0131. <\/span><\/strong><\/p>\n<p style=\"margin-bottom: 0cm; text-align: justify; text-indent: 25.5pt; line-height: 16pt;\"><strong><span style=\"font-size: 12pt; font-family: 'Arial', sans-serif;\">Bu arada, kendi partilerine dokunan baz\u0131 yay\u0131nlar\u0131 nedeniyle, Habert&uuml;rk&rsquo;e ve Ciner Holding&rsquo;e ate\u015f p&uuml;sk&uuml;rten Semih Yal&ccedil;\u0131n gibi MHP kurmaylar\u0131n\u0131n, ayn\u0131 kans\u0131z kanal\u0131n \u0130slam&rsquo;a y&ouml;nelik kahpe sald\u0131r\u0131lar\u0131 kar\u015f\u0131s\u0131ndaki duyars\u0131z ve tutars\u0131z tav\u0131rlar\u0131 da dikkatlerden ka&ccedil;mam\u0131\u015ft\u0131!<\/span><\/strong><\/p>\n<p style=\"margin-bottom: 0cm; text-align: justify; text-indent: 25.5pt; line-height: 16pt;\"><strong><span style=\"font-size: 12pt; font-family: 'Arial', sans-serif;\">Enfal Suresi, 39. Ayette; <em>&#8220;O m&uuml;\u015friklerle hi&ccedil;bir fitne kalmay\u0131ncaya ve din b&uuml;t&uuml;n&uuml;yle Allah&#8217;\u0131n oluncaya kadar sava\u015f\u0131n.&#8221;<\/em> Ayetin ikinci k\u0131sm\u0131n\u0131n inan&ccedil; h&uuml;rriyetine uygun d&uuml;\u015fmedi\u011fi iddialar\u0131 da tam bir safsata ve sapt\u0131rmacayd\u0131.<\/span><\/strong><\/p>\n<p style=\"margin-bottom: 0cm; text-align: justify; text-indent: 25.5pt; line-height: 16pt;\"><strong><span style=\"font-size: 12pt; font-family: 'Arial', sans-serif;\">&Ouml;ncelikle \u015funu &ouml;zellikle vurgulayal\u0131m: \u0130slam dininin, M&uuml;sl&uuml;manlarla anla\u015fma yapan hari&ccedil;teki k&acirc;firlere ve yine bir \u0130slam &uuml;lkesinde ya\u015fay\u0131p cizyesini (vergisini) veren gayrim&uuml;slimlere hayat hakk\u0131 tan\u0131mas\u0131 ve M&uuml;sl&uuml;man bir &uuml;lkede ya\u015fayan farkl\u0131 Dini kesimlere hukuki garantiler sa\u011flamas\u0131 g&ouml;steriyor ki, s&ouml;z konusu ayet-i kerimeyi din h&uuml;rriyetine bir engelmi\u015f gibi yorumlamak ger&ccedil;e\u011fe ayk\u0131r\u0131d\u0131r. \u0130slam&#8217;da, s&ouml;z&uuml;n&uuml; etti\u011fimiz bu iki grup gayrim&uuml;slim ile sulh i&ccedil;inde ya\u015famak esast\u0131r. Onlarla sava\u015f\u0131lmaz, onlar\u0131n hakk\u0131 muhafaza alt\u0131ndad\u0131r.<\/span><\/strong><\/p>\n<p style=\"margin-bottom: 0cm; text-align: justify; text-indent: 25.5pt; line-height: 16pt;\"><strong><span style=\"font-size: 12pt; font-family: 'Arial', sans-serif;\">Bu ayet-i kerime, asl\u0131nda M&uuml;sl&uuml;manlara iki b&uuml;y&uuml;k hedef koymaktad\u0131r:<\/span><\/strong><\/p>\n<p style=\"margin-bottom: 0cm; text-align: justify; text-indent: 25.5pt; line-height: 16pt;\"><strong><span style=\"font-size: 12pt; font-family: 'Arial', sans-serif;\">1- Fitnenin (her t&uuml;rl&uuml; kaos ve karga\u015fan\u0131n) k&ouml;k&uuml;n&uuml; kaz\u0131mak ve yery&uuml;z&uuml;nde huzur, hukuk ve refah\u0131 sa\u011flamak.<\/span><\/strong><\/p>\n<p style=\"margin-bottom: 0cm; text-align: justify; text-indent: 25.5pt; line-height: 16pt;\"><strong><span style=\"font-size: 12pt; font-family: 'Arial', sans-serif;\">2- Allah&rsquo;\u0131n dininin adalet ve saadet kurallar\u0131n\u0131 h&acirc;kim k\u0131lmak. &Ccedil;&uuml;nk&uuml; \u0130slam&rsquo;\u0131n inan&ccedil; ve ibadet esaslar\u0131 sadece M&uuml;sl&uuml;manlar\u0131 ba\u011flamaktad\u0131r. Ama adalet ve insan haklar\u0131 esaslar\u0131 t&uuml;m insanlar\u0131n huzur kayna\u011f\u0131d\u0131r.<\/span><\/strong><\/p>\n<p style=\"margin-bottom: 0cm; text-align: justify; text-indent: 25.5pt; line-height: 16pt;\"><strong><span style=\"font-size: 12pt; font-family: 'Arial', sans-serif;\">Bunlardan birincisi, evrensel bir bar\u0131\u015f ama&ccedil;lamaktad\u0131r. Yani, b&uuml;t&uuml;n insanlar\u0131n huzur ve emniyet i&ccedil;inde ya\u015fayabilece\u011fi bir ortam olu\u015fturmal\u0131d\u0131r. &Ouml;yle ki; gayrim&uuml;slim bir devlet, ba\u015fkas\u0131na zul&uuml;m etse, bu fitneyi def i&ccedil;in mazlum devlete yard\u0131m edilebilme imk&acirc;n\u0131na sahip olmal\u0131d\u0131r.<\/span><\/strong><\/p>\n<p style=\"margin-bottom: 0cm; text-align: justify; text-indent: 25.5pt; line-height: 16pt;\"><strong><span style=\"font-size: 12pt; font-family: 'Arial', sans-serif;\">\u015eu ayetler, bu manay\u0131 vurgulamaktad\u0131r:<\/span><\/strong><\/p>\n<p style=\"margin-bottom: 0cm; text-align: justify; text-indent: 25.5pt; line-height: 16pt;\"><strong><em><span style=\"font-size: 12pt; font-family: 'Arial', sans-serif;\">&ldquo;Sizinle (Dininiz, devletiniz, &uuml;lkeniz ve h&uuml;rriyetiniz konusunda ve &ccedil;e\u015fitli yollarla) sava\u015fanlara kar\u015f\u0131, (siz de) Allah yolunda (ve ge&ccedil;erli olan silah ve metotlarla) &ccedil;arp\u0131\u015f\u0131n; (ancak) a\u015f\u0131r\u0131l\u0131\u011fa kaymay\u0131n! Kesinlikle Allah a\u015f\u0131r\u0131 gidenleri sevmez. (Bu nedenle haddi a\u015fmay\u0131n ve haks\u0131zl\u0131\u011fa sapmay\u0131n.)&rdquo;<\/span><\/em><\/strong><strong><span style=\"font-size: 12pt; font-family: 'Arial', sans-serif;\"> (Bakara: 190)<\/span><\/strong><\/p>\n<p style=\"margin-bottom: 0cm; text-align: justify; text-indent: 25.5pt; line-height: 16pt;\"><strong><em><span style=\"font-size: 12pt; font-family: 'Arial', sans-serif;\">&ldquo;(Ey m&uuml;&rsquo;minler!) Ho\u015funuza gitmedi\u011fi (rahat\u0131na ve d&uuml;nya hayat\u0131na d&uuml;\u015fk&uuml;n nefislerinizin istemedi\u011fi) halde, (imtihan s\u0131rr\u0131, haysiyet ve h&uuml;rriyetinizin korunmas\u0131 amac\u0131yla) K\u0131tal (sava\u015f\u0131p vuru\u015fmak) &uuml;zerinize yaz\u0131ld\u0131 (farz k\u0131l\u0131nd\u0131). Asl\u0131nda ho\u015flanmad\u0131\u011f\u0131n\u0131z bir \u015fey, belki de sizin i&ccedil;in hay\u0131rl\u0131d\u0131r; sevdi\u011finiz ve arzulad\u0131\u011f\u0131n\u0131z bir \u015fey de, olur ki sizin i&ccedil;in \u015ferli ve zararl\u0131d\u0131r. (Her \u015feyin do\u011frusunu ve hay\u0131rl\u0131s\u0131n\u0131) Allah bilir, siz bilmezsiniz.&rdquo;<\/span><\/em><\/strong><strong><span style=\"font-size: 12pt; font-family: 'Arial', sans-serif;\"> (Bakara: 216)<\/span><\/strong><\/p>\n<p style=\"margin-bottom: 0cm; text-align: justify; text-indent: 25.5pt; line-height: 16pt;\"><strong><em><span style=\"font-size: 12pt; font-family: 'Arial', sans-serif;\">&ldquo;Ey iman edenler! (D&uuml;\u015fmanlar\u0131n\u0131za kar\u015f\u0131 uyan\u0131k bulunup her t&uuml;rl&uuml;) Korunma ve savunma tedbirlerinizi al\u0131n (ihtiyatl\u0131 ve haz\u0131rl\u0131kl\u0131 davran\u0131n) da b&ouml;l&uuml;k b&ouml;l&uuml;k, ya da (gerekirse) hep birlikte (cihada &ccedil;\u0131k\u0131p, topyek&ucirc;n d&uuml;\u015fman &uuml;zerine) gidin.&rdquo;<\/span><\/em><\/strong><strong><span style=\"font-size: 12pt; font-family: 'Arial', sans-serif;\"> (Nisa: 71)<\/span><\/strong><\/p>\n<p style=\"margin-bottom: 0cm; text-align: justify; text-indent: 25.5pt; line-height: 16pt;\"><strong><em><span style=\"font-size: 12pt; font-family: 'Arial', sans-serif;\">&ldquo;Onlara (gizli, a&ccedil;\u0131k d&uuml;\u015fmanlara) kar\u015f\u0131 g&uuml;c&uuml;n&uuml;z&uuml;n yetti\u011fi kadar (b&uuml;t&uuml;n imk&acirc;nlar\u0131 kullanarak siyasi, askeri ve iktisadi her t&uuml;rl&uuml;) kuvvet ve ba\u011flan\u0131p beslenen atlar, (bug&uuml;n ise &uuml;retilip devaml\u0131 bak\u0131m\u0131 yap\u0131lan u&ccedil;aklar, f&uuml;zeler ve tanklar) haz\u0131rlay\u0131n. Ki bunlarla Allah&#8217;\u0131n ve sizin d&uuml;\u015fmanlar\u0131n\u0131z\u0131 ve Allah&rsquo;\u0131n bildi\u011fi (ama) sizin bilmedi\u011finiz di\u011fer (gizli \u015fer ve nifak odaklar\u0131n\u0131) korkutas\u0131n\u0131z (ve cayd\u0131r\u0131c\u0131l\u0131k g&uuml;c&uuml;ne sahip olas\u0131n\u0131z. Bu konuda cimrilik ve tedbirsizlik yapmayas\u0131n\u0131z). Allah yolunda (cihad u\u011frunda ve milli savunma amac\u0131yla) her ne harcarsan\u0131z, (nas\u0131l bir katk\u0131 sunarsan\u0131z, o ahirette) size tam olarak &ouml;denir ve asla haks\u0131zl\u0131\u011fa u\u011frat\u0131lmazs\u0131n\u0131z. (Allah adalet sahibidir.)&rdquo;<\/span><\/em><\/strong><strong><span style=\"font-size: 12pt; font-family: 'Arial', sans-serif;\"> (Enfal: 60)<\/span><\/strong><\/p>\n<p style=\"margin-bottom: 0cm; text-align: justify; text-indent: 25.5pt; line-height: 16pt;\"><strong><span style=\"font-size: 12pt; font-family: 'Arial', sans-serif;\">Peygamber Efendimiz k\u0131yamet g&uuml;n&uuml;n&uuml;n o deh\u015fetinde, ar\u015f\u0131n g&ouml;lgesinde g&ouml;lgelenecek yedi s\u0131n\u0131f insan\u0131 bildirirken en &ouml;nce &ldquo;adil idarecileri&rsquo;&rsquo; saym\u0131\u015ft\u0131r. Bir &uuml;lkede adaletin yerini zul&uuml;m al\u0131rsa, o &uuml;lkede fitne, kaos ba\u015flar. \u0130\u015fte, bu t&uuml;r fitneleri sona erdirmek M&uuml;sl&uuml;manlar\u0131n en y&uuml;ce hedeflerinden biri olarak say\u0131lm\u0131\u015ft\u0131r.<\/span><\/strong><\/p>\n<p style=\"margin-bottom: 0cm; text-align: justify; text-indent: 25.5pt; line-height: 16pt;\"><strong><span style=\"font-size: 12pt; font-family: 'Arial', sans-serif;\">Kehf Suresi&rsquo;nde k\u0131ssas\u0131 anlat\u0131lan Z&uuml;lkarneyn, bu manan\u0131n g&uuml;zel bir &ouml;rne\u011fi konumundad\u0131r. Bir d&uuml;nya fatihi olan bu zat, arz\u0131n do\u011fusuna-bat\u0131s\u0131na seferler d&uuml;zenlemi\u015f, mazlumlar\u0131 zalimlerin bask\u0131s\u0131ndan kurtarm\u0131\u015ft\u0131r. G&uuml;n&uuml;m&uuml;zde de Z&uuml;lkarneyn gibi, insanc\u0131l ve insafl\u0131 d&uuml;nya cihangirlerine ihtiya&ccedil; vard\u0131r.<\/span><\/strong><\/p>\n<p style=\"margin-bottom: 0cm; text-align: justify; text-indent: 25.5pt; line-height: 16pt;\"><strong><em><span style=\"font-size: 12pt; font-family: 'Arial', sans-serif;\">&ldquo;Allah&rsquo;\u0131n dinini h&acirc;kim k\u0131lmak&rdquo;<\/span><\/em><\/strong><strong><span style=\"font-size: 12pt; font-family: 'Arial', sans-serif;\"> h&uuml;km&uuml;n&uuml;n ise, her din ve kavimden, herkesin huzur ve refah i&ccedil;inde ya\u015fayaca\u011f\u0131 bir bar\u0131\u015f ve bereket ortam\u0131n\u0131n haz\u0131rlanmas\u0131 hedefi vard\u0131r. Zira, bir ba\u015fka ayette a&ccedil;\u0131k&ccedil;a <em>&ldquo;Dinde zorlama yoktur.&rdquo;<\/em> buyrulmaktad\u0131r. (Bakara: 256) Dinde tebli\u011f vard\u0131r. Peygamberimiz hi&ccedil;bir insan\u0131 zorla \u0130slam&rsquo;a sokmam\u0131\u015ft\u0131r. Zaten &ouml;yle bir \u015fey insan tabiat\u0131na ayk\u0131r\u0131d\u0131r. Silah zoruyla din de\u011fi\u015ftiren birisi ger&ccedil;ekte m&uuml;naf\u0131kla\u015f\u0131r. Hem Peygamberimiz devrinde hem de sonras\u0131nda M&uuml;sl&uuml;manlar di\u011fer dinlerin mensuplar\u0131na tam bir din ve inan&ccedil; h&uuml;rriyeti tan\u0131m\u0131\u015flard\u0131r. Osmanl\u0131 Devleti&rsquo;nin ba\u015fkenti olan \u0130stanbul&rsquo;da kilise ve havralar\u0131n g&uuml;n&uuml;m&uuml;ze kadar gelmesi, Balkanlarda 400 y\u0131l s&uuml;ren Osmanl\u0131 idaresi zaman\u0131nda Hristiyan halk\u0131n dinlerini rahat&ccedil;a ya\u015famas\u0131 \u0130slam&rsquo;daki din ve inan&ccedil; h&uuml;rriyetini a&ccedil;\u0131k&ccedil;a ortaya koymaktad\u0131r.<\/span><\/strong><\/p>\n<p style=\"margin-bottom: 0cm; text-align: justify; text-indent: 25.5pt; line-height: 16pt;\"><strong><span style=\"font-size: 12pt; font-family: 'Arial', sans-serif;\">Tarih boyunca insanlar, kendi cinslerinden olan baz\u0131 insanlara veya baz\u0131 varl\u0131klara kulluktan kurtulamam\u0131\u015flard\u0131r. Halbuki insan, Allah&rsquo;tan ba\u015fkas\u0131na ibadet yapmamal\u0131d\u0131r. Bununla ilgili olarak Hz. Peygamberin hayat\u0131ndan birka&ccedil; tabloyu sunmak istiyoruz:<\/span><\/strong><\/p>\n<p style=\"margin-bottom: 0cm; text-align: justify; text-indent: 25.5pt; line-height: 16pt;\"><strong><em><span style=\"font-size: 12pt; font-family: 'Arial', sans-serif;\">&#8211; Hz. Peygamberin yan\u0131na gelen bir el&ccedil;i O&rsquo;nun manevi azameti kar\u015f\u0131s\u0131nda titremeye ba\u015flar. Hz. Peygamber \u015fu s&ouml;zleriyle el&ccedil;iyi yat\u0131\u015ft\u0131r\u0131r:<\/span><\/em><\/strong><\/p>\n<p style=\"margin-bottom: 0cm; text-align: justify; text-indent: 25.5pt; line-height: 16pt;\"><strong><em><span style=\"font-size: 12pt; font-family: 'Arial', sans-serif;\">&#8220;Sakin ol, Ben kral de\u011filim; kurutulmu\u015f et yiyen bir kad\u0131n\u0131n o\u011fluyum.&#8221; <\/span><\/em><\/strong><strong><span style=\"font-size: 12pt; font-family: 'Arial', sans-serif;\">(\u0130bn Mace, Et&rsquo;ime, h. no: 3312; Kenzu&rsquo;l-Ummal, h. no: 14965)<\/span><\/strong><\/p>\n<p style=\"margin-bottom: 0cm; text-align: justify; text-indent: 25.5pt; line-height: 16pt;\"><strong><span style=\"font-size: 12pt; font-family: 'Arial', sans-serif;\">&#8211; Hz. Peygamberin ashab\u0131ndan olan Muaz bin Cebel, \u015eam&rsquo;dan d&ouml;nd&uuml;\u011f&uuml;nde, Hz. Peygamberin &ouml;n&uuml;nde secdeye var\u0131r. Peygamber, <em>&ldquo;Ey Muaz, bu ne demek?&rdquo;<\/em> diye sorar. Muaz, <em>&ldquo;\u015eam&rsquo;daki insanlar kendi reis ve ruhani liderlerine b&ouml;yle yap\u0131yorlar. Siz ise, onlardan daha b&uuml;y&uuml;ks&uuml;n&uuml;z.&rdquo;<\/em> der. Resul&uuml;llah, Muaz&rsquo;a; <em>bunun do\u011fru olmad\u0131\u011f\u0131n\u0131, secdenin sadece Allah&rsquo;a yap\u0131lmas\u0131 gerekti\u011fini<\/em> anlat\u0131r.<\/span><\/strong><\/p>\n<p style=\"margin-bottom: 0cm; text-align: justify; text-indent: 25.5pt; line-height: 16pt;\"><strong><span style=\"font-size: 12pt; font-family: 'Arial', sans-serif;\">Ve yine; Adiy bin Hatem, Hristiyan iken \u0130slam&rsquo;a girer. Hz. Peygambere, Kur&rsquo;an&#8217;daki, <\/span><\/strong><\/p>\n<p style=\"margin-bottom: 0cm; text-align: justify; text-indent: 25.5pt; line-height: 16pt;\"><strong><em><span style=\"font-size: 12pt; font-family: 'Arial', sans-serif;\">&ldquo;Onlar din bilginleri ve ruhbanlar\u0131n\u0131 Allah&rsquo;\u0131n d\u0131\u015f\u0131nda rabler edindiler.&rdquo;<\/span><\/em><\/strong><strong><span style=\"font-size: 12pt; font-family: 'Arial', sans-serif;\"> (Tevbe: 31) ayetinden sorar, <em>&ldquo;Biz onlar\u0131 rabler edinmiyorduk, ne demektir?&rdquo; <\/em>der. Resul&uuml;llah \u015fu cevab\u0131 verir: <em>&ldquo;Onlar\u0131n helal k\u0131ld\u0131\u011f\u0131n\u0131 helal, haram k\u0131ld\u0131\u011f\u0131n\u0131 haram kabul ediyor muydunuz?&rdquo;<\/em> Adiy bin Hatem, <em>&ldquo;Evet.&rdquo;<\/em> deyince Resul&uuml;llah,<em> &ldquo;\u0130\u015fte, der, bu onlar\u0131 rab edinmek demektir.&rdquo; <\/em>buyurmu\u015flard\u0131r.<\/span><\/strong><\/p>\n<p style=\"margin-bottom: 0cm; text-align: justify; text-indent: 25.5pt; line-height: 16pt;\"><strong><span style=\"font-size: 14pt; font-family: 'Arial', sans-serif;\">D&uuml;nya \u0130mtihan Meydan\u0131d\u0131r; Hak ile B&acirc;t\u0131l\u0131n M&uuml;cadele Sahas\u0131d\u0131r!<\/span><\/strong><\/p>\n<p style=\"margin-bottom: 0cm; text-align: justify; text-indent: 25.5pt; line-height: 16pt;\"><strong><span style=\"font-size: 12pt; font-family: 'Arial', sans-serif;\">Cenab-\u0131 Hak, yery&uuml;z&uuml;nde Kendi Zat\u0131na halife-temsilci olabilecek ve kuracaklar\u0131 Adil Devlet d&uuml;zeniyle, temel insan haklar\u0131na dayal\u0131 bir bar\u0131\u015f ve bereket sistemini y&uuml;r&uuml;tecek &ouml;zellik ve kabiliyetlerle ve tabi imtihan mesuliyetiyle insanlar\u0131 yaratt\u0131.<\/span><\/strong><\/p>\n<p style=\"margin-bottom: 0cm; text-align: justify; text-indent: 25.5pt; line-height: 16pt;\"><strong><span style=\"font-size: 14pt; font-family: 'Arial', sans-serif;\">\u0130nsanlar\u0131; hayvanlardan ay\u0131ran ve faziletli k\u0131lan 4 temel farkl\u0131l\u0131kla donatt\u0131.<\/span><\/strong><\/p>\n<p style=\"margin-bottom: 0cm; text-align: justify; text-indent: 25.5pt; line-height: 16pt;\"><strong><span style=\"font-size: 12pt; font-family: 'Arial', sans-serif;\">1- \u0130nsanlar; <\/span><\/strong><strong><span style=\"font-size: 14pt; font-family: 'Arial', sans-serif;\">&#8220;do\u011fru&#8221;<\/span><\/strong><strong><span style=\"font-size: 12pt; font-family: 'Arial', sans-serif;\">yu <\/span><\/strong><strong><span style=\"font-size: 14pt; font-family: 'Arial', sans-serif;\">&#8220;yanl\u0131\u015f&#8221;<\/span><\/strong><strong><span style=\"font-size: 12pt; font-family: 'Arial', sans-serif;\">tan ay\u0131rma yetene\u011fine sahip k\u0131l\u0131nm\u0131\u015ft\u0131r.<\/span><\/strong><\/p>\n<p style=\"margin-bottom: 0cm; text-align: justify; text-indent: 25.5pt; line-height: 16pt;\"><strong><span style=\"font-size: 12pt; font-family: 'Arial', sans-serif;\">2- \u0130nsanlar; <\/span><\/strong><strong><span style=\"font-size: 14pt; font-family: 'Arial', sans-serif;\">&#8220;g&uuml;zeli &ccedil;irkinden, iyiyi k&ouml;t&uuml;den&#8221;<\/span><\/strong><strong><span style=\"font-size: 12pt; font-family: 'Arial', sans-serif;\"> ay\u0131rabilme kabiliyetiyle yarat\u0131lm\u0131\u015ft\u0131r.<\/span><\/strong><\/p>\n<p style=\"margin-bottom: 0cm; text-align: justify; text-indent: 25.5pt; line-height: 16pt;\"><strong><span style=\"font-size: 12pt; font-family: 'Arial', sans-serif;\">3- \u0130nsanlar; <\/span><\/strong><strong><span style=\"font-size: 14pt; font-family: 'Arial', sans-serif;\">&#8220;faydal\u0131 ile zararl\u0131y\u0131&#8221;<\/span><\/strong><strong><span style=\"font-size: 12pt; font-family: 'Arial', sans-serif;\"> ay\u0131rma yetene\u011fine sahip bulunmaktad\u0131r.<\/span><\/strong><\/p>\n<p style=\"margin-bottom: 0cm; text-align: justify; text-indent: 25.5pt; line-height: 16pt;\"><strong><span style=\"font-size: 12pt; font-family: 'Arial', sans-serif;\">4- \u0130nsanlar; <\/span><\/strong><strong><span style=\"font-size: 14pt; font-family: 'Arial', sans-serif;\">&#8220;zul&uuml;m ile adaleti&#8221;<\/span><\/strong><strong><span style=\"font-size: 12pt; font-family: 'Arial', sans-serif;\"> birbirinden ay\u0131racak yeteneklerle yarat\u0131lm\u0131\u015ft\u0131r. Bu &ouml;zellikler hayvanlarda bulunmamaktad\u0131r.<\/span><\/strong><\/p>\n<p style=\"margin-bottom: 0cm; text-align: justify; text-indent: 25.5pt; line-height: 16pt;\"><strong><span style=\"font-size: 12pt; font-family: 'Arial', sans-serif;\">&Ouml;rne\u011fin, 2+2&#8217;nin 4 etti\u011fini bir &ccedil;ocuk dahi bilebilir, ama bir tavuk bilemez.<\/span><\/strong><\/p>\n<p style=\"margin-bottom: 0cm; text-align: justify; text-indent: 25.5pt; line-height: 16pt;\"><strong><span style=\"font-size: 12pt; font-family: 'Arial', sans-serif;\">Bir parktaki g&uuml;zel ve &ccedil;irkin d&uuml;zenlemeleri ve iyi-k&ouml;t&uuml; projeleri insan fark edip bilir, ama kediler bilemez&#8230;<\/span><\/strong><\/p>\n<p style=\"margin-bottom: 0cm; text-align: justify; text-indent: 25.5pt; line-height: 16pt;\"><strong><span style=\"font-size: 12pt; font-family: 'Arial', sans-serif;\">Hangi bitkilerin faydal\u0131 ve zararl\u0131 olaca\u011f\u0131n\u0131, ne kadar yenirse yararl\u0131 olaca\u011f\u0131n\u0131 ve k\u0131\u015f i&ccedil;in haz\u0131rl\u0131k yap\u0131laca\u011f\u0131n\u0131 insanlar bilir, ke&ccedil;iler bilemez.<\/span><\/strong><\/p>\n<p style=\"margin-bottom: 0cm; text-align: justify; text-indent: 25.5pt; line-height: 16pt;\"><strong><span style=\"font-size: 12pt; font-family: 'Arial', sans-serif;\">Ve yine kendi sahibinin bah&ccedil;esinde otlaman\u0131n hak ve adalet, kom\u015funun tarlas\u0131na zarar vermenin zul&uuml;m ve haks\u0131zl\u0131k oldu\u011funu, insanlar bilir ama inekler bilemez&#8230;<\/span><\/strong><\/p>\n<p style=\"margin-bottom: 0cm; text-align: justify; text-indent: 25.5pt; line-height: 16pt;\"><strong><span style=\"font-size: 12pt; font-family: 'Arial', sans-serif;\">Aziz Erbakan Hocam\u0131z\u0131n bu tespitlerinden \u015fu nokta da anla\u015f\u0131lmaktad\u0131r ki; do\u011fruyu yanl\u0131\u015ftan, faydal\u0131y\u0131 zararl\u0131dan, iyiyi k&ouml;t&uuml;den ve adaleti zul&uuml;mden ay\u0131ramayanlar hen&uuml;z ger&ccedil;ek ve olgun insan olma vasf\u0131n\u0131 kazanamam\u0131\u015flard\u0131r.<\/span><\/strong><\/p>\n<p style=\"margin-bottom: 0cm; text-align: justify; text-indent: 25.5pt; line-height: 16pt;\"><strong><em><span style=\"font-size: 12pt; font-family: 'Arial', sans-serif;\">&ldquo;<strong><span style=\"font-family: 'Arial', sans-serif;\">Andolsun, cinn ve insanlardan<\/span><\/strong><\/span><\/em><\/strong><span style=\"font-size: 12pt; font-family: 'Arial', sans-serif; font-weight: normal;\"> <\/span><em><strong><span style=\"font-size: 12pt; font-family: 'Arial', sans-serif;\">(k&uuml;fre, k&ouml;t&uuml;l&uuml;\u011fe ve nank&ouml;rl&uuml;\u011fe sapan)<\/span><\/strong><\/em><span style=\"font-size: 12pt; font-family: 'Arial', sans-serif; font-weight: normal;\"> <\/span><strong><em><span style=\"font-size: 12pt; font-family: 'Arial', sans-serif;\">bir&ccedil;o\u011funu cehennemlik <\/span><\/em><\/strong><em><strong><span style=\"font-size: 12pt; font-family: 'Arial', sans-serif;\">(olarak)<\/span><\/strong><\/em><strong><em><span style=\"font-size: 12pt; font-family: 'Arial', sans-serif;\"> yeti\u015ftirip<\/span><\/em><\/strong><span style=\"font-size: 12pt; font-family: 'Arial', sans-serif; font-weight: normal;\"> <\/span><em><strong><span style=\"font-size: 12pt; font-family: 'Arial', sans-serif;\">(ve f\u0131rsat verip)<\/span><\/strong><\/em><span style=\"font-size: 12pt; font-family: 'Arial', sans-serif; font-weight: normal;\"> <\/span><strong><em><span style=\"font-size: 12pt; font-family: 'Arial', sans-serif;\">&ccedil;\u0131kard\u0131k ki; onlar\u0131n kalpleri vard\u0131r, bununla<\/span><\/em><\/strong><span style=\"font-size: 12pt; font-family: 'Arial', sans-serif;\"> <\/span><em><strong><span style=\"font-size: 12pt; font-family: 'Arial', sans-serif;\">(ger&ccedil;e\u011fi)<\/span><\/strong><\/em><span style=\"font-size: 12pt; font-family: 'Arial', sans-serif; font-weight: normal;\"> <\/span><strong><em><span style=\"font-size: 12pt; font-family: 'Arial', sans-serif;\">kavray\u0131p anlamazlar. G&ouml;zleri vard\u0131r, onlarla<\/span><\/em><\/strong><span style=\"font-size: 12pt; font-family: 'Arial', sans-serif;\"> <\/span><em><strong><span style=\"font-size: 12pt; font-family: 'Arial', sans-serif;\">(ibret alarak)<\/span><\/strong><\/em><span style=\"font-size: 12pt; font-family: 'Arial', sans-serif; font-weight: normal;\"> <\/span><strong><em><span style=\"font-size: 12pt; font-family: 'Arial', sans-serif;\">g&ouml;r&uuml;p bakmazlar. Kulaklar\u0131 vard\u0131r, bununla i\u015fitip <\/span><\/em><\/strong><em><strong><span style=\"font-size: 12pt; font-family: 'Arial', sans-serif;\">(hakikati)<\/span><\/strong><\/em><span style=\"font-size: 12pt; font-family: 'Arial', sans-serif; font-weight: normal;\"> <\/span><strong><em><span style=\"font-size: 12pt; font-family: 'Arial', sans-serif;\">duymazlar. Bunlar, hayvanlar gibidirler, hatta daha a\u015fa\u011f\u0131l\u0131kt\u0131rlar. \u0130\u015fte bunlar, <\/span><\/em><\/strong><em><span style=\"font-size: 12pt; font-family: 'Arial', sans-serif; font-style: normal;\">(<\/span><\/em><em><strong><span style=\"font-size: 12pt; font-family: 'Arial', sans-serif;\">yarat\u0131l\u0131\u015f amac\u0131ndan ve ahiret haz\u0131rl\u0131\u011f\u0131ndan)<\/span><\/strong><\/em><span style=\"font-size: 12pt; font-family: 'Arial', sans-serif; font-weight: normal;\"> <\/span><strong><em><span style=\"font-size: 12pt; font-family: 'Arial', sans-serif;\">gafil olanlard\u0131r.&rdquo;<\/span><\/em><\/strong><strong><span style=\"font-size: 12pt; font-family: 'Arial', sans-serif;\"> (A&#8217;raf Suresi: 179)<\/span><\/strong><\/p>\n<p style=\"margin-bottom: 0cm; text-align: justify; text-indent: 25.5pt; line-height: 16pt;\"><strong><span style=\"font-size: 12pt; font-family: 'Arial', sans-serif;\">A- Do\u011fruyu yanl\u0131\u015ftan ay\u0131rma yetene\u011fi <\/span><\/strong><strong><span style=\"font-size: 14pt; font-family: 'Arial', sans-serif;\">AKIL<\/span><\/strong><strong><span style=\"font-size: 12pt; font-family: 'Arial', sans-serif;\">&#8216;d\u0131r, bu yetenekle <\/span><\/strong><strong><span style=\"font-size: 14pt; font-family: 'Arial', sans-serif;\">&#8220;\u0130L\u0130M&#8221;<\/span><\/strong><strong><span style=\"font-size: 12pt; font-family: 'Arial', sans-serif;\"> ortaya &ccedil;\u0131km\u0131\u015ft\u0131r.<\/span><\/strong><\/p>\n<p style=\"margin-bottom: 0cm; text-align: justify; text-indent: 25.5pt; line-height: 16pt;\"><strong><span style=\"font-size: 12pt; font-family: 'Arial', sans-serif;\">B- Faydal\u0131y\u0131 zararl\u0131dan ay\u0131rma, yararl\u0131 ve ihtiya&ccedil; kar\u015f\u0131lay\u0131c\u0131 olan\u0131 haz\u0131rlama kabiliyeti <\/span><\/strong><strong><span style=\"font-size: 14pt; font-family: 'Arial', sans-serif;\">NEF\u0130S<\/span><\/strong><strong><span style=\"font-size: 12pt; font-family: 'Arial', sans-serif;\"> sahas\u0131ndad\u0131r, bunlar <\/span><\/strong><strong><span style=\"font-size: 14pt; font-family: 'Arial', sans-serif;\">&#8220;EKONOM\u0130&#8221;<\/span><\/strong><strong><span style=\"font-size: 12pt; font-family: 'Arial', sans-serif;\">nin ilgi alan\u0131ndad\u0131r.<\/span><\/strong><\/p>\n<p style=\"margin-bottom: 0cm; text-align: justify; text-indent: 25.5pt; line-height: 16pt;\"><strong><span style=\"font-size: 12pt; font-family: 'Arial', sans-serif;\">C- Adaletle zulm&uuml; ay\u0131rma, herkesi hak etti\u011fine kavu\u015fturma yetene\u011fi <\/span><\/strong><strong><span style=\"font-size: 14pt; font-family: 'Arial', sans-serif;\">V\u0130CDAN<\/span><\/strong><strong><span style=\"font-size: 12pt; font-family: 'Arial', sans-serif;\"> sayesindedir ve bunlarla <\/span><\/strong><strong><span style=\"font-size: 14pt; font-family: 'Arial', sans-serif;\">S\u0130YASET <\/span><\/strong><strong><span style=\"font-size: 12pt; font-family: 'Arial', sans-serif;\">ve<\/span><\/strong><strong><span style=\"font-size: 14pt; font-family: 'Arial', sans-serif;\"> HUKUK<\/span><\/strong><strong><span style=\"font-size: 12pt; font-family: 'Arial', sans-serif;\"> d&uuml;zeni yap\u0131land\u0131r\u0131lm\u0131\u015ft\u0131r.<\/span><\/strong><\/p>\n<p style=\"margin-bottom: 0cm; text-align: justify; text-indent: 25.5pt; line-height: 16pt;\"><strong><span style=\"font-size: 12pt; font-family: 'Arial', sans-serif;\">D- \u0130yi ile k&ouml;t&uuml;y&uuml;, g&uuml;zel ile &ccedil;irkini birbirinden ay\u0131rma, Hakka t&acirc;bi ve taraf olup b&acirc;t\u0131ldan uzak durma yetene\u011fi <\/span><\/strong><strong><span style=\"font-size: 14pt; font-family: 'Arial', sans-serif;\">H\u0130SS\u0130YAT<\/span><\/strong><strong><span style=\"font-size: 12pt; font-family: 'Arial', sans-serif;\"> ve <\/span><\/strong><strong><span style=\"font-size: 14pt; font-family: 'Arial', sans-serif;\">MANEV\u0130 DUYGULAR<\/span><\/strong><strong><span style=\"font-size: 12pt; font-family: 'Arial', sans-serif;\"> sayesindedir ve bu konu <\/span><\/strong><strong><span style=\"font-size: 14pt; font-family: 'Arial', sans-serif;\">AHL&Acirc;K\u0130<\/span><\/strong><strong><span style=\"font-size: 12pt; font-family: 'Arial', sans-serif;\"> ve <\/span><\/strong><strong><span style=\"font-size: 14pt; font-family: 'Arial', sans-serif;\">D\u0130N\u0130 KURUMLARIN<\/span><\/strong><strong><span style=\"font-size: 12pt; font-family: 'Arial', sans-serif;\"> konusu olmaktad\u0131r. \u0130\u015fte bu nedenle <\/span><\/strong><strong><span style=\"font-size: 14pt; font-family: 'Arial', sans-serif;\">AD\u0130L D&Uuml;ZEN&#8217;de 4 ayr\u0131, ama irtibatl\u0131 d&uuml;zen bulunmaktad\u0131r.<\/span><\/strong><strong><span style=\"font-size: 12pt; font-family: 'Arial', sans-serif;\"> Bunlar:<\/span><\/strong><\/p>\n<p style=\"margin-bottom: 0cm; text-align: justify; text-indent: 25.5pt; line-height: 16pt;\"><strong><span style=\"font-size: 14pt; font-family: 'Arial', sans-serif;\">1- Ekonomik Adil D&uuml;zen, 2- Adil Siyasi ve Hukuki D&uuml;zen, 3- Adil \u0130lmi ve E\u011fitim Sistemi, 4- Adil Ahl&acirc;ki D&uuml;zen olmaktad\u0131r.<\/span><\/strong><\/p>\n<p style=\"margin-bottom: 0cm; text-align: justify; text-indent: 25.5pt; line-height: 16pt;\"><strong><span style=\"font-size: 14pt; font-family: 'Arial', sans-serif;\">Yeri gelmi\u015fken \u015fu bilimsel ger&ccedil;e\u011fi bir kez daha hat\u0131rlatm\u0131\u015f olal\u0131m:<\/span><\/strong><\/p>\n<p style=\"margin-bottom: 0cm; text-align: justify; text-indent: 25.5pt; line-height: 16pt;\"><strong><span style=\"font-size: 12pt; font-family: 'Arial', sans-serif;\">Art\u0131k kesinlikle biliyoruz ki, nebatat ve hayvanat dahil, b&uuml;t&uuml;n canl\u0131 varl\u0131klar ve insanlar; di\u015fi ve erkek iki h&uuml;crenin birle\u015fmesinden olu\u015fmaktad\u0131r. Bilimsel GEN ara\u015ft\u0131rmalar\u0131 ortaya koymu\u015ftur ki; canl\u0131lar\u0131n temel yap\u0131 ta\u015f\u0131 olan o tek h&uuml;crenin etraf\u0131nda bir zar bulunmaktad\u0131r, i&ccedil;erisinde plazma s\u0131v\u0131s\u0131 vard\u0131r, bunun ortas\u0131nda ise GEN dedi\u011fimiz as\u0131l kromozom &ccedil;ekirde\u011fi yer almaktad\u0131r. Ancak yap\u0131lan &ccedil;ok masrafl\u0131 ve uzun zamanl\u0131 bilimsel ara\u015ft\u0131rmalar \u015fu ger&ccedil;e\u011fi ispatlam\u0131\u015ft\u0131r ki; b&uuml;t&uuml;n bitkilerin kromozomlar\u0131-GEN&#8217;leri TEK bo\u011fumlu, b&uuml;t&uuml;n hayvanlar\u0131n kromozomlar\u0131-GEN&#8217;leri &Ccedil;\u0130FT bo\u011fumlu, ama insanlar\u0131n kromozomlar\u0131-GEN&#8217;leri ise &Uuml;&Ccedil; bo\u011fumlu olmaktad\u0131r. Bunlar\u0131n ba\u015fkala\u015fmas\u0131 ve birbirine ge&ccedil;i\u015f yapmas\u0131 bilimsel olarak imk&acirc;ns\u0131zd\u0131r. Yani Darwinistlerin iddia ettikleri gibi, cans\u0131zlar\u0131n canl\u0131lara, bitkilerin hayvanlara ve maymun gibi hayvanlar\u0131n insanlara d&ouml;n&uuml;\u015fmesi ola\u011fan d\u0131\u015f\u0131d\u0131r.<\/span><\/strong><\/p>\n<p style=\"margin-bottom: 0cm; text-align: justify; text-indent: 25.5pt; line-height: 16pt;\"><strong><span style=\"font-size: 14pt; font-family: 'Arial', sans-serif;\">\u0130nsanlar\u0131 huzur ve refaha kavu\u015fturmak, bar\u0131\u015f ve bereketi sa\u011flamak i&ccedil;in, Adil bir D&uuml;zen \u015fartt\u0131r:<\/span><\/strong><\/p>\n<p style=\"margin-bottom: 0cm; text-align: justify; text-indent: 25.5pt; line-height: 16pt;\"><strong><span style=\"font-size: 12pt; font-family: 'Arial', sans-serif;\">a- Adil D&uuml;zen, <\/span><\/strong><strong><span style=\"font-size: 14pt; font-family: 'Arial', sans-serif;\">&#8220;do\u011fru&#8221;<\/span><\/strong><strong><span style=\"font-size: 12pt; font-family: 'Arial', sans-serif;\">lar\u0131 esas alarak ve <\/span><\/strong><strong><span style=\"font-size: 14pt; font-family: 'Arial', sans-serif;\">&#8220;yanl\u0131\u015f&#8221;<\/span><\/strong><strong><span style=\"font-size: 12pt; font-family: 'Arial', sans-serif;\">lardan sak\u0131n\u0131larak haz\u0131rlanm\u0131\u015ft\u0131r. 1- Akl\u0131 Selim, 2- M&uuml;spet \u0130lim, 3- Tarihi Tecr&uuml;be ve Birikim, 4- Vicdani Kanaat ve Tatmin, 5- \u0130lahi Din&#8230; Bu be\u015f temel &ouml;l&ccedil;&uuml;ye g&ouml;re, ittifakla <\/span><\/strong><strong><em><span style=\"font-size: 14pt; font-family: 'Arial', sans-serif;\">&#8220;hay\u0131rl\u0131, yararl\u0131, iyi ve g&uuml;zel&#8221;<\/span><\/em><\/strong><strong><span style=\"font-size: 12pt; font-family: 'Arial', sans-serif;\"> bulunan her \u015fey <\/span><\/strong><strong><span style=\"font-size: 14pt; font-family: 'Arial', sans-serif;\">DO\u011eRU<\/span><\/strong><strong><span style=\"font-size: 12pt; font-family: 'Arial', sans-serif;\"> say\u0131lm\u0131\u015ft\u0131r. Bu be\u015f temel &ouml;l&ccedil;&uuml;ye g&ouml;re ittifakla <\/span><\/strong><strong><em><span style=\"font-size: 14pt; font-family: 'Arial', sans-serif;\">&#8220;zararl\u0131, tahribat&ccedil;\u0131, fesat &ccedil;\u0131kar\u0131c\u0131 ve &ccedil;irkin&#8221;<\/span><\/em><\/strong><strong><span style=\"font-size: 12pt; font-family: 'Arial', sans-serif;\"> bulunan her \u015fey de <\/span><\/strong><strong><span style=\"font-size: 14pt; font-family: 'Arial', sans-serif;\">YANLI\u015e<\/span><\/strong><strong><span style=\"font-size: 12pt; font-family: 'Arial', sans-serif;\"> say\u0131lm\u0131\u015ft\u0131r.<\/span><\/strong><\/p>\n<p style=\"margin-bottom: 0cm; text-align: justify; text-indent: 25.5pt; line-height: 16pt;\"><strong><span style=\"font-size: 12pt; font-family: 'Arial', sans-serif;\">b- Adil D&uuml;zen: 1- Kafay\u0131, 2- Kalbi, 3- Karn\u0131, 4- Ki\u015filik ve \u0130tibar\u0131 doyuran ve sa\u011flayan bir sistemdir.<\/span><\/strong><\/p>\n<p style=\"margin-bottom: 0cm; text-align: justify; text-indent: 25.5pt; line-height: 16pt;\"><strong><span style=\"font-size: 14pt; font-family: 'Arial', sans-serif;\">\u015eu be\u015f \u015fey de olmadan, insan mutlu olamaz: 1- Huzur ve Bar\u0131\u015f, 2- H&uuml;rriyet, 3- Hukuk ve Adalet, 4- Hayat Kolayl\u0131\u011f\u0131 ve Refah, 5- Haysiyet ve \u0130tibar.<\/span><\/strong><span style=\"font-size: 12pt; font-family: 'Arial', sans-serif;\"> <\/span><\/p>\n<p style=\"margin-bottom: 0cm; text-align: justify; text-indent: 25.5pt; line-height: 16pt;\"><strong><span style=\"font-size: 12pt; font-family: 'Arial', sans-serif;\">Yani toplumda; farkl\u0131 din ve d&uuml;\u015f&uuml;nceden, ayr\u0131 k&uuml;lt&uuml;r ve k&ouml;kenden ayr\u0131ms\u0131z herkes sayg\u0131nd\u0131r; can, mal ve namus emniyeti, din ve d&uuml;\u015f&uuml;nce h&uuml;rriyeti herkese sa\u011flanmal\u0131d\u0131r.<\/span><\/strong><\/p>\n<p style=\"margin-bottom: 0cm; text-align: justify; text-indent: 25.5pt; line-height: 16pt;\"><strong><span style=\"font-size: 14pt; font-family: 'Arial', sans-serif;\">Yery&uuml;z&uuml;nde temel zihniyet olarak iki sistem vard\u0131r: 1- B&acirc;t\u0131l ve zalim s&ouml;m&uuml;r&uuml; sistemleri 2- Hakka dayal\u0131 Adil D&uuml;zen&#8230;<\/span><\/strong><\/p>\n<p style=\"margin-bottom: 0cm; text-align: justify; text-indent: 25.5pt; line-height: 16pt;\"><strong><span style=\"font-size: 12pt; font-family: 'Arial', sans-serif;\">Kom&uuml;nizm ve kapitalizm, farkl\u0131 ve ayk\u0131r\u0131 san\u0131lsa da ayn\u0131 Siyonist ve emperyalist &ccedil;ark\u0131n iki a\u011fz\u0131d\u0131r. Ne var ki; kom&uuml;nizmde ezen-s&ouml;m&uuml;ren g&uuml;&ccedil; siyasi iktidard\u0131r. Kapitalizmde ise ezen ve s&ouml;m&uuml;ren g&uuml;&ccedil; sermaye baronlar\u0131d\u0131r.<\/span><\/strong><\/p>\n<p style=\"margin-bottom: 0cm; text-align: justify; text-indent: 25.5pt; line-height: 16pt;\"><strong><span style=\"font-size: 14pt; font-family: 'Arial', sans-serif;\">\u0130lim Adamlar\u0131n\u0131n Sorumluluklar\u0131 ve G&uuml;nahlar\u0131!<\/span><\/strong><\/p>\n<p style=\"margin-bottom: 0cm; text-align: justify; text-indent: 25.5pt; line-height: 16pt;\"><strong><span style=\"font-size: 12pt; font-family: 'Arial', sans-serif;\">Fas&#8217;taki &ouml;zel \u0130spanyol b&ouml;lgesine ula\u015fmak ve g&uuml;ya insanca ya\u015fam \u015fartlar\u0131na kavu\u015fmak &uuml;midiyle y&uuml;ksek dikenli tel &ouml;rg&uuml;lere h&uuml;cum edip t\u0131rmanmaya &ccedil;al\u0131\u015f\u0131rken, Fas ve \u0130spanya g&uuml;venlik g&uuml;&ccedil;lerinin darbeleriyle ve binlerce insan\u0131n y\u0131\u011f\u0131ld\u0131\u011f\u0131 o s\u0131k\u0131\u015f\u0131kl\u0131k halinde can veren y&uuml;zlerce M&uuml;sl&uuml;mana; ne Siyonist zalimler, ne Ha&ccedil;l\u0131 k&acirc;firler, ne de onlar\u0131n g&uuml;d&uuml;m&uuml;ndeki lider k\u0131l\u0131fl\u0131 hainler hi&ccedil; ac\u0131mam\u0131\u015flar ve sahip &ccedil;\u0131kmam\u0131\u015flard\u0131. Ve hele, ilim adam\u0131 ve ilahiyat&ccedil;\u0131 bilinenlerin duyars\u0131zl\u0131\u011f\u0131 daha da ac\u0131yd\u0131&hellip; Erbakan Hocam\u0131z\u0131n:<\/span><\/strong><\/p>\n<p style=\"margin-bottom: 0cm; text-align: justify; text-indent: 25.5pt; line-height: 16pt;\"><strong><span style=\"font-size: 14pt; font-family: 'Arial', sans-serif;\">\u25cf \u0130slam Birle\u015fmi\u015f Milletler Te\u015fkilat\u0131<\/span><\/strong><\/p>\n<p style=\"margin-bottom: 0cm; text-align: justify; text-indent: 25.5pt; line-height: 16pt;\"><strong><span style=\"font-size: 14pt; font-family: 'Arial', sans-serif;\">\u25cf \u0130slam Ortak Pazar\u0131<\/span><\/strong><\/p>\n<p style=\"margin-bottom: 0cm; text-align: justify; text-indent: 25.5pt; line-height: 16pt;\"><strong><span style=\"font-size: 14pt; font-family: 'Arial', sans-serif;\">\u25cf M&uuml;\u015fterek \u0130slam Dinar\u0131<\/span><\/strong><\/p>\n<p style=\"margin-bottom: 0cm; text-align: justify; text-indent: 25.5pt; line-height: 16pt;\"><strong><span style=\"font-size: 14pt; font-family: 'Arial', sans-serif;\">\u25cf \u0130slam Savunma Pakt\u0131<\/span><\/strong><\/p>\n<p style=\"margin-bottom: 0cm; text-align: justify; text-indent: 25.5pt; line-height: 16pt;\"><strong><span style=\"font-size: 14pt; font-family: 'Arial', sans-serif;\">\u25cf Ve \u0130slam Ortak Bilim ve K&uuml;lt&uuml;r \u0130\u015fbirli\u011fi Vakf\u0131<\/span><\/strong><\/p>\n<p style=\"margin-bottom: 0cm; text-align: justify; text-indent: 25.5pt; line-height: 16pt;\"><strong><span style=\"font-size: 12pt; font-family: 'Arial', sans-serif;\">gibi tarihi ve talihli projelerini b\u0131rak\u0131p, onca hakaret ve husumetlerine ra\u011fmen h&acirc;l&acirc; Ha&ccedil;l\u0131 ve ahl&acirc;ks\u0131z AB&rsquo;ye girmek i&ccedil;in &ccedil;\u0131rp\u0131nanlar, bu u\u011fursuz manzaralar kar\u015f\u0131s\u0131nda rahats\u0131zl\u0131k bile duymazlard\u0131.<\/span><\/strong><\/p>\n<p style=\"margin-bottom: 0cm; text-align: justify; text-indent: 25.5pt; line-height: 16pt;\"><strong><span style=\"font-size: 12pt; font-family: 'Arial', sans-serif;\">Ve bu arada, <\/span><\/strong><strong><em><span style=\"font-size: 14pt; font-family: 'Arial', sans-serif;\">ilim adam\u0131 ve ilahiyat&ccedil;\u0131 fikir erbab\u0131<\/span><\/em><\/strong><strong><span style=\"font-size: 12pt; font-family: 'Arial', sans-serif;\"> ge&ccedil;inenlere de bir hat\u0131rlatmam\u0131z olacakt\u0131r: \u0130slam Dini ve d&uuml;zeni ad\u0131na, insanlar\u0131n huzur ve refah hat\u0131r\u0131na &ouml;l&uuml;m&uuml;ne can att\u0131klar\u0131 Barbar ve B&acirc;t\u0131l Bat\u0131 Medeniyetine kar\u015f\u0131; her y&ouml;nden Bat\u0131&rsquo;da ya\u015fayanlar\u0131n bile g\u0131pta ve hayranl\u0131kla bak\u0131p &ouml;rnek alacaklar\u0131 bir Bereket ve Merhamet Medeniyetini olu\u015fturamad\u0131ktan sonra, &ouml;yle yald\u0131zl\u0131 temenniler ve jelatin k\u0131l\u0131fl\u0131 tesellilerle oyalanman\u0131z ve M&uuml;sl&uuml;manlar\u0131 avutup uyutman\u0131z, sizi utand\u0131rmal\u0131d\u0131r. Aziz Erbakan Hocam\u0131z\u0131n haz\u0131rlat\u0131p olgunla\u015ft\u0131rd\u0131\u011f\u0131 ve t&uuml;m insanl\u0131\u011fa tan\u0131tt\u0131\u011f\u0131&hellip; Milli &Ccedil;&ouml;z&uuml;m Ekibinin de, noksan k\u0131s\u0131mlar\u0131n\u0131 tamamlay\u0131p 3-4 dile &ccedil;evirerek y&uuml;zlerce devlet adam\u0131na ve ilim erbab\u0131na ula\u015ft\u0131rd\u0131\u011f\u0131 &#8220;AD\u0130L D&Uuml;ZEN ve YEN\u0130 B\u0130R D&Uuml;NYA&#8221; kitab\u0131m\u0131z\u0131 okumaya, katk\u0131 sunmaya ve savunmaya ve bu ilmi, insani ve \u0130slami programlar\u0131 g&uuml;ndeme ta\u015f\u0131y\u0131p toplumu ayd\u0131nlatmaya bile gayret ve cesaret edemeyen ilim ve irfan sahipleri, Adil D&uuml;zen devriminde nereye saklanacaklar ve ahirette Allah&#8217;\u0131n huzuruna nas\u0131l &ccedil;\u0131kacaklard\u0131?<\/span><\/strong><\/p>\n<p style=\"margin-bottom: 0cm; text-align: justify; text-indent: 25.5pt; line-height: 16pt;\"><strong><span style=\"font-size: 12pt; font-family: 'Arial', sans-serif;\">Bizim inanc\u0131m\u0131zda \u0130NSAN AMA&Ccedil;&rsquo;t\u0131r, \u0130slam ise insanlar\u0131n olgunla\u015fmas\u0131 ve huzura kavu\u015fmas\u0131 i&ccedil;in bir ARA&Ccedil;&rsquo;t\u0131r. <\/span><\/strong><\/p>\n<p style=\"margin-bottom: 0cm; text-align: justify; text-indent: 25.5pt; line-height: 16pt;\"><strong><span style=\"font-size: 12pt; font-family: 'Arial', sans-serif;\">Bir insan\u0131n veya toplumun huzur bulmas\u0131 ve onurlu ya\u015famas\u0131, \u015fu d&ouml;rt temel ihtiyac\u0131n\u0131n do\u011fru ve doyurucu \u015fekilde kar\u015f\u0131lanmas\u0131na ba\u011fl\u0131d\u0131r. &ldquo;4-K&rdquo; form&uuml;l&uuml; dedi\u011fimiz bu do\u011fal ihtiya&ccedil;lar\u0131n aksamas\u0131 ise; &ccedil;e\u015fitli rahats\u0131zl\u0131klar\u0131n\u0131n, hatta itiraz ve isyanlar\u0131n\u0131n ba\u015flang\u0131c\u0131d\u0131r. Bunlar:<\/span><\/strong><\/p>\n<p style=\"margin-bottom: 0cm; text-align: justify; text-indent: 25.5pt; line-height: 16pt;\"><strong><span style=\"font-size: 12pt; font-family: 'Arial', sans-serif;\">1- Kafa: E\u011fitim ve &ouml;\u011fretimle, h&uuml;r d&uuml;\u015f&uuml;nce yetene\u011fini geli\u015ftirmekle, bilgi ve birikimle doyacak ve olgunla\u015facakt\u0131r.<\/span><\/strong><\/p>\n<p style=\"margin-bottom: 0cm; text-align: justify; text-indent: 25.5pt; line-height: 16pt;\"><strong><span style=\"font-size: 12pt; font-family: 'Arial', sans-serif;\">2- Kalp: \u0130manla, maneviyatla, g&uuml;zel ahl&acirc;kla ve vicdani duygularla doyarak itminana kavu\u015facakt\u0131r.<\/span><\/strong><\/p>\n<p style=\"margin-bottom: 0cm; text-align: justify; text-indent: 25.5pt; line-height: 16pt;\"><strong><span style=\"font-size: 12pt; font-family: 'Arial', sans-serif;\">3- Kar\u0131n: Kar\u0131nlar hel&acirc;l ve yeterli g\u0131dayla, &uuml;lkede milli sanayi ve tar\u0131m\u0131n kalk\u0131nmas\u0131yla ve herkesin insanca ya\u015fayaca\u011f\u0131 \u015fartlar\u0131n olu\u015fturulmas\u0131yla doyacak ve huzura ula\u015facakt\u0131r.<\/span><\/strong><\/p>\n<p style=\"margin-bottom: 0cm; text-align: justify; text-indent: 25.5pt; line-height: 16pt;\"><strong><span style=\"font-size: 12pt; font-family: 'Arial', sans-serif;\">4- Ki\u015filik (itibar):<\/span><\/strong><span style=\"font-size: 12pt; font-family: 'Arial', sans-serif;\"> <strong>Her insan, do\u011fu\u015ftan kazan\u0131lan ve temel insan haklar\u0131ndan say\u0131lan; can, mal ve namus emniyetine, din ve d&uuml;\u015f&uuml;nce h&uuml;rriyetine sahip olarak yarat\u0131lm\u0131\u015ft\u0131r. Bu nedenle herkes; dinine, k&ouml;kenine, k&uuml;lt&uuml;r&uuml;ne, d&uuml;\u015f&uuml;ncesine ve sosyal stat&uuml;s&uuml;ne bak\u0131lmaks\u0131z\u0131n <em>&ldquo;sayg\u0131n bir varl\u0131kt\u0131r&rdquo;<\/em>, ve itibar g&ouml;rmek onun hakk\u0131d\u0131r. Horlanmak ve d\u0131\u015flanmak ise; gizli bir esaret ve a&ccedil;\u0131k bir hakaret tavr\u0131d\u0131r.<\/strong><\/span><\/p>\n<p style=\"margin-bottom: 0cm; margin-top: 0cm; text-align: justify; text-indent: 25.5pt; line-height: 16pt;\"><strong><span style=\"font-size: 12pt; font-family: 'Arial', sans-serif;\">Bir &ccedil;ocuk d&uuml;nyaya geldi\u011finde, &ouml;nce karn\u0131n\u0131n a&ccedil;l\u0131\u011f\u0131n\u0131 gidermek &uuml;zere a\u011flamakta ve kendisine g\u0131da ve bedenine-karakterine maya olacak \u015fifal\u0131 s&uuml;t&uuml;nden emmek &uuml;zere anne kuca\u011f\u0131na b\u0131rak\u0131lmaktad\u0131r. Yani do\u011fal ve do\u011fru olan, &ouml;ncelikle KARNININ doyurulmas\u0131d\u0131r. Ard\u0131ndan; \u015fefkat, merhamet ve sevgiyle KALB\u0130; yava\u015f yava\u015f alg\u0131lama seviyesine uygun, samimi ve ger&ccedil;ek&ccedil;i bilgiler, ninniler ve hik&acirc;yelerle KAFASI doyuma ve doldurulmaya ba\u015flanacakt\u0131r. &Ccedil;ocuklara bebeklikten itibaren, sevginin yan\u0131nda sayg\u0131 duyulmas\u0131, ciddiye al\u0131nmas\u0131, itilip kak\u0131lmamas\u0131, su&ccedil;lar\u0131ndan dolay\u0131 hemen h\u0131rpalanmamas\u0131&hellip; Yani ona bir insan gibi davran\u0131lmas\u0131, kendisine bir ki\u015filik ve onur kazand\u0131racak, &ouml;zg&uuml;veni ve giri\u015fim cesareti olan birisi olarak hayata haz\u0131rlanacakt\u0131r. Yani, \u0130T\u0130BAR ve \u0130T\u0130MAT sahibi olacakt\u0131r. <\/span><\/strong><\/p>\n<p style=\"margin-bottom: 0cm; margin-top: 0cm; text-align: justify; text-indent: 25.5pt; line-height: 16pt;\"><strong><span style=\"font-size: 12pt; font-family: 'Arial', sans-serif;\">Bu &ldquo;4-K&rdquo; form&uuml;l&uuml;; sadece fertler i&ccedil;in de\u011fil, cemiyetler ve milletler i&ccedil;in de gerekli ve ge&ccedil;erli kurallard\u0131r.<\/span><\/strong><\/p>\n<p style=\"margin-bottom: 0cm; text-align: justify; text-indent: 25.5pt; line-height: 16pt;\"><strong><span style=\"font-size: 12pt; font-family: 'Arial', sans-serif;\">Erbakan Hocam\u0131z bir sohbetinde; <em>&#8220;Bug&uuml;n Hollanda&#8217;da bir inekten g&uuml;nde 50 kg s&uuml;t alacak bir noktaya ula\u015f\u0131lm\u0131\u015ft\u0131r. H&acirc;lbuki bizim yerli ine\u011fimizden h&acirc;l&acirc; en fazla 5 kg s&uuml;t al\u0131nmaktad\u0131r. Bu nedenle \u015fayet biz, adalet ad\u0131na kuraca\u011f\u0131m\u0131z bir d&uuml;zende, kendi ine\u011fimizden en az 50 kg s&uuml;t alacak ilmi ve teknolojik \u015fartlar\u0131 haz\u0131rlayamazsak, &ouml;yle topa tanka bile gerek yok, Hollanda g&acirc;vuru bizi s&uuml;tle bo\u011far ve peynirle kafam\u0131z\u0131 k\u0131rar!&#8221;<\/em> buyurarak, her bak\u0131mdan &uuml;st&uuml;n ve g&uuml;&ccedil;l&uuml; olmam\u0131z gerekti\u011fini hat\u0131rlatm\u0131\u015flard\u0131. \u0130\u015fte ilim adam\u0131 da, bu \u015fartlar\u0131n bilimsel ve fikri altyap\u0131s\u0131n\u0131 haz\u0131rlayanlard\u0131r.<\/span><\/strong><\/p>\n<p style=\"margin-bottom: 0cm; text-align: justify; text-indent: 25.5pt; line-height: 16pt;\"><strong><span style=\"font-size: 14pt; font-family: 'Arial', sans-serif;\">Peygamber Efendimizin \u015fu hadisi ne kadar anlaml\u0131 ve a&ccedil;\u0131klay\u0131c\u0131d\u0131r:<\/span><\/strong><strong><em><span style=\"font-size: 12pt; font-family: 'Arial', sans-serif;\"> &#8220;(Anlam\u0131n\u0131 ve ahk&acirc;m\u0131n\u0131 bilip uygulamadan) Sadece tilavetle (okuyup tekrarlamakla) Kur&#8217;an olmaz. Sadece rivayetle (ge&ccedil;mi\u015fteki zevat\u0131n yazd\u0131klar\u0131 ve ya\u015fad\u0131klar\u0131 \u015feyleri ezberleyip nakletmekle) de ilim olmaz. Kur&#8217;an, ancak, hidayetle (insanlar\u0131n maddi ve manevi ihtiya&ccedil;lar\u0131na &ccedil;&ouml;z&uuml;m &uuml;retmek ve yol g&ouml;stermekle amac\u0131na ula\u015fm\u0131\u015f) olur. \u0130lim ise, ancak dirayet (feraset, hikmet, marifet ve cesaretle) olur.&#8221;<\/span><\/em><\/strong><span style=\"font-size: 12pt; font-family: 'Arial', sans-serif;\"> <\/span><span style=\"font-family: 'Arial', sans-serif;\">(<\/span><span style=\"font-size: 12pt; font-family: 'Arial', sans-serif;\">Ramuz &#8211; el &ndash; El-Ehadis Deylemiden)<\/span><\/p>\n<p style=\"margin-bottom: 0cm; text-align: justify; text-indent: 25.5pt; line-height: 16pt;\"><strong><span style=\"font-size: 14pt; font-family: 'Arial', sans-serif;\">\u0130lahiyat&ccedil;\u0131 Prof. Dr. Talha Hakan Alp, Yarat\u0131l\u0131\u015f Gayesinden ve insan\u0131n imtihan s&uuml;recinden habersiz ve ilgisiz yorumlar yapmaktayd\u0131!<\/span><\/strong><\/p>\n<p style=\"margin-bottom: 0cm; text-align: justify; text-indent: 25.5pt; line-height: 16pt;\"><strong><span style=\"font-size: 12pt; font-family: 'Arial', sans-serif;\">Soru: <\/span><\/strong><strong><em><span style=\"font-size: 14pt; font-family: 'Arial', sans-serif;\">Bizler ve &acirc;lemler ni&ccedil;in yarat\u0131ld\u0131k? <\/span><\/em><\/strong><\/p>\n<p style=\"margin-bottom: 0cm; text-align: justify; text-indent: 25.5pt; line-height: 16pt;\"><strong><span style=\"font-size: 12pt; font-family: 'Arial', sans-serif;\">Cevap: Bir Kudsi Hadiste Y&uuml;ce Rabbimiz; <\/span><\/strong><strong><em><span style=\"font-size: 14pt; font-family: 'Arial', sans-serif;\">&ldquo;Ben gizli bir hazine idim. A\u015fik&acirc;r olup bilineyim (varl\u0131\u011f\u0131m\u0131, in&rsquo;am ve ikram\u0131m\u0131 ve harika sanat\u0131m\u0131 kullar\u0131ma g&ouml;stereyim) diye b&uuml;t&uuml;n mahl&ucirc;kat\u0131 yaratmay\u0131 diledim&rdquo; <\/span><\/em><\/strong><strong><span style=\"font-size: 12pt; font-family: 'Arial', sans-serif;\">buyurmaktad\u0131r. Ama insan olmasayd\u0131 bu yarat\u0131l\u0131\u015f amac\u0131na ula\u015famayacakt\u0131. &Ccedil;&uuml;nk&uuml; kedilerin, ser&ccedil;elerin, &ccedil;i&ccedil;eklerin bu harika varl\u0131klara bak\u0131p da bunlar\u0131n Y&uuml;ce Yarat\u0131c\u0131s\u0131n\u0131 tan\u0131yacak ve arayacak bir yetenekleri bulunmamaktayd\u0131. Bu nedenle insan yery&uuml;z&uuml;nde Allah&#8217;\u0131n Halifesi, yani bir nevi O&rsquo;nun temsilcisi ve adaletinin tanzim ve tatbik&ccedil;isi konumunda ak\u0131l ve yeteneklerle donat\u0131ld\u0131.<\/span><\/strong><\/p>\n<p style=\"margin-bottom: 0cm; text-align: justify; text-indent: 25.5pt; line-height: 16pt;\"><strong><span style=\"font-size: 12pt; font-family: 'Arial', sans-serif;\">Ama meleklere bile verilmeyen bu y&uuml;ksek meziyet ve faziletlere <\/span><\/strong><strong><span style=\"font-size: 14pt; font-family: 'Arial', sans-serif;\">kim lay\u0131k, kim fas\u0131k<\/span><\/strong><strong><span style=\"font-size: 12pt; font-family: 'Arial', sans-serif;\">? Bunun tespiti ve herkesin denenip elenmesi i&ccedil;in Allah kullar\u0131n\u0131 imtihan etmeye karar k\u0131ld\u0131. Evet, her imtihan\u0131n bir e\u011fitim s&uuml;reci ve \u015fartnamesi = &ouml;\u011fretisi vard\u0131r. &Ouml;\u011fretmeden imtihan adalete ayk\u0131r\u0131d\u0131r. Bizim imtihan\u0131m\u0131z\u0131n kitab\u0131 ise Kur&#8217;an-\u0131 Azim&uuml;\u015f\u015fan, rehber ve &ouml;rnek &ouml;\u011freticisi ise Hazreti Resul&uuml;llah&rsquo;t\u0131r.<\/span><\/strong><\/p>\n<p style=\"margin-bottom: 0cm; text-align: justify; text-indent: 25.5pt; line-height: 16pt;\"><strong><span style=\"font-size: 14pt; font-family: 'Arial', sans-serif;\">Bu imtihan\u0131n esas\u0131: <\/span><\/strong><strong><span style=\"font-size: 12pt; font-family: 'Arial', sans-serif;\">Biz Hak&rsquo;tan m\u0131 taraf\u0131z, b&acirc;t\u0131ldan m\u0131? Do\u011frudan, hay\u0131rdan, ahl&acirc;ktan ve adaletten mi yanay\u0131z, yoksa yanl\u0131\u015ftan, hay&acirc;s\u0131zl\u0131ktan ve haks\u0131zl\u0131ktan m\u0131? Biz M&uuml;sl&uuml;man olarak, en b&uuml;y&uuml;k ve tek b&uuml;y&uuml;k olarak Allah&#8217;\u0131 m\u0131 tan\u0131maktay\u0131z, yoksa Amerika, Avrupa, &Ccedil;in ve Rusya&#8217;y\u0131 m\u0131? Zaten, &ouml;rne\u011fin Ramazan orucunun as\u0131l amac\u0131 da; <\/span><\/strong><strong><em><span style=\"font-size: 14pt; font-family: 'Arial', sans-serif;\">&ldquo;&hellip;Size hidayet ve huzur yolunu g&ouml;steren Allah&#8217;\u0131 en b&uuml;y&uuml;k tan\u0131man\u0131z i&ccedil;in&rdquo;<span style=\"font-size: 12pt;\">[1] <\/span><\/span><\/em><\/strong><strong><span style=\"font-size: 12pt; font-family: 'Arial', sans-serif;\">buyrulmaktad\u0131r. <\/span><\/strong><\/p>\n<p style=\"margin-bottom: 0cm; text-align: justify; text-indent: 25.5pt; line-height: 16pt;\"><strong><span style=\"font-size: 12pt; font-family: 'Arial', sans-serif;\">HAK ve AHL&Acirc;K: Akla, bilimsel kurallara, vicdana, tarihi olgulara, Evrensel hukuka ve Kur&#8217;an&#8217;a g&ouml;re ittifakla; <\/span><\/strong><strong><em><span style=\"font-size: 14pt; font-family: 'Arial', sans-serif;\">do\u011fru, faydal\u0131, iyi ve g&uuml;zel <\/span><\/em><\/strong><strong><span style=\"font-size: 12pt; font-family: 'Arial', sans-serif;\">say\u0131lan davran\u0131\u015flard\u0131r.<\/span><\/strong><\/p>\n<p style=\"margin-bottom: 0cm; text-align: justify; text-indent: 25.5pt; line-height: 16pt;\"><strong><span style=\"font-size: 12pt; font-family: 'Arial', sans-serif;\">B&Acirc;TIL ve HAY&Acirc;SIZLIK ise: Akla, bilimsel kurallara, vicdana, tarihi olgulara, Evrensel hukuka ve Kur&#8217;an&#8217;a g&ouml;re yine ittifakla;<\/span><\/strong><span style=\"font-size: 14pt; font-family: 'Arial', sans-serif;\"> <\/span><strong><em><span style=\"font-size: 14pt; font-family: 'Arial', sans-serif;\">yanl\u0131\u015f, zararl\u0131, k&ouml;t&uuml; ve &ccedil;irkin<\/span><\/em><\/strong><span style=\"font-size: 14pt; font-family: 'Arial', sans-serif;\"> <\/span><strong><span style=\"font-size: 12pt; font-family: 'Arial', sans-serif;\">say\u0131lan yakla\u015f\u0131mlard\u0131r.<\/span><\/strong><\/p>\n<p style=\"margin-bottom: 0cm; text-align: justify; text-indent: 25.5pt; line-height: 16pt;\"><strong><span style=\"font-size: 14pt; font-family: 'Arial', sans-serif;\">\u0130slam bu ger&ccedil;e\u011fi ortaya koyunca; <\/span><\/strong><strong><span style=\"font-size: 12pt; font-family: 'Arial', sans-serif;\">\u015eeytaniler ve \u015fer g&uuml;&ccedil;ler bu sefer Hak ile B&acirc;t\u0131l\u0131 kar\u0131\u015ft\u0131r\u0131p &ouml;yle yutturmaya ba\u015flam\u0131\u015flard\u0131r. Ve zaten Bakara Suresi 42. ayeti Hak ile B&acirc;t\u0131l\u0131n kar\u0131\u015ft\u0131r\u0131larak insanlar\u0131n aldat\u0131lmas\u0131na dikkat buyurmaktad\u0131r. Art\u0131k zalim ve hain odaklar, toplumun kar\u015f\u0131s\u0131na a&ccedil;\u0131k&ccedil;a din kar\u015f\u0131t\u0131 ve ahl&acirc;k d\u0131\u015f\u0131 sistem ve h&uuml;k&uuml;metlerle &ccedil;\u0131kmak yerine, Hak ile B&acirc;t\u0131l\u0131 harmanlamak yoluna ba\u015fvurmu\u015flard\u0131r. Bak\u0131n\u0131z bu AKP iktidar\u0131, &ccedil;ok ge&ccedil; ve eksik de olsa, ba\u015f&ouml;rt&uuml; yasa\u011f\u0131n\u0131 kald\u0131r\u0131p toplumu rahatland\u0131rm\u0131\u015flard\u0131. Ama ard\u0131ndan bir de bakt\u0131k ki; bu ba\u015f&ouml;rt&uuml;s&uuml; serbestli\u011fi, T&uuml;rkiye&#8217;de Z\u0130NA&rsquo;n\u0131n su&ccedil; olmaktan &ccedil;\u0131kar\u0131lmas\u0131 ve e\u015fcinsellik gibi hay&acirc;s\u0131zl\u0131klar\u0131n resmiyet kazanmas\u0131 i&ccedil;in bir g&ouml;z boyama, ahl&acirc;ki ve ailevi tahribatlar\u0131na k\u0131l\u0131f sarma haz\u0131rl\u0131\u011f\u0131ym\u0131\u015f&hellip; Anadolu irfan\u0131yla <\/span><\/strong><strong><em><span style=\"font-size: 14pt; font-family: 'Arial', sans-serif;\">&ldquo;K\u0131zlar\u0131m\u0131z\u0131n, kad\u0131nlar\u0131m\u0131z\u0131n, ete\u011fi ile ba\u015f\u0131n\u0131 &ouml;rtme!?&rdquo;<\/span><\/em><\/strong><span style=\"font-size: 14pt; font-family: 'Arial', sans-serif;\"> <\/span><strong><span style=\"font-size: 12pt; font-family: 'Arial', sans-serif;\">&ccedil;abas\u0131ym\u0131\u015f. Peki, Din ulemas\u0131 ve \u0130lahiyat Hocas\u0131 ge&ccedil;inenler, akla, ilme, ahl&acirc;ka, &ccedil;a\u011fda\u015f ihtiya&ccedil;lara ve Kur&rsquo;an&rsquo;a uygun yeni bir anayasa tasla\u011f\u0131 ve medeniyet program\u0131 niye ortaya koymazlard\u0131? Bunlar\u0131 haz\u0131rlamaya ilmi feraset, dirayet ve cesaretleri yetmiyorsa, hangi y&uuml;zle ilim adam\u0131 pozlar\u0131 tak\u0131n\u0131rlard\u0131? <\/span><\/strong><\/p>\n<p style=\"margin-bottom: 0cm; text-align: justify; text-indent: 25.5pt; line-height: 16pt;\"><span style=\"font-size: 12pt; font-family: 'Arial', sans-serif;\"><\/span><\/p>\n<p>&nbsp;<\/p>\n<p>Bu makaleyi sesli olarak dinleyebilirsiniz:<\/p>\n<p>{mp3}hbrturkislamdusmanligi{\/mp3}<\/p>\n<p>&nbsp;<\/p>\n<hr style=\"text-align: left;\" width=\"33%\" size=\"1\" \/>\n<p><a href=\"#ftnref1\" id=\"ftn1\" style=\"vertical-align: super;\">[1]<\/a><span style=\"font-size: 9pt; font-family: 'Arial', sans-serif;\"> Bakara: 185 son k\u0131s\u0131m<\/span><\/p>\n","protected":false},"excerpt":{"rendered":"<p>&nbsp; HABERT&Uuml;RK&#8217;&Uuml;N \u0130SLAM D&Uuml;\u015eMANLI\u011eI VE TALHA HAKAN ALP&rsquo;\u0130N K&Uuml;STAHLI\u011eI &nbsp;&nbsp;&nbsp;&nbsp;&nbsp;&nbsp;&nbsp;&nbsp; AKP iktidar\u0131ndan nemalanan ve HAVA\u015e&rsquo;\u0131n tamam\u0131na sahip k\u0131l\u0131nan Turgay Ciner Yay\u0131n Holding&rsquo;e ait bulunan, Show TV ve Bloomberg HT&#8217;nin karde\u015f kurulu\u015fu olan HABERT&Uuml;RK, &ccedil;ok sinsi ve tehlikeli bir \u0130slam d&uuml;\u015fmanl\u0131\u011f\u0131 y&uuml;r&uuml;tmektedir. Hatta Ha&ccedil;l\u0131 AB&#8217;nin T&uuml;rkiye&rsquo;ye resmen dayatt\u0131\u011f\u0131 ve Erdo\u011fan iktidar\u0131n\u0131n da &ccedil;akt\u0131rmadan bu talimat\u0131 uygulamaya [&hellip;]<\/p>\n","protected":false},"author":13,"featured_media":0,"comment_status":"open","ping_status":"closed","sticky":false,"template":"","format":"standard","meta":{"footnotes":""},"categories":[98],"tags":[],"class_list":["post-11266","post","type-post","status-publish","format-standard","hentry","category-ozel-yazilar"],"_links":{"self":[{"href":"https:\/\/www.millicozum.com\/mc\/wp-json\/wp\/v2\/posts\/11266","targetHints":{"allow":["GET"]}}],"collection":[{"href":"https:\/\/www.millicozum.com\/mc\/wp-json\/wp\/v2\/posts"}],"about":[{"href":"https:\/\/www.millicozum.com\/mc\/wp-json\/wp\/v2\/types\/post"}],"author":[{"embeddable":true,"href":"https:\/\/www.millicozum.com\/mc\/wp-json\/wp\/v2\/users\/13"}],"replies":[{"embeddable":true,"href":"https:\/\/www.millicozum.com\/mc\/wp-json\/wp\/v2\/comments?post=11266"}],"version-history":[{"count":0,"href":"https:\/\/www.millicozum.com\/mc\/wp-json\/wp\/v2\/posts\/11266\/revisions"}],"wp:attachment":[{"href":"https:\/\/www.millicozum.com\/mc\/wp-json\/wp\/v2\/media?parent=11266"}],"wp:term":[{"taxonomy":"category","embeddable":true,"href":"https:\/\/www.millicozum.com\/mc\/wp-json\/wp\/v2\/categories?post=11266"},{"taxonomy":"post_tag","embeddable":true,"href":"https:\/\/www.millicozum.com\/mc\/wp-json\/wp\/v2\/tags?post=11266"}],"curies":[{"name":"wp","href":"https:\/\/api.w.org\/{rel}","templated":true}]}}