{"id":113,"date":"2006-11-21T15:19:52","date_gmt":"2006-11-21T15:19:52","guid":{"rendered":"https:\/\/www.millicozum.com\/mc\/2006\/11\/21\/sorun-pkk-mi-akp-m\/"},"modified":"2006-11-21T15:19:52","modified_gmt":"2006-11-21T15:19:52","slug":"sorun-pkk-mi-akp-mi","status":"publish","type":"post","link":"https:\/\/www.millicozum.com\/mc\/2006\/agustos-2006\/sorun-pkk-mi-akp-mi\/","title":{"rendered":"SORUN PKK MI? AKP M\u0130?"},"content":{"rendered":"<p>\u00a0  <\/p>\n<p> Bir geminin yak\u0131t\u0131 azalm\u0131\u015f olabilir. Motorlar\u0131 ve makine aksam\u0131 ar\u0131zalanabilir. Tayfalar\u0131 yetersiz ve beceriksiz davranabilir&#8230;  <\/p>\n<p> Baz\u0131 tecav\u00fcz ve tehditlere maruz kalabilir. Bunlar\u0131n hi\u00e7 birisi; kar\u015f\u0131 konulmaz ve ba\u015fa \u00e7\u0131k\u0131lmaz tehlikeler de\u011fildir.  <\/p>\n<p> Ama, gafletle, cehaletle veya h\u0131yanetle, kaptan makam\u0131nda oturan kimsenin, gemiyi kayal\u0131klara, buzda\u011flar\u0131na veya hayali heves ve hesaplar u\u011fruna, derin dalgal\u0131 deryalara do\u011fru s\u00fcrmesi kadar tehlikeli ve endi\u015fe verici de\u011fildir.  <\/p>\n<p> \u0130\u015fte bu y\u00fczden diyoruz ki, T\u00fcrkiye i\u00e7in as\u0131l tehlike PKK de\u011fil, AKP&#39;dir.  <\/p>\n<p>  \u00a0  <\/p>\n<p> R. Tayyip Bey &quot;K. Irak&#39;a gireriz haa!&quot; \u015fantaj\u0131yla \u0130srail&#39;e hava at\u0131yor gibi davran\u0131rken; Ba\u015fdan\u0131\u015fman\u0131 C\u00fcneyt Zapsu ABD&#39;nin Ankara B\u00fcy\u00fckel\u00e7isi Ros Wilson&#39;a \u00f6\u011fle yeme\u011fi yediriyordu. Zapsu \u0130srail B\u00fcy\u00fckel\u00e7ilik yetkilileri ve Almanya B\u00fcy\u00fckel\u00e7isi ilede bir araya gelip talimat ve tavsiyelerini dinliyordu. S\u0131n\u0131r \u00f6tesi operasyon tart\u0131\u015fmalar\u0131n\u0131n ve Ortado\u011fu krizinin t\u0131rmanmas\u0131n\u0131 g\u00fcndeme oturdu\u011fu bir d\u00f6nemde C\u00fcneyt Zapsu, acaba bu kr\u0131tik temaslara niye ihtiya\u00e7 duyuyordu? Ayn\u0131 zamanda AKP MKYK \u00fcyesi olan Zapsu, Almanya&#39;n\u0131n Ankara B\u00fcy\u00fckel\u00e7isi Dr. Eckart Kuntz ilde bir g\u00f6r\u00fc\u015fme ger\u00e7ekle\u015ftiriyordu.  <\/p>\n<p> Daha sonra AKP Genel merkezinde, \u0130srail B\u00fcy\u00fckel\u00e7ili\u011fi birinci m\u00fcste\u015far\u0131 Emmanuel Moshon ve \u0130srail B\u00fcy\u00fckel\u00e7ili\u011fi m\u00fcste\u015far\u0131 Sharon ile bir araya gelen C\u00fcneyt Zapsu ard\u0131ndan son g\u00fcnlerde Ankara&#39;da ele\u015ftirilerin oda\u011f\u0131ndaki diplomat olan ABD&#39;nin Ankara b\u00fcy\u00fckel\u00e7isini ziyaret edip, herhalde Tayyip Beyin \u00e7\u0131k\u0131\u015flar\u0131n\u0131n, &quot;tabana ve topluma y\u00f6nelik oldu\u011funu ve anlay\u0131\u015fla kar\u015f\u0131lanaca\u011f\u0131n\u0131n umuldu\u011funu ve stratejik patronlar\u0131na ba\u011fl\u0131l\u0131k \u00e7izgisinin korundu\u011funu&quot; vurguluyordu!?  <\/p>\n<p> Sanki s\u0131n\u0131r i\u00e7inde operasyon yapabiliyoruz da&#8230;!?  <\/p>\n<p> Yeri gelmi\u015fken soral\u0131m:  <\/p>\n<p> PKK ile m\u00fccadelede askerimiz sizce kendi s\u0131n\u0131rlar\u0131 i\u00e7erinde ne kadar rahat operasyon yapabiliyor? Yapam\u0131yor. Yasalar izin vermiyor \u00e7\u00fcnk\u00fc ve bu ko\u015fullarda s\u0131n\u0131r \u00f6tesine yap\u0131lacak operasyon hi\u00e7bir anlam ta\u015f\u0131m\u0131yor veya s\u0131n\u0131r \u00f6tesine bir operasyon d\u00fczenlense bile ger\u00e7ekten sonu\u00e7 al\u0131nmas\u0131 m\u00fcmk\u00fcn g\u00f6z\u00fckm\u00fcyor.  <\/p>\n<p> Mesala; Mehmet\u00e7ik operasyon yapacak, plan haz\u0131r, ter\u00f6rist kar\u015f\u0131s\u0131nda duruyor, ama bu operasyon plan\u0131na, AB uyum yasalar\u0131 gere\u011fi valilik onay\u0131 \u015fart. Plan valili\u011fe onaya gidiyor, peki ter\u00f6rist bu s\u00fcrede beklemeye devam m\u0131 ediyor?  <\/p>\n<p> <strong>Mehmet\u00e7i\u011fi G\u00fcneydo\u011fu&#39;da vuran Siyonizm&#39;dir! <\/strong> <\/p>\n<p> G\u00fcneydo\u011fu&#39;dan her g\u00fcn \u015fehit cenazeleri geliyor. \u0130srail, Filistin ve L\u00fcbnan&#39;\u0131 kelimenin tam anlam\u0131yla bir insan mezbahas\u0131na \u00e7evirmi\u015f durumda.  <\/p>\n<p> Peki bu iki hadise aras\u0131nda bir ilgi var m\u0131?\u00a0 Olmaz olur mu? Irak&#39;\u0131n kuzeyinde bir &quot;Yahudi K\u00fcrdistan\u0131&quot; kurulmak istendi\u011fi i\u00e7in d\u00fcn Bekaa ve Suriye&#39;de PKK&#39;ya hamilik yap\u0131l\u0131yordu bug\u00fcn Kandil Da\u011flar\u0131&#39;nda hamilik yap\u0131l\u0131yor. \u00c7\u00fcnk\u00fc bu tuza\u011f\u0131 bozabilecek tek g\u00fc\u00e7 T\u00fcrkiye. Onun i\u00e7in T\u00fcrkiye&#39;nin bileklerine PKK kelep\u00e7esi vuruluyor ey millet&#8230; \u0130srail, T\u00fcrkler Irak&#39;a kuzeyden girerse sava\u015fabilsin diye Barzani pe\u015fmergelerini e\u011fitiyor, onlara Amerikan F16&#39;lar\u0131n\u0131 kullanabilmesi i\u00e7in sava\u015f pilotlar\u0131 yeti\u015ftiriyor&#8230; Kandil Da\u011flar\u0131&#39;n\u0131 binlerce defa bombalad\u0131k, PKK h\u00e2l\u00e2 var, \u00e7\u00fcnk\u00fc \u0130srail Arz-\u0131 Mev&#39;ud, \u00e7\u00fcnk\u00fc k\u00fcresel sermaye ve onun silahl\u0131 g\u00fcc\u00fc ABD ve \u0130ngiltere \u00f6yle istiyor&#8230; &quot;Bir T\u00fcrk \u00f6ld\u00fcr rahat et!&quot;\u00a0 \u0130srail atas\u00f6z\u00fcd\u00fcr.. Belki de Atat\u00fcrk&#39;\u00fc ila\u00e7larla \u00f6ld\u00fcrterek Filistin halk\u0131n\u0131n elinden topra\u011f\u0131n\u0131 ald\u0131lar&#8230; \u0130\u015fte Mehmet\u00e7i\u011fin ger\u00e7ek katilleri bunlar. PKK sadece bir ta\u015feron. Ter\u00f6ristler Kandil&#39;i \u00e7oktan bo\u015faltt\u0131. \u015eimdi belki bir iki u\u00e7u\u015f yap\u0131lacak, halk\u0131n gaz\u0131 al\u0131nacak, AKP kahraman, ABD &quot;dost ve m\u00fcttefik&quot; olacak&#8230;\u00a0 Uyan millet, uyan&#8230;<a name=\"_ftnref1\" href=\"#_ftn1\" title=\"_ftnref1\">[1]<\/a>  <\/p>\n<p> <strong>\u0130srail, AKP&#39;yi nas\u0131l susturdu! <\/strong> <\/p>\n<p> \u0130srail Filistin&#39;i ve L\u00fcbnan&#39;\u0131 bombalarken PKK sald\u0131r\u0131lar\u0131 an\u0131nda \u015fiddetlendi. Bitlis ve Siirt&#39;teki sald\u0131r\u0131lar ile \u0130srail&#39;in bombard\u0131man\u0131 ayn\u0131 anda ger\u00e7ekle\u015fti. T\u00fcrkiye&#39;nin dikkati i\u00e7eriye y\u00f6neltildi. Ard\u0131ndan Kuzey Irak&#39;a girme tart\u0131\u015fmas\u0131 alevlendi. ABD&#39;nin T\u00fcrkiye&#39;ye tavr\u0131 ise net oldu: Hay\u0131r!  <\/p>\n<p> PKK sald\u0131r\u0131lar\u0131yla L\u00fcbnan sald\u0131r\u0131lar\u0131 aras\u0131nda bir ba\u011flant\u0131 var m\u0131? Ya da bu sald\u0131r\u0131lar\u0131 ger\u00e7ekten PKK m\u0131 yapt\u0131? Neden ayn\u0131 anda T\u00fcrkiye&#39;de \u00e7at\u0131\u015fma t\u0131rmand\u0131 ya da t\u0131rmand\u0131r\u0131ld\u0131? \u0130srail&#39;in Kuzey Irak y\u00f6netimi \u00fczerindeki etkisini, Irak i\u015fgalinden bu yana \u0130srail&#39;in b\u00f6lgedeki a\u011f\u0131rl\u0131\u011f\u0131n\u0131n ne kadar artt\u0131\u011f\u0131n\u0131 herkes biliyor art\u0131k! \u0130\u015fte bu \u00e7al\u0131\u015fmalar\u0131n sonucunu \u015fimdi T\u00fcrkiye topraklar\u0131nda g\u00f6r\u00fcyoruz. L\u00fcbnan sald\u0131r\u0131lar\u0131na kar\u015f\u0131 y\u00fckselen T\u00fcrkiye tepkisi, an\u0131nda s\u00f6nd\u00fcr\u00fcld\u00fc. PKK \u00fczerinden. Yani PKK \u0130srail&#39;i kurtard\u0131! Ger\u00e7ekten PKK m\u0131? Yoksa \u0130srail&#39;in Barzani i\u00e7in e\u011fitti\u011fi birlikler ya da kurdu\u011fu istihbarat te\u015fkilat\u0131 m\u0131?\u00a0 Kuzey Irak&#39;a girme meselesini dar anlamda PKK meselesine indirgemek son derece yanl\u0131\u015ft\u0131r. \u00d6nceki g\u00fcn sava\u015f\u0131n Anadolu topraklar\u0131na s\u0131\u00e7rad\u0131\u011f\u0131n\u0131 yazd\u0131m. \u0130srail ve ABD, sadece L\u00fcbnan&#39;\u0131 vurmad\u0131, ayn\u0131 anda T\u00fcrkiye&#39;yi de vurdu. Vurmaya da devam edecek. Yo\u011fun haz\u0131rl\u0131k ABD&#39;nin T\u00fcrkiye&#39;yi Irak bata\u011f\u0131na \u00e7ekme manevras\u0131 olabilir mi?\u00a0 Ya da \u015fu \u00f6l\u00fcmc\u00fcl ihtimale ne dersiniz? Ayn\u0131 g\u00fc\u00e7lerin L\u00fcbnan&#39;da bir i\u015fgal ba\u015flatmalar\u0131, Suriye topraklar\u0131na m\u00fcdahale etmeleri halinde Suriye&#39;deki K\u00fcrtler ayaklanacak, \u00fclke par\u00e7alanacak, Kuzey Irak ba\u011f\u0131ms\u0131zl\u0131\u011f\u0131n\u0131 ilan edecektir. T\u00fcrkiye, bu b\u00fcy\u00fck korkuya haz\u0131rl\u0131k yap\u0131yor olabilir mi?<a name=\"_ftnref2\" href=\"#_ftn2\" title=\"_ftnref2\">[2]<\/a>  <\/p>\n<p> <strong>PKK \u0130srail&#39;in Kuyru\u011fudur!<\/strong>  <\/p>\n<p> \u0130srail&#39;in Gazze ile ba\u015flay\u0131p Beyrut&#39;a uzanan sald\u0131r\u0131lar\u0131 b\u00fct\u00fcn d\u00fcnyan\u0131n g\u00f6z\u00fc \u00f6n\u00fcnde cereyan ederken, bu ter\u00f6r\u00fcn \u00e7ok \u00f6nceden pl\u00e2nlanm\u0131\u015f ve bug\u00fcnlerde y\u00fcr\u00fcrl\u00fc\u011fe konulmu\u015f bir proje oldu\u011fu ortaya \u00e7\u0131kt\u0131. \u0130ngiliz ve Amerika destekli ter\u00f6r devleti \u0130srail emeline ula\u015fmak, Beyrut&#39;u bo\u015faltt\u0131r\u0131p diren\u00e7siz ve savunmas\u0131z k\u0131larak kendi topraklar\u0131na katmak i\u00e7in b\u00fct\u00fcn g\u00fcc\u00fcn\u00fc seferber etmi\u015f durumdad\u0131r.  <\/p>\n<p> Ya\u015fanan bu s\u00fcre\u00e7te, b\u00f6lge devletlerinden ve AKP&#39;den c\u0131l\u0131z sesler y\u00fckselse de d\u0131\u015f destekli bu ter\u00f6r organizasyonunun \u00f6n\u00fcne kimseler ge\u00e7ememekte, d\u00fcnya adeta \u0130srail&#39;in merhamet g\u00f6stererek bu sald\u0131r\u0131y\u0131 sona erdirmesini beklemektedir.  <\/p>\n<p> \u00d6nce \u0130stanbul&#39;dan, sonra Diyarbak\u0131r&#39;dan, \u015fimdi de Trabzon&#39;dan y\u00fckselen bir iman sesi bu ter\u00f6re dur demek, i\u015fgali ve sald\u0131r\u0131y\u0131 \u00f6nlemek i\u00e7in g\u00fcr bir bi\u00e7imde hayk\u0131rmaktad\u0131r. T\u00fcrkiye, Milli G\u00f6r\u00fc\u015f gayretiyle bu zulm\u00fc sona erdirecek, mazlumlar\u0131n y\u00fcz\u00fcn\u00fc g\u00fcld\u00fcrecek tek \u00fclkedir.\u00a0  <\/p>\n<p> 11 Eyl\u00fcl&#39;den bu yana Afganistan ve Irak&#39;\u0131 i\u015fgal eden bu \u015fer \u00fc\u00e7geninin nihai hedefi, 1. Cihan Harbinde yar\u0131m kalan bir projeyi tamamlamak, T\u00fcrkiye&#39;yi nas\u0131l Kud\u00fcs&#39;ten, \u015eam&#39;dan, Ba\u011fdat&#39;tan k\u0131saca Ortado\u011fu&#39;dan \u00e7\u0131kard\u0131lar ise, bug\u00fcn de tamamen i\u00e7e \u00e7ekilmesini sa\u011flayarak bu b\u00f6lgelerin yeni kurulacak devlet\u00e7ikler eli ile y\u00f6netimini kendilerine hizmet eder bir hale sokmaktan ibarettir.  <\/p>\n<p> \u0130srail ter\u00f6r\u00fc ile birlikte t\u0131rman\u0131\u015fa ge\u00e7en PKK sald\u0131r\u0131lar\u0131, \u015f\u00fcphesiz T\u00fcrkiye&#39;yi oyalama takti\u011finden ba\u015fka bir \u015fey de\u011fildir. T\u00fcrkiye ne zaman \u0130srail&#39;e dur demeye ba\u015flad\u0131ysa birden bire de PKK sald\u0131r\u0131lar\u0131 artm\u0131\u015f, T\u00fcrkiye&#39;nin gerek devlet y\u00f6netimi gerekse de millet nezdinde bir anda g\u00fcndemine PKK ter\u00f6r\u00fc oturmu\u015f, b\u00f6ylece \u0130srail devam etti\u011fi ter\u00f6r eylemleri i\u00e7in zaman kazanm\u0131\u015ft\u0131r. T\u00fcrkiye bundan sonra bilhassa uluslar aras\u0131 arenada h\u0131zla yaln\u0131zl\u0131\u011fa itilecek, gerek \u0130srail gerekse de PKK ter\u00f6r\u00fc i\u00e7in kendini savunamaz, bu ter\u00f6re bir diren\u00e7 g\u00f6steremez hale sokulacakt\u0131r.  <\/p>\n<p> Bu mesele ne d\u00fcn\u00fcn ne de bug\u00fcn\u00fcn meselesidir. Bu mesele \u015f\u00fcphesiz asla K\u00fcrt meselesi de de\u011fildir.  <\/p>\n<p> Irak&#39;a demokrasi getiren Amerika&#39;n\u0131n \u0130srail&#39;den hi\u00e7bir fark\u0131n\u0131n olmad\u0131\u011f\u0131na, s\u00fcrekli \u015eiileri ve Sunnileri kar\u015f\u0131l\u0131kl\u0131 olarak \u00f6ld\u00fcrerek M\u00fcsl\u00fcmanlar\u0131 \u00f6nce mezhep olarak sonra da \u00fclke olarak birbirine d\u00fc\u015fman etti\u011fine \u015fahit olduk. B\u00fct\u00fcn bunlar g\u00f6steriyor ki, \u015fer ittifak\u0131n\u0131n i\u015fgal etti\u011fi bir b\u00f6lgede bar\u0131\u015ftan s\u00f6z etmek, ancak en uzak bir hayalden s\u00f6z etmek gibidir.  <\/p>\n<p> T\u00fcrkiye, icazetini hi\u00e7bir devletten almayan b\u00f6lgesinde kendi do\u011frular\u0131n\u0131 Osmanl\u0131, Atat\u00fcrk ve Refah-yol d\u00f6neminde hakkaniyetle uygulam\u0131\u015f bir ba\u011f\u0131ms\u0131z \u00fclke olarak bug\u00fcn do\u011fru bir tercih yaparak hem kendisinin hem de b\u00f6lgesinin g\u00fcvenli\u011fi i\u00e7in en do\u011fru ad\u0131m\u0131 atmal\u0131, gerekirse \u0130ngiliz, Amerikan ve \u0130srail ittifak\u0131na kar\u015f\u0131 tek ba\u015f\u0131na m\u00fccadele etmesini bilmelidir.  <\/p>\n<p> Kud\u00fcs, Beyrut, Ba\u011fdat elimizden al\u0131nm\u0131\u015f ve bizden kopart\u0131lm\u0131\u015f \u015fehirler olarak yeniden bizim g\u00f6sterece\u011fimiz dirence ve kararl\u0131l\u0131\u011fa muhta\u00e7t\u0131r. Bu topraklarda yeniden bir kurtulu\u015f sava\u015f\u0131 ba\u015flat\u0131lmal\u0131, b\u00f6lgenin b\u00fct\u00fcn halklar\u0131n\u0131n kendi onurlar\u0131 ile emperyalizmi reddetmesi sa\u011flanmal\u0131d\u0131r.  <\/p>\n<p> \u0130srail, ter\u00f6r\u00fcne bug\u00fcn i\u00e7in son verse bile ilerisi i\u00e7in \u00e7ok daha etrafl\u0131 bir operasyon ile Suriye&#39;nin de hesab\u0131n\u0131 g\u00f6rmek yoluna gidecektir. T\u00fcrkiye, maket devlet olmad\u0131\u011f\u0131n\u0131 dosta d\u00fc\u015fmana g\u00f6stermeli, b\u00f6lgede \u015fer ittifak\u0131n\u0131n PKK ile beraber kurdu\u011fu ate\u015f \u00e7emberinden, \u00f6nce kendisini, sonra da b\u00f6lgenin mazlum milletlerini kurtarmal\u0131d\u0131r. Aksi halde bu ate\u015f \u00e7emberi iyice daralacak bir g\u00fcn bizim de sonumuzu haz\u0131rlayacakt\u0131r.<a name=\"_ftnref3\" href=\"#_ftn3\" title=\"_ftnref3\">[3]<\/a>  <\/p>\n<p> <strong>\u00c7are Milli G\u00f6r\u00fc\u015ft\u00fcr, Erbakan&#39;d\u0131r&#8230;<\/strong>  <\/p>\n<p> \u00c7are; yeni Bir Kuvay\u0131 Milliye \u015fahlan\u0131\u015f\u0131d\u0131r. K\u0131br\u0131s&#39;\u0131 kim kurtard\u0131ysa, D-8&#39;leri kim kurduysa, Filistin&#39;i O kurtaracak, PKK&#39;n\u0131n k\u00f6k\u00fcn\u00fc O kurutacakt\u0131r. Bak\u0131n\u0131z:  <\/p>\n<p> Veli Kabaa\u011fa\u00e7, Ali Kemal Bozkurt, Mehmet S\u00f6zen. Yusuf Alp, \u015eeref \u0130mal\u0131, Mustafa Kilit, Tahsin Cirik ve Hasan Ba\u015ft\u00fcrk isimli K\u0131br\u0131s Gazileri, Milli Savunma Bakanl\u0131\u011f\u0131na a\u00e7\u0131k mektup yazarak Milli G\u00f6r\u00fc\u015f Lideri Prof. Dr. Necmettin Erbakan&#39;a K\u0131br\u0131s \u00e7\u0131kartmas\u0131nda g\u00f6sterdi\u011fi ba\u015far\u0131dan dolay\u0131, cesaret ve kahramanl\u0131k madalyas\u0131n\u0131n verilmesini istediler.  <\/p>\n<p> Milli Savunma Bakanl\u0131\u011f\u0131&#39;ndan, 1960 Antla\u015fmalar\u0131n\u0131 ihlal ederek K\u0131br\u0131s&#39;ta M\u00fcsl\u00fcman T\u00fcrkleri yakan ve diri diri kuyulara at\u0131p katliam yapan EOKA&#39;c\u0131 vah\u015fetine kar\u015f\u0131 K\u0131br\u0131s Bar\u0131\u015f Harekat\u0131&#39;n\u0131n emrini veren Mill\u00ee G\u00f6r\u00fc\u015f Lideri ve 54. H\u00fck\u00fcmetin Ba\u015fbakan\u0131 Prof. Dr. Necmettin Erbakan&#39;a, milli menfaatlerimizi korudu\u011fu i\u00e7in cesaret ve kahramanl\u0131k madalyas\u0131 verilmesini isteyen Gaziler, bunun ge\u00e7 kalm\u0131\u015f olsa da T\u00fcrkiye Cumhuriyeti&#39;nin manevi ki\u015fili\u011finin bir sayg\u0131 ifadesi olaca\u011f\u0131n\u0131 kaydettiler.  <\/p>\n<p> Mektupta \u015f\u00f6yle deniliyor: &quot;EOKA&#39;c\u0131 Rumlar\u0131n 1974&#39;\u00fcn 15 Temmuz&#39;unda M\u00fcsl\u00fcman T\u00fcrkleri adadan tamamen yok etmek planlar\u0131na kar\u015f\u0131 Say\u0131n Ba\u015fbakan Ecevit&#39;i \u0130ngiltere&#39;ye g\u00f6nderen ve K\u0131br\u0131s&#39;a \u00e7\u0131karma ve hava indirme haz\u0131rl\u0131klar\u0131 yaparak, II. K\u0131br\u0131s Bar\u0131\u015f Harek\u00e2t\u0131n\u0131 ba\u015flat\u0131p destanlar yazan CHP ve MSP koalisyon h\u00fck\u00fcmetinin Ba\u015fbakan yard\u0131mc\u0131s\u0131 Prof. Dr. Necmettin Erbakan&#39;a milli menfaatlerimize ve \u00e7\u0131karlar\u0131m\u0131za sayg\u0131 gere\u011fi ge\u00e7 kalm\u0131\u015fl\u0131\u011f\u0131n\u0131 g\u00f6z \u00f6n\u00fcne alarak \u00f6z\u00fcr dileyerek muhte\u015fem bir t\u00f6renle cesaret ve kahramanl\u0131k madalyas\u0131n\u0131n taraf\u0131n\u0131zdan verilmesine arz ederiz.&quot;  <\/p>\n<p> Evet Gaziler \u00e7areyi biliyor!&#8230;  <\/p>\n<p> <\/p>\n<hr \/>\n<p> <a name=\"_ftn1\" href=\"#_ftnref1\" title=\"_ftn1\">[1]<\/a> 20.07.2006 \/ Hasan Demir \/ Yeni\u00e7a\u011f  <\/p>\n<p> <a name=\"_ftn2\" href=\"#_ftnref2\" title=\"_ftn2\">[2]<\/a> 20.07.2006 \/ \u0130brahim Karag\u00fcl \/ Yeni \u015eafak  <\/p>\n<p> <a name=\"_ftn3\" href=\"#_ftnref3\" title=\"_ftn3\">[3]<\/a> 21.07.2006 \/ Osman Toprak \/ Milli Gazete  <\/p>\n","protected":false},"excerpt":{"rendered":"<p>\u00a0  <\/p>\n<p> Bir geminin yak\u0131t\u0131 azalm\u0131\u015f olabilir. Motorlar\u0131 ve makine aksam\u0131 ar\u0131zalanabilir. Tayfalar\u0131 yetersiz ve beceriksiz davranabilir&#8230;  <\/p>\n<p> Baz\u0131 tecav\u00fcz ve tehditlere maruz kalabilir. Bunlar\u0131n hi\u00e7 birisi; kar\u015f\u0131 konulmaz ve ba\u015fa \u00e7\u0131k\u0131lmaz tehlikeler de\u011fildir.  <\/p>\n<p> Ama, gafletle, cehaletle veya h\u0131yanetle, kaptan makam\u0131nda oturan kimsenin, gemiyi kayal\u0131klara, buzda\u011flar\u0131na veya hayali heves ve hesaplar u\u011fruna, derin dalgal\u0131 deryalara do\u011fru s\u00fcrmesi kadar tehlikeli ve endi\u015fe verici de\u011fildir.  <\/p>\n<p> \u0130\u015fte bu y\u00fczden diyoruz ki, T\u00fcrkiye i\u00e7in as\u0131l tehlike PKK de\u011fil, AKP&#39;dir.  <\/p>\n","protected":false},"author":29,"featured_media":0,"comment_status":"open","ping_status":"closed","sticky":false,"template":"","format":"standard","meta":{"footnotes":""},"categories":[32],"tags":[],"class_list":["post-113","post","type-post","status-publish","format-standard","hentry","category-agustos-2006"],"_links":{"self":[{"href":"https:\/\/www.millicozum.com\/mc\/wp-json\/wp\/v2\/posts\/113","targetHints":{"allow":["GET"]}}],"collection":[{"href":"https:\/\/www.millicozum.com\/mc\/wp-json\/wp\/v2\/posts"}],"about":[{"href":"https:\/\/www.millicozum.com\/mc\/wp-json\/wp\/v2\/types\/post"}],"author":[{"embeddable":true,"href":"https:\/\/www.millicozum.com\/mc\/wp-json\/wp\/v2\/users\/29"}],"replies":[{"embeddable":true,"href":"https:\/\/www.millicozum.com\/mc\/wp-json\/wp\/v2\/comments?post=113"}],"version-history":[{"count":0,"href":"https:\/\/www.millicozum.com\/mc\/wp-json\/wp\/v2\/posts\/113\/revisions"}],"wp:attachment":[{"href":"https:\/\/www.millicozum.com\/mc\/wp-json\/wp\/v2\/media?parent=113"}],"wp:term":[{"taxonomy":"category","embeddable":true,"href":"https:\/\/www.millicozum.com\/mc\/wp-json\/wp\/v2\/categories?post=113"},{"taxonomy":"post_tag","embeddable":true,"href":"https:\/\/www.millicozum.com\/mc\/wp-json\/wp\/v2\/tags?post=113"}],"curies":[{"name":"wp","href":"https:\/\/api.w.org\/{rel}","templated":true}]}}