{"id":11554,"date":"2023-03-28T15:20:51","date_gmt":"2023-03-28T12:20:51","guid":{"rendered":"https:\/\/www.millicozum.com\/mc\/ozel-yazilar\/bop-iltisakli-iktidar-turkiyeyi-parcalardi\/"},"modified":"2023-10-18T02:36:23","modified_gmt":"2023-10-17T23:36:23","slug":"bop-iltisakli-iktidar-turkiyeyi-parcalardi","status":"publish","type":"post","link":"https:\/\/www.millicozum.com\/mc\/ozel-yazilar\/bop-iltisakli-iktidar-turkiyeyi-parcalardi\/","title":{"rendered":"BOP \u0130LT\u0130SAKLI \u0130KT\u0130DAR;  T\u00dcRK\u0130YE&#8217;Y\u0130 PAR\u00c7ALARDI!"},"content":{"rendered":"<p>\u00a0<\/p>\n<p style=\"margin-bottom: 0cm; text-align: center;\"><strong><span style=\"font-size: 18pt; font-family: 'Arial', sans-serif;\">BOP \u0130LT\u0130SAKLI \u0130KT\u0130DAR;<\/span><\/strong><\/p>\n<p style=\"margin-bottom: 0cm; text-align: center;\"><strong><span style=\"font-size: 18pt; font-family: 'Arial', sans-serif;\">T\u00dcRK\u0130YE&#8217;Y\u0130 PAR\u00c7ALARDI!<\/span><\/strong><\/p>\n<p style=\"margin-bottom: 0cm; text-align: justify; text-indent: 17pt; line-height: 16pt;\"><strong><span style=\"font-size: 14pt; font-family: 'Arial', sans-serif;\">\u00a0\u00a0\u00a0\u00a0\u00a0\u00a0\u00a0\u00a0 <\/span><\/strong><\/p>\n<p style=\"margin-bottom: 0cm; text-align: justify; text-indent: 17pt; line-height: 16pt;\"><strong><span style=\"font-size: 12pt; font-family: 'Arial', sans-serif;\">PKK ile y\u00fcr\u00fct\u00fclen me\u015fhur \u00c7\u00f6z\u00fcm S\u00fcreci, Recep T. Erdo\u011fan&rsquo;\u0131n 2005 Diyarbak\u0131r konu\u015fmas\u0131yla ba\u015flam\u0131\u015f ve \u0130\u00e7i\u015fleri Bakan\u0131 Be\u015fir Atalay koordinat\u00f6rl\u00fc\u011f\u00fcnde yayg\u0131nla\u015fm\u0131\u015ft\u0131. 2009&rsquo;da AKP&rsquo;nin Milli Birlik ve Karde\u015flik projesi, <\/span><\/strong><strong><em><span style=\"font-size: 14pt; font-family: 'Arial', sans-serif;\">&ldquo;Demokratik A\u00e7\u0131l\u0131m&rdquo;<\/span><\/em><\/strong><strong><span style=\"font-size: 12pt; font-family: 'Arial', sans-serif;\"> k\u0131l\u0131fl\u0131 \u00c7\u00f6z\u00fcm ve A\u00e7\u0131l\u0131m S\u00fcreci&rsquo;nin devam\u0131yd\u0131. Bu s\u00fcrece, 16 Temmuz 2014 tarihinde Resmi Gazete&rsquo;de, <em>&ldquo;Ter\u00f6r\u00fcn sona erdirilmesi&rdquo;<\/em> kanununun \u00e7\u0131kmas\u0131yla me\u015fruiyet kazand\u0131r\u0131lm\u0131\u015ft\u0131. 2009 y\u0131l\u0131nda Oslo G\u00f6r\u00fc\u015fmeleri&rsquo;nde bu ama\u00e7la M\u0130T ile PKK bulu\u015fmu\u015flard\u0131. Hatta Cumhurba\u015fkan\u0131 Abdullah G\u00fcl, Kuzey Irak i\u00e7in &ldquo;K\u00fcrdistan&rdquo; demeye ba\u015flam\u0131\u015ft\u0131. 16 Ocak 2010&rsquo;da AKP&rsquo;li Be\u015fir Atalay, \u00c7\u00f6z\u00fcm S\u00fcreci do\u011frultusunda 4 ana ba\u015fl\u0131ktan olu\u015fan s\u00f6zde &ldquo;\u0130nsan Haklar\u0131 Paketi&rdquo;ni a\u00e7\u0131klad\u0131. K\u00fcrt\u00e7eyi resmile\u015ftirmek \u00fczere <em>&ldquo;Ya\u015fayan Diller Enstit\u00fcs\u00fc&rdquo;<\/em> a\u00e7\u0131ld\u0131, cezaevlerinde ve mahkemelerde K\u00fcrt\u00e7e konu\u015fulmas\u0131 karar\u0131 al\u0131nd\u0131. Ard\u0131ndan \u015eubat 2010&rsquo;da malum Habur skandal\u0131 ya\u015fand\u0131 ve Devlet, PKK&rsquo;l\u0131 militanlar\u0131n aya\u011f\u0131na ta\u015f\u0131nd\u0131. <\/span><\/strong><\/p>\n<p style=\"margin-bottom: 0cm; text-align: justify; text-indent: 17pt; line-height: 16pt;\"><strong><span style=\"font-size: 12pt; font-family: 'Arial', sans-serif;\">Hatta, \u015fimdi hararetli Erdo\u011fan \u015fak\u015fak\u00e7\u0131s\u0131 kesilen Devlet Bah\u00e7eli, o s\u00fcre\u00e7te partisinin grup toplant\u0131s\u0131nda, <em>&ldquo;433 maddelik Sevr Anla\u015fmas\u0131&rsquo;yla, \u015fimdi Erdo\u011fan iktidar\u0131n\u0131n PKK Ter\u00f6r \u00d6rg\u00fct\u00fc&rsquo;yle imzalad\u0131\u011f\u0131 10 maddelik teslimiyet ve h\u0131yanet belgesinin hi\u00e7bir fark\u0131 yoktur&rdquo;<\/em> a\u00e7\u0131klamas\u0131n\u0131 yapm\u0131\u015ft\u0131. Daha da ileri giden ayn\u0131 Bah\u00e7eli, me\u015fhur \u0130mral\u0131 G\u00f6r\u00fc\u015fme Tutanaklar\u0131&rsquo;n\u0131n bas\u0131na s\u0131zmas\u0131 \u00fczerine, <em>&ldquo;Ba\u015fbakan Erdo\u011fan, \u0130mral\u0131 canisiyle neleri g\u00f6r\u00fc\u015f\u00fcp konu\u015fmakta ve neyin, hangi tavizlerin pazarl\u0131\u011f\u0131n\u0131 yapmaktad\u0131r?&rdquo;<\/em> diye \u00e7\u0131k\u0131\u015fm\u0131\u015ft\u0131.<\/span><\/strong><\/p>\n<p style=\"margin-bottom: 0cm; text-align: justify; text-indent: 17pt; line-height: 16pt;\"><strong><span style=\"font-size: 12pt; font-family: 'Arial', sans-serif;\">\u015eimdi, <\/span><\/strong><strong><em><span style=\"font-size: 14pt; font-family: 'Arial', sans-serif;\">Millet \u0130ttifak\u0131<\/span><\/em><\/strong><strong><span style=\"font-size: 12pt; font-family: 'Arial', sans-serif;\"> Sn. Kemal K\u0131l\u0131\u00e7daro\u011flu&rsquo;nu Cumhurba\u015fkan\u0131 aday\u0131 olarak a\u00e7\u0131klad\u0131ktan sonra, etekleri iyice tutu\u015fan Erdo\u011fan-Bah\u00e7eli dayan\u0131\u015fmas\u0131n\u0131n ve kiral\u0131k yanda\u015flar\u0131n\u0131n, K\u0131l\u0131\u00e7daro\u011flu&rsquo;na HDP ile g\u00f6r\u00fc\u015fmeleri \u00fczerinden sata\u015fma ve toplumda prim yapma \u00e7abalar\u0131 tam bir \u00e7ifte standartt\u0131r, yani sahtek\u00e2rl\u0131k ve m\u00fcnaf\u0131kl\u0131kt\u0131r. \u00c7\u00fcnk\u00fc mevcut Anayasa ve kanunlara ra\u011fmen HDP&rsquo;nin kapat\u0131lmas\u0131na dolayl\u0131 engel olan da yine bu Cumhur \u0130ttifak\u0131&rsquo;d\u0131r.<\/span><\/strong><\/p>\n<p style=\"margin-bottom: 0cm; text-align: justify; text-indent: 17pt; line-height: 16pt;\"><strong><span style=\"font-size: 14pt; font-family: 'Arial', sans-serif;\">AKP&#8217;den HDP ata\u011f\u0131!<\/span><\/strong><\/p>\n<p style=\"margin-bottom: 0cm; text-align: justify; text-indent: 17pt; line-height: 16pt;\"><strong><span style=\"font-size: 14pt; font-family: 'Arial', sans-serif;\">Millet \u0130ttifak\u0131&#8217;nda Cumhurba\u015fkan\u0131 aday\u0131n\u0131n ya\u015fanan geli\u015fmeler sonras\u0131 a\u00e7\u0131klanmas\u0131, iktidar cephesinde \u015fa\u015fk\u0131nl\u0131\u011fa yol a\u00e7m\u0131\u015ft\u0131.<\/span><\/strong><\/p>\n<p style=\"margin-bottom: 0cm; text-align: justify; text-indent: 17pt; line-height: 16pt;\"><strong><span style=\"font-size: 12pt; font-family: 'Arial', sans-serif;\">Milliyet gazetesinden Ay\u015feg\u00fcl Kahvecio\u011flu&#8217;nun haberine g\u00f6re, AKP kurmaylar\u0131 bu s\u00fcre\u00e7te \u00f6zellikle HDP&rsquo;nin Millet \u0130ttifak\u0131&rsquo;na y\u00f6nelik tavr\u0131n\u0131n izlenmesi gerekti\u011fine dikkat \u00e7ekiyorlard\u0131. <em>AKP&rsquo;nin, K\u00fcrt se\u00e7mene y\u00f6nelik yeni ad\u0131mlar\u0131 g\u00fcndemine alabilece\u011fi<\/em> sinyalini veriyorlard\u0131.<\/span><\/strong><\/p>\n<p style=\"margin-bottom: 0cm; text-align: justify; text-indent: 17pt; line-height: 16pt;\"><strong><span style=\"font-size: 12pt; font-family: 'Arial', sans-serif;\">AKP&rsquo;li kurmaylar, <em>&ldquo;B\u00f6lge vekillerini \u00e7ok iyi dinlememiz ve \u00f6zellikle dindar K\u00fcrtleri yeniden kazanmam\u0131z laz\u0131md\u0131r. Bu ad\u0131mlar &lsquo;<\/em><\/span><\/strong><span style=\"font-size: 14pt; font-family: 'Arial', sans-serif;\"><a href=\"https:\/\/www.milligazete.com.tr\/haberleri\/mhp\" target=\"_blank\" title=\"Son dakika MHP haberleri\"><strong><em><span style=\"font-size: 12pt; color: windowtext; text-decoration: none;\">MHP<\/span><\/em><\/strong><\/a><\/span><strong><em><span style=\"font-size: 12pt; font-family: 'Arial', sans-serif;\">&rsquo;ye ra\u011fmen&rsquo; de\u011fil, bizim ataca\u011f\u0131m\u0131z ad\u0131mlar olmal\u0131d\u0131r. B\u00f6lgeden do\u011fru vekil adaylar\u0131 \u00e7\u0131karmam\u0131z, s\u00f6ylemle ilgili \u00f6zel olarak \u00e7al\u0131\u015fmam\u0131z, kayyumlarla ilgili yanl\u0131\u015f okumalar\u0131n \u00f6n\u00fcne ge\u00e7memiz, HDP&rsquo;yi do\u011frudan PKK ile ili\u015fkilendiren dili esnetmemiz gerekiyor&rdquo;<\/span><\/em><\/strong><strong><span style=\"font-size: 12pt; font-family: 'Arial', sans-serif;\"> demeye ba\u015flam\u0131\u015flard\u0131!?[1]<\/span><\/strong><\/p>\n<p style=\"margin-bottom: 0cm; text-align: justify; text-indent: 17pt; line-height: 16pt;\"><strong><span style=\"font-size: 14pt; font-family: 'Arial', sans-serif;\">Bu noktada as\u0131l \u015fu sorulmal\u0131yd\u0131:<\/span><\/strong><\/p>\n<p style=\"margin-bottom: 0cm; text-align: justify; text-indent: 17pt; line-height: 16pt;\"><strong><span style=\"font-size: 12pt; font-family: 'Arial', sans-serif;\">Millet \u0130ttifak\u0131 da, Cumhur \u0130ttifak\u0131 da, HDP oylar\u0131na talip olmaktalard\u0131&#8230; \u00c7\u00fcnk\u00fc se\u00e7imi kazanmak i\u00e7in buna ihtiya\u00e7lar\u0131 vard\u0131&#8230; Ancak AKP ve MHP&#8217;nin, HDP oylar\u0131na talip olmas\u0131 &#8220;M\u00dcBAH&#8221; say\u0131l\u0131rken, CHP ve ortaklar\u0131n\u0131n ayn\u0131 oylara talip olmas\u0131 neden &#8220;G\u00dcNAH&#8221; say\u0131lmaktayd\u0131? Veya \u015f\u00f6yle soral\u0131m: Hizbullah Ter\u00f6r \u00d6rg\u00fct\u00fc&rsquo;n\u00fcn devam\u0131 olan H\u00dcDA-PAR&rsquo;la ittifak HELAL oluyor da, PYD&rsquo;nin devam\u0131yla irtibat neden HARAM s\u0131n\u0131f\u0131na sokulmaktayd\u0131?<\/span><\/strong><\/p>\n<p style=\"margin-bottom: 0cm; text-align: justify; text-indent: 17pt; line-height: 16pt;\"><strong><span style=\"font-size: 14pt; font-family: 'Arial', sans-serif;\">Oysa ac\u0131 ger\u00e7ek \u015fudur: BOP iltisakl\u0131<span style=\"font-size: 12pt;\">[2]<\/span> bir iktidar, T\u00fcrkiye&rsquo;yi par\u00e7alayacakt\u0131r!<\/span><\/strong><\/p>\n<p style=\"margin-bottom: 0cm; text-align: justify; text-indent: 17pt; line-height: 16pt;\"><strong><span style=\"font-size: 14pt; font-family: 'Arial', sans-serif;\">Emekli Tu\u011fgeneral Naim Bab\u00fcro\u011flu, deprem felaketi sonras\u0131, <em>\u00f6zellikle Hatay ilimiz \u00fczerinde baz\u0131 sinsi ad\u0131mlar at\u0131labilece\u011fi<\/em> konusunda \u00e7ok kritik uyar\u0131larda bulunmu\u015flard\u0131. Gazeteci Ferda Y\u0131ld\u0131r\u0131m&#8217;\u0131n kanal\u0131na kat\u0131lan eski asker Naim Bab\u00fcro\u011flu, \u015fu \u00f6nemli a\u00e7\u0131klamalar\u0131 yapm\u0131\u015ft\u0131:<\/span><\/strong><\/p>\n<p style=\"margin-bottom: 0cm; text-align: justify; text-indent: 17pt; line-height: 16pt;\"><strong><span style=\"font-size: 14pt; font-family: 'Arial', sans-serif;\">\u00a0<img decoding=\"async\" src=\"images\/banners\/papa-kurdistan_pulu1.png\" alt=\"papa kurdistan pulu1\" \/><\/span><\/strong><\/p>\n<p style=\"margin-bottom: 0cm; text-align: justify; text-indent: 17pt; line-height: 16pt;\"><strong><span style=\"font-size: 12pt; font-family: 'Arial', sans-serif;\">&ldquo;2006&#8217;da bir ABD albay\u0131 taraf\u0131ndan bir harita \u00e7iziliyordu. Bu harita ABD Savunma Bakanl\u0131\u011f\u0131&#8217;na yak\u0131n dergide yay\u0131nlan\u0131yordu. ABD&#8217;li albay\u0131n \u00e7izdi\u011fi harita B\u00fcy\u00fck Ortado\u011fu Projesi&#8217;ni resmediyordu. Yahudi as\u0131ll\u0131 Siyonist Kissinger ise 2014&#8217;te Ortado\u011fu&#8217;daki s\u0131n\u0131rlar\u0131n tamamen kald\u0131r\u0131lmas\u0131 gerekti\u011fini s\u00f6yl\u00fcyordu. \u0130\u015fte bak\u0131n; Irak, Suriye, Libya par\u00e7alanm\u0131\u015f bulunuyordu. Filistin ise neredeyse yok oldu. Papa&#8217;n\u0131n Irak ziyareti \u015ferefine bir pul bas\u0131l\u0131yordu. Pulda K\u00fcrdistan haritas\u0131 g\u00f6r\u00fcl\u00fcyordu. Bu pul resmen BOP&#8217;u resmediyordu.<\/span><\/strong><\/p>\n<p style=\"margin-bottom: 0cm; text-align: justify; text-indent: 17pt; line-height: 16pt;\"><strong><span style=\"font-size: 12pt; font-family: 'Arial', sans-serif;\">\u015eimdi geldi\u011fimiz duruma bak\u0131n; Irak yoktu. Filistin yoktu. Ve en son bu depremle Hatay&#8217;\u0131n \u00e7o\u011fu g\u00f6\u00e7 ediyordu. Evler, i\u015f yerleri deprem sonucu enkaz alt\u0131nda kal\u0131yordu. Hatay \u00e7ok \u00f6nemlidir. Hatay&#8217;\u0131n bir tarihi derinli\u011fi ve dengeler ili olmas\u0131 \u00fczerinde durulmas\u0131 gerekir. Hatay stratejik derecede \u00f6nemlidir. Hatay s\u0131k\u0131nt\u0131ya girerse, <\/span><\/strong><strong><span style=\"font-size: 14pt; font-family: 'Arial', sans-serif;\">Mavi Vatan<\/span><\/strong><strong><span style=\"font-size: 12pt; font-family: 'Arial', sans-serif;\"> s\u0131k\u0131nt\u0131ya d\u00fc\u015fecektir. Do\u011fu Akdeniz ve Ege&#8217;de hamlelerimiz engellenecektir. Buradaki demografik yap\u0131da b\u00fcy\u00fck de\u011fi\u015fimler \u00f6ng\u00f6r\u00fclmektedir. Hatay&#8217;da demografik yap\u0131 de\u011fi\u015fince, malum merkezler kendilerine \u00f6zerklik isteyebilecektir!<\/span><\/strong><\/p>\n<p style=\"margin-bottom: 0cm; text-align: justify; text-indent: 17pt; line-height: 16pt;\"><strong><span style=\"font-size: 12pt; font-family: 'Arial', sans-serif;\">\u015e\u00f6yle ki; BM&#8217;ye ba\u015fvuracaklar. Bunu kim yapacak? BOP&#8217;u \u00e7izen \u0130ngiliz, ABD ve \u0130srail&#8217;in istihbarat \u00f6rg\u00fctleri kollar\u0131 s\u0131vayacaklar&hellip; Sonra bir bakacaks\u0131n\u0131z, Hatay&rsquo;\u0131 elimizden almaya \u00e7al\u0131\u015f\u0131yorlar. T\u00fcrkiye Cumhuriyeti elbette buna kar\u015f\u0131 \u00e7\u0131kacak, aman Allah korusun! Ancak Hatay&#8217;a 1980&#8217;de yabanc\u0131ya konut sat\u0131\u015f yasa\u011f\u0131 al\u0131nd\u0131. Sat\u0131\u015f yasak ama, Suriyeli olup da T\u00fcrk vatanda\u015fl\u0131\u011f\u0131na ge\u00e7mi\u015f olan yeni gelenlere de bu yasaklanmal\u0131d\u0131r. Bu kritik s\u00fcre\u00e7 ge\u00e7ene kadar bu yap\u0131lmal\u0131d\u0131r. Suriyeliler (ve onlar\u0131 k\u0131\u015fk\u0131rt\u0131p kullanan \u0130srail) T\u00fcrkler \u00fczerinden mal, m\u00fclk sat\u0131\u015f\u0131 ba\u015flatm\u0131\u015ft\u0131r. Yaralar sar\u0131lana kadar buna engel olunmal\u0131d\u0131r. Bunlar\u0131 s\u00f6ylemeyi bir vatan borcu saymaktay\u0131m! T\u00fcrkiye \u00fczerindeki sinsi planlar\u0131n tak\u0131r tak\u0131r i\u015flemesi bizi ku\u015fkuland\u0131rmaktad\u0131r. Bu arada \u0130srail ve G\u00fcney K\u0131br\u0131s&#8217;\u0131 NATO&#8217;ya haz\u0131rl\u0131yorlar. Yine ABD, Yunanistan&#8217;\u0131 destekleyip silahland\u0131rmaktad\u0131r. 2030&#8217;da NATO&#8217;dan \u00e7\u0131kar\u0131lm\u0131\u015f bir T\u00fcrkiye, devam\u0131nda ise NATO&#8217;ya sokulan bir \u0130srail ve G\u00fcney K\u0131br\u0131s&#8217;\u0131 g\u00f6rece\u011fimiz g\u00fcnler&hellip; Kendi ba\u015f\u0131m\u0131z\u0131n \u00e7aresine bakmaya mecbur kalaca\u011f\u0131m\u0131z \u015fartlara haz\u0131rlanmal\u0131y\u0131z!&rdquo;[3]<\/span><\/strong><\/p>\n<p style=\"margin-bottom: 0cm; text-align: justify; text-indent: 17pt; line-height: 16pt;\"><strong><span style=\"font-size: 14pt; font-family: 'Arial', sans-serif;\">ABD Genelkurmay Ba\u015fkan\u0131n\u0131n, YPG-PKK&#8217;y\u0131 ziyaret etmesi, s\u0131n\u0131r\u0131m\u0131zda bir K\u00fcrdistan ilan\u0131d\u0131r!<\/span><\/strong><\/p>\n<p style=\"margin-bottom: 0cm; text-align: justify; text-indent: 17pt; line-height: 16pt;\"><strong><span style=\"font-size: 12pt; font-family: 'Arial', sans-serif;\">ABD Genelkurmay Ba\u015fkan\u0131 Orgeneral Mark Milley, Suriye&rsquo;nin kuzeyinde ter\u00f6r \u00f6rg\u00fct\u00fc YPG\/PKK&rsquo;n\u0131n i\u015fgalindeki b\u00f6lgeleri ziyaret edip ter\u00f6ristlerle kucakla\u015fm\u0131\u015flard\u0131. ABD Genelkurmay Ba\u015fkanl\u0131\u011f\u0131 S\u00f6zc\u00fcs\u00fc Albay Dave Butler, <em>&ldquo;General Milley, bug\u00fcn (ABD&rsquo;li) komutanlar ve askeri birliklerle g\u00f6r\u00fc\u015fmek \u00fczere Suriye&rsquo;nin kuzeyini ziyaret etti. I\u015e\u0130D ile m\u00fccadele misyonuyla ilgili g\u00fcncel bilgileri ald\u0131, kuvvet koruma tedbirlerini inceledi ve El-Hol m\u00fclteci kamp\u0131ndaki m\u00fcltecilerin \u00fclkelerine iade edilmesi \u00e7abalar\u0131n\u0131 de\u011ferlendirdi&rdquo;<\/em> a\u00e7\u0131klamas\u0131n\u0131 yapm\u0131\u015ft\u0131.<\/span><\/strong><\/p>\n<p style=\"margin-bottom: 0cm; text-align: justify; text-indent: 17pt; line-height: 16pt;\"><strong><span style=\"font-size: 12pt; font-family: 'Arial', sans-serif;\">Amerikan medyas\u0131ndaki haberlere g\u00f6re, Milley, kendisiyle seyahat eden muhabirlerin, Suriye&rsquo;de yakla\u015f\u0131k 900 Amerikan askerinin konu\u015fland\u0131r\u0131lmas\u0131n\u0131n al\u0131nan riske de\u011fip de\u011fmeyece\u011fine ili\u015fkin sorular\u0131na, <em>&ldquo;Bunun \u00f6nemli oldu\u011funu d\u00fc\u015f\u00fcn\u00fcyorsan\u0131z, o zaman cevab\u0131m evet&rdquo;<\/em> diye yan\u0131tlam\u0131\u015ft\u0131.<\/span><\/strong><\/p>\n<p style=\"margin-bottom: 0cm; text-align: justify; text-indent: 17pt; line-height: 16pt;\"><strong><span style=\"font-size: 14pt; font-family: 'Arial', sans-serif;\">Suriye D\u0131\u015fi\u015fleri Bakanl\u0131\u011f\u0131 ise bu ziyarete kar\u015f\u0131 \u00e7\u0131km\u0131\u015flard\u0131.<\/span><\/strong><\/p>\n<p style=\"margin-bottom: 0cm; text-align: justify; text-indent: 17pt; line-height: 16pt;\"><strong><span style=\"font-size: 12pt; font-family: 'Arial', sans-serif;\">Yap\u0131lan a\u00e7\u0131klamada, <em>&ldquo;Haber vermeden \u00fcst d\u00fczey bir ABD&rsquo;li yetkilinin Suriye&rsquo;nin kuzeydo\u011fusundaki askeri \u00fcsse gitmesi, yasa d\u0131\u015f\u0131 ve \u00fclkenin toprak b\u00fct\u00fcnl\u00fc\u011f\u00fcne y\u00f6nelik al\u00e7ak\u00e7a bir ihl\u00e2ldir&rdquo;<\/em> ifadeleri kullan\u0131lm\u0131\u015ft\u0131.[4]<\/span><\/strong><\/p>\n<p style=\"margin-bottom: 0cm; text-align: justify; text-indent: 17pt; line-height: 16pt;\"><strong><span style=\"font-size: 12pt; font-family: 'Arial', sans-serif;\">Oysa h\u00e2l\u00e2 Erdo\u011fan iktidar\u0131 ABD Ankara B\u00fcy\u00fckel\u00e7ili\u011finden bir k\u00e2tibi D\u0131\u015fi\u015flerine \u00e7a\u011f\u0131r\u0131p konuyu ge\u00e7i\u015ftirme \u00e7abas\u0131ndayd\u0131. ABD&rsquo;li diplomat ise, d\u00fcnyan\u0131n g\u00f6z\u00fc \u00f6n\u00fcndeki bu ziyareti ink\u00e2ra kalk\u0131\u015fm\u0131\u015ft\u0131.<\/span><\/strong><\/p>\n<p style=\"margin-bottom: 0cm; text-align: justify; text-indent: 17pt; line-height: 16pt;\"><strong><span style=\"font-size: 14pt; font-family: 'Arial', sans-serif;\">ABD Genelkurmay Ba\u015fkan\u0131 Milley&#8217;in \u0130srail&rsquo;den sonra Suriye ziyaretinin anlam\u0131?!<\/span><\/strong><\/p>\n<p style=\"margin-bottom: 0cm; text-align: justify; text-indent: 17pt; line-height: 16pt;\"><strong><span style=\"font-size: 14pt; font-family: 'Arial', sans-serif;\">ABD Genelkurmay Ba\u015fkan\u0131 Orgeneral Mark Milley&rsquo;in, Suriye&#8217;nin kuzeyinde ter\u00f6r \u00f6rg\u00fct\u00fc YPG\/PKK&#8217;n\u0131n i\u015fgalindeki b\u00f6lgeleri ziyaretinin detaylar\u0131n\u0131, Ciner Medya Grubu ABD Temsilcisi Ali \u00c7\u0131nar aktarm\u0131\u015ft\u0131.<\/span><\/strong><\/p>\n<p style=\"margin-bottom: 0cm; text-align: justify; text-indent: 17pt; line-height: 16pt;\"><strong><span style=\"font-size: 12pt; font-family: 'Arial', sans-serif;\">Orgeneral Mark Milley, Suriye&#8217;de bulunan askeri \u00fcsse \u00f6nceden a\u00e7\u0131klanmayan s\u00fcrpriz bir ziyaret yapm\u0131\u015ft\u0131. Ziyaret i\u00e7in \u00f6nce \u0130srail&#8217;de bulunan Milley, \u0130srail&#8217;den sonra Suriye&#8217;nin kuzeydo\u011fusuna ge\u00e7erek, 900 askerin de bulundu\u011fu \u00fcste baz\u0131 incelemelerde bulunmu\u015flard\u0131. Sekiz y\u0131ld\u0131r Suriye&#8217;de bulunan Amerikan askerlerinin son durumunu yak\u0131ndan g\u00f6rmek i\u00e7in b\u00f6lgede oldu\u011funu s\u00f6yleyen General Milley, YPG-PKK ile beraber DEA\u015e ile m\u00fccadelede belli ilerlemenin kaydedildi\u011fini vurgulam\u0131\u015ft\u0131. Beraberinde b\u00f6lgeye giden gazetecilerin, <em>&#8220;Suriye g\u00f6revinin risk almaya de\u011fip de\u011fmedi\u011fi&rdquo;<\/em> yolundaki sorusunu yan\u0131tlayan Genelkurmay Ba\u015fkan\u0131 Milley, durumu ABD ve m\u00fcttefiklerinin g\u00fcvenli\u011fine ba\u011flayarak <em>&#8216;evet&#8217;<\/em> diyerek yan\u0131tlam\u0131\u015ft\u0131.<\/span><\/strong><\/p>\n<p style=\"margin-bottom: 0cm; text-align: justify; text-indent: 17pt; line-height: 16pt;\"><strong><em><span style=\"font-size: 12pt; font-family: 'Arial', sans-serif;\">Biden y\u00f6netiminin odak noktas\u0131n\u0131n, Rusya&#8217;n\u0131n Ukrayna&#8217;y\u0131 i\u015fgaline ve Asya Pasifik&#8217;ten \u00c7in ile olas\u0131 bir \u00e7at\u0131\u015fmaya kaymas\u0131yla, Suriye ve Irak&#8217;ta DEA\u015e ile m\u00fccadele i\u00e7in askeri misyonun arka planda kald\u0131\u011f\u0131<\/span><\/em><\/strong><strong><span style=\"font-size: 12pt; font-family: 'Arial', sans-serif;\"> iddialar\u0131 as\u0131ls\u0131zd\u0131. \u00c7\u00fcnk\u00fc Siyonizm&rsquo;in ger\u00e7ek amac\u0131, Suriye&rsquo;yi ve T\u00fcrkiye&rsquo;yi par\u00e7alamak ve bu maksatla K\u00fcrdistan&rsquo;\u0131 kurmakt\u0131. <\/span><\/strong><\/p>\n<p style=\"margin-bottom: 0cm; text-align: justify; text-indent: 17pt; line-height: 16pt;\"><strong><span style=\"font-size: 12pt; font-family: 'Arial', sans-serif;\">T\u00fcrkiye&#8217;nin, ABD&#8217;nin YPG deste\u011fine \u015fiddetle kar\u015f\u0131 \u00e7\u0131kmas\u0131na ra\u011fmen; ABD, uzun zamand\u0131r DEA\u015e ile m\u00fccadele bahanesiyle PKK-PYD ter\u00f6r \u00f6rg\u00fct\u00fcne Pentagon b\u00fct\u00e7esinden de y\u00fcz milyonlarca dolar maddi kaynak ay\u0131rmaktayd\u0131. 10 bin DEA\u015e&#8217;l\u0131 ter\u00f6ristin hapishanelerde tutulmas\u0131 g\u00f6revini de YPG \u00fcstlenmi\u015f durumdayd\u0131. ABD&#8217;li Genelkurmay Ba\u015fkan\u0131 Milley&#8217;in Suriye Demokratik G\u00fc\u00e7leri ile Amerikan askeri \u00fcss\u00fcnde g\u00f6r\u00fc\u015f\u00fcp g\u00f6r\u00fc\u015fmedi\u011fi konusunda resmi bir a\u00e7\u0131klama yap\u0131lmam\u0131\u015ft\u0131. Genelkurmay Ba\u015fkan\u0131 Milley&#8217;in sadece Amerikal\u0131 askerler ile resmi bas\u0131na servis edilmesi bir aldatmacayd\u0131.[5]<\/span><\/strong><\/p>\n<p style=\"margin-bottom: 0cm; text-align: justify; text-indent: 17pt; line-height: 16pt;\"><strong><span style=\"font-size: 14pt; font-family: 'Arial', sans-serif;\">Bu arada kurus\u0131k\u0131 \u00e7\u0131k\u0131\u015flar\u0131yla me\u015fhur Erdo\u011fan iktidar\u0131; hem PKK&rsquo;y\u0131 bar\u0131nd\u0131ran hem de Kur&rsquo;an-\u0131 Kerim yakanlar\u0131 koruyan \u0130sve\u00e7&rsquo;in NATO&rsquo;ya al\u0131nmas\u0131na raz\u0131 da olmu\u015flard\u0131!..<\/span><\/strong><\/p>\n<p style=\"margin-bottom: 0cm; text-align: justify; text-indent: 17pt; line-height: 16pt;\"><strong><span style=\"font-size: 14pt; font-family: 'Arial', sans-serif;\">\u0130srail g\u00fcd\u00fcml\u00fc ABD, Kahramanmara\u015f merkezli depremi bir f\u0131rsat bilip, PKK-PYD&rsquo;yi T\u00fcrkiye&rsquo;ye sald\u0131rtm\u0131\u015ft\u0131!<\/span><\/strong><\/p>\n<p style=\"margin-bottom: 0cm; text-align: justify; text-indent: 17pt; line-height: 16pt;\"><strong><span style=\"font-size: 14pt; font-family: 'Arial', sans-serif;\">\u00dclkemiz 6 \u015eubat 2023 depremiyle sars\u0131l\u0131rken, g\u00fcya m\u00fcttefikimiz olan ABD ve elbette \u0130srail&rsquo;in gizli ve kirli hedefleri istikametinde, a\u011f\u0131r silahlarla donatt\u0131klar\u0131 PKK-PYD e\u015fk\u0131yalar\u0131n\u0131, en yaral\u0131 ve en yasl\u0131 oldu\u011fumuz kritik bir s\u00fcre\u00e7te \u00fczerimize sald\u0131rtmalar\u0131, d\u00fc\u015fmanl\u0131\u011f\u0131n daniskas\u0131yd\u0131, kahpeli\u011fin dik \u00e2l\u00e2s\u0131yd\u0131&hellip; H\u00e2l\u00e2 bu Siyonist kuduz \u0130srail&rsquo;le, normalle\u015fme giri\u015fimlerini s\u00fcrd\u00fcren AKP iktidar\u0131n\u0131n bu duyars\u0131zl\u0131\u011f\u0131, daha \u00f6nce PKK ile y\u00fcr\u00fct\u00fclen s\u00f6zde \u00c7\u00d6Z\u00dcM S\u00dcREC\u0130&rsquo;nden daha tehlikeli ve tavizci bir davran\u0131\u015ft\u0131&hellip; Ve siyasetin k\u0131z\u0131\u015ft\u0131\u011f\u0131 \u015fu ortamda, dindar ve vatanperver t\u00fcm K\u00fcrt karde\u015flerimizle, PKK-PYD ve bunlar\u0131n arkas\u0131ndaki \u0130srail ve ABD&rsquo;yi asla kar\u0131\u015ft\u0131rmamak laz\u0131md\u0131!<\/span><\/strong><\/p>\n<p style=\"margin-bottom: 0cm; text-align: justify; text-indent: 17pt; line-height: 16pt;\"><strong><span style=\"font-size: 14pt; font-family: 'Arial', sans-serif;\">Eski \u00dclk\u00fc Ocaklar\u0131 Ba\u015fkan\u0131: <em>Bir Mafya Grubu \u00dczerinden K\u0131l\u0131\u00e7daro\u011flu&#8217;na Hamle Yap\u0131laca\u011f\u0131yla \u0130lgili Duyumlar\u0131m Vard\u0131r!<\/em><\/span><\/strong><\/p>\n<p style=\"margin-bottom: 0cm; text-align: justify; text-indent: 17pt; line-height: 16pt;\"><strong><span style=\"font-size: 12pt; font-family: 'Arial', sans-serif;\">Millet \u0130ttifak\u0131&#8217;n\u0131n Cumhurba\u015fkan\u0131 aday\u0131 olarak a\u00e7\u0131klanan Kemal K\u0131l\u0131\u00e7daro\u011flu ile ilgili ortaya at\u0131lan iddia kamuoyunda yank\u0131lanm\u0131\u015ft\u0131. Eski \u00dclk\u00fc Ocaklar\u0131 Ba\u015fkan\u0131 Alaattin Aldemir kat\u0131ld\u0131\u011f\u0131 canl\u0131 yay\u0131nda, <\/span><\/strong><strong><em><span style=\"font-size: 14pt; font-family: 'Arial', sans-serif;\">&#8220;Devlet g\u00f6revlilerini g\u00f6reve \u00e7a\u011f\u0131r\u0131yorum. Bir mafya grubu \u00fczerinden CHP lideri Kemal K\u0131l\u0131\u00e7daro\u011flu&#8217;na hamle yap\u0131laca\u011f\u0131yla ilgili duyumlar\u0131m var. Bu ate\u015f hepimizi yakar. \u00c7ok a\u00e7\u0131k s\u00f6yl\u00fcyorum ve uyar\u0131yorum!&#8221;<\/span><\/em><\/strong><strong><span style=\"font-size: 12pt; font-family: 'Arial', sans-serif;\"> ifadelerini kullanm\u0131\u015ft\u0131.<\/span><\/strong><\/p>\n<p style=\"margin-bottom: 0cm; text-align: justify; text-indent: 17pt; line-height: 16pt;\"><strong><span style=\"font-size: 12pt; font-family: 'Arial', sans-serif;\">Alaattin Aldemir ayr\u0131ca \u015funlar\u0131 aktarm\u0131\u015ft\u0131; <em>&#8220;Devlet g\u00f6revlilerine sesleniyorum. Hepsi ortak olur bu i\u015fin sorumlulu\u011funa! Genel Ba\u015fkan&rsquo;a haber bile vermeden ben bunu sizinle payla\u015f\u0131yorum. Bir mafya grubunun \u00fczerinden, Sinan&#8217;a (Eski \u00dclk\u00fc Ocaklar\u0131 Genel Ba\u015fkan\u0131 Sinan Ate\u015f) yapt\u0131klar\u0131 gibi bir uyu\u015fturucu \u00e7etesi eliyle bir \u015feyler tezg\u00e2hland\u0131\u011f\u0131n\u0131 duyuyorum, hem de liderlere y\u00f6nelik, sak\u0131n ha. Sak\u0131n ha (buna f\u0131rsat tan\u0131may\u0131n)!.. Bu ate\u015f hepimizi yakar. \u00c7ok a\u00e7\u0131k s\u00f6yl\u00fcyorum. \u00dclkemizi kar\u0131\u015ft\u0131rmak istiyorlar!&#8221;<\/em><\/span><\/strong><\/p>\n<p style=\"margin-bottom: 0cm; text-align: justify; text-indent: 17pt; line-height: 16pt;\"><strong><span style=\"font-size: 14pt; font-family: 'Arial', sans-serif;\">Zaten daha \u00f6nce Bah\u00e7eli hedef g\u00f6stermi\u015f, Alaattin \u00c7ak\u0131c\u0131 tehditler ya\u011fd\u0131rm\u0131\u015ft\u0131!<\/span><\/strong><\/p>\n<p style=\"margin-bottom: 0cm; text-align: justify; text-indent: 17pt; line-height: 16pt;\"><strong><span style=\"font-size: 12pt; font-family: 'Arial', sans-serif;\">Organize su\u00e7 \u00f6rg\u00fct\u00fc lideri oldu\u011fu belirtilen Alaattin \u00c7ak\u0131c\u0131, Fenerbah\u00e7e ve Be\u015fikta\u015f ma\u00e7lar\u0131ndaki &#8220;H\u00fck\u00fcmet istifa&#8221; sloganlar\u0131n\u0131 hedef alarak, <em>&#8220;Devlet ve milletine ba\u011fl\u0131 olanlar bu ihaneti asla unutmayacaklar&#8221;<\/em> tehdidini savurmu\u015flard\u0131. Mara\u015f merkezli depremlerin ard\u0131ndan oynanan ilk S\u00fcper Lig ma\u00e7lar\u0131nda Fenerbah\u00e7e ve Be\u015fikta\u015f trib\u00fcnlerinde <em>&#8220;H\u00fck\u00fcmet istifa&#8221;<\/em> sloganlar\u0131 at\u0131lm\u0131\u015ft\u0131. MHP lideri Devlet Bah\u00e7eli, Be\u015fikta\u015f ma\u00e7\u0131ndaki tezah\u00fcratlardan sonra sosyal medya hesab\u0131ndan, <em>&#8220;T\u00fcrk futbolunu zillet ve rezalete mahk\u00fbm etmek isteyenlere g\u00f6z yummak, alttan almak, sessiz durmak geldi\u011fimiz bu a\u015famada m\u00fcmk\u00fcn de\u011fildir&#8221;<\/em> ifadelerini kullanarak kul\u00fcp \u00fcyeli\u011finden istifa etti\u011fini a\u00e7\u0131klam\u0131\u015ft\u0131.<\/span><\/strong><\/p>\n<p style=\"margin-bottom: 0cm; text-align: justify; text-indent: 17pt; line-height: 16pt;\"><strong><span style=\"font-size: 12pt; font-family: 'Arial', sans-serif;\">Bah\u00e7eli&#8217;nin giri\u015fimiyle \u00e7\u0131kar\u0131lan infaz indirimi paketi kapsam\u0131nda cezaevinden tahliye edilen organize su\u00e7 \u00f6rg\u00fct\u00fc lideri Alaattin \u00c7ak\u0131c\u0131 da h\u00fck\u00fcmeti istifaya \u00e7a\u011f\u0131ran taraftarlara tehditler ya\u011fd\u0131rm\u0131\u015ft\u0131.<\/span><\/strong><\/p>\n<p style=\"margin-bottom: 0cm; text-align: justify; text-indent: 17pt; line-height: 16pt;\"><strong><em><span style=\"font-size: 12pt; font-family: 'Arial', sans-serif;\">&#8220;Son y\u00fczy\u0131l\u0131n en b\u00fcy\u00fck do\u011fal afeti \u00fclkemizde ya\u015fanm\u0131\u015ft\u0131r. Say\u0131n Devlet Ba\u015fkan\u0131m\u0131z, devletimizin t\u00fcm birimlerini, milletimizle birlikte&hellip; Genel Ba\u015fkan\u0131m\u0131z Sn. Devlet Bah\u00e7eli, devlet ve millet ile el ele an\u0131nda m\u00fcdahale edilmi\u015ftir. Fenerbah\u00e7e trib\u00fcn\u00fcnde ba\u015flayan, dozunu artt\u0131ran ve bir g\u00fcn sonra Be\u015fikta\u015f-Antalyaspor ma\u00e7\u0131nda Antalyaspor trib\u00fcn\u00fcnde ihanetlerini tekrarlam\u0131\u015flard\u0131r. Be\u015fikta\u015f \u00c7ar\u015f\u0131 grubu, bu duruma kar\u015f\u0131 \u00e7\u0131km\u0131\u015ft\u0131r. Kul\u00fcp ba\u015fkanlar\u0131n\u0131n bu ihanete ortak olmad\u0131klar\u0131 inanc\u0131nday\u0131m. Bu ihaneti organize eden kim ise bu ihanetlerde kim aktif g\u00f6rev alm\u0131\u015f ise Allah&#8217;\u0131n laneti \u00fczerlerine olsun. Devlet ve milletine ba\u011fl\u0131 olanlar bu ihaneti asla unutmayacaklard\u0131r!&#8221;<\/span><\/em><\/strong><span style=\"font-size: 12pt; font-family: 'Arial', sans-serif;\"> <\/span><strong><span style=\"font-size: 14pt; font-family: 'Arial', sans-serif;\">diyen Alaattin \u00c7ak\u0131c\u0131 sayesinde Devletimiz ve g\u00fcvenli\u011fimiz sa\u011flanm\u0131\u015f durumdad\u0131r(!).<\/span><\/strong><\/p>\n<p style=\"margin-bottom: 0cm; text-align: justify; text-indent: 17pt; line-height: 16pt;\"><strong><span style=\"font-size: 14pt; font-family: 'Arial', sans-serif;\">Yeni \u015eafak yazar\u0131n\u0131n Deprem B\u00f6lgeleriyle ilgili: <em>&ldquo;Devlet orada yok, insanlar peri\u015fan durumda&rdquo;<\/em> itiraz\u0131!<\/span><\/strong><\/p>\n<p style=\"margin-bottom: 0cm; text-align: justify; text-indent: 17pt; line-height: 16pt;\"><strong><span style=\"font-size: 12pt; font-family: 'Arial', sans-serif;\">Yusuf Kaplan&rsquo;\u0131n kat\u0131ld\u0131\u011f\u0131 bir YouTube kanal\u0131nda depremlerle ilgili yetersizli\u011fe ve ihmale isyan ederek, <em>&ldquo;Devlet h\u00e2l\u00e2 orada yok. \u0130nsanlar peri\u015fan durumda, daha \u00e7ad\u0131r gitmedi&rdquo;<\/em> itiraz\u0131 yanda\u015flar\u0131 sarsm\u0131\u015ft\u0131. <\/span><\/strong><\/p>\n<p style=\"margin-bottom: 0cm; text-align: justify; text-indent: 17pt; line-height: 16pt;\"><strong><span style=\"font-size: 12pt; font-family: 'Arial', sans-serif;\">Kat\u0131ld\u0131\u011f\u0131 bir YouTube kanal\u0131nda depremin ilk haftas\u0131n\u0131n sonunda s\u00f6yledi\u011fi s\u00f6zler ile sosyal medyada g\u00fcndem olan Kaplan, <em>&ldquo;\u0130nsanlar orada peri\u015fan durumdalar. H\u00e2l\u00e2 \u00e7ad\u0131r gitmeyen yerler var&hellip; 7 g\u00fcn oldu \u00e7ad\u0131r gitmedi, insanlar so\u011fuktan donuyorlar&rdquo;<\/em> deyince, program\u0131n moderat\u00f6r\u00fc Serdar Tuncer, Kaplan&#8217;a kar\u015f\u0131 \u00e7\u0131km\u0131\u015ft\u0131. <\/span><\/strong><\/p>\n<p style=\"margin-bottom: 0cm; text-align: justify; text-indent: 17pt; line-height: 16pt;\"><strong><span style=\"font-size: 12pt; font-family: 'Arial', sans-serif;\">MyMecra adl\u0131 bir YouTube kanal\u0131nda yay\u0131nlanan videoda Yeni \u015eafak gazetesi yazar\u0131 Yusuf Kaplan&rsquo;\u0131n, program sunucusu Serdar Tuncer ile ya\u015fad\u0131\u011f\u0131 <em>&ldquo;Devlet nerede?&rdquo;<\/em> tart\u0131\u015fmas\u0131 sosyal medyada tart\u0131\u015f\u0131lm\u0131\u015ft\u0131. Serdar Tuncer&rsquo;in, <em>&ldquo;Mevsim k\u0131\u015f, 10 \u015fehir var, buna ra\u011fmen 2. g\u00fcnden itibaren tam manas\u0131yla nezaret edebilen bir devlet var&rdquo;<\/em> s\u00f6zlerine kat\u0131lmayan Yusuf Kaplan, <em>&ldquo;Daha ortada yok, daha hen\u00fcz devlet yok h\u00e2l\u00e2 orada. Peri\u015fan halde insanlar var&#8230; H\u00e2l\u00e2 \u00e7ad\u0131r gitmeyen yerler var&hellip; 7 g\u00fcn oldu \u00e7ad\u0131r gitmedi, insanlar so\u011fuktan donuyor&rdquo;<\/em> diyerek ger\u00e7eklere terc\u00fcman olmu\u015flard\u0131.<\/span><\/strong><\/p>\n<p style=\"margin-bottom: 0cm; text-align: justify; text-indent: 17pt; line-height: 16pt;\"><strong><span style=\"font-size: 14pt; font-family: 'Arial', sans-serif;\">Askerin depreme m\u00fcdahalesine kim kar\u015f\u0131 \u00e7\u0131km\u0131\u015ft\u0131?<\/span><\/strong><\/p>\n<p style=\"margin-bottom: 0cm; text-align: justify; text-indent: 17pt; line-height: 16pt;\"><strong><span style=\"font-size: 12pt; font-family: 'Arial', sans-serif;\">Depreme m\u00fcdahalenin gecikmesi konusu h\u00e2l\u00e2 tam olarak ayd\u0131nlat\u0131lmam\u0131\u015f ve yan\u0131tlanmam\u0131\u015ft\u0131&hellip; Tayyip Erdo\u011fan&rsquo;\u0131n, Cumhurba\u015fkan\u0131 olarak Ad\u0131yaman&#8217;da yapt\u0131\u011f\u0131 konu\u015fmada, <em>&#8220;Sars\u0131nt\u0131lar\u0131n y\u0131k\u0131c\u0131 etkisi, olumsuz hava nedeniyle ilk birka\u00e7 g\u00fcn Ad\u0131yaman&#8217;da arzu etti\u011fimiz etkinlikte \u00e7al\u0131\u015fma y\u00fcr\u00fctemedik. Bunun i\u00e7in helallik istiyorum&#8221;<\/em> s\u00f6zleri bir itiraft\u0131. Oysa, <em>&ldquo;Olumsuz hava \u015fartlar\u0131&rdquo;<\/em>, birka\u00e7 g\u00fcnl\u00fck gecikmeyi izah etmeye yeterli olmam\u0131\u015ft\u0131. Mill\u00ee Savunma Bakan\u0131 Hulusi Akar&#8217;\u0131n tam da bu konuda Erdo\u011fan&#8217;dan \u00f6nce yapt\u0131\u011f\u0131 a\u00e7\u0131klama ise enteresand\u0131.<\/span><\/strong><\/p>\n<p style=\"margin-bottom: 0cm; text-align: justify; text-indent: 17pt; line-height: 16pt;\"><strong><em><span style=\"font-size: 12pt; font-family: 'Arial', sans-serif;\">&#8220;Merkez \u00fcss\u00fc Kahramanmara\u015f&#8217;\u0131n Pazarc\u0131k il\u00e7esi olan ilk deprem saat 04:17&#8217;de ger\u00e7ekle\u015fti. Mill\u00ee Savunma Bakanl\u0131\u011f\u0131&#8217;n\u0131n yan\u0131 s\u0131ra Genelkurmay, Kara, Deniz ve Hava Kuvvetlerinin harek\u00e2t merkezleri s\u00fcratle yap\u0131lmas\u0131 gerekenleri yaparak saat 04:30&#8217;da birliklerden rapor istedi. Ayn\u0131 saatte T\u00fcrk Silahl\u0131 Kuvvetleri \u0130nsani Yard\u0131m Tugay Komutanl\u0131\u011f\u0131na &#8216;haz\u0131r ol&#8217; emri verildi. Saat 04:50&#8217;de 2. Ordu Komutan\u0131 Orgeneral Metin G\u00fcrak g\u00f6revinin ba\u015f\u0131ndayd\u0131 ve birliklerden durum raporu almaya ba\u015flad\u0131. Saat 05:00&#8217;te Bakanl\u0131\u011f\u0131m\u0131z b\u00fcnyesinde Afet Acil Durum Kriz Merkezi te\u015fkil edildi. E\u015f zamanl\u0131 olarak kriz merkezleri Genelkurmay ve Kuvvet Komutanl\u0131klar\u0131nda da \u00e7al\u0131\u015fmaya ba\u015flad\u0131&#8221;<\/span><\/em><\/strong><strong><span style=\"font-size: 12pt; font-family: 'Arial', sans-serif;\"> diyen Akar, Cumhurba\u015fkan\u0131 Erdo\u011fan ile saat 05:10&#8217;da telefon g\u00f6r\u00fc\u015fmesi yapt\u0131klar\u0131n\u0131 ve hava, kara ve deniz birliklerinin koordineli olarak sevke haz\u0131r hale geldi\u011fini ifade etti. Akar, saat 10:00 itibar\u0131yla depremden etkilenen Hatay&#8217;daki 8&#8217;inci Komando Tugay\u0131&#8217;n\u0131n arama-kurtarma \u00e7al\u0131\u015fmalar\u0131na ba\u015flad\u0131\u011f\u0131n\u0131 bildirdi&#8230; (\u0130yi de, bunlar\u0131 daha sonra kim ve ni\u00e7in engellemi\u015fti?!)<\/span><\/strong><\/p>\n<p style=\"margin-bottom: 0cm; text-align: justify; text-indent: 17pt; line-height: 16pt;\"><strong><span style=\"font-size: 14pt; font-family: 'Arial', sans-serif;\">K\u0131z\u0131lay Ba\u015fkan\u0131 Kerem K\u0131n\u0131k&#8217;\u0131n \u015fu itiraflar\u0131 da as\u0131l ger\u00e7e\u011fi ortaya koymaktayd\u0131!<\/span><\/strong><\/p>\n<p style=\"margin-bottom: 0cm; text-align: justify; text-indent: 17pt; line-height: 16pt;\"><strong><em><span style=\"font-size: 12pt; font-family: 'Arial', sans-serif;\">&#8220;Askerler zaten ola\u011fan\u00fcst\u00fc durum i\u00e7in, afet i\u00e7in yeti\u015ftirilmi\u015f insanlard\u0131r. Siz afet operasyonunun i\u00e7erisinde askeri konumland\u0131rmazsan\u0131z, asker\u00ee kapasiteyi konumland\u0131rmazsan\u0131z yanl\u0131\u015f yapars\u0131n\u0131z. Siz bir taraftan uluslararas\u0131 bir afet yard\u0131m \u00e7a\u011fr\u0131s\u0131nda bulunuyorsunuz ama kendi i\u00e7inizde sivil-asker i\u015f birli\u011fi mekanizman\u0131z maalesef ge\u00e7mi\u015f d\u00f6nemlerde \u00e7\u00f6kertildi\u011fi i\u00e7in bu mekanizmadan faydalanam\u0131yorsunuz!&rdquo;<\/span><\/em><\/strong><\/p>\n<p style=\"margin-bottom: 0cm; text-align: justify; text-indent: 17pt; line-height: 16pt;\"><strong><span style=\"font-size: 12pt; font-family: 'Arial', sans-serif;\">Askerlerin neden ilk andan itibaren b\u00fct\u00fcn g\u00fc\u00e7leriyle sahaya g\u00f6nderilmedi\u011fi konusunda bir de <\/span><\/strong><strong><em><span style=\"font-size: 14pt; font-family: 'Arial', sans-serif;\">emekli asker\u00ee H\u00e2kim Albay Zeki \u00dc\u00e7ok&#8217;un<\/span><\/em><\/strong><strong><span style=\"font-size: 12pt; font-family: 'Arial', sans-serif;\"> Cumhuriyet&#8217;ten Bar\u0131\u015f Terko\u011flu&#8217;na yapt\u0131\u011f\u0131 a\u00e7\u0131klama vard\u0131. \u00dc\u00e7ok, <em>&#8220;Benim \u015f\u00f6yle bir duyumum var. 2. Ordu Komutan\u0131, &#8216;bir an \u00f6nce depreme m\u00fcdahale etmemiz&#8217; laz\u0131m demi\u015f. &#8216;Beklemede kalal\u0131m&#8217; denilince \u00fcz\u00fcnt\u00fcden a\u011flam\u0131\u015f&#8221;<\/em> diye aktarm\u0131\u015ft\u0131.<\/span><\/strong><\/p>\n<p style=\"margin-bottom: 0cm; text-align: justify; text-indent: 17pt; line-height: 16pt;\"><strong><span style=\"font-size: 12pt; font-family: 'Arial', sans-serif;\">Muhataplardan h\u00e2l\u00e2 ses \u00e7\u0131kmam\u0131\u015ft\u0131!<\/span><\/strong><\/p>\n<p style=\"margin-bottom: 0cm; text-align: justify; text-indent: 17pt; line-height: 16pt;\"><strong><span style=\"font-size: 12pt; font-family: 'Arial', sans-serif;\">Enkaz alt\u0131nda kalanlar\u0131n bir k\u0131sm\u0131 h\u00e2l\u00e2 canl\u0131yken, devletin m\u00fcdahale etmekte birka\u00e7 g\u00fcn gecikti\u011fini Cumhurba\u015fkan\u0131 da kabul ediyorlard\u0131. <em>&#8220;Birka\u00e7 g\u00fcnl\u00fck gecikme&#8221;<\/em>nin \u00e7e\u015fitli sebepleri, daha do\u011frusu bahaneleri s\u0131ralanm\u0131\u015ft\u0131. Oysa hava durumu mazeret say\u0131lmazd\u0131. AKP iktidar\u0131n\u0131n &#8220;asker korkusu&#8221; d\u0131\u015f\u0131nda en az o kadar vahim bir ger\u00e7ek daha vard\u0131: Deprem b\u00f6lgesinde haberle\u015fme kesildi\u011fi i\u00e7in mesela Antakya&#8217;daki felaketin boyutlar\u0131 ilk iki g\u00fcn anla\u015f\u0131lamam\u0131\u015ft\u0131![6]<\/span><\/strong><\/p>\n<p style=\"margin-bottom: 0cm; text-align: justify; text-indent: 17pt; line-height: 16pt;\"><strong><span style=\"font-size: 14pt; font-family: 'Arial', sans-serif;\">Fatih Altayl\u0131&#8217;n\u0131n \u00f6nemli itiraf\u0131: Avrupa Birli\u011fi AKP&rsquo;ye destek \u00e7\u0131kacakt\u0131!<\/span><\/strong><\/p>\n<p style=\"margin-bottom: 0cm; text-align: justify; text-indent: 17pt; line-height: 16pt;\"><strong><span style=\"font-size: 14pt; font-family: 'Arial', sans-serif;\">Habert\u00fcrk yazar\u0131 Fatih Altayl\u0131, 8 Mart 2023 tarihli yaz\u0131s\u0131nda; AKP h\u00fck\u00fcmetinin ve Cumhur \u0130ttifak\u0131&rsquo;n\u0131n Avrupa Birli\u011fi taraf\u0131ndan desteklenece\u011fini a\u00e7\u0131klam\u0131\u015ft\u0131. Altayl\u0131, yaz\u0131s\u0131n\u0131n ilgili b\u00f6l\u00fcm\u00fcnde \u015funlar\u0131 aktarm\u0131\u015ft\u0131: <\/span><\/strong><\/p>\n<p style=\"margin-bottom: 0cm; text-align: justify; text-indent: 17pt; line-height: 16pt;\"><strong><em><span style=\"font-size: 12pt; font-family: 'Arial', sans-serif;\">&#8220;Avrupa Birli\u011fi, se\u00e7im d\u00f6neminde muhtemelen mevcut iktidar\u0131 destekleyecek, mevcut iktidar\u0131n s\u00fcrmesi i\u00e7in gereken hareket tarz\u0131 ne ise onu benimseyecek. Bunun en temel nedeni ise hi\u00e7 ku\u015fkunuz olmas\u0131n &#8216;G\u00f6\u00e7menler meselesi&#8217; oldu\u011fu s\u00f6ylenecek&#8230; Bunun ilk i\u015faretleri gelmeye ba\u015flad\u0131 bile. AB \u00fclkeleri, <\/span><\/em><\/strong><strong><em><span style=\"font-size: 14pt; font-family: 'Arial', sans-serif;\">muhalefetin se\u00e7imleri kazanmas\u0131 halinde g\u00f6\u00e7men politikas\u0131n\u0131n de\u011fi\u015fecek olmas\u0131ndan duyacaklar\u0131 rahats\u0131zl\u0131\u011f\u0131<\/span><\/em><\/strong><strong><em><span style=\"font-size: 12pt; font-family: 'Arial', sans-serif;\"> \u015fimdiden dillendirmeye ba\u015flad\u0131lar.<\/span><\/em><\/strong><\/p>\n<p style=\"margin-bottom: 0cm; text-align: justify; text-indent: 17pt; line-height: 16pt;\"><strong><em><span style=\"font-size: 14pt; font-family: 'Arial', sans-serif;\">Anadolu&rsquo;yu kim bir &#8216;G\u00f6\u00e7men hende\u011fi&#8217; olarak kullanmay\u0131 kabul ediyorsa, Bat\u0131&rsquo;n\u0131n deste\u011fi ona olacak!&#8221;<span style=\"font-size: 12pt;\">[7]<\/span><\/span><\/em><\/strong><\/p>\n<p style=\"margin-bottom: 0cm; text-align: justify; text-indent: 17pt; line-height: 16pt;\"><strong><span style=\"font-size: 14pt; font-family: 'Arial', sans-serif;\">\u0130smaila\u011fa&rsquo;da AB hibesi skandal\u0131!<\/span><\/strong><\/p>\n<p style=\"margin-bottom: 0cm; text-align: justify; text-indent: 17pt; line-height: 16pt;\"><strong><span style=\"font-size: 12pt; font-family: 'Arial', sans-serif;\">\u00c7ar\u015famba&rsquo;ya ba\u011fl\u0131 Yavuz Sultan Selim Gen\u00e7lik Derne\u011fi&#8217;nin &ldquo;\u0130slamofobiyle m\u00fccadele&rdquo; i\u00e7in AB&rsquo;den ald\u0131\u011f\u0131 hibeye kar\u015f\u0131 \u00e7\u0131kan Ahmet Mahmut \u00dcnl\u00fc&rsquo;y\u00fc, Mahmut Efendi&#8217;nin torunu yan\u0131tlam\u0131\u015ft\u0131. Yavuz Sultan Selim Gen\u00e7lik Derne\u011fi&rsquo;nin &ldquo;\u0130slamofobiyle m\u00fccadele&rdquo; i\u00e7in Avrupa Komisyonu&rsquo;ndan <\/span><\/strong><strong><em><span style=\"font-size: 14pt; font-family: 'Arial', sans-serif;\">31 bin 455 euro<\/span><\/em><\/strong><strong><span style=\"font-size: 12pt; font-family: 'Arial', sans-serif;\"> hibe almas\u0131na Ahmet Mahmut \u00dcnl\u00fc, <\/span><\/strong><strong><em><span style=\"font-size: 14pt; font-family: 'Arial', sans-serif;\">&ldquo;E\u011fitim i\u00e7in AB&rsquo;ye proje sunup onlardan para almak, 20-30 bin euro i\u00e7in bu zillete katlanmak asla c\u00e2iz de\u011fil. D\u0131\u015f devletlerden bir dernek ve vakf\u0131n yard\u0131m ve ba\u011f\u0131\u015f kabul etmesi uygun olmaz. Zira bug\u00fcn para alan yar\u0131n emir al\u0131r&rdquo;<\/span><\/em><\/strong><strong><span style=\"font-size: 12pt; font-family: 'Arial', sans-serif;\"> yorumunda bulunmu\u015flard\u0131.<\/span><\/strong><\/p>\n<p style=\"margin-bottom: 0cm; text-align: justify; text-indent: 17pt; line-height: 16pt;\"><strong><span style=\"font-size: 12pt; font-family: 'Arial', sans-serif;\">Merhum Mahmut Ustaosmano\u011flu&rsquo;nun torunu ve Yavuz Sultan Selim Gen\u00e7lik Derne\u011fi Ba\u015fkan\u0131 Abd\u00fclhalik Ustaosmano\u011flu ise, C\u00fcbbeli Ahmet&rsquo;e 24 \u015eubat&#8217;taki haftal\u0131k sohbetinde cevap vermeye \u00e7al\u0131\u015fm\u0131\u015ft\u0131.<\/span><\/strong><\/p>\n<p style=\"margin-bottom: 0cm; text-align: justify; text-indent: 17pt; line-height: 16pt;\"><strong><em><span style=\"font-size: 12pt; font-family: 'Arial', sans-serif;\">&ldquo;\u015eer konusunda insanlara yol a\u00e7mamak laz\u0131m&rdquo;<\/span><\/em><\/strong><strong><span style=\"font-size: 12pt; font-family: 'Arial', sans-serif;\"> diyen Ustaosmano\u011flu, <em>&ldquo;D\u00fc\u015fmanl\u0131k konusunda yard\u0131mla\u015fmay\u0131n. Bilip bilmeden sosyal medyada payla\u015fmay\u0131n. \u00d6nce bir sorun; AB&rsquo;den ne alm\u0131\u015f\u0131z, almam\u0131\u015f\u0131z. Bir sor da sonra payla\u015f. Koskoca adams\u0131n. \u0130nsanlar\u0131 d\u00fc\u015fmanl\u0131\u011fa te\u015fvik etme.&rdquo;<\/em> ifadelerini kullanan Abd\u00fclhalik Ustaosmano\u011flu: &ldquo;Projeye ili\u015fkin bilgi notunda, pandemiyle birlikte dijital d\u00fcnyada da \u0130slamofobinin etkisinin s\u00fcrd\u00fc\u011f\u00fc belirtilirken, <em>&ldquo;Dijital ya\u015fam\u0131n getirdi\u011fi yenilikleri do\u011fru kullanarak \u0130slamofobinin etkisini azaltmak i\u00e7in gen\u00e7lik politikalar\u0131n\u0131 hayata ge\u00e7irmek istiyoruz. \u0130slamofobinin dijital ya\u015famdaki etkilerini azaltmay\u0131 ama\u00e7l\u0131yoruz&rdquo;<\/em> <\/span><\/strong><strong><span style=\"font-size: 14pt; font-family: 'Arial', sans-serif;\">diyerek hem Ha\u00e7l\u0131 AB ile ittifak ve irtibatlar\u0131n\u0131 do\u011frulam\u0131\u015f, hem de Barbar Bat\u0131&rsquo;n\u0131n korkusu olan ve t\u00fcm ahk\u00e2m\u0131yla uygulanan \u0130SLAM&rsquo;\u0131 engellemek \u00fczere g\u00f6rev ald\u0131klar\u0131n\u0131 bir nevi itiraf buyurmu\u015flard\u0131. Bu \u015eeytani Proje kapsam\u0131nda ya\u015flar\u0131 18-30 aras\u0131nda de\u011fi\u015fen 50 kad\u0131n ve 50 erke\u011fe y\u00f6nelik 7 g\u00fcn s\u00fcren \u00e7al\u0131\u015ftay yap\u0131lacakt\u0131!?<span style=\"font-size: 12pt;\">[8]<\/span><\/span><\/strong><\/p>\n<p style=\"margin-bottom: 0cm; text-align: justify; text-indent: 17pt; line-height: 16pt;\"><strong><span style=\"font-size: 14pt; font-family: 'Arial', sans-serif;\">Ye\u015filay&rsquo;\u0131n Arpal\u0131klar\u0131!<\/span><\/strong><\/p>\n<p style=\"margin-bottom: 0cm; text-align: justify; text-indent: 17pt; line-height: 16pt;\"><strong><span style=\"font-size: 12pt; font-family: 'Arial', sans-serif;\">103 y\u0131l \u00f6nce kurulan Ye\u015filay da t\u0131pk\u0131 K\u0131z\u0131lay gibi AKP&rsquo;nin arka bah\u00e7esi olup \u00e7\u0131km\u0131\u015ft\u0131. Sa\u011fl\u0131k Bakanl\u0131\u011f\u0131&rsquo;n\u0131n 291 milyon TL aktard\u0131\u011f\u0131 Ye\u015filay&rsquo;\u0131; Erdo\u011fan&rsquo;\u0131n k\u0131z\u0131, eski T\u00dcGVA m\u00fcd\u00fcr\u00fc ve \u00e7ok say\u0131da AKP&rsquo;li y\u00f6netiyordu. Depremzedelere g\u00f6ndermesi gereken \u00e7ad\u0131rlar\u0131 ve yard\u0131m malzemelerini satan K\u0131z\u0131lay g\u00fcndemdeki yerini korurken, 103 y\u0131l \u00f6nce kurulan Ye\u015filay da iktidar\u0131n arka bah\u00e7esine d\u00f6n\u00fc\u015ft\u00fcr\u00fclm\u00fc\u015f durumdayd\u0131. Ye\u015filay&rsquo;\u0131n da neredeyse t\u00fcm y\u00f6neticileri t\u0131pk\u0131 K\u0131z\u0131lay&rsquo;da oldu\u011fu gibi AKP&rsquo;li veya iktidarla yak\u0131n ili\u015fki i\u00e7erisinde olan isimlerden olu\u015fmaktayd\u0131. \u0130ktidar\u0131n Ye\u015filay&rsquo;\u0131 bu kadar \u00f6nemsemesinin nedeni ise milyonlarca liral\u0131k b\u00fct\u00e7eydi, yani tam bir arpal\u0131kt\u0131!<\/span><\/strong><\/p>\n<p style=\"margin-bottom: 0cm; text-align: justify; text-indent: 17pt; line-height: 16pt;\"><strong><span style=\"font-size: 12pt; font-family: 'Arial', sans-serif;\">Birg\u00fcn&#8217;den \u0130smail Ar\u0131&#8217;n\u0131n haberine g\u00f6re; Sa\u011fl\u0131k Bakanl\u0131\u011f\u0131&rsquo;n\u0131n 2022 Y\u0131l\u0131 Faaliyet Raporu&rsquo;nun &ldquo;K\u00e2r Amac\u0131 G\u00fctmeyen Kurulu\u015flara Yap\u0131lan Transferler&rdquo; ba\u015fl\u0131kl\u0131 b\u00f6l\u00fcm\u00fcnde yer alan bilgiye g\u00f6re, Bakanl\u0131k kasas\u0131ndan Ye\u015filay&rsquo;a 291 milyon 354 bin TL aktar\u0131lm\u0131\u015ft\u0131. Ayr\u0131ca Sa\u011fl\u0131k Bakanl\u0131\u011f\u0131&rsquo;n\u0131n son 8 y\u0131lda Ye\u015filay&rsquo;a aktard\u0131\u011f\u0131 toplam para ise tam 844 milyon 984 bin lira olarak a\u00e7\u0131klanm\u0131\u015ft\u0131. Yani 1 milyara yakla\u015fm\u0131\u015ft\u0131.<\/span><\/strong><\/p>\n<p style=\"margin-bottom: 0cm; text-align: justify; text-indent: 17pt; line-height: 16pt;\"><strong><span style=\"font-size: 14pt; font-family: 'Arial', sans-serif;\">Bunlara Bo\u011faz&rsquo;da tarihi yap\u0131 tahsis edilmi\u015f durumdayd\u0131!<\/span><\/strong><\/p>\n<p style=\"margin-bottom: 0cm; text-align: justify; text-indent: 17pt; line-height: 16pt;\"><strong><span style=\"font-size: 12pt; font-family: 'Arial', sans-serif;\">\u0130stanbul Sarayburnu&rsquo;ndaki tarihi Sepet\u00e7iler Kasr\u0131 2011&rsquo;de Ye\u015filay&rsquo;a tahsis edilmi\u015f durumdayd\u0131. Tarihi yap\u0131 Ye\u015filay Genel Merkezi olarak kullan\u0131lmaktayd\u0131. \u00d6te yandan 2021&rsquo;de tarihi Sirkeci Gar\u0131 sahas\u0131nda bulunan liman b\u00f6lgesi, 49 y\u0131ll\u0131\u011f\u0131na Ye\u015filay&rsquo;a aktar\u0131lm\u0131\u015ft\u0131. Ancak 17-25 Aral\u0131k yolsuzluk ve r\u00fc\u015fvet soru\u015fturmalar\u0131 ile Sepet\u00e7iler Kasr\u0131&rsquo;n\u0131 AKP&rsquo;li Cumhurba\u015fkan\u0131 Tayyip Erdo\u011fan&rsquo;\u0131n \u0130mam Hatipten arkada\u015f\u0131 Hasan G\u00fcrsoy&rsquo;un almak istedi\u011fi ortaya \u00e7\u0131km\u0131\u015ft\u0131.<\/span><\/strong><\/p>\n<p style=\"margin-bottom: 0cm; text-align: justify; text-indent: 17pt; line-height: 16pt;\"><strong><span style=\"font-size: 14pt; font-family: 'Arial', sans-serif;\">Hat\u0131rlay\u0131n\u0131z, K\u0131z\u0131lay Ba\u015fkan\u0131 yalan s\u00f6yleyip kurtulmaya \u00e7al\u0131\u015fm\u0131\u015ft\u0131!<\/span><\/strong><\/p>\n<p style=\"margin-bottom: 0cm; text-align: justify; text-indent: 17pt; line-height: 16pt;\"><strong><span style=\"font-size: 12pt; font-family: 'Arial', sans-serif;\">\u00c7ad\u0131r ve yard\u0131m malzemelerini satmas\u0131yla \u00fclke g\u00fcndemine oturan K\u0131z\u0131lay&rsquo;\u0131n Ba\u015fkan\u0131 Kerem K\u0131n\u0131k, k\u0131sa bir s\u00fcre \u00f6nce yapt\u0131\u011f\u0131 a\u00e7\u0131klamada, <em>&ldquo;155 y\u0131ld\u0131r kamudan katk\u0131 alm\u0131yoruz. Ba\u011f\u0131\u015flarla, uluslararas\u0131 fonlarla ve kendi giri\u015fimlerimizle b\u00fct\u00e7emizi olu\u015fturuyoruz&rdquo;<\/em> buyurmu\u015flard\u0131. Ancak Sa\u011fl\u0131k Bakanl\u0131\u011f\u0131&rsquo;n\u0131n 2022 Y\u0131l\u0131 Faaliyet Raporu ile K\u0131n\u0131k&rsquo;\u0131n do\u011fru s\u00f6ylemedi\u011fi ortaya \u00e7\u0131km\u0131\u015ft\u0131. Raporda yer alan bilgilere g\u00f6re, sadece ge\u00e7en y\u0131l Bakanl\u0131k kasas\u0131ndan K\u0131z\u0131lay&rsquo;a yakla\u015f\u0131k 74 milyon TL aktar\u0131lm\u0131\u015ft\u0131.<\/span><\/strong><\/p>\n<p style=\"margin-bottom: 0cm; text-align: justify; text-indent: 17pt; line-height: 16pt;\"><strong><span style=\"font-size: 14pt; font-family: 'Arial', sans-serif;\">\u0130\u015fte milyonlar b\u00f6yle akm\u0131\u015ft\u0131:<\/span><\/strong><\/p>\n<p style=\"margin-bottom: 0cm; text-align: justify; text-indent: 17pt; line-height: 16pt;\"><strong><span style=\"font-size: 12pt; font-family: 'Arial', sans-serif;\">&diams; 2015: 15 milyon TL<\/span><\/strong><\/p>\n<p style=\"margin-bottom: 0cm; text-align: justify; text-indent: 17pt; line-height: 16pt;\"><strong><span style=\"font-size: 12pt; font-family: 'Arial', sans-serif;\">&diams; 2016: 15 milyon 930 bin TL<\/span><\/strong><\/p>\n<p style=\"margin-bottom: 0cm; text-align: justify; text-indent: 17pt; line-height: 16pt;\"><strong><span style=\"font-size: 12pt; font-family: 'Arial', sans-serif;\">&diams; 2017: 16 milyon 443 bin TL<\/span><\/strong><\/p>\n<p style=\"margin-bottom: 0cm; text-align: justify; text-indent: 17pt; line-height: 16pt;\"><strong><span style=\"font-size: 12pt; font-family: 'Arial', sans-serif;\">&diams; 2018: 116 milyon 322 bin TL<\/span><\/strong><\/p>\n<p style=\"margin-bottom: 0cm; text-align: justify; text-indent: 17pt; line-height: 16pt;\"><strong><span style=\"font-size: 12pt; font-family: 'Arial', sans-serif;\">&diams; 2019: 93 milyon 289 bin TL<\/span><\/strong><\/p>\n<p style=\"margin-bottom: 0cm; text-align: justify; text-indent: 17pt; line-height: 16pt;\"><strong><span style=\"font-size: 12pt; font-family: 'Arial', sans-serif;\">&diams; 2020: 148 milyon 548 bin TL<\/span><\/strong><\/p>\n<p style=\"margin-bottom: 0cm; text-align: justify; text-indent: 17pt; line-height: 16pt;\"><strong><span style=\"font-size: 12pt; font-family: 'Arial', sans-serif;\">&diams; 2021: 163 milyon 83 bin TL<\/span><\/strong><\/p>\n<p style=\"margin-bottom: 0cm; text-align: justify; text-indent: 17pt; line-height: 16pt;\"><strong><span style=\"font-size: 12pt; font-family: 'Arial', sans-serif;\">&diams; 2022: 291 milyon 354 bin TL<\/span><\/strong><\/p>\n<p style=\"margin-bottom: 0cm; text-align: justify; text-indent: 17pt; line-height: 16pt;\"><strong><span style=\"font-size: 12pt; font-family: 'Arial', sans-serif;\">Toplam: 8 YILDA 844 M\u0130LYON 984 B\u0130N TL<\/span><\/strong><\/p>\n<p style=\"margin-bottom: 0cm; text-align: justify; text-indent: 17pt; line-height: 16pt;\"><strong><span style=\"font-size: 14pt; font-family: 'Arial', sans-serif;\">Y\u00f6netim AKP&rsquo;lilerden olu\u015fmaktayd\u0131! <\/span><\/strong><\/p>\n<p style=\"margin-bottom: 0cm; text-align: justify; text-indent: 17pt; line-height: 16pt;\"><strong><span style=\"font-size: 14pt; font-family: 'Arial', sans-serif;\">\u25ba Esra Albayrak<\/span><\/strong><\/p>\n<p style=\"margin-bottom: 0cm; text-align: justify; text-indent: 17pt; line-height: 16pt;\"><strong><span style=\"font-size: 12pt; font-family: 'Arial', sans-serif;\">AKP&rsquo;li Cumhurba\u015fkan\u0131 Recep Tayyip Erdo\u011fan&rsquo;\u0131n k\u0131z\u0131 ve eski Hazine ve Maliye Bakan\u0131 Berat Albayrak&rsquo;\u0131n e\u015fi.<\/span><\/strong><\/p>\n<p style=\"margin-bottom: 0cm; text-align: justify; text-indent: 17pt; line-height: 16pt;\"><strong><span style=\"font-size: 14pt; font-family: 'Arial', sans-serif;\">\u25ba \u0130lyas Kaya<\/span><\/strong><\/p>\n<p style=\"margin-bottom: 0cm; text-align: justify; text-indent: 17pt; line-height: 16pt;\"><strong><span style=\"font-size: 12pt; font-family: 'Arial', sans-serif;\">AKP&rsquo;li eski Bakan Fatma Bet\u00fcl Sayan Kaya&rsquo;n\u0131n e\u015fi.<\/span><\/strong><\/p>\n<p style=\"margin-bottom: 0cm; text-align: justify; text-indent: 17pt; line-height: 16pt;\"><strong><span style=\"font-size: 14pt; font-family: 'Arial', sans-serif;\">\u25ba Ahmet Kaan<\/span><\/strong><\/p>\n<p style=\"margin-bottom: 0cm; text-align: justify; text-indent: 17pt; line-height: 16pt;\"><strong><span style=\"font-size: 12pt; font-family: 'Arial', sans-serif;\">\u00d6nder \u0130mam Hatipliler Derne\u011fi&rsquo;nde Genel Ba\u015fkanvekilli\u011fi g\u00f6revini y\u00fcr\u00fct\u00fcyor.<\/span><\/strong><\/p>\n<p style=\"margin-bottom: 0cm; text-align: justify; text-indent: 17pt; line-height: 16pt;\"><strong><span style=\"font-size: 14pt; font-family: 'Arial', sans-serif;\">\u25ba \u00dclkenur B\u00fcke<\/span><\/strong><\/p>\n<p style=\"margin-bottom: 0cm; text-align: justify; text-indent: 17pt; line-height: 16pt;\"><strong><span style=\"font-size: 12pt; font-family: 'Arial', sans-serif;\">2019 yerel se\u00e7imlerinde AKP&rsquo;den Silivri Belediyesi meclis \u00fcyeli\u011fine se\u00e7ildi.<\/span><\/strong><\/p>\n<p style=\"margin-bottom: 0cm; text-align: justify; text-indent: 17pt; line-height: 16pt;\"><strong><span style=\"font-size: 14pt; font-family: 'Arial', sans-serif;\">\u25ba Salih \u00c7il<\/span><\/strong><\/p>\n<p style=\"margin-bottom: 0cm; text-align: justify; text-indent: 17pt; line-height: 16pt;\"><strong><span style=\"font-size: 12pt; font-family: 'Arial', sans-serif;\">\u0130BB&rsquo;de \u00e7al\u0131\u015ft\u0131, Bilal Erdo\u011fan&rsquo;\u0131n y\u00f6neticisi oldu\u011fu T\u00dcGVA&rsquo;da m\u00fcd\u00fcrl\u00fck yapt\u0131.<\/span><\/strong><\/p>\n<p style=\"margin-bottom: 0cm; text-align: justify; text-indent: 17pt; line-height: 16pt;\"><strong><span style=\"font-size: 14pt; font-family: 'Arial', sans-serif;\">\u25ba Safa Ko\u00e7o\u011flu<\/span><\/strong><\/p>\n<p style=\"margin-bottom: 0cm; text-align: justify; text-indent: 17pt; line-height: 16pt;\"><strong><span style=\"font-size: 12pt; font-family: 'Arial', sans-serif;\">Ye\u015filay Genel Ba\u015fkan Yard\u0131mc\u0131s\u0131. Aile Bakanl\u0131\u011f\u0131&rsquo;nda m\u00fc\u015favir olarak \u00e7al\u0131\u015ft\u0131.<\/span><\/strong><\/p>\n<p style=\"margin-bottom: 0cm; text-align: justify; text-indent: 17pt; line-height: 16pt;\"><strong><span style=\"font-size: 14pt; font-family: 'Arial', sans-serif;\">\u25ba Faruk Kac\u0131r<\/span><\/strong><\/p>\n<p style=\"margin-bottom: 0cm; text-align: justify; text-indent: 17pt; line-height: 16pt;\"><strong><span style=\"font-size: 12pt; font-family: 'Arial', sans-serif;\">AKP d\u00f6neminde \u0130BB&rsquo;de y\u00f6neticilik yapt\u0131. PTT&rsquo;de m\u00fcd\u00fcrl\u00fck yapt\u0131.<\/span><\/strong><\/p>\n<p style=\"margin-bottom: 0cm; text-align: justify; text-indent: 17pt; line-height: 16pt;\"><strong><span style=\"font-size: 14pt; font-family: 'Arial', sans-serif;\">\u25ba Samet Koca<\/span><\/strong><\/p>\n<p style=\"margin-bottom: 0cm; text-align: justify; text-indent: 17pt; line-height: 16pt;\"><strong><span style=\"font-size: 12pt; font-family: 'Arial', sans-serif;\">Bilal Erdo\u011fan&rsquo;la birlikte T\u00fcrkiye Gen\u00e7lik STK&rsquo;lar\u0131 Platformu&rsquo;nda y\u00f6neticilik yapt\u0131.<\/span><\/strong><\/p>\n<p style=\"margin-bottom: 0cm; text-align: justify; text-indent: 17pt; line-height: 16pt;\"><strong><span style=\"font-size: 14pt; font-family: 'Arial', sans-serif;\">\u25ba Suna \u00dcst\u00fcner<\/span><\/strong><\/p>\n<p style=\"margin-bottom: 0cm; text-align: justify; text-indent: 17pt; line-height: 16pt;\"><strong><span style=\"font-size: 12pt; font-family: 'Arial', sans-serif;\">\u0130\u00e7i\u015fleri Bakanl\u0131\u011f\u0131&rsquo;nda daire ba\u015fkan\u0131.<\/span><\/strong><\/p>\n<p style=\"margin-bottom: 0cm; text-align: justify; text-indent: 17pt; line-height: 16pt;\"><strong><span style=\"font-size: 14pt; font-family: 'Arial', sans-serif;\">\u25ba Harun Merto\u011flu<\/span><\/strong><\/p>\n<p style=\"margin-bottom: 0cm; text-align: justify; text-indent: 17pt; line-height: 16pt;\"><strong><span style=\"font-size: 12pt; font-family: 'Arial', sans-serif;\">Saray&rsquo;a ba\u011fl\u0131 T\u00fcrkiye \u0130nsan Haklar\u0131 ve E\u015fitlik Kurulu&rsquo;nda (T\u0130HEK) yer al\u0131yor.<\/span><\/strong><\/p>\n<p style=\"margin-bottom: 0cm; text-align: justify; text-indent: 17pt; line-height: 16pt;\"><strong><span style=\"font-size: 14pt; font-family: 'Arial', sans-serif;\">\u25ba Salih Kaygusuz<\/span><\/strong><\/p>\n<p style=\"margin-bottom: 0cm; text-align: justify; text-indent: 17pt; line-height: 16pt;\"><strong><span style=\"font-size: 12pt; font-family: 'Arial', sans-serif;\">Erzurum \u0130l Milli E\u011fitim M\u00fcd\u00fcr\u00fc.[9]<\/span><\/strong><\/p>\n<p style=\"margin-bottom: 0cm; text-align: justify; text-indent: 17pt; line-height: 16pt;\"><strong><span style=\"font-size: 14pt; font-family: 'Arial', sans-serif;\">Bu arada D\u00fcnya&rsquo;da da tansiyon iyice y\u00fckselmeye ba\u015flam\u0131\u015ft\u0131! \u00c7in 29 sava\u015f u\u00e7a\u011f\u0131 ve 4 gemi ile b\u00f6lgeye a\u00e7\u0131lm\u0131\u015ft\u0131!<\/span><\/strong><\/p>\n<p style=\"margin-bottom: 0cm; text-align: justify; text-indent: 17pt; line-height: 16pt;\"><strong><span style=\"font-size: 14pt; font-family: 'Arial', sans-serif;\">Tayvan Savunma Bakanl\u0131\u011f\u0131, <em>Ada \u00e7evresinde \u00c7in&#8217;e ait 29 askeri hava arac\u0131 ve 4 sava\u015f gemisinin tespit edildi\u011fini<\/em> a\u00e7\u0131klam\u0131\u015ft\u0131.<\/span><\/strong><\/p>\n<p style=\"margin-bottom: 0cm; text-align: justify; text-indent: 17pt; line-height: 16pt;\"><strong><span style=\"font-size: 14pt; font-family: 'Arial', sans-serif;\">Bakanl\u0131\u011f\u0131n a\u00e7\u0131klamas\u0131na g\u00f6re; 29 hava arac\u0131ndan 21&#8217;i, Tayvan&#8217;\u0131n &#8220;Hava Savunma Tan\u0131mlama B\u00f6lgesi&#8221; (ADIZ) ilan etti\u011fi b\u00f6lgeye girdi. 17 &#8220;J-10&#8221; ve 4 &#8220;J-16&#8221; sava\u015f u\u00e7a\u011f\u0131, ADIZ&#8217;\u0131n g\u00fcneybat\u0131 b\u00f6l\u00fcm\u00fcne u\u00e7tu. Ada \u00e7evresinde ayr\u0131ca 4 sava\u015f gemisi kaydedildi. Ada \u00e7evresinde tespit edilen hava ara\u00e7lar\u0131 ve gemilerin, elektronik takip vas\u0131talar\u0131, devriye u\u00e7aklar\u0131, gemiler ve yer f\u00fcze sistemleriyle izlendi\u011fi belirtildi.<\/span><\/strong><\/p>\n<p style=\"margin-bottom: 0cm; text-align: justify; text-indent: 17pt; line-height: 16pt;\"><strong><span style=\"font-size: 14pt; font-family: 'Arial', sans-serif;\">Bakanl\u0131k taraf\u0131ndan, 25 askeri hava arac\u0131 ve 3 sava\u015f gemisinin Ada \u00e7evresinde g\u00f6r\u00fcld\u00fc\u011f\u00fc bildirilmi\u015fti. U\u00e7u\u015flar ve gemi devriyeleri, ABD D\u0131\u015fi\u015fleri Bakan\u0131 Anthony Blinken&#8217;\u0131n; <em>Tayvan&#8217;\u0131n \u00c7in&#8217;in i\u00e7 meselesi olmad\u0131\u011f\u0131na, buradaki bir \u00e7at\u0131\u015fman\u0131n b\u00fct\u00fcn d\u00fcnyay\u0131 etkileyece\u011fine<\/em> ili\u015fkin s\u00f6zlerinin yaratt\u0131\u011f\u0131 tart\u0131\u015fman\u0131n ard\u0131ndan gelmi\u015fti.<\/span><\/strong><\/p>\n<p style=\"margin-bottom: 0cm; text-align: justify; text-indent: 17pt; line-height: 16pt;\"><strong><span style=\"font-size: 14pt; font-family: 'Arial', sans-serif;\">ABD D\u0131\u015fi\u015fleri Bakan\u0131 Blinken<\/span><\/strong><strong><span style=\"font-size: 12pt; font-family: 'Arial', sans-serif;\">, Ukrayna Sava\u015f\u0131&#8217;n\u0131n y\u0131l d\u00f6n\u00fcm\u00fcnde \u00fclkesinde &#8220;The Atlantic&#8221; dergisine verdi\u011fi r\u00f6portajda, <em>&#8220;E\u011fer \u00c7in&#8217;in sald\u0131rganl\u0131\u011f\u0131 nedeniyle Tayvan&#8217;da kriz \u00e7\u0131karsa bunun d\u00fcnya ekonomisi ve di\u011fer \u00fclkeler i\u00e7in sonu\u00e7lar\u0131 felaket olacakt\u0131r&#8221;<\/em> ifadelerini kullanm\u0131\u015ft\u0131. \u00c7in ise Blinken&#8217;\u0131n s\u00f6zlerine tepki g\u00f6stermi\u015f, D\u0131\u015fi\u015fleri Bakanl\u0131\u011f\u0131 S\u00f6zc\u00fcs\u00fc Mao Ning, Pekin&#8217;de d\u00fczenlenen ola\u011fan bas\u0131n toplant\u0131s\u0131nda, Blinken&#8217;\u0131n s\u00f6zlerine <em>&#8220;sa\u00e7ma ve sorumsuzca&#8221;<\/em> diyerek kar\u015f\u0131 \u00e7\u0131km\u0131\u015ft\u0131. S\u00f6zc\u00fc Mao, <em>&#8220;ABD&#8217;ye a\u00e7\u0131k bir mesaj\u0131m\u0131z var. B\u00f6lme taktiklerinden vazge\u00e7in, d\u00fcnyay\u0131 Tayvan konusunda yan\u0131ltmay\u0131 b\u0131rak\u0131n. E\u011fer ABD tutumunda \u0131srar ederse bedeli a\u011f\u0131r olacakt\u0131r&#8221;<\/em> ifadelerini kullanm\u0131\u015ft\u0131.<\/span><\/strong><\/p>\n<p style=\"margin-bottom: 0cm; text-align: justify; text-indent: 17pt; line-height: 16pt;\"><strong><span style=\"font-size: 12pt; font-family: 'Arial', sans-serif;\">\u00c7in, ABD&#8217;nin \u00f6nceki Temsilciler Meclisi Ba\u015fkan\u0131 Nancy Pelosi&#8217;nin A\u011fustos 2022&#8217;deki ziyaretinin ard\u0131ndan, Tayvan \u00e7evresindeki u\u00e7ak ve gemi devriyelerini art\u0131rm\u0131\u015f, Tayvan Bo\u011faz\u0131&#8217;n\u0131 ay\u0131ran itibari &#8220;orta \u00e7izgi&#8221;yi ge\u00e7ti\u011fi u\u00e7u\u015flar\u0131 d\u00fczenli hale getirmi\u015f durumdayd\u0131. Ada&#8217;y\u0131 topraklar\u0131n\u0131n par\u00e7as\u0131 olarak g\u00f6ren Pekin, <\/span><\/strong><strong><em><span style=\"font-size: 14pt; font-family: 'Arial', sans-serif;\">&#8220;Tek \u00c7in \u0130lkesi&#8221;<\/span><\/em><\/strong><strong><span style=\"font-size: 12pt; font-family: 'Arial', sans-serif;\">ni vurgulayarak Tayvan&#8217;\u0131n d\u00fcnya \u00fclkeleriyle m\u00fcstakil diplomatik ili\u015fkiler kurmas\u0131na, Birle\u015fmi\u015f Milletler&rsquo;de ve di\u011fer uluslararas\u0131 kurulu\u015flarda temsil edilmesine kar\u015f\u0131 \u00e7\u0131karak, kendisini tan\u0131yan \u00fclkelerin Tayvan ile diplomatik ili\u015fkileri kesmesini \u015fart ko\u015fmaktayd\u0131.[10]<\/span><\/strong><\/p>\n<p style=\"margin-bottom: 0cm; text-align: justify; text-indent: 17pt; line-height: 16pt;\"><strong><span style=\"font-size: 14pt; font-family: 'Arial', sans-serif;\">Evet; \u00fclkemiz, b\u00f6lgemiz ve d\u00fcnyam\u0131z b\u00f6ylesi ciddi ve endi\u015fe verici tehlikelerle kar\u015f\u0131 kar\u015f\u0131ya bulunurken, \u00fclke y\u00f6netiminin tekrar bir BOP iltisakl\u0131s\u0131na b\u0131rak\u0131lmas\u0131, telafisi imk\u00e2ns\u0131z sonu\u00e7lara yol a\u00e7ard\u0131!<\/span><\/strong><\/p>\n<p>\u00a0<\/p>\n<hr style=\"text-align: left;\" size=\"1\" width=\"33%\" \/>\n<p style=\"margin-left: 30px; text-indent: -7.1pt;\"><a href=\"#ftnref1\" id=\"ftn1\" style=\"vertical-align: super;\">[1]<\/a><span style=\"font-size: 9pt; font-family: 'Arial', sans-serif;\"> Milli Gazete &#8211; 08 Mart 2023<\/span><\/p>\n<p style=\"margin-left: 30px; text-indent: -7.1pt;\"><a href=\"#ftnref2\" id=\"ftn2\" style=\"vertical-align: super;\">[2]<\/a><span style=\"font-size: 9pt; font-family: 'Arial', sans-serif;\"><strong> \u0130ltisak:<\/strong> \u0130rtibatl\u0131, al\u00e2kal\u0131, ortak tav\u0131rl\u0131.<\/span><\/p>\n<p style=\"margin-left: 30px; text-indent: -7.1pt;\"><a href=\"#ftnref3\" id=\"ftn3\" style=\"vertical-align: super;\">[3]<\/a><span style=\"font-size: 9pt; font-family: 'Arial', sans-serif;\"> 06 Mart 2023 &#8211; yeniakit.com.tr<\/span><\/p>\n<p style=\"margin-left: 30px; text-indent: -7.1pt;\"><a href=\"#ftnref4\" id=\"ftn4\" style=\"vertical-align: super;\">[4]<\/a><span style=\"font-size: 9pt; font-family: 'Arial', sans-serif;\"> 05 Mart 2023 &#8211; <a href=\"https:\/\/www.aydinlik.com.tr\/haber\/abd-genelkurmay-baskani-\">https:\/\/www.aydinlik.com.tr\/haber\/abd-genelkurmay-baskani-<\/a><\/span><\/p>\n<p style=\"margin-left: 30px; text-indent: -7.1pt;\"><a href=\"#ftnref5\" id=\"ftn5\" style=\"vertical-align: super;\">[5]<\/a><span style=\"font-size: 9pt; font-family: 'Arial', sans-serif;\"> 05.03.2023 &#8211; <a href=\"https:\/\/www.haberturk.com\/abd-genelkurmay-baskani-\">https:\/\/www.haberturk.com\/abd-genelkurmay-baskani-<\/a><\/span><\/p>\n<p style=\"margin-left: 30px; text-indent: -7.1pt;\"><a href=\"#ftnref6\" id=\"ftn6\" style=\"vertical-align: super;\">[6]<\/a><span style=\"font-size: 9pt; font-family: 'Arial', sans-serif;\"> <\/span><span style=\"font-size: 9pt; font-family: 'Arial', sans-serif;\">Yeni\u00e7a\u011f &#8211; 0<\/span><span style=\"font-size: 9pt; font-family: 'Arial', sans-serif;\">1 Mart 2023<br \/><\/span><\/p>\n<p style=\"margin-left: 30px; text-indent: -7.1pt;\"><a href=\"#ftnref7\" id=\"ftn7\" style=\"vertical-align: super;\">[7]<\/a><span style=\"font-size: 9pt; font-family: 'Arial', sans-serif;\"> Milli Gazete &#8211; 08 Mart 2023<\/span><\/p>\n<p style=\"margin-left: 30px; text-indent: -7.1pt;\"><a href=\"#ftnref8\" id=\"ftn8\" style=\"vertical-align: super;\">[8]<\/a><span style=\"font-size: 9pt; font-family: 'Arial', sans-serif;\"> Milli Gazete &#8211; 06 Mart 2023<\/span><\/p>\n<p style=\"margin-left: 30px; text-indent: -7.1pt;\"><a href=\"#ftnref9\" id=\"ftn9\" style=\"vertical-align: super;\">[9]<\/a><span style=\"font-size: 9pt; font-family: 'Arial', sans-serif;\">\u00a0 Yeni\u00e7a\u011f<\/span><span style=\"font-size: 9pt; font-family: 'Arial', sans-serif;\"> &#8211; 05 Mart 2023<\/span><\/p>\n<p style=\"margin-left: 30px; text-indent: -7.1pt;\"><a href=\"#ftnref10\" id=\"ftn10\" style=\"vertical-align: super;\">[10]<\/a><span style=\"font-size: 9pt; font-family: 'Arial', sans-serif;\"> Sabah &#8211; 02 Mart 2023<\/span><\/p>\n<p>\u00a0<\/p>\n","protected":false},"excerpt":{"rendered":"<p>\u00a0 BOP \u0130LT\u0130SAKLI \u0130KT\u0130DAR; T\u00dcRK\u0130YE&#8217;Y\u0130 PAR\u00c7ALARDI! \u00a0\u00a0\u00a0\u00a0\u00a0\u00a0\u00a0\u00a0 PKK ile y\u00fcr\u00fct\u00fclen me\u015fhur \u00c7\u00f6z\u00fcm S\u00fcreci, Recep T. Erdo\u011fan&rsquo;\u0131n 2005 Diyarbak\u0131r konu\u015fmas\u0131yla ba\u015flam\u0131\u015f ve \u0130\u00e7i\u015fleri Bakan\u0131 Be\u015fir Atalay koordinat\u00f6rl\u00fc\u011f\u00fcnde yayg\u0131nla\u015fm\u0131\u015ft\u0131. 2009&rsquo;da AKP&rsquo;nin Milli Birlik ve Karde\u015flik projesi, &ldquo;Demokratik A\u00e7\u0131l\u0131m&rdquo; k\u0131l\u0131fl\u0131 \u00c7\u00f6z\u00fcm ve A\u00e7\u0131l\u0131m S\u00fcreci&rsquo;nin devam\u0131yd\u0131. Bu s\u00fcrece, 16 Temmuz 2014 tarihinde Resmi Gazete&rsquo;de, &ldquo;Ter\u00f6r\u00fcn sona erdirilmesi&rdquo; kanununun \u00e7\u0131kmas\u0131yla [&hellip;]<\/p>\n","protected":false},"author":4,"featured_media":0,"comment_status":"open","ping_status":"closed","sticky":false,"template":"","format":"standard","meta":{"footnotes":""},"categories":[98],"tags":[],"class_list":["post-11554","post","type-post","status-publish","format-standard","hentry","category-ozel-yazilar"],"_links":{"self":[{"href":"https:\/\/www.millicozum.com\/mc\/wp-json\/wp\/v2\/posts\/11554","targetHints":{"allow":["GET"]}}],"collection":[{"href":"https:\/\/www.millicozum.com\/mc\/wp-json\/wp\/v2\/posts"}],"about":[{"href":"https:\/\/www.millicozum.com\/mc\/wp-json\/wp\/v2\/types\/post"}],"author":[{"embeddable":true,"href":"https:\/\/www.millicozum.com\/mc\/wp-json\/wp\/v2\/users\/4"}],"replies":[{"embeddable":true,"href":"https:\/\/www.millicozum.com\/mc\/wp-json\/wp\/v2\/comments?post=11554"}],"version-history":[{"count":0,"href":"https:\/\/www.millicozum.com\/mc\/wp-json\/wp\/v2\/posts\/11554\/revisions"}],"wp:attachment":[{"href":"https:\/\/www.millicozum.com\/mc\/wp-json\/wp\/v2\/media?parent=11554"}],"wp:term":[{"taxonomy":"category","embeddable":true,"href":"https:\/\/www.millicozum.com\/mc\/wp-json\/wp\/v2\/categories?post=11554"},{"taxonomy":"post_tag","embeddable":true,"href":"https:\/\/www.millicozum.com\/mc\/wp-json\/wp\/v2\/tags?post=11554"}],"curies":[{"name":"wp","href":"https:\/\/api.w.org\/{rel}","templated":true}]}}