{"id":119,"date":"2006-11-21T15:31:49","date_gmt":"2006-11-21T15:31:49","guid":{"rendered":"https:\/\/www.millicozum.com\/mc\/2006\/11\/21\/led\/"},"modified":"2006-11-21T15:31:49","modified_gmt":"2006-11-21T15:31:49","slug":"ozledim","status":"publish","type":"post","link":"https:\/\/www.millicozum.com\/mc\/2006\/agustos-2006\/ozledim\/","title":{"rendered":"\u00d6ZLED\u0130M"},"content":{"rendered":"<p>\u00a0  <\/p>\n<p> Kafeslerde tutsak, b\u00fclb\u00fcl misali&#8230;  <\/p>\n<p> Aman canlar, ben g\u00fcl\u00fcm\u00fc \u00f6zledim!..  <\/p>\n<p> Karada \u00e7\u0131rp\u0131nan bal\u0131k misali  <\/p>\n<p> Saray size, ben g\u00f6l\u00fcm\u00fc \u00f6zledim!..  <\/p>\n<p>  \u00a0  <\/p>\n<p> Yar edana, yar edana  <\/p>\n<p> Hayran\u0131m yar, edana  <\/p>\n<p> Ne g\u00fczellik bah\u015fetmi\u015f  <\/p>\n<p> Kurban\u0131m yaradana!..  <\/p>\n<p> Bu hasret ate\u015fi, y\u00fcrekte kordur.  <\/p>\n<p> Yardan ayr\u0131 d\u00fc\u015fmek, \u00f6l\u00fcmden zordur.  <\/p>\n<p> Bir tabip g\u00f6nderip, halimi sordur.  <\/p>\n<p> Sevdal\u0131y\u0131m sevgilimi \u00f6zledim!..  <\/p>\n<p> Yar ad\u0131na, yar ad\u0131na  <\/p>\n<p> \u00d6leydim yar ad\u0131na,  <\/p>\n<p> G\u00f6lgelenmi\u015f alem senin  <\/p>\n<p> Kurban\u0131m yaradana!..  <\/p>\n<p> Bu d\u00fcnya yaz-bozdan geliyor bana  <\/p>\n<p> Kabristan ba\u011f-bostan geliyor bana  <\/p>\n<p> Bir davet ki dosttan geliyor bana  <\/p>\n<p> Vuslat i\u00e7in, ben \u00f6l\u00fcm\u00fc \u00f6zledim!..  <\/p>\n","protected":false},"excerpt":{"rendered":"<p>\u00a0  <\/p>\n<p> Kafeslerde tutsak, b\u00fclb\u00fcl misali&#8230;  <\/p>\n<p> Aman canlar, ben g\u00fcl\u00fcm\u00fc \u00f6zledim!..  <\/p>\n<p> Karada \u00e7\u0131rp\u0131nan bal\u0131k misali  <\/p>\n<p> Saray size, ben g\u00f6l\u00fcm\u00fc \u00f6zledim!..  <\/p>\n","protected":false},"author":33,"featured_media":0,"comment_status":"open","ping_status":"closed","sticky":false,"template":"","format":"standard","meta":{"footnotes":""},"categories":[32],"tags":[],"class_list":["post-119","post","type-post","status-publish","format-standard","hentry","category-agustos-2006"],"_links":{"self":[{"href":"https:\/\/www.millicozum.com\/mc\/wp-json\/wp\/v2\/posts\/119","targetHints":{"allow":["GET"]}}],"collection":[{"href":"https:\/\/www.millicozum.com\/mc\/wp-json\/wp\/v2\/posts"}],"about":[{"href":"https:\/\/www.millicozum.com\/mc\/wp-json\/wp\/v2\/types\/post"}],"author":[{"embeddable":true,"href":"https:\/\/www.millicozum.com\/mc\/wp-json\/wp\/v2\/users\/33"}],"replies":[{"embeddable":true,"href":"https:\/\/www.millicozum.com\/mc\/wp-json\/wp\/v2\/comments?post=119"}],"version-history":[{"count":0,"href":"https:\/\/www.millicozum.com\/mc\/wp-json\/wp\/v2\/posts\/119\/revisions"}],"wp:attachment":[{"href":"https:\/\/www.millicozum.com\/mc\/wp-json\/wp\/v2\/media?parent=119"}],"wp:term":[{"taxonomy":"category","embeddable":true,"href":"https:\/\/www.millicozum.com\/mc\/wp-json\/wp\/v2\/categories?post=119"},{"taxonomy":"post_tag","embeddable":true,"href":"https:\/\/www.millicozum.com\/mc\/wp-json\/wp\/v2\/tags?post=119"}],"curies":[{"name":"wp","href":"https:\/\/api.w.org\/{rel}","templated":true}]}}