{"id":1250,"date":"2008-04-02T06:29:51","date_gmt":"2008-04-02T06:29:51","guid":{"rendered":"https:\/\/www.millicozum.com\/mc\/2008\/04\/02\/erbakan-hoca-hakkinda-super-saptamalar-ve-hiper-sacmaliklar\/"},"modified":"2008-04-02T06:29:51","modified_gmt":"2008-04-02T06:29:51","slug":"erbakan-hoca-hakkinda-super-saptamalar-ve-hiper-sacmaliklar","status":"publish","type":"post","link":"https:\/\/www.millicozum.com\/mc\/2008\/nisan-2008\/erbakan-hoca-hakkinda-super-saptamalar-ve-hiper-sacmaliklar\/","title":{"rendered":"Erbakan Hoca Hakk\u0131nda S\u00dcPER SAPTAMALAR VE H\u0130PER SA\u00c7MALIKLAR"},"content":{"rendered":"<p><strong><a href=\"http:\/\/www.haber5.com\/\">http:\/\/www.haber5.com\/<\/a> Edit\u00f6r\u00fc &#8220;Prof. Dr. Necmettin Erbakan&#8217;\u0131n en b\u00fcy\u00fck talihsizli\u011fi&#8221; ba\u015fl\u0131kl\u0131 bir yaz\u0131 yazm\u0131\u015ft\u0131:<\/strong><\/p>\n<p>&#8220;Erbakan&#8230;<\/p>\n<p>Milli G\u00f6r\u00fc\u015f Lideri&#8230;<\/p>\n<p>Profes\u00f6r doktor&#8230;<\/p>\n<p>Kulaklar\u0131 istedi\u011fi zaman duyan, istemedi\u011fi zaman duymayan &#8220;Sa\u011f\u0131r&#8221; \u0130smet \u0130n\u00f6n\u00fc&#8217;n\u00fcn bile hakk\u0131nda, &#8221;Bu memleket bir tane adam yeti\u015ftirdi. O da dinci \u00e7\u0131kt\u0131.&#8221; (ANKARA,1973) dedi\u011fi ki\u015fiydi&#8230;<\/p>\n<p> <\/p>\n<p>T\u00fcrkiye&#8217;de, ki\u015fisel \u00f6zellikler ve yapt\u0131\u011f\u0131 bilimsel i\u015fler bak\u0131m\u0131ndan, isminin \u00f6n\u00fcne &#8220;Dahi&#8221; kelimesinin konulmamas\u0131n\u0131n en anlaml\u0131 sebebi Demirel gibi mason olmamas\u0131 ve asla &#8220;onlar\u0131n&#8221;, yani &#8220;yerli ve k\u00fcresel elitlerin&#8221; tahakk\u00fcm\u00fcn\u00fc kabul etmemesiydi&#8230;<\/p>\n<p>Yaln\u0131z; bu, Prof. Dr. Necmettin Erbakan&#8217;\u0131n en b\u00fcy\u00fck talihsizli\u011fi de\u011fildi&#8230;<\/p>\n<p>Bizce daha beteri var&#8230;<\/p>\n<p>Ve pe\u015finen s\u00f6yleyelim, bunun da su\u00e7lusu yok asl\u0131nda&#8230;<\/p>\n<p>Bu, ac\u0131 veren bir ger\u00e7ek&#8230;<\/p>\n<p>Yaz\u0131n\u0131n i\u00e7inde bunu anlatmak istiyoruz zaten&#8230;<\/p>\n<p>O, yakla\u015f\u0131k 40 y\u0131ld\u0131r \u00fclke M\u00fcsl\u00fcmanlar\u0131 i\u00e7in say\u0131s\u0131z hizmetler yapm\u0131\u015f ve T\u00fcrkiye M\u00fcsl\u00fcmanlar\u0131n adam yerine konulmalar\u0131n\u0131 sa\u011flam\u0131\u015ft\u0131r&#8230; &#8220;Kaybedilmi\u015f&#8221; yada &#8220;ellerinden al\u0131nm\u0131\u015f haklar\u0131 ve belki de zihinlerini&#8221; yeniden kazanmalar\u0131n\u0131 sa\u011flam\u0131\u015ft\u0131r&#8230;<\/p>\n<p>Elbette kendisini bu eksende destekleyen ve bu zamana kadar da siyasette de yan\u0131nda olan \u0130slam \u00f6nderlerinin katk\u0131s\u0131n\u0131 kimse k\u00fc\u00e7\u00fcmsemiyor.<\/p>\n<p>O, kendisi gibi entelekt\u00fcel birikime sahip, az say\u0131daki dava arkada\u015flar\u0131yla i\u015f\u00e7i, k\u00f6yl\u00fc ve esnaftan ba\u015flatt\u0131\u011f\u0131 davas\u0131n\u0131 hala b\u00fcy\u00fck bir \u015fevkle s\u00fcrd\u00fcr\u00fcyor.<\/p>\n<p>\u00dczerinden 40 y\u0131ld\u0131r pek \u00e7ok dozer ge\u00e7ti&#8230;(O yine dimdik aya\u011fa kalkt\u0131, y\u0131lmad\u0131 ve y\u0131k\u0131lmad\u0131)<\/p>\n<p>Darbeler ve s\u0131rt\u0131ndan b\u0131\u00e7aklamalar&#8230; (O&#8217;nu hakl\u0131 yolundan al\u0131koyamad\u0131)<\/p>\n<p>Ama &#8220;en b\u00fcy\u00fck &#8220;Br\u00fct\u00fcs&#8221;lerden birisi de hi\u00e7 \u015f\u00fcphesiz, bir zamanlar &#8220;hi\u00e7bir \u015fey olmayan&#8221; ve &#8220;bir \u015firkette muhasebe tutan&#8221;, &#8220;bir \u015fey olma potansiyeli ve n\u00fcfuzu da bulunmayan&#8221; Erdo\u011fan&#8217;d\u0131&#8230; Hatta pek \u00e7ok anlat\u0131ma g\u00f6re Erbakan&#8217;\u0131n \u0130stanbul Belediye Ba\u015fkanl\u0131\u011f\u0131na d\u00fc\u015f\u00fcnmedi\u011fi Erdo\u011fan&#8217;d\u0131&#8230;<\/p>\n<p>Velhas\u0131l\u0131&#8230;<\/p>\n<p>Genel olarak &#8220;i\u015f\u00e7i, k\u00f6yl\u00fc, esnaf&#8221;tan olu\u015fan Milli G\u00f6r\u00fc\u015f davas\u0131 o kadar fazla ki\u015fiye f\u0131rsatlar sundu ki, \u015fu an Ba\u015fbakan olan Erdo\u011fan onlardan sadece biri (konumundayd\u0131).<\/p>\n<p>Mesela Ba\u015fbakanl\u0131k ve Cumhurba\u015fkanl\u0131\u011f\u0131 yapm\u0131\u015f olan Turgut \u00d6zal&#8217;\u0131n Erbakan&#8217;\u0131n MNP kapat\u0131ld\u0131ktan sonra a\u00e7t\u0131\u011f\u0131 ve 2. partisi olan MSP&#8217;nin \u0130zmir Milletvekili adaylar\u0131ndan oldu\u011funu (1977&#8217;de)\u00a0 pek \u00e7ok ki\u015fi hat\u0131rlamazd\u0131.<\/p>\n<p>Mesela eski TBMM Ba\u015fkan\u0131 Ar\u0131n\u00e7,<\/p>\n<p>Mesela \u015fimdiki Cumhurba\u015fkan\u0131 (hepsi bu tak\u0131mdand\u0131).<\/p>\n<p>Erbakan, Abdullah G\u00fcl&#8217;\u00fc siyasete soktu\u011funda ve aday g\u00f6sterdi\u011finde G\u00fcl, T\u00fcrk siyaseti ve o zamanki Refah Partisi&#8217;nin potansiyeli konusunda \u00f6yle bir cehalete sahipti ki&#8230;<\/p>\n<p>Bu durum; &#8220;Kayseri&#8217;den aday g\u00f6sterildi\u011finde se\u00e7ilmeyece\u011fini d\u00fc\u015f\u00fcn\u00fcyor olmas\u0131ndan ve e\u015fi Hayrunisa han\u0131m\u0131 bu \u015fekilde &#8220;Ne de olsa se\u00e7ilemeyece\u011fim&#8221; diyerek ikna etmesini itiraf etmesinden rahatl\u0131kla anla\u015f\u0131lacakt\u0131&#8230;<\/p>\n<p>B\u00fct\u00fcn bu ki\u015filer Erbakan&#8217;\u0131n paratoner olu\u015fuyla yani koruyup kollamas\u0131yla &#8220;bir \u015fey oldular&#8221; desek abart\u0131l\u0131 say\u0131lmamal\u0131yd\u0131.<\/p>\n<p>&#8220;T\u00fcrkiye gibi &#8220;zor&#8221; bir \u00fclkede ya\u015fam\u0131\u015f ve hayal bile edilemeyen \u015feyleri ba\u015farm\u0131\u015f, olduk\u00e7a &#8220;a\u00e7\u0131k ve bereketli bir lider&#8221; tarifi Erbakan Hoca&#8217;y\u0131 hat\u0131rlatmaktayd\u0131.<\/p>\n<p>Ne var ki y\u0131llar\u0131n, hatta as\u0131rlar\u0131n biriktirdi\u011fi sorunlar \u00e7oktu ve olduk\u00e7a yo\u011fundu..<\/p>\n<p>\u0130\u015fler kangrenle\u015fmi\u015f ve kitle duyarl\u0131l\u0131klar\u0131n\u0131 kaybetmi\u015fti&#8230; Yol yoku\u015ftu, dava zordu.<\/p>\n<p>Ama, Erbakan sab\u0131rl\u0131yd\u0131, \u00e7al\u0131\u015fkand\u0131, asla yorulmayan ve y\u0131lmayan bir y\u00fcre\u011fi vard\u0131&#8230;<\/p>\n<p>Ve maalesef, Milli G\u00f6r\u00fc\u015f&#8217;\u00fcn ortaya \u015ferh koyacak siyasal bilimcileri, sosyologlar\u0131, fikir adam\u0131 mesabesinde ideologlar\u0131 yoktu&#8230;<\/p>\n<p>Pek \u00e7ok y\u0131k\u0131c\u0131 ak\u0131m\u0131n kol gezdi\u011fi y\u0131ld\u0131r\u0131c\u0131 bir ortamd\u0131.<\/p>\n<p>Erbakan&#8217;\u0131n siyasete at\u0131ld\u0131\u011f\u0131 1969 \u015fartlar\u0131ndan bug\u00fcne durum hep b\u00f6yle kald\u0131&#8230;<\/p>\n<p>Erbakan, &#8220;sonradan&#8221; ve &#8220;adam yoklu\u011fundan bir \u015feyler olmu\u015f&#8221;, &#8220;kendisinin vazge\u00e7ilmez olarak kabul g\u00f6rece\u011fi f\u0131rsatlar ve alanlar bulmu\u015f&#8221;, &#8220;i\u00e7inde heves ve heyecandan ba\u015fka bir \u015fey olmayan&#8221; ki\u015fileri bir \u015fey potas\u0131na sokarak tan\u0131mlayan bir konumdayd\u0131.<\/p>\n<p>&#8220;\u00d6zellikle o eski d\u00f6nemde&#8221; ve &#8220;nispeten bu yeni d\u00f6nemde&#8221; sosyal doku i\u00e7inde mesleki olarak uzman diyebilece\u011fimiz ki\u015filer, yani &#8220;var oldu\u011funu varsayd\u0131\u011f\u0131m\u0131z ki\u015filer&#8221; sadece kendi \u00e7evrelerinde muteber say\u0131lan insanlard\u0131.<\/p>\n<p>Erbakan&#8217;\u0131n ne elle tutulabilen ne bir gazetesi, ne de misyonunun t\u00fcm T\u00fcrkiye&#8217;ye hitap eden, tarihe \u015ferh olarak d\u00fc\u015f\u00fclen bir gazetecisi vard\u0131&#8230; Var olduklar\u0131n\u0131 varsayd\u0131\u011f\u0131m\u0131z medyasal yap\u0131lar asl\u0131nda bug\u00fcn de yok h\u00fckm\u00fcnde say\u0131l\u0131rd\u0131.<\/p>\n<p>&#8220;T\u00fcrkiye&#8217;ye seslenemeyen ve ses getirmeyen&#8221;, &#8220;toplumu te\u011fet ge\u00e7en&#8221;, &#8220;teknik olarak da millete ula\u015fma yetene\u011fi g\u00f6stermeyen&#8221; ve &#8220;mutlaka revizyona tabi tutulmas\u0131 gereken&#8221;\u00a0 kurumlar \u00f6n\u00fcm\u00fczde durmaktad\u0131r.<\/p>\n<p>Bug\u00fcn i\u00e7in Erbakan, \u00f6zellikle bu eksende yaln\u0131z bir adamd\u0131!&#8230;(Ama t\u00fcm tarihi ve talihli b\u00fcy\u00fck devrimlerin \u00f6nderleri zaten hep b\u00f6yle yaln\u0131zd\u0131..)<\/p>\n<p>&#8220;Bir bilimsel ve siyasi deha&#8221; nas\u0131l olur da kendi davas\u0131n\u0131n medya yap\u0131lanmas\u0131n\u0131, toplumsal d\u00f6n\u00fc\u015f\u00fcm\u00fc sa\u011flayabilecek sinerjiye sahip bilim ve toplum elemanlar\u0131n\u0131 ve daha bir \u00e7ok \u015feyi eksik b\u0131rak\u0131r diye sormak yersiz&#8230;<\/p>\n<p>Erbakan b\u00fct\u00fcn yokluklar i\u00e7inde ba\u015fard\u0131!<\/p>\n<p>B\u00fct\u00fcn bu yokluklar\u0131 kimi zaman \u015faka yollu i\u00e7selle\u015ftirdi de.. Tarihini tam olarak bilmemekle beraber, bir toplant\u0131da, gazetecilerin \u00f6n\u00fcnde, &#8220;Fla\u015f\u0131 patlamayan makinenin sahibi olan muhabir Milli Gazete&#8217;dendir&#8221; bile dedi\u011fi hat\u0131r\u0131m\u0131zdayd\u0131&#8230;<\/p>\n<p>Bunlar onun i\u00e7in basit konulard\u0131&#8230;<\/p>\n<p>O, her \u015feye ve her g\u00fc\u00e7l\u00fc\u011fe ra\u011fmen i\u00e7indeki ate\u015fi canl\u0131 tuttu ve mesaj\u0131n\u0131 anlatt\u0131.<\/p>\n<p>Y\u0131lmad\u0131&#8230;<\/p>\n<p>Lidere yak\u0131\u015fan da budur elbette&#8230;&#8221;<\/p>\n<p><strong>\u0130\u015fte buraya kadarki k\u0131s\u0131m s\u00fcper saptamalard\u0131. Ancak bundan sonra hiper sa\u00e7mal\u0131klar ve sapt\u0131rmalar ba\u015flamaktayd\u0131:<\/strong><\/p>\n<p>&#8220;Ama bu durum ger\u00e7e\u011fi de\u011fi\u015ftirmiyor&#8230;<\/p>\n<p>Can yak\u0131c\u0131 ger\u00e7e\u011fi&#8230;<\/p>\n<p>Gelecek projeksiyonu yapamayaca\u011f\u0131m\u0131z bir noktada oldu\u011fumuzu ve bug\u00fcn\u00fc kapsayan revizyon ve kadrolarla yola devam edilmesi gerekti\u011fini s\u00f6ylemek son derece basit (kal\u0131yor)&#8230;<\/p>\n<p>Zira ge\u00e7mi\u015ften bug\u00fcne gelinen \u00e7izginin devam\u0131 &#8220;o eski hareket tarz\u0131yla&#8221; pek m\u00fcmk\u00fcn g\u00f6r\u00fcnm\u00fcyor. Eski s\u00f6ylem de eylem de revizyona tabi tutulmal\u0131&#8230;<\/p>\n<p>Ha \u015funu s\u00f6ylemiyoruz elbette&#8230;<\/p>\n<p>&#8220;Milli G\u00f6r\u00fc\u015f, \u015fu tavizi versin, bu tavizi versin, \u015fu s\u00f6yleminden vazge\u00e7sin, Amerikan d\u00fc\u015fmanl\u0131\u011f\u0131 yapmas\u0131n&#8221; falan demiyoruz&#8230;<\/p>\n<p>Asla &#8230;<\/p>\n<p>Bunu diyen tiplerin Milli G\u00f6r\u00fc\u015f&#8217;\u00fc bilmedikleri \u00e7ok a\u015fikard\u0131r&#8230;<\/p>\n<p>Milli G\u00f6r\u00fc\u015f&#8217;\u00fc Milli G\u00f6r\u00fc\u015f yapan &#8220;Siyonizm&#8217;i ve k\u00fcresel \u015febekelerini&#8221; d\u00fc\u015fman olarak alg\u0131lamas\u0131 ve \u0130slam Birli\u011fi&#8217;ni, \u0130slam&#8217;\u0131n de\u011ferlerini y\u00fcceltmesi (ve savunmas\u0131d\u0131r)&#8230;<\/p>\n<p>Ger\u00e7ek budur&#8230;<\/p>\n<p>Erdo\u011fanlar\u0131n, \u00d6zallar\u0131n d\u00fc\u015ft\u00fc\u011f\u00fc derin ve ger\u00e7ek kuyu da budur&#8230;<\/p>\n<p>Erbakan mesaj\u0131n\u0131 anlat\u0131rken\u00a0\u00a0\u00a0\u00a0\u00a0 &#8220;Cihat, \u015euur,&#8230;&#8221; gibi son derece net ve anla\u015f\u0131l\u0131r ve \u0130slam ahkam\u0131na asla ve asla ters d\u00fc\u015fmeyen bir d\u00fczlemden (hi\u00e7 caymad\u0131 ve kaymad\u0131)&#8230;<\/p>\n<p>En g\u00fczeli de buydu&#8230;<\/p>\n<p>Gelinen noktada, b\u00fct\u00fcn olumsuzluklar ekseninde kitleye iyi bakmak gerekiyordu&#8230;<\/p>\n<p>Bu, Erbakan a\u00e7\u0131s\u0131ndan da i\u00e7erisinde \u00e7aresizlik besleyen bir durumdu&#8230;<\/p>\n<p>Zira genel olarak, hitap edilen kitle avamd\u0131&#8230;<\/p>\n<p>Ta\u015fra&#8217;yd\u0131&#8230;<\/p>\n<p>Ta\u015fra olmas\u0131na ra\u011fmen yerel y\u00f6netimler, &#8220;kentler&#8221; ele ge\u00e7irildi&#8230;<\/p>\n<p>Kentler ele ge\u00e7irilmeye ba\u015flay\u0131nca da Erbakan&#8217;\u0131n ba\u015f\u0131na gelmeyen kalmad\u0131 zaten&#8230;<\/p>\n<p>Burada bir konu yanl\u0131\u015f anla\u015f\u0131lmas\u0131n, asla ve asla k\u00f6yl\u00fcy\u00fc ele\u015ftirmem&#8230;<\/p>\n<p>&#8220;K\u00f6yl\u00fcl\u00fck&#8221; \u00f6zel bir \u015feydir&#8230;<\/p>\n<p>Sak\u0131n yanl\u0131\u015f anla\u015f\u0131lmas\u0131n&#8230;<\/p>\n<p>K\u00f6yl\u00fcl\u00fc\u011f\u00fc k\u00fc\u00e7\u00fcmsemiyorum&#8230;<\/p>\n<p>Ama bir \u00fclkeyi y\u00f6netmeye talip olmak k\u00f6yl\u00fclerle, k\u00fc\u00e7\u00fck esnafla, i\u015f\u00e7iyle kamil manada olabilecek bir \u015fey de\u011fildi&#8230;<\/p>\n<p>Kente g\u00f6\u00e7en, kente entegre olmaya \u00e7al\u0131\u015fan, \u00e7al\u0131\u015f\u0131rken kendini yeniden tan\u0131mlayan, tan\u0131mlarken bir \u00e7ok sorunla kar\u015f\u0131la\u015fan insanlard\u0131 kitle&#8230;<\/p>\n<p>Ekmek davas\u0131yla y\u00fcz y\u00fcze olan bir kitleydi&#8230;<\/p>\n<p>Hi\u00e7 \u015f\u00fcphesiz inan\u00e7l\u0131 bir kitleydi..<\/p>\n<p>Ticareti kentte yapmaya adapte olmaya \u00e7al\u0131\u015fan bir kitleydi&#8230;<\/p>\n<p>K\u00fclt\u00fcrel ve dini eksende kendi tarz\u0131n\u0131 olu\u015fturmaya \u00e7al\u0131\u015fan bir kitleydi..<\/p>\n<p>B\u00fct\u00fcn bu s\u00fcreci ve kitleyi y\u00f6netmek, onlar\u0131 \u015farampole yuvarlamadan, ter\u00f6rize etmeden, asla ve asla ta\u015fk\u0131nl\u0131k yapt\u0131rmadan y\u00f6netmek olduk\u00e7a esasl\u0131 bir i\u015fti&#8230;<\/p>\n<p>Hatta bug\u00fcn elde kalan n\u00fcve a\u00e7\u0131s\u0131ndan bilin\u00e7li, \u015fuurlu ve \u00fcmit vadeden az say\u0131da bir kitle olu\u015fturulmas\u0131 bile gelecek a\u00e7\u0131s\u0131ndan umut verici&#8230;<\/p>\n<p>B\u00fct\u00fcn bunlar kazan\u0131md\u0131r ve diri tutulmal\u0131d\u0131r&#8230;<\/p>\n<p>Zira bu kitle, asla ve asla tutunamayan bir kitle olmayacakt\u0131r&#8230;<\/p>\n<p>Tutunacakt\u0131r ve toplumun kalbinde yer alacakt\u0131r&#8230;<\/p>\n<p>Ama gelecek ku\u015faklar\u0131yla ve milim milim hesaplayarak yeti\u015ftirdikleri ve kurgulad\u0131klar\u0131 nesilleriyle (olmal\u0131d\u0131r)&#8230;<\/p>\n<p>Ta\u015fk\u0131n, agresif ve asabi gen\u00e7lerle de\u011fil&#8230;<\/p>\n<p>Bunun i\u00e7in de AKP&#8217;nin gitmesi gerekiyor&#8230;<\/p>\n<p>&#8220;As\u0131l s\u00fcre\u00e7&#8221; ondan sonra ba\u015flayacakt\u0131r&#8230;<\/p>\n<p>Ya\u015fanan bu g\u00fcn \u00f6nemli&#8230;<\/p>\n<p>Milli G\u00f6r\u00fc\u015f nefes al\u0131yor ve muhasebe yap\u0131yor&#8230;<\/p>\n<p>Zira &#8220;Yar\u0131n&#8221;, \u00e7ok nitelikli bir \u015fekilde &#8220;\u015fehre&#8221; hakim olacakt\u0131r&#8230;.<\/p>\n<p>Beklenti budur&#8230;<\/p>\n<p>Bu m\u00fcmk\u00fcn&#8230;<\/p>\n<p>Hi\u00e7 kimseyle ve hi\u00e7bir \u015feyle kavgas\u0131 ve derdi olan biri de\u011filim&#8230;<\/p>\n<p>Kat\u0131l\u0131rs\u0131n\u0131z kat\u0131lmazs\u0131n\u0131z, sadece g\u00f6r\u00fc\u015flerimi aktard\u0131m&#8230;<\/p>\n<p>Sadece ve sadece &#8220;Erbakan T\u00fcrk siyasetinde sayg\u0131 durulmas\u0131 gereken, alk\u0131\u015flanmas\u0131 gereken bir liderdir, konjont\u00fcrel olarak bit-ir-il-mi\u015f-tir, ama bunun yan\u0131nda kitlesi Erbakan&#8217;a 10 g\u00f6mlek k\u00fc\u00e7\u00fck gelmi\u015ftir, Erbakan&#8217;\u0131n i\u015fi ba\u015f\u0131ndan beri olduk\u00e7a zor olmu\u015ftur, ama O, bu, &#8220;ta\u015fral\u0131 toplumu&#8221; bir &#8220;\u015fehirli&#8221; olarak en iyi \u015fekilde y\u00f6neterek ba\u015far\u0131l\u0131 olmu\u015ftur.&#8221; dedim&#8230;.<\/p>\n<p>Hepsi bu&#8230;&#8221;<\/p>\n<p><strong>Bu ki\u015fi, yukar\u0131da, Erbakan Hoca&#8217;n\u0131n, her \u015feye ra\u011fmen mesaj\u0131n\u0131 anlatt\u0131\u011f\u0131n\u0131 vurgularken parantez i\u00e7inde, (Mesaj derken; Erbakan&#8217;\u0131n \u015fahs\u0131na, birilerinin \u00e7ok\u00e7a kap\u0131ld\u0131klar\u0131, &#8220;Mehdi&#8221; kavram\u0131na benzer kutsiyet affetti\u011fimiz anla\u015f\u0131lmas\u0131n l\u00fctfen&#8230; Biz bunu sa\u00e7ma buluyoruz. Zira Erbakan&#8217;\u0131n kendisinin de sa\u00e7ma buldu\u011funa inan\u0131yoruz) \u015feklinde ifadeler kullanm\u0131\u015ft\u0131.<\/strong><\/p>\n<p><strong>\u015eimdi bu adama ve ayn\u0131 kafada olanlara, \u00f6ncelikle \u015funlar\u0131 sormak laz\u0131m:<\/strong><\/p>\n<p><strong>Mehdiyet kavram\u0131n\u0131n veya; dehas\u0131, davas\u0131 ve insanl\u0131k sevdas\u0131yla \u00f6ne \u00e7\u0131kan \u015fahsiyetlere h\u00fcsn\u00fc zan edip bu s\u0131fat\u0131 yak\u0131\u015ft\u0131rman\u0131n &#8220;sa\u00e7mal\u0131k&#8221; olarak de\u011ferlendirilmesi, e\u011fer akli ve itikadi bir dengesizlik de\u011filse, en az\u0131ndan \u015f\u0131mar\u0131kl\u0131kt\u0131r, haddini a\u015fmakt\u0131r.<\/strong><\/p>\n<ul>\n<li><strong>S\u00f6yleyin bakal\u0131m; &#8220;Her kavmin bir hidayet \u00f6nderi (mehdisi) vard\u0131r&#8221;<a name=\"_ftnref1\" href=\"#_ftn1\" title=\"_ftnref1\"><strong>[1]<\/strong><\/a> buyuran Kur&#8217;an&#8217;\u0131n bu haberi mi ha\u015fa, sa\u00e7mal\u0131kt\u0131r?<\/strong><\/li>\n<li><strong>Yada; Hz. Peygamber Efendimizin en sahih hadis kitaplar\u0131nda yer alan Mehdiyle ilgili, \u00fcmitlendirici ve iman diriltici m\u00fcjdeleri mi, ha\u015fa, sa\u00e7mal\u0131kt\u0131r?<\/strong><\/li>\n<li><strong>Veya; \u00c7o\u011fu m\u00fc\u00e7tehit ve m\u00fcceddit derecesinde binlerce \u0130slam ulamas\u0131n\u0131n ve evliyas\u0131n\u0131n, hakk\u0131nda kitaplar yazd\u0131klar\u0131 ve gelece\u011fini bildirip bekledikleri Mehdiyet hakikatleri mi sa\u00e7mal\u0131kt\u0131r?<\/strong><\/li>\n<li><strong>Yoksa; yaz\u0131n\u0131z\u0131n ba\u015f\u0131ndan beri, &#8220;deha \u00e7ap\u0131ndaki y\u00fcksek kabiliyetlerini ve \u00f6rnek karakterlerini&#8221; ifade ve iltifat etti\u011finiz bir \u015fahsiyete b\u00f6ylesine me\u015fru bir mertebeyi lay\u0131k g\u00f6rmek mi sa\u00e7mal\u0131kt\u0131r?<\/strong><\/li>\n<li><strong>Kendisini Mehdi g\u00f6renlere, &#8220;Hay\u0131r ben mehdi de\u011filim, ancak Mehdiye haz\u0131rl\u0131k yapan bir m\u00fcceddit olabilirim. Sizin bu samimi ve sevindirici h\u00fczn\u00fc zann\u0131n\u0131z\u0131 ve iltibas\u0131n\u0131 b\u00f6ylece d\u00fczeltmek isterim&#8221; mealinde cevapland\u0131r\u0131lan Bedi\u00fczaman&#8217;dan utanmal\u0131d\u0131r.<\/strong><\/li>\n<\/ul>\n<p><strong>Tam anlam\u0131yla sa\u00e7malayarak, &#8220;sa\u00e7ma bulacak&#8221; ve zihninizden kovmaya \u00e7al\u0131\u015facak kadar, bu Mehdiyet meselesi sizi niye rahats\u0131z edip z\u0131vanadan \u00e7\u0131karmaktad\u0131r?<\/strong><\/p>\n<p>Korku ve ku\u015fkular\u0131n ecele, yani takdir edilip ba\u015fa geleceklere hi\u00e7bir yarar\u0131 olmad\u0131\u011f\u0131n\u0131, duymad\u0131n\u0131z m\u0131?<\/p>\n<p>&#8220;Can yak\u0131c\u0131 ger\u00e7ek&#8221; ve &#8220;Erbakan&#8217;\u0131n talihsizli\u011fi&#8221; gibi jelatinli k\u0131l\u0131flar ve laflar alt\u0131nda: &#8220;Art\u0131k Erbakan miad\u0131n\u0131 tamamlam\u0131\u015f ve devre d\u0131\u015f\u0131 b\u0131rak\u0131lm\u0131\u015ft\u0131r&#8221; \u015feklindeki arzular\u0131n\u0131z, bu sinsi korkular\u0131n\u0131z\u0131 ve k\u0131skan\u00e7l\u0131klar\u0131n\u0131z\u0131 bast\u0131rmaya yarayacak m\u0131?<\/p>\n<p>&#8220;Bug\u00fcn\u00fc kapsayan revizyon ve kadrolarla yola devam edilmesi gerekti\u011fini s\u00f6ylemek \u00e7ok basit (kal\u0131yor)&#8221;.. Do\u011fru ama &#8220;bu kadrolar&#8221; kapsam\u0131nda Erbakan da say\u0131lmakta m\u0131?<\/p>\n<p>O takdirde, yaz\u0131n\u0131z\u0131n yar\u0131s\u0131na kadar, Erbakan Hocan\u0131n &#8220;tek ki\u015filik ordu &#8221; tan\u0131m\u0131na uygun yapt\u0131\u011f\u0131n\u0131z \u00fcst\u00fcn \u00f6zellik ve tespitlerinizle bu temelsiz temenniniz \u00e7eli\u015fik olmaz m\u0131?<\/p>\n<p>&#8220;Erbakan konj\u00fckt\u00fcrel olarak bi-ti-ril-mi\u015f-tir&#8221; bi\u00e7iminde heceleyip ay\u0131rarak ve \u00fcst\u00fcne basarak ve dahi i\u00e7inizi kusarak vurgulad\u0131\u011f\u0131n\u0131z ifadeler, sadece sizin suizann\u0131n\u0131z ve k\u0131s\u0131r anlay\u0131\u015f\u0131n\u0131z m\u0131?<\/p>\n<p>Yoksa, &#8220;Ya\u015f\u0131 sekseni ge\u00e7mi\u015f, i\u015fi \u00e7oktan bitirmi\u015f&#8221; diyen, yani arzu etti\u011fi gibi d\u00fc\u015f\u00fcnen, malum ve marazl\u0131 kesimlerin, \u015feytani beklentilerinin bir terc\u00fcmanl\u0131\u011f\u0131 m\u0131d\u0131r?<\/p>\n<p><strong>Uluorta, Hoca&#8217;n\u0131n Mehdiyetini konu\u015fup yazanlar\u0131n ve \u015feytan mant\u0131\u011f\u0131yla Erbakan&#8217;\u0131\u00a0 kendilerine mecbur ve mahkum sananlar\u0131n, aynen sizin gibi, \u00f6nce Milli G\u00f6r\u00fc\u015f hareketini ve liderini uzun uzun \u00f6v\u00fcp, ard\u0131ndan &#8220;Haydi Hoca, \u015fu uyuyan ve koynu bo\u015f kalan g\u00fczeli(Saadet Partisini) art\u0131k bize ver&#8221; \u015feklindeki, nefsani beklentilerini b\u00f6ylesine edepsiz bi\u00e7imde dile getiren kimselerle sizin fark\u0131n\u0131z; onlar do\u011frudan &#8220;haydi partiyi bize ver&#8221; deyip milli damatl\u0131klar\u0131n\u0131 ilan ederken; siz dolayl\u0131 olarak &#8220;Sen bittin art\u0131k, partiyi birilerine b\u0131rak ve \u00e7ekil&#8221; diyorsunuz!..<\/strong><\/p>\n<p><strong>\u0130\u015fte giri\u015finden itibaren, uzun uzun Milli G\u00f6r\u00fc\u015f\u00fc \u00f6ven ger\u00e7ekleri s\u00f6yleyen, ama as\u0131l niyetlerini ortaya d\u00f6kerek; &#8220;Saadet Partisini uyuyan g\u00fczel bir geline, kendilerini ise vazge\u00e7ilmez ve e\u015fine eri\u015filmez bir g\u00fcveyiye benzeterek&#8221; hayas\u0131z bir \u00fcslup ve pervas\u0131z bir ukalal\u0131kla &#8220;koynu bo\u015f kalan g\u00fczelin (Saadet Partisinin) yata\u011f\u0131n\u0131, haydi Hoca bize ver!. Demeye yeltenen ve \u00fcstelik kahpeliklerine hayran olduklar\u0131 AKP&#8217;li d\u00f6neklere de &#8220;hocan\u0131n yeti\u015fti\u011fi delikanl\u0131lar&#8221; \u015feklinde iltifat edip bunlar\u0131n g\u00fcnah\u0131n\u0131 Hoca&#8217;ya y\u00fckleyen ve kabahatlar\u0131n\u0131 kahramanl\u0131k gibi g\u00f6steren o yaz\u0131: <\/strong><\/p>\n<p><strong>Uyuyan g\u00fczeli uyand\u0131rmak; ama nas\u0131l?<\/strong><\/p>\n<p><strong>Uyuyan g\u00fczelden kast\u0131m\u0131z Saadet Partisi&#8230; Saadet Partisi biricik iktidar alternatifi potansiyeli olu\u015fturan siyasi yelpazenin \u00fczerinde m\u0131\u015f\u0131l m\u0131\u015f\u0131l uyuyan bir g\u00fczel adeta&#8230; Mill\u00ee G\u00f6r\u00fc\u015f&#8217;\u00fcn tek temsilcisi bu parti Erbakan&#8217;\u0131n zaman zaman yapt\u0131\u011f\u0131 \u00e7\u0131k\u0131\u015flarla uyan\u0131r gibi olup etrafa mahmur g\u00f6zlerle \u00f6lg\u00fcn bak\u0131\u015flar att\u0131ktan sonra yine tatl\u0131 uykusuna b\u0131rakt\u0131\u011f\u0131 yerden dal\u0131yor&#8230;<\/strong><\/p>\n<p>Bu dayan\u0131lmaz a\u011f\u0131r uykunun as\u0131l nedeni ya\u015fam atmosferine hissettirilmeden s\u0131zd\u0131r\u0131lan uyu\u015fturucu etkisi yapan t\u00fcts\u00fcl\u00fc hava. Bu y\u00fczden uyuyan g\u00fczeli uyand\u0131rmadan \u00f6nce bu zehirlenmi\u015f havay\u0131 de\u011fi\u015ftirebilecek bir pencerenin a\u00e7\u0131lmas\u0131 laz\u0131m. Yoksa bir \u015fokla uyand\u0131r\u0131lacak olsa uyku sersemli\u011fi ile bir yerlere \u00e7arp\u0131p d\u00fc\u015febilir ve telafisiz hasarlara yol a\u00e7abilir.<\/p>\n<p>Doludizgin bir yerel se\u00e7ime do\u011fru gitmekte olan \u015fu T\u00fcrkiye&#8217;de Sadece Saadet Partisi&#8217;nin s\u00f6z s\u00f6yleyebilece\u011fi art arda nice geli\u015fmeler ya\u015fan\u0131yor. Bu geli\u015fmeleri Mill\u00ee G\u00f6r\u00fc\u015f a\u00e7\u0131s\u0131ndan ele al\u0131p de\u011ferlendirmek d\u0131\u015f\u0131nda bir yakla\u015f\u0131mla do\u011fru izah edip anlamland\u0131rman\u0131n imk\u00e2n\u0131 da yok. Efsanevi Mill\u00ee G\u00f6r\u00fc\u015f belediyecili\u011fi de adeta sahipsiz durumda.<\/p>\n<p>Ge\u00e7ti\u011fimiz 22 Temmuz Genel se\u00e7imi, rakiplerini bertaraf eden AKP&#8217;nin iktidar\u0131n\u0131 sa\u011flamla\u015ft\u0131r\u0131p k\u00f6kle\u015ftirdi. Bu \u00f6n\u00fcm\u00fczdeki yerel se\u00e7im de iktidar alternatifini belirleyip ortaya \u00e7\u0131karmaya adayd\u0131r. \u00c7\u00fcnk\u00fc 22 Temmuz se\u00e7iminden bir iktidar alternatifi \u00e7\u0131kmad\u0131.<\/p>\n<p>Bu y\u00fczden ne AKP iktidar\u0131n\u0131n ka\u00e7 ilde belediye alaca\u011f\u0131 ve ne de iktidar alternatifi olma potansiyeline sahip olmayan di\u011fer herhangi bir partinin alaca\u011f\u0131 belediye ba\u015fkan\u0131 say\u0131s\u0131 \u00f6nemlidir. As\u0131l \u00f6nemli olan iktidar alternatifi olabilecek potansiyele sahip bir partinin ka\u00e7 ilde belediye ba\u015fkanl\u0131\u011f\u0131 kazanaca\u011f\u0131d\u0131r.<\/p>\n<p>T\u00fcrkiye&#8217;de bu yak\u0131n ge\u00e7mi\u015fte tarih ilgin\u00e7 \u015fekilde \u00e7ok yak\u0131n periyotlarla tekerr\u00fcr ediyor&#8230; 1980 \u00f6ncesi CHP ve AP&#8217;nin \u00e7ok k\u0131sa aral\u0131klarla yer de\u011fi\u015ftirip iktidar ve muhalefet konumuna gelmesine kar\u015f\u0131n \u00fclkedeki k\u0131tl\u0131k, yokluk, kuyruk ve anar\u015finin azalmay\u0131p aksine artmas\u0131 ve toplumun giderek umutsuzlu\u011fa mahk\u00fbm olmas\u0131 nedeniyle demokrasi alternatifsiz kalm\u0131\u015ft\u0131.<\/p>\n<p>Bu durum Mill\u00ee G\u00f6r\u00fc\u015f&#8217;\u00fcn ikinci Partisi Mill\u00ee Selamet&#8217;i ka\u00e7\u0131n\u0131lmaz \u015fekilde alternatif olarak siyasetin ufkuna getirmi\u015fti. \u00d6n\u00fcn\u00fc perdelemek i\u00e7in tek \u00e7are olarak ABD ve i\u00e7erideki uzant\u0131lar\u0131nca 12 Eyl\u00fcl 1980 askeri darbesi planlan\u0131p ger\u00e7ekle\u015ftirildi.<\/p>\n<p>Ard\u0131ndan Mill\u00ee Selamet Partisi&#8217;ni kapatmak yetmez, Mill\u00ee G\u00f6r\u00fc\u015f&#8217;\u00fcn k\u00f6k\u00fcn\u00fc kaz\u0131mak gerekir anlay\u0131\u015f\u0131 ile hareket edilerek 4 e\u011filimin birle\u015ftirilmesi projesi ile ANAP kurulup iki d\u00f6nem \u00fcst \u00fcste iktidar yap\u0131lm\u0131\u015ft\u0131.<\/p>\n<p>Ancak demokratik rejimin i\u015fletilebilmesi i\u00e7in yaln\u0131zca iktidar partisi yetmezdi. Ona alternatif olacak iktidar olma potansiyeli ta\u015f\u0131yan bir muhalefet partisine de mutlaka gerek vard\u0131.<\/p>\n<p>Bu s\u00fcre\u00e7te sol kesimin oylar\u0131n\u0131 b\u00f6ld\u00fckleri i\u00e7in CHP de DSP de alternatif olamad\u0131. Sa\u011f kesimin oylar\u0131n\u0131 da ANAP b\u00f6ld\u00fc\u011f\u00fc i\u00e7in AP&#8217;nin yerine kurulan DYP de iktidar alternatifi olamad\u0131 ve bir bo\u015fluk do\u011fdu.<\/p>\n<p>Tabiat bo\u015fluk kabul etmez kural\u0131 i\u015fledi, bu f\u0131rsattan yararlanan Mill\u00ee G\u00f6r\u00fc\u015f&#8217;\u00fcn 3. Partisi Refah 1995 Genel Se\u00e7iminde birincilik ipini g\u00f6\u011f\u00fcsleyerek iktidar alternatifi oldu. Bu sayede Erbakan 54. H\u00fck\u00fcmeti kurdu.<\/p>\n<p>Dikkatlere sunmak istedi\u011fimiz as\u0131l \u00f6nemli husus, askeri darbeden sonra oylar\u0131 % 3&#8217;e kadar d\u00fc\u015fen Refah Partisi&#8217;nin y\u00fckseli\u015f trendine girip ivme kazanmas\u0131n\u0131n, kat\u0131ld\u0131\u011f\u0131 1989 yerel se\u00e7imlerinde Konya, Sivas, Van, \u015eanl\u0131urfa ve Kahramanmara\u015f il belediyelerini kazanmas\u0131yla ba\u015flad\u0131\u011f\u0131 ger\u00e7e\u011fidir. Bu yerel se\u00e7im de bu bak\u0131mdan b\u00fcy\u00fck bir \u00f6nem ta\u015f\u0131maktad\u0131r!<\/p>\n<p>Sonra Erbakan ba\u015fkanl\u0131\u011f\u0131nda kurulan 54. H\u00fck\u00fcmete kar\u015f\u0131 yine ABD ve i\u00e7erideki uzant\u0131lar\u0131 taraf\u0131ndan ba\u015flat\u0131lan 28 \u015eubat 1997 post modern s\u00fcrecinde de yine bu tarihi tekerr\u00fcr ya\u015fand\u0131. Refah Partisi&#8217;ni kapatmak yetmez Mill\u00ee G\u00f6r\u00fc\u015f&#8217;\u00fcn k\u00f6k\u00fcn\u00fc kaz\u0131mak laz\u0131md\u0131r denildi.<\/p>\n<p>Ne var ki bu s\u00fcre\u00e7te sa\u011f ve sol partileri bir araya getirip ancak bir iktidar olu\u015fturabildiler. B\u00f6ylece kurulan 28 \u015eubat s\u00fcrecinin son iktidar\u0131 DSP-MHP-ANAP koalisyonu yine bir iktidar alternatifi bo\u015flu\u011fu b\u0131rakt\u0131.<\/p>\n<p>Sonra h\u00fck\u00fcmet g\u00f6r\u00fclmemi\u015f bir ba\u015far\u0131s\u0131zl\u0131k g\u00f6sterip koalisyon partilerinin t\u00fcm\u00fc Kas\u0131m 2002 se\u00e7iminde baraj alt\u0131nda kal\u0131nca Meclis&#8217;e giren sadece iki partiden AKP ezici \u00e7o\u011funlukla iktidar, CHP de tek ba\u015f\u0131na muhalefet oldu. Ancak iktidar alternatifi yine olu\u015famad\u0131.<\/p>\n<p>\u00c7\u00fcnk\u00fc ana muhalefet konumunda olmas\u0131na ra\u011fmen CHP siyasi zihniyeti gere\u011fi bir t\u00fcrl\u00fc iktidar olabilece\u011fi umudunu veremedi. Nitekim 22 Temmuz genel se\u00e7iminde rekoru kolay k\u0131r\u0131lamayacak milyonluk kat\u0131l\u0131ml\u0131 Cumhuriyet Mitingleri ile desteklenmesine ve DSP ile solda ittifak ger\u00e7ekle\u015ftirmesine ra\u011fmen asla iktidar olamayaca\u011f\u0131n\u0131 g\u00f6sterdi ve bu ger\u00e7eklik tescillendi.<\/p>\n<p>\u015eu an Meclis&#8217;te grubu bulunan di\u011fer iki parti MHP ve DTP de \u0131rk\u00e7\u0131 yakla\u015f\u0131mlar\u0131 nedeniyle \u00fclkenin her yerinde siyaset yapamayan, deyim yerindeyse politik \u00f6z\u00fcrl\u00fc partiler olduklar\u0131ndan bug\u00fcn Meclis&#8217;te hala iktidar alternatifi bir partiden s\u00f6z etmek m\u00fcmk\u00fcn de\u011fildir.<\/p>\n<p>Daha \u00f6nce DSP-MHP-ANAP iktidar\u0131 alternatifsiz oldu\u011fu i\u00e7in AKP bu bo\u015flu\u011fu doldurup h\u0131zla b\u00fcy\u00fcm\u00fc\u015ft\u00fc. \u015eimdi yine bir iktidar alternatifi bo\u015flu\u011fu kendini \u00e7ok kuvvetli bir \u015fekilde hissettirmektedir. Bu bo\u015flu\u011fu doldurabilecek potansiyel siyasi alternatif ise sadece Mill\u00ee G\u00f6r\u00fc\u015f&#8217;t\u00fcr. \u00c7\u00fcnk\u00fc AKP iktidar\u0131 benze\u015fen di\u011fer siyasi g\u00f6r\u00fc\u015flerin potansiyelini b\u00fct\u00fcn\u00fcyle kullanmaktad\u0131r.<\/p>\n<p>Saadet Partisi ise bu durumun fark\u0131nda bile de\u011fildir. Erbakan&#8217;a y\u00f6nelik haks\u0131zl\u0131klar\u0131 ne dile getirip b\u00fcy\u00fck bir siyasi kampanyaya d\u00f6n\u00fc\u015ft\u00fcrebiliyor&#8230; Ne de Erbakan&#8217;\u0131n 40 y\u0131ld\u0131r dillendirdi\u011fi ve bug\u00fcn en az % 35&#8217;lik bir toplumsal taban olu\u015fturmu\u015f bulunan Mill\u00ee G\u00f6r\u00fc\u015f s\u00f6ylemini dillendirebiliyor&#8230;<\/p>\n<p>Kald\u0131 ki T\u00fcrkiye&#8217;de, b\u00f6lgede ve d\u00fcnyada olup bitenler Mill\u00ee G\u00f6r\u00fc\u015f&#8217;\u00fc yeg\u00e2ne \u00e7\u00f6z\u00fcm noktas\u0131na getirdi\u011fi i\u00e7in Saadet Partisi en parlak siyasi s\u00f6yleme sahip tek partidir.<\/p>\n<p>Sadece bir iki \u00f6rnek verecek olursak G\u00fcneydo\u011fu sorunu i\u00e7in tek \u00e7\u00f6z\u00fcm Mill\u00ee G\u00f6r\u00fc\u015f&#8217;\u00fcn \u0130slam karde\u015fli\u011fidir; dile getiren yok&#8230; Art\u0131k ger\u00e7ekle\u015fmeyece\u011fi hususunda herkesin hemfikir oldu\u011fu Avrupa Birli\u011fi i\u00e7in tek alternatif Mill\u00ee G\u00f6r\u00fc\u015f&#8217;\u00fcn 40 y\u0131ld\u0131r dile getirdi\u011fi \u0130slam Birli\u011fi&#8217;dir; a\u011fz\u0131na alan yok&#8230; K\u0131br\u0131s&#8217;ta tek \u00e7\u00f6z\u00fcm KKTC&#8217;nin ba\u011f\u0131ms\u0131zl\u0131\u011f\u0131n\u0131n tescili ve tan\u0131nmas\u0131d\u0131r; s\u00f6yleyen yok&#8230; Dedik ya uyuyan g\u00fczelin hi\u00e7bir \u015feyi g\u00f6r\u00fcp millete anlatacak hali yok. Uyand\u0131rman\u0131n da imk\u00e2n\u0131 yok&#8230;<\/p>\n<p>Peki, ne olacak \u015fu T\u00fcrkiye demokrasisinin bu i\u00e7ler ac\u0131s\u0131 hali? \u0130ktidara alternatif olu\u015fturamayan bir demokrasi hi\u00e7 olur mu? AKP iktidar\u0131 bu \u00fclkeyi b\u00f6yle alternatifsiz nereye kadar g\u00f6t\u00fcrebilir? Siyasetin alternatif \u00e7\u0131karamad\u0131\u011f\u0131 bir demokraside ba\u015fka g\u00fc\u00e7ler ve unsurlar alternatif olmaya ba\u015flamaz m\u0131? Bu da b\u00fcy\u00fck bir tehlike de\u011fil midir?<\/p>\n<p><strong>\u0130\u015fte bu y\u00fczden bir g\u00f6z\u00fcm\u00fcz uyuyan g\u00fczelde bir g\u00f6z\u00fcm\u00fcz Erbakan&#8217;da&#8230; Haydi diyoruz Hoca&#8230; Y\u00fczd\u00fcn, y\u00fczd\u00fcn kuyru\u011funa getirdin&#8230; \u015eu uyuyan g\u00fczelin koynuna yine bir Yahudi girerse 40 y\u0131ll\u0131k eme\u011fine yaz\u0131k olur. Bug\u00fcne kadar yeti\u015ftirdi\u011fin delikanl\u0131lar tatl\u0131 iktidar nimetlerine y\u00f6nelince muhalefette uyuyan g\u00fczelin koynu bo\u015f kald\u0131!&#8221;<a name=\"_ftnref2\" href=\"#_ftn2\" title=\"_ftnref2\"><strong>[2]<\/strong><\/a><\/strong><\/p>\n<p><strong>Sn. www. Haber5.com. Edit\u00f6r\u00fc!<\/strong><\/p>\n<p><strong>Zat\u0131aliniz &#8220;sa\u00e7ma buluyoruz&#8221; gibi, haks\u0131z, dayanaks\u0131z ve edep d\u0131\u015f\u0131 bir tav\u0131r sergiledi\u011finiz i\u00e7in Kur&#8217;an&#8217;\u0131n &#8220;cezaen vifaka = muvaf\u0131k ve m\u00fcnasip kar\u015f\u0131l\u0131k&#8221; hikmeti ve ruhsat\u0131na uygun olarak bunlar\u0131 s\u00f6yl\u00fcyoruz.<\/strong><\/p>\n<p><strong>As\u0131l sa\u00e7mal\u0131k ve akl\u0131 k\u0131sal\u0131k; Erbakan Hoca gibi ender ve \u00f6nder bir \u015fahsiyetin:<\/strong><\/p>\n<p><strong>\u20221- <\/strong><strong>Milli m\u00fccadelesini, sadece T\u00fcrkiye&#8217;deki masonik d\u00fczen ve mahfillerle de\u011fil, t\u00fcm yery\u00fcz\u00fcndeki Siyonist merkezlerle yap\u0131p, projelerinin evrensel hedefler ta\u015f\u0131d\u0131\u011f\u0131n\u0131&#8230;K\u0131saca, ya b\u00fct\u00fcn d\u00fcnyaya hakim olacaks\u0131n\u0131z, veya bir kasabada bile hakikat nizam\u0131n\u0131 uygulayamazs\u0131n\u0131z..&#8221; ger\u00e7e\u011fine m\u00fcnasip davrand\u0131\u011f\u0131n\u0131 sezememektir.<\/strong><\/p>\n<p><strong>\u20222- <\/strong><strong>B\u00f6yle bir dehan\u0131n, \u00e7ok uzun s\u00fcren ge\u00e7i\u015f ve alt yap\u0131 s\u00fcrecinde yararlanaca\u011f\u0131, sade ve s\u0131radan ekiplerle; galibiyet ve hakimiyet d\u00f6nemine haz\u0131rlad\u0131\u011f\u0131 ve saklad\u0131\u011f\u0131 elemanlar\u0131 ay\u0131rd\u0131\u011f\u0131n\u0131 ve kay\u0131rd\u0131\u011f\u0131n\u0131 hi\u00e7 d\u00fc\u015f\u00fcnmemektir.<\/strong><\/p>\n<p><strong>\u20223- <\/strong><strong>Ve as\u0131l sa\u00e7mal\u0131k, b\u00f6yle bir zat\u0131n partiye ve te\u015fkilatlara s\u0131rf \u015fahsi inat ve ihtiras y\u00fcz\u00fcnden hep s\u00f6n\u00fck ve y\u00fcz\u00fc basit \u00e7\u0131karlara d\u00f6n\u00fck ki\u015filere verip, sizler gibi \u00e7ok se\u00e7kin ve bilgi\u00e7 kimseleri d\u0131\u015flad\u0131\u011f\u0131n\u0131 ve partiyi yeni ve cazip s\u00f6ylem ve projelerle iktidara ta\u015f\u0131yacak kesimleri bu hevesinden mahrum b\u0131rakt\u0131\u011f\u0131n\u0131 zannetmektir.<\/strong><\/p>\n<p><strong>Haydi yeri gelmi\u015fken soral\u0131m: Yahu \u015fu orijinal proje ve planlar\u0131n\u0131z\u0131 niye bir t\u00fcrl\u00fc ortaya ve koymak ve bizim gibilerini hem utand\u0131rmak hem de davam\u0131z ad\u0131na umutland\u0131rmak, hi\u00e7 mi akl\u0131n\u0131za gelmemektedir? Yoksa kuru s\u0131k\u0131 sloganlar d\u0131\u015f\u0131nda ilmi, \u0130slami, insani hi\u00e7bir yeni ve yeterli plan ve program\u0131n\u0131z olmad\u0131\u011f\u0131 i\u00e7in midir?<\/strong><\/p>\n<p>Bey karde\u015fim!<\/p>\n<p>\u0130z&#8217;an ve insafla s\u00f6yledi\u011finiz gibi; b\u00f6ylesine dahi bir zekavetin, dava delisi bir \u015fahsiyetin, on y\u0131llar sonras\u0131n\u0131 hesap ederek proje ve stratejiler geli\u015ftiren ve D-8 gibi tarihi at\u0131l\u0131mlar ger\u00e7ekle\u015ftiren bir liderin; en kritik d\u00f6nemler ve de\u011fi\u015fimler i\u00e7in gerekecek, her y\u00f6nden e\u011fitilmi\u015f ve sadakati test edilmi\u015f kadrolar\u0131, bir \u015fekilde yeti\u015ftirmeyip; hali p\u00fcr melali herkes\u00e7e g\u00f6r\u00fclen bu ekiplerle oyalanmas\u0131, hi\u00e7te uygun ve makul d\u00fc\u015fm\u00fcyor&#8230; Yoksa, bu taktik: d\u0131\u015ftaki Siyonist g\u00fc\u00e7leri ve i\u00e7teki basit menfaat \u015febekelerini avutup oyalamaya m\u0131 y\u00f6neliktir? Acaba \u00f6n\u00fcm\u00fczdeki s\u00fcre\u00e7 bizim sezemedi\u011fimiz ve ak\u0131l erdiremedi\u011fimiz baz\u0131 mutlu geli\u015fmelere mi gebedir? Diye sorulsayd\u0131, bu do\u011fru ve olumlu bir yakla\u015f\u0131m olurdu.<\/p>\n<p>Ama, hem Erbakan Hoca&#8217;y\u0131: &#8220;Tek ba\u015f\u0131na ve \u00e7o\u011fu arkadan b\u0131\u00e7aklayan kahpe kadrolarla;\u00a0 T\u00fcrkiye&#8217;de s\u00fcrekli horlan\u0131p ezilen ve sadece M\u00fcsl\u00fcman \u00e7o\u011funlu\u011fu te\u015fkil eden alt kesimi, tutup, siyasetten ticarete, e\u011fitimden k\u00fclt\u00fcre, hemen her \u015feyimize \u00e7\u00f6reklenen azg\u0131n az\u0131nl\u0131klar\u0131n tekelindeki &#8220;\u00fcst kademelere&#8221; ta\u015f\u0131yan; Yani bir nevi \u00fclkenin alt\u0131n\u0131 \u00fcst\u00fcne getirmeyi ba\u015faran; b\u00f6ylesine &#8220;bilge ve becerikli bir \u015fahsiyet olarak takdim ve taktir etmek, Ama hemen ard\u0131ndan da: &#8220;Yak\u0131c\u0131 ger\u00e7ek&#8221; diye art\u0131k Erbakan&#8217;\u0131n pilinin bitti\u011fi ve partiyi hevesli yetmelere terk etmesi gerekti\u011fi&#8221; \u015feklinde alg\u0131lanacak beklentiler dillendirmek elbette yanl\u0131\u015ft\u0131r, yamukluk ahlak\u0131d\u0131r, \u00e7eli\u015fki ve art niyet kokmaktad\u0131r.<\/p>\n<p><strong>Sonu\u00e7:<\/strong><\/p>\n<p><strong>Yaz\u0131n\u0131z cenaze merasimindeki, sinsi sevinmesini gizleyen, sun&#8217;i \u00f6vmelere benziyor.. Ve o uzun yaz\u0131n\u0131z\u0131n hi\u00e7bir yerinde &#8220;Hocam&#8221; hitab\u0131ndan vazge\u00e7tik, en az\u0131ndan &#8220;Erbakan Hoca&#8221; bile diyememi\u015f olman\u0131z, edep ayar\u0131n\u0131z\u0131 ve kimyan\u0131z\u0131 k\u0131smen ortaya koyuyor..<\/strong><\/p>\n<p><strong>Ama her \u015feye ra\u011fmen, do\u011fru bildi\u011fimiz bu ger\u00e7ekleri dillendirmeye\u00a0 vesile oldu\u011funuz\u00a0 ve \u00e7ok \u00f6nemli tespitlerde bulundu\u011funuz i\u00e7in de size te\u015fekk\u00fcr etmemiz gerekiyor ve milli g\u00f6r\u00fc\u015f hareketini ve Aziz Liderini bir de bu g\u00f6zle de\u011ferlendirmeniz bekleniyor!.. <\/strong><\/p>\n<p><strong>54. h\u00fck\u00fcmetin ba\u015fbakan\u0131 Erbakan Hocam\u0131z\u0131n dedi\u011fi gibi &#8220;herhangi bir kimse: (aklen, ruhen ve vicdanen) Malazgirt&#8217;te \u0130slam inanc\u0131n\u0131n \u015fahlan\u0131\u015f\u0131n\u0131 ya\u015famadan&#8230; Kosova&#8217;da, Ni\u011fbolu&#8217;da bir adalet k\u0131l\u0131c\u0131 olup parlamadan&#8230; Ulubatl\u0131 Hasan misali sivrisinek gibi g\u00f6rd\u00fc\u011f\u00fc Bizans oklar\u0131na ald\u0131rmay\u0131p zafer sanca\u011f\u0131n\u0131 dikmek i\u00e7in \u0130stanbul surlar\u0131na t\u0131rmanmadan&#8230; Sultan Fatih olup, &#8220;Ya \u0130stanbul beni al\u0131r, ya ben \u0130stanbul&#8217;u&#8221; diyerek at\u0131n\u0131 denize do\u011fru s\u00fcrerek fetih m\u00fccahitlerini co\u015fturmadan&#8230; Kanuni olup, \u015fanl\u0131 ordular\u0131yla Avrupa&#8217;y\u0131 titretip, Viyana kap\u0131lar\u0131na dayanmadan&#8230; \u00c7anakkale&#8217;de Seyit \u00c7avu\u015f olup 250 kiloluk mermiyi &#8220;Ya Allah!&#8221; diyerek kald\u0131rarak topun namlusuna koymadan&#8230; Bir insan, Sakarya&#8217;n\u0131n, Dumlup\u0131nar&#8217;\u0131n siperlerine girip yedi d\u00fcvele meydan okuyarak, devleri hizaya sokmadan&#8230; Ve K\u0131br\u0131s&#8217;ta, kar\u015f\u0131s\u0131nda kenetlenen t\u00fcm emperyalist ve Siyonist ittifak\u0131na ra\u011fmen, evinin arka bah\u00e7esinde dola\u015f\u0131r gibi, d\u00fc\u015fman tahkimatlar\u0131 arkas\u0131ndan ge\u00e7ip hedefine ula\u015fmadan&#8230;<\/strong><\/p>\n<p><strong>Milli G\u00f6r\u00fc\u015f\u00fcn ne oldu\u011funu anlayamaz!.. Bizim dava a\u015fk\u0131m\u0131z\u0131n ve insanl\u0131k sevdam\u0131z\u0131n semtine yakla\u015famaz! Bizim gayemizi ve gayretimizi kavrayamaz&#8221;<\/strong><\/p>\n<p>Bizzat kat\u0131lan arkada\u015flar\u0131m\u0131z\u0131n anlatt\u0131klar\u0131na g\u00f6re; baz\u0131 SP&#8217;li yetkililer il ve il\u00e7elere yapt\u0131klar\u0131 ziyaret ve sohbetlerde ve hayret verici \u015fekildeki bir benzerlikte, ayn\u0131 meseleleri ayn\u0131 bahaneler \u00e7er\u00e7evesinde dile getirmekteydi. Acaba Haber 5&#8217;teki yaz\u0131y\u0131 haz\u0131rlayanlarla bunlar ayn\u0131 ekipten miydi? Veya her ikisi de ayn\u0131 marazl\u0131 mahfillerin mi g\u00fcd\u00fcm\u00fcndeydi?<\/p>\n<p>S\u00f6z\u00fcn \u00f6z\u00fc, Saadet Partisini, g\u00f6r\u00fcn\u00fc\u015fte Erbakan&#8217;a ba\u011fl\u0131 tan\u0131nan, ama ger\u00e7ekte art\u0131k Hoca&#8217;y\u0131 hi\u00e7 takmayacak olan ikinci bir &#8220;yenilik\u00e7i&#8221; yetmelere teslim etme ve dolay\u0131s\u0131yla Hoca&#8217;y\u0131 tamamen tesirsiz hale getirme haz\u0131rl\u0131klar\u0131na h\u0131z verilmi\u015fti.<\/p>\n<p>B\u00f6ylece Milli G\u00f6r\u00fc\u015f, s\u00f6zde AKP&#8217;ye kar\u015f\u0131 duracak, \u00f6zde ise AKP&#8217;nin yedek lasti\u011fi gibi davranacak bir parti haline getirilecek; AKP <strong>&#8220;\u0131l\u0131ml\u0131 \u0130slam&#8217;\u0131&#8221;<\/strong> bunlar <strong>&#8220;kat\u0131 \u0130slam&#8217;\u0131!&#8221;<\/strong> seslendirecek, ama her ikisi de Siyonist ve emperyalist merkezlere hizmet verecek ve T\u00fcrkiye k\u00fcresel k\u00f6lele\u015fmenin engeli de\u011fil, \u00f6nderi konumuna y\u00fckselecekti!?<\/p>\n<p>Ve tabi bu senaryolarla fig\u00fcranl\u0131k yapanlar da sonunda ganimetlerden hisse dev\u015firecekti..<\/p>\n<p><strong>Geveledikleri gerek\u00e7eleri de haz\u0131r:<\/strong><\/p>\n<p>Neymi\u015f, &#8220;te\u015fkilatlar ve taban b\u00f6yle istemekteymi\u015f. Art\u0131k kesinlikle bir de\u011fi\u015fim beklenmekteymi\u015f&#8230; B\u00f6yle olursa, konj\u00fckt\u00fcr de m\u00fcsaitmi\u015f, se\u00e7imlerde silip s\u00fcp\u00fcreceklermi\u015f!..&#8221;<\/p>\n<p>Ee madem bu kadar kendinize g\u00fcveniyorsunuz, o halde ne diye bekliyorsunuz ve Saadet&#8217;in oylar\u0131na s\u0131\u011f\u0131n\u0131yorsunuz?!.<\/p>\n<p>Kafan\u0131za g\u00f6re yeni bir parti kurun.. Yeni ve yeterli projeler ortaya koyun.. Ve \u015fu Erbakan&#8217;\u0131n minnetinden de kurtulun.. Haydi sizi g\u00f6relim, buyurun..<\/p>\n<p>Ama buna yana\u015famazs\u0131n\u0131z. \u00c7\u00fcnk\u00fc boyunuzun \u00f6l\u00e7\u00fcs\u00fcn\u00fc al\u0131p rezil olmaktan kurtulamayacaks\u0131n\u0131z..<\/p>\n<p>Bu nedenle Erbakan Hoca&#8217;n\u0131n sayg\u0131nl\u0131\u011f\u0131n\u0131 ve sahip olduklar\u0131n\u0131 istismar etmek, yani hem ekme\u011fini yemek, hem de h\u0131yanet edip ayr\u0131ca r\u00fc\u015fvet dev\u015firmek sevdas\u0131ndas\u0131n\u0131z..<\/p>\n<hr \/>\n<p><a name=\"_ftn1\" href=\"#_ftnref1\" title=\"_ftn1\">[1]<\/a> Ra&#8217;d: 7<\/p>\n<p><a name=\"_ftn2\" href=\"#_ftnref2\" title=\"_ftn2\">[2]<\/a> 09.01.2008 \/ Ba\u015fyaz\u0131 \/ Elaziz<\/p>\n","protected":false},"excerpt":{"rendered":"<p><strong><a href=\"http:\/\/www.haber5.com\/\">http:\/\/www.haber5.com\/<\/a> Edit\u00f6r\u00fc &#8220;Prof. Dr. Necmettin Erbakan&#8217;\u0131n en b\u00fcy\u00fck talihsizli\u011fi&#8221; ba\u015fl\u0131kl\u0131 bir yaz\u0131 yazm\u0131\u015ft\u0131:<\/strong><\/p>\n<p>&#8220;Erbakan&#8230;<\/p>\n<p>Milli G\u00f6r\u00fc\u015f Lideri&#8230;<\/p>\n<p>Profes\u00f6r doktor&#8230;<\/p>\n<p>Kulaklar\u0131 istedi\u011fi zaman duyan, istemedi\u011fi zaman duymayan &#8220;Sa\u011f\u0131r&#8221; \u0130smet \u0130n\u00f6n\u00fc&#8217;n\u00fcn bile hakk\u0131nda, &#8221;Bu memleket bir tane adam yeti\u015ftirdi. O da dinci \u00e7\u0131kt\u0131.&#8221; (ANKARA,1973) dedi\u011fi ki\u015fiydi&#8230;<\/p>\n","protected":false},"author":40,"featured_media":0,"comment_status":"open","ping_status":"closed","sticky":false,"template":"","format":"standard","meta":{"footnotes":""},"categories":[81],"tags":[],"class_list":["post-1250","post","type-post","status-publish","format-standard","hentry","category-nisan-2008"],"_links":{"self":[{"href":"https:\/\/www.millicozum.com\/mc\/wp-json\/wp\/v2\/posts\/1250","targetHints":{"allow":["GET"]}}],"collection":[{"href":"https:\/\/www.millicozum.com\/mc\/wp-json\/wp\/v2\/posts"}],"about":[{"href":"https:\/\/www.millicozum.com\/mc\/wp-json\/wp\/v2\/types\/post"}],"author":[{"embeddable":true,"href":"https:\/\/www.millicozum.com\/mc\/wp-json\/wp\/v2\/users\/40"}],"replies":[{"embeddable":true,"href":"https:\/\/www.millicozum.com\/mc\/wp-json\/wp\/v2\/comments?post=1250"}],"version-history":[{"count":0,"href":"https:\/\/www.millicozum.com\/mc\/wp-json\/wp\/v2\/posts\/1250\/revisions"}],"wp:attachment":[{"href":"https:\/\/www.millicozum.com\/mc\/wp-json\/wp\/v2\/media?parent=1250"}],"wp:term":[{"taxonomy":"category","embeddable":true,"href":"https:\/\/www.millicozum.com\/mc\/wp-json\/wp\/v2\/categories?post=1250"},{"taxonomy":"post_tag","embeddable":true,"href":"https:\/\/www.millicozum.com\/mc\/wp-json\/wp\/v2\/tags?post=1250"}],"curies":[{"name":"wp","href":"https:\/\/api.w.org\/{rel}","templated":true}]}}