{"id":1252,"date":"2008-04-02T06:32:21","date_gmt":"2008-04-02T06:32:21","guid":{"rendered":"https:\/\/www.millicozum.com\/mc\/2008\/04\/02\/yakin-tarihimiz-ve-yikik-talihimiz\/"},"modified":"2008-04-02T06:32:21","modified_gmt":"2008-04-02T06:32:21","slug":"yakin-tarihimiz-ve-yikik-talihimiz","status":"publish","type":"post","link":"https:\/\/www.millicozum.com\/mc\/2008\/nisan-2008\/yakin-tarihimiz-ve-yikik-talihimiz\/","title":{"rendered":"YAKIN TAR\u0130H\u0130M\u0130Z VE YIKIK TAL\u0130H\u0130M\u0130Z"},"content":{"rendered":"<p><strong>Milli Gazetedeki baz\u0131 yaz\u0131lar\u0131n\u0131 zevkle ve istifade ederek okudu\u011fumuz sevgili Suavi&#8217;nin, hepimiz gibi, daha \u00e7ok olgunla\u015f\u0131p kemale ula\u015fmas\u0131 ve zihni ba\u011f\u0131ml\u0131l\u0131k ve bulan\u0131kl\u0131ktan ve saplant\u0131lardan kurtulup h\u00fcr iradeye ve bilgi \u00fcretmeye kavu\u015fmas\u0131 beklenir. Bununla ba\u011flant\u0131l\u0131 olarak; Mustafa kemal&#8217;le, mason localar\u0131n\u0131 kapatt\u0131\u011f\u0131 ve eleba\u015flar\u0131n\u0131 (\u0130zmir suikast\u0131 nedeniyle) ast\u0131rd\u0131\u011f\u0131 sabataist \u015febekeyi ve \u0130ttihat terakki d\u00f6k\u00fcnt\u00fclerini ay\u0131rmas\u0131; Atat\u00fcrk&#8217;le, \u015faibeli \u00f6l\u00fcm\u00fcnden sonra \u0130smet Pa\u015fa ve sabataist cunta taraf\u0131ndan uydurulan ve resmi ideoloji k\u0131l\u0131f\u0131na sar\u0131lan Kemalizm&#8217;i birbirine kar\u0131\u015ft\u0131rmamas\u0131 gerekti\u011fi sal\u0131k verilir. Gazetemizden de yakinen tan\u0131d\u0131\u011f\u0131m\u0131z rahmetli Mustafa M\u00fcft\u00fco\u011flu ve Necip Faz\u0131l gibi de\u011ferli tarih\u00e7i ve m\u00fctefekkirlerin: masonik ve sabataist mahiyetlerine, hatta kas\u0131tl\u0131 h\u0131yanetlerine dikkat \u00e7ektikleri, Milli G\u00f6r\u00fc\u015f Liderimizin de \u00f6zellikle ve titizlikle s\u0131k s\u0131k dile getirdikleri ger\u00e7eklere ra\u011fmen, yeni nesil Milli Gazete yazarlar\u0131m\u0131zda rastlanan ve Atat\u00fcrk kar\u015f\u0131tl\u0131\u011f\u0131na \u015fartlanm\u0131\u015fl\u0131ktan kaynakland\u0131\u011f\u0131 san\u0131lan, Enver Pa\u015fa muhabbeti de, yeniden ve daha derinden irdelenmelidir.<\/strong><\/p>\n<p> <\/p>\n<p><strong>Ve yine &#8220;D\u0131\u015f politikam\u0131z\u0131n bir k\u0131blesi var m\u0131?&#8221; yaz\u0131s\u0131nda &#8220;1990&#8217;l\u0131 y\u0131llarda bile stat\u00fckoya sad\u0131k kal\u0131nd\u0131&#8221;\u011f\u0131 anlat\u0131lan k\u0131s\u0131mda Erbakan Hoca&#8217;n\u0131n tarihi ve talihli D-8 hareketinin hi\u00e7 hat\u0131rlanmamas\u0131, \u0130slaml\u0131k ve insanl\u0131k ad\u0131na, bir parantez a\u00e7\u0131larak sayg\u0131yla ve \u015f\u00fckranla an\u0131lmamas\u0131 da; \u015fayet \u00e7ok erken ba\u015flayan bir zihni unutkanl\u0131k ve kay\u0131p de\u011filse, ger\u00e7ekten utan\u0131lacak bir ay\u0131p kabul edilmelidir.<\/strong><\/p>\n<p><strong>Ger\u00e7i uzun y\u0131llar h\u00fcrmet ve ra\u011fbet g\u00f6rd\u00fc\u011f\u00fc Milli G\u00f6r\u00fc\u015f&#8217;e, Milli G\u00f6r\u00fc\u015f\u00e7\u00fclere ve Milli Gazeteye; \u015fuurlu ve sorumlu bir dava ve d\u00fc\u015f\u00fcnce ehlinin de\u011fil, ancak kaypak bir \u015fairin yapabilece\u011fi hakaretleri reva g\u00f6ren \u0130smet \u00d6zel gibilerini rehber edinen ve kaynak g\u00f6steren kimselerin, bu vartalardan kurtulmas\u0131 biraz zor g\u00f6r\u00fcnmektedir. Ama umuyoruz ki, samimiyet her \u015feyin \u00fcstesinden gelmeye yeterlidir.<\/strong><\/p>\n<p><strong>D\u0131\u015f politikam\u0131z\u0131n bir k\u0131blesi var m\u0131? Ba\u015fl\u0131kl\u0131 yaz\u0131s\u0131nda \u015funlar\u0131 s\u00f6yl\u00fcyor:<\/strong><\/p>\n<p>&#8220;Gazi Mustafa Kemal Pa\u015fa da d\u0131\u015f politikam\u0131z\u0131 iki kelimeyle \u00f6zetlemeyi tercih etmi\u015fti: &#8220;Haddimizi bilelim!&#8221;<\/p>\n<p>Pa\u015fa, Cumhuriyetin ilan\u0131ndan iki sene \u00f6nce yapt\u0131\u011f\u0131 konu\u015fmada milletvekillerine hitaben &#8220;b\u00fct\u00fcn davay\u0131&#8221; \u015f\u00f6yle \u00f6zetlemi\u015fti: &#8220;T\u00fcrkiye B\u00fcy\u00fck Millet Meclisi H\u00fck\u00fcmeti&#8217;nin sabit, m\u00fcsbet, maddi bir siyaseti vard\u0131r: O da efendiler&#8230; Muayyen hududu mill\u00eesi dahilinde hayat\u0131n\u0131 ve istikl\u00e2lini temin etmeye matuftur. TBMM ve h\u00fck\u00fcmet temsil etti\u011fi millet nam\u0131na \u00e7ok m\u00fctevaz\u0131d\u0131r. Biz Panisl\u00e2mizm yapmad\u0131k. Belki &#8220;yap\u0131yoruz, yapaca\u011f\u0131z&#8221; dedik. D\u00fc\u015fmanlar da &#8220;yapt\u0131rmamak i\u00e7in bir an evvel \u00f6ld\u00fcrelim!&#8221; dediler! Panturanizm yapmad\u0131k! &#8220;Yap\u0131yoruz, yapaca\u011f\u0131z&#8221; dedik. Yine &#8220;\u00f6ld\u00fcrelim&#8221; dediler. B\u00fct\u00fcn dava bundan ibarettir&#8230; Biz b\u00f6yle yapmad\u0131\u011f\u0131m\u0131z ve yapamad\u0131\u011f\u0131m\u0131z mefhumlar \u00fczerinde ko\u015farak d\u00fc\u015fmanlar\u0131m\u0131z\u0131n adedini ve \u00fczerimizde olan tazyikat\u0131 tezyidetmekten ise hadd\u00ee tabi\u00eeye, haddi me\u015frua r\u00fbcu edelim. Haddimizi bilelim.&#8221;<\/p>\n<p><strong>Oysa Atat\u00fcrk bu s\u00f6zleriyle <\/strong><\/p>\n<p><strong>1- Hem &#8220;Panislamizm&#8221; ve &#8220;Pant\u00fcrkizm&#8221; iddialar\u0131yla, kas\u0131tl\u0131 olarak Bat\u0131y\u0131 Osmanl\u0131 \u00fczerine k\u0131\u015fk\u0131rtan Enver, Cemal ve Talat masonlar\u0131n\u0131n ve \u0130ttihat Terakki kafal\u0131lar\u0131n h\u0131yanetine dikkat \u00e7ekmi\u015f.<\/strong><\/p>\n<p><strong>2- Hem de korunabilir s\u0131n\u0131rlar i\u00e7inde kurulan T\u00fcrkiye cumhuriyetinin sebavet d\u00f6nemi (bebeklik s\u00fcrecini) d\u0131\u015f tazyik ve tecav\u00fczlerden korumay\u0131 hedeflemi\u015ftir.<\/strong><\/p>\n<p><strong>Ayn\u0131 Mustafa Kemal, ayaklar\u0131 yere basmaya ba\u015flad\u0131\u011f\u0131 ilk f\u0131rsatta; Musul ve kerk\u00fck&#8217;e asker sokularak fiili bir durum olu\u015fturulmas\u0131 i\u00e7in Kaz\u0131m Karabekir&#8217;e talimat vermi\u015f, ama maalesef O zat sizin iddian\u0131z\u0131n tam aksine Mustafa Kemal&#8217;i &#8220;maceraperestlikle ve g\u00fc\u00e7l\u00fc devletlere diklenmekle&#8221; su\u00e7lay\u0131p bu giri\u015fimi sonu\u00e7suz b\u0131rakmak \u00fczere ordu komutanl\u0131\u011f\u0131ndan istifa edip, muhalefet partisi kurarak Atat\u00fcrk aleyhine faaliyetlere ba\u015flam\u0131\u015f&#8230; Yine Mustafa Kemal emperyalist Bat\u0131n\u0131n Filistin topraklar\u0131ndan bir Siyonist \u0130srail kurma heves ve hesaplar\u0131na \u015fiddetle ve cesaretle kar\u015f\u0131 \u00e7\u0131km\u0131\u015f ve gerekirse Hz. Peygamber Efendimizin kutsal hat\u0131ras\u0131 u\u011fruna T\u00fcrk askerinin kan ak\u0131tmaktan \u00e7ekinmeyece\u011fini d\u00fcnyaya hayk\u0131rm\u0131\u015f.. Ve yine 1935 y\u0131l\u0131nda \u00c7in i\u015fgali alt\u0131ndaki Do\u011fu T\u00fcrkistan&#8217;da ilan edilen ilk \u0130slam Cumhuriyeti Uygur Devleti&#8217;nin ba\u011f\u0131ms\u0131zl\u0131\u011f\u0131n\u0131 ilk tan\u0131yan \u00fclke olmaktan sak\u0131nmam\u0131\u015ft\u0131r.<\/strong><\/p>\n<p><strong>Yaz\u0131 \u015f\u00f6yle devam ediyor:<\/strong><\/p>\n<p>&#8220;T\u00fcrk D\u0131\u015f Politik tarihi uluslararas\u0131 dengelerin ve g\u00fc\u00e7l\u00fc m\u00fcttefiklerimizin bizim i\u00e7in uygun g\u00f6rd\u00fc\u011f\u00fc rotada ve hadler i\u00e7inde [bu haddin \u00e7ok dar olmas\u0131na ra\u011fmen hariciyemiz taraf\u0131ndan hemen hemen asla a\u015f\u0131lmad\u0131\u011f\u0131n\u0131 s\u00f6ylemeye zannediyorum ki gerek yok] ger\u00e7ekle\u015fti. T\u0131pk\u0131 Osmanl\u0131 Devleti&#8217;nin D\u00fcvel-i muazzama kar\u015f\u0131s\u0131nda kimi dengeleri g\u00f6zeterek ve onlardan medet umarak ayakta kalmaya devam etmeye \u00e7al\u0131\u015f\u0131rken bize l\u00fctfedilen \u2018hadd&#8217;ler i\u00e7inde hayatiyetini s\u00fcrd\u00fcrmeye \u00e7al\u0131\u015fmas\u0131 gibi.<\/p>\n<p>\u0130\u015fte Pa\u015fa&#8217;n\u0131n i\u015faret etti\u011fi bu had, seksen y\u0131l boyunca de\u011fi\u015fmeyen iki temel d\u00fcsturu stat\u00fckoculuk ve bat\u0131c\u0131l\u0131k olan d\u0131\u015f politikam\u0131z\u0131n belirleyicisi oldu. Bu haddi seksen y\u0131ld\u0131r a\u015fmayarak d\u0131\u015f politikada daima varolan stat\u00fckonun devam etmesini savunman\u0131n bir ad\u0131m d\u0131\u015f\u0131na bile \u00e7\u0131k\u0131lmad\u0131 ve hariciyecilerimiz daima bat\u0131y\u0131 kendilerine k\u0131ble olarak bellemeyi tercih ettiler. D\u0131\u015f politikada stat\u00fckoculu\u011fa o denli ba\u011fl\u0131 kal\u0131nd\u0131 ki d\u00fcnya sisteminin alt \u00fcst oldu\u011fu 1990&#8217;l\u0131 y\u0131llarda bile stat\u00fckoya sad\u0131k kal\u0131nd\u0131. Zaten hariciyecilerimiz i\u00e7in stat\u00fckoya ba\u011fl\u0131l\u0131k, d\u00fcnya d\u00fczeninin ba\u015fat \u00f6\u011fesini bat\u0131 oldu\u011funu kabul etmekten ge\u00e7er. Dolay\u0131s\u0131yla \u2018bat\u0131c\u0131l\u0131k&#8217; d\u0131\u015f politikam\u0131z\u0131n belirlenmesinde alternatifi olmayan bir unsurdur. (Bu noktada her ne kadar Cumhuriyet&#8217;in kurulu\u015f itibariyle Osmanl\u0131&#8217;y\u0131 reddetti\u011fi teziyle \u00e7eli\u015fse de bu topraklara bat\u0131c\u0131l\u0131\u011f\u0131n \u2018hariciye&#8217; kanal\u0131yla ithal edildi\u011fini hat\u0131rlamakta fayda var. Bat\u0131c\u0131l\u0131k bu anlamda \u2018hariciyenin&#8217; reddetti\u011fimiz Osmanl\u0131 Devleti&#8217;nin kadrolar\u0131ndan miras ald\u0131\u011f\u0131 bir istikamettir.)<\/p>\n<p>\u0130\u015f d\u0131\u015f politikan\u0131n tarihini incelemeye gelince inisiyatif alma \u00f6z\u00fcrl\u00fc oldu\u011fumuz bu sahada ger\u00e7ekten bize ait bir d\u0131\u015f politikan\u0131n bulunup bulunmad\u0131\u011f\u0131 da tart\u0131\u015f\u0131las\u0131 bir durum olarak kar\u015f\u0131m\u0131za \u00e7\u0131k\u0131yor.<\/p>\n<p>Nitekim D\u0131\u015f Politika tarihimiz bu acziyetin d\u0131\u015favurumunun ve T\u00fcrkiye menfaatine bir y\u00f6n \u00e7izemeyen teslimiyet\u00e7ili\u011fin tarihi olarak tezah\u00fcr edegeliyor ve bundan sonra da uzun s\u00fcre ayn\u0131 \u00e7izgide \/ \u00e7izgisizlikte devam edecekmi\u015f gibi duruyor. Bir milli politik \u00e7izginin yoklu\u011funu yaz\u0131lar\u0131nda en \u00e7ok ifade \u0130smet \u00d6zel de zaten Bilin\u00e7 Bile \u0130lgin\u00e7 kitab\u0131nda yer alan &#8220;Tedbir ve \u00c7are&#8221; ba\u015fl\u0131kl\u0131 yaz\u0131da hem d\u0131\u015f politikam\u0131z\u0131n k\u0131blesizli\u011fini hem de teslimiyet\u00e7ili\u011fini \u015f\u00f6yle ifade ediyor:<\/p>\n<p>&#8220;1925 y\u0131l\u0131nda, yani cumhuriyetin il\u00e2n\u0131ndan hemen iki y\u0131l sonra Sovyetler Birli\u011fi ile bir sald\u0131rmazl\u0131k pakt\u0131 imzaland\u0131. Bu sald\u0131rgan ve emperyalist bat\u0131&#8217;ya kar\u015f\u0131 ak\u0131lc\u0131 bir tav\u0131rd\u0131 ve diplomatik bir manevrayd\u0131.\u00a0 Anla\u015fma her on y\u0131lda bir yenilenecekti. Ruslar anla\u015fmay\u0131 yenilemezse ne yap\u0131lacakt\u0131? T\u00fcrkiye Cumhuriyeti bu hususta hi\u00e7bir tedbir almad\u0131. Nitekim Ruslar 1945 y\u0131l\u0131nda mezkur anla\u015fmay\u0131 yenilemedi. T\u00fcrkler de \u00e7aresizlik i\u00e7inde kendilerini NATO&#8217;nun kollar\u0131na att\u0131lar. NATO&#8217;ya girerken T\u00fcrkiye NATO&#8217;suz ne yapar sorusunu sormad\u0131lar ve bu konuda hi\u00e7bir tedbir almad\u0131lar. S\u00f6z konusu te\u015fkilat\u0131n (ABD ve Britanya d\u0131\u015f\u0131nda) b\u00fct\u00fcn \u00fcyeleri mill\u00ee \u00e7\u0131karlar\u0131 gere\u011fi s\u00fcrt\u00fc\u015fmeleri g\u00f6ze ald\u0131klar\u0131 halde T\u00fcrkiye hep \u00e7aresizli\u011fin ac\u0131s\u0131n\u0131 \u00e7ekti. Bug\u00fcn T\u00fcrkiye Avrupa Birli\u011fi&#8217;nden tamamen d\u0131\u015flansa ne yapaca\u011f\u0131n\u0131 bilmiyor, Avrupa Birli\u011fi&#8217;ne tam \u00fcyelik stat\u00fcs\u00fcyle dahil edilse de ne yapaca\u011f\u0131n\u0131 bilmiyor. Her iki halde de tedbirsiz yakalanm\u0131\u015f olacak. Her iki halde de ba\u015fkalar\u0131n\u0131n kendine tahsis etti\u011fi yere r\u0131za g\u00f6sterecek. Sonra d\u00f6n\u00fcp ba\u015fka \u00e7arem yoktu diyecek.&#8221;<a name=\"_ftnref1\" href=\"#_ftn1\" title=\"_ftnref1\">[1]<\/a><\/p>\n<p><strong>Kaderin cilvesine bak\u0131n ki, Enver, Talat ve Cemal Pa\u015falar gibi d\u00f6nmeleri kullanarak Osmanl\u0131&#8217;y\u0131 y\u0131kan Siyonist merkezler, \u015fimdi can \u00e7eki\u015fmektedir. ABD&#8217;nin \u00e7\u00f6k\u00fc\u015f\u00fc, tart\u0131\u015fmalar\u0131n g\u00f6be\u011findedir.<\/strong><\/p>\n<p><strong>Financial Times: ABD, &#8216;Hasta Osmanl\u0131&#8217; gibi de\u011ferlendirmesini yap\u0131yor<\/strong><\/p>\n<p><strong>1873&#8217;te Avrupa ve Amerikan borsalar\u0131nda ya\u015fanan mali krizle sars\u0131lan Osmanl\u0131 \u0130mparatorlu\u011fu 1875&#8217;te iflas\u0131n\u0131 ilan etmi\u015fti. Yabanc\u0131lar, alacaklar\u0131 kar\u015f\u0131l\u0131\u011f\u0131nda vergi ve gelirlere el koymu\u015f, D\u00fcyun-u Umumiye y\u00f6netimi kurmu\u015flard\u0131. \u00dclke kaynaklar\u0131 Avrupal\u0131lar\u0131n eline ge\u00e7mi\u015fti.<\/strong><\/p>\n<p><strong>Prof. Niall Ferguson yukar\u0131da \u00f6zetledi\u011fimiz Osmanl\u0131 hat\u0131rlatmas\u0131n\u0131n ard\u0131ndan, Financial Times&#8217;taki yaz\u0131s\u0131nda \u015fu sat\u0131rlara yer veriyor:<\/strong><\/p>\n<p><strong>&#8220;1870&#8217;lerde Osmanl\u0131 \u00fclkenin varl\u0131klar\u0131m yabanc\u0131 finans\u00f6rlere satarken, ABD&#8217;de yabanc\u0131 finans\u00f6rler banka hisseleri sat\u0131n al\u0131yor ve bu kez g\u00fc\u00e7 dengesi Bat\u0131&#8217;dan Do\u011fu&#8217;ya kay\u0131yor.<\/strong><\/p>\n<p><strong>&#8220;Eyl\u00fcl&#8217;den beri Ortado\u011fulu ve Do\u011fu Asyal\u0131 fonlar, d\u00f6rt Amerikan bankas\u0131, Bear Stearns, Citigroup, Morgan Stanley ve Merrill Lynch&#8217;teki yat\u0131r\u0131mlar\u0131yla dikkat \u00e7ekiyor. Bu sermaye giri\u015fleri Amerikan finansal hizmetler end\u00fcstrisinin elindeki de\u011ferlerin yabanc\u0131 h\u00fck\u00fcmetlerin eline ge\u00e7i\u015fini temsil ediyor. Bir ba\u015fka deyi\u015fle, 1870&#8217;lerde oldu\u011fu gibi, mali g\u00fc\u00e7 dengesi de\u011fi\u015fiyor ve o d\u00f6nemde Osmanl\u0131, Pers ve \u00c7in gibi eski Do\u011fu imparatorluklar\u0131n\u0131n zenginli\u011fi Bat\u0131 Avrupa&#8217;ya akarken, bu kez g\u00fc\u00e7 oda\u011f\u0131 ABD ve di\u011fer bat\u0131l\u0131 merkezlerden, Ortado\u011fu ve Do\u011fu Asya otokrasilerine kay\u0131yor.&#8221;<\/strong><\/p>\n<p><strong>Hemen ge\u00e7en say\u0131m\u0131zda yer verdi\u011fimiz The Economist&#8217;in kapa\u011f\u0131n\u0131 hat\u0131rlatal\u0131m. Dergi 2008&#8217;in ilk say\u0131s\u0131nda &#8220;Mao&#8217;nun y\u00f6netme sanat\u0131&#8221;n\u0131 kapak yapm\u0131\u015ft\u0131. The Economist, Bat\u0131 kapitalizminin en \u00f6nemli yay\u0131n organlar\u0131ndan.<\/strong><\/p>\n<p><strong>&#8220;K\u00fcresel g\u00fc\u00e7 dengeleri&#8217; de\u011fi\u015fiyor&#8221;<\/strong><\/p>\n<p>FT&#8217;deki yaz\u0131, &#8220;d\u00f6n\u00fcm noktas\u0131&#8221; olarak niteledi\u011fi ABD&#8217;nin krizini, 1970&#8217;lerin kriziyle kar\u0131\u015ft\u0131rmamak gerekti\u011fini \u00f6nemle vurguluyor. \u00dcnl\u00fc Harvard \u00dcniversitesi profes\u00f6r\u00fcn\u00fcn kastetti\u011fi, &#8220;k\u00fcresel d\u00fczeyde g\u00fc\u00e7 dengelerinin de\u011fi\u015fti\u011fi&#8221; 1870&#8217;ler. Kriz o kadar derin!<\/p>\n<p>B\u00f6ylesi bir de\u011fi\u015fimin siyasi sonu\u00e7lar\u0131 m\u0131? Prof. Ferguson bir ad\u0131m daha at\u0131yor ve yaz\u0131s\u0131n\u0131 \u015fu sat\u0131rlarla tamaml\u0131yor:<\/p>\n<p>&#8220;G\u00fcn\u00fcm\u00fczdeki finansal kay\u0131\u015f\u0131n, ne kadar h\u0131zla do\u011fudaki yeni ihracat ve enerji imparatorluklar\u0131 lehine benzeri bir jeopolitik kay\u0131\u015fa d\u00f6n\u00fc\u015fece\u011fi ger\u00e7e\u011fi hen\u00fcz kavranm\u0131\u015f de\u011fil. Buradaki tarihi analojinin, Amerika&#8217;n\u0131n Ortado\u011fu ve Asya&#8217;daki askeri \u00fcsler ve ittifaklardan olu\u015fan s\u00f6zde imparatorluk a\u011f\u0131 ol-, madi\u011fim s\u00f6ylemek yeterli. Bor\u00e7lu imparatorluklar \u00f6yle ya da b\u00f6yle bir zaman sonra alacakl\u0131lar\u0131m tatmin etmek i\u00e7in hisse senedi satmaktan daha fazla \u015fey yapmak zorunda kal\u0131r.&#8221;<\/p>\n<p><strong>Umut, &#8220;y\u00fckselen ekonomiler&#8221;de g\u00f6r\u00fcn\u00fcyor<\/strong><\/p>\n<p>2008 y\u0131lma girerken ekonomiye ili\u015fkin yap\u0131lan b\u00fct\u00fcn yorumlarda ABD&#8217;nin \u00e7\u00f6k\u00fc\u015f\u00fc g\u00fcndeme getirildi. Osman Ulagay&#8217;\u0131n 1 Ocak g\u00fcnk\u00fc Milliyet&#8217;te yer alan yaz\u0131s\u0131 da bunlardan biriydi. ABD i\u00e7in resesyon ka\u00e7\u0131n\u0131lmaz. Ulagay, iyimser yorumlar\u0131n \u00fczerinde pek durmuyor. &#8220;ABD&#8217;de i\u015fi bilenler karamsar&#8221; ba\u015fl\u0131kl\u0131 b\u00f6l\u00fcmde Alan Greenspan, Lawrence Summers gibi isimlerin yorumlar\u0131na yer vermi\u015f.<\/p>\n<p>Osman Ulagay da, ba\u015fta &#8220;d\u00fcnyan\u0131n y\u00fckselen y\u0131ld\u0131zlar\u0131&#8221; \u00c7in ve Hindistan olmak \u00fczere, &#8220;y\u00fckselen pazarlardaki&#8221; geli\u015fmeye dikkat \u00e7ekiyor. Ulagay, ABD&#8217;nin krizinin d\u00fcnyay\u0131 nas\u0131l etkileyece\u011fini tart\u0131\u015ft\u0131\u011f\u0131 yaz\u0131s\u0131nda, &#8220;y\u00fckselen&#8221; (Pasifik) ekonomilerin &#8220;etkiyi \u00f6nemsiz hale getirebilece\u011fi&#8221; \u00fczerinde duruyor.<\/p>\n<p><strong>2008, ABD ve Avrupa&#8217;da &#8220;kelepir \u015firketler alma y\u0131l\u0131&#8221; oluyor<\/strong><\/p>\n<p>Sabah gazetesi de y\u0131l\u0131n ilk g\u00fcn\u00fcnde &#8220;ABD&#8217;de iflas dalgas\u0131 ya\u015fanacak&#8221; ba\u015fl\u0131kl\u0131 bir yaz\u0131 yay\u0131mlad\u0131. Global \u0130nside ara\u015ft\u0131rma \u015firketinin rakamlar\u0131na g\u00f6re 2007&#8217;de Amerikan \u015firketlerinin y\u00fczde 40&#8217;\u0131 \u00e7\u00f6kt\u00fc. 2008&#8217;de ise &#8220;iflaslar patlayacak&#8221;! Global \u0130nside&#8217;a g\u00f6re topun a\u011fz\u0131ndaki sekt\u00f6rler, maden, elektronik, tar\u0131m, dayan\u0131kl\u0131 e\u015fya.<\/p>\n<p>Yaln\u0131zca ABD i\u00e7in de\u011fil, Avrupa \u00fclkeleri i\u00e7in de 2008&#8217;in &#8220;kelepir \u015firketler alma y\u0131l\u0131&#8221; olaca\u011f\u0131 konu\u015fuluyor.<\/p>\n<p>Yine Financial Times&#8217;\u0131n 55 uzman\u0131n g\u00f6r\u00fc\u015flerini yans\u0131tan ara\u015ft\u0131rmas\u0131na g\u00f6re &#8220;\u0130ngilizler iflas\u0131n e\u015fi\u011finde, doctom krizinden daha b\u00fcy\u00fc\u011f\u00fc kap\u0131da&#8221;. Doctom krizinde y\u00fczlerce teknoloji \u015firketi kapanm\u0131\u015f, Nasdaq&#8217;ta 3 trilyon dolar batm\u0131\u015ft\u0131. 2 Ocak g\u00fcnk\u00fc The Independent, \u00fclkesini &#8220;m\u00fcflis&#8221; diye tan\u0131mlarken, 120 bin ki\u015finin bor\u00e7lar\u0131n\u0131 \u00f6deyemedi\u011fini, n\u00fcfusun y\u00fczde 23&#8217;\u00fcn\u00fc olu\u015fturan 9,5 milyon ki\u015finin de \u00f6deme g\u00fc\u00e7l\u00fc\u011f\u00fc \u00e7ekti\u011fini, yazd\u0131.<\/p>\n<p><strong>B\u00fclent Esino\u011flu&#8217;nun dedi\u011fi gibi: &#8220;D\u00fcnya ABD&#8217;nin \u00fczerine \u00e7\u00f6kecek&#8221;e benziyor!<\/strong><\/p>\n<p>Bu bir spek\u00fclasyon de\u011fildir. Hani bizde &#8220;\u015f\u00fcyuu vukuundan beterdir&#8221; derler ya Amerika&#8217;n\u0131n durumu odur. Yani \u015fayia \u00e7\u0131kt\u0131 m\u0131 gerisi gelir!!!<\/p>\n<p>Ben ve benim gibi d\u00fc\u015f\u00fcnen bir\u00e7ok kimse son iki y\u0131ld\u0131r Amerika&#8217;n\u0131n durumunun iyiye gitmedi\u011fini g\u00f6r\u00fcyordu. Amerikan propaganda makinesi bunu ne kadar \u00d6rtmeye \u00e7al\u0131\u015f\u0131rsa \u00e7al\u0131\u015fs\u0131n ger\u00e7ekler ortaya \u00e7\u0131kmaya ba\u015flad\u0131.<\/p>\n<p>Amerika&#8217;y\u0131 Allah ile e\u015fde\u011fer g\u00f6ren baz\u0131 akl\u0131evveller \u00f6teden beri bizim gibi d\u00fc\u015f\u00fcnenlere &#8220;paranoyak&#8221; derler. \u015eimdi paranoyaklar aras\u0131na Harvard \u00dcniversitesi ve Financial Times Gazetesi de girdi. \u00c7\u00fcnk\u00fc onlar\u0131n tespitleri bizim tespitlerimize \u00e7ok benziyor.<\/p>\n<p>\u015eimdiden b\u00fcy\u00fck bir g\u00fcc\u00fcn do\u011fum tarihini konu\u015fmam\u0131z gerekiyor.<\/p>\n<p>A\u011fustos 2008, en uygun tarihtir diye d\u00fc\u015f\u00fcn\u00fcyorum. Tabii b\u00fcy\u00fck g\u00fc\u00e7ler bir g\u00fcnde do\u011fup bir g\u00fcnde de \u00f6lm\u00fcyor. Uzun zaman can \u00e7eki\u015fiyor.<\/p>\n<p>Neden A\u011fustos 2008 derseniz&#8230; A\u011fustos ay\u0131nda Olimpiyatlar Pekin&#8217;de ba\u015flayacak. Bu olimpiyatlar \u00c7in&#8217;in prestij, kazanaca\u011f\u0131 g\u00f6rkemde ge\u00e7ece\u011fe benziyor. (\u00c7in Do\u011fu Medeniyetinin, \u0131rk\u00e7\u0131 emperyalizme kar\u015f\u0131 dirili\u015f ve direni\u015fin bir sembol\u00fc olarak \u00f6rnek veriliyor. M.\u00c7)<\/p>\n<p>\u00c7in bu y\u0131ldan sonra, oyunun kurallar\u0131na uyan bir \u00fclke olmaktan \u00e7\u0131kacak kurallar\u0131 koyan \u00fclke olacakt\u0131r.<\/p>\n<p>D\u00fcnyada \u00fcretilen y\u00fcz \u00fcr\u00fcnden 71 \u00fcr\u00fcnde birinci olan \u00c7in neredeyse d\u00fcnyada \u00fcretilen \u00e7elik \u00fcr\u00fcn\u00fc kadar \u00e7elik \u00fcretiyor (360 milyon ton). B\u00f6yle bir \u00fclkenin teknoloji s\u0131k\u0131nt\u0131s\u0131 olmaz.<\/p>\n<p>\u00c7in Halk Bankas\u0131&#8217;n\u0131n kasas\u0131nda 1.33 trilyon dolar var.<\/p>\n<p>Amerikan bankalar\u0131n\u0131n i\u00e7i bo\u015falm\u0131\u015f.<\/p>\n<p>D\u00fcnyan\u0131n en bor\u00e7lu \u00fclkesi Amerika, d\u00fcnyan\u0131n en alacakl\u0131 \u00fclkesi \u00c7in.<\/p>\n<p>20. y\u00fczy\u0131la a\u00e7 ve sefil giren \u00c7in 50 y\u0131lda d\u00fcnyan\u0131n en zengin \u00fclkesi oldu. E\u011fer Amerika&#8217;ya teslim olmay\u0131p da Mustafa Kemal&#8217;in yolundan gitseydik biz de \u00c7in gibi s\u00fcper devlet olacakt\u0131k. \u015eimdi Amerika&#8217;n\u0131n siyasi ve askeri bozgununu payla\u015fmaya aday\u0131z. Bizimkilerin e\u015fba\u015fkanl\u0131\u011f\u0131n\u0131 yapt\u0131\u011f\u0131 BOP asl\u0131nda bir enerji temin projesi idi. Bunu hayata getirmek i\u00e7in sava\u015flar\u0131 g\u00f6ze ald\u0131. Ama Afganistan ve Irak&#8217;ta bo\u011fuldu. Bu projeden vazge\u00e7mek, enerjiden vazge\u00e7mek demektir. Bunun i\u00e7in sava\u015flara devam ederse b\u00fct\u00fcn d\u00fcnya Amerika&#8217;n\u0131n \u00fczerine \u00e7\u00f6kecek. \u00c7in, Hindistan, Rusya, \u0130ran Amerika&#8217;ya kar\u015f\u0131 tek v\u00fccut haline gelmi\u015f.<\/p>\n<p>Amerika&#8217;n\u0131n bu g\u00fc\u00e7lerle ba\u015f etmesi olanaks\u0131z g\u00f6r\u00fcn\u00fcyor.<\/p>\n<p>2008 ve daha sonraki y\u0131llar mazlum \u00fclkelerin daha derin nefes ald\u0131\u011f\u0131 y\u0131llar olacak.&#8221;<a name=\"_ftnref2\" href=\"#_ftn2\" title=\"_ftnref2\">[2]<\/a><\/p>\n<p><strong>Osmanl\u0131&#8217;n\u0131n Gizli Tarihi&#8217;nin yazar\u0131 \u0130smail \u00c7olak; Milli Gazete&#8217;den K\u00fcr\u015fat Ye\u015fildere&#8217;yle yapt\u0131\u011f\u0131 r\u00f6portajla \u015funlar\u0131 anlat\u0131yor:<\/strong><\/p>\n<p><strong>Osmanl\u0131&#8217;y\u0131 yeterince tan\u0131yamad\u0131k! <\/strong><\/p>\n<p>Osmanl\u0131 tarihi h\u00e2l\u00e2 b\u00fcy\u00fck \u00f6l\u00e7\u00fcde esrar\u0131n\u0131 muhafaza ediyor. Ke\u015ffedilmemi\u015f kay\u0131p bir medeniyet ya da k\u0131ta olarak Osmanl\u0131, tarih\u00e7ilerin ve tarih okurlar\u0131n\u0131n merak ve ilgisini cezbetmeye devam ediyor. Biz de eserimizde, Osmanl\u0131&#8217;daki kimi \u00e7etrefilli, tart\u0131\u015fmal\u0131 h\u00e2disenin ve muammal\u0131 \u015fahsiyetin s\u0131rlarla dolu sakl\u0131 \u00e7ehresini; yak\u0131n tarihimizin bilinmeyen, unutulmaya y\u00fcz tutmu\u015f ve m\u00fcnaka\u015falar\u0131n bir t\u00fcrl\u00fc durulmad\u0131\u011f\u0131 m\u00fchim baz\u0131 kesitlerinin esrarl\u0131 i\u00e7y\u00fcz\u00fcn\u00fc ayd\u0131nl\u0131\u011fa kavu\u015fturmaya \u00e7al\u0131\u015f\u0131yoruz. Bu anlamda kitab\u0131m\u0131z\u0131n, Osmanl\u0131 ve yak\u0131n tarihimizin tozlu sayfalar\u0131 \u00fczerindeki kal\u0131n tabakay\u0131 kald\u0131rma, hadiselerin \u00fczerindeki esrar perdesini aralama ad\u0131na \u00f6nemli bir ipucu ve anahtar vazifesi g\u00f6rece\u011fini \u00fcmit ediyorum. Eser, genel okuyucu kitlesine hitap eden, onlar\u0131n Osmanl\u0131&#8217;ya olan ilgi ve merak\u0131n\u0131 m\u00fcspet manada kam\u00e7\u0131lay\u0131c\u0131 bir niteli\u011fe sahip.<\/p>\n<p><strong>Avrupa Osmanl\u0131&#8217;y\u0131 taklit ediyor!<\/strong><\/p>\n<p>Mesela Avrupal\u0131lar taraf\u0131ndan T\u00fcrk Asr\u0131 olarak an\u0131lan 15. ve 16. y\u00fczy\u0131llarda Bat\u0131&#8217;da, Osmanl\u0131la\u015fma ak\u0131m\u0131n\u0131n ve modas\u0131n\u0131n \u00e7ok enteresan bir bi\u00e7imde yayg\u0131nla\u015f\u0131p k\u00f6k sald\u0131\u011f\u0131n\u0131 ve Avrupal\u0131 milletlerin Osmanl\u0131&#8217;y\u0131 taklit ettiklerini, tarih ke\u015ffedilmeyi bekleyen bir s\u0131r olarak koynunda sakl\u0131yor. O kadar ki, bu durum Avrupa&#8217;da sanattan mimariye, m\u00fczikten edebiyata, giyimden yeme\u011fe kadar olduk\u00e7a geni\u015f bir yelpazede varl\u0131\u011f\u0131n\u0131 hissettirmi\u015f ve b\u00fcy\u00fck halk kitleleri, sanat ve sosyete \u00e7evreleri, ayd\u0131n ve devlet kesiminde hat\u0131r\u0131 say\u0131l\u0131r \u00f6l\u00e7\u00fcde taraftar ve sempatizan toplam\u0131\u015f. Hatta evlerinde &#8220;Osmanl\u0131 K\u00f6\u015fesi&#8221; bulundurmayan sosyete mensuplar\u0131 ay\u0131plan\u0131r hale gelmi\u015f. Kitapta bu gizemli geli\u015fmeyle ilgili \u00e7ok enteresan ayr\u0131nt\u0131lar var. Kitapta yer verdi\u011fimiz s\u0131rl\u0131 geli\u015fmelerden biri de Osmanl\u0131-Amerika ili\u015fkileri ve Osmanl\u0131&#8217;n\u0131n, M\u00fcsl\u00fcmanlar\u0131n ABD tarihindeki silinemez ve yabana at\u0131lamaz b\u00fcy\u00fck izidir. ABD&#8217;nin Kristof Kolomb taraf\u0131ndan s\u00f6zde ke\u015ffinin bilinmeyen i\u00e7y\u00fcz\u00fc ve bununla Osmanl\u0131&#8217;n\u0131n ili\u015fkisine dair inan\u0131lmas\u0131 olduk\u00e7a g\u00fc\u00e7 son bilgileri ve ara\u015ft\u0131rmalar\u0131 aktard\u0131k. Bu noktada M\u00fcsl\u00fcmanlar\u0131n, daha Hz. Ali ve Hz. Osman d\u00f6neminde Amerika&#8217;ya ula\u015ft\u0131klar\u0131ndan, k\u0131tan\u0131n varl\u0131\u011f\u0131ndan 1000 y\u0131llar\u0131nda ilmen ilk defa bahsedenin M\u00fcsl\u00fcman bilgin Biruni oldu\u011fundan, M\u00fcsl\u00fcman \u00e2lim ve k\u00e2\u015fiflerce Amerika&#8217;n\u0131n Kolomb&#8217;dan daha as\u0131rlar \u00f6nce varl\u0131\u011f\u0131ndan s\u00f6z ettiklerinden ve Kolomb&#8217;un da ba\u015fta \u0130bni R\u00fc\u015fd olmak \u00fczere bir\u00e7ok M\u00fcsl\u00fcman k\u00e2\u015fif ve bilginin eserleri ve tecr\u00fcbelerinden istifade etti\u011fini ayr\u0131nt\u0131l\u0131 bir bi\u00e7imde ele ald\u0131k. Osmanl\u0131 denizcilerinin de 15. Y\u00fczy\u0131lda Amerika&#8217;n\u0131n do\u011fu k\u0131y\u0131lar\u0131na kadar gitti\u011fi, bug\u00fcnk\u00fc B\u00fcy\u00fck T\u00fcrk Tak\u0131madalar\u0131n\u0131n ilk k\u00e2\u015fifi olduklar\u0131ndan ve Piri Reis&#8217;in me\u015fhur Kit\u00e2b-\u0131 Bahriyesinde Amerika&#8217;n\u0131n Osmanl\u0131lar taraf\u0131ndan resmen ke\u015ffinin Kolomb&#8217;tan 29 y\u0131l \u00f6nce 1463&#8217;de Antilya ismiyle yap\u0131ld\u0131\u011f\u0131n\u0131 belirtti\u011finden de ayr\u0131nt\u0131l\u0131 olarak s\u00f6z ettik. Hatta Kolomb&#8217;un Sultan II. Beyaz\u0131d&#8217;dan yard\u0131m istedi\u011fi, Osmanl\u0131lar\u0131n k\u0131tay\u0131 bildikleri i\u00e7in iltifat etmedikleri ve daha da ilginci Barbaros&#8217;un Kanun\u00ee&#8217;ye buran\u0131n fethedilmesi i\u00e7in ba\u015fvurdu\u011fu, padi\u015fah\u0131n da \u00e7ok uzak oldu\u011fundan vazge\u00e7ilmesini istedi\u011fi ile ilgili a\u011fz\u0131 a\u00e7\u0131lmam\u0131\u015f bilgiler mevcut.<\/p>\n<p><strong>Bat\u0131l\u0131lar d\u0131\u015fardan J\u00f6n T\u00fcrkler i\u00e7erden h\u00fccuma ge\u00e7iyor!<\/strong><\/p>\n<p><strong>Osmanl\u0131&#8217;n\u0131n son devir D\u0131\u015fi\u015fleri Bakanlar\u0131ndan Fuad Pa\u015fa&#8217;n\u0131n da dedi\u011fi gibi, y\u00fczy\u0131llard\u0131r Bat\u0131l\u0131 devletler d\u0131\u015far\u0131dan, Tanzimat\u00e7\u0131lar, J\u00f6n T\u00fcrkler ve \u0130ttihat\u00e7\u0131lar da i\u00e7eriden, \u00e7ok defa elbirli\u011fi ve \u00e7\u0131kar birli\u011fi ederek Osmanl\u0131 Devleti&#8217;ni \u00e7\u00f6kertmeye \u00e7al\u0131\u015fm\u0131\u015flard\u0131r. Ba\u015fta \u0130ngiltere ve Rusya olmak \u00fczere t\u00fcm d\u00fcvel-i muazzama, Osmanl\u0131&#8217;y\u0131 y\u0131kmak ve terekesini payla\u015fmak i\u00e7in \u015eark Meselesi d\u00e2hilinde as\u0131rlarca plan \u00fcst\u00fcne plan yapt\u0131lar, kazmad\u0131k kuyu, \u00e7evirmedik d\u00fcmen b\u0131rakmad\u0131lar. Osmanl\u0131, Ha\u00e7l\u0131-Siyon ittifak\u0131na ve onlar\u0131n i\u00e7erdeki uzant\u0131lar\u0131n\u0131n \u00e7e\u015fitli hain komplolar\u0131na maalesef kurban gitmi\u015ftir. Kitapta Osmanl\u0131 aleyhinde kurulan bu emperyalist tezg\u00e2ha ve \u015febekeye i\u015faret etmek i\u00e7in \u00f6zellikle \u00fc\u00e7 ki\u015finin rol\u00fc \u00fczerinde durdum: Theodor Herzl, Zaharoff ve Enver Pa\u015fa.<\/strong><\/p>\n<p><strong>Sultan II. Abd\u00fclhamid, Yahudilerin Filistin&#8217;deki emellerinin \u00f6n\u00fcne \u00e2deta heykel gibi dikilince, Siyonistler, Theodor Herzl liderli\u011finde onu tahttan indirme karar\u0131na varm\u0131\u015flar ve \u0130ttihat\u00e7\u0131lar\u0131n 1908 Me\u015frutiyet Hareketi ile 31 Mart Vakas\u0131&#8217;nda aktif rol alm\u0131\u015flard\u0131r. Bu \u00e7er\u00e7evede \u0130ttihat\u00e7\u0131lar\u0131, mason \u00f6rg\u00fctleri kanal\u0131yla b\u00fct\u00fcn g\u00fc\u00e7leriyle destekleyip gizli i\u015fbirli\u011fi i\u00e7erisine girmi\u015flerdir. \u00d6yle ki Abd\u00fclhamid&#8217;in tahttan indirilmesi kar\u015f\u0131s\u0131nda Siyonistler adeta bayram etmi\u015flerdi. Abd\u00fclhamid&#8217;i devirmek hedeflerine ula\u015fmaya yetmeyince ve \u0130ttihat\u00e7\u0131lardan da arad\u0131klar\u0131n\u0131 bulamay\u0131nca, bu defa Osmanl\u0131 Devleti&#8217;ni y\u0131kma plan\u0131na devreye sokmakta herhangi bir sak\u0131nca g\u00f6rmemi\u015flerdir. Osmanl\u0131&#8217;y\u0131 y\u0131kma ve Filistin&#8217;de bir Siyon Devleti kurma amac\u0131na hizmet etmesi noktas\u0131nda I. D\u00fcnya Harbi Siyonistlerin kar\u015f\u0131s\u0131na alt\u0131n bir f\u0131rsat olarak \u00e7\u0131kacakt\u0131r. Bu maksatla, 500 asker ve 750 kat\u0131rdan m\u00fcrekkep bir &#8220;Siyon Kat\u0131r Alay\u0131&#8221; olu\u015fturarak, cephe gerisinde m\u00fcttefiklere yard\u0131m etmek d\u00fc\u015f\u00fcncesiyle \u00c7anakkale&#8217;ye gelmi\u015flerdir. Ard\u0131nda da Kud\u00fcs ve Filistin&#8217;i Osmanl\u0131&#8217;dan almak i\u00e7in bu sefer Sina-Filistin Cephesinde sava\u015fmak \u00fczere Vlademir Jabodinsky&#8217;nin organizat\u00f6rl\u00fc\u011f\u00fcnde, &#8220;Kral Askerleri&#8221; ismiyle 5000 ki\u015filik 4 alay tesis etmi\u015flerdir. Siyonistlerin I. D\u00fcnya Sava\u015f\u0131&#8217;ndaki bu g\u00f6stermelik yard\u0131mlar\u0131, harbin sonunda bu b\u00f6lgenin \u0130ngiliz mandas\u0131na girmesiyle birlikte semeresini vermi\u015f ve \u0130ngilizlerin yard\u0131m\u0131yla Yahudilerin Filistin ve \u00e7evresinde \u0130srail Devleti&#8217;ni in\u015fa etmeleri i\u00e7in gerekli zemin ve \u015fartlar olu\u015fmu\u015ftur. <\/strong><\/p>\n<p><strong>Vahdettin hain de\u011fil, talihsiz konumda bulunuyor!<\/strong><\/p>\n<p>Mill\u00ee M\u00fccadele&#8217;nin en \u00e7ok tart\u0131\u015f\u0131lan, Mustafa Kemal Pa\u015fa&#8217;n\u0131n Samsun&#8217;a \u00e7\u0131k\u0131\u015f\u0131 ve \u0130stiklal Harbi&#8217;ni kimin ba\u015flatt\u0131\u011f\u0131 h\u00e2disesinin tarih\u00ee arka plan\u0131, ilm\u00ee ve objektif bir nazarla belgeler \u0131\u015f\u0131\u011f\u0131nda netle\u015ftirilmeye ve zihinlerdeki muammal\u0131 sorulara tatmink\u00e2r cevaplar vermeye \u00e7al\u0131\u015ft\u0131m. Hain yaftas\u0131 vurulan Sultan Vahdeddin&#8217;in Mill\u00ee M\u00fccadele&#8217;yi ba\u015flatmadaki ink\u00e2r edilemez b\u00fcy\u00fck rol\u00fc ve gurbet hayat\u0131nda ba\u015f\u0131na gelen ac\u0131 olaylar\u0131, kendisine yap\u0131lan \u00e7irkin tekliflere kar\u015f\u0131 tak\u0131nd\u0131\u011f\u0131 haysiyetli tav\u0131rlar\u0131 ve tahttan hacizli tabuta uzanan bu sefil gurbet y\u0131llar\u0131nda Cumhuriyet T\u00fcrkiye&#8217;sine bak\u0131\u015f\u0131n\u0131 ortaya koyarak, hain olup olmad\u0131\u011f\u0131n\u0131 tarihi ger\u00e7ekler \u0131\u015f\u0131\u011f\u0131nda ayd\u0131nlatmaya ve netle\u015ftirmeye gayret ettim. (\u00d6yle anla\u015f\u0131l\u0131yor ki Sultan Vahdettin Mustafa Kemal&#8217;le bir dan\u0131\u015f\u0131kl\u0131 d\u00f6v\u00fc\u015f i\u00e7indedir. M.\u00c7.)<\/p>\n<hr \/>\n<p><a name=\"_ftn1\" href=\"#_ftnref1\" title=\"_ftn1\">[1]<\/a> 07.01.2008 \/ Suavi Kemal \/ Milli Gazete<\/p>\n<p><a name=\"_ftn2\" href=\"#_ftnref2\" title=\"_ftn2\">[2]<\/a> 6 Ocak 2008 \/ Ayd\u0131nl\u0131k<\/p>\n","protected":false},"excerpt":{"rendered":"<p><strong>Milli Gazetedeki baz\u0131 yaz\u0131lar\u0131n\u0131 zevkle ve istifade ederek okudu\u011fumuz sevgili Suavi&#8217;nin, hepimiz gibi, daha \u00e7ok olgunla\u015f\u0131p kemale ula\u015fmas\u0131 ve zihni ba\u011f\u0131ml\u0131l\u0131k ve bulan\u0131kl\u0131ktan ve saplant\u0131lardan kurtulup h\u00fcr iradeye ve bilgi \u00fcretmeye kavu\u015fmas\u0131 beklenir. Bununla ba\u011flant\u0131l\u0131 olarak; Mustafa kemal&#8217;le, mason localar\u0131n\u0131 kapatt\u0131\u011f\u0131 ve eleba\u015flar\u0131n\u0131 (\u0130zmir suikast\u0131 nedeniyle) ast\u0131rd\u0131\u011f\u0131 sabataist \u015febekeyi ve \u0130ttihat terakki d\u00f6k\u00fcnt\u00fclerini ay\u0131rmas\u0131; Atat\u00fcrk&#8217;le, \u015faibeli \u00f6l\u00fcm\u00fcnden sonra \u0130smet Pa\u015fa ve sabataist cunta taraf\u0131ndan uydurulan ve resmi ideoloji k\u0131l\u0131f\u0131na sar\u0131lan Kemalizm&#8217;i birbirine kar\u0131\u015ft\u0131rmamas\u0131 gerekti\u011fi sal\u0131k verilir. Gazetemizden de yakinen tan\u0131d\u0131\u011f\u0131m\u0131z rahmetli Mustafa M\u00fcft\u00fco\u011flu ve Necip Faz\u0131l gibi de\u011ferli tarih\u00e7i ve m\u00fctefekkirlerin: masonik ve sabataist mahiyetlerine, hatta kas\u0131tl\u0131 h\u0131yanetlerine dikkat \u00e7ektikleri, Milli G\u00f6r\u00fc\u015f Liderimizin de \u00f6zellikle ve titizlikle s\u0131k s\u0131k dile getirdikleri ger\u00e7eklere ra\u011fmen, yeni nesil Milli Gazete yazarlar\u0131m\u0131zda rastlanan ve Atat\u00fcrk kar\u015f\u0131tl\u0131\u011f\u0131na \u015fartlanm\u0131\u015fl\u0131ktan kaynakland\u0131\u011f\u0131 san\u0131lan, Enver Pa\u015fa muhabbeti de, yeniden ve daha derinden irdelenmelidir.<\/strong><\/p>\n","protected":false},"author":8,"featured_media":0,"comment_status":"open","ping_status":"closed","sticky":false,"template":"","format":"standard","meta":{"footnotes":""},"categories":[81],"tags":[],"class_list":["post-1252","post","type-post","status-publish","format-standard","hentry","category-nisan-2008"],"_links":{"self":[{"href":"https:\/\/www.millicozum.com\/mc\/wp-json\/wp\/v2\/posts\/1252","targetHints":{"allow":["GET"]}}],"collection":[{"href":"https:\/\/www.millicozum.com\/mc\/wp-json\/wp\/v2\/posts"}],"about":[{"href":"https:\/\/www.millicozum.com\/mc\/wp-json\/wp\/v2\/types\/post"}],"author":[{"embeddable":true,"href":"https:\/\/www.millicozum.com\/mc\/wp-json\/wp\/v2\/users\/8"}],"replies":[{"embeddable":true,"href":"https:\/\/www.millicozum.com\/mc\/wp-json\/wp\/v2\/comments?post=1252"}],"version-history":[{"count":0,"href":"https:\/\/www.millicozum.com\/mc\/wp-json\/wp\/v2\/posts\/1252\/revisions"}],"wp:attachment":[{"href":"https:\/\/www.millicozum.com\/mc\/wp-json\/wp\/v2\/media?parent=1252"}],"wp:term":[{"taxonomy":"category","embeddable":true,"href":"https:\/\/www.millicozum.com\/mc\/wp-json\/wp\/v2\/categories?post=1252"},{"taxonomy":"post_tag","embeddable":true,"href":"https:\/\/www.millicozum.com\/mc\/wp-json\/wp\/v2\/tags?post=1252"}],"curies":[{"name":"wp","href":"https:\/\/api.w.org\/{rel}","templated":true}]}}