{"id":1275,"date":"2008-04-30T09:42:47","date_gmt":"2008-04-30T09:42:47","guid":{"rendered":"https:\/\/www.millicozum.com\/mc\/2008\/04\/30\/sonm-fanlari-mason-kafali-tkler-fason-kalik-ktler\/"},"modified":"2008-04-30T09:42:47","modified_gmt":"2008-04-30T09:42:47","slug":"siyonizmin-figuranlari-mason-kafali-turkculer-fason-kiralik-kurtculer","status":"publish","type":"post","link":"https:\/\/www.millicozum.com\/mc\/2008\/mayis-2008\/siyonizmin-figuranlari-mason-kafali-turkculer-fason-kiralik-kurtculer\/","title":{"rendered":"S\u0130YON\u0130ZM\u0130N F\u0130G\u00dcRANLARI: MASON KAFALI T\u00dcRK\u00c7\u00dcLER, FASON K\u0130RALIK K\u00dcRT\u00c7\u00dcLER"},"content":{"rendered":"<p><strong>Ba\u015f\u00f6rt\u00fcs\u00fc yasa\u011f\u0131n\u0131 destekleyen ve M\u00fcsl\u00fcman T\u00fcrk halk\u0131na en az\u0131ndan bir sayg\u0131y\u0131 bile esirgeyenlerin T\u00fcrk\u00e7\u00fcl\u00fc\u011f\u00fc ile; Sevr&#39;in uygulanmas\u0131 ve \u00fclkemizin par\u00e7alanmas\u0131 i\u00e7in kiraland\u0131klar\u0131 AB&#39;nin yerli misyonerli\u011fini y\u00fcr\u00fcten 2.ci Cumhuriyet\u00e7i solcular\u0131n ve \u0131l\u0131ml\u0131 \u0130slamc\u0131lar\u0131n K\u00fcrt\u00e7\u00fcl\u00fc\u011f\u00fc, g\u00f6r\u00fcn\u00fc\u015fte farkl\u0131 ve ayr\u0131 \u015feyler zannedilse de, ger\u00e7ekte ayn\u0131 kap\u0131ya \u00e7\u0131kmaktad\u0131r. Hatta yakinen biliyoruz ki, bir\u00e7o\u011fu ayn\u0131 Mason Localar\u0131na ba\u011fl\u0131d\u0131r.<\/strong><\/p>\n<p> <strong>Karanl\u0131k ve kiral\u0131k kafal\u0131 100 ayd\u0131ndan G\u00fcl&#39;e: &quot;DTP&#39;yi ciddiye al\u0131n&quot; \u00f6nerisi<\/strong><\/p>\n<p> Bir grup akademisyen ve sivil toplum \u00f6rg\u00fct\u00fc temsilcisi etiketli, yerli AB misyoneri; Cumhurba\u015fkan\u0131 G\u00fcl&#39;e, 100 ki\u015finin imzas\u0131n\u0131 ta\u015f\u0131yan mektup vermi\u015fti. Mektupta &quot;DTP siyasi akt\u00f6r olsun&quot; \u00e7a\u011fr\u0131s\u0131 yap\u0131lmaktayd\u0131. <\/p>\n<p> K\u00fcrt sorununa bar\u0131\u015f\u00e7\u0131l bir \u00e7\u00f6z\u00fcm bulunmas\u0131 i\u00e7in bir mektup kaleme alan y\u00fcz kadar akademisyen, yazar ve sivil toplum \u00f6rg\u00fct\u00fc temsilcilerini Cumhurba\u015fkan\u0131 Abdullah G\u00fcl Huber K\u00f6\u015fk\u00fc&#39;nde kabul etmi\u015fti. Cumhurba\u015fkan\u0131&#39;yla g\u00f6r\u00fc\u015fmeye Prof. Dr. Gen\u00e7ay G\u00fcrsoy, Prof. Dr. Turgut Tarhanl\u0131, Prof. Dr. Mithat Sancar, Prof. Dr. Erol Kat\u0131rc\u0131o\u011flu, Prof. Dr. Tahsin Ye\u015fildere, Prof. Dr. Binnaz Toprak, Diyarbak\u0131r Barosu Ba\u015fkan\u0131 Sezgin Tanr\u0131kulu, Kad\u0131n Merkezi Ba\u015fkan\u0131 Nebahat Akko\u00e7, \u0130brahim Bekir, eski Mazlum- Der Ba\u015fkan\u0131 Y\u0131lmaz Ensaro\u011flu ve Osman Kavala kat\u0131lm\u0131\u015ft\u0131.<\/p>\n<p> Cumhurba\u015fkan\u0131&#39;n\u0131n sorunun \u00e7\u00f6z\u00fcm\u00fcnde daha aktif tav\u0131r almas\u0131n\u0131 isteyen s\u00f6zde ayd\u0131nlar; DTP&#39;nin kapat\u0131lmas\u0131 giri\u015fiminin demokrasiyi zedeleyece\u011fini ve sorunu i\u00e7inden \u00e7\u0131k\u0131lmaz bir hale getirece\u011fini hat\u0131rlatm\u0131\u015ft\u0131. Mektupta \u015fu ifadeler yer alm\u0131\u015ft\u0131: &quot;Yarg\u0131tay Ba\u015fsavc\u0131l\u0131\u011f\u0131, DTP&#39;nin \u00fclkenin b\u00f6l\u00fcnmez b\u00fct\u00fcnl\u00fc\u011f\u00fc i\u00e7in tehlike olu\u015fturdu\u011fu g\u00f6r\u00fc\u015f\u00fcnde. Biz, as\u0131l tehlikenin iki milyona yak\u0131n oy alm\u0131\u015f ve TBMM&#39;de yasalara uygun \u015fekilde var olan bir siyasi partinin kapat\u0131lmas\u0131yla ortaya \u00e7\u0131kaca\u011f\u0131n\u0131 d\u00fc\u015f\u00fcn\u00fcyoruz. Bu \u00fclkede kendi kimlikleriyle siyaset yapmak isteyen K\u00fcrtler ya\u015f\u0131yorsa, partileri de olacakt\u0131r. Bu demokratik ilkeyi bir an \u00f6nce kabullenmek, siyasal ortam\u0131 rahatlataca\u011f\u0131 gibi de\u011fi\u015fim s\u00fcrecine de ivme kazand\u0131racakt\u0131r.&quot;<\/p>\n<p> Mektupta: K\u00fcrt sorununun siyasi taraflar\u0131ndan DTP&#39;nin ciddiye al\u0131nmas\u0131 da talep edilmi\u015f ve &quot;K\u00fcrt sorunu hakk\u0131nda Amerikal\u0131larla, Avrupal\u0131larla konu\u015fulurken konunun do\u011frudan muhataplar\u0131 olan K\u00fcrtlerin, DTP milletvekillerinin, belediye ba\u015fkanlar\u0131n\u0131n g\u00f6r\u00fc\u015flerine ba\u015fvurmaktan ka\u00e7\u0131n\u0131ld\u0131\u011f\u0131n\u0131 g\u00f6zlemliyoruz. Bu yok sayma halini haks\u0131z, incitici, kayg\u0131 verici buluyoruz&quot; uyar\u0131s\u0131 yap\u0131lm\u0131\u015ft\u0131.. <\/p>\n<p> Sorunun temelinde; farkl\u0131l\u0131klar\u0131 kabul etmeyen, tek tip ve itaatk\u00e2r vatanda\u015f isteyen, kendisi gibi d\u00fc\u015f\u00fcnmeyeni affetmeyen bir zihniyet oldu\u011fu vurgulanm\u0131\u015f, sorunun \u00e7\u00f6z\u00fcm\u00fcn\u00fcn ise, yarg\u0131 kararlar\u0131nda de\u011fil siyasi kararl\u0131l\u0131kta aranmas\u0131 gerekti\u011fi hat\u0131rlat\u0131lm\u0131\u015ft\u0131. <\/p>\n<p> <strong>PKK&#39;y\u0131 siyasalla\u015ft\u0131rma gayreti! <\/strong><\/p>\n<p> PKK&#39;ya y\u00f6nelik askeri m\u00fcdahalenin ve silahl\u0131 eylemlerin bir an \u00f6nce sona erdirilmesini isteyen ve bu ama\u00e7la Ba\u015fbakan Erdo\u011fan&#39;\u0131n ifade etti\u011fi &quot;silahs\u0131zland\u0131rma&quot; kavram\u0131na \u00f6nem veren ayd\u0131nlar, ter\u00f6ristleri isteklerini silahla de\u011fil demokratik yollarla savunabileceklerine ikna i\u00e7in \u00e7ok boyutlu projeler haz\u0131rlanmas\u0131 \u00f6nerilerek &quot;PKK&#39;n\u0131n silahs\u0131zland\u0131r\u0131lmas\u0131 i\u00e7in &#39;itiraf\u00e7\u0131l\u0131k&#39; gibi, ki\u015finin kendini a\u015fa\u011f\u0131lanm\u0131\u015f hissedece\u011fi kavramlarla de\u011fil, toplumsal bar\u0131\u015f ve mutabakat projesi tasarlamak gerekir&quot; denilerek, AB ve ABD&#39;nin istekleri dayat\u0131lm\u0131\u015ft\u0131.<\/p>\n<p> <strong>\u0130\u015fte mektuptaki 5 istekleri:<\/strong><\/p>\n<p> 1- K\u00fcrt sorununun bar\u0131\u015f\u00e7\u0131l yoldan \u00e7\u00f6z\u00fcm\u00fc i\u00e7in PKK&#39;n\u0131n silahs\u0131zland\u0131r\u0131lmas\u0131na y\u00f6nelik \u00e7ok boyutlu ve a\u015famal\u0131 projeler yap\u0131lmal\u0131d\u0131r.<\/p>\n<p> 2- Tek tip ve itaatk\u00e2r vatanda\u015f isteyen zihniyetin \u00fcr\u00fcn\u00fc b\u00fct\u00fcn yasalar kald\u0131r\u0131lmal\u0131d\u0131r.<\/p>\n<p> 3- Sorunun \u00e7\u00f6z\u00fcm\u00fc yarg\u0131 kararlar\u0131nda de\u011fil, siyasi kararl\u0131l\u0131kta aranmal\u0131d\u0131r.<\/p>\n<p> 4- Diyalog s\u00fcrecinin ba\u015flamas\u0131 i\u00e7in taraflar kar\u015f\u0131l\u0131kl\u0131 empati kurulmal\u0131d\u0131r. <\/p>\n<p> 5- DTP kapat\u0131lmay\u0131p, \u00e7\u00f6z\u00fcmde siyasi akt\u00f6r olarak muhatap al\u0131nmal\u0131d\u0131r.<\/p>\n<p> <strong>Bu s\u00f6zde ayd\u0131nlar\u0131n T\u00fcrban samimiyetsizli\u011fi ve \u00d6zerk K\u00fcrdistan i\u00e7in ba\u015f\u00f6rt\u00fcs\u00fcne sahte sahiplenmeleri<\/strong><\/p>\n<p> <strong>Gen\u00e7ay G\u00fcrsoy (T\u00fcrk Tabipleri Birli\u011fi Ba\u015fkan\u0131):<\/strong> Bu metin daha \u00f6nce toplanan T\u00fcrkiye Bar\u0131\u015f Meclisi&#39;nin \u00e7al\u0131\u015fmalar\u0131ndan tamamen ba\u011f\u0131ms\u0131z olarak \u00e7o\u011funlu\u011fu \u00f6\u011fretim \u00fcyesi olan y\u00fcz ki\u015fi taraf\u0131ndan haz\u0131rlanm\u0131\u015f bir metindir. Cumhurba\u015fkan\u0131&#39;na sundu\u011fumuz metnin kaleme al\u0131nmas\u0131nda herhangi bir ki\u015finin \u00f6nc\u00fcl\u00fc\u011f\u00fc s\u00f6z konusu de\u011fil. \u0130mzac\u0131lar daha \u00f6nceden birbirini tan\u0131yan bilen insanlar. \u0130lk defa b\u00f6yle bir giri\u015fim de yap\u0131lm\u0131yor. Daha \u00f6nce de benzer giri\u015fimler yap\u0131lm\u0131\u015ft\u0131. Bir arada ya\u015fama ko\u015fullar\u0131n\u0131 yaratmay\u0131 ama\u00e7layan bir giri\u015fim.<\/p>\n<p> <strong>Bask\u0131n Oran (Akademisyen): <\/strong>Bu metni \u0130stanbul&#39;daki arkada\u015flar\u0131m\u0131z kolektif haz\u0131rlad\u0131lar. \u0130nternetten belirli imzalara sundular. E\u011fer AK Parti \u00f6zg\u00fcrl\u00fck\u00e7\u00fc ise t\u00fcrban d\u0131\u015f\u0131nda bir\u00e7ok \u00f6zg\u00fcrl\u00fck alan\u0131 oldu\u011funu g\u00f6rmesine y\u00f6nelik bir metin. Tabii ki t\u00fcrban bir insan haklar\u0131 ve \u00f6zg\u00fcrl\u00fck sorunu fakat bunun yan\u0131 s\u0131ra ba\u015fka \u015feyler daha var. Onlar\u0131 g\u00f6zden ka\u00e7\u0131rmamas\u0131n\u0131 isteyen bir metin&quot; diyordu.<\/p>\n<p> Evet hi\u00e7 yoruma ve yorulmaya gerek yok. AB ve Masonik biraderler b\u00f6yle istiyordu.<\/p>\n<p> <strong>Il\u0131ml\u0131 \u0130sl\u00e2mc\u0131lar ile liberallerin birbirine d\u00fc\u015fmesi <\/strong><\/p>\n<p> <strong>Kemiksiz yap\u0131 \u00e7\u00f6k\u00fcyor<\/strong><\/p>\n<p> \u00b7\u00a0\u00a0\u00a0\u00a0\u00a0\u00a0\u00a0 AKP y\u00f6netimine yak\u0131nl\u0131\u011f\u0131yla bilinen Yeni \u015eafak yazar\u0131 Fehmi Koru, &quot;AKP-liberal koalisyonu \u00e7atlad\u0131. Erdo\u011fan, \u00f6nemli bir liberali azarlad\u0131&quot; dedi<\/p>\n<p> \u00b7\u00a0\u00a0\u00a0\u00a0\u00a0\u00a0\u00a0 Taraf gazetesi y\u00f6neticisi ve yazar\u0131 Ahmet Altan da, &quot;Ba\u015fbakan, kendini kaybetti mi, e\u011fer \u00f6yleyse, kendisine gelsin&quot; cevab\u0131n\u0131 verdi.<\/p>\n<p> \u00b7\u00a0\u00a0\u00a0\u00a0\u00a0\u00a0\u00a0 Ard\u0131ndan iktidar\u0131 destekleyen Star gazetesi&#39;nin ba\u015fyazar\u0131 Mehmet Altan ise kendini azarlayan Erdo\u011fan&#39;a y\u00fcklendi.<\/p>\n<p> Omurgas\u0131z yap\u0131 ile kemiksiz ve ki\u015filiksiz cephenin sonu g\u00f6r\u00fcnd\u00fc Yeni \u015eafak yazar\u0131 Fehmi Koru, AKP&#39;nin kendisine destek veren liberallerle aras\u0131ndaki koalisyonunun \u00e7atlad\u0131\u011f\u0131n\u0131 yazarak ilgin\u00e7 bir tart\u0131\u015fma ba\u015flatt\u0131. Tart\u0131\u015fmaya, Taraf gazetesindeki yaz\u0131s\u0131yla kat\u0131lan Ahmet Altan, &quot;Ortakl\u0131\u011f\u0131m\u0131z, sizin \u00f6zg\u00fcrl\u00fckleri geni\u015fletti\u011finiz kadard\u0131r. Siz, baz\u0131 \u00f6zg\u00fcrl\u00fcklere arkan\u0131z\u0131 d\u00f6nd\u00fc\u011f\u00fcn\u00fczde, bunlar\u0131n sizi ilgilendirmedi\u011fini d\u00fc\u015f\u00fcnd\u00fc\u011f\u00fcn\u00fczde ortakl\u0131\u011f\u0131m\u0131z biter&quot; diye yazd\u0131. <\/p>\n<p> <strong>Koalisyon da\u011f\u0131l\u0131yor<\/strong><\/p>\n<p> Fehmi Koru, &quot;Koalisyon \u00e7atlad\u0131, ama, sorun bakal\u0131m, neden \u00e7atlad\u0131?&quot; ba\u015fl\u0131kl\u0131 yaz\u0131s\u0131nda, AKP&#39;ye destek veren liberallerin, iktidarla aralar\u0131na neden mesafe koydu\u011funu irdeledi. Koru, \u015funlar\u0131 yazd\u0131: &quot;Daha \u00f6nce \u00f6zg\u00fcrle\u015fme \u00e7abalar\u0131na destekte bir araya gelebilen bir hak ve \u00f6zg\u00fcrl\u00fckler koalisyonu vard\u0131, o \u00e7\u00f6kt\u00fc. Kim, kimi terk etti, AKP mi destek\u00e7i liberallere ald\u0131rmad\u0131, yoksa liberallerin bir b\u00f6l\u00fcm\u00fc m\u00fc, &#39;Bizden buraya kadar&#39; dedi, hen\u00fcz tam anla\u015f\u0131lm\u0131yor. \u0130lk giri\u015fim, hangisinden gelmi\u015f olursa olsun, fark etmiyor; g\u00f6r\u00fcnen o ki, var olan bir koalisyon \u00e7atlad\u0131. Bunun en g\u00f6r\u00fcn\u00fcr d\u0131\u015fa vurumu, Ba\u015fbakan Tayyip Erdo\u011fan&#39;\u0131n son konu\u015fmalar\u0131ndan birinde, liberal kesimin \u00f6nemli s\u00f6zc\u00fclerinden birine de cevap verme ihtiyac\u0131 duymas\u0131yd\u0131. Erdo\u011fan&#39;\u0131n, &#39;Milleti aldatmay\u0131n, d\u00fcr\u00fcst olun&#39; s\u00f6z\u00fc, o \u00f6nemli liberale d\u00f6n\u00fck bir azarlamaym\u0131\u015f&#8230;&quot; <\/p>\n<p> <strong>Erdo\u011fan&#39;a: &quot;Kendine gel&quot; \u00e7a\u011fr\u0131s\u0131 yap\u0131l\u0131yor <\/strong><\/p>\n<p> Ahmet Altan ise, &quot;AKP ve liberaller&quot; ba\u015fl\u0131kl\u0131 yaz\u0131s\u0131nda, &quot;\u00d6zg\u00fcrl\u00fckleri bir b\u00fct\u00fcn olarak talep etmeyen hi\u00e7 kimseyle ortakl\u0131\u011f\u0131m\u0131z yok&quot; diyerek \u015f\u00f6yle devam etmi\u015fti: &quot;Siz, ba\u015fkalar\u0131n\u0131n \u00f6zg\u00fcrl\u00fcklerine omuz silkerken liberallerin sizinkinden farkl\u0131 g\u00fcndemi olmas\u0131na \u015fa\u015f\u0131rman\u0131z\u0131 da, do\u011frusu bu ya, \u015f\u0131mar\u0131kl\u0131k olarak g\u00f6r\u00fcyorum. Siz, ger\u00e7ekten AKP&#39;yi pusula, Tayyip Erdo\u011fan&#39;\u0131 da zihinsel \u00f6nder olarak kabullenmi\u015f ayd\u0131nlar m\u0131 g\u00f6rd\u00fcn\u00fcz \u00e7evrenizde? \u00d6yleleri var m\u0131 bilmiyorum, varsa ac\u0131r\u0131m onlara.&quot; Altan, &quot;Erdo\u011fan&#39;\u0131n bir liberali azarlad\u0131\u011f\u0131&quot; iddialar\u0131yla ilgili de \u015fu yorumu yapt\u0131: &quot;Ba\u015fbakan, ger\u00e7ekten akl\u0131ndan azarlamay\u0131 ge\u00e7irecek kadar kendini kaybetti mi bilmiyorum, ama, e\u011fer \u00f6yleyse, ona s\u00f6ylenebilecek tek bir \u015fey var: Kendine gel. &#8216;\u015eemdinli&#39;nin \u00fcrkek \u00e7ocuklar\u0131n\u0131n&#39; azarlayabilece\u011fi birileri bulunmaz bu cenahta. Sen \u00f6nce \u015eemdinli&#39;yi bir ayd\u0131nlat, Dink&#39;in katillerini bir bul da, birisini azarlaman\u0131n senin haddin olup olmad\u0131\u011f\u0131n\u0131 sonra konu\u015fal\u0131m.&quot; <\/p>\n<p> <strong>Ba\u015fbakan bizleri kur\u015fun asker mi san\u0131yor?<\/strong><\/p>\n<p> <strong>Star gazetesinin ba\u015fyazar\u0131 Mehmet Altan ise tart\u0131\u015fmaya, Vatan gazetesine verdi\u011fi r\u00f6portajla kat\u0131ld\u0131. &#39;\u0130kinci Cumhuriyet&#39;in isim babas\u0131, Amerikanc\u0131 liberal kesimin en \u00f6nemli simalar\u0131ndan, \u0130stanbul \u00dcniversitesi \u0130ktisat Fak\u00fcltesi \u00f6\u011fretim \u00fcyesi Prof. Mehmet Altan, &quot;T\u00fcrkiye&#39;de 12 milyon ki\u015fi g\u00fcnl\u00fck 1 dolarla ya\u015f\u0131yor. 600 bin ki\u015fi a\u00e7 yat\u0131yor. T\u00fcrbandan acil sorunlar var&quot; dedi bir TV program\u0131nda&#8230; Hemen cevap geldi birinci a\u011f\u0131zdan. Ba\u015fbakan Erdo\u011fan, olduk\u00e7a sinirli konu\u015ftu; &quot;Biz geldi\u011fimizde bu rakam 18 milyondu, 12&#39;ye d\u00fc\u015ft\u00fc. Onu niye s\u00f6ylemiyorsun? Milleti aldatmay\u0131n, d\u00fcr\u00fcst olun!&quot; Oysa ki, bu uyar\u0131y\u0131 yapan Mehmet Altan, y\u0131llardan beri t\u00fcrban\u0131n serbest b\u0131rak\u0131lmas\u0131n\u0131 savunmu\u015f, \u00fcstelik \u015fimdi de AKP&#39;nin her icraat\u0131n\u0131 man\u015fetlere \u00e7\u0131karan bir gazetenin ba\u015fyazar\u0131! Mehmet Altan, Vatan&#39;dan Mine \u015eenocakl\u0131&#39;n\u0131n sorular\u0131n\u0131 \u015f\u00f6yle cevaplad\u0131. \u0130\u015fte Altan&#39;\u0131n a\u00e7\u0131klamalar\u0131: <\/strong><\/p>\n<p> <strong>Referans\u0131n\u0131n ne kadar\u0131 din?<\/strong><\/p>\n<p> \u00b7\u00a0\u00a0\u00a0\u00a0\u00a0\u00a0\u00a0 <strong>Se\u00e7imlerden sonra h\u00fck\u00fcmetin bize s\u00f6z verdi\u011fi \u015feyler vard\u0131. \u0130ki \u00e7ok \u00f6nemli de\u011fi\u015fim olmas\u0131n\u0131 bekliyorduk. Bunlardan biri sivil anayasayd\u0131. \u0130kincisi &#39;2008, AB y\u0131l\u0131 olacak&#39; dediler. Hani nerede? Bir 301. Madde bile de\u011fi\u015fmedi. 9. Uyum Paketi bekliyor&#8230;.\u00a0 <\/strong><\/p>\n<p> \u00b7\u00a0\u00a0\u00a0\u00a0\u00a0\u00a0\u00a0 <strong>\u00c7ok uzun zamandan beri teredd\u00fctlerim var. Yaz\u0131lar\u0131mda da bunu ima ediyorum.\u00a0 <\/strong><\/p>\n<p> \u00b7\u00a0\u00a0\u00a0\u00a0\u00a0\u00a0\u00a0 <strong>Referans\u0131n\u0131n ne kadar\u0131n\u0131n din, ne kadar\u0131n\u0131n hukuk oldu\u011fu belli olmayan bir iman\u0131n etraf\u0131ndan dolanmay\u0131 ben do\u011fru bulmuyorum. &#39;Bu ele\u015ftiriyi yapamazs\u0131n\u0131z&#39; deniyor. Bana s\u00f6ylenen o. <\/strong><\/p>\n<p> <strong>B\u00f6yle bir \u015fey olur mu ya!<\/strong><\/p>\n<p> \u00b7\u00a0\u00a0\u00a0\u00a0\u00a0\u00a0\u00a0 <strong>S\u00f6ylersen yand\u0131n. Ne olaca\u011f\u0131z? Asker olaca\u011f\u0131z. B\u00f6yle bir \u015fey olur mu ya! \u0130ma edilen o. T\u00fcrkiye&#39;de herkes herkesin kendi askeri olmas\u0131n\u0131 istiyor. Kimse kimseye kendi gibi olma hakk\u0131n\u0131 tan\u0131m\u0131yor. <\/strong><\/p>\n<p> \u00b7\u00a0\u00a0\u00a0\u00a0\u00a0\u00a0\u00a0 <strong>Herkes herkesi esir almaya \u00e7al\u0131\u015fan bir ilkellik i\u00e7inde. Yani kamplara b\u00f6l\u00fcnm\u00fc\u015f, o kamp\u0131n orkestra \u015fefinin arzusunda herkesi kur\u015fun asker yapmaya \u00e7al\u0131\u015fan garip bir \u00fclke olduk. Bu y\u00fczden Ba\u015fbakan&#39;\u0131n \u00e7\u0131k\u0131\u015f\u0131n\u0131 garipsemiyorum. Ben bunlar\u0131 \u00e7ok ya\u015fad\u0131m&#8230; <\/strong><\/p>\n<p> <strong>\u00c7atlak t\u00fcrbanla ba\u015flad\u0131<\/strong><\/p>\n<p> \u00d6lseler bir araya gelmeyecek gruplar\u0131n Masonlar\u0131n talimat\u0131yla T\u00fcrkiye Cumhuriyetine kar\u015f\u0131 olu\u015fturdu\u011fu ki\u015filiksiz ve kemiksiz cephede ayr\u0131l\u0131k t\u00fcrbanla ba\u015flad\u0131. Bu konudaki tart\u0131\u015fma, ABD yanl\u0131s\u0131 Il\u0131ml\u0131 \u0130slamc\u0131larla, AB yanl\u0131s\u0131 liberallerin &quot;milli yap\u0131ya&quot; kar\u015f\u0131 olu\u015fturdu\u011fu \u015fer cephesinde onar\u0131lmaz bir gedi\u011fin a\u00e7\u0131lmas\u0131na neden oldu. Vatanseverlere kar\u015f\u0131 lin\u00e7 kampanyas\u0131 s\u00fcrd\u00fcren kalem\u015f\u00f6rler, mevzilendikleri k\u00f6\u015felerden birbirlerine s\u00fcrekli ate\u015f etmeye ba\u015flad\u0131. AB ve ABD muhipli\u011fi ekseninde, AKP iktidar\u0131 etraf\u0131nda olu\u015fan kimliksiz ve kemiksiz yap\u0131, t\u00fcrbanla birlikte &#39;dava arkada\u015flar\u0131&#39;n\u0131 hedef almaya ba\u015flad\u0131. <\/p>\n<p> Yeni\u00e7a\u011f, 30 Ocak 2007&#39;de &#39;Kutsal ittifakta t\u00fcrban \u00e7atla\u011f\u0131&#39; ba\u015fl\u0131kl\u0131 haberinde \u00e7atla\u011f\u0131 g\u00fcn y\u00fcz\u00fcne \u00e7\u0131kartan \u015fu \u00f6rnekleri vermi\u015fti: <\/p>\n<p> \u00b7\u00a0\u00a0\u00a0\u00a0\u00a0\u00a0\u00a0 Ergun Babahan (Sabah): T\u00fcrkiye kaosu and\u0131ran bir ortamdan ge\u00e7iyor. \u0130ktidar, MHP ile i\u015fbirli\u011fine giderek bu yasak h\u00fckm\u00fcn\u00fc anayasa de\u011fi\u015fikli\u011fiyle a\u015fmaya \u00e7al\u0131\u015f\u0131yor.<\/p>\n<p> \u00b7\u00a0\u00a0\u00a0\u00a0\u00a0\u00a0\u00a0 Erdal \u015eafak (Sabah): &quot;Kad\u0131n t\u00fcrban takmakla, erkek kar\u015f\u0131s\u0131nda ikinci plana d\u00fc\u015fmektedir&#8230; Ba\u015f\u00f6rt\u00fcs\u00fc tak\u0131lmas\u0131 T\u00fcrkiye Cumhuriyeti&#39;nin temel ilkeleri ile ba\u011fda\u015fmamaktad\u0131r. &quot; <\/p>\n<p> \u00b7\u00a0\u00a0\u00a0\u00a0\u00a0\u00a0\u00a0 Enis Berbero\u011flu (H\u00fcrriyet): &quot;Devletin ba\u015f\u0131na t\u00fcrban ge\u00e7irilmez. Yakas\u0131na parti rozeti tak\u0131lmaz. T\u00fcrbanl\u0131 h\u00e1kim olmaz. Aksi halde Nazi \u00fcniformas\u0131na d\u00f6ner &quot;\u00a0 (Bir TV program\u0131)<\/p>\n<p> \u00b7\u00a0\u00a0\u00a0\u00a0\u00a0\u00a0\u00a0 Ertu\u011frul \u00d6zk\u00f6k (H\u00fcrriyet): \u015euna kesinlikle inan\u0131yorum. T\u00fcrban konusunu Anayasa&#39;ya sokmadan, pratik yoldan \u00e7\u00f6zmek m\u00fcmk\u00fcnd\u00fc. Ba\u015fbakan bu yolu denemedi bile&#8230; <\/p>\n<p> \u00b7\u00a0\u00a0\u00a0\u00a0\u00a0\u00a0\u00a0 Hasan Cemal (H\u00fcrriyet): Evet, \u00fcniversite \u00f6\u011frencilerine t\u00fcrban serbest olmal\u0131. Peki ya sonras\u0131? <\/p>\n<p> \u00b7\u00a0\u00a0\u00a0\u00a0\u00a0\u00a0\u00a0 Mehmet Ali Birand (Posta): Toplumun yar\u0131ya yak\u0131n b\u00f6l\u00fcm\u00fc, \u015fu s\u0131ralarda kayg\u0131 i\u00e7inde. AKP&#39;nin \u00dcniversitelerde t\u00fcrban\u0131 serbest b\u0131rakt\u0131rma (Kod ad\u0131: T\u00fcrban operasyonu) giri\u015fiminin nereye kadar gidece\u011fi tart\u0131\u015f\u0131l\u0131yor.<\/p>\n<p> \u00b7\u00a0\u00a0\u00a0\u00a0\u00a0\u00a0\u00a0 Mehmet Barlas (Posta): Neticede bug\u00fcn de sivil ve \u00f6zg\u00fcrl\u00fck\u00e7\u00fc bir yeni anayasa yapma \u00e7abalar\u0131m\u0131z, &quot;t\u00fcrban polemikleri&quot; ne kilitlendi. <\/p>\n<p> \u00b7\u00a0\u00a0\u00a0\u00a0\u00a0\u00a0\u00a0 Toktam\u0131\u015f Ate\u015f (Bug\u00fcn): (&#8230;) Fakat bug\u00fcn de, \u015fu kadar\u0131n\u0131 s\u00f6yleyeyim ki; benim okudu\u011fum kadar\u0131yla, &quot;ba\u015f\u00f6rt\u00fcs\u00fc&quot;, gen\u00e7 k\u0131zlar\u0131m\u0131z i\u00e7in &quot;vazge\u00e7ilmez&quot; bir \u015fey de\u011fil.<\/p>\n<p> Hulki Cevizo\u011flu ise: &quot;Bah\u00e7eli&#39;den TSK&#39;ya: &quot;AKP&#39;yi uyar\u0131n!&quot; mektubu!&quot; ba\u015fl\u0131kl\u0131 yaz\u0131s\u0131nda, hakl\u0131 olarak AKP&#39;nin istismarc\u0131l\u0131\u011f\u0131n\u0131, MHP ve Bah\u00e7elinin tutars\u0131zl\u0131\u011f\u0131n\u0131 anlat\u0131rken, haks\u0131z ve dayanaks\u0131z bir dayatma olan T\u00fcrban yasa\u011f\u0131n\u0131n devam\u0131ndan yana oldu\u011funu; halk\u0131m\u0131z\u0131n, \u0130slam ahlak\u0131m\u0131z\u0131n ve insan haklar\u0131n\u0131n bir hi\u00e7 yerine koydu\u011funu da a\u00e7\u0131\u011fa vurmu\u015f bulunuyordu. <\/p>\n<p> &quot;Bilindi\u011fi gibi, MHP Genel Ba\u015fkan\u0131 Devlet Bah\u00e7eli, Ba\u015fbakan Recep Tayyip Erdo\u011fan ile yapt\u0131\u011f\u0131 &quot;t\u00fcrban ittifak\u0131&quot; \u00fczerine emekli subay(asker) derneklerinin de tepkisini \u00e7ekmi\u015fti.<\/p>\n<p> Bu y\u00fczden MHP Genel Merkezi&#39;nin \u00f6n\u00fcne, \u00fczerinde &quot;Tarifsiz D\u00fc\u015f K\u0131r\u0131kl\u0131\u011f\u0131m\u0131zla&quot; yaz\u0131l\u0131 siyah \u00e7elenk koymak isteyen emekli askerler ve e\u015fleri &quot;can\u0131m\u0131z\u0131 zor kurtard\u0131k&quot; diyerek ka\u00e7mak zorunda kalm\u0131\u015flard\u0131. Devlet Bah\u00e7eli&#39;nin ise, kendilerine oy veren bu insanlara yapt\u0131klar\u0131n\u0131n &quot;hata&quot; oldu\u011funu kabul eden bir \u00f6zr\u00fcn\u00fc duymad\u0131k..<\/p>\n<p> B\u0131rak\u0131n, emekli asker e\u015flerinden \u00f6z\u00fcr dilemeyi, Pazar g\u00fcn\u00fc (17.02.2008) Milliyet Gazetesi&#39;ne yapt\u0131\u011f\u0131 a\u00e7\u0131klamada, &quot;MHP, TSK&#39;n\u0131n sivil uzant\u0131s\u0131 de\u011fildir&quot; bile dedi!..<\/p>\n<p> Bu a\u00e7\u0131klamay\u0131 ise hi\u00e7 anlamad\u0131m. Askerler ve emeklilerinin de anlad\u0131\u011f\u0131n\u0131 sanm\u0131yorum.<\/p>\n<p> Kim, Devlet Bah\u00e7eli&#39;ye &quot;Bizim uzant\u0131m\u0131z olun&quot; dedi ki?..<\/p>\n<p> TSK&#39;dan (T\u00fcrk Silahl\u0131 Kuvvetleri) b\u00f6yle bir istek duymad\u0131k. Emeklilerinden de.. Ba\u015fkalar\u0131ndan da.<\/p>\n<p> &quot;Sivil uzant\u0131&quot; s\u00f6z\u00fcn\u00fc Devlet Bah\u00e7eli kulland\u0131 ama, buna &quot;uzant\u0131&quot; yerine &quot;destek&quot; demek daha do\u011fru.<\/p>\n<p> <strong>Bah\u00e7eli, bu deste\u011fi \u00f6nce, AKP&#39;li Abdullah G\u00fcl&#39;\u00fcn cumhurba\u015fkan\u0131 se\u00e7ilmesinde a\u00e7\u0131k\u00e7a vermedi mi?.. Sonra da Anayasa&#39;ya, Anayasa Mahkemesi kararlar\u0131na ve Atat\u00fcrk&#39;\u00fcn Devrim Yasalar\u0131na a\u00e7\u0131k\u00e7a ayk\u0131r\u0131 bi\u00e7imde, t\u00fcrban\u0131n kamusal alanda serbest olmas\u0131 konusunda. <\/strong><\/p>\n<p> \u00dcstelik, 22 Temmuz se\u00e7imleri \u00f6ncesinde, a\u00e7\u0131k\u00e7a &quot;Hesap sormazsam namerdim&quot; dedi\u011fi AKP&#39;ye!.. <\/p>\n<p> <strong>Aldat\u0131lm\u0131\u015fl\u0131k m\u0131, pazarl\u0131k m\u0131?.. <\/strong><\/p>\n<p> \u015eimdi ise, Bah\u00e7eli&#39;ye sormazlar m\u0131: &quot;Durup dururken, TSK&#39;n\u0131n sivil uzant\u0131s\u0131 olmad\u0131\u011f\u0131n\u0131 s\u00f6yl\u00fcyorsun. Peki bu yapt\u0131klar\u0131n AKP&#39;nin uzant\u0131s\u0131 olmak de\u011fil midir?&quot; <\/p>\n<p> Az sonra, \u00e7ok \u00e7arp\u0131c\u0131 bir durumu hat\u0131rlataca\u011f\u0131m. Ama \u00f6nce, AKP&#39;ye destek verenlerin d\u00fc\u015ft\u00fc\u011f\u00fc durumu vurgulayal\u0131m.<\/p>\n<p> Be\u015f y\u0131l boyunca AKP&#39;ye en b\u00fcy\u00fck deste\u011fi veren Ayd\u0131n Do\u011fan&#39;\u0131n Genel Yay\u0131n Y\u00f6netmeni Ertu\u011frul \u00d6zk\u00f6k, art\u0131k &quot;Aldat\u0131lm\u0131\u015fl\u0131k duygusuna kap\u0131ld\u0131m&quot; diyor. (Can D\u00fcndar&#39;\u0131n &quot;Neden&quot; adl\u0131 Program\u0131, NTV, 12.02.2008.) Bizler AKP&#39;nin icraatlar\u0131na an\u0131nda tepki verdi\u011fimiz zaman ise, hakaret edip &quot;Paranoya&quot; diyordu. Anla\u015f\u0131lan \u00d6zk\u00f6k de &quot;paranoyaklar aras\u0131na kat\u0131ld\u0131!..&quot; <\/p>\n<p> \u015eimdi gelelim, Devlet Bah\u00e7eli&#39;nin ba\u015fl\u0131ktaki iste\u011fine!&#8230;<\/p>\n<p> Bug\u00fcn durup dururken, &quot;MHP, TSK&#39;n\u0131n sivil uzant\u0131s\u0131 de\u011fildir&quot; diyen Say\u0131n Bah\u00e7eli, 4 y\u0131l \u00f6nce (AKP iktidar\u0131n\u0131n birinci y\u0131l\u0131nda), TSK&#39;ya mektup g\u00f6nderiyor ve &quot;AKP H\u00fck\u00fcmeti&#39;ni uyar\u0131n&quot; diyordu!..<\/p>\n<p> Kaleme ald\u0131\u011f\u0131 &quot;Tarihi G\u00f6rev \u00c7a\u011fr\u0131s\u0131&quot; ba\u015fl\u0131kl\u0131 kitap\u00e7\u0131\u011f\u0131 bir\u00e7ok yere g\u00f6ndermi\u015f, TSK&#39;da da tam 313 komutana g\u00f6nderirken \u00fczerine &quot;AKP H\u00fck\u00fcmeti&#39;ni uyar\u0131n&quot; notu d\u00fc\u015fm\u00fc\u015ft\u00fc!.. Hatta H\u00fcrriyet gazetesi bir s\u00fcre sonra man\u015fetten, &quot;Asker iade etti&quot; diye haber yapm\u0131\u015ft\u0131. <\/p>\n<p> O tarihte konu\u015fan Mehmet \u015eand\u0131r ise \u015funlar\u0131 s\u00f6ylemi\u015fti:<\/p>\n<p> &quot;\u015eu ana kadar bize ula\u015fan bir mektup iadesi yok. Ancak bundan sonra gelirse bilemem. Postac\u0131 yolu bekliyoruz. Mektubumuz bahane edilerek, TSK mensuplar\u0131n\u0131n siyasi bir tart\u0131\u015fman\u0131n i\u00e7ine \u00e7ekilerek y\u0131prat\u0131lmaya \u00e7al\u0131\u015f\u0131lmas\u0131 bizi \u00fcz\u00fcyor.&quot; (06.08.2004)<\/p>\n<p> Ter\u00f6rist PKK&#39;ya &quot;Ter\u00f6rist de\u011filler, onlar bizim karde\u015fimiz&quot; diyen DTP&#39;lilerle Meclis&#39;te tokala\u015f\u0131rken, askerlere g\u00f6sterilen bug\u00fcnk\u00fc tavr\u0131 &quot;se\u00e7menlerin&quot; anlamad\u0131\u011f\u0131n\u0131 vurgulamak istedim sadece!..50<a name=\"_ftnref1\" href=\"#_ftn1\" title=\"_ftnref1\">[1]<\/a><\/p>\n<p> <strong>&quot;Atat\u00fcrk&#39;\u00fcn yolunda hareket etmeye devam edece\u011fim&quot; dedi ve gitti<\/strong><\/p>\n<p> <strong>MEB&#39;de \u015fok istifa!..<\/strong><\/p>\n<p> Talim Terbiye Kurulu Ba\u015fkan\u0131 Prof. Erdo\u011fan, Bakanla g\u00f6r\u00fc\u015f\u00fcp g\u00f6revinden ayr\u0131ld\u0131. Bakanl\u0131ktaki AKP kadrola\u015fmas\u0131 nedeniyle uzun zamand\u0131r, H\u00fcseyin \u00c7elik ile b\u00fcrokratlar aras\u0131nda s\u0131k\u0131nt\u0131 ya\u015fan\u0131yordu <\/p>\n<p> Milli E\u011fitim Bakanl\u0131\u011f\u0131 (MEB) Talim ve Terbiye Kurulu Ba\u015fkan\u0131 Prof. Dr. \u0130rfan Erdo\u011fan, Milli E\u011fitim Bakan\u0131 H\u00fcseyin \u00c7elik ile yapt\u0131\u011f\u0131 iki g\u00f6r\u00fc\u015fmenin ard\u0131ndan g\u00f6revinden ayr\u0131lma karar\u0131 ald\u0131\u011f\u0131n\u0131 a\u00e7\u0131klad\u0131. \u0130rfan Erdo\u011fan, karar ile ilgili \u015fu a\u00e7\u0131klamay\u0131 yapt\u0131: <\/p>\n<p> <strong>\u0130ki g\u00f6r\u00fc\u015fmede yol ayr\u0131m\u0131na geldik<\/strong><\/p>\n<p> &quot;\u0130stanbul \u00dcniversitesi, Hasan Ali Y\u00fccel E\u011fitim Fak\u00fcltesinde g\u00f6rev yaparken Say\u0131n Bakan taraf\u0131ndan 12 May\u0131s 2006 tarihinde Talim ve Terbiye Kurulu Ba\u015fkan\u0131 olarak g\u00f6revlendirildim. Aradan 21 ay ge\u00e7tikten sonra onur duyarak s\u00fcrd\u00fcrd\u00fc\u011f\u00fcm bu g\u00f6revden ayr\u0131l\u0131yorum. Say\u0131n Bakan ile son bir ay i\u00e7inde yapt\u0131\u011f\u0131m\u0131z iki g\u00f6r\u00fc\u015fme \u00e7er\u00e7evesinde b\u00f6yle bir yol ayr\u0131m\u0131na geldik. Ba\u015fkanl\u0131\u011f\u0131m s\u00fcresince 1926 y\u0131l\u0131nda y\u00fcce \u00d6nder Atat\u00fcrk&#39;\u00fcn kurdu\u011fu bir Cumhuriyet kurumunu y\u00f6netmenin bilinciyle hareket ettim.&quot; diyen Prof. Dr. Erdo\u011fan ile Bakan \u00c7elik aras\u0131nda uzun zamandan beri bir gerginlik oldu\u011fu bas\u0131na da pek \u00e7ok kez yans\u0131m\u0131\u015ft\u0131. Ba\u015fta \u0130mam Hatipler b\u00fct\u00fcn meslek liselerinin kapat\u0131lmas\u0131 gerekti\u011fini belirten Erdo\u011fan, ayr\u0131ca Anadolu ve Fen Liselerinin say\u0131lar\u0131n\u0131n azalt\u0131lmas\u0131 gerekti\u011fini de ifade etmi\u015fti. Ayr\u0131ca programlarda ve ders kitaplar\u0131nda Atat\u00fcrk\u00e7\u00fcl\u00fck ile ilgili yer almas\u0131 gereken konulardaki eksikliklerin tespiti ve giderilmesi i\u00e7in \u00e7al\u0131\u015fma yapan Erdo\u011fan, Bakanl\u0131k \u00e7al\u0131\u015fanlar\u0131 ile kar\u015f\u0131 kar\u015f\u0131ya gelmi\u015fti. <\/p>\n<p> <strong>Benim memleketim <\/strong><\/p>\n<p> <strong>T\u00fcrkiye&#39;nin AB&#39;ye girme \u00e7abalar\u0131 ile bu memleketin de\u011ferli vakti bo\u015fa harcan\u0131yor&#8230;<\/strong><\/p>\n<p> <strong>T\u00fcrk demokrasisi ger\u00e7ek ya\u015fam sava\u015f\u0131yla kurulmu\u015f, d\u00fcnya taraf\u0131ndan hediye edilip verilmemi\u015ftir. T\u00fcrk Ulusu taraf\u0131ndan d\u00fcnyaya kar\u015f\u0131 sava\u015farak devletimizin, ulusumuzun ya\u015fam hakk\u0131 d\u00fcnyadan al\u0131nm\u0131\u015ft\u0131r. Hukuksal demokratik Cumhuriyeti devletini ve Anayasas\u0131n\u0131 biliyorum deyip, sivil demokrasi \u00e7\u0131\u011f\u0131rtkanl\u0131\u011f\u0131 yaparak kendi bilgi ve beceri eksikli\u011fini g\u00f6rmeyerek, demokrasimizin geli\u015fmemesinin su\u00e7unu anayasan\u0131n maddelerinde ve ordu m\u00fcdahalelerinde arayanlara sormak istiyorum: &quot;Su\u00e7lanan ordu m\u00fcdahaleleri olmazsa, T\u00fcrkiye&#39;de orduyu dahi su\u00e7layabilece\u011finiz, ne bir Devlet ne de demokrasi kal\u0131r m\u0131yd\u0131?&quot;<\/strong><\/p>\n<p> <strong>AB&#39;nin T\u00fcrkiye&#39;yi par\u00e7alama hayalleri var&#8230; PKK ile i\u015fbirli\u011fi i\u00e7inde olan Avrupa&#39;dan s\u00f6z edilebilir mi? T\u00fcrkler&#39;in benzersiz tarihine, k\u00fclt\u00fcr\u00fcne ra\u011fmen AB&#39;ye girmek i\u00e7in bu \u0131srar bu \u00e7aba sa\u00e7mal\u0131\u011f\u0131n kan\u0131t\u0131 de\u011fil mi? <\/strong><\/p>\n<p> <strong>Bu d\u00fcnyan\u0131n sahte rollerini alarak, ebediyeti kaybederek menfaatlere ortak olunuyor.<\/strong><\/p>\n<p> <strong>Mevl\u00e2na ile arkada\u015flar\u0131 yolda giderken birka\u00e7 k\u00f6pe\u011fin birbirleriyle oynad\u0131klar\u0131n\u0131 g\u00f6r\u00fcnce Mevl\u00e2na&#39;ya, &quot;\u00dcstat&quot; diyorlar, &quot;\u015eunlar\u0131n haline bak\u0131n\u0131z, ne g\u00fczel dostluklar\u0131 var&quot; Mevl\u00e2na o tabloya bak\u0131p ard\u0131ndan, &quot;Aralar\u0131na bir kemik at\u0131n da siz o zaman g\u00f6r\u00fcn&quot; cevab\u0131n\u0131 vermi\u015f. (K\u0131ssadan hisse)<\/strong><\/p>\n<p> <strong>Askerimiz ulusal varl\u0131\u011f\u0131m\u0131zd\u0131r<\/strong><\/p>\n<p> Asker k\u00fclt\u00fcrel zenginli\u011fimizde, farkl\u0131 etkin k\u00f6kenlerden ve dinlerden olu\u015fan vatanda\u015flar\u0131m\u0131z aras\u0131nda bir ba\u011fd\u0131r. Sivil ve asker aras\u0131nda ay\u0131r\u0131m yapmaya \u00e7abalay\u0131p g\u00fcndem olu\u015fturmak isteyenler \u015funu bilmeli ki; T\u00fcrk halk\u0131 bu tuza\u011fa d\u00fc\u015fmeyecek kadar ak\u0131ll\u0131d\u0131r. Benim askerim benim o\u011flumdur, benim babamd\u0131r, benim kocamd\u0131r. Bunlar\u0131 birbirinden ay\u0131rmaya kimin g\u00fcc\u00fc yetebilir ki. Ya\u015fad\u0131\u011f\u0131m\u0131z \u015fu an, ald\u0131\u011f\u0131m\u0131z nefes \u015fehitlerimizin bize verdi\u011fi en b\u00fcy\u00fck hediyedir. Atam\u0131z&#39;\u0131n dedi\u011fi gibi &quot;T\u00fcrk esirlik kabul etmeyen bir millettir.&quot; <\/p>\n<p> Hangi Avrupa \u00fclkesi askeri vatan dendi\u011finde g\u00f6z\u00fc kapal\u0131 \u00f6l\u00fcme gidebilir?<\/p>\n<p> Hangi Avrupa \u00fclkesi gurur duyaca\u011f\u0131 bir tarihe sahiptir?<\/p>\n<p> Hangi Avrupa \u00fclkesi b\u00f6yle gen\u00e7 ve dinamik n\u00fcfusa sahiptir?<\/p>\n<p> Hangi Avrupa \u00fclkesi gerek insan kaynaklar\u0131, gerek do\u011fal kaynaklar\u0131 ac\u0131s\u0131ndan bu kadar zengindir?<\/p>\n<p> Hangi Avrupa \u00fclkesi iki k\u0131tay\u0131 daha do\u011frusu iki d\u00fcnyay\u0131 birbirine ba\u011fl\u0131yor?<\/p>\n<p> Hangi Avrupa \u00fclkesi b\u00f6yle zengin k\u00fclt\u00fcre sahiptir?<\/p>\n<p> Hangi Avrupa \u00fclkesi bu kadar yolsuzlu\u011fa hortumlamaya b\u00f6yle diren\u00e7li kalabilir?<\/p>\n<p> Hangi Avrupa \u00fclkesinde vatan\u0131n \u00f6n\u00fcne Ana koyulmu\u015ftur?51<a name=\"_ftnref2\" href=\"#_ftn2\" title=\"_ftnref2\">[2]<\/a><\/p>\n<p> <strong>Haddini a\u015fma Altan!<\/strong><\/p>\n<p> <strong>Star Yazar\u0131 Mehmet Altan, T\u00fcrkiye&#39;nin milli hassasiyetlerini dile getirenleri, &quot;Kur\u015fun asker korosu&quot;\u00a0 olarak nitelendirmesi tepki \u00e7ekti, K\u00fcrtleri az\u0131nl\u0131k olarak g\u00f6sterdi, de\u011fi\u015fmez ilkeleri y\u0131pratt\u0131.<\/strong><\/p>\n<p> T\u00fcrkiye&#39;nin milli birlik ve b\u00fct\u00fcnl\u00fc\u011f\u00fcn\u00fc g\u00f6zard\u0131 ederek, &#8216;hak ve \u00f6zg\u00fcrl\u00fckler&#39; kisvesi alt\u0131nda b\u00f6l\u00fcc\u00fc taleplere vize isteyen kesimler \u00fclkeyi germeye devam ediyor. Bu isimlerden biri de, bir grup kad\u0131n\u0131n ortak bildirisini f\u0131rsat bilerek baz\u0131 talepleri g\u00fcndeme ta\u015f\u0131yan Star Gazetesi Yazar\u0131 Mehmet Altan. K\u00f6\u015fe yaz\u0131s\u0131ndaki ifadeleriyle tepki \u00e7eken Altan, T\u00fcrkiye&#39;nin hassasiyetlerini dile getiren \u00e7evreleri &quot;kur\u015fun asker korosu&quot; olarak nitelendirdi. <\/p>\n<p> K\u00fcrtler ve baz\u0131 gruplar\u0131 sanki bu \u00fclkenin asli unsuru de\u011filmi\u015f gibi yans\u0131tarak, hukuki d\u00fczenleme talep edilmesine destek veren Altan, 301. madde davalar\u0131n\u0131 bitirecek d\u00fczenleme yap\u0131lmas\u0131n\u0131 istiyor. Oysa, Avrupa Birli\u011fi \u00fclkelerinin bir \u00e7o\u011funda da buna benzer maddeler y\u00fcr\u00fcrl\u00fckte bulunuyor ve daha a\u011f\u0131r yapt\u0131r\u0131mlar i\u00e7eriyor. <\/p>\n<p> <strong>Tepki do\u011furan yakla\u015f\u0131m<\/strong><\/p>\n<p> T\u00fcrkiye&#39;deki az\u0131nl\u0131klar konusunun Lozan Anla\u015fmas\u0131&#39;yla \u00e7\u00f6z\u00fcmlendi\u011fini g\u00f6zard\u0131 eden Altan, &quot;T\u00fcrk Milleti&quot; ifadesinin, bu \u00fclkeye vatanda\u015fl\u0131k ba\u011f\u0131yla ba\u011fl\u0131 olan herkese s\u00f6ylenildi\u011fini de g\u00f6rmezden geliyor. &quot;Az\u0131nl\u0131k vak\u0131flar\u0131n\u0131n \u00fcst\u00fcnde pi\u015fkince oturanlar oldu\u011fu&quot; y\u00f6n\u00fcndeki de\u011ferlendirme de tepki do\u011furan yakla\u015f\u0131mlardan biri oldu. <\/p>\n<p> Altan, &quot;Yasak\u00e7\u0131 zihniyet bize ne zaman, nerede ve nas\u0131l \u00f6rt\u00fcnece\u011fimizi dayatmaktan vazge\u00e7sin&quot; diyerek, devletin temelini olu\u015fturan ve Anayasa&#39;n\u0131n de\u011fi\u015ftirilemez nitelikteki ilkelerini de y\u0131pratma hedefli yaz\u0131da, halen y\u00fcr\u00fcrl\u00fckte olan 12 Eyl\u00fcl anayasas\u0131n\u0131n &quot;esamesi okunmayacak \u015fekilde ortadan kald\u0131r\u0131lmas\u0131 gerekir&quot; g\u00f6r\u00fc\u015f\u00fcne de destek veriyor. \u00d6zerklik, ba\u011f\u0131ms\u0131zl\u0131k gibi kelimeleri f\u00fctursuzca kulland\u0131\u011f\u0131 gerek\u00e7esiyle ele\u015ftiri alan Altan&#39;\u0131n, kendilerini ele\u015ftirenlere de &quot;Kur\u015fun asker korosu&quot; demesi de \u00e7eli\u015fki olarak nitelendirildi. <\/p>\n<p> <strong>S\u00f6zleri esef verici<\/strong><\/p>\n<p> K\u0131r\u0131kkale \u00dcniversitesi Uluslararas\u0131 \u0130li\u015fkiler B\u00f6l\u00fcm\u00fc \u00d6\u011fretim G\u00f6revlisi Prof. Dr. Cemalettin Ta\u015fk\u0131ran&#39;da, \u015fu ifadeleri kulland\u0131: &quot;301, sivil Anayasa, az\u0131nl\u0131k vak\u0131flar\u0131n\u0131n mallar\u0131, Y\u00d6K&#39;\u00fcn kald\u0131r\u0131lmas\u0131 ve Aleviler gibi s\u00f6ylemler AB&#39;nin dayatmalar\u0131d\u0131r. S\u00f6ylemin gerisine bak\u0131ld\u0131\u011f\u0131 zaman T\u00fcrkiye&#39;nin bir kaos ortas\u0131na s\u00fcr\u00fcklenmek istedi\u011fini g\u00f6steriyor&quot; dedi.<\/p>\n<p> <\/p>\n<hr \/>\n<p> <a name=\"_ftn1\" href=\"#_ftnref1\" title=\"_ftn1\">[1]<\/a> 19.02.2008 \/ Yeni\u00e7a\u011f<\/p>\n<p> <a name=\"_ftn2\" href=\"#_ftnref2\" title=\"_ftn2\">[2]<\/a> 19.02.2008 \/ Ay\u015fe Ayd\u0131n \/ Terc\u00fcman<\/p>\n","protected":false},"excerpt":{"rendered":"<p><strong>Ba\u015f\u00f6rt\u00fcs\u00fc yasa\u011f\u0131n\u0131 destekleyen ve M\u00fcsl\u00fcman T\u00fcrk halk\u0131na en az\u0131ndan bir sayg\u0131y\u0131 bile esirgeyenlerin T\u00fcrk\u00e7\u00fcl\u00fc\u011f\u00fc ile; Sevr&#39;in uygulanmas\u0131 ve \u00fclkemizin par\u00e7alanmas\u0131 i\u00e7in kiraland\u0131klar\u0131 AB&#39;nin yerli misyonerli\u011fini y\u00fcr\u00fcten 2.ci Cumhuriyet\u00e7i solcular\u0131n ve \u0131l\u0131ml\u0131 \u0130slamc\u0131lar\u0131n K\u00fcrt\u00e7\u00fcl\u00fc\u011f\u00fc, g\u00f6r\u00fcn\u00fc\u015fte farkl\u0131 ve ayr\u0131 \u015feyler zannedilse de, ger\u00e7ekte ayn\u0131 kap\u0131ya \u00e7\u0131kmaktad\u0131r. Hatta yakinen biliyoruz ki, bir\u00e7o\u011fu ayn\u0131 Mason Localar\u0131na ba\u011fl\u0131d\u0131r.<\/strong><\/p>\n","protected":false},"author":11,"featured_media":0,"comment_status":"open","ping_status":"closed","sticky":false,"template":"","format":"standard","meta":{"footnotes":""},"categories":[82],"tags":[],"class_list":["post-1275","post","type-post","status-publish","format-standard","hentry","category-mayis-2008"],"_links":{"self":[{"href":"https:\/\/www.millicozum.com\/mc\/wp-json\/wp\/v2\/posts\/1275","targetHints":{"allow":["GET"]}}],"collection":[{"href":"https:\/\/www.millicozum.com\/mc\/wp-json\/wp\/v2\/posts"}],"about":[{"href":"https:\/\/www.millicozum.com\/mc\/wp-json\/wp\/v2\/types\/post"}],"author":[{"embeddable":true,"href":"https:\/\/www.millicozum.com\/mc\/wp-json\/wp\/v2\/users\/11"}],"replies":[{"embeddable":true,"href":"https:\/\/www.millicozum.com\/mc\/wp-json\/wp\/v2\/comments?post=1275"}],"version-history":[{"count":0,"href":"https:\/\/www.millicozum.com\/mc\/wp-json\/wp\/v2\/posts\/1275\/revisions"}],"wp:attachment":[{"href":"https:\/\/www.millicozum.com\/mc\/wp-json\/wp\/v2\/media?parent=1275"}],"wp:term":[{"taxonomy":"category","embeddable":true,"href":"https:\/\/www.millicozum.com\/mc\/wp-json\/wp\/v2\/categories?post=1275"},{"taxonomy":"post_tag","embeddable":true,"href":"https:\/\/www.millicozum.com\/mc\/wp-json\/wp\/v2\/tags?post=1275"}],"curies":[{"name":"wp","href":"https:\/\/api.w.org\/{rel}","templated":true}]}}