{"id":1341,"date":"2008-07-28T10:35:06","date_gmt":"2008-07-28T10:35:06","guid":{"rendered":"https:\/\/www.millicozum.com\/mc\/2008\/07\/28\/tanbul-bopun-ekonom-ve-ktel-baentmyapiliyor\/"},"modified":"2008-07-28T10:35:06","modified_gmt":"2008-07-28T10:35:06","slug":"istanbul-bopun-ekonomik-ve-kulturel-baskenti-mi-yapiliyor","status":"publish","type":"post","link":"https:\/\/www.millicozum.com\/mc\/2008\/agustos-2008\/istanbul-bopun-ekonomik-ve-kulturel-baskenti-mi-yapiliyor\/","title":{"rendered":"\u0130STANBUL, BOP&#8217;UN, EKONOM\u0130K VE K\u00dcLT\u00dcREL BA\u015eKENT\u0130 M\u0130 YAPILIYOR?"},"content":{"rendered":"<p><!--[if gte mso 9]><xml> Normal 0 21 false false false <\/xml><![endif]--><!--[if gte mso 9]><xml> <\/xml><![endif]--> <!--[if gte mso 10]> \n\n<style> \/* Style Definitions *\/ table.MsoNormalTable {mso-style-name:\"Normal Tablo\"; mso-tstyle-rowband-size:0; mso-tstyle-colband-size:0; mso-style-noshow:yes; mso-style-parent:\"\"; mso-padding-alt:0cm 5.4pt 0cm 5.4pt; mso-para-margin:0cm; mso-para-margin-bottom:.0001pt; mso-pagination:widow-orphan; font-size:10.0pt; font-family:\"Times New Roman\"; mso-ansi-language:#0400; mso-fareast-language:#0400; mso-bidi-language:#0400;} <\/style>\n\n <![endif]--> <strong>B\u00fcy\u00fck \u0130srail Projesi ve \u0130stanbul&#39;a, Bizans muamelesi <\/strong><\/p>\n<p> <strong>2010 Avrupa K\u00fclt\u00fcr Ba\u015fkenti se\u00e7ilen \u0130stanbul&#39;u denetlemeye gelen UNESCO heyeti, gazetemizin s\u0131k s\u0131k g\u00fcndeme getirdi\u011fi &#8216;Bizans eserleri ihya ediliyor&#39; haberlerini adeta resmile\u015ftirmi\u015fti. Heyetin Osmanl\u0131 eserlerinden sadece S\u00fcleymaniye&#39;yi gezerken geri kalan zaman\u0131n\u0131n t\u00fcm\u00fcn\u00fc Bizans eserlerinin son durumunu incelemek ve yap\u0131lan \u00e7al\u0131\u015fmalar\u0131 denetlemek i\u00e7in ay\u0131rmas\u0131 dikkat \u00e7ekmi\u015fti.<\/strong><\/p>\n<p>  <!--[if gte mso 9]><xml> Normal 0 21 false false false <\/xml><![endif]--><!--[if gte mso 9]><xml> <\/xml><![endif]--><!--[if !mso]> <object \tclassid=\"clsid:38481807-CA0E-42D2-BF39-B33AF135CC4D\" id=ieooui><\/object> \n\n<style> st1\\:*{behavior:url(#ieooui) } <\/style>\n\n <![endif]--> <!--[if gte mso 10]> \n\n<style> \/* Style Definitions *\/ table.MsoNormalTable {mso-style-name:\"Normal Tablo\"; mso-tstyle-rowband-size:0; mso-tstyle-colband-size:0; mso-style-noshow:yes; mso-style-parent:\"\"; mso-padding-alt:0cm 5.4pt 0cm 5.4pt; mso-para-margin:0cm; mso-para-margin-bottom:.0001pt; mso-pagination:widow-orphan; font-size:10.0pt; font-family:\"Times New Roman\"; mso-ansi-language:#0400; mso-fareast-language:#0400; mso-bidi-language:#0400;} <\/style>\n\n <![endif]--> <strong>\u00a0<\/strong><\/p>\n<p> <strong>2010 Avrupa K\u00fclt\u00fcr Ba\u015fkenti (AKB) se\u00e7ilen \u0130stanbul&#39;u &#8216;denetlemeye&#39; gelen UNESCO heyeti Bizans eserlerine \u00f6zel bir ilgi g\u00f6sterdi. Ofer&#39;e verilen ancak iptal edilen Galataport ve Haydarpa\u015faport projeleri hakk\u0131nda da bilgi verilen heyetin Sulukule&#39;ye olan merak\u0131 da dikkatlerden ka\u00e7mad\u0131. \u0130slam ve Osmanl\u0131 eserlerinden sadece S\u00fcleymaniye&#39;yi gezen heyet, \u0130stanbul B\u00fcy\u00fck\u015fehir Belediye Ba\u015fkan\u0131 Kadir Topba\u015f&#39;\u0131n kendi \u00e7izdi\u011fi Hali\u00e7 Metro Ge\u00e7i\u015f Projesi&#39;ni de be\u011fenmemi\u015fti. <\/strong><\/p>\n<p> <strong>UNESCO tam kadro \u0130stanbul&#39;a niye gelmi\u015fti?<\/strong><\/p>\n<p> 2010 AKB \u0130stanbul&#39;un &#39;D\u00fcnya Miras\u0131&#39; listesinde kal\u0131p kalmayaca\u011f\u0131n\u0131n belirlenece\u011fi kritik s\u0131nav i\u00e7in \u00fclkemize gelen UNESCO D\u00fcnya Miras\u0131 Merkezi Ba\u015fkan\u0131 Francesco Bandarin ve UNESCO D\u00fcnya Miras\u0131 Koruma Merkezi&#39;nden Avrupa ve Kuzey Amerika B\u00f6l\u00fcm\u00fc Ba\u015fkan\u0131 Mecht\u0131ld Rossler ba\u015fkanl\u0131\u011f\u0131ndaki bir heyet \u00e7al\u0131\u015fmalar\u0131n\u0131 tamamlayarak, \u00e7e\u015fitli sunum ve brifingler verilen heyet \u00fcyeleri \u00fclkemizde bulunduklar\u0131 s\u00fcre i\u00e7erisinde Sulukule, Tekfur Saray\u0131, Kara Surlar\u0131, Anemas Zindanlar\u0131, Yedikule Zindanlar\u0131, Ayvansaray, Fener-Balat Evleri, Zeyrek Evleri, Yenikap\u0131 metro istasyonu kaz\u0131 alan\u0131, Four Seasons Otel in\u015faat\u0131 ve biti\u015fi\u011findeki kaz\u0131 alan\u0131, Hali\u00e7-Yenikap\u0131 metro ge\u00e7i\u015f alan\u0131 (Azapkap\u0131), Ceneviz Kara Surlar\u0131 ve Bucoleon Saray\u0131&#39;n\u0131 ziyaret etmi\u015fti.<\/p>\n<p> <strong>Sulukule, Galataport ve Haydarpa\u015faport&#39;a \u00f6zel ilgi<\/strong><\/p>\n<p> S\u00fcleymaniye evleri d\u0131\u015f\u0131nda hi\u00e7bir \u0130slam ve Osmanl\u0131 eserini incelemeyen heyetin Sulukule&#39;ye olan ilgisi gizlenmemi\u015fti. \u00d6te yandan K\u00fclt\u00fcr Bakanl\u0131\u011f\u0131 Planlama \u015eube M\u00fcd\u00fcr\u00fc Mehmet G\u00fcrkan, Galataport ve Haydarpa\u015fa projeleri ile gelinen son nokta hakk\u0131nda heyet \u00fcyelerine bilgi vermi\u015fti. Fener-Balat Rehabilitasyon Program\u0131 E\u015f-M\u00fcd\u00fcr\u00fc Luis Mezzano E. de, Fener ve Balat Semtlerinde Avrupa Birli\u011fi Komisyonu deste\u011fiyle ger\u00e7ekle\u015fen restorasyon \u00e7al\u0131\u015fmalar\u0131 hakk\u0131nda sunum ger\u00e7ekle\u015ftirmi\u015fti.<\/p>\n<p> <strong>&quot;Yava\u015f \u00e7al\u0131\u015f\u0131yorsunuz&quot; uyar\u0131s\u0131 kimeydi?<\/strong><\/p>\n<p> Nisan 2006 tarihinde \u0130stanbul&#39;a yine ayn\u0131 t\u00fcrde bir inceleme ziyaretinde bulunan heyet ziyareti sonunda yay\u0131nlad\u0131\u011f\u0131 raporda \u0130stanbul&#39;daki baz\u0131 kurumlara bir ilerleme raporu sunmalar\u0131 ve Kara Surlar\u0131ndaki restorasyon \u00e7al\u0131\u015fmalar\u0131 ile istenen d\u00fczeyde ilerleme kaydetmeleri i\u00e7in \u015eubat 2008&#39;e kadar bir s\u00fcre tan\u0131m\u0131\u015f ve rapor \u015eubat 2008&#39;de UNESCO&#39;ya verilmi\u015fti. Heyet, bu raporun sonu\u00e7lar\u0131n\u0131 yerinde g\u00f6rmek ve 2 y\u0131l i\u00e7erisindeki de\u011fi\u015fiklikleri izlemek \u00fczere \u0130stanbul&#39;a gelmi\u015fti. Ziyaret boyunca \u00e7e\u015fitli sunumlar, brifingler ve Miras Alanlar\u0131na yap\u0131lan alan gezileri ile heyete detayl\u0131 bilgi verilmi\u015fti.<\/p>\n<p> <strong>Avrupa K\u00fclt\u00fcr Ba\u015fkenti nedir?<\/strong><\/p>\n<p> <strong>Avrupa K\u00fclt\u00fcr Ba\u015fkenti fikri ilk kez 1985 y\u0131l\u0131nda d\u00f6nemin Yunanistan K\u00fclt\u00fcr Bakan\u0131 Melina Mercouri taraf\u0131ndan ortaya at\u0131ld\u0131. Ayn\u0131 y\u0131l Avrupa Birli\u011fi Bakanlar Konseyi projenin kapsam\u0131n\u0131 belirledi ve uygulamaya koydu. 1985&#39;ten 2000 y\u0131l\u0131na kadar Avrupa Birli\u011fi&#39;ne \u00fcye olan \u00fclkelerin kentlerinden biri Avrupa K\u00fclt\u00fcr Ba\u015fkenti olarak se\u00e7ildi. 2000 y\u0131l\u0131na gelindi\u011finde, yeni biny\u0131l nedeniyle Avrupa K\u00fclt\u00fcr Ba\u015fkenti unvan\u0131 hem birden fazla kente, hem de AB Aday\u0131 olan \u00fclkelerin kentlerine verilmeye ba\u015fland\u0131.<\/strong><\/p>\n<p> <strong>\u0130stanbul, BOP&#39;un finans ve k\u00fclt\u00fcr merkezi mi?<\/strong><\/p>\n<p> T\u00fcrkiye&#39;ye as\u0131l g\u00f6z diken ve sinsice i\u015fgal etmek isteyen s\u00f6m\u00fcr\u00fc sermayesidir. Siyonist sermaye, be\u015f y\u00fcz senelik emeli olan &quot;tek d\u00fcnya ekonomisi ve tek d\u00fcnya devleti&quot;ni \u0130stanbul&#39;dan y\u00f6netmeyi planlamakta&#8230; T\u00fcrkiye \u00f6zellikle d\u0131\u015f bor\u00e7larla bo\u011fulmakta&#8230; T\u00fcrk halk\u0131 tarlalar\u0131n\u0131 ekmemekte, fabrikalar\u0131n\u0131 kapatmakta&#8230; T\u00fcrkiye&#39;de medya tekeli olu\u015fturulmakta&#8230; T\u00fcrk yarg\u0131s\u0131 T\u00fcrkiye&#39;yi y\u0131kacak \u015fekilde kullan\u0131lmakta&#8230; S\u00f6m\u00fcr\u00fc sermayesi T\u00fcrk halk\u0131n\u0131 dinsizle\u015ftirmek, ahl\u00e2ks\u0131zla\u015ft\u0131rmak (aile yap\u0131s\u0131n\u0131 bozmak), yoksulla\u015ft\u0131rmak, birbirine d\u00fc\u015f\u00fcrmek suretiyle kendisine u\u015fak yapabilmek ve T\u00fcrklerden olu\u015fturaca\u011f\u0131 paral\u0131 askerlerle d\u00fcnyay\u0131 y\u00f6netmek sevdas\u0131ndad\u0131r&#8230; Bu plan sermayenin birinci plan\u0131d\u0131r. S\u00f6m\u00fcr\u00fc sermayesinin ikinci plan\u0131 ise; \u0130ran ile T\u00fcrkiye&#39;yi kap\u0131\u015ft\u0131rmak, sava\u015ft\u0131rmak ve ikisi de mecalsiz h\u00e2le geldikten sonra Ermeni, G\u00fcrc\u00fc, Bulgar, Yunan halklar\u0131n\u0131 sald\u0131rtarak Anadolu&#39;da T\u00fcrkleri imha etmek ve karma halklar\u0131 yerle\u015ftirip onlar\u0131 paral\u0131 asker olarak kullanmak istemekte, bunun i\u00e7in \u00e7al\u0131\u015fmaktad\u0131r&#8230; <\/p>\n<p> Bu durum kar\u015f\u0131s\u0131nda sorulmas\u0131 gereken ve cevab\u0131 aranan soru \u015fudur: &#8216;T\u00fcrkiye ne yapmal\u0131 ve bu sald\u0131r\u0131lara kar\u015f\u0131 kendisini nas\u0131l savunmal\u0131d\u0131r?&#39;<\/p>\n<p> IMF ve D\u00fcnya Bankas\u0131 gibi k\u00fcresel s\u00f6m\u00fcr\u00fc sermayesinin g\u00fcd\u00fcm\u00fcndeki kurulu\u015flar\u0131n ekonomi politikalar\u0131n\u0131 uygulayan iktidarlarla bu i\u015f olmaz; nitekim bug\u00fcne kadar olmad\u0131\u011f\u0131 apa\u00e7\u0131k g\u00f6r\u00fcld\u00fc. &#8216;\u00d6zelle\u015ftirme&#39; ad\u0131 alt\u0131nda her \u015feyimizi satt\u0131k ama &#8216;d\u0131\u015f bor\u00e7lar\u0131m\u0131z&#39; azalaca\u011f\u0131na, katlanarak daha da artt\u0131; bu nas\u0131l i\u015f?!. Ayr\u0131ca, art\u0131k patlama noktas\u0131na gelen \u00fclke ekonomisinin h\u00e2len i\u00e7ine girmi\u015f bulundu\u011fu s\u00fcre\u00e7, bu s\u00f6yledi\u011fimizin en \u00f6nemli kan\u0131t\u0131d\u0131r. <\/p>\n<p> T\u00dcS\u0130AD gibi kurulu\u015flar da \u00fclke ekonomisinin \u00e7\u00f6k\u00fcnt\u00fcden kurtar\u0131lmas\u0131 i\u00e7in yap\u0131lmas\u0131 gerekenleri yapmaz, yapamaz; \u00e7\u00fcnk\u00fc onlar sermaye taraf\u0131ndan direkt veya endirekt bir \u015fekilde i\u015fgal edilmi\u015ftir. Bug\u00fcne kadar yap(a)mad\u0131larsa, bundan sonra da yap(a)mazlar. <\/p>\n<p> Mill\u00ee olmayan d\u0131\u015fa ba\u011f\u0131ml\u0131 bas\u0131n-yay\u0131n yani medya da yap\u0131lmas\u0131 gerekenleri yapamamakta; tam tersine, her f\u0131rsatta ve \u00f6zellikle de kritik d\u00f6nemlerde d\u0131\u015far\u0131dan \u00fcflenen senaryolara g\u00f6re harekete ge\u00e7erek bilinen malum \u015feyleri yapmaktad\u0131r. <\/p>\n<p> Bunlardan herhangi biri T\u00fcrkiye ve T\u00fcrk halk\u0131 lehine k\u00fc\u00e7\u00fck bir hareket yapsa; iftira kampanyas\u0131 haz\u0131rd\u0131r, mill\u00ee olmayan d\u0131\u015fa ba\u011f\u0131ml\u0131 medya, bu s\u00f6m\u00fcr\u00fc sermayesi lehine \u00e7al\u0131\u015fmak i\u00e7in n\u00f6bet ba\u015f\u0131ndad\u0131r, derhal harekete ge\u00e7er ve bilinen karalamalar\u0131 ba\u015flar. <\/p>\n<p> <strong>\u00d6yleyse, T\u00fcrkiye&#39;nin nas\u0131l savunulmas\u0131 gerekir? <\/strong><\/p>\n<p> Yap\u0131lacak i\u015f; \u0130stikl\u00e2l Sava\u015f\u0131 d\u00f6neminde oldu\u011fu gibi T\u00fcrk halk\u0131 yani herkes harekete ge\u00e7ecek, hayat\u0131n her alan\u0131nda faaliyet g\u00f6steren b\u00fct\u00fcn kesimler tam bir i\u015fbirli\u011fi i\u00e7ine girecek, \u00f6zellikle &quot;halk ekonomisi&quot; g\u00fc\u00e7lendirilecek, halk ekonomisi kurulu\u015flar\u0131na ilm\u00ee ve siyas\u00ee destek sa\u011flanacak, \u00fclke bir b\u00fct\u00fcn olarak savunulacakt\u0131r. <\/p>\n<p> \u0130nsanl\u0131k tarihine bakt\u0131\u011f\u0131m\u0131zda ve m\u00fcspet ilme sordu\u011fumuzda; ald\u0131\u011f\u0131m\u0131z cevaptan anla\u015f\u0131ld\u0131\u011f\u0131na g\u00f6re sonunda zafer halk\u0131n olacakt\u0131r. Bunun b\u00f6yle olaca\u011f\u0131na dair birka\u00e7 gerek\u00e7eyi bu vesileyle bir kere daha hat\u0131rlatal\u0131m. 1) S\u00f6m\u00fcr\u00fc sermayesi yeteri kadar b\u00fcy\u00fcm\u00fc\u015ft\u00fcr. Sermaye sahiplerinin kendi i\u00e7lerinde \u00e7at\u0131\u015fma vard\u0131r. S\u00f6m\u00fcr\u00fc sermayesi art\u0131k g\u00fcc\u00fcn\u00fc yitirmeye ba\u015flam\u0131\u015ft\u0131r. 2) Sermayenin temel dayana\u011f\u0131 olan ABD&#39;de halk s\u00f6m\u00fcr\u00fc sermayesine kar\u015f\u0131 cephe alm\u0131\u015ft\u0131r. Ad\u0131m ad\u0131m onu kenara itmekte ve devre d\u0131\u015f\u0131 b\u0131rakmaktad\u0131r. 3) Avrupa Birli\u011fi, Rusya, \u00c7in ve di\u011fer b\u00fcy\u00fck devletler s\u00f6m\u00fcr\u00fc sermayesinin yapt\u0131klar\u0131n\u0131n fark\u0131na varm\u0131\u015flard\u0131r. \u00c7\u0131k\u0131\u015f yollar\u0131n\u0131 aramaktad\u0131rlar. 4) En \u00f6nemlisi, geli\u015fen d\u00fcnya ve \u00fclkemiz art\u0131k merkezi tekel s\u00f6m\u00fcr\u00fc sermayesine gerek kalmadan da ya\u015fayacak seviyeye ula\u015fm\u0131\u015ft\u0131r. Mill\u00ee G\u00f6r\u00fc\u015f&#39;\u00fcn &quot;Adil D\u00fczen&quot;i ve &quot;Adil Ekonomik D\u00fczen&quot;i t\u00fcm insanl\u0131k taraf\u0131ndan yava\u015f yava\u015f anla\u015f\u0131lmaya ba\u015flanm\u0131\u015ft\u0131r. <\/p>\n<p> \u0130\u015fte bu gerek\u00e7elerden dolay\u0131 asla \u00fcmitsizli\u011fe d\u00fc\u015fme yoktur. S\u00f6m\u00fcr\u00fc sermayesi \u00f6mr\u00fcn\u00fc tamamlamak \u00fczeredir. Herkes elinden geleni yapmal\u0131 ve s\u00f6m\u00fcr\u00fc sermayesinin alternatifi olan &quot;Adil D\u00fczen&quot;e ve &quot;Adil Ekonomik D\u00fczen&quot;e katk\u0131da bulunmal\u0131, \u00fclke bir b\u00fct\u00fcn olarak b\u00f6yle savunulmal\u0131d\u0131r.<a name=\"_ftnref1\" href=\"#_ftn1\" title=\"_ftnref1\">[1]<\/a> <\/p>\n<p> <strong>Yabanc\u0131 sermayede deniz bitti <\/strong><\/p>\n<p> T\u00fcrkiye&#39;nin AB ile m\u00fczakerelere ba\u015flad\u0131\u011f\u0131 2005 y\u0131l\u0131ndan itibaren h\u0131zlanan ve ba\u015fl\u0131ca \u00f6zelle\u015ftirmeler kapsam\u0131ndaki sat\u0131n almalar ve \u015firket evlilikleri yoluyla son iki y\u0131lda rekor k\u0131ran do\u011frudan yabanc\u0131 sermaye giri\u015fleri, bu y\u0131l\u0131n ilk \u00e7eyre\u011finde belirgin bi\u00e7imde h\u0131z kesti.<\/p>\n<p> Merkez Bankas\u0131 verilerine g\u00f6re ge\u00e7en y\u0131l\u0131n Ocak-Mart d\u00f6neminde 8 milyar 229 milyon dolar olan, y\u0131l\u0131n t\u00fcm\u00fcnde ise 19 milyar 270 milyon dolara ula\u015fan do\u011frudan yabanc\u0131 sermaye fiili giri\u015f tutar\u0131, bu y\u0131l\u0131n ayn\u0131 d\u00f6neminde 3 milyar 484 milyon dolar d\u00fczeyinde ger\u00e7ekle\u015fti. \u00dc\u00e7 ayl\u0131k giri\u015f tutar\u0131 ge\u00e7en y\u0131l\u0131n ayn\u0131 d\u00f6nemindekinin yakla\u015f\u0131k y\u00fczde 58 alt\u0131nda kald\u0131. Bu y\u0131l Ocak ay\u0131nda 922 milyon, \u015eubat&#39;ta 390 milyon, Mart ay\u0131nda ise 2 milyar 172 milyon dolarl\u0131k fiili giri\u015f ya\u015fand\u0131. 2002 y\u0131l\u0131n\u0131n t\u00fcm\u00fcnde sadece 622 milyon, 2003 y\u0131l\u0131nda 745 milyon dolar olan do\u011frudan yabanc\u0131 sermaye giri\u015fi, 2004 y\u0131l\u0131nda 1 milyar 190 milyon, m\u00fczakerelerin ba\u015flad\u0131\u011f\u0131 2005 y\u0131l\u0131nda ise 8 milyar 535 milyon dolara \u00e7\u0131km\u0131\u015ft\u0131. Giri\u015fler, 2006 y\u0131l\u0131nda 17 milyar 639 milyon, 2007 y\u0131l\u0131nda da 19 milyar 270 milyon dolarla rekor k\u0131rm\u0131\u015ft\u0131. <\/p>\n<p> <strong>Gelen para banka al\u0131m taksiti<\/strong><\/p>\n<p> <strong>Bu y\u0131l\u0131n ilk \u00fc\u00e7 ay\u0131ndaki fiili giri\u015flerde 2 milyar 979 milyon dolarla en b\u00fcy\u00fck pay\u0131 hizmetler sekt\u00f6r\u00fc ald\u0131. S\u00f6z konusu tutar ge\u00e7en y\u0131la g\u00f6re y\u00fczde 55 azald\u0131. \u00dc\u00e7 ayda hizmetler sekt\u00f6r\u00fcnde ger\u00e7ekle\u015fen fiili giri\u015flerin da 2 milyar 443 milyon dolar\u0131n\u0131n mali arac\u0131 kurulu\u015f faaliyetleri olu\u015fturdu. Buna g\u00f6re \u00f6nceki y\u0131llardaki y\u00fcksek tutarl\u0131 fiili giri\u015flerin b\u00fcy\u00fck b\u00f6l\u00fcm\u00fcn\u00fc olu\u015fturan yabanc\u0131lar\u0131n banka al\u0131mlar\u0131na ait \u00f6demeler, bu y\u0131l ilk \u00e7eyrekte de giri\u015flerin b\u00fcy\u00fck b\u00f6l\u00fcm\u00fcn\u00fc olu\u015ftururken, di\u011fer alanlara y\u00f6nelik giri\u015fler son derece d\u00fc\u015f\u00fck kald\u0131. \u00dc\u00e7 ayda hizmetler sekt\u00f6r\u00fcne gelen yabanc\u0131 sermayenin 338 milyon dolarl\u0131k bir b\u00f6l\u00fcm\u00fc de gayrimenkul kiralama ve i\u015f faaliyetleri alan\u0131na y\u00f6nelik olurken, di\u011fer hizmetler alt sekt\u00f6rlerine de toplam 198 milyon dolarl\u0131k yabanc\u0131 sermaye giri\u015fi ya\u015fand\u0131. Ocak-Mart d\u00f6neminde imalat sanayine y\u00f6nelik giri\u015fler y\u00fczde 71 d\u00fc\u015ferek 1 milyar 568 milyon dolardan 453 milyon dolara geriledi. Giri\u015flerde sembolik paya sahip olan madencilik sekt\u00f6r\u00fcnde ger\u00e7ekle\u015fen tutar 6 milyon dolardan 10 milyon dolara, elektrik, gaz ve su sekt\u00f6r\u00fcnde ya\u015fanan giri\u015f de 3 milyon dolardan 28 milyon dolara \u00e7\u0131kt\u0131. B\u00f6ylece s\u0131nai sekt\u00f6rlere y\u00f6nelik toplam giri\u015f y\u00fczde 69 d\u00fc\u015f\u00fc\u015fle 1 milyar 577 milyon dolardan 491 milyon dolara inmi\u015f oldu. Tar\u0131m sekt\u00f6r\u00fcnde de \u00fc\u00e7 ayda 14 milyon dolarl\u0131k bir yabanc\u0131 sermaye giri\u015fi ya\u015fand\u0131.<a name=\"_ftnref2\" href=\"#_ftn2\" title=\"_ftnref2\"><strong>[2]<\/strong><\/a><\/strong><\/p>\n<p> <strong>\u00c7\u00f6ken IMF&#39;ye k\u00f6le teslimiyet\u00e7ili\u011fi<\/strong><\/p>\n<p> Uluslararas\u0131 Para Fonu (IMF) ile 19&#39;uncu standby anla\u015fmas\u0131 9 May\u0131s&#39;ta resmen sona erdi ama ekonomik \u00e7evrelerde tart\u0131\u015fmalar s\u00fcr\u00fcp gidiyor. <\/p>\n<p> H\u00fck\u00fcmetin yeni d\u00f6nemde IMF ile ili\u015fkileri hangi zemine oturtaca\u011f\u0131 konusunda hen\u00fcz karar vermemi\u015f olmas\u0131n\u0131n da k\u0131z\u0131\u015ft\u0131rd\u0131\u011f\u0131 bu tart\u0131\u015fmalar iki soruda yo\u011funla\u015ft\u0131: 1-&quot;IMF ile yola nas\u0131l devam etmeli?&quot; 2-&quot;T\u00fcrkiye, IMF&#39;siz devam edebilir mi?&quot; <\/p>\n<p> Biz ikinci soru \u00fcst\u00fcnde duraca\u011f\u0131z. Hemen cevab\u0131m\u0131z\u0131 verelim: &quot;Evet, T\u00fcrkiye, IMF&#39;siz devam edebilir.&quot; Etmeli de. Birden fazla gerek\u00e7emiz var: <\/p>\n<p> 1-\u00a0\u00a0\u00a0\u00a0\u00a0\u00a0\u00a0\u00a0 T\u00fcrkiye, 9 May\u0131s&#39;a kadar IMF g\u00f6zetimi alt\u0131nda olan tek geli\u015fmi\u015f ekonomiydi. Bu kurumla standby anla\u015fmas\u0131 yapan \u015fu \u00fclkelerle birlikte say\u0131l\u0131yordu: Gabon, Irak, Paraguay, Peru, Makedonya. D\u00fcnyan\u0131n 17&#39;nci b\u00fcy\u00fck ekonomisine yak\u0131\u015fmayan bir tablo. Hem performans, hem de sayg\u0131nl\u0131k a\u00e7\u0131s\u0131ndan. \u00c7\u00fcnk\u00fc milli geliri, o 5 \u00fclkenin toplam\u0131n\u0131n \u00fcst\u00fcnde. \u00c7ekti\u011fi yabanc\u0131 yat\u0131r\u0131m 5 \u00fclkenin toplam\u0131n\u0131n en az 3 kat\u0131. B\u00fcy\u00fcme h\u0131z\u0131, enflasyon, kredi notu \u00f6yle. D\u00f6viz rezervleri \u00f6yle. <\/p>\n<p> 2-\u00a0\u00a0\u00a0\u00a0\u00a0\u00a0 IMF art\u0131k g\u00fcven ve kredibilite a\u00e7\u0131s\u0131ndan eski konumunda de\u011fil.<\/p>\n<p> Varl\u0131\u011f\u0131 ve misyonu sorgulan\u0131yor. Hat\u0131rlatal\u0131m; IMF kurulu\u015fundan (1945) 1970&#39;lerin ba\u015f\u0131na kadar d\u00fcnyada &quot;Kur istikrar\u0131&quot;n\u0131 sa\u011flamakla g\u00f6revliydi&#8230;<\/p>\n<p> 1990&#39;lardan itibaren de (Rusya, Asya, Arjantin ve T\u00fcrkiye krizlerinin etkisiyle), kamu finansman\u0131nda disipline dayal\u0131 politikalara \u00f6ncelik verdi. Ama\u00e7 krize giren \u00fclkeye kemer s\u0131kt\u0131rarak, d\u0131\u015f bor\u00e7lar\u0131n\u0131 \u00f6demeleri i\u00e7in d\u00f6viz \u00fcretmelerini sa\u011flamakt\u0131. Brezilya, Arjantin ve Endonezya gibi b\u00fcy\u00fck bor\u00e7lular\u0131n IMF ile hesaplar\u0131n\u0131 kapatmalar\u0131ndan sonra, kurumun bu konuda da yapt\u0131r\u0131m g\u00fcc\u00fc bir hayli zay\u0131flad\u0131. <\/p>\n<p> \u015eimdi IMF&#39;ye iki rol bi\u00e7iliyor: Az geli\u015fmi\u015f \u00fclkelere dan\u0131\u015fmanl\u0131k yapmak ve k\u00fcresel krizlere kar\u015f\u0131 erken uyar\u0131 sistemi i\u015flevini \u00fcstlenmek. T\u00fcrkiye yeni d\u00f6nemde ili\u015fkilerini ihtiyat\u0131 standby veya program sonras\u0131 izleme se\u00e7eneklerinden biri \u00fcst\u00fcne kurarak, IMF&#39;nin bu yeni g\u00f6revlerine y\u00f6nelimini kolayla\u015ft\u0131rabilir. <\/p>\n<p> Bir ayr\u0131nt\u0131 daha: IMF&#39;den umudu IMF&#39;nin \u00e7al\u0131\u015fanlar\u0131 bile kesti. Bor\u00e7 isteyen kalmad\u0131\u011f\u0131 i\u00e7in faiz geliri d\u00fc\u015fen, o nedenle de \u00e7ark\u0131 \u00e7evirmekte zorlanan kurum, tasarruf tedbiri olarak personel say\u0131s\u0131n\u0131 azaltmaya karar verdi. 2700 ki\u015fiden 300&#39;\u00fcyle ili\u015fki kesilecek. Tazminat kar\u015f\u0131l\u0131\u011f\u0131 g\u00f6n\u00fcll\u00fc ayr\u0131lma y\u00f6ntemi benimsendi. 800 ki\u015fi dilek\u00e7e verdi! Her \u00fc\u00e7 \u00e7al\u0131\u015fandan biri ayr\u0131lmak istiyor. \u00dcstelik finans sekt\u00f6r\u00fcnde istihdam imkanlar\u0131n\u0131n epeyce darald\u0131\u011f\u0131 bir d\u00f6nemde. <\/p>\n<p> 3-\u00a0\u00a0\u00a0 T\u00fcrkiye&#39;deki tart\u0131\u015fmalar\u0131n benzeri 3 y\u0131l \u00f6nce Brezilya&#39;da ya\u015fand\u0131. Devlet Ba\u015fkan\u0131 Luiz Inacio Lula da Silva&#39;n\u0131n 2005 Mart&#39;\u0131n\u0131n sonunda IMF ile standby anla\u015fmas\u0131n\u0131 yenilememeye karar vermesi sonras\u0131. &quot;IMF&#39;siz yapamay\u0131z&quot; ele\u015ftirilerine Lula \u015fu yan\u0131t\u0131 vermi\u015fti: &quot;Brezilya&#39;n\u0131n iki aya\u011f\u0131 \u00fcst\u00fcnde y\u00fcr\u00fcmeye hakk\u0131 var.&quot; <\/p>\n<p> Y\u00fcr\u00fcd\u00fc de. Hem de ko\u015far ad\u0131mlarla. Lula&#39;n\u0131n 5 y\u0131ll\u0131k iktidar\u0131nda ihracat \u00fc\u00e7e katland\u0131. Borsa endeksi y\u00fczde 500 y\u00fckseldi. Y\u0131ll\u0131k yabanc\u0131 sermaye giri\u015fi \u00fc\u00e7 misli art\u0131\u015fla 36.6 milyar dolara \u00e7\u0131kt\u0131. B\u00fcy\u00fcme h\u0131z\u0131 y\u00fczde 5&#39;in \u00fcst\u00fcnde. Enflasyon y\u00fczde 4&#39;\u00fcn alt\u0131nda. D\u00f6viz rezervleri 5 y\u0131lda 10 kat artarak 200 milyar dolara dayand\u0131&#8230;&quot;<a name=\"_ftnref3\" href=\"#_ftn3\" title=\"_ftnref3\">[3]<\/a><\/p>\n<p> <strong>Eski Alman D\u0131\u015fi\u015fleri Bakan\u0131 Joschka F\u0131scher&#39;in The Guardion&#39;daki s\u00f6zleri olduk\u00e7a \u00f6nemliydi:<\/strong><\/p>\n<p> <strong>Yeni Ortado\u011fu korku sa\u00e7\u0131yor!<\/strong><\/p>\n<p> &quot;Ortado\u011fu&#39;da Sovyetler&#39;in \u00e7\u00f6k\u00fc\u015f\u00fc ve devlet d\u0131\u015f\u0131 akt\u00f6rlerin y\u00fckseli\u015fiyle ba\u015flayan de\u011fi\u015fim, Irak sava\u015f\u0131n\u0131n \u0130ran&#39;\u0131 g\u00fc\u00e7lendirip Suudi Arabistan&#39;\u0131 varl\u0131\u011f\u0131ndan endi\u015fe eder hale getirmesiyle yeni bir g\u00f6r\u00fcnt\u00fc ald\u0131. \u0130\u015fbirli\u011fini \u00f6n plana koyan bir d\u00fczen kurulmazsa b\u00f6lge eskisinden de tehlikeli olacak<\/p>\n<p> ABD Ba\u015fkan\u0131 George W. Bush&#39;un Ortado\u011fu siyaseti bir \u015feyi reddedilemez bir bi\u00e7imde ba\u015fard\u0131; B\u00f6lgeyi ba\u015ftan a\u015fa\u011f\u0131 istikrars\u0131zla\u015ft\u0131rd\u0131. Bunun d\u0131\u015f\u0131nda, sonu\u00e7lar\u0131n ABD&#39;nin ba\u015farmay\u0131 umdu\u011fu \u015feyle yak\u0131ndan uzaktan al\u00e2kas\u0131 bulunmamaktad\u0131r. Demokratik, Bat\u0131 yanl\u0131s\u0131 bir Ortado\u011fu ihtimaller aras\u0131nda bile say\u0131lmamaktad\u0131r. <\/p>\n<p> Fakat, i\u015fler Amerikal\u0131 yeni muhafazak\u00e2rlar\u0131n niyet etti\u011fi gibi olmasa da geli\u015fiyor. Irak sava\u015f\u0131 adl\u0131 tarihi ba\u015far\u0131s\u0131zl\u0131k, laik Arap milliyet\u00e7ili\u011finin y\u0131k\u0131l\u0131\u015f\u0131 ve h\u0131zla y\u00fckselen petrol ve do\u011falgaz fiyatlar\u0131 b\u00f6lgede derin de\u011fi\u015fiklikler yaratm\u0131\u015ft\u0131r. \u015eam&#39;dan Dubai&#39;ye, Tel Aviv&#39;den Tahran&#39;a kadar yeni bir Ortado\u011fu ortaya \u00e7\u0131kmaktad\u0131r. <\/p>\n<p> Eski Ortado\u011fu, Osmanl\u0131 \u0130mparatorlu\u011fu&#39;nun 1918&#39;deki \u00e7\u00f6k\u00fc\u015f\u00fcnden sonra Avrupal\u0131 g\u00fc\u00e7ler taraf\u0131ndan yarat\u0131lan s\u0131n\u0131rlar ve siyasi kimlikler \u00fczerinde kurgulanm\u0131\u015ft\u0131. \u0130tici ideolojik g\u00fcc\u00fc de, h\u00fck\u00fcmetin tepeden att\u0131\u011f\u0131 ad\u0131mlarla siyasi ve sosyal modernle\u015fme \u00e7abas\u0131nda olan Avrupa esinli laik milliyet\u00e7ilik ak\u0131mlar\u0131yd\u0131. B\u00f6ylesi bir milliyet\u00e7ilik, veya &#8216;Arap sosyalizmi&#39;, s\u0131rt\u0131n\u0131 Sovyetler&#39;in askeri, siyasi ve ekonomik deste\u011fine dayayabildi\u011fi So\u011fuk Sava\u015f&#39;ta zirveye ula\u015fm\u0131\u015ft\u0131.&quot; Evet F\u0131scher&#39;in bu cesur \u00e7\u0131k\u0131\u015flar\u0131 olduk\u00e7a anlaml\u0131yd\u0131. <\/p>\n<p> <strong>Siyasi \u0130slam laikli\u011fin yerini al\u0131yor<\/strong><\/p>\n<p> Bu projenin sonu da, Sovyetler Birli\u011fi&#39;nin sonuyla ayn\u0131 anda geldi. Sovyetler Birli\u011fi&#39;nin sonu ayn\u0131 zamanda pek \u00e7ok Arap devletinde derin askeri krizleri tetikledi. Kendi askeri kapasitelerinin d\u0131\u015f garantisi olan Sovyet deste\u011finin yoklu\u011funda, milliyet\u00e7i rejimler art\u0131k askeri modernle\u015fmeye ayak uyduramaz hale gelmi\u015fti. <\/p>\n<p> Dolay\u0131s\u0131yla milliyet\u00e7i rejimler yava\u015f yava\u015f halk\u0131n g\u00f6z\u00fcndeki me\u015fruiyetlerini kaybettiler; bu durum da \u015fu an devlet d\u0131\u015f\u0131 akt\u00f6rlerin b\u00fcy\u00fck \u00f6l\u00e7\u00fcde doldurdu\u011fu bir bo\u015fluk ortaya \u00e7\u0131kt\u0131. \u0130deolojik g\u00fc\u00e7ler ve g\u00fcc\u00fcn birimi de de\u011fi\u015fti; siyasi \u0130slam laikli\u011fin yerini al\u0131rken, sosyal meselelerde devrimci, Bat\u0131 kar\u015f\u0131t\u0131 milliyet\u00e7ili\u011fi de ba\u015far\u0131l\u0131 bir bi\u00e7imde entegre etti. <\/p>\n<p> Bug\u00fcn eski Ortado\u011fu h\u00e2l\u00e2 Suriye, M\u0131s\u0131r, Yemen, Tunus, Cezayir ve Fetih&#39;in kontrol\u00fcndeki Filistin&#39;de bulunabilir. Yeni Ortado\u011fu&#39;ysa, Dubai, K\u00f6rfez Emirlikleri ve \u0130srail&#39;in yan\u0131 s\u0131ra Hizbullah, Hamas ve cihat\u00e7\u0131 ter\u00f6rizmi, k\u0131smen de \u0130ran ve Suudi Arabistan&#39;\u0131 i\u00e7eriyor. \u00dcrd\u00fcn ve Fas da kendilerini yeni Ortado\u011fu&#39;yla ili\u015fkilendirmeye \u00e7al\u0131\u015f\u0131yor. <\/p>\n<p> Bu \u00f6rneklerin a\u00e7\u0131k\u00e7a g\u00f6sterdi\u011fi gibi, &#8216;yeni&#39; &#8216;daha iyi&#39; anlam\u0131na gelmek zorunda de\u011fil; basit bir deyi\u015fle &#8216;farkl\u0131 ve daha modern&#39; denilebilir. Ger\u00e7ekten de, modernle\u015fme b\u00f6lgede iltihaplanmaya devam eden ihtilaflara hi\u00e7bir \u015fekilde bir \u00e7\u00f6z\u00fcm ima etmiyor. Bunun yerine, bu ihtilaflar\u0131n bizzat kendileri &#8216;modernle\u015fti&#39; ki, bu onlar\u0131 ge\u00e7mi\u015ftekinden daha daha tehlikeli hale getirebilir. <\/p>\n<p> Bu t\u00fcr modernle\u015fmenin bir ve\u00e7hesi, tanklarla sava\u015fman\u0131n roket ve Katyu\u015fa&#39;lar taraf\u0131ndan modas\u0131 ge\u00e7mi\u015f k\u0131l\u0131nd\u0131\u011f\u0131 2006 L\u00fcbnan sava\u015f\u0131nda g\u00f6r\u00fclebilir. Ayn\u0131 zamanda, Hizbullah, Hamas ve Kaide gibi devlet d\u0131\u015f\u0131 akt\u00f6rler geleneksel ordular\u0131n, yol kenar\u0131 bombalar\u0131, araba bombalar\u0131 veya patlay\u0131c\u0131 kemerlere sahip intihar bombac\u0131lar\u0131 da Kala\u015fnikof&#39;lu gerilla sava\u015f\u00e7\u0131lar\u0131n\u0131n yerini ald\u0131. <\/p>\n<p> En \u00f6nemli de\u011fi\u015fiklik belki de, b\u00f6lgenin siyasi ve askeri yer\u00e7ekimi merkezinde ya\u015fanan kayma. Eski Ortado\u011fu&#39;daki en \u00f6nemli s\u0131cak noktalar\u0131 \u0130srail, Filistin ve L\u00fcbnan belirlerken, Irak sava\u015f\u0131 \u00f6ncesinde b\u00f6lgesel g\u00fc\u00e7 ve siyaset merkezi K\u00f6rfez&#39;de yo\u011funla\u015ft\u0131. H\u00e2kim ihtilaf\u0131 art\u0131k \u0130srail-Filistin m\u00fccadelesinden ziyade, \u0130ran&#39;la Suudi Arabistan aras\u0131nda \u00fcst\u00fcnl\u00fck, yine \u0130ran&#39;la ABD aras\u0131nda da b\u00f6lgesel h\u00e2kimiyet i\u00e7in bir kar\u015f\u0131la\u015fma ya\u015fanmas\u0131 tehdidi olu\u015fturuyor. Ger\u00e7ekten de, \u0130ran ve Hizbullah&#39;la Hamas gibi yerel m\u00fcttefiklerinin yoklu\u011funda, \u0130srail-Filistin ihtilaf\u0131na herhangi bir \u00e7\u00f6z\u00fcm bulunmas\u0131 art\u0131k neredeyse imk\u00e2ns\u0131z. <\/p>\n<p> O zaman, Irak&#39;taki sava\u015f bir \u015fekilde eski ve yeni Ortado\u011fu aras\u0131ndaki stratejik ve askeri k\u00f6pr\u00fcy\u00fc olu\u015fturuyor. ABD&#39;nin m\u00fcdahalesi b\u00f6lgede pek\u00e7ok taraf\u0131 etkileyen d\u00f6rt de\u011fi\u015fikli\u011fe yol a\u00e7t\u0131: <\/p>\n<p> \u0130ran&#39;\u0131n h\u00e2kimiyet h\u0131rslar\u0131 serbest b\u0131rak\u0131ld\u0131 ve \u00fclkenin, kendi kendine hi\u00e7bir zaman ula\u015famayaca\u011f\u0131 bir stratejik konuma gelmesine yol a\u00e7\u0131lm\u0131\u015ft\u0131r. <\/p>\n<p> Irak&#39;\u0131n demokratikle\u015fmesi \u015eii \u00e7o\u011funlu\u011fu g\u00fc\u00e7lendirdi, bu durum da \u0130ran&#39;\u0131n n\u00fcfuzunu b\u00fcy\u00fck \u00f6l\u00e7\u00fcde g\u00fc\u00e7lendirdi. Ger\u00e7ekten de, Irak&#39;taki sava\u015f y\u00fczlerce y\u0131ll\u0131k \u015eii-S\u00fcnni ihtilaf\u0131n\u0131, jeopolitik \u00f6nem a\u015f\u0131layarak ve t\u00fcm b\u00f6lgeye yayarak g\u00fc\u00e7 kazand\u0131rm\u0131\u015ft\u0131r. <\/p>\n<p> \u0130ran&#39;\u0131n y\u00fckseli\u015fi Suudi Arabistan&#39;\u0131n varl\u0131\u011f\u0131n\u0131 tehdit ediyor \u00e7\u00fcnk\u00fc \u00fclkenin petrol zengini kuzeydo\u011fusunda n\u00fcfusunun \u00e7o\u011funlu\u011funu \u015eiiler olu\u015fturuyor. Ba\u011fdat&#39;ta \u0130ran h\u00e2kimiyetindeki bir \u015eii h\u00fck\u00fcmeti, orta vadede Suudi Arabistan&#39;\u0131n toprak b\u00fct\u00fcnl\u00fc\u011f\u00fcn\u00fc tehdit edece\u011fi a\u00e7\u0131kt\u0131r. <\/p>\n<p> Bu, Suudilerin kabul edemeyece\u011fi bir olas\u0131l\u0131kt\u0131r. <\/p>\n<p> \u0130ran n\u00fckleer g\u00fc\u00e7 olmay\u0131 ba\u015far\u0131rsa, Suudilerin varolu\u015fsal korkular\u0131 dramatik bir bi\u00e7imde t\u0131rman\u0131r. Daha genel d\u00fc\u015f\u00fcn\u00fcrsek de, Ortado\u011fu&#39;daki geleneksel askeri g\u00fc\u00e7 birimi de\u011ferini b\u00fcy\u00fck \u00f6l\u00e7\u00fcde kaybeder, bu durum da ka\u00e7\u0131n\u0131lmaz olarak b\u00f6lgesel bir n\u00fckleer sava\u015f yar\u0131\u015f\u0131yla sonu\u00e7lan\u0131r. <\/p>\n<p> <strong>\u00a0<\/strong><\/p>\n<p> <strong>\u00a0<\/strong><\/p>\n<p> <strong>\u00a0<\/strong><\/p>\n<p> <strong>\u00a0<\/strong><\/p>\n<p> <strong>\u00a0<\/strong><\/p>\n<p> <strong>\u00a0<\/strong><\/p>\n<p> <strong>\u00a0<\/strong><\/p>\n<p> <strong>\u00a0<\/strong><\/p>\n<p> <strong>\u00a0<\/strong><\/p>\n<p> <strong>\u00a0<\/strong><\/p>\n<p> <\/p>\n<hr \/>\n<p> <a name=\"_ftn1\" href=\"#_ftnref1\" title=\"_ftn1\">[1]<\/a> 16.05.2008 \/ Re\u015fat Nuri Erol \/ Milli Gazete<\/p>\n<p> <a name=\"_ftn2\" href=\"#_ftnref2\" title=\"_ftn2\">[2]<\/a> ANKA<\/p>\n<p> <a name=\"_ftn3\" href=\"#_ftnref3\" title=\"_ftn3\">[3]<\/a> Erdal \u015eafak \/ Sabah<\/p>\n","protected":false},"excerpt":{"rendered":"<p><!--[if gte mso 9]><xml> Normal 0 21 false false false <\/xml><![endif]--><!--[if gte mso 9]><xml> <\/xml><![endif]--> <!--[if gte mso 10]> \n\n<style> \/* Style Definitions *\/ table.MsoNormalTable {mso-style-name:\"Normal Tablo\"; mso-tstyle-rowband-size:0; mso-tstyle-colband-size:0; mso-style-noshow:yes; mso-style-parent:\"\"; mso-padding-alt:0cm 5.4pt 0cm 5.4pt; mso-para-margin:0cm; mso-para-margin-bottom:.0001pt; mso-pagination:widow-orphan; font-size:10.0pt; font-family:\"Times New Roman\"; mso-ansi-language:#0400; mso-fareast-language:#0400; mso-bidi-language:#0400;} <\/style>\n\n <![endif]--> <strong>B\u00fcy\u00fck \u0130srail Projesi ve \u0130stanbul&#39;a, Bizans muamelesi <\/strong><\/p>\n<p> <strong>2010 Avrupa K\u00fclt\u00fcr Ba\u015fkenti se\u00e7ilen \u0130stanbul&#39;u denetlemeye gelen UNESCO heyeti, gazetemizin s\u0131k s\u0131k g\u00fcndeme getirdi\u011fi &#8216;Bizans eserleri ihya ediliyor&#39; haberlerini adeta resmile\u015ftirmi\u015fti. Heyetin Osmanl\u0131 eserlerinden sadece S\u00fcleymaniye&#39;yi gezerken geri kalan zaman\u0131n\u0131n t\u00fcm\u00fcn\u00fc Bizans eserlerinin son durumunu incelemek ve yap\u0131lan \u00e7al\u0131\u015fmalar\u0131 denetlemek i\u00e7in ay\u0131rmas\u0131 dikkat \u00e7ekmi\u015fti.<\/strong><\/p>\n","protected":false},"author":28,"featured_media":0,"comment_status":"open","ping_status":"closed","sticky":false,"template":"","format":"standard","meta":{"footnotes":""},"categories":[85],"tags":[3255,3271,3287,3256,3272,3288,3257,3273,3289,3258,3274,3290,3259,3275,3291,3260,3276,3292,3261,3277,3293,3262,3278,3294,3263,3279,3295,3264,3280,3296,1479,3265,3281,3297,2251,3266,3282,3298,2429,3267,3283,2493,3268,3284,3223,3269,3285,3254,3270,3286],"class_list":["post-1341","post","type-post","status-publish","format-standard","hentry","category-agustos-2008","tag-demokratiklesmesi","tag-aramaktadirlar","tag-soyledigimizin","tag-kolaylastirabilir","tag-donemindekinin","tag-calisiyorsunuz","tag-milliyetciliginin","tag-elestirilerine","tag-anlasildigina","tag-iliskilendirmeye","tag-gecmistekinden","tag-belirlenecegi","tag-teslimiyetciligi","tag-haydarpasaport","tag-bitisigindeki","tag-bulunmamaktadir","tag-iltihaplanmaya","tag-birakmaktadir","tag-dinsizlestirmek","tag-kalmayacaginin","tag-dayayabildigi","tag-guclendirilecek","tag-kazandirmistir","tag-degisiklikler","tag-kapasitelerinin","tag-kuzeydogusunda","tag-fabrikalarini","tag-kapatmalarindan","tag-modernlesmenin","tag-finansmaninda","tag-baskanligindaki","tag-mesruiyetlerini","tag-mucadelesinden","tag-gerekcelerden","tag-politikalarini","tag-muttefiklerinin","tag-olusturulmakta","tag-gizlenmemisti","tag-milliyetciligi","tag-sayilmamaktadir","tag-rehabilitasyon","tag-degisiklikleri","tag-seceneklerinden","tag-savascilarinin","tag-gerceklestirmisti","tag-yoksullastirmak","tag-savunulacaktir","tag-istikrarsizlastirdi","tag-ozellestirmeler","tag-savunulmalidir"],"_links":{"self":[{"href":"https:\/\/www.millicozum.com\/mc\/wp-json\/wp\/v2\/posts\/1341","targetHints":{"allow":["GET"]}}],"collection":[{"href":"https:\/\/www.millicozum.com\/mc\/wp-json\/wp\/v2\/posts"}],"about":[{"href":"https:\/\/www.millicozum.com\/mc\/wp-json\/wp\/v2\/types\/post"}],"author":[{"embeddable":true,"href":"https:\/\/www.millicozum.com\/mc\/wp-json\/wp\/v2\/users\/28"}],"replies":[{"embeddable":true,"href":"https:\/\/www.millicozum.com\/mc\/wp-json\/wp\/v2\/comments?post=1341"}],"version-history":[{"count":0,"href":"https:\/\/www.millicozum.com\/mc\/wp-json\/wp\/v2\/posts\/1341\/revisions"}],"wp:attachment":[{"href":"https:\/\/www.millicozum.com\/mc\/wp-json\/wp\/v2\/media?parent=1341"}],"wp:term":[{"taxonomy":"category","embeddable":true,"href":"https:\/\/www.millicozum.com\/mc\/wp-json\/wp\/v2\/categories?post=1341"},{"taxonomy":"post_tag","embeddable":true,"href":"https:\/\/www.millicozum.com\/mc\/wp-json\/wp\/v2\/tags?post=1341"}],"curies":[{"name":"wp","href":"https:\/\/api.w.org\/{rel}","templated":true}]}}