{"id":1344,"date":"2008-07-28T10:37:53","date_gmt":"2008-07-28T10:37:53","guid":{"rendered":"https:\/\/www.millicozum.com\/mc\/2008\/07\/28\/tke-her-tlsava-hazir-mi\/"},"modified":"2008-07-28T10:37:53","modified_gmt":"2008-07-28T10:37:53","slug":"turkiye-her-turlu-savasa-hazir-mi","status":"publish","type":"post","link":"https:\/\/www.millicozum.com\/mc\/2008\/agustos-2008\/turkiye-her-turlu-savasa-hazir-mi\/","title":{"rendered":"T\u00dcRK\u0130YE HER T\u00dcRL\u00dc SAVA\u015eA HAZIR MI?"},"content":{"rendered":"<p><!--[if gte mso 9]><xml> Normal 0 21 false false false <\/xml><![endif]--><!--[if gte mso 9]><xml> <\/xml><![endif]--> <!--[if gte mso 10]> \n\n<style> \/* Style Definitions *\/ table.MsoNormalTable {mso-style-name:\"Normal Tablo\"; mso-tstyle-rowband-size:0; mso-tstyle-colband-size:0; mso-style-noshow:yes; mso-style-parent:\"\"; mso-padding-alt:0cm 5.4pt 0cm 5.4pt; mso-para-margin:0cm; mso-para-margin-bottom:.0001pt; mso-pagination:widow-orphan; font-size:10.0pt; font-family:\"Times New Roman\"; mso-ansi-language:#0400; mso-fareast-language:#0400; mso-bidi-language:#0400;} <\/style>\n\n <![endif]--> <strong>T\u00fcrkiye, bar\u0131\u015f\u0131 ve bekas\u0131n\u0131 sa\u011flamak istiyorsa, sava\u015fa haz\u0131r olmal\u0131d\u0131r!<\/strong><\/p>\n<p> Atat\u00fcrk&#39;\u00fcn<\/p>\n<p> <strong>&quot;Yurtta sulh, cihanda sulh!&quot; s\u00f6z\u00fcn\u00fcn anlam\u0131 ve a\u00e7\u0131l\u0131m\u0131:<\/strong><\/p>\n<p> <strong>Sadece \u00fclkemizin ve b\u00f6lgemizin de\u011fil, b\u00fct\u00fcn insanl\u0131k aleminin bar\u0131\u015f ve huzurunu temin etmek, asil milletimizin g\u00f6revi ve hedefidir. <\/strong>  <!--[if gte mso 9]><xml> Normal 0 21 false false false <\/xml><![endif]--><!--[if gte mso 9]><xml> <\/xml><![endif]--><!--[if !mso]> <object \tclassid=\"clsid:38481807-CA0E-42D2-BF39-B33AF135CC4D\" id=ieooui><\/object> \n\n<style> st1\\:*{behavior:url(#ieooui) } <\/style>\n\n <![endif]--> <!--[if gte mso 10]> \n\n<style> \/* Style Definitions *\/ table.MsoNormalTable {mso-style-name:\"Normal Tablo\"; mso-tstyle-rowband-size:0; mso-tstyle-colband-size:0; mso-style-noshow:yes; mso-style-parent:\"\"; mso-padding-alt:0cm 5.4pt 0cm 5.4pt; mso-para-margin:0cm; mso-para-margin-bottom:.0001pt; mso-pagination:widow-orphan; font-size:10.0pt; font-family:\"Times New Roman\"; mso-ansi-language:#0400; mso-fareast-language:#0400; mso-bidi-language:#0400;} <\/style>\n\n <![endif]--> <strong>Bu tarihi sorumlulu\u011fu yerine getirebilmek, yani; adil bir bar\u0131\u015f d\u00fczenini kurup koruyabilmek i\u00e7in de, her t\u00fcrl\u00fc sava\u015f ara\u00e7 gere\u00e7 ve teknolojilerine ve \u00fcst\u00fcn cayd\u0131r\u0131c\u0131l\u0131k \u00f6zelli\u011fine sahip bir T\u00fcrkiye ger\u00e7e\u011fidir. \u00c7\u00fcnk\u00fc g\u00fc\u00e7s\u00fcz, yetersiz ve yeteneksiz bir orduyla, b\u0131rak\u0131n d\u00fcnyada bar\u0131\u015f\u0131, kendi yurdumuzun ba\u011f\u0131ms\u0131zl\u0131k ve bekas\u0131n\u0131 bile sa\u011flamam\u0131z m\u00fcmk\u00fcn de\u011fildir. Gen\u00e7, yetenekli ve Milli bilin\u00e7li stratejistlerimizden Ayd\u0131n \u00c7etiner&#39;in &quot;\u0130stihbarat Sava\u015flar\u0131&quot; isimli kitap\u00e7\u0131\u011f\u0131nda dile getirdi\u011fi \u00f6nemli ger\u00e7eklerin bir k\u0131sm\u0131n\u0131 \u00f6zetleyerek ve baz\u0131 d\u00fczeltmelerle okurlar\u0131m\u0131z\u0131n ifadesine sunmak istiyorum.<\/strong><\/p>\n<p> <strong>T\u00fcrkiye i\u00e7in sava\u015f ka\u00e7\u0131n\u0131lmaz m\u0131?<\/strong><\/p>\n<p> Recep T. Erdo\u011fan&#39;\u0131n Dan\u0131\u015fman\u0131 Ahmet Davuto\u011flu&#39;nun geli\u015ftirdi\u011fi ve g\u00f6reve geldi\u011fi andan itibaren takip etti\u011fi &quot;s\u0131f\u0131r \u00e7at\u0131\u015fma politikas\u0131&quot; tam bir teslimiyet\u00e7iliktir. D\u00fcnya, sava\u015fs\u0131z bir d\u00fcnya olsun isteniyor, son derece g\u00fczel bir \u00fctopya. Bu elbette istenen, \u00f6zlenen bir \u015fey, ama siz PKK&#39;n\u0131n Kuzey Irak&#39;tan T\u00fcrkiye&#39;ye y\u00f6neltti\u011fi tehdidi bitirmeye \u00e7al\u0131\u015f\u0131yorsunuz, bitmiyor. Keza, K\u0131br\u0131s Rumlar\u0131n\u0131n ve Yunanistan&#39;\u0131n takip etti\u011fi bir politika var; bu kontroll\u00fc gerginlik politikas\u0131n\u0131n Yunanistan&#39;\u0131 b\u00fcy\u00fctt\u00fc\u011f\u00fcn\u00fc g\u00f6r\u00fcyoruz. \u015eimdi T\u00fcrkiye&#39;nin Avrupa Birli\u011fi i\u00e7erisindeki varl\u0131\u011f\u0131n\u0131 destekleyen bir yakla\u015f\u0131m ortaya koyuyor. Bu, Yunan milli menfaatlerine, yani Greklerin milli menfaatlerine uydu\u011fu i\u00e7in AB&#39;ye girmemiz \u00f6\u011f\u00fctleniyor!<\/p>\n<p> Evet, gerekti\u011finde her sava\u015f yerindedir ve ka\u00e7\u0131n\u0131lmazd\u0131r. S\u0131f\u0131r \u00e7at\u0131\u015fma a\u00e7\u0131s\u0131ndan de\u011ferlendirecek olursak, bizim b\u00f6yle bir l\u00fcks\u00fcm\u00fcz bulunmamaktad\u0131r.\u00a0 \u00c7\u00fcnk\u00fc bizimle meselesi olanlar\u0131n tamam\u0131 \u00e7at\u0131\u015fmac\u0131 bir yakla\u015f\u0131mla bizden istediklerini elde etme sevdas\u0131ndad\u0131r. Bizim etraf\u0131m\u0131zdaki irili ufakl\u0131 b\u00fct\u00fcn g\u00fc\u00e7ler kontroll\u00fc gerginlik politikas\u0131n\u0131 bize kar\u015f\u0131 uygulamakta ve ba\u015far\u0131l\u0131 da olmaktad\u0131r. <\/p>\n<p> Ege&#39;de it dala\u015flar\u0131 devam ediyor mu, ediyor. \u0130\u015fte son d\u00f6nemde AB i\u00e7indeki varl\u0131\u011f\u0131m\u0131z\u0131 fiil\u00ee olarak desteklemelerinin sebebi, yine Grek mill\u00ee menfaatlerine uyuyor olmas\u0131d\u0131r. Yoksa T\u00fcrkiye, Cumhuriyeti gelsin, onunla da karde\u015f olal\u0131m diye d\u00fc\u015f\u00fcn\u00fclm\u00fcyor. Venizelos d\u00f6neminden beri de yoktur. T\u00fcrkiye b\u00fcy\u00fck bir g\u00fc\u00e7 ve imparatorluk k\u00fclt\u00fcr\u00fcne sahip oldu\u011fu i\u00e7in, Apo&#39;nun \u015eam&#39;da ikamet etmesi gibi \u015feylere kar\u015f\u0131 a\u015f\u0131n tahamm\u00fcll\u00fc davran\u0131yor. Yani milli T\u00fcrkiye ayn\u0131 zamanda uluslararas\u0131 konjonkt\u00fcr\u00fcn k\u0131ymetlerine de enteresan bir ba\u011fl\u0131l\u0131k g\u00f6sterdi\u011fi i\u00e7in, bunlar kar\u015f\u0131s\u0131nda dengeleri koruyan ve ama f\u0131rsat kollayan bir politika izliyor.<\/p>\n<p> \u00c7\u00fcnk\u00fc bug\u00fcnden yar\u0131n ba\u015f\u0131m\u0131za nelerin gelebilece\u011fine dair bir fikir sahibi olmak durumunday\u0131z. E\u011fer bug\u00fcnden \u00fcretilmi\u015f bir fikriniz yoksa, o olaylar ger\u00e7ekle\u015fti\u011finde ya seyirci olursunuz ya da zarara u\u011frayan taraf..<\/p>\n<p> &quot;\u00c7erni\u015fev isimli eski bir Sovyet b\u00fcy\u00fckel\u00e7isinin T\u00fcrkiye&#39;ye y\u00f6neltti\u011fi \u00e7ok ciddi bir ihtar var, T\u00fcrkiye&#39;nin Kafkaslardaki faaliyetlerine dair bir s\u00f6z s\u00f6yl\u00fcyor, diyor ki, &quot;Evi camdan olan, kom\u015fusuna ta\u015f atmaz.&quot; Bizim evimizin camdan oldu\u011funu g\u00f6r\u00fcyor adam. Yani, sen Kafkasya&#39;da hoplar z\u0131plarsan, ben de gelir senin i\u00e7ini kar\u0131\u015ft\u0131r\u0131r\u0131m, demek istiyor. Hatta Barzani bile demedi mi, &quot;Sen Kerk\u00fck&#39;le ilgilenirsen, ben de Diyarbak\u0131r&#39;la ilgilenirim.&quot; Uluslararas\u0131 ili\u015fkiler bu temel \u00fczerinden y\u00fcr\u00fcr.<\/p>\n<p> <strong>Teknolojik yeterlilik, cayd\u0131r\u0131c\u0131l\u0131\u011f\u0131n \u015fart\u0131d\u0131r!<\/strong><\/p>\n<p> Ge\u00e7mi\u015fte Bosna&#39;da ya\u015fanan soyk\u0131r\u0131mdan sonra, T\u00fcrkiye&#39;nin F 16&#39;lar\u0131 ile ilgili s\u00f6ylenen bir s\u00f6z vard\u0131. S\u0131rplar diyorlard\u0131 ki, &quot;T\u00fcrklerin F 16&#39;lar\u0131 var ama, buraya kadar u\u00e7tuklar\u0131nda havada bir dakika dahi kalamazlar.&quot; Yani onlar bize zarar veremez demek istiyorlard\u0131. Sonra T\u00fcrkiye Amerika&#39;dan KC-135-R tanker u\u00e7aklar\u0131 ald\u0131. O g\u00fcnden sonra bir S\u0131rp ayn\u0131 ifadeyi kullanabildi mi? E\u011fer tanker u\u00e7a\u011f\u0131n\u0131z varsa, eliniz oralara kadar uzan\u0131r ve her operasyonu yapars\u0131n\u0131z. Bizim i\u00e7in s\u00f6ylenen ba\u015fka bir s\u00f6z daha var: &quot;Biz T\u00fcrkiye&#39;nin Bosna&#39;daki karde\u015flerine destek olma \u00e7abalar\u0131n\u0131 haydi anlayal\u0131m. Ama bunlar Voyvodina&#39;da ne ar\u0131yorlar?&quot; diyorlar. Yani T\u00fcrkiye&#39;nin b\u00fcy\u00fck oynad\u0131\u011f\u0131n\u0131 g\u00f6r\u00fcyorlar.<\/p>\n<p> \u0130\u015fte b\u00fct\u00fcn bunlar, ekonomik, psikolojik ve teknolojik g\u00fc\u00e7le oluyor.<\/p>\n<p> Osmanl\u0131 \u0130mparatorlu\u011fu, 15 ve 16. y\u00fczy\u0131llarda, d\u00fcnyan\u0131n en b\u00fcy\u00fck ve en g\u00fc\u00e7l\u00fc imparatorlu\u011fuydu. Osmanl\u0131, \u0130mparatorlu\u011fu h\u00fcviyetini uzunca bir s\u00fcre de korudu. Ancak Osmanl\u0131 \u0130mparatorlu\u011fu b\u00fcy\u00fckl\u00fck ve g\u00fcce dayan\u0131yordu.<\/p>\n<p> <strong>Mesela, Fatih Sultan Mehmet&#39;in \u0130stanbul&#39;u fethetmesinin arka plan\u0131nda yatan en \u00f6nemli arg\u00fcmanlardan bir tanesi, Osmanl\u0131 \u0130mparatorlu\u011funun ba\u015f\u0131ndan beri S\u0131rp top\u00e7u ustalar\u0131n\u0131 dev\u015firmesi, top d\u00f6k\u00fcm at\u00f6lyelerini geli\u015ftirmesi ve bu konuda yeni ve modem bir teknolojiye ba\u015fvuruyor olmas\u0131yd\u0131. Bu toplar\u0131n balistik hesaplar\u0131n\u0131 ve Anadolu Hisar\u0131n\u0131n mimari ve stratejik planlar\u0131n\u0131 bizzat kendisi yapm\u0131\u015ft\u0131.<\/strong><\/p>\n<p> <strong>Fatih Sultan Mehmet&#39;in g\u00fcher\u00e7ile at\u00f6lyelerine dayanan, Urbana kadar g\u00f6t\u00fcr\u00fclen, bug\u00fcn h\u00e2l\u00e2 saklad\u0131\u011f\u0131m\u0131z devasa toplar\u0131n \u00fcretimi, d\u00f6k\u00fcm\u00fc gibi teknolojik yenile\u015fmeler son derece \u00f6nemliydi, Bu sizin bundan sonraki y\u0131llarda da ba\u015far\u0131l\u0131 olup olamayaca\u011f\u0131n\u0131z\u0131n en \u00f6nemli g\u00f6stergelerinden bir tanesiydi. Bunu bir g\u00f6sterge olarak ele alacak olursak, 10, 15 ve 16. y\u00fczy\u0131llarda, d\u00fcnyan\u0131n bilinen en b\u00fcy\u00fck ve g\u00fc\u00e7l\u00fc imparatorlu\u011fu olan Osmanl\u0131 \u0130mparatorlu\u011funun yakla\u015f\u0131k 6 bin top d\u00f6kt\u00fcrd\u00fc\u011f\u00fcn\u00fc g\u00f6r\u00fcyoruz. Oysa, Osmanl\u0131 imparatorlu\u011funun d\u00fcnya \u00e7ap\u0131ndaki tek rakibi durumunda olan ve 15 ve 16. y\u00fczy\u0131llarda giri\u015fti\u011fi her sava\u015f\u0131 ve m\u00fccadeleyi Osmanl\u0131 \u0130mparatorlu\u011fu kar\u015f\u0131s\u0131nda kaybeden Habsburg Hanedanl\u0131\u011f\u0131 var Avrupa&#39;da. Habsburg Hanedanl\u0131\u011f\u0131 16. y\u00fczy\u0131lda 17 bin top d\u00f6kt\u00fcrm\u00fc\u015ft\u00fc. Ayn\u0131 alanda daha modern ve daha tek\u00e2m\u00fcl etmi\u015f bir sava\u015f teknolojisini i\u015fler h\u00e2le getirmi\u015f oldu\u011funu g\u00f6r\u00fcyoruz. Peki, anlam\u0131 neydi bunun? T\u00fcrkler ne kadar cesur ve kahraman olurlarsa olsunlar, bir sonraki y\u00fczy\u0131lda kaybetmeye ba\u015flayacaklar\u0131 \u015fimdiden g\u00f6z\u00fckm\u00fc\u015ft\u00fc. Bu \u00f6nemli bir \u00f6rnektir.&quot; Teknolojik \u00fcst\u00fcnl\u00fc\u011f\u00fc kaybeden, psikolojik ve askeri \u00fcst\u00fcnl\u00fc\u011f\u00fc de kaybetmektedir.<\/strong><\/p>\n<p> <strong>Hatta 1. D\u00fcnya Sava\u015f\u0131 s\u0131ras\u0131nda \u0130ngilizlere, paras\u0131n\u0131 \u00f6dedi\u011fimiz z\u0131rhl\u0131lar teslim edilmedi. Alman tersanelerinde z\u0131rhl\u0131lar yapt\u0131rd\u0131. D\u00f6nemin devasa sava\u015f gemilerinden edindi. Daha da \u00f6nemlisi, Osmanl\u0131, hava unsurunun \u00f6nemini erken g\u00f6rm\u00fc\u015f bir yap\u0131ya sahipti ve tayyare dedi\u011fimiz u\u00e7aklardan \u00fcretip veya sat\u0131n al\u0131p, ordusunu bunlarla g\u00fc\u00e7lendirmi\u015fti. Osmanl\u0131 pilotlar\u0131n\u0131n d\u00f6nem i\u00e7in son derece ilerici, modern ve yeni teknolojileri temsil eden yakla\u015f\u0131mlar\u0131 vard\u0131. Bir\u00e7ok yerde hava sava\u015flar\u0131na giri\u015ftiler. Bir \u00fclkenin u\u00e7a\u011f\u0131n\u0131 d\u00fc\u015f\u00fcrme gibi, ilk g\u00fc\u00e7l\u00fc hava unsuru kullanma gelene\u011fini Osmanl\u0131 \u0130mparatorlu\u011fu pilotlar\u0131 g\u00f6stermi\u015fti.<\/strong><\/p>\n<p> Yani Osmanl\u0131 imparatorlu\u011funun bir altyap\u0131s\u0131 vard\u0131, Osmanl\u0131 \u0130mparatorlu\u011funun sava\u015f altyap\u0131s\u0131n\u0131n en \u00f6nemli kaynaklar\u0131ndan bir tanesi de, bug\u00fcn de bildi\u011fimiz K\u0131r\u0131kkale&#39;deki Makine Kimya End\u00fcstrisi Kurumunun altyap\u0131s\u0131yd\u0131. Bug\u00fcn h\u00e2l\u00e2 K\u0131r\u0131kkale t\u00fcfekleri me\u015fhurdur. Uzun menzilli, g\u00fcvenilir, sa\u011flam t\u00fcfeklerdir. Dolay\u0131s\u0131yla b\u00f6yle bir altyap\u0131m\u0131z var, ancak, T\u00fcrkiye Cumhuriyeti&#39;nin ilk y\u0131llar\u0131na bakt\u0131\u011f\u0131m\u0131zda, d\u00fcnyan\u0131n 2. b\u00fcy\u00fck hava kuvvetine sahip oldu\u011funu g\u00f6r\u00fcyoruz. Kayseri tayyare \u00fcretim fabrikas\u0131, Nuri Demira\u011f&#39;\u0131n faaliyetleri, Polonya&#39;dan T\u00fcrkiye&#39;ye ka\u00e7m\u0131\u015f birtak\u0131m m\u00fchendislerin yard\u0131m ve deste\u011fiyle burada yerli ve mill\u00ee bir sanayi altyap\u0131s\u0131n\u0131n olu\u015fturularak, birtak\u0131m modern sava\u015f ara\u00e7 ve gere\u00e7lerinin \u00fcretilmeye \u00e7al\u0131\u015f\u0131ld\u0131\u011f\u0131 g\u00f6r\u00fclmektedir. Ancak T\u00fcrkiye Cumhuriyetinin ilk y\u0131llar\u0131nda ortaya konulan bu gayretler, ilerleyen y\u0131llarda giderek ba\u015fkala\u015ft\u0131. D\u00fcnya \u00e7ap\u0131nda ileri end\u00fcstriye sahip \u00fclkelerin \u00fcrettikleri, teknolojisi y\u00fcksek birtak\u0131m sava\u015f ara\u00e7-gerecinin T\u00fcrkiye&#39;ye sat\u0131lmas\u0131, T\u00fcrkiye&#39;nin de bunlar\u0131 hevesli bir \u015fekilde kabul etmesi s\u00f6z konusu olunca, yerli ve mill\u00ee imk\u00e2nlarla y\u00fcr\u00fct\u00fclmeye \u00e7al\u0131\u015f\u0131lan birtak\u0131m fabrikalar\u0131m\u0131z, maalesef tava tencere fabrikas\u0131na d\u00f6n\u00fc\u015ft\u00fc. Bir altyap\u0131 \u00fcretmekte yetersiz kald\u0131k&quot; veya kas\u0131tl\u0131 olarak geri b\u0131rak\u0131ld\u0131k.<\/p>\n<p> <strong>Sert Suriye&#39;yi g\u00fc\u00e7 yumu\u015fatm\u0131\u015ft\u0131!.<\/strong><\/p>\n<p> Atilla Ate\u015f Pa\u015fan\u0131n bilinen tarihte yapt\u0131\u011f\u0131 konu\u015fmayla, Suriye birdenbire \u00e7ark edip Apo&#39;yu teslime haz\u0131r hale gelmesi, g\u00fcc\u00fcn etkisini g\u00f6stermesidir.<\/p>\n<p> Suriye&#39;nin iki tane mill\u00ee hedefi vard\u0131 d\u00fcne kadar. T\u00fcrkiye&#39;ye kar\u015f\u0131 hasmane politikalar takip etmesinin as\u0131l sebebi de buydu. Bunlardan bir tanesi \u015eama 20 km mesafedeki Golan tepelerini \u0130srail&#39;den geri alma hevesi, ikincisi Hatay meselesi.<\/p>\n<p> Buna bir di\u011fer arg\u00fcman daha ilave edebiliriz, o da su meselesi. Onlar kafalar\u0131na g\u00f6re Asi nehrini kullanacaklar, kurutacaklar, biz onlara istedikleri kadar su verece\u011fiz, onlar Rusya&#39;ya yapt\u0131rd\u0131klar\u0131 plans\u0131z barajlar\u0131n s\u0131k\u0131nt\u0131s\u0131n\u0131 \u00e7ekecekler ama bizden de hesab\u0131n\u0131 soracaklar. Neden plans\u0131z? Tuz oran\u0131 y\u00fcksek topraklara yap\u0131lm\u0131\u015f iki barajlar\u0131 var; su tutmuyor ve buharla\u015f\u0131p gidiyor. H\u00e2lbuki planl\u0131 i\u015fler yapm\u0131\u015f olsalar, T\u00fcrkiye taahh\u00fct etti\u011fi kadar, yani saniyede 5 metrek\u00fcp su verdi\u011fi zaman ihtiya\u00e7lar\u0131 g\u00f6r\u00fclecekti. Ama asla kabul edemeyecekler, mill\u00ee bir hedef haline getirmi\u015fler \u00e7\u00fcnk\u00fc bunu. <\/p>\n<p> Ama Atilla Ate\u015f Pa\u015fan\u0131n konu\u015fmas\u0131, Suriye&#39;nin iki cepheden m\u00fccadele edemeyece\u011fini anlad\u0131 ve T\u00fcrkiye&#39;ye yana\u015fmak zorunda kald\u0131.<\/p>\n<p> <strong>Kuzey Irak operasyonlar\u0131 psikolojik ve teknolojik g\u00fc\u00e7le yap\u0131lmaktayd\u0131<\/strong><\/p>\n<p> T\u00fcrkiye&#39;nin ABD ve \u0130srail&#39;e ra\u011fmen ba\u015flatt\u0131\u011f\u0131 ve ba\u015fard\u0131\u011f\u0131 Kuzey Irak operasyonlar\u0131 da, yine hakl\u0131l\u0131\u011f\u0131 kadar, g\u00fc\u00e7l\u00fc olmas\u0131ndand\u0131r.<\/p>\n<p> \u0130srail daha 1950&#39;li y\u0131llarda K\u00fcrtlerin \u00f6zel konumunun kendi \u00e7\u0131karlar\u0131 i\u00e7in \u00f6nemli olabilece\u011fini ke\u015ffetmi\u015fti. Molla Mustafa Barzani ile gizli g\u00f6r\u00fc\u015fmeler yapt\u0131lar. Molla Mustafa Barzani 1967 ve 1973 sava\u015flar\u0131n\u0131n sonras\u0131nda gizlice \u0130srail&#39;i ziyaret etti, \u0130srail bu sava\u015flarda ele ge\u00e7irdi\u011fi \u00f6nemli miktardaki silah ve m\u00fchimmat\u0131 Molla Barzani&#39;ye yard\u0131m, olarak verdi. Amerikan yanl\u0131s\u0131 \u015eahl\u0131k rejimi \u0130ran&#39;\u0131 d\u00f6nemi i\u00e7erisinde bu yard\u0131mlar\u0131n koordinasyon merkezi olarak faaliyet g\u00f6sterdi. Tahran \u00fczerinden devam eden para ve silah yard\u0131mlar\u0131 Humeyni devrimi ile kesintiye u\u011frad\u0131. Zaten \u0130srail, Humeyni devrimi ile de\u011fi\u015fen \u0130ran&#39;\u0131 \u00f6ncelikli tehdit olarak alg\u0131lamaya ba\u015flam\u0131\u015ft\u0131. \u0130srail, K\u00fcrtler \u00fczerindeki etkinli\u011fini s\u00fcrd\u00fcrmeyi bir\u00e7ok bak\u0131mdan \u00f6nemsiyordu. Hem \u0130ran&#39;a y\u00f6nelik istihbarat faaliyetleri hem de Arap d\u00fcnyas\u0131na kar\u015f\u0131 b\u00f6lgedeki aktivitelerini artt\u0131rd\u0131klar\u0131n\u0131n g\u00f6stergesi Birinci K\u00f6rfez Harbi s\u0131ras\u0131nda ortaya \u00e7\u0131kan ClA&#39;n\u0131n K\u00fcrt pe\u015fmergeleridir. Say\u0131lar\u0131 5000&#39;i bulan bu \u00f6zel birimlerin olu\u015fturulmas\u0131 \u00f6nemli oranda Moss&#39;ad \u00e7abalar\u0131 ile ger\u00e7ekle\u015ftirilmi\u015ftir; sonras\u0131nda Amerika K\u00fcrt&#39;leri Saddam H\u00fcseyin&#39;in insaf\u0131na terk etti. B\u00f6lgede istihbarat a\u00e7\u0131s\u0131ndan etkili olan \u0130srail engellenebilecek bu katliam\u0131 izlemekle yetindi. Zira b\u00f6lgede ayr\u0131l\u0131klar\u0131n derinle\u015fmesi her ne sebeple olursa olsun onlar\u0131n i\u015fine gelmektedir, K\u00fcrtler b\u00fct\u00fcn bu olup bitenlerden sonra yeniden ikna edildiler. K\u00fcrt liderli\u011fi para ve sermaye deste\u011fi ile b\u00f6lge d\u0131\u015f\u0131 iki \u00f6nemli ili\u015fkisine y\u00f6neldi.<\/p>\n<p> \u00d6zellikle \u0130srail, Kuzey Irak&#39;ta askeri e\u011fitim ve pe\u015fmerge birliklerinin d\u00fczenlenmesi ke\u015fif ve istihbarat faaliyetlerinin pe\u015fmerge timleri ile birlikte b\u00fct\u00fcn Kuzey Irak&#39;ta, daha \u00e7ok da \u0130ran s\u0131n\u0131r\u0131na yak\u0131n b\u00f6lgelerde ger\u00e7ekle\u015ftirilmesi s\u0131n\u0131rlarda koruma faaliyetlerinin koordinasyonu gibi \u00f6nemli etkinlik kazand\u0131,<\/p>\n<p> \u0130kinci K\u00f6rfez Harbi, Saddam H\u00fcseyin&#39;in devrilmesi Irak&#39;\u0131n Amerika taraf\u0131ndan i\u015fgal edilmesi ile sonu\u00e7land\u0131. Bug\u00fcn ya\u015fanan i\u00e7 sava\u015f ve direni\u015fin \u015fiddeti i\u00e7erisinde Amerika, \u0130srail ve \u0130ngiltere kendi Irak siyasetleri i\u00e7erisinde K\u00fcrtleri bir denge unsuru olarak kullan\u0131p Irak&#39;\u0131 y\u00f6netmektedirler. Olu\u015fan durumdan en fazla yararlanan ise \u0130srail olmu\u015ftur. Mossad, faaliyetlerini b\u00fct\u00fcn Irak i\u00e7inde yo\u011funla\u015ft\u0131rm\u0131\u015f, Ba\u011fdat&#39;ta g\u00fcvenli b\u00f6lgede faaliyet g\u00f6steren b\u00fcrolar\u0131n\u0131 her alanda aktif bi\u00e7imde kullanmaktad\u0131r.<\/p>\n<p> Yap\u0131lan yorumlar\u0131n aksine hem Amerika hem de \u0130srail a\u00e7\u0131s\u0131ndan bir K\u00fcrt devleti olu\u015fumunu ger\u00e7ekle\u015ftirmek pek de faydal\u0131 g\u00f6z\u00fckmemektedir. Irak&#39;ta bata\u011fa saplanm\u0131\u015f Amerika bir K\u00fcrt devletinin olu\u015fumuna izin vererek daha fazla taahh\u00fct alt\u0131na girmek istememektedir, Zira kendi ba\u015f\u0131na ayakta duramayacak, b\u00f6lgede hi\u00e7bir destek\u00e7isi bulunmayan b\u00f6ylesi bir yap\u0131n\u0131n sonsuza kadar korunmas\u0131 gerekece\u011fi gibi bir Arap devletinin b\u00f6l\u00fcnmesi pahas\u0131na ortaya \u00e7\u0131kart\u0131lacak olmas\u0131 ikinci Filistin meselesi haline gelme potansiyelini ta\u015f\u0131maktad\u0131r.<\/p>\n<p> Irak&#39;ta topyekun etkinlik kazand\u0131r\u0131lm\u0131\u015f K\u00fcrtler ise b\u00f6yle bir durumda kuzeye \u00e7ekilmek zorunda kalacaklard\u0131r, Mevcut durum hem Amerika hem de \u0130srail i\u00e7in b\u00f6lgede direkt ya da dolayl\u0131 bir\u00e7ok stratejik imk\u00e2n sunmaktad\u0131r. \u00dczerindeki uluslararas\u0131 bask\u0131lara ra\u011fmen her ge\u00e7en g\u00fcn \u0130ran b\u00f6lgede etkinli\u011fini artt\u0131rmaktad\u0131r.<\/p>\n<p> <strong>Ama T\u00fcrkiye, her y\u00f6nden kalk\u0131nm\u0131\u015f kendi halk\u0131yla ve inanc\u0131yla bar\u0131\u015f\u0131k milli bir yap\u0131y\u0131 sa\u011flamas\u0131 halinde, b\u00f6lgenin ve t\u00fcm ezilen milletlerin cazibe merkezini olu\u015fturacakt\u0131r<\/strong><\/p>\n<p> E\u011fer siz \u00fclkenizi bir cazibe merkezi haline getirirseniz, ununu, bulgurunu, teknolojik ekipman\u0131n\u0131 gelip sizden alacak ve sizi kendi hayat\u0131n\u0131n merkezi olarak g\u00f6recektir ki, bu durumda hederlerinize ula\u015ft\u0131n\u0131z demektir. Sizin havaalanlar\u0131ndan kalkan, (ister kargo u\u00e7a\u011f\u0131, istet yolcu u\u00e7a\u011f\u0131 olsun), b\u00fct\u00fcn bir G\u00fcney Bat\u0131 Asya co\u011frafyas\u0131ndan, Fas&#39;tan Afganistan&#39;a, Kazakistan&#39;dan Yemen&#39;e ve Somali&#39;ye kadar insan ve kargo ta\u015f\u0131yan u\u00e7aklar, (sizin hava yollar\u0131n\u0131za ait olsun demiyorum), i\u00e7inde, sizinle ilgili insanlar\u0131n yar\u0131s\u0131n\u0131 getirip g\u00f6t\u00fcr\u00fcyorsa, siz zaten s\u00f6z\u00fcn\u00fc etti\u011fimiz bu hedefe ula\u015fm\u0131\u015fs\u0131n\u0131z demektir. E\u011fer T\u00fcrkiye uzun vadeli bir stratejik \u00f6ng\u00f6r\u00fcye sahip olup b\u00f6yle bir gelecek aray\u0131\u015f\u0131na \u015fimdiden giri\u015firse inan\u0131n bu hedef \u00e7ok kolayl\u0131kla ger\u00e7ekle\u015fir.<\/p>\n<p> Bak\u0131n\u0131z \u0130ngiliz \u00fcsleri varken Frans\u0131zlar geldi, K\u0131br\u0131s Rum Kesiminden bir \u00fcs elde etmek istedi. Bunun anlam\u0131 nedir? Ortado\u011fu&#39;daki, yani G\u00fcney Bat\u0131 Asya co\u011frafyas\u0131ndaki b\u00fct\u00fcn siyas\u00ee geli\u015fmelere m\u00fcdahil olma iste\u011fidir. Sizin de buna kar\u015f\u0131 birtak\u0131m cayd\u0131r\u0131c\u0131 tedbirlerinizin olmas\u0131 zorunlu. E\u011fer siz b\u00f6lgede etkili olmak istiyorsan\u0131z, bunlar\u0131 g\u00f6rerek, bunlar\u0131n tedbirini arayarak hareket etmeniz gerekmektedir. Evet, bar\u0131\u015f\u0131 aramak iyidir, Ama bar\u0131\u015f\u0131 sa\u011flayacak g\u00fcce sahip olman\u0131z gerekli. Bu gereklilik d\u00fcnyan\u0131n bize g\u00f6sterdi\u011fi ciddi bir ger\u00e7ek. Ayn\u0131 zamanda, T\u00fcrkiye ac\u0131s\u0131ndan, bu cayd\u0131r\u0131c\u0131 stratejinin geni\u015fletilmi\u015f bir tarifinin de olmas\u0131 gerekir. Bu geni\u015fletilmi\u015f tarifin i\u00e7erisine siyasal ve ekonomik ili\u015fkilerden tutun da, silahland\u0131r\u0131c\u0131 g\u00fc\u00e7 potansiyelini \u015fimdiden belirlemek gibi ciddi i\u015fleri de koyman\u0131z \u015fart. B\u00fct\u00fcn bunlar\u0131 yapmadan, s\u0131f\u0131r \u00e7at\u0131\u015fmayla olu\u015facak ideal \u015fartlar\u0131 ger\u00e7ekle\u015ftirmek m\u00fcmk\u00fcn de\u011fildir.<\/p>\n<p> T\u00fcrkiye Atat\u00fcrk&#39;ten sonra, maalesef b\u00f6lgede kendi iradesiyle, b\u00f6lge \u00fclkelerinin iradesiyle, milli ve adil ortak yap\u0131 olu\u015fturamad\u0131. Ge\u00e7mi\u015ften beri Amerika, NATO, Cento, bilmem ne gibi Siyonist g\u00fcd\u00fcml\u00fc olu\u015fumlar i\u00e7inde oyaland\u0131. Ama Erbakan Hoca&#39;n\u0131n tarihi D-8 giri\u015fimiyle p\u0131s\u0131r\u0131kl\u0131k duvar\u0131 y\u0131k\u0131ld\u0131.<\/p>\n<p> Zaten \u015eanl\u0131 K\u0131br\u0131s Bar\u0131\u015f Harek\u00e2t\u0131 da \u00f6zellikle Hoca&#39;n\u0131n gayret ve dirayetiyle ba\u015flat\u0131lm\u0131\u015ft\u0131 ve bize uygulanan askeri ambargo \u00fczerine Erbakan Hoca Milli Harp sanayimizin temellerini atm\u0131\u015ft\u0131. \u00c7\u00fcnk\u00fc teknolojik \u00fcst\u00fcnl\u00fc\u011f\u00fc kazanmadan, ba\u011f\u0131ms\u0131zl\u0131\u011f\u0131m\u0131z\u0131 korumam\u0131z imk\u00e2ns\u0131zd\u0131. <\/p>\n<p> <strong>Sovyetler nas\u0131l y\u0131k\u0131ld\u0131?<\/strong><\/p>\n<p> Hat\u0131rlarsan\u0131z Mathias Rust adl\u0131 gen\u00e7, Almanya&#39;dan u\u00e7a\u011f\u0131na bindi, bir al\u00e7ak u\u00e7u\u015f yapt\u0131, Moskova \u00fczerine kadar gitti, Moskova&#39;da K\u0131z\u0131l Meydan \u00fczerinde birka\u00e7 tur att\u0131 ve sonra K\u0131z\u0131l Meydan&#39;a indi. B\u00f6ylece Sovyetler Birli\u011finin ABD kar\u015f\u0131s\u0131ndaki, silah, ara\u00e7-gere\u00e7 ve teknolojisine dayal\u0131 m\u00fccadelesi de bitmi\u015f oldu.<\/p>\n<p> \u015eimdi Sovyetler Birli\u011finin d\u00fcnya \u00e7ap\u0131nda ABD&#39;ye kar\u015f\u0131 koyabilmesinin temel sebebi, karada konu\u015fland\u0131r\u0131lan radarlar\u0131n\u0131n b\u00fct\u00fcn d\u00fcnyay\u0131 takip etmesidir. Bu radarlar, bir radar elektronik &quot;pulse&quot;m\u0131 (pak\u0131n\u0131) bir noktaya g\u00f6nderirler. Pulse bir noktaya gider de bir cisme \u00e7arparsa, yani orada bir cisim varsa bu bir u\u00e7ak ya da ba\u015fka bir cisim&#39; olabilir ona \u00e7arpar ve geriye gelir. Ve bu da radar ekran\u0131na bir nokta olarak yans\u0131r. B\u00f6ylece siz hangi mesafede, nas\u0131l bir yap\u0131 var, bunu g\u00f6r\u00fcrs\u00fcn\u00fcz, bunu tespit etmi\u015f olursunuz ona g\u00f6re tedbir al\u0131r kendinizi savunursunuz. B\u00f6yle bir teknolojiniz yoksa, ABD&#39;ye mahkum ve mecbur olursunuz.<\/p>\n<p> \u00d6rne\u011fin Ege \u00fczerinde bizimkilerle Yunan Jetlerinin it dala\u015f\u0131 haberlerini s\u0131k\u00e7a duyuyoruz.<\/p>\n<p> Peki, bu it dala\u015f\u0131 esnas\u0131nda neyle kar\u015f\u0131la\u015f\u0131yorsunuz? Yunanl\u0131lar da ABD&#39;den sat\u0131n alm\u0131\u015flar sava\u015f u\u00e7aklar\u0131n\u0131. \u00eeki u\u00e7ak birbirini d\u00fc\u015fman diye tan\u0131mlam\u0131yor, \u00e7\u00fcnk\u00fc, NATO konsepti i\u00e7erisinde, Amerikan \u00fcr\u00fcn\u00fc oldu\u011fu i\u00e7in, bunlar\u0131n donan\u0131mlar\u0131 ne olursa olsun, sava\u015facak olan akl\u0131 b\u00f6yle bir ak\u0131l. Biz i\u015fte bu konuda \u00e7ok b\u00fcy\u00fck bir m\u00fccadele verdik. \u00d6ncelikle elektronik alan\u0131nda yapt\u0131\u011f\u0131m\u0131z yat\u0131r\u0131mlarla bu u\u00e7aklar\u0131n g\u00f6rev bilgisayarlar\u0131na kendi sava\u015f akl\u0131m\u0131z\u0131 yerle\u015ftirelim dedik. Bununla ilgili T\u00fcrkiye&#39;de \u00e7ok vahim hadiseler de ya\u015fand\u0131. D\u00f6nemin Hava Kuvvetleri Komutan\u0131n\u0131n k\u0131z\u0131 ve damad\u0131n\u0131n b\u00f6yle bir elektronik firmas\u0131nda \u00e7al\u0131\u015fmas\u0131 s\u00f6z konusu oldu ve bunlar\u0131n ABD&#39;ye casusluk yapt\u0131klar\u0131na dair birtak\u0131m tart\u0131\u015fmalar \u00e7\u0131kt\u0131.<\/p>\n<p> Art\u0131k her \u015fey radar g\u00fcd\u00fcml\u00fc, teknolojik altyap\u0131 ve modern muharebe sistemleri \u00f6nem kazand\u0131. Yani \u015fimdi b\u00f6yle riskler yok ama buna ra\u011fmen, bir tatbikat esnas\u0131nda. Amerikan sava\u015f gemisinden yerden havaya kullan\u0131lan f\u00fczelerle bizim muharebe arac\u0131m\u0131z\u0131n vuruldu\u011funu unutmamam\u0131z \u015fart. Bu h\u00e2l\u00e2 a\u00e7\u0131klanm\u0131\u015f bir \u015fey de\u011fildir. <\/p>\n<p> 1996 y\u0131l\u0131nda Ege&#39;de, Yunan hava kuvvetleriyle T\u00fcrk hava kuvvetleri aras\u0131nda \u00e7ok s\u0131k it dala\u015flar\u0131 ya\u015fan\u0131yordu, 1996 y\u0131l\u0131nda, Yunanistan&#39;\u0131n Tanagra hava \u00fcss\u00fcnden havalanan bir Mirage 2000 u\u00e7a\u011f\u0131, T\u00fcrkiye&#39;den havalanan bir F-16&#39;y\u0131, Matra MICA f\u00fczesiyle vurdu ve d\u00fc\u015f\u00fcrd\u00fc. Bu u\u00e7ak Frans\u0131z yap\u0131m\u0131 ve Yunan hava kuvvetleri taraf\u0131ndan kullan\u0131l\u0131yor. Bu u\u00e7a\u011f\u0131n bir Yunan hava kuvvetleri u\u00e7a\u011f\u0131 oldu\u011fu ve bir T\u00fcrk sava\u015f u\u00e7a\u011f\u0131na ate\u015f a\u00e7t\u0131\u011f\u0131 belli. Bu olay \u00f6rt\u00fcld\u00fc, kald\u0131, bunun \u00fcst\u00fcne konu\u015fmuyoruz, Yunanistan s\u00fcrekli T\u00fcrkiye&#39;ye kar\u015f\u0131 a\u015f\u0131r\u0131 gergin bir politika takip ediyor. T\u00fcrkiye&#39;yi tahrik ediyor. Yani biz bir pilotumuzu Yunan f\u00fczesi ile kaybettik. Onlar\u0131n da u\u00e7aklar\u0131 it dala\u015f\u0131 esnas\u0131nda defalarca denize \u00e7ak\u0131ld\u0131. Ama bize f\u00fcze att\u0131 Yunanl\u0131lar, Bu \u00f6rne\u011fi unutmamam\u0131z gerekiyor.&quot;<\/p>\n<p> <strong>Ba\u015f olamayan, kuyruk olacakt\u0131!<\/strong><\/p>\n<p> <strong>T\u00fcrkiye Cumhuriyeti, bu devasa d\u00fcnya m\u00fccadelesi i\u00e7erisinde, Sovyetler Birli\u011finin Stalin d\u00f6neminde Bo\u011fazlar&#39;dan serbest ge\u00e7i\u015f hakk\u0131 ile Kars ve Ardahan&#39;\u0131n kendilerine terk edilmesi gibi a\u011f\u0131r istekleri kar\u015f\u0131s\u0131nda direnemeyece\u011fini anlam\u0131\u015f, siyasal ve sava\u015f alan\u0131yla ilgili bir de\u011ferlendirme yapm\u0131\u015f ve Bat\u0131 ile beraber olmas\u0131 gerekti\u011fine bir kez daha karar vermi\u015ftir. Ve y\u00fcz\u00fc Bat\u0131&#39;ya d\u00f6n\u00fck gen\u00e7 cumhuriyet, NATO i\u00e7erisinde yer almak suretiyle kendi ordusunu ve siyaset sistemini yeniden yorumlam\u0131\u015ft\u0131r. Ortaya konulan bu siyasal tercih, ayn\u0131 zamanda sava\u015f ara\u00e7 ve gere\u00e7lerinin edinilmesi alan\u0131na da ciddi bir \u015fekilde yans\u0131m\u0131\u015f, T\u00fcrkiye&#39;nin zaten son derece k\u0131s\u0131tl\u0131 silah end\u00fcstrisi gayretleri, NATO \u00e7er\u00e7evesinde T\u00fcrkiye&#39;ye yap\u0131lan asker\u00ee yard\u0131mlarla, Bat\u0131 tipi silah-ara\u00e7-gerecinin T\u00fcrkiye ordusunun envanterine al\u0131nmas\u0131yla devam ettirilmi\u015ftir. T\u00fcrkiye, bu alanlara fazla para. fazla pay ay\u0131rabilece\u011fi bir duruma imk\u00e2n vermemektedir. Buna ra\u011fmen, kara g\u00fcc\u00fc \u00e7ok b\u00fcy\u00fck olan ordusunun teknik imk\u00e2nlar\u0131n\u0131 geli\u015ftirmek i\u00e7in birtak\u0131m yeni aray\u0131\u015flara giri\u015fti.<\/strong><\/p>\n<p> <strong>Bu yeni aray\u0131\u015flardan bir tanesi \u00f6zellikle K\u0131br\u0131s sava\u015f\u0131ndan sonra g\u00fcndeme geldi. Erbakan Hoca&#39;n\u0131n g\u00fcndeme getirip giri\u015filen ve ard\u0131ndan mecburen devam ettirilen yerli \u00fcretimlerde bug\u00fcn \u00e7ok \u00f6nemli ve \u00fcmit verici a\u015famalara gelinmi\u015ftir.<\/strong><\/p>\n<p> <strong>Ger\u00e7ek Demokrasi, ancak; ekonomik, teknolojik ve psikolojik ba\u011f\u0131ms\u0131zl\u0131kla sa\u011flan\u0131rd\u0131<\/strong><\/p>\n<p> Bir \u00fclkede ger\u00e7ek bir demokrasinin uygulanabilmesi de \u00f6nce ekonomik ve teknolojik ba\u011f\u0131ms\u0131zl\u0131\u011f\u0131n\u0131 kazanmay\u0131 gerektirmektedir. <\/p>\n<p> Bak\u0131n\u0131z d\u00fcnya \u00e7ap\u0131ndaki demokrasi uygulamas\u0131n\u0131n iki \u00f6rne\u011fi sergilendi. Bir tanesi, SSCB ad\u0131 alt\u0131nda toplanm\u0131\u015f olan Marksizm, Leninizm ideolojisiyle organize olmu\u015f olan bir d\u00fcnya g\u00f6r\u00fc\u015f\u00fcyd\u00fc. Bu bir demokrasi denemesiydi.<\/p>\n<p> Demokrasi kavram\u0131n\u0131 \u015f\u00f6yle ele al\u0131yorlard\u0131: Demokrasinin iki temel altyap\u0131s\u0131 vard\u0131r; \u00f6zg\u00fcrl\u00fck ve e\u015fitlik. SSCB, bu ilkelerden e\u015fitlik prensibini benimsemi\u015fti. Bu e\u015fitlik prensibi \u00e7er\u00e7evesinde uygulanan Marksizm. Leninizm ideolojisi tam anlam\u0131yla bu d\u00fcnya g\u00f6r\u00fc\u015f\u00fcne h\u00e2kimdi. Bu bir demokrasi uygulamas\u0131yd\u0131 kendilerine g\u00f6re ve d\u00fcnyay\u0131 bu h\u00e2le getirmek i\u00e7in bir g\u00fc\u00e7 ve etkinlik m\u00fccadelesi y\u00fcr\u00fct\u00fcyorlard\u0131, Bu m\u00fccadele esnas\u0131nda SSCB, devasa ordular\u0131 ve son derece ileri end\u00fcstriyel teknoloji kapasitesiyle kendi-sava\u015f ara\u00e7-gere\u00e7 ve silahlar\u0131n\u0131 \u00fcretirdi. B\u00fct\u00fcn bunlar Amerika&#39;yla m\u00fccadele i\u00e7in kurgulanm\u0131\u015ft\u0131, buna g\u00f6re konu\u015fland\u0131r\u0131lm\u0131\u015ft\u0131 ve bu m\u00fccadele b\u00fct\u00fcn h\u0131z\u0131yla devam ediyordu. Bu m\u00fccadelenin neticesi; ABD kar\u015f\u0131s\u0131nda y\u00fcr\u00fct\u00fclen m\u00fccadelenin kaybedilmesi ve a\u00e7l\u0131kta e\u015fitlik diye de\u011ferlendirebilece\u011fimiz, bir demokrasi uygulamas\u0131na d\u00f6n\u00fc\u015ft\u00fc. Yani devlet son derece g\u00fc\u00e7l\u00fcyd\u00fc ama herkes a\u00e7t\u0131. Son derece k\u0131s\u0131tl\u0131 imk\u00e2nlarla ya\u015f\u0131yorlard\u0131, rejimin sahipleri taraf\u0131ndan \u00e7ok s\u0131k\u0131 kontrol ediliyor, hatta zulme maruz b\u0131rak\u0131l\u0131yorlard\u0131. Dolay\u0131s\u0131yla d\u00fcnya \u00e7ap\u0131ndaki g\u00fc\u00e7 ve etkinlik m\u00fccadelesini kaybettiler. Bug\u00fcn manzaralar\u0131 daha farkl\u0131 elbette.<\/p>\n<p> Demokrasi denemesinin iki temel prensibi olan e\u015fitlik ve \u00f6zg\u00fcrl\u00fckten, &quot;\u00f6zg\u00fcrl\u00fck&quot; ilkesini temel alan di\u011fer \u00f6rnek ise ABD&#39;nin &quot;\u00f6zg\u00fcrl\u00fck&quot; ilkesini temel alarak giri\u015fti\u011fi demokrasi denemesiydi. Bu deneme ABD&#39;nin d\u00fcnya \u00e7ap\u0131nda y\u00fcr\u00fctt\u00fc\u011f\u00fc g\u00fc\u00e7 ve etkinlik m\u00fccadelesinin siyas\u00ee bir tan\u0131mlamas\u0131 gibiydi. ABD&#39;nin bu demokrasi denemesi, her iki d\u00fcnya sava\u015f\u0131nda da kendi ana karas\u0131na hi\u00e7bir sald\u0131r\u0131 olmaks\u0131z\u0131n, ayn\u0131 zamanda Avrupa&#39;da ve d\u00fcnyan\u0131n her yerinde devam eden d\u00fcnya sava\u015f\u0131 m\u00fccadelesi s\u00fcrecinde, son derece g\u00fc\u00e7l\u00fc end\u00fcstriyel yap\u0131s\u0131n\u0131 olu\u015fturmu\u015f, ekonomik potansiyelini art\u0131rm\u0131\u015f olarak \u00e7\u0131kmas\u0131n\u0131 sa\u011flayacak bir avantaj elde etmesi anlam\u0131na geldi. ABD&#39;nin bug\u00fcn d\u00fcnya \u00e7ap\u0131nda temsil etmeye \u00e7al\u0131\u015ft\u0131\u011f\u0131 demokrasi kavram\u0131, \u00f6zg\u00fcrl\u00fck ilkesini temel alan bu yakla\u015f\u0131m\u0131 g\u00fc\u00e7s\u00fczleri ezen, ac\u0131mas\u0131z bir vah\u015fi kapitalizm ortam\u0131na yol a\u00e7t\u0131. G\u00fc\u00e7s\u00fczleri ezen bu vah\u015fi bir kapitalizminde sonu gelmi\u015f g\u00f6r\u00fcnmektedir.<\/p>\n<p> <strong>T\u00fcrkiye&#39;nin yerli ve mill\u00ee, ba\u011f\u0131ms\u0131z bir savunma sanayi geli\u015ftirmesi, b\u00f6ylece ekonomisini d\u00fcnya \u00e7ap\u0131nda bir ekonomiye d\u00f6n\u00fc\u015ft\u00fcrmesi ve yeni bir medeniyete \u00f6nc\u00fcl\u00fck etmesi ancak siyasal duru\u015funu \u00f6nceden belirleyip kendi tespit etti\u011fi do\u011frultuda isteklerini ger\u00e7ekle\u015ftirmesiyle m\u00fcmk\u00fcn g\u00f6r\u00fcnmektedir. Bu da ger\u00e7ek bir demokrasiyi ve kendi milleti ve \u00f6z de\u011ferleriyle bar\u0131\u015f\u0131k hareket etmeyi gerektirmektedir. D\u00fcnya \u00e7ap\u0131nda kendi isteklerinizi ger\u00e7ekle\u015ftirme yoluna \u00e7\u0131kt\u0131\u011f\u0131n\u0131zda en temel ihtiyac\u0131n\u0131z\u0131n bunlar oldu\u011fu fark edilecektir.<\/strong><\/p>\n<p> <strong>Ortado\u011fu&#39;daki M\u00fcsl\u00fcman Arap \u00fclkeleri bak\u0131m\u0131ndan bu pek m\u00fcmk\u00fcn de\u011fildir. Bu \u00fclkelerin hemen tamam\u0131na yak\u0131n\u0131n\u0131n petrol zengini oldu\u011funu ama halklar\u0131n\u0131n fakirlik ve bir nevi k\u00f6lelik i\u00e7inde bo\u011fu\u015ftu\u011funu herkes bilmektedir. Bunda bir \u00e7eli\u015fki yok mu? Evet, bu kesindir.<\/strong><\/p>\n<p> <strong>Ben kendi \u00fclkemizden bahsederken de, &quot;T\u00fcrkiye kendi tarih ve co\u011frafyas\u0131n\u0131n y\u00fck\u00fc alt\u0131nda ezilmektedir&quot; \u015feklinde \u00f6nemli bir h\u00fck\u00fcm kullanmam bo\u015funa de\u011fildir. T\u00fcrkiye d\u00fcnya \u00e7ap\u0131nda \u00f6nemli bir imparatorluk k\u00fclt\u00fcr\u00fcne sahiptir. Bu imparatorluk k\u00fclt\u00fcr\u00fc, s\u00f6z\u00fcn\u00fc etti\u011fimiz \u00fclkelerin yer ald\u0131\u011f\u0131 devasa bir co\u011frafyay\u0131 y\u00f6netirken, hem olup biten en ufak bir ayr\u0131nt\u0131dan bile haberdar olmu\u015f, hem de buralara derinlemesine n\u00fcfuz edebilecek bir siyaseti takip edebilmi\u015f k\u00f6kl\u00fc bir devlet yap\u0131s\u0131ndan gelmektedir. Evet \u00e7ok \u015f\u00fck\u00fcr ki bu i\u015fleyen devlet akl\u0131 giderek dirilmekte ve devreye girmektedir.<\/strong><\/p>\n<p> <strong>\u00a0<\/strong><\/p>\n<p> <strong>\u00a0<\/strong><\/p>\n<p> <strong>\u00a0<\/strong><\/p>\n<p> <strong>\u00a0<\/strong><\/p>\n<p> <strong>\u00a0<\/strong><\/p>\n<p> <strong>\u00a0<\/strong><\/p>\n<p> <strong>\u00a0<\/strong><\/p>\n<p> <strong>\u00a0<\/strong><\/p>\n<p> <strong>\u00a0<\/strong><\/p>\n","protected":false},"excerpt":{"rendered":"<p><!--[if gte mso 9]><xml> Normal 0 21 false false false <\/xml><![endif]--><!--[if gte mso 9]><xml> <\/xml><![endif]--> <!--[if gte mso 10]> \n\n<style> \/* Style Definitions *\/ table.MsoNormalTable {mso-style-name:\"Normal Tablo\"; mso-tstyle-rowband-size:0; mso-tstyle-colband-size:0; mso-style-noshow:yes; mso-style-parent:\"\"; mso-padding-alt:0cm 5.4pt 0cm 5.4pt; mso-para-margin:0cm; mso-para-margin-bottom:.0001pt; mso-pagination:widow-orphan; font-size:10.0pt; font-family:\"Times New Roman\"; mso-ansi-language:#0400; mso-fareast-language:#0400; mso-bidi-language:#0400;} <\/style>\n\n <![endif]--> <strong>T\u00fcrkiye, bar\u0131\u015f\u0131 ve bekas\u0131n\u0131 sa\u011flamak istiyorsa, sava\u015fa haz\u0131r olmal\u0131d\u0131r!<\/strong><\/p>\n<p> Atat\u00fcrk&#39;\u00fcn<\/p>\n<p> <strong>&quot;Yurtta sulh, cihanda sulh!&quot; s\u00f6z\u00fcn\u00fcn anlam\u0131 ve a\u00e7\u0131l\u0131m\u0131:<\/strong><\/p>\n<p> <strong>Sadece \u00fclkemizin ve b\u00f6lgemizin de\u011fil, b\u00fct\u00fcn insanl\u0131k aleminin bar\u0131\u015f ve huzurunu temin etmek, asil milletimizin g\u00f6revi ve hedefidir. <\/strong> <\/p>\n","protected":false},"author":2,"featured_media":0,"comment_status":"open","ping_status":"closed","sticky":false,"template":"","format":"standard","meta":{"footnotes":""},"categories":[85],"tags":[3260,3398,3414,3383,3399,3415,3384,3400,3416,3385,3401,3417,3386,3402,3418,3387,3403,3419,3388,3404,3420,452,3389,3405,3421,458,3390,3406,775,3391,3407,919,3392,3408,934,3393,3409,1484,3394,3410,2248,3395,3411,2298,3396,3412,2786,3397,3413],"class_list":["post-1344","post","type-post","status-publish","format-standard","hentry","category-agustos-2008","tag-bulunmamaktadir","tag-gostergelerinden","tag-buyukelcisinin","tag-degerlendirebilecegimiz","tag-havaalanlarindan","tag-caydiriciligin","tag-gerceklestirilmistir","tag-imparatorluguydu","tag-cografyasindan","tag-stratejistlerimizden","tag-olamayacaginizin","tag-cumhuriyetinin","tag-gerceklestirmesiyle","tag-yonetmektedirler","tag-faaliyetlerine","tag-konuslandirilmisti","tag-cografyasindaki","tag-fabrikalarimiz","tag-teslimiyetciliktir","tag-degerlendirecek","tag-gelebilecegine","tag-gerceklestirilmesi","tag-desteklemelerinin","tag-gozukmemektedir","tag-guclendirmisti","tag-bagimsizligini","tag-arttirdiklarinin","tag-konuslandirilan","tag-gerceklestirme","tag-bagimsizligimizi","tag-pesmergeleridir","tag-imparatorlugunun","tag-bilgisayarlarina","tag-tedbirlerinizin","tag-gerceklestirmek","tag-birakiliyorlardi","tag-teknolojilerine","tag-faaliyetlerinin","tag-direnemeyecegini","tag-uygulanabilmesi","tag-istememektedir","tag-engellenebilecek","tag-aktivitelerini","tag-faaliyetlerini","tag-gerektirmektedir","tag-arttirmaktadir","tag-karsilasiyorsunuz","tag-gerceklestiginde","tag-baslayacaklari"],"_links":{"self":[{"href":"https:\/\/www.millicozum.com\/mc\/wp-json\/wp\/v2\/posts\/1344","targetHints":{"allow":["GET"]}}],"collection":[{"href":"https:\/\/www.millicozum.com\/mc\/wp-json\/wp\/v2\/posts"}],"about":[{"href":"https:\/\/www.millicozum.com\/mc\/wp-json\/wp\/v2\/types\/post"}],"author":[{"embeddable":true,"href":"https:\/\/www.millicozum.com\/mc\/wp-json\/wp\/v2\/users\/2"}],"replies":[{"embeddable":true,"href":"https:\/\/www.millicozum.com\/mc\/wp-json\/wp\/v2\/comments?post=1344"}],"version-history":[{"count":0,"href":"https:\/\/www.millicozum.com\/mc\/wp-json\/wp\/v2\/posts\/1344\/revisions"}],"wp:attachment":[{"href":"https:\/\/www.millicozum.com\/mc\/wp-json\/wp\/v2\/media?parent=1344"}],"wp:term":[{"taxonomy":"category","embeddable":true,"href":"https:\/\/www.millicozum.com\/mc\/wp-json\/wp\/v2\/categories?post=1344"},{"taxonomy":"post_tag","embeddable":true,"href":"https:\/\/www.millicozum.com\/mc\/wp-json\/wp\/v2\/tags?post=1344"}],"curies":[{"name":"wp","href":"https:\/\/api.w.org\/{rel}","templated":true}]}}