{"id":1346,"date":"2008-07-28T10:39:36","date_gmt":"2008-07-28T10:39:36","guid":{"rendered":"https:\/\/www.millicozum.com\/mc\/2008\/07\/28\/ra-an-abd-kerve-lker\/"},"modified":"2008-07-28T10:39:36","modified_gmt":"2008-07-28T10:39:36","slug":"israil-iran-abd-iliskileri-ve-celiskileri","status":"publish","type":"post","link":"https:\/\/www.millicozum.com\/mc\/2008\/agustos-2008\/israil-iran-abd-iliskileri-ve-celiskileri\/","title":{"rendered":"\u0130SRA\u0130L-\u0130RAN-ABD \u0130L\u0130\u015eK\u0130LER\u0130 VE \u00c7EL\u0130\u015eK\u0130LER\u0130"},"content":{"rendered":"<p><!--[if gte mso 9]><xml> Normal 0 21 false false false <\/xml><![endif]--><!--[if gte mso 9]><xml> <\/xml><![endif]--> <!--[if gte mso 10]> \n\n<style> \/* Style Definitions *\/ table.MsoNormalTable {mso-style-name:\"Normal Tablo\"; mso-tstyle-rowband-size:0; mso-tstyle-colband-size:0; mso-style-noshow:yes; mso-style-parent:\"\"; mso-padding-alt:0cm 5.4pt 0cm 5.4pt; mso-para-margin:0cm; mso-para-margin-bottom:.0001pt; mso-pagination:widow-orphan; font-size:10.0pt; font-family:\"Times New Roman\"; mso-ansi-language:#0400; mso-fareast-language:#0400; mso-bidi-language:#0400;} <\/style>\n\n <![endif]--> <strong>\u0130ran ile yeniden diplomatik ili\u015fki kurulmas\u0131 \u00e7a\u011fr\u0131s\u0131nda bulunan Carter:<\/strong><\/p>\n<p> <strong>Bush politikalar\u0131n\u0131 niye ele\u015ftiriyor!?<\/strong><\/p>\n<p> <strong>Eski ABD ba\u015fkanlar\u0131ndan Jimmy Carter&#39;\u0131n Guardian gazetesinin d\u00fczenledi\u011fi edebiyat festivalindeki konu\u015fmas\u0131 \u0130ngiliz gazetelerinde \u00f6nemli yer buluyor.<\/strong><\/p>\n<p>  <!--[if gte mso 9]><xml> Normal 0 21 false false false <\/xml><![endif]--><!--[if gte mso 9]><xml> <\/xml><![endif]--> <!--[if gte mso 10]> \n\n<style> \/* Style Definitions *\/ table.MsoNormalTable {mso-style-name:\"Normal Tablo\"; mso-tstyle-rowband-size:0; mso-tstyle-colband-size:0; mso-style-noshow:yes; mso-style-parent:\"\"; mso-padding-alt:0cm 5.4pt 0cm 5.4pt; mso-para-margin:0cm; mso-para-margin-bottom:.0001pt; mso-pagination:widow-orphan; font-size:10.0pt; font-family:\"Times New Roman\"; mso-ansi-language:#0400; mso-fareast-language:#0400; mso-bidi-language:#0400;} <\/style>\n\n <![endif]--> <strong>\u00a0<\/strong><\/p>\n<p> <strong>Guardian yer alan habere g\u00f6re, Carter, Avrupa h\u00fck\u00fcmetlerini, Hamas&#39;\u0131n denetimindeki Gazze&#39;ye uygulanan uluslararas\u0131 ablukay\u0131 k\u0131namaya \u00e7a\u011f\u0131r\u0131yor.<\/strong><\/p>\n<p> <strong>Carter, 2006&#39;da ABD, AB, BM ve Rusya taraf\u0131ndan uygulanmaya ba\u015flanan ambargoyu &quot;Yery\u00fcz\u00fcndeki en b\u00fcy\u00fck insanl\u0131k su\u00e7lar\u0131ndan biri&quot; olarak tan\u0131ml\u0131yor.<\/strong><\/p>\n<p> <strong>Independent gazetesi ise Carter&#39;\u0131n Washington&#39;a \u0130ran&#39;la ilgili \u00e7a\u011fr\u0131s\u0131n\u0131 \u00f6ne \u00e7\u0131kar\u0131yor.\u00a0 Jimmy Carter, &quot;\u0130ran&#39;la 25 y\u0131l \u00f6nce kesti\u011fimiz ticari ili\u015fkimizi yeniden ba\u015flatmal\u0131y\u0131z. Buradaki herkes gibi \u0130ranl\u0131lar da mant\u0131kl\u0131 insanlar. \u0130ntihar m\u0131 etmek istiyorlar. Sanm\u0131yorum. \u0130ran&#39;a dost oldu\u011fumuzu g\u00f6stermek i\u00e7in n\u00fckleer enerjide teknolojik yard\u0131m sa\u011flayabiliriz&quot; diyor.<\/strong><\/p>\n<p> <strong>Carter&#39;\u0131n ba\u015fkanl\u0131\u011f\u0131 d\u00f6neminde Tahran&#39;da 52 Amerikal\u0131 diplomat bir y\u0131ldan uzun s\u00fcre rehin al\u0131nm\u0131\u015ft\u0131. Rehineler, 1981&#39;de Carter&#39;\u0131n ba\u015fkanl\u0131\u011f\u0131n\u0131n son g\u00fcn\u00fcnde serbest b\u0131rak\u0131lm\u0131\u015ft\u0131. Ayn\u0131 Carter Ba\u015fkan se\u00e7imlerinde Bush ekibine kar\u015f\u0131 birlik \u00e7a\u011fr\u0131s\u0131 yap\u0131yor.<\/strong><\/p>\n<p> <strong>Rus Yahudilerden \u0130ran&#39;a Destek Geliyor!\u00a0\u00a0\u00a0\u00a0\u00a0\u00a0\u00a0\u00a0\u00a0\u00a0\u00a0\u00a0\u00a0\u00a0\u00a0\u00a0\u00a0\u00a0\u00a0\u00a0\u00a0\u00a0\u00a0\u00a0\u00a0\u00a0\u00a0\u00a0\u00a0\u00a0\u00a0\u00a0\u00a0 <\/strong><\/p>\n<p> <strong>Rusya&#39;daki Yahudiler bir a\u00e7\u0131klama yaparak \u0130ran&#39;\u0131n n\u00fckleer \u00e7al\u0131\u015fma program\u0131n\u0131 desteklediklerini duyurdu.<\/strong><\/p>\n<p> <strong>Rusya Yahudi toplumu lideri Vyacheslav Moshe Kantor, yapt\u0131\u011f\u0131 a\u00e7\u0131klamada, \u0130ran&#39;\u0131n uluslararas\u0131 d\u00fczeyde n\u00fckleer g\u00fc\u00e7 olarak tan\u0131nmas\u0131n\u0131 isteyerek bunun, \u0130ran krizini \u00f6nleyece\u011fini de savundu. <\/strong><\/p>\n<p> <strong>Rus Yahudi Kongresi ba\u015fkan\u0131 olan ve Rusya&#39;da milyarder i\u015fadam\u0131 olarak tan\u0131nan Vyacheslav Moshe Kantor, a\u00e7\u0131klamas\u0131nda, &quot;\u0130ran&#39;\u0131n uluslararas\u0131 n\u00fckleer y\u00fck\u00fcml\u00fcl\u00fcklerini yerine getirmesi i\u00e7in, n\u00fckleer g\u00fc\u00e7 olarak tan\u0131nmas\u0131n\u0131n zaman\u0131 gelmi\u015fti&quot; derken, bu stat\u00fcn\u00fcn farkl\u0131 bir &quot;\u00f6nleyici mekanizma&quot; i\u015flevi g\u00f6rece\u011fini de iddia ediyordu.<a name=\"_ftnref1\" href=\"#_ftn1\" title=\"_ftnref1\"><strong>[1]<\/strong><\/a><\/strong><\/p>\n<p> <strong>Amerika ve \u0130ran aras\u0131nda satran\u00e7 oynan\u0131yor!<\/strong><\/p>\n<p> <strong>ABD&#39;nin istek ve s\u00f6ylemleri:\u00a0\u00a0\u00a0\u00a0\u00a0\u00a0\u00a0 <\/strong><\/p>\n<p> Oya Akg\u00f6nen\u00e7&#39;in dedi\u011fi gibi:<\/p>\n<p> Bug\u00fcn ABD b\u00fct\u00fcn dikkatini \u0130ran&#39;\u0131n izolasyonuna vermi\u015f durumdad\u0131r. Uzun bir s\u00fcre \u0130ran&#39;\u0131n n\u00fckleer bir tehdit olarak b\u00fct\u00fcn d\u00fcnyay\u0131, ama daha \u00e7ok Orta Do\u011fu&#39;yu ve \u00f6zellikle de \u0130srail&#39;i tehdit etti\u011fini savunmu\u015ftur. Uluslararas\u0131 Atom Enerjisi Komisyonu, t\u00fcm n\u00fckleer \u00e7al\u0131\u015fmalar yapan \u00fclkeleri kontrol ettikleri gibi, tesislerini onlara her zaman a\u00e7an ve \u00fcyeleri olan \u0130ran&#39;\u0131 da denetlemi\u015f ve \u0130ran&#39;\u0131n \u015fu a\u015famada sadece enerji ihtiyac\u0131n\u0131 kar\u015f\u0131lamak \u00fczere \u00e7al\u0131\u015fmalar yapt\u0131\u011f\u0131n\u0131 ve bomba \u00fcretimi teknolojisinden uzak oldu\u011funu bildirmi\u015ftir. Yani \u0130ran hakk\u0131nda &quot;temiz raporu&quot; vermi\u015ftir. Hem de bir defa de\u011fil, son y\u0131llarda istek \u00fczerine yap\u0131lan kontrollerle bir\u00e7ok defa bunu vermi\u015ftir.<\/p>\n<p> \u0130lk defa d\u00fcnya ve \u00f6zellikle Avrupa devletlerini \u0130ran&#39;a kar\u015f\u0131 cephe almaya zorlayan ABD, bu raporlara ra\u011fmen \u0131srar\u0131ndan vazge\u00e7memi\u015f ve bu sefer de \u0130ran&#39;\u0131n Irak&#39;taki \u00e7at\u0131\u015fmalara m\u00fcdahale etti\u011fini, ba\u015fta \u015eii gruplara, daha sonra da b\u00fct\u00fcn direni\u015f guruplar\u0131na yard\u0131m etti\u011fini ileri s\u00fcrerek, bu devletin derhal durdurulmas\u0131 ve n\u00fckleer \u00e7al\u0131\u015fmalar\u0131n\u0131n da bir \u015fekilde yok edilmesi gerekti\u011finde \u0131srarc\u0131 olmu\u015ftur.<\/p>\n<p> \u0130srail de, \u0130ran konusunda gerekirse harekete ge\u00e7eceklerini a\u00e7\u0131klam\u0131\u015ft\u0131r. Irak tesislerini vurduklar\u0131 gibi, burada da ABD yard\u0131m\u0131 ile gerekeni yapacaklar\u0131n\u0131 s\u00f6ylemi\u015flerdir.<\/p>\n<p> \u0130ran konusu, Amerikan se\u00e7imlerine de malzeme olmu\u015f, gerek Cumhuriyet\u00e7i McCain ve gerekse Demokratlar\u0131n her iki aday\u0131 Barak Obama ve Hillary Clinton, bu konuda daha kararl\u0131 ve korkutucu konu\u015fmalar yapabilmek i\u00e7in adeta birbirleri ile yar\u0131\u015fm\u0131\u015flard\u0131r. Bu arada, Hilary Clinton, &quot;\u015fayet \u0130ran \u0130srail&#39;e sald\u0131r\u0131rsa, \u0130ran&#39;\u0131 &quot;yok&quot; ederiz&quot; diyerek hepsinden \u00f6ne ge\u00e7mi\u015ftir.<\/p>\n<p> \u0130\u015fin en enteresan y\u00f6n\u00fc de ABD ile taraf tutan Avrupa \u00fclkelerinin sanayi \u00fcr\u00fcnleri veya yar\u0131 i\u015flenmi\u015f malzemeleri olmasa, \u0130ran&#39;\u0131n \u015fu andaki d\u00fc\u015f\u00fck kapasiteye bile ula\u015fmas\u0131n\u0131n imk\u00e2ns\u0131z olmas\u0131d\u0131r. Sonu\u00e7ta bu bir teknoloji birikimi olup, bu konuda deneyimli AB \u00fclkelerinin yard\u0131m\u0131 ve mallar\u0131 ile geli\u015fim sa\u011flanmaktad\u0131r. \u0130ran&#39;\u0131n tehlikeli bir \u015fey yapmay\u0131p, sadece enerji \u00fcretti\u011fine inanan bu Avrupa devletleri, \u0130ran&#39;la i\u015fbirli\u011fine devam etmektedirler. Yani, AB \u00fclkeleri de oyunu enteresan bir \u00e7ifte strateji i\u00e7inde y\u00fcr\u00fctmekte ve bur arada da \u0130ran&#39;a mal satabilmek i\u00e7in birbirleri ile yar\u0131\u015fmaktad\u0131rlar.<\/p>\n<p> <strong>ABD&#39;nin Asya giri\u015fimleri:<\/strong><\/p>\n<p> ABD, Asya&#39;daki geli\u015fimlerden olduk\u00e7a rahats\u0131zd\u0131r:<\/p>\n<p> \u00b7\u00a0 Afganistan&#39;da 6 y\u0131ld\u0131r istedi\u011fi sonucu alamad\u0131\u011f\u0131 gibi, bug\u00fcn kendi adamlar\u0131 olarak bilinen Cumhurba\u015fkan\u0131 Karzai&#39;ye bir suikast d\u00fczenlenmi\u015f olup, hayat\u0131n\u0131 zor kurtarm\u0131\u015ft\u0131r.<\/p>\n<p> \u00b7\u00a0 Pakistan ve Hindistan&#39;\u0131n, \u0130ran ile geni\u015f bir petrol-do\u011falgaz ili\u015fkisine girmesini istemeyen ABD, bunu defalarca her iki \u00fclkeye de bildirmi\u015f olup, onlar\u0131n enerji ihtiya\u00e7lar\u0131 i\u00e7in ba\u015fka yollar bulmalar\u0131n\u0131 istemi\u015ftir. Her ikisinden de ald\u0131\u011f\u0131 cevap olumsuzdur. Yani hem Pakistan ve hem de Hindistan \u0130ran&#39;la i\u015fbirli\u011fine devam edeceklerini bildirmi\u015f ve gerekli diplomatik faaliyetlere yo\u011funluk vermi\u015flerdir.<\/p>\n<p> \u00b7\u00a0 ABD&#39;yi mutsuz eden di\u011fer bir durum Asya ve d\u00fcnyada \u00c7in&#39;in ekonomik ve dolay\u0131s\u0131 ile siyasi g\u00fcc\u00fcn\u00fcn artmas\u0131d\u0131r. \u00c7in sadece bununla da kalmay\u0131p, teknik yard\u0131m projeleri ile teknik g\u00fcc\u00fcn\u00fc ve kabiliyetini ispat etmi\u015ftir. Bug\u00fcn \u0130ran ve Pakistan aras\u0131nda yap\u0131lmakta olan Guadar serbest ticaret b\u00f6lgesi ki, petrol\u00fcn gelece\u011fi liman da buras\u0131d\u0131r, \u00c7inliler taraf\u0131ndan in\u015faa edilmektedir.<\/p>\n<p> \u00c7in&#39;i bu b\u00f6lgeden uzak tutmaya \u00e7al\u0131\u015fan ABD, bunda da ba\u015far\u0131l\u0131 olamam\u0131\u015ft\u0131r.<\/p>\n<p> Pakistan hudut eyaletlerini pilotsuz u\u00e7aklarla bombalamas\u0131, eski m\u00fcteffiki olan Pakistan&#39;a haddinden fazla bask\u0131 yapmaya kalkmas\u0131, adeta Pakistan-\u00c7in ve Pakistan- \u0130ran i\u015fbirli\u011fini h\u0131zland\u0131rm\u0131\u015f bulunmaktad\u0131r.<\/p>\n<p> \u00a7\u00a0 Hindistan&#39;a da \u0130ran konusunda uyar\u0131 yapmaya kalkan ABD, burada da b\u00fcy\u00fck bir s\u00fcrprizle kar\u015f\u0131la\u015fm\u0131\u015f ve &quot;ba\u011f\u0131ms\u0131z bir devlet isek, bize kiminle i\u015f yapaca\u011f\u0131m\u0131z\u0131 s\u00f6ylemeye veya dikte etmeye kalk\u0131\u015fmay\u0131n\u0131z&quot; kabilinden bir cevap alm\u0131\u015ft\u0131r. <\/p>\n<p> K\u0131sacas\u0131, \u0130ran&#39;\u0131 yaln\u0131z b\u0131rakay\u0131m derken, ABD kendisi gittik\u00e7e yaln\u0131zl\u0131\u011fa do\u011fru itilmi\u015f bulunmaktad\u0131r.<\/p>\n<p> Olaylar\u0131 kontrol edeyim derken,\u00a0 olaylar t\u00fcm\u00fc ile kontrolden \u00e7\u0131kmaya ba\u015flam\u0131\u015ft\u0131r.<\/p>\n<p> Yani siyasi ve askeri alanda adeta tam bir satran\u00e7 oyunu cereyan etmektedir ve hamleler gittik\u00e7e sertle\u015fmektedir. Asya&#39;dan gelen cevap, beklenmedik manevralar\u0131n ustaca uygulanmas\u0131 \u015feklindedir.<\/p>\n<p> \u0130ran, hem Pakistan ve Hindistan&#39;la i\u015fbirli\u011fi ve ekonomik \u00e7al\u0131\u015fmalar\u0131 garantiye alm\u0131\u015ft\u0131r; hem de ABD&#39;ye NATO geni\u015fleme projesinde kar\u015f\u0131 \u00e7\u0131kan Rusya ile bir anla\u015fma yapmay\u0131 becermi\u015ftir. <\/p>\n<p> \u0130ran, Avrupa devletleri ile de el alt\u0131ndan her t\u00fcrl\u00fc al\u0131\u015fveri\u015fi y\u00fcr\u00fctmekte olup, n\u00fckleer \u00e7al\u0131\u015fmalar\u0131n\u0131 da s\u00fcrd\u00fcrmektedir.<\/p>\n<p> Afganistan&#39;da ABD saf\u0131na kat\u0131lmak isteyenlerin say\u0131s\u0131 b\u00fcy\u00fck \u00f6l\u00e7\u00fcde azalm\u0131\u015f olup, \u0130ngiltere ve Fransa d\u0131\u015f\u0131nda ilave asker g\u00f6ndermeye pek g\u00f6n\u00fcll\u00fc \u00e7\u0131kmam\u0131\u015ft\u0131r.<\/p>\n<p> ABD, T\u00fcrkmen gaz\u0131n\u0131 ve petrol\u00fcn\u00fc Afganistan \u00fcst\u00fcnden Pakistan ve Hindistan yolu ile Hint Okyanusu&#39;na indirmek istemekte olup, bu konuda ikna turlar\u0131na \u00e7\u0131km\u0131\u015ft\u0131r. Ama buna kar\u015f\u0131n, her iki \u00fclke de bu Amerikan projesini, hem daha pahal\u0131, hem de daha tehlikeli bulmakta olup, \u0130ran&#39;la \u00e7al\u0131\u015fmay\u0131 tercih etmektedirler.<\/p>\n<p> ABD, Irak&#39;ta belli bir ba\u015far\u0131y\u0131 da ger\u00e7ekle\u015ftirememi\u015ftir. Durum b\u00f6yle iken, ve d\u00fcnya kamuoyu her ge\u00e7en g\u00fcn \u0130ran d\u00fc\u015fmanl\u0131\u011f\u0131ndan uzakla\u015f\u0131rken, ABD&#39;nin \u0130ran&#39;a sald\u0131rma planlar\u0131n\u0131 konu\u015fmas\u0131, veya \u0130ran&#39;\u0131 nas\u0131l ve ne \u015fekilde vuraca\u011f\u0131n\u0131 bu konuda kimlerin kendisine yard\u0131mc\u0131 olaca\u011f\u0131n\u0131, medyada ilan etmesinin de kime ve neye yarar\u0131 olaca\u011f\u0131n\u0131 anlamak hayli zordur. <\/p>\n<p> <strong>Asya&#39;da oynanan tam bir satran\u00e7 oyunudur<\/strong> ve \u015fu anda &quot;\u015fah&quot;\u0131n kim oldu\u011fu ve kimin taraf\u0131ndan &quot;mat&quot; edilece\u011fi b\u00fcy\u00fck bir merak konusudur.<\/p>\n<p> <strong>ABD-\u0130ran Gizli G\u00f6r\u00fc\u015fmeleri<\/strong><\/p>\n<p> &quot;Belki, takvimlerin Kas\u0131m 2007 ba\u015f\u0131n\u0131 g\u00f6sterdi\u011fi g\u00fcnlerde \u0130stanbul&#39;da ger\u00e7ekle\u015ftirilen Irak&#39;a Kom\u015fu \u00dclkeler Toplant\u0131s\u0131&#39;nda, ABD D\u0131\u015fi\u015fleri Bakan\u0131 Rice ile \u0130ranl\u0131 meslekta\u015f\u0131 Mottaki y\u00fczy\u00fcze bir g\u00f6r\u00fc\u015fme ger\u00e7ekle\u015ftirmemi\u015flerdi ama, bu toplant\u0131dan g\u00fcn\u00fcm\u00fcze ya\u015fan\u0131lanlar, Amerikan-\u0130ran diplomasi koridorlar\u0131nda \u00e7ok ciddi &#39;bulu\u015fmalar&#39; ya\u015fand\u0131\u011f\u0131n\u0131 ortaya koyuyordu. <\/p>\n<p> Ortado\u011fu&#39;da &#39;g\u00f6r\u00fcnenlerin perde arkas\u0131n\u0131 iyi izleyebilen&#39; g\u00f6zler, zaten, Amerikan-\u0130ran ili\u015fkilerinin Irak zemininde giderek bir &#39;kendili\u011finden bar\u0131\u015f havas\u0131na&#39; d\u00f6n\u00fc\u015ft\u00fc\u011f\u00fcn\u00fc, \u00f6zellikle \u0130ran Cumhurba\u015fkan\u0131 Ahmedinecad&#39;\u0131n Ba\u011fdat ziyareti ile bu durumun g\u00fcn y\u00fcz\u00fcne \u00e7\u0131kt\u0131\u011f\u0131n\u0131 da g\u00f6r\u00fcyordu. <\/p>\n<p> Ama, \u0130ran&#39;\u0131n son olarak, Irak&#39;taki Amerikan varl\u0131\u011f\u0131n\u0131n merkezini olu\u015fturan &#39;Ye\u015fil B\u00f6lge&#39; ye d\u00f6n\u00fck havan topu sald\u0131r\u0131lar\u0131n\u0131 &#39;Irak&#39;\u0131n istikrar\u0131na a\u011f\u0131r tehdit&#39; diye niteleyerek k\u0131namas\u0131&#8230; <\/p>\n<p> Tahran&#39;dan yap\u0131lan b\u00fct\u00fcn a\u00e7\u0131klamalarda, Basra&#39;daki \u015eii lider Mukteda el-Sadr&#39;\u0131n Mehdi Ordusu&#39;na d\u00f6n\u00fck operasyonlar\u0131n &#39;normal&#39; kar\u015f\u0131land\u0131\u011f\u0131n\u0131n vurgulanmas\u0131&#8230; <\/p>\n<p> \u00d6zellikle, \u0130srail&#39;in L\u00fcbnan-Suriye s\u0131n\u0131r\u0131nda tarihinin en b\u00fcy\u00fck askeri tatbikat\u0131n\u0131 yapt\u0131\u011f\u0131 bir d\u00f6nemde Hizbullah&#39;\u0131n muhtemel tepkilerini net bir \u015fekilde durdurmas\u0131 kafa kar\u0131\u015ft\u0131r\u0131yordu&#8230; <\/p>\n<p> <strong>Tahran&#39;dan \u0130srail&#39;e \u00f6nemli mesaj&#8230;<\/strong><\/p>\n<p> <strong>Ama bu noktada son derece &#39;kritik&#39; bir geli\u015fmeyi aktarmakta b\u00fcy\u00fck yarar var: <\/strong><\/p>\n<p> <strong>\u0130ran&#39;\u0131n FARS Haberajans\u0131, esas olarak \u0130ran Devrim Muhaf\u0131zlar\u0131 Te\u015fkilat\u0131&#39;na ba\u011fl\u0131 bir yar\u0131-resmi yay\u0131n organ\u0131 olarak tan\u0131n\u0131r. Bu ajans\u0131n ge\u00e7ti\u011fimiz aylar verdi\u011fi bir haberde, 12 \u015eubat g\u00fcn\u00fc \u015eam&#39;da \u00f6ld\u00fcr\u00fclen L\u00fcbnan&#39;daki Hizbullah \u00f6rg\u00fct\u00fcn\u00fcn \u00f6nde gelen komutanlar\u0131ndan \u0130mad Mugniyeh&#39;in, \u0130srail de\u011fil, Suudi Arabistan taraf\u0131ndan &#39;ortadan kald\u0131r\u0131ld\u0131\u011f\u0131n\u0131&#39; a\u00e7\u0131klamas\u0131 dikkat \u00e7ekiciydi. FARS Suriye&#39;deki &#39;iyi haber alan kaynaklara&#39; dayand\u0131rd\u0131\u011f\u0131 haberinde, Mugniyeh&#39;in, Suudi Arabistan&#39;\u0131n Dahran kenti yak\u0131nlar\u0131ndaki Abd\u00fclaziz Hava \u00dcss\u00fc&#39; ne kar\u015f\u0131 1996 y\u0131l\u0131nda d\u00fczenletti\u011fi bombal\u0131 sald\u0131r\u0131ya misilleme olarak, bu \u00fclkenin Washington eski B\u00fcy\u00fckel\u00e7isi Prens Bandar el-Sultan&#39;\u0131n haz\u0131rlatt\u0131\u011f\u0131 bir komplo ile \u00f6ld\u00fcrt\u00fcld\u00fc\u011f\u00fcn\u00fc vurgulad\u0131. FARS&#39;\u0131n, haberinde bu ger\u00e7e\u011fin ortaya \u00e7\u0131kar\u0131lmas\u0131nda \u0130srail Gizli Servisi MOSSAD&#39;\u0131n da \u00e7ok \u00f6nemli bir rol\u00fc oldu\u011funu vurgulamas\u0131 da \u00f6nemliydi. Haber, L\u00fcbnan&#39;daki Hizbullah \u00f6rg\u00fct\u00fcn\u00fcn \u0130srail askeri hedeflerine d\u00f6n\u00fck misilleme sald\u0131r\u0131lar\u0131n\u0131n da \u00f6n\u00fcn\u00fc kesmi\u015f oldu&#8230; <\/strong><\/p>\n<p> <strong>B\u00fct\u00fcn bu geli\u015fmelerin devam\u0131nda, Irak&#39;\u0131n \u015eii kanad\u0131nda Amerikan-\u0130ngiliz ittifak\u0131n\u0131n yak\u0131n adam\u0131 olarak tan\u0131mlanan \u0130brahim Caferi&#39; nin ge\u00e7ti\u011fimiz g\u00fcnlerde Tahran&#39;\u0131 ziyaret edip, al\u0131\u015f\u0131lm\u0131\u015f\u0131n \u00f6tesinde \u00fcst d\u00fczeyde ve iyi kar\u015f\u0131lanmas\u0131 da Amerikan-\u0130ran &#39;perde arkas\u0131&#39; g\u00f6r\u00fc\u015fmelerinin yolunda oldu\u011funu bir kez daha g\u00f6steriyordu&#8230;&quot;<a name=\"_ftnref2\" href=\"#_ftn2\" title=\"_ftnref2\"><strong>[2]<\/strong><\/a> <\/strong><\/p>\n<p> <strong>\u0130srail&#39;in, \u0130ran D\u00fc\u015fmanl\u0131\u011f\u0131 Siyaset mi?<\/strong><\/p>\n<p> <strong>\u0130ngiliz The Guardian gazetesinde Richard Silverstein imzas\u0131yla yay\u0131mlanan makalede, tart\u0131\u015fmal\u0131 n\u00fckleer program\u0131 nedeniyle ABD&#39;nin askeri operasyon tehdidi alt\u0131ndaki \u0130ran ile \u0130srail aras\u0131ndaki gizli ili\u015fkiler ortaya konuldu.<\/strong><\/p>\n<p> \u0130ran&#39;\u0131 bir devlet olarak varolu\u015funa y\u00f6nelik en ciddi tehdit sayan ve Tahran&#39;a s\u0131k\u0131 yapt\u0131r\u0131mlar i\u00e7in diplomatik temaslar\u0131n\u0131 s\u00fcrd\u00fcren \u0130srail&#39;in, \u0130ran petrol\u00fcn\u00fcn ba\u015fl\u0131ca m\u00fc\u015fterisi oldu\u011funu yazan Silverstein, Tel Aviv&#39;in bu tutumunun, kelimenin tam anlam\u0131yla &#39;ikiy\u00fczl\u00fcl\u00fck&#39; oldu\u011funu belirtiyordu.<\/p>\n<p> Ge\u00e7en ay \u0130ran&#39;a giden \u0130svi\u00e7re D\u0131\u015fi\u015fleri Bakan\u0131&#39;n\u0131n, gelecek 25 y\u0131l\u0131 i\u00e7erecek \u015fekilde \u0130ran&#39;la milyarlarca dolarl\u0131k petrol ve gaz anla\u015fmas\u0131 imzalad\u0131\u011f\u0131n\u0131 hat\u0131rlatan yazar, anla\u015fman\u0131n ABD, \u0130srail ve d\u00fcnya genelindeki Yahudi \u00f6rg\u00fctleri taraf\u0131ndan tepkiyle kar\u015f\u0131land\u0131\u011f\u0131 belirtti. \u0130ran&#39;\u0131 ba\u015fl\u0131ca tehdit olarak de\u011ferlendiren ABD ve \u0130srail&#39;in bu tepkilerinin tahmin edilebilir oldu\u011funu kaydeden yazar, bununla beraber 30 Mart&#39;ta bir \u0130svi\u00e7re gazetesinde yer alan haberin, \u0130srail&#39;in nas\u0131l ikiy\u00fczl\u00fc bir politika izledi\u011fini g\u00f6sterdi\u011fine i\u015faret ediyordu. <\/p>\n<p> Sonntag&#39;da \u00e7\u0131kan habere g\u00f6re \u0130srail, Tahran&#39;\u0131n uluslararas\u0131 alandan tecrid edilmesine y\u00f6nelik b\u00fct\u00fcn \u00e7abalar\u0131na kar\u015f\u0131n, y\u0131llard\u0131r \u0130ran petrol\u00fc sat\u0131n al\u0131yor! Haberde, &#39;\u0130ran \u00fcr\u00fcnlerinin ihrac\u0131n\u0131n ve bu \u00fclkeyle temaslar\u0131n resmen yasak olmas\u0131na kar\u015f\u0131n \u0130srail, \u0130ran&#39;dan b\u00fcy\u00fck \u00e7apta petrol ithal ediyor. Ambargonun &#39;etraf\u0131ndan dola\u015fan&#39; \u0130srail, petrol\u00fc Avrupa \u00fczerinden al\u0131yordu&#8230;&#39;\u00a0 <\/p>\n<p> \u0130srail&#39;de enerji sekt\u00f6r\u00fcnde yay\u0131n yapan EnergiaNews adl\u0131 gazetede 18 Mart&#39;ta \u00e7\u0131kan habere de at\u0131fta bulunan Sonntang, \u0130ran ham petrol\u00fcn\u00fcn, y\u00fcksek kalitesi sebebiyle \u0130srail&#39;de en \u00e7ok tercih edilen \u00fcr\u00fcn oldu\u011funu da yaz\u0131yordu. <\/p>\n<p> <strong>Rotterdam \u00dczerinden \u0130ran&#39;a<\/strong><\/p>\n<p> EnergiaNews&#39;in edit\u00f6r\u00fc Mo\u015fe \u015ealev, \u0130ran petrol\u00fcn\u00fcn ba\u015fta Rotterdam olmak \u00fczere \u00e7e\u015fitli Avrupa limanlar\u0131na geldi\u011fini, gereken resmi belgelerin tedarik edilmesinin ard\u0131ndan bu petrol\u00fcn \u0130srail taraf\u0131ndan sat\u0131n al\u0131nd\u0131\u011f\u0131n\u0131 yaz\u0131p, daha sonra petrol\u00fcn \u0130srail&#39;in Hayfa liman\u0131na nakledildi\u011fini yazan \u015ealev, ithalat\u00e7\u0131 firman\u0131n da, petrol kaynaklar\u0131n\u0131 gizli tutan Eilat-Ashkelon Pipeline Co (EAPC) adl\u0131 \u015firket oldu\u011funu vurguluyordu.\u00a0 <\/p>\n<p> EAPC, \u0130ran petrol\u00fcn\u00fcn Avrupa&#39;ya ihrac\u0131 amac\u0131yla 1968&#39;de \u0130ran-\u0130srail ortak giri\u015fimiyle kuruldu. Ancak \u0130ran&#39;da \u015eah\u0131n devrilmesinin ard\u0131ndan Tahran, projede aktif rol oynamaktan vazge\u00e7iyor ve taraflar aras\u0131nda \u015firketle ilgili hukuki ihtilaflar da tam olarak \u00e7\u00f6z\u00fclemiyordu. <\/p>\n<p> <strong>\u0130srail Devleti Haberdar <\/strong><\/p>\n<p> Sonntag, \u0130ran&#39;\u0131n ihra\u00e7 etti\u011fi petrol\u00fcn \u0130srail taraf\u0131ndan sat\u0131n al\u0131nd\u0131\u011f\u0131na dair bilgisi olup olmad\u0131\u011f\u0131n\u0131n bilinmedi\u011fini ancak \u0130srail h\u00fck\u00fcmetinin bu al\u0131\u015fveri\u015ften kesinlikle haberdar oldu\u011funu s\u00f6yl\u00fcyor, gazeteye konu\u015fan \u0130srailli bir enerji uzman\u0131 da EnergiaNews&#39;in haberini do\u011fruluyordu.<\/p>\n<p> Guardian yazar\u0131 Silverstein, ortaya \u00e7\u0131kan bilgilerin \u0130srail h\u00fck\u00fcmetinin ikiy\u00fczl\u00fc tutumunu a\u00e7\u0131k\u00e7a ortaya koydu\u011funu savunarak, &#39;E\u011fer \u0130ran \u0130srail i\u00e7in hayati bir tehdit olu\u015fturuyorsa, \u0130srail h\u00fck\u00fcmeti ni\u00e7in bu ticarete izin veriyor&#39; sorusunu y\u00f6neltiyordu!.. <\/p>\n<p> \u0130ran&#39;a ambargolar\u0131n s\u0131k\u0131la\u015ft\u0131r\u0131lmas\u0131 i\u00e7in ba\u015fta ABD olmak \u00fczere Bat\u0131 \u00fclkelerinde s\u00fcrekli temaslarda bulunan \u0130srail&#39;in, uygulanan ambargoyu bizzat ihlal etti\u011fini belirten yazar, &#39;\u0130srail kendi boykotunu ihlal ediyorsa, d\u00fcnya \u00fclkeleri \u0130srail&#39;in Hamas ve Gazze boykotuna ni\u00e7in itibar etsin? \u0130srail&#39;in bile riayet etmedi\u011fi bir boykota ABD Kongre \u00fcyeleri ni\u00e7in oy veriyor?&#39; sorusu hala yan\u0131t bekliyordu.<\/p>\n<p> <strong>\u0130ran &#39;Resmen&#39; D\u00fc\u015fman De\u011fil<\/strong><\/p>\n<p> \u0130srail&#39;in \u0130ran&#39;\u0131 resmen &#39;d\u00fc\u015fman \u00fclke&#39; olarak tan\u0131mlamad\u0131\u011f\u0131 y\u00f6n\u00fcndeki ilgin\u00e7 ayr\u0131nt\u0131y\u0131 da hat\u0131rlatan Silverstein, Tel Aviv&#39;in, ayn\u0131 ikiy\u00fczl\u00fc tutumun devam\u0131 olarak, \u0130ran&#39;la ba\u011flant\u0131s\u0131n\u0131 kesmedi\u011fi gerek\u00e7esiyle Suriye ile bar\u0131\u015f g\u00f6r\u00fc\u015fmelerine ba\u015flamay\u0131 \u00f6nce reddetti\u011fini&quot;<a name=\"_ftnref3\" href=\"#_ftn3\" title=\"_ftnref3\">[3]<\/a> sonra da T\u00fcrkiye arac\u0131l\u0131\u011f\u0131yla ili\u015fkiye ge\u00e7ti\u011fini, bir sahtek\u00e2rl\u0131k \u00f6rne\u011fi olarak anlat\u0131yordu.<\/p>\n<p> \u0130ran, Karaba\u011f&#39;\u0131 Ermenistan&#39;da G\u00f6steriyor!?<\/p>\n<p> <strong>Bu arada Ermenistan&#39;la enerji, yat\u0131r\u0131m ve ula\u015f\u0131m alan\u0131nda iyi ili\u015fkiler geli\u015ftiren \u0130ran, Bak\u00fc&#39;y\u00fc \u015fok eden bir anla\u015fma yapt\u0131.<\/strong><\/p>\n<p> \u0130ran telefon operat\u00f6r\u00fc \u0130ran Kish Telekom \u015firketi Ermenistan&#39;\u0131n i\u015fgal etti\u011fi Yukar\u0131 Karaba\u011f&#39;da faaliyet g\u00f6steren Karaba\u011f Telekom&#39;la roaming anla\u015fmas\u0131 imzalad\u0131.<\/p>\n<p> Azerbaycan haber ajans\u0131 APA \u0130ran telekom\u00fcnikasyon \u015firketinin web sayfas\u0131nda da Yukar\u0131 Karaba\u011f&#39;\u0131n Ermenistan topra\u011f\u0131 gibi g\u00f6sterildi\u011fini a\u00e7\u0131klad\u0131. Litvanya mobil telefon operat\u00f6r\u00fc GeMobile&#39;\u0131n da benzer bir anla\u015fma yapt\u0131\u011f\u0131 ve ayn\u0131 \u015fekilde Yukar\u0131 Karaba\u011f&#39;\u0131 Ermenistan topra\u011f\u0131 g\u00f6sterdi\u011fi vurguland\u0131.<\/p>\n<p> Birle\u015fmi\u015f Milletler Genel Kurul karar\u0131na g\u00f6re Azerbaycan topra\u011f\u0131 olarak kabul edilen Yukar\u0131 Karaba\u011f&#39;da Ermenistan&#39;\u0131n bir an \u00f6nce i\u015fgali sona erdirmesi i\u00e7in T\u00fcrkiye pek \u00e7ok \u00e7a\u011fr\u0131da bulunulmu\u015ftu.<\/p>\n<p> \u0130ran&#39;\u0131n Bak\u00fc B\u00fcy\u00fckel\u00e7isi Mecid Feyzullahi ajansa yapt\u0131\u011f\u0131 de\u011ferlendirmede: &quot;\u0130ranl\u0131 \u015firketin \u00f6zel oldu\u011funu, bunun i\u00e7in devletin herhangi bir yapt\u0131r\u0131m g\u00fcc\u00fcn\u00fcn olmad\u0131\u011f\u0131n\u0131&quot; ve konu ile ilgili bir ara\u015ft\u0131rma yapacaklar\u0131n\u0131 duyurdu. Litvanya B\u00fcy\u00fckel\u00e7isi Viliyes Samuela de anla\u015fma yapan \u015firketin \u00f6zel oldu\u011funu, eksik bilgi nedeni ile b\u00f6yle bir anla\u015fma imzaland\u0131\u011f\u0131n\u0131 savundu.<\/p>\n<p> Olaya tepki g\u00f6steren Azerbaycan D\u0131\u015fi\u015fleri Bakanl\u0131\u011f\u0131 s\u00f6zc\u00fcs\u00fc Hazar \u0130brahim ise bu iki \u00fclke ile diplomatik ili\u015fkileri g\u00f6zden ge\u00e7ireceklerini duyurdu. Evet b\u00fct\u00fcn bunlar kafa kar\u0131\u015ft\u0131r\u0131yordu.<\/p>\n<p> <strong>\u00a0<\/strong><\/p>\n<p> <\/p>\n<hr \/>\n<p> <a name=\"_ftn1\" href=\"#_ftnref1\" title=\"_ftn1\">[1]<\/a> Haber5.com \/ 15.04.2008<\/p>\n<p> <a name=\"_ftn2\" href=\"#_ftnref2\" title=\"_ftn2\">[2]<\/a> Ardan Zent\u00fcrk 14.04.2008 Star<\/p>\n<p> <a name=\"_ftn3\" href=\"#_ftnref3\" title=\"_ftn3\">[3]<\/a> Star \/ 05.04.2008<\/p>\n","protected":false},"excerpt":{"rendered":"<p><!--[if gte mso 9]><xml> Normal 0 21 false false false <\/xml><![endif]--><!--[if gte mso 9]><xml> <\/xml><![endif]--> <!--[if gte mso 10]> \n\n<style> \/* Style Definitions *\/ table.MsoNormalTable {mso-style-name:\"Normal Tablo\"; mso-tstyle-rowband-size:0; mso-tstyle-colband-size:0; mso-style-noshow:yes; mso-style-parent:\"\"; mso-padding-alt:0cm 5.4pt 0cm 5.4pt; mso-para-margin:0cm; mso-para-margin-bottom:.0001pt; mso-pagination:widow-orphan; font-size:10.0pt; font-family:\"Times New Roman\"; mso-ansi-language:#0400; mso-fareast-language:#0400; mso-bidi-language:#0400;} <\/style>\n\n <![endif]--> <strong>\u0130ran ile yeniden diplomatik ili\u015fki kurulmas\u0131 \u00e7a\u011fr\u0131s\u0131nda bulunan Carter:<\/strong><\/p>\n<p> <strong>Bush politikalar\u0131n\u0131 niye ele\u015ftiriyor!?<\/strong><\/p>\n<p> <strong>Eski ABD ba\u015fkanlar\u0131ndan Jimmy Carter&#39;\u0131n Guardian gazetesinin d\u00fczenledi\u011fi edebiyat festivalindeki konu\u015fmas\u0131 \u0130ngiliz gazetelerinde \u00f6nemli yer buluyor.<\/strong><\/p>\n","protected":false},"author":1,"featured_media":0,"comment_status":"open","ping_status":"closed","sticky":false,"template":"","format":"standard","meta":{"footnotes":""},"categories":[85],"tags":[1283,3467,3483,1350,3468,3484,1491,3469,3485,2022,3470,3486,2033,3471,3487,2253,3472,3488,2337,3473,3489,2338,3474,3490,2385,3475,3491,2457,3476,3492,2711,3477,3493,3237,3478,3494,3253,3479,3495,3329,3480,3496,798,3465,3481,3497,844,3466,3482,3498],"class_list":["post-1346","post","type-post","status-publish","format-standard","hentry","category-agustos-2008","tag-gerceklestirilen","tag-desteklediklerini","tag-saglanmaktadir","tag-bulunmaktadir","tag-sikilastirilmasi","tag-saglayabiliriz","tag-karsilandiginin","tag-telekomunikasyon","tag-surdurmektedir","tag-operasyonlarin","tag-yarismaktadirlar","tag-yakinlarindaki","tag-hukumetlerini","tag-yukumluluklerini","tag-yarismislardir","tag-soylemislerdir","tag-degerlendirmede","tag-cikarilmasinda","tag-aciklamalarda","tag-gecireceklerini","tag-oldurtuldugunu","tag-aciklamasinda","tag-komutanlarindan","tag-baskanliginin","tag-denetimindeki","tag-sertlesmektedir","tag-baslatmaliyiz","tag-dusmanligindan","tag-teknolojisinden","tag-bilinmedigini","tag-calismalarinin","tag-gorusmelerinin","tag-devrilmesinin","tag-saldirilarinin","tag-gosterildigini","tag-degerlendiren","tag-iliskilerinin","tag-kaldirildigini","tag-etmektedirler","tag-demokratlarin","tag-karistiriyordu","tag-gelisimlerden","tag-798","tag-gerceklestirmemislerdi","tag-koridorlarinda","tag-gececeklerini","tag-cumhurbaskani","tag-gerceklestirememistir","tag-nakledildigini","tag-gorusmelerine"],"_links":{"self":[{"href":"https:\/\/www.millicozum.com\/mc\/wp-json\/wp\/v2\/posts\/1346","targetHints":{"allow":["GET"]}}],"collection":[{"href":"https:\/\/www.millicozum.com\/mc\/wp-json\/wp\/v2\/posts"}],"about":[{"href":"https:\/\/www.millicozum.com\/mc\/wp-json\/wp\/v2\/types\/post"}],"author":[{"embeddable":true,"href":"https:\/\/www.millicozum.com\/mc\/wp-json\/wp\/v2\/users\/1"}],"replies":[{"embeddable":true,"href":"https:\/\/www.millicozum.com\/mc\/wp-json\/wp\/v2\/comments?post=1346"}],"version-history":[{"count":0,"href":"https:\/\/www.millicozum.com\/mc\/wp-json\/wp\/v2\/posts\/1346\/revisions"}],"wp:attachment":[{"href":"https:\/\/www.millicozum.com\/mc\/wp-json\/wp\/v2\/media?parent=1346"}],"wp:term":[{"taxonomy":"category","embeddable":true,"href":"https:\/\/www.millicozum.com\/mc\/wp-json\/wp\/v2\/categories?post=1346"},{"taxonomy":"post_tag","embeddable":true,"href":"https:\/\/www.millicozum.com\/mc\/wp-json\/wp\/v2\/tags?post=1346"}],"curies":[{"name":"wp","href":"https:\/\/api.w.org\/{rel}","templated":true}]}}