{"id":1350,"date":"2008-07-28T10:47:49","date_gmt":"2008-07-28T10:47:49","guid":{"rendered":"https:\/\/www.millicozum.com\/mc\/2008\/07\/28\/ermentanin-katlmlari\/"},"modified":"2008-07-28T10:47:49","modified_gmt":"2008-07-28T10:47:49","slug":"ermenistanin-katliamlari","status":"publish","type":"post","link":"https:\/\/www.millicozum.com\/mc\/2008\/agustos-2008\/ermenistanin-katliamlari\/","title":{"rendered":"ERMEN\u0130STAN&#8217;IN KATL\u0130AMLARI"},"content":{"rendered":"<p><!--[if gte mso 9]><xml> Normal 0 21 false false false <\/xml><![endif]--><!--[if gte mso 9]><xml> <\/xml><![endif]--> <!--[if gte mso 10]> \n\n<style> \/* Style Definitions *\/ table.MsoNormalTable {mso-style-name:\"Normal Tablo\"; mso-tstyle-rowband-size:0; mso-tstyle-colband-size:0; mso-style-noshow:yes; mso-style-parent:\"\"; mso-padding-alt:0cm 5.4pt 0cm 5.4pt; mso-para-margin:0cm; mso-para-margin-bottom:.0001pt; mso-pagination:widow-orphan; font-size:10.0pt; font-family:\"Times New Roman\"; mso-ansi-language:#0400; mso-fareast-language:#0400; mso-bidi-language:#0400;} <\/style>\n\n <![endif]-->Ba\u015fta H\u0131ristiyan Ha\u00e7l\u0131lar, t\u00fcm k\u00fcf\u00fcr d\u00fcnyas\u0131n\u0131n T\u00fcrklere d\u00fc\u015fmanl\u0131\u011f\u0131, M\u00fcsl\u00fcmanl\u0131klar\u0131ndan dolay\u0131d\u0131r.\u00a0 \u00c7\u00fcnk\u00fc M\u00fcsl\u00fcmanl\u0131ktan \u00e7\u0131km\u0131\u015f T\u00fcrklerle hi\u00e7bir sorunlar\u0131 ve sald\u0131r\u0131lar\u0131 olmad\u0131\u011f\u0131 tarihen ispatlanm\u0131\u015ft\u0131r. Barbar Bat\u0131l\u0131lar, T\u00fcrklere kar\u015f\u0131, hem kendi i\u00e7lerindeki H\u0131ristiyan az\u0131nl\u0131klar\u0131 s\u00fcrekli azd\u0131rd\u0131klar\u0131 gibi, kom\u015fular\u0131 olan H\u0131ristiyan veya M\u00fcsl\u00fcman \u00fclkeleri de k\u0131\u015fk\u0131rtmaktan geri durmam\u0131\u015flard\u0131r  <!--[if gte mso 9]><xml> Normal 0 21 false false false <\/xml><![endif]--><!--[if gte mso 9]><xml> <\/xml><![endif]--> <!--[if gte mso 10]> \n\n<style> \/* Style Definitions *\/ table.MsoNormalTable {mso-style-name:\"Normal Tablo\"; mso-tstyle-rowband-size:0; mso-tstyle-colband-size:0; mso-style-noshow:yes; mso-style-parent:\"\"; mso-padding-alt:0cm 5.4pt 0cm 5.4pt; mso-para-margin:0cm; mso-para-margin-bottom:.0001pt; mso-pagination:widow-orphan; font-size:10.0pt; font-family:\"Times New Roman\"; mso-ansi-language:#0400; mso-fareast-language:#0400; mso-bidi-language:#0400;} <\/style>\n\n <![endif]--> <\/p>\n<p> Devlete ba\u015fkald\u0131ran bebek katili PKK&#39;l\u0131lar\u0131: &quot;\u00f6zg\u00fcrl\u00fck sava\u015f\u00e7\u0131s\u0131&quot;, Azerbaycan Hocal\u0131 da y\u00fczlerce masum T\u00fcrk&#39;\u00fc \u00f6ld\u00fcren Ermenileri : &quot;Vatan savunmac\u0131lar\u0131&quot; sayan Bat\u0131l\u0131lar, kendi \u00fclkesinde ermeni isyanlar\u0131n\u0131 bast\u0131rmaya \u00e7al\u0131\u015fan T\u00fcrkiye&#39;yi &quot;soyk\u0131r\u0131mc\u0131&quot; ilan etmekten de utan\u0131p sak\u0131nmam\u0131\u015ft\u0131r.<\/p>\n<p> Ama hakl\u0131 olmak yeterli de\u011fildir, hakk\u0131n\u0131 alacak g\u00fcce de ihtiya\u00e7 vard\u0131r. \u00c7\u00fcnk\u00fc Bat\u0131, sadece g\u00fc\u00e7ten anlamaktad\u0131r. Bu nedenle D-8 \u00f6rne\u011fi gibi, T\u00fcrkiye merkezli yeni bir g\u00fc\u00e7 oda\u011f\u0131 kurulmad\u0131k\u00e7a, Bat\u0131n\u0131n barbarl\u0131\u011f\u0131 durmayacakt\u0131r.<\/p>\n<p> <strong>Ta\u015fnaklar\u0131n T\u00fcrk d\u00fc\u015fmanl\u0131\u011f\u0131 <\/strong><\/p>\n<p> <strong>31 Mart 1918, Azerbaycan tarihine siyah harflerle yaz\u0131ld\u0131. Bu tarihte Bak\u00fc,\u00a0\u00a0\u00a0\u00a0 Gence, K\u00fcba,\u00a0\u00a0 \u015eamah\u0131,\u00a0\u00a0 Lankaran, \u0130ran&#39;da Azeri T\u00fcrklerinin ya\u015fad\u0131\u011f\u0131 Hoy, Urmiye, Salas \u015fehirlerine giren &quot;Ta\u015fnaklar&quot; y\u00fcz binlerce T\u00fcrk\u00fc katletti, y\u00fcz binlercesini de zorunlu g\u00f6\u00e7e tabi tuttu. &quot;Ta\u015fnaklar&quot; 19. y\u00fczy\u0131l\u0131n &#39;sonlar\u0131nda Ermenistan&#39;da yarat\u0131lm\u0131\u015f\u00a0 &quot;Ta\u015fnaks\u00fctyun&quot; partisi \u00fcyeleriydi. Katillerden ve cell\u00e2tlardan olu\u015fan Ermeni \u00e7etesi Ta\u015fnaks\u00fctyun&#39;un amac\u0131 Azerbaycan&#39;da, G\u00fcrcistan&#39;\u0131n Tiflis, Borcal\u0131, Ahilkelek kentlerinde ya\u015fayan T\u00fcrkleri katlederek, yaln\u0131z Ermenilerin ya\u015fayaca\u011f\u0131 B\u00fcy\u00fck Ermenistan Devletini kurmakt\u0131.<\/strong><\/p>\n<p> <strong>31 Mart&#39;ta ba\u015flayarak, 3 g\u00fcn boyunca devam eden katliamda 15 bin Azeri \u00f6ld\u00fcr\u00fcld\u00fc. &quot;\u0130slamiyye&quot;, &quot;A\u00e7\u0131k s\u00f6z&quot;, &quot;Kaspi&quot; gazetelerinin matbaalar\u0131, camiler, milli tiyatro binalar\u0131, okullar, hastaneler yak\u0131ld\u0131. \u00d6len insanlar\u0131n birbirinin \u00fczerine y\u0131\u011f\u0131ld\u0131\u011f\u0131n\u0131 ve k\u00f6peklerin, \u00f6l\u00fclerin \u00fczerine sald\u0131rarak par\u00e7alad\u0131klar\u0131n\u0131 g\u00f6steren foto\u011fraflar, ar\u015fiv belgeleri katliam\u0131 b\u00fct\u00fcn \u00e7\u0131plakl\u0131\u011f\u0131yla g\u00fcn\u00fcm\u00fcze yans\u0131tmaktayd\u0131.<\/strong><\/p>\n<p> <strong>Tarihi kaynaklar katledilen ve s\u00fcr\u00fclen T\u00fcrk say\u0131s\u0131n\u0131n tam 2,5 milyon ki\u015fi oldu\u011funu ispatlamaktayd\u0131.<\/strong><\/p>\n<p> Tarih yeniden tekrarland\u0131 ve 26 \u015eubat 1992&#39;de Hocal\u0131 soyk\u0131r\u0131m\u0131 yap\u0131ld\u0131. Ve kim bilir daha ka\u00e7 defa bu tarihler tekrarlanacakt\u0131. \u00c7\u00fcnk\u00fc bug\u00fcn de h\u00e2l\u00e2 Ermeni Ta\u015fnaklar\u0131 aras\u0131nda B\u00fcy\u00fck Ermenistan sevdas\u0131n\u0131 s\u00fcrd\u00fcrenler vard\u0131. Karaba\u011f&#39;\u0131m\u0131z h\u00e2l\u00e2 onlar\u0131n i\u015fgali alt\u0131ndayd\u0131. D\u0131\u015f g\u00fc\u00e7lerin kukla gibi kullanmalar\u0131 Ta\u015fnaklar\u0131n bug\u00fcn de i\u015fine yaramaktayd\u0131:<\/p>\n<p> Hep sald\u0131r\u0131ya u\u011frayan, kesilen, \u00f6ld\u00fcr\u00fclen Azerbaycanl\u0131 T\u00fcrkler olmu\u015flard\u0131. Ama b\u00fct\u00fcn bunlara ra\u011fmen Azerbaycan Cumhurba\u015fkan\u0131 \u0130lham Aliyev&#39;in 31 Mart soyk\u0131r\u0131m\u0131yla ilgili: &quot;Ne kadar a\u011f\u0131r olsa da, biz soyk\u0131r\u0131m fakt\u00f6rlerinden faydalanarak ba\u015fka halklara d\u00fc\u015fmanl\u0131k ve nefret a\u015f\u0131lamak niyetinde de\u011filiz&quot; a\u00e7\u0131klamas\u0131 yapm\u0131\u015ft\u0131. Evet, i\u015fte T\u00fcrk&#39;e yak\u0131\u015fan da bu, T\u00fcrk&#39;\u00fc b\u00fcy\u00fck k\u0131lan da bu: affetmek, ba\u011f\u0131\u015flayabilmek&#8230; Bunun i\u00e7in T\u00fcrk&#39;ten korkuluyor. Korkansa sald\u0131r\u0131r. Korkan kurnaz, hilek\u00e2r ve ki\u015filiksiz olur.&quot;<a name=\"_ftnref1\" href=\"#_ftn1\" title=\"_ftnref1\">[1]<\/a><\/p>\n<p> <strong>\u0130nsanl\u0131\u011f\u0131n ay\u0131b\u0131: Hocal\u0131 katliam\u0131<\/strong><\/p>\n<p> Ermeni kuvvetlerinin, Da\u011fl\u0131k Karaba\u011f b\u00f6lgesini i\u015fgal amac\u0131yla vurucu hamlelerinden biri olarak Hocal\u0131 k\u00f6y\u00fcne sald\u0131rarak 83 \u00e7ocuk, 103 kad\u0131n, 613 Azeri&#39;yi katletmelerini Bat\u0131 d\u00fcnyas\u0131 unutmu\u015f g\u00f6r\u00fcn\u00fcyor.<\/p>\n<p> Ortado\u011fu&#39;dan sonra d\u00fcnyan\u0131n en hareketli b\u00f6lgesi, Kafkasya&#39;n\u0131n s\u0131k\u0131nt\u0131l\u0131, \u00e7alkant\u0131l\u0131 topra\u011f\u0131 Karaba\u011f, K\u00fcr ve Aras \u0131rmaklar\u0131 ile G\u00f6k\u00e7e G\u00f6l\u00fc aras\u0131nda yer al\u0131yor. 18000 km2 y\u00fcz \u00f6l\u00e7\u00fcme sahip.\u00a0 Ancak,\u00a0 geni\u015f y\u00fcz\u00f6l\u00e7\u00fcm\u00fcne ra\u011fmen \u015fimdi Karaba\u011f topraklar\u0131nda bir tek Azeri bile ya\u015fam\u0131yor.1 milyona yak\u0131n Azeri, do\u011fdu\u011fu bu topraklar\u0131 terk etmi\u015f durumda&#8230;<\/p>\n<p> Karaba\u011f Ermeniler taraf\u0131ndan i\u015fgal edilirken binlerce Azeri katledildi, on binlercesi de sakat b\u0131rak\u0131ld\u0131. Ama ya\u015fad\u0131\u011f\u0131 bu korkun\u00e7 trajedilere ra\u011fmen Karaba\u011f sorunu, hala d\u00fcnya g\u00fcndeminde yer bulam\u0131yor. M\u00fcsl\u00fcman Azerilere kar\u015f\u0131, &quot;ABD, AB ve Ruslar&quot; dan olu\u015fan Ha\u00e7l\u0131 \u0130ttifak\u0131, sorunun konu edilmemesi i\u00e7in b\u00fcy\u00fck bir \u00e7aba harc\u0131yor.<\/p>\n<p> Anla\u015fmazl\u0131\u011f\u0131n k\u00f6kleri \u00e7ok daha gerilere gidiyor. Azerbaycan halk\u0131n\u0131n ve topraklar\u0131n\u0131n b\u00f6l\u00fcnmesinin temeli, 1813 ve 1828 y\u0131llar\u0131nda imzalanan G\u00fclistan ve T\u00fcrkmen\u00e7ay anla\u015fmalar\u0131yla at\u0131l\u0131yor. Bu anla\u015fmalarla, Azerbaycan halk\u0131n\u0131n milli felaketinin devam\u0131 niteli\u011finde, topraklar\u0131n\u0131n gasp edilmesi s\u00fcreci ba\u015fl\u0131yor. Karaba\u011f, T\u00fcrkmen\u00e7ay Antla\u015fmas\u0131 ile Rusya&#39;n\u0131n y\u00f6netimine ge\u00e7iyor. Soyk\u0131r\u0131m ise, Azerbaycan topraklar\u0131n\u0131n i\u015fgaliyle paralel y\u00fcr\u00fct\u00fclmeye ba\u015flan\u0131yor. <\/p>\n<p> 1828&#39;li y\u0131llarda 200.000 n\u00fcfuslu Karaba\u011f&#39;\u0131n y\u00fczde 95&#39;i T\u00fcrk&#39;t\u00fc. Ancak Rusya, \u00f6zellikle Karaba\u011f&#39;a, d\u00fcnyan\u0131n her taraf\u0131ndan getirtti\u011fi Ermeniler&#39;i yerle\u015ftirdi. Erivan, Nah\u00e7\u0131van ve Karaba\u011f hanl\u0131klar\u0131na yerle\u015ftirilen Ermeniler, oradaki Azerbaycanl\u0131lara oranla az\u0131nl\u0131k olmalar\u0131na ra\u011fmen, Ruslar\u0131n deste\u011fiyle &quot;Ermeni vilayeti&quot; ad\u0131 alt\u0131nda bir b\u00f6lge kurmay\u0131 ba\u015fard\u0131lar. B\u00f6ylelikle, Azerilerin yerlerinden edilmesi ve imhas\u0131 politikalar\u0131n\u0131n temellerini at\u0131yorlard\u0131.\u00a0 E\u015fzamanl\u0131 olarak &quot;B\u00fcy\u00fck Ermenistan&quot; propagandas\u0131 yapmaya ba\u015flad\u0131lar. Tasarlad\u0131klar\u0131 devletin Azerbaycan topraklar\u0131nda kurulmas\u0131na &quot;hakl\u0131l\u0131k&quot; kazand\u0131rmak i\u00e7in sahte Ermeni tarihinin yaz\u0131lmas\u0131 y\u00f6n\u00fcnde geni\u015f \u00e7apl\u0131 programlar\u0131 hayata ge\u00e7irdiler. Azerbaycan&#39;\u0131n ve genelde Kafkasya tarihinin tahrifi s\u00fcreci bu programlar\u0131n ana maddelerini olu\u015fturuyor. <\/p>\n<p> &quot;B\u00fcy\u00fck Ermenistan&quot;\u0131 kurma hayalleriyle co\u015fan Ermeni istilac\u0131lar, 1905-1907 y\u0131llar\u0131nda Azerbaycanl\u0131lara kar\u015f\u0131 a\u00e7\u0131k\u00e7a kanl\u0131 ter\u00f6r eylemlerine giri\u015ftiler. Vah\u015fetin boyutlar\u0131, Azerbaycan&#39;\u0131 ve \u015fu anda Ermenistan&#39;\u0131n i\u015fgali alt\u0131ndaki t\u00fcm Azeri k\u00f6ylerini kaps\u0131yordu. Planlar\u0131 do\u011frultusunda y\u00fczlerce yerle\u015fim birimini yok edip, binlerce Azeri&#39;yi hunharca katlettiler&#8230;<\/p>\n<p> \u0130\u015flenen bu insanl\u0131k su\u00e7unun organizat\u00f6rleri, olay\u0131n i\u00e7y\u00fcz\u00fcn\u00fcn bilinmemesi, ger\u00e7ek hukuksal de\u011ferlendirmenin yap\u0131lamamas\u0131 i\u00e7in, Azerbaycanl\u0131lar\u0131 her zaman k\u00f6t\u00fc niyetli olarak g\u00f6steren karalama kampanyalar\u0131na giri\u015ftiler. Vah\u015fetlerini ve de emellerini propaganda ile \u00f6rtmeyi ba\u015fard\u0131lar.<\/p>\n<p> Azerbaycan Demokratik Cumhuriyeti kurulduktan sonra, Mart 1918 olaylar\u0131 de\u011ferlendirildi. Bakanlar Kurulu, 15 Haziran 1918 tarihinde katliam\u0131n ispatlanmas\u0131 i\u00e7in ola\u011fan\u00fcst\u00fc ara\u015ft\u0131rma komisyonu kurulmas\u0131yla ilgili karar\u0131 onaylad\u0131. G\u00fcney Kafkasya&#39;n\u0131n Sovyetle\u015fmesini de hedeflerine ula\u015fma konusunda bir s\u0131\u00e7rama tahtas\u0131 yapan Ermeniler, 1920 y\u0131l\u0131nda Azerbaycan&#39;\u0131n Zengezur ilini ve civar\u0131ndaki baz\u0131 topraklar\u0131 Ermenistan SSCB&#39;sine katt\u0131lar. Sonraki d\u00f6nemde burada isk\u00e2n eden Azerbaycanl\u0131lar\u0131 s\u00fcrme politikas\u0131n\u0131 daha da geni\u015fletmek i\u00e7in, \u00e7e\u015fitli yollara ba\u015fvurdular.\u00a0 1923_de Stalin, Karaba\u011f&#39;\u0131n yukar\u0131 k\u0131s\u0131mlar\u0131na yeni bir Ermeni kafilesini daha yerle\u015ftirdi ve b\u00f6lgeyi Azerbaycan&#39;dan kopartarak \u00f6zerk h\u00e2le getirdi. Ruslar ve Ermeniler bu tarihten itibaren s\u00f6z konusu b\u00f6lgenin ad\u0131n\u0131, &quot;Da\u011fl\u0131k Karaba\u011f&quot; veya &quot;Yukar\u0131 Karaba\u011f&quot; \u015feklinde kullanmaya ba\u015flad\u0131lar. \u00c7\u00fcnk\u00fc Karaba\u011f&#39;\u0131n b\u00fct\u00fcn\u00fcnde Azer\u00eeler, Da\u011fl\u0131k Karaba\u011f&#39;da Ermeniler \u00e7o\u011funluktayd\u0131. <\/p>\n<p> 23 Aral\u0131k 1947 y\u0131l\u0131nda, &quot;Ermenistan SSCB&quot;sinden kolhozcular\u0131n (kolektif k\u00f6y i\u015fletmesi \u00e7al\u0131\u015fanlar\u0131-k\u00f6yl\u00fcler) ve di\u011fer Azerbaycanl\u0131 n\u00fcfusun Azerbaycan SSCB K\u00fcr-Aras ovas\u0131na nakli ile ilgili&quot; \u00f6zel kararnamenin \u00e7\u0131kar\u0131lmas\u0131n\u0131 ve 1948-1953 y\u0131llar\u0131nda Azerbaycanl\u0131lar\u0131n tarihi vatanlar\u0131ndan toplu olarak g\u00f6\u00e7 ettirilmesini ba\u015fard\u0131lar. <\/p>\n<p> <strong>Mazlum k\u0131l\u0131kl\u0131 Ermeni e\u015fk\u0131yalar\u0131!<\/strong><\/p>\n<p> <strong>Ermeni milliyet\u00e7ileri destek\u00e7ilerinin de yard\u0131m\u0131yla, 1950&#39;li y\u0131llardan itibaren Azerbaycan halk\u0131na kar\u015f\u0131 yo\u011fun psikolojik bask\u0131 kampanyas\u0131na ba\u015flad\u0131lar. Eski SSCB alan\u0131nda yay\u0131nlanan kitap, dergi ve gazetelerde, Azerbaycan&#39;\u0131n milli k\u00fclt\u00fcr\u00fcn\u00fcn, klasik eserlerinin, mimari an\u0131tlar\u0131n\u0131n en g\u00fczel \u00f6rneklerinin Ermeni halk\u0131na ait oldu\u011funu ispatlamaya kalk\u0131\u015ft\u0131lar. Ayn\u0131 zamanda &quot;k\u00f6t\u00fc Azerbaycanl\u0131&quot; imaj\u0131n\u0131n olu\u015fturulmas\u0131 propagandas\u0131 da y\u00fcr\u00fct\u00fcld\u00fc. &quot;Aciz, mazlum Ermeni halk\u0131&quot; miti olu\u015fturularak 20. y\u00fczy\u0131l\u0131n ba\u015flar\u0131nda b\u00f6lgede ya\u015fanan olaylar \u00e7arp\u0131t\u0131ld\u0131. Azerilere soyk\u0131r\u0131m yapanlar, kendilerini soyk\u0131r\u0131m kurban\u0131 olarak g\u00f6stermekteydiler.<\/strong><\/p>\n<p> <strong>Azerbaycan halk\u0131n\u0131n maneviyat\u0131na, milli gurur ve kimli\u011fine at\u0131lan iftiralar, politik ve silahl\u0131 sald\u0131r\u0131lar i\u00e7in ideolojik zemin haz\u0131rl\u0131\u011f\u0131yd\u0131. Azerilere kar\u015f\u0131 y\u00fcr\u00fct\u00fclen soyk\u0131r\u0131m politikas\u0131na hukuksal nitelendirilme yap\u0131lmad\u0131\u011f\u0131 i\u00e7in, olaylar Sovyet bas\u0131n\u0131nda Ermenilerin lehine \u00e7arp\u0131t\u0131lmakta ve kamuoyu yanl\u0131\u015f bilgilendirilmekteydi. Ermenilerin Sovyet rejiminin deste\u011fi ile uygulad\u0131klar\u0131 ve 80&#39;lerin ortalar\u0131nda daha da g\u00fc\u00e7lenen Azerbaycan kar\u015f\u0131t\u0131 propagandaya kar\u015f\u0131 Azerbaycan Cumhuriyeti&#39;nin o d\u00f6nemki y\u00f6neticileri gerekli \u00f6nlemi alamad\u0131lar.<\/strong><\/p>\n<p> <strong>Karaba\u011f sorunu, 1963 y\u0131l\u0131nda Ermenilerin bu b\u00f6lge i\u00e7in hak iddia etmesiyle ba\u015flad\u0131. Ermeniler, Karaba\u011f&#39;\u0131 Ermenistan ile birle\u015ftirebilmek i\u00e7in \u00e7e\u015fitli bahaneler \u00fcrettiler. Azerbaycan&#39;\u0131 b\u00f6lgenin kaynaklar\u0131n\u0131 s\u00f6m\u00fcrmek, Ermenilerin k\u00fclt\u00fcrel haklar\u0131n\u0131 ink\u00e2r etmek ve b\u00f6lgeye d\u0131\u015far\u0131dan Azerileri yerle\u015ftirerek Karaba\u011f&#39;\u0131n demografik yap\u0131s\u0131n\u0131, n\u00fcfus dengesini bozmakla su\u00e7lad\u0131lar. <\/strong><\/p>\n<p> <strong>&quot;Kar\u015f\u0131 devrimcilerle m\u00fccadele&quot;<\/strong><\/p>\n<p> <strong>1.D\u00fcnya Sava\u015f\u0131 ile Rusya&#39;daki 1917 \u015eubat ve Ekim devrimlerinden ustaca yararlanan Ermeniler, ideallerini Bol\u015fevizm ad\u0131 alt\u0131nda ger\u00e7ekle\u015ftirmek \u00fczere harekete ge\u00e7tiler. 1918 y\u0131l\u0131n\u0131n Mart ay\u0131nda Ermeniler &quot;kar\u015f\u0131 devrimcilerle m\u00fccadele&quot; ad\u0131 alt\u0131nda Bak\u00fc Kom\u00fcn\u00fc&#39;n\u00fc yan\u0131na alarak t\u00fcm Bak\u00fc Guberniya&#39;s\u0131n\u0131n(Vilayet) Azerbaycanl\u0131lardan\u00a0 &quot;temizlenmesi&quot; (!) plan\u0131n\u0131 uygulamaya ba\u015flad\u0131lar. <\/strong><\/p>\n<p> <strong>O g\u00fcnlerde Ermenilerin yapt\u0131\u011f\u0131 vah\u015fet, Azerbaycan halk\u0131n\u0131n haf\u0131zas\u0131na kaz\u0131nd\u0131. Bak\u00fc, \u015eamah\u0131, Kuba, Karaba\u011f, Zengezur, Nah\u00e7\u0131van, Lenkeran ba\u015fta olmak \u00fczere Azerbaycan&#39;\u0131n di\u011fer b\u00f6lgelerinde de Azeriler soyk\u0131r\u0131ma u\u011frad\u0131. T\u00fcyler \u00fcrperten bir vah\u015fet sergileniyordu.\u00a0 Bu b\u00f6lgelerde ya\u015fayan insanlar, Ermeniler taraf\u0131ndan topluca katledildi. Binlerce Azeri sadece milli kimli\u011finden dolay\u0131 \u00f6ld\u00fcr\u00fcld\u00fc. Evleri ate\u015fe verildi. Ya\u015fl\u0131-gen\u00e7, kad\u0131n, erkek, \u00e7ocuk demeden diri diri yak\u0131ld\u0131. Milli an\u0131tlar, okullar, hastaneler, cami vb. yerler yok edildi.<\/strong><\/p>\n<p> <strong>Azerbaycan Demokratik Cumhuriyeti Yas G\u00fcn\u00fc ilan\u0131<\/strong><\/p>\n<p> Komisyon Mart soyk\u0131r\u0131m\u0131n\u0131, birinci a\u015famada \u015eamah\u0131&#39;daki vah\u015feti, \u0130revan Guberniyas\u0131&#39;nda (Vilayeti) Ermenilerce yap\u0131lan cinayetleri ara\u015ft\u0131rd\u0131. Ger\u00e7ekleri d\u00fcnya kamuoyuna duyurmak i\u00e7in D\u0131\u015fi\u015fleri Bakanl\u0131\u011f\u0131&#39;nda \u00f6zel bir b\u00f6l\u00fcm kuruldu. 1919 ve 1920 y\u0131llar\u0131n\u0131n 31 Mart tarihlerinde iki kez, &quot;Azerbaycan Demokratik Cumhuriyeti Yas G\u00fcn\u00fc&quot; olarak an\u0131ld\u0131. Bu, Azerilere kar\u015f\u0131 y\u00fcr\u00fct\u00fclen soyk\u0131r\u0131m ve yakla\u015f\u0131k y\u00fcz y\u0131ld\u0131r devam eden Azerbaycan topraklar\u0131n\u0131n i\u015fgal s\u00fcrecine tarihte ilk defa yap\u0131lan siyasi de\u011ferlendirmeydi. Fakat Azerbaycan Demokratik Cumhuriyeti&#39;nin y\u0131k\u0131lmas\u0131 bu i\u015fin devam\u0131n\u0131 da engelledi.<\/p>\n<p> <strong>Glasnost&#39;un etkileri ve katk\u0131lar\u0131<\/strong><\/p>\n<p> 1980&#39;li y\u0131llarda Mihail Gorba\u00e7ov&#39;un ba\u015flatt\u0131\u011f\u0131 &#39;Glasnost&#39;&#39; ve &#39;&#39;Prestroika&#39;&#39; hareketini f\u0131rsat bilenler, en \u00f6nemli oyununu Kafkaslar&#39;da oynuyordu. Da\u011fl\u0131k Karaba\u011f&#39;da Ermeniler &#39;Tarihi B\u00fcy\u00fck Ermenistan&#39;&#39; planlar\u0131n\u0131 sahneye koydu. Yukar\u0131 Karaba\u011f \u00d6zerk B\u00f6lgesi Y\u00fcksek Sovyeti&#39;nin, 20 \u015eubat 1988 tarihinde Azerbaycan&#39;dan ayr\u0131larak, &quot;ana vatan&quot; olarak kabul ettikleri Ermenistan&#39;a ba\u011flanma y\u00f6n\u00fcnde karar almas\u0131n\u0131n ard\u0131ndan, Ermenistan Y\u00fcksek Sovyeti&#39;nin de 15 Haziran 1988 tarihinde &quot;Karaba\u011f&#39;\u0131 ilhak&quot;a karar vermesi ile sorun b\u00fcy\u00fcd\u00fc. Ermenistan Y\u00fcksek Sovyeti ile Karaba\u011f Ulusal Konseyi, Aral\u0131k 1989&#39;da Karaba\u011f ile Ermenistan&#39;\u0131n birle\u015ftirildi\u011fini duyurdu. Ancak bu durumun Ermenistan&#39;\u0131 uluslar aras\u0131 arenada zor durumda b\u0131rakaca\u011f\u0131n\u0131 d\u00fc\u015f\u00fcnerek, birle\u015fme karar\u0131 durduruldu.\u00a0 Bir s\u00fcre sonra Aral\u0131k 1991&#39;de ger\u00e7ekle\u015ftirdikleri s\u00f6zde referandum sonucuna g\u00f6re 1992&#39;de Karaba\u011f&#39;\u0131n ba\u011f\u0131ms\u0131zl\u0131\u011f\u0131 ilan olundu. Ancak Karaba\u011f&#39;\u0131n ba\u011f\u0131ms\u0131zl\u0131\u011f\u0131, Ermenistan da d\u00e2hil olmak \u00fczere hi\u00e7bir \u00fclke taraf\u0131ndan tan\u0131nm\u0131yordu.<\/p>\n<p> <strong>Bu geli\u015fme \u00fczerine Azerbaycan, 27 Kas\u0131m 1991&#39;de Da\u011fl\u0131k Karaba\u011f&#39;\u0131n \u00f6zerklik stat\u00fcs\u00fcn\u00fc iptal etti. Ermenistan Azerbaycan Parlamentosu taraf\u0131ndan al\u0131nan karar\u0131, sava\u015f ilan\u0131 olarak de\u011ferlendirdi\u011fini a\u00e7\u0131klad\u0131. <\/strong><\/p>\n<p> <strong>Aral\u0131k 1991&#39;de \u00e7\u00f6ken Sovyetler Birli\u011fi, 1997 y\u0131l\u0131na kadar Ermenistan&#39;a, tank ve uzun menzilli f\u00fczelerin de bulundu\u011fu 1 milyar dolar tutar\u0131nda askeri malzeme sa\u011fland\u0131. Ruslar&#39;\u0131n b\u00fcy\u00fck \u00e7apl\u0131 deste\u011fini arkas\u0131na alan Ermenistan,\u00a0 Kelbecer, Kubatl\u0131, Fuzuli, Cebrail, Zengelan ve La\u00e7in \u015fehirlerini i\u015fgal etti. Bu nedenle 900 binden fazla Azeri do\u011fdu\u011fu, ya\u015fad\u0131\u011f\u0131 topraklar\u0131 terk edip, Azerbaycan&#39;a s\u0131\u011f\u0131nd\u0131. Bu arada, yakla\u015f\u0131k 200 bin Ermeni de Azerbaycan&#39;\u0131 terke mecbur kald\u0131.<\/strong><\/p>\n<p> 1988 y\u0131l\u0131nda Da\u011fl\u0131k Karaba\u011f&#39;da \u00e7am a\u011fac\u0131n\u0131 kesen Ermeniler ile Azeri T\u00fcrkleri aras\u0131nda \u00e7at\u0131\u015fmalar ba\u015flam\u0131\u015ft\u0131. <\/p>\n<p> Da\u011fl\u0131k Karaba\u011f problemi nedeniyle y\u00fczbinlerce Azerbaycanl\u0131n\u0131n tarihi topraklar\u0131ndan kovulmas\u0131 \u00fczerine Azeri halk\u0131nda \u00e7ok b\u00fcy\u00fck tepki dalgas\u0131 ba\u015flad\u0131. \u00dclkede yap\u0131lan mitinglerde Azerbaycan topraklar\u0131n\u0131n i\u015fgali kesin bir dille k\u0131nanmas\u0131na ra\u011fmen, Muttalibov y\u00f6netimi pasif davrand\u0131. 1990 y\u0131l\u0131n\u0131n Ocak ay\u0131nda her ge\u00e7en g\u00fcn artan halk ayaklanmas\u0131n\u0131 ve &quot;yanan ba\u011f\u0131ms\u0131zl\u0131k ate\u015fini&quot; s\u00f6nd\u00fcrmek \u00fczere K\u0131z\u0131l Ordu, Bak\u00fc&#39;ye sald\u0131rd\u0131. <\/p>\n<p> Azadl\u0131k meydan\u0131nda milyonlarca insan, K\u0131z\u0131l Ordu tanklar\u0131na kar\u015f\u0131 m\u00fccadeleye kat\u0131ld\u0131. 19 Ocak gecesi Rus birlikleri Bak\u00fc sokaklar\u0131n\u0131 kan g\u00f6l\u00fcne \u00e7evirdi. Sabah saatlerine kadar s\u00fcren katliamda, aralar\u0131nda kad\u0131n ve \u00e7ocuklar\u0131n da bulundu\u011fu 131 ki\u015fi \u00f6ld\u00fcr\u00fclm\u00fc\u015f, 250&#39;den fazla ki\u015fi yaralanm\u0131\u015ft\u0131&#8230;<\/p>\n<p> Bu katliam\u0131n ard\u0131ndan Azerbaycan&#39;\u0131n her yerinde ayaklanmalar ba\u015flad\u0131. Azerbaycan ba\u011f\u0131ms\u0131zl\u0131k d\u00fc\u015f\u00fcncesinden art\u0131k geri ad\u0131m atmay\u0131 d\u00fc\u015f\u00fcnm\u00fcyordu ama Azeri kentlerinde katliamlar da bitmek bilmiyordu&#8230; D\u00fcnya ise; ya\u015fanan korkun\u00e7 vah\u015feti seyretmekle yetiniyordu.<\/p>\n<p> Azeri kuvvetleri, 1992 yaz\u0131na kadar Karaba\u011f&#39;\u0131n yar\u0131s\u0131n\u0131 ele ge\u00e7irdi ve ba\u015fkenti ku\u015fatt\u0131. Bunun \u00fczerine Rusya,\u00a0 Ermenilere a\u00e7\u0131k\u00e7a arka \u00e7\u0131kt\u0131.\u00a0 Sava\u015fta g\u00fc\u00e7 dengesi de\u011fi\u015fince Ermeniler, 1992&#39;nin ikinci yar\u0131s\u0131nda Hocal\u0131, \u015eu\u015fa, La\u00e7in koridorunu i\u015fgal etmeyi ba\u015fard\u0131. Bu sava\u015f\u0131n trajik kesitlerinden birini, 1992 y\u0131l\u0131n\u0131n 26 \u015eubat&#39;\u0131, insanl\u0131k ad\u0131na kara bir leke olarak tarihe ge\u00e7en Hocal\u0131 katliam\u0131 olu\u015fturmaktayd\u0131. \u015eubat ay\u0131n\u0131n 25&#39;ini 26&#39;s\u0131na ba\u011flayan gece Ermeni e\u015fk\u0131yalar, Ruslar\u0131n 366 nolu motorize alay\u0131n\u0131n deste\u011fi ile Azerbaycan&#39;\u0131n eski yerle\u015fim merkezlerinden Hocal\u0131 \u015fehrinde korkun\u00e7 bir soyk\u0131r\u0131m yapm\u0131\u015ft\u0131. Ele ge\u00e7irdikleri Azerilerin kulaklar\u0131n\u0131 kesip, g\u00f6zlerini \u00e7\u0131karm\u0131\u015ft\u0131. Hamile kad\u0131nlar\u0131n kar\u0131nlar\u0131ndaki bebeklerini bo\u011fazlam\u0131\u015ft\u0131.\u00a0 Korkun\u00e7 bir manzara ortaya \u00e7\u0131km\u0131\u015ft\u0131&#8230;<\/p>\n<p> <strong>Ermenistan ve \u0130srail&#39;in ortak yanlar\u0131<\/strong><\/p>\n<p> D\u00fcnyan\u0131n g\u00f6z\u00fc \u00f6n\u00fcnde cereyan eden bu hadise Ermenilerin t\u0131pk\u0131 \u0130srail tarz\u0131 propaganda yapt\u0131\u011f\u0131n\u0131 ortaya koymaktad\u0131r. \u0130srail ve Ermenistan aras\u0131nda bir\u00e7ok ortak nokta bulunuyor: <\/p>\n<p> * Her ikisi de soyk\u0131r\u0131m yapmas\u0131na ra\u011fmen kendilerini ma\u011fdurmu\u015f gibi lanse ediyorlar. <\/p>\n<p> * Sald\u0131rgan ve i\u015fgalci olmalar\u0131na ra\u011fmen, sanki kendi topraklar\u0131nda hareket ediyorlarm\u0131\u015f gibi bir izlenim veriyorlar. <\/p>\n<p> * Uluslar aras\u0131 hukuku ayaklar alt\u0131na al\u0131yorlar ama hi\u00e7bir \u00fclkenin ciddi tepkisiyle kar\u015f\u0131la\u015fm\u0131yorlar.\u00a0 <\/p>\n<p> * Kay\u0131ts\u0131z \u015farts\u0131z bir bi\u00e7imde Bat\u0131 d\u00fcnyas\u0131n\u0131n deste\u011fini alm\u0131\u015f durumdalar.<\/p>\n<p> * \u0130srail&#39;i Yahudi diasporas\u0131, Ermenistan&#39;\u0131 Ermeni diasporas\u0131 finanse ediyorlar.<\/p>\n<p> 1993-94&#39;te Kelbecer ve Karaba\u011f d\u0131\u015f\u0131ndaki Azerbaycan topraklar\u0131n\u0131n y\u00fczde 20&#39;si Ermeniler taraf\u0131ndan i\u015fgal edildi. Topraklar\u0131n\u0131 geri almak isteyen Azerbaycan&#39;\u0131n Aral\u0131k 1993&#39;teki hamlesi sonu\u00e7suz kald\u0131. <\/p>\n<p> May\u0131s 1994&#39;te Rusya&#39;n\u0131n arabuluculu\u011fu ile her iki taraf da ate\u015fkes ilan etti. Temmuz 1994&#39;te ise Ermenistan, Azerbaycan ve Karaba\u011f, ate\u015fkese uyacaklar\u0131n\u0131 ve m\u00fczakere yoluyla sorunun \u00e7\u00f6z\u00fcm\u00fcne r\u0131za g\u00f6sterecekleri taahh\u00fcd\u00fcnde bulundular. Ard\u0131ndan anla\u015fmazl\u0131k AG\u0130T&#39;e havale edildi. BM, AG\u0130T ve NATO&#39;nun bildiri ve kararlar\u0131nda &quot;Azerbaycan yerle\u015fim birimlerinin i\u015fgal edildi\u011fi, bar\u0131\u015f\u00e7\u0131 \u00e7\u00f6z\u00fcm\u00fcn engellendi\u011fi, Azerbaycan&#39;\u0131n toprak b\u00fct\u00fcnl\u00fc\u011f\u00fcn\u00fcn tehdit edilmesinin uluslararas\u0131 hukukun ve AG\u0130T ilkelerinin kabul edilemez bi\u00e7imde ihlali oldu\u011fu, Yukar\u0131 Karaba\u011f ve Nah\u00e7\u0131van&#39;\u0131n stat\u00fcs\u00fcnde zorla yap\u0131lacak de\u011fi\u015fikliklerin kabul edilemeyece\u011fi&quot; vurguland\u0131. Yukar\u0131 Karaba\u011f&#39;\u0131n Azerbaycan topra\u011f\u0131 oldu\u011fu defalarca teyit edildi. Ancak b\u00fct\u00fcn bu uyar\u0131lara ve i\u015fgalci olarak nitelendirilmelerine ra\u011fmen Ermenistan bu tutumundan vazge\u00e7medi&#8230;<\/p>\n<p> 1997 y\u0131l\u0131nda uluslararas\u0131 arabulucular, isteksizce davransalar da uzun bir s\u00fcre sonra sorunlar\u0131 a\u015famal\u0131 olarak \u00e7\u00f6z\u00fcme kavu\u015fturacak bir \u00f6neri sundular. Taraflar\u0131 ortak zeminde bulu\u015fturan plana g\u00f6re, ilk a\u015famada Ermeni i\u015fgal g\u00fc\u00e7leri Karaba\u011f d\u0131\u015f\u0131ndaki Azerbaycan topraklar\u0131ndan \u00e7ekilecek, m\u00fclteciler yurtlar\u0131na d\u00f6necek, b\u00f6lgeye bar\u0131\u015f g\u00fcc\u00fc askerleri yerle\u015ftirilecek ve s\u0131n\u0131rlar yeniden a\u00e7\u0131lacakt\u0131. \u0130kinci a\u015famada ise Karaba\u011f&#39;\u0131n stat\u00fcs\u00fc belirlenecekti. Kendi kendini y\u00f6neten bir Karaba\u011f olu\u015fturulacakt\u0131. <\/p>\n<p> Ancak, bu plana s\u0131cak bakan Ter-Petrosyan 1998 y\u0131l\u0131nda cumhurba\u015fkanl\u0131\u011f\u0131 se\u00e7imini kaybetti. Yerini, Minsk Grubu&#39;nun \u00f6nerisini reddeden Ko\u00e7aryan&#39;a b\u0131rakt\u0131. Ve sorun bu noktaya ve bug\u00fcne kadar geldi.<\/p>\n<p> \u015e\u00fcphesiz Ermenistan, Bat\u0131&#39;dan ald\u0131\u011f\u0131 cesaret dolay\u0131s\u0131yla uluslar aras\u0131 hukuku ayaklar alt\u0131na alan ve uyar\u0131lara kulak asmayan politika izlemektedir. Zira Bat\u0131, ikili politika izlemektedir; bir yandan Ermenileri ele\u015ftirir gibi g\u00f6z\u00fck\u00fcrken, di\u011fer yandan a\u00e7\u0131k\u00e7a destek vermektedir. <\/p>\n<p> Karaba\u011f sorununa bu mant\u0131k \u00e7er\u00e7evesinden yakla\u015f\u0131ld\u0131\u011f\u0131 i\u00e7in \u015fu ana kadar \u00e7\u00f6z\u00fcm noktas\u0131nda herhangi bir mesafe kaydedilemedi. Geli\u015fmelere bakt\u0131\u011f\u0131m\u0131zda \u00e7\u00f6z\u00fclece\u011fe de benzemiyor. Zira ge\u00e7ti\u011fimiz g\u00fcnlerde, AG\u0130T Minsk Grubu E\u015fba\u015fkan\u0131 ABD D\u0131\u015fi\u015fleri Bakanl\u0131\u011f\u0131 M\u00fcste\u015far Yard\u0131mc\u0131s\u0131 Matthew Bryza&#39;n\u0131n yapt\u0131\u011f\u0131 a\u00e7\u0131klama bu durumu en g\u00fczel bir bi\u00e7imde ortaya koymaktad\u0131r. Konu\u015fmas\u0131nda Bryza, Ermenileri \u00e7\u00f6z\u00fcme yakla\u015ft\u0131racak olan ambargodan duydu\u011fu rahats\u0131zl\u0131\u011f\u0131 dile getirdi ve haddini a\u015farak &quot;T\u00fcrkiye ile Azerbaycan aras\u0131ndaki bir millet iki devlet d\u00fc\u015f\u00fcncesi de\u011fi\u015fmeli. T\u00fcrkiye, Ermenistan ile ili\u015fkilerini, Azerbaycan gibi \u00fc\u00e7\u00fcnc\u00fc bir \u00fclkeyi d\u00e2hil etmeden geli\u015ftirmeli ve diplomatik ili\u015fki i\u00e7in \u00f6n ko\u015ful koymamal\u0131&quot; ifadesini kulland\u0131. Bryza katliamc\u0131 ve i\u015fgalci Ermenistan&#39;a arka \u00e7\u0131kmakta bir sak\u0131nca g\u00f6rm\u00fcyordu&#8230;<\/p>\n<p> <strong>Sonu\u00e7: Karaba\u011f sorununda g\u00f6r\u00fcn\u00fcrde inisiyatif Rusya, ABD ve Fransa&#39;dan olu\u015fan Minsk Grubu&#39;nun elindedir. Ama ger\u00e7ekte ipler \u0130srail&#39;in ve Yahudi Lobilerinin elindedir. (M.\u00c7.) Ancak ABD&#39;nin yan\u0131 s\u0131ra Rusya&#39;n\u0131n ge\u00e7mi\u015fte oldu\u011fu gibi g\u00fcn\u00fcm\u00fczde de Ermenilere tam destek vermesi Erivan&#39;\u0131n sorunun \u00e7\u00f6z\u00fcm\u00fcne yana\u015fmas\u0131n\u0131 engellemektedir. Avrupa Birli\u011fi de ABD gibi \u0131srarla T\u00fcrkiye&#39;den uluslararas\u0131 kurulu\u015flar taraf\u0131ndan &quot;i\u015fgalci&quot; olarak nitelendirilen Ermenistan ile ili\u015fkilerini normalle\u015ftirmesini, ilk ad\u0131m olarak da s\u0131n\u0131r\u0131n\u0131 a\u00e7mas\u0131n\u0131 istemektedir.<\/strong><\/p>\n<p> <strong>Evet, T\u00fcrkiye, s\u0131n\u0131r\u0131n\u0131 a\u00e7abilir. Zira kom\u015fular\u0131m\u0131zla iyi yak\u0131n kom\u015fuluk ili\u015fkisi kar\u015f\u0131l\u0131kl\u0131 menfaatler gere\u011fidir. Ancak, bu ad\u0131mlar\u0131n at\u0131lmas\u0131 i\u00e7in Erivan, &quot;Ankara&#39;n\u0131n i\u015fgal ettikleri topraklardan \u00e7ekilmesi y\u00f6n\u00fcndeki&quot; \u015fart\u0131n\u0131 yerine getirmelidir. <\/strong><\/p>\n<p> <strong>Tehditler ger\u00e7ek olacak m\u0131?<\/strong><\/p>\n<p> <strong>D\u00fcnyadaki sorunlu b\u00f6lgelere ili\u015fkin \u00e7al\u0131\u015fmalar\u0131yla dikkat \u00e7eken Uluslararas\u0131 Kriz Grubu, i\u015fgal alt\u0131ndaki Yukar\u0131 Karaba\u011f ve di\u011fer Azerbaycan topraklar\u0131na ili\u015fkin ad\u0131m at\u0131lmamas\u0131 durumunda b\u00f6lgede sava\u015f\u0131n yakla\u015ft\u0131\u011f\u0131 iddias\u0131nda bulunuyor. <\/strong><\/p>\n<p> <strong>Kriz Grubu, artan sert s\u00f6ylemlere dikkat \u00e7ekerek, Azerbaycan&#39;\u0131n petrol gelirlerini silahlanmaya harcamas\u0131 ve benzer \u015fekilde Ermenistan&#39;\u0131n s\u00fcrpriz ekonomik gelirlerini de silaha d\u00f6n\u00fc\u015ft\u00fcrmesinin b\u00f6lgede yeni bir krizin g\u00f6stergesi oldu\u011funu belirtiyor.<\/strong><\/p>\n<p> \u0130ki \u00fclke liderlerinin de gerek 2008&#39;de yap\u0131lacak se\u00e7imlerde daha fazla halk deste\u011fi almak, gerekse silahlanma harcamalar\u0131n\u0131 a\u00e7\u0131klamak i\u00e7in kavgac\u0131 bir dil kulland\u0131klar\u0131 ifade ediliyor. Bu raporun a\u00e7\u0131klanmas\u0131n\u0131n \u00fczerinden birka\u00e7 g\u00fcn ge\u00e7memi\u015fti ki, Azerbaycan Cumhurba\u015fkan\u0131 \u0130lham Aliyev, Ermenistan ile bar\u0131\u015f g\u00f6r\u00fc\u015fmelerinin sonu\u00e7 vermeyece\u011fine inand\u0131klar\u0131 anda, askeri yolla \u00fclkesinin toprak b\u00fct\u00fcnl\u00fc\u011f\u00fcn\u00fc yeniden sa\u011flayacaklar\u0131n\u0131 s\u00f6y\u00fcyor.\u00a0 Ermeni taraf\u0131 da Aliyev&#39;den geri kalm\u0131yor. <\/p>\n<p> May\u0131s 1994&#39;te imzalanan bir dizi anla\u015fmayla taraflar aras\u0131nda ate\u015fkes sa\u011flanm\u0131\u015ft\u0131. Ate\u015fkesin 14. y\u0131l\u0131na yakla\u015f\u0131l\u0131rken ya\u015fanan \u00e7\u00f6z\u00fcms\u00fczl\u00fck s\u00fcreci b\u0131kk\u0131nl\u0131\u011fa yol a\u00e7sa da taraflar &quot;ate\u015fkes halinin s\u00fcrmesinden b\u00fcy\u00fck \u00f6l\u00e7\u00fcde memnun oluyormu\u015f&quot; gibi bir izlenim veriyorlar. Uzmanlar, sava\u015f\u0131n sonucunda verilecek kay\u0131plar\u0131n yan\u0131 s\u0131ra ma\u011flubiyet ve genel olarak \u00fclke i\u00e7erisinde kontrol\u00fcn kaybolmas\u0131 durumunda mevcut y\u00f6netimlerin konumlar\u0131n\u0131 kaybedece\u011fi endi\u015fesiyle ate\u015fkesin devam\u0131ndan yana oldu\u011funu \u00f6ne s\u00fcr\u00fcyorlar. Ve taraflar\u0131n y\u0131llard\u0131r s\u00fcren ba\u015far\u0131s\u0131z bar\u0131\u015f g\u00f6r\u00fc\u015fmelerini s\u00fcrd\u00fcrme konusundaki \u0131srarl\u0131 tavr\u0131n\u0131n bu durumdan kaynakland\u0131\u011f\u0131n\u0131n kan\u0131t\u0131 oldu\u011funu savunuyorlar&#8230;<a name=\"_ftnref2\" href=\"#_ftn2\" title=\"_ftnref2\">[2]<\/a><\/p>\n<p> <strong>Ermeni sald\u0131r\u0131lar\u0131yla 800 bin K\u00fcrt yok oldu, k\u00f6yleri yak\u0131l\u0131p y\u0131k\u0131ld\u0131<\/strong><\/p>\n<p> Rus komutan: &quot;Ermenilerin K\u00fcrt k\u00f6ylerini ya\u011fmalad\u0131klar\u0131n\u0131 ve K\u00fcrt kad\u0131nlar\u0131na tecav\u00fcz ettiklerini eklemeyi g\u00f6rev sayar\u0131m.&quot; Ermeni milliyet\u00e7ilerin yay\u0131n organ\u0131: &quot;800 bin K\u00fcrt\u00fcn ya\u015fad\u0131\u011f\u0131 alan tamamen bo\u015fald\u0131. Y\u00fczlerce K\u00fcrt k\u00f6y\u00fc yerle bir oldu ve bombo\u015f kald\u0131,&quot; General Bolhovitinov: &quot;Avc\u0131 taburu geri d\u00f6nd\u00fc\u011f\u00fcnde 20 M\u00fcsl\u00fcman \u00e7ocu\u011fu do\u011franm\u0131\u015f halde bulmu\u015f.&quot; Bir ba\u015fka Rus komutan: &quot;Ya\u011fmac\u0131 Ermeni g\u00f6n\u00fcll\u00fclere kar\u015f\u0131 hangi \u00f6nlemleri alaca\u011f\u0131z.&quot;<\/p>\n<p> &quot;Tatvan&#39;da evlerden birinde avc\u0131 taburu ve Ermeni g\u00f6n\u00fcll\u00fcleri birlikte konaklam\u0131\u015flar. Avc\u0131 taburu yirmiden fazla evsiz M\u00fcsl\u00fcman \u00e7ocu\u011fu eve alm\u0131\u015f, yemek vermi\u015fler. Avc\u0131 taburu ke\u015ffe g\u00f6nderildikleri zaman d\u00f6nd\u00fcklerinde b\u00fct\u00fcn \u00e7ocuklar\u0131 do\u011franm\u0131\u015f halde bulmu\u015f.&quot;<\/p>\n<p> Bu sat\u0131rlar General Bolhovitinov&#39;un Rus Y\u00fcksek Ba\u015fkomutanl\u0131k Kararg\u00e2h\u0131&#39;na \u00e7ekti\u011fi 17 Mart 1916 tarihli telgrafta yer al\u0131yor. Telgrafta Ermeni g\u00f6n\u00fcll\u00fclerinin katliamlar\u0131yla ilgili ba\u015fka tan\u0131kl\u0131klar da yer al\u0131yor:<\/p>\n<p> &quot;Bitlis&#39;in al\u0131nmas\u0131n\u0131n \u00fc\u00e7\u00fcnc\u00fc g\u00fcn\u00fcnde g\u00f6n\u00fcll\u00fclerin M\u00fcsl\u00fcmanlara y\u00f6nelik kesintisiz tecav\u00fczlerinden dolay\u0131 bu birli\u011fi \u015fehrin d\u0131\u015f\u0131na \u00e7\u0131kartmak zorunda kald\u0131m.&quot;<\/p>\n<p> &quot;Ermeniler taraf\u0131ndan sivil halk\u0131n katledildi\u011fini \u00f6\u011frendi\u011fim zaman meseleyi ara\u015ft\u0131rmak i\u00e7in Ermeni birli\u011finin komutan\u0131 Adranik&#39;i \u00e7a\u011f\u0131rd\u0131m. Adranik, bana bunun gibi olaylar\u0131n gayet do\u011fal oldu\u011funu s\u00f6yledi.&quot;<\/p>\n<p> Yukar\u0131daki gibi 20 belge Teori dergisinin son say\u0131s\u0131nda (Nisan 2008) yay\u0131mland\u0131. \u0130stanbul \u00dcniversitesi A\u0130\u0130TE Ara\u015ft\u0131rma G\u00f6revlisi Mehmet Perin\u00e7ek, D\u0131\u015fi\u015fleri Bakanl\u0131\u011f\u0131&#39;n\u0131n verdi\u011fi g\u00f6revle Rus ar\u015fivlerindeki \u00e7al\u0131\u015fmalar\u0131nda da bu belgelere rastlad\u0131.<\/p>\n<p> \u00d6n\u00fcm\u00fcze gelen bu son belgeler de &quot;Ermeni soyk\u0131r\u0131m\u0131&quot; iddialar\u0131n\u0131 yalanlamaktayd\u0131.<\/p>\n<p> <strong>\u0130\u015fte Ermeni katliamlar\u0131:<\/strong><\/p>\n<p> <strong>Karaba\u011f&#39;da 26 \u015eubat Hocal\u0131 soyk\u0131r\u0131m\u0131nda 613 ki\u015fiye vah\u015fice k\u0131y\u0131ld\u0131. 1000 ki\u015fi ald\u0131klar\u0131 g\u00fclle yaralar\u0131ndan sakatland\u0131. 106 kad\u0131n, 63 \u00e7ocuk, 70 ya\u015fl\u0131 insan \u00f6ld\u00fcr\u00fcld\u00fc. 8 aile tamamen mahvedildi, 25 \u00e7ocuk her iki ebeveynini, 130 \u00e7ocuk ise ebeveynlerinden birini kaybetti. Facia ba\u015f verdi\u011fi gece 1275 ki\u015fi esir al\u0131nd\u0131. 150&#39;sinin talihi h\u00e2l\u00e2 belli de\u011fil. Ve b\u00fct\u00fcn bunlar bir gecede yap\u0131lm\u0131\u015ft\u0131.<\/strong><\/p>\n<p> <strong>Ermenistan-Rus askeri kuvvetlerinin Azerbaycan Cumhuriyeti&#39;ne tecav\u00fcz\u00fc sonucunda 10 il, topraklar\u0131m\u0131z\u0131n y\u00fczde 20&#39;si, 700 kadar kasaba i\u015fgal edildi. 24 bin Azeri \u00f6ld\u00fcr\u00fcld\u00fc, 4 bin esir g\u00f6t\u00fcr\u00fcld\u00fc. Esirlerin \u00e7o\u011fu \u00e7ocuklar, ya\u015fl\u0131lar ve kad\u0131nlard\u0131. Kay\u0131p insan say\u0131s\u0131 4965. Bug\u00fcne kadar 1325 ki\u015fi azad edilmi\u015f, onlardan 312&#39;si kad\u0131n 125&#39;i \u00e7ocuktu.<\/strong><\/p>\n<p> <strong>1994 senesinde Ermenistan&#39;da Azerbaycanl\u0131 esirlerin bulundu\u011fu 6 esir kamp\u0131n\u0131n oldu\u011fu a\u00e7\u0131kland\u0131.<\/strong><\/p>\n<p> <strong>&#8211; Vardenis \u00e7ocuk kamp\u0131 250 ki\u015fi<\/strong><\/p>\n<p> <strong>&#8211; Razdan \u00e7ocuk kamp\u0131 180 ki\u015fi<\/strong><\/p>\n<p> <strong>&#8211; Hankendi \u00e7ocuk kamp\u0131 180 ki\u015fi<\/strong><\/p>\n<p> <strong>&#8211;\u00a0 Qe\u00e7a\u015fen kad\u0131n kamp\u0131 320 ki\u015fi<\/strong><\/p>\n<p> <strong>&#8211;\u00a0 Cermuk kad\u0131n kamp\u0131 250 ki\u015fi<\/strong><\/p>\n<p> <strong>&#8211; Kelbecer kad\u0131n kamp\u0131 150 ki\u015fi.<\/strong><\/p>\n<p> <strong>\u0130\u015fgal alt\u0131ndaki topraklar\u0131m\u0131z: 1991 Kas\u0131m-Aral\u0131k Xocevent ili (n\u00fcfus 9874 ki\u015fi) 26 \u015eubat 1992 Hocal\u0131 ili (n\u00fcfus 11356 ki\u015fi) 8 May\u0131s 1992 \u015eu\u015fa\u00a0\u00a0 (n\u00fcfus 23156 ki\u015fi) 18 May\u0131s 1992 La\u00e7\u0131n (n\u00fcfus 60698 ki\u015fi) 23 Temmuz 1993 A\u011fdam (n\u00fcfus 158000 ki\u015fi) 18 A\u011fustos 1993 Cebray\u0131l (n\u00fcfus 57125 ki\u015fi) 23 A\u011fustos 1993 Fuzuli (n\u00fcfus 98600 ki\u015fi) 31 A\u011fustos 1993 Kubatl\u0131\u00a0 (n\u00fcfus 30678 ki\u015fi) 25 Ekim 1993 Zengilan (n\u00fcfus 34924 ki\u015fi)<\/strong><\/p>\n<p> <strong>Bu da bizim ger\u00e7e\u011fimiz. Ama bu ger\u00e7e\u011fimiz Hrant Dink&#39;i vurmam\u0131z\u0131 gerektirmiyor. Peki soruyorum:<\/strong><\/p>\n<p> <strong>&#8211; &quot;Hepimiz Hrant&#39;\u0131z&quot; diye hayk\u0131ranlar neden Hocal\u0131&#39;da katledilen Ali bebekler, Nergis bebekler i\u00e7in, &quot;Hepimiz Ali balay\u0131z, Nergis balay\u0131z&quot; diye hayk\u0131rm\u0131yor.<\/strong><\/p>\n<p> <strong>Neden? Neden? Neden?<a name=\"_ftnref3\" href=\"#_ftn3\" title=\"_ftnref3\"><strong>[3]<\/strong><\/a><\/strong><\/p>\n<p> <strong>Neden olacak; gavurla\u015fm\u0131\u015flard\u0131, barbar Bat\u0131ya yana\u015fm\u0131\u015flard\u0131, \u0130slam&#39;dan kopmu\u015flard\u0131 ve insanl\u0131ktan \u00e7\u0131km\u0131\u015flard\u0131!&#8230; <\/strong><\/p>\n<p> <strong>\u00a0<\/strong><\/p>\n<p> <\/p>\n<hr \/>\n<p> <a name=\"_ftn1\" href=\"#_ftnref1\" title=\"_ftn1\">[1]<\/a> Ay\u015fa Kerimova G\u00f6nen \/ 6 Nisan 2008 <\/p>\n<p> <a name=\"_ftn2\" href=\"#_ftnref2\" title=\"_ftn2\">[2]<\/a> H\u00fcseyin Alt\u0131nalan \/ Milli Gazete<\/p>\n<p> <a name=\"_ftn3\" href=\"#_ftnref3\" title=\"_ftn3\">[3]<\/a> Ay\u015fa Kerimova G\u00f6nen \/ 2 Mart \/ 2008 \/ Ayd\u0131nl\u0131k<\/p>\n","protected":false},"excerpt":{"rendered":"<p><!--[if gte mso 9]><xml> Normal 0 21 false false false <\/xml><![endif]--><!--[if gte mso 9]><xml> <\/xml><![endif]--> <!--[if gte mso 10]> \n\n<style> \/* Style Definitions *\/ table.MsoNormalTable {mso-style-name:\"Normal Tablo\"; mso-tstyle-rowband-size:0; mso-tstyle-colband-size:0; mso-style-noshow:yes; mso-style-parent:\"\"; mso-padding-alt:0cm 5.4pt 0cm 5.4pt; mso-para-margin:0cm; mso-para-margin-bottom:.0001pt; mso-pagination:widow-orphan; font-size:10.0pt; font-family:\"Times New Roman\"; mso-ansi-language:#0400; mso-fareast-language:#0400; mso-bidi-language:#0400;} <\/style>\n\n <![endif]-->Ba\u015fta H\u0131ristiyan Ha\u00e7l\u0131lar, t\u00fcm k\u00fcf\u00fcr d\u00fcnyas\u0131n\u0131n T\u00fcrklere d\u00fc\u015fmanl\u0131\u011f\u0131, M\u00fcsl\u00fcmanl\u0131klar\u0131ndan dolay\u0131d\u0131r.\u00a0 \u00c7\u00fcnk\u00fc M\u00fcsl\u00fcmanl\u0131ktan \u00e7\u0131km\u0131\u015f T\u00fcrklerle hi\u00e7bir sorunlar\u0131 ve sald\u0131r\u0131lar\u0131 olmad\u0131\u011f\u0131 tarihen ispatlanm\u0131\u015ft\u0131r. Barbar Bat\u0131l\u0131lar, T\u00fcrklere kar\u015f\u0131, hem kendi i\u00e7lerindeki H\u0131ristiyan az\u0131nl\u0131klar\u0131 s\u00fcrekli azd\u0131rd\u0131klar\u0131 gibi, kom\u015fular\u0131 olan H\u0131ristiyan veya M\u00fcsl\u00fcman \u00fclkeleri de k\u0131\u015fk\u0131rtmaktan geri durmam\u0131\u015flard\u0131r <\/p>\n","protected":false},"author":10,"featured_media":0,"comment_status":"open","ping_status":"closed","sticky":false,"template":"","format":"standard","meta":{"footnotes":""},"categories":[85],"tags":[3618,3634,3650,3619,3635,3651,3620,3636,3652,3621,3637,3653,3622,3638,3654,3623,3639,3655,3624,3640,3656,556,3625,3641,3657,862,3626,3642,3658,934,3627,3643,1368,3628,3644,1486,3629,3645,2113,3630,3646,2447,3631,3647,2757,3632,3648,3151,3633,3649],"class_list":["post-1350","post","type-post","status-publish","format-standard","hentry","category-agustos-2008","tag-bilgilendirilmekteydi","tag-parcaladiklarini","tag-topraklarimizin","tag-nitelendirilmelerine","tag-saglayacaklarini","tag-yalanlamaktaydi","tag-azerbaycanlilardan","tag-yagmaladiklarini","tag-anlasmalariyla","tag-normallestirmesini","tag-azerbaycanlinin","tag-arsivlerindeki","tag-azerbaycanlilarin","tag-bagislayabilmek","tag-aciklanmasinin","tag-birlestirildigini","tag-degerlendirildi","tag-belirlenecekti","tag-degerlendirdigini","tag-donusturmesinin","tag-devrimlerinden","tag-cumhurbaskanligi","tag-gostermekteydiler","tag-ebeveynlerinden","tag-faktorlerinden","tag-yerlestirilecek","tag-azerbaycanlilara","tag-engellemektedir","tag-gonullulerinin","tag-gerceklestirmek","tag-azerbaycanlilari","tag-ispatlamaktaydi","tag-gerceklestirdikleri","tag-birlestirebilmek","tag-milliyetcilerin","tag-gonderildikleri","tag-degerlendirmenin","tag-olusturulacakti","tag-degisikliklerin","tag-degerlendirmeydi","tag-organizatorleri","tag-destekcilerinin","tag-gavurlasmislardi","tag-sovyetlesmesini","tag-politikalarinin","tag-karsilasmiyorlar","tag-tecavuzlerinden","tag-olusturmaktaydi","tag-kaynaklandiginin","tag-tekrarlanacakti"],"_links":{"self":[{"href":"https:\/\/www.millicozum.com\/mc\/wp-json\/wp\/v2\/posts\/1350","targetHints":{"allow":["GET"]}}],"collection":[{"href":"https:\/\/www.millicozum.com\/mc\/wp-json\/wp\/v2\/posts"}],"about":[{"href":"https:\/\/www.millicozum.com\/mc\/wp-json\/wp\/v2\/types\/post"}],"author":[{"embeddable":true,"href":"https:\/\/www.millicozum.com\/mc\/wp-json\/wp\/v2\/users\/10"}],"replies":[{"embeddable":true,"href":"https:\/\/www.millicozum.com\/mc\/wp-json\/wp\/v2\/comments?post=1350"}],"version-history":[{"count":0,"href":"https:\/\/www.millicozum.com\/mc\/wp-json\/wp\/v2\/posts\/1350\/revisions"}],"wp:attachment":[{"href":"https:\/\/www.millicozum.com\/mc\/wp-json\/wp\/v2\/media?parent=1350"}],"wp:term":[{"taxonomy":"category","embeddable":true,"href":"https:\/\/www.millicozum.com\/mc\/wp-json\/wp\/v2\/categories?post=1350"},{"taxonomy":"post_tag","embeddable":true,"href":"https:\/\/www.millicozum.com\/mc\/wp-json\/wp\/v2\/tags?post=1350"}],"curies":[{"name":"wp","href":"https:\/\/api.w.org\/{rel}","templated":true}]}}