{"id":1354,"date":"2008-07-28T10:53:06","date_gmt":"2008-07-28T10:53:06","guid":{"rendered":"https:\/\/www.millicozum.com\/mc\/2008\/07\/28\/lam-ve-mlanlar-tar-en-b-tehdaltinda\/"},"modified":"2008-07-28T10:53:06","modified_gmt":"2008-07-28T10:53:06","slug":"islam-ve-muslumanlar-tarihinin-en-buyuk-tehdidi-altinda","status":"publish","type":"post","link":"https:\/\/www.millicozum.com\/mc\/2008\/agustos-2008\/islam-ve-muslumanlar-tarihinin-en-buyuk-tehdidi-altinda\/","title":{"rendered":"\u0130SLAM VE M\u00dcSL\u00dcMANLAR TAR\u0130H\u0130N\u0130N EN B\u00dcY\u00dcK TEHD\u0130D\u0130 ALTINDA!"},"content":{"rendered":"<p><!--[if gte mso 9]><xml> Normal 0 21 false false false <\/xml><![endif]--><!--[if gte mso 9]><xml> <\/xml><![endif]--> <!--[if gte mso 10]> \n\n<style> \/* Style Definitions *\/ table.MsoNormalTable {mso-style-name:\"Normal Tablo\"; mso-tstyle-rowband-size:0; mso-tstyle-colband-size:0; mso-style-noshow:yes; mso-style-parent:\"\"; mso-padding-alt:0cm 5.4pt 0cm 5.4pt; mso-para-margin:0cm; mso-para-margin-bottom:.0001pt; mso-pagination:widow-orphan; font-size:10.0pt; font-family:\"Times New Roman\"; mso-ansi-language:#0400; mso-fareast-language:#0400; mso-bidi-language:#0400;} <\/style>\n\n <![endif]--> <strong>35 \u0130slam \u00fclkesinde yapt\u0131\u011f\u0131 kamuoyu ara\u015ft\u0131rmas\u0131 ile bat\u0131n\u0131n ezberini bozan Esposito, Neo-conlar\u0131n hedefi oldu. Hudson Enstit\u00fcs\u00fc Esposito&#39;yu sahtek\u00e2rl\u0131kla su\u00e7lad\u0131.<\/strong><\/p>\n<p> <strong>ABD&#39;li \u00fcnl\u00fc \u0130slam uzman\u0131 Prof. John L. Esposito ve arkada\u015f\u0131 Dalia Mogahed&#39;in 35 \u0130slam \u00fclkesinde 6 y\u0131l s\u00fcreyle 50 binden fazla ki\u015fiyle g\u00f6r\u00fc\u015ferek yapt\u0131klar\u0131 ara\u015ft\u0131rma ses getirmeye ba\u015flad\u0131. Bat\u0131n\u0131n M\u00fcsl\u00fcman d\u00fcnya hakk\u0131ndaki ezberini bozan ara\u015ft\u0131rma, Neo-conlar\u0131 k\u0131zd\u0131rd\u0131. Kamuoyu yoklamas\u0131n\u0131n sonu\u00e7lar\u0131ndan rahats\u0131z olan ABD&#39;li neo-conlar Esposito&#39;yu sahtek\u00e2rl\u0131kla su\u00e7lad\u0131.<\/strong><\/p>\n<p>  <!--[if gte mso 9]><xml> Normal 0 21 false false false <\/xml><![endif]--><!--[if gte mso 9]><xml> <\/xml><![endif]--> <!--[if gte mso 10]> \n\n<style> \/* Style Definitions *\/ table.MsoNormalTable {mso-style-name:\"Normal Tablo\"; mso-tstyle-rowband-size:0; mso-tstyle-colband-size:0; mso-style-noshow:yes; mso-style-parent:\"\"; mso-padding-alt:0cm 5.4pt 0cm 5.4pt; mso-para-margin:0cm; mso-para-margin-bottom:.0001pt; mso-pagination:widow-orphan; font-size:10.0pt; font-family:\"Times New Roman\"; mso-ansi-language:#0400; mso-fareast-language:#0400; mso-bidi-language:#0400;} <\/style>\n\n <![endif]--> <strong>\u00a0<\/strong><\/p>\n<p> <strong>T\u00fcrkiye&#39;de darbe ve karanl\u0131k senaryolar\u0131n konu edindi\u011fi yer olarak bilinen Hudson Enstit\u00fcs\u00fc&#39;n\u00fcn &#39;\u0130slam, Demokrasi, ve M\u00fcsl\u00fcman D\u00fcnyan\u0131n Gelece\u011fi Merkezi&#39; Direkt\u00f6r\u00fc Hillel Fradkin &quot;\u0130slam ad\u0131na kim konu\u015fur?&quot; (Who does speak for Islam?) ba\u015fl\u0131kl\u0131 bir yaz\u0131 kaleme ald\u0131. Fradkin, yaz\u0131s\u0131nda ABD politikalar\u0131n\u0131n dayand\u0131\u011f\u0131 as\u0131ls\u0131z iddialarla taban tabana z\u0131t sonu\u00e7lar ara\u015ft\u0131rmay\u0131 yerden yere vurdu, Esposito ve Gallup&#39;u da bilimsel olmamakla su\u00e7lad\u0131. Fradkin&#39;e g\u00f6re yazarlar &quot;veriler d\u00fc\u015f\u00fcncelere y\u00f6n vermeli&quot; \u015feklindeki kendi ilkelerine ihanet i\u00e7indeler, zira, ona g\u00f6re ortada &#39;veri&#39; diye bir \u015fey yok!<\/strong><\/p>\n<p> <strong>Siyonist Fradkin&#39;i as\u0131l rahats\u0131z eden \u015feyin ise kitapta ara\u015ft\u0131rma verilerinden ziyade \u0130slam&#39;la ilgili tan\u0131t\u0131c\u0131 bilgi ve yorumlara yer verilmesi oldu\u011fu anla\u015f\u0131l\u0131yor. Ona g\u00f6re Esposito bunu hep yap\u0131yor ve bu kitaptan dolay\u0131 Esposito ve Gallup&#39;u sahtekarl\u0131kla su\u00e7layacak kadar da ileri gidiyor. \u015eahin Fradkin&#39;i durdurmak ne m\u00fcmk\u00fcn: Kitab\u0131n kusurlu karakterinden dolay\u0131 kesinlikle referans olamayaca\u011f\u0131ndan bahisle, ara\u015ft\u0131rman\u0131n ula\u015ft\u0131\u011f\u0131: &quot;medeniyetler \u00e7at\u0131\u015fmas\u0131 fikrinin \u0130slam d\u00fcnyas\u0131nda taban bulamad\u0131\u011f\u0131, m\u00fcsl\u00fcmanlar\u0131n fikir ve konu\u015fma h\u00fcrriyetinin inan\u00e7lar\u0131ndan kaynakland\u0131\u011f\u0131, cinsiyet ayr\u0131mc\u0131l\u0131\u011f\u0131na kar\u015f\u0131 \u00e7\u0131kt\u0131\u011f\u0131 gibi m\u00fcspet sonu\u00e7lara da inanmad\u0131\u011f\u0131n\u0131 a\u00e7\u0131k\u00e7a ifade ediyor.<\/strong><\/p>\n<p> <strong>M\u00fcsl\u00fcmanlar ne \u0130stiyor?<\/strong><\/p>\n<p> Bat\u0131n\u0131n en \u00f6nemli \u0130slam ara\u015ft\u0131rmac\u0131lar\u0131ndan John L. Esposito ve Gallup sondaj kurumu i\u00e7in \u00e7al\u0131\u015fan bir ara\u015ft\u0131rmac\u0131 Dalia Mogahed taraf\u0131ndan yaz\u0131lan &quot;\u0130slam ad\u0131na kim konu\u015fuyor? Bir milyar M\u00fcsl\u00fcman&#39;\u0131n ger\u00e7ek fikri ne?&quot; (Who speaks for Islam: What a Billion Muslims Really Think?) kitab\u0131, Gallup Press (New York) taraf\u0131ndan yay\u0131nland\u0131.<\/p>\n<p> Kitap, yazarlara g\u00f6re 1,3 milyar M\u00fcsl\u00fcman\u0131n %90&#39;n\u0131n d\u00fc\u015f\u00fcncelerini i\u00e7eren \u00e7ok geni\u015f anketi i\u00e7eriyor. Kitab\u0131n as\u0131l d\u00fc\u015f\u00fcncesi uzmanlar\u0131 veya sorumlular\u0131 de\u011fil, M\u00fcsl\u00fcman halk\u0131n bizzat kendisini konu\u015fturmak.<\/p>\n<p> B\u00f6ylece yazarlar anketin ba\u015fl\u0131ca sonu\u00e7lar\u0131n\u0131 \u015f\u00f6yle \u00f6zetliyor:<\/p>\n<p> &#8226; M\u00fcsl\u00fcmanlar\u0131n Bat\u0131 \u00fczerinde tek bir g\u00f6r\u00fc\u015f\u00fc yok. Farkl\u0131 \u00fclkeleri k\u00fclt\u00fcr veya dinlerinden de\u011fil, politik fonksiyonlar\u0131ndan dolay\u0131 yarg\u0131l\u0131yorlar.<\/p>\n<p> &#8226; Ba\u015fl\u0131ca hedeflerinin sadece i\u015f bulmak ve cihada kat\u0131lmak olmad\u0131\u011f\u0131n\u0131; insanca ya\u015fama imk\u00e2n\u0131 arad\u0131klar\u0131n\u0131 s\u00f6yl\u00fcyorlar.<\/p>\n<p> &#8226; Sivillere kar\u015f\u0131 yap\u0131lan sald\u0131r\u0131\u015flar\u0131n ahl\u00e2k\u00e7a a\u00e7\u0131klanamaz oldu\u011funu vurguluyorlar.<\/p>\n<p> &#8226; Ter\u00f6rist eylemleri tasvip edenlerin az\u0131nl\u0131k oldu\u011funu ve bu az\u0131nl\u0131\u011f\u0131n di\u011fer M\u00fcsl\u00fcmanlardan daha dindar olmad\u0131\u011f\u0131n\u0131 \u00f6zellikle hat\u0131rlat\u0131yorlar.<\/p>\n<p> &#8226; M\u00fcsl\u00fcmanlar\u0131n Bat\u0131&#39;n\u0131n en \u00e7ok teknolojisini ve demokrasisini takdir ettiklerini itiraf ediyorlar.<\/p>\n<p> &#8226; Amerika ile ayn\u0131 oranda olan Bat\u0131&#39;n\u0131n en \u00e7ok ahl\u00e2k yozla\u015fmas\u0131n\u0131 ve geleneksel de\u011ferlerinden kopmalar\u0131n\u0131 k\u0131n\u0131yorlar.<\/p>\n<p> &#8226; M\u00fcsl\u00fcman kad\u0131nlar\u0131n e\u015fit haklar talep ettiklerini ayn\u0131 zamanda toplumda dinin mutlak gereklili\u011fini belirtiyorlar.<\/p>\n<p> &#8226; Bat\u0131&#39;n\u0131n kendi toplumlar\u0131yla ili\u015fkilerinin geli\u015fmesini istiyorsa, M\u00fcsl\u00fcmanlara kar\u015f\u0131 bak\u0131\u015flar\u0131n\u0131 d\u00fczeltmelerini ve \u0130slam&#39;a sayg\u0131 g\u00f6stermelerini bekliyorlar.<\/p>\n<p> &#8226; \u00c7o\u011funlu\u011fu, sadece dindar y\u00f6neticilerin anayasa yap\u0131l\u0131\u015f\u0131nda do\u011frudan rol almamas\u0131n\u0131 toplumun her kesiminin kat\u0131lmas\u0131n\u0131, ancak dini kurallar\u0131n da hesaba kat\u0131lmas\u0131n\u0131 istiyorlar.<\/p>\n<p> M\u00fcsl\u00fcmanlar\u0131 k\u0131saca bir ba\u015fl\u0131kta sunduktan sonra, yazarlar analizlerini d\u00f6rt ayr\u0131 ba\u015fl\u0131kta de\u011ferlendiriyorlar: Demokrasi mi Teokrasi mi?, Nas\u0131l radikal oluyoruz ? , Kad\u0131nlar\u0131n talepleri neler ?, \u00c7at\u0131\u015fma m\u0131, yoksa birlikte ya\u015famak m\u0131?.<\/p>\n<p> Kitapta, M\u00fcsl\u00fcman kad\u0131nlar ile yap\u0131lan ara\u015ft\u0131rman\u0131n sonucu \u015fu ba\u015fl\u0131klarla \u00f6zetleniyor:<\/p>\n<p> &#8211; M\u00fcsl\u00fcman kad\u0131nlar hem dinlerine hem de haklar\u0131na kar\u015f\u0131 sayg\u0131 istiyorlar;<\/p>\n<p> &#8211; Bat\u0131&#39;daki baz\u0131 durumlar\u0131 takdir ettikleri halde, Bat\u0131n\u0131n b\u00fct\u00fcn de\u011ferlerini sahiplenmiyorlar;<\/p>\n<p> &#8211; M\u00fcsl\u00fcman kad\u0131nlar\u0131n \u00e7o\u011funun sorunu, e\u015fitlikten ziyade en acil ihtiya\u00e7lar\u0131n\u0131n politik ve ekonomik bir geli\u015fme oldu\u011funu savunuyorlar;<\/p>\n<p> &#8211; Feminizm tarihsel olarak s\u00f6m\u00fcrgele\u015fmeyi ispatlama amac\u0131yla kullan\u0131lm\u0131\u015ft\u0131r. Bu y\u00fczden Bat\u0131daki kad\u0131n haklar\u0131 savunmas\u0131na \u015f\u00fcpheyle yakla\u015f\u0131yorlar.<a name=\"_ftnref1\" href=\"#_ftn1\" title=\"_ftnref1\">[1]<\/a><\/p>\n<p> <strong>Amerika&#39;da \u0130srail&#39;i Ele\u015ftirmek = Yahudi D\u00fc\u015fmanl\u0131\u011f\u0131 ve En B\u00fcy\u00fck Su\u00e7 Say\u0131l\u0131yor!<\/strong><\/p>\n<h2>Devlet Bakanl\u0131\u011f\u0131: \u0130srail&#39;i Ele\u015ftirmek = Yahudi D\u00fc\u015fmanl\u0131\u011f\u0131d\u0131r.<\/h2>\n<p> Y\u0131ll\u0131k &quot;\u00c7a\u011fda\u015f K\u00fcresel Yahudi D\u00fc\u015fmanl\u0131\u011f\u0131&quot;n\u0131n Per\u015fembe g\u00fcn\u00fc yay\u0131nlanan en son bask\u0131s\u0131nda Devlet Bakanl\u0131\u011f\u0131 &#8211; ve dolay\u0131s\u0131yla ABD h\u00fck\u00fcmeti &#8211; uzun s\u00fcreli neo-muhafazak\u00e2r \u00f6\u011fretiye giderek daha da yakla\u015f\u0131yor: \u0130srail veya \u0130srail politikalar\u0131n\u0131n s\u0131k\u0131 s\u0131k ele\u015ftirilmesi her zaman olmasa da genelde Yahudi D\u00fc\u015fmanl\u0131\u011f\u0131 olarak anla\u015f\u0131l\u0131yor. Rapor ayn\u0131 zamanda \u0130sraillilerin \u0130\u015fgal Edilmi\u015f B\u00f6lgelerdeki Filistinlilere davran\u0131\u015f\u0131n\u0131 G\u00fcney Afrika Cumhuriyetinde uygulanan \u0131rk ayr\u0131m\u0131 ile kar\u015f\u0131la\u015ft\u0131r\u0131lmas\u0131n\u0131n &#8211; eski Ba\u015fkan Jimmy Carter&#39;in 2006&#39;da yazd\u0131\u011f\u0131 &quot;Filistin: Irk ayr\u0131m\u0131 de\u011fil Bar\u0131\u015f&quot; kitab\u0131nda bahsetti\u011fi gibi &#8211; ayn\u0131 zamanda Yahudi D\u00fc\u015fmanl\u0131\u011f\u0131 anlam\u0131na gelir. Son be\u015f y\u0131lda \u00f6zellikle Demokrasileri Savunma Vakf\u0131, National Review Online ve Wall Street Journal edit\u00f6r sayfalar\u0131n\u0131n \u00e7abalar\u0131yla yo\u011fun olarak dile getirilen ba\u015fl\u0131ca neo-muhafazak\u00e2r tema \u0130srail&#39;in ele\u015ftirilmesi olarak ifade edilen Yahudi d\u00fc\u015fmanl\u0131\u011f\u0131n\u0131n yeti\u015fme zemini olarak Birle\u015fmi\u015f Milletlere odaklan\u0131yor.<\/p>\n<p> &quot;Yahudi D\u00fc\u015fmanl\u0131\u011f\u0131n\u0131n \u00c7a\u011fda\u015f \u015eekilleri&quot; ba\u015fl\u0131kl\u0131 raporun giri\u015f b\u00f6l\u00fcm\u00fcnde \u00f6ne s\u00fcr\u00fclen iddia \u015f\u00f6yle:<\/p>\n<p> &quot;Yahudi D\u00fc\u015fmanl\u0131\u011f\u0131 uygulanan bir fenomen olarak ispatlanm\u0131\u015ft\u0131r. Yahudi d\u00fc\u015fmanl\u0131\u011f\u0131n\u0131n yeni \u015fekilleri geli\u015ftirilmi\u015ftir. Genellikle geleneksel Yahudi kar\u015f\u0131tl\u0131\u011f\u0131 unsurlar\u0131yla i\u015fbirli\u011fi yaparlar. Bununla beraber, yeni Yahudi kar\u015f\u0131tl\u0131\u011f\u0131n\u0131n g\u00f6ze \u00e7arpan \u00f6zelli\u011fi Siyonizm ya da \u0130srail politikas\u0131n\u0131n ele\u015ftirisidir ki bu &#8211; bilerek veya bilmeyerek &#8211; t\u00fcm Yahudilere kar\u015f\u0131 \u0130srail&#39;i ve \u0130sraillileri \u015feytanla\u015ft\u0131rarak \u00f6nyarg\u0131y\u0131 yayma ve \u0130srail&#39;in g\u00f6r\u00fclen hatalar\u0131n\u0131 Yahudi karakterine ba\u011flama etkisine sahip.<\/p>\n<p> &quot;Yeni Yahudi kar\u015f\u0131tl\u0131\u011f\u0131 Ortado\u011fu&#39;da ve Avrupa&#39;daki M\u00fcsl\u00fcman topluluklarda ortakt\u0131r ancak bu topluluklarla s\u0131n\u0131rland\u0131r\u0131lmam\u0131\u015ft\u0131r. \u00d6rne\u011fin, \u00e7e\u015fitli Birle\u015fmi\u015f Milletler yap\u0131lar\u0131 her y\u0131l pek \u00e7ok durumda \u0130srail&#39;in insan haklar\u0131 ihlali ve iddia edilen zul\u00fcmlerinin sansasyonel raporlar\u0131 olan komisyon soru\u015fturmalar\u0131nda sorgulan\u0131yor. BM sistemi i\u00e7inde tek hedefi k\u00f6t\u00fc \u0130srail davran\u0131\u015f\u0131nda neler oldu\u011funu varsayan raporlamalar yapan \u00e7e\u015fitli yap\u0131lar kuruldu. Bu t\u00fcr hareketlerin g\u00fcd\u00fcs\u00fc Orta Do\u011fu&#39;daki di\u011fer milletlere \u015fiddete ba\u015fvurmak yerine endi\u015felerine g\u00f6nderme arac\u0131 olarak kabul edilebilir ara\u00e7lar oldu\u011funu g\u00f6stermek veya di\u011fer yasal sonu\u00e7lar\u0131 takip etmek i\u00e7in hemen bir krizin fitilini \u00e7ekmek olabilir. Ancak \u0130srail&#39;i ara vermeden ele\u015ftirmenin toplu etkisi ciddi ihlallerin g\u00f6rsel su\u00e7lusu olan rejimlere dikkat \u00e7ekmede ba\u015far\u0131s\u0131z olmas\u0131yla birlikte Yahudi devletinin ba\u015fkalar\u0131n\u0131n haklar\u0131n\u0131 ihlalde en b\u00fcy\u00fck kaynak olmasa da kaynaklardan biri olmas\u0131 kavram\u0131n\u0131 vurgulamada etkisi var ve dolay\u0131s\u0131yla bilerek veya bilmeyerek Yahudi d\u00fc\u015fmanl\u0131\u011f\u0131n\u0131 te\u015fvik ediyor.<\/p>\n<p> &quot;\u00c7a\u011fda\u015f \u0130srail politikas\u0131 Nazilerinkiyle kar\u015f\u0131la\u015ft\u0131r\u0131ld\u0131\u011f\u0131nda giderek ortak y\u00f6nleri \u00e7\u0131k\u0131yor. Siyonizm ya da \u0130srail ele\u015ftirisi olarak ifade edilen Yahudi kar\u015f\u0131tl\u0131\u011f\u0131 Yahudi d\u00fc\u015fmanl\u0131\u011f\u0131n\u0131n geleneksel \u015fekillerinden daha g\u00fc\u00e7 anla\u015f\u0131ld\u0131\u011f\u0131ndan mahk\u00fbm edilmekten kurtuluyor ve Yahudi d\u00fc\u015fmanl\u0131\u011f\u0131 tav\u0131rlar\u0131 <em>yapan\u0131n bilin\u00e7li niyeti olmayabilir<\/em> d\u00fc\u015f\u00fcncesi yayg\u0131nla\u015f\u0131yor. \u0130srail&#39;in politikalar\u0131 ve uygulamalar\u0131 herhangi bir \u00fclkeninki ile ayn\u0131 sorumlu ele\u015ftiri ve ara\u015ft\u0131rmaya tabi olabilir. Ayn\u0131 zamanda \u0130srail&#39;i ele\u015ftirenler Yahudi d\u00fc\u015fmanl\u0131\u011f\u0131n\u0131 yayg\u0131nla\u015ft\u0131rabilecek hareketlerinin etkisini d\u00fc\u015f\u00fcnmekle sorumlular. Zaman zaman \u0130srail&#39;e kar\u015f\u0131 d\u00fc\u015fmanl\u0131k genel olarak Yahudilere uygulanan fiziksel \u015fiddete d\u00f6n\u00fc\u015f\u00fcyor. \u00d6rne\u011fin 2006 yaz\u0131nda Hizbullah ve \u0130srail aras\u0131ndaki ihtilaf s\u0131ras\u0131nda d\u00fcnya \u00e7ap\u0131ndaki Yahudi d\u00fc\u015fmanl\u0131\u011f\u0131 olaylar\u0131nda ciddi bir patlama vard\u0131.&quot;<\/p>\n<p> Elbette bu analizi k\u0131demli siyasi ki\u015filiklerin, neo-muhafazak\u00e2r gruplar\u0131n (FDD veya Amerikan Giri\u015fimciler Kurulu\u015fu gibi) ve Amerika ile Avrupa medyas\u0131n\u0131n \u0130slam, M\u00fcsl\u00fcmanlar veya Arap ve \u0130slam d\u00fcnyas\u0131ndaki \u00e7e\u015fitli \u0130slami siyasi hareketler hakk\u0131nda \u00f6zellikle bu akt\u00f6rlerin \u0130slam korkusunu &quot;te\u015fvik etmede hareketlerinin etkisini d\u00fc\u015f\u00fcnme sorumlulu\u011fu ba\u011flam\u0131nda kulland\u0131\u011f\u0131 konu\u015fma diline uygulamak ilgin\u00e7 olacakt\u0131r. [San\u0131r\u0131m raporun yazar\u0131 te\u015fvik etmekten ziyade &quot;yayg\u0131nla\u015ft\u0131rmada&quot; demek istemi\u015ftir.]<\/p>\n<p> Avrupa Irk\u00e7\u0131l\u0131k ve Yabanc\u0131 D\u00fc\u015fmanl\u0131\u011f\u0131 G\u00f6zlemleme Merkezi (EUMC) taraf\u0131ndan kurulan Yahudi kar\u015f\u0131tl\u0131\u011f\u0131 tan\u0131m\u0131n\u0131 kendi analizinde uygulamay\u0131 ama\u00e7l\u0131yor. Ama asl\u0131nda \u00f6zellikle BM konferanslar\u0131yla, raporlar\u0131yla ve BM \u00d6zel Raport\u00f6rlerin \u0130srail&#39;in \u0130\u015fgal edilmi\u015f B\u00f6lgelerde Filistinlilere davran\u0131\u015f\u0131n\u0131 Yahudi d\u00fc\u015fmanl\u0131\u011f\u0131 anlam\u0131na gelen \u0131rk ayr\u0131m\u0131 ile kar\u015f\u0131la\u015ft\u0131r\u0131ld\u0131\u011f\u0131 raporlar\u0131yla ilgili \u00e7e\u015fitli noktalarda yapt\u0131\u011f\u0131 \u00f6nerilerle daha da \u00f6tesine gidiyor. Bununla beraber, Carter belki de raporun kapsam\u0131 Amerika Birle\u015fik Devletlerindeki Yahudi kar\u015f\u0131tl\u0131\u011f\u0131n\u0131 kapsamad\u0131\u011f\u0131ndan bahsetmiyor. Kapsasayd\u0131 o da &#8211; Siyonizm sevgisine z\u0131t olan &#8211; H\u0131ristiyan Sa\u011f\u0131n\u0131n Yahudi d\u00fc\u015fmanl\u0131\u011f\u0131na g\u00f6nderme yapacakt\u0131 ve bu da Cumhuriyet\u00e7i y\u00f6netim i\u00e7in iyi olmayacakt\u0131 diye d\u00fc\u015f\u00fcn\u00fcyorum. Tim LaHaye, Pat Robertson, ve Jerry Falwell gibi Yahudi d\u00fc\u015fmanlar\u0131 Yahudi d\u00fc\u015fmanl\u0131\u011f\u0131 ile \u0130srail ele\u015ftirisini e\u015fit sayanlar i\u00e7in biraz meydan okuma g\u00f6steren dini nedenler i\u00e7in \u0130srail&#39;in \u00f6zellikle B\u00fcy\u00fck \u0130srail&#39;in en gayretli destekleyicilerinden biri olabilir. Bununla beraber, bu muamma 25 y\u0131l \u00f6nce Irving Kristol Yahudilerin H\u0131ristiyan Sa\u011f\u0131 ile Yahudi d\u00fc\u015fmanl\u0131\u011f\u0131 inan\u00e7lar\u0131na ra\u011fmen bir m\u00fcttefiklikle endi\u015felenmemeleri gerekti\u011fini vurgulad\u0131\u011f\u0131nda neo-muhafazak\u00e2rlar gene de endi\u015feleniyordu. 1990lar\u0131n ba\u015flar\u0131nda &quot;Neden bizim i\u00e7in problem olsun?&quot;diye yazd\u0131. &quot;Onlar\u0131n dini ama bizim \u0130srail&#39;imiz.&quot;<\/p>\n<p> Gelecek hafta &quot;Cihat ve Yahudi D\u00fc\u015fmanl\u0131\u011f\u0131: \u0130slamc\u0131l\u0131k, Nazicilik ve 9 Eyl\u00fcl K\u00f6kleri&quot; isimli kitab\u0131n yazar\u0131 olan Alman tarih\u00e7i Matthiias Kuentzel&#39;in kat\u0131ld\u0131\u011f\u0131 &quot;Yahudi D\u00fc\u015fmanl\u0131\u011f\u0131 ve Ter\u00f6r Sava\u015f\u0131&quot; konulu \u00c7ar\u015famba g\u00fcn\u00fcndeki toplant\u0131dan \u00f6nce rapor \u00e7\u0131kt\u0131. AEI tan\u0131t\u0131c\u0131 yaz\u0131s\u0131nda belirtildi\u011fi gibi, yazar\u0131n &quot;merkezi tezi \u00e7a\u011fda\u015f \u0130slamc\u0131 Yahudi kar\u015f\u0131tl\u0131\u011f\u0131n\u0131n \u0130kinci D\u00fcnya Sava\u015f\u0131 esnas\u0131nda Orta Do\u011fu&#39;da kurumla\u015ft\u0131r\u0131lan ve pek \u00e7ok durumda Nazilerden do\u011frudan ideolojik, siyasi ve mali destek alan ve hala aktif olan \u00f6rg\u00fctler ve bireyler sayesinde o zamandan beri daha da geli\u015fen \u00dc\u00e7\u00fcnc\u00fc Krall\u0131ktan do\u011frudan geliyor. AEI \u00fcyeleri Michael Ledeen ve Michael Novak (1981&#39;de ki\u015fisel olarak beni ba\u015fka AEI seminerinde gizli zul\u00fcm hapislerinden birinden &#8211; Jimmy Carter&#39;in bask\u0131s\u0131 sonucu &#8211; \u00e7\u0131k\u0131\u015f\u0131ndan sonra en \u00fcnl\u00fc kurbanlar\u0131ndan biri Jacobo Timerman taraf\u0131ndan iddia edildi\u011fi gibi Arjantin askeri cuntas\u0131n\u0131n bir neo-Nazi rejimi olarak say\u0131lamayaca\u011f\u0131n\u0131 temin ettiler) sunumdan sonra yorum yapacaklar.<\/p>\n<p> \u00a7\u00a0 Jim Lobe \u00f6zellikle neo-muhafazak\u00e2rlar\u0131n Bush y\u00f6netimi \u00fczerine etkisini konu alan d\u0131\u015f siyaset \u00fczerine haber yapmakla \u00fcnl\u00fcd\u00fcr. Uluslararas\u0131 haber ajans\u0131<em> <\/em>Inter Pres Service (IPS)&#39;in Washington B\u00fcro \u015eefi olan Lobe ayn\u0131 zamanda In Focus, Alternet, Tompaine.com i\u00e7in D\u0131\u015f Politika konular\u0131nda yazmaktad\u0131r ve ABD&#39;nin Irak&#39;\u0131 i\u015fgali i\u00e7in motivasyonlar\u0131yla ilgili<em> <\/em>BBC<em> <\/em>ve<em> <\/em>ABC<em> <\/em>televizyon belgesellerinde yer alm\u0131\u015ft\u0131r.<a name=\"_ftnref2\" href=\"#_ftn2\" title=\"_ftnref2\">[2]<\/a><\/p>\n<p> <strong>McCain \u0130slam&#39;a Sava\u015f \u0130lan Etti<\/strong><\/p>\n<p> John McCain Kas\u0131m ay\u0131ndaki se\u00e7imlerde Cumhuriyet\u00e7i Parti&#39;nin ba\u015fkan aday\u0131 ve &#39;\u0131l\u0131ml\u0131&#39; olarak tan\u0131t\u0131l\u0131yor. McCain&#39;in &#39;ruhani dan\u0131\u015fman\u0131m&#39; dedi\u011fi Parsley ise \u0130slam&#39;a sava\u015f ilan etti.<\/p>\n<p> <strong>John McCain. Kas\u0131m ay\u0131nda yap\u0131lacak olan ABD ba\u015fkanl\u0131k se\u00e7imlerinde Cumhuriyet\u00e7i Parti&#39;nin aday\u0131 olarak yar\u0131\u015facak. 72 ya\u015f\u0131ndaki McCain, Cumhuriyet\u00e7iler aras\u0131nda &#8216;\u0131l\u0131ml\u0131&#39; olarak biliniyor ve bu y\u00fczden kamuoyu nezdinde, \u00f6zellikle Irak sava\u015f\u0131 nedeniyle pop\u00fcleritesini kaybetmi\u015f &#8216;Evanjelik Bush&#39;un yanl\u0131\u015flar\u0131n\u0131 \u00f6rtbas edece\u011fi d\u00fc\u015f\u00fcn\u00fcl\u00fcyor. McCain, s\u0131rf kendisine bi\u00e7ilen &#8216;\u0131l\u0131ml\u0131&#39; imaj\u0131ndan dolay\u0131 neo-con Cumhuriyet\u00e7iler taraf\u0131ndan bile istenmedi\u011fi bas\u0131nda yaz\u0131ld\u0131. Ancak, McCain&#39;in bu &#8216;neo-conlar istemiyor&#39; iddias\u0131, kendisini Amerikan kamuoyunda aklayacak bir avantaja sahip.<\/strong><\/p>\n<p> <strong>McCain&#39;in Ruhani Dan\u0131\u015fman\u0131<\/strong><\/p>\n<p> <strong>Neo-conlar ne kadar &#8216;\u0131l\u0131ml\u0131&#39; olsa da, hi\u00e7 ku\u015fkusuz se\u00e7imlerde Demokrat Parti aday\u0131n\u0131 desteklemek yerine McCain&#39;i destekleyecekler. \u0130\u015fte &#8216;\u0131l\u0131ml\u0131&#39; olarak g\u00f6sterilen McCain, her ne kadar &#8216;\u0131l\u0131ml\u0131&#39; mesajlar verse de, dan\u0131\u015fmanlar\u0131 neo-conlar\u0131 bile k\u0131skand\u0131racak derecede radikal g\u00f6r\u00fc\u015flere sahip. Bunlardan biri de McCain&#39;in &#8216;Benim ruhani dan\u0131\u015fman\u0131m&#39; dedi\u011fi Ohio&#39;daki Evanjelik Kilisesi papazlar\u0131ndan Rod Parsley.<\/strong><\/p>\n<p> <strong>Art\u0131k \u0130slam&#39;\u0131 Yok Etmenin Zaman\u0131 Geldi<\/strong><\/p>\n<p> <strong>Parsley, \u0130slam&#39;\u0131 &#8216;yanl\u0131\u015f bir din&#39; olarak tan\u0131mlarken, H\u0131ristiyanlar\u0131 da \u0130slam&#39;\u0131 ortadan kald\u0131rmak i\u00e7in sava\u015fa \u00e7a\u011f\u0131r\u0131yor. Parsley&#39;in 2005 y\u0131l\u0131nda yazd\u0131\u011f\u0131 ve T\u00fcrk\u00e7e&#39;ye &#8216;Art\u0131k Sessiz Kalamay\u0131z&#39; \u015feklinde \u00e7evrilebilecek olan &#8216;Silent No More&#39; isimli kitab\u0131nda \u0130slam&#39;a inan\u0131lmaz hakaretler ediyor. Parsley, ABD&#39;ye kar\u015f\u0131 en b\u00fcy\u00fck tehdidin \u0130slam dininden geldi\u011fini belirtirken, kitab\u0131ndaki &#8216;\u0130slam: Allah aldatmacas\u0131&#39; ba\u015fl\u0131kl\u0131 b\u00f6l\u00fcm\u00fcnde &#8216;H\u0131ristiyan medeniyeti ile \u0130slam aras\u0131nda bir sava\u015f var&#39; diyor.<\/strong><\/p>\n<p> <strong>Kolombo, \u0130slam&#39;\u0131 Yok Etmek \u0130\u00e7in ABD&#39;ye Geldi<\/strong><\/p>\n<p> <strong>Yazd\u0131klar\u0131n\u0131n ne kadar radikal oldu\u011funun fark\u0131nda olan Parsley, kendini tutamayarak \u015f\u00f6yle diyor: &quot;Size \u0130slam&#39;\u0131n hakiki do\u011fas\u0131n\u0131 anlamam\u0131z\u0131n ne kadar \u00f6nemli oldu\u011funu s\u00f6yleyemem. \u00fclkemizin (ABD), \u0130slam ile olan tarihi \u00e7at\u0131\u015fmas\u0131n\u0131 anlamadan, ilahi amac\u0131n\u0131 anlam\u0131\u015f olamay\u0131z. Bunun \u00e7ok ekstrem g\u00f6r\u00fcnd\u00fc\u011f\u00fcn\u00fc biliyorum ama Amerika, bir \u015fekilde bu yanl\u0131\u015f dini yok etmek \u00fczere kuruldu. 11 Eyl\u00fcl bu konuda bir mesajd\u0131 ve biz bunu g\u00f6rmezlikten gelemeyiz.&quot;<\/strong><\/p>\n<p> <strong>Kolombo&#39;nun R\u00fcyas\u0131n\u0131 Ger\u00e7ekle\u015ftirelim<\/strong><\/p>\n<p> Parsley, Amerika k\u0131tas\u0131n\u0131 ke\u015ffeden Christopher Kolombo&#39;nun da ayn\u0131 ama\u00e7la, \u0130slam&#39;\u0131 yenmek i\u00e7in, 1492&#39;de yola \u00e7\u0131kt\u0131\u011f\u0131n\u0131 ifade ederken, &quot;Kolombo, \u0130slam ordular\u0131n\u0131 Avrupa&#39;n\u0131n yeni d\u00fcnyayla (ABD) g\u00fc\u00e7lenmi\u015f ordular\u0131yla yenmeyi hayal ediyordu. Bu bir r\u00fcyayd\u0131 ve Amerika&#39;da ba\u015flad\u0131.<\/p>\n<p> <strong>&#8216;\u0130slam, Kan ve \u015eiddetin Sorumlusu&#39;<\/strong><\/p>\n<p> Parsley, \u0130slam&#39;a sava\u015f a\u00e7arken, bu sava\u015f\u0131n kaybedilebilece\u011fi korkusunu da ya\u015f\u0131yor ve \u015f\u00f6yle diyor: &quot;H\u0131ristiyanl\u0131k ve \u0130slam aras\u0131ndaki \u00e7at\u0131\u015fma ka\u00e7\u0131n\u0131lmaz. Art\u0131k zaman\u0131 geldi ve bizim ba\u015fka se\u00e7ene\u011fimiz yok. Biz bu sava\u015f\u0131 kaybetmi\u015f olabiliriz. D\u00fcnyay\u0131 tararken, \u0130slam&#39;\u0131n daha fazla ac\u0131, kan ve y\u0131k\u0131m\u0131n sorumlusu oldu\u011funu g\u00f6r\u00fcyorum&quot;<\/p>\n<p> <strong>&#8216;Muhammed Ayetleri \u015eeytandan Ald\u0131&#39;<\/strong><\/p>\n<p> \u0130slam&#39;\u0131n H\u0131ristiyanl\u0131k kar\u015f\u0131t\u0131 bir din oldu\u011funu belirten Parsley, Peygamberimiz Hazreti Muhammed&#39;e de hakaret etmeyi elden b\u0131rakm\u0131yor: &quot;M\u00fcsl\u00fcmanlar\u0131n Peygamberi Muhammed ayetleri \u015feytandan ald\u0131, Tanr\u0131&#39;dan de\u011fil. Allah \u015feytani bir ruhtur.&quot;<\/p>\n<p> <strong>11 Eyl\u00fcl&#39;den Sonra 34 Bin Amerikal\u0131 M\u00fcsl\u00fcman Oldu<\/strong><\/p>\n<p> Kendinden ge\u00e7mi\u015f ve \u00e7\u0131ld\u0131rm\u0131\u015f bir ruh haliyle yazd\u0131\u011f\u0131 anla\u015f\u0131lan Parsley, 11 Eyl\u00fcl sald\u0131r\u0131lar\u0131ndan sonra 34 bin Amerikal\u0131n\u0131n M\u00fcsl\u00fcman olmas\u0131ndan da \u015fikayet\u00e7i. ABD&#39;nin \u0130slam tehlikesine kar\u015f\u0131 m\u00fccadele etmesini isteyen Parsley, &quot;Bizler H\u0131ristiyan m\u0131y\u0131z? Evet. O zaman ne \u015fekilde olursa olsun bu yanl\u0131\u015f dini yok etmeliyiz&quot; diyerek de yeni bir Ha\u00e7l\u0131 Sava\u015f\u0131 ba\u015flat\u0131lmas\u0131n\u0131 istiyor.<\/p>\n<p> <strong>Misyon &#8216;Evanjelik McCa\u0131n&#39;e Ge\u00e7ecek mi?<\/strong><\/p>\n<p> 2004 se\u00e7imlerinde Bush&#39;u destekleyen Parsley, Irak ve Afganistan i\u015fgali&#39;n\u0131n yan\u0131 s\u0131ra Filistin&#39;deki durumdan en memnun olabilecek ki\u015filerden birisi. &#8216;Evanjelik Bush&#39;tan misyonu devral\u0131rsa e\u011fer &#8216;Evanjelik McCain&#39;, Parsley&#39;in 2001&#39;de Bush&#39;a ba\u015flatt\u0131rd\u0131\u011f\u0131 Ha\u00e7l\u0131 Seferi&#39;nin yenisi \u00e7ok yak\u0131nda ba\u015flayacak. Tabii, se\u00e7imi Demokratlar kazanmazsa.<\/p>\n<p> <strong>Yahudi Lobisiyle Fl\u00f6rt!<\/strong><\/p>\n<p> <strong>Demokrat Parti Ba\u015fkan aday\u0131 Barack Obama, Hamas&#39;la g\u00f6r\u00fc\u015fen eski Ba\u015fkan Jimmy Carter&#39;\u0131 ele\u015ftirerek Ba\u015fkan olmas\u0131 halinde, t\u00fcm b\u00f6lgesel tehditlere kar\u015f\u0131 \u0130srail&#39;in kendini savunma hakk\u0131na yard\u0131mc\u0131 olmak i\u00e7in &#8216;elinden gelen her\u015feyi&#39; yapaca\u011f\u0131n\u0131 s\u00f6yledi.<\/strong><\/p>\n<p> <strong>Obama Philadelphia&#39;daki bir sinagogda yapt\u0131\u011f\u0131 konu\u015fmada, &#8216;\u0130ster Gazze kadar yak\u0131n olsun, ister Tahran kadar uzak olsun, \u0130srail&#39;in herhangi bir sald\u0131r\u0131 halinde kendini m\u00fcdafaa edebilmesini sa\u011flayaca\u011f\u0131z&#39; dedi. Bu arada ABD&#39;nin eski ba\u015fkanlar\u0131ndan Jimmy Carter, d\u00fcn M\u0131s\u0131r&#39;\u0131n ba\u015fkenti Kahire&#39;de &#8216;Hamas&#39;\u0131n a\u011f\u0131r toplar\u0131&#39; Mahmud Zahar ve Said Siam ile g\u00f6r\u00fc\u015ft\u00fc. Carter&#39;\u0131n Kahire&#39;den sonra Suriye&#39;nin ba\u015fkenti \u015eam&#39;a ge\u00e7mesi ve \u0130srail ile Amerikal\u0131 yetkililerin ele\u015ftirilerine ra\u011fmen, Hamas&#39;\u0131n siyasi b\u00fcro lideri Halid Me\u015fal ile g\u00f6r\u00fc\u015fmesi bekleniyor. ABD, Hamas&#39;\u0131 bir ter\u00f6r \u00f6rg\u00fct\u00fc olarak g\u00f6r\u00fcyor. Beyaz Saray, Carter&#39;\u0131n ABD ad\u0131na de\u011fil, \u015fahs\u0131 ad\u0131na hareket etti\u011fini a\u00e7\u0131klam\u0131\u015ft\u0131. \u0130srail de Carter&#39;a koruma bile vermemi\u015fti.<a name=\"_ftnref3\" href=\"#_ftn3\" title=\"_ftnref3\"><strong>[3]<\/strong><\/a><\/strong><\/p>\n<p> <\/p>\n<hr \/>\n<p> <a name=\"_ftn1\" href=\"#_ftnref1\" title=\"_ftn1\">[1]<\/a> Timeturk.com \/ 16.04.2008<\/p>\n<p> <a name=\"_ftn2\" href=\"#_ftnref2\" title=\"_ftn2\">[2]<\/a> Jim Lobe \/ Timeturk.com \/ 21.04.2008<\/p>\n<p> <a name=\"_ftn3\" href=\"#_ftnref3\" title=\"_ftn3\">[3]<\/a> Star \/ 18.04.2008<\/p>\n","protected":false},"excerpt":{"rendered":"<p><!--[if gte mso 9]><xml> Normal 0 21 false false false <\/xml><![endif]--><!--[if gte mso 9]><xml> <\/xml><![endif]--> <!--[if gte mso 10]> \n\n<style> \/* Style Definitions *\/ table.MsoNormalTable {mso-style-name:\"Normal Tablo\"; mso-tstyle-rowband-size:0; mso-tstyle-colband-size:0; mso-style-noshow:yes; mso-style-parent:\"\"; mso-padding-alt:0cm 5.4pt 0cm 5.4pt; mso-para-margin:0cm; mso-para-margin-bottom:.0001pt; mso-pagination:widow-orphan; font-size:10.0pt; font-family:\"Times New Roman\"; mso-ansi-language:#0400; mso-fareast-language:#0400; mso-bidi-language:#0400;} <\/style>\n\n <![endif]--> <strong>35 \u0130slam \u00fclkesinde yapt\u0131\u011f\u0131 kamuoyu ara\u015ft\u0131rmas\u0131 ile bat\u0131n\u0131n ezberini bozan Esposito, Neo-conlar\u0131n hedefi oldu. Hudson Enstit\u00fcs\u00fc Esposito&#39;yu sahtek\u00e2rl\u0131kla su\u00e7lad\u0131.<\/strong><\/p>\n<p> <strong>ABD&#39;li \u00fcnl\u00fc \u0130slam uzman\u0131 Prof. John L. Esposito ve arkada\u015f\u0131 Dalia Mogahed&#39;in 35 \u0130slam \u00fclkesinde 6 y\u0131l s\u00fcreyle 50 binden fazla ki\u015fiyle g\u00f6r\u00fc\u015ferek yapt\u0131klar\u0131 ara\u015ft\u0131rma ses getirmeye ba\u015flad\u0131. Bat\u0131n\u0131n M\u00fcsl\u00fcman d\u00fcnya hakk\u0131ndaki ezberini bozan ara\u015ft\u0131rma, Neo-conlar\u0131 k\u0131zd\u0131rd\u0131. Kamuoyu yoklamas\u0131n\u0131n sonu\u00e7lar\u0131ndan rahats\u0131z olan ABD&#39;li neo-conlar Esposito&#39;yu sahtek\u00e2rl\u0131kla su\u00e7lad\u0131.<\/strong><\/p>\n","protected":false},"author":13,"featured_media":0,"comment_status":"open","ping_status":"closed","sticky":false,"template":"","format":"standard","meta":{"footnotes":""},"categories":[85],"tags":[3785,3801,3817,3786,3802,3818,3787,3803,3819,3788,3804,3820,3789,3805,3821,745,3790,3806,3822,817,3791,3807,3823,819,3792,3808,1242,3793,3809,1402,3794,3810,1523,3795,3811,2369,3796,3812,2461,3797,3813,2757,3798,3814,3273,3799,3815,3729,3800,3816],"class_list":["post-1354","post","type-post","status-publish","format-standard","hentry","category-agustos-2008","tag-sinirlandirilmamistir","tag-sayilamayacagini","tag-ihtiyaclarinin","tag-destekleyicilerinden","tag-yayginlastirmada","tag-kurbanlarindan","tag-karsilastirildiginda","tag-seytanlastirarak","tag-muslumanlardan","tag-karsilastirilmasinin","tag-anlasildigindan","tag-nazilerinkiyle","tag-yayginlastirabilecek","tag-belgesellerinde","tag-populeritesini","tag-ispatlanmistir","tag-arastirmacilarindan","tag-devletlerindeki","tag-somurgelesmeyi","tag-konferanslariyla","tag-degerlendiriyorlar","tag-endiseleniyordu","tag-vurguladiginda","tag-cumhuriyetciler","tag-endiselenmemeleri","tag-hatirlatiyorlar","tag-destekleyecekler","tag-fonksiyonlarindan","tag-kapsamadigindan","tag-saldirilarindan","tag-karsilastirildigi","tag-kurumlastirilan","tag-hiristiyanlari","tag-kaybedilebilecegi","tag-olamayacagindan","tag-hareketlerinin","tag-motivasyonlariyla","tag-baskanlarindan","tag-filistinlilere","tag-sorusturmalarinda","tag-baslatilmasini","tag-politikalarinin","tag-gelistirilmistir","tag-cumhuriyetinde","tag-elestirilerine","tag-gerceklestirelim","tag-duzeltmelerini","tag-kullanilmistir","tag-sahiplenmiyorlar","tag-gostermelerini"],"_links":{"self":[{"href":"https:\/\/www.millicozum.com\/mc\/wp-json\/wp\/v2\/posts\/1354","targetHints":{"allow":["GET"]}}],"collection":[{"href":"https:\/\/www.millicozum.com\/mc\/wp-json\/wp\/v2\/posts"}],"about":[{"href":"https:\/\/www.millicozum.com\/mc\/wp-json\/wp\/v2\/types\/post"}],"author":[{"embeddable":true,"href":"https:\/\/www.millicozum.com\/mc\/wp-json\/wp\/v2\/users\/13"}],"replies":[{"embeddable":true,"href":"https:\/\/www.millicozum.com\/mc\/wp-json\/wp\/v2\/comments?post=1354"}],"version-history":[{"count":0,"href":"https:\/\/www.millicozum.com\/mc\/wp-json\/wp\/v2\/posts\/1354\/revisions"}],"wp:attachment":[{"href":"https:\/\/www.millicozum.com\/mc\/wp-json\/wp\/v2\/media?parent=1354"}],"wp:term":[{"taxonomy":"category","embeddable":true,"href":"https:\/\/www.millicozum.com\/mc\/wp-json\/wp\/v2\/categories?post=1354"},{"taxonomy":"post_tag","embeddable":true,"href":"https:\/\/www.millicozum.com\/mc\/wp-json\/wp\/v2\/tags?post=1354"}],"curies":[{"name":"wp","href":"https:\/\/api.w.org\/{rel}","templated":true}]}}