{"id":1436,"date":"2008-11-24T22:50:16","date_gmt":"2008-11-24T22:50:16","guid":{"rendered":"https:\/\/www.millicozum.com\/mc\/2008\/11\/24\/tsk-pkkdan-ce-avrupa-ve-ameranin-hedef-ve-ab-glpol-devletkurulmak-tenmekted\/"},"modified":"2008-11-24T22:50:16","modified_gmt":"2008-11-24T22:50:16","slug":"tsk-pkkdan-once-avrupa-ve-amerikanin-hedefidir-ve-ab-gudumlu-polis-devleti-kurulmak-istenmektedir","status":"publish","type":"post","link":"https:\/\/www.millicozum.com\/mc\/2008\/aralik-2008\/tsk-pkkdan-once-avrupa-ve-amerikanin-hedefidir-ve-ab-gudumlu-polis-devleti-kurulmak-istenmektedir\/","title":{"rendered":"TSK, PKKDAN \u00d6NCE AVRUPA VE AMER\u0130KA&#8217;NIN HEDEF\u0130D\u0130R! VE AB G\u00dcD\u00dcML\u00dc POL\u0130S DEVLET\u0130 KURULMAK \u0130STENMEKTED\u0130R"},"content":{"rendered":"<p><strong>&quot;Taraf&quot; tetik\u00e7isinden Vakit m\u00fcsveddesine, \u0131l\u0131ml\u0131 \u0130slamc\u0131 s\u00fcpr\u00fcnt\u00fclerden, sabataist-mason sosyalistlere; GKB \u0130lker Ba\u015fbu\u011f&#39;un ifadesiyle:\u00a0 &quot;Akt\u00fct\u00fcn sald\u0131r\u0131s\u0131n\u0131, PKK&#39;n\u0131n zaferi, TSK&#39;n\u0131n ise zafiyeti&quot; \u015feklinde g\u00f6steren t\u00fcm malum ve mel&#39;un kesimlerin hepsinin, bu cesaretlerini bizzat Yahudi Lobilerinden ve d\u0131\u015f g\u00fc\u00e7lerden ald\u0131klar\u0131 kesinlik kazan\u0131yor. <\/strong><br \/>  <strong>\u00a0<\/strong><\/p>\n<p> <strong>Bak\u0131n\u0131z, AB Uyum Tasla\u011f\u0131&#39;nda \u00f6n\u00fcm\u00fczdeki 4 y\u0131l i\u00e7inde AKP H\u00fck\u00fcmeti&#39;nin yapmay\u0131 planlad\u0131\u011f\u0131 de\u011fi\u015fiklikler yer al\u0131yor. Taslak&#39;ta TSK ve y\u00fcksek yarg\u0131 hedef al\u0131n\u0131rken, ulusal ekonominin tamamen tasfiye edilece\u011fi AB&#39;ye taahh\u00fct ediliyor. Yap\u0131lmas\u0131 planlanan de\u011fi\u015fiklikler yeni yasama d\u00f6neminde birer birer TBMM g\u00fcndemine haz\u0131rlan\u0131yor.<\/strong><\/p>\n<p> <strong>AKP H\u00fck\u00fcmeti, Avrupa Birli\u011fi&#39;ne taahh\u00fct etti\u011fi de\u011fi\u015fiklikleri \u00f6ng\u00f6ren gayr\u0131 milli &quot;Ulusal Program Tasla\u011f\u0131&quot;n\u0131 haz\u0131rlam\u0131\u015f bulunuyor. Tasla\u011f\u0131n \u00f6nemli bir b\u00f6l\u00fcm\u00fc T\u00fcrk Silahl\u0131 Kuvvetleri&#39;ni hedef alan taahh\u00fctlerle dolu. Taslak&#39;ta Uluslararas\u0131 Ceza Divan\u0131&#39;na \u00fcyelik \u00f6ng\u00f6r\u00fcl\u00fcyor. Bu \u00fcyelik TSK&#39;n\u0131n ter\u00f6rle m\u00fccadelesini sekteye u\u011fratmay\u0131 hedefliyor. Uluslararas\u0131 Ceza Divan\u0131 s\u00f6zle\u015fmesinin imzalanmas\u0131 durumunda, T\u00fcrk Silahl\u0131 Kuvvetleri&#39;nin yapt\u0131\u011f\u0131 operasyonlar dahil, PKK ile m\u00fccadelenin bu divana \u015fikayet yolunun a\u00e7\u0131lmas\u0131 ama\u00e7lan\u0131yor. PKK&#39;n\u0131n, Do\u011fu ve G\u00fcneydo\u011fu&#39;daki ter\u00f6rle m\u00fccadelede g\u00f6rev alm\u0131\u015f \u00e7ok say\u0131da komutanla ilgili Ceza Divan\u0131&#39;na ba\u015fvurmak i\u00e7in haz\u0131rl\u0131k yap\u0131ld\u0131\u011f\u0131 belirtiliyor. 1 Temmuz 2002&#39;de kurulan Uluslararas\u0131 Ceza Divan\u0131, d\u00f6rt su\u00e7 t\u00fcr\u00fcne bak\u0131yor: Sava\u015f su\u00e7u, insanl\u0131k su\u00e7u, soyk\u0131r\u0131m su\u00e7u ve sald\u0131r\u0131 su\u00e7u.<\/strong><\/p>\n<p> <strong>B\u00fcy\u00fck tuzak haz\u0131rlan\u0131yor!<\/strong><\/p>\n<p> Milli duygu ve duyarl\u0131l\u0131k ehline g\u00f6re bu Ceza Divan\u0131&#39;na \u00fcyelik giri\u015fimleri alt\u0131nda \u015fu \u015feytanl\u0131klar seziliyor:<\/p>\n<p> a)\u00a0\u00a0 &quot;ABD ve AB yetkileri, \u00fclkemizi b\u00f6lme ama\u00e7lar\u0131 do\u011frultusunda, PKK eylemlerinin daha da yayg\u0131nla\u015fmas\u0131 i\u00e7in desteklerini art\u0131racaklar<\/p>\n<p> b)\u00a0\u00a0 G\u00f6revinin gere\u011fini yapan T\u00fcrk Silahl\u0131 Kuvvetleri mensuplar\u0131n\u0131 ise, Uluslararas\u0131 Ceza Mahkemesi&#39;nde san\u0131k sandalyesine oturtacaklar!<\/p>\n<p> Bu giri\u015fim &quot;Askeri arkadan vurma\u00a0 haz\u0131rl\u0131\u011f\u0131&quot;\u00a0\u00a0 olarak g\u00f6r\u00fcl\u00fcyor.<\/p>\n<p> 1 Haziran 2005 tarihinde AKP&#39;nin oylar\u0131yla kabul edilen yeni T\u00fcrk Ceza Kanunu&#39;nda yap\u0131lan &quot;soyk\u0131r\u0131m su\u00e7u d\u00fczenlemesinin&quot; de bu amaca hizmet etti\u011fi anla\u015f\u0131l\u0131yor.<\/p>\n<p> <strong><em>S\u0131n\u0131r g\u00fcvenli\u011fi polislere verilmeye, ordu etkisizle\u015ftirilmeye \u00e7al\u0131\u015f\u0131l\u0131yor<\/em><\/strong><\/p>\n<p> <strong><em>AB Program Tasla\u011f\u0131&#39;na g\u00f6re s\u0131n\u0131rlarda askerler de\u011fil, &quot;S\u0131n\u0131r polisleri&quot; g\u00f6rev yapacak. AB taraf\u0131ndan &#39;entegre s\u0131n\u0131r politikas\u0131&#39; olarak adland\u0131r\u0131lan bu proje, \u0130\u00e7i\u015fleri Bakanl\u0131\u011f\u0131 ile birlikte y\u00fcr\u00fct\u00fclecek. Proje, kara, deniz ve hava s\u0131n\u0131r g\u00fcvenlik birimlerinin tek bir \u00e7at\u0131 alt\u0131nda toplanmas\u0131n\u0131 ve T\u00fcrkiye s\u0131n\u0131r g\u00fcvenli\u011finin d\u00fczenli \u015fekilde Avrupa Polisi ile irtibatl\u0131 hale gelmesini i\u00e7eriyor. Tasla\u011f\u0131n kabul\u00fc halinde ger\u00e7ekle\u015fecek olan bu proje ile s\u0131n\u0131rlar\u0131n denetimi kademeli olarak askerden al\u0131narak &quot;S\u0131n\u0131r polisi&quot;ne devredilecek. Taslak&#39;ta, yap\u0131lmas\u0131 planlanan yeni uygulamaya g\u00f6re: &quot;T\u00fcrkiye&#39;nin t\u00fcm s\u0131n\u0131r kap\u0131lar\u0131 ile ye\u015fil ve mavi s\u0131n\u0131rlar\u0131nda g\u00f6rev yapmak \u00fczere ve profesyonel bir s\u0131n\u0131r g\u00fcvenlik te\u015fkilat\u0131n\u0131n kurulmas\u0131 \u00f6ng\u00f6r\u00fcl\u00fcyor. 4652 say\u0131l\u0131 Polis Y\u00fcksek \u00d6\u011fretim Kanunu&#39;na istinaden, Polis Akademisi Ba\u015fkanl\u0131\u011f\u0131na ba\u011fl\u0131 bir &quot;s\u0131n\u0131r g\u00fcvenli\u011fi meslek y\u00fcksek okulu&quot; kurulmas\u0131 ve hizmet i\u00e7i e\u011fitim \u00e7al\u0131\u015fmalar\u0131n\u0131n desteklenmesi&quot; hedefleniyor. Proje ayr\u0131ca, &quot;Europol&quot; isimli Avrupa polisinin operasyonlara kat\u0131lmas\u0131na da imk\u00e2n sa\u011flamay\u0131 ama\u00e7l\u0131yor.<\/em><\/strong><\/p>\n<p> <strong><em>Askeri mahkemelerin g\u00f6rev ve yetkileri de\u011fi\u015ftiriliyor<\/em><\/strong><\/p>\n<p> <strong><em>TSK&#39;yi hedef alan planlar sadece bunlarla s\u0131n\u0131rl\u0131 bulunmuyor. Programda, Askeri mahkemelerin g\u00f6rev ve yetkilerinin de\u011fi\u015ftirilmesi de planlan\u0131yor. Bu de\u011fi\u015fiklikler \u015f\u00f6yle ifade ediliyor: &quot;Yap\u0131lacak d\u00fczenlemeler ile askeri mahkemelerin g\u00f6rev ve yetkilerinin demokratik hukuk devletinin gerektirdi\u011fi \u00f6l\u00e7\u00fcler \u00e7er\u00e7evesinde tan\u0131mlanmas\u0131na devam edilecektir.<\/em><\/strong><\/p>\n<p> <strong><em>Bu \u00e7er\u00e7evede; <\/em><\/strong><\/p>\n<p> <strong><em>1-\u00a0\u00a0 Askeri mahkemelerin sadece hak\u00eem s\u0131n\u0131f\u0131ndan \u00fcyelerden olu\u015fmas\u0131,<\/em><\/strong><\/p>\n<p> <strong><em>2-\u00a0\u00a0 Askeri mahkemelerin askeri b\u00f6lge d\u0131\u015f\u0131na \u00e7\u0131kart\u0131lmas\u0131, <\/em><\/strong><\/p>\n<p> <strong><em>3-\u00a0\u00a0 Sivil ki\u015filerin askeri mahkemelerde yarg\u0131lanmas\u0131na engel olunmas\u0131 gerekiyor. AKP b\u00f6ylece askeri mahkemeleri &#39;siville\u015ftirme&#39;yi taahh\u00fct ediyor.<\/em><\/strong><\/p>\n<p> <strong><em>TSK harcamalar\u0131n\u0131 Genel Kurmay yerine Say\u0131\u015ftay&#39;\u0131n yapmas\u0131 sa\u011flan\u0131yor!<\/em><\/strong><\/p>\n<p> <strong><em>Taslak&#39;ta TSK harcamalar\u0131n\u0131n tamamen Say\u0131\u015ftay taraf\u0131ndan yap\u0131lmas\u0131n\u0131n sa\u011flanaca\u011f\u0131 da belirtiliyor. B\u00f6ylece ordu etkisiz ve yetkisiz hale getirilmeye ve k\u00fc\u00e7\u00fck d\u00fc\u015f\u00fcr\u00fclmeye \u00e7al\u0131\u015f\u0131l\u0131yor. \u00dcstelik sinsice, askerle polis aras\u0131na rekabet ve husumet sokularak birbirine kar\u015f\u0131 k\u0131\u015fk\u0131rt\u0131l\u0131yor.<\/em><\/strong><\/p>\n<p> <strong>Barzani&#39;yi ziyaret, K\u00fcrdistan&#39;a resmiyet kazand\u0131r\u0131yor<\/strong><\/p>\n<p> H\u00fck\u00fcmet Irak&#39;a gidiyor. Muhatab\u0131 kim? Barzani&#8230; Barzani&#39;nin Irak&#39;ta d\u00fcnyaca kabul g\u00f6rm\u00fc\u015f resmi bir stat\u00fcs\u00fc var m\u0131? Yok! O zaman Barzani&#39;nin muhatap al\u0131nmas\u0131 uluslar aras\u0131 team\u00fcllere g\u00f6re ne ifade eder? Elinde Mehmet\u00e7i\u011fin kan\u0131 bulunan bu zata resmi kimlik kazand\u0131r\u0131r, tan\u0131nm\u0131\u015f olur. \u0130\u015fte &quot;laf\u0131 ne kadar doland\u0131rsalar da&quot; bu g\u00f6r\u00fc\u015fmenin anlam\u0131 budur. <\/p>\n<p> G\u00f6z\u00fcm\u00fcz\u00fcn \u00f6n\u00fcnde ABD, \u0130ngiltere ve \u0130srail&#39;in projesi uygulamaya konuyor. BOP&#39;a ho\u015f geldiniz (!)&#8230; &quot;G\u0131rnata&#39;y\u0131 teslim eden Ben-i Ahmer Devleti&#39;nin son sultan\u0131na selam olsun(!)&#8230;&quot; <\/p>\n<p> B\u00f6ylece Akt\u00fct\u00fcn bask\u0131n\u0131n\u0131n arkas\u0131nda Barzani&#39;nin, Barzani&#39;nin arkas\u0131nda da ABD&#39;nin oldu\u011fu ortaya \u00e7\u0131kt\u0131. Yan fig\u00fcrleri de unutmayal\u0131m. MOSSAD ve \u0130ngiliz \u0130stihbarat\u0131. Anla\u015f\u0131lan o ki, bu bask\u0131n zamanlamas\u0131 \u00e7ok iyi hesaplanm\u0131\u015f. <\/p>\n<p> Belli ki ABD Irak&#39;tan \u00e7ekilecek. \u00d6zal d\u00f6neminde \u00e7eki\u00e7 g\u00fc\u00e7 ile start verilen proje son a\u015famada. Kuca\u011f\u0131m\u0131zda b\u00fcy\u00fctt\u00fc\u011f\u00fcm\u00fcz, &quot;\u00f6ng\u00f6r\u00fcs\u00fcz siyasiler eli ile&quot; T\u00fcrkiye&#39;ye tehdit haline getirilen Barzani ve Talabani&#39;ye ya\u015fama hakk\u0131 gene T\u00fcrk siyasileri eli ile sa\u011flanacak. <\/p>\n<p> \u0130kiz yasalar bo\u015funa \u00e7\u0131kartt\u0131r\u0131lmad\u0131. Diyarbak\u0131r&#39;da AB taraf\u0131ndan \u0130stinat mahkemeleri binas\u0131 ne ama\u00e7la yap\u0131l\u0131yor? B\u00fct\u00fcn yollar neden &quot;B\u00fcy\u00fck Yahudi K\u00fcrdistan\u0131&quot;na \u00e7\u0131k\u0131yor? <\/p>\n<p> Art\u0131k \u015fu sorunun cevab\u0131n\u0131 bulmal\u0131y\u0131z:&quot;AKP&#39;nin ba\u015f\u0131 iktidar olma u\u011fruna ABD&#39;ye hangi s\u00f6zleri vermi\u015ftir?&quot; <\/p>\n<p> <strong>Asker, Akt\u00fct\u00fcn bask\u0131n\u0131 arkas\u0131ndan neler bekliyordu? <\/strong><\/p>\n<p> Sand\u0131 ki, h\u00fck\u00fcmet art\u0131k baz\u0131 ad\u0131mlar atacakt\u0131r, &quot;PKK ile m\u00fccadele etme yerine, m\u00fcsaade etme&quot; yasalar\u0131n\u0131 g\u00f6zden ge\u00e7irmek zorunda kal\u0131r. Ama \u00f6yle olmad\u0131. Asker gene hayal k\u0131r\u0131kl\u0131\u011f\u0131na u\u011fram\u0131\u015ft\u0131r. Taraf gazetesinin misyonu ne? Ordu&#39;nun itibar\u0131 ile oynamak. Ordudan kim rahats\u0131z? ABD ve birtak\u0131m AKP&#39;liler, Fetullah\u00e7\u0131lar&#8230; Muhalif bas\u0131n bir bir susturulurken, susturmak i\u00e7in ak\u0131l almaz y\u00f6ntemler uygulan\u0131p reklam veren \u015firketler bile k\u0131skaca al\u0131n\u0131rken, Taraf&#39;a neden devlet kurumlar\u0131n\u0131n reklam\u0131 ya\u011fd\u0131r\u0131l\u0131r? Her \u015fey bu kadar a\u00e7\u0131k yap\u0131l\u0131yor iken, bu &quot;Hele g\u00f6relim, biraz daha bekleyelim!&quot; tiyatrosu niye oynan\u0131r? <\/p>\n<p> Belli ki AKP&#39;nin ikbal ve iktidar kar\u015f\u0131l\u0131\u011f\u0131 verilmi\u015f s\u00f6zleri vard\u0131r. <\/p>\n<p> Ge\u00e7mi\u015fte ki teskere maskaral\u0131\u011f\u0131n\u0131 bir hat\u0131rlay\u0131n. Ba\u015fbakan uzun s\u00fcre ayak diredi, sonra kamuoyu bask\u0131s\u0131 ile meclisten teskere \u00e7\u0131kt\u0131. Ard\u0131ndan Kas\u0131mpa\u015fal\u0131, meclis yetkisi ile yetinmeyip &quot;ABD&#39;ye bir gidelim bakal\u0131m&quot; diyerek Bush&#39;dan icazet almaya gitmedi mi? <\/p>\n<p> Ba\u015fbakan&#39;\u0131n anla\u015fma \u015fifreleri bir bir ortaya \u00e7\u0131k\u0131yor. AKP&#39;ye istikrar garantisi kar\u015f\u0131l\u0131\u011f\u0131, Pa\u015falar\u0131n ve ABD-\u0130srail kar\u015f\u0131tlar\u0131n\u0131n tutuklanmas\u0131&quot; \u015fart\u0131 ko\u015fuldu\u011fu anla\u015f\u0131l\u0131yor!? Bunu biz s\u00f6ylemiyoruz, Bilderberg&#39;ci Fehmi Koru s\u00f6yl\u00fcyor. Hem de gayet normal kar\u015f\u0131layarak ve de nerede ise \u00f6v\u00fcnerek azd\u0131r. Tutuklama karar\u0131 Erdo\u011fan-Bush g\u00f6r\u00fc\u015fmesinde al\u0131nd\u0131 ise ve ABD bu tutuklamalar kar\u015f\u0131l\u0131\u011f\u0131nda istihbarat vermeyi kabul etti ise, o zaman, &quot;ABD \u00e7\u0131karlar\u0131na ters d\u00fc\u015fenler tutuklan\u0131yor&quot;? <\/p>\n<p> Bir \u00fclkede insanlar tutuklanabilir. Yarg\u0131 \u00f6n\u00fcne \u00e7\u0131kar, su\u00e7lar\u0131 varsa cezas\u0131n\u0131 \u00e7eker, su\u00e7lar\u0131 yoksa beraat eder. Ancak b\u00f6yle bir karar yabanc\u0131 bir \u00fclke iste\u011fi ile al\u0131n\u0131rsa, bu tutuklamalar &quot;utan\u00e7 vericidir&quot;.\u00a0 Ba\u015fbakan yalanlamad\u0131\u011f\u0131na g\u00f6re, Koru&#39;nun iddias\u0131 do\u011fru oluyor. Pekiii, ABD bu tutuklamalar\u0131 niye talep etti? Kar\u015f\u0131l\u0131\u011f\u0131nda verilen s\u00f6zler nedir? Bir g\u00fcn bu sorular\u0131n cevab\u0131 mutlaka ortaya \u00e7\u0131kacakt\u0131r. <\/p>\n<p> Ba\u015fbakan, &quot;Ordunun her istedi\u011fini verdik&quot; diyor. Neyi vermi\u015f? S\u0131n\u0131r \u00f6tesi harekata onay veremiyor. Askerin operasyon yapabilmek i\u00e7in savc\u0131dan izin almas\u0131 gerekiyor. Bomba ta\u015f\u0131d\u0131\u011f\u0131ndan \u015f\u00fcphelendi\u011fi ki\u015fileri durdurup arama yapam\u0131yor. Ate\u015f edilmesini, yani zayiat vermeyi bekleyip ancak savunma yapma hakk\u0131n\u0131 kullanabiliyor. PKK le\u015flerini toplay\u0131p ailesine teslim ediyor. Ter\u00f6rist cenazeleri belediye ara\u00e7lar\u0131nda ve &quot;biji Apo&quot; sloganlar\u0131 e\u015fli\u011finde g\u00f6m\u00fcl\u00fcyor. Asker \u00f6len ter\u00f6rist say\u0131s\u0131 kadar silah teslime mecbur tutuluyor. Ter\u00f6rist \u00f6l\u00fcs\u00fc 3, silah 2 ise yarg\u0131lan\u0131yor!?. <\/p>\n<p> <strong>&quot;\u015eehit kanlar\u0131 \u00fczerinden siyaset yapmay\u0131n&quot; diyen Ba\u015fbakan, kendisi \u015fehit kanlar\u0131 \u00fczerinden Barzani&#39;ye resmi kimlik haz\u0131rl\u0131yor! <\/strong><\/p>\n<p> Haaa&#8230; bir de \u015fu \u0130\u00e7i\u015fleri Bakan\u0131n\u0131z&#8230;B\u00f6yle bir bakan var m\u0131, yoksa iyi saatte olsunlara m\u0131 kar\u0131\u015ft\u0131(!)?&#8230; Hava Kuvvetleri Komutan\u0131&#39;na &quot;istifa&quot; diyenler, jandarman\u0131n ba\u011fl\u0131 oldu\u011fu Say\u0131n Bakan&#39;\u0131 neden istifaya \u00e7a\u011f\u0131rm\u0131yor? Yoksa b\u00f6yle bir bakan\u0131n oldu\u011fundan sizlerinde mi haberi yok(!)? 1 May\u0131s i\u015f\u00e7i mitinginde polis olmaktan \u00e7\u0131k\u0131p intikam tugay\u0131na d\u00f6n\u00fc\u015fen ve i\u00e7lerinde C\u0130A elemanlar\u0131n\u0131n bile oldu\u011fu s\u00f6ylenen polis vah\u015fetinde neden kimse \u0130\u00e7i\u015fleri Bakan\u0131&#39;n\u0131n istifas\u0131n\u0131 istemedi. <\/p>\n<p> Evet, 16 askeri \u015fehit d\u00fc\u015fm\u00fc\u015f bir komutan\u0131n golf oynamas\u0131 \u015f\u0131k de\u011fildir, ay\u0131pt\u0131r da. Pekiii, \u0130\u00e7i\u015fleri Bakan\u0131&#39;n\u0131n konu mankeni gibi duru\u015fu \u00e7ok mu etiktir? Ayr\u0131ca S\u00fcleymaniye olay\u0131nda Tayyip Bey nerede idi? Nota verecek misiniz diye soranlara &quot;m\u00fczik notas\u0131 m\u0131&quot; diye son derece gayr\u0131 ciddi bir laf eden Tayyip Bey de\u011fil miydi? D\u0131\u015fi\u015fleri Bakan\u0131 G\u00fcl nerede idi? Mant\u0131 m\u0131 yiyordu? K\u0131ymetli AKP&#39;niz \u015fimdi S\u00fcleymaniye tertip\u00e7ileri ile sarma\u015f-dola\u015f de\u011fil mi? Bunlara alk\u0131\u015f tutanlar\u0131n H.K.K.&#39;n\u0131na istifa et demesi sadece ahlaks\u0131zl\u0131kt\u0131r! Biz ne diyoruz? Kimsenin yalakakas\u0131 olmad\u0131\u011f\u0131m\u0131z i\u00e7in Komutan\u0131n da yapt\u0131\u011f\u0131 yanl\u0131\u015f diyoruz. Ke\u015fke asker d\u00fc\u015fmanlar\u0131n\u0131n &quot;la\u011f\u0131ma d\u00f6n\u00fc\u015fm\u00fc\u015f dillerine&quot; bu f\u0131rsat verilmese idi? Bu Soros beslemelerine &quot;olmayan insaf\u0131n\u0131z kurusun e mi&quot; diyorum. <\/p>\n<p> Evet beyler ve bayanlar&#8230; 23 \u015fehidimiz \u00fczerinden Barzani resmi kimlik kazan\u0131yor. Belli ki ABD&#39;nin talebi bu? K\u0131sacas\u0131, Yahudi K\u00fcrdistan\u0131&#39;na giden yolun ta\u015flar\u0131 T\u00fcrk Devletine h\u00fck\u00fcmet edenlerce d\u00f6\u015feniyor. <\/p>\n<p> Ben utan\u0131yorum&#8230; Kimlerden mi? <\/p>\n<p> \u015eehitlerimizden, gazilerimizden, \u00c7anakkale&#39;de yatanlardan&#8230; Topra\u011f\u0131n kara ba\u011fr\u0131nda, s\u0131ra da\u011flar gibi duranlardan&#8230; Kurtulu\u015f Sava\u015f\u0131&#39;n\u0131n son darbesi olan B\u00fcy\u00fck Taarruz&#39;da Gazi Mustafa Kemal Pa\u015fa&#39;ya verdi\u011fi s\u00f6z\u00fc yerine getiremedi\u011fi i\u00e7in intihar eden Miralay Re\u015fat Bey&#39;den&#8230; Do\u011fmam\u0131\u015f \u00e7ocuklar\u0131m\u0131zdan&#8230; Bu teslimiyet\u00e7i, bu m\u0131ym\u0131nt\u0131 ruhtan ve bunlar\u0131 seyredip destekleyen herkesten utan\u0131yorum&#8230;<a name=\"_ftnref1\" href=\"#_ftn1\" title=\"_ftnref1\">[1]<\/a> <\/p>\n<p> Fransa eki ba\u015fkan\u0131 ve ba\u015fmason Michel Rocad&#39;a g\u00f6re:<\/p>\n<p> &quot;T\u00fcrkiye, AB&#39;nin hayat sigortas\u0131&quot; say\u0131l\u0131yor!<\/p>\n<p> Eski bir Frans\u0131z ba\u015fbakan\u0131 i\u00e7in olduk\u00e7a ileri s\u00f6zler bunlar. Frans\u0131zlar\u0131n neredeyse y\u00fczde 80&#39;i T\u00fcrkiye&#39;nin m\u00fcstakbel AB \u00fcyeli\u011fine itiraz ederken, 1988-1991 y\u0131llar\u0131 aras\u0131nda ba\u015fbakanl\u0131k yapm\u0131\u015f olan Michel Rocard, b\u00fct\u00fcn Fransa&#39;y\u0131 tahrik eden &quot;T\u00fcrkiye&#39;ye Evet&quot; kitab\u0131n\u0131 yaz\u0131yor.<\/p>\n<p> Eyl\u00fcl ay\u0131 ba\u015f\u0131nda yay\u0131nlanan ve kuvvetli bir \u015fekilde &#39;tam \u00fcyeli\u011fi&#39; savunan kitap, Fransa&#39;n\u0131n AB d\u00f6nem ba\u015fkan\u0131 oldu\u011fu bir d\u00f6nemde yay\u0131nlan\u0131rken kamuoyundaki tart\u0131\u015fmalar\u0131 k\u00f6r\u00fckl\u00fcyor. &quot;T\u00fcrkiye&#39;ye ili\u015fkin muazzam bilgi eksikli\u011fi \u00fczerine kitab\u0131 yazmaya karar verdim.&quot; diyen Rocard, AB&#39;nin gelece\u011finin T\u00fcrkiye&#39;den ge\u00e7ti\u011fini s\u00f6ylemekle yetinmiyor, T\u00fcrkiye&#39;nin &#39;ya\u015fl\u0131 k\u0131tan\u0131n&#39; hayat sigortas\u0131 oldu\u011funun alt\u0131n\u0131 \u00e7iziyor. Yani psikolojik ve ekonomik y\u00f6nden \u00e7\u00f6z\u00fclen ve \u00e7\u00f6ken Avrupa, T\u00fcrkiye&#39;yi i\u00e7ine al\u0131p kullanabilirse Siyonist ve emperyalist s\u00f6m\u00fcr\u00fc saltanat\u0131n\u0131n devam edece\u011fini s\u00f6yl\u00fcyor. M\u00fcnaf\u0131k Zaman Gazetesi de bunu man\u015fetten \u00f6verek veriyor.<\/p>\n<p> Avrupa Parlamentosu&#39;ndaki ofisinde Zaman&#39;a konu\u015fan eski Ba\u015fbakan; ekonomi, n\u00fcfus, ortak d\u0131\u015f politika, \u0130slam \u00e2lemi ile ili\u015fkiler ve enerji kaynaklar\u0131n\u0131n Avrupa&#39;ya g\u00fcvenli ula\u015f\u0131m\u0131 i\u00e7in T\u00fcrkiye&#39;nin \u00fcyeli\u011fini \u015fart g\u00f6r\u00fcyor. Fransa Cumhurba\u015fkan\u0131 Sarkozy&#39;nin T\u00fcrkiye ile m\u00fczakereleri durdurmaya te\u015febb\u00fcs dahi edemeyece\u011fini kaydeden Rocard, b\u00f6yle bir hamlenin hem Sarkozy&#39;nin kendi kabinesinde mukavemet g\u00f6rece\u011fini hem de AB&#39;yi &#39;fel\u00e7 edece\u011fini&#39; d\u00fc\u015f\u00fcn\u00fcyor. Rocard&#39;a g\u00f6re \u0130slam \u00e2lemi ile sa\u011fl\u0131kl\u0131 ili\u015fkiler kurabilmenin yani s\u00f6m\u00fcrebilmenin tek yolu T\u00fcrkiye&#39;nin \u00fcyeli\u011finden ge\u00e7iyor. Tarih olarak da 2023&#39;\u00fc veriyor, Cumhuriyet&#39;in kurulu\u015funun 100. y\u0131ld\u00f6n\u00fcm\u00fcn\u00fc \u00f6nemsiyor. <\/p>\n<p> T\u00fcrkiye&#39;de ordunun zay\u0131flat\u0131l\u0131p, polisin g\u00fc\u00e7l\u00fc k\u0131l\u0131nmas\u0131 da onun i\u00e7in \u00f6nemli say\u0131l\u0131yor.<\/p>\n<p> Kamil Ye\u015fil&#39;in do\u011fru tespitiyle: T\u00fcrkiye tarihi bir karar a\u015famas\u0131nda ve yol ayr\u0131m\u0131nda bulunuyor!<\/p>\n<p> <em>&quot;\u015eunu a\u00e7\u0131k\u00e7a itiraf etmemiz ve g\u00f6n\u00fclden kabul etmemiz isteniyor: T\u00fcrkiye bu haliyle b\u0131rak\u0131lmayacak. Ya? T\u00fcrkiye ya b\u00fcy\u00fcyecek ya k\u00fc\u00e7\u00fclecek; ama bu haliyle kesinlikle b\u0131rak\u0131lmayacak. Kuzey Irak&#39;ta kurulacak bir K\u00fcrt devletinin BOP i\u00e7ine al\u0131nmas\u0131 ve Musul-Kerk\u00fck&#39;\u00fcn buraya d\u00e2hil edilmesi ve b\u00fct\u00fcn bunlara T\u00fcrkiye&#39;nin vaziyet etmesi &quot;T\u00fcrkiye&#39;nin b\u00fcy\u00fcmesi demek&quot; onlara g\u00f6re. Bunun i\u00e7in de siyasal yap\u0131n\u0131n de\u011fi\u015ftirilmesi, yeni Anayasa ve Ba\u015fkanl\u0131k sistemi vs. gerekli. Arkas\u0131ndan DTP&#39;nin seslendirdi\u011fi \u00f6zerklik devreye girecek. T\u00fcrkiye eyalet sistemine ge\u00e7ecek ve b\u00f6ylece T\u00fcrkiye&#39;nin s\u0131n\u0131rlar\u0131 Musul&#39;u, Kerk\u00fck&#39;\u00fc hatta Kuzey Irak&#39;\u0131 i\u00e7ine alacak \u015fekilde geni\u015fleyecek.<\/em><\/p>\n<p> <em>E\u011fer T\u00fcrkiye bunu yapmazsa alt yaz\u0131 T\u00fcrkiye&#39;nin k\u00fc\u00e7\u00fclece\u011fini s\u00f6yl\u00fcyormu\u015f. Yerel y\u00f6netimlerin yetkisinin art\u0131r\u0131lmas\u0131, k\u00fclt\u00fcrel ve toplumsal haklar, \u00f6zerk y\u00f6netim vs. bu ba\u011flamda zikrediliyor. Bug\u00fcn anl\u0131yoruz ki Kenan Evren&#39;in &quot;Asmay\u0131p da hapishanede besleyelim mi?&quot; s\u00f6ylemine kar\u015f\u0131 \u00e7\u0131kanlar\u0131n gerek\u00e7esi su\u00e7luluk, su\u00e7suzluk, insan haklar\u0131 ve adalet filan de\u011fil; d\u00fcped\u00fcz bu g\u00fcnler ge\u00e7er ve nas\u0131l olsa bir yol bulunur, bir af ile o insanlar serbest kal\u0131r d\u00fc\u015f\u00fcncesiymi\u015f. Evet, T\u00fcrkiye&#39;de mutlaka bir yolunun bulunarak katillerin, canilerin, vatan hainlerinin, \u00e7etelerin, tecav\u00fczc\u00fclerin bir g\u00fcn serbest b\u0131rak\u0131laca\u011f\u0131na dair hep bir umut(!), bir beklenti vard\u0131r ve bu beklenti bug\u00fcn hem A\u011fca&#39;y\u0131 hem &quot;bebek katili \u0130mral\u0131 sakini&quot; ve onlar\u0131n taraftarlar\u0131 i\u00e7in ge\u00e7erlidir.<\/em><\/p>\n<p> <em>H\u0131ncal Ulu\u00e7&#39;un, Akt\u00fct\u00fcn bask\u0131n\u0131 sebebiyle genelkurmaya y\u00f6neltti\u011fi &quot;\u0130\u00e7inde af olmayan bir \u00e7\u00f6z\u00fcm teklifiniz var m\u0131?&quot; sorusunun p\u00fcf noktas\u0131 bu a\u00e7\u0131klamam\u0131z ile ilgili i\u015fte. Bundan b\u00f6yle \u0130mral\u0131&#39;da eleba\u015f\u0131n\u0131n aff\u0131, hatta siyasete giri\u015fi vs. konu\u015fulacaksa bu, T\u00fcrkiye&#39;deki hukukun ve Anayasa&#39;n\u0131n alt yaz\u0131l\u0131 bir hukuk ve anayasa oldu\u011fundan ba\u015fka bir anlama gelmez. Peki, bu ne demek? T\u00fcrkiye&#39;yi otuz, k\u0131rk y\u0131l s\u00fcrecek bir anar\u015fi ve ter\u00f6r ortam\u0131na s\u00fcr\u00fcklerseniz, sonunda mutlaka amac\u0131n\u0131za ula\u015f\u0131rs\u0131n\u0131z. K\u00fcrt-\u00e7\u00fc-ler bunu ba\u015fard\u0131, ey di\u011fer etnik ve dini gruplar, siz de ba\u015farabilirsiniz, demek. Bir bask\u0131n olay\u0131 bu kadar \u00e7ok anlama gelebilir mi? Hukuk alt yaz\u0131l\u0131 olursa gelir, daha fazlas\u0131 da vard\u0131r. <\/em><\/p>\n<p> <em>\u00c7areyi uzaklarda araman\u0131n bir anlam\u0131 yok. \u00d6nce \u015fu alt yaz\u0131l\u0131 hukuk ve demokrasiden kurtulal\u0131m, alt yaz\u0131l\u0131 ter\u00f6r de ona ba\u011fl\u0131 olarak bitecektir.&quot;<\/em><\/p>\n<p> Yasemin \u00c7ongar, niye Taraf&#39;a transfer oluyordu?<\/p>\n<p> &quot;Yasemin \u00c7ongar, Hudson&#39;\u0131n internet sitesinde yay\u0131nlanan bir raporu Milliyet&#39;te haber yapt\u0131\u011f\u0131nda T\u00fcrkiye kar\u0131\u015fm\u0131\u015ft\u0131. \u0130\u015f Genelkurmay&#39;\u0131n \u00c7ongar&#39;\u0131n gazetecili\u011fini k\u0131namaya kadar varm\u0131\u015ft\u0131.<\/p>\n<p> O zamanlar &quot;\u00c7ongar&#39;\u0131n muhabirlik enerjisiyle bu i\u015fi yapt\u0131\u011f\u0131n\u0131, k\u0131naman\u0131n yak\u0131\u015f\u0131ks\u0131z oldu\u011funu&quot; d\u00fc\u015f\u00fcn\u00fcyordum, bunu da yazm\u0131\u015ft\u0131m.<\/p>\n<p> \u00d6nceki g\u00fcn Georgetown&#39;da bir masada bu konu yeniden a\u00e7\u0131ld\u0131\u011f\u0131nda Hudson haberi hakk\u0131nda ba\u015fka geli\u015fmeler ortaya \u00e7\u0131kt\u0131.<\/p>\n<p> Amerikal\u0131 kayna\u011f\u0131m &quot;O haber biraz T\u00fcrkiye&#39;de Ordu&#39;yu y\u0131pratmak i\u00e7in kullan\u0131ld\u0131 anlad\u0131\u011f\u0131m kadar\u0131yla&quot; dedi, &quot;Haberin sunumu, i\u00e7eri\u011fi, \u00f6ne \u00e7\u0131kart\u0131lan bilgiler adeta \u00f6zel olarak belli bir amaca hizmet ediyordu.&quot;<\/p>\n<p> Konuyu biraz daha ara\u015ft\u0131rd\u0131\u011f\u0131mda \u015fu ilgin\u00e7 bilgiyle kar\u015f\u0131la\u015ft\u0131m: O g\u00fcn AKP&#39;nin Amerika k\u00f6kenli \u00fcyesi Egemen Ba\u011f\u0131\u015f, T\u00fcrk gazetelerinin temsilcilerini teker teker arayarak haberin nas\u0131l verilmesi gerekti\u011fini dikte etmi\u015f. Ancak baz\u0131lar\u0131 direnmi\u015f elbette.<\/p>\n<p> Milliyet gazetesi, o s\u00fcre\u00e7te temsilcileri \u00c7ongar&#39;\u0131n tamamen arkas\u0131nda durdu. Savunma yapmas\u0131na f\u0131rsat tan\u0131d\u0131, Genelkurmay&#39;\u0131n sert \u00e7\u0131k\u0131\u015f\u0131na ra\u011fmen gazeteciyi harcamad\u0131. K\u0131sacas\u0131 do\u011fru olan\u0131 ve yak\u0131\u015fan\u0131 yapt\u0131.<\/p>\n<p> Ancak \u00c7ongar&#39;\u0131n Milliyet&#39;ten ayr\u0131lmas\u0131 da bu d\u00f6nemden sonraya denk geldi. \u00c7ongar&#39;\u0131n T\u00fcrkiye&#39;ye d\u00f6nme gerek\u00e7esini sordu\u011fumda, o d\u00f6nem bir arkada\u015f\u0131 bana &quot;Milliyet arkas\u0131nda durmad\u0131&quot; demi\u015fti. \u015ea\u015f\u0131rm\u0131\u015ft\u0131m, \u00e7\u00fcnk\u00fc Milliyet bir gazete \u00e7al\u0131\u015fan\u0131na nas\u0131l sahip \u00e7\u0131kmas\u0131 gerektiyse o \u015fekilde sahip \u00e7\u0131km\u0131\u015ft\u0131. <\/p>\n<p> O y\u00fczden de T\u00fcrkiye&#39;ye d\u00f6n\u00fc\u015f karar\u0131 Milliyet&#39;le ilgili de\u011fil, \u00c7ongar&#39;\u0131n kafas\u0131ndaki misyonla ilgili olmal\u0131yd\u0131.<\/p>\n<p> Solcu gelenekten gelen ve her zaman Ordu kar\u015f\u0131t\u0131 olan liberal bir isim \u00c7ongar. <\/p>\n<p> Ancak benim kafamdaki yapbozu tamamlayan Hudson haberinin &quot;askeri y\u0131pratmak i\u00e7in kullan\u0131ld\u0131\u011f\u0131&quot; teorisiyle Taraf&#39;\u0131n yay\u0131nlar\u0131n\u0131n tamam\u0131n\u0131n, hatta tek amac\u0131n\u0131n &quot;askeri y\u0131pratmak i\u00e7in&quot; oldu\u011fu ger\u00e7e\u011finin birle\u015fmesi ve uyu\u015fmas\u0131yd\u0131. <\/p>\n<p> O zaman haberini TSK&#39;y\u0131 y\u0131pratmak amac\u0131yla yazd\u0131\u011f\u0131 s\u00f6ylenen, bu y\u00fczden Genelkurmay taraf\u0131ndan k\u0131nanan \u00c7ongar \u015fimdi sadece Genelkurmay&#39;\u0131 y\u0131pratmak i\u00e7in \u00e7\u0131kan Taraf&#39;\u0131n \u00fcst d\u00fczey y\u00f6neticili\u011fine atanm\u0131\u015ft\u0131.<\/p>\n<p> Peki motivasyon ne? Yasemin \u00c7ongar neyi ama\u00e7lam\u0131\u015ft\u0131?<\/p>\n<p> Para m\u0131? Yasemin \u00c7ongar&#39;\u0131n sadece para i\u00e7in b\u00f6yle bir \u015fey yapaca\u011f\u0131na inanmak yan\u0131lt\u0131c\u0131yd\u0131.<\/p>\n<p> Amerika&#39;n\u0131n \u00e7\u0131karlar\u0131 m\u0131? Ancak unutmamak gerekir ki tek bir Amerika da yok; farkl\u0131 kurumlar\u0131n farkl\u0131 g\u00fcndemleri, planlar\u0131 vard\u0131. Yasemin \u00c7ongar hangi Amerika&#39;n\u0131n adam\u0131yd\u0131?<\/p>\n<p> CIA&#39;de \u00e7al\u0131\u015fm\u0131\u015f kocas\u0131ndan m\u0131 etkilenmi\u015f olmaktayd\u0131? Yoksa evle i\u015f hayat\u0131n\u0131 ay\u0131racak kadar profesyonel san\u0131lmaktayd\u0131.&quot;<\/p>\n<p> Evet evet, TSK d\u00fc\u015fmanl\u0131\u011f\u0131yla malum Taraf gazetesinin ba\u015f\u0131na oturtulan kocas\u0131 CIA ajan\u0131 Yasemin \u00c7ongar&#39;\u0131n mutlaka bir motivasyonu ve misyonu vard\u0131!..<\/p>\n<p> &quot;Ter\u00f6rle b\u00f6ylesi m\u00fccadele eden hangi \u00fclkede kendisine ayd\u0131n diyebilen insanlar Ordu&#39;ya b\u00f6ylesi bir sava\u015f a\u00e7abilirdi? Ter\u00f6rle m\u00fccadele edecek, T\u00fcrkiye&#39;yi koruyacak tek kurumu y\u0131pratman\u0131n anlam\u0131 neydi?<\/p>\n<p> Ancak \u00e7ok b\u00fcy\u00fck bir g\u00fc\u00e7 buna izin veriyorsa, &quot;Ordu&#39;ya kar\u015f\u0131 sava\u015fa cesaret edilebilirdi? Sadece direktifle.<\/p>\n<p> Bu yaz G\u00fcng\u00f6ren&#39;de bomba patlad\u0131\u011f\u0131nda \u015funu merak etmi\u015ftim:<\/p>\n<p> &quot;Acaba G\u00fcng\u00f6ren&#39;deki patlama ve bundan sonra olabilecek ba\u015fka eylemler, ba\u015fka ter\u00f6r olaylar\u0131 T\u00fcrkiye halk\u0131 \u00fczerinde bir &#8216;\u015fok&#39; yaratmak i\u00e7in tasarlanm\u0131\u015f olabilir mi?&quot;<\/p>\n<p> T\u00fcrkiye&#39;nin kritik d\u00f6nemecinde hi\u00e7bir olay\u0131 birbirinden ba\u011f\u0131ms\u0131z d\u00fc\u015f\u00fcnmek m\u00fcmk\u00fcn g\u00f6r\u00fcnm\u00fcyor \u00e7\u00fcnk\u00fc. <\/p>\n<p> &quot;(&#8230;) Ergenekon davas\u0131n\u0131n T\u00fcrkiye&#39;nin yeni d\u00fcnya d\u00fczenindeki yerinin yeniden \u015fekillendirilmesiyle ilgili oldu\u011fu tezine bu gibi ter\u00f6r olaylar\u0131 cuk oturuyor. Bu dava, T\u00fcrkiye&#39;nin \u0130ran&#39;la sava\u015fa girme ihtimalinden, T\u00fcrk Silahl\u0131 Kuvvetleri&#39;nin ter\u00f6rle tavizsiz m\u00fccadelesinden, artan petrol fiyatlar\u0131ndan ba\u011f\u0131ms\u0131z m\u0131?&quot;<\/p>\n<p> Ba\u011f\u0131ms\u0131z de\u011fil elbette. D\u00fcn\u00fcn sorular\u0131na, bug\u00fcn bir ek daha yapmak istiyorum. Soru-cevapla devam edelim: <\/p>\n<p> PKK sadece T\u00fcrkiye&#39;nin bir i\u00e7 meselesi mi?<\/p>\n<p> T\u00fcrkiye&#39;deki d\u00fczeni y\u0131kmak i\u00e7in da\u011flara ka\u00e7\u0131p \u00f6rg\u00fcte kat\u0131lanlardan ibaret de\u011fil PKK art\u0131k. \u00c7ok daha b\u00fcy\u00fck bir plan\u0131n par\u00e7as\u0131 olarak kullan\u0131lan, Ortado\u011fu&#39;daki yeni \u015fekillendirmeyle ilgili. Bir de buna yurti\u00e7indeki psikolojik sava\u015f\u0131 ekleyelim. Bu psikolojik sava\u015f\u0131n mimarlar\u0131n\u0131 \u00e7\u00f6zd\u00fc\u011f\u00fcm\u00fczde, PKK&#39;n\u0131n yeni yap\u0131s\u0131n\u0131 ve \u00fczerinde oynanan oyunlar\u0131 da anlamak kolayla\u015facakt\u0131r.<\/p>\n<p> Ahmet Altan&#39;\u0131n tetik\u00e7ili\u011finde yay\u0131nlanan propaganda b\u00fclteni neden radikal dinci Vakit&#39;le ayn\u0131 man\u015feti att\u0131?<\/p>\n<p> \u0130kisi de T\u00fcrk Ordusu&#39;nu y\u0131pratmak i\u00e7in emir al\u0131yor \u00e7\u00fcnk\u00fc.<\/p>\n<p> Hedefte neden T\u00fcrk Silahl\u0131 Kuvvetleri var?<\/p>\n<p> \u00c7\u00fcnk\u00fc T\u00fcrk Ordusu, &quot;Yeni d\u00fcnya d\u00fczeni&quot;ne, ba\u011f\u0131ms\u0131z K\u00fcrdistan&#39;a, B\u00fcy\u00fck Ortado\u011fu Projesi&#39;ne kar\u015f\u0131 \u00e7\u0131kan tek kurum T\u00fcrkiye&#39;de. Ba\u015fka b\u00fct\u00fcn kaleler d\u00fc\u015ft\u00fc<\/p>\n<p> Peki Taraf gazetesi neden \u00e7\u0131k\u0131yor?<\/p>\n<p> Psikolojik harpte &quot;inand\u0131r\u0131c\u0131&quot; gibi g\u00f6r\u00fcnen bir propaganda b\u00fclteni eksikli\u011finden. \u0130slamc\u0131 gazetelerin neye hizmet etti\u011fi biliniyor, Taraf&#39;\u0131n ise s\u00f6zde &quot;ba\u011f\u0131ms\u0131z&quot; bir imaj\u0131 var. Ancak \u0130slamc\u0131lar taraf\u0131ndan finanse edildi\u011fi \u00e7ok a\u00e7\u0131k. Cemaat&#39;e yak\u0131n. Zaten att\u0131\u011f\u0131 man\u015fetler de Vakit ve Zaman&#39;la ortak.<a name=\"_ftnref2\" href=\"#_ftn2\" title=\"_ftnref2\">[2]<\/a><\/p>\n<p> Son Not: Recep T. Erdo\u011fan&#39;a:<\/p>\n<p> &quot;TSK e\u011fitimsiz ve yetersiz oldu\u011fundan PKK ile ba\u015fa \u00e7\u0131kam\u0131yor. Bu nedenle \u00d6zel Polis Te\u015fkilat\u0131n\u0131n ter\u00f6r m\u00fccadelesini ve hatta t\u00fcm s\u0131n\u0131r g\u00fcvenli\u011fini devralmas\u0131 gerekiyor!&quot; diyen Bat\u0131l\u0131 dostlar\u0131na ve yerli u\u015faklar\u0131na kar\u015f\u0131l\u0131k Genel Kurmay Ba\u015fkan\u0131 ve bakanlar\u0131n\u0131 E\u011fridir Komando Okuluna g\u00f6t\u00fcr\u00fcp Mehmet\u00e7i\u011fin marifet ve meziyetlerini g\u00f6sterdi.. Hepsinin a\u011f\u0131zlar\u0131 u\u00e7uklam\u0131\u015f gibiydi..<\/p>\n<p> Eh, herhalde, Diyarbak\u0131r&#39;a z\u0131rhl\u0131 panzer i\u00e7inde ancak girebilen, be\u015f vilayetten gelen takviye birlikler, helikopterler ve \u00e7ifter \u00e7ifter z\u0131rhl\u0131 Mercedesler himayesinde, \u015fehre 5 km uzakl\u0131ktaki memur ve polis mahallesine u\u011fray\u0131p, Tunceli&#39;nin i\u00e7ine bile giremeyen, Van ve Hakkari&#39;de \u00e7elik yelekler giyerek bile sokaklarda y\u00fcr\u00fcyemeyen kahraman Recebimiz, herhalde TSK&#39;n\u0131n g\u00fcc\u00fcn\u00fc art\u0131k \u00f6\u011frenmi\u015f olmas\u0131 gerekirdi.<\/p>\n<p> <\/p>\n<hr \/>\n<p> <a name=\"_ftn1\" href=\"#_ftnref1\" title=\"_ftn1\">[1]<\/a> Zahide U\u00e7ar \/ internetajans.com<\/p>\n<p> <a name=\"_ftn2\" href=\"#_ftnref2\" title=\"_ftn2\">[2]<\/a> 09.10.2008 \/ Oray E\u011fin \/Ak\u015fam <\/p>\n","protected":false},"excerpt":{"rendered":"<p><strong>&quot;Taraf&quot; tetik\u00e7isinden Vakit m\u00fcsveddesine, \u0131l\u0131ml\u0131 \u0130slamc\u0131 s\u00fcpr\u00fcnt\u00fclerden, sabataist-mason sosyalistlere; GKB \u0130lker Ba\u015fbu\u011f&#39;un ifadesiyle:\u00a0 &quot;Akt\u00fct\u00fcn sald\u0131r\u0131s\u0131n\u0131, PKK&#39;n\u0131n zaferi, TSK&#39;n\u0131n ise zafiyeti&quot; \u015feklinde g\u00f6steren t\u00fcm malum ve mel&#39;un kesimlerin hepsinin, bu cesaretlerini bizzat Yahudi Lobilerinden ve d\u0131\u015f g\u00fc\u00e7lerden ald\u0131klar\u0131 kesinlik kazan\u0131yor. <\/strong> <\/p>\n","protected":false},"author":26,"featured_media":0,"comment_status":"open","ping_status":"closed","sticky":false,"template":"","format":"standard","meta":{"footnotes":""},"categories":[90],"tags":[],"class_list":["post-1436","post","type-post","status-publish","format-standard","hentry","category-aralik-2008"],"_links":{"self":[{"href":"https:\/\/www.millicozum.com\/mc\/wp-json\/wp\/v2\/posts\/1436","targetHints":{"allow":["GET"]}}],"collection":[{"href":"https:\/\/www.millicozum.com\/mc\/wp-json\/wp\/v2\/posts"}],"about":[{"href":"https:\/\/www.millicozum.com\/mc\/wp-json\/wp\/v2\/types\/post"}],"author":[{"embeddable":true,"href":"https:\/\/www.millicozum.com\/mc\/wp-json\/wp\/v2\/users\/26"}],"replies":[{"embeddable":true,"href":"https:\/\/www.millicozum.com\/mc\/wp-json\/wp\/v2\/comments?post=1436"}],"version-history":[{"count":0,"href":"https:\/\/www.millicozum.com\/mc\/wp-json\/wp\/v2\/posts\/1436\/revisions"}],"wp:attachment":[{"href":"https:\/\/www.millicozum.com\/mc\/wp-json\/wp\/v2\/media?parent=1436"}],"wp:term":[{"taxonomy":"category","embeddable":true,"href":"https:\/\/www.millicozum.com\/mc\/wp-json\/wp\/v2\/categories?post=1436"},{"taxonomy":"post_tag","embeddable":true,"href":"https:\/\/www.millicozum.com\/mc\/wp-json\/wp\/v2\/tags?post=1436"}],"curies":[{"name":"wp","href":"https:\/\/api.w.org\/{rel}","templated":true}]}}