{"id":1476,"date":"2008-12-29T22:07:02","date_gmt":"2008-12-29T22:07:02","guid":{"rendered":"https:\/\/www.millicozum.com\/mc\/2008\/12\/29\/ne-bilsin\/"},"modified":"2008-12-29T22:07:02","modified_gmt":"2008-12-29T22:07:02","slug":"ne-bilsin","status":"publish","type":"post","link":"https:\/\/www.millicozum.com\/mc\/2009\/ocak-2009\/ne-bilsin\/","title":{"rendered":"NE B\u0130LS\u0130N"},"content":{"rendered":"<p>Tarlaya tohum ekmeyen<\/p>\n<p>Topra\u011fa fidan dikmeyen<\/p>\n<p>Meyvenin kahr\u0131n \u00e7ekmeyen<\/p>\n<p>Dal\u0131n k\u0131ymetin ne bilsin..<\/p>\n<p>Az helaldan, haz almayan<\/p>\n<p>Ayet, hadis; baz almayan<\/p>\n<p>Ter d\u00f6k\u00fcp te, kazanmayan<\/p>\n<p>Mal\u0131n k\u0131ymetin, ne bilsin&#8230;<\/p>\n<p> <\/p>\n<p>Kalbi iman dolmay\u0131nca<\/p>\n<p>Havfullah&#8217;la solmay\u0131nca<\/p>\n<p>At\u0131 sakat olmay\u0131nca<\/p>\n<p>Nal\u0131n k\u0131ymetin ne bilsin&#8230;<\/p>\n<p> <\/p>\n<p>Gurur kibirde birinci<\/p>\n<p>San\u0131r kendini, bir inci<\/p>\n<p>Be\u011fenmez etli pirinci<\/p>\n<p>Yal\u0131n k\u0131ymetin ne bilsin&#8230;<\/p>\n<p>Ger\u00e7ek dost, ne b\u00fcy\u00fck nimet<\/p>\n<p>Nasihat\u0131n bil, ganimet<\/p>\n<p>Be\u015f kuru\u015fa eden minnet<\/p>\n<p>Hal&#8217;in k\u0131ymetin ne bilsin&#8230;<\/p>\n<p> <\/p>\n<p>A\u015fk g\u00f6l\u00fcne dalmam\u0131\u015fsa<\/p>\n<p>G\u00f6nl\u00fcn Dost&#8217;a salmam\u0131\u015fsa<\/p>\n<p>Yal\u0131n, \u00e7\u0131plak kalmam\u0131\u015fsa<\/p>\n<p>\u015eal\u0131n k\u0131ymetin ne bilsin<\/p>\n<p> <\/p>\n<p>Zikre girmemi\u015f, halkayla<\/p>\n<p>Derde d\u00fc\u015fmemi\u015f, halk\u0131yla<\/p>\n<p>Bo\u011fu\u015fmam\u0131\u015fsa, dalgayla<\/p>\n<p>Sal\u0131n k\u0131ymetin ne bilsin&#8230;<\/p>\n<p> <\/p>\n<p>Vahdet s\u0131rr\u0131na yetmeyen<\/p>\n<p>Allah davas\u0131 g\u00fctmeyen<\/p>\n<p>Ar\u0131ya hizmet etmeyen<\/p>\n<p>Bal\u0131n k\u0131ymetin ne bilsin<\/p>\n","protected":false},"excerpt":{"rendered":"<p>Tarlaya tohum ekmeyen<\/p>\n<p>Topra\u011fa fidan dikmeyen<\/p>\n<p>Meyvenin kahr\u0131n \u00e7ekmeyen<\/p>\n<p>Dal\u0131n k\u0131ymetin ne bilsin..<\/p>\n","protected":false},"author":41,"featured_media":0,"comment_status":"open","ping_status":"closed","sticky":false,"template":"","format":"standard","meta":{"footnotes":""},"categories":[91],"tags":[],"class_list":["post-1476","post","type-post","status-publish","format-standard","hentry","category-ocak-2009"],"_links":{"self":[{"href":"https:\/\/www.millicozum.com\/mc\/wp-json\/wp\/v2\/posts\/1476","targetHints":{"allow":["GET"]}}],"collection":[{"href":"https:\/\/www.millicozum.com\/mc\/wp-json\/wp\/v2\/posts"}],"about":[{"href":"https:\/\/www.millicozum.com\/mc\/wp-json\/wp\/v2\/types\/post"}],"author":[{"embeddable":true,"href":"https:\/\/www.millicozum.com\/mc\/wp-json\/wp\/v2\/users\/41"}],"replies":[{"embeddable":true,"href":"https:\/\/www.millicozum.com\/mc\/wp-json\/wp\/v2\/comments?post=1476"}],"version-history":[{"count":0,"href":"https:\/\/www.millicozum.com\/mc\/wp-json\/wp\/v2\/posts\/1476\/revisions"}],"wp:attachment":[{"href":"https:\/\/www.millicozum.com\/mc\/wp-json\/wp\/v2\/media?parent=1476"}],"wp:term":[{"taxonomy":"category","embeddable":true,"href":"https:\/\/www.millicozum.com\/mc\/wp-json\/wp\/v2\/categories?post=1476"},{"taxonomy":"post_tag","embeddable":true,"href":"https:\/\/www.millicozum.com\/mc\/wp-json\/wp\/v2\/tags?post=1476"}],"curies":[{"name":"wp","href":"https:\/\/api.w.org\/{rel}","templated":true}]}}