{"id":1554,"date":"2009-05-23T06:10:51","date_gmt":"2009-05-23T06:10:51","guid":{"rendered":"https:\/\/www.millicozum.com\/mc\/2009\/05\/23\/mardin-mazidagi-katliami-ve-idam-cezasi\/"},"modified":"2009-05-23T06:10:51","modified_gmt":"2009-05-23T06:10:51","slug":"mardin-mazidagi-katliami-ve-idam-cezasi","status":"publish","type":"post","link":"https:\/\/www.millicozum.com\/mc\/2009\/haziran-2009\/mardin-mazidagi-katliami-ve-idam-cezasi\/","title":{"rendered":"MARD\u0130N MAZIDA\u011eI KATL\u0130AMI VE \u0130DAM CEZASI"},"content":{"rendered":"<p><strong>Mardin Maz\u0131da\u011f\u0131 il\u00e7esine ba\u011fl\u0131 bir k\u00f6y d\u00fc\u011f\u00fcn\u00fcn\u00fc bas\u0131p, istedikleri k\u0131z\u0131n niye kendilerini de\u011fil de ba\u015fkalar\u0131na verildi\u011fi gerek\u00e7esiyle; \u00e7ocuk, kad\u0131n, bebekler ve namaz\u0131n\u0131 k\u0131lan erkekler dahil 45 ki\u015finin vah\u015fice katledilmesinin as\u0131l su\u00e7lular\u0131 ve as\u0131las\u0131 sorumlular\u0131, toplumu uhrevi d\u00fc\u015f\u00fcnce ve endi\u015feden ve manevi- ahlaki de\u011ferlerden uzakla\u015ft\u0131r\u0131p canavarla\u015ft\u0131ran bu dengesiz d\u00fczen ve bu AB&#8217;ci zihniyettir.<\/strong><\/p>\n<p><strong>Bu katliam; dininden uzakla\u015ft\u0131r\u0131lan, \u00e7a\u011fda\u015fl\u0131k ve kalk\u0131nman\u0131n \u00f6n\u00fcndeki en b\u00fcy\u00fck engelin \u0130slam oldu\u011fu kafalar\u0131na kaz\u0131nan ve s\u00fcrekli k\u0131\u015fk\u0131rt\u0131larak bask\u0131 alt\u0131na al\u0131n\u0131p intikam duygusuyla doldurulan bir halk\u0131n, cinnet ge\u00e7irmesi ve cinayet makinesine d\u00f6n\u00fc\u015fmesinin resmidir.<\/strong><\/p>\n<p><strong>\u015e\u0131h&#8217;\u0131n \u00e7irkin plan\u0131n\u0131 K\u00fcrt\u00e7e bilen er bozdu<\/strong><\/p>\n<p>Mardin&#8217;in Maz\u0131da\u011f\u0131 \u0130l\u00e7esi Bilge K\u00f6y\u00fc&#8217;nde 45 ki\u015finin katledildi\u011fi sald\u0131r\u0131n\u0131n ard\u0131ndan yeni ayr\u0131nt\u0131lar ortaya \u00e7\u0131km\u0131\u015ft\u0131. Tutuklulardan &#8216;\u015e\u0131h Mehmet&#8217; lakapl\u0131 Mehmet \u00c7elebi&#8217;nin sald\u0131r\u0131 \u00f6ncesi adamlar\u0131na &#8216;K\u00f6yde tavuk bile sa\u011f kalmas\u0131n&#8217; diye talimat verdi\u011fi ve yakaland\u0131ktan sonra konulduklar\u0131 nezarethanede sald\u0131r\u0131y\u0131 bir ki\u015finin \u00fcstlenmesi telkininde bulundu\u011fu anla\u015f\u0131lm\u0131\u015ft\u0131.<\/p>\n<p>\u00c7elebi&#8217;nin nezarethanede tutulduklar\u0131 s\u0131rada adamlar\u0131na K\u00fcrt\u00e7e konu\u015fup, sald\u0131r\u0131y\u0131 1 ki\u015finin \u00fcstlenmesi y\u00f6n\u00fcnde telkinde bulunarak, &#8220;K\u00f6kleri kurudu, 8-9 ki\u015fi kald\u0131. Olan oldu, kimse pani\u011fe kap\u0131lmas\u0131n. Herkes so\u011fukkanl\u0131 olsun. \u0130\u00e7eri silahl\u0131 sadece 1 ki\u015finin girdi\u011fi \u015feklinde hem savc\u0131ya, hem de askere ifade verin. Olay\u0131 1 ki\u015fi \u00fcstlensin&#8221; dedi\u011fi, ama sahte \u015feyhin s\u00f6zlerini Diyarbak\u0131rl\u0131 olan ve K\u00fcrt\u00e7e bilen n\u00f6bet\u00e7i erin bu konu\u015fmalar\u0131 komutanlar\u0131na bildirmesi \u00fczerine planlar\u0131 yar\u0131m kalm\u0131\u015ft\u0131. Bu durum ger\u00e7ek \u0130slam&#8217;dan uzakla\u015fman\u0131n ve yozla\u015fman\u0131n ac\u0131 sanc\u0131lar\u0131yd\u0131<\/p>\n<p>Tutuklanan 10 ki\u015finin, sorgu s\u0131ras\u0131nda olduk\u00e7a sakin olduklar\u0131 ve kendi aralar\u0131nda g\u00fcl\u00fcp \u015fakala\u015ft\u0131klar\u0131 \u015fa\u015fk\u0131nl\u0131k yaratm\u0131\u015ft\u0131. Bu kadar rahat olmalar\u0131 nedeniyle zanl\u0131lardan uyu\u015fturucu testi i\u00e7in kan al\u0131nm\u0131\u015ft\u0131.<\/p>\n<p>Kanl\u0131 bask\u0131nda 387 adet bo\u015f kovan bulundu\u011fu vurgulanm\u0131\u015ft\u0131.<\/p>\n<p><strong>B\u00f6lgenin bir \u00e7ocu\u011fu olan Ali Bula\u00e7 bile bu ger\u00e7ekleri itiraf etmekte, ama kahrolas\u0131 makam ve mans\u0131p h\u0131rs\u0131yla, olay\u0131n AB ve ABD boyutunu ketmedip gizlemeye yeltenmekteydi: <\/strong><\/p>\n<p><strong>Zenk\u0131rt Katliam\u0131 <\/strong><\/p>\n<p><em>&#8220;Mardin Bilge k\u00f6y\u00fcne (Zenk\u0131rt) ba\u011fl\u0131 K\u0131rk\u00e7e\u015fme (\u00c7elkani) mevkiinde ger\u00e7ekle\u015ftirilen katliam insan kan\u0131n\u0131 donduracak mahiyettedir. Olay\u0131n ger\u00e7ekle\u015fti\u011fi mevki bir piknik ve mesire yeridir. <\/em><\/p>\n<p><em>5 km yak\u0131n\u0131nda bulunan Sultan\u015feyhmus&#8217;un (\u015eeyh Musa) kabri g\u00fcn\u00fcn her saatinde ziyaret\u00e7ileri eksik de\u011fildir. B\u00f6lgenin her yerinden insanlar gelip burada kurban keserek dua etmekte ve dinlenmektedir. B\u00f6yle bir mek\u00e2nda b\u00f6yle bir katliam\u0131n ger\u00e7ekle\u015ftirilmi\u015f olmas\u0131 endi\u015fe vericidir. Demek ki katliam\u0131 yapanlar\u0131n kutsala sayg\u0131lar\u0131 imani ve \u0130slami duygular\u0131 k\u00f6rlenmi\u015ftir. Olmad\u0131\u011f\u0131n\u0131 iki noktadan daha anl\u0131yoruz: <\/em><\/p>\n<p><em>1) \u00d6ld\u00fcrd\u00fckleri \u015fah\u0131slar toplu halde yats\u0131 namazlar\u0131n\u0131 eda etmektedir. Ankara&#8217;dan yeni tayin edilmi\u015f imam\u0131n arkas\u0131nda namaz k\u0131lan erkekler, kad\u0131nlar ve \u00e7ocuklar ac\u0131mas\u0131zca kur\u015funa dizilmi\u015ftir. \u0130slam gelene\u011finde ibadethanelere sald\u0131r\u0131lmad\u0131\u011f\u0131 gibi, ibadet s\u0131ras\u0131nda da kimseye sald\u0131r\u0131lmas\u0131 tam bir d\u00fcnyevile\u015ftirme ve dinsizle\u015ftirme alametidir. <\/em><\/p>\n<p><em>2) Bu katliamda \u0130slam bak\u0131\u015f a\u00e7\u0131s\u0131ndan i\u015flenen di\u011fer b\u00fcy\u00fck su\u00e7 6&#8217;s\u0131 \u00e7ocuk 17&#8217;si kad\u0131n ve i\u00e7lerinde \u00e7ok say\u0131da ya\u015fl\u0131 insan olmak \u00fczere 45 insan\u0131n \u00f6ld\u00fcr\u00fclmesidir. K\u00f6y\u00fcn erkeklerinin b\u00fcy\u00fck bir b\u00f6l\u00fcm\u00fc korucu oldu\u011fundan g\u00f6revleri i\u00e7in n\u00f6bettedir. <\/em><\/p>\n<p><em>Fakat elbette en b\u00fcy\u00fck su\u00e7 (ve c\u00fcr\u00fcm), \u015fu veya bu husumetten dolay\u0131 bunca insan\u0131n katledilmesidir. Demek ki bu katliam\u0131 g\u00f6z\u00fcn\u00fc k\u0131rpmadan ger\u00e7ekle\u015ftirenlerin din umurlar\u0131nda de\u011fildir. Olay\u0131n ekranlara d\u00fc\u015fmesinden itibaren ayd\u0131nlanmac\u0131lar, b\u00f6lgenin nas\u0131l a\u011f\u0131r bir &#8220;t\u00f6re ve namus bask\u0131s\u0131&#8221; alt\u0131nda inledi\u011fini, &#8220;feodal ili\u015fki ve yap\u0131lar&#8221;\u0131n devam edip bu gibi katliamlara sebebiyet verdi\u011fini anlatmaya; hemen arkas\u0131ndan b\u00f6lgeye daha otoriter ve emredici modernizasyon politikalar\u0131yla m\u00fcdahale edilmesi gerekti\u011fini s\u00f6ylemeye giri\u015fmi\u015flerdir. Oysa hakikatte b\u00f6lgeyi bu hale getiren tam da bu \u00f6nerilen &#8220;\u00e7\u00f6z\u00fcm&#8221;den ba\u015fkas\u0131 de\u011fildir. <\/em><\/p>\n<p><em>Bu katliam, farkl\u0131 din m\u00fcntesipleri, farkl\u0131 etnik gruplar aras\u0131nda olmad\u0131; aksine ayn\u0131 dinden, ayn\u0131 kabileden ve ayn\u0131 k\u00f6kenden insanlar aras\u0131nda meydana gelmi\u015ftir. Serf-seny\u00f6r ili\u015fkisinin olmad\u0131\u011f\u0131 b\u00f6lgede feodaliteden de s\u00f6z edilemez, bunu iddia etmek yayg\u0131n cehalettir. T\u00f6re ve namus cinayetlerinin varl\u0131\u011f\u0131 ger\u00e7ektir, ama t\u00f6re ve namus cinayetleri tek ba\u015f\u0131na olup bitenleri a\u00e7\u0131klamaya yetmiyor. <\/em><\/p>\n<p><em>B\u00f6lge yak\u0131n tarihte kendi kaderine terk edilmi\u015f; insanlar k\u00fclt\u00fcrel ve ekonomik olarak mahrumiyetler i\u00e7inde ya\u015fam\u0131\u015f; ikna olmad\u0131klar\u0131 bir d\u00fcnya g\u00f6r\u00fc\u015f\u00fcne ve hayat tarz\u0131na mecbur edilmi\u015flerdir. Bunlar yetmiyorken b\u00f6lge 1984&#8217;ten bu yana 40 bin \u00f6ld\u00fcrme hadisesine sahnedir. 17.500 faili me\u00e7hul cinayetten, yak\u0131lan veya sakinleri g\u00f6\u00e7e zorlanan 3 bin k\u00f6yden s\u00f6z edilmektedir. A\u015f\u0131r\u0131 yoksulluk, e\u011fitim, sa\u011fl\u0131k ve altyap\u0131n\u0131n yetersizli\u011fi, gen\u00e7lerin-k\u00f6ylerin Korucu ve PKK olarak b\u00f6l\u00fcnmesi b\u00f6lgenin sadece iktisadi yap\u0131s\u0131n\u0131 de\u011fil, be\u015feri yap\u0131s\u0131n\u0131 da \u00e7\u00f6kertmi\u015ftir. \u2018D\u00fc\u015fman ancak imha edilerek cezaland\u0131r\u0131labilir&#8217; k\u00fclt\u00fcr\u00fc, m\u00fccadele ve rekabetin esas\u0131 haline getirilmi\u015ftir. Din bask\u0131 alt\u0131nda sindirilmi\u015f, b\u00f6lgenin alimleri, \u015feyhleri itibardan d\u00fc\u015f\u00fcr\u00fclm\u00fc\u015f vaziyettedir.&#8217;<a name=\"_ftnref1\" href=\"#_ftn1\" title=\"_ftnref1\"><strong>[1]<\/strong><\/a><\/em><\/p>\n<p><strong> Zaman Gazetesi 6 May\u0131s 2009 Sh. 1&#8217;te &#8220;Ter\u00f6r s\u00fcs\u00fc vermek i\u00e7in \u00e7ocuklar\u0131 da katlettiler&#8221; ba\u015fl\u0131kl\u0131 yaz\u0131s\u0131nda:<\/strong><\/p>\n<p><strong>Mardin&#8217;de ni\u015fan yapan evi basarak 45 ki\u015fiyi \u00f6ld\u00fcren canavarlar silahlar\u0131 ile birlikte ele ge\u00e7irilmi\u015fti. Ge\u00e7mi\u015fi 20 y\u0131ll\u0131k bir husumete dayanan katliamda ilgin\u00e7 bir geli\u015fme dikkat \u00e7ekmi\u015fti: Kar maskeli sald\u0131rganlar\u0131n, kad\u0131n ve \u00e7ocuklar\u0131 ve namaz k\u0131lan masum insanlar\u0131 ter\u00f6r s\u00fcs\u00fc vermek i\u00e7in \u00f6ld\u00fcrd\u00fckleri belirlenmi\u015f ve Ergenekoncular PKK&#8217;y\u0131 k\u0131\u015fk\u0131rt\u0131yor s\u00fcs\u00fc verilmek istenmi\u015fti.&#8221;<\/strong><\/p>\n<p><strong>Ve ayn\u0131 g\u00fcn Fetullah\u00e7\u0131 ve TSK&#8217;ya sald\u0131rma f\u0131rsat\u00e7\u0131s\u0131 Zaman yazar\u0131 Mehmet Kam\u0131\u015f, Maz\u0131da\u011f\u0131 katliam\u0131n\u0131n su\u00e7unu bile ordunun \u00fczerine y\u0131kma al\u00e7akl\u0131\u011f\u0131na tevess\u00fcl etmekte ve PKK&#8217;y\u0131 aklama yoluna gitmekteydi:<\/strong><\/p>\n<p><strong><em>&#8220;Toplumsal travma ya da ter\u00f6r <\/em><\/strong><\/p>\n<p><em>D\u00fcn Milliyet gazetesinde Hasan Cemal&#8217;in Murat Karay\u0131lan ile yap\u0131lan g\u00f6r\u00fc\u015fmesi yay\u0131nland\u0131. Karay\u0131lan&#8217;\u0131n s\u00f6yledikleri bir hayli ilgin\u00e7ti. &#8220;Art\u0131k kan d\u00f6k\u00fcls\u00fcn istemiyoruz. \u00d6ncelik silahlar\u0131n susmas\u0131d\u0131r. Diyalogla i\u015fe ba\u015flayal\u0131m, silah b\u0131rakma ise bundan sonraki a\u015fama olabilir&#8221; diyor. Karay\u0131lan, diyalogun ilk adresi olarak \u0130mral\u0131&#8217;y\u0131 g\u00f6steriyor. Bunun kabul edilmemesi halinde ikinci adresin kendileri oldu\u011funu s\u00f6yl\u00fcyor ve ekliyor: &#8220;Bizi de kabul etmiyorlarsa siyasal olarak se\u00e7ilmi\u015f iradedir (Yani DTP). Bu da olmuyorsa akil adamlardan ortak bir komisyon kurulur.<\/em><\/p>\n<p><em>Karay\u0131lan&#8217;\u0131n s\u00f6yledikleri hakikaten ilgin\u00e7! Bu s\u00f6zler \u00f6ncelikle; PKK&#8217;n\u0131n silahl\u0131 m\u00fccadele etmek istemedi\u011fini \u00e7ok a\u00e7\u0131k dille ifade etmesi a\u00e7\u0131s\u0131ndan \u00f6nemli. \u0130kincisi, anla\u015fmak i\u00e7in de dayatmaya varan bir \u00f6n \u015fart\u0131 yok. \u00d6zetle, \u2018\u0130mranl\u0131&#8217;y\u0131 tan\u0131m\u0131yorsan\u0131z beni, beni tan\u0131m\u0131yorsan\u0131z DTP&#8217;yi, DTP&#8217;yi tan\u0131m\u0131yorsan\u0131z da bir akil adamlar komisyonunu muhatap al\u0131n.&#8217; diyor. As\u0131l \u00f6nemlisi de 10 askerin \u015fehit edilmesi konusuna sahip \u00e7\u0131km\u0131yor. Bu olaydan \u00fcz\u00fcnt\u00fc duydu\u011funu ifade ediyor. \u0130nce bir diplomasiyle, \u2018bunu ba\u015fka birileri yapt\u0131&#8217; demiyor ama onu demeye getiriyor.&#8221; <a name=\"_ftnref2\" href=\"#_ftn2\" title=\"_ftnref2\"><strong>[2]<\/strong><\/a><\/em><strong> <\/strong>z\u0131rvalar\u0131yla; PKK canavar\u0131 Murat Karay\u0131lan&#8217;la, Fetullah\u00e7\u0131lar\u0131n olaya ayn\u0131 a\u00e7\u0131dan bakt\u0131klar\u0131n\u0131 g\u00f6stermekteydi.<\/p>\n<p><strong>Bu katliamla koruculuk aras\u0131nda ba\u011f kurmak kas\u0131tl\u0131d\u0131r ve yan\u0131lt\u0131c\u0131d\u0131r!<\/strong><\/p>\n<p>Genelkurmay Ba\u015fkanl\u0131\u011f\u0131&#8217;nda yap\u0131lan haftal\u0131k ola\u011fan bas\u0131n bilgilendirme toplant\u0131s\u0131nda konu\u015fan Genelkurmay Ba\u015fkanl\u0131\u011f\u0131 \u0130leti\u015fim Daire Ba\u015fkan\u0131 Tu\u011fgeneral Metin G\u00fcrak, &#8220;Mardin&#8217;in Bilge k\u00f6y\u00fcnde meydana gelen olay\u0131n tam bir vah\u015fet oldu\u011funu ve hi\u00e7bir insani de\u011ferle izah edilmeyece\u011fini&#8221; vurgulam\u0131\u015ft\u0131.<\/p>\n<p>Bir gazetecinin &#8220;koruculuk sistemine ili\u015fkin tart\u0131\u015fmalar\u0131 Genelkurmay Ba\u015fkanl\u0131\u011f\u0131&#8217;n\u0131n nas\u0131l de\u011ferlendirdi\u011fini&#8221; sormas\u0131 \u00fczerine G\u00fcrak, \u015funlar\u0131 hat\u0131rlatm\u0131\u015ft\u0131:<\/p>\n<p>&#8220;Konu yarg\u0131ya intikal etmi\u015ftir. Yarg\u0131n\u0131n bu insanl\u0131k d\u0131\u015f\u0131 olay\u0131n faillerini bularak cezaland\u0131raca\u011f\u0131na inan\u0131yoruz. Ancak, buradaki olayla koruculuk kurumu aras\u0131nda bir ba\u011f kurularak, korucular\u0131n kurumsal olarak ve bir b\u00fct\u00fcn olarak sorumlu g\u00f6sterilmeye \u00e7al\u0131\u015f\u0131lmas\u0131n\u0131 \u00f6n yarg\u0131l\u0131 ve yanl\u0131\u015f bir uygulama olarak de\u011ferlendiriyoruz.&#8221;<\/p>\n<p>Buna ra\u011fmen Cumhurba\u015fkan\u0131 Abdullah G\u00fcl&#8217;\u00fcn: &#8220;Koruculuk sistemi g\u00f6zden ge\u00e7irilebilir&#8221; s\u00f6zleri kafalar\u0131 kar\u0131\u015ft\u0131rm\u0131\u015ft\u0131. Acaba koruculuk sistemini tasfiye i\u00e7in mi bu cinayet k\u0131\u015fk\u0131rt\u0131lm\u0131\u015ft\u0131? Hem PKK&#8217;n\u0131n s\u00f6zc\u00fcs\u00fc Ahmet T\u00fcrk, hem de Bat\u0131l\u0131 dostlar\u0131n\u0131z bu koruculuktan niye bu kadar rahats\u0131zd\u0131?<\/p>\n<p><strong>\u0130dam cezas\u0131n\u0131 kald\u0131rmak, katillere arka \u00e7\u0131kmakt\u0131r<\/strong><\/p>\n<p><strong>Oysa bize g\u00f6re, canavarlar\u0131 bile tiksindiren bu t\u00fcr katliamlara, ordumuza ve sivil halk\u0131m\u0131za y\u00f6nelik PKK sald\u0131r\u0131lar\u0131na cesaret kazand\u0131ran en \u00f6nemli bo\u015fluk, &#8220;idam cezas\u0131n\u0131n kald\u0131r\u0131lmas\u0131 sonucu, herkesin her yapt\u0131\u011f\u0131n\u0131n yan\u0131na kar kalaca\u011f\u0131n\u0131 bilmeleri ve kendi evlerinden ve da\u011fdaki \u00e7ilelerinden \u00e7ok daha elveri\u015fli birka\u00e7 y\u0131ll\u0131k cezaevi tatilinden sonra serbest kal\u0131p, kahraman gibi dola\u015facaklar\u0131n\u0131 d\u00fc\u015f\u00fcnmeleri&#8221;dir.<\/strong><\/p>\n<p><strong>Acaba Zamanc\u0131lar, Fetullah\u00e7\u0131lar, AB hayranlar\u0131 ve AKP \u015fak\u015fak\u00e7\u0131lar\u0131, Il\u0131ml\u0131 \u0130slamc\u0131 hocalar\u0131 Ali Bula\u00e7&#8217;\u0131n Kur&#8217;an Meali&#8217;ndeki \u015fu ayetleri niye hi\u00e7 g\u00fcndeme getirmemektedir? Yoksa bunlar\u0131n da m\u0131 zaman\u0131, \u00f6nem ve anlam\u0131 ge\u00e7mi\u015f, lafz\u0131 Kur&#8217;an&#8217;da\u00a0 kald\u0131\u011f\u0131 halde h\u00fckm\u00fc neshedilmi\u015ftir?!<\/strong><\/p>\n<p><strong>Ey M\u00fcnaf\u0131klar ve inkarc\u0131 kafalar! Siz ha\u015fa Allah&#8217;tan daha adil ve daha ak\u0131ll\u0131, Hz. Peygamber&#8217;den daha ahlakl\u0131 ve \u015fefkatli olabilece\u011finizi san\u0131p sap\u0131tmakla Esfel&#8217;es-Safilin&#8217;e d\u00fc\u015f\u00fcp \u015eeytana \u015fakirtlik etmektesiniz.<\/strong><\/p>\n<p><strong><em>\u0130\u015fte o ayetler:<\/em><\/strong><\/p>\n<p><strong><em>&#8221; E\u011fer (su\u00e7u ve sorumlulu\u011fu sabit birisine) ceza verecekseniz; size verilen cezan\u0131n (ailenize, Devletinize ve Milletinize yap\u0131lan sald\u0131r\u0131 ve haks\u0131zl\u0131\u011f\u0131na) misliyle (su\u015fluyu cayd\u0131racak, ma\u011fdurun zararlar\u0131n\u0131 kar\u015f\u0131layacak \u015fekilde) ceza verin.&#8221; (Nahl, 126)<\/em><\/strong><\/p>\n<p><strong><em>&#8221; Ey iman edenler(me\u015fru savunma mecburiyeti ve hukuk d\u00fczenini koruma g\u00f6revi olmaks\u0131z\u0131n, kasden ve taamm\u00fcden)\u00f6ld\u00fcr\u00fclenlerin(cezas\u0131 olarak, katillere uygulanmak \u00fczere) size k\u0131sas yaz\u0131ld\u0131 (farz k\u0131l\u0131nd\u0131).&#8221; <\/em><\/strong><\/p>\n<p><strong><em>&#8221; Ey temiz vicdan ve akl-\u0131 selim sahipleri, k\u0131sasta sizin i\u00e7in hayat (huzur ve emniyet garantisi) vard\u0131r .(Haks\u0131z yere masum insanlar\u0131 katledenlerin de \u00f6ld\u00fcr\u00fclmeleri, cayd\u0131r\u0131c\u0131 cinayetlerin \u00f6n\u00fcn\u00fc al\u0131c\u0131 bir ceza olarak emredildi.)Umulur ki (katliam ve devlete isyandan) sak\u0131n\u0131rs\u0131n\u0131z.&#8221; (Bakara 178-179)<\/em><\/strong><\/p>\n<p><strong><em>\u00c7\u00fcnk\u00fc;<\/em><\/strong><\/p>\n<p><strong><em>&#8220;\u2018&#8230;Kim bir nefsi (herhangi bir ki\u015fiyi kasten) bir ba\u015fka kimseye veya \u00fclkesindeki fesat (ve anar\u015fiye) kar\u015f\u0131l\u0131k olmaks\u0131z\u0131n (\u015feytani d\u00fcrt\u00fclerle ve haks\u0131z yere) \u00f6ld\u00fcr\u00fcrse, sanki b\u00fct\u00fcn insanlar\u0131 \u00f6ld\u00fcrm\u00fc\u015f gibidir.&#8221;&#8216; (Maide, 32)<\/em><\/strong><\/p>\n<p><strong><em>Ayeti, ayn\u0131 zamanda; &#8220;haks\u0131z, dayanaks\u0131z ve devlet ad\u0131na g\u00f6revli ve yetkili olmaks\u0131z\u0131n, bir kimseyi katledebilen canilerin, serbest b\u0131rak\u0131lmas\u0131 ve f\u0131rsat bulmas\u0131 halinde daha pek \u00e7ok insan\u0131 da rahatl\u0131kla \u00f6ld\u00fcrebileceklerine ve bu nedenle asla ya\u015fat\u0131lmamalar\u0131 gerekti\u011fine&#8221; i\u015faret etmektedir.<\/em><\/strong><\/p>\n<p>\u015eimdi AB \u00f6yle istiyor gerek\u00e7esiyle; Irak&#8217;ta, Bosna&#8217;da, Filistin topraklar\u0131nda, Afrika&#8217;da, \u00c7e\u00e7enya&#8217;da y\u00fcz binlerce masum M\u00fcsl\u00fcman\u0131n soyk\u0131r\u0131m\u0131na g\u00f6z yuman sahte &#8220;\u0130nsan Haklar\u0131 Mahkemeleri&#8221; b\u00f6yle emrediyor diye, T\u00fcrkiye&#8217;de idam cezas\u0131n\u0131 Kald\u0131ranlar ve bunu &#8220;\u00e7a\u011fda\u015fla\u015fmada \u00f6nemli bir a\u015fama&#8221; olarak alk\u0131\u015flayanlar, Mardin Maz\u0131da\u011f\u0131&#8217;ndaki korkun\u00e7 katliam\u0131n perde arkas\u0131 sorumlular\u0131 yerindedir.<\/p>\n<p>Morrison S\u00fcleyman Demirel&#8217;den, Turgut \u00d6zal&#8217;a ve Mesut Y\u0131lmaz&#8217;a, Ecevit&#8217;inden Deniz Baykal&#8217;\u0131na, Recep T. Erdo\u011fan&#8217;\u0131ndan sivil ve asker b\u00fcrokratlar\u0131na herkes; do\u011fal ve sosyal adalet yasalar\u0131n\u0131n ge\u00e7erli sayd\u0131\u011f\u0131 Ku&#8217;ran-\u0131 Kerim&#8217;in de &#8220;Hayat ve huzur sigortas\u0131&#8221; olarak gerekli k\u0131ld\u0131\u011f\u0131 &#8220;su\u00e7u sabit olan katillerin idam edilmesi&#8221; h\u00fckm\u00fcn\u00fc, haddini a\u015farak \u00e7a\u011fd\u0131\u015f\u0131 say\u0131p kald\u0131ranlar, hepiniz bug\u00fcne kadar PKK sald\u0131r\u0131lar\u0131yla \u015fehit d\u00fc\u015fen asker ve polislerimizin ve Maz\u0131da\u011f\u0131&#8217;ndaki gibi 45 de\u011fil 45 binlerin mazlumen katledilmelerinin vicdan azab\u0131 i\u00e7inde k\u0131vranman\u0131z gerekir. Hem, o tap\u0131nd\u0131\u011f\u0131n\u0131z ve hizmet karl\u0131\u011f\u0131n\u0131 \u015feref sayd\u0131\u011f\u0131n\u0131z Amerika&#8217;n\u0131zdan daha m\u0131 ak\u0131ll\u0131s\u0131n\u0131z? ki onlar bile idam cezas\u0131n\u0131 uygularken sizin \u00e7a\u011fda\u015fla\u015f\u0131p, katilleri otel gibi cezaevlerinde beslemeniz ay\u0131p de\u011fil midir?<\/p>\n<p>Ve de, ey Atat\u00fcrk\u00e7\u00fcl\u00fck kisvesine s\u0131\u011f\u0131narak Ba\u015fbakanlar\u0131 15 Ocak 2004 tarihinde &#8220;Hasan Tahsin Bilgi Merkezi&#8221;ne \u00e7a\u011f\u0131r\u0131p<\/p>\n<ul>\n<li>28 \u015eubat&#8217;\u0131n, Aziz Milletimizin mayas\u0131 olan \u0130slami dirili\u015f ve d\u00fc\u015f\u00fcnceyi bo\u011fmay\u0131 hedefleyen hukuksuz kararlar\u0131n\u0131n uygulanmas\u0131n\u0131 bekleyen,<\/li>\n<li>Bu haks\u0131z ve dayanaks\u0131z kararlar\u0131 yok h\u00fckm\u00fcnde bildiren &#8220;Milli G\u00f6r\u00fc\u015f Genelgesinin&#8221; geri \u00e7ekilmesini isteyen,<\/li>\n<li>T\u00fcrban\u0131n kamusal alana yay\u0131lma tehlikesine(!) dikkat \u00e7eken,<\/li>\n<li>Kur&#8217;an Kurslar\u0131 Y\u00f6netmeli\u011fi&#8217;nden duyduklar\u0131 rahats\u0131zl\u0131klar\u0131 dile getiren,<\/li>\n<li>\u0130mam Hatip Mezunlar\u0131n\u0131n \u00fcniversiteye girme yolunu Y\u00d6K Yasas\u0131&#8217;ndan \u015fiddetle ele\u015ftiren <strong>Baz\u0131 Kahraman Pa\u015falar!<\/strong><\/li>\n<\/ul>\n<p>Siz bizzat Milletimizle ve \u0130slamiyet&#8217;le sava\u015ft\u0131\u011f\u0131n\u0131z\u0131, bu tavr\u0131n\u0131zla toplumu AKP iktidar\u0131n\u0131n ve din istismarc\u0131lar\u0131n\u0131n kuca\u011f\u0131na att\u0131\u011f\u0131n\u0131z\u0131 ve bir g\u00fcn bunu fark eden asil Milletimizin kahr\u0131ndan sizlerin de kurtulamayaca\u011f\u0131n\u0131z\u0131, en az\u0131ndan Dinden uzakla\u015ft\u0131r\u0131l\u0131p canavarla\u015fan bu canilerin bir g\u00fcn sizin de kap\u0131n\u0131za dayanaca\u011f\u0131n\u0131 daha ne zaman fark edeceksiniz ve hepsinden \u00f6nemlisi ve endi\u015fe verici olarak;<\/p>\n<p>Ya\u015fl\u0131 kesimlerin \u015fuursuzca taklit ettikleri ve bir gelenek halinde s\u00fcrd\u00fcrd\u00fckleri baz\u0131 ibadetler ve dini t\u00f6renler d\u0131\u015f\u0131nda, \u00f6zellikle gen\u00e7 neslin \u0130slami \u015fuur ve huzurundan kas\u0131tl\u0131 ve sistemli olarak y\u0131llard\u0131r mahrum b\u0131rak\u0131l\u0131p, Maoist, Kom\u00fcnist ve Darwinist d\u00fc\u015f\u00fcnceler do\u011frultusunda K\u00fcrt \u0131rk\u00e7\u0131l\u0131\u011f\u0131yla ve \u0130slam-T\u00fcrk d\u00fc\u015fmanl\u0131\u011f\u0131yla doldurduklar\u0131 G\u00fcneydo\u011fu Anadolu b\u00f6lgesine, o tanr\u0131la\u015ft\u0131rd\u0131\u011f\u0131n\u0131z ve Atat\u00fcrk&#8217;\u00fcn \u00e7a\u011fda\u015fla\u015fma hedefi diye sapt\u0131rd\u0131\u011f\u0131n\u0131z AB ve ABD&#8217;nin iste\u011fi do\u011frultusunda, bu topluma &#8220;federatif ve demokratik \u00f6zg\u00fcrl\u00fckler&#8221; tan\u0131d\u0131\u011f\u0131n\u0131z\u0131 ve devlet disiplininden uzakla\u015ft\u0131rd\u0131\u011f\u0131n\u0131z\u0131 d\u00fc\u015f\u00fcn\u00fcn&#8230; D\u0131\u015f g\u00fc\u00e7lerinde te\u015fvik tertibiyle bu zavall\u0131 halk\u0131n birbirini nas\u0131l bo\u011fazlayacaklar\u0131n\u0131 hala, hesap edemeyecek misiniz?<\/p>\n<p><strong>Koruculu\u011fa Kar\u015f\u0131 \u00c7\u0131kan Gavurcuklar!<\/strong><\/p>\n<p><strong>Koruculuk sistemi \u00e7ok ciddi ve acil ihtiya\u00e7lar\u0131n ve \u00f6nemli ara\u015ft\u0131rma ve tart\u0131\u015fmalar\u0131n sonucu ortaya \u00e7\u0131km\u0131\u015f bir yap\u0131lanmayd\u0131.<\/strong><\/p>\n<p><strong>a) Y\u00f6re halk\u0131n\u0131n o b\u00f6lgede ya\u015fad\u0131\u011f\u0131ndan PKK&#8217;n\u0131n bar\u0131nma ve sald\u0131rma yerlerini tespit etmeleri<\/strong><\/p>\n<p><strong>b) K\u00f6y ve mezralardan kimlerin ve hangi y\u00f6ntemlerle PKK&#8217;ya destek verdiklerini bilmeleri<\/strong><\/p>\n<p><strong>c) K\u00fcrt\u00e7eyi bildiklerinden gizli haz\u0131rl\u0131klar\u0131 ve sinsi planlar\u0131 anlay\u0131p resmi yetkililere haber vermeleri<\/strong><\/p>\n<p><strong>d) Hepsinden \u00f6nemlisi bu sistemin devlete ve \u00fclkeye ba\u011fl\u0131 kalmalar\u0131n\u0131 sa\u011flay\u0131p PKK&#8217;n\u0131n ve d\u0131\u015f odaklar\u0131n kuca\u011f\u0131na d\u00fc\u015fmemeleri ve tahriklere direnmeleri gibi \u00e7ok hay\u0131rl\u0131 ve yararl\u0131 y\u00f6nleri yan\u0131nda, koruculu\u011fun bir tak\u0131m suistimal ve f\u0131rsat\u00e7\u0131l\u0131klara alet edilebilece\u011fi de herhalde vard\u0131 ve olacakt\u0131.<\/strong><\/p>\n<p><strong>Ancak devlet ve ordu d\u00fc\u015fmanlar\u0131, ABD, AB ve \u0130srail yanda\u015flar\u0131 bu koruculuk sistemine, hatta PKK&#8217;n\u0131n sivil e\u015fba\u015fkan\u0131 Ahmet T\u00fcrk&#8217;ten daha \u015fiddetle kar\u015f\u0131 \u00e7\u0131kmalar\u0131 bile, bu sistemin \u015fimdilik ne denli gerekli oldu\u011funun en a\u00e7\u0131k ispat\u0131yd\u0131.<\/strong><\/p>\n<p><strong>Biz farkl\u0131 k\u00fclt\u00fcr ve k\u00f6kenden, herkese sayg\u0131l\u0131y\u0131z ve bu \u00fclkede birlikte bar\u0131\u015f i\u00e7inde ya\u015famay\u0131 arzulamaktay\u0131z. Ama; koruculu\u011fu, devletin K\u00fcrtlerin k\u00f6k\u00fcn\u00fc kaz\u0131ma projesi, korucular\u0131 kendi soyda\u015flar\u0131n\u0131 para kar\u015f\u0131l\u0131\u011f\u0131 katleden ve onlar\u0131n mal\u0131na m\u00fclk\u00fcne g\u00f6z diken &#8220;K\u00fcrtl\u00fck davas\u0131n\u0131n hainleri&#8221; g\u00f6sterecek kadar al\u00e7alan ve a\u00e7\u0131k\u00e7a PKK ba\u011f\u0131ms\u0131z K\u00fcrdistan propagandas\u0131 yapan d\u00fc\u015fmandan &#8220;Taraf&#8221; gazetenin Etyen Mah\u00e7upyan yazar\u0131n\u0131n gavurlu\u011funu kustu\u011fu \u015fu s\u00f6zleri bile, koruculu\u011fun devam\u0131na ve \u0131slah edilerek destek \u00e7\u0131k\u0131lmas\u0131na hakl\u0131l\u0131k kazand\u0131rmaktayd\u0131..<\/strong><\/p>\n<p><strong>Devletin zombileri<\/strong><\/p>\n<p>E\u011fer b\u00fct\u00fcn K\u00fcrtler korucu olsayd\u0131 K\u00fcrt meselesi \u00e7\u00f6z\u00fclm\u00fc\u015f olmaz m\u0131yd\u0131? Kesinlikle olurdu! \u00c7\u00fcnk\u00fc ortada K\u00fcrt kimli\u011fi ile b\u00fct\u00fcnle\u015fen do\u011fal haklar\u0131 talep eden kimse kalmazd\u0131. K\u00fcrt meselesinin bitirilmesi hedefini d\u00fc\u015f\u00fcnd\u00fc\u011f\u00fcn\u00fczde t\u00fcm bu maliyetlere katlanmak daha \u2018ak\u0131lc\u0131&#8217; g\u00f6z\u00fck\u00fcyor.<\/p>\n<p>Bu \u2018m\u00fchendislik&#8217; projesi size \u00e7ok u\u00e7uk, yad\u0131rgat\u0131c\u0131 veya ahlaki normlar kulland\u0131\u011f\u0131n\u0131zda vicdans\u0131zca gelebilir. Ama bence devletin bak\u0131\u015f\u0131 bu&#8230; Osmanl\u0131&#8217;n\u0131n son birka\u00e7 y\u00fczy\u0131l\u0131n\u0131 da i\u00e7ine alan bir bi\u00e7imde, bu topraklar\u0131n \u2018devleti&#8217; sorunlar\u0131 \u00e7\u00f6zmeyi de\u011fil, sorun sahiplerini yok etmeyi veya d\u00f6n\u00fc\u015ft\u00fcrmeyi hedeflemekte. Yani s\u00f6z konusu kimli\u011fin t\u00fcm\u00fcyle ortadan kalkmas\u0131, tarihe g\u00f6m\u00fclmesi ve ideolojik olarak tarih d\u0131\u015f\u0131 k\u0131l\u0131nmas\u0131d\u0131r.<\/p>\n<p><strong>Korucu sistemi PKK nedeniyle ke\u015ffedilmedi. Yakla\u015f\u0131k y\u00fcz y\u0131l \u00f6nce Abd\u00fclhamit&#8217;in akletti\u011fi Hamidiye Alaylar\u0131 bug\u00fcn\u00fcn korucu sisteminin sosyolojik arka plan\u0131n\u0131 olu\u015fturur. Nitekim 1894-6 y\u0131llar\u0131nda Ermenileri y\u0131\u011f\u0131nsal olarak katleden Hamidiye birliklerinin geldi\u011fi k\u00f6y ve a\u015firetler ile, g\u00fcn\u00fcm\u00fcz\u00fcn korucu k\u00f6y ve a\u015firetleri neredeyse bire bir ayn\u0131d\u0131r. Di\u011fer bir deyi\u015fle K\u00fcrt toplumunun bir b\u00f6l\u00fcm\u00fc, uzun bir zaman \u00f6ncesinden bu yana devlet taraf\u0131ndan dev\u015firilmi\u015f durumda. Bu insanlar\u0131n ne b\u00f6lgesel ne de kimliksel aidiyetleri kalmam\u0131\u015f. <\/strong><\/p>\n<p>Aynen ge\u00e7en haftaki insanl\u0131k d\u0131\u015f\u0131 katliam\u0131n ya\u015fand\u0131\u011f\u0131 Zanq\u0131rt k\u00f6y\u00fcnde oldu\u011fu gibi, devletin korucu olma \u00e7a\u011fr\u0131s\u0131 bir\u00e7ok yerde k\u00f6yleri ikiye b\u00f6lm\u00fc\u015ft\u00fc. Ama \u015fartlar e\u015fit de\u011fildi&#8230; Bir taraf elindeki silah\u0131 ve arkas\u0131nda \u2018devleti&#8217; ile ortal\u0131kta dolanmaya ba\u015flarken, di\u011fer taraf devlet korkusunun bizzat kendi insanlar\u0131 \u00fczerinden cisimle\u015fmesiyle kar\u015f\u0131 kar\u015f\u0131ya kalm\u0131\u015ft\u0131. Ne var ki mesele sadece bir taraf\u0131n silahl\u0131 olmas\u0131, ya da daha \u00e7ok silah edinebilmesi de\u011fildi. Mesele, i\u015f yarg\u0131ya gitti\u011finde veya devletin hakemli\u011fi s\u00f6z konusu oldu\u011funda, korucular\u0131n kay\u0131r\u0131lmas\u0131yd\u0131. B\u00f6ylece korucu olmayanlar\u0131n k\u00f6ylerini terk etmelerine yol a\u00e7an bir dinamik \u00fcretildi. Devlet bu ortam\u0131 te\u015fvik etti, \u00e7\u00fcnk\u00fc korucu olmak istemeyenlerin PKK&#8217;l\u0131 oldu\u011fu varsay\u0131ld\u0131.<\/p>\n<p><strong>B\u00f6ylece o k\u00f6yler ve mezralar bo\u015fald\u0131&#8230; Korucular terk edilmi\u015f ev ve arazileri kullanmaya ba\u015flad\u0131lar ve bir s\u00fcre sonra da yine devlet marifeti veya salt emri vaki ile bu m\u00fclklerin \u00fczerine oturdular. G\u00fc\u00e7 kullan\u0131m\u0131 bir s\u00fcre sonra bizzat korucular aras\u0131ndaki \u2018meselelerin&#8217; de halledilmesi i\u00e7in ge\u00e7erli y\u00f6ntem haline geldi. Bunun sonucu olarak baz\u0131 a\u015firetler \u00e7etele\u015ferek di\u011fer korucu a\u015firetleri \u00fczerinde hegemonik bir g\u00fc\u00e7 olu\u015fturdular. Sistem yeni husumetlerin kayna\u011f\u0131 olurken, silahl\u0131 g\u00fcc\u00fcn bir \u2018meta&#8217; olabilece\u011fi de ke\u015ffedildi. Yine TESEV \u00e7al\u0131\u015fmas\u0131 s\u0131ras\u0131nda ortaya \u00e7\u0131kan bilgiler, korucular\u0131n bir b\u00f6l\u00fcm\u00fcn\u00fcn \u00fclkenin ba\u015fka taraflar\u0131nda \u2018bitirilmesi&#8217; gereken \u2018i\u015fler&#8217; i\u00e7in ta\u015feronluk yapt\u0131\u011f\u0131n\u0131, hatta \u00f6rne\u011fin Edirne&#8217;ye adam g\u00f6nderip kad\u0131n ka\u00e7\u0131rabildiklerini ortaya koydu. <\/strong><\/p>\n<p><strong>Onlar (korucular) \u00a0ruhlar\u0131n\u0131 devlete teslim etmi\u015f olanlar&#8230; Kar\u015f\u0131l\u0131\u011f\u0131nda kendi kimlikda\u015flar\u0131n\u0131n zenginli\u011fine sahip oluyor, onlar\u0131n hayatlar\u0131yla oynuyorlar. Ama bu s\u00fcre\u00e7te kendileri de birer zombi haline geliyor. Asl\u0131nda belki \u2018devletin&#8217; istedi\u011fi, \u2018asker\u00ee \u00e7\u00f6z\u00fcm\u00fcn&#8217; ima etti\u011fi de bu&#8230; \u2018Devletin&#8217; hayali b\u00fct\u00fcn K\u00fcrtlerin zombile\u015fmesi&#8230; Bunun bizzat devleti de zombile\u015ftirdi\u011fini anlamak ise kolay de\u011fil. \u00d6zellikle siz de zombile\u015fme yolunda birka\u00e7 ad\u0131m atm\u0131\u015fsan\u0131z&#8230;&#8221;<a name=\"_ftnref3\" href=\"#_ftn3\" title=\"_ftnref3\"><strong>[3]<\/strong><\/a><\/strong><\/p>\n<p><strong>S\u00f6yleyin bakal\u0131m PKK&#8217;ya arka \u00e7\u0131kan ve korucular\u0131 &#8220;devlete sat\u0131lm\u0131\u015f hainler&#8221; olarak tan\u0131tan bu s\u00f6zler, a\u00e7\u0131k\u00e7a ve al\u00e7ak\u00e7a TC devletine, milletine ve askerine y\u00f6nelik bir sald\u0131r\u0131 k\u00fcstahl\u0131\u011f\u0131 de\u011fimliydi? D\u00fcnyan\u0131n hangi \u00fclkesinde b\u00f6ylesi hainler, i\u015fbirlik\u00e7i iktidarlarca desteklenirdi?<\/strong><\/p>\n<p>  <\/p>\n<hr \/>\n<p><a name=\"_ftn1\" href=\"#_ftnref1\" title=\"_ftn1\">[1]<\/a> Ali Bula\u00e7 \/ Zaman<\/p>\n<p><a name=\"_ftn2\" href=\"#_ftnref2\" title=\"_ftn2\">[2]<\/a> 6 May\u0131s 2009 \/ Zaman,<\/p>\n<p><a name=\"_ftn3\" href=\"#_ftnref3\" title=\"_ftn3\">[3]<\/a> 12.05.2009 \/ Taraf<\/p>\n","protected":false},"excerpt":{"rendered":"<p><strong>Mardin Maz\u0131da\u011f\u0131 il\u00e7esine ba\u011fl\u0131 bir k\u00f6y d\u00fc\u011f\u00fcn\u00fcn\u00fc bas\u0131p, istedikleri k\u0131z\u0131n niye kendilerini de\u011fil de ba\u015fkalar\u0131na verildi\u011fi gerek\u00e7esiyle; \u00e7ocuk, kad\u0131n, bebekler ve namaz\u0131n\u0131 k\u0131lan erkekler dahil 45 ki\u015finin vah\u015fice katledilmesinin as\u0131l su\u00e7lular\u0131 ve as\u0131las\u0131 sorumlular\u0131, toplumu uhrevi d\u00fc\u015f\u00fcnce ve endi\u015feden ve manevi- ahlaki de\u011ferlerden uzakla\u015ft\u0131r\u0131p canavarla\u015ft\u0131ran bu dengesiz d\u00fczen ve bu AB&#8217;ci zihniyettir.<\/strong><\/p>\n","protected":false},"author":13,"featured_media":0,"comment_status":"open","ping_status":"closed","sticky":false,"template":"","format":"standard","meta":{"footnotes":""},"categories":[96],"tags":[],"class_list":["post-1554","post","type-post","status-publish","format-standard","hentry","category-haziran-2009"],"_links":{"self":[{"href":"https:\/\/www.millicozum.com\/mc\/wp-json\/wp\/v2\/posts\/1554","targetHints":{"allow":["GET"]}}],"collection":[{"href":"https:\/\/www.millicozum.com\/mc\/wp-json\/wp\/v2\/posts"}],"about":[{"href":"https:\/\/www.millicozum.com\/mc\/wp-json\/wp\/v2\/types\/post"}],"author":[{"embeddable":true,"href":"https:\/\/www.millicozum.com\/mc\/wp-json\/wp\/v2\/users\/13"}],"replies":[{"embeddable":true,"href":"https:\/\/www.millicozum.com\/mc\/wp-json\/wp\/v2\/comments?post=1554"}],"version-history":[{"count":0,"href":"https:\/\/www.millicozum.com\/mc\/wp-json\/wp\/v2\/posts\/1554\/revisions"}],"wp:attachment":[{"href":"https:\/\/www.millicozum.com\/mc\/wp-json\/wp\/v2\/media?parent=1554"}],"wp:term":[{"taxonomy":"category","embeddable":true,"href":"https:\/\/www.millicozum.com\/mc\/wp-json\/wp\/v2\/categories?post=1554"},{"taxonomy":"post_tag","embeddable":true,"href":"https:\/\/www.millicozum.com\/mc\/wp-json\/wp\/v2\/tags?post=1554"}],"curies":[{"name":"wp","href":"https:\/\/api.w.org\/{rel}","templated":true}]}}