{"id":1555,"date":"2009-05-23T06:13:50","date_gmt":"2009-05-23T06:13:50","guid":{"rendered":"https:\/\/www.millicozum.com\/mc\/2009\/05\/23\/gkb-ilker-basbugun-sozleri-ve-turkcesi\/"},"modified":"2009-05-23T06:13:50","modified_gmt":"2009-05-23T06:13:50","slug":"gkb-ilker-basbugun-sozleri-ve-turkcesi","status":"publish","type":"post","link":"https:\/\/www.millicozum.com\/mc\/2009\/haziran-2009\/gkb-ilker-basbugun-sozleri-ve-turkcesi\/","title":{"rendered":"GKB \u0130LKER BA\u015eBU\u011e&#8217;UN S\u00d6ZLER\u0130 VE T\u00dcRK\u00c7ES\u0130"},"content":{"rendered":"<p>Genelkurmay Ba\u015fkan\u0131 Org. \u0130lker Ba\u015fbu\u011f, 29 Nisan 2009&#8217;da Genelkurmay&#8217;da gazete ve televizyonlar\u0131n temsilcileri ile bir araya gelmi\u015fti.<\/p>\n<p><strong>Lice&#8217;de Ya\u015fanan May\u0131nl\u0131 Sald\u0131r\u0131&#8230;<\/strong><\/p>\n<p><strong><em>Ba\u015fbu\u011f: &#8220;Bu sabah Diyarbak\u0131r Lice yolu \u00fczerinde yol emniyeti i\u00e7in bir tank ve bir z\u0131rhl\u0131 personel ta\u015f\u0131y\u0131c\u0131 g\u00f6revlendirildi. B\u00f6lgeye geldikten sonra olay\u0131n oldu\u011fu yerde ilk \u00f6nce tank ge\u00e7iyor, ard\u0131ndan di\u011fer ara\u00e7 ge\u00e7iyor. Ve o ge\u00e7erken maalesef patlama oluyor ve bu olay sonucunda, y\u00fcre\u011fimizi yakan, 9 vatan evlad\u0131m\u0131z \u015fehit olmu\u015ftur.&#8221;<\/em><\/strong> S\u00f6zleriyle konuya girmi\u015fti. Bu ifadelerde &#8220;Bizim o b\u00f6lgeye z\u0131rhl\u0131 ara\u00e7 g\u00f6revlendirdi\u011fimizi PKK&#8217;ya bildiren acaba kimdi?&#8221; sorusu ve sitemi gizliydi.<\/p>\n<p> <\/p>\n<p>Recep Tayip Erdo\u011fan ise z\u0131rhl\u0131 ara\u00e7lar\u0131n ge\u00e7ece\u011fini ve saatini PKK&#8217;ya Ordu yetkililerinin haber verdi\u011fini ima etmi\u015fti. <strong>&#8220;Bu olay kimlerin kimlerle irtibatl\u0131 oldu\u011funun da bir i\u015faretidir.&#8221;<\/strong> Anlam\u0131ndaki s\u00f6zleriyle Ergenekon&#8217;a dikkat \u00e7ekti\u011fi s\u00f6ylense de, <strong>&#8220;Ergenekonculara bu gizli haberi, ancak askeri yetkililerin verebilece\u011fi&#8221;<\/strong> imas\u0131 \u00e7ok sinsi, sorumsuz ve kaypak ifadelerdi. R. Tayyip Erdo\u011fan&#8217;\u0131n iddialar\u0131n\u0131n tam aksine, Hikmet Sami T\u00fcrk&#8217;e y\u00f6nelik sald\u0131r\u0131 senaryolar\u0131 cinsinden baz\u0131 giri\u015fimler, acaba h\u00fck\u00fcmetin bilgisi dahilinde ve Ergenekon iddialar\u0131n\u0131 hakl\u0131 \u00e7\u0131karmak niyetiyle mi ger\u00e7ekle\u015ftirilmi\u015fti? Ve hele kahraman H. Sami T\u00fcrk&#8217;\u00fcn ayn\u0131 olay\u0131n ak\u015fam\u0131nda korkusuzca bale seyretmeye gitmesi ne kadar s\u0131r\u0131t\u0131vermekteydi!.<\/p>\n<p>Ve zaten 27 Nisan 2009 Zaman gazetesi:<\/p>\n<p><strong>&#8220;Pa\u015falar Tutuklan\u0131nca PKK Eylemlere H\u0131z Verdi&#8221; \u0130ddias\u0131n\u0131 G\u00fcndeme Getirmi\u015fti:<\/strong><\/p>\n<p><em>&#8220;Ergenekon soru\u015fturmas\u0131 kapsam\u0131nda g\u00f6z alt\u0131lar\u0131n ba\u015flamas\u0131yla birlikte ter\u00f6r \u00f6rg\u00fct\u00fc PKK&#8217;n\u0131n eylemlerindeki paralellikler dikkat \u00e7ekiyor. \u00d6zellikle emekli Orgeneraller \u015eener Eruygur ve Hur\u015fit Tolon gibi isimlerin ge\u00e7ti\u011fimiz y\u0131l Temmuz ay\u0131nda tutuklanmas\u0131yla birlikte PKK militanlar\u0131n\u0131n ara\u00e7 kundaklama eylemlerine ba\u015flayarak halk aras\u0131nda infiale sebep olmaya \u00e7al\u0131\u015ft\u0131klar\u0131 belirlendi.<\/em><\/p>\n<p><em>Ergenekon soru\u015fturmas\u0131n\u0131n ba\u015flamas\u0131yla birlikte \u00fclke genelinde meydana gelen ter\u00f6r eylemleri aras\u0131nda \u00e7arp\u0131c\u0131 ili\u015fkiler tespit edildi. Ergenekon operasyonlar\u0131n\u0131n 12 Haziran 2007&#8217;de \u00dcmraniye&#8217;de ele ge\u00e7irilen bombalarla ba\u015flamas\u0131yla birlikte ter\u00f6r \u00f6rg\u00fct\u00fc PKK, liderleri Abdullah \u00d6calan&#8217;\u0131n \u0130mral\u0131 Cezaevi&#8217;nde zehirlendi\u011fi y\u00f6n\u00fcndeki iddialar\u0131 kampanyaya d\u00f6n\u00fc\u015ft\u00fcrerek, ter\u00f6rist ba\u015f\u0131n\u0131n kesinlikle zehirlendi\u011fini savundu.<\/em><\/p>\n<p><em>Aral\u0131k 2007&#8217;den itibaren azalmaya ba\u015flayan ara\u00e7 yakma eylemleri, Ekim 2008&#8217;de Ergenekon soru\u015fturmas\u0131 kapsam\u0131nda emekli pa\u015falar\u0131n, muvazzaf subaylar\u0131n ve PKK&#8217;n\u0131n \u00f6rg\u00fctlenmesinde ad\u0131 ge\u00e7en zanl\u0131lar\u0131n g\u00f6zalt\u0131na al\u0131nmas\u0131yla b\u00fcy\u00fck art\u0131\u015f g\u00f6sterdi. 7 Ocak 2009 tarihinde emekli pa\u015falar\u0131n, rekt\u00f6rlerin ve akademisyenlerin g\u00f6zalt\u0131na al\u0131nmas\u0131n\u0131n ard\u0131ndan yine 16 Ocak 2009&#8217;da \u00f6rg\u00fct militanlar\u0131n\u0131n ara\u00e7 yakma eylemleri g\u00fcndeme geldi.<a name=\"_ftnref1\" href=\"#_ftn1\" title=\"_ftnref1\"><strong>[1]<\/strong><\/a> <\/em><\/p>\n<p><strong><em>Ba\u015fbu\u011f&#8217;un: &#8220;Bulunan m\u00fchimmatlarla ilgili konu\u015fmak istiyorum.. Silahlar\u0131n \u00fczerinde bir stop numaras\u0131 vard\u0131. Silah bir sarf malzemesi de\u011fildir. Silah\u0131n tan\u0131m\u0131 bu \u015fekilde&#8230;<\/em><\/strong><\/p>\n<p><strong>&#8220;Silahlar\u0131n Hi\u00e7 Biri Tsk&#8217;n\u0131n De\u011fil&#8221;<\/strong><\/p>\n<p><strong><em>Bulunan silahlar nelerdir: 45 adet silah. Birinci \u00f6nemli olan nokta, soru\u015fturma kapsam\u0131nda bug\u00fcne kadar bulunan silahlar\u0131n hi\u00e7 birisi TSK&#8217;ya ait de\u011fildir. \u00d6yle olmasayd\u0131, bu TSK&#8217;dan \u00e7al\u0131nma anlam\u0131na gelir. Silah askerli\u011fin namusudur&#8221; a\u00e7\u0131klamalar\u0131 da olduk\u00e7a \u00f6nemliydi.<\/em><\/strong><\/p>\n<p>NOT:Zaten ayn\u0131 g\u00fcn\u00fcn ak\u015fam\u0131 Beykoz g\u00f6m\u00fcleriyle ilgili tutuklanan subaylar\u0131n parmak izleriyle kaz\u0131lardan \u00e7\u0131kan silahlardaki parmak izlerinin uyu\u015fmad\u0131\u011f\u0131 a\u00e7\u0131klanm\u0131\u015ft\u0131.<\/p>\n<p><strong>Ba\u011fbu\u011f devamla: &#8220;Bulunan Lav Silahlar\u0131 Bo\u015f&#8230; Bo\u015f Lav Kullan\u0131lamaz&#8221;<\/strong><\/p>\n<p><strong><em>&#8220;\u0130kinci konu m\u00fchimmat konusu. \u00c7ok \u00e7e\u015fitli m\u00fchimmat bulundu. En \u00f6nemlileri &#8216;lav&#8217;d\u0131r. M\u00fchimmat bir kere kullan\u0131l\u0131r.. Dolay\u0131s\u0131yla sarf malzemesidir. Her m\u00fchimmat\u0131n \u00fczerinde sadece kafile numaras\u0131 vard\u0131r. Bu \u00f6nemli, \u00e7\u00fcnk\u00fc bulunan m\u00fchimmat\u0131n nereden \u00e7\u0131kt\u0131\u011f\u0131n\u0131 bu \u015fekilde \u00f6\u011freniyoruz.<\/em><\/strong><\/p>\n<p><em>Bu s\u0131rada lav silah\u0131n\u0131\u00a0bas\u0131n mensuplar\u0131na g\u00f6stererek: &#8220;Korkmay\u0131n, bu bo\u015f lav&#8221; dedi. Bu s\u0131rada salondakiler g\u00fcl\u00fc\u015ft\u00fc&#8230;<\/em><\/p>\n<p><strong><em>Yeri gelmi\u015fken s\u00f6yleyeyim, bo\u015f lav&#8217;la ne yap\u0131l\u0131r? Beykoz Poyrazk\u00f6y&#8217;de m\u00fchimmatlar bulundu. 5 tane paketlenmi\u015f bo\u015f lav bulundu. G\u00f6m\u00fclm\u00fc\u015f yani.. Bo\u015f lav\u0131n kullan\u0131lma olana\u011f\u0131 yok, kullanamazs\u0131n\u0131z. 5 tane bo\u015f lav\u0131 nas\u0131l ve niye g\u00f6md\u00fcler?&#8221; sorular\u0131 da \u00e7arp\u0131c\u0131yd\u0131 ve ipu\u00e7lar\u0131 vermekteydi.<\/em><\/strong><\/p>\n<p>T\u00fcrk\u00e7esi; Bu soba borusundan farks\u0131z aletleri, buralara; bir g\u00fcn \u00e7\u0131kar\u0131p marazl\u0131 medya marifetiyle topluma &#8220;\u00e7ok tehlikeli ve etkili silahlar \u00e7\u0131kt\u0131&#8230; Ergenekon iddialar\u0131 kan\u0131tland\u0131&#8221; diye \u015fov yapmak isteyenler g\u00f6md\u00fcrm\u00fc\u015flerdi. \u00c7\u00fcnk\u00fc zavall\u0131 toplum, Lav silah\u0131n\u0131n i\u00e7indeki f\u00fczenin sadece bir kere kullan\u0131laca\u011f\u0131n\u0131, ondan geriye sadece bir al\u00fcminyum boru kalaca\u011f\u0131n\u0131 nereden bilecekti?<\/p>\n<p><strong>Bu s\u00f6zler, 28 Nisan 2009 tarihli Sabah gazetesinde &#8220;\u00dcrk\u00fcten Suskunluk&#8221; ba\u015fl\u0131\u011f\u0131 ile Ordu&#8217;ya kin kusan ve &#8220;bulunan silah ve m\u00fchimmatlar\u0131n TSK taraf\u0131ndan g\u00f6m\u00fcld\u00fc\u011f\u00fc kanaatini yaymaya \u00e7al\u0131\u015fan&#8221; Mehmet Barlas gibi Sabataist-Mason s\u00fcpr\u00fcnt\u00fclere de \u00e7ok oturakl\u0131 bir yan\u0131t niteli\u011findeydi: \u0130\u015fte o yaz\u0131:<\/strong><\/p>\n<p><strong>\u00dcrk\u00fcten Suskunluk<\/strong><\/p>\n<p><em>Son d\u00f6nemde yeralt\u0131ndan \u00e7\u0131kar\u0131lan silahlar, kim taraf\u0131ndan g\u00f6m\u00fclm\u00fc\u015f olursa olsun, neticede TSK&#8217;n\u0131n envanterinden \u00e7\u0131kma de\u011fil mi? TSK neden o silahlar\u0131n nas\u0131l edinilmi\u015f olabilece\u011fine dair tek sat\u0131r a\u00e7\u0131klama yapm\u0131yor?<\/em><\/p>\n<ul>\n<li><em>Silahlar TSK&#8217;dan \u00e7al\u0131nd\u0131 m\u0131? E\u011fer \u00f6yleyse nas\u0131l \u00e7al\u0131nm\u0131\u015f olabilece\u011fi incelendi mi? \u00c7al\u0131nma y\u00f6ntemleri biliniyorsa, bir daha ger\u00e7ekle\u015fmemesi i\u00e7in gerekli \u00f6nlemler al\u0131nd\u0131 m\u0131?<\/em><\/li>\n<li><em>Hem \u00e7al\u0131nan silahlara, hem silahlar\u0131 \u00e7alanlara hem de \u00e7alma ko\u015fullar\u0131n\u0131 azaltmaya y\u00f6nelik ara\u015ft\u0131rma ve soru\u015fturmalar var m\u0131? Varsa niye a\u00e7\u0131klanm\u0131yor, kamuoyuna? &#8220;TSK&#8217;dan \u00e7al\u0131nm\u0131\u015f olsa bile, bir daha olmayacak&#8221; g\u00fcvencesini TSK&#8217;dan ba\u015fka kim verebilir?<\/em><\/li>\n<li><em>Silahlar, &#8216;Ergenekon&#8217; soru\u015fturmas\u0131n\u0131 y\u00fcr\u00fcten savc\u0131lar\u0131n denetimindeki operasyonlarda bulunuyor. Dolay\u0131s\u0131yla, &#8216;Silahlar, Ergenekon \u00f6rg\u00fct\u00fcn\u00fcn ama\u00e7lar\u0131 i\u00e7in kullan\u0131lacakt\u0131&#8217; iddias\u0131 kuvvetle benimsenmi\u015f oluyor, bu ihtimalin &#8216;kan\u0131tlanmas\u0131&#8217; halinde, \u015fu andaki sessizlik TSK&#8217;ya daha b\u00fcy\u00fck zarar vermeyecek mi? Buna ra\u011fmen sessizlik niye? <\/em>diyerek toplumu orduya kar\u015f\u0131 k\u0131\u015fk\u0131rtmaya yeltenmi\u015fti. Ama Ba\u015fbu\u011f&#8217;un a\u00e7\u0131klamalar\u0131yla yelkenleri inmi\u015f, kuyru\u011funu k\u0131\u00e7\u0131na \u00e7ekmi\u015fti.<\/li>\n<\/ul>\n<p><strong>Beykoz&#8217;daki Araziye Herkes Girebilir<\/strong><\/p>\n<p><strong><em>Ba\u015fbu\u011f: &#8220;Beykoz&#8217;daki bu arazi Milli Savunma Bakanl\u0131\u011f\u0131&#8217;na ait bir arazi de\u011fildir.. Bir vakfa ait olan bir arazidir. Arazinin stat\u00fcs\u00fc, 2. derece askeri yasak b\u00f6lgedir.. Bu t\u00fcr b\u00f6lgelerin \u00f6zellikleri, (g\u00fclerek) sadece yabanc\u0131lar giremez. T.C vatanda\u015f\u0131 herkes girebilir. \u0130mar iznini al\u0131rsa, insanlar burada bina da yapar, oturur, faaliyet de yapar. &#8216;Kimse giremiyor&#8217; deniliyor, oysa herkes girebilir. Buna Bakanlar Kurulu karar\u0131yla bir k\u0131s\u0131tlama konulabiliyor.<\/em><\/strong><\/p>\n<p><strong><em>Soysuzlar\u0131 susturan a\u00e7\u0131klama:<\/em><\/strong><\/p>\n<p><strong>&#8220;M\u00fchimmatlardan Baz\u0131lar\u0131 da Emniyet&#8217;e Gider&#8230;&#8221;<\/strong><\/p>\n<p><strong><em>Zaman\u0131nda ihtiya\u00e7 nedeniyle bir taarruz el bombas\u0131 \u00fcretilmi\u015f, 6380 tane. \u00c7e\u015fitli birliklere da\u011f\u0131t\u0131lm\u0131\u015f.. Tabi bunlardan baz\u0131lar\u0131 (m\u00fchimmatlar) Emniyet Genel M\u00fcd\u00fcrl\u00fc\u011f\u00fc&#8217;ne de gidiyor. Bulunan malzemeler \u015furadand\u0131r buradand\u0131r demek istemiyorum, bilgi olarak veriyorum. 1988&#8217;de 3300 tane el bombas\u0131 varm\u0131\u015f, bunlardan 3000 tanesi Emniyet&#8217;e 300&#8217;\u00fc de TSK&#8217;ya gitmi\u015ftir.<\/em><\/strong><\/p>\n<p><strong>&#8220;Tsk&#8217;n\u0131n G\u00f6m\u00fcl\u00fc M\u00fchimmat\u0131 Yoktur&#8221;<\/strong><\/p>\n<p><strong><em>1986 y\u0131l\u0131na kadar TSK&#8217;n\u0131n g\u00f6m\u00fcl\u00fc m\u00fchimmat\u0131 vard\u0131. O d\u00f6nemde al\u0131nan karar \u00e7er\u00e7evesinde t\u00fcm\u00fcn\u00fcn toplat\u0131larak depolara al\u0131nmas\u0131 emri verildi. Ve bu i\u015flem 1998 y\u0131l\u0131nda tamamland\u0131. TSK&#8217;n\u0131n T\u00fcrkiye sath\u0131nda hi\u00e7 bir yerde g\u00f6m\u00fcl\u00fc silah ve m\u00fchimmat\u0131 yoktur.<\/em><\/strong><\/p>\n<p><strong>&#8220;M\u00fchimmat Eksikli\u011fimize Rastlanmam\u0131\u015ft\u0131r&#8221;!<\/strong><\/p>\n<p><strong><em>Nerede bir m\u00fchimmat bulunursa Ankara&#8217;da kuvvet komutanl\u0131klar\u0131ndan nokta denetleyicisi g\u00f6nderiyoruz. Bu numaray\u0131 &#8216;check edin&#8217; diyoruz. Ayr\u0131ca birliklerden rapor al\u0131yoruz; m\u00fchimmat\u0131n\u0131z tam m\u0131 eksik mi?<\/em><\/strong><\/p>\n<p><strong><em>Bizim kay\u0131tlar\u0131m\u0131za g\u00f6re m\u00fchimmat eksikli\u011fimiz g\u00f6z\u00fckm\u00fcyor.<\/em><\/strong><\/p>\n<p><strong>Bu M\u00fchimmatlar Irak&#8217;tan&#8230; (Yani Amerika&#8217;dan, \u0130srail&#8217;den) !?<\/strong><\/p>\n<p><strong><em>Peki nereden geliyor? Maalesef Irak her a\u00e7\u0131dan bize problem.. \u015eu anki durumu bilmiyorum ama 4-5 sene \u00f6nce sokakta sat\u0131lan m\u00fchimmatlar var. Tedariki \u00e7ok kolay e\u011fer paran\u0131z varsa..<\/em><\/strong><\/p>\n<p><strong>&#8220;Operasyonda Kullan\u0131lan M\u00fchimmatlar\u0131 Saklayan Askerler Vard\u0131&#8230;&#8221;<\/strong><\/p>\n<p><strong><em>\u0130\u00e7 g\u00fcvenlikte de sorunlar\u0131m\u0131z var. Ama bunlar mazeret de\u011fil.. Operasyona giden baz\u0131 askerimiz, cahillikten tabi, kulland\u0131\u011f\u0131 el bombas\u0131n\u0131 sakl\u0131yordu. Terhis olduktan sonra bunu bir hat\u0131ra ve kahramanl\u0131k olarak yak\u0131nlar\u0131na g\u00f6steriyordu..<\/em><\/strong><\/p>\n<p><strong>&#8220;Her \u0130ddia Askeri Yarg\u0131ya Gitmekte ve Gerekli Soru\u015fturma Yap\u0131lmaktad\u0131r&#8221;<\/strong><\/p>\n<p><strong><em>Her iddia \u00fczerine biz askeri yarg\u0131 sistemini \u00e7al\u0131\u015ft\u0131r\u0131yoruz. Bu konuda t\u00fcm iddialar da askeri yarg\u0131ya gitmi\u015ftir. Poyrazk\u00f6y konusunda ayn\u0131 g\u00fcn savc\u0131m\u0131z ara\u015ft\u0131rma ba\u015flatm\u0131\u015ft\u0131r.<\/em><\/strong><\/p>\n<p><strong><em>Bu m\u00fchimmat kimler taraf\u0131ndan ne ama\u00e7la g\u00f6m\u00fclm\u00fc\u015ft\u00fcr? Bu sorunun muhatab\u0131\u00a0ben de\u011filim. Bu sorunun muhatab\u0131 yarg\u0131d\u0131r. &#8216;Yarg\u0131 zaman olarak yava\u015f i\u015fliyor&#8217; diyebilirsiniz. Ama ba\u015fka alternatifimiz yok..<\/em><\/strong><\/p>\n<p><strong><em>Bu konular bizi de rahats\u0131z etmektedir. Bu konuyla ilgili sizlere aktarabilece\u011fim bunlar. 50 dakikan\u0131z\u0131 ben alm\u0131\u015f oldum, soru-cevap b\u00f6l\u00fcm\u00fcn\u00fc 12:45&#8217;de bitirelim.&#8221;<\/em><\/strong><\/p>\n<p><strong>Ba\u015fbu\u011f; Ses Bantlar\u0131yla ilgili de \u015funlar\u0131 s\u00f6ylemi\u015fti:<\/strong><\/p>\n<p><em>T\u00fcrkiye her sabah kalkt\u0131\u011f\u0131m\u0131z zaman acaba kimin ses band\u0131yla kar\u015f\u0131la\u015faca\u011f\u0131m\u0131z\u0131 bekliyoruz. Bunlarla nereye gidece\u011fiz, \u00e7ok rahats\u0131z ediyor bu bizi.<\/em><\/p>\n<p><strong>Gizli Tan\u0131k \u0130fadeleri&#8230;<\/strong><\/p>\n<p><em>\u0130ddianamelere bak\u0131yoruz; \u00f6yle konular var ki&#8230; 1993 y\u0131l\u0131nda Bing\u00f6l&#8217;de ya\u015fanan olayla ilgili bir gizli tan\u0131\u011f\u0131n ifadesi var. Peki, g\u00fczel bu gizli tan\u0131\u011f\u0131n ifadesinin iddianamedeki isimlerle bir ili\u015fkisi yok. Peki niye koydunuz bunu oraya? Bir ili\u015fki olmas\u0131 gerekmiyor mu?<\/em><\/p>\n<p><em>\u0130ddianamelere bak\u0131ld\u0131\u011f\u0131 zaman, baz\u0131 olaylar\u0131n gizli tan\u0131k ve itiraf\u00e7\u0131lara dayand\u0131r\u0131ld\u0131\u011f\u0131n\u0131 g\u00f6r\u00fcyoruz. Bunlar insan\u0131 d\u00fc\u015f\u00fcnme noktas\u0131na s\u00fcr\u00fckl\u00fcyor. Genel olarak ifade edebileceklerim bunlar&#8230;<\/em><\/p>\n<p>Bir Gazetecinin:<\/p>\n<ul>\n<li><strong>Emekli generallerimiz de TSK&#8217;n\u0131n mensubu&#8230; Org. \u00d6zk\u00f6k&#8217;\u00fcn ifadesinin al\u0131naca\u011f\u0131ndan daha \u00f6nce bilginiz var m\u0131yd\u0131? sorusuna;<\/strong><\/li>\n<\/ul>\n<p><em>&#8211; S\u00f6z konusu konunun tespit edildi\u011fi 2. iddianamede g\u00f6r\u00fclm\u00fc\u015ft\u00fcr. Buradan da \u015funu ifade edebiliriz, ba\u015fsavc\u0131l\u0131\u011f\u0131n bu konuyla ilgili soru\u015fturmaya devam edece\u011fi anlam\u0131n\u0131 anl\u0131yoruz. Say\u0131n \u00d6zk\u00f6k, say\u0131n komutan\u0131m\u0131z; bizden hukuki boyutuyla adli m\u00fc\u015favirli\u011fimizden bilgi talep ettiler.<\/em><\/p>\n<ul>\n<li><strong>U\u011fur D\u00fcndar: Poyrazk\u00f6y&#8217;de bulunan m\u00fchimmatlar Emniyet&#8217;e verilenlerden olabilir mi?<\/strong><\/li>\n<\/ul>\n<p>&#8211;<em>Net yan\u0131t veremeyece\u011fim&#8230; Elimizde net d\u00f6k\u00fcmler yok. Dolu bulunan bir lav var orada&#8230; Lavlardan biri bizim envanterimizde yok. Tabi bunlardan baz\u0131lar\u0131 yabanc\u0131 \u00fclkelere de sat\u0131l\u0131yor. Bunu ortaya \u00e7\u0131karmam\u0131z ger\u00e7ekten zor. Mevcut sistemin karma\u015f\u0131kl\u0131\u011f\u0131n\u0131 belirtmek istiyorum.<\/em><\/p>\n<p><strong>Ba\u015fbu\u011f&#8217;un &#8220;Ergenekon&#8221; de\u011ferlendirmesi:<\/strong><\/p>\n<p><em>Ben 14 Nisan&#8217;daki konu\u015fmada, dedim ki; Biz TSK olarak demokratik rejime ba\u011fl\u0131y\u0131z ve sayg\u0131l\u0131y\u0131z. Elbette&#8230; Orada ifade ettim; Demokrasinin en vazge\u00e7ilmez temel noktas\u0131 yarg\u0131 ba\u011f\u0131ms\u0131zl\u0131\u011f\u0131 ve hukukun \u00fcst\u00fcnl\u00fc\u011f\u00fc.<\/em><\/p>\n<p><em>TSK olarak hukuk s\u00fcrecine azami \u015fekilde dikkat ediyoruz. Herkes de etmeli.. Biz TSK olarak her zaman hukuka sonuna kadar g\u00fcvenilmesini d\u00fc\u015f\u00fcnmekteyiz.<\/em><\/p>\n<p><em>Devam etmekte olan yarg\u0131 s\u00fcrecine ili\u015fkin yorum ve de\u011ferlendirme yapmam\u0131 beklemeyiniz. D\u00fc\u015f\u00fcncelerimizi payla\u015fmak isterim; bunlar tamam TSK&#8217;y\u0131 kurum olarak ilgilendiren konular.<\/em><\/p>\n<p><em>1- Dedik ki; mahkemeler kesin karar verinceye kadar herkes su\u00e7suzdur. Bu hukuk kural\u0131d\u0131r. Ki\u015filerin haklar\u0131na zarar veremeyiz. Bu ki\u015filerin zararlar\u0131n\u0131 kim kapatacak. (G\u00fclerek) Medya olarak kendinizi l\u00fctfen sorgulay\u0131n.<\/em><\/p>\n<p><em>2- Soru\u015fturman\u0131n gizlili\u011fi ilkesi ihlal ediliyor ve kesinle\u015fmemi\u015f bilgiler bas\u0131na s\u0131zd\u0131r\u0131l\u0131p, pe\u015finen Ordu y\u0131prat\u0131lmaya \u00e7al\u0131\u015f\u0131l\u0131yor. T\u00fcrkiye&#8217;de bu dedi\u011fim ger\u00e7ekten var m\u0131 yok mu? Oysa Kurumlar\u0131n sayg\u0131nl\u0131\u011f\u0131na ve g\u00fcvenli\u011fine zarar verilmemesi gerekiyor.<\/em><\/p>\n<p><em>Beykoz&#8217;da bulunan m\u00fchimmatlar bir TV&#8217;de 50 dk. g\u00f6sterildi. S\u00fcrekli.. G\u00f6sterilen bant herhalde 6-7 dk. Yani 10 sefer haberi ge\u00e7iyorsunuz.. Bu bir haber midir? Bu kamuoyuna verilmelidir.. Ama 50 dk. verilmesinin amac\u0131 nedir? Bende bunu soruyorum.. Bu kurumlara zarar vermiyor mu? 50 dk. bu kaz\u0131lar\u0131n g\u00f6sterilmesi ger\u00e7ekten bir habercilik midir? Kamuoyuna korku ve karamsarl\u0131k verilmesi midir?<\/em><\/p>\n<p><em>Bir itiraf\u00e7\u0131 \u00e7\u0131k\u0131yor, bir gazete bunu 5 g\u00fcn a\u00e7\u0131klamalar\u0131n\u0131 yay\u0131nl\u0131yor. Bu haber midir? Kurumsal ba\u011f ili\u015fkisi kuruluyor.. Mutlaka haber olacakt\u0131r. Ama bu haberin verili\u015f etkisini sorgulamak gerek.<\/em><\/p>\n<ul>\n<li><strong>Mehmet Ali Birand: \u00d6zden \u00d6rnek&#8217;in g\u00fcnl\u00fckleri yay\u0131nland\u0131&#8230; Genelkurmay bununla ilgili bir \u015fey yapt\u0131 m\u0131? Emekli komutanlar\u0131n yapt\u0131\u011f\u0131 iddia edilenler var, su\u00e7lu bulunduklar\u0131 halde TSK&#8217;y\u0131 ne derece etkiliyor? Sonu\u00e7ta topraktan da silah f\u0131\u015fk\u0131r\u0131yor&#8230;<\/strong><\/li>\n<\/ul>\n<p><em>&#8211; Say\u0131n Birand siz duayen bir gazetecisiniz. K\u0131\u015fk\u0131rtma laf\u0131 do\u011fru mu? Kazmay\u0131 vurdu\u011funuz her yerde bir \u015feyler \u00e7\u0131kabilir. Ger\u00e7ekten g\u00fczel bir tabir mi? Elbette bir yarg\u0131 s\u00fcreci var&#8230;\u00a0Ne biliyorsunuz?!..<\/em><\/p>\n<ul>\n<li><strong>Fatih Altayl\u0131: \u00d6rnek&#8217;in g\u00fcnl\u00fcklerine bakt\u0131\u011f\u0131n\u0131z zaman, bir darbe haz\u0131rl\u0131\u011f\u0131 g\u00f6r\u00fcyoruz. SizGenelkurmay&#8217;da ordunun darbe yapmaya haz\u0131rl\u0131\u011f\u0131 oldu\u011funa dair bir soru\u015fturma yapt\u0131n\u0131z m\u0131?<\/strong><\/li>\n<\/ul>\n<p><em>Bas\u0131nda \u00e7\u0131kan g\u00fcnl\u00fckler konusunda 12 Nisan 2007 tarihinde Say\u0131n B\u00fcy\u00fckan\u0131t&#8217;a bu soru soruldu&#8230; O g\u00fcn demi\u015fti ki; Genelkurmay Ba\u015fkanl\u0131\u011f\u0131&#8217;n\u0131n elinde b\u00f6yle hi\u00e7bir belge yoktur. Bende ayn\u0131 c\u00fcmleyi bug\u00fcn aynen tekrarl\u0131yorum. Hi\u00e7 bir belge yoktur. Resmi kavramda herhangi bir belge bizde mevcut de\u011fil&#8230; Ba\u015fsavc\u0131l\u0131k bunu takip ediyor, o s\u00fcreci bekleyece\u011fiz. Ona ilave edece\u011fimiz bir husus yoktur.<\/em><\/p>\n<ul>\n<li><strong>Erdo\u011fan Akta\u015f: S\u00f6z konusu soru\u015fturmada ter\u00f6r \u00f6rg\u00fct\u00fc PKK&#8217;y\u0131 Ergenekon&#8217;nn kurdurdu\u011funa dair bir iddia var. Bununla ilgili bir yakla\u015f\u0131m\u0131n\u0131z oldu mu? PKK&#8217;n\u0131n ba\u015fkalar\u0131 taraf\u0131ndan kurulup, kullan\u0131lmas\u0131&#8230;<\/strong><\/li>\n<\/ul>\n<p><em>(Ba\u015fbu\u011f araya girerek&#8230;)<\/em><em> Ergenekon dediniz. \u00d6zel isim kullan\u0131lmayacak diye biliyorum&#8230;<\/em><\/p>\n<p><em>Bu kavramlar bizi rahats\u0131z ediyor. Biz TSK olarak demokrasiye ba\u011fl\u0131y\u0131z ve sayg\u0131l\u0131y\u0131z. TSK b\u00fcnyesinde b\u00f6yle bir konu ve olu\u015fum yoktur, buna ili\u015fkin herhangi bir ara\u015ft\u0131rma inceleme de yoktur&#8221; demi\u015fti.<\/em><\/p>\n<p>\u0130lker Ba\u015fbu\u011f&#8217;un &#8220;demokrasiye ba\u011fl\u0131l\u0131klar\u0131n\u0131, darbecilerin TSK i\u00e7inde y\u00fcz bulup bar\u0131namayaca\u011f\u0131n\u0131, yarg\u0131n\u0131n ba\u011f\u0131ms\u0131zl\u0131\u011f\u0131na olan sayg\u0131lar\u0131n\u0131&#8221; \u00f6zellikle dile getirmesi, kendi ideolojik emellerini ve kirli hedeflerini, orduya k\u0131\u015fk\u0131rt\u0131p kullanarak ger\u00e7ekle\u015ftirmeye \u00e7al\u0131\u015fan ve genellikle &#8220;Kemalizm ve Sosyalizm&#8221; k\u0131l\u0131f\u0131na s\u0131\u011f\u0131nan Masonik odaklara ve kom\u00fcnist art\u0131klar\u0131na tokat gibi bir yan\u0131t mahiyetindeydi.<\/p>\n<p>\u0130lker Ba\u015fbu\u011f&#8217;un; &#8220;Ordu i\u00e7inde darbeci bulunamaz&#8221; s\u00f6zleri ayn\u0131 zamanda;<\/p>\n<p>&#8220;Bu Ordu&#8217;nun kolunu kanad\u0131n\u0131 etkisiz ve yetkisiz hale sokmak gerekir ki, bir daha darbe yapmaya kalk\u0131\u015fmas\u0131n, demokrasiyi t\u0131kamas\u0131n; kalk\u0131\u015fsa bile ba\u015far\u0131s\u0131z kals\u0131n&#8221; iddialar\u0131n\u0131 dayatan AB&#8217;nin ve i\u015fbirlik\u00e7i akreplerin b\u00fct\u00fcn bahanelerini bo\u015fa \u00e7\u0131karan bir yan\u0131tt\u0131r.<\/p>\n<p><em>PKK ile di\u011fer \u00f6rg\u00fct aras\u0131nda ba\u011f-ba\u011flant\u0131 konusu&#8230; Genelde gizli tan\u0131klar\u0131n ifadelerine dayanarak kurulan bir ba\u011f. Bu konu hakk\u0131nda konu\u015famam. 1993 y\u0131l\u0131nda bir olay\u0131 bu olayla nas\u0131l ba\u011flayacaks\u0131n\u0131z onu da merak ediyorum. Bunu yapan iki tane k\u00fc\u00e7\u00fck ki\u015fi, bunu ba\u011flamakta ben g\u00fc\u00e7l\u00fck \u00e7ekiyorum.<\/em><\/p>\n<p><em>\u0130ki konu var, siz sormad\u0131n\u0131z o zaman ben anlatay\u0131m&#8230; Deniliyor ki; bu soru\u015fturma s\u00fcrecine Genelkurmay destek ya da izin veriyor. De\u011ferli medya mensuplar\u0131 hukuk devletinde bir kurumun bir yarg\u0131 s\u00fcrecine destek vermesini yada vermemesini d\u00fc\u015f\u00fcnmek nas\u0131l olabilir.. \u00d6nemli olan bu s\u00fcrecin yasalar \u00e7er\u00e7evesinde y\u00fcr\u00fct\u00fcl\u00fcp y\u00fcr\u00fct\u00fclmemesi.. En \u00f6nemlisi de CMUK 250. maddesi kapsam\u0131nda kurulan \u00f6zel yetkili A\u011f\u0131r Ceza Mahkemeleriyle bunlar\u0131n savc\u0131lar\u0131n\u0131n yetkilerini iyi anlamak laz\u0131m.<\/em><\/p>\n<p><em>Bu arama askerin m\u00fcsaadesi yada izniyle yap\u0131l\u0131yor deniyor. Cumhuriyet savc\u0131lar istiyor, kat\u0131l\u0131yor askeri savc\u0131lar da yap\u0131yor.<\/em><\/p>\n<p><em>Bu \u015fekilde; &#8220;destekliyor, desteklemiyor&#8221; gibi s\u00f6zler bir hukuk devletinde konu\u015fulmaz.<\/em><\/p>\n<p><strong>T\u00fcrkiye Halk\u0131 \u0130fadesi<\/strong><\/p>\n<p><em>Bu Atat\u00fcrk&#8217;\u00fcn c\u00fcmlesidir&#8230; T\u00fcrkiye Cumhuriyeti&#8217;ni kuran T\u00fcrkiye halk\u0131na T\u00fcrk milleti denir.<\/em><\/p>\n<p><strong>Dtp<\/strong><strong> \u0130le Ayn\u0131 \u00c7at\u0131da Bulunamay\u0131z!<\/strong><\/p>\n<p><em>Biz TSK olarak ne TBMM ne de T\u00fcrkiye&#8217;deki siyasi partileri protesto etmemiz m\u00fcmk\u00fcn de\u011fildir. Ancak bu siyasi parti, ter\u00f6r \u00f6rg\u00fct\u00fcyle olan ili\u015fkisini kesip atmadan, bak\u0131\u015f\u0131n\u0131 a\u00e7\u0131kl\u0131\u011fa kavu\u015fturmadan onlarla ayn\u0131 \u00e7at\u0131da olmam\u0131z da beklenmemelidir. Onlar\u0131n ter\u00f6r \u00f6rg\u00fct\u00fcyle ilgili s\u00f6zleri ortadad\u0131r. Ben bu sabah 9 \u015fehit vermi\u015f bir kurumun komutan\u0131y\u0131m. Ter\u00f6r \u00f6rg\u00fct\u00fcyle aras\u0131na mesafe koyamayan birileriyle aram\u0131za mesafe koymam\u0131za sayg\u0131 duyulaca\u011f\u0131n\u0131 zannediyorum.<\/em><\/p>\n<p><strong>Bedelli Askerlik<\/strong><\/p>\n<p><em>1111. say\u0131l\u0131 askerlik konunun 10. maddesi, bedelli askerlik fazla personel olu\u015fmas\u0131 halinde uygulan\u0131r. \u015eu anda durum nedir? 2008&#8217;den itibaren silahl\u0131 kuvvetlerin asker ihtiyac\u0131n\u0131 kar\u015f\u0131lama y\u00fczdesi d\u00fc\u015f\u00fcyor. %65.49&#8217;unu kar\u015f\u0131lanm\u0131\u015f 2008&#8217;de&#8230; %100 olmas\u0131 gerekirken! Bu g\u00f6revlerin y\u00fcr\u00fct\u00fclmesinde zorluklar yarat\u0131yor. Bizim TSK olarak bedelli askerlik uygulamas\u0131n\u0131 d\u00fc\u015f\u00fcnmemiz s\u00f6z konusu de\u011fil. Bunun pek uygulanma olana\u011f\u0131n\u0131n olmad\u0131\u011f\u0131n\u0131 s\u00f6ylemek m\u00fcmk\u00fcn. T\u00fcrkiye ter\u00f6rle m\u00fccadele ediyor, bu sabah 9 vatan evlad\u0131n\u0131 kaybederken di\u011feri 7.500-10.000 dolar \u00f6deyecek ve askerlik yapmayacak. Kimse bedelli askerlik isteyemez. Bunun kimseye ifade edemeyiz. Ter\u00f6rle m\u00fccadele eden bir \u00fclkede parayla bunu milletimize a\u00e7\u0131klayamay\u0131z&#8230;<\/em><\/p>\n<p><em>Normal askerlik var, 15 ay K\u0131sa d\u00f6nem askerlik var&#8230; \u015eimdi bir de bu bedelli var. Biz bu b\u00fct\u00fcn sistemleri ele alan yeni bir sistem hakk\u0131nda \u00e7al\u0131\u015f\u0131yoruz. Tek tipe indirebilir miyiz konusunda \u00e7al\u0131\u015f\u0131yoruz.<\/em><\/p>\n<p><strong>Da\u011fdan \u0130ndirme<\/strong><\/p>\n<p>Harp Akademileri&#8217;nde yapm\u0131\u015f oldu\u011fum a\u00e7\u0131klamada ne demi\u015fim. <em>(O metni okuyor..)<\/em> <em>TCK&#8217;n\u0131n 221. maddesinin 2. f\u0131kras\u0131 \u00f6rg\u00fcte kar\u015f\u0131 a\u00e7\u0131lacak \u00f6nlemler a\u00e7\u0131s\u0131ndan \u00f6nemli&#8230; Bu iyi uygulan\u0131rsa, da\u011fdan indirmede daha etkili sonu\u00e7lar alabiliriz. Teslim olmay\u0131 daha cazip k\u0131lmal\u0131y\u0131z&#8230;<\/em><\/p>\n<ul>\n<li><strong>Murat Yetkin: 14 Nisan&#8217;daki konu\u015fman\u0131zdan sonra Say\u0131n \u00c7i\u00e7ek bunu MGK&#8217;da g\u00f6r\u00fc\u015fsek daha iyi demi\u015fti.. Bir de cemaat konusu var. MGK&#8217;da hi\u00e7 bu konu g\u00fcndeme geliyor mu?<\/strong><\/li>\n<\/ul>\n<p><em>&#8211; Maddelerin de\u011fi\u015ftirilmesine dair bir fikrimiz yok. Maddeler iyidir.. Bunlar\u0131n \u00fczerine \u00e7al\u0131\u015f\u0131yoruz elbette&#8230; Teslim olan ter\u00f6ristlere y\u00f6nelik olarak topluma kazand\u0131r\u0131lma merkezleri sistemlerinin kurulmas\u0131 \u00f6nemli.. Mevcut yasa iyidir. \u00d6nemli olan bu d\u00fczenlemenin uygulanmas\u0131d\u0131r. MGK&#8217;da bu konuyu g\u00f6r\u00fc\u015ft\u00fck, g\u00f6r\u00fc\u015fece\u011fiz.<\/em><\/p>\n<p><em>\u00d6b\u00fcr konuyla ilgili olarak bug\u00fcn burada ekleyece\u011fim ba\u015fka bir ifade yok&#8230; Yarg\u0131ya intikal etmi\u015f konulard\u0131r bunlar\u0131n sonu\u00e7lar\u0131n\u0131 bekleyece\u011fiz&#8230;<\/em><\/p>\n<p><strong>Cihan Muhabiri Olay\u0131<\/strong><\/p>\n<p><em>K.Mara\u015f&#8217;taki C\u0130HAN muhabiriyle ilgili olan bilgi \u015fu. 30 Mart g\u00fcn\u00fc olay oluyor. DHA muhabirini ar\u015fiv \u00e7ekimleri i\u00e7in ilgili komutan\u0131m\u0131z taraf\u0131ndan g\u00f6t\u00fcr\u00fcl\u00fcp getiriliyor. Daha sonra bir helikopterimize malzeme y\u00fckleniyor. O s\u0131rada yanlar\u0131na iki ki\u015fi geliyor, helikoptere binmek isteniyor.<\/em><\/p>\n<p><em>Yeri geliyor; ter\u00f6ristleri bile helikopterle ta\u015f\u0131yoruz. C\u0130HAN muhabirinin helikoptere al\u0131nmamas\u0131nda bir kas\u0131t yok, elinde farkl\u0131 bilgi olan varsa ula\u015ft\u0131rs\u0131n.<\/em><\/p>\n<p><strong>Ba\u015fbu\u011f&#8217;un Avrupa Birli\u011fi Yakla\u015f\u0131m\u0131 ve Yanl\u0131\u015fl\u0131\u011f\u0131:<\/strong><\/p>\n<p><strong><em>&#8220;TSK&#8217;n\u0131n 4-5 ayda bir fikrini de\u011fi\u015ftirmesi s\u00f6z konusu de\u011fil. A\u011fustos sonunda ne demi\u015fiz&#8230; (O s\u00f6zleri okuyor&#8230;) STK i\u00e7in AB&#8217;ye tam \u00fcyelik Atat\u00fcrk&#8217;\u00fcn hedefledi\u011fi \u00e7a\u011fda\u015f uygarl\u0131k d\u00fczeyinin \u00fczerine \u00e7\u0131kmak i\u00e7in \u00f6nemli bir ara\u00e7t\u0131r&#8221; diyordu.<\/em><\/strong><\/p>\n<p><strong>(Bize g\u00f6re bu anlay\u0131\u015f tam bir yan\u0131lg\u0131d\u0131r. AB&#8217;ye yamanmakla Atat\u00fcrk&#8217;\u00fcn &#8220;\u00c7a\u011fda\u015f uygarl\u0131k d\u00fczeyini yakalay\u0131p a\u015fma&#8221; hedefi aras\u0131nda bir irtibat kurmak yanl\u0131\u015ft\u0131r. Tam aksine AB milli birlik ve dirli\u011fimizi par\u00e7alamaya ve gelece\u011fimizi karartmaya ba\u015flam\u0131\u015ft\u0131r. Umar\u0131z bu a\u00e7\u0131klamalar\u0131 konjonkt\u00fcrel bask\u0131lar ve taktiksel hesaplarla yapm\u0131\u015ft\u0131r.<\/strong><\/p>\n<p><strong>Oysa Prof. Hasan \u00dcnal&#8217;\u0131n da dikkat \u00e7ekti\u011fi gibi:<\/strong><\/p>\n<p><em>Sarkozy, T\u00fcrkiye&#8217;ye s\u00fcrekli yalan s\u00f6ylendi\u011fini, asl\u0131nda AB \u00fclkelerinden hi\u00e7 birisinin T\u00fcrkiye&#8217;nin AB&#8217;ye \u00fcye yap\u0131lmas\u0131ndan yana olmad\u0131\u011f\u0131n\u0131 fakat hi\u00e7bir \u00fclkenin a\u00e7\u0131k\u00e7a bunu ifade etmedi\u011fini ve b\u00fct\u00fcn bunlar\u0131n asl\u0131nda yalan s\u00f6ylemek anlam\u0131na geldi\u011fini belirtti. Ve sonu\u00e7ta art\u0131k T\u00fcrkiye&#8217;ye yalan s\u00f6ylemeye son verelim anlam\u0131nda s\u00f6zler s\u00f6yledi.<\/em><\/p>\n<p><em>Ayr\u0131ca Sarkozy T\u00fcrkiye ile bir \u00f6zel stat\u00fc yap\u0131labilece\u011fini, benzeri bir \u00f6zel ili\u015fkinin de Rusya ile kurulabilece\u011fini hatta kurulmas\u0131 gerekti\u011fini ifade etti.<\/em><\/p>\n<p><em>T\u00fcrkiye&#8217;nin bug\u00fcnk\u00fc n\u00fcfusu, mevcut co\u011frafyas\u0131 ve farkl\u0131 oldu\u011fu iddia edilen k\u00fclt\u00fcr\u00fc &#8211; ki, burada da kast edilenin b\u00fcy\u00fck bir k\u0131sm\u0131 din farkl\u0131l\u0131\u011f\u0131d\u0131r &#8211; T\u00fcrkiye&#8217;nin AB&#8217;ye \u00fcye olmas\u0131n\u0131 adeta imk\u00e2ns\u0131z hale getiriyor. T\u00fcrkiye 1963&#8217;de Ankara antla\u015fmas\u0131n\u0131 imzalad\u0131\u011f\u0131 zaman n\u00fcfusumuz yirmi be\u015f milyondan biraz fazlayd\u0131. Yani o zamanki AB a\u00e7\u0131s\u0131ndan bak\u0131ld\u0131\u011f\u0131nda hazm\u0131 \u00e7ok daha kolay bir \u00fclkeydi.<\/em><\/p>\n<p><em>Ayr\u0131ca 1960&#8217;l\u0131 y\u0131llarda T\u00fcrkiye&#8217;nin n\u00fcfusu \u00e7ok h\u0131zl\u0131 kalk\u0131nan Almanya i\u00e7in gayet uygun bir kaynakt\u0131. Almanya&#8217;ya o y\u0131llarda giden T\u00fcrk i\u015f\u00e7ileri Almanya&#8217;n\u0131n her yerinde bando m\u0131z\u0131ka ile kar\u015f\u0131lan\u0131yordu. Bug\u00fcnlerde kuru kalabal\u0131k g\u00f6r\u00fcnen T\u00fcrk insan\u0131 o y\u0131llarda Almanya&#8217;n\u0131n yeniden in\u015fas\u0131n\u0131 sa\u011flayan olumlu bir fakt\u00f6r idi.<\/em><\/p>\n<p><em>So\u011fuk sava\u015f h\u0131zla sona ererken T\u00fcrkiye&#8217;nin co\u011frafyas\u0131 art\u0131k bir y\u00fck haline d\u00f6n\u00fc\u015ft\u00fc ve b\u00fct\u00fcnle\u015fen ve geni\u015fleyen Avrupa a\u00e7\u0131s\u0131ndan T\u00fcrkiye&#8217;nin k\u00fclt\u00fcr\u00fc ve dini farkl\u0131 olarak alg\u0131land\u0131. Bug\u00fcn art\u0131k T\u00fcrkiye&#8217;nin AB \u00fcyeli\u011finin herhangi bir \u015fekilde m\u00fcmk\u00fcn olabilece\u011fini s\u00f6yleyen sadece T\u00fcrkiye&#8217;de kendisini liberal diye tan\u0131mlayanlard\u0131r. Avrupa&#8217;da T\u00fcrkiye&#8217;nin g\u00fcn\u00fcn birinde \u00fcye olabilece\u011fini d\u00fc\u015f\u00fcnen kalmad\u0131. Sarkozy de bunu teyit ediyor.<\/em><\/p>\n<p><em>\u0130\u015fin garip taraf\u0131 AKP h\u00fck\u00fcmetinin de bu ger\u00e7e\u011fi bildi\u011fi halde hala AB s\u00fcrecinde \u0131srar etmesi kafa kar\u0131\u015ft\u0131r\u0131yor. Di\u011fer aday \u00fclkelere uygulananlardan \u00e7ok farkl\u0131 davran\u0131l\u0131yor. Temel d\u0131\u015f politika sorunlar\u0131nda T\u00fcrkiye&#8217;nin b\u00fct\u00fcn \u00e7\u0131karlar\u0131n\u0131 yok etmek isteyen ve dahas\u0131 \u00fclkemizi milli devlet yap\u0131s\u0131ndan \u00e7\u0131kar\u0131p, \u00e7ok uluslu ortakl\u0131k devletine \u00e7evirmek istiyor. O halde AKP acaba AB s\u00fcrecini bahane olarak m\u0131 kullan\u0131yor? diye sormak gerekiyor.&#8221;<\/em><a name=\"_ftnref2\" href=\"#_ftn2\" title=\"_ftnref2\"><em><strong>[2]<\/strong><\/em><\/a><\/p>\n<p><strong><em>Ba\u015fbu\u011f&#8217;un bu a\u00e7\u0131klamay\u0131 yapt\u0131\u011f\u0131 g\u00fcn, AB&#8217;nin Rumlar\u0131 sevindiren \u015fu karar\u0131 a\u00e7\u0131klam\u0131\u015ft\u0131.<\/em><\/strong><\/p>\n<p><em>Avrupa Adalet Divan\u0131, KKTC&#8217;yi zor durumda b\u0131rakacak bir karara imza att\u0131 AB&#8217;nin en yetkili yarg\u0131 kurumu olan Avrupa Adalet Divan\u0131, KKTC&#8217;deki m\u00fclkiyet sorunlar\u0131yla ilgili davalarda, Rum mahkemelerinin verdi\u011fi kararlar\u0131n t\u00fcm AB \u00fcyesi \u00fclkelerde uygulanmas\u0131 gerekti\u011fine h\u00fckmetti. Kuzey K\u0131br\u0131s&#8217;ta eski Rum arazisine sahip olan yabanc\u0131lar\u0131 ma\u011fdur eden karar\u0131n, KKTC&#8217;deki emlak fiyatlar\u0131na a\u011f\u0131r darbe vurmas\u0131 bekleniyor. Karar, Rum yarg\u0131s\u0131na, K\u0131br\u0131s Rum Kesimi&#8217;nin siyasi kontrol\u00fcnde bulunmayan KKTC \u00fczerinde i\u00e7tihat hakk\u0131 tan\u0131mas\u0131 nedeniyle de b\u00fcy\u00fck \u00f6nem ta\u015f\u0131yor.<a name=\"_ftnref3\" href=\"#_ftn3\" title=\"_ftnref3\"><strong>[3]<\/strong><\/a> <\/em><\/p>\n<p><strong><em>Ba\u015fbu\u011f: &#8220;ABD Ba\u015fkan\u0131 Obama&#8217;n\u0131n geldi\u011fi g\u00fcn, ba\u015fkan\u0131n g\u00fcvenlik dan\u0131\u015fman\u0131 Jones ile de g\u00f6r\u00fc\u015ft\u00fcm. Bir yabanc\u0131 geldi\u011fi zaman, hemen bir \u015fey isteyecek diye yaz\u0131l\u0131yor. Hay\u0131r&#8230;\u00a0 Benim g\u00f6r\u00fc\u015ft\u00fc\u011f\u00fcm 2 Amerikal\u0131, T\u00fcrkiye&#8217;den ve bizden ne Irak ne de Afganistan&#8217;la ilgili bir \u015fey istememi\u015ftir&#8230;<\/em><\/strong><\/p>\n<p><em>ABD Genelkurmay Ba\u015fkan\u0131 ile 4 saat g\u00f6r\u00fc\u015ft\u00fck. Pakistan&#8217;da \u00e7ok ciddi geli\u015fmeler var. Endi\u015fe duyuyoruz&#8230; Karde\u015f ve dost \u00fclkenin i\u00e7 sorunlar\u0131n\u0131 \u00e7\u00f6z\u00fcme kavu\u015fturabilmesini umuyoruz. Afganistan&#8217;da A\u011fustos ay\u0131nda se\u00e7imler var. Ter\u00f6r olaylar\u0131nda art\u0131\u015f var.. Rahat bir durum de\u011fil. ABD b\u00f6lgeye ilave askeri g\u00fc\u00e7ler g\u00f6ndermeyi d\u00fc\u015f\u00fcn\u00fcyor. Irak&#8217;ta g\u00fcvenlik durumu biraz daha iyile\u015fme g\u00f6steriyor idi. Irak&#8217;la ilgili olarak devletimizin politikas\u0131 belirli. Toprak b\u00fct\u00fcnl\u00fc\u011f\u00fc bizim i\u00e7in hayati derece \u00f6nemlidir. Ayr\u0131ca PKK&#8217;n\u0131n Irak&#8217;\u0131n kuzeyinden tasfiye edilmesidir. 1984 y\u0131l\u0131ndan bu yana ter\u00f6rle m\u00fccadelede sahip olamad\u0131\u011f\u0131m\u0131z bir \u015fans ve f\u0131rsat\u0131 yakalad\u0131k. Bu f\u0131rsat\u0131 en iyi \u015fekilde kullanmam\u0131z laz\u0131m. Sorumluluk merkezi Irak&#8217;a aittir. Ayr\u0131ca kuzeydeki pe\u015fmerge g\u00fcc\u00fc var. Bunlar\u0131nda da bu i\u015fe dahil olmas\u0131 gereklidir. Bu i\u015fe aktif olarak dahil olmas\u0131 zorunludur. Suriye ile T\u00fcrkiye aras\u0131ndaki k\u00fc\u00e7\u00fck seviyede olan ve bir ilk olan tatbikat var. Bug\u00fcnler de sona erecek. \u0130srail&#8217;in tepkisi bizi ilgilendirmez. Bu bizim Suriye ile bizim konumuz. \u00dclkemizin b\u00fcy\u00fckl\u00fc\u011f\u00fcn\u00fc yerine koyal\u0131m. 2006&#8217;dan itibaren Afganistan&#8217;da b\u00fct\u00fcn operasyonlar\u0131n sorumlulu\u011fu NATO&#8217;da ge\u00e7ti&#8230; Bu harekat\u0131n i\u00e7inde iki tane harekat var. Kabil b\u00f6lge komutanl\u0131\u011f\u0131nda bir tane piyade taburumuz var. Muharip birli\u011fimiz mevcut&#8230; G\u00f6revi k\u0131s\u0131tl\u0131. Bunlar yanl\u0131\u015f ifade ediliyor. Bizim k\u0131s\u0131tlamalar\u0131m\u0131z var. 800 ki\u015filik bir tak\u0131m\u0131m\u0131z var orada. Bu bizim planlamam\u0131z. Normal olarak Kabil B\u00f6lge Komutanl\u0131\u011f\u0131&#8217;n\u0131 Kas\u0131m&#8217;da biz alaca\u011f\u0131z. \u0130talyan ve Frans\u0131zlar buradaki taburlar\u0131n\u0131 \u00e7ekmek istiyor. Elbette bunu biz NATO&#8217;da yap\u0131lacak bir toplant\u0131da di\u011fer \u00fclkelerden gelecek yard\u0131mla dolduraca\u011f\u0131z. 800&#8217;l\u00fck birli\u011fimizin say\u0131s\u0131 artabilir. E\u011fitim gibi kurulu\u015flara orada yard\u0131mc\u0131 oluyoruz.<\/em><\/p>\n<p>Afganistan&#8217;daki birli\u011fimizin<\/p>\n<p>1-Ter\u00f6r \u00c7at\u0131\u015fmalar\u0131nda<\/p>\n<p>2-Uyu\u015fturucu Takibinde<\/p>\n<p>3-Taliban ve El-Kaide ile sava\u015fta<\/p>\n<p>4-May\u0131n taramas\u0131nda<\/p>\n<p>Kullan\u0131lmayaca\u011f\u0131na dair garanti verilmi\u015ftir.<\/p>\n<p><strong>Azerbaycan-Ermenistan<\/strong><\/p>\n<p>&#8220;Sorunlar nelerdir? Kars Anla\u015fmas\u0131 var, \u00e7izilen s\u0131n\u0131r\u0131n tan\u0131nmas\u0131, toprak taleplerinden ve soyk\u0131r\u0131m iddialar\u0131ndan vazge\u00e7me sorunu var.. Soyk\u0131r\u0131m olay\u0131 \u00f6zel kasta y\u00f6nelik uygulan\u0131r.\u00a0\u00d6zel kast var, bunun ortaya konulmas\u0131 laz\u0131m.\u00a0Azerbaycan ile Ermenistan aras\u0131nda Da\u011fl\u0131k Karaba\u011f sorunu\u00a0var. Ermenistan&#8217;\u0131n i\u015fgal etti\u011fi Azerbaycan topraklar\u0131ndan \u00e7ekilmesi \u00e7ok \u00f6nemli.<\/p>\n<p>T\u00fcrkiye&#8217;de her \u015fey yasalara uygun y\u00fcr\u00fcd\u00fc\u011f\u00fc s\u00fcrece sorunlarla ba\u015far\u0131yla m\u00fccadele edilir. T\u00fcrk milletine ba\u015fsa\u011fl\u0131\u011f\u0131 diliyorum. Ter\u00f6rle kimse bir yere varamaz&#8230;<\/p>\n<p>Genel Kurmay Ba\u015fkan\u0131n\u0131n, her kesimden gazeteci arac\u0131l\u0131\u011f\u0131yla, toplumun t\u00fcm\u00fcne, <strong>&#8220;TSK&#8217;da demokratik rejime farkl\u0131 bakan kimseyi bar\u0131nd\u0131rmay\u0131z.<\/strong>&#8221; Demesi olduk\u00e7a anlaml\u0131yd\u0131.<\/p>\n<p>T\u00fcrk Silahl\u0131 Kuvvetleri i\u00e7erik d\u00fczeyinde &#8220;demokrasiye ba\u011fl\u0131l\u0131\u011f\u0131n\u0131&#8221; a\u00e7\u0131klam\u0131\u015ft\u0131.<\/p>\n<p>Ama se\u00e7ilen ileti\u015fim bi\u00e7imi\u00a0 de en az i\u00e7erik kadar \u00f6nemli say\u0131lmal\u0131yd\u0131.<\/p>\n<p><strong>&#8220;Bu ileti\u015fim bi\u00e7imi ile, Genelkurmay Ba\u015fkan\u0131&#8217;n\u0131n Silahl\u0131 Kuvvetler ad\u0131na konu\u015fuyor g\u00f6r\u00fcnen &#8220;baz\u0131 sivil pa\u015falar&#8217;\u0131 ve durumdan kendi kendine vazife \u00e7\u0131kartan sahte TSK s\u00f6zc\u00fcs\u00fc&#8221; tavr\u0131 tak\u0131nanlar\u0131 k\u00f6kten emekli etti\u011fi ortaya \u00e7\u0131km\u0131\u015ft\u0131.<\/strong><\/p>\n<p>Bundan sonra, &#8220;<strong>TSK ne d\u00fc\u015f\u00fcn\u00fcyor&#8221;<\/strong> diye merak edildi\u011fi zaman, <strong>bak\u0131lacak tek yerin Genelkurmay Ba\u015fkan\u0131&#8217;n\u0131n s\u00f6zleri <\/strong>olmas\u0131n\u0131n <strong>kurumsalla\u015fmas\u0131, <\/strong>T\u00fcrk demokrasisi a\u00e7\u0131s\u0131ndan \u00e7ok \u00f6nemli bir mesafe olarak okunmal\u0131yd\u0131.<\/p>\n<p><strong>Ergenekoncular\u0131n Arkas\u0131nda Askerler De\u011fil Kiliseler Vard\u0131.<\/strong><\/p>\n<p>&#8220;Zirve&#8221;nin azmettiricisi kilise maa\u015fl\u0131 \u00e7\u0131km\u0131\u015ft\u0131.<\/p>\n<p>Malatya&#8217;daki 1&#8217;i Alman olan 3 ki\u015finin \u00f6ld\u00fcr\u00fcld\u00fc\u011f\u00fc Zirve yay\u0131nevi davas\u0131n\u0131n ikinci iddianamesinde olay\u0131n azmettiricisi olmakla su\u00e7lanan 2 ki\u015fiden birisi olan H\u00fcseyin Yelki&#8217;ye olaydan sonra Adana&#8217;daki Babtiz Kilisesi&#8217;nin kendisine her ay 500 TL para verdi\u011fi ortaya \u00e7\u0131km\u0131\u015ft\u0131. H\u00fcseyin Yelki, \u0130stanbul Bal\u0131kl\u0131 Rum Hastanesi&#8217;nde yapt\u0131r\u0131lan ameliyat\u0131n\u0131n kiliselerden gelen yard\u0131mlar sonucu ger\u00e7ekle\u015ftirildi\u011fini ve ikinci ameliyat\u0131n\u0131n ise olay\u0131n meydana geldi\u011fi 18 Nisan 2007&#8217;den 1 g\u00fcn \u00f6nce yine \u0130stanbul&#8217;da yap\u0131ld\u0131\u011f\u0131n\u0131 ve kendisinin olay\u0131n oldu\u011fu g\u00fcn sabah u\u00e7akla Malatya&#8217;ya geldi\u011fini a\u00e7\u0131klad\u0131. Kendisi gibi azmettirici olmakla su\u00e7lanan Varol B\u00fclent Aral&#8217;\u0131 tan\u0131mad\u0131\u011f\u0131n\u0131 ve y\u00fcz y\u00fcze hi\u00e7 g\u00f6r\u00fc\u015fmedi\u011fini s\u00f6yleyen Yelki, olay\u0131n kilit ismi olan Emre G\u00fcnayd\u0131n ile de olaydan yakla\u015f\u0131k 2 ay \u00f6nce tan\u0131\u015ft\u0131\u011f\u0131n\u0131 anlatm\u0131\u015ft\u0131. Olay\u0131n azmettiricisi olmakla iddia edilen H\u00fcseyin Yelki, karde\u015fi olan Y. Yelki&#8217;nin ise 1993-1994 y\u0131llar\u0131 aras\u0131nda olay\u0131n kilit ismi olan Emre g\u00fcnayd\u0131n&#8217;\u0131n babas\u0131na ait spor salonuna gitti\u011fini hat\u0131rlatm\u0131\u015ft\u0131.<\/p>\n<p><strong>Yani Ergenekon&#8217;un arkas\u0131nda askerler de\u011fil kiliseler vard\u0131.<\/strong><\/p>\n<p>Malum ve Mel&#8217;un Bir Gazete &#8220;<strong>\u015eeytani Taraf&#8221;<\/strong>\u0131n\u0131 g\u00f6sterecek \u015fekilde: <strong>&#8220;\u0130lker Ba\u015fbu\u011f, Ergenekon&#8217;un yeni Avukat\u0131&#8221;<\/strong> ba\u015fl\u0131\u011f\u0131n\u0131 atm\u0131\u015ft\u0131.<\/p>\n<p><strong>Kay\u0131p Silahlar\u0131n Kayna\u011f\u0131 Emniyet mi?<\/strong><\/p>\n<p>CHP, Genelkurmay Ba\u015fkan\u0131 Orgeneral \u0130lker Ba\u015fbu\u011f&#8217;un, isim vermeden Ergenekon soru\u015fturmas\u0131 kapsam\u0131nda ele ge\u00e7irilen <a href=\"http:\/\/milarsiv.milliyet.com.tr\/silah\/1\/1089615\/\" target=\"_blank\" rel=\"noopener\">silah<\/a> ve m\u00fchimmata ili\u015fkin yapt\u0131\u011f\u0131 a\u00e7\u0131klamay\u0131 TBMM g\u00fcndemine ta\u015f\u0131m\u0131\u015ft\u0131.<\/p>\n<p>\u0130\u00e7i\u015fleri Bakan\u0131 Be\u015fir Atalay&#8217;\u0131n yan\u0131tlamas\u0131 istemiyle TBMM&#8217;ye soru \u00f6nergesi veren CHP Konya Milletvekili <a href=\"http:\/\/milarsiv.milliyet.com.tr\/Atilla%20Kart\/1\/1089615\/\" target=\"_blank\" rel=\"noopener\">Atilla Kart<\/a>: &#8220;Genelkurmay&#8217;da bu silahlar\u0131n bulunmad\u0131\u011f\u0131 kay\u0131tl\u0131 oldu\u011funa g\u00f6re, bu silahlar <a href=\"http:\/\/milarsiv.milliyet.com.tr\/emniyet\/1\/1089615\/\" target=\"_blank\" rel=\"noopener\">emniyet<\/a> b\u00fcnyesinden kaynaklanan silahlar m\u0131d\u0131r?&#8221;<\/p>\n<p><strong>\u2018Emniyet ve h\u00fck\u00fcmet niye suskun&#8217;<\/strong><\/p>\n<p>&#8220;Genelkurmay Ba\u015fkan\u0131 rakamlar vererek \u00e7ok net de\u011ferlendirmeler yapt\u0131. Bu konulardaki y\u00f6nlendirmelerin, spek\u00fclasyonlar\u0131n \u00f6n\u00fcn\u00fc kesmi\u015f oldu. Asl\u0131nda b\u00f6ylesine net de\u011ferlendirmeler \u00e7ok daha \u00f6nce yap\u0131lmal\u0131yd\u0131&#8221;<\/p>\n<p>Aradan 24 saat ge\u00e7mesine ra\u011fmen, emniyet ve h\u00fck\u00fcmetin hi\u00e7bir a\u00e7\u0131klama yapmamas\u0131n\u0131 kamuoyunun dikkatinden ka\u00e7mam\u0131\u015ft\u0131. Silahlar\u0131n, emniyetten mi ya da her nereden kaynakland\u0131ysa bunu a\u00e7\u0131klamak, h\u00fck\u00fcmet ve emniyetin sorumlulu\u011fundayd\u0131.&#8221;<\/p>\n<p><strong>\u2018Failler kamufle ediliyor&#8217;<\/strong><\/p>\n<p>&#8220;Ergenekon soru\u015fturmas\u0131n\u0131n, politize olan kolluk g\u00fc\u00e7leri ve iktidar ile iktidar g\u00fcd\u00fcm\u00fcndeki belli ki\u015fi ve kurumlar\u0131n i\u015fbirli\u011fiyle s\u00fcrd\u00fcr\u00fcld\u00fc\u011f\u00fc a\u00e7\u0131kt\u0131&#8221; Soru\u015fturmadaki ihlaller nedeniyle ger\u00e7ek faillerin kamufle edildi\u011fi kayg\u0131s\u0131 ta\u015f\u0131nmaktayd\u0131.<\/p>\n<p>Ba\u015fbu\u011f&#8217;un &#8220;\u00d6zel Kuvvetler Komutanl\u0131\u011f\u0131&#8217;n\u0131n \u00fclke sath\u0131nda g\u00f6m\u00fcl\u00fc silah ve m\u00fchimmat\u0131n\u0131n kalmad\u0131\u011f\u0131&#8221; a\u00e7\u0131klamas\u0131 da hat\u0131rlan\u0131rsa &#8220;Soru\u015fturma kapsam\u0131nda bulunan LAW&#8217;larla ilgili kafile ve stok numaralar\u0131n\u0131n SAT Komutanl\u0131\u011f\u0131&#8217;n\u0131n envanterinde olmad\u0131\u011f\u0131n\u0131 beyan etmesi, el bombas\u0131 olarak TSK&#8217;ye intikal edenin 10 kat\u0131n\u0131n Emniyet&#8217;e intikal etti\u011fini de ayr\u0131ca belirtmesi&#8221; anlaml\u0131yd\u0131.<\/p>\n<p><strong>Emniyetin envanteri<\/strong><\/p>\n<p>Emniyetin konuyla ilgili olarak kamuoyunu acilen bilgilendirmesi bir zorunlu halini alm\u0131\u015ft\u0131. Bu soru\u015fturmay\u0131 s\u00fcrd\u00fcren savc\u0131l\u0131k makam\u0131n\u0131n da art\u0131k g\u00f6rmezden gelemeyece\u011fi bir durum ortaya \u00e7\u0131km\u0131\u015ft\u0131r. Be\u015fir\u00a0 Atalay&#8217;\u0131n \u015fu sorular\u0131 yan\u0131tlamas\u0131 laz\u0131md\u0131:<\/p>\n<p>&#8211; \u00a0Emniyet b\u00fcnyesinde mevcut olan LAW, havan, el bombalar\u0131 vb. silah m\u00fchimmat\u0131n envanter durumu nedir? Hangileri kay\u0131p g\u00f6r\u00fclmektedir?<\/p>\n<p>&#8211; \u00a0Genelkurmay konuyla ilgili olarak somut a\u00e7\u0131klama yapt\u0131\u011f\u0131 halde, Emniyet neden suskun ve tepkisizdir?<\/p>\n<p>&#8211; \u00a0 H\u00fck\u00fcmetin, bu soru\u015fturmaya i\u015ftirak etti\u011fi ve y\u00f6nlendirdi\u011fi y\u00f6n\u00fcndeki iddia ve ele\u015ftiriler bilinirken \u015fimdi neden hala bir a\u00e7\u0131klama gelmem\u015fi\u015ftir?<\/p>\n<p><strong>Ama Fetullah\u00e7\u0131 ve Amerikan U\u015fa\u011f\u0131 \u0130hsan Da\u011f\u0131 Zaman Gazetesinde \u015eunlar\u0131 Yaz\u0131yordu:<\/strong><\/p>\n<p><strong>Ba\u015fbu\u011f ne yapmaya \u00e7al\u0131\u015f\u0131yor?<\/strong><\/p>\n<p><em>Son on y\u0131lda iktidar alan\u0131 daralan, iktidar ara\u00e7lar\u0131 y\u0131pranan ve me\u015fruiyeti sars\u0131lan &#8216;asker\u00ee vesayet&#8217; rejimini yeniden kurmaya \u00e7al\u0131\u015f\u0131yor; iktidar i\u00e7in yeni ara\u00e7lar deniyor.<\/em><\/p>\n<p><em>12 Mart, 12 Eyl\u00fcl ve de 28 \u015eubat ve 27 Nisan modeli m\u00fcdahalelerin ba\u015far\u0131s\u0131zl\u0131klar\u0131n\u0131 anlayan, fakat iktidar talebinden vazge\u00e7meyen asker \u015fimdi, siyasal ve toplumsal alanlar\u0131 denetleyici ve d\u00fczenleyici ba\u015fka yollar ar\u0131yor; do\u011frudan olmayan ama daha incelikli, sofistike ve profesyonelce bir strateji izliyor.<\/em><\/p>\n<p><em>Medyaya bakt\u0131\u011f\u0131m\u0131zda bu stratejisinin ba\u015far\u0131l\u0131 oldu\u011funu g\u00f6r\u00fcyoruz. Neredeyse t\u00fcm yazarlar ve yorumcular Genelkurmay Ba\u015fkan\u0131 Ba\u015fbu\u011f&#8217;un demokrasi vurgusundan ve &#8216;darbeciler aram\u0131zda bar\u0131namaz&#8217; s\u00f6z\u00fcnden memnun. Ama as\u0131l mesele, &#8216;nas\u0131l bir demokrasi?&#8217; sorusuna verilecek cevapta d\u00fc\u011f\u00fcmleniyor. Askerin, se\u00e7ilmi\u015f sivillerin denetiminde oldu\u011fu modern bir demokrasi mi, yoksa 1961 modeli &#8216;vesayet demokrasisi&#8217; mi? <\/em><\/p>\n<p><em>Yani mesele darbe de\u011fil, o ge\u00e7ti. 2003-2004 d\u00f6neminde bunu denediler ve ba\u015faramad\u0131lar. Bundan sonra da zor. Bu \u00e7a\u011fda bu \u00fclkede fiili darbe d\u00fc\u015f\u00fcnenler ak\u0131llar\u0131n\u0131 ka\u00e7\u0131rm\u0131\u015f olmal\u0131. T\u00fcrkiye d\u00fcnya ekonomisiyle entegre bir \u00fclke. Darbe olsun, darbeciler askerlerinin maa\u015f\u0131n\u0131 \u00f6deyemez hale gelir \u00fc\u00e7 ay i\u00e7inde, memleketi iflas ettirirler. Ordunun bile fiili bir darbenin ard\u0131ndan tek bir par\u00e7a olarak kalma ihtimali yok. <\/em><\/p>\n<p><em>Ba\u015fbu\u011f&#8217;un &#8216;darbecileri ba-r\u0131n-d\u0131r-ma-y\u0131z&#8217; ifadesini bu \u00e7er\u00e7evede anlamak laz\u0131m. Ba\u015fbu\u011f son derece stratejik d\u00fc\u015f\u00fcnen bir &#8216;kurmay&#8217;. Neyin m\u00fcmk\u00fcn olup neyin m\u00fcmk\u00fcn olmad\u0131\u011f\u0131n\u0131 gayet iyi biliyor. <\/em><\/p>\n<p><em>Tabii ki darbecilere kapal\u0131. Ak\u0131ll\u0131 hi\u00e7bir kurmay, mevcut d\u00fcnya ve de T\u00fcrkiye ko\u015fullar\u0131nda darbeyi akl\u0131ndan bile ge\u00e7irmez. Ama mesele darbe de\u011fil; Ba\u015fbu\u011f&#8217;un anlay\u0131\u015f\u0131nda darbe yok, ama siyaset \u00fczerindeki &#8216;asker vesayeti&#8217;ni kald\u0131rmak niyeti de yok. Kar\u015f\u0131m\u0131zda duran, &#8216;neo-militarist&#8217; bir yakla\u015f\u0131m; bir t\u00fcr &#8216;insani y\u00fczl\u00fc&#8217; ve &#8216;kadife eldivenli militarizm,&#8217; yoksa Kemalizm mi demeliydim? <\/em><\/p>\n<p><em>28 \u015eubat&#8217;\u0131n ve 27 Nisan tarz\u0131 m\u00fcdahalelerin geri tepti\u011fini, ordunun iktidar alan\u0131n\u0131 daraltt\u0131\u011f\u0131n\u0131 ve toplumsal sayg\u0131nl\u0131\u011f\u0131na zarar verdi\u011fini gayet iyi anlayan Ba\u015fbu\u011f, ordunun siyasal g\u00fcc\u00fc ve toplumsal me\u015fruiyeti i\u00e7in yeni bir alan, yol a\u00e7maya \u00e7al\u0131\u015f\u0131yor. Y\u00fcr\u00fct\u00fclen ileti\u015fim stratejisi &#8216;askeri vesayet rejimi&#8217;ni yeniden \u00fcretecek, s\u00fcrekli k\u0131lacak &#8216;a\u00e7\u0131l\u0131mlar&#8217; yapmaya d\u00f6n\u00fck. Kimse yanl\u0131\u015f anlamas\u0131n; &#8216;a\u00e7\u0131l\u0131m&#8217;, K\u00fcrt meselesi veya demokrasi konular\u0131nda de\u011fil. Asker, siyaseti ve toplumu denetleyecek yeni bir dil, yeni ve profesyonel bir ileti\u015fim \u00fcretiyor. <\/em><\/p>\n<p><em>Yaln\u0131z, siyaset kurumlar\u0131 ve toplum buna raz\u0131 m\u0131? Demokrasinin gelece\u011fi as\u0131l bu unsurlar\u0131n tutumuna ba\u011fl\u0131.<\/em><a name=\"_ftnref4\" href=\"#_ftn4\" title=\"_ftnref4\"><em><strong>[4]<\/strong><\/em><\/a><em> <\/em><strong>S\u00f6zleriyle K\u00fcrtlere (g\u00fcney do\u011fu b\u00f6lgesine) federasyon hakk\u0131 tan\u0131madan, daha do\u011frusu AB&#8217;ye eyalet \u0130srail&#8217;e vilayet yap\u0131lmadan ve TSK da\u011f\u0131t\u0131lmadan, T\u00fcrkiye&#8217;ye demokrasi gelmeyece\u011fini vurguluyordu.<\/strong><\/p>\n<p><strong>\u00d6zk\u00f6k&#8217;ten Savc\u0131l\u0131k \u0130fade Sonras\u0131 Genelkurmay ziyareti!<\/strong><\/p>\n<p>Ergenekon soru\u015fturmas\u0131 kapsam\u0131nda \u0130zmir&#8217;de savc\u0131lara tan\u0131k olarak ifade veren eski Genelkurmay ba\u015fkan\u0131 Hilmi \u00d6zk\u00f6k ard\u0131ndan Genelkurmay Ba\u015fkan\u0131 \u0130lker Ba\u015fbu\u011f&#8217;a s\u00fcrpriz bir ziyarette bulunmu\u015ftu.\u00d6zk\u00f6k ile Ba\u015fbu\u011f aras\u0131nda ger\u00e7ekle\u015fen g\u00f6r\u00fc\u015fme, Genelkurmay Ba\u015fkanl\u0131\u011f\u0131&#8217;n\u0131n internet sitesinden duyurulmu\u015ftu. Duyuruda &#8220;24&#8217;\u00fcnc\u00fc Genelkurmay Ba\u015fkan\u0131 Emekli Orgeneral Hilmi \u00d6zk\u00f6k, saat 15.00&#8217;te, Genelkurmay Ba\u015fkan\u0131 Orgeneral \u0130lker Ba\u015fbu\u011f&#8217;a ziyarette bulunmu\u015flard\u0131r&#8221; ifadeleri yer al\u0131yordu.<\/p>\n<p><strong>\u0130lker Ba\u015fbu\u011f&#8217;un Harp Akedemilerindeki konu\u015fmas\u0131na kat\u0131lmayan Hilmi \u00d6zk\u00f6k&#8217;\u00fcn \u015fimdi Genelkurmaya u\u011framas\u0131, AKP&#8217;lileri ve Fetullah G\u00fclencileri panikletmi\u015fe benziyordu<\/strong><\/p>\n<p><strong>Emniyet&#8217;te F-Tipi \u00f6rg\u00fctlenmenin belgesi<\/strong><\/p>\n<p>Fethullah G\u00fclen Cemaat&#8217;inin \u00f6nemli ismi H\u00fcseyin G\u00fclerce &#8216;Biz siyasetle ilgilenmeyiz, hani neredeyiz, belgesini g\u00f6steriniz&#8217; diye y\u0131rt\u0131n\u0131yordu. Erbil&#8217;de d\u00fczenlenen Kuzey Irak&#8217;\u0131 tasarlama toplant\u0131s\u0131n\u0131n, Abant Platformlar\u0131&#8217;n\u0131n, Ergenekon operasyonlar\u0131 taraftarlar\u0131n\u0131n a\u00e7\u0131k\u00e7a ama al\u00e7ak\u00e7a bir siyaset oldu\u011funu sanki kimse anlam\u0131yordu.<\/p>\n<p>Bir gazetenin <strong>&#8216;Utah&#8217;l\u0131 hoca Polis Akademisi Ba\u015fkan\u0131&#8217; <\/strong>\u015feklindeki haberi bize; anlaml\u0131 geliyordu.<\/p>\n<p><strong>Z\u00fcht\u00fc Arslan, Polis Akademisi<\/strong>&#8216;nin ilk sivil rekt\u00f6r\u00fc olarak atan\u0131yordu. Kamuoyu, ad\u0131n\u0131 AKP&#8217;nin &#8216;sivil anayasa&#8217; tasla\u011f\u0131ndan hat\u0131rl\u0131yordu.<\/p>\n<p>Milliyet&#8217;in Utah vurgusu \u00f6nemliydi. \u00c7\u00fcnk\u00fc Utah, G\u00fclen Cemaati&#8217;nin Amerika&#8217;da en iyi \u00f6rg\u00fctlendi\u011fi eyaletlerin ba\u015f\u0131nda geliyordu. T\u00fcrkiye&#8217;den pek \u00e7ok Cemaat ilintili polisin yolu da Utah&#8217;tan ge\u00e7iyordu.<\/p>\n<p>Yak\u0131n zamanda T\u00fcrkiye&#8217;ye d\u00f6nd\u00fcr\u00fclen ve polis b\u00fcnyesinde hen\u00fcz aktif g\u00f6rev verilmeyen Emrullah Uslu. Utah \u00dcniversitesi&#8217;nde doktora yap\u0131yordu. Emniyet k\u00f6kenli isimlerin yazd\u0131\u011f\u0131 sucveceza.com&#8217;un yazarlar\u0131ndan Fatih Balc\u0131, Zaman gazetesinde yazan \u015eaban Karda\u015f da CIA kontrol\u00fcndeki Utah \u00dcniversitesi \u00f6\u011frencilerinden oluyordu.<\/p>\n<p>Art\u0131k Cemaat&#8217;le bir ba\u011f\u0131 olmad\u0131\u011f\u0131 s\u00f6ylenen ama eskinin s\u0131k\u0131 Cemaat&#8217;\u00e7isi Hakan Yavuz da Utah \u00dcniversitesi&#8217;nde \u00f6\u011fretim \u00fcyeli\u011fi yap\u0131yordu.<\/p>\n<p>Cemaat ve Utah \u00dcniversitesi ili\u015fkisini Oray E\u011fin \u015f\u00f6yle anlat\u0131yordu:<\/p>\n<p>&#8216;Utah \u00dcniversitesi, Cemaat&#8217;in etkin oldu\u011fu yerlerden biri. Cemaat burada okumalar\u0131 i\u00e7in \u00f6\u011frencilerine burs sa\u011fl\u0131yor, onlarla beraber etkinlikler d\u00fczenliyor, paneller organize ediliyor. <strong>Cemaat&#8217;in Utah&#8217;ta organize etti\u011fi panellerde konu\u015fan \u00f6\u011frenciler s\u0131k s\u0131k T\u00fcrkiye Cumhuriyeti ve T\u00fcrk Silahl\u0131 Kuvvetleri&#8217;ni ele\u015ftiriyor, yabanc\u0131lara kar\u015f\u0131 T\u00fcrkiye&#8217;yi k\u00f6t\u00fcl\u00fcyor. <\/strong>T\u00fcrkiye&#8217;nin demokratik olmad\u0131\u011f\u0131n\u0131, inan\u00e7 \u00f6zg\u00fcrl\u00fc\u011f\u00fc bulunmad\u0131\u011f\u0131 vurgulan\u0131yor. Bunun sorumlusunun da <strong>T\u00fcrk Ordusu<\/strong> oldu\u011funun alt\u0131 \u00e7iziliyor.&#8217;<\/p>\n<p>Polis Akademisi&#8217;nin yeni rekt\u00f6r\u00fc Z\u00fcht\u00fc Arslan da ne tesad\u00fcf ki Utah&#8217;taki <strong>Atlas Ekonomik Ara\u015ft\u0131rmalar Vakf\u0131 <\/strong>i\u00e7in \u00e7al\u0131\u015fmalar yap\u0131yordu. Arslan&#8217;\u0131n 2004&#8217;te <strong>&#8216;Dinleraras\u0131 \u0130li\u015fkiler: Sek\u00fcler ve Demokratik bir Sistemde Bar\u0131\u015f \u0130\u00e7inde Birarada Varolu\u015f Anlay\u0131\u015f\u0131&#8217;<\/strong> projesi G\u00fclen Cemaati taraf\u0131ndan sahiplenilip, Yahudi lobileri ve CIA destekli konferanslara ta\u015f\u0131n\u0131yordu.<\/p>\n<p>Z\u00fcht\u00fc Arslan&#8217;\u0131n makalelerinin Zaman gazetesinde yay\u0131mland\u0131\u011f\u0131n\u0131 da unutmamak gerekiyordu.<\/p>\n<p>Yine hat\u0131rlatmak gerekiyor ki Arslan&#8217;\u0131n bir yaz\u0131s\u0131ndan dolay\u0131 <strong>Genelkurmay Ba\u015fkan\u0131 \u0130lker Ba\u015fbu\u011f<\/strong> \u015fik\u00e2yet\u00e7i olmu\u015f, TESEV i\u00e7in kaleme ald\u0131\u011f\u0131 <strong>&#8216;T\u00fcrkiye&#8217;de g\u00fcvenlik sekt\u00f6r\u00fc&#8217;<\/strong> makalesi y\u00fcz\u00fcnden Arslan ve d\u00f6rt \u00f6\u011fretim \u00fcyesi hakk\u0131nda soru\u015fturma a\u00e7\u0131lm\u0131\u015ft\u0131.<\/p>\n<p><strong>Bakal\u0131m, Emniyet i\u00e7indeki F-Tipi \u00f6rg\u00fctlenme iddialar\u0131 Utah&#8217;l\u0131 hocan\u0131n yeti\u015ftirece\u011fi yeni polis-\u015fakirtlerle nas\u0131l bir hal alacakt\u0131!?<\/strong><a name=\"_ftnref5\" href=\"#_ftn5\" title=\"_ftnref5\"><strong><strong>[5]<\/strong><\/strong><\/a><\/p>\n<p>  <\/p>\n<hr \/>\n<p><a name=\"_ftn1\" href=\"#_ftnref1\" title=\"_ftn1\">[1]<\/a> Zaman gazetesi \/ B\u00fclent Ceyhan<\/p>\n<p><a name=\"_ftn2\" href=\"#_ftnref2\" title=\"_ftn2\">[2]<\/a> Milli Gazete \/ 12.05.2009<\/p>\n<p><a name=\"_ftn3\" href=\"#_ftnref3\" title=\"_ftn3\">[3]<\/a> Zaman Gazetesi \/ 29.04.2009<\/p>\n<p><a name=\"_ftn4\" href=\"#_ftnref4\" title=\"_ftn4\">[4]<\/a> <a href=\"mailto:i.dagi@zaman.com.tr\">i.dagi@zaman.com.tr<\/a> 01 05 2009<\/p>\n<p><a name=\"_ftn5\" href=\"#_ftnref5\" title=\"_ftn5\">[5]<\/a> (<a href=\"http:\/\/www.aksam.com.tr\/2009\/05\/01\/yazar\/12595\/oray_egin\/f_tipi_orgutlenmenin_belgesi.html\">http:\/\/www.aksam.com.tr\/2009\/05\/01\/yazar\/12595\/oray_egin\/f_tipi_orgutlenmenin_belgesi.html<\/a>)<\/p>\n","protected":false},"excerpt":{"rendered":"<p>Genelkurmay Ba\u015fkan\u0131 Org. \u0130lker Ba\u015fbu\u011f, 29 Nisan 2009&#8217;da Genelkurmay&#8217;da gazete ve televizyonlar\u0131n temsilcileri ile bir araya gelmi\u015fti.<\/p>\n<p><strong>Lice&#8217;de Ya\u015fanan May\u0131nl\u0131 Sald\u0131r\u0131&#8230;<\/strong><\/p>\n<p><strong><em>Ba\u015fbu\u011f: &#8220;Bu sabah Diyarbak\u0131r Lice yolu \u00fczerinde yol emniyeti i\u00e7in bir tank ve bir z\u0131rhl\u0131 personel ta\u015f\u0131y\u0131c\u0131 g\u00f6revlendirildi. B\u00f6lgeye geldikten sonra olay\u0131n oldu\u011fu yerde ilk \u00f6nce tank ge\u00e7iyor, ard\u0131ndan di\u011fer ara\u00e7 ge\u00e7iyor. Ve o ge\u00e7erken maalesef patlama oluyor ve bu olay sonucunda, y\u00fcre\u011fimizi yakan, 9 vatan evlad\u0131m\u0131z \u015fehit olmu\u015ftur.&#8221;<\/em><\/strong> S\u00f6zleriyle konuya girmi\u015fti. Bu ifadelerde &#8220;Bizim o b\u00f6lgeye z\u0131rhl\u0131 ara\u00e7 g\u00f6revlendirdi\u011fimizi PKK&#8217;ya bildiren acaba kimdi?&#8221; sorusu ve sitemi gizliydi.<\/p>\n","protected":false},"author":26,"featured_media":0,"comment_status":"open","ping_status":"closed","sticky":false,"template":"","format":"standard","meta":{"footnotes":""},"categories":[96],"tags":[],"class_list":["post-1555","post","type-post","status-publish","format-standard","hentry","category-haziran-2009"],"_links":{"self":[{"href":"https:\/\/www.millicozum.com\/mc\/wp-json\/wp\/v2\/posts\/1555","targetHints":{"allow":["GET"]}}],"collection":[{"href":"https:\/\/www.millicozum.com\/mc\/wp-json\/wp\/v2\/posts"}],"about":[{"href":"https:\/\/www.millicozum.com\/mc\/wp-json\/wp\/v2\/types\/post"}],"author":[{"embeddable":true,"href":"https:\/\/www.millicozum.com\/mc\/wp-json\/wp\/v2\/users\/26"}],"replies":[{"embeddable":true,"href":"https:\/\/www.millicozum.com\/mc\/wp-json\/wp\/v2\/comments?post=1555"}],"version-history":[{"count":0,"href":"https:\/\/www.millicozum.com\/mc\/wp-json\/wp\/v2\/posts\/1555\/revisions"}],"wp:attachment":[{"href":"https:\/\/www.millicozum.com\/mc\/wp-json\/wp\/v2\/media?parent=1555"}],"wp:term":[{"taxonomy":"category","embeddable":true,"href":"https:\/\/www.millicozum.com\/mc\/wp-json\/wp\/v2\/categories?post=1555"},{"taxonomy":"post_tag","embeddable":true,"href":"https:\/\/www.millicozum.com\/mc\/wp-json\/wp\/v2\/tags?post=1555"}],"curies":[{"name":"wp","href":"https:\/\/api.w.org\/{rel}","templated":true}]}}