{"id":1559,"date":"2009-05-23T06:23:57","date_gmt":"2009-05-23T06:23:57","guid":{"rendered":"https:\/\/www.millicozum.com\/mc\/2009\/05\/23\/iran-viran-olmayacak-ve-yeni-bir-dunya-kurulacak\/"},"modified":"2009-05-23T06:23:57","modified_gmt":"2009-05-23T06:23:57","slug":"iran-viran-olmayacak-ve-yeni-bir-dunya-kurulacak","status":"publish","type":"post","link":"https:\/\/www.millicozum.com\/mc\/2009\/haziran-2009\/iran-viran-olmayacak-ve-yeni-bir-dunya-kurulacak\/","title":{"rendered":"\u0130RAN V\u0130RAN OLMAYACAK VE YEN\u0130 B\u0130R D\u00dcNYA KURULACAK"},"content":{"rendered":"<p><strong> <\/p>\n<div align=\"justify\"><strong>Erbakan Hoca&#8217;n\u0131n Tarihi \u0130ran Ziyaretinin \u00d6zeti:<\/strong> \u0130<strong>RAN V\u0130RAN OLMAYACAK <\/strong><strong>VE <\/strong><strong>YEN\u0130 B\u0130R D\u00dcNYA KURULACAK<\/strong><\/div>\n<div align=\"justify\"><strong><strong>\u0130ngiliz The Times gazetesinin, &#8220;\u0130srail ordusunun, yeni h\u00fck\u00fcmetin emir vermesi durumunda \u0130ran&#8217;\u0131n n\u00fckleer tesislerine geni\u015f \u00e7apl\u0131 hava taarruzu ba\u015flatma haz\u0131rl\u0131\u011f\u0131 i\u00e7inde bulundu\u011funu&#8221; iddia etti\u011fi bir s\u00fcre\u00e7te, (18.04.2009) Erbakan Hoca&#8217;n\u0131n \u0130ran&#8217;a davet edilmesi tarihi ve stratejik bir \u00f6nem ta\u015f\u0131yordu <\/strong><\/strong><\/div>\n<p> <\/strong>   <strong>\u0130srail ordusundan isminin a\u00e7\u0131klanmas\u0131n\u0131 istemeyen \u00fcst d\u00fczey bir yetkili, &#8220;\u0130srail, ordusuna ye\u015fil \u0131\u015f\u0131k yak\u0131ld\u0131\u011f\u0131nda, \u0130ran&#8217;\u0131 birka\u00e7 g\u00fcn, hatta birka\u00e7 saat i\u00e7inde vurabilece\u011finden emin olmak istiyor. Bu olas\u0131l\u0131\u011fa her d\u00fczeyde haz\u0131rlan\u0131yor. \u0130ran&#8217;a tehdidin sadece s\u00f6zl\u00fc olmad\u0131\u011f\u0131 mesaj\u0131n\u0131 vermek istiyor&#8221; diye konu\u015fmu\u015ftu.<\/strong> <\/p>\n<p><strong>Bu haz\u0131rl\u0131klar \u00e7er\u00e7evesinde \u0130srail&#8217;in \u00fc\u00e7 Awacs erken uyar\u0131 radar u\u00e7a\u011f\u0131 alaca\u011f\u0131 ve halk\u0131 olas\u0131 misillemeye haz\u0131rlamak i\u00e7in ulusal \u00f6l\u00e7ekte tatbikat planlad\u0131\u011f\u0131 belirtilen habere g\u00f6re, \u0130srailli yetkililer, \u0130ran&#8217;da binlerce uranyum zenginle\u015ftirme santrif\u00fcj\u00fcn\u00fcn bulundu\u011fu do\u011fudaki Natanz, 250 ton gaz depolanan t\u00fcnellerin bulundu\u011fu orta kesimlerdeki \u0130sfahan, a\u011f\u0131r su reakt\u00f6r\u00fcn\u00fcn in\u015fa edildi\u011fi do\u011fudaki Arak ve seyyar konvoylar\u0131n aralar\u0131nda bulundu\u011fu ondan fazla hedef bulundu\u011fu ifade ediyordu.<\/strong><\/p>\n<p><strong>\u0130srailli haber kayna\u011f\u0131 buna kar\u015f\u0131n, son d\u00f6nemde Tahran&#8217;a kar\u015f\u0131 daha uzla\u015fmac\u0131 bir ton benimseyen Amerikan y\u00f6netiminin, en az\u0131ndan \u00fcst\u00fc kapal\u0131 da olsa, bir onay\u0131n\u0131 almadan \u0130srail&#8217;in taarruza kalk\u0131\u015fmas\u0131 ihtimalinin d\u00fc\u015f\u00fck oldu\u011funu vurguluyordu. \u0130\u015fte b\u00f6yle kritik bir ortamda Erbakan Hoca&#8217;n\u0131n \u0130ran ziyareti daha bir \u00f6nem ta\u015f\u0131yordu. Ve yine Hoca&#8217;n\u0131n \u0130ran d\u00f6n\u00fc\u015f\u00fc ard\u0131ndan ABD Genelkurmay Ba\u015fkan\u0131 Oramiral Michael Mullen&#8217;in, gizlice \u0130srail&#8217;e, sonra Kuzey Irak&#8217;ta Barzani kuklas\u0131yla g\u00f6r\u00fc\u015fmek \u00fczere Erbil&#8217;e, ard\u0131ndan da T\u00fcrkiye&#8217;ye s\u00fcrpriz bir ziyaret ger\u00e7ekle\u015ftirmi\u015f olmas\u0131 ve bunlar\u0131n s\u0131r gibi saklanmas\u0131 da, Siyonist cephenin panikledi\u011fini g\u00f6steriyordu. Ve hele kanser hastas\u0131 T\u00fcrkan Saylan&#8217;\u0131n \u00e7a\u011fda\u015fla\u015fma \u00e7\u0131rp\u0131n\u0131\u015flar\u0131n\u0131 &#8220;kahramanl\u0131k&#8221;, Erbakan Hoca&#8217;n\u0131n Yeni bir D\u00fcnya kurma kararl\u0131l\u0131\u011f\u0131n\u0131 &#8220;oyunbozanl\u0131k&#8221; olarak g\u00f6stermeye \u00e7al\u0131\u015fan baz\u0131 medya mensuplar\u0131n\u0131n sahtek\u00e2rl\u0131\u011f\u0131 ve \u00e7ifte standard\u0131 ise iyice s\u0131r\u0131t\u0131yordu. <\/strong><strong>\u00c7\u00fcnk\u00fc hi\u00e7bir engel ve \u00e7engel, insanlar\u0131 inand\u0131\u011f\u0131 ve hayat\u0131n\u0131 adad\u0131\u011f\u0131 yoldan geri koyam\u0131yordu.<\/strong><\/p>\n<p><strong>Erbakan Rafsancani&#8217;den sonra Hatemi ile bir araya gelmi\u015fti <\/strong><\/p>\n<p><strong>&#8220;D-8 yolumuzu a\u00e7acak&#8221;<\/strong><\/p>\n<p>Bir haftal\u0131k planland\u0131\u011f\u0131 halde, yo\u011fun ilgi nedeniyle 10 g\u00fcnde tamamlanan ve en y\u00fcksek seviyede devlet protokol\u00fc uygulanan \u0130ran gezisi boyunca 54. H\u00fck\u00fcmet Ba\u015fbakan\u0131 ve Mill\u00ee G\u00f6r\u00fc\u015f Lideri Prof. Dr. Necmettin Erbakan, \u00f6nce eski \u0130ran Cumhurba\u015fkanlar\u0131ndan Ali Ekber Ha\u015fimi Ransancani ile yakla\u015f\u0131k iki saatlik bir g\u00f6r\u00fc\u015fme ger\u00e7ekle\u015ftirmi\u015f, \u0130ran eski Cumhurba\u015fkanlar\u0131ndan Hatemi ile de bir araya gelmi\u015fti. \u0130ki liderin g\u00f6r\u00fc\u015fmesinde T\u00fcrkiye ile \u0130ran aras\u0131ndaki ili\u015fkiler, D-8 ve yeni bir d\u00fcnyan\u0131n kurulmas\u0131 konusunda g\u00f6r\u00fc\u015f al\u0131\u015fveri\u015finde bulunuldu\u011fu bildirilmi\u015fti.\u00a0 Erbakan ayr\u0131ca, Tahran \u015eehir Konseyi&#8217;nde de bir konu\u015fma yapm\u0131\u015f ve ilgiyle izlenmi\u015fti.<\/p>\n<p><strong>&#8220;D-8 zat\u0131\u00e2linizin eseridir&#8221;<\/strong><\/p>\n<p>S\u00f6zlerine, &#8220;\u00dcmit ederim ki, b\u00fct\u00fcn M\u00fcsl\u00fcmanlar, \u0130slam d\u00fcnyas\u0131 ve ya\u015fad\u0131\u011f\u0131m\u0131z zor b\u00f6lge ve insanl\u0131k, zat\u0131\u00e2linizin derin tecr\u00fcbe ve yol g\u00f6sterici fikirlerinden faydalanacakt\u0131r&#8221; diye devam eden \u0130ran eski Cumhurba\u015fkan\u0131 Hatemi, &#8220;D-8 zatialinizin eseridir. Benim Cumhurba\u015fkanl\u0131\u011f\u0131m d\u00f6neminde D-8 hususunda \u00fc\u00e7 tane \u00e7ok olumlu toplant\u0131 ger\u00e7ekle\u015ftirildi. Ancak geldi\u011fimiz noktada D-8&#8217;in olmas\u0131 gereken yerde olmad\u0131\u011f\u0131n\u0131 ve\u00a0\u00a0\u00a0 D-8 \u00fcyesi \u00fclkelerin \u00e7ok daha b\u00fcy\u00fck \u00e7abalar sarf etmesi gerekti\u011fini&#8221; kaydetmi\u015fti. T\u00fcrkiye ile \u0130ran&#8217;\u0131n g\u00fc\u00e7l\u00fc ve stratejik i\u015fbirli\u011fi i\u00e7erisinde olmas\u0131 gerekti\u011fini s\u00f6yleyen Hatemi&#8217;nin, 54. H\u00fck\u00fcmet Ba\u015fbakan\u0131 Erbakan d\u00f6neminde iki \u00fclke ili\u015fkilerinde \u00e7ok iyi bir d\u00f6nem ya\u015fand\u0131\u011f\u0131n\u0131 hat\u0131rlat\u0131p, &#8220;T\u00fcrkiye ile \u0130ran el ele verdi\u011finde, d\u00fcnyadaki her hay\u0131rl\u0131 geli\u015fmeye b\u00fcy\u00fck bir ivme kazand\u0131racakt\u0131r. \u00dclkelerimizin \u0130slam uygarl\u0131\u011f\u0131n\u0131n geli\u015fmesinde b\u00fcy\u00fck katk\u0131lar\u0131 olmu\u015ftur. \u0130ran ve T\u00fcrkiye aras\u0131ndaki g\u00fc\u00e7l\u00fc bir i\u015fbirli\u011fi insanl\u0131\u011fa da b\u00fcy\u00fck faydalar sa\u011flayacakt\u0131r&#8221; \u015feklindeki s\u00f6zleri dikkat \u00e7ekmi\u015fti.<\/p>\n<p><strong>Erbakan: &#8220;D-8&#8217;ler &#8216;Yeni Bir D\u00fcnya&#8217;n\u0131n anahtar\u0131 olacak&#8221;<\/strong><\/p>\n<p>54. H\u00fck\u00fcmet Ba\u015fbakan\u0131 ve Mill\u00ee G\u00f6r\u00fc\u015f Lideri Prof. Dr. Necmettin Erbakan ise konu\u015fmas\u0131nda: &#8220;\u0130nsanl\u0131\u011f\u0131n sava\u015f ve s\u00f6m\u00fcr\u00fc k\u0131skac\u0131ndan kurtulu\u015funun tek yolunun, zul\u00fcm ve s\u00f6m\u00fcr\u00fc yerine adaleti ve bar\u0131\u015f\u0131 esas alan &#8216;Yeni Bir D\u00fcnya&#8217;n\u0131n kurulmas\u0131 oldu\u011funu s\u00f6yleyerek; BM, D\u00fcnya Bankas\u0131, IMF, UNESCO gibi kurulu\u015flar\u0131n Yalta Konferans\u0131&#8217;ndan sonra kuruldu\u011funu ve bu uluslararas\u0131 kurulu\u015flar eliyle d\u00fcnyan\u0131n tek bir merkezden idare edildi\u011fini hat\u0131rlatt\u0131. B\u00f6ylece \u0131rk\u00e7\u0131 emperyalizmin insanl\u0131\u011f\u0131 bir taraftan ekonomik olarak s\u00f6m\u00fcrd\u00fc\u011f\u00fcn\u00fc, di\u011fer taraftan da sava\u015f ve i\u015fgallerle g\u00f6zya\u015f\u0131na bo\u011fdu\u011funu vurgulayan Erbakan, &#8220;D-8&#8217;ler n\u00fcfus itibariyle en b\u00fcy\u00fck bloktur. Ciddi bir i\u015fbirli\u011fiyle d\u00fcnyaya y\u00f6n verebilecek bir g\u00fc\u00e7t\u00fcr. Biz D-8&#8217;lerle &#8216;yeni bir d\u00fcnya&#8217;n\u0131n \u00e7ekirde\u011fini olu\u015fturduk. G\u00fc\u00e7l\u00fc ve kararl\u0131 bir D-8 &#8216;Yeni Bir D\u00fcnyan\u0131n&#8217; yolunu a\u00e7acakt\u0131r. \u0130nsanl\u0131k yeni bir d\u00fcnyay\u0131 \u00f6zlemle beklemektedir&#8221; demi\u015fti.<\/p>\n<p><strong>Hatemi: &#8220;\u0130ran geziniz bizim i\u00e7in \u00e7ok de\u011ferli&#8221;<\/strong><\/p>\n<p>Erbakan&#8217;\u0131n \u0130slam d\u00fcnyas\u0131 i\u00e7in \u00f6nemli bir lider oldu\u011funu s\u00f6yleyen Hatemi, Erbakan&#8217;\u0131n fikirleriyle \u0130slam d\u00fcnyas\u0131na yol \u00e7izen bir devlet adam\u0131 oldu\u011funu ve kendisini a\u011f\u0131rlamaktan b\u00fcy\u00fck memnuniyet duydu\u011funu ifade etmi\u015fti. Hatemi, bu memnuniyetini &#8220;Zat\u0131\u00e2linizin \u0130ran gezisi bizim i\u00e7in \u00e7ok de\u011ferlidir&#8221; s\u00f6zleriyle dile getirirken, bu ziyaretin T\u00fcrkiye ile \u0130ran aras\u0131ndaki ili\u015fkiler a\u00e7\u0131s\u0131ndan da b\u00fcy\u00fck \u00f6nem ta\u015f\u0131d\u0131\u011f\u0131n\u0131n alt\u0131n\u0131 \u00e7izmi\u015fti.<\/p>\n<p><strong>Bat\u0131 hayranl\u0131\u011f\u0131n\u0131 terk etmeliyiz<\/strong><\/p>\n<p><strong>\u0130ran ziyaretinin 4. g\u00fcn\u00fcnde Meclis Ba\u015fkan\u0131 Larijani ile g\u00f6r\u00fc\u015fen Erbakan, Azad \u00dcniversitesini de ziyaret etmi\u015fti<\/strong><\/p>\n<p>Mill\u00ee G\u00f6r\u00fc\u015f Lideri ve 54. H\u00fck\u00fcmet Ba\u015fbakan\u0131 Prof. Dr Necmettin Erbakan, \u0130ran gezisinin d\u00f6rd\u00fcnc\u00fc g\u00fcn\u00fcnde \u0130ran Meclis Ba\u015fkan\u0131 Ali Larijani ile g\u00f6r\u00fc\u015ft\u00fckten sonra Larijani taraf\u0131ndan \u0130ran Meclisi&#8217;nin Genel Kurul salonuna davet edilerek, parlamenterlerle de g\u00f6r\u00fc\u015fmelerde yapm\u0131\u015ft\u0131.<\/p>\n<p><strong>\u0130ran Meclis&#8217;ine ziyaret&#8230;<\/strong><\/p>\n<p>Sabah saat 08.30&#8217;da \u0130ran Parlamentosu&#8217;na gelen Necmettin Erbakan, 290 \u00fcyeli Mecliste b\u00fcy\u00fck bir ilgiyle kar\u015f\u0131lanm\u0131\u015ft\u0131. Beraberindeki heyetle birlikte \u00f6nce Meclis locas\u0131ndaki yerini alan Erbakan, oturumu y\u00f6neten Meclis Ba\u015fkan\u0131 Larijani taraf\u0131ndan Genel Kurul salonuna davet edilmi\u015fti. Larijani&#8217;nin &#8216;Ho\u015f geldiniz, \u015feref verdiniz&#8221; s\u00f6zleriyle Genel Kurul salonuna giren Necmettin Erbakan \u0130ranl\u0131 milletvekillerinin ilgi oda\u011f\u0131 olmu\u015ftu. Erbakan, yakla\u015f\u0131k 40 dakika Genel Kurul \u00e7al\u0131\u015fmalar\u0131n\u0131 izlerken, milletvekilleriyle de tan\u0131\u015fma ve konu\u015fma f\u0131rsat\u0131 bulmu\u015ftu.<\/p>\n<p><strong>Larijani: &#8220;\u015eahs\u0131m ve milletvekillerimiz sizi \u00e7ok iyi tan\u0131yor, takdir ve takip ediyoruz!&#8221;<\/strong><\/p>\n<p>Mill\u00ee G\u00f6r\u00fc\u015f Lideri Erbakan daha sonra \u0130ran Meclis Ba\u015fkan\u0131 Ali Larijani&#8217;yi makam\u0131nda ziyaret etmi\u015fti. Yakla\u015f\u0131k iki saat s\u00fcren Erbakan-Larijani g\u00f6r\u00fc\u015fmesinde T\u00fcrkiye ile \u0130ran aras\u0131ndaki ili\u015fkiler ve d\u00fcnyadaki son geli\u015fmeler de\u011ferlendirilmi\u015fti.\u00a0 Genel Kurul&#8217;daki izlenimleri ile s\u00f6zlerine ba\u015flayan Necmettin Erbakan, &#8220;Kendimizi evimizde gibi hissettik. \u015eahs\u0131n\u0131z\u0131n ve milletvekillerinizin g\u00f6stermi\u015f oldu\u011funuz ilgiye te\u015fekk\u00fcr ediyorum.\u00a0 Bir\u00e7ok milletvekili ile k\u0131sa da olsa g\u00f6r\u00fc\u015fme f\u0131rsat\u0131m\u0131z oldu. Ayr\u0131ca T\u00fcrkiye&#8217;den kendi talebemizi de burada milletvekili olarak g\u00f6rmek bizi mutlu etti&#8221; demi\u015fti.<\/p>\n<p>\u0130ran Meclis Ba\u015fkan\u0131 Larijani de, ziyaretten duydu\u011fu memnuniyeti; &#8220;Meclis&#8217;imizin milletvekillerimizin size olan ilgisi bizim i\u00e7in \u00e7ok tabi bir durumdur. Sizi \u015fahs\u0131m olarak \u00e7ok iyi tan\u0131yor ve takip ediyorum. Ayn\u0131 \u015fekilde milletvekillerimiz de \u0130slam d\u00fcnyas\u0131na yapt\u0131\u011f\u0131n\u0131z hizmetlerden dolay\u0131 sizi \u00e7ok iyi biliyor ve takdir ediyor&#8221; s\u00f6zleriyle dile getirmi\u015fti. Erbakan&#8217;\u0131n ba\u015fbakanl\u0131\u011f\u0131 d\u00f6neminde T\u00fcrkiye ile \u0130ran aras\u0131ndaki ili\u015fkilerin en y\u00fcksek seviyeye \u00e7\u0131kt\u0131\u011f\u0131n\u0131, do\u011falgaz boru hatt\u0131 ile s\u00f6zle\u015fmenin Erbakan d\u00f6neminde yap\u0131ld\u0131\u011f\u0131n\u0131 hat\u0131rlatan Larijani&#8217;nin, &#8220;Zat\u0131\u00e2linizin \u015fu d\u00f6nemde \u00fclkemizi ziyaretiniz i\u015fbirli\u011fimizin artmas\u0131na katk\u0131 sa\u011flayaca\u011f\u0131na inanc\u0131m tamd\u0131r&#8221; de\u011ferlendirmesi \u00f6nemliydi.<\/p>\n<p><strong>Erbakan: &#8220;Birlikte yapaca\u011f\u0131m\u0131z \u00e7ok i\u015f var&#8221; demi\u015fti<\/strong><\/p>\n<p><strong>Erbakan Hoca g\u00f6r\u00fc\u015fmenin ikinci b\u00f6l\u00fcm\u00fcnde \u015fu konulara dikkat \u00e7ekmi\u015fti:<\/strong><\/p>\n<p><strong>&#8220;Yery\u00fcz\u00fcnde birbirine \u00e7ok yak\u0131n iki \u00fclke g\u00f6sterin dense T\u00fcrkiye ve \u0130ran buna en g\u00fczel \u00f6rne\u011fi te\u015fkil eder. Bu itibarla \u0130ran ile T\u00fcrkiye aras\u0131ndaki ili\u015fkilerin geli\u015fmesi \u00e7ok tabidir. \u0130ki M\u00fcsl\u00fcman karde\u015f \u00fclke d\u00fcnyan\u0131n en stratejik noktas\u0131nda ve enerjide \u00f6nemli bir co\u011frafik pozisyonda bulunmaktad\u0131r. Biz de karde\u015fimiz \u0130ran&#8217;daki geli\u015fmeleri yak\u0131ndan takip ediyoruz. T\u00fcrkiye ile karde\u015f \u00fclke \u0130ran aras\u0131ndaki ili\u015fkiler her ge\u00e7en g\u00fcn geli\u015fmektedir. Bug\u00fcn iki \u00fclke aras\u0131ndaki ticaret hacmi 10 milyar dolar\u0131 a\u015fm\u0131\u015ft\u0131r. Ama bunlar yetmez. Daha yapaca\u011f\u0131m\u0131z \u00e7ok i\u015f var. \u00c7\u00fcnk\u00fc tarihin en b\u00fcy\u00fck d\u00f6n\u00fcm noktas\u0131nda bulunuyoruz. Bu nedenle zaman kayb\u0131na tahamm\u00fcl\u00fcm\u00fcz yoktur. \u00c7ok daha g\u00fc\u00e7l\u00fc bir i\u015fbirli\u011fine gitmemiz ve b\u00fct\u00fcn insanl\u0131\u011fa saadet getirecek yolu elbirli\u011fiyle a\u00e7mam\u0131z gerekmektedir&#8221;<\/strong><\/p>\n<p><strong>Bir milyarl\u0131k n\u00fcfusuyla D-8&#8217;lerin \u00e7ok b\u00fcy\u00fck bir g\u00fc\u00e7 oldu\u011funu da hat\u0131rlatan Erbakan, D-8&#8217;leri &#8216;yeni bir d\u00fcnya&#8217;n\u0131n kap\u0131s\u0131 olarak tan\u0131mlad\u0131. Erbakan, \u00e7a\u011f\u0131m\u0131zda ekonomik sat\u0131n alma g\u00fcc\u00fcn\u00fcn \u00e7ok b\u00fcy\u00fck bir g\u00fc\u00e7 oldu\u011funun alt\u0131n\u0131 \u00e7izerek, &#8220;Siyasi irade olursa yola \u00e7\u0131k\u0131ld\u0131\u011f\u0131 zaman hedeflere var\u0131l\u0131r ve Allah insanl\u0131\u011fa bar\u0131\u015f, huzur ve adalet getirecek olan bu yolda yard\u0131m eder.\u00a0 Yeter ki biz bu yolda kararl\u0131 bir \u015fekilde y\u00fcr\u00fcmek isteyelim. Bizim \u0130ran seyahatimiz i\u015fte bu kararl\u0131l\u0131k ve istekten do\u011fmaktad\u0131r&#8221; diyerek bu ziyaretin \u00f6nemini belirtmi\u015fti.<\/strong><\/p>\n<p><strong>Erbakan, Azad \u00dcniversitesi&#8217;nde&#8230;<\/strong><\/p>\n<p>Mill\u00ee G\u00f6r\u00fc\u015f Lideri ve 54. H\u00fck\u00fcmet Ba\u015fbakan\u0131 Prof. Dr. Necmettin Erbakan&#8217;\u0131n Tahran&#8217;da ger\u00e7ekle\u015ftirdi\u011fi ikinci \u00f6nemli ziyaret noktas\u0131 ise \u0130ran&#8217;\u0131n en b\u00fcy\u00fck \u00fcniversiteleri aras\u0131nda yer alan Azad \u00dcniversitesi idi. \u0130ran genelinde 350 \u015fubesi ve 1.5 milyon \u00f6\u011frencisi ile bu \u00fclkenin y\u00fcksek \u00f6\u011freniminde \u00e7ok \u00f6nemli bir yere sahip olan Azad \u00dcniversitesi&#8217;ne gelen Erbakan Hoca, burada \u00fcniversitenin rekt\u00f6r\u00fc Prof. Dr. Abdullah Jasbi taraf\u0131ndan kar\u015f\u0131lanm\u0131\u015ft\u0131. Rekt\u00f6r Jasbi, \u00f6zel bir ara\u00e7la Erbakan&#8217;a, b\u00fcy\u00fck bir kampus alan\u0131na sahip olan \u00fcniversiteyi fak\u00fclteleri tek tek gezdirerek bilgi aktarm\u0131\u015ft\u0131.<\/p>\n<p>Rekt\u00f6rl\u00fck binas\u0131nda ger\u00e7ekle\u015ftirilen g\u00f6r\u00fc\u015fmede ise, e\u011fitimin \u00f6nemi \u00fczerinde durulmu\u015ftu. \u0130ran&#8217;\u0131n sayg\u0131n isimlerinden birisi olan Azad \u00dcniversitesi Kurucusu ve Rekt\u00f6r\u00fc Prof. Dr. Abdullah Jasbi, \u00f6\u011fretim \u00fcyelerine ve bas\u0131n mensuplar\u0131na Erbakan&#8217;\u0131 tan\u0131tan bir konu\u015fmayla s\u00f6zlerine ba\u015flam\u0131\u015ft\u0131. Erbakan&#8217;\u0131n 40 y\u0131ld\u0131r T\u00fcrk siyasetinde yer ald\u0131\u011f\u0131n\u0131 ve d\u00fcnya siyasetine y\u00f6n veren bir lider vasf\u0131 ta\u015f\u0131d\u0131\u011f\u0131n\u0131 hat\u0131rlatan Jasbi, Erbakan&#8217;\u0131n \u00e7ok \u00f6nemli bir bilim adam\u0131 oldu\u011funa da vurgu yapm\u0131\u015ft\u0131. T\u00fcrkiye&#8217;de G\u00fcm\u00fc\u015f Motor&#8217;la Milli ve yerli sanayinin temelini att\u0131\u011f\u0131n\u0131 kaydeden Jasbi, Erbakan&#8217;\u0131n gen\u00e7lerin e\u011fitimine b\u00fcy\u00fck \u00f6nem verdi\u011fini de hat\u0131rlatm\u0131\u015ft\u0131. Rekt\u00f6r Jasbi, &#8220;Say\u0131n Erbakan b\u00fcy\u00fck bir d\u00fc\u015f\u00fcn\u00fcr ve \u0130slam filozofudur. Erbakan, devlet adaml\u0131\u011f\u0131n\u0131n yan\u0131 s\u0131ra ayn\u0131 zamanda \u0130slam d\u00fcnyas\u0131n\u0131n tan\u0131nm\u0131\u015f bir bilim adam\u0131d\u0131r. B\u00f6ylesine b\u00fcy\u00fck bir bilim ve fikir adam\u0131n\u0131n \u00fcniversitemizi ziyareti bize onur kazand\u0131rm\u0131\u015ft\u0131r. Kendisini \u00fcniversitemizde a\u011f\u0131rlamaktan k\u0131van\u00e7 duyuyoruz&#8221; demi\u015fti.<\/p>\n<p>Erbakan da Azad \u00dcniversitesinde yapt\u0131\u011f\u0131 konu\u015fmada, e\u011fitimin \u00f6zellikle de y\u00fcksek \u00f6\u011frenimin \u00f6nemine dikkat \u00e7ekerken, fikir kirlenmesi kar\u015f\u0131s\u0131nda M\u00fcsl\u00fcmanlar\u0131n kendi akademik \u00e7al\u0131\u015fmalar\u0131na h\u0131z vermesi gerekti\u011fini s\u00f6ylemi\u015fti. &#8220;Bug\u00fcn en m\u00fchim meselemiz bat\u0131 hayranl\u0131\u011f\u0131 hastal\u0131\u011f\u0131n\u0131 tedavi etmektir. \u015eimdi bilin\u00e7li bir \u015fekilde &#8216;sanki bat\u0131 \u00fcst\u00fcnm\u00fc\u015f&#8217; gibi bir propaganda yap\u0131l\u0131yor. Buna biz fikir kirlenmesi diyoruz. Art\u0131k bu ifsad\u0131 \u00f6nlemek i\u00e7in gereken her \u015feyi yapmam\u0131z laz\u0131m geliyor&#8221; diyen Necmettin Erbakan, Azad \u00dcniversitesindeki \u00e7al\u0131\u015fmalara yak\u0131ndan \u015fahit oldu\u011fu i\u00e7in b\u00fcy\u00fck bir bahtiyarl\u0131k duydu\u011funu ifade etmi\u015fti.<\/p>\n<p>Zul\u00fcm d\u00fcnyas\u0131n\u0131n yerine saadet d\u00fcnyas\u0131n\u0131n kurulmas\u0131 i\u00e7in yap\u0131lacak \u00e7al\u0131\u015fmalar\u0131n ba\u015f\u0131nda \u00fcniversitelerin akademik \u00fcretimleri ile okul kitaplar\u0131n\u0131n i\u00e7eri\u011finin geldi\u011fini anlatan Erbakan, M\u00fcsl\u00fcmanlar\u0131n kendi felsefelerini olu\u015fturmas\u0131 ve Bat\u0131 kaynakl\u0131 fikir kirlili\u011finden kurtulmas\u0131 ve kendi d\u00fc\u015f\u00fcnce yap\u0131s\u0131n\u0131 g\u00fc\u00e7lendirmesi gerekti\u011fini belirtmi\u015fti.<\/p>\n<p><strong>Mill\u00ee G\u00f6r\u00fc\u015f Lideri Prof. Dr. Necmettin Erbakan, \u0130ran&#8217;\u0131n &#8216;ilim merkezi&#8217; Kum \u015eehrinde konferans vermi\u015fti <\/strong><\/p>\n<p>\u0130ran&#8217;daki temaslar\u0131n\u0131 s\u00fcrd\u00fcren Mill\u00ee G\u00f6r\u00fc\u015f Lideri ve 54. H\u00fck\u00fcmetin Ba\u015fbakan\u0131 Prof. Dr. Necmettin Erbakan, Tahran&#8217;daki temaslar\u0131ndan sonra \u0130ran i\u00e7in \u00e7ok b\u00fcy\u00fck bir \u00f6neme sahip olan Kum \u015fehrine ge\u00e7mi\u015fti.\u00a0 Kum&#8217;da da b\u00fcy\u00fck bir ilgiyle kar\u015f\u0131lanan Erbakan, Ayetullahlarla yapt\u0131\u011f\u0131 g\u00f6r\u00fc\u015fmelerde ilimsiz geli\u015fme olamayaca\u011f\u0131n\u0131 ve M\u00fcsl\u00fcmanlar\u0131n ilmi geli\u015fmesinin &#8216;Yeni Bir D\u00fcnya&#8217;n\u0131n kurulmas\u0131 a\u00e7\u0131s\u0131ndan da b\u00fcy\u00fck \u00f6nem ta\u015f\u0131d\u0131\u011f\u0131n\u0131 dile getirmi\u015fti.\u00a0 Erbakan&#8217;la yap\u0131lan g\u00f6r\u00fc\u015fmelerde, Saadet Partisi&#8217;nin Gazze&#8217;nin \u0130srail taraf\u0131ndan i\u015fgali s\u0131ras\u0131nda d\u00fcnyada ses getiren \u00c7a\u011flayan Mitingi&#8217;nden dolay\u0131 \u00f6zellikle te\u015fekk\u00fcr edilmi\u015fti.<\/p>\n<p>Kum&#8217;a geli\u015finde \u015fehrin giri\u015finde vali yard\u0131mc\u0131s\u0131 taraf\u0131ndan kar\u015f\u0131lanan Erbakan, yo\u011fun g\u00f6r\u00fc\u015fme trafi\u011fi nedeniyle gece ge\u00e7 saatlere kadar \u015fehirde konuk edilmi\u015fti. Hz. Masume&#8217;nin t\u00fcrbesini de ziyaret eden Erbakan&#8217;a Kum halk\u0131 da sevgi g\u00f6sterilerinde bulunmu\u015ftu. Erbakan&#8217;a g\u00fcn boyu e\u015flik eden Kum Vali Yard\u0131mc\u0131s\u0131 Ali Kumi, Tahran&#8217;a d\u00f6nerken de Erbakan&#8217;a \u015fehir d\u0131\u015f\u0131na kadar e\u015flik etmi\u015fti. Erbakan ayr\u0131ca, \u0130slam Medeniyeti konulu bir de konferans vermi\u015fti.<\/p>\n<p><strong>Alimler milletlerin kahramanlar\u0131d\u0131r&#8230;<\/strong><\/p>\n<p>Kum&#8217;da Ayetullahlarla g\u00f6r\u00fc\u015fmelerde bulunun Erbakan ilk g\u00f6r\u00fc\u015fmesini Irak&#8217;ta bulunan Ayetullah Sistani&#8217;nin Temsilcisi ve damad\u0131 olan Ayetullah \u015eehristani ile ger\u00e7ekle\u015ftirmi\u015fti.\u00a0 Erbakan gibi b\u00fcy\u00fck bir devlet ve bilim adam\u0131n\u0131 Kum&#8217;da g\u00f6rmekten dolay\u0131 b\u00fcy\u00fck bir \u015feref duyduklar\u0131n\u0131 belirten Ayetullah \u015eehristani, Erbakan&#8217;\u0131n T\u00fcrkiye ve insanl\u0131k i\u00e7in yapt\u0131\u011f\u0131 \u00e7al\u0131\u015fmalar\u0131 dikkatle izlediklerini s\u00f6ylemi\u015fti. Taklit\u00e7i bat\u0131 hayranl\u0131\u011f\u0131n\u0131n M\u00fcsl\u00fcmanlar\u0131n ilimde ilerlemelerinin \u00f6n\u00fcndeki en b\u00fcy\u00fck engel oldu\u011funu kaydeden Necmettin Erbakan, &#8220;M\u00fcsl\u00fcmanlar garp ve \u0130slam nedir tam olarak bilmiyor. Garb\u0131 daha ilerici g\u00f6r\u00fcyor. Halbuki \u0130slam medeniyeti \u00e7ok daha \u00fcst\u00fcn ve ilerici konumda bulunuyor. \u00dcniversitelerimizdeki bat\u0131 hayranl\u0131\u011f\u0131n\u0131 kald\u0131rmad\u0131k\u00e7a ilerlemek de m\u00fcmk\u00fcn olmayacakt\u0131r. \u00d6yleyse yapaca\u011f\u0131m\u0131z \u00e7ok i\u015f var. Yerimizde duramay\u0131z;\u00a0 \u00e7ok \u00e7al\u0131\u015faca\u011f\u0131z ve ileri gidece\u011fiz&#8221; diyerek, &#8220;\u00e2limlerin milletlerin birer kahraman\u0131 oldu\u011funu&#8221; belirtmi\u015f, insanl\u0131\u011fa saadet getirecek olan &#8216;yeni bir d\u00fcnya&#8217;n\u0131n kurulmas\u0131 i\u00e7in ilmi geli\u015fmenin \u015fart oldu\u011funu kaydetmi\u015fti.<\/p>\n<p>Erbakan ikinci g\u00f6r\u00fc\u015fmesini ise &#8220;Men T\u00fcrkem&#8221; diye s\u00f6zlerine ba\u015flayan Azeri T\u00fcrk\u00fc olan Ayetullah Musevi Erdebili ile idi. Kum \u015fehrini eskiden beri merak etti\u011fini s\u00f6yleyen Erbakan, Kum&#8217;un \u00e7ok \u00f6nemli bir \u015fehir oldu\u011funu m\u00fc\u015fahede etti\u011fini kaydetmi\u015fti.\u00a0 Erbakan ile T\u00fcrk\u00e7e konu\u015fan \u0130ran&#8217;\u0131n eski Y\u00fcksek Yarg\u0131 Ba\u015fkan\u0131 Ayetullah Erdebili, T\u00fcrkiye&#8217;den b\u00f6ylesine b\u00fcy\u00fck bir misafiri a\u011f\u0131rlamaktan duydu\u011fu memnuniyeti dile getirmi\u015fti.<\/p>\n<p><strong>Muktedai: &#8220;Erbakan \u00f6mr\u00fcn\u00fc M\u00fcsl\u00fcmanlar\u0131n karde\u015fli\u011fine, mazlumlar\u0131n dirili\u015fine ve insanl\u0131\u011f\u0131n saadetine adam\u0131\u015f bir \u015fahsiyettir!&#8221;<\/strong><\/p>\n<p>Erbakan&#8217;\u0131n bir ba\u015fka \u00f6nemli g\u00f6r\u00fc\u015fmesini ise Kum&#8217;daki Medreseler Birli\u011fi Ba\u015fkan Yard\u0131mc\u0131s\u0131 ve Savc\u0131lar Kurulu eski Ba\u015fkan\u0131 Ayetullah Muktedai ile ger\u00e7ekle\u015ftirmi\u015fti. Ayn\u0131 zamanda Y\u00fcce Divan eski Ba\u015fkan\u0131 olan Muktedai, Erbakan&#8217;a Kum \u015fehriyle ilgili bilgi vermi\u015fti. &#8220;Say\u0131n Ba\u015fbakan Kum \u015fehrine ho\u015f geldiniz&#8221; diye s\u00f6zlerine ba\u015flayan Muktedai, &#8220;Buras\u0131 \u0130slam d\u00fcnyas\u0131n\u0131n ilmi merkezidir, M\u00fcsl\u00fcmanlar karde\u015ftir ve aralar\u0131ndaki dayan\u0131\u015fmay\u0131 her alanda g\u00fc\u00e7lendirmelidir. Muhterem Ba\u015fbakan Erbakan, \u00f6mr\u00fcn\u00fc M\u00fcsl\u00fcmanlar\u0131n karde\u015fli\u011finin tesisine adam\u0131\u015f devlet ve dava lideridir. T\u00fcrkiye ve \u0130ran aras\u0131ndaki ili\u015fkiler de zat\u0131\u00e2lilerinin ba\u015fbakanl\u0131\u011f\u0131 d\u00f6neminde b\u00fcy\u00fck bir geli\u015fme s\u00fcrecine girmi\u015ftir&#8221; diyerek memnuniyetini bildirmi\u015fti.<\/p>\n<p><strong>Ayetullahlar: &#8220;\u00c7a\u011flayan&#8217;daki Gazze hayk\u0131r\u0131\u015f\u0131n\u0131z\u0131 asla unutmayaca\u011f\u0131z!&#8221;<\/strong><\/p>\n<p>Ayetullah Muktedai, Filistin konusuna da de\u011finirken Saadet Partisi&#8217;nin Gazze i\u015fgali s\u0131ras\u0131nda \u00c7a\u011flayan&#8217;da yapt\u0131\u011f\u0131 1 milyonluk b\u00fcy\u00fck mitingi de hat\u0131rlatarak; Erbakan&#8217;\u0131n liderli\u011fini yapt\u0131\u011f\u0131 hareketin \u0130slam d\u00fcnyas\u0131 i\u00e7in b\u00fcy\u00fck bir anlam ta\u015f\u0131d\u0131\u011f\u0131n\u0131 kaydeden Muktedai, &#8220;Filistin&#8217;e g\u00f6sterdi\u011finiz ilgiyi ve b\u00fct\u00fcn d\u00fcnyada ses getiren \u00c7a\u011flayan mitinginizi ve hayk\u0131r\u0131\u015f\u0131n\u0131z\u0131 asla unutmayaca\u011f\u0131z. Sizin bu hayk\u0131r\u0131\u015f\u0131n\u0131z \u0130slam d\u00fcnyas\u0131nda da b\u00fcy\u00fck bir uyan\u0131\u015fa vesile olmu\u015f, Gazze&#8217;deki M\u00fcsl\u00fcman karde\u015flerimize b\u00fcy\u00fck bir destek sa\u011flam\u0131\u015ft\u0131r&#8221; demi\u015fti.<\/p>\n<p><strong>Hemadani: &#8220;\u0130lminizden ve b\u00fcy\u00fck tecr\u00fcbenizden faydalanaca\u011f\u0131z&#8221;<\/strong><\/p>\n<p>Erbakan&#8217;\u0131n daha sonraki g\u00f6r\u00fc\u015fmesi ile Ayetullah Nuri Hemadani ileydi. Erbakan&#8217;\u0131n ba\u015far\u0131lar\u0131n\u0131 \u00e7ok yak\u0131ndan takip ettiklerini s\u00f6yleyen Hemadani, \u0130slam d\u00fcnyas\u0131n\u0131n, tarihi ve k\u00fclt\u00fcrel b\u00fcy\u00fck bir uygarl\u0131\u011fa sahipken, bug\u00fcn maalesef bu yerini kaybetti\u011fini hat\u0131rlatm\u0131\u015ft\u0131. &#8220;\u0130n\u015fallah Say\u0131n Ba\u015fbakan&#8217;\u0131n bu ziyareti M\u00fcsl\u00fcmanlar\u0131n tarihteki ilmi g\u00fcc\u00fcne yeniden kavu\u015fmas\u0131na b\u00fcy\u00fck katk\u0131 sa\u011flayacakt\u0131r&#8221; diyen Ayetullah Hemadani,\u00a0\u00a0 Erbakan&#8217;\u0131n ilminden ve b\u00fcy\u00fck tecr\u00fcbesinden faydalanmaktan dolay\u0131 mutlu olduklar\u0131n\u0131 vurgulam\u0131\u015ft\u0131. Hemadani de, Gazze&#8217;nin i\u015fgaline kar\u015f\u0131 T\u00fcrkiye&#8217;de g\u00f6sterdikleri hassasiyet dolay\u0131s\u0131yla Mill\u00ee G\u00f6r\u00fc\u015f Lideri Erbakan&#8217;a te\u015fekk\u00fcr ederken, \u00c7a\u011flayan&#8217;daki Gazze Mitingi&#8217;ni hayranl\u0131kla ve sevin\u00e7 g\u00f6zya\u015flar\u0131yla izlediklerini anlatm\u0131\u015ft\u0131.<\/p>\n<p><strong>\u0130slam d\u00fcnyas\u0131na kar\u015f\u0131 20. Ha\u00e7l\u0131 seferini ba\u015flatt\u0131lar&#8230;<\/strong><\/p>\n<p>Milli G\u00f6r\u00fc\u015f Lideri Prof. Dr. Necmettin Erbakan ise Ayetullah Muktedai ile yapt\u0131\u011f\u0131 g\u00f6r\u00fc\u015fmede Kum \u015fehrini &#8220;d\u00fcnyan\u0131n en b\u00fcy\u00fck ilim merkezi&#8217; olarak nitelendirip ilmi \u00e7al\u0131\u015fmalar\u0131n \u00f6nemini anlatarak insanl\u0131\u011f\u0131n tarihin \u00e7ok \u00f6nemli bir d\u00f6n\u00fcm noktas\u0131nda bulunuldu\u011funu vurgulam\u0131\u015ft\u0131. &#8220;\u0130slam d\u00fcnyas\u0131 20. Ha\u00e7l\u0131 seferiyle kar\u015f\u0131 kar\u015f\u0131yad\u0131r&#8221; diyen Erbakan, Sovyetlerin da\u011f\u0131lmas\u0131 ve kom\u00fcnizmin y\u0131k\u0131lmas\u0131ndan sonra 1990&#8217;da \u0130sko\u00e7ya&#8217;da yap\u0131lan NATO toplant\u0131s\u0131nda \u0130ngiltere eski Ba\u015fbakan\u0131 Teacher&#8217;\u0131n &#8220;D\u00fc\u015fman\u0131 olmayan ideolojiler ya\u015fayamaz. Do\u011fu bloku y\u0131k\u0131lm\u0131\u015ft\u0131r ancak yeni d\u00fc\u015fman\u0131m\u0131z \u0130slam&#8217;d\u0131r&#8221; s\u00f6zlerini hat\u0131rlatm\u0131\u015ft\u0131. Bu toplant\u0131dan sonra \u0130slam d\u00fcnyas\u0131n\u0131n kan g\u00f6l\u00fcne d\u00f6n\u00fc\u015ft\u00fcr\u00fcld\u00fc\u011f\u00fcn\u00fc, M\u00fcsl\u00fcman \u00fclkelere y\u00f6nelik sava\u015f ve i\u015fgallerin ba\u015flad\u0131\u011f\u0131n\u0131 anlatan Erbakan, M\u00fcsl\u00fcmanlar\u0131n ger\u00e7ek bir i\u015fbirli\u011fine ihtiyac\u0131 oldu\u011funu kaydedip insanl\u0131\u011f\u0131n &#8216;yeni bir d\u00fcnyay\u0131&#8217; hasretle bekledi\u011fini ve bunun nas\u0131l ger\u00e7ekle\u015fece\u011fini anlatm\u0131\u015ft\u0131 ve Kum Valisi&#8217;nin onuruna verdi\u011fi ak\u015fam yeme\u011fine kat\u0131lm\u0131\u015ft\u0131.<\/p>\n<p><strong>Erbakan&#8217;\u0131n, \u0130ran Cumhurba\u015fkan\u0131 Ahmedinecad&#8217;la g\u00f6r\u00fc\u015fmeleri<\/strong><\/p>\n<p>Erbakan Hoca, ertesi g\u00fcn \u0130ran Cumhurba\u015fkan\u0131 Mahmut Ahmedinecad ile g\u00f6r\u00fc\u015fm\u00fc\u015flerdi. Merakla beklenen bulu\u015fma yerel saatle saat 12.15&#8217;te ger\u00e7ekle\u015fmi\u015fti. Yakla\u015f\u0131k 1.5 saat s\u00fcren g\u00f6r\u00fc\u015fmeye \u0130ran ve uluslararas\u0131 medya kurulu\u015flar\u0131 b\u00fcy\u00fck ilgi g\u00f6stermi\u015fti. Erbakan ve Ahmedinecad, 1.5 saatlik heyetler aras\u0131 g\u00f6r\u00fc\u015fmenin ard\u0131ndan ba\u015f ba\u015fa ikili g\u00f6r\u00fc\u015fmelere ge\u00e7mi\u015flerdi.<\/p>\n<p><strong>Ahmedinecad: &#8220;Herkes Erbakan&#8217;\u0131n dirayetli bir devlet adam\u0131 oldu\u011funu biliyor&#8221;<\/strong><\/p>\n<p>Erbakan&#8217;\u0131, &#8220;Zat\u0131\u00e2linizle g\u00f6r\u00fc\u015fmekten k\u0131van\u00e7 duyuyorum. Tahran&#8217;a ho\u015f geldiniz &#8221; s\u00f6zleriyle, s\u0131cak bir \u015fekilde kar\u015f\u0131layan \u0130ran \u0130slam Cumhuriyeti Cumhurba\u015fkan\u0131 Ahmedinecad, &#8220;Say\u0131n Erbakan, \u0130ran&#8217;da bilinen, tan\u0131nan ve \u00e7ok sevilen bir devlet adam\u0131d\u0131r. Herkes Erbakan&#8217;\u0131n ne kadar kararl\u0131 ve dirayetli bir devlet adam\u0131 oldu\u011funu g\u00f6r\u00fcyor ve biliyor&#8221; diyerek, kendisinin de Erbakan&#8217;\u0131n T\u00fcrkiye M\u00fcsl\u00fcmanlar\u0131 ve \u0130slam d\u00fcnyas\u0131 i\u00e7in yapt\u0131\u011f\u0131 \u00e7al\u0131\u015fmalar\u0131n\u0131 yak\u0131ndan takip ve takdir etti\u011fini s\u00f6ylemi\u015fti.<\/p>\n<p><strong>Erbakan: &#8220;T\u00fcrkiye&#8217;de insanlar Ahmedinecad&#8217;a hayranl\u0131k duyuyor&#8221;<\/strong><\/p>\n<p>S\u00f6zlerine, &#8220;T\u00fcrkiye&#8217;de herkes Ahmedinecad Bey&#8217;in hayran\u0131d\u0131r. Bunu bir iltifat olsun diye s\u00f6ylemiyorum; bir ger\u00e7ek oldu\u011fu i\u00e7in s\u00f6yl\u00fcyorum&#8221; diye ba\u015flayan Prof. Dr. Necmettin Erbakan, \u0130ran&#8217;\u0131n d\u00fcnyada sergiledi\u011fi \u015fahsiyetli duru\u015fuyla \u00f6nemli bir \u00fclke oldu\u011funu s\u00f6yleyerek, insanl\u0131\u011f\u0131n saadet d\u00fcnyas\u0131na acilen ihtiyac\u0131 oldu\u011funu hat\u0131rlat\u0131p, zul\u00fcm, a\u00e7l\u0131k, s\u00f6m\u00fcr\u00fc ve sava\u015ftan ba\u015fka bir \u015fey vermeyen bug\u00fcnk\u00fc \u0131rk\u00e7\u0131 emperyalizmin i\u015fbirlik\u00e7i zihniyetlerin deste\u011fiyle ayakta durdu\u011funu belirtmi\u015fti. Erbakan, &#8220;M\u00fcsl\u00fcmanlar\u0131n kaybedecek zaman\u0131 yoktur. Zaman bizim i\u00e7in \u00e7ok k\u0131ymetli. Ne yaz\u0131k ki, bir\u00e7ok M\u00fcsl\u00fcman \u00fclkede y\u00f6neticiler menfaatleri dolay\u0131s\u0131yla \u0131rk\u00e7\u0131 emperyalizmle i\u015fbirli\u011fi yapmaktad\u0131r. Hem M\u00fcsl\u00fcman \u00fclkeler, hem de ezilen ve s\u00f6m\u00fcr\u00fclen \u00fclkeler, bu i\u015fbirlik\u00e7ili\u011fi terk etmelidir&#8221; demi\u015fti.<\/p>\n<p>B\u00fcy\u00fck \u0130srail&#8217;in kurulmas\u0131 i\u00e7in her \u015feyin yap\u0131ld\u0131\u011f\u0131n\u0131 ve \u015fimdi de bu ama\u00e7la 20. Ha\u00e7l\u0131 seferinin ba\u015flat\u0131ld\u0131\u011f\u0131n\u0131 anlatan Necmettin Erbakan, Irak ve Afganistan&#8217;\u0131n bu ama\u00e7la i\u015fgal edildi\u011fini, Filistin&#8217;de bu ama\u00e7la kan ve g\u00f6zya\u015f\u0131 ak\u0131t\u0131ld\u0131\u011f\u0131n\u0131, Fas&#8217;tan Endonezya&#8217;ya kadar \u0130slam \u00fclkelerini i\u00e7erisine alan B\u00fcy\u00fck Ortado\u011fu Projesi&#8217;nin bu ama\u00e7la ger\u00e7ekle\u015ftirilmek istendi\u011fini yinelemi\u015fti. Erbakan Hoca, t\u00fcm bu geli\u015fmelerle birlikte nihayetinde M\u0131s\u0131r, Suudi Arabistan, Suriye ile birlikte \u0130ran ve T\u00fcrkiye&#8217;nin de i\u015fgal edilmek istendi\u011fini belirterek; &#8220;Peki b\u00fct\u00fcn bunlar kar\u015f\u0131s\u0131nda biz M\u00fcsl\u00fcmanlar ne yap\u0131yoruz? \u0130slam Konferans\u0131&#8217;n\u0131 topluyoruz &#8216;nihai bildiri&#8217; yay\u0131nl\u0131yoruz. &#8216;Amerika biran \u00f6nce Irak&#8217;tan \u00e7\u0131ks\u0131n&#8217; diyoruz. Onlar da bu nihai bildiriler kar\u015f\u0131nda televizyonlar\u0131n\u0131n ba\u015f\u0131nda kahvelerini i\u00e7erken bize g\u00fcl\u00fcyor. Nihai bildirilerle bu i\u015fler olmaz. Ger\u00e7ek &#8216;\u0130slam Birli\u011fi&#8217;ni kurmak zalimlerin anlad\u0131\u011f\u0131 insanl\u0131\u011f\u0131n tek kurtulu\u015f re\u00e7etesidir&#8221; demi\u015fti.<\/p>\n<p><strong>&#8220;\u00d6nceki geli\u015fimizde D-8&#8217;leri kurduk, \u015fimdi Yeni Bir D\u00fcnya kuraca\u011f\u0131z&#8221;<\/strong><\/p>\n<p><strong>Kendisi Ba\u015fbakan olunca ilk i\u015finin D-8&#8217;in kurulmas\u0131 oldu\u011funu ve bu ama\u00e7la ilk ziyaretini \u0130ran&#8217;a yapt\u0131\u011f\u0131n\u0131 hat\u0131rlatan 54. H\u00fck\u00fcmetin Ba\u015fbakan\u0131 Prof. Dr. Necmettin Erbakan, &#8220;Fakat maalesef D-8&#8217;lerin bug\u00fcn ismi var, cismi yok. Halbuki D-8&#8217;ler ger\u00e7ek \u0130slam Birli\u011fi&#8217;nin \u00e7ekirde\u011fidir. Ben 12 sene \u00f6nce \u0130ran&#8217;a geldi\u011fimizde Say\u0131n Rafsancani ile birlikte D-8&#8217;leri kurduk. \u015eimdi de \u0130ran&#8217;a geldim \u00e7\u00fcnk\u00fc sizinle koordinasyonla Yeni Bir D\u00fcnya&#8217;n\u0131n kurulmas\u0131 i\u00e7in ciddi bir \u00e7al\u0131\u015fma d\u00f6nemi ba\u015flatt\u0131m. Ben b\u00f6ylece size kar\u015f\u0131 karde\u015flik vazifemi yap\u0131yorum. Sizin \u015fuurlu deste\u011finizle &#8216;Yeni D\u00fcnya&#8217; mutlaka kurulacakt\u0131r. Bu d\u00fcnya bug\u00fcnk\u00fc gibi bir zul\u00fcm d\u00fcnyas\u0131 olarak kalmayacak, adil bir d\u00fczene dayal\u0131 saadet d\u00fcnyas\u0131 olacakt\u0131r&#8221; s\u00f6zleriyle tarihi \u0130ran ziyaretinin as\u0131l hedefini g\u00f6stermi\u015fti.<\/strong><\/p>\n<p><strong>Ahmedinecad: &#8220;D-8&#8217;lerin kurulmas\u0131 \u00e7ok b\u00fcy\u00fck bir olayd\u0131&#8221;<\/strong><\/p>\n<p>Erbakan&#8217;dan sonra s\u00f6z alan \u0130ran Cumhurba\u015fkan\u0131 Mahmut Ahmedinecad da, siyonizmin insanl\u0131\u011f\u0131n ba\u015f d\u00fc\u015fman\u0131 oldu\u011funu, az\u0131nl\u0131k bir grup olmas\u0131na ra\u011fmen siyonizmin \u00e7ok te\u015fkilatl\u0131 bir \u00e7al\u0131\u015fma i\u00e7erisinde bulundu\u011funu, Amerika ve Avrupa ba\u015fta olmak \u00fczere d\u00fcnya medyas\u0131 ve sermayesini kontrol alt\u0131nda tuttu\u011funu kaydetmi\u015fti. D-8&#8217;in \u00f6nemine de dikkat \u00e7eken Ahmedinecad&#8217;in; &#8220;D-8&#8217;in kurulmas\u0131 d\u00fcnya siyasetinde \u00e7ok \u00f6nemli ve \u00e7ok b\u00fcy\u00fck bir olayd\u0131r. Siz D-8&#8217;leri kurdunuz, bizim de bu yolu takip etmemiz ve D-8&#8217;leri \u00e7ok daha g\u00fc\u00e7lendirmemiz laz\u0131m. Asl\u0131nda bu \u00e7ok kolay bir i\u015f de\u011fil. \u00c7\u00fcnk\u00fc siz bu i\u015fi yaparken kar\u015f\u0131n\u0131zda d\u00fcnya siyonizmini buluyorsunuz. Fakat bizler istersek b\u00fct\u00fcn zorluklar\u0131n \u00fczerinden geliriz. Allah&#8217;\u0131n izniyle yeni bir d\u00fcnya i\u00e7in yol a\u00e7\u0131kt\u0131r. \u00c7\u00fcnk\u00fc sizin gibi insanlar\u0131n \u00e7al\u0131\u015fmalar\u0131yla milletler uyan\u0131yor. El ele vererek ifade etti\u011finiz yeni d\u00fcnyay\u0131 kurmak zorunday\u0131z&#8221; ifadeleri olduk\u00e7a samimi ve seviyeliydi.<\/p>\n<p><strong>Milli G\u00f6r\u00fc\u015f Lideri ve 54. H\u00fck\u00fcmet Ba\u015fbakan\u0131 Necmettin Erbakan&#8217;a d\u00f6nerek: &#8220;Bu yolda birlikteyiz&#8221; mesaj\u0131 da veren \u0130ran Cumhurba\u015fkan\u0131 Ahmedinecad&#8217;in: &#8220;Sizinleyiz. Sizinle birlikteyiz ve ellerimiz ellerinizdedir. Yeni bir d\u00fcnyan\u0131n kurulmas\u0131 i\u00e7in yapmam\u0131z gereken ne varsa her \u015feyi yapaca\u011f\u0131z. \u00c7ok a\u011f\u0131r bir y\u00fck omuzluyoruz, ama Allah&#8217;\u0131n yard\u0131m\u0131yla zafer yak\u0131nd\u0131r&#8221; s\u00f6zleri dikkat \u00e7ekiciydi. Ve kendisine bir hediye takdim eden Erbakan&#8217;a Ahmedinecad&#8217;\u0131n: &#8220;Bizim i\u00e7in alt\u0131ndan de\u011ferlisiniz!&#8221; iltifatlar\u0131 bir kadir\u015finasl\u0131k \u00f6rne\u011fi idi.<\/strong><\/p>\n<p><strong>Erbakan-Shahrodi g\u00f6r\u00fc\u015fmesi<\/strong><\/p>\n<p>Milli G\u00f6r\u00fc\u015f Lideri&#8217;nin ger\u00e7ekle\u015ftirdi\u011fi \u00e7ok \u00f6nemli g\u00f6r\u00fc\u015fme ise \u0130ran Dini Lideri Ali Hamaney ve Cumhurba\u015fkan\u0131 Ahmedinecad&#8217;dan sonra protokolde \u00fc\u00e7\u00fcnc\u00fc s\u0131rada yer alan Y\u00fcksek Yarg\u0131 Ba\u015fkan\u0131 Ayetullah Shahrodi ileydi.\u00a0 Yakla\u015f\u0131k 60 dakika s\u00fcren Erbakan-Ayetullah Shahrodi g\u00f6r\u00fc\u015fmesinde de D-8&#8217;ler ve \u0130slam Birli\u011fi g\u00fcndeme gelmi\u015fti. Ayetullah Shahrodi, \u0130slam Birli\u011fi&#8217;nin kurulmas\u0131 i\u00e7in b\u00fct\u00fcn gayretini sarf edece\u011fini s\u00f6ylerken, &#8220;Biz e\u011fer sizin ifade etti\u011finiz gibi \u0130slam Birli\u011fi&#8217;ni kurar ve yeni bir d\u00fcnya ile saadet yolunu a\u00e7abilirsek M\u00fcsl\u00fcmanlar tarihteki sayg\u0131n yerini yeniden alacakt\u0131r&#8221; demi\u015fti.<\/p>\n<p><strong>Erbakan, Hamaney g\u00f6r\u00fc\u015fmesiyle \u0130ran ziyaretini tamamlam\u0131\u015ft\u0131<\/strong><\/p>\n<p><strong>Erbakan Hoca, \u0130ran&#8217;\u0131n en \u00f6nemli ismi olan \u0130ran Dini Lideri Seyyid Ali Hamaney&#8217;le bir araya gelmi\u015fti. Askeri erkandan \u00fcst d\u00fczey yetkililer ile \u0130ran&#8217;\u0131n \u00e7e\u015fitli b\u00f6lgelerinden y\u00f6neticilerin de i\u015ftirak etti\u011fi Erbakan-Hamaney g\u00f6r\u00fc\u015fmesi yakla\u015f\u0131k 1.5 saat devam etmi\u015fti. Hamaney g\u00f6r\u00fc\u015fmesiyle birlikte Erbakan&#8217;\u0131n \u0130ran temaslar\u0131ndaki resmi g\u00f6r\u00fc\u015fmeleri de sona ermi\u015fti.<\/strong><\/p>\n<p><strong>Hamaney: &#8220;Yeni D\u00fcnya \u00e7al\u0131\u015fmalar\u0131na vakit ge\u00e7irmeden ba\u015flamal\u0131y\u0131z&#8230;&#8221;<\/strong><\/p>\n<p><strong>\u0130ran Dini Lideri Ali Hamaney; Erbakan ile tekrar g\u00f6r\u00fc\u015fme f\u0131rsat\u0131 buldu\u011fu i\u00e7in \u00e7ok memnun oldu\u011funu s\u00f6ylemi\u015fti. &#8220;Say\u0131n Erbakan&#8217;\u0131n y\u00fcksek fikirlerinden olduk\u00e7a istifade ettik&#8221; diyen Hamaney, d\u00fcnyada bar\u0131\u015f\u0131n sa\u011flanmas\u0131 ve yeni bir d\u00fcnyan\u0131n kurulmas\u0131 \u00e7al\u0131\u015fmalar\u0131n\u0131n geciktirilmeden yap\u0131lmas\u0131 gerekti\u011fini belirtmi\u015fti. &#8220;Erbakan&#8217;\u0131n bug\u00fcne kadarki \u00e7al\u0131\u015fmalar\u0131ndan nas\u0131l memnun kald\u0131ysam, bu a\u00e7\u0131klamalar\u0131ndan da o derece memnun kald\u0131m&#8221; diyerek Erbakan ile bundan \u00f6nce yapt\u0131\u011f\u0131 g\u00f6r\u00fc\u015fme ile bu g\u00f6r\u00fc\u015fme aras\u0131nda M\u00fcsl\u00fcman \u00fclkelerin aleyhine \u00f6nemli olaylar cereyan etti\u011fi gibi lehine de \u00f6nemli geli\u015fmeler oldu\u011funu dile getiren \u0130ran Dini Lideri Hamaney, Erbakan&#8217;a \u00e7al\u0131\u015fmalar\u0131nda ba\u015far\u0131lar dilemi\u015fti.<\/strong><\/p>\n<p><strong>\u0130nsanl\u0131k tarihi bir d\u00f6n\u00fcm noktas\u0131ndayd\u0131 ve zulm\u00fcn y\u0131k\u0131l\u0131\u015f\u0131 yakla\u015fm\u0131\u015ft\u0131!..<\/strong><\/p>\n<p>54. H\u00fck\u00fcmet Ba\u015fbakan\u0131 ve Mill\u00ee G\u00f6r\u00fc\u015f lideri bu \u00f6nemli g\u00f6r\u00fc\u015fmeden sonra on g\u00fcn boyunca ikamet etti\u011fi \u0130stiklal Hotel&#8217;de yapt\u0131\u011f\u0131 bir bas\u0131n toplant\u0131s\u0131 ile \u0130ran gezisini de\u011ferlendirmi\u015fti. Uluslararas\u0131 ajanslar ile \u0130ran medyas\u0131n\u0131n b\u00fcy\u00fck ilgi g\u00f6sterdi\u011fi bas\u0131n toplant\u0131s\u0131nda \u0130ran&#8217;a yapt\u0131\u011f\u0131 bu seyahatinin \u00e7ok \u00f6nemli d\u00fcnya olaylar\u0131n\u0131n cereyan etti\u011fi tarihi bir d\u00f6neme rastlad\u0131\u011f\u0131na dikkat \u00e7ekmi\u015fti. Bug\u00fcn insanl\u0131\u011f\u0131n, ya \u0131rk\u00e7\u0131 emperyalizmin k\u00f6lesi olmaya devam edece\u011fini veya hakk\u0131 \u00fcst\u00fcn tutan saadet d\u00fcnyas\u0131n\u0131n kurulaca\u011f\u0131n\u0131 kaydeden Erbakan, &#8220;Bug\u00fcnk\u00fc zul\u00fcm d\u00fcnyas\u0131 yerine bar\u0131\u015f\u0131n, huzurun, adaletin h\u00fck\u00fcm s\u00fcrece\u011fi saadet d\u00fcnyas\u0131n\u0131n kurulmas\u0131 i\u00e7in karde\u015f iki \u00fclke olan T\u00fcrkiye ve \u0130ran&#8217;\u0131n \u00e7ok g\u00fc\u00e7l\u00fc bir i\u015fbirli\u011fi i\u00e7erisinde olmas\u0131na b\u00fct\u00fcn d\u00fcnyan\u0131n ihtiyac\u0131 vard\u0131r. B\u00f6yle \u00f6nemli bir gaye i\u00e7in \u0130ran seyahatimize dair daveti kabul edip severek \u0130ran&#8217;a gelmek tarihi bir g\u00f6rev say\u0131lm\u0131\u015ft\u0131r. \u00d6yle inan\u0131yorum ki, on g\u00fcnl\u00fck ziyaretim boyunca yapt\u0131\u011f\u0131m g\u00f6r\u00fc\u015fmeler bak\u0131m\u0131ndan hemen hemen hi\u00e7bir devlet adam\u0131 b\u00f6yle bir programla kar\u015f\u0131lanmam\u0131\u015ft\u0131r. G\u00f6r\u00fc\u015fmeler en \u00fcst d\u00fczeyde ger\u00e7ekle\u015fmi\u015f bulunmaktad\u0131r. Beni mutlu eden en m\u00fchim \u015fey, b\u00fct\u00fcn g\u00f6r\u00fc\u015fmelerimizde s\u0131cak, kalbi ve samimi bir \u015fekilde kar\u015f\u0131lanmak ve a\u011f\u0131rlanmakt\u0131r. \u0130ran da g\u00f6r\u00fc\u015ft\u00fc\u011f\u00fcm\u00fcz b\u00fct\u00fcn k\u0131ymetli y\u00f6neticilerin T\u00fcrkiye&#8217;ye olan sevgisini g\u00f6rmek de ayr\u0131 bir bahtiyarl\u0131kt\u0131r&#8221; demi\u015fti.<\/p>\n<p><strong>\u0130ranl\u0131 y\u00f6neticilerin &#8216;yeni bir d\u00fcnya&#8217;n\u0131n kurulmas\u0131n\u0131 candan arzu ettiklerini g\u00f6rmekten de mutluluk duydu\u011funu ifade eden Necmettin Erbakan, \u0130ran gezisinin amac\u0131n\u0131 i\u015fe \u015fu s\u00f6zleriyle \u00f6zetlemi\u015fti.\u00a0 &#8220;\u0130ran seyahatimizle \u00fc\u00e7 hedefimiz olmu\u015ftur; T\u00fcrkiye ile karde\u015f \u0130ran aras\u0131ndaki ili\u015fkilerin azami derecede g\u00fc\u00e7lendirilmesi konusunu ele almak, Ortado\u011fu&#8217;daki kanl\u0131 vah\u015fete nas\u0131l son veririz konusunda fikir teatisinde bulunmak, Irk\u00e7\u0131 emperyalizmin y\u00fcr\u00fctmek istedi\u011fi k\u00f6le d\u00fczenine kar\u015f\u0131 d\u00fcnya bar\u0131\u015f\u0131 i\u00e7in saadet d\u00fcnyas\u0131n\u0131 nas\u0131l kurar\u0131z konusunda g\u00f6r\u00fc\u015flerimizi payla\u015fmak,\u00a0 tarihi \u0130ran gezimizin hedefleri olmu\u015ftur.&#8221;<\/strong><\/p>\n<p><strong>&#8220;Ortado\u011fu&#8217;daki vah\u015fete lafla de\u011fil, fiilen son verebilmek gerekiyor&#8221; diyen Erbakan, siyasi iradenin \u00f6nemine dikkat \u00e7ekerek, T\u00fcrkiye ve \u0130ran&#8217;\u0131n bu siyasi iradeyi birlikte ortaya koymas\u0131 gerekti\u011fini, bu \u00fclkeleri di\u011fer \u00fclkelerin izleyece\u011fini belirtmesi&#8221; \u00e7ok \u00f6nemli ve cesaretli mesajlar i\u00e7ermekteydi.<\/strong><\/p>\n<p><strong>Erbakan&#8217;\u0131n: &#8220;Zul\u00fcm ve s\u00f6m\u00fcr\u00fc de\u011fil; bar\u0131\u015f ve saadet d\u00fcnyas\u0131 istiyoruz&#8221; s\u00f6zleri, d\u00fcnya mazlumlar\u0131n\u0131n duygular\u0131na terc\u00fcmanl\u0131kt\u0131.<\/strong><\/p>\n<p>Erbakan&#8217;\u0131 dostluk mesajlar\u0131yla kar\u015f\u0131layan Hamaney, d\u00fcnyan\u0131n hali haz\u0131rdaki durumu ve yap\u0131lmas\u0131 gerekenler hakk\u0131nda, Erbakan&#8217;dan kendilerini ayd\u0131nlatmas\u0131n\u0131 rica etmi\u015fti. D\u00fcnyadaki son geli\u015fmeler ve T\u00fcrkiye ile \u0130ran aras\u0131ndaki ili\u015fkilerin geli\u015ftirilmesi hakk\u0131nda g\u00f6r\u00fc\u015flerini anlatan Erbakan, &#8220;B\u00f6lgemizde ve Ortado\u011fu&#8217;da bar\u0131\u015f\u0131n tesisi ve d\u00fcnyadaki meselelerin giderilip zulm\u00fcn ve sava\u015flar\u0131n durdurulmas\u0131 gerekmektedir. Sava\u015flar\u0131n, i\u015fgallerin ve s\u00f6m\u00fcr\u00fcn\u00fcn insanl\u0131\u011f\u0131 ezdi\u011fi bu d\u00fcnyan\u0131n yerine adalet ve bar\u0131\u015f d\u00fcnyas\u0131n\u0131n ivedilikle kurulmas\u0131 \u015fart. \u0130nsanl\u0131\u011f\u0131n kaybedecek vakti kalmad\u0131&#8221; demi\u015fti. Erbakan&#8217;\u0131n, yeni d\u00fcnyan\u0131n nas\u0131l olmas\u0131 gerekti\u011fi ve yeni d\u00fcnyan\u0131n nas\u0131l kurulaca\u011f\u0131na ili\u015fkin d\u00fc\u015f\u00fcncelerini de \u0130ran Dini Lideri Hamaney ve g\u00f6r\u00fc\u015fmede haz\u0131r bulunan erk\u00e2na anlatt\u0131\u011f\u0131 bildirilmi\u015fti.<\/p>\n<p><strong>Bu arada, Sn. Mehmet \u015eevket Eygi&#8217;nin:<\/strong><\/p>\n<p><strong>&#8220;T\u00fcrkiye ile \u0130ran sald\u0131rmazl\u0131k pakt\u0131 imzalamal\u0131d\u0131r&#8221; ba\u015fl\u0131kl\u0131 yaz\u0131s\u0131 yay\u0131nland\u0131\u011f\u0131 s\u0131rada Erbakan Hoca \u00f6zel bir davetle gitti\u011fi \u0130ran ziyaretine ba\u015flam\u0131\u015f bulunuyordu. Sn. Mehmet \u015eevket Eygi&#8217;nin haberi oldu\u011fu halde kendi temenni ve tekliflerine de uygun d\u00fc\u015fen bu giri\u015fimden hi\u00e7 bahsetmemesi, birka\u00e7 c\u00fcmlelik tebrik ve te\u015fekk\u00fcr\u00fc bile esirgemesi, samimiyet seviyesini yans\u0131t\u0131yordu.<\/strong><\/p>\n<p><em>&#8220;Siyonistlerin ana stratejilerinin maddelerinden biri, ne yap\u0131p yaparak T\u00fcrkiye ile \u0130ran&#8217;\u0131 \u00e7at\u0131\u015ft\u0131rmakt\u0131r. \u0130srail&#8217;in kurtulmas\u0131, ya\u015famas\u0131, Ortado\u011fu&#8217;yu ele ge\u00e7irmesi i\u00e7in bu \u015fartt\u0131r.<\/em><\/p>\n<p><em>&#8220;Durup dururken bunu nereden \u00e7\u0131kartt\u0131n?&#8221; diyenler olabilir. Gerek\u00e7e g\u00f6stermeyece\u011fim, iddiamda \u0131srar edece\u011fim.<\/em><\/p>\n<p><em>B\u00fcy\u00fck Ortado\u011fu projesinin ana gayesi nedir? Bu b\u00f6lgedeki y\u00fcz\u00f6l\u00e7\u00fcm\u00fc, n\u00fcfusu, imk\u00e2nlar\u0131 b\u00fcy\u00fck devletleri k\u00fc\u00e7\u00fck devlet\u00e7iklere par\u00e7alamak, bunlar\u0131n her birinin kendi ordular\u0131n\u0131 kurmas\u0131n\u0131, birbirlerine d\u00fc\u015fman olarak bakmas\u0131n\u0131 sa\u011flamak, tek kelimeyle b\u00f6lgeyi balkanla\u015ft\u0131rmakt\u0131r.<\/em><\/p>\n<p><em>\u0130kinci madde de, ger\u00e7ek \u0130sl\u00e2m&#8217;\u0131n yerine \u0131l\u0131ml\u0131, evcil, light bir \u0130sl\u00e2m t\u00fcretmektir.<\/em><\/p>\n<p><em>Ankara&#8217;daki, i\u00e7inde Avusturyal\u0131 bir Cizvit papaz\u0131n\u0131n da bulundu\u011fu had\u00eesleri ay\u0131klama i\u015fi bu plan\u0131n bir par\u00e7as\u0131d\u0131r.<\/em><\/p>\n<p><em>T\u00fcrkiye ve \u0130ran iki karde\u015f \u00fclkedir. \u00c7at\u0131\u015fmalar\u0131, sava\u015fmalar\u0131 b\u00fcy\u00fck bir felaket do\u011furur.<\/em><\/p>\n<p><em>Emperyalistler, vaktiyle \u0130ran ile Irak&#8217;\u0131 da birbirine d\u00fc\u015f\u00fcrerek \u00e7ok uzun, \u00e7ok kanl\u0131, \u00e7ok tahripk\u00e2r, \u00e7ok bitirici bir sava\u015f \u00e7\u0131kartm\u0131\u015flard\u0131. \u0130ran Irak sava\u015f\u0131n\u0131 ABD&#8217;nin, \u0130srail&#8217;in, Ha\u00e7l\u0131lar\u0131n ve Siyonistlerin k\u0131\u015fk\u0131rt\u0131p te\u015fvik etti\u011finden kimsenin en ufak bir \u015f\u00fcphesi olmamal\u0131d\u0131r.<\/em><\/p>\n<p><em>T\u00fcrkiye ve \u0130ran&#8217;\u0131n alabildi\u011fine ticar\u00ee, iktisad\u00ee, turistik, k\u00fclt\u00fcrel ili\u015fkiler i\u00e7inde olmas\u0131 gerekir. B\u00f6yle bir \u015fey her iki taraf\u0131n da menfaatinedir.<\/em><\/p>\n<p><em>T\u00fcrkiye&#8217;de S\u00fcnn\u00eelik, \u0130ran&#8217;da \u015ei\u00eelik k\u00fclt\u00fcrleri dominantt\u0131r. O halde kesinlikle, iki taraf da bu konuda fitne ve fesada yol a\u00e7acak \u00e7al\u0131\u015fmalar, propagandalar yapmamal\u0131d\u0131r.<\/em><\/p>\n<p>T\u00fcrkiye ile \u0130ran neler yapabilir?<\/p>\n<p>1. Vize kald\u0131r\u0131lmal\u0131, iki devletin vatanda\u015flar\u0131 pasaportla gidip gelebilmelidir.<\/p>\n<p>2. \u0130ki devlet aras\u0131nda sald\u0131rmazl\u0131k pakt\u0131 imzalanmal\u0131d\u0131r.<\/p>\n<p>3. S\u00fcnn\u00eelik \u015ei\u00eelik konusunda olumsuz, y\u0131k\u0131c\u0131 propaganda yap\u0131lmamal\u0131d\u0131r.<\/p>\n<p>4. \u0130ki devlet birbirini rakip g\u00f6rmemelidir.<\/p>\n<p>5. K\u00fcrt n\u00fcfus konusunda iki devlet olumlu, yap\u0131c\u0131, bar\u0131\u015f\u00e7\u0131 siyaset takip etmelidir.<\/p>\n<p>6. \u0130ran&#8217;\u0131n yar\u0131s\u0131 T\u00fcrk&#8217;t\u00fcr. \u0130ran&#8217;\u0131n yar\u0131s\u0131 T\u00fcrk\u00e7e bilmekte ve konu\u015fmaktad\u0131r. Buna mukabil T\u00fcrkiye&#8217;de Fars\u00e7a bilen \u00e7ok azd\u0131r. \u00dcniversitelerimizde Fars\u00e7a b\u00f6l\u00fcmleri a\u00e7\u0131lmal\u0131 ve iyi Fars\u00e7a konu\u015fan ve yazan gen\u00e7ler yeti\u015ftirilmelidir. Bunlar ileride iki devletin ticar\u00ee, iktisad\u00ee, turistik, k\u00fclt\u00fcrel m\u00fcnasebetlerinin geli\u015fmesinde b\u00fcy\u00fck rol oynayacaklard\u0131r.<\/p>\n<p><strong>\u0130sl\u00e2m d\u00fc\u015fmanlar\u0131, Irak&#8217;ta, Pakistan&#8217;da, Afganistan&#8217;da S\u00fcnn\u00eelerle \u015ei\u00eeleri \u00e7at\u0131\u015ft\u0131rmaya gayret ediyor. Camilere at\u0131lan bombalarda onlar\u0131n parmaklar\u0131 oldu\u011fundan kimsenin en ufak bir \u015f\u00fcphesi olmamal\u0131d\u0131r.&#8221;<a name=\"_ftnref1\" href=\"#_ftn1\" title=\"_ftnref1\"><strong>[1]<\/strong><\/a><\/strong><\/p>\n<p><strong>Not: Sn. Eygi&#8217;nin baz\u0131 tespit ve tavsiyeleri, acaba \u0130ran&#8217;la aram\u0131z\u0131 bar\u0131\u015ft\u0131rmay\u0131 m\u0131, yoksa kar\u0131\u015ft\u0131rmay\u0131 m\u0131 ama\u00e7l\u0131yordu? \u00d6zellikle \u015fu kritik ortamda bu t\u00fcr yaralar\u0131 ka\u015f\u0131mak ve g\u00fcndeme ta\u015f\u0131mak ne derece do\u011fruydu? Sorular\u0131na yol a\u00e7aca\u011f\u0131 d\u00fc\u015f\u00fcncesiyle yaz\u0131dan \u00e7\u0131kar\u0131lm\u0131\u015ft\u0131r.<\/strong><\/p>\n<p><strong>&#8220;Yi\u011fidi \u00f6ld\u00fcr, hakk\u0131n\u0131 yeme!&#8221;<\/strong><\/p>\n<p>&#8220;Say\u0131n N. Erbakan&#8217;\u0131n d\u00fcnya g\u00f6r\u00fc\u015f\u00fcne kat\u0131lmayabiliriz ama yi\u011fidi \u00f6ld\u00fcr hakk\u0131n\u0131 yeme. Kald\u0131 ki birisi yurduma, insan\u0131ma yararl\u0131 bir i\u015f yapm\u0131\u015fsa onu taktir eder, alk\u0131\u015flar\u0131m. (&#8230;)<\/p>\n<p>&#8220;Erg\u00fcder Gediz Albay\u0131m \u015f\u00f6yle dedi:<\/p>\n<p>&#8220;Sizin ailesini buldu\u011funuz Nafiz Bey&#8217;e ait bilgi bulabilir miyim diye Cumhurba\u015fkan\u0131 ar\u015fivini tararken g\u00f6z\u00fcme bir yaz\u0131 ili\u015fti. Yaz\u0131, Cumhurba\u015fkan\u0131 Celal Bayar&#8217;a yaz\u0131l\u0131yor. \u00d6zet olarak \u015f\u00f6yle deniliyor:<\/p>\n<p>&#8220;\u0130stanbul Teknik \u00dcniversitesi \u00d6\u011f. \u00dcyesi Necmettin Erbakan, u\u00e7ak motorunun prototipini yapm\u0131\u015ft\u0131r. \u0130zin ve imk\u00e2n verilirse seri \u00fcretim yapabiliriz. Bu mektubun en ilgin\u00e7 y\u00f6n\u00fc ise k\u00e2\u011f\u0131d\u0131n alt\u0131na Bayar&#8217;\u0131n &#8220;ABD&#8217;den u\u00e7ak al\u0131yoruz, gerek yoktur&#8221; notunu d\u00fc\u015fmesidir.(Mevl\u00fct O. Y\u0131lmaz, Yeni\u00e7a\u011f)<\/p>\n<p>Erzurumlu Nafiz Bey ise Sakarya Sava\u015f\u0131 \u00f6ncesinde \u0130talyanlardan kendi paras\u0131yla sat\u0131n ald\u0131\u011f\u0131 iki u\u00e7a\u011f\u0131 \u0130nebolu yoluyla Ankara&#8217;ya ula\u015ft\u0131ran vatanseverdir.<\/p>\n<p>Laf, sanayimizin gitgide daralmas\u0131ndan, k\u00fc\u00e7\u00fclmesinden, hatta bitmesinden a\u00e7\u0131lm\u0131\u015ft\u0131 da, bu hik\u00e2ye iyi gider diye d\u00fc\u015f\u00fcnd\u00fcm.<a name=\"_ftnref2\" href=\"#_ftn2\" title=\"_ftnref2\">[2]<\/a><\/p>\n<p> <\/p>\n<hr \/>\n<p><a name=\"_ftn1\" href=\"#_ftnref1\" title=\"_ftn1\">[1]<\/a> 19.04.2009 \/ Milli Gazete<\/p>\n<p><a name=\"_ftn2\" href=\"#_ftnref2\" title=\"_ftn2\">[2]<\/a> Afet Ilgaz \/ Milli Gazete<\/p>\n","protected":false},"excerpt":{"rendered":"<p><strong> <\/p>\n<div align=\"justify\"><strong>Erbakan Hoca&#8217;n\u0131n Tarihi \u0130ran Ziyaretinin \u00d6zeti:<\/strong> \u0130<strong>RAN V\u0130RAN OLMAYACAK <\/strong><strong>VE <\/strong><strong>YEN\u0130 B\u0130R D\u00dcNYA KURULACAK<\/strong><\/div>\n<div align=\"justify\"><strong><strong>\u0130ngiliz The Times gazetesinin, &#8220;\u0130srail ordusunun, yeni h\u00fck\u00fcmetin emir vermesi durumunda \u0130ran&#8217;\u0131n n\u00fckleer tesislerine geni\u015f \u00e7apl\u0131 hava taarruzu ba\u015flatma haz\u0131rl\u0131\u011f\u0131 i\u00e7inde bulundu\u011funu&#8221; iddia etti\u011fi bir s\u00fcre\u00e7te, (18.04.2009) Erbakan Hoca&#8217;n\u0131n \u0130ran&#8217;a davet edilmesi tarihi ve stratejik bir \u00f6nem ta\u015f\u0131yordu <\/strong><\/strong><\/div>\n<p> <\/strong> <\/p>\n","protected":false},"author":19,"featured_media":0,"comment_status":"open","ping_status":"closed","sticky":false,"template":"","format":"standard","meta":{"footnotes":""},"categories":[96],"tags":[],"class_list":["post-1559","post","type-post","status-publish","format-standard","hentry","category-haziran-2009"],"_links":{"self":[{"href":"https:\/\/www.millicozum.com\/mc\/wp-json\/wp\/v2\/posts\/1559","targetHints":{"allow":["GET"]}}],"collection":[{"href":"https:\/\/www.millicozum.com\/mc\/wp-json\/wp\/v2\/posts"}],"about":[{"href":"https:\/\/www.millicozum.com\/mc\/wp-json\/wp\/v2\/types\/post"}],"author":[{"embeddable":true,"href":"https:\/\/www.millicozum.com\/mc\/wp-json\/wp\/v2\/users\/19"}],"replies":[{"embeddable":true,"href":"https:\/\/www.millicozum.com\/mc\/wp-json\/wp\/v2\/comments?post=1559"}],"version-history":[{"count":0,"href":"https:\/\/www.millicozum.com\/mc\/wp-json\/wp\/v2\/posts\/1559\/revisions"}],"wp:attachment":[{"href":"https:\/\/www.millicozum.com\/mc\/wp-json\/wp\/v2\/media?parent=1559"}],"wp:term":[{"taxonomy":"category","embeddable":true,"href":"https:\/\/www.millicozum.com\/mc\/wp-json\/wp\/v2\/categories?post=1559"},{"taxonomy":"post_tag","embeddable":true,"href":"https:\/\/www.millicozum.com\/mc\/wp-json\/wp\/v2\/tags?post=1559"}],"curies":[{"name":"wp","href":"https:\/\/api.w.org\/{rel}","templated":true}]}}