{"id":1560,"date":"2009-05-23T06:25:23","date_gmt":"2009-05-23T06:25:23","guid":{"rendered":"https:\/\/www.millicozum.com\/mc\/2009\/05\/23\/belanizi-bulmaniz-yakin\/"},"modified":"2009-05-23T06:25:23","modified_gmt":"2009-05-23T06:25:23","slug":"belanizi-bulmaniz-yakin","status":"publish","type":"post","link":"https:\/\/www.millicozum.com\/mc\/2009\/haziran-2009\/belanizi-bulmaniz-yakin\/","title":{"rendered":"BELANIZI BULMANIZ YAKIN!"},"content":{"rendered":"<p>M\u00fcnaf\u0131\u011f\u0131n dindarl\u0131\u011f\u0131; sahte ve yapay<\/p>\n<p>K\u0131l\u0131k k\u0131yafet yerinde; ruhu hastad\u0131r!<\/p>\n<p>Laik demokrat ge\u00e7inir, \u00e7o\u011fu Sabatay<\/p>\n<p>&#8220;Devletl\u00fc&#8221; bir T\u00fcrkiye&#8217;de, bak ki Fasta&#8217;d\u0131r!<\/p>\n<p> <\/p>\n<p>Kopar\u0131ld\u0131 insanl\u0131k ve do\u011fa \u00f6z\u00fcnden<\/p>\n<p>Fark edilmez oldu art\u0131k, yaz\u0131 g\u00fcz\u00fcnden<\/p>\n<p>Bu emperyalist Siyonist, sistem y\u00fcz\u00fcnden<\/p>\n<p>Maalesef b\u00fct\u00fcn mazlumlar, her g\u00fcn yastad\u0131r!<\/p>\n<p> <\/p>\n<p>Patrikhane bir Vatikan, olma pe\u015finde<\/p>\n<p>K\u00fcrdistan&#8217;\u0131 savunuyor, bak on be\u015finde<\/p>\n<p>Siz medeniyet ararken, gavur \u00e7i\u015finde<\/p>\n<p>Ermenistan g\u00f6z\u00fc hala; Van&#8217;da Kars&#8217;tad\u0131r!<\/p>\n<p> <\/p>\n<p>Yahudi&#8217;den \u00f6d\u00fcl alan, kalmaz mecali<\/p>\n<p>BOP&#8217;un e\u015f ba\u015fkan\u0131 K\u00e2hya, u\u015fak misali<\/p>\n<p>Bu Ortado\u011fu projesi, \u0130blis hayali<\/p>\n<p>Siyonist Haham \u015feytanla, hep transtad\u0131r!<\/p>\n<p> <\/p>\n<p>Il\u0131ml\u0131 \u0130slamc\u0131larla, kat\u0131 laikler<\/p>\n<p>Neden Erbakan Hocay\u0131, duysa panikler<\/p>\n<p>Makam i\u00e7in davas\u0131ndan, d\u00f6nen enikler<\/p>\n<p>San\u0131yorlar ki, g\u00fc\u00e7; kalpte de\u011fil, kastad\u0131r!<\/p>\n<p> <\/p>\n<p>Siyon-Mason Localar\u0131, bunlar\u0131 tavlar<\/p>\n<p>Laiklik bahanesiyle, \u0130slam&#8217;a havlar<\/p>\n<p>\u0130stiklal Mar\u015f\u0131ndan bile, huzursuz baylar<\/p>\n<p>Saltanat\u0131n\u0131z sallan\u0131r, putuz pastad\u0131r!<\/p>\n<p> <\/p>\n<p>Ka\u015f kald\u0131rma diye g\u00f6zler, \u00e7\u0131karan doktor<\/p>\n<p>Bu yald\u0131zl\u0131 kof laflara, karn\u0131m\u0131z toktur<\/p>\n<p>\u0130man\u0131 olamayanlar\u0131n, kalbi bozuktur<\/p>\n<p>Zehire bal katarlar, hem; alt\u0131n tastad\u0131r!<\/p>\n<p> <\/p>\n<p>\u00c7a\u011fda\u015fla\u015f\u0131p \u00e7\u0131plak gezin, ve viski i\u00e7in<\/p>\n<p>D\u0131\u015f\u0131n s\u00fcsl\u00fc ya, \u00e7\u00fcr\u00fcs\u00fcn; \u00f6z\u00fcn ve i\u00e7in<\/p>\n<p>Huzura ve h\u00fcrriyete, kavu\u015fmak i\u00e7in<\/p>\n<p>\u015euurlu gayret gerekir, sanma \u015fanstad\u0131r!<\/p>\n","protected":false},"excerpt":{"rendered":"<p>M\u00fcnaf\u0131\u011f\u0131n dindarl\u0131\u011f\u0131; sahte ve yapay<\/p>\n<p>K\u0131l\u0131k k\u0131yafet yerinde; ruhu hastad\u0131r!<\/p>\n<p>Laik demokrat ge\u00e7inir, \u00e7o\u011fu Sabatay<\/p>\n<p>&#8220;Devletl\u00fc&#8221; bir T\u00fcrkiye&#8217;de, bak ki Fasta&#8217;d\u0131r!<\/p>\n","protected":false},"author":98,"featured_media":0,"comment_status":"open","ping_status":"closed","sticky":false,"template":"","format":"standard","meta":{"footnotes":""},"categories":[96],"tags":[],"class_list":["post-1560","post","type-post","status-publish","format-standard","hentry","category-haziran-2009"],"_links":{"self":[{"href":"https:\/\/www.millicozum.com\/mc\/wp-json\/wp\/v2\/posts\/1560","targetHints":{"allow":["GET"]}}],"collection":[{"href":"https:\/\/www.millicozum.com\/mc\/wp-json\/wp\/v2\/posts"}],"about":[{"href":"https:\/\/www.millicozum.com\/mc\/wp-json\/wp\/v2\/types\/post"}],"author":[{"embeddable":true,"href":"https:\/\/www.millicozum.com\/mc\/wp-json\/wp\/v2\/users\/98"}],"replies":[{"embeddable":true,"href":"https:\/\/www.millicozum.com\/mc\/wp-json\/wp\/v2\/comments?post=1560"}],"version-history":[{"count":0,"href":"https:\/\/www.millicozum.com\/mc\/wp-json\/wp\/v2\/posts\/1560\/revisions"}],"wp:attachment":[{"href":"https:\/\/www.millicozum.com\/mc\/wp-json\/wp\/v2\/media?parent=1560"}],"wp:term":[{"taxonomy":"category","embeddable":true,"href":"https:\/\/www.millicozum.com\/mc\/wp-json\/wp\/v2\/categories?post=1560"},{"taxonomy":"post_tag","embeddable":true,"href":"https:\/\/www.millicozum.com\/mc\/wp-json\/wp\/v2\/tags?post=1560"}],"curies":[{"name":"wp","href":"https:\/\/api.w.org\/{rel}","templated":true}]}}