{"id":1564,"date":"2009-05-23T06:29:24","date_gmt":"2009-05-23T06:29:24","guid":{"rendered":"https:\/\/www.millicozum.com\/mc\/2009\/05\/23\/erbakanin-muhtesem-donusu\/"},"modified":"2009-05-23T06:29:24","modified_gmt":"2009-05-23T06:29:24","slug":"erbakanin-muhtesem-donusu","status":"publish","type":"post","link":"https:\/\/www.millicozum.com\/mc\/2009\/haziran-2009\/erbakanin-muhtesem-donusu\/","title":{"rendered":"ERBAKAN&#8217;IN MUHTE\u015eEM D\u00d6N\u00dc\u015e\u00dc!"},"content":{"rendered":"<p><strong>Siyasi yasa\u011f\u0131 \u00fc\u00e7\u00fcnc\u00fc kez kalkan Erbakan Hoca&#8217;ya Milli G\u00f6r\u00fc\u015f&#8217;\u00fcn fiili liderli\u011fi yolunu parti t\u00fcz\u00fc\u011f\u00fc a\u00e7\u0131yordu. Saadet Partisi&#8217;nin Y\u00fcksek \u0130sti\u015fare Kurulu Ba\u015fkanl\u0131\u011f\u0131 son kongrede olu\u015fturulmu\u015ftu.<\/strong><\/p>\n<p><strong>Saadet Partisi&#8217;nde (SP) aktif siyaset yapaca\u011f\u0131 kesinle\u015fen 83 ya\u015f\u0131ndaki Erbakan i\u00e7in &#8216;SP Y\u00fcksek \u0130sti\u015fare Kurulu Ba\u015fkanl\u0131\u011f\u0131&#8217; form\u00fcl\u00fcyle, Genel Ba\u015fkan&#8217;dan daha geni\u015f yetkilere sahip olaca\u011f\u0131 biliniyordu.<\/strong><\/p>\n<p><strong>Y\u00fcksek \u0130sti\u015fare Kurulu (Y\u0130K)<\/strong><\/p>\n<p><strong>Eski SP Genel Ba\u015fkan\u0131 Recai Kutan&#8217;\u0131n ba\u015fkanl\u0131\u011f\u0131n\u0131 yapt\u0131\u011f\u0131 Y\u00fcksek \u0130sti\u015fare Kurulu&#8217;nun \u00fcyeleri aras\u0131nda, Milli G\u00f6r\u00fc\u015f&#8217;\u00fcn a\u011f\u0131r toplar\u0131 ve eski kurmaylar\u0131 bulunuyordu. Necmettin Erbakan bu g\u00f6reve &#8216;evet&#8217; derse, Recai Kutan&#8217;\u0131n ba\u015fkanl\u0131\u011f\u0131 Erbakan&#8217;a b\u0131rakaca\u011f\u0131 bekleniyordu.<\/strong><\/p>\n<p><strong>Daha \u00f6nce &#8216;gayr\u0131 resmi&#8217; olarak &#8216;akil adamlar&#8217; ad\u0131yla etkinlikte bulunan Y\u00fcksek \u0130sti\u015fare Kurulu, SP&#8217;nin ge\u00e7en ekimde yap\u0131lan ve Numan Kurtulmu\u015f&#8217;un genel ba\u015fkan se\u00e7ildi\u011fi b\u00fcy\u00fck kongresinde resmiyet kazan\u0131yordu. &#8216;Genel Ba\u015fkan \u00fcst\u00fc&#8217; yetkilerle donat\u0131lan kurul, SP t\u00fcz\u00fc\u011f\u00fcnde yap\u0131lan son de\u011fi\u015fiklikle, &#8216;genel ba\u015fkanl\u0131\u011fa aday g\u00f6sterme&#8217; yetkisini \u00fcstleniyordu. Erbakan, SP Y\u00fcksek \u0130sti\u015fare Kurulu Ba\u015fkan\u0131 olursa, Milli G\u00f6r\u00fc\u015f hareketini do\u011frudan y\u00f6nlendirmeye devam edece\u011fi g\u00f6zleniyordu.<\/strong><\/p>\n<p><strong>Efsane geri d\u00f6n\u00fcyordu<\/strong><\/p>\n<p><strong>Refahyol H\u00fck\u00fcmetinin Efsane Ba\u015fbakan\u0131 ve Milli G\u00f6r\u00fc\u015f Lideri Prof. Dr. Necmettin Erbakan&#8217;\u0131n, SP Y\u0130K Ba\u015fkan\u0131 olmas\u0131 Masonik merkezleri ve d\u00f6nekleri endi\u015felendirmi\u015fti. <\/strong><\/p>\n<p><strong>Siyasi yasa\u011f\u0131n\u0131n ortadan kalkmas\u0131 \u00fczerine medyada \u00e7\u0131kan dedikodu haberlerine Erbakan bir bas\u0131n toplant\u0131s\u0131yla cevap verdi. Bu a\u00e7\u0131klamay\u0131 SP Genel Merkezinde yapmas\u0131 anlaml\u0131 bir mesaj niteli\u011findeydi.<\/strong><\/p>\n<p><strong>Hoca&#8217;n\u0131n: &#8220;D\u0131\u015f g\u00fc\u00e7ler bizim \u00e7al\u0131\u015fmalar\u0131m\u0131z\u0131 engellemek i\u00e7in ellerinden geleni yapm\u0131\u015ft\u0131r. Biz de Allah&#8217;\u0131n yard\u0131m\u0131yla insanl\u0131\u011f\u0131m\u0131z\u0131n ve T\u00fcrkiye&#8217;mizin hizmeti i\u00e7in elimizden geleni yapma d\u00fc\u015f\u00fcncesindeyiz.<\/strong><\/p>\n<p><strong>D\u0131\u015f g\u00fc\u00e7ler sizden daha \u00e7ok merak ediyor, \u015fimdi ne olacak diyorlar? Ya\u015fanabilir bir T\u00fcrkiye ve yeni bir d\u00fcnya i\u00e7in bu zamana kadar nas\u0131l \u00e7al\u0131\u015f\u0131ld\u0131ysa, bundan sonra da daha b\u00fcy\u00fck bir gayretle \u00e7al\u0131\u015faca\u011f\u0131z&#8221; s\u00f6zleri tarihi mesajlar i\u00e7ermekteydi.<\/strong><\/p>\n<p><strong>Numan Kurtulmu\u015f toplant\u0131ya kat\u0131lamad\u0131, \u00e7\u00fcnk\u00fc&#8230;<\/strong><\/p>\n<p><strong>AKP&#8217;nin ak\u0131l hocalar\u0131ndan Prof. Dr. Nevzat Yal\u00e7\u0131nta\u015f&#8217;\u0131n akademik hayat\u0131n\u0131n 50. y\u0131l\u0131n\u0131n kutlanaca\u011f\u0131 programa konu\u015fmac\u0131 olarak kat\u0131laca\u011f\u0131, ak\u015fam ise Bah\u00e7e\u015fehir \u00dcniversitesi Siyaset Okulu Grubu&#8217;nun davetlisi olarak 18.00-19.30 saatleri aras\u0131nda \u00f6\u011frencilere bir konu\u015fma yapaca\u011f\u0131 s\u00f6ylenmi\u015fti.<\/strong><\/p>\n<p><strong>&#8220;Bizde siyasete girdim \u00e7\u0131kt\u0131m yoktur&#8221;<\/strong><\/p>\n<p><strong>Di\u011fer Gazetecinin siyasete d\u00f6necek misiniz? Saadet&#8217;in ba\u015f\u0131na ge\u00e7ecek misiniz? sorusuna Hoca: &#8220;Biz aktif siyaset, pasif siyaset diye bir \u015fey kabul etmiyoruz. Bu i\u015fi vatan sevgisiyle ibadet a\u015fk\u0131yla yap\u0131yoruz. Elbette aktif olacak&#8230;\u00a0 Siyasete girdim, \u00e7\u0131kt\u0131m kabul etmiyoruz. B\u00fct\u00fcn g\u00fcc\u00fcm\u00fczle \u00e7al\u0131\u015f\u0131yoruz&#8221; cevab\u0131n\u0131 vermi\u015fti.<\/strong><\/p>\n<p><strong>&#8220;AKP milletin onurunu k\u0131rm\u0131\u015ft\u0131r&#8221;<\/strong><\/p>\n<p>Milli G\u00f6r\u00fc\u015f Lideri Necmettin Erbakan Hoca, Rasmussen hakk\u0131ndaki d\u00fc\u015f\u00fcncelerini ise \u015f\u00f6yle dile getirmi\u015fti: &#8220;NATO 1990\u00b4da Sovyetlerin \u00c7\u00f6kmesiyle yap\u0131s\u0131n\u0131 de\u011fi\u015ftirdi. Teacher ne demi\u015fti &#8220;Biz NATO&#8217;yu Sovyetlere kar\u015f\u0131 kurmu\u015ftuk, \u015fimdi kapatacak m\u0131y\u0131z&#8221; hay\u0131r. Yeni bir d\u00fc\u015fman bulundu. &#8220;O da \u0130slam&#8221; NATO \u015fimdi \u0130slam&#8217;a kar\u015f\u0131 d\u00fc\u015fman haline getirildi. K\u0131rm\u0131z\u0131 yerine ye\u015fil kondu. NATO Bosna Hersek&#8217;te M\u00fcsl\u00fcmanlar hak\u00eem olmas\u0131n diye \u00e7al\u0131\u015fm\u0131\u015ft\u0131r. Rasmussen \u00f6nce insanl\u0131k bak\u0131m\u0131ndan \u00e7ok b\u00fcy\u00fck su\u00e7lar i\u015fledi. Fikir h\u00fcrriyeti ad\u0131 alt\u0131nda akla hayata gelmedik \u015feyler s\u00f6yledi. &#8220;Ayr\u0131ca Ba\u015fbakan \u00f6nce Rasmussen konusunda: &#8220;Bizim \u00fcye oldu\u011fumuz NATO&#8217;da genel sekreter olamaz&#8221; dedi. Ama bu AKP zaten hangi s\u00f6z\u00fcnde durdu ki..? \u00d6nce genel sekreter yap\u0131p sonra isteklerimizi yerine getirmesini beklemek \u00e7ocukluktur, tecr\u00fcbesizliktir.\u00a0 T\u00fcrkiye&#8217;nin onuru k\u0131r\u0131lm\u0131\u015ft\u0131r&#8221;<\/p>\n<p><strong>&#8220;Her yerde tart\u0131\u015fmaya y\u00fczle\u015fmeye haz\u0131r\u0131z&#8221;<\/strong><\/p>\n<p>\u015eimdi milli g\u00f6r\u00fc\u015f\u00fcn \u00f6n\u00fcne \u00e7\u0131kamazlar. Milli G\u00f6r\u00fc\u015f hakt\u0131r, \u00f6tekiler bat\u0131ld\u0131r. Milli g\u00f6r\u00fc\u015f cumhuriyetin kendisidir. Her konuyu herkesle ve her platformda tart\u0131\u015fabiliriz. \u00c7\u00fcnk\u00fc biz hakl\u0131l\u0131\u011f\u0131m\u0131za g\u00fcveniriz..<\/p>\n<p><strong>&#8220;Obama kimmi\u015f, neymi\u015f&#8221;<\/strong><\/p>\n<p>Obama&#8217;n\u0131n T\u00fcrkiye&#8217;ye geli\u015fini de\u011ferlendiren Erbakan:&#8221; Hi\u00e7 \u015f\u00fcphesiz rahats\u0131z ediciydi. Ruhban okulunu a\u00e7\u0131n, ermeni soyk\u0131r\u0131m\u0131n\u0131 tan\u0131y\u0131n, \u0130ran atom bombas\u0131 yapmas\u0131n! Bunlar bilinen AB politikalar\u0131. Yapm\u0131\u015f oldu\u011fu tek \u015fey g\u00fcler y\u00fczle davranmak, elini Tayyip Bey\u00b4in omzuna atmak&#8230; Bunlar \u00e7ocuk\u00e7a \u015feyler. Bunlara kanamay\u0131z. Obama gelmi\u015f, Meclis&#8217;te konu\u015fmu\u015f, yok elini kald\u0131rm\u0131\u015f, aya\u011f\u0131n\u0131 kald\u0131rm\u0131\u015f.!. Ne bunlar yav&#8230; Bu millete yak\u0131\u015f\u0131r m\u0131? Bizim padi\u015fah\u0131m\u0131z Avrupa\u00b4ya gitti\u011finde herkes aya\u011f\u0131n\u0131 \u00f6pmek i\u00e7in e\u011filirdi. Tarihimizi bilmeliyiz? Obama kimmi\u015f, neymi\u015f? Irk\u00e7\u0131 emperyalizmin d\u00fczenleyici hizmet\u00e7isi&#8230; Aynen kom\u00fcnizm gibi kapitalizm de \u00e7\u00f6kmeye mecburdur. Bu sebepten dolay\u0131d\u0131r ki, gerek T\u00fcrkiye gerek d\u00fcnya i\u00e7in Milli G\u00f6r\u00fc\u015f\u00b4\u00fcn gelip yeni bir d\u00fczen kurmas\u0131ndan ba\u015fka \u00e7are yoktur. &#8220;<\/p>\n<p><strong>&#8220;Numan Bey Lider De\u011fil Saadet Partisi&#8217;nin Genel Ba\u015fkan\u0131&#8217;d\u0131r&#8221;<\/strong><\/p>\n<p>Gazetecilerin Numan Kurtulmu\u015f Milli G\u00f6r\u00fc\u015f&#8217;\u00fcn lideri midir sorusuna Erbakan net cevap verdi.Erbakan bu konuda \u015funlar\u0131 s\u00f6yledi:&#8221; Numan Bey Saadet Partisi&#8217;nin Genel Ba\u015fkan\u0131&#8217;d\u0131r&#8230;&#8221;<\/p>\n<p><strong>M\u00fcjdeli haberi verdi<\/strong><\/p>\n<p>Milli G\u00f6r\u00fc\u015f Lideri Necmettin Erbakan konu\u015fmas\u0131n\u0131 tamamlarken Gazetecilere bir de m\u00fcjdeli haber verdi. &#8220;\u0130ran dini lideri Hamaney ve Cumhurba\u015fkan\u0131 Ahmedinejad ba\u015fta \u00e7ok \u00fcst d\u00fczey sivil ve askeri yetkililerle b\u00f6lge sorunlar\u0131n\u0131 ve ortak \u00e7\u00f6z\u00fcm yollar\u0131n\u0131 konu\u015fmak \u00fczere ald\u0131\u011f\u0131m davet \u00fczerine \u0130ran\u00b4a gidece\u011fimi de haber vermek istiyorum&#8230;&#8221; diyerek a\u00e7\u0131klamas\u0131na son vermi\u015fti.<\/p>\n<p><strong>&#8211; Liderlik iddian\u0131z var m\u0131? <\/strong><\/p>\n<p>Bizimle ilgili mahkeme karar\u0131nda:<\/p>\n<p>&#8220;Ba\u015fka kanunlar vas\u0131tas\u0131yla siyasi haklara bir k\u0131s\u0131tlama getirilmi\u015f ise bu haklar\u0131n hepsi iade edilir&#8221; denilmektedir. Bundan \u00f6nceki yasaklar kalkm\u0131\u015ft\u0131r. Dolay\u0131s\u0131yla hi\u00e7 bir siyasi yasak yoktur. Her t\u00fcrl\u00fc siyasi haklar iade edilmi\u015ftir. Biz davan\u0131n neferiyiz. Kap\u0131n\u0131n \u00f6n\u00fcne ne yazarsan\u0131z yaz\u0131n.<\/p>\n<p><strong>&#8211; Numan Kurtulmu\u015f&#8217;un liderlik profilini nas\u0131l de\u011ferlendiriyorsunuz?<\/strong><\/p>\n<p>&#8220;Allah selamet versin can\u0131yla kan\u0131yla \u00e7al\u0131\u015fan biri.. Saadet Partisi&#8217;ne oy veren herkes ayn\u0131 \u015fekilde bu davaya g\u00f6n\u00fcl vermi\u015ftir. Numan Bey de dahil.<\/p>\n<p><strong>&#8211; Obama&#8217;n\u0131n ziyaretini nas\u0131l g\u00f6rd\u00fcn\u00fcz?<\/strong><\/p>\n<p><strong>Obama&#8217;n\u0131n ziyareti rahats\u0131z ediciydi. S\u00f6yledi\u011fi s\u00f6zler ve telkinler kabul edilemezdi. Zaten Amerika Emperyalizmin g\u00f6lgesinde bir \u00fclkeydi. Onlar\u0131n yani Amerikal\u0131lar\u0131n da hakk\u0131n\u0131 biz verece\u011fiz. Bunun i\u00e7in bir an evvel ecdad\u0131m\u0131z\u0131n m\u00fccadelesini verdi\u011fi bir d\u00fcnya d\u00fczenini kurmak zorunday\u0131z.&#8221; <\/strong><\/p>\n<p><strong>Erbakan Hoca, liderlik konusunda gazetecilerin \u0131srarl\u0131 sorular\u0131 kar\u015f\u0131s\u0131nda, &#8220;Belki \u015fu an net cevap alamaman\u0131zda hay\u0131r vard\u0131r&#8221; \u015feklinde ge\u00e7irmi\u015fti. <\/strong><\/p>\n<p><strong>Ankara 9. A\u011f\u0131r Ceza Mahkemesi&#8217;nin verdi\u011fi h\u00fck\u00fcm \u00e7er\u00e7evesinde 23 Mart 2009 tarihinden itibaren memnu haklar\u0131n\u0131n t\u00fcm\u00fcn\u00fcn iade edildi\u011fini a\u00e7\u0131klayan Erbakan, adli sicilindeki her \u015feyin silindi\u011fini s\u00f6yledi. 11 y\u0131l sonra normal vatanda\u015f olma hakk\u0131na sahip oldu\u011funu belirten Erbakan, ald\u0131\u011f\u0131 cezalar\u0131n hi\u00e7bir hukuki sebebi olmad\u0131\u011f\u0131n\u0131 d\u0131\u015f g\u00fc\u00e7lerin etkisiyle verilmi\u015f siyasi kararlar nedeniyle siyasetten yasakland\u0131\u011f\u0131n\u0131 kaydetti. D\u0131\u015f g\u00fc\u00e7ler taraf\u0131ndan engellendi\u011fini ifade eden Erbakan, &#8220;Ancak Allah&#8217;\u0131n yard\u0131m\u0131yla yeniden T\u00fcrkiye i\u00e7in hizmetlerde bulunaca\u011f\u0131m&#8221; demi\u015fti.<\/strong><\/p>\n<p><strong>Evet, i\u015fbirlik\u00e7i iktidarlar ve g\u00fcn\u00fcbirlik politikalarla kutlu hedeflere gidilemezdi. <\/strong><\/p>\n<p><strong>Stratejik hatalar, taktik ba\u015far\u0131larla telafi edilemezdi. Bunun gibi siyasi gaflet ve h\u0131yanetlerde stratejik ba\u015far\u0131larla giderilemez ve d\u00fczeltilemezdi!<\/strong><\/p>\n<p><strong>&#8216;\u015eimdi ne olacak?&#8217; sorusunun \u00f6zellikle d\u0131\u015f g\u00fc\u00e7ler taraf\u0131ndan merak edildi\u011fini anlatan Erbakan, &#8220;Kap\u0131n\u0131n d\u0131\u015f\u0131nda hangi levhan\u0131n as\u0131l\u0131 oldu\u011fu de\u011fil, kalbin i\u00e7inde hangi gaye ve gayretin bulundu\u011fu \u00f6nemlidir&#8221; mesaj\u0131n\u0131 vermi\u015fti. <\/strong><\/p>\n<p><strong>Erbakan, AKP&#8217;yi k\u00f6k\u00fc olmayan mantara benzeterek, &#8220;Bunlar k\u00f6ks\u00fcz mantardan ba\u015fka bir \u015fey olamaz. Yeniden asl\u0131n\u0131za d\u00f6n\u00fcn. Bu yol \u00e7\u0131kmaz yoldur&#8221; s\u00f6zleriyle uyar\u0131vermi\u015fti. <\/strong><\/p>\n<p><strong>Prof. Dr. Necmettin Erbakan Hedefe kilitlenmi\u015f adam&#8230;<\/strong><\/p>\n<p><strong>Kamil Ye\u015fil&#8217;in dedi\u011fi gibi:<\/strong><\/p>\n<p>\u00d6mr\u00fcn\u00fc \u0130slam Birli\u011fine, yeni bir d\u00fcnya d\u00fczenine adayan ve milli ve \u0130slami bir \u00e7izgi tutturan lider olarak Erbakan Hoca&#8217;n\u0131n siyasi yasaklar\u0131n\u0131n kald\u0131r\u0131lmas\u0131 baz\u0131 ki\u015fileri ve \u00e7evreleri \u00f6zellikle d\u00f6nekleri ve d\u00fcd\u00fcklerini huzursuz etmi\u015fti. En \u00e7ok tak\u0131ld\u0131klar\u0131 nokta ise, 29 Mart se\u00e7imleri \u00f6ncesinde Erbakan Hoca&#8217;n\u0131n baz\u0131 televizyonlara \u00e7\u0131karak h\u00fck\u00fcmeti ele\u015ftirmesiydi.<\/p>\n<p>Neymi\u015f? Erbakan Hoca, Ayd\u0131n Do\u011fan medyas\u0131na ni\u00e7in \u00e7\u0131km\u0131\u015f(m\u0131\u015f), bu medya ortam\u0131nda h\u00fck\u00fcmeti ni\u00e7in ele\u015ftirmi\u015f(mi\u015f). Bunu diyenler FP&#8217;den ayr\u0131ld\u0131\u011f\u0131 ve Milli G\u00f6r\u00fc\u015f g\u00f6mle\u011fini \u00e7\u0131kard\u0131\u011f\u0131 i\u00e7in ayn\u0131 medya grubu taraf\u0131ndan Yenilik\u00e7i Olu\u015fum olarak lanse edilenlerdi. Hat\u0131rlay\u0131n o zaman\u0131 hemen her g\u00fcn bir ADG televizyonunda idiler, k\u00f6\u015fe yaz\u0131lar\u0131nda hararetle destekleniyordular. \u00c7\u00fcnk\u00fc Milli G\u00f6r\u00fc\u015f&#8217;\u00fc zay\u0131flat\u0131yor, Erbakan Hoca&#8217;dan kopuyorlard\u0131. Bu onlara yetiyordu. ADG&#8217;nun her zaman yapt\u0131\u011f\u0131 \u015feydi bu. En son Abd\u00fcllatif \u015eener&#8217;i de onlar getirdi bu hale. Dertleri yeter ki FP zay\u0131flas\u0131n idi ve bir strateji geli\u015ftirmi\u015flerdi. Yenilik\u00e7iler de Ayd\u0131n Do\u011fan, Erol Aksoy televizyonlar\u0131n\u0131 mek\u00e2n edinerek Milli G\u00f6r\u00fc\u015f g\u00f6mle\u011fini ni\u00e7in ve nas\u0131l \u00e7\u0131kard\u0131klar\u0131n\u0131 anlatm\u0131\u015flard\u0131.<\/p>\n<p>Erbakan Hoca&#8217;n\u0131n Ayd\u0131n Do\u011fan grubuna ait televizyonlara \u00e7\u0131k\u0131\u015f\u0131n\u0131 ele\u015ftirenler, \u00f6zellikle baz\u0131 hususlar\u0131 g\u00f6zden ka\u00e7\u0131r\u0131yor. Erbakan Hoca bu kanallara \u00e7\u0131kt\u0131 da ne dedi? \u0130nsanl\u0131\u011f\u0131n tarihi de diyebilece\u011fimiz hak-bat\u0131l sava\u015f\u0131n\u0131 anlatt\u0131 Hoca. \u0130man-k\u00fcf\u00fcr sava\u015f\u0131 da denilebilir buna. Peygamberler tarihi olarak da \u00f6n\u00fcm\u00fcze \u00e7\u0131kan bu tabloda Yahudilik ve H\u0131ristiyanl\u0131\u011f\u0131n \u0130slam d\u00fcnyas\u0131na kar\u015f\u0131 olan hilelerinden, stratejilerinden ve bu \u00e7emberi k\u0131rman\u0131n \u00e7arelerinden bahsetti, bahsediyor. Tarihi seyir Lozan&#8217;\u0131n gizli mimar\u0131 Haim Naum doktrininden Teacher&#8217;in \u0130sko\u00e7ya&#8217;daki konu\u015fmas\u0131na kadar geliyor. Her y\u00f6n\u00fc ile tevhidi anlat\u0131yor Hoca. Peki, bunlara bir itiraz\u0131 olan var m\u0131?<\/p>\n<p>Erbakan Hoca ne yap\u0131yor san\u0131yorsunuz? Akl\u0131, sa\u011fl\u0131\u011f\u0131, iradesi yerinde oldu\u011fu m\u00fcddet\u00e7e bir M\u00fcsl\u00fcman neyi yapmas\u0131 gerekiyorsa onu yap\u0131yor. Tebli\u011f ediyor, ir\u015fat ediyor, uyar\u0131yor. Yani sorumlulu\u011funu yerine getiriyor.<\/p>\n<p>Erbakan Hoca ad\u0131 ge\u00e7en grubun medyas\u0131na \u00e7\u0131karak bir \u015fey daha yapt\u0131. Ayd\u0131n Do\u011fan medyas\u0131n\u0131n hali p\u00fcrmelalini ortaya koydu. Nas\u0131l da ezilmi\u015f, su\u00e7lu bir halleri vard\u0131 Hoca&#8217;n\u0131n kar\u015f\u0131s\u0131nda. 28 \u015eubat s\u00fcrecinde d\u00fc\u011fmeye ben bast\u0131m, diyeninden tutunuz, Ali Kalkanc\u0131 ve bilmem kimlere dair g\u00fcm g\u00fcm fragmanlar yay\u0131nlayanlara kadar hepsi su\u00e7luluk ve pi\u015fmanl\u0131k duygusu i\u00e7inde idi Hoca&#8217;n\u0131n kar\u015f\u0131s\u0131nda ve Erbakan Hoca, bir kriptoyu onlar\u0131n televizyonunda a\u00e7\u0131klayarak &#8220;\u0130\u015fte dedi; siz bu oyunun bir par\u00e7as\u0131, bir piyonu idiniz.&#8221;<\/p>\n<p>\u00c7\u0131t bile \u00e7\u0131kmad\u0131. E, bunun i\u00e7in insana biraz utanma duygusu laz\u0131m idi ama onlarda ne gezer bu duygu. \u0130lk defa bizde a\u00e7\u0131klad\u0131 pi\u015fkinli\u011fini g\u00f6sterdiler.<\/p>\n<p>Demirel 80 ya\u015f\u0131nda; ama Ergenekon&#8217;un avukatl\u0131\u011f\u0131n\u0131 yap\u0131yor, ona s\u00f6z edilmiyor&#8230; Adam 100 ya\u015f\u0131nda, bilmem ka\u00e7\u0131nc\u0131 evlili\u011fini yapm\u0131\u015f, televizyonlarda arz\u0131 endam ediyor, bunlara ses \u00e7\u0131kar\u0131lm\u0131yor!.<\/p>\n<p>\u015earon, seksen ya\u015f\u0131ndan sonra Filistinli \u00f6ld\u00fcrmeye kalk\u0131\u015fabiliyor, bunu da normal kar\u015f\u0131l\u0131yorlar. Ama s\u00f6z ve i\u015f Erbakan Hoca&#8217;ya geldi mi, &#8220;evinde otursun, torun sevsin, bilmem ne? Utanmasalar: &#8220;ya sus ya terk et!&#8221; diyecekler.<\/p>\n<p>Evet, ortada bir ger\u00e7ek var. Milli G\u00f6r\u00fc\u015f ve onun lideri dimdik ayakta duruyor ve umut veriyor. Sistemin derininden s\u0131\u011f\u0131na, medyan\u0131n grubundan k\u00f6\u015fe yazar\u0131na kadar Erbakan Hoca ve 28 \u015eubat m\u00fcdahalesi konusunda herkes biraz pi\u015fman ve peri\u015fan g\u00f6r\u00fcn\u00fcyor.&#8221;<\/p>\n<p><strong>\u0130stanbul B\u00fcy\u00fck\u015fehir Belediye Ba\u015fkan aday\u0131 Prof. Dr. Mehmet Bekaro\u011flu&#8217;nun itiraflar\u0131:<\/strong><\/p>\n<p><strong>Kurtulmu\u015f, SP&#8217;yi terk edecekti!<\/strong><\/p>\n<p>SP Genel Ba\u015fkanl\u0131\u011f\u0131 i\u00e7in d\u00fc\u015f\u00fcn\u00fclen Numan Kurtulmu\u015f, me\u011fer partiyi terk edecekmi\u015f&#8230;<\/p>\n<p>Mehmet Bekaro\u011flu&#8217;nun &#8220;Siyasetin Sonu&#8221; adl\u0131 kitab\u0131, bug\u00fcnlerde g\u00fcndemde olan Saadet Partisi Genel Ba\u015fkanl\u0131k kongresi \u00f6ncesi baz\u0131 tarihi olaylara farkl\u0131 bir pencereden \u0131\u015f\u0131k tutacak gibi.<\/p>\n<p>Biz olay\u0131n taraf\u0131 de\u011filiz.<\/p>\n<p>Yapt\u0131\u011f\u0131m\u0131z sadece bir hat\u0131ray\u0131 g\u00fcndeme ta\u015f\u0131mak.<\/p>\n<p>\u0130\u015fte Mehmet Bekaro\u011flu&#8217;nun kaleminden tarihi ger\u00e7ekler&#8230;<\/p>\n<p>Sh: 477. (% 2.5&#8217;i Okumak ba\u015fl\u0131kl\u0131 b\u00f6l\u00fcm 2002 se\u00e7im&#8217;inden sonra ya\u015fananlar\u0131 anlat\u0131yor) (1.\u0130stifa s\u00fcreci)<\/p>\n<p><strong>Erbakan Hoca ve ekibini tasfiye etmek istedik!<\/strong><\/p>\n<p><strong>&#8220;&#8230;Hoca ve ekibi ile m\u00fcmk\u00fcn de\u011fildi. Hoca ve ekibinin tasfiye edilmesi de m\u00fcmk\u00fcn de\u011fildi. &#8230;<\/strong><\/p>\n<p><strong>\u015eahsen ben bunun zaman i\u00e7inde \u00e7\u00f6z\u00fclece\u011fine inan\u0131yordum. Zaman i\u00e7inde \u00e7\u00f6z\u00fclecekti ama bunun i\u00e7in yerinde ve zaman\u0131nda m\u00fcdahalelere ihtiya\u00e7 vard\u0131&#8230;<\/strong><\/p>\n<p><strong>O nedenle Ba\u015fkanl\u0131k Divan\u0131n\u0131n istifa etmesi&#8230;<\/strong><\/p>\n<p><strong>\u015eeklinde bir ba\u015flang\u0131c\u0131n yap\u0131labilece\u011fini d\u00fc\u015f\u00fcn\u00fcyordum. &#8230;<\/strong><\/p>\n<p><strong>Bu \u015fekilde bir ba\u015flang\u0131\u00e7 yap\u0131labilirse kongrede daha gen\u00e7 bir ekip gelebilir ve bu ekip yeni bir d\u00f6nem ba\u015flatabilirdi. &#8230;<\/strong><\/p>\n<p><strong>A\u011fabeylerimizi istifa ile tehdit ettik!<\/strong><\/p>\n<p>(Ba\u015fkanl\u0131k Divan\u0131 toplant\u0131s\u0131 ve tart\u0131\u015fmalardan sonra) Numan Kurtulmu\u015f&#8217;la birlikte toplant\u0131y\u0131 terk ettik. &#8230;<\/p>\n<p>.. \u0130stifa edilecekse \u015fimdi edilmeliydi, yoksa zaman i\u00e7inde i\u015f savsaklan\u0131rd\u0131. Neticede Numan Kurtulmu\u015f&#8217;la birlikte Ba\u015fkanl\u0131k Divan\u0131 \u00fcyeli\u011finden istifa etme karar\u0131 verdik. Bu istifa kopmak anlam\u0131nda de\u011fildi. Amac\u0131m\u0131z, bir de istifa yoluyla bir \u015feyler s\u00f6ylemekti. &#8230;<\/p>\n<p>Ak\u015fam a\u015fa\u011f\u0131daki istifa mektubunu haz\u0131rlad\u0131k, ertesi sabah bas\u0131na Numan Kurtulmu\u015f ve Mehmet Bekaro\u011flu&#8217;nun birlikte bas\u0131n toplant\u0131s\u0131 yapaca\u011f\u0131n\u0131 bildirir faks \u00e7ektirdik&#8230;<\/p>\n<p>Toplant\u0131 odas\u0131n\u0131n anahtar\u0131n\u0131 sordu\u011fumda orada toplant\u0131 yapamayaca\u011f\u0131m\u0131z\u0131 s\u00f6ylediler. &#8230;<\/p>\n<p>Tam d\u0131\u015far\u0131da toplant\u0131 yapmak \u00fczere haz\u0131rl\u0131k yap\u0131yorduk ki toplant\u0131 odas\u0131n\u0131n kap\u0131s\u0131n\u0131n a\u00e7\u0131ld\u0131\u011f\u0131 haberi geldi. Kameralar\u0131n kar\u015f\u0131s\u0131na Numan Kurtulmu\u015f&#8217;la birlikte ge\u00e7tik. \u00d6nceden haz\u0131rlad\u0131\u011f\u0131m\u0131z metni ben okudum&#8230; (burada istifa metni verilmektedir.)<\/p>\n<p>(Bu aradaki b\u00f6l\u00fcm Erbakan Hoca&#8217;n\u0131n kendilerini \u00e7a\u011f\u0131rmas\u0131 &#8220;g\u00f6revlerinin ba\u015f\u0131na d\u00f6nmesi&#8221; talimat\u0131n\u0131 vermesi, O\u011fuzhan beyin Cihat ve Muhittin Hocan\u0131n Biat ile ilgili ayetleri ve hadisleri kendisine verdiklerini anlatt\u0131\u011f\u0131 bir b\u00f6l\u00fcm olarak devam ediyor)<\/p>\n<p><strong>Sh. 515. (\u0130stifa Ba\u015fl\u0131kl\u0131 B\u00f6l\u00fcmden al\u0131nt\u0131lar) (2004 Mahalli \u0130dareler Se\u00e7imi Sonras\u0131nda ya\u015fanan s\u00fcre\u00e7) (2. istifa s\u00fcrecini anlat\u0131yor)<\/strong><\/p>\n<p>&#8220;Mahalli se\u00e7imlerden sonra Saadet Partisi iyice i\u00e7e kapanm\u0131\u015ft\u0131. &#8230;<\/p>\n<p>Son zamanlarda toplant\u0131lara kat\u0131lm\u0131yordum. Ama Hoca&#8217;n\u0131n ba\u015fkanl\u0131k etti\u011fi bir ba\u015fkanl\u0131k divan\u0131 toplant\u0131s\u0131na bunlar\u0131 konu\u015fmak i\u00e7in gittim. Bu toplant\u0131 Saadet Partisinde son kat\u0131ld\u0131\u011f\u0131m toplant\u0131 oldu. Bir s\u00fcre \u00f6nce Rize&#8217;de yapt\u0131\u011f\u0131m bir bas\u0131n toplant\u0131s\u0131nda gazetecilerin sorusu \u00fczerine &#8220;Saadet Partisinde ben dahil genel ba\u015fkanl\u0131k yapacak \u00e7ok arkada\u015f var&#8221; demi\u015ftim. Bu ertesi g\u00fcn gazetelerde &#8220;bekaro\u011flu adayl\u0131\u011f\u0131n\u0131 a\u00e7\u0131klad\u0131&#8221; \u015feklinde verilmi\u015fti.<\/p>\n<p><strong>Kazan &#8211; Bekaro\u011flu at\u0131\u015fmas\u0131<\/strong><\/p>\n<p><strong>Bundan g\u00fcnler sonra kat\u0131ld\u0131\u011f\u0131m ba\u015fkanl\u0131k divan\u0131 toplant\u0131s\u0131nda \u015eevket Kazan s\u00f6z alarak &#8220;Hocam baz\u0131 arkada\u015flar genel ba\u015fkan adayl\u0131\u011f\u0131n\u0131 a\u00e7\u0131kl\u0131yor. Bizim gelenekte b\u00f6yle bir \u015fey yok. Bu durumu konu\u015fmam\u0131z gerekir&#8221; tarz\u0131nda bir \u00e7\u0131k\u0131\u015f yapt\u0131. Hoca sorunca da adayl\u0131\u011f\u0131n\u0131 a\u00e7\u0131klayan\u0131n benim oldu\u011fumu s\u00f6yledi. Bunun \u00fczerine Hoca, bana d\u00f6nerek &#8220;ne diyorlar Bekaro\u011flu?&#8221; diyerek s\u00f6z verdi. Cevab\u0131m \u015f\u00f6yle oldu &#8221; Hocam adayl\u0131k falan a\u00e7\u0131kland\u0131\u011f\u0131 yok. \u015eevket a\u011fabeyimiz gelenekten s\u00f6z ediyor. Gelenekten \u00f6nce kitab\u0131m\u0131z var. Dinin kendisi var.\u00a0 Kitab\u0131m\u0131z demiyor mu ki &#8220;bir haber ald\u0131\u011f\u0131n\u0131z zaman onu tetkik edeniz&#8221; Bu haberin \u00fczerine g\u00fcnler ge\u00e7ti. \u015eevket abi ile defalara kar\u015f\u0131la\u015ft\u0131k. Bir kere olsun bunu bana sormad\u0131. \u015eimdi konuyu bu \u015fekilde g\u00fcndeme getirmesini do\u011frusu anlayamad\u0131m. Bunu iyi niyetli de bulmad\u0131m.&#8221; <\/strong><\/p>\n<p><strong>Erbakan Hoca&#8217;n\u0131n adaleti, \u015eevket Kazan&#8217;\u0131n tiyniyeti<\/strong><\/p>\n<p><strong>\u015eevket bey bu cevab\u0131ma al\u0131nd\u0131. Bir \u015feyler s\u00f6ylemek \u00fczere s\u00f6z istedi. Ancak Hoca &#8220;konu kapanm\u0131\u015ft\u0131r&#8221; diye s\u00f6z vermedi.\u00a0\u00a0 Bunun \u00fczerine \u015eevket Kazan \u00e7ok sinirlendi &#8220;Bizi dinlemiyorsun, adam bana hakaret etti.&#8221; C\u00fcmlelerini s\u00f6ylenerek kalkt\u0131 ve kap\u0131y\u0131 \u00e7arparak odadan \u00e7\u0131kt\u0131. &#8230;<\/strong><\/p>\n<p><strong>Elbette kader birli\u011fi say\u0131lmazd\u0131, ama bir\u00e7ok konuda isti\u015fareler yapt\u0131\u011f\u0131m\u0131z, baz\u0131 ad\u0131mlar\u0131 birlikte att\u0131\u011f\u0131m\u0131z ve birlikte hareket etti\u011fimiz arkada\u015flar\u0131m\u0131z vard\u0131. <\/strong><\/p>\n<p><strong>Kurtulmu\u015f&#8217;un kulis ekibi<\/strong><\/p>\n<p><strong>Daha \u00f6nce defalarca yapt\u0131\u011f\u0131m\u0131z gibi yine \u0130stanbul&#8217;da topland\u0131k. Toplant\u0131da Numan Kurtulmu\u015f&#8217;un yan\u0131 s\u0131ra Ekrem Baki, Musa Akbal, Erol Dilaver, Remzi \u00c7ak\u0131r ve Erol Erdo\u011fan vard\u0131.\u00a0 Bundan sonra ne yapmam\u0131z gerekti\u011fini 5 saati a\u015fk\u0131n s\u00fcren toplant\u0131da tart\u0131\u015ft\u0131k. Yap\u0131lacak ba\u015fka bir i\u015fin kalmad\u0131\u011f\u0131, burada daha fazla durman\u0131n bizi y\u0131prataca\u011f\u0131n\u0131, gereksiz tart\u0131\u015fmalara dalman\u0131n ve as\u0131ls\u0131z ithamlara maruz kalman\u0131n anlams\u0131zl\u0131\u011f\u0131n\u0131 konu\u015ftuk, o nedenle de istifa etmemizin en do\u011fru i\u015f olaca\u011f\u0131 karar\u0131na vard\u0131k. Orada bulunanlardan hi\u00e7biri bu karar kar\u015f\u0131 \u00e7\u0131kmad\u0131. <\/strong><\/p>\n<p><strong>Kurtulmu\u015f&#8217;da gemiyi terk edecekti ama!<\/strong><\/p>\n<p><strong>Pozisyonlar\u0131m\u0131z gere\u011fi Ben ve Numan Kurtulmu\u015f istifa edecektik. Hatta nas\u0131l istifa edece\u011fimizi de belirtmi\u015ftik. Te\u015fkilatlarda birlikte hareket ediyorlar havas\u0131 \u00e7\u0131kmas\u0131n ve yenilik\u00e7ilerin hareketine benzemesin diye ayr\u0131 ayr\u0131 istifa edecektik. Daha sonrada bir araya gelip istifadan sonra neler yapaca\u011f\u0131m\u0131z\u0131 g\u00f6r\u00fc\u015fecektik&#8230;<\/strong><\/p>\n<p><strong>(Kitapta bu b\u00f6l\u00fcmde Mehmet Bekaro\u011flu&#8217;nun 6.11.2004 tarihli g\u00f6revlerinden ve parti \u00fcyeli\u011finden istifa dilek\u00e7esi var)<\/strong><\/p>\n<p><strong>Numan Kurtulmu\u015f&#8217;a kim dur demi\u015fti ve neler vaat edilmi\u015fti?!<\/strong><\/p>\n<p><strong>Bir hafta i\u00e7inde istifa edecektik ama Numan Kurtulmu\u015f&#8217;tan b\u00f6yle bir hareket gelmedi. O g\u00fcn bug\u00fcn Numan beyin ni\u00e7in istifa etmedi\u011fini kendi a\u011fz\u0131ndan \u00f6\u011frenmi\u015f de\u011filim. Akl\u0131ma bir\u00e7ok \u015fey geldi, ama bunlar\u0131 hi\u00e7 dillendirmedim. Siyaset bir yana, bana g\u00f6re bu bir ki\u015filik sorunu idi. Numan Kurtulmu\u015f ile herhangi bir \u00e7al\u0131\u015fmada birlikte olma \u015fans\u0131m\u0131z art\u0131k kalmam\u0131\u015f gibiydi. De\u011fi\u015fik \u00e7evrelerden \u00f6\u011frendi\u011fime g\u00f6re Kurtulmu\u015f&#8217;un istifa edece\u011fini duyan baz\u0131 insanlar &#8220;yanl\u0131\u015f yap\u0131yorsun. Bekaro\u011flu farkl\u0131. Sen bu siyasi hareketin gelece\u011fisin. \u0130stifa edersen yanl\u0131\u015f yapars\u0131n ve y\u0131pran\u0131rs\u0131n&#8221; demi\u015flerdi. Kurtulmu\u015f da istifadan vazge\u00e7mi\u015fti.&#8221; <\/strong><\/p>\n<p><strong>Not: Biz hadiseyi kitaptan oldu\u011fu gibi al\u0131nt\u0131lad\u0131k.<\/strong><\/p>\n<p><strong>Atalar\u0131m\u0131z &#8220;s\u00f6yle dostunu, diyeyim kim oldu\u011funu&#8221; demi\u015fler..<a name=\"_ftnref1\" href=\"#_ftn1\" title=\"_ftnref1\"><strong>[1]<\/strong><\/a><\/strong><\/p>\n<p><strong>\u0130yi de ayn\u0131 Mehmet Bekaro\u011flu bu senetli sepetli s\u00f6zlerine ra\u011fmen, yine gidip Numan Kurtulmu\u015f&#8217;un Genel Ba\u015fkanl\u0131\u011f\u0131nda, \u0130stanbul SP Belediye adayl\u0131\u011f\u0131n\u0131 kabul etmi\u015fti. Hayret, ne prensipli, ne haysiyetli ki\u015filerdi&#8230;<\/strong><\/p>\n<p>  <\/p>\n<hr \/>\n<p><a name=\"_ftn1\" href=\"#_ftnref1\" title=\"_ftn1\">[1]<\/a> www.MarmaraHaber.Net \/ \u00d6zel<\/p>\n","protected":false},"excerpt":{"rendered":"<p><strong>Siyasi yasa\u011f\u0131 \u00fc\u00e7\u00fcnc\u00fc kez kalkan Erbakan Hoca&#8217;ya Milli G\u00f6r\u00fc\u015f&#8217;\u00fcn fiili liderli\u011fi yolunu parti t\u00fcz\u00fc\u011f\u00fc a\u00e7\u0131yordu. Saadet Partisi&#8217;nin Y\u00fcksek \u0130sti\u015fare Kurulu Ba\u015fkanl\u0131\u011f\u0131 son kongrede olu\u015fturulmu\u015ftu.<\/strong><\/p>\n<p><strong>Saadet Partisi&#8217;nde (SP) aktif siyaset yapaca\u011f\u0131 kesinle\u015fen 83 ya\u015f\u0131ndaki Erbakan i\u00e7in &#8216;SP Y\u00fcksek \u0130sti\u015fare Kurulu Ba\u015fkanl\u0131\u011f\u0131&#8217; form\u00fcl\u00fcyle, Genel Ba\u015fkan&#8217;dan daha geni\u015f yetkilere sahip olaca\u011f\u0131 biliniyordu.<\/strong><\/p>\n","protected":false},"author":57,"featured_media":0,"comment_status":"open","ping_status":"closed","sticky":false,"template":"","format":"standard","meta":{"footnotes":""},"categories":[96],"tags":[],"class_list":["post-1564","post","type-post","status-publish","format-standard","hentry","category-haziran-2009"],"_links":{"self":[{"href":"https:\/\/www.millicozum.com\/mc\/wp-json\/wp\/v2\/posts\/1564","targetHints":{"allow":["GET"]}}],"collection":[{"href":"https:\/\/www.millicozum.com\/mc\/wp-json\/wp\/v2\/posts"}],"about":[{"href":"https:\/\/www.millicozum.com\/mc\/wp-json\/wp\/v2\/types\/post"}],"author":[{"embeddable":true,"href":"https:\/\/www.millicozum.com\/mc\/wp-json\/wp\/v2\/users\/57"}],"replies":[{"embeddable":true,"href":"https:\/\/www.millicozum.com\/mc\/wp-json\/wp\/v2\/comments?post=1564"}],"version-history":[{"count":0,"href":"https:\/\/www.millicozum.com\/mc\/wp-json\/wp\/v2\/posts\/1564\/revisions"}],"wp:attachment":[{"href":"https:\/\/www.millicozum.com\/mc\/wp-json\/wp\/v2\/media?parent=1564"}],"wp:term":[{"taxonomy":"category","embeddable":true,"href":"https:\/\/www.millicozum.com\/mc\/wp-json\/wp\/v2\/categories?post=1564"},{"taxonomy":"post_tag","embeddable":true,"href":"https:\/\/www.millicozum.com\/mc\/wp-json\/wp\/v2\/tags?post=1564"}],"curies":[{"name":"wp","href":"https:\/\/api.w.org\/{rel}","templated":true}]}}