{"id":1566,"date":"2009-05-23T06:31:40","date_gmt":"2009-05-23T06:31:40","guid":{"rendered":"https:\/\/www.millicozum.com\/mc\/2009\/05\/23\/iki-ay-icinde-iran-atom-bombasina-kavusuyor\/"},"modified":"2009-05-23T06:31:40","modified_gmt":"2009-05-23T06:31:40","slug":"iki-ay-icinde-iran-atom-bombasina-kavusuyor","status":"publish","type":"post","link":"https:\/\/www.millicozum.com\/mc\/2009\/haziran-2009\/iki-ay-icinde-iran-atom-bombasina-kavusuyor\/","title":{"rendered":"\u0130K\u0130 AY \u0130\u00c7\u0130NDE \u0130RAN ATOM BOMBASINA KAVU\u015eUYOR!?"},"content":{"rendered":"<p>Afganistan ve Pakistan \u00dczerinden \u0130ran Ku\u015fat\u0131l\u0131yor! Bahane: \u0130K\u0130 AY \u0130\u00c7\u0130NDE \u0130RAN ATOM BOMBASINA KAVU\u015eUYOR!? <\/p>\n<p>Afganistan ve Pakistan katliamlar\u0131 Amerika\u2019n\u0131n marifetidir ve b\u00f6lgeyi i\u015fgal bahanesidir    \u00a0 <\/p>\n<p>D\u0131\u015f politikada birinci \u00f6nceli\u011fini Afganistan sorunu olarak belirleyen ABD Ba\u015fkan\u0131 Barack Obama, Afgan ve Pakistan liderlerini a\u011f\u0131rlad\u0131. Ancak Washington&#8217;daki mini zirve \u00f6ncesi ABD \u00f6nderli\u011findeki koalisyon g\u00fc\u00e7lerinin Afganistan&#8217;da 100&#8217;den fazla sivili katletmesi Obama&#8217;y\u0131 zor durumda b\u0131rakt\u0131. Afganistan lideri Hamid Karzai, Obama&#8217;ya sivil kay\u0131plar konusunda dikkatli olmalar\u0131 \u00e7a\u011fr\u0131s\u0131n\u0131 yapt\u0131. ABD Ba\u015fkan\u0131 da Amerikan ordusunun Afganistan&#8217;daki operasyonlar\u0131nda sivil kay\u0131plar\u0131n azalmas\u0131 i\u00e7in her t\u00fcrl\u00fc \u00e7abay\u0131 harcayaca\u011f\u0131n\u0131 a\u00e7\u0131klad\u0131. Sald\u0131r\u0131larda \u00e7ok say\u0131da sivilin \u00f6lmesinden dolay\u0131 &#8216;b\u00fcy\u00fck \u00fcz\u00fcnt\u00fc&#8217; duyduklar\u0131n\u0131 s\u00f6yleyen ABD D\u0131\u015fi\u015fleri Bakan\u0131 Hillary Clinton da Ferah eyaletinde ger\u00e7ekle\u015fen olayla ilgili soru\u015fturma a\u00e7\u0131laca\u011f\u0131n\u0131 hat\u0131rlatt\u0131. Afgan yetkililer, pazartesi g\u00fcn\u00fc d\u00fczenlenen hava operasyonunda aralar\u0131nda kad\u0131n ve \u00e7ocuklar\u0131n da yer ald\u0131\u011f\u0131 147 ki\u015finin \u00f6ld\u00fc\u011f\u00fcn\u00fc vurgulam\u0131\u015ft\u0131. Bu rakam, teyit edilmesi halinde, Afganistan&#8217;\u0131n 2001&#8217;de Amerika \u00f6nc\u00fcl\u00fc\u011f\u00fcnde i\u015fgalinden bu yana bir sald\u0131r\u0131daki en b\u00fcy\u00fck sivil kay\u0131p olacakt\u0131. Operasyonlarda ve sald\u0131r\u0131larda meydana gelen sivil \u00f6l\u00fcmler, Afgan h\u00fck\u00fcmetiyle Washington aras\u0131nda sorunlara yol a\u00e7maktayd\u0131. Koalisyon g\u00fc\u00e7lerinin d\u00fczenledi\u011fi operasyonlarda sadece ge\u00e7ti\u011fimiz y\u0131l 1000&#8217;den fazla sivilin hayat\u0131n\u0131 kaybetti\u011fi a\u00e7\u0131klanm\u0131\u015ft\u0131.<\/p>\n<p><strong>Siviller Svat&#8217;tan ka\u00e7\u0131yor <\/strong><\/p>\n<p>Bu arada ABD&#8217;ye El Kaide ve Taliban ile m\u00fccadele konusunda verdi\u011fi s\u00f6z\u00fc yerine getiren Pakistan da, Afgan s\u0131n\u0131r\u0131 yak\u0131n\u0131ndaki Svat Vadisi&#8217;nde operasyonlar\u0131n\u0131 art\u0131rm\u0131\u015ft\u0131. B\u00f6lgeye ek kuvvet sevk eden Pakistan ordusu, Taliban mevzilerini sava\u015f u\u00e7aklar\u0131 ve top\u00e7u ate\u015fiyle vurmaktayd\u0131.<\/p>\n<p>\u0130ki ate\u015f aras\u0131nda kalan on binlerce sivil ise b\u00f6lgeyi terk edip ka\u00e7maktayd\u0131. Yetkililer, son bir ay i\u00e7inde 300 bin ki\u015finin evlerini terk etti\u011fini s\u00f6yl\u00fcyordu. 1,6 milyon n\u00fcfuslu Svat Vadisi&#8217;nden 800 bin ki\u015finin ayr\u0131lmas\u0131 bekleniyordu. Pakistan h\u00fck\u00fcmeti, \u015fubat ay\u0131nda \u00e7at\u0131\u015fmalar\u0131 sona erdirecek ate\u015fkes kar\u015f\u0131l\u0131\u011f\u0131nda b\u00f6lgede \u015feriat\u0131n uygulanmas\u0131n\u0131 kabul etmi\u015fti. Ancak Taliban&#8217;\u0131n ba\u015fkent \u0130slamabad&#8217;a 100 km yak\u0131nl\u0131ktaki Buner b\u00f6lgesini ele ge\u00e7irmesi \u00fczerine ate\u015fkes rafa kalkm\u0131\u015ft\u0131. Amerika biryandan gizlice Taliban&#8217;\u0131 destekleyip k\u0131\u015fk\u0131rtmakta, biryandan Pakistan&#8217;\u0131 bunlar\u0131n \u00fczerine sald\u0131rtmakta, biryandan da s\u00f6zde bar\u0131\u015f\u0131 sa\u011flamak ve \u0130slamc\u0131 ter\u00f6r\u00fc etkisiz k\u0131lmak bahanesiyle b\u00f6lgeyi gayri resmi i\u015fgal alt\u0131nda tutmaktayd\u0131.<\/p>\n<p><strong>M\u00fcsl\u00fcman Karde\u015fler:<\/strong><\/p>\n<p><strong>Obama&#8217;n\u0131n amac\u0131 \u0130slam d\u00fcnyas\u0131n\u0131 b\u00f6lmektir!<\/strong><\/p>\n<p>M\u0131s\u0131r&#8217;da faaliyet g\u00f6steren M\u00fcsl\u00fcman Karde\u015fler \u00f6rg\u00fct\u00fcn\u00fcn Ba\u015fkan Yard\u0131mc\u0131s\u0131 Muhammed Habib, Obama&#8217;n\u0131n \u0130slam d\u00fcnyas\u0131na vermeyi planlad\u0131\u011f\u0131 mesajlar\u0131n Arap ve M\u00fcsl\u00fcman \u00fclkelerin b\u00f6l\u00fcnm\u00fc\u015fl\u00fc\u011f\u00fcn\u00fc per\u00e7inleme plan\u0131n\u0131n bir par\u00e7as\u0131 oldu\u011funu s\u00f6ylemi\u015fti.<\/p>\n<p>Muhammed Habib, ABD&#8217;nin \u0130ran ve Suriye&#8217;ye y\u00f6nelik \u00f6nerileri ile ABD&#8217;li yetkililerin Suudi Arabistan ve M\u0131s\u0131r&#8217;a ger\u00e7ekle\u015ftirdikleri ziyaretlerin Irak, Afganistan ve Pakistan i\u015fgallerinin, emperyalist projelerinin ve tamamen \u0130srail yanl\u0131s\u0131 g\u00fcndemin birer par\u00e7as\u0131 oldu\u011funu da belirtmi\u015fti.<\/p>\n<p>M\u00fcsl\u00fcman Karde\u015fler \u00f6rg\u00fct\u00fc, emperyalist Amerikan y\u00f6netiminin demokrasi ve insan haklar\u0131 s\u00f6ylemlerinin hi\u00e7bir \u015fekilde M\u00fcsl\u00fcmanlar\u0131n lehine olmad\u0131\u011f\u0131n\u0131, bunun en \u00f6nemli g\u00f6stergesinin de Filistin, Afganistan, Irak ve \u015fimdi Pakistan halk\u0131na y\u00f6nelik yap\u0131lan bask\u0131lar\u0131n ba\u015fta ABD olmak \u00fczere Bat\u0131l\u0131 \u00fclkeler taraf\u0131ndan g\u00f6r\u00fclmemesi oldu\u011funu dile getirmi\u015fti.<\/p>\n<p><strong>CIA ve MOSSAD&#8217;\u0131n Chavez&#8217;e kar\u015f\u0131 askeri komplosu son anda \u00f6nlendi<\/strong><\/p>\n<p>Bu ara, Venezuela Devlet Ba\u015fkan\u0131 Hugo Chavez, h\u00fck\u00fcmetine kar\u015f\u0131 bir &#8221;askeri komplonun&#8221; \u00f6nlendi\u011fini bildirmi\u015fti. Chavez, devlet televizyonundan yapt\u0131\u011f\u0131 a\u00e7\u0131klamada, h\u00fck\u00fcmeti devirme giri\u015fimine kat\u0131lan bir\u00e7ok askerin tutukland\u0131\u011f\u0131n\u0131, bu ki\u015filerin ABD&#8217;ye g\u00f6\u00e7 etmi\u015f gruplarla ba\u011flant\u0131da oldu\u011funu ve &#8221;ba\u011f\u0131ms\u0131zl\u0131k&#8221; diye an\u0131lan bir operasyonla ilgili mesajlar g\u00f6nderdiklerini s\u00f6ylemi\u015fti. Bu ki\u015filerin Devlet Ba\u015fkanl\u0131\u011f\u0131 Saray\u0131 Miraflores&#8217;e s\u0131zmay\u0131 planlad\u0131klar\u0131n\u0131 da belirten Chavez, bu konuda daha fazla ayr\u0131nt\u0131ya girmemi\u015fti. Baz\u0131 mesajlar al\u0131p bunu \u00fcstlerine bildirmeyen subaylar\u0131n da tutukland\u0131\u011f\u0131n\u0131 anlatan Chavez, \u00fclkenin bat\u0131s\u0131nda silah ve m\u00fchimmat ele ge\u00e7irildi\u011fini ancak durumun kontrol alt\u0131na al\u0131nd\u0131\u011f\u0131n\u0131 kaydetmi\u015fti. Evet Amerika, emperyalizme boyun e\u011fmeyen ve kendi zul\u00fcmlerini ele\u015ftiren hi\u00e7bir y\u00f6netime r\u0131za g\u00f6stermemi\u015fti.<\/p>\n<p><strong>\u0130ran, 60 g\u00fcnde n\u00fckleer g\u00fc\u00e7 olabilir mi?<\/strong><\/p>\n<p>\u0130ster inan\u0131n ister inanmay\u0131n, \u0130ran 60 g\u00fcn i\u00e7inde n\u00fckleer kul\u00fcbe \u00fcye oluyormu\u015f. Milli Gazete&#8217;den Mustafa \u00d6zcan&#8217;\u0131n belirtti\u011fine g\u00f6re \u0130ran&#8217;\u0131n n\u00fckleer g\u00fcc\u00fc veya potansiyeliyle alakal\u0131 olarak iddialar havada u\u00e7u\u015fuyormu\u015f. Son say\u0131s\u0131n\u0131 yay\u0131nlayan M\u0131s\u0131r mahre\u00e7li The Middle East Times gazetesi &#8220;Could Iran Have Nukes in 60 Days?&#8221; ba\u015fl\u0131kl\u0131 yaz\u0131s\u0131nda \u0130ran&#8217;\u0131n 60 g\u00fcn i\u00e7inde n\u00fckleer g\u00fc\u00e7 olabilece\u011fini ileri s\u00fcr\u00fcyormu\u015f. \u0130ran&#8217;\u0131n n\u00fckleer program\u0131 konusunda kime, neye ve ne kadar inan\u0131laca\u011f\u0131n\u0131 kimse kestiremiyormu\u015f. Her \u00fclkenin farkl\u0131 yetkilileri farkl\u0131 de\u011ferlendirmelerde bulunuyormu\u015f.. Kimilerine g\u00f6re, \u0130ran&#8217;\u0131n n\u00fckleer silahlar \u00fcretebilmesi i\u00e7in en az\u0131ndan birka\u00e7 y\u0131la ihtiyac\u0131 varm\u0131\u015f. Kimilerine g\u00f6re ise eli kula\u011f\u0131ndaym\u0131\u015f. S\u00f6zgelimi \u0130srail&#8217;in \u0130ran&#8217;a sald\u0131rmas\u0131na ve \u00fc\u00e7\u00fcnc\u00fc cephe a\u00e7mas\u0131na daha \u00f6nce kar\u015f\u0131 \u00e7\u0131km\u0131\u015f olan ABD Genelkurmay Ba\u015fkan\u0131 Mullen, \u015fimdi \u0130ran&#8217;\u0131n \u00e7ok yak\u0131nda n\u00fckleer silahlar \u00fcretebilece\u011fini s\u00f6yl\u00fcyormu\u015f.. Lakin ard\u0131ndan \u00fcst\u00fc olan Savunma Bakan\u0131 Robert Gates \u015fa\u015f\u0131rt\u0131c\u0131 bir konu\u015fma yap\u0131yor ve hen\u00fcz ufukta b\u00f6yle bir tehlikenin belirmedi\u011fine i\u015faret ediyormu\u015f. Amerikal\u0131 yetkililer de birbiriyle \u00e7eli\u015fkili konu\u015fuyormu\u015f. Hatta baz\u0131lar\u0131 \u0130ran&#8217;\u0131n n\u00fckleer g\u00fc\u00e7 olmas\u0131na psikolojik olarak haz\u0131rlanm\u0131\u015f g\u00f6r\u00fcn\u00fcyor, d\u00fcnyan\u0131n sonu olmad\u0131\u011f\u0131n\u0131 d\u00fc\u015f\u00fcn\u00fcyormu\u015f. \u00c7ok say\u0131da Amerikal\u0131 &#8216;ge\u00e7mi\u015fte SSCB&#8217;nin n\u00fckleer silahlar\u0131yla ya\u015fad\u0131k, n\u00fckleer silahlar\u0131 bulunan kom\u015fular\u0131yla \u00e7evrili olan \u0130ran&#8217;\u0131n da neden olmas\u0131n?&#8217; diyormu\u015f. Kim bilir belki de bu suretle &#8220;\u0131l\u0131ml\u0131 M\u00fcsl\u00fcmanlara&#8221; daha rahat \u00e7oban olabileceklerini de d\u00fc\u015f\u00fcn\u00fcyor olabilirler!\u00a0 Lakin Hillary Clinton ve di\u011ferleri ise s\u00fcrekli olarak n\u00fckleer g\u00fc\u00e7 olan Pakistan&#8217;\u0131n Taliban t\u00fcr\u00fc cemaatlerin eline ge\u00e7mesinden endi\u015fe duyuyor ve b\u00fct\u00fcn mesailerini neredeyse Pakistan&#8217;\u0131 izlemeye teksif etmi\u015f bulunuyor. Meseleye \u00e7ok alarmc\u0131 d\u00fczeyde yakla\u015f\u0131yor.\u00a0 O halde Pakistan konusunda bu kadar titizlenen Amerikal\u0131lar \u0130ran noktas\u0131nda taktik mi yap\u0131yor, yoksa ba\u015fka bir bildikleri mi vard\u0131?\u00a0 Irak&#8217;ta g\u00f6rev yapm\u0131\u015f John Abizaid gibi komutanlar \u0130ran&#8217;\u0131n n\u00fckleer g\u00fc\u00e7 olma se\u00e7ene\u011fiyle birlikte ya\u015famay\u0131 \u00f6\u011frenmekten bahseder olmu\u015flard\u0131.\u00a0 Obama&#8217;n\u0131n Yard\u0131mc\u0131s\u0131 Joe Biden de Netanyahu&#8217;nun iktidara gelir gelmez \u0130ran&#8217;\u0131n n\u00fckleer program\u0131 hakk\u0131nda toplant\u0131 \u00fczerine toplant\u0131 yapmas\u0131 \u00fczerine onu uyaran a\u00e7\u0131klamalar yapm\u0131\u015ft\u0131.<\/p>\n<p>Middle East Times, \u0130ran&#8217;\u0131n 60 g\u00fcnde atom bombas\u0131n\u0131 \u00fcretece\u011fini yazarken asl\u0131nda kimi \u0130srailli kaynaklar da \u0130ran&#8217;\u0131 vurmak i\u00e7in \u0130srail&#8217;in eli kula\u011f\u0131nda oldu\u011funu ve sald\u0131r\u0131n\u0131n an ve saat meselesi oldu\u011funu yaz\u0131yordu. Lakin o cepheden de \u00e7eli\u015fkili haberler geliyordu. Avigdor Lieberman, Filistin meselesinden \u00f6nce, \u00f6nceliklerinin \u0130ran oldu\u011funu belirtiyordu. Lakin ba\u015fka bir tasnifte de AFPA b\u00f6lgesinin tehdit s\u0131ralamas\u0131nda \u0130ran&#8217;dan \u00f6nce geldi\u011fini s\u00f6yl\u00fcyordu. Netanyahu sava\u015f tamtamlar\u0131 \u00e7alarken \u015eimon Peres&#8217;in so\u011fukkanl\u0131l\u0131\u011f\u0131 ve tersinden a\u00e7\u0131klamalar\u0131 da g\u00f6zlerden ka\u00e7m\u0131yor ve insan\u0131 \u015fa\u015fk\u0131na \u00e7eviriyordu. O da \u0130ran&#8217;\u0131n n\u00fckleer silahlar\u0131yla ya\u015famay\u0131 \u00f6\u011frenmenin gereklerinden s\u00f6z etmeye ba\u015fl\u0131yordu. Netanyahu preempitive sald\u0131r\u0131 (\u00f6nleyici darbe) teklif ederken \u015eimon Peres ise ge\u00e7mi\u015fte SSCB-ABD aras\u0131nda oldu\u011fu gibi korku dengesinin in\u015fa edilmesi gerekti\u011fini savunuyordu. \u0130srail&#8217;in di\u011fer liderlerinde de benzeri \u00fcslup de\u011fi\u015fikli\u011fi g\u00f6zleniyordu. S\u00f6zgelimi sab\u0131k Ba\u015fbakan Ehud Olmert ve benzerleri \u0130ran&#8217;\u0131n n\u00fckleer program\u0131n\u0131 ontolojik ve varl\u0131ksal tehdit olarak de\u011ferlendirirken \u015fimdi de Savunma Bakan\u0131 olan Ehud Barak, \u0130ran&#8217;\u0131n \u0130srail i\u00e7in varl\u0131ksal bir tehdit olamad\u0131\u011f\u0131n\u0131 ve \u0130srail&#8217;in b\u00f6lgenin en iyisi oldu\u011funu ileri s\u00fcr\u00fcyordu. Yani \u0130ran n\u00fckleer silahlara haiz olsa bile bunun genel denklemi bozmayaca\u011f\u0131 vurgulan\u0131yordu.<\/p>\n<p>The Middle East Times gazetesinin g\u00f6r\u00fc\u015flerine ba\u015fvurdu\u011fu Henry Sokolski adl\u0131 uzman \u0130ran&#8217;\u0131n bu tempo ve h\u0131zla durmaks\u0131z\u0131n \u00e7al\u0131\u015fmas\u0131 halinde 60 g\u00fcn i\u00e7inde ilk n\u00fckleer bombas\u0131n\u0131 elde edebilece\u011fini ve ayn\u0131 tempo ile \u00e7al\u0131\u015fmas\u0131 halinde keza 16 ile 18 ayl\u0131k bir dilimde 60 n\u00fckleer ba\u015fl\u0131k \u00fcretebilece\u011fini ileri s\u00fcr\u00fcyordu. Sokolski&#8217;ye g\u00f6re, \u0130ran en iyi ihtimalle n\u00fckleer bombas\u0131n\u0131 60 g\u00fcn i\u00e7inde elde edebilir ama bu azami bir y\u0131l\u0131 da bulabilir deniyordu. Daha \u00f6nce Wolfowitz&#8217;le birlikte \u00e7al\u0131\u015fm\u0131\u015f olan Henry Sokolski&#8217;nin analiz veya tahminleri \u00f6nemli say\u0131l\u0131yordu. \u0130srail&#8217;in kendisine g\u00fcvenmesinin nedeni ise \u0130ran&#8217;\u0131n birka\u00e7 y\u0131l i\u00e7inde elde edece\u011fi n\u00fckleer silahlar\u0131n birka\u00e7 mislinin, kendi silah tersanelerinde zaten stok olarak mevcut bulunmas\u0131 olarak g\u00f6steriliyordu. Belki de \u0130srail n\u00fckleer dengenin konvansiyonel dengeden daha da garantili oldu\u011funu d\u00fc\u015f\u00fcn\u00fcyordu.<a name=\"_ftnref1\" href=\"#_ftn1\" title=\"_ftnref1\">[1]<\/a> Kim bilir belki de b\u00fct\u00fcn bunlar \u0130ran&#8217;a y\u00f6nelik ani bir hava sald\u0131r\u0131s\u0131na, psikolojik ortam haz\u0131rlamay\u0131 ama\u00e7l\u0131yordu.<\/p>\n<p><strong>Siyonistler, oyun ve oyalama pe\u015findeydi!<\/strong><\/p>\n<p>\u0130srail&#8217;de ana muhalefetteki Kadima Partisi&#8217;nin lideri Tzipi Livni, \u0130srail-Filistin meselesinde 2 devletli \u00e7\u00f6z\u00fcm\u00fcn halen hedef olarak kald\u0131\u011f\u0131n\u0131 s\u00f6ylemi\u015fti. Livni, &#8220;Biz, 2 devletli \u00e7\u00f6z\u00fcm istiyoruz. Di\u011fer se\u00e7enekler \u0130srail i\u00e7in k\u00f6t\u00fc olacakt\u0131r&#8221; demi\u015f, ard\u0131ndan ziyaret etmek \u00fczere ABD&#8217;ye gitmi\u015fti. ABD&#8217;de Yahudi lobisiyle toplant\u0131lar yan\u0131nda, D\u0131\u015fi\u015fleri Bakan\u0131 Hillary Clinton ve Ba\u015fkan yard\u0131mc\u0131s\u0131 Joe Biden&#8217;le g\u00f6r\u00fc\u015fm\u00fc\u015flerdi. Livni, ABD&#8217;de ter\u00f6rist \u0130srail yanl\u0131s\u0131 lobi faaliyetlerinde bulunan Amerikan \u0130srail Kamu \u0130\u015fleri Komitesi&#8217;nde (AIPAC) yapt\u0131\u011f\u0131 konu\u015fmada \u0130ran&#8217;\u0131n \u0130srail&#8217;e y\u00f6nelik uyar\u0131lar\u0131 ile Hizbullah ve Hamas \u00f6rg\u00fctlerinden bahsetmi\u015fti. Livni, bu konularda Ba\u015fbakan Binyamin Netanyahu h\u00fck\u00fcmetiyle g\u00f6r\u00fc\u015f ayr\u0131l\u0131klar\u0131n\u0131n olmad\u0131\u011f\u0131n\u0131 belirtmi\u015fti. B\u00f6ylece bas\u0131n \u00f6n\u00fcnde farkl\u0131, Yahudi Lobilerinde ise daha farkl\u0131 konu\u015ftu\u011fu kesinle\u015fmi\u015fti.<\/p>\n<p>\u0130srail Cumhurba\u015fkan\u0131 ter\u00f6ristba\u015f\u0131 \u015eimon Peres de ayn\u0131 g\u00fcn AIPAC&#8217;da konu\u015fma yap\u0131p ABD Devlet Ba\u015fkan\u0131 Barack Obama&#8217;yla da g\u00f6r\u00fc\u015fm\u00fc\u015flerdi. Obama, Netanyahu&#8217;yla Filistin lideri kukla Mahmud Abbas&#8217;\u0131 da g\u00f6r\u00fc\u015fmeler i\u00e7in \u00fclkeye davet etmi\u015fti.<\/p>\n<p><strong>Netanyahu L\u00fcbnan&#8217;a jest yapacakm\u0131\u015f!<\/strong><\/p>\n<p>\u0130srail&#8217;in Haaretz gazetesi, Ba\u015fbakan Binyamin Netanyahu&#8217;nun, \u0130srail&#8217;in, L\u00fcbnan ile s\u0131n\u0131rdaki Gajar k\u00f6y\u00fcn\u00fcn kuzey taraf\u0131ndan \u00e7ekilece\u011fini a\u00e7\u0131klamas\u0131n\u0131n beklendi\u011fini s\u00f6ylemi\u015fti. Gazete, bir siyasi yetkilinin, Netanyahu&#8217;nun konuyla ilgili Amerikan taleplerine kar\u015f\u0131l\u0131k vermek istedi\u011fini, bu t\u00fcr bir hareketin ayn\u0131 zamanda L\u00fcbnan&#8217;da haziranda yap\u0131lacak parlamento se\u00e7imleri \u00f6ncesi Ba\u015fbakan Fuad Sinyora h\u00fck\u00fcmeti i\u00e7in bir iyi niyet jesti (!) olaca\u011f\u0131n\u0131 ifade etti\u011fini belirtmi\u015fti. Haberde, Gajar&#8217;\u0131n kuzeyinden \u00e7ekilmenin, L\u00fcbnan&#8217;daki se\u00e7imler \u00f6ncesi beklenmedi\u011fi de ifade edilmi\u015fti. Buna neden olarak k\u00f6y sakinlerinin geri \u00e7ekilmeye kar\u015f\u0131 \u0130srail Adalet Y\u00fcksek Mahkemesine yo\u011fun \u015fekilde itiraz etmelerinin beklenmesi oldu\u011fu g\u00f6sterilmi\u015fti.<\/p>\n<p>Gajar k\u00f6y\u00fc topraklar\u0131 1981 y\u0131l\u0131nda \u0130srail taraf\u0131ndan ilhak edilmi\u015fti. \u0130srail, G\u00fcney L\u00fcbnan&#8217;dan 2000 y\u0131l\u0131n\u0131n may\u0131s ay\u0131nda \u00e7ekildi\u011finde Gajar k\u00f6y\u00fc, \u0130srail ile L\u00fcbnan aras\u0131nda s\u0131n\u0131r kabul edilen mavi hat taraf\u0131ndan ikiye b\u00f6l\u00fcnm\u00fc\u015f vaziyetteydi. B\u00f6l\u00fcnme sonucunda Gajar&#8217;\u0131n \u00fc\u00e7te ikilik b\u00f6l\u00fcm\u00fc L\u00fcbnan taraf\u0131ndaki kuzey b\u00f6l\u00fcmde, di\u011fer b\u00f6l\u00fcm\u00fc \u0130srail taraf\u0131nda kalm\u0131\u015ft\u0131. \u00c7o\u011fu H\u0131ristiyanlardan olu\u015fan k\u00f6y\u00fcn \u00f6nemli bir k\u0131sm\u0131 L\u00fcbnan taraf\u0131nda kalsa da orada ya\u015fayanlar\u0131n t\u00fcm\u00fc \u0130srail vatanda\u015fl\u0131\u011f\u0131na sahipti. Netanyahu&#8217;nun, Washington&#8217;a yapaca\u011f\u0131 ziyaret \u00f6ncesinde b\u00f6yle bir a\u00e7\u0131klaman\u0131n, L\u00fcbnan&#8217;daki \u0131l\u0131ml\u0131lar\u0131 g\u00fc\u00e7lendirmeye yarayaca\u011f\u0131 umudunu ta\u015f\u0131d\u0131\u011f\u0131 kaydedilmi\u015fti.<\/p>\n<p><strong>Zamanc\u0131lar\u0131n sahte tav\u0131rlar\u0131:<\/strong><\/p>\n<p>&#8220;Bir\u00e7ok yerde \u0130srail&#8217;e y\u00f6nelik ele\u015ftirileri dinledim. Ama bunlardan hi\u00e7biri, Almat\u0131&#8217;da yap\u0131lan Avrasya Medya Forumu&#8217;ndaki kadar sert de\u011fildi.<\/p>\n<p>\u00dcstelik \u0130srail&#8217;i kum torbas\u0131na \u00e7eviren ele\u015ftiriler, Filistinliler veya Araplardan gelmiyordu. Ruslar, \u00c7inliler, Avrupal\u0131lar ve bizzat \u0130srailliler ate\u015f p\u00fcsk\u00fcr\u00fcyordu. Demek, siyasi hesaplarla Gazze&#8217;de yap\u0131lan katliam, Do\u011fu&#8217;da ve Bat\u0131&#8217;da ayn\u0131 etkiyi yapm\u0131\u015ft\u0131. \u0130nsan haklar\u0131 alan\u0131nda hedef olan \u00c7in bile \u0130srail&#8217;i ele\u015ftiriyorsa, gerisini siz d\u00fc\u015f\u00fcn\u00fcn. \u00c7inli bir yetkili: &#8220;Uzun s\u00fcre devam eden zul\u00fcm, sonunda o zulm\u00fc icra edenleri peri\u015fan eder&#8221; diyordu.<\/p>\n<p>\u0130\u015fin tuhaf\u0131, Gazze dram\u0131n\u0131n siyasi sorumlusu olarak foruma konu\u015fan Olmert bu hakl\u0131 ele\u015ftirilerden ya habersiz ya da b\u00fcsb\u00fct\u00fcn umursamaz g\u00f6r\u00fcn\u00fcyordu. Zira telekonferansla yapt\u0131\u011f\u0131 konu\u015fmada zoraki de olsa hep g\u00fcl\u00fcms\u00fcyordu. \u00d6ld\u00fcr\u00fclen \u00e7ocuk say\u0131s\u0131, \u0130srail&#8217;in medyaya getirdi\u011fi s\u0131n\u0131rlama, Gazze&#8217;ye d\u00fc\u015fen bombalar\u0131n e\u011flence gibi izlenmesi tart\u0131\u015f\u0131l\u0131yordu. Ama o, sanki bu i\u015flerle ilgisi olmayan bir yetkili havas\u0131nda s\u0131r\u0131t\u0131yordu. En zor sorular\u0131n\u0131 bile esprilerle savu\u015fturmaya \u00e7al\u0131\u015f\u0131yordu.<\/p>\n<p>Belli ki s\u00f6yleneceklerden habersizdi. Konu\u015fmas\u0131n\u0131, Bat\u0131&#8217;y\u0131 yanlar\u0131nda tutmaya y\u00f6nelik s\u0131k\u00e7a tekrarlanan \u015fu teze oturtuyordu: &#8220;B\u00f6lgede tek demokrasiyiz. Bunu hedef alan ter\u00f6ristlerle sava\u015f\u0131yoruz.&#8221; Bu arg\u00fcmana cevap, Rus gazeteci Maxim Shevchenko&#8217;dan geldi: &#8220;11 bin Filistinlinin siyasi mahk\u00fbm olarak hapishanelerinde tutuldu\u011fu \u00fclke nas\u0131l demokrasi olur? Gazze, d\u00fcnyan\u0131n en b\u00fcy\u00fck esir kamp\u0131, insanlar\u0131 \u00f6ld\u00fcrmek isteyen herkes gibi medyay\u0131 uzak tutmaya \u00e7al\u0131\u015f\u0131yorsunuz&#8221; yan\u0131t\u0131 Olmert&#8217;i \u015fa\u015fk\u0131nl\u0131\u011fa u\u011frat\u0131yordu. Sonra s\u00f6z\u00fc \u0130srail gazetesi Haaretz&#8217;den Gideon Levy al\u0131p, \u00f6nce \u0130srail&#8217;in demokrasi, medyas\u0131n\u0131n da \u00f6zg\u00fcr oldu\u011funu s\u00f6yledikten sonra zehir zemberek ele\u015ftirilerini s\u0131ral\u0131yordu: &#8220;Medya \u00f6zg\u00fcr, ama i\u015fgal s\u00f6z konusu olunca \u0130srail y\u00f6netimiyle i\u015fbirlik\u00e7i kesiliyor. Bir\u00e7ok meslekta\u015f\u0131m, bu hizmet olmadan i\u015fgalin s\u00fcremeyece\u011fini d\u00fc\u015f\u00fcn\u00fcyor. Hi\u00e7bir ahlaki kayg\u0131lar\u0131 yok. Ger\u00e7ekte ya\u015fananlara kimse bakm\u0131yor. Halbuki sadece Filistinlilerin de kendileri gibi insan oldu\u011funu kabul etselerdi, i\u015fgal biterdi. Sava\u015ftan aylar \u00f6nce bu medya, b\u00fcy\u00fck operasyon diye yeri g\u00f6\u011f\u00fc inletiyordu. Bu, \u0130srail&#8217;i korumak ve sald\u0131r\u0131lar\u0131n\u0131 hakl\u0131 \u00e7\u0131karmak i\u00e7in yap\u0131l\u0131yordu. Hep Hamas t\u00fcnelleri ve f\u00fczeler d\u00fcnya kamuoyuna g\u00f6steriliyordu. Sanki d\u00fcnya sava\u015f\u0131yla kar\u015f\u0131 kar\u015f\u0131yayd\u0131k. Hi\u00e7bir \u00e7at\u0131\u015fma olmadan, \u0130srail askerleri vah\u015fi ve iyi silahlarla donanm\u0131\u015f d\u00fc\u015fmanla sava\u015fan kahramanlar gibi lanse ediliyordu. \u0130srail ordusu d\u00fcnyan\u0131n en ahlakl\u0131 ordusuydu. 40 y\u0131ll\u0131k i\u015fgal vard\u0131, ama bunun me\u015fruiyetinden \u015f\u00fcphe duyan tek \u0130srailli yoktu. Bat\u0131&#8217;dan gelen herkes, iki yere g\u00f6t\u00fcr\u00fcl\u00fcyordu: Hamas f\u00fczelerinin d\u00fc\u015ft\u00fc\u011f\u00fc Sderot ve Holokost m\u00fczesine&#8230; Sanki \u0130srailli mazlumdu, Filistinli ise \u00f6ld\u00fcrmek i\u00e7in do\u011fmu\u015ftu. Tabii kimseye, bu f\u00fczelerden 7 y\u0131lda sadece 11 ki\u015finin \u00f6ld\u00fc\u011f\u00fc ve Sderot&#8217;un, yok edilen Filistin k\u00f6yleri \u00fczerine kuruldu\u011fu s\u00f6ylenmiyordu.&#8221;<\/p>\n<p>Evet, bu \u0130srailli gazetecinin hakl\u0131 ikaz ve itirazlar\u0131n\u0131n T\u00fcrkiye&#8217;deki masonik medyadan ve \u0130slamc\u0131 AKP yanda\u015flar\u0131ndan gelmemesi insan\u0131 d\u00fc\u015f\u00fcnd\u00fcr\u00fcyordu.<\/p>\n<p>Rus gazeteci ise, Avrupa&#8217;da Sderot&#8217;un Filistin topra\u011f\u0131 \u00fczerine in\u015fa edildi\u011fini s\u00f6yleyenlerin bile hapsi boylayabilece\u011fini hat\u0131rlat\u0131nca, &#8220;Ben \u0130srailliyim ve vatanseverim. Ele\u015ftirmek, objektif olmak, \u0130srail kar\u015f\u0131t\u0131 olmak de\u011fildir. Yanl\u0131\u015flar\u0131 s\u00f6ylemek, ger\u00e7ek vatanseverliktir.&#8221; diyen Levy, d\u00fcnyada ilk kez ambargo uygulayana de\u011fil, abluka alt\u0131ndaki Filistinlilere ambargo uyguland\u0131\u011f\u0131n\u0131 ekledi ve b\u00f6yle bir ortamda Avrupal\u0131 liderlerin Kud\u00fcs&#8217;te Olmert&#8217;le kadeh toku\u015fturmas\u0131n\u0131 k\u0131nad\u0131. Ona g\u00f6re i\u015fgalle y\u00fczle\u015fmeden \u00e7\u00f6z\u00fcm imk\u00e2ns\u0131zd\u0131. Sonra s\u00f6z\u00fc \u0130ngiliz vekil Galloway ald\u0131. &#8220;Olmert&#8217;in demokrasi tezine sadece g\u00fcl\u00fcn\u00fcr.&#8221; dedi ve s\u0131ralad\u0131: &#8220;Hangi demokraside 1,5 milyon vatanda\u015fa ayr\u0131mc\u0131l\u0131k yap\u0131l\u0131r? Hangi demokraside sadece Yahudilere \u00f6zel yollar, t\u00fcneller vard\u0131r? Hangi demokraside 50 milletvekili hapistedir?&#8221;<\/p>\n<p>Bu esnada, Rusya&#8217;dan g\u00f6\u00e7 etmi\u015f \u0130srailli bir gazeteci ve bir kat\u0131l\u0131mc\u0131 klasik arg\u00fcmanlarla yap\u0131lanlar\u0131 savunmaya \u00e7al\u0131\u015f\u0131yor, ama g\u00fcl\u00fcn\u00e7 duruma d\u00fc\u015f\u00fcyordu. Herhalde hi\u00e7 kimse orada \u0130srail ile ili\u015fkilendirilmek istemiyordu.<\/p>\n<p><strong>Bu ger\u00e7eklerden sonra konuyu birdenbire sapt\u0131ran ve kas\u0131tl\u0131 olarak \u00e7arp\u0131tan Zaman yazar\u0131 Abd\u00fclhamit Bilici: &#8220;Bir an, T\u00fcrkiye&#8217;nin b\u00fct\u00fcn kom\u015fular\u0131yla problemli oldu\u011fu ve yumu\u015fak g\u00fcc\u00fcnden \u00e7ok sert g\u00fcc\u00fcyle g\u00fcndemde oldu\u011fu eski g\u00fcnler akl\u0131ma geldi. O zaman T\u00fcrkiye, Do\u011fu&#8217;nun da Bat\u0131&#8217;n\u0131n da \u00e7e\u015fitli k\u00f6kenlerden kendi vatanda\u015flar\u0131n\u0131n da kum torbas\u0131yd\u0131. \u015e\u00fck\u00fcrler olsun, son d\u00f6nemde izlenen politikalar sayesinde \u00fclkemiz yava\u015f yava\u015f bar\u0131\u015f \u00fclkesi olarak an\u0131l\u0131yor. H\u00e2l\u00e2 ciddi sorunlar\u0131m\u0131z olsa da d\u00fcnya \u00e7\u00f6z\u00fcm arzumuzu g\u00f6r\u00fcyor. Ancak her yerden f\u0131\u015fk\u0131ran korkun\u00e7 silahlar, eski zihniyetinin \u00f6lmedi\u011finin habercisi. <\/strong><\/p>\n<p><strong>Umar\u0131m, T\u00fcrkiye i\u00e7eride karde\u015fi karde\u015fe, d\u0131\u015far\u0131da ise b\u00fct\u00fcn kom\u015fulara d\u00fc\u015fman eden bu zihniyetten kurtulur. Bana \u00f6yle geliyor ki, Ergenekoncular\u0131n i\u00e7eride ve d\u0131\u015far\u0131da hayalleri ger\u00e7ekle\u015fse, T\u00fcrkiye b\u00fcy\u00fck bir \u0130srail olurdu. Allah milletimizi korusun. \u00dcmit edelim \u0130srail de yanl\u0131\u015flar\u0131n\u0131 g\u00f6rs\u00fcn&#8221; diyerek, \u0130srailli Siyonistlerden \u00e7ok daha a\u015fa\u011f\u0131 ve baya\u011f\u0131 bir konuma d\u00fc\u015f\u00fcyordu. T\u00fcrkiye&#8217;deki masonik h\u00fck\u00fcmetlerin ve \u00f6zellikle AKP&#8217;nin, g\u00f6r\u00fcn\u00fc\u015fte Filistinlilerin, ama ger\u00e7ekte \u0130srail&#8217;in \u00e7\u0131karlar\u0131na ta\u015feronluk yapt\u0131klar\u0131n\u0131 sanki bilmiyordu.<\/strong><\/p>\n<p><strong>O bahsetti\u011fi Ergenekomik senaryolar da yine CIA ve MOSSAD&#8217;\u0131n eliyle \u00fcretiliyor, \u0130srail&#8217;in ve ABD&#8217;deki Yahudi Lobilerinin deste\u011fi ile y\u00fcr\u00fct\u00fcl\u00fcyordu.<\/strong><\/p>\n<p><strong>Gazze katliam\u0131n\u0131n foto\u011fraflar\u0131 Moskova&#8217;da sergiliyordu<\/strong><\/p>\n<p>\u0130nsanl\u0131\u011f\u0131n d\u00fc\u015fman\u0131 \u0130srail&#8217;in Gazze&#8217;ye vah\u015fi sald\u0131r\u0131s\u0131 sonucunda b\u00f6lgede ya\u015fanan insanl\u0131k dram\u0131, Moskova&#8217;da d\u00fczenlenen sergide foto\u011fraflarla izlenime sunulmu\u015ftu. Kud\u00fcs K\u00fclt\u00fcr Merkezi&#8217;nin te\u015febb\u00fcs\u00fcyle Moskova&#8217;daki Rusya Gazeteciler \u0130ttifak\u0131 Evi&#8217;nde d\u00fczenlenen &#8220;D\u00f6kme kur\u015fun nereye d\u00fc\u015ft\u00fc?&#8221; adl\u0131 sergide Filistin Enformasyon Merkezi&#8217;nde g\u00f6revli Abu Al Abbas, Abu Al Amal ve Abu Al Baraa isimli foto\u011fraf\u00e7\u0131lar\u0131n Gazze vah\u015fetinde ya\u015fanan olaylar s\u0131ras\u0131nda \u00e7ekti\u011fi foto\u011fraflar sergiye konulmu\u015ftu.<\/p>\n<p>Filistin, \u0130ran, Yemen, Arap Birli\u011fi&#8217;nin Moskova B\u00fcy\u00fckel\u00e7ileri ve \u00e7ok say\u0131da Rus siyaset, k\u00fclt\u00fcr ve bilim adam\u0131ndan olu\u015fan davetlilerin kat\u0131l\u0131m\u0131yla d\u00fczenlenen serginin a\u00e7\u0131l\u0131\u015f t\u00f6reninde s\u00f6z alan konu\u015fmac\u0131lar, \u0130srail&#8217;in Gazze&#8217;deki operasyonunun insanl\u0131k su\u00e7u oldu\u011funu vurgularken, ba\u015fta T\u00fcrkiye ve birka\u00e7 \u00fclke d\u0131\u015f\u0131nda di\u011ferlerinin bu vah\u015fet kar\u015f\u0131s\u0131nda susmas\u0131n\u0131n ise insanl\u0131k a\u00e7\u0131s\u0131ndan bir ay\u0131p oldu\u011funu duyurmu\u015ftu.<\/p>\n<p>\u015eimdi Zaman Gazetesine ve kiral\u0131k kahraman yazar\u0131 Abd\u00fclhamit Bilici&#8217;ye soruyoruz: Rusya Gazeteciler ittifak\u0131n\u0131n ev sahipli\u011fi ve deste\u011fi ile ger\u00e7ekle\u015fen, \u0130srail&#8217;in Gazze cinayetlerini belgeleyen foto\u011fraflar\u0131n Zaman Gazetesi \u00f6nc\u00fcl\u00fc\u011f\u00fcnde, Gazeteciler ve Yazarlar Vakf\u0131 deste\u011fi ile T\u00fcrkiye&#8217;de sergilenmesine y\u00fcre\u011finiz yetiyor mu? Yoksa \u0130srail yetkililerinin ve Yahudi Lobilerinin himmet ve himayesini kaybetme korkusuyla kalbiniz k\u00fct k\u00fct at\u0131yor mu? Haydi, bizi yalanc\u0131 \u00e7\u0131kar\u0131n ve mahcup b\u0131rak\u0131n, bekliyoruz&#8230;<\/p>\n<hr \/>\n<p><a name=\"_ftn1\" href=\"#_ftnref1\" title=\"_ftn1\">[1]<\/a> Mustafa \u00d6zcan \/ Milli Gazete<\/p>\n","protected":false},"excerpt":{"rendered":"<p>Afganistan ve Pakistan \u00dczerinden \u0130ran Ku\u015fat\u0131l\u0131yor! Bahane: \u0130K\u0130 AY \u0130\u00c7\u0130NDE \u0130RAN ATOM BOMBASINA KAVU\u015eUYOR!? <\/p>\n<p>Afganistan ve Pakistan katliamlar\u0131 Amerika\u2019n\u0131n marifetidir ve b\u00f6lgeyi i\u015fgal bahanesidir  <\/p>\n","protected":false},"author":9,"featured_media":0,"comment_status":"open","ping_status":"closed","sticky":false,"template":"","format":"standard","meta":{"footnotes":""},"categories":[96],"tags":[],"class_list":["post-1566","post","type-post","status-publish","format-standard","hentry","category-haziran-2009"],"_links":{"self":[{"href":"https:\/\/www.millicozum.com\/mc\/wp-json\/wp\/v2\/posts\/1566","targetHints":{"allow":["GET"]}}],"collection":[{"href":"https:\/\/www.millicozum.com\/mc\/wp-json\/wp\/v2\/posts"}],"about":[{"href":"https:\/\/www.millicozum.com\/mc\/wp-json\/wp\/v2\/types\/post"}],"author":[{"embeddable":true,"href":"https:\/\/www.millicozum.com\/mc\/wp-json\/wp\/v2\/users\/9"}],"replies":[{"embeddable":true,"href":"https:\/\/www.millicozum.com\/mc\/wp-json\/wp\/v2\/comments?post=1566"}],"version-history":[{"count":0,"href":"https:\/\/www.millicozum.com\/mc\/wp-json\/wp\/v2\/posts\/1566\/revisions"}],"wp:attachment":[{"href":"https:\/\/www.millicozum.com\/mc\/wp-json\/wp\/v2\/media?parent=1566"}],"wp:term":[{"taxonomy":"category","embeddable":true,"href":"https:\/\/www.millicozum.com\/mc\/wp-json\/wp\/v2\/categories?post=1566"},{"taxonomy":"post_tag","embeddable":true,"href":"https:\/\/www.millicozum.com\/mc\/wp-json\/wp\/v2\/tags?post=1566"}],"curies":[{"name":"wp","href":"https:\/\/api.w.org\/{rel}","templated":true}]}}