{"id":1568,"date":"2009-05-23T06:33:21","date_gmt":"2009-05-23T06:33:21","guid":{"rendered":"https:\/\/www.millicozum.com\/mc\/2009\/05\/23\/abdnin-krizi-akpnin-kerizi\/"},"modified":"2009-05-23T06:33:21","modified_gmt":"2009-05-23T06:33:21","slug":"abdnin-krizi-akpnin-kerizi","status":"publish","type":"post","link":"https:\/\/www.millicozum.com\/mc\/2009\/haziran-2009\/abdnin-krizi-akpnin-kerizi\/","title":{"rendered":"ABD&#8217;N\u0130N KR\u0130Z\u0130, AKP&#8217;N\u0130N KER\u0130Z\u0130!"},"content":{"rendered":"<p><strong>Recep T. Erdo\u011fan G20&#8217;de vesayet anla\u015fmas\u0131 yap\u0131yor!<\/strong><\/p>\n<p><strong>Baz\u0131 Safdiriklerin, &#8220;Davos Kahraman\u0131!&#8221;, &#8220;Son Osmanl\u0131 Padi\u015fah\u0131!&#8221;, &#8220;BOP Sultan\u0131!&#8221; diye alk\u0131\u015flad\u0131klar\u0131 Recep Beyin, asl\u0131nda Yahudi Lobilerinin atad\u0131\u011f\u0131 &#8220;T\u00fcrkiye S\u00f6m\u00fcrge Komiseri&#8221; oldu\u011fu anla\u015f\u0131ld\u0131. H\u00fck\u00fcmetin krize neden tedbir almad\u0131\u011f\u0131 da b\u00f6ylece ortaya \u00e7\u0131kt\u0131&#8230;<\/strong><\/p>\n<p> <\/p>\n<p><strong>&#8220;<\/strong><strong>G-20&#8217;de vesayet anla\u015fmas\u0131&#8221;<\/strong><\/p>\n<p><strong>\u00dclke ekonomisi d\u0131\u015far\u0131n\u0131n da etkisiyle b\u00fcy\u00fck bir krize do\u011fru s\u00fcr\u00fcklenirken, h\u00fck\u00fcmetin eli kolu ba\u011fl\u0131 bir \u015fekilde olanlar\u0131 sadece seyretmekle ve &#8220;tela\u015fa gerek yok, te\u011fet ge\u00e7ecek&#8221; edebiyat\u0131yla yetinmesinin nedeni anla\u015f\u0131ld\u0131. Ba\u015fbakan Erdo\u011fan&#8217;\u0131n ABD&#8217;de yap\u0131lan son G-20 toplant\u0131s\u0131nda \u00fclkenin ekonomik ba\u011f\u0131ms\u0131zl\u0131\u011f\u0131n\u0131 tamamen ortadan kald\u0131racak tehlikeli bir anla\u015fmaya imza att\u0131\u011f\u0131 ortaya \u00e7\u0131kt\u0131. Bu anla\u015fmayla &#8220;kriz durumlar\u0131nda bile, T\u00fcrkiye&#8217;nin bunu \u00f6nlemeye y\u00f6nelik radikal bir karar almas\u0131n\u0131n \u00f6n\u00fc kesilmi\u015f&#8221; olmaktayd\u0131.<\/strong><\/p>\n<p><strong>Alt\u0131na imza at\u0131lan bu anla\u015fmadan dolay\u0131 da krizin daha fazla derinle\u015fmemesi i\u00e7in uzmanlar\u0131n g\u00fcndeme getirdi\u011fi tedbir paketleri de havada kalacakt\u0131.<\/strong><\/p>\n<p><strong>G\u00f6stergeler alarm veriyor!<\/strong><\/p>\n<p><strong>T\u00fcrkiye&#8217;de ekonomik kriz kendisini iyiden iyiye hissettirirken Ba\u015fbakan Erdo\u011fan, hala &#8216;kriz yok&#8217; t\u00fcrk\u00fcs\u00fc \u00e7a\u011f\u0131rmaktayd\u0131. Ekonomideki g\u00f6stergeler 2001 y\u0131l\u0131ndan daha a\u011f\u0131r bir krizin ya\u015fand\u0131\u011f\u0131n\u0131 g\u00f6sterirken Ba\u015fbakan Erdo\u011fan&#8217;\u0131n tedbir almak yerine bu g\u00f6stergeleri g\u00f6rmezlikten gelmeye devam etmesi manidard\u0131. Asl\u0131nda sadece sanayi \u00fcretimindeki daralma bile her \u015feyi anlat\u0131yordu. Sanayi \u00fcretimi, Ocak ay\u0131nda bir \u00f6nceki y\u0131l\u0131n ayn\u0131 ay\u0131na g\u00f6re y\u00fczde 21,3 daralm\u0131\u015ft\u0131. Bu oran 2001 krizinde bile y\u00fczde 14 seviyelerinde kalm\u0131\u015ft\u0131.<\/strong><\/p>\n<p><strong>Felaket bir d\u00f6nem geliyor<\/strong><\/p>\n<p>&#8220;Felaket bir d\u00f6nem geliyor ama bundan h\u00fck\u00fcmetin haberi yok&#8221; tepkisinde bulunan Ekonomist Ya\u015far Erdin\u00e7, \u015f\u00f6yle konu\u015fmu\u015ftu: &#8220;Sanayi \u00fcretimi 2001 y\u0131l\u0131nda maksimum y\u00fczde 14 d\u00fc\u015fm\u00fc\u015f, kriz yok dedi\u011fimiz bu g\u00fcn ise y\u00fczde 21.3 d\u00fc\u015fm\u00fc\u015f. Yani sanayi \u00fcretimindeki bu kadar daralmay\u0131 g\u00f6rm\u00fcyor mu Ba\u015fbakan? Bu b\u00fct\u00fcn firmalar\u0131 halla\u00e7 pamu\u011fu gibi atacak. Yar\u0131n bu firmalar\u0131n d\u0131\u015f bor\u00e7lar\u0131 h\u00fck\u00fcmetin borcu haline gelecek. B\u00f6yle bir durumda hala kriz yok deniliyor. Olacak \u015fey mi?&#8221;<\/p>\n<p>\u00d6te yandan krize kar\u015f\u0131 acilen al\u0131nmas\u0131 gereken tedbirler konusunda da de\u011ferlendirmelerde bulunan Erdin\u00e7, \u00f6ncelikle dalgal\u0131 kur politikas\u0131n\u0131n belli bir s\u00fcre ask\u0131ya al\u0131nmas\u0131 gerekti\u011finin \u00f6nemine dikkat \u00e7ekti. Dolar kurunun 2 TL&#8217;ye sabitlenerek kurlar\u0131n bir y\u0131l sabit tutulmas\u0131 gerekti\u011fini anlatan Erdin\u00e7, bunun \u015fok bir tedbir oldu\u011funu kaydetti. Bu \u00f6nerisini elektrik \u015fokuna benzeten Erdin\u00e7, &#8220;Sa\u011fl\u0131kl\u0131 insana elektrik \u015fokunu verirseniz \u00f6ld\u00fcr\u00fcrs\u00fcn\u00fcz ama krizdeki adama elektrik \u015foku verilir, krizi atlatmas\u0131 i\u00e7in&#8221; Erdin\u00e7, bu \u015fok karar\u0131n gereklili\u011fini de \u015fu \u015fekilde anlatt\u0131: &#8220;bir kere millet dolar ne olacak diye meraklanmaz. Kur garantisi verildi\u011fi i\u00e7in de mevduatta kullan\u0131lmayan 30-40 milyar dolar bozdurulacak. Bu hem Merkez Bankas\u0131&#8217;n\u0131n rezervini g\u00fc\u00e7lendirecek hem de d\u00f6vize olan ihtiyac\u0131 azaltacak&#8221;<\/p>\n<p>H\u00fck\u00fcmet nezdinde de makul kar\u015f\u0131lanan bu \u00f6neri bir ger\u00e7e\u011fi de ortaya \u00e7\u0131kard\u0131. Kas\u0131m ay\u0131nda yap\u0131lan G-20 toplant\u0131s\u0131nda Erdo\u011fan&#8217;\u0131n alt\u0131na imza att\u0131\u011f\u0131 anla\u015fma gere\u011fince T\u00fcrkiye&#8217;nin kriz durumlar\u0131nda bile bu y\u00f6nde radikal kararlar\u0131 alamayaca\u011f\u0131 anla\u015f\u0131ld\u0131. Erdin\u00e7, bu \u00f6nerisine ekonomi y\u00f6netiminin s\u0131cak bakmas\u0131na ra\u011fmen AKP&#8217;nin en \u00fcst y\u00f6neticinin kendisine &#8220;bunu uygulayamay\u0131z. G-20&#8217;de alt\u0131na imza att\u0131\u011f\u0131m\u0131z anla\u015fma buna izin vermiyor&#8221; dedi\u011fini hat\u0131rlatarak, o zaman: &#8220;Her \u015fey bitmi\u015f demektir. Bu durum, ekonomik ba\u011f\u0131ms\u0131zl\u0131\u011f\u0131m\u0131z\u0131n yok edilmesi anlam\u0131na gelir.&#8221;<\/p>\n<p><strong>T\u00fcrkiye&#8217;nin zenginlerinden ABD&#8217;ye 32 milyar dolar borcu kimler aktar\u0131yor?<\/strong><\/p>\n<p>T\u00fcrkiye&#8217;nin ABD Hazine k\u00e2\u011f\u0131tlar\u0131na yat\u0131r\u0131m\u0131, &#8220;cari a\u00e7\u0131k&#8221; korkular\u0131n\u0131n zirvede oldu\u011fu d\u00f6nemde, 34,3 milyar dolarla A\u011fustos 2008&#8217;de en y\u00fcksek seviyeye \u00e7\u0131km\u0131\u015ft\u0131. Fakat ABD&#8217;deki kriz sebebiyle iki ayda 27,9 milyar dolara inmi\u015f, sonras\u0131nda tekrar y\u00fckseli\u015fe ge\u00e7erek \u015eubatta 32,4 milyar dolara ula\u015fm\u0131\u015ft\u0131. Burada dikkati \u00e7eken nokta, krizin T\u00fcrkiye&#8217;de hissedilmeye ba\u015flamas\u0131yla birlikte, krizin esas kayna\u011f\u0131 olan ABD&#8217;ye yeniden y\u00f6neli\u015f ya\u015fanmas\u0131yd\u0131. Ekim 2008 ile \u015eubat 2009 aras\u0131nda 4,5 milyar dolarl\u0131k al\u0131m yap\u0131lm\u0131\u015ft\u0131.<\/p>\n<p>ABD&#8217;nin T\u00fcrkiye&#8217;ye ili\u015fkin verileri 2002 Ocak ay\u0131nda 8,2 milyar dolard\u0131. Ayn\u0131 y\u0131l\u0131n sonundaki rakam ise 13,5 milyard\u0131. Zaman i\u00e7indeki ini\u015f \u00e7\u0131k\u0131\u015flar\u0131n ard\u0131ndan nihai rakam 32 milyar dolar\u0131 a\u015fm\u0131\u015ft\u0131. T\u00fcrkiye, bu rakamla ABD Hazinesi&#8217;ni finanse eden \u00f6nemli \u00fclkeler aras\u0131nda yer almaktayd\u0131. Tablodan da g\u00f6r\u00fclece\u011fi gibi, ABD Hazine k\u00e2\u011f\u0131d\u0131 alan \u00fclkeler, genelde cari a\u00e7\u0131k problemi olmayan, d\u00f6viz geliri y\u00fcksek \u00fclkeler olmaktayd\u0131. Bu y\u00f6n\u00fcyle T\u00fcrk yat\u0131r\u0131mc\u0131lar ilgin\u00e7 bir durum sergiliyordu.<\/p>\n<p>ABD Hazinesi, kurtarma paketlerinin maliyetiyle b\u00fct\u00e7edeki a\u00e7\u0131k b\u00fcy\u00fcd\u00fck\u00e7e daha fazla tahvil ihra\u00e7 ediyordu. Ettik\u00e7e de kar\u015f\u0131l\u0131\u011f\u0131n\u0131 g\u00f6r\u00fcyordu. D\u00fcnya \u00e7\u0131kard\u0131\u011f\u0131 tahvillere ilgi g\u00f6stererek ABD&#8217;yi finanse etmeye devam ediyordu. En ba\u015fta \u00c7in vard\u0131. Eyl\u00fcl 2008&#8217;e kadar lider Japonya idi. \u00c7in&#8217;in al\u0131mlar\u0131ndaki h\u0131zl\u0131 art\u0131\u015f sebebiyle Japonya ikinci s\u0131raya gerilemi\u015f durumdayd\u0131. \u015eu an \u00c7in kamu ve \u00f6zel kesiminin elinde tuttu\u011fu ABD Hazine k\u00e2\u011f\u0131tlar\u0131n\u0131n tutar\u0131 744,2 milyar dolar\u0131 bulmaktayd\u0131.<\/p>\n<p>\u00c7in h\u00fck\u00fcmeti, rekabet g\u00fcc\u00fcn\u00fc art\u0131rmak, ihracat\u0131 te\u015fvik i\u00e7in kendi i\u00e7 piyasas\u0131ndan dolar topluyor, para biriminin de\u011ferini d\u00fc\u015f\u00fck tutuyor, ald\u0131\u011f\u0131 dolarlar\u0131 da ABD Hazine tahviline yat\u0131r\u0131yordu.<\/p>\n<p>Son y\u0131llarda \u00c7in ve Do\u011fu Asya \u00fclkelerinde olu\u015fan tasarruf fazlas\u0131, ABD&#8217;ye y\u00f6nelmi\u015f, bunun sonucunda ise ABD k\u00e2\u011f\u0131tlar\u0131na olan talep artm\u0131\u015ft\u0131. Ve krize ra\u011fmen bu y\u00f6neli\u015f devam ediyordu. \u00d6yle ki, krizin patlak verdi\u011fi Ekim 2008&#8217;de yabanc\u0131lar\u0131n elinde 2 trilyon 980 milyar dolarl\u0131k hazine tahvili bulunurken bu rakam 2009 \u015eubat ay\u0131nda 3 trilyon 162 milyar dolara \u00e7\u0131km\u0131\u015ft\u0131. Yani bir yandan ABD&#8217;nin bor\u00e7lanma ihtiyac\u0131 artarken di\u011fer yandan bu ihtiyac\u0131 kar\u015f\u0131layan yabanc\u0131lar\u0131n ABD Hazinesi&#8217;ne olan g\u00fcveni art\u0131rmaktayd\u0131.<\/p>\n<p>Tekrar T\u00fcrkiye&#8217;ye d\u00f6necek olursak, bir yandan IMF&#8217;den en a\u011f\u0131r \u015fartlarla bor\u00e7 para beklerken bir yandan da yurtd\u0131\u015f\u0131ndaki 10 milyarlarca dolar\u0131 \u00fclkeye \u00e7ekememenin s\u0131k\u0131nt\u0131s\u0131yla kar\u015f\u0131 kar\u015f\u0131ya olmam\u0131z manidard\u0131. IMF&#8217;den bekledi\u011fimiz paradan daha fazla bir tutar, ABD Hazine k\u00e2\u011f\u0131tlar\u0131na yat\u0131r\u0131lm\u0131\u015ft\u0131 ve bu paray\u0131 ABD kullanmaktayd\u0131. Bankalardaki paralar ve di\u011fer yat\u0131r\u0131m ara\u00e7lar\u0131 ise bunlar\u0131n d\u0131\u015f\u0131ndayd\u0131. Anla\u015f\u0131lan o ki, yurtd\u0131\u015f\u0131nda T\u00fcrkiye&#8217;nin 100 milyar dolar\u0131n \u00fczerinde paras\u0131 oldu\u011fu tahminleri ger\u00e7eklik kazanmaktayd\u0131.<\/p>\n<p><strong>Neden ABD tahvili? <\/strong><\/p>\n<p>T\u00fcrkiye&#8217;den, 32,4 milyar dolarl\u0131k ABD Hazine tahvili alanlar\u0131n kimler oldu\u011fu ni\u00e7in saklanmaktayd\u0131? Bunun i\u00e7inde kamuya ait olan k\u0131s\u0131m da var m\u0131yd\u0131?<\/p>\n<p>Hazine&#8217;nin ge\u00e7en ay ger\u00e7ekle\u015ftirdi\u011fi, 10 y\u0131l vadeli global dolar tahvili ihalesinde 1,5 milyar dolarl\u0131k sat\u0131\u015f yapm\u0131\u015ft\u0131. Tahvilin &#8220;getirisi&#8221; y\u00fczde 7,6 kadard\u0131. Benzer vadedeki ABD Hazine tahvillerine k\u0131yasla 447,9 baz puanl\u0131k &#8220;getiri&#8221; fark\u0131 vard\u0131. Bu d\u00fcnyada e\u015fi \u00e7ok az olan bir orand\u0131. Bu sebeptendir ki, tahvilin y\u00fczde 37&#8217;si T\u00fcrkiye&#8217;deki al\u0131c\u0131lara sat\u0131l\u0131rken, y\u00fczde 43&#8217;\u00fc ABD, y\u00fczde 20&#8217;si de Avrupal\u0131 yat\u0131r\u0131mc\u0131lara kapt\u0131rm\u0131\u015ft\u0131.<\/p>\n<p>Bu kadar y\u00fcksek getiriye ve istikrara ra\u011fmen T\u00fcrkiye&#8217;de yerle\u015fik yat\u0131r\u0131mc\u0131lar\u0131n, para sahiplerinin ABD Hazine tahvillerine yo\u011fun ilgi duymas\u0131 olduk\u00e7a ilgin\u00e7 ve anlaml\u0131yd\u0131. Evet, ABD k\u00e2\u011f\u0131tlar\u0131 geli\u015fmekte olan \u00fclkeler i\u00e7in her \u015feye ra\u011fmen g\u00fcvenli bir liman durumundayd\u0131. Bu tahviller d\u00fcnyan\u0131n en likit, istenildi\u011finde kolayca nakite \u00e7evrilebilen yat\u0131r\u0131m arac\u0131yd\u0131. Ayr\u0131ca bu k\u00e2\u011f\u0131tlar d\u00fcnyan\u0131n her yerinde teminat olarak kabul ediliyordu. ABD k\u00e2\u011f\u0131tlar\u0131n\u0131n kredi ve ihalelerde teminat olarak kabul edilmesi, yurtd\u0131\u015f\u0131nda i\u015f yapan T\u00fcrk \u015firketleri i\u00e7in tercih sebebi olabilirdi, ama bu kadar b\u00fcy\u00fck bir tutar\u0131n, yine de izaha ihtiyac\u0131 vard\u0131.<\/p>\n<p>Bunun d\u0131\u015f\u0131nda mutlaka ba\u015fka sebepler de aranmal\u0131yd\u0131. Bunu \u00f6\u011frenebilmek i\u00e7in \u00f6nce kimlerin bu k\u00e2\u011f\u0131tlara yat\u0131r\u0131m yapt\u0131\u011f\u0131 ortaya \u00e7\u0131kar\u0131lmal\u0131yd\u0131. Bu konuda kamuoyunu ayd\u0131nlatmak da, ilgili mercilere kalm\u0131\u015ft\u0131. T\u00fcrkiye, bu kriz ortam\u0131nda IMF&#8217;den kredi almak i\u00e7in u\u011fra\u015f\u0131rken kimlerin, neden ABD k\u00e2\u011f\u0131tlar\u0131n\u0131 tercih etti\u011fini bilmek herkesin hakk\u0131yd\u0131. Yoksa.. Evet, yoksa \u00fclkemizin ve Milletimizin s\u0131rt\u0131ndan trilyonlar\u0131 vuran &#8220;Beyaz T\u00fcrkler-sabataist hainler&#8221; T\u00fcrkiye&#8217;nin y\u0131k\u0131lmas\u0131 pahas\u0131na ABD&#8217;nin ayakta kalmas\u0131na m\u0131 \u00e7al\u0131\u015fmaktayd\u0131?!.<\/p>\n<p><strong>Erdemir&#8217;in \u00fcretimi durdurma noktas\u0131na ta\u015f\u0131nmas\u0131 ne anlama geliyor?<\/strong><\/p>\n<p>Zonguldak&#8217;\u0131n Ere\u011fli il\u00e7esinde kurulu ERDEM\u0130R TA\u015e Genel M\u00fcd\u00fcr\u00fc ve Y\u00f6netim Kurulu \u00dcyesi O\u011fuz \u00d6zgen, &#8221;K\u00fcresel kredi krizi demir-\u00e7elikteki yumu\u015famayla birle\u015fince b\u00fct\u00fcn d\u00fcnya \u00fclkelerini ve T\u00fcrkiye&#8217;yi allak bullak eden durumla kar\u015f\u0131 kar\u015f\u0131ya kald\u0131k&#8221; demi\u015fti.<\/p>\n<p>\u00d6zgen, ERDEM\u0130R Ba\u011fl\u0131k Kantini&#8217;nde &#8221;Piyasa Analizi Ba\u015fl\u0131kl\u0131&#8221; \u015firketlerinin performans\u0131yla ilgili sunum e\u015fli\u011finde d\u00fczenledi\u011fi toplant\u0131da yapt\u0131\u011f\u0131 konu\u015fmada, 2008 A\u011fustos ay\u0131ndan itibaren piyasa ko\u015fullar\u0131nda \u00e7ok b\u00fcy\u00fck de\u011fi\u015fiklikler ya\u015fand\u0131\u011f\u0131n\u0131, bunun ERDEM\u0130R&#8217;in yan\u0131 s\u0131ra T\u00fcrkiye ve d\u00fcnya i\u00e7in de ge\u00e7erli oldu\u011funu s\u00f6ylemi\u015fti.<\/p>\n<p>Ge\u00e7en y\u0131l\u0131n a\u011f\u0131r ve zor ge\u00e7ece\u011fini bildiklerini, a\u011fustos aylar\u0131n\u0131n demir-\u00e7elik piyasalar\u0131nda genellikle durgun ge\u00e7ti\u011fine i\u015faret eden \u00d6zgen, \u015funlar\u0131 kaydetmi\u015fti:<\/p>\n<p>&#8221;Bir\u00e7ok insan\u0131n hissetmekle birlikte bu kadar keskin olaca\u011f\u0131n\u0131 g\u00f6remedi\u011fi k\u00fcresel kredi krizi patlak verdi. Bu a\u011fustos ay\u0131n\u0131n sonlar\u0131na do\u011fru ger\u00e7ekle\u015fti. K\u00fcresel kredi krizi demir-\u00e7elikteki yumu\u015famayla birle\u015fince b\u00fct\u00fcn d\u00fcnya \u00fclkelerini ve T\u00fcrkiye&#8217;yi allak bullak eden durumla kar\u015f\u0131 kar\u015f\u0131ya kald\u0131k. Ekonomik yap\u0131 birden bire sanayi ve reel sekt\u00f6r\u00fc etkiledi. Asl\u0131nda biz kriz tedbirlerini ERDEM\u0130R&#8217;de a\u011fustos ay\u0131ndan itibaren son derece s\u0131k\u0131 \u015fekilde uyguluyoruz. \u00c7ok \u00f6nceden g\u00f6rd\u00fc\u011f\u00fcm\u00fcz ve hissetti\u011fimiz yap\u0131n\u0131n i\u00e7erisinde b\u00fct\u00fcn bu ko\u015fullar\u0131 g\u00f6\u011f\u00fcslemeye ve kar\u015f\u0131 koymaya gayret ediyoruz.&#8221;<\/p>\n<p>Ya\u015fanan vahim tablonun sadece demir-\u00e7elik krizi olarak g\u00f6r\u00fclmemesi gerekti\u011fini ifade eden \u00d6zgen, &#8221;U\u00e7aklar\u0131n serbest d\u00fc\u015f\u00fc\u015f yapmas\u0131 gibi (s\u0131cak rulolar) 1100 dolardan 475 dolarlara gev\u015femi\u015f. Bu y\u00fczde 75&#8217;lere tekab\u00fcl eder. \u015eu anda da 400 dolar band\u0131n\u0131 k\u0131rm\u0131\u015f durumda. \u00c7ok vahim. Bundan \u00f6nceki krizleri ihracatla a\u015ft\u0131k. \u00c7\u00fcnk\u00fc T\u00fcrkiye&#8217;nin i\u00e7 dinamiklerinden olu\u015fan krizlerdi. Fakat bu krizin b\u00f6yle oldu\u011funu s\u00f6ylemek imk\u00e2ns\u0131z. B\u00fct\u00fcn d\u00fcnyayla bunu ya\u015f\u0131yoruz&#8221; s\u00f6zleri dikkat \u00e7ekmi\u015fti.<\/p>\n<p><strong>Erdemir&#8217;in durmas\u0131, T\u00fcrkiye&#8217;nin iflas\u0131yd\u0131..<\/strong><\/p>\n<p>\u00d6zgen, a\u011fustos ay\u0131ndan itibaren krizin bilincinde \u00e7ok yo\u011fun tedbirler uyguland\u0131\u011f\u0131n\u0131, bunlar\u0131n maliyet d\u00fc\u015f\u00fcrme, elektrik ve k\u00e2\u011f\u0131t tasarrufuna kadar bir\u00e7ok unsuru kapsad\u0131\u011f\u0131na dikkati \u00e7ekerek:<\/p>\n<p>&#8221;Mal\u0131 satmak durumundas\u0131n\u0131z. Mal\u0131 satamazsan\u0131z gelir ve nakit elde edemezsiniz. Ya\u015fama \u015fans\u0131n\u0131z da kalmaz. ERDEM\u0130R&#8217;in bir ayl\u0131k \u00fcretimi 400 bin tondur ve 2008&#8217;i bu orandaki ton sat\u0131\u015flarla ge\u00e7tik. Temmuz ay\u0131nda bir ayda 400 bin ton sat\u0131\u015f yapt\u0131k. Ekim ay\u0131nda 177 bin ton, kas\u0131m ay\u0131nda 110 bin ton sipari\u015f gelmi\u015f. Talepte ve sipari\u015fte y\u00fczde 75 oran\u0131nda azalma var. Aral\u0131k ay\u0131nda 238 bin, ocakta da biraz canlanm\u0131\u015f. Zirve yapt\u0131\u011f\u0131 yer \u015fubatt\u0131r ve 473 bin tondur. Neredeyse \u00fcretim ve sevk\u0131yat\u0131m\u0131za e\u015fittir. Mart ay\u0131nda \u015fu anda 396 bin tondur. Yani elimizde bir ayl\u0131k sipari\u015f var. \u0130leride sipari\u015f toplayamazsak bir ay sonra fabrikada hatlar duracak demektir&#8221; s\u00f6zleriyle iflas\u0131n i\u015faretini vermi\u015fti.<\/p>\n<p><strong>The Economist: &#8220;T\u00fcrkiye&#8217;de sanayi \u00e7\u00f6k\u00fcyor&#8221;!<\/strong><\/p>\n<p>K\u00fcresel finansal krizin sanayi krizi yaratt\u0131\u011f\u0131 belirtilirken T\u00fcrkiye&#8217;yi \u00f6rnek olarak g\u00f6stermi\u015fti. The Economist dergisi, imalat krizinin b\u00fcy\u00fckl\u00fc\u011f\u00fcn\u00fcn hala tam anla\u015f\u0131lmad\u0131\u011f\u0131n\u0131 vurgularken &#8220;Sanayi, Brezilya, Malezya ve T\u00fcrkiye&#8217;de gibi Do\u011fu Avrupa&#8217;da da \u00e7\u00f6k\u00fcyor. \u00c7in&#8217;deki binlerce fabrika terk edilmi\u015f durumda&#8221; demi\u015fti.<\/p>\n<p>Buna ra\u011fmen The Economist, son say\u0131s\u0131n\u0131n kapak konusu yapt\u0131\u011f\u0131, imalat sanayinin h\u00fck\u00fcmetlerce kurtar\u0131lmas\u0131n\u0131 ele\u015ftirmi\u015fti.<\/p>\n<p>\u0130ngilizlerin Prestijli haftal\u0131k dergisi The Economist, ilgili say\u0131s\u0131nda &#8220;\u0130malat sanayinin \u00e7\u00f6k\u00fc\u015f\u00fc&#8221;n\u00fc kapak yaparak, ba\u015fyaz\u0131s\u0131nda sorunu de\u011ferlendirirken &#8220;Finansal kriz, bir sanayi krizi yaratt\u0131 g\u00f6r\u00fc\u015f\u00fcn\u00fc dile getirmi\u015fti. Finansal krizin y\u0131k\u0131c\u0131 k\u00fcresel g\u00fcc\u00fcn\u00fcn ge\u00e7en y\u0131l belli oldu\u011funu ancak imalat krizinin b\u00fcy\u00fckl\u00fc\u011f\u00fcn\u00fcn hala tam anla\u015f\u0131lmad\u0131\u011f\u0131n\u0131 kaydeden dergi, bunun \u00f6nemli bir nedeninin daha \u00e7ok ulusal boyutta g\u00f6r\u00fcnmesi oldu\u011funu belirtmi\u015fti.<\/p>\n<p>Sanayi \u00fcretiminin son \u00fc\u00e7 ayda Amerika&#8217;da y\u00fczde 3,6, \u0130ngiltere&#8217;de ise y\u00fczde 4,4 geriledi\u011fine i\u015faret edilen analizde \u00e7\u00f6k\u00fc\u015f\u00fcn, imalat \u00fcr\u00fcnleri ihracat\u0131na ba\u011f\u0131ml\u0131 \u00fclkelerde daha b\u00fcy\u00fck oldu\u011fu vurguland\u0131. Bu \u00e7er\u00e7evede d\u00f6rd\u00fcnc\u00fc \u00e7eyrekteki d\u00fc\u015f\u00fc\u015f\u00fcn Almanya&#8217;da y\u00fczde 6,8, Tayvan&#8217;da y\u00fczde 21,7, Japonya&#8217;da ise y\u00fczde 12&#8217;ye ula\u015ft\u0131\u011f\u0131na dikkat \u00e7eken dergi, \u015funlar\u0131 yazd\u0131:<\/p>\n<p>&#8220;Sanayi, Brezilya, Malezya ve T\u00fcrkiye&#8217;de gibi do\u011fu Avrupa&#8217;da da \u00e7\u00f6k\u00fcyor. \u00c7in&#8217;de binlerce fabrika, terk edilmi\u015f durumda. \u0130\u015f\u00e7iler, yeni y\u0131l tatili i\u00e7in k\u0131rsaldaki evlerine gitti. Ama bunlar\u0131n hi\u00e7biri hala geri d\u00f6nmedi.&#8221;<\/p>\n<p>\u0130ngiliz dergisi, finansal sistemi kurtaran h\u00fck\u00fcmetlerden \u015fimdi sanayiyi de desteklenmesi istendi\u011fini belirterek &#8220;Sanayiye \u00f6zel bir destek sa\u011flamak do\u011fru mudur? sorusuna &#8220;hay\u0131r yan\u0131t\u0131n\u0131 verdi. Sanayinin kurtar\u0131lmas\u0131n\u0131n zorluklar\u0131 \u00fczerinde duran dergi, \u015fu g\u00f6r\u00fc\u015fleri dile getirmi\u015fti:<\/p>\n<p>&#8220;H\u00fck\u00fcmetler, hangi \u015firketlerin kurtar\u0131lmas\u0131 gerekti\u011fini veya herhangi bir sanayinin do\u011fru b\u00fcy\u00fckl\u00fc\u011f\u00fcn\u00fcn ne oldu\u011funu nas\u0131l bilecek? Bu konudaki karara t\u00fcketicilere aittir. En \u00e7ok ses \u00e7\u0131kartan veya en zeki lobicileri olan sanayilere para vermek adil olmaz, israf olur. Talebi, yard\u0131m alamayan talihsiz sekt\u00f6rden yard\u0131m alan talihli sekt\u00f6re kayd\u0131rmak sadece bunal\u0131m\u0131 k\u00f6r\u00fckler&#8221; diyerek, milli sanayilerin de\u011fil, Siyonist Yahudi \u015firketlerinin desteklenmesini \u00f6nermi\u015fti.<\/p>\n<p><strong><em>Kriz kimleri dize getiriyor?<\/em><\/strong><\/p>\n<p><em>Financial Times gazetesi, &#8220;kom\u00fcnizmden sonra bir ideolojik ilah daha iflas etti&#8221; diyordu. Abart\u0131 gibi g\u00f6r\u00fcnse de, kapitalizmin bitti\u011fini ve olay\u0131n vahametini ortaya koyuyordu. Gazete, &#8220;Kapitalizmin gelece\u011fi&#8221; adl\u0131 yaz\u0131 dizisine \u015fu c\u00fcmlelerle ba\u015fl\u0131yordu: <\/em><\/p>\n<p><em>&#8220;Bir ba\u015fka ideolojik ilah daha iflas etti. Siyaseti ve al\u0131nacak tutumlar\u0131 son otuz y\u0131ldan uzun bir s\u00fcredir belirleyen varsay\u0131mlar, bir anda devrimci sosyalizm fikri kadar ge\u00e7mi\u015fte kalm\u0131\u015f g\u00f6r\u00fcn\u00fcyor. Peki, d\u00fcnya bu noktaya nas\u0131l geldi? Sorunun cevab\u0131 \u00f6nemli oranda liberalizm \u00e7a\u011f\u0131n\u0131n, kendi \u00e7\u00f6k\u00fc\u015f\u00fcn\u00fcn tohumlar\u0131n\u0131 bar\u0131nd\u0131rm\u0131\u015f olmas\u0131nda yat\u0131yor.&#8221;<\/em><\/p>\n<p><em>Bu d\u00f6nem ayn\u0131 zamanda, finans sekt\u00f6r\u00fcnde ve getirdi\u011fi kazan\u00e7ta ola\u011fan\u00fcst\u00fc b\u00fcy\u00fcmenin de ya\u015fand\u0131\u011f\u0131 d\u00f6nem. Bu noktadan sonra, herkesin dayand\u0131\u011f\u0131 k\u00fcresel ekonomi sisteminin de\u011fi\u015ftirilmesi dahi d\u00fc\u015f\u00fcn\u00fclebilir. D\u00fcnyan\u0131n entegre olmu\u015f ekonomileri birinci d\u00fcnya sava\u015f\u0131 \u00f6ncesinde de \u00e7\u00f6km\u00fc\u015ft\u00fc. Yine \u00e7\u00f6kebilir&#8230;&#8221;<\/em><\/p>\n<p><em>\u015eimdi; Hillary Clinton&#8217;\u0131n Ortado\u011fu ve Ankara ziyaretini, Barack Obama&#8217;n\u0131n T\u00fcrkiye&#8217;ye gelmesini, bu ger\u00e7eklerle yeniden de\u011ferlendirelim: ABD&#8217;nin Irak&#8217;tan \u00e7\u0131k\u0131\u015fta T\u00fcrkiye&#8217;ye ihtiyac\u0131 var m\u0131? Var. Suriye ile ili\u015fkileri geli\u015ftirmede ihtiyac\u0131 var m\u0131? Var? Kafkaslar&#8217;da bize ihtiyac\u0131 var m\u0131? Var.. Karadeniz&#8217;den \u00c7in s\u0131n\u0131r\u0131na kadar etkisini kaybetmemek i\u00e7in T\u00fcrkiye&#8217;ye ihtiyac\u0131 var m\u0131? Var. Afganistan-Pakistan b\u00f6lgesinde yo\u011funla\u015fan yeni krizde ihtiyac\u0131 var m\u0131? Var. Filistin meselesinde, Ortado\u011fu&#8217;ya ili\u015fkin hemen b\u00fct\u00fcn konularda, hi\u00e7 olmad\u0131\u011f\u0131 kadar ihtiyac\u0131 var m\u0131? Var&#8230;<\/em><\/p>\n<p><em>T\u00fcrkiye, Osmanl\u0131&#8217;dan bu yana yak\u0131n b\u00f6lgesinde hi\u00e7 olmad\u0131\u011f\u0131 kadar etkin bir \u00fclke oldu mu? Oldu. Bu daha da artacak m\u0131? Evet, artacak. Hem de \u015fa\u015f\u0131rt\u0131c\u0131 bi\u00e7imde! Davos \u00e7\u0131k\u0131\u015f\u0131 T\u00fcrkiye&#8217;ye zarar verdi mi? Hay\u0131r, bu pozisyonu hi\u00e7 etkilemedi. <\/em><\/p>\n<p><em>Peki; \u0130srail&#8217;in &#8220;tek yanl\u0131 vurma&#8221; yaygaras\u0131na ra\u011fmen, \u0130ran n\u00fckleer \u00fcretime ba\u015flamas\u0131na ra\u011fmen ABD-\u0130ran ili\u015fkileri gizlice ve entras bi\u00e7imde geli\u015fiyor mu? Evet. Bu iyile\u015fmede Afganistan konusunda i\u015fbirli\u011fi aray\u0131\u015f\u0131 var m\u0131? Evet. T\u00fcrkiye burada da kolayla\u015ft\u0131r\u0131c\u0131 rol oynuyor mu? Evet.<\/em><\/p>\n<p><em>Peki; ABD&#8217;nin, daha do\u011frusu yeni y\u00f6netimin uluslararas\u0131 politikalar\u0131nda radikal de\u011fi\u015fiklikler ya\u015fan\u0131yor mu? Evet. Eski d\u00fc\u015fmanlar\u0131yla i\u015fbirli\u011fine gidiyor mu? Evet. Bunda Bush y\u00f6netiminin aksine, Obama&#8217;n\u0131n yumu\u015fama politikas\u0131n\u0131n etkisi var m\u0131? Elbette var&#8230; <\/em><\/p>\n<p><em>B\u00fct\u00fcn bunlar do\u011fru. Ama bu geli\u015fmelerin ilk sebeplerinin, gerek\u00e7elerinin \u00f6tesinde bir ba\u015fka ger\u00e7ek daha var, \u00e7ok b\u00fcy\u00fck bir ger\u00e7ek&#8230; ABD&#8217;yi, k\u00fcresel alg\u0131s\u0131n\u0131, e\u011filimlerini, 21. y\u00fczy\u0131l vizyonunu temelinden sarsan bir ger\u00e7ek: Kriz!.. Ve bu, devrim niteli\u011finde de\u011fi\u015fimlere yol a\u00e7acak. Ve bu, sadece ekonomiyle s\u0131n\u0131rl\u0131 bir kriz de\u011fil&#8221; diyen \u0130brahim Karag\u00fcl, acaba &#8220;kapitalist ve zalim Amerika \u00e7\u00f6k\u00fcyor, tam f\u0131rsat\u0131d\u0131r, bir \u00e7elmede biz takal\u0131m ve insanl\u0131\u011f\u0131 bu beladan kurtaral\u0131m&#8221; m\u0131 diyordu.. Yoksa &#8220;Bize en muhta\u00e7 olduklar\u0131 bir s\u00fcre\u00e7te, Siyonist canavar\u0131n yaralar\u0131n\u0131 sarmas\u0131na ve \u0130slam d\u00fcnyas\u0131na sald\u0131rmas\u0131na destek \u00e7\u0131k\u0131p pastadan pay kapal\u0131m&#8221; m\u0131 demek istiyordu?<\/em><\/p>\n<p><strong>IMF Merkez Bankas\u0131, &#8216;S\u00fcper Dolar&#8217; ve tek D\u00fcnya Devleti sallan\u0131yor!<\/strong><\/p>\n<p><strong>Baz\u0131 iddialara g\u00f6re, IMF \u00f6n\u00fcm\u00fczdeki aylarda y\u00fcz milyarlarca dolar para s\u00fcrecek piyasaya. \u00d6yle kredi de\u011fil, IMF para basacak. Bir \u00e7e\u015fit &#8220;S\u00fcper para&#8221; olacak bu.<\/strong><\/p>\n<p><strong>B\u00f6ylece finansal t\u0131kan\u0131kl\u0131\u011f\u0131n \u00f6n\u00fcne ge\u00e7ilmeye \u00e7al\u0131\u015f\u0131lacak. \u00d6neriyi getirenler aras\u0131nda George Soros ve ABD Hazine Dan\u0131\u015fman\u0131 Ted Truman var. Arkas\u0131nda ABD ve \u0130ngiltere var. Londra&#8217;daki zirveye haz\u0131rl\u0131k i\u00e7in yap\u0131lacak G20 ekonomik bakanlar\u0131 toplant\u0131s\u0131n\u0131n tart\u0131\u015fma konular\u0131ndan birinin bu olaca\u011f\u0131 s\u00f6yleniyor.<\/strong><\/p>\n<p><strong>IMF&#8217;nin D\u00fcnya Merkez Bankas\u0131&#8217;na d\u00f6n\u00fc\u015ft\u00fcr\u00fclmesi, k\u00fcresel ortak para projesi hakk\u0131nda daha \u00f6nce yazm\u0131\u015ft\u0131k. ABD\/\u0130ngiliz ekseninin bu ama\u00e7la \u00e7ok \u00f6nceden haz\u0131rlad\u0131\u011f\u0131 strateji \u015fuydu: Uluslararas\u0131 Para Fonu IMF&#8217;ye adeta diktat\u00f6rl\u00fc\u011f\u00fc and\u0131ran bir rol y\u00fcklenecek. IMF b\u00fct\u00fcn \u00fclkelere ekonomi politikalar\u0131 dayatabilecek, ekonomileri \u00fczerinde s\u00f6z hakk\u0131na sahip olacak. \u00d6zelle\u015ftirmeden serbest ticaretin ilkelerine kadar d\u00fcnya ekonomisini ilgilendiren her alanda tek hak\u00eem olacak. IMF bir anlamda D\u00fcnya Merkez Bankas\u0131 olacak. Dolay\u0131s\u0131yla da k\u00fcresel politikalar \u00fczerinde ABD-\u0130ngiliz \u00e7\u0131karlar\u0131n\u0131 dayatacak bir g\u00fc\u00e7 haline gelecek. \u015eu an sars\u0131lmakta olan globalle\u015fmeye tekrar ivme kazand\u0131r\u0131lacak. Bu s\u00fcre\u00e7 ileri a\u015famalarda yery\u00fcz\u00fcnde tek siyasi otoriteye kap\u0131 aralayacak. ABD&#8217;nin ba\u015faramad\u0131\u011f\u0131 k\u00fcresel imparatorluk, &#8220;D\u00fcnya Devleti&#8221; bu a\u015famada tart\u0131\u015f\u0131l\u0131r olacak.<\/strong><\/p>\n<p><strong>Merkeziyet\u00e7i \u00fclkeler asl\u0131nda d\u00fcnyan\u0131n tamam\u0131n\u0131 istiyor. Ekonomiyi, kaynaklar\u0131 ve siyasi iktidar\u0131 tek elde toplamaya \u00e7al\u0131\u015f\u0131yor. Tek &#8220;D\u00fcnya Merkez Bankas\u0131&#8221; istiyor. &#8220;Tek Para Birimi&#8221; istiyor. &#8220;Tek D\u00fcnya Devleti&#8221; istiyor.<\/strong><\/p>\n<p><strong>Amerikan el\u00e7isi neden &#8220;kesinlikle&#8221; kelimesini kullan\u0131yor?<\/strong><\/p>\n<p>ABD Ba\u015fkan\u0131 Obama, Rusya&#8217;dan d\u00f6nen Cumhurba\u015fkan\u0131 Abdullah G\u00fcl ile Ba\u015fbakan Tayyip Erdo\u011fan&#8217;\u0131 telefonla ar\u0131yordu. G\u00f6r\u00fc\u015fmelerin ard\u0131ndan gerek Cumhurba\u015fkanl\u0131\u011f\u0131 gerekse Ba\u015fbakanl\u0131ktan yap\u0131lan a\u00e7\u0131klamalar, Obama&#8217;n\u0131n &#8220;T\u00fcrkiye&#8217;nin ve Erdo\u011fan&#8217;\u0131n b\u00f6lgesel lider olarak \u00e7al\u0131\u015fmalar\u0131n\u0131 takdir ediyoruz&#8221; iltifatlar\u0131 ya\u011fd\u0131r\u0131yordu.<\/p>\n<p>Obama resmen, &#8220;Orta Do\u011fu&#8217;da ve Afganistan&#8217;da uygulayaca\u011f\u0131m yeni politikalarda T\u00fcrkiye&#8217;nin deste\u011fini bekliyorum. NATO&#8217;yu da i\u015fin i\u00e7ine kataca\u011f\u0131m&#8221;\u00a0 diyor ama T\u00fcrkiye&#8217;nin en \u00fcst d\u00fczeydeki iki makam\u0131 bu bilgileri kamuoyundan sakl\u0131yordu!<\/p>\n<p>Obama, bu g\u00f6r\u00fc\u015fmelerinden hemen sonra Afganistan&#8217;a 17 bin asker g\u00f6nderme karar\u0131n\u0131 da a\u00e7\u0131kl\u0131yordu. Adam program\u0131n\u0131 yapm\u0131\u015f, uyguluyordu. Bu arada Obama&#8217;n\u0131n, ABD&#8217;nin Afganistan&#8217;a atama ile Devlet Ba\u015fkan\u0131 yapt\u0131\u011f\u0131 Hamid Karzai&#8217;yi de telefonla arad\u0131\u011f\u0131n\u0131 unutmayal\u0131m. Afganistan&#8217;da da A\u011fustos ay\u0131nda Devlet Ba\u015fkanl\u0131\u011f\u0131 se\u00e7imi yakla\u015f\u0131yordu.<\/p>\n<p>ABD&#8217;nin Ankara B\u00fcy\u00fckel\u00e7isi James Jeffrey ise T\u00fcrkiye ile ABD aras\u0131nda i\u015fbirli\u011finin Barack Obama&#8217;n\u0131n ba\u015fkanl\u0131\u011f\u0131 d\u00f6neminde de\u00a0 &#8220;kesinlikle devam edece\u011fini&#8221; s\u00f6yl\u00fcyordu.<\/p>\n<p>Peki Jeffrey, neden &#8220;kesinlikle&#8221; kelimesini kullan\u0131yordu?<\/p>\n<p>T\u00fcrkiye ile Rusya&#8217;n\u0131n kendi aralar\u0131ndaki ticarette dolar yerine T\u00fcrk Liras\u0131 ve ruble kullanma karar\u0131 vermesi kafalar\u0131 kar\u0131\u015ft\u0131r\u0131yordu da ondan!<\/p>\n<p>Jeffrey ayr\u0131ca, &#8220;T\u00fcrkiye&#8217;nin bir dostu olarak yeni bir IMF program\u0131n\u0131n yararl\u0131 olaca\u011f\u0131n\u0131 d\u00fc\u015f\u00fcn\u00fcyoruz&#8221; diye, bilinen g\u00f6r\u00fc\u015f\u00fcn\u00fc tekrarl\u0131yordu. T\u00fcrkiye ekonomisini IMF vas\u0131tas\u0131yla kontrol alt\u0131nda tutmalar\u0131 gerekiyordu ki istedikleri siyasi kararlar\u0131 da kolayca ald\u0131rabilsinler!..<a name=\"_ftnref1\" href=\"#_ftn1\" title=\"_ftnref1\">[1]<\/a><\/p>\n<p><strong>Sosyal patlamalar\u0131n k\u0131sa tarihi (bir komplo teorisi denemesi)<\/strong><\/p>\n<p>Serdar Turgut, sonunda tumturakl\u0131 yorumlara ba\u015flam\u0131\u015ft\u0131:<\/p>\n<p>Sosyal devleti olu\u015fturma ihtimalini y\u0131llar s\u00fcren bilin\u00e7li ideolojik bir taarruz sonucunda tamamen kaybetmi\u015f olan ABD, kapitalist geli\u015fmi\u015f \u00fclkeler i\u00e7inde kendi halk\u0131n\u0131 krizin darbesine en fazla a\u00e7\u0131k b\u0131rakan \u00fclke haline gelmi\u015f bulunuyor.<\/p>\n<p>\u0130\u015flerini kaybetmi\u015f olanlar, h\u0131zland\u0131r\u0131lm\u0131\u015f bir ac\u0131mas\u0131zl\u0131k s\u00fcreciyle k\u0131sa s\u00fcre i\u00e7inde evsiz insanlar olarak derme \u00e7atma \u00e7ad\u0131rlarda ya\u015far hale geliyor.<\/p>\n<p>Bu ortam\u0131n ciddi bir sosyal patlama yarataca\u011f\u0131 da kesin gibi g\u00f6z\u00fck\u00fcyor.<\/p>\n<p>Amerika derin devletinin krizi ve sosyal patlamalar\u0131 \u00f6nceden tahmin edip haz\u0131rl\u0131k yapt\u0131\u011f\u0131 yolunda i\u015faretler de seziliyor. K\u0131sa zaman \u00f6nce \u00fclkenin bir\u00e7ok y\u00f6resinde gizli tutulan, etraf\u0131 y\u00fcksek duvarlarla \u00e7evrilmi\u015f olan toplama kamplar\u0131 ortaya \u00e7\u0131kar\u0131lm\u0131\u015ft\u0131. Bunlar\u0131n vatanda\u015flar taraf\u0131ndan \u00e7ekilen foto\u011fraflar\u0131 internet ortam\u0131nda bile yer alm\u0131\u015ft\u0131.\u00a0 Kimse anlayamam\u0131\u015ft\u0131 o haz\u0131rl\u0131\u011f\u0131n ne i\u00e7in oldu\u011funu.<\/p>\n<p>Anlad\u0131\u011f\u0131m kadar\u0131yla, o karma\u015f\u0131k \u00fclkenin en iyi bi\u00e7imde, yazar Naomi Wolf&#8217;un ortaya att\u0131\u011f\u0131 kavram olan &#8216;\u015fok terapisi&#8217; ile y\u00f6netilece\u011fi, hala daha Amerikan derin devletinin resmi ideolojisi halinde tutuluyor.<\/p>\n<p>Bakal\u0131m yeni Ba\u015fkan Obama&#8217;n\u0131n derin devletin ideolojisini de\u011fi\u015ftirmeye g\u00fcc\u00fc yetecek mi?.. Topluma \u015fok terapileri uygulayanlar karar s\u00fcre\u00e7lerinde etkili oluyorsa (ki Bush d\u00f6nemi bunun i\u00e7in son derece uygundu) ekonomik krizin de bu boyutta patlamas\u0131\/patlat\u0131lmas\u0131n\u0131n planlanm\u0131\u015f bir politika oldu\u011funu d\u00fc\u015f\u00fcnenler de \u00e7\u0131kacakt\u0131r.<\/p>\n<p>Amerika&#8217;da, kriz bi\u00e7imindeki \u015fok terapisinin sonucu sosyal patlama olaca\u011f\u0131 hesaplan\u0131p, toplama kamplar\u0131 da bu y\u00fczden \u00f6nceden in\u015fa edilmi\u015f olabilir.<\/p>\n<p>Bir\u00e7ok insan Amerika&#8217;da sosyal patlama ve direnme gelene\u011finin pek olmad\u0131\u011f\u0131n\u0131 d\u00fc\u015f\u00fcn\u00fcr. Oysaki bu bak\u0131\u015f tamamen yanl\u0131\u015ft\u0131r. B\u00fcy\u00fck depresyon d\u00f6neminde i\u015fini kaybedip evinden at\u0131lanlar\u0131n soka\u011fa b\u0131rak\u0131lan ev e\u015fyalar\u0131 mahalle i\u00e7inde \u00f6rg\u00fctlenen direnme komiteleri taraf\u0131ndan tekrar eve geri sokulup yerle\u015ftirilmi\u015ftir. Bu t\u00fcr bir direni\u015f Marksist gelene\u011fi hayli sa\u011flam olan \u00fclkelerde bile ender g\u00f6r\u00fclm\u00fc\u015f t\u00fcrde eylemdir.<\/p>\n<p><strong>Amerika \u015fu anda, adeta bir korku filmine benzeyen ko\u015fullara sahip oldu\u011fu 1970&#8217;li y\u0131llara geri d\u00f6nd\u00fcr\u00fclmektedir. Sokak \u00e7etelerinin, vah\u015fetin hak\u00eem oldu\u011fu bir New York geri getirilmektedir. Bu insanlar\u0131n a\u00e7 olduklar\u0131 takdirde toplu halde neler yapabilecekleri hi\u00e7 belli de\u011fildir. <\/strong><\/p>\n<p><strong>Anla\u015f\u0131lan bunlar, harekete ge\u00e7tikleri zaman toplama kamplar\u0131n\u0131 devreye sokmay\u0131 d\u00fc\u015f\u00fcn\u00fcyorlar.<\/strong><\/p>\n<p><strong>Amerika&#8217;da durum vahimle\u015firken Avrupa&#8217;da da g\u00f6r\u00fcnt\u00fc hi\u00e7 iyi de\u011fildir. Sosyal devlet uygulamalar\u0131 ve Marksist gelenekleri nedeniyle bu \u00fclkelerde bilin\u00e7li ve talepk\u00e2r halk\u0131n toplu ayaklanma tarihleri de zengindir. <\/strong><\/p>\n<p><strong>E\u011fer devletler \u015firketlere yard\u0131m yan\u0131nda fakirine de aktif yard\u0131mlar\u0131 bir an \u00f6nce devreye sokmazsa, \u00e7at\u0131\u015fmalar i\u00e7eren toplu ayaklanmalar Avrupa&#8217;n\u0131n k\u0131sa vadeli g\u00fcndemindedir.<\/strong><\/p>\n<p><strong>T\u00fcrkiye&#8217;de feodal k\u00f6kenlerle ba\u011flant\u0131lar\u0131n hala daha kuvvetli olmas\u0131 ve aile dayan\u0131\u015fmas\u0131 gelene\u011finin bulunmas\u0131, \u00fclkeyi bu a\u00e7\u0131dan da d\u00fcnyada avantajl\u0131 hale getirmektedir. <\/strong><\/p>\n<p><strong>Tabii biz Marksistlerin tamamen ezilmi\u015f ve sadece k\u00fclt\u00fcrel solcular haline getirilmi\u015f olmam\u0131z da devlet a\u00e7\u0131s\u0131ndan b\u00fcy\u00fck bir avantajd\u0131r. <\/strong><\/p>\n<p><strong>Ortaya direnmek isteyenler \u00e7\u0131ksa da bunlara anlaml\u0131 laf edecek insan pek yoktur ortada.<\/strong><\/p>\n<p><strong>T\u00fcrkiye&#8217;de bazen \u00e7ok da tehlikeli olabilen bireysel patlamalar d\u0131\u015f\u0131nda b\u00fcy\u00fck sosyal hareketlenmeler olmas\u0131 ihtimali pek g\u00f6r\u00fclmemektedir. Dini duyarl\u0131l\u0131klar ve yard\u0131mla\u015fma, olabilecek tepkisel hareketleri erkenden engellemektedir.<\/strong><\/p>\n<p><strong>Bu ba\u011flamda, e\u011fer s\u00f6ylendi\u011fi gibi Obama T\u00fcrkiye&#8217;ye geldi\u011finde onunla konu\u015fulurken \u00e7ok dikkatli olunmas\u0131nda da yarar vard\u0131r. Zira Amerika&#8217;n\u0131n sosyal i\u00e7 ko\u015fullar\u0131 yukar\u0131da tan\u0131mlad\u0131\u011f\u0131m \u015fekilde oldu\u011fundan, Amerika&#8217;n\u0131n \u00e7ok yak\u0131nda Irak&#8217;\u0131n yerine ikame edebilece\u011fi bir d\u0131\u015f sava\u015fa ihtiyac\u0131 olacakt\u0131r. <\/strong><\/p>\n<p><strong>Ancak bir sava\u015f\u0131n, i\u00e7 kar\u0131\u015f\u0131kl\u0131\u011f\u0131 erteleyece\u011fi d\u00fc\u015f\u00fcn\u00fcl\u00fcyordur mutlaka. T\u00fcrkiye etraf\u0131na babalan\u0131rken bir de illa ABD&#8217;nin stratejik orta\u011f\u0131 olaca\u011f\u0131m diyerek Amerika&#8217;n\u0131n yeni a\u00e7aca\u011f\u0131 kesin olan sava\u015f cephesinde aktif olarak rol almak durumunda kalabilir, aman dikkat&#8230; \u00c7\u00fcnk\u00fc bizlerin art\u0131k \u015fok terapisini kald\u0131racak halimiz pek kalmad\u0131. Yeni bir terapi bizi yola sokmak yerine \u00f6ld\u00fcrebilir&#8221;<a name=\"_ftnref2\" href=\"#_ftn2\" title=\"_ftnref2\"><strong>[2]<\/strong><\/a><\/strong><\/p>\n<p><strong>Evet, art\u0131k sular de\u011fil, okyanuslar bulan\u0131yor. Zaten derin deryalar bulanmadan durulaca\u011fa benzemiyor. Haz\u0131r olun, d\u00fcnya d\u00f6n\u00fc\u015f\u00fcme haz\u0131rlan\u0131yor ve y\u00f6netim el de\u011fi\u015ftiriyor!<\/strong><\/p>\n<p>  <\/p>\n<hr \/>\n<p><a name=\"_ftn1\" href=\"#_ftnref1\" title=\"_ftn1\">[1]<\/a> Arslan Bulut \/ Yeni\u00e7a\u011f<\/p>\n<p><a name=\"_ftn2\" href=\"#_ftnref2\" title=\"_ftn2\">[2]<\/a> Ak\u015fam<\/p>\n","protected":false},"excerpt":{"rendered":"<p><strong>Recep T. Erdo\u011fan G20&#8217;de vesayet anla\u015fmas\u0131 yap\u0131yor!<\/strong><\/p>\n<p><strong>Baz\u0131 Safdiriklerin, &#8220;Davos Kahraman\u0131!&#8221;, &#8220;Son Osmanl\u0131 Padi\u015fah\u0131!&#8221;, &#8220;BOP Sultan\u0131!&#8221; diye alk\u0131\u015flad\u0131klar\u0131 Recep Beyin, asl\u0131nda Yahudi Lobilerinin atad\u0131\u011f\u0131 &#8220;T\u00fcrkiye S\u00f6m\u00fcrge Komiseri&#8221; oldu\u011fu anla\u015f\u0131ld\u0131. H\u00fck\u00fcmetin krize neden tedbir almad\u0131\u011f\u0131 da b\u00f6ylece ortaya \u00e7\u0131kt\u0131&#8230;<\/strong><\/p>\n","protected":false},"author":46,"featured_media":0,"comment_status":"open","ping_status":"closed","sticky":false,"template":"","format":"standard","meta":{"footnotes":""},"categories":[96],"tags":[],"class_list":["post-1568","post","type-post","status-publish","format-standard","hentry","category-haziran-2009"],"_links":{"self":[{"href":"https:\/\/www.millicozum.com\/mc\/wp-json\/wp\/v2\/posts\/1568","targetHints":{"allow":["GET"]}}],"collection":[{"href":"https:\/\/www.millicozum.com\/mc\/wp-json\/wp\/v2\/posts"}],"about":[{"href":"https:\/\/www.millicozum.com\/mc\/wp-json\/wp\/v2\/types\/post"}],"author":[{"embeddable":true,"href":"https:\/\/www.millicozum.com\/mc\/wp-json\/wp\/v2\/users\/46"}],"replies":[{"embeddable":true,"href":"https:\/\/www.millicozum.com\/mc\/wp-json\/wp\/v2\/comments?post=1568"}],"version-history":[{"count":0,"href":"https:\/\/www.millicozum.com\/mc\/wp-json\/wp\/v2\/posts\/1568\/revisions"}],"wp:attachment":[{"href":"https:\/\/www.millicozum.com\/mc\/wp-json\/wp\/v2\/media?parent=1568"}],"wp:term":[{"taxonomy":"category","embeddable":true,"href":"https:\/\/www.millicozum.com\/mc\/wp-json\/wp\/v2\/categories?post=1568"},{"taxonomy":"post_tag","embeddable":true,"href":"https:\/\/www.millicozum.com\/mc\/wp-json\/wp\/v2\/tags?post=1568"}],"curies":[{"name":"wp","href":"https:\/\/api.w.org\/{rel}","templated":true}]}}