{"id":1622,"date":"2009-08-21T17:48:11","date_gmt":"2009-08-21T17:48:11","guid":{"rendered":"https:\/\/www.millicozum.com\/mc\/2009\/08\/21\/kurt-acilimi-ve-hiyanet-alcakligi\/"},"modified":"2009-08-21T17:48:11","modified_gmt":"2009-08-21T17:48:11","slug":"kurt-acilimi-ve-hiyanet-alcakligi","status":"publish","type":"post","link":"https:\/\/www.millicozum.com\/mc\/2009\/eylul-2009\/kurt-acilimi-ve-hiyanet-alcakligi\/","title":{"rendered":"K\u00dcRT A\u00c7ILIMI VE HIYANET AL\u00c7AKLI\u011eI"},"content":{"rendered":"<p><strong>\u00a0<\/strong><\/p>\n<p><strong>\u201cK\u00fcrt A\u00e7\u0131l\u0131m\u0131\u201d, T\u00fcrkiye\u2019yi Par\u00e7alama Ad\u0131m\u0131d\u0131r:<\/strong><\/p>\n<p><strong>\u0130srail\u2019in plan\u0131, ABD ve AB\u2019nin dayatmas\u0131, \u0130mral\u0131 k\u00f6\u015fk\u00fcndeki APO\u2019nun talimat\u0131, BOP e\u015f ba\u015fkan\u0131 Recep T. Erdo\u011fan\u2019\u0131n demokrasi kahramanl\u0131\u011f\u0131 ve marazl\u0131-kiral\u0131k medya\u2019n\u0131n alk\u0131\u015flamas\u0131yla ba\u015flat\u0131lan \u201cK\u00fcrt a\u00e7\u0131l\u0131m\u0131\u201d, asl\u0131nda T\u00fcrkiye\u2019yi par\u00e7alama; varl\u0131k ve ba\u011f\u0131ms\u0131zl\u0131k sigortam\u0131z olan Lozan\u2019\u0131 kendi elimizle y\u0131rt\u0131p atma ahmakl\u0131\u011f\u0131 ve al\u00e7akl\u0131\u011f\u0131d\u0131r.<\/strong><\/p>\n<p><strong>AKP\u2019nin do\u011frudan sahiplenip ta\u015feronlu\u011funu yapt\u0131\u011f\u0131, CHP\u2019nin asl\u0131na de\u011fil, usul\u00fcne itiraz edip dolayl\u0131 destek sa\u011flad\u0131\u011f\u0131, MHP\u2019nin ise \u201c\u015fiddetle kar\u015f\u0131 \u00e7\u0131k\u0131yor\u201d rol\u00fcyle muhtemel milli tepkileri t\u00f6rp\u00fclemeye \u00e7al\u0131\u015ft\u0131\u011f\u0131 ve olay\u0131n \u0130srail aya\u011f\u0131na ve Lozan\u2019\u0131 delme haz\u0131rl\u0131\u011f\u0131na hi\u00e7 dokunulmad\u0131\u011f\u0131 bu resmen h\u0131yanet cesareti; sadece AKP\u2019nin de\u011fil, bu akreple\u015fmi\u015f masonik d\u00fczenin de y\u0131k\u0131l\u0131\u015f\u0131na yol a\u00e7acakt\u0131r.<\/strong><\/p>\n<p><strong>Siyonist Yahudi Lobilerinin g\u00fcd\u00fcm\u00fcndeki ABD i\u00e7in bug\u00fcnk\u00fc d\u00fcnyada en b\u00fcy\u00fck siyasi ama\u00e7, Kuzey Irak ba\u015fta olmak \u00fczere Ortado\u011fu&#8217;da yeni bir harita olu\u015fturulmas\u0131d\u0131r. Daha do\u011frusu Ortado\u011fu&#8217;nun \u201cyeniden-dizayn edilmesi\u201dyle, \u0130srail&#8217;in g\u00fcvenli\u011fini sa\u011flamak ve B\u00fcy\u00fck \u0130srail\u2019e zemin haz\u0131rlamakt\u0131r. Bu proje Clinton d\u00f6nenimde fiiliyata d\u00f6k\u00fclen, Bush d\u00f6neminde devam eden ve Obamayla hi\u00e7 de\u011fi\u015fmeyen bir siyaset anlay\u0131\u015f\u0131n\u0131n devam\u0131d\u0131r. Bu b\u00f6lge yap\u0131land\u0131r\u0131l\u0131rken 1 Mart tezkeresi ile T\u00fcrkiye g\u00f6zden \u00e7\u0131kar\u0131lm\u0131\u015f, ABD i\u00e7in T\u00fcrkler de\u011fil, b\u00f6lgedeki K\u00fcrtler en \u00f6nemli partner halini alm\u0131\u015ft\u0131r. <\/strong><\/p>\n<p><strong>K\u00fcrt a\u00e7\u0131l\u0131m\u0131, ABD&#8217;nin bast\u0131rmas\u0131yla ortaya at\u0131lm\u0131\u015ft\u0131r. Amerika\u2019daki \u00f6nemli bir \u201cThink-Tank\u201d (d\u00fc\u015f\u00fcnce) Kurulu\u015funun raporun da, 2012&#8217;de Musul&#8217;un T\u00fcrkiye&#8217;ye ba\u011flanabilece\u011fi konu\u015fulmaya ba\u015flanm\u0131\u015ft\u0131r. Hemen arkas\u0131ndan , bu sefer bizzat Barzani&#8217;nin yak\u0131n \u00e7evresinden, \u201cKerk\u00fck&#8217;\u00fcn K\u00fcrt y\u00f6netimine kat\u0131lmas\u0131, Kuzey Irak K\u00fcrtlerinin de Musul Vilayeti ile beraber T\u00fcrkiye&#8217;ye kat\u0131lmas\u0131\u201d t\u00fcr\u00fcnden s\u00f6ylemler d\u0131\u015far\u0131dan T\u00fcrkiye&#8217;ye ta\u015f\u0131nm\u0131\u015ft\u0131r.. <\/strong><\/p>\n<p><strong>Kuzey Irak&#8217;\u0131n (Musul-Kerk\u00fck) T\u00fcrkiye&#8217;ye kat\u0131lmas\u0131 ba\u015ftan beri Turgut \u00d6zal&#8217;\u0131n en b\u00fcy\u00fck r\u00fcyas\u0131yd\u0131. Ancak o zaman T\u00fcrkiye k\u0131smen ve uluslararas\u0131 politikada da k\u0131smen a\u011f\u0131rl\u0131\u011f\u0131 vard\u0131. Ne yaz\u0131k ki, o d\u00f6nemde askerler buna cesaret edemeyip masadan kalkm\u0131\u015f; sonu\u00e7ta da bug\u00fcnk\u00fc Kuzey Irak K\u00fcrt Devleti&#8217;nin tohumlar\u0131 at\u0131lm\u0131\u015ft\u0131. Bug\u00fcn ise durum \u00e7ok farkl\u0131d\u0131r. Bug\u00fcn T\u00fcrkiye ile ilgili akl\u0131n\u0131za gelebilecek her t\u00fcrl\u00fc siyasal kap\u0131\u015fma ve \u00fclke i\u00e7erisindeki \u00e7at\u0131\u015fmalar , \u201cUluslararas\u0131 G\u00fc\u00e7ler\u201din m\u00fccadelesinden dolay\u0131 ortaya \u00e7\u0131kmaktad\u0131r. <\/strong><\/p>\n<p><strong>\u201cKuzey Irak ve Musul&#8217;un bize kat\u0131lmas\u0131\u201d tezi, baz\u0131lar\u0131nca \u00e7ok s\u0131cak kar\u015f\u0131lanmakta ve heyecanlar\u0131m\u0131z\u0131 ok\u015famaktad\u0131r. Oysa Musul&#8217;un T\u00fcrkiye&#8217;ye kat\u0131lmas\u0131n\u0131n bir tek anlam\u0131 vard\u0131r. O da; Lozan&#8217;\u0131n ortadan kalkmas\u0131d\u0131r. Zaten Lozan Amerika Birle\u015fik Devletleri taraf\u0131ndan hala imzalanmam\u0131\u015ft\u0131r ve tan\u0131nmam\u0131\u015ft\u0131r. Bu konu neden bizim ders kitaplar\u0131m\u0131zda hi\u00e7 yer almamaktad\u0131r? Bizim masonik ve m\u00fcnaf\u0131k T\u00fcrk medyas\u0131 neden bu konuyu hi\u00e7 tart\u0131\u015fmamaktad\u0131r? <\/strong><\/p>\n<p><strong>E\u011fer biz Musul&#8217;u al\u0131rsak, bir anlamda \u00fcniter yap\u0131m\u0131z de\u011fi\u015ftirilmi\u015f olacakt\u0131r. B\u00f6ylece; biz Lozan&#8217;\u0131n la\u011fv\u0131 anlam\u0131nda, Musul ve Kerk\u00fck dahil Kuzey Irak\u2019\u0131n, T\u00fcrkiye&#8217;ye kat\u0131lmas\u0131na raz\u0131 olursak, Lozan ortadan kalkm\u0131\u015f say\u0131laca\u011f\u0131ndan; belki bir 10 y\u0131l i\u00e7erisinde bizdeki K\u00fcrt b\u00f6lgelerini de i\u00e7ine alacak \u015fekilde bir par\u00e7alanman\u0131n da \u00f6n\u00fc a\u00e7\u0131lacakt\u0131r. Yani, T\u00fcrkiye Cumhuriyeti&#8217;nin Misak-\u0131 Milli s\u0131n\u0131rlar\u0131nda herhangi bir de\u011fi\u015fikli\u011fin ya\u015fanmas\u0131, Lozan&#8217;\u0131n ge\u00e7ersiz say\u0131lmas\u0131 sonucunu do\u011furacakt\u0131r. Lozan ge\u00e7ersiz olursa, ilk etapta bu bir b\u00fcy\u00fcme gibi g\u00f6r\u00fcnse de, daha sonraki s\u00fcre\u00e7te T\u00fcrkiye&#8217;nin farkl\u0131 federasyonlara ve s\u0131n\u0131rlara ayr\u0131lmas\u0131na, bu konudaki siyasi dayatmalara da f\u0131rsat tan\u0131nacakt\u0131r. <\/strong><\/p>\n<p><strong>Bug\u00fcn T\u00fcrkiye&#8217;nin b\u00f6l\u00fcnmesini engelleyen en \u00f6nemli \u015fey Lozan&#8217;d\u0131r. Lozan, T\u00fcrkiye&#8217;nin varl\u0131\u011f\u0131 ve b\u00fct\u00fcnl\u00fc\u011f\u00fcn\u00fcn yegane teminat\u0131d\u0131r ve Amerika d\u0131\u015f\u0131nda, b\u00fct\u00fcn devletlerin, uluslararas\u0131 platformda \u201csiyaseten mutabakatla\u201d kabul edilmi\u015f bir anla\u015fmad\u0131r. \u0130lk anda bize \u00e7ok s\u0131cak gelen bu Kuzey Irak \u201cilhak\u0131\u201d, asl\u0131nda T\u00fcrkiye&#8217;nin par\u00e7alanmas\u0131n\u0131n pratik ve en etkili ad\u0131m\u0131d\u0131r.<a href=\"#_ftn1\"><strong>[1]<\/strong><\/a><\/strong><\/p>\n<p>\u00a0<\/p>\n<p><strong>Erbakan Hoca\u2019yla SP Kurmaylar\u0131n\u0131n Farkl\u0131 Yakla\u015f\u0131m\u0131;<\/strong><\/p>\n<p><strong>54. T.C H\u00fck\u00fcmetinin Ba\u015fbakan\u0131 Prof. Dr. Necmettin Erbakan Hoca\u2019n\u0131n Alt\u0131noluk\u2019taki Cuma sonras\u0131 selamla\u015fma sohbetinde (7 A\u011fustos 2009) bir gazetecinin \u201cK\u00fcrt a\u00e7\u0131l\u0131m\u0131\u201dyla ilgili sorusuna:<\/strong><\/p>\n<p><strong>\u201cBiz 72 milyon karde\u015fiz ve bir tek milletiz. \u201cK\u00fcrt a\u00e7\u0131l\u0131m\u0131\u201d gibi; ayr\u0131mc\u0131l\u0131k ve \u0131rk\u00e7\u0131l\u0131k tohumu serpen, Milli birlik ve dirli\u011fimizi zedeleyen s\u00f6ylemler talihsiz ve tehlikelidir. Bunlar d\u0131\u015f g\u00fc\u00e7lerin ve i\u015fbirlik\u00e7ilerin \u00fclke b\u00fct\u00fcnl\u00fc\u011f\u00fcm\u00fcze y\u00f6nelik tertip ve te\u015fvikleri sonucu yap\u0131lan \u00fcz\u00fcc\u00fc ve d\u00fc\u015f\u00fcnd\u00fcr\u00fcc\u00fc giri\u015fimlerdir\u201d anlam\u0131ndaki s\u00f6zlerine kar\u015f\u0131l\u0131k, baz\u0131 SP yetkililerinin tam aksine, AKP\u2019yi destekler mahiyette mesajlar vermesi \u015fa\u015f\u0131rt\u0131c\u0131d\u0131r.<\/strong><\/p>\n<p><strong>Oysa, bu tart\u0131\u015fman\u0131n gidi\u015fi, bu \u201ca\u00e7\u0131l\u0131m\u201d s\u00fcrecinin neticesi; \u201cT\u00fcrk milleti sorunu\u201dnu ortaya \u00e7\u0131karaca\u011f\u0131 a\u00e7\u0131kt\u0131r.\u00a0K\u00fcrt kimli\u011fi \u00fczerinden y\u00fcr\u00fct\u00fclecek bir tart\u0131\u015fma ve \u00e7al\u0131\u015fman\u0131n, \u201cT\u00fcrk kimli\u011fi\u201d sorunuyla kar\u015f\u0131la\u015f\u0131lmas\u0131 elbette ka\u00e7\u0131n\u0131lmaz olacakt\u0131r.<\/strong><\/p>\n<p><strong>DTP-PKK \u00e7izgisinin tezi ve talepleri, \u201cT\u00fcrk milleti\u201d kavram\u0131n\u0131 bir \u00fcst kimlik olarak reddetmekte, onu da bir etnik kimlik olarak tescile \u00e7al\u0131\u015fmaktad\u0131r. Ba\u015fka bir deyi\u015fle, DTP ve PKK\u2019ya g\u00f6re: \u201ce\u011fer T\u00fcrkl\u00fck bir \u00fcst kimlik veya milli bir kimlikse, K\u00fcrtl\u00fck de bir \u00fcst kimlik veya milli kimlik say\u0131lmal\u0131d\u0131r.\u201d DTP ve PKK, \u201cK\u00fcrtl\u00fck \u00fcst kimlik olarak kabul edilmeyecekse, T\u00fcrkl\u00fck de bir etnik kimlik olarak kabul edilmelidir\u201d iddias\u0131ndad\u0131r.<\/strong><\/p>\n<p><strong>\u201cIrak, kom\u015fu de\u011fil orta\u011f\u0131m\u0131z\u201dm\u0131\u015f!<\/strong><\/p>\n<p>Ba\u015fbakan Erdo\u011fan\u2019\u0131n Ekim\u2019de yap\u0131lmas\u0131 beklenen ziyareti \u00f6ncesi Ba\u011fdat\u2019a giden D\u0131\u015fi\u015fleri Bakan\u0131 Ahmet Davuto\u011flu, \u201cIrak\u2019\u0131 Entegre olunmas\u0131 gereken b\u00fcy\u00fck bir ortak\u201d olarak g\u00f6rd\u00fcklerini vurgulam\u0131\u015ft\u0131r. Irak D\u0131\u015f i\u015fleri Bakan\u0131 Hoy\u015far Zebari de, Irak y\u00f6netimi ve Kuzeydeki b\u00f6lgesel y\u00f6netimin ter\u00f6rle m\u00fccadele konusunda al\u0131nan b\u00fct\u00fcn kararlar\u0131 tatbik edece\u011fini a\u00e7\u0131klam\u0131\u015ft\u0131r.<\/p>\n<p>Bu tav\u0131r, \u00f6nce Kuzey Irak\u2019<st1:personname productid=\"la T\u00fcrkiye\" w:st=\"on\">la T\u00fcrkiye<\/st1:personname>\u2019nin Entegrasyonu\u2019na, ard\u0131ndan G\u00fcneydo\u011fu K\u00fcrdistan\u0131yla, Kuzey Irak K\u00fcrdistan\u0131n\u0131n birle\u015fip T\u00fcrkiye\u2019den ayr\u0131lmas\u0131na giden s\u00fcrecin bir devam\u0131d\u0131r.<\/p>\n<p><strong>Kore Sava\u015f\u0131\u2019nda Ermeni parma\u011f\u0131!<\/strong><\/p>\n<p>Bug\u00fcn \u201cK\u00fcrt a\u00e7\u0131l\u0131m\u0131na\u201d alk\u0131\u015f tutan Ermeni ayd\u0131nlar\u0131n bu yakla\u015f\u0131m\u0131 da kafa kar\u0131\u015ft\u0131r\u0131c\u0131d\u0131r. Maalesef Ermeniler, bilindi\u011fi gibi her f\u0131rsatta bizi bitirmeye u\u011fra\u015f\u0131r.<\/p>\n<p>Star gazetesinde yay\u0131mlanan bir haberin ba\u015fl\u0131\u011f\u0131: \u201cKore\u2019de terc\u00fcman ihaneti\u201d. \u201cKore Sava\u015f\u0131 s\u0131ras\u0131nda Amerikal\u0131lar\u0131n g\u00f6rev verdi\u011fi Ermeni terc\u00fcmanlar\u0131n, kritik bilgileri saklayarak T\u00fcrk birli\u011finin cephede savunmas\u0131z kalmas\u0131na ve b\u00fcy\u00fck kay\u0131plar vermesine neden oldu\u011fu ortaya \u00e7\u0131km\u0131\u015ft\u0131r. Habere g\u00f6re, \u0130ngilizce s\u0131k\u0131nt\u0131 \u00e7eken T\u00fcrk subaylar\u0131yla sa\u011fl\u0131kl\u0131 irtibat i\u00e7in, Amerikal\u0131lar T\u00fcrk\u00e7e bilen Ermeni terc\u00fcmanlar tutmu\u015flard\u0131r. Onlarda T\u00fcrk birliklerini tuza\u011fa \u00e7ekecek, kas\u0131tl\u0131 ve yan\u0131lt\u0131c\u0131 bilgiler aktarm\u0131\u015flard\u0131r.<\/p>\n<p>\u201cK\u00fcrt a\u00e7\u0131l\u0131m\u0131\u201dn\u0131n i\u00e7 dinamikleri tart\u0131\u015f\u0131lmaya a\u00e7\u0131lm\u0131\u015ft\u0131 ama d\u0131\u015f boyutu \u00fczerinde neden fazla durulmam\u0131\u015ft\u0131?. Oysa bu s\u00fcrecin ba\u015flat\u0131lmas\u0131ndaki zamanlama dikkat \u00e7ekiyordu. <a target=\"_blank\" href=\"http:\/\/milarsiv.milliyet.com.tr\/Ankara\/1\/1128762\/\" rel=\"noopener\">Ankara<\/a>\u2019n\u0131n; <a target=\"_blank\" href=\"http:\/\/milarsiv.milliyet.com.tr\/Ermenistan\/1\/1128762\/\" rel=\"noopener\">Ermenistan<\/a>, <a target=\"_blank\" href=\"http:\/\/milarsiv.milliyet.com.tr\/K%C3%BCrt%20sorunu\/1\/1128762\/\" rel=\"noopener\">K\u00fcrt a\u00e7\u0131l\u0131m\u0131<\/a> ve Az\u0131nl\u0131klar\u0131n dini talepleriyle ilgili \u00e7al\u0131\u015fmalar\u0131 neredeyse e\u015fzamanl\u0131 olarak h\u0131zlan\u0131yordu. <a target=\"_blank\" href=\"http:\/\/milarsiv.milliyet.com.tr\/ABD\/1\/1128762\/\" rel=\"noopener\">ABD<\/a> Ba\u015fkan\u0131 <a target=\"_blank\" href=\"http:\/\/milarsiv.milliyet.com.tr\/Barack%20Obama\/1\/1128762\/\" rel=\"noopener\">Barack Obama<\/a>\u2019n\u0131n Ankara ziyaretiyle bunlar aras\u0131nda bir paralellik g\u00f6zleniyordu. Obama, se\u00e7im \u00f6ncesinde taahh\u00fct etti\u011fi gibi ABD\u2019nin <a target=\"_blank\" href=\"http:\/\/milarsiv.milliyet.com.tr\/Irak\/1\/1128762\/\" rel=\"noopener\">Irak<\/a>\u2019tan a\u015famal\u0131 bi\u00e7imde \u00e7ekilece\u011fini a\u00e7\u0131klam\u0131\u015ft\u0131. Ba\u015fkan Obama Ankara ziyaretinde <a target=\"_blank\" href=\"http:\/\/milarsiv.milliyet.com.tr\/TBMM\/1\/1128762\/\" rel=\"noopener\">TBMM<\/a>\u2019de bir konu\u015fma yapm\u0131\u015ft\u0131. Bu konu\u015fmada Ankara\u2019ya talimat gibi \u00fc\u00e7 tavsiyesi vard\u0131:<\/p>\n<p>1 &#8211; Ermenistan\u2019la sorunlar\u0131 halledin.<\/p>\n<p>2 &#8211; K\u00fcrt sorununa \u00e7\u00f6z\u00fcm \u00fcretin.<\/p>\n<p>3 &#8211; <a target=\"_blank\" href=\"http:\/\/milarsiv.milliyet.com.tr\/Heybeliada\/1\/1128762\/\" rel=\"noopener\">Heybeliada<\/a> <a target=\"_blank\" href=\"http:\/\/milarsiv.milliyet.com.tr\/Ruhban%20Okulu\/1\/1128762\/\" rel=\"noopener\">Ruhban Okulu<\/a>\u2019na izin verin.<\/p>\n<p>Ankara bu \u00fc\u00e7 konuyu hemen g\u00fcndeme ta\u015f\u0131d\u0131 ve h\u0131zla giri\u015fimlerde bulundu. Cumhurba\u015fkan\u0131 <a target=\"_blank\" href=\"http:\/\/milarsiv.milliyet.com.tr\/Abdullah%20G%C3%BCl\/1\/1128762\/\" rel=\"noopener\">Abdullah G\u00fcl<\/a>\u2019\u00fcn \u00f6ne ald\u0131\u011f\u0131 Ermenistan\u2019la ili\u015fkileri normalle\u015ftirme \u00e7al\u0131\u015fmalar\u0131, Heybeliada Ruhban Okulu tart\u0131\u015fmalar\u0131 ve K\u00fcrt a\u00e7\u0131l\u0131m\u0131 g\u00fcndemin ilk \u00fc\u00e7 s\u0131ras\u0131na oturtuldu. Ba\u015fbakan Tayyip Erdo\u011fan ise <a target=\"_blank\" href=\"http:\/\/milarsiv.milliyet.com.tr\/yerel%20se%C3%A7im\/1\/1128762\/\" rel=\"noopener\">yerel se\u00e7im<\/a> \u00f6ncesinde <a target=\"_blank\" href=\"http:\/\/milarsiv.milliyet.com.tr\/G%C3%BCneydo%C4%9Fu\/1\/1128762\/\" rel=\"noopener\">G\u00fcneydo\u011fu<\/a>\u2019da kulland\u0131\u011f\u0131 sahte milliyet\u00e7i s\u00f6ylemden h\u0131zla uzakla\u015f\u0131p \u2018G\u00f6r\u00fc\u015fmem\u2019 dedi\u011fi <a target=\"_blank\" href=\"http:\/\/milarsiv.milliyet.com.tr\/DTP\/1\/1128762\/\" rel=\"noopener\">DTP<\/a> Lideri ve PKK temsilcisi <a target=\"_blank\" href=\"http:\/\/milarsiv.milliyet.com.tr\/Ahmet%20T%C3%BCrk\/1\/1128762\/\" rel=\"noopener\">Ahmet T\u00fcrk<\/a>\u2019le bulu\u015ftu.<\/p>\n<p>B\u00fct\u00fcn bunlar\u0131n Milli ve yerli de\u011fil, d\u0131\u015f destekli projeler oldu\u011fu s\u0131r\u0131t\u0131yordu.<\/p>\n<p><strong>\u00a0<\/strong><\/p>\n<p><strong>Abdullah \u00d6calan\u2019\u0131n avukat\u0131 ve \u201cAsr\u0131n Hukuk B\u00fcrosu\u201d eleman\u0131 \u00d6mer G\u00fcne\u015f\u2019in \u015fu \u00f6nerileri, Ba\u015fbakan Recep Erdo\u011fan\u2019\u0131n ve AKP\u2019li Dengir Mir Mehmet F\u0131rat\u2019\u0131n projelerinin ilham kayna\u011f\u0131 oluyordu:<\/strong><\/p>\n<p><strong>1- \u201cHasan Cemal Form\u00fcl\u00fc\u201d gerekliymi\u015f:<\/strong> \u201c\u0130lk ad\u0131m olarak ellerin tetikten \u00e7ekilmesi ve \u0130ttihat\u00e7\u0131 mason sabataist Cemal Pa\u015fa\u2019n\u0131n torunu Hasan Cemal\u2019in de dikkat \u00e7ekti\u011fi \u201cpotansiyel \u00e7at\u0131\u015fmac\u0131lar\u0131n birbirlerinin kar\u015f\u0131s\u0131na \u00e7\u0131kmayacak bir bi\u00e7imde mevzilenmeleri\u201d fazlas\u0131yla \u00f6nem arz etmektedir.\u201d<\/p>\n<p><strong>Yani TSK ile PKK iki ayr\u0131 devletin silahl\u0131 g\u00fcc\u00fc say\u0131l\u0131p, kar\u015f\u0131l\u0131kl\u0131 ate\u015fkes sa\u011flanmal\u0131!?.<\/strong><\/p>\n<p><strong>2- \u00d6calan \u201cBirle\u015ftiren Fenomen\u201d olabilirmi\u015f:<\/strong> PKK ve K\u00fcrtler \u00fczerindeki etkisi zaten objektif olarak \u00d6calan\u2019\u0131 tart\u0131\u015fmalar\u0131n oda\u011f\u0131na ta\u015f\u0131maktad\u0131r. T\u00fcrkiye toplumunun \u00d6calan alg\u0131s\u0131 \u015fimdiye kadar \u201cb\u00f6len fenomen\u201d olmu\u015ftur. Ancak, bar\u0131\u015fa sunaca\u011f\u0131 katk\u0131yla birlikte bu alg\u0131 \u201cbirle\u015ftiren fenomen\u201de de d\u00f6n\u00fc\u015febilir.<\/p>\n<p>Ko\u015fullar\u0131 itibariyle \u00e7ok a\u011f\u0131r tecrit ko\u015fullar\u0131nda bulunmas\u0131na ra\u011fmen, 10 y\u0131ld\u0131r bar\u0131\u015f\u0131n sa\u011flanmas\u0131na d\u00f6n\u00fck \u00e7aba i\u00e7erisinde olmu\u015ftur. Dolay\u0131s\u0131yla bu \u00e7abalar g\u00f6z ard\u0131 edilmeden bar\u0131\u015fa katk\u0131 yapabilece\u011fi ko\u015fullar kendisine sa\u011flanmal\u0131d\u0131r.\u201d <br \/><strong>Yani APO resmen muhatap al\u0131nmal\u0131!..<\/strong><\/p>\n<p><strong>3- \u201cKorsika \u00d6rne\u011fi\u201d ge\u00e7erliymi\u015f:<\/strong> \u201cAnayasada etnik aidiyet vurgusu yerine, devletin t\u00fcm etnisitelere e\u015fit mesafede olmas\u0131, devletin n\u00f6tr kalmas\u0131 daha \u00e7ok \u00f6nemsenmelidir. Anayasa, sadece T\u00fcrklerin ve K\u00fcrtlerin de\u011fil, b\u00fct\u00fcn k\u00fclt\u00fcrlerin kendisini ifade etmesine cevaz vermelidir.\u201d<\/p>\n<p><strong>Yani \u201cT\u00fcrk Milleti\u201d kavram\u0131 tarihe kar\u0131\u015fmal\u0131!<\/strong><\/p>\n<p><strong>4- Kuzey Irak b\u00f6lgeyi zenginle\u015ftirirmi\u015f:<\/strong> B\u00f6lgenin, Bat\u0131 b\u00f6lgeleriyle e\u015fitsizli\u011finin giderilmesi i\u00e7in pozitif ayr\u0131mc\u0131l\u0131k uygulanmal\u0131d\u0131r. Zaten, Irak K\u00fcrdistan b\u00f6lgesinde ortaya \u00e7\u0131kan katma de\u011ferin b\u00f6lge \u00fczerinden T\u00fcrkiye\u2019ye kanalize edilmesi de b\u00f6lgeye ekonomik anlamda \u00f6nemli katk\u0131lar\u0131 olacakt\u0131r. Ayr\u0131ca, K\u00fcrtlerin kendi kimlikleriyle siyaset yapabilmeleri, \u00e2demimerkeziyet\u00e7ili\u011fe ge\u00e7ilerek, yerel y\u00f6netimlere yetki devirlerinin sa\u011flanmas\u0131 da gerekir.\u201d<a href=\"#_ftn2\">[2]<\/a><\/p>\n<p><strong>Yani Irak\u2019\u0131n ve K\u00fcrdistan\u0131n hamili\u011fini T\u00fcrkiye yapmal\u0131, b\u00f6ylece B\u00fcy\u00fck \u0130srail, BOP e\u015f ba\u015fkan\u0131 olan Recep Erdo\u011fan\u2019a kurdurulmal\u0131!<\/strong><\/p>\n<p><strong>\u015eimdi yan\u0131t\u0131 bulunmas\u0131 gereken soru \u015fudur: T\u00fcrk Milleti ve T\u00fcrkiye tarihe mi kar\u0131\u015f\u0131yordu?<\/strong><\/p>\n<p><strong>ABD \u201cK\u00fcrt A\u00e7\u0131l\u0131m\u0131\u201dn\u0131n Mimar\u0131 m\u0131?<\/strong><\/p>\n<p>\u201cABD&#8217;nin Ankara B\u00fcy\u00fckel\u00e7isi James Jeffrey, Baykal&#8217;a bir ziyaret yapm\u0131\u015ft\u0131&#8230; Ama \u00fczerinde pek durulmam\u0131\u015ft\u0131&#8230; ABD el\u00e7isi neden CHP&#8217;nin kap\u0131s\u0131n\u0131 \u00e7alm\u0131\u015ft\u0131? Jefferey &#8220;ABD&#8217;nin g\u00f6r\u00fc\u015flerini aktard\u0131m&#8221; diye a\u00e7\u0131klam\u0131\u015ft\u0131&#8230; Ard\u0131ndan Baykal partisinin grup toplant\u0131s\u0131nda bir konu\u015fma yapm\u0131\u015f ve \u00f6zetle &#8220;ABD \u00e7ekilirken ard\u0131nda istikrarl\u0131 bir Irak b\u0131rakmak istiyor.&#8221;buyurmu\u015flard\u0131. Asl\u0131nda bu s\u00f6z her \u015feyi anlatmaktayd\u0131&#8230;<\/p>\n<p>S\u0131ralarsak;<\/p>\n<ul>\n<li>\u00b7 \u201cK\u00fcrt meselesi\u201d art\u0131k yerel bir konu de\u011fildir. Y\u0131llard\u0131r \u201cKuzey Irak\u201d diye bir ger\u00e7ek vard\u0131r, ve Irak&#8217;taki g\u00fcvenlik zafiyeti ABD i\u00e7in \u00f6nemlidir.<\/li>\n<li>\u00b7 T\u00fcrkiye Kuzey Irak&#8217;taki PKK varl\u0131\u011f\u0131 nedeniyle o b\u00f6lgeye m\u00fcdahil olmaktad\u0131r ve ilgilidir.<br \/>Bu da b\u00f6lgedeki istikrar\u0131 olumsuz etkilemektedir.<\/li>\n<li>\u00b7 Bu nedenle PKK&#8217;n\u0131n silah\u0131 b\u0131rakmas\u0131 gerekmektedir.<\/li>\n<li>\u00b7 Bu ise bir projeyle yada a\u00e7\u0131l\u0131mla giderilebilir&#8230;<\/li>\n<li>\u00b7 Ancak T\u00fcrkiye&#8217;nin bu a\u00e7\u0131l\u0131m\u0131 yapabilmesi i\u00e7in yaln\u0131zca h\u00fck\u00fcmetin siyasi a\u011f\u0131rl\u0131\u011f\u0131 yetmemektedir. Buna bir devlet projesi, ya da bir parlamento deste\u011fi vermek gerekmektedir&#8230;<\/li>\n<\/ul>\n<p>MHP halk\u0131n havas\u0131n\u0131 indirme rol\u00fcndedir. Bu nedenle CHP kilit partidir. \u00c7\u00fcnk\u00fc ancak CHP geli\u015fmenin i\u00e7ine kat\u0131l\u0131rsa, parlamento a\u011f\u0131rl\u0131\u011f\u0131 meydana gelecek ve b\u00f6ylece h\u00fck\u00fcmet daha rahat hareket edecektir.<\/p>\n<p>Bu nedenle ABD&#8217;nin Irak&#8217;taki \u00e7\u0131kar\u0131, T\u00fcrkiye&#8217;nin geli\u015ftirece\u011fi &#8220;a\u00e7\u0131l\u0131m&#8221; ya da &#8220;\u00e7\u00f6z\u00fcm program\u0131&#8221;yla do\u011frudan ili\u015fkilidir&#8230;<\/p>\n<p>Evet b\u00fct\u00fcn bunlar\u0131 alt alta s\u0131ralay\u0131nca ABD el\u00e7isinin Baykal&#8217;\u0131 ziyaretindeki ama\u00e7 ortaya \u00e7\u0131kmaktad\u0131r&#8230;\u201d diyen Fatih \u00c7ekirge, K\u00fcrt a\u00e7\u0131l\u0131m\u0131nda, yani T\u00fcrkiye K\u00fcrdistan\u0131n\u0131n kurulmas\u0131nda, CHP\u2019nin AKP\u2019ye destek vermesi gerekti\u011fini, zaten bu talimat\u0131n ABD b\u00fcy\u00fckel\u00e7isince kendisine iletildi\u011fini; Amerika ve \u0130srail\u2019in b\u00f6lgedeki \u00e7\u0131karlar\u0131n\u0131 koruman\u0131n kutsal(!) ve ka\u00e7\u0131n\u0131lmaz bir g\u00f6rev gibi g\u00f6r\u00fclmesini \u00f6\u011f\u00fctleyerek, H\u00fcrriyet\u2019in Yahudi havarili\u011fini bir kez daha ispatl\u0131yordu.<\/p>\n<p><strong>K\u00fcrt A\u00e7\u0131l\u0131m\u0131 Neyin Diyeti Olmaktayd\u0131?<\/strong><\/p>\n<p>Ruhsar \u015eeno\u011flu\u2019nun \u015fu saptamalar\u0131 \u00f6nemli ve anlaml\u0131yd\u0131:<\/p>\n<p>T\u00fcrkiye 2. D\u00fcnya Sava\u015f\u0131\u2019ndan bu yana en \u015fiddetlim krizini ya\u015famaktayd\u0131. 18 milyar dolarl\u0131k \u201ckayna\u011f\u0131 belirsiz para\u201d olmasayd\u0131, T\u00fcrkiye\u2019de ne ekonomi kal\u0131rd\u0131, ne AKP iktidar\u0131!\u201d.<\/p>\n<p>Ekonomist ve siyaset\u00e7iler konuyla ilgili ayr\u0131nt\u0131larda farkl\u0131 tart\u0131\u015fma y\u00fcr\u00fct\u00fcyorlar ama yukar\u0131daki saptamada birle\u015fiyorlard\u0131.<\/p>\n<p>Bu, 18 milyar dolar\u0131n 12-13 milyar dolar\u0131 \u201ckayna\u011f\u0131 belirsiz\u201d kara parayd\u0131!<\/p>\n<p>B\u00fct\u00fcn bunlar\u0131n \u00fczerine, 27 Temmuz &#8211;\u00a0 5 A\u011fustos g\u00fcnlerinde, Borsa\u2019y\u0131 y\u00fczde 110 \u015fi\u015firen bir manip\u00fclasyon ya\u015fand\u0131. Para, do\u011frudan banka-holding hisselerine akm\u0131\u015ft\u0131. Ergenekon konusunda \u00e7e\u015fitli defalar \u201chukuk i\u00e7erisinde hareket edilmesini\u201d isteyen \u201cb\u00fcy\u00fck sermayenin\u201d kasas\u0131na \u201cSus Pay\u0131\u201dyd\u0131!..<\/p>\n<p>Bu kara paran\u0131n do\u011frudan do\u011fruya Obama\u2019n\u0131n emriyle, CIA ba\u011flant\u0131l\u0131 spek\u00fclat\u00f6rler marifetiyle ve \u00e7e\u015fitli kanallar \u00fczerinden T\u00fcrkiye\u2019ye y\u00f6nlendirildi\u011fi ortaya \u00e7\u0131km\u0131\u015ft\u0131. Piyasas\u0131n paraya doyurulmas\u0131, 29 Mart yerel se\u00e7imleri \u00f6ncesinde Tayyip iktidar\u0131yla Fetullah\u00e7\u0131lar aras\u0131nda kurulan mutabakat\u0131n bir par\u00e7as\u0131yd\u0131. \u201cK\u00fcrt A\u00e7\u0131l\u0131m\u0131\u201dndan \u00f6nce Tayyip ile G\u00fcl aras\u0131ndaki buzlar da eritilmeye \u00e7al\u0131\u015f\u0131lm\u0131\u015ft\u0131.<\/p>\n<p>\u00a0<\/p>\n<p><strong>ABD Patron, APO Ta\u015feron, Erdo\u011fan Piyon Konumundayd\u0131!<\/strong><\/p>\n<p>Zira \u201cK\u00fcrt A\u00e7\u0131l\u0131m\u0131\u201d Abdullah G\u00fcl\u2019\u00fcn ABD\u2019yle imzalad\u0131\u011f\u0131 s\u00f6ylenen \u201ciki sayfa dokuz maddelik\u201d gizli anla\u015fmas\u0131 i\u00e7inde \u00f6nemli bir yer tutmaktayd\u0131. G\u00fcl\u2019\u00fcn Sedat Serto\u011flu ile r\u00f6portaj\u0131nda itiraf etti\u011fi, 2 Nisan 2003 g\u00fcnk\u00fc Vatan gazetesinde yay\u0131mlanan gizli anla\u015fman\u0131n ilgili maddeleri \u015funlard\u0131:<\/p>\n<p>5.Madde: Kukla devlet T\u00fcrkiye taraf\u0131ndan resmen tan\u0131nacak.<\/p>\n<p>6.Madde: PKK\u2019ya af \u00e7\u0131kar\u0131lacak ve PKK yasalla\u015ft\u0131r\u0131lacak.<\/p>\n<p>7.Madde: G\u00fcneydo\u011fu belediyelerine \u00f6zerklik sa\u011flanacak ve T\u00fcrkiye ad\u0131m ad\u0131m federasyonlara ayr\u0131lacak.<\/p>\n<p><strong>E\u015fk\u0131ya Ba\u015f\u0131 Apo: \u201cK\u00fcrt Toplumu Ana Dilinde E\u011fitimini Ve \u00d6z Savunmas\u0131n\u0131 Yapacak, \u00d6zel Savunma G\u00fcc\u00fcn\u00fc Olu\u015fturacak\u201d diyordu!?<\/strong><\/p>\n<p><strong>Devlet ve Demokratik K\u00fcrt Ulusu: <\/strong>Benim \u00e7\u00f6z\u00fcm modelim \u015fudur: Devlet olacak, di\u011fer tarafta da demokratik K\u00fcrt ulusu olacak. K\u00fcrtler devletin varl\u0131\u011f\u0131n\u0131 tan\u0131yacak, kabul edecek. Devlet de K\u00fcrtlerin demokratik ulus olma hakk\u0131n\u0131 kabul edecek. B\u00f6ylece orta bir yerde bulu\u015facak, uzla\u015facaklar. Sonra devlet isterse yine her yerde bayra\u011f\u0131 olacak, isterse her yere hizmet g\u00f6t\u00fcrecek, isterse her yerde <a target=\"_blank\" href=\"http:\/\/milarsiv.milliyet.com.tr\/T%C3%BCrk%C3%A7e\/1\/1129021\/\" rel=\"noopener\">T\u00fcrk\u00e7e<\/a> \u00f6\u011fretecek.<\/p>\n<p><strong>K\u00fcrtlerin Meclisi ve \u00d6z Savunma G\u00fcc\u00fc Olmal\u0131d\u0131r: <\/strong>K\u00fcrtlerin her alanda \u00f6rg\u00fctlenmesinin \u00f6n\u00fc a\u00e7\u0131lacak, K\u00fcrtler demokratik bir ulus olarak varl\u0131k kazanacak. Kendi sporunu, e\u011fitimini, dini \u00f6rg\u00fctlenmelerini, meclisini, belediyelerini yapabilirse kendisi yapacak, kuracak. Hatta kendi \u00f6z savunmas\u0131 bile olacak. Kendi ihtilaflar\u0131n\u0131 \u00e7\u00f6zecek bir savunma g\u00fcc\u00fc olacak.<\/p>\n<p>K\u00fcrtler, kendini demokratik bir \u015fekilde \u00f6rg\u00fctleyecek, savunacak. Bu s\u00fcre\u00e7te \u00f6n\u00fcm\u00fcn a\u00e7\u0131lmas\u0131 i\u00e7in, bunu hep beraber y\u00fcr\u00fctebilmemiz i\u00e7in ko\u015fullar\u0131m\u0131n d\u00fczeltilmesi laz\u0131m.<\/p>\n<p><strong>T\u00fcrkler ve K\u00fcrtler Yan Yana Bulunmal\u0131d\u0131r: <\/strong>Her \u015fey tepeden t\u0131rna\u011fa de\u011fi\u015fmek durumunda. Toplumun yeniden yap\u0131land\u0131r\u0131lmas\u0131ndan, en k\u00fc\u00e7\u00fck h\u00fccresine kadar de\u011fi\u015fimden, demokratik toplumdan bahsediyorum. Anadilde e\u011fitimden, k\u00fclt\u00fcrden bahsediyorlar.<\/p>\n<p>Benim \u00e7\u00f6z\u00fcm\u00fcmde T\u00fcrkler de K\u00fcrtler de kendi dillerini, k\u00fclt\u00fcrlerini, tarzlar\u0131n\u0131 ortaya koyacaklar, ikisi de yan yana olacak. Toplum kendi demokratik i\u015fleyi\u015fini, \u00f6z y\u00f6netimini, e\u011fitimini, hatta \u00f6z savunmas\u0131n\u0131 yap\u0131land\u0131racak. Devlet buna engel olmayacak.<\/p>\n<p><strong>G\u00fclen\u2019le Yakla\u015f\u0131mlar ve Ortak \u00c7al\u0131\u015fmalar Olmas\u0131 Do\u011fald\u0131r: <\/strong>Fethullah Hoca\u2019y\u0131 takip ediyorum, okuyorum. Olumsuz de\u011ferlendirmiyorum. <a target=\"_blank\" href=\"http:\/\/milarsiv.milliyet.com.tr\/K%C3%BCrdistan\/1\/1129021\/\" rel=\"noopener\">K\u00fcrdistan<\/a>\u2019da okullar\u0131 cemaatleri var, \u00f6rg\u00fctl\u00fcler. Demokratik temelde, kar\u015f\u0131l\u0131kl\u0131 yakla\u015f\u0131mlar olabilir.<\/p>\n<p><strong>Eski Genel Kurmay Ba\u015fkan\u0131 Hilmi \u00d6zk\u00f6k, Abdullah \u00d6calan\u2019la ayn\u0131 \u015feyleri savunuyordu!<\/strong><\/p>\n<p><strong>\u2018Bir Soru \u00dczerine:<\/strong><\/p>\n<p><a target=\"_blank\" href=\"http:\/\/milarsiv.milliyet.com.tr\/Anayasa\/1\/1129046\/\" rel=\"noopener\"><em><strong>Anayasa<\/strong><\/em><\/a><em><strong>\u2019n\u0131n 66. maddesinde bir tan\u0131m var. T\u00fcrk devletine vatanda\u015fl\u0131k ba\u011f\u0131yla ba\u011fl\u0131 herkes T\u00fcrk\u2019t\u00fcr, diyor. Bu maddenin de\u011fi\u015fmesi gerekti\u011fini savunanlar var. Siz ne diyorsunuz?<\/strong><\/em><strong> <\/strong><\/p>\n<p>&#8211; \u201c<a target=\"_blank\" href=\"http:\/\/milarsiv.milliyet.com.tr\/Atat%C3%BCrk\/1\/1129046\/\" rel=\"noopener\">Atat\u00fcrk<\/a>\u2019\u00fcn s\u00f6yledi\u011fi bir s\u00f6z vard\u0131r. T\u00fcrkiye Cumhuriyetini kuran T\u00fcrk halk\u0131na, T\u00fcrk milleti denir. B\u00f6yle bir tarif yapar. Ne Mutlu T\u00fcrk\u00fcm diyene s\u00f6z\u00fcnden de anla\u015f\u0131ld\u0131\u011f\u0131 gibi T\u00fcrk bir genel \u201cs\u0131fat kelime\u201d olarak ifade edilmi\u015ftir. T\u00fcrk kelimesi etnik k\u00f6keni ifade amac\u0131yla de\u011fil, bir genelleme yaparak, kimseye bir ayr\u0131cal\u0131k atfetmeksizin b\u00fct\u00fcn T\u00fcrkiye vatanda\u015flar\u0131n\u0131 kastederek kullan\u0131lm\u0131\u015ft\u0131r. Kelimenin lafz\u0131n\u0131 de\u011fil anlam\u0131n\u0131, manas\u0131n\u0131 dikkate almak laz\u0131m. Anlam\u0131nda halk ikna edilmelidir. Bu kelime kullan\u0131l\u0131yor ama anlam\u0131 budur denmelidir.<\/p>\n<p><strong>Devlete isim verme konusunda bir\u00e7ok \u00fclke kendilerine g\u00f6re \u00e7\u00f6z\u00fcmler bulmu\u015ftur. Mesela Osmanl\u0131 demi\u015f, Sel\u00e7uklu demi\u015f, Amerikal\u0131 demi\u015f. Genellikle \u00e7ok etnisiteli \u00fclkeler etnik referans vermekten bazen \u00e7ekinmi\u015flerdir. Hatta tarafs\u0131z olsun diye ba\u015fka uluslardan kral \u00f6d\u00fcn\u00e7 alanlara bile rastlamak m\u00fcmk\u00fcnd\u00fcr. Ama hepsi \u015f\u00f6yle veya b\u00f6yle bir \u00e7\u00f6z\u00fcm bulmu\u015ftur. <\/strong><\/p>\n<p>Biz de \u00e7\u00f6z\u00fcm bulmal\u0131y\u0131z. Bunlar\u0131 ifade ederken T\u00fcrkiye\u2019nin ad\u0131n\u0131 de\u011fi\u015ftirmeyi teklif etti\u011fim san\u0131lmas\u0131n. Esasen bunu d\u00fc\u015f\u00fcnen ve ifade edene rastlamad\u0131m. Amac\u0131m \u00e7\u00f6z\u00fcm yollar\u0131n\u0131n \u00e7e\u015fitli olabilece\u011fine dikkat \u00e7ekmektir.<\/p>\n<p>Bir\u00e7ok ak\u0131ll\u0131 insan vard\u0131r T\u00fcrkiye\u2019de. Oturup bunu konu\u015facaklar, bir \u00e7\u00f6z\u00fcm \u00f6nerecektirler. Ama dedi\u011fim gibi \u00e7\u00f6z\u00fcm geni\u015f bir kat\u0131l\u0131mc\u0131l\u0131kla olmal\u0131, dayatma, ba\u015flamadan bitirme olmamal\u0131d\u0131r. \u00c7\u00f6z\u00fcme ula\u015fmada b\u00fct\u00fcn taraflara rol ve sorumluluk d\u00fc\u015f\u00fcyor.\u201d<a href=\"#_ftn3\">[3]<\/a> Diyerek k\u00fcrt a\u00e7\u0131l\u0131m\u0131na destek veriyordu.<\/p>\n<p>\u00a0<\/p>\n<p><strong>\u201cAmerikan Gladyosunun T\u00fcrkiye Aya\u011f\u0131!\u201d<\/strong><\/p>\n<p>B\u00fct\u00fcn bu Ergenekon senaryolar\u0131n\u0131n ve \u201cK\u00fcrt A\u00e7\u0131l\u0131m\u0131n\u0131n\u201d mimar\u0131 Siyonist Yahudilerin g\u00fcd\u00fcm\u00fcndeki Amerikan Gladyosu olmaktayd\u0131. Ankara\u2019da, Amerikan B\u00fcy\u00fckel\u00e7ili\u011fi\u2019nde oturuyorlar, her \u015feyi oradan y\u00f6netiyorlard\u0131.<\/p>\n<p>T\u00fcrk-Amerikan savunma i\u015fbirli\u011fi anla\u015fmas\u0131 gere\u011fi T\u00fcrkiye\u2019de bulunan ve ODC (Office of Defence Cooperation) ad\u0131 verilen birim Gladyo\u2019nun faaliyetlerine perdelik yapmaktayd\u0131.<\/p>\n<p>ABD Ankara B\u00fcy\u00fckel\u00e7isi James Jeffrey\u2019nin ise \u201cStay Behind\u201d\u0131n (S\u00fcper NATO), bir ba\u015fka deyi\u015fler Amerikan Gladyosunun \u00f6nemli isimlerinden biri olarak tan\u0131nm\u0131\u015ft\u0131. Bu nitelikte birinin Ankara\u2019ya b\u00fcy\u00fckel\u00e7i atanmas\u0131, o d\u00f6nem \u201cAmerikan y\u00f6netiminin T\u00fcrkiye\u2019de daha sald\u0131rgan bir politika izleyece\u011fi\u201d yorumlar\u0131na yol a\u00e7m\u0131\u015ft\u0131.<strong> <\/strong><\/p>\n<p><strong>Br\u00fcksel Zirvesi Sonu\u00e7 Bildirgesi\u2019nin \u201cT\u00fcrkiye\u201d ba\u015fl\u0131kl\u0131 b\u00f6l\u00fcm\u00fcnden; \u201cPresidency Conclusions\u201d yani kesinle\u015fmi\u015f BA\u015eKANLIK karar\u0131\u2026 Yani Ortado\u011fu\u2019da tek merkezli yeni bir devlete do\u011fru yakla\u015f\u0131lmaktayd\u0131.<\/strong><\/p>\n<p><strong>Madde.23\u2019te: \u201c\u2026m\u00fczakerelerin yaln\u0131z T\u00fcrkiye\u2019yle de\u011fil, di\u011fer devletlerle de yap\u0131labilece\u011fini\u2026 M\u00fczakereler s\u0131ras\u0131nda T\u00fcrkiye birka\u00e7 devlete b\u00f6l\u00fcn\u00fcrse veya g\u00fcneydo\u011fu b\u00f6lgesinde bir K\u00fcrt devleti kurulursa, yeni bir karara gerek olmaks\u0131z\u0131n onlarla da m\u00fczakere yap\u0131laca\u011f\u0131na \u2026.\u201d Kay\u0131tlar\u0131 yer almaktayd\u0131.<\/strong><\/p>\n<p><strong>Bu tek madde bile; baz\u0131lar\u0131n\u0131 hala uyand\u0131rm\u0131yorsa, onlar ya ahmakt\u0131 veya bile bile h\u0131yanete ortakl\u0131kt\u0131.<\/strong><\/p>\n<p><strong>Seyredince mide buland\u0131ran bir riyakarl\u0131kla; \u00a0Recep Ba\u015fbakan\u2019\u0131n Meclis Grup toplant\u0131s\u0131nda hamasi nutuklarla y\u00fcrek da\u011flamas\u0131(!..) Ba\u015fta B\u00fclent Ar\u0131n\u00e7 ve di\u011fer, Milli Birli\u011fimize duyars\u0131z Milletvekillerinin duygulan\u0131p a\u011flamas\u0131\u2026 Saman TV, Kanal 7 ve di\u011fer yanda\u015f ya\u011fc\u0131lar\u0131n bu samimiyetsizli\u011fi s\u0131r\u0131tan g\u00f6zya\u015flar\u0131n\u0131 d\u00f6ne d\u00f6ne ekrana ta\u015f\u0131y\u0131p aktarmas\u0131, bize Fetullah G\u00fclen\u2019i hat\u0131rlatm\u0131\u015ft\u0131. O da bir zamanlar salya-s\u00fcm\u00fck \u00e7ok a\u011flam\u0131\u015ft\u0131 ama sonunda ka\u00e7\u0131p Amerika\u2019ya ve Siyonist tanr\u0131s\u0131na s\u0131\u011f\u0131nmak zorunda kalm\u0131\u015ft\u0131\u2026 \u00dcstelik art\u0131k a\u011flamay\u0131 da b\u0131rakm\u0131\u015ft\u0131. Acaba Milletin maddi ve manevi sorunlar\u0131 m\u0131 halledilip a\u015f\u0131lm\u0131\u015ft\u0131,\u00a0 yoksa Yahova\u2019ya kavu\u015funca vuslata m\u0131 ula\u015fm\u0131\u015ft\u0131?!.<\/strong><\/p>\n<p><strong>\u00a0<\/strong><\/p>\n<p>\u00a0<\/p>\n<p> <br clear=\"all\" \/> <\/p>\n<hr \/>\n<p><a href=\"#_ftnref1\">[1]<\/a> Odatv.com, Erhan G\u00f6ksel<\/p>\n<p><a href=\"#_ftnref2\">[2]<\/a> Milliyet \/ 12 A\u011fustos \/ sh.16<\/p>\n<p><a href=\"#_ftnref3\">[3]<\/a> Milliyet \/ 17 08 2009 \/ Fikret Bila<\/p>\n","protected":false},"excerpt":{"rendered":"<p>\u00a0 \u201cK\u00fcrt A\u00e7\u0131l\u0131m\u0131\u201d, T\u00fcrkiye\u2019yi Par\u00e7alama Ad\u0131m\u0131d\u0131r: \u0130srail\u2019in plan\u0131, ABD ve AB\u2019nin dayatmas\u0131, \u0130mral\u0131 k\u00f6\u015fk\u00fcndeki APO\u2019nun talimat\u0131, BOP e\u015f ba\u015fkan\u0131 Recep T. Erdo\u011fan\u2019\u0131n demokrasi kahramanl\u0131\u011f\u0131 ve marazl\u0131-kiral\u0131k medya\u2019n\u0131n alk\u0131\u015flamas\u0131yla ba\u015flat\u0131lan \u201cK\u00fcrt a\u00e7\u0131l\u0131m\u0131\u201d, asl\u0131nda T\u00fcrkiye\u2019yi par\u00e7alama; varl\u0131k ve ba\u011f\u0131ms\u0131zl\u0131k sigortam\u0131z olan Lozan\u2019\u0131 kendi elimizle y\u0131rt\u0131p atma ahmakl\u0131\u011f\u0131 ve al\u00e7akl\u0131\u011f\u0131d\u0131r. AKP\u2019nin do\u011frudan sahiplenip ta\u015feronlu\u011funu yapt\u0131\u011f\u0131, CHP\u2019nin asl\u0131na de\u011fil, [&hellip;]<\/p>\n","protected":false},"author":4,"featured_media":0,"comment_status":"open","ping_status":"closed","sticky":false,"template":"","format":"standard","meta":{"footnotes":""},"categories":[100],"tags":[],"class_list":["post-1622","post","type-post","status-publish","format-standard","hentry","category-eylul-2009"],"_links":{"self":[{"href":"https:\/\/www.millicozum.com\/mc\/wp-json\/wp\/v2\/posts\/1622","targetHints":{"allow":["GET"]}}],"collection":[{"href":"https:\/\/www.millicozum.com\/mc\/wp-json\/wp\/v2\/posts"}],"about":[{"href":"https:\/\/www.millicozum.com\/mc\/wp-json\/wp\/v2\/types\/post"}],"author":[{"embeddable":true,"href":"https:\/\/www.millicozum.com\/mc\/wp-json\/wp\/v2\/users\/4"}],"replies":[{"embeddable":true,"href":"https:\/\/www.millicozum.com\/mc\/wp-json\/wp\/v2\/comments?post=1622"}],"version-history":[{"count":0,"href":"https:\/\/www.millicozum.com\/mc\/wp-json\/wp\/v2\/posts\/1622\/revisions"}],"wp:attachment":[{"href":"https:\/\/www.millicozum.com\/mc\/wp-json\/wp\/v2\/media?parent=1622"}],"wp:term":[{"taxonomy":"category","embeddable":true,"href":"https:\/\/www.millicozum.com\/mc\/wp-json\/wp\/v2\/categories?post=1622"},{"taxonomy":"post_tag","embeddable":true,"href":"https:\/\/www.millicozum.com\/mc\/wp-json\/wp\/v2\/tags?post=1622"}],"curies":[{"name":"wp","href":"https:\/\/api.w.org\/{rel}","templated":true}]}}