{"id":1623,"date":"2009-08-21T17:48:51","date_gmt":"2009-08-21T17:48:51","guid":{"rendered":"https:\/\/www.millicozum.com\/mc\/2009\/08\/21\/turkiye-israil-iliskileri-ve-erbakan-engeli\/"},"modified":"2009-08-21T17:48:51","modified_gmt":"2009-08-21T17:48:51","slug":"turkiye-israil-iliskileri-ve-erbakan-engeli","status":"publish","type":"post","link":"https:\/\/www.millicozum.com\/mc\/2009\/eylul-2009\/turkiye-israil-iliskileri-ve-erbakan-engeli\/","title":{"rendered":"T\u00dcRK\u0130YE-\u0130SRA\u0130L \u0130L\u0130\u015eK\u0130LER\u0130 VE ERBAKAN ENGEL\u0130"},"content":{"rendered":"<p><strong>\u00a0<\/strong><\/p>\n<p><strong>\u201c\u0130srail\u2019i destekleyen; M\u00fcsl\u00fcmanl\u0131ktanda, insanl\u0131ktanda nasipsizdir!\u201d<\/strong><\/p>\n<p><strong>\u00c7\u00fcnk\u00fc 60 y\u0131ld\u0131r Filistinli mazlumlara kar\u015f\u0131 ac\u0131mas\u0131zca y\u00fcr\u00fct\u00fclen vah\u015fetin; Irak ve Afganistan i\u015fgalindeki deh\u015fetin; bizdeki PKK ve Hizbullah gibi ter\u00f6r \u00f6rg\u00fctleri ve cinayetlerin; asker, polis ve sivil kanattaki \u00e7etele\u015fmelerin; Bosna ve Sincan\u2019da ki soyk\u0131r\u0131m ve h\u0131yanetlerin; Afrika\u2019daki i\u00e7 sava\u015f ve sefaletlerin; milyonlarca ki\u015finin telefine ve medeniyetlerin tahribine yol a\u00e7an 1. ve 2. d\u00fcnya harplerinin; yetmi\u015f y\u0131l s\u00fcren ve insanlara kan kusturan Rusya ve di\u011fer \u00fclkelerdeki kom\u00fcnist melanetin; b\u00fct\u00fcn insanl\u0131\u011f\u0131 manen mahveden ve vicdanen \u00e7\u00fcr\u00fcten her t\u00fcrl\u00fc ahlaki rezaletin birinci su\u00e7lusu ve sorumlusunun Siyonist Lobileri ve \u0130srail\u2019in y\u00f6neticileri oldu\u011funu, art\u0131k herkes bilmektedir. Bu korkun\u00e7 zul\u00fcmlere kar\u015f\u0131 \u00e7\u0131kan; Yahudiler de, H\u0131ristiyan kesimler de, putperest ve ateistler de elbette vicdan ehli kimselerdir. Ancak b\u00fct\u00fcn bu haks\u0131zl\u0131k ve ahlaks\u0131zl\u0131klar\u0131na ra\u011fmen, do\u011frudan veya dolayl\u0131 bi\u00e7imde, \u0130srail\u2019e ve Siyonist projelerine destek veren kimseler, b\u0131rak\u0131n M\u00fcsl\u00fcmanl\u0131\u011f\u0131, onurlu ve sorumlu insan bile de\u011fildir. Ve hele as\u0131rlar boyu \u0130slam\u2019a bayraktarl\u0131k yapm\u0131\u015f, insanl\u0131\u011f\u0131 medeniyet ve merhametle tan\u0131\u015ft\u0131rm\u0131\u015f \u015fanl\u0131 bir tarihin ve Aziz bir milletin varisi olan T\u00fcrkiye\u2019nin siyasileri, y\u00f6neticileri, sivil ve askeri yetkilileri olup ta, \u015fahsi makam ve menfaat u\u011fruna, \u00fclke \u00e7\u0131karlar\u0131m\u0131z\u0131 ve temel insan haklar\u0131m\u0131z\u0131 Siyonist lobilere ve \u0130srail\u2019e pe\u015fke\u015f \u00e7ekenler, her t\u00fcrl\u00fc laneti ve nefreti hak etmi\u015flerdir. B\u00f6ylelerini kahraman sanmak, Dinimize ve devletimize y\u00f6nelik h\u0131yanetlerine k\u0131l\u0131f uydurmak ise, en hafif deyimiyle, eblehliktir.<\/strong><\/p>\n<p><strong>T\u00fcrkiye-\u0130srail ili\u015fkilerinin tarihi:<\/strong><\/p>\n<ul>\n<li><strong>\u0130srail&#8217;in Kurulu\u015f niyetini sezen Atat\u00fcrk tepki g\u00f6stermi\u015fti, ama Cumhurba\u015fkan\u0131 \u0130smet \u0130n\u00f6n\u00fc ise destekledi<\/strong><\/li>\n<\/ul>\n<p><strong>ABD Ba\u015fkan\u0131 Solomon Truman&#8217;\u0131n bask\u0131lar\u0131yla B.M. Genel Kurulunun 29 Kas\u0131m 1947 tarihli oturumunda Filistin&#8217;den kopar\u0131lan topraklar\u0131n yurt olarak verilmesi karar\u0131na aleyhte oy kullanan T\u00fcrkiye, her ne olduysa, \u0130smet \u0130n\u00f6n\u00fc Cumhuriyetince 15 May\u0131s 1948 de ilan edilen \u0130srail Devletini kurulu\u015fundan bir y\u0131l sonra tan\u0131m\u0131\u015ft\u0131r.<\/strong><\/p>\n<p><strong>Ba\u015flang\u0131\u00e7ta; \u201cSSCB&#8217;nin Filistin&#8217;in taksimini savunmas\u0131 ve b\u00f6lgede bir Yahudi Devleti kurulmas\u0131na sahip \u00e7\u0131kmas\u0131\u201d kar\u015f\u0131s\u0131nda yeni kurulacak \u0130srail Devletinin Sovyetler Birli\u011fi taraftar\u0131 olaca\u011f\u0131 ve Sovyetlerin Ortado\u011fu&#8217;ya giri\u015finde bir k\u00f6pr\u00fcba\u015f\u0131 olu\u015fturaca\u011f\u0131\u201d korkusuyla \u0130srail&#8217;in kurulmas\u0131na kar\u015f\u0131 \u00e7\u0131kan T\u00fcrkiye&#8217;nin endi\u015feleri, Bat\u0131l\u0131 devletlerin \u0130srail\u2019e destek verdi\u011fini g\u00f6rd\u00fckten sonra ortadan kalkm\u0131\u015ft\u0131r\u201d<a href=\"#_ftn1\"><strong>[1]<\/strong><\/a> iddialar\u0131 ya safl\u0131kt\u0131r veya sahtek\u00e2rl\u0131kt\u0131r.<\/strong><\/p>\n<ul>\n<li><strong>1950-1960 D\u00f6neminde T\u00fcrkiye-\u0130srail \u0130li\u015fkileri<\/strong><\/li>\n<\/ul>\n<p>T\u00fcrkiye ile \u0130srail aras\u0131nda ilk resmi diplomatik ili\u015fki tesisi 4 Temmuz 1950&#8217;de imzalanan &#8220;Ticaret ve \u00f6deme Anla\u015fmalar\u0131&#8221; ile at\u0131lm\u0131\u015f ancak iki \u00fclke y\u00f6netimi Arap fakt\u00f6r\u00fc nedeniyle dikkati \u00e7ekmeme politikas\u0131 izlemi\u015ftir.<a href=\"#_ftn2\">[2]<\/a><\/p>\n<p>Ticaret alan\u0131ndaki i\u015fbirli\u011fini m\u00fcteakip, k\u00fclt\u00fcrel i\u015fbirli\u011fi kapsam\u0131nda T\u00fcrk ve \u0130srailli \u00f6\u011frencilerin birbirlerinin \u00fclkelerinde e\u011fitim g\u00f6rmeleri i\u00e7in burslar verilmi\u015ftir.<a href=\"#_ftn3\">[3]<\/a> D\u00f6nemin Cumhurba\u015fkan\u0131 Celal Bayar&#8217;\u0131n, merkezi Avrupa&#8217;da olan &#8220;Evrensel \u0130srail Birli\u011fi&#8221; taraf\u0131ndan Yahudilere dil \u00f6\u011fretmek i\u00e7in d\u00fcnyan\u0131n d\u00f6rt bir yan\u0131nda kurulan &#8220;Alliance Israelite&#8221; okulunun Bursa \u015eubesini, \u0130srail&#8217;in kurucusu Ben Gurion&#8217;un ise \u0130stanbul \u00dcniversitesi Hukuk Fak\u00fcltesini bitirmesi ve \u0130zmir Amerikan Kolejinden mezun olan T\u00fcrkiye Cumhuriyeti Ba\u015fbakan\u0131 Adnan Menderes&#8217;in en yak\u0131n dostlar\u0131n\u0131 \u0130zmirli Yahudi sosyetesinin te\u015fkil etmesi<a href=\"#_ftn4\">[4]<\/a> bu d\u00f6nemde iki \u00fclkenin ili\u015fkilerinde \u00f6nemli etkendir.<\/p>\n<p>T\u00fcrkiye ile Irak aras\u0131nda 1955 y\u0131l\u0131nda kurulan \u201cBa\u011fdat Pakt\u0131ndan\u201d sonra biraz bozulan T\u00fcrkiye \u0130srail ili\u015fkileri, 1956 y\u0131l\u0131nda patlak veren S\u00fcvey\u015f krizi s\u0131ras\u0131nda T\u00fcrkiye&#8217;nin \u0130srail&#8217;i k\u0131namas\u0131 ile kopma noktas\u0131na gelmi\u015f ve 26 Kas\u0131m 1956&#8217;da T\u00fcrkiye Tel Aviv&#8217; deki b\u00fcy\u00fck el\u00e7isini geri \u00e7a\u011f\u0131rarak, \u0130srail ile ili\u015fkilerini maslahatg\u00fczarl\u0131k seviyesine indirmesi g\u00f6stermeliktir.<a href=\"#_ftn5\">[5]<\/a><\/p>\n<p>\u00c7\u00fcnk\u00fc T\u00fcrk H\u00fck\u00fcmeti ekonomik ve istihbarat alan\u0131ndaki i\u015fbirli\u011finin yan\u0131 s\u0131ra Amerikan Kongresinde \u00e7ok g\u00fc\u00e7l\u00fc ve etkili olan Yahudi Lobisinin deste\u011fini kaybetmemek i\u00e7in \u0130srail ile ili\u015fkilerini bilin\u00e7li olarak tamamen kesmemi\u015f, el alt\u0131ndan daha da g\u00fc\u00e7lendirmi\u015ftir.<a href=\"#_ftn6\">[6]<\/a><\/p>\n<p>Ticari i\u015fbirli\u011finin yan\u0131 s\u0131ra istihbarat konusunun \u00f6nemini \u00e7ok iyi de\u011ferlendiren \u0130srail, A\u011fustos 1957&#8217;de MOSSAD&#8217;\u0131n Casusluk ve \u00d6zel G\u00f6revler B\u00f6l\u00fcm Ba\u015fkan\u0131 Eliahu Sasson&#8217;u Ankara&#8217;ya b\u00fcy\u00fck el\u00e7i olarak atam\u0131\u015ft\u0131r. T\u00fcrkiye&#8217;yi i\u015fbirli\u011fi i\u00e7in ikna etme g\u00f6revi verilen Sason, o d\u00f6nemde M\u0130T&#8217;in kar\u015f\u0131l\u0131\u011f\u0131 olan T\u00fcrkiye MAH (Milli Amale Hizmet) Te\u015fkilat\u0131 Ba\u015fkan\u0131 H\u00fcseyin Avni G\u00d6KT\u00dcRK&#8217;\u00fcn yan\u0131 s\u0131ra, D\u0131\u015fi\u015fleri Bakan\u0131 Fatin R\u00fc\u015ft\u00fc ZORLU ve Ba\u015fbakan Adnan Menderes&#8217;le de g\u00f6r\u00fc\u015fmeler yapm\u0131\u015f ve daha sonra MOSSAD Ba\u015fkan\u0131 Ravven Shiloah&#8217;\u0131n da kat\u0131ld\u0131\u011f\u0131 iki \u00fclke istihbarat\u00e7\u0131lar\u0131n\u0131n ortak toplant\u0131lar\u0131 sonucunda, b\u00f6lgede \u0130ran, \u0130srail ve T\u00fcrkiye&#8217;yi kapsayacak bir g\u00fcvenlik \u00fc\u00e7geni olu\u015fturulmas\u0131 konusunda T\u00fcrk y\u00f6neticilerin iknas\u0131 i\u00e7in ABD&#8217;den yard\u0131m isteyen \u0130srail&#8217;e ABD y\u00f6netimi destek olmu\u015f ve T\u00fcrkiye&#8217;nin \u0130srail ile i\u015fbirli\u011fi konusunda ikna edilmesi ABD&#8217;nin giri\u015fimleri sonucunda sa\u011flanm\u0131\u015ft\u0131r.<a href=\"#_ftn7\">[7]<\/a><\/p>\n<p>Ankara&#8217;n\u0131n i\u015fbirli\u011fi konusunda ikna edilmesinden k\u0131sa bir s\u00fcre sonra \u0130srail&#8217;den T\u00fcrkiye&#8217;ye \u00fcst d\u00fczey ziyaretler ba\u015flam\u0131\u015f ve \u0130srail Ba\u015fbakan\u0131 Ben Gurion D\u0131\u015fi\u015fleri Bakan\u0131 Golda Meir, D\u0131\u015fi\u015fleri M\u00fcste\u015far\u0131 \u015eimon Perez ve Genelkurmay Ba\u015fkan\u0131 Zvi Zur 28 A\u011fustos 1958 de Adnan Menderes ile g\u00f6r\u00fc\u015fmek \u00fczere Ankara&#8217;ya gelmi\u015f, ancak \u0130slam \u00e2leminin tepkisini \u00e7ekmemek i\u00e7in ELAL u\u00e7a\u011f\u0131n\u0131n ar\u0131za nedeniyle Ankara&#8217;ya mecburi ini\u015f yapt\u0131\u011f\u0131 a\u00e7\u0131klanm\u0131\u015ft\u0131r.<a href=\"#_ftn8\">[8]<\/a><\/p>\n<p>\u0130ran&#8217;\u0131 da i\u00e7ine alan ve istihbarat alan\u0131nda i\u015fbirli\u011fini geli\u015ftiren bu g\u00f6r\u00fc\u015fmeden sonra Amerikan Merkezi Haberle\u015fme Te\u015fkilat\u0131 CIA,&#8221; \u0130srail, Gizli Servisler ve D\u0131\u015f \u0130stihbarat&#8221; ba\u015fl\u0131kl\u0131 bir rapor haz\u0131rlam\u0131\u015f ve raporda MOSSAD, M\u0130T ve \u0130ran Gizli Servisi SAVAK aras\u0131nda imzalanan \u00fc\u00e7l\u00fc i\u015fbirli\u011fi anla\u015fmas\u0131 de\u011ferlendirilirken; T\u00fcrkiye-\u0130srail i\u015fbirli\u011fi de ele al\u0131nm\u0131\u015ft\u0131r. T\u00fcrkiye-\u0130srail ve \u0130ran \u0130stihbarat \u00f6rg\u00fctleri aras\u0131nda kurulan ve Trident ad\u0131 verilen bu a\u011f \u00fc\u00e7 \u00fclkenin gizli servis ba\u015fkanlar\u0131n\u0131n y\u0131lda iki kez toplanarak, ele ge\u00e7irdikleri istihbarat konusunda de\u011ferlendirme yapmalar\u0131n\u0131 ama\u00e7lam\u0131\u015ft\u0131r.<a href=\"#_ftn9\">[9]<\/a> \u0130\u015fin asl\u0131 ise, T\u00fcrk \u0130stihbarat\u0131 fiilen \u0130srail\u2019in kontrol ve g\u00fcd\u00fcm\u00fcne kayd\u0131r\u0131lm\u0131\u015ft\u0131r.<\/p>\n<p>Bu ba\u011flamda Menderes d\u00f6neminde, \u00f6zellikle Adana ve \u00e7evresi \u0130sraillilerin \u00e7al\u0131\u015fma alan\u0131 olarak verilmi\u015f ve T\u00fcrk \u0130stihbarat Te\u015fkilat\u0131 MAH&#8217;\u0131n Ba\u015fkan\u0131 Ziya Sel\u0131\u015f\u0131k da al\u0131\u015f\u0131lm\u0131\u015f\u0131n \u00f6tesinde \u0130srail El\u00e7ili\u011fi ile temaslarda bulunmaya ba\u015flam\u0131\u015ft\u0131r.<a href=\"#_ftn10\">[10]<\/a> Ziya Sel\u0131\u015f\u0131k, Ankara\u2019dan ziyade, Telaviv\u2019e ba\u011fl\u0131ym\u0131\u015f gibi bir tav\u0131r tak\u0131nm\u0131\u015ft\u0131r.<\/p>\n<ul>\n<li><strong>1960-1990 D\u00f6neminde T\u00fcrkiye-\u0130srail \u0130li\u015fkileri<\/strong><\/li>\n<\/ul>\n<p><strong>1967 Arap \u0130srail sava\u015f\u0131nda kuvvet kullan\u0131larak toprak edinilmesine kar\u015f\u0131 olan T\u00fcrkiye zahiren \u0130srail&#8217;i k\u0131nam\u0131\u015f ve 1973 Arap-\u0130srail sava\u015f\u0131ndan sonra Arap \u00fclkelerine daha paralel politikalar izlemeye ba\u015flam\u0131\u015f; sava\u015f s\u0131ras\u0131nda \u0130srail&#8217;e yard\u0131m etmek isteyen ABD&#8217;nin, \u0130ncirlik \u00dcss\u00fcn\u00fc kullanmas\u0131na izin vermemi\u015f\u201d<a href=\"#_ftn11\"><strong>[11]<\/strong><\/a> ve \u0130slam d\u00fcnyas\u0131na yakla\u015fm\u0131\u015ft\u0131r. Erbakan Hoca\u2019n\u0131n etkili oldu\u011fu bu politikalar y\u00fcz\u00fcnden ihtilaller yap\u0131l\u0131p MSP kapat\u0131lm\u0131\u015ft\u0131r.<\/strong><\/p>\n<p><strong>1980 de \u0130srail&#8217;in Do\u011fu Kud\u00fcs&#8217;\u00fc ilhak etmesi ve 30 Temmuz 1980 de Kud\u00fcs&#8217;\u00fc \u0130srail&#8217;in ba\u015f \u015fehri ilan etmesini m\u00fcteakip Kenan Everin&#8217;in 26 Kas\u0131m 1980 de Do\u011fu Kud\u00fcs&#8217;teki ba\u015fkonsoloslu\u011funu kapat\u0131p \u0130srail&#8217;le diplomatik ili\u015fkilerinin seviyesini &#8220;ikinci k\u00e2tiplik&#8221; d\u00fczeyine indirmesi, bu \u00e7er\u00e7evede THY&#8217;nin \u0130stanbul-Tel Aviv seferi ile T\u00fcrk gemilerinin \u0130srail limanlar\u0131na yapt\u0131\u011f\u0131 seferleri iptal etmesi<a href=\"#_ftn12\"><strong>[12]<\/strong><\/a> Siyonistlerde panik yaratm\u0131\u015ft\u0131r.<\/strong><\/p>\n<p><strong>T\u00fcrkiye&#8217;nin \u0130srail&#8217;e kar\u015f\u0131 izledi\u011fi bu politika ABD Yahudilerince tepkiyle kar\u015f\u0131lanm\u0131\u015f ve 1981 y\u0131l\u0131 Ocak ay\u0131nda T\u00fcrkiye&#8217;nin Washington B\u00fcy\u00fckel\u00e7ili\u011fine bir mektup g\u00f6nderen 61 ABD&#8217;li Senat\u00f6r, \u201cT\u00fcrkiye&#8217;nin \u0130srail&#8217;e kar\u015f\u0131 izledi\u011fi politikan\u0131n T\u00fcrk-Amerikan ili\u015fkilerini de olumsuz y\u00f6nde etkileyebilece\u011fi\u201d uyar\u0131s\u0131nda bulunmu\u015flard\u0131r. Kenan Evren liderli\u011findeki Milli G\u00fcvenlik Konseyi H\u00fck\u00fcmeti&#8217;nin ABD&#8217;nin bu tepkisine, \u201cT\u00fcrkiye&#8217;ye gelmek isteyen bir \u0130srail Spor Kafilesine vize vermeyerek\u201d cevap vermesi, ABD Kongresindeki Yahudi Lobisini son derece k\u0131zd\u0131rm\u0131\u015ft\u0131r.<a href=\"#_ftn13\"><strong>[13]<\/strong><\/a> Acaba Kenan Evren\u2019e duyulan rahats\u0131zl\u0131klar\u0131n temelinde \u0130srail&#8217;e yapt\u0131klar\u0131 m\u0131 yatmaktad\u0131r? ABD Yahudi Lobileri, \u201cBizim \u00e7ocuklar!\u201d dedikleri Kenan Evren ve ekibi taraf\u0131ndan aldat\u0131l\u0131p ters k\u00f6\u015feye yat\u0131r\u0131ld\u0131klar\u0131n\u0131n fark\u0131na \u00e7ok ge\u00e7 varm\u0131\u015flard\u0131. \u00c7\u00fcnk\u00fc Kenan Pa\u015fa\u2019n\u0131n \u0130srail\u2019e kar\u015f\u0131 tutum ve yapt\u0131r\u0131mlar\u0131, \u00f6yle g\u00f6stermelik ve ge\u00e7ici de\u011fil; ciddi, cesaretli ve etkili tav\u0131rlard\u0131. Sa\u011fc\u0131, solcu, \u0130slamc\u0131; Siyonistlerin \u00fcf\u00fcrd\u00fc\u011f\u00fc d\u00fcd\u00fc\u011f\u00fc \u00e7alan \u201cK\u00fcresel k\u00f6y\u00fcn kavalc\u0131lar\u0131n\u0131n\u201d, hi\u00e7 dinmeyen \u201cKenan Evren kini\u201d nin alt\u0131nda, kim bilir ne derin kuyruk ac\u0131lar\u0131 depre\u015fip durmaktayd\u0131!?<\/strong><\/p>\n<p><strong>T\u00fcrkiye ile \u0130srail aras\u0131ndaki ili\u015fkilerin gittik\u00e7e k\u00f6t\u00fcle\u015fti\u011fini g\u00f6ren ABD, T\u00fcrkiye&#8217;nin \u0130srail&#8217;e kar\u015f\u0131 izledi\u011fi sert politikay\u0131 g\u00f6zden ge\u00e7irmesi ricas\u0131nda bulunmaya mecbur kalm\u0131\u015f ve Cumhurba\u015fkan\u0131 Kenan Evren 14 \u015eubat 1982&#8217;de T\u00fcrkiye&#8217;deki Yahudi Cemaati Lideri Hahamba\u015f\u0131 Dawid Aseo ile g\u00f6r\u00fc\u015ferek ili\u015fkileri yumu\u015fatmaya \u00e7al\u0131\u015fm\u0131\u015ft\u0131r.<a href=\"#_ftn14\"><strong>[14]<\/strong><\/a><\/strong><\/p>\n<ul>\n<li><strong>1990-2000 D\u00f6neminde T\u00fcrkiye-\u0130srail \u0130li\u015fkileri<\/strong><\/li>\n<\/ul>\n<p>\u00dclkemizin \u0130srail&#8217;e kar\u015f\u0131 izledi\u011fi politikada 1990 sonras\u0131nda meydana gelen en \u00f6nemli de\u011fi\u015fiklik; BM&#8217;in 10 Kas\u0131m 1975 tarihli oturumunda H\u00fck\u00fcmet orta\u011f\u0131 Prof. Dr. Necmettin Erbakan\u2019\u0131n \u00f6zel gayretiyle \u201cSiyonizm&#8217;i \u0131rk\u00e7\u0131l\u0131k kabul eden\u201d karar\u0131na &#8220;evet&#8221; oyu veren T\u00fcrkiye&#8217;nin, maalesef 16 Aral\u0131k 1991 tarihinde bu karar\u0131n iptali i\u00e7in yap\u0131lan BM oylamas\u0131nda \u00e7ekimser kalmas\u0131 ve dolay\u0131s\u0131yla \u0130srail yanl\u0131s\u0131 bir tutum tak\u0131nmas\u0131d\u0131r.<\/p>\n<p>Di\u011fer yandan T\u00fcrkiye ile \u0130srail aras\u0131ndaki i\u015fbirli\u011finin savunma boyutunun gittik\u00e7e g\u00fc\u00e7 kazanmas\u0131, T\u00fcrk Amerikan ili\u015fkilerinin de en \u00f6nemli temellerinden birisi halini alm\u0131\u015ft\u0131r.<a href=\"#_ftn15\">[15]<\/a> 1996 y\u0131l\u0131nda Tansu \u00c7iller ve Deniz Baykal iktidar\u0131nda Filistinlilerle \u0130srailliler aras\u0131nda ger\u00e7ekle\u015ftirilen anla\u015fmayla Ortado\u011fu bar\u0131\u015f s\u00fcrecinin yolunun a\u00e7\u0131lmas\u0131ndan ve bunun ortaya \u00e7\u0131kard\u0131\u011f\u0131 olumlu atmosferden yararlanan T\u00fcrkiye ile \u0130srail aras\u0131nda imzalanan T\u00fcrkiye-\u0130srail Askeri \u0130\u015fbirli\u011fi Anla\u015fmas\u0131 ili\u015fkilerde g\u00fcvenlik boyutuna ge\u00e7i\u015f \u015feklinde ortaya \u00e7\u0131kan k\u00f6kl\u00fc de\u011fi\u015fikli\u011fin ba\u015flang\u0131\u00e7 noktas\u0131 olmu\u015f, 23 \u015eubat 1996 da Genelkurmay 2. Ba\u015fkan\u0131 \u00c7evik Bir&#8217;in, \u0130srail&#8217;e ger\u00e7ekle\u015ftirdi\u011fi ziyaret s\u0131ras\u0131nda iki \u00fclke Hava ve Deniz Kuvvetlerinin i\u015fbirli\u011fi yapmas\u0131n\u0131 \u00f6ng\u00f6ren bir anla\u015fma imzalanm\u0131\u015ft\u0131r.<\/p>\n<p>11 Aral\u0131k 1996 da ise Cumhurba\u015fkan\u0131 S\u00fcleyman Demirel \u0130srail&#8217;i ziyaret eden ilk T\u00fcrk Cumhurba\u015fkan\u0131 s\u0131fat\u0131n\u0131 alm\u0131\u015ft\u0131r. Ziyaret s\u0131ras\u0131nda T\u00fcrk Silahl\u0131 Kuvvetlerinin Kas\u0131m 1997 de \u0130srail ve Amerikan kuvvetleri ile Do\u011fu Akdeniz de ortak bir tatbikat d\u00fczenleyece\u011finin a\u00e7\u0131klanmas\u0131 ise T\u00fcrkiye&#8217;nin geleneksel olarak; \u201c\u0130srail ile ili\u015fkileri ileri noktalara vard\u0131rmadan uzak durma politikas\u0131\u201d g\u00f6z \u00f6n\u00fcne al\u0131nd\u0131\u011f\u0131nda bir\u00e7ok kesim i\u00e7in s\u00fcrpriz bir geli\u015fme say\u0131lm\u0131\u015ft\u0131r.<a href=\"#_ftn16\">[16]<\/a><\/p>\n<p><strong>Bu geli\u015fme \u0130srail ve ABD a\u00e7\u0131s\u0131ndan o kadar \u00f6nemliydi ki \u0130srailli Bakan Moshe Arens, T\u00fcrkiye ile \u0130srail aras\u0131ndaki askeri ittifak\u0131n b\u00f6lgesel g\u00fc\u00e7 dengesini de\u011fi\u015ftirdi\u011fini s\u00f6ylemeye ba\u015flam\u0131\u015ft\u0131r. \u015eubat ve A\u011fustos 1996 da imzalanan ve bir\u00e7ok h\u00fckm\u00fc gizli kalan anla\u015fmalar, Deniz ve Hava Kuvvetlerinin ortak tatbikatlar yapmas\u0131n\u0131 \u00f6ng\u00f6rmekle kalmam\u0131\u015f, \u0130srail Deniz Kuvvetlerinin, T\u00fcrk limanlar\u0131ndan faydalanmas\u0131na. Hava Kuvvetlerinin de geni\u015f Anadolu platosu \u00fczerinde e\u011fitim u\u00e7u\u015flar\u0131 ger\u00e7ekle\u015ftirmesine de izin ve imk\u00e2n sa\u011flam\u0131\u015ft\u0131r. Bu arada ABD&#8217;nin de yard\u0131m\u0131yla hassas kameralar\u0131n, al\u0131c\u0131lar\u0131n ve uydular\u0131n kullan\u0131lmas\u0131n\u0131 i\u00e7eren ortak bir s\u0131n\u0131r kontrol sistemi de uygulanmaya ba\u015flam\u0131\u015ft\u0131r.<a href=\"#_ftn17\"><strong>[17]<\/strong><\/a> Refah-Yol H\u00fck\u00fcmetinin Ba\u015fbakan\u0131 Prof. Dr. Necmettin Erbakan\u2019\u0131n daha \u00f6nce imzalanan bu anla\u015fmalar\u0131 savsaklamas\u0131 ve i\u015flevsiz k\u0131lmas\u0131 ve \u00fclke \u00e7\u0131karlar\u0131n\u0131 ve b\u00f6lge halklar\u0131n\u0131 savunmas\u0131; \u0130srail\u2019i ve Siyonist Lobileri k\u0131zd\u0131rm\u0131\u015f ve 28 \u015eubat tezg\u00e2h\u0131yla Refah-Yol y\u0131kt\u0131r\u0131lm\u0131\u015ft\u0131r.<\/strong><\/p>\n<p><strong>S\u00f6z konusu ili\u015fkilerin geli\u015ftirilmesinde bir bask\u0131 ve te\u015fvik unsuru olarak rol alan Amerika&#8217;n\u0131n T\u00fcrk-\u0130srail yak\u0131nla\u015fmas\u0131n\u0131 destekledi\u011fi a\u00e7\u0131kt\u0131r. \u0130srail ile T\u00fcrkiye ortak tatbikat yapmaya karar verdiklerinde Amerikan y\u00f6netimi sadece zamanlama konusunda endi\u015felerini dile getirmi\u015f, zaman\u0131n\u0131 de\u011fi\u015ftirmede taraflar\u0131 ikna ettikten sonra kendisi de tatbikata kat\u0131lm\u0131\u015ft\u0131r. Amerikal\u0131lar\u0131n tatbikata bir \u00dcrd\u00fcn\u2019l\u00fc Donanma Komutan\u0131n\u0131 da d\u00e2hil etmeleri, hem ortaya \u00e7\u0131kabilecek Arap muhalefetini yat\u0131\u015ft\u0131rmaya \u00e7al\u0131\u015ft\u0131klar\u0131n\u0131n, hem de bu ikili ittifak\u0131 geni\u015fleterek b\u00f6lgede \u00f6nemli bir grupla\u015fma haline getirmeye istekli olduklar\u0131n\u0131n kan\u0131t\u0131yd\u0131. 1996 y\u0131l\u0131n\u0131n Mart ay\u0131nda \u0130srail \u015firketleri T\u00fcrkiye&#8217;nin 54 adet F14 sava\u015f u\u00e7a\u011f\u0131n\u0131n modernizasyonuyla ilgili yar\u0131m milyar dolarl\u0131k bir projeyi alm\u0131\u015flard\u0131r.<\/strong><a href=\"#_ftn18\"><strong><strong>[18]<\/strong><\/strong><\/a><strong> <\/strong><strong>Aral\u0131k 1997 de 48 adet F-5 sava\u015f u\u00e7a\u011f\u0131n\u0131n modernizasyonu da ABD\u2019lilerce \u201cya \u0130srail\u2019e yapt\u0131r\u0131n, ya da \u00e7\u00f6pe at\u0131n\u201d dayatmas\u0131yla \u0130sraillilere aktar\u0131lm\u0131\u015ft\u0131r. Ancak, Erbakan Hoca, bunu f\u0131rsata \u00e7evirmi\u015f, ABD\u2019de yap\u0131lacak modernizasyon masraf\u0131n\u0131 yar\u0131ya yak\u0131n d\u00fc\u015f\u00fcrerek, T\u00fcrkiye\u2019yi k\u00e2rl\u0131 \u00e7\u0131karm\u0131\u015ft\u0131r. Ayr\u0131ca T\u00fcrkiye ile \u0130srail Arrow F\u00fczelerinin ortak yap\u0131m\u0131 konusunda anla\u015fmaya varm\u0131\u015flard\u0131r. <\/strong><\/p>\n<p><strong>Bu arada T\u00fcrk-ABD ili\u015fkilerinde, \u00f6zellikle ABD&#8217;nin T\u00fcrkiye&#8217;ye teknoloji transferinde isteksiz davrand\u0131\u011f\u0131 d\u00f6nemlerde, T\u00fcrkiye&#8217;nin alternatif \u00fclke olarak \u0130srail&#8217;e y\u00f6neldi\u011fi dikkate al\u0131nd\u0131\u011f\u0131nda; ABD&#8217;nin T\u00fcrk-\u0130srail yak\u0131nla\u015fmas\u0131n\u0131 temin i\u00e7in b\u00f6yle bir y\u00f6nteme ba\u015fvurmu\u015f olabilece\u011fi hususu da dikkate al\u0131nmal\u0131d\u0131r.<\/strong><\/p>\n<ul>\n<li><strong>2000 Sonras\u0131 D\u00f6nemde T\u00fcrkiye-\u0130srail \u0130li\u015fkileri<\/strong><\/li>\n<\/ul>\n<p>Bu d\u00f6nemde \u00f6zellikle AKP&#8217;nin iktidara gelmesinden itibaren, T\u00fcrkiye ile \u0130srail aras\u0131ndaki ili\u015fkilerde \u00e7ok b\u00fcy\u00fck geli\u015fmeler ya\u015fanm\u0131\u015f ve siyasi ve askeri i\u015fbirli\u011finin yan\u0131 s\u0131ra ticari ve k\u00fclt\u00fcrel alanda da bir\u00e7ok ihale \u0130srail firmalar\u0131na verilmeye ba\u015flanm\u0131\u015ft\u0131r.<\/p>\n<p>AKP d\u00f6neminde \u0130srail&#8217;e sa\u011flanan \u00e7\u0131karlar\u0131n ba\u015f\u0131nda, \u201cYabanc\u0131lara toprak sat\u0131\u015f\u0131 konusunda \u0130srail&#8217;e tan\u0131nan \u00f6zel ayr\u0131cal\u0131klar\u201d \u00f6n s\u0131radad\u0131r. <strong>Bu konuda yap\u0131lan ilk gayr\u0131 hukuki uygulama, yabanc\u0131lara toprak sat\u0131\u015f\u0131nda m\u00fctekabiliyet esaslar\u0131n\u0131n g\u00f6zetilmesi gerekirken bu kural\u0131n \u0130srail i\u00e7in g\u00f6z ard\u0131 edilmesi \u015feklinde ortaya \u00e7\u0131km\u0131\u015ft\u0131r. <\/strong>Ba\u015fka bir deyi\u015fle yabanc\u0131 \u00fclkeler kendi topraklar\u0131nda T\u00fcrk vatanda\u015flar\u0131na m\u00fclk alma konusunda hangi haklar\u0131 veriyorsa T\u00fcrkiye Cumhuriyeti de o \u00fclkenin vatanda\u015flar\u0131na T\u00fcrkiye&#8217;de m\u00fclk edinme konusunda ayn\u0131 haklar\u0131 sa\u011flanm\u0131\u015ft\u0131r. Ancak bilindi\u011fi gibi \u0130srail&#8217;de yabanc\u0131lara toprak sat\u0131\u015f\u0131 yasakt\u0131r. Dolay\u0131s\u0131 ile \u0130srail vatanda\u015flar\u0131n\u0131n T\u00fcrkiye&#8217;de toprak sat\u0131n almas\u0131 hukuken m\u00fcmk\u00fcn olmamas\u0131na ra\u011fmen, AKP \u0130srail vatanda\u015flar\u0131na tek tarafl\u0131 olarak T\u00fcrkiye&#8217;de toprak sat\u0131n alma hakk\u0131n\u0131 tan\u0131m\u0131\u015ft\u0131r.<\/p>\n<p>Bu konuyla ilgili bir di\u011fer \u00f6zel uygulama da, d\u00f6nemin \u0130\u00e7 \u0130\u015fleri Bakan\u0131 Abd\u00fclkadir Aksu taraf\u0131ndan \u0130srailliler i\u00e7in yay\u0131nlanan &#8220;gizli kararname&#8221; ile ortaya \u00e7\u0131km\u0131\u015ft\u0131r. \u0130\u00e7i\u015fleri Bakan\u0131 Abd\u00fclkadir Aksu taraf\u0131ndan yay\u0131mlanan 1 Haziran 2006 tarihli gizli genelge ile \u201c\u0130srail vatanda\u015flar\u0131n\u0131n T\u00fcrkiye&#8217;de ta\u015f\u0131nmaz sat\u0131n alabilmeleri i\u00e7in gerekli olan 6 ayl\u0131k ikamet \u015fart\u0131\u201d kald\u0131r\u0131lm\u0131\u015f ve \u0130sraillilerin m\u00fclk edinmeleri i\u00e7in gereken &#8220;ikamet izni&#8221; devre d\u0131\u015f\u0131 b\u0131rak\u0131lm\u0131\u015ft\u0131r.<a href=\"#_ftn19\">[19]<\/a><\/p>\n<p>Ayn\u0131 d\u00f6nemde Cargill adl\u0131 firman\u0131n Bursa&#8217;da tar\u0131m arazisine tesis in\u015fa etmesine g\u00f6z yumulmu\u015f, bu konudaki yarg\u0131 karar\u0131na ra\u011fmen tesis y\u0131kt\u0131r\u0131lmam\u0131\u015f ve tar\u0131m arazilerine sanayi tesisi yap\u0131lmas\u0131na imk\u00e2n veren yasa TBMM&#8217;den \u0130srail hat\u0131r\u0131na \u00e7\u0131kar\u0131lm\u0131\u015ft\u0131r. Halk aras\u0131nda bu yasa Cargill yasas\u0131 olarak an\u0131lmaktad\u0131r.<\/p>\n<p><strong>Bu d\u00f6nemde \u0130srail&#8217;in, T\u00fcrkiye Suriye s\u0131n\u0131r\u0131ndaki 3 milyon d\u00f6n\u00fcml\u00fck, GAP&#8217;\u0131n sulad\u0131\u011f\u0131 alan kadar bir araziye &#8220;may\u0131n temizleme&#8221; kar\u015f\u0131l\u0131\u011f\u0131 talip olmas\u0131 olay\u0131 da son derece \u00f6nemli bir ayr\u0131nt\u0131d\u0131r. Bu konuyu g\u00fcndeme ta\u015f\u0131yan Milli d\u00fc\u015f\u00fcnceli ve sorumluluk ehli yazarlar\u0131n s\u00f6zlerine kulak kabartmal\u0131d\u0131r. <\/strong><\/p>\n<p><strong><em>&#8220;Irak&#8217;\u0131n kuzeyinde kurulan &#8220;Yahudi K\u00fcrdistan&#8221;\u0131n T\u00fcrkiye&#8217;den toprak talepleri eskidir ve bu taleplere T\u00fcrkiye i\u00e7erisinden destek veren unsurlar da herkes\u00e7e bilinmektedir. Yine T\u00fcrkiye&#8217;nin bu b\u00f6lgesinde, Arz-\u0131 Mev\u2019ud hayalleri pe\u015finde ko\u015fan \u0130srail&#8217;in talepleri ve projeleri y\u00fcr\u00fct\u00fclmektedir. \u0130srail, Irak&#8217;\u0131n kuzeyindeki yeni olu\u015fumu desteklemektedir, bu olu\u015fumun lideri durumundaki Barzani s\u00fclalesi ise Hahamlar yeti\u015ftirmi\u015f bir ailedir. Dahas\u0131, \u0130srail kuruldu kurulal\u0131 Barzani ailesine maddi, istihbar\u0131 ve askeri elinden gelen her t\u00fcrl\u00fc yard\u0131m\u0131 yapm\u0131\u015f ve bu yard\u0131mlar neticesinde i\u015fte bu g\u00fcnlere gelinmi\u015ftir. \u0130srail D\u0131\u015fi\u015fleri Bakan\u0131 \u0130zak \u015eamir&#8217;in 1983&#8217;te T\u00fcrkiye&#8217;yi, &#8220;K\u00fcrdistan&#8217;\u0131 i\u015fgal alt\u0131nda tutmakla&#8221; su\u00e7lad\u0131\u011f\u0131n\u0131 da hat\u0131rlatmak gerekir.<\/em><\/strong><\/p>\n<p><strong><em>\u0130\u015fte b\u00f6yle bir zeminde \u0130srail, T\u00fcrkiye Suriye s\u0131n\u0131r\u0131ndaki 3 milyon d\u00f6n\u00fcml\u00fck, GAP&#8217;\u0131n sulad\u0131\u011f\u0131 alan kadar bir araziye &#8220;may\u0131n temizleme&#8221; kar\u015f\u0131l\u0131\u011f\u0131 istemektedir. Ni\u00e7in, Elbette Yahudi K\u00fcrdistan&#8217;\u0131n Akdeniz&#8217;e a\u00e7\u0131labilmesi i\u00e7in bir koridor olu\u015fturmak pe\u015findedir. Bir topra\u011f\u0131n 49 y\u0131ll\u0131\u011f\u0131na kiralanmas\u0131 ne demektir? 49 y\u0131l sonra \u0130srail&#8217;i oradan kim \u00e7\u0131kartabilir? Elimizde \u015funca imk\u00e2n, \u015funca g\u00fc\u00e7 varken bile, Ankara&#8217;dakiler \u015earon&#8217;dan izin almadan Bush&#8217;la g\u00f6r\u00fc\u015fmemi\u015ftir ve elde bunca imk\u00e2n varken \u0130srail T\u00fcrkiye&#8217;nin k\u0131rm\u0131z\u0131 \u00e7izgilerini morartan, Irak&#8217;\u0131n kuzeyindeki olu\u015fuma destek vermi\u015f ve AKP T\u00fcrkiye\u2019si buna da g\u0131k diyememi\u015ftir..<\/em><\/strong><\/p>\n<p><strong><em>Ard\u0131ndan Ankara Glocal Forum&#8217;un organize edece\u011fi bir toplant\u0131ya ev sahipli\u011fi edilmi\u015ftir. Glocal Forum Ba\u015fkan\u0131 Irak&#8217;\u0131n kuzeyindeki K\u00fcrdistan&#8217;\u0131n olu\u015fumunda \u00f6nemli rol alm\u0131\u015f Mossad ajan\u0131 David Kimche. Kimche\u2019dir Ankara&#8217;ya gelmi\u015f, G\u00fcneydo\u011fu&#8217;da ne yapt\u0131klar\u0131n\u0131 gizleme zahmetine katlanmayan PKK&#8217;l\u0131 belediye ba\u015fkanlar\u0131n\u0131n da kat\u0131laca\u011f\u0131 bir fuar\u0131 organize etmi\u015ftir. \u00d6yleyse, Mossad Ajan\u0131 David ile ilgili bir ba\u015fka bilgiyi aktarman\u0131n tam zaman\u0131 gelmi\u015ftir.<\/em><\/strong><\/p>\n<p><strong><em>1992&#8217;lerde Y\u00fcce Kat\u0131rc\u0131o\u011flu, Ajan Kimche&#8217;nin T\u00fcrkiye&#8217;de \u00f6nemli bir Yahudi ailesinin akrabas\u0131 oldu\u011funu ileri s\u00fcrm\u00fc\u015ft\u00fc, iddia birilerini \u00e7ok rahat\u0131z etti ki, tart\u0131\u015fman\u0131n bitirilmesi i\u00e7in, \u015ealom gazetesi Kimche i\u00e7in bir \u00f6l\u00fcm ilan\u0131 yay\u0131mlay\u0131vermi\u015f ve b\u00f6ylece Kimche \u00f6lm\u00fc\u015f g\u00f6sterilmi\u015fti.<\/em><\/strong><\/p>\n<p><strong><em>1994&#8217;te Tansu \u00c7iller T\u00fcrkiye Cumhuriyeti Ba\u015fbakan\u0131 olarak \u0130srail&#8217;i ziyaret etmi\u015fti. \u00d6ld\u00fc ilan\u0131 verilen Kimche, \u00f6ld\u00fckten iki y\u0131l sonra(!),&#8221;T\u00fcrk \u0130srail Dostluk Derne\u011fi Ba\u015fkan\u0131&#8221; olarak \u00c7iller&#8217;i a\u011f\u0131rlayanlar i\u00e7erisindeydi. Bu ziyarette \u00c7iller, &#8220;Arz-\u0131 \u00a0Mev\u2019ud&#8217;ta bulunmaktan \u00e7ok mutluyum, \u0130srail&#8217;in vaat edilmi\u015f topraklarda oturma hakk\u0131 var!&#8221; demi\u015fti. Peki, \u00c7iller kimdi ve o vaat edilmi\u015f topraklar i\u00e7erisinde T\u00fcrkiye&#8217;nin bulundu\u011funu bilmiyor olabilir miydi? 1992&#8217;de \u00f6ld\u00fc\u011f\u00fc s\u00f6ylenen Mossad ajan\u0131 1994&#8217;te \u0130srail&#8217;de \u00c7iller&#8217;i konuk etmi\u015f, 2006&#8217;da Ankara&#8217;da B\u00fcy\u00fck\u015fehir Belediye Ba\u015fkan\u0131 ve Zaman Yazar\u0131 Fetullah\u00e7\u0131 H\u00fcseyin G\u00fclerce ve Devlet Bakan\u0131 Cemil \u00c7i\u00e7ek gibi, \u0130ngiliz Masonlar\u0131n\u0131n kurdu\u011fu \u201cYeniden Milli M\u00fccadele\u201d eleman\u0131 Melih G\u00f6k\u00e7ek ile malum fuar\u0131 tertiplemi\u015fti. CHP&#8217;li G\u00f6khan Durgun, &#8220;Maliye Bakan\u0131 Suriye s\u0131n\u0131r\u0131ndaki araziyi Yahudi Ofer&#8217;e kiralamaya s\u00f6z vermi\u015f&#8221; demi\u015fti.<\/em><\/strong><\/p>\n<p><strong><em>\u015eimdi biz, T\u00fcrkiye \u0130srail&#8217;in \u00e7iftli\u011fi mi demeyelim de, ne diyelim&#8221;?<a href=\"#_ftn20\"><strong>[20]<\/strong><\/a> Tespitleri yerden g\u00f6\u011fe hakl\u0131d\u0131r.<\/em><\/strong><\/p>\n<p>Bu arada \u0130srail&#8217;e may\u0131n temizleme kar\u015f\u0131l\u0131\u011f\u0131nda 49 y\u0131ll\u0131\u011f\u0131na kiralanmas\u0131 d\u00fc\u015f\u00fcn\u00fclen arazide TPAO taraf\u0131ndan yap\u0131lan sondaj \u00e7al\u0131\u015fmalar\u0131nda Mardin&#8217;in Nusaybin \u0130l\u00e7esi yak\u0131nlar\u0131ndaki may\u0131nl\u0131 arazilerde a\u00e7\u0131lan 5 kuyudan 3&#8217;\u00fcnde petrole rastlanm\u0131\u015ft\u0131r. TPAO, daha \u00f6nce S\u0131n\u0131rtepe&#8217;de 12, \u00c7amurlu&#8217;daki kuyuda 16 gravite petrol bulmu\u015ftu. AKP h\u00fck\u00fcmetinin 49 y\u0131ll\u0131\u011f\u0131na yabanc\u0131ya vermeyi d\u00fc\u015f\u00fcnd\u00fc\u011f\u00fc b\u00f6lgedeki kuyu say\u0131s\u0131 b\u00f6ylece 5&#8217;e \u00e7\u0131km\u0131\u015ft\u0131.<\/p>\n<p>\u0130ki \u0130srail firmas\u0131n\u0131n talip oldu\u011fu, Suriye s\u0131n\u0131r\u0131ndaki arazilerin, may\u0131ndan temizlenmesi kar\u015f\u0131l\u0131\u011f\u0131nda 49 y\u0131ll\u0131\u011f\u0131na kiralanmas\u0131n\u0131n ama\u00e7land\u0131\u011f\u0131 ve Muhalefet partilerinin yan\u0131 s\u0131ra askeri yetkililerin ve sivil toplum \u00f6rg\u00fctlerinin de &#8220;g\u00fcvenlik&#8221; gerek\u00e7esiyle kar\u015f\u0131 \u00e7\u0131kt\u0131\u011f\u0131 projeye zaman\u0131n D\u0131\u015fi\u015fleri Bakan\u0131 Abdullah G\u00fcl&#8217;\u00fcn &#8220;May\u0131nlar\u0131n temizlenmesi i\u00e7in 40-50 milyon dolarl\u0131k bir b\u00fct\u00e7e gerekiyordu. Ancak may\u0131nlar yer de\u011fi\u015ftirdi ve maliyet 500 milyon dolara \u00e7\u0131kt\u0131. Bu kadar param\u0131z yok&#8221; diye sahip \u00e7\u0131kmas\u0131 da ilgin\u00e7 bir yakla\u015f\u0131md\u0131r.<\/p>\n<p>Ba\u015fbakan Erdo\u011fan&#8217;\u0131n Rusya&#8217;ya yapt\u0131\u011f\u0131 ziyaret s\u0131ras\u0131nda \u201cMavi Ak\u0131m Projesi&#8217;nin \u0130srail&#8217;e kadar uzat\u0131lmas\u0131 konusunun ele al\u0131nmas\u0131\u201d bir di\u011fer ilgin\u00e7 geli\u015fmedir. Ziyaretten sonra BOTA\u015e D\u0131\u015f \u0130li\u015fkiler M\u00fcd\u00fcr\u00fc \u0130smail \u00c7apano\u011flu, \u201cHazar petrollerinin \u0130srail&#8217;e kadar g\u00f6nderilmesiyle ilgili g\u00f6r\u00fc\u015fmeler yap\u0131ld\u0131\u011f\u0131n\u0131\u201d bildirmi\u015ftir. D\u00fcnyada enerji ihtiyac\u0131n\u0131n her ge\u00e7en g\u00fcn artt\u0131\u011f\u0131na dikkat \u00e7ekerek Hazar Havzas\u0131 ve Orta Asya&#8217;n\u0131n y\u0131ld\u0131z\u0131n\u0131n 21. y\u00fczy\u0131lda da parlayaca\u011f\u0131n\u0131 ve Do\u011fu Akdeniz B\u00f6lgesi&#8217;nin de projeler nedeniyle \u00f6neminin s\u00fcrekli artaca\u011f\u0131n\u0131n alt\u0131n\u0131 \u00e7izen \u00c7apano\u011flu, Ceyhan&#8217;a ula\u015fan petrol\u00fcn bir miktar\u0131n\u0131n Uzak Do\u011fu pazarlar\u0131na ta\u015f\u0131nmas\u0131 amac\u0131yla \u0130srail&#8217;e g\u00f6nderilmesiyle ilgili g\u00f6r\u00fc\u015fmeler yap\u0131ld\u0131\u011f\u0131n\u0131 belirterek, &#8220;Ceyhan sadece Do\u011fu Akdeniz petrol piyasas\u0131na de\u011fil, kurulacak rafineri sistemi ile T\u00fcrkiye ve Do\u011fu Akdeniz&#8217;deki petrol \u00fcr\u00fcn\u00fc piyasas\u0131na da \u00f6nemli katk\u0131lar sa\u011flayacak&#8221;<a href=\"#_ftn21\">[21]<\/a> a\u00e7\u0131klamas\u0131n\u0131 yapm\u0131\u015ft\u0131r. Konuyu ilgin\u00e7 k\u0131lan di\u011fer bir ayr\u0131nt\u0131 ise; 20.05.2005 tarihli Yeni\u00e7a\u011f Gazetesinde a\u00e7\u0131klanm\u0131\u015ft\u0131r: T\u00fcpra\u015f&#8217;\u0131n Ko\u00e7&#8217;a sat\u0131\u015f\u0131ndan 6 ay \u00f6nce, borsa&#8217;daki T\u00dcPRA\u015e hisselerini toplayarak, cebine a\u00e7\u0131ktan 800 milyon dolar koyan, Ko\u00e7&#8217;un T\u00dcPRA\u015e&#8217;taki orta\u011f\u0131, Ku\u015fadas\u0131 liman\u0131n\u0131 46 y\u0131ll\u0131\u011f\u0131na kiralayan, Park Otel&#8217;in sahibi, Galataport&#8217;un en y\u00fcksek teklif veren al\u0131c\u0131s\u0131 \u0130srail pasaportlu Yahudi i\u015fadam\u0131 Sami Ofer; 2004 y\u0131l\u0131nda \u00f6zel u\u00e7a\u011f\u0131 ile Ceyhan&#8217;a gelerek, mavi ak\u0131m i\u00e7in kurulacak tesislerin arazisinde inceleme yapm\u0131\u015f ve 25 g\u00fcn sonra, Rus Gasprom heyeti ile bulu\u015fmu\u015ftur. \u0130srail bas\u0131n\u0131nda da yer alan habere g\u00f6re, Sami Ofer, Ankara&#8217;ya kadar uzanacak Rus Do\u011falgaz\u0131\u2019n\u0131n \u0130srail&#8217;e ula\u015ft\u0131r\u0131lmas\u0131 konusunda, heyete bir proje sunmu\u015ftur.<\/p>\n<p><strong>Tohumculuk yasas\u0131 ve T\u00fcrk \u00e7ift\u00e7isinin \u0130srail\u2019e ezdirilmesi!<\/strong><\/p>\n<p>AKP\u2019nin d\u00f6nem i\u00e7inde \u0130srail lehine kotar\u0131lan uygulamalardan biri de &#8220;Tohumculuk Yasas\u0131 &#8220;d\u0131r. S\u00f6z konusu yasa ile T\u00fcrkiye bir yandan \u0130srail ve ABD ba\u015fta olmak \u00fczere, yabanc\u0131 tohum pazar\u0131 haline getirilirken, di\u011fer yandan T\u00fcrk \u00e7ift\u00e7isinin kendi tohumuyla ekim yapmas\u0131 yasaklanm\u0131\u015f ve \u0130srail ve ABD firmalar\u0131ndan tohum sat\u0131n almak zorunda b\u0131rak\u0131lm\u0131\u015ft\u0131r. \u00dcstelik ithal edilen tohumlar\u0131n genetik yap\u0131s\u0131 ile oynand\u0131\u011f\u0131ndan bu tohumlarla yap\u0131lan ilk hasattan sonraki ekimlerde topra\u011fa kanserojen maddelerin bula\u015ft\u0131\u011f\u0131 ve o topraklarda en az 20 y\u0131l \u00fcr\u00fcn yeti\u015ftirilemedi\u011fi de ortaya \u00e7\u0131km\u0131\u015ft\u0131r. Konuyu kendi web sitesinde de\u011ferlendiren bir uzman\u0131n yorumu olduk\u00e7a dikkat \u00e7ekicidir:<\/p>\n<p>&#8220;T\u00fcrkiye&#8217;nin patates deposu olan Ni\u011fde ve Nev\u015fehir b\u00f6lgelerinde yeti\u015ftirilen patateslerde kanserojen maddeye rastland\u0131\u011f\u0131 i\u00e7in, art\u0131k patates ekimine izin verilmemektedir. Yani \u0130srail, sadece tohumu tek ba\u015f\u0131na satm\u0131yor. Tohum alana hastal\u0131\u011f\u0131 da bedava bula\u015ft\u0131r\u0131yor!<\/p>\n<p>Tohumlar\u0131n i\u00e7ine hastal\u0131k yerle\u015ftiren \u0130srail bu sayede zirai ila\u00e7 sat\u0131m\u0131n\u0131 da garanti alt\u0131na alm\u0131\u015f oluyor. B\u00fct\u00fcn bu ac\u0131 tabloya ra\u011fmen T\u00fcrkiye&#8217;de hala yabanc\u0131lar\u0131n menfaatine \u00e7al\u0131\u015fan bir patent sistemi i\u015fletiliyor. \u0130\u015fin daha da korkuncu AKP buna zemin haz\u0131rl\u0131yor ve hi\u00e7bir tedbir alm\u0131yor. K\u00f6yl\u00fcm\u00fcz kendi bah\u00e7esinde tohum b\u0131rakamayacak. Aksi halde uluslararas\u0131 mahkemede yarg\u0131lanmas\u0131na imk\u00e2n sa\u011flan\u0131yor. \u015eu anda d\u00fcnyada \u0130srail tohumu kullanma yasas\u0131 \u00e7\u0131kartan ilk \u00fclke i\u015fgal alt\u0131ndaki Irak&#8217;t\u0131r. \u0130kincisi de AKP T\u00fcrkiye\u2019si oluyor!&#8221;.<\/p>\n<p>Bu arada AKP h\u00fck\u00fcmetinin Resmi gazete&#8217;de yay\u0131mlanarak y\u00fcr\u00fcrl\u00fc\u011fe giren karar\u0131na g\u00f6re, bundan b\u00f6yle resmi ve \u00f6zel kurslarda \u0130srail devletinin resmi dili olan \u0130branice&#8217;nin ve PKK&#8217;ya destek olan Hollanda&#8217;n\u0131n resmi dili Felemenk\u00e7e&#8217;nin e\u011fitiminin resmile\u015fmesi kararla\u015ft\u0131r\u0131lm\u0131\u015ft\u0131r.<\/p>\n<p>Bakanlar Kurulu\u2019nun s\u00f6z konusu karar\u0131n\u0131 &#8220;korkun\u00e7&#8221; diye niteleyerek, Yahudi destekli yabanc\u0131 sermayenin \u00fclkeyi i\u015fgal etmesinden sonra, \u0130branice&#8217;nin de resmile\u015ftirilmesi ile yeni bir k\u00fclt\u00fcrel i\u015fgalin ba\u015flat\u0131ld\u0131\u011f\u0131na dikkat \u00e7eken ara\u015ft\u0131rmac\u0131 yazar Aytun\u00e7 Alt\u0131ndal&#8217;\u0131n a\u00e7\u0131klamalar\u0131n\u0131 yorumsuz olarak a\u015fa\u011f\u0131da sunuyoruz:<\/p>\n<p><em>&#8220;Bu karar\u0131 ancak AKP h\u00fck\u00fcmeti alabilirdi. Almanya, Hollanda ve \u0130ngiltere gibi \u00fclkelerde T\u00fcrk\u00e7e yasaklan\u0131rken, \u0130srail&#8217;de T\u00fcrk\u00e7e resmen kabul edilmemi\u015fken, h\u00fck\u00fcmetin d\u00fcnyan\u0131n en az konu\u015fulan dillerinden biri olan \u0130branice&#8217;yi resmile\u015ftirmesi a\u00e7\u0131k\u00e7as\u0131 art niyetli bir karard\u0131r. Hangi Mason a\u011fabeyleri bu akl\u0131 verdi belli de\u011fil. T\u00fcrkiye \u0130srail&#8217;in s\u00f6m\u00fcrgesi midir? \u0130srail&#8217;de T\u00fcrk\u00e7e var m\u0131? AB \u00fclkelerinde T\u00fcrk\u00e7e yasaklan\u0131rken, T\u00fcrkiye&#8217;de \u0130branice&#8217;nin resmile\u015fmesi nas\u0131l a\u00e7\u0131klanabilir? Bu karar\u0131n bir ad\u0131m sonras\u0131 T\u00fcrkiye&#8217;nin \u0130srail&#8217;in s\u00f6m\u00fcrgesi haline getirilmesidir. Son olarak Hollanda merkezli bir \u015firket Oyak Bank&#8217;\u0131 ald\u0131. Ancak di\u011fer yabanc\u0131 \u015firketler gibi bu da Yahudi sermayesidir. \u00dclkenin finansal kaynaklar\u0131n\u0131n birer birer Yahudi sermayesinin hakimiyetine girmesinden sonra, bu kez de k\u00fclt\u00fcrel olarak \u0130srail&#8217;in hakimiyeti alt\u0131na al\u0131nmak isteniyoruz&#8221;<\/em><\/p>\n<p>Yukar\u0131daki bilgilere ilave olarak Yahudilerin T\u00fcrkiye&#8217;yi soyk\u0131r\u0131mla su\u00e7layan \u00f6rg\u00fct\u00fc ADL(Anti-Defamation League)&#8217;nin Ba\u015fbakan Erdo\u011fan&#8217;a y\u00fcksek cesaret ni\u015fan\u0131 verdi\u011fini de unutmamal\u0131, Onun Davos\u2019taki fos \u00e7\u0131k\u0131\u015flar\u0131n\u0131 alk\u0131\u015flay\u0131p avunmaktan utanmal\u0131d\u0131r.<\/p>\n<p>AKP d\u00f6neminde T\u00fcrkiye ile \u0130srail aras\u0131nda s\u00fcrd\u00fcr\u00fclen faaliyetlerin bir di\u011fer \u00f6nemli g\u00f6stergesi de iki \u00fclke aras\u0131nda Devlet Ba\u015fkan\u0131, Ba\u015fbakan ve \u00e7e\u015fitli bakanlar seviyesinde yap\u0131lan kar\u015f\u0131l\u0131kl\u0131 ziyaretler ve verilen mesajlard\u0131r. Erdo\u011fan ve G\u00fcl&#8217;\u00fcn \u0130srail ziyaretlerinin yan\u0131 s\u0131ra, \u0130srail Ba\u015fbakan\u0131 Olmert ve Devlet Ba\u015fkan\u0131 Peres&#8217;in T\u00fcrkiye&#8217;de a\u011f\u0131rlanmas\u0131 ve Peres&#8217;e TBMM&#8217;nde konu\u015fma yapt\u0131r\u0131lmas\u0131 T\u00fcrkiye Cumhuriyeti&#8217;nde talihsiz bir ilki olu\u015fturmaktad\u0131r.<\/p>\n<p>Bu konuda fazla s\u00f6ze gerek olmad\u0131\u011f\u0131, \u0130srail&#8217;in Ankara B\u00fcy\u00fckel\u00e7isi Pinhas Avivi&#8217;nin a\u015fa\u011f\u0131da yer alan ifadelerinden anla\u015f\u0131lmaktad\u0131r:<\/p>\n<p>&#8220;Ba\u015flang\u0131\u00e7ta AKP ile ili\u015fkimiz bir &#8216;a\u015fk hik\u00e2yesi&#8217; de\u011fildi. Ama zaman i\u00e7inde &#8216;sevgi&#8217;yi yakalad\u0131k. Bir\u00e7ok konuda ayn\u0131 anda, ayn\u0131 \u00e7\u0131karlar\u0131 savunuyoruz.&#8221;<a href=\"#_ftn22\">[22]<\/a><\/p>\n<p>Acaba AKP\u2019nin Siyonizm hizmetk\u00e2rl\u0131\u011f\u0131 ve \u0130srail\u2019in AKP\u2019ye bak\u0131\u015f\u0131 bu resmi itiraflar kadar, daha nas\u0131l anlat\u0131lacakt\u0131r?<\/p>\n<p>\u00a0<\/p>\n<p><strong>\u00a0<\/strong><\/p>\n<p><strong>\u00a0<\/strong><\/p>\n<p><strong>\u00a0<\/strong><\/p>\n<p><strong>\u00a0<\/strong><\/p>\n<p><strong>\u00a0<\/strong><\/p>\n<p><strong>\u00a0<\/strong><\/p>\n<p> <br clear=\"all\" \/> <\/p>\n<hr \/>\n<p><a href=\"#_ftnref1\">[1]<\/a> \u00d6mer L\u00fctfi Ta\u015f\u00e7\u0131o\u011flu, ABD\u2019nin K\u00fcreselle\u015ftirme Politikalar\u0131, Ankara, 2006, s.49<\/p>\n<p><a href=\"#_ftnref2\">[2]<\/a> T\u00fcrel YILMAZ, T\u00fcrkiye-\u0130srail Yak\u0131nla\u015fmas\u0131, \u0130maj Yay\u0131nevi, Ankara, 2001, s.9<\/p>\n<p><a href=\"#_ftnref3\">[3]<\/a> Yusuf BASASEL, Yahudi Tarihi, \u00dcniversal Dil Hizmetleri ve yay\u0131nc\u0131l\u0131k, \u0130stanbul, 200, s.13<\/p>\n<p><a href=\"#_ftnref4\">[4]<\/a> Nezih, TAVLAS, T\u00fcrk-\u0130srail G\u00fcvenlik ve \u0130stihbarat \u0130li\u015fkileri, Avrasya Dosyas\u0131 (\u0130srail \u00d6zel), c.5, 1999, s.81-82<\/p>\n<p><a href=\"#_ftnref5\">[5]<\/a> \u00d6mer K\u00fcrk\u00e7\u00fco\u011flu, T\u00fcrkiye\u2019nin Arap Ortado\u011fu\u2019suna kar\u015f\u0131 Politikas\u0131, Ankara SBF Yay\u0131nlar\u0131, Ankara 1972, s99-100<\/p>\n<p><a href=\"#_ftnref6\">[6]<\/a> H\u00fcseyin Ba\u011fc\u0131, Demokrat Parti D\u00f6nemi D\u0131\u015f Politikas\u0131, \u0130mge Kitapevi, Ankara, 1990, s.81<\/p>\n<p><a href=\"#_ftnref7\">[7]<\/a> Y\u0131lmaz, T\u00fcrkiye\u2026, s.22<\/p>\n<p><a href=\"#_ftnref8\">[8]<\/a> Lbid,<\/p>\n<p><a href=\"#_ftnref9\">[9]<\/a> Lbid, s.23<\/p>\n<p><a href=\"#_ftnref10\">[10]<\/a> Lbid, s.24<\/p>\n<p><a href=\"#_ftnref11\">[11]<\/a> Gencer, \u00d6ZKAN, 50nci Y\u0131l\u0131 Biterken T\u00fcrkiye \u0130srail \u0130li\u015fkileri, TTK yay\u0131nlar\u0131, Ankara 1999, s.541-542<\/p>\n<p><a href=\"#_ftnref12\">[12]<\/a> Basalel, Yahudi\u2026,s.302<\/p>\n<p><a href=\"#_ftnref13\">[13]<\/a> Tavlas, T\u00fcrk..,s.86<\/p>\n<p><a href=\"#_ftnref14\">[14]<\/a> lbid<\/p>\n<p><a href=\"#_ftnref15\">[15]<\/a> Nasuh, USLU, T\u00fcrk Amerikan \u0130li\u015fkilerinde K\u0131br\u0131s, 21nci YY Yay\u0131nlar\u0131, Ankara 2000, s.150<\/p>\n<p><a href=\"#_ftnref16\">[16]<\/a> Malik, M\u00dcFT\u0130, During the Caution in Turkish Foreign Pociy, M\u00fcddle East Journal, c.52, No:1, 1988, s.35,36,47<\/p>\n<p><a href=\"#_ftnref17\">[17]<\/a> Uslu, T\u00fcrk\u2026,s.353<\/p>\n<p><a href=\"#_ftnref18\">[18]<\/a> Uslu, T\u00fcrk\u2026,s.353<\/p>\n<p><a href=\"#_ftnref19\">[19]<\/a> 20.07.2006 Yeni\u00e7a\u011f<\/p>\n<p><a href=\"#_ftnref20\">[20]<\/a> 13.06.2006 Hasan Demir<\/p>\n<p><a href=\"#_ftnref21\">[21]<\/a> 30.03.2007, Yeni\u00e7a\u011f<\/p>\n<p><a href=\"#_ftnref22\">[22]<\/a> Utku \u00c7ak\u0131r\u00f6zer, 21.07.2007, Milliyet<\/p>\n","protected":false},"excerpt":{"rendered":"<p>\u00a0 \u201c\u0130srail\u2019i destekleyen; M\u00fcsl\u00fcmanl\u0131ktanda, insanl\u0131ktanda nasipsizdir!\u201d \u00c7\u00fcnk\u00fc 60 y\u0131ld\u0131r Filistinli mazlumlara kar\u015f\u0131 ac\u0131mas\u0131zca y\u00fcr\u00fct\u00fclen vah\u015fetin; Irak ve Afganistan i\u015fgalindeki deh\u015fetin; bizdeki PKK ve Hizbullah gibi ter\u00f6r \u00f6rg\u00fctleri ve cinayetlerin; asker, polis ve sivil kanattaki \u00e7etele\u015fmelerin; Bosna ve Sincan\u2019da ki soyk\u0131r\u0131m ve h\u0131yanetlerin; Afrika\u2019daki i\u00e7 sava\u015f ve sefaletlerin; milyonlarca ki\u015finin telefine ve medeniyetlerin tahribine yol a\u00e7an [&hellip;]<\/p>\n","protected":false},"author":1,"featured_media":0,"comment_status":"open","ping_status":"closed","sticky":false,"template":"","format":"standard","meta":{"footnotes":""},"categories":[100],"tags":[],"class_list":["post-1623","post","type-post","status-publish","format-standard","hentry","category-eylul-2009"],"_links":{"self":[{"href":"https:\/\/www.millicozum.com\/mc\/wp-json\/wp\/v2\/posts\/1623","targetHints":{"allow":["GET"]}}],"collection":[{"href":"https:\/\/www.millicozum.com\/mc\/wp-json\/wp\/v2\/posts"}],"about":[{"href":"https:\/\/www.millicozum.com\/mc\/wp-json\/wp\/v2\/types\/post"}],"author":[{"embeddable":true,"href":"https:\/\/www.millicozum.com\/mc\/wp-json\/wp\/v2\/users\/1"}],"replies":[{"embeddable":true,"href":"https:\/\/www.millicozum.com\/mc\/wp-json\/wp\/v2\/comments?post=1623"}],"version-history":[{"count":0,"href":"https:\/\/www.millicozum.com\/mc\/wp-json\/wp\/v2\/posts\/1623\/revisions"}],"wp:attachment":[{"href":"https:\/\/www.millicozum.com\/mc\/wp-json\/wp\/v2\/media?parent=1623"}],"wp:term":[{"taxonomy":"category","embeddable":true,"href":"https:\/\/www.millicozum.com\/mc\/wp-json\/wp\/v2\/categories?post=1623"},{"taxonomy":"post_tag","embeddable":true,"href":"https:\/\/www.millicozum.com\/mc\/wp-json\/wp\/v2\/tags?post=1623"}],"curies":[{"name":"wp","href":"https:\/\/api.w.org\/{rel}","templated":true}]}}