{"id":1625,"date":"2009-08-21T17:50:18","date_gmt":"2009-08-21T17:50:18","guid":{"rendered":"https:\/\/www.millicozum.com\/mc\/2009\/08\/21\/mehmet-kalyoncunun-itiraz-ve-itiraflari-ve-fetullahcilara-cagri\/"},"modified":"2009-08-21T17:50:18","modified_gmt":"2009-08-21T17:50:18","slug":"mehmet-kalyoncunun-itiraz-ve-itiraflari-ve-fetullahcilara-cagri","status":"publish","type":"post","link":"https:\/\/www.millicozum.com\/mc\/2009\/eylul-2009\/mehmet-kalyoncunun-itiraz-ve-itiraflari-ve-fetullahcilara-cagri\/","title":{"rendered":"MEHMET KALYONCU\u2019NUN \u0130T\u0130RAZ VE \u0130T\u0130RAFLARI VE FETULLAH\u00c7ILARA \u00c7A\u011eRI!"},"content":{"rendered":"<p><strong>Soner \u00c7a\u011faptay Yahudi as\u0131ll\u0131 \u201cBeyaz Efendi T\u00fcrkler\u201d tak\u0131m\u0131ndand\u0131. Yani Sabataist\u2019ti ve Amerika\u2019daki Siyonist d\u00fc\u015f\u00fcnce kurulu\u015flar\u0131n\u0131n \u00f6nde gelen bir adam\u0131yd\u0131. Newsweek Dergisinde (17.05.2009) \u201cT\u00fcrkiye\u2019deki Cad\u0131 Av\u0131n\u0131n Ard\u0131nda Yatanlar\u201d ba\u015fl\u0131kl\u0131 yaz\u0131s\u0131nda, Fetullah G\u00fclen\u2019cilere ve AKP\u2019cilere, tenkit g\u00f6r\u00fcnt\u00fcl\u00fc baz\u0131 dolayl\u0131 tavsiyeler yapm\u0131\u015ft\u0131. <\/strong><\/p>\n<p>a- \u00a0Biz (Siyonist Lobiler) Fetullah\u00e7\u0131l\u0131k hareketini \u00e7ok daha \u00f6nemli g\u00fcnler i\u00e7in haz\u0131rl\u0131yoruz. Siz ise, Ergenekon gibi kof davalara fazla dalmak ve sahip \u00e7\u0131kmakla, potansiyelinizi ucuza ve l\u00fczumsuzca harc\u0131yorsunuz!<\/p>\n<p>b- AKP Ergenekon bahanesiyle \u00f6l\u00e7\u00fcy\u00fc ka\u00e7\u0131rmak ve bu davay\u0131 bir intikam arac\u0131 olarak kullanmaya kalk\u0131\u015fmak suretiyle, AB\u2019ye giri\u015f s\u00fcrecini s\u0131k\u0131nt\u0131ya sokmakta ve sekteye u\u011fratmaktad\u0131r. Oysa ABD\u2019nin gizli Derin Devleti olan Yahudi Lobilerinin Siyonist D\u00fcnya Hakimiyeti planlar\u0131 a\u00e7\u0131s\u0131ndan, T\u00fcrkiye\u2019nin AB\u2019ye kat\u0131lmas\u0131 ve b\u00f6ylece milli kimlik ve ba\u011f\u0131ms\u0131zl\u0131\u011f\u0131n\u0131n k\u0131s\u0131rla\u015ft\u0131r\u0131lmas\u0131, hayati \u00f6nem ta\u015f\u0131maktad\u0131r!<\/p>\n<p>c- \u00a0Bay Beyaz T\u00fcrk Soner \u00c7a\u011faptay, bu \u00f6rt\u00fcl\u00fc \u00f6nerilerine tarafs\u0131zl\u0131k k\u0131l\u0131f\u0131 ve tutarl\u0131l\u0131k kazand\u0131rmak; Fetullah\u00e7\u0131lar\u0131n devlet kademelerindeki \u00f6rg\u00fctlenme g\u00fcc\u00fcn\u00fc hat\u0131rlatmak ve onlara kar\u015f\u0131 \u00e7\u0131kanlar\u0131n g\u00f6z\u00fcn\u00fc korkutmak i\u00e7in de, \u201cBunlar\u0131n Polis Te\u015fkilat\u0131ndaki kadrola\u015fmalar\u0131n\u0131 ve \u00f6zellikle Ergenekon takip ve tutuklamalar\u0131ndaki kaba ve kat\u0131 tutumlar\u0131n\u0131 g\u00fcya tenkit ediyor\u201d tavr\u0131 tak\u0131nm\u0131\u015ft\u0131. Ama bu dolayl\u0131 deste\u011fi, <strong>bay Fetullah\u00e7\u0131lar bir sald\u0131r\u0131 olarak alg\u0131lam\u0131\u015f ve Todays Zaman\u2019da Mehmet Kalyoncu, onu yalanlamaya \u00e7al\u0131\u015f\u0131rken, kendi yamukluklar\u0131n\u0131 ve Siyonist-emperyalist (Yahudi-Ha\u00e7l\u0131) ittifak\u0131n\u0131n bir yan kurulu\u015fu olduklar\u0131n\u0131 da, \u015f\u00f6yle itiraf buyurmu\u015flard\u0131:<\/strong><\/p>\n<p><strong><em>\u201cSoner \u00c7a\u011faptay\u2019\u0131n amac\u0131, ileride G\u00fclen hareketinin aleyhine kullan\u0131labilecek yaz\u0131l\u0131 materyal \u00fcretme gayesini de g\u00fcd\u00fcyor olabilir. G\u00f6ze ilk \u00e7arpan, \u00c7a\u011faptay&#8217;\u0131n, G\u00fclen hareketini tarikat olarak tan\u0131mlamas\u0131 ve s\u0131rf savc\u0131lar taraf\u0131ndan aranan ki\u015fileri tutuklad\u0131\u011f\u0131 i\u00e7in, T\u00fcrk polislerinin bu tarikat\u0131n \u00fcyesi oldu\u011funu iddia etmesi. Bir sivil toplum hareketi olarak i\u00e7lerinde M\u00fcsl\u00fcmanlar\u0131n, H\u0131ristiyanlar\u0131n, Yahudilerin, Hindular\u0131n, Budistlerin, agnostiklerin, ateistlerin ve daha ba\u015fkalar\u0131n\u0131n bulundu\u011fu d\u00fcnya \u00e7ap\u0131ndaki sivil toplum \u00f6rg\u00fctleriyle birlikte dinler aras\u0131 ve k\u00fclt\u00fcrler aras\u0131 diyalogu te\u015fvik eden ve y\u00fcz\u00fc a\u015fk\u0131n \u00fclkede okullar, hastaneler ve ba\u015fka hay\u0131r kurumlar\u0131 a\u00e7malar\u0131 i\u00e7in hay\u0131rseverleri harekete ge\u00e7iren G\u00fclen hareketi bir tarikata pek de benzemiyor. <\/em><\/strong><\/p>\n<p><strong><em>Durum b\u00f6yle de\u011filse; dinler aras\u0131 diyalogu te\u015fvik edecek bir jest olarak 1997 y\u0131l\u0131nda Fetullah G\u00fclen&#8217;i Vatikan&#8217;a davet eden Papa \u0130kinci Jean Paul, G\u00fclen&#8217;in ba\u015flatt\u0131\u011f\u0131 dinler aras\u0131 diyalogun savunucusu haline gelen \u0130srail Hahamba\u015f\u0131 Eliyahu Bak\u015fi-Doron, G\u00fclen&#8217;in dinler aras\u0131 diyaloguna resmen destek veren Rum Ortodoks Patri\u011fi Bartholomeos, Moskova&#8217;da G\u00fclen&#8217;in te\u015fvik etti\u011fi bir okula kefil oldu\u011fu iddia edilen T\u00fcrk Yahudi i\u015fadam\u0131 ve sanayicisi \u00dczeyir Garih ve M\u00fcsl\u00fcman k\u00f6kenden geliyor gibi durmayan daha pek \u00e7oklar\u0131 da, \u00c7a\u011faptay&#8217;\u0131n iddia etti\u011fi tarikat\u0131n \u00fcyesi olmal\u0131yd\u0131.\u201d<\/em><\/strong><a href=\"#_ftn1\"><strong><em><strong>[1]<\/strong><\/em><\/strong><\/a><strong><em> <\/em><\/strong><\/p>\n<p><strong>Fetullah\u00e7\u0131 Mehmet Kalyoncu b\u00f6ylece:<\/strong><\/p>\n<ul>\n<li><strong>Fetullah G\u00fclen\u2019in Papa II. Jean Paul\u2019la fikir ortakl\u0131\u011f\u0131n\u0131 ve bu \u0130slam d\u00fc\u015fman\u0131na h\u00fcrmetk\u00e2rl\u0131\u011f\u0131n\u0131<\/strong><\/li>\n<li><strong>\u0130srail Hahamba\u015f\u0131 Eliyahu Bak\u015fi Doron\u2019un Siyonist ama\u00e7lar\u0131na, Fetullah\u2019\u0131n hizmetk\u00e2rl\u0131\u011f\u0131n\u0131<\/strong><\/li>\n<li><strong>Vatan haini Rum Ortodoks Patri\u011fi Bartholomeus\u2019a Fetullah\u2019\u0131n derin sayg\u0131s\u0131n\u0131 ve yanda\u015fl\u0131\u011f\u0131n\u0131<\/strong><\/li>\n<li><strong>T\u00fcrk Yahudi ve Mason i\u015fadamlar\u0131n\u0131n Fetullah\u00e7\u0131lara d\u00fcnya \u00e7ap\u0131ndaki destek ve yard\u0131mlar\u0131n\u0131, a\u00e7\u0131k\u00e7a if\u015fa ve itiraf ediyorlard\u0131.<\/strong><\/li>\n<\/ul>\n<p><strong>Biz y\u0131llard\u0131r bu ger\u00e7ekleri hat\u0131rlat\u0131p toplumu uyarmaya \u00e7al\u0131\u015ft\u0131\u011f\u0131m\u0131zda bize; \u201ciftira ediyorsunuz, uydurup \u00e7amur at\u0131yorsunuz, b\u00fcy\u00fck bir Allah dostunu ve hizmet ekol\u00fcn\u00fc karalamaya \u00e7al\u0131\u015f\u0131yorsunuz!..\u201d diye sata\u015fanlar, \u015fimdi kendi adamlar\u0131 Mehmet Kalyoncu\u2019nun bu itiraflar\u0131 kar\u015f\u0131s\u0131nda, ya art\u0131k ger\u00e7ekleri g\u00f6r\u00fcp \u0130slami ve insani bir tav\u0131r koyacaklar, veya bile bile gavur u\u015fakl\u0131\u011f\u0131 yapt\u0131klar\u0131n\u0131 kabullenmi\u015f olacaklard\u0131.<\/strong><\/p>\n<p><strong>Fetullah\u00e7\u0131 ve Zaman yazar\u0131 Ali Bula\u00e7\u2019\u0131n haz\u0131rlad\u0131\u011f\u0131 Kur\u2019an Mealinde:<\/strong><\/p>\n<p><strong><em>\u201cEy iman edenler, Yahudi ve H\u0131ristiyanlar\u0131 dostlar (veliler) edinmeyin; Onlar biribirlerinin dostudurlar. Sizden kim, onlar\u0131 dost edinirse, ku\u015fkusuz (o da) onlardand\u0131r. \u015e\u00fcphesiz Allah (Yahudi ve H\u0131ristiyanlar\u0131 dost edinen) zalimler toplulu\u011funa hidayet vermez.\u201d<\/em><\/strong><\/p>\n<p><strong><em>\u201c\u0130\u015fte kalplerinde hastal\u0131k olanlar\u0131 (bu ilahi uyar\u0131lara ra\u011fmen): \u201cDevran\u0131n, felaketleriyle aleyhimize d\u00f6n\u00fcp bize \u00e7arpmas\u0131ndan korkuyoruz!\u201d diyerek (m\u00fcnaf\u0131klar\u0131n Yahudi ve H\u0131ristiyanlarla) aralar\u0131nda (gizli ili\u015fki ve i\u015fbirli\u011fi) \u00e7abalar\u0131 y\u00fcr\u00fctt\u00fcklerini g\u00f6r\u00fcrs\u00fcn. (Oysa) Umulur ki Allah (yak\u0131nda) bir fetih veya kat\u0131ndan bir emir getirecek de; onlar nefislerinde gizli tutuklar\u0131ndan dolay\u0131 pi\u015fman olacaklard\u0131r\u201d (Maide: 51-52 ayet)<\/em><\/strong><\/p>\n<p><strong>Ali Bula\u00e7 bu meallere ayr\u0131ca \u00f6nemli bir dipnot yazm\u0131\u015ft\u0131r:<\/strong><\/p>\n<p><strong>\u201cBu ve devam\u0131 olan ayet; \u201cateist (dinsiz)lere kar\u015f\u0131, Ehli kitap\u2019la \u0130ttifak kurmay\u0131, M\u00fcsl\u00fcmanlar\u0131n ba\u011f\u0131ms\u0131z kalmalar\u0131 yolunda tek \u00e7are\u201d g\u00f6stermek isteyenlere ve \u201cehven-i \u015fer\u201d gibi f\u0131khi ve pratik bir h\u00fckm\u00fc, siyasal felsefe haline getirenlere, cevabi bir i\u015faret g\u00f6r\u00fclebilir. Ancak M\u00fcsl\u00fcmanlar\u0131n, M\u00fcsl\u00fcman olmayan z\u00fcmrelere kar\u015f\u0131 davran\u0131\u015flar\u0131nda a\u015f\u0131r\u0131l\u0131\u011fa ka\u00e7mamalar\u0131 da gerekir.\u201d<\/strong><\/p>\n<p><strong>\u015eimdi Sn. Ali Bula\u00e7, kalks\u0131n desin ki:<\/strong><\/p>\n<ul>\n<li><strong>Ya, \u201cBen bu Meali ve dipnotu yazmam\u0131\u015f\u0131m.\u201d<\/strong><\/li>\n<li><strong>Ve ya, \u201c\u00d6yle yazd\u0131m, ama aldanm\u0131\u015f\u0131m ve yan\u0131lm\u0131\u015f\u0131m.\u201d<\/strong><\/li>\n<li><strong>Ya da; \u201cBu gibi ayetlerin lafz\u0131 Kur\u2019an\u2019da duruyor, ama h\u00fckm\u00fc kald\u0131r\u0131lm\u0131\u015ft\u0131r. Bu nedenle Siyonist Yahudileri ve ha\u00e7l\u0131 emperyalist H\u0131ristiyanlar\u0131 veliler edinmek ve H\u0131ristiyanlar\u0131 veliler edinmek.Onlar\u0131n g\u00fcd\u00fcm\u00fcne girmek m\u00fcnaf\u0131kl\u0131k de\u011fil, ak\u0131ll\u0131l\u0131kt\u0131r\u201d!?<\/strong><\/li>\n<\/ul>\n<p><strong>Art\u0131k, Fetullah\u0131n bir s\u00fcr\u00fc Ali Bula\u00e7 gibi yazar\u0131, Prof. etiketli ilahiyat\u00e7\u0131s\u0131, kalk\u0131p bu sorular\u0131n do\u011fru yan\u0131t\u0131n\u0131, muhkem ayetlere ve sahih hadislere g\u00f6re Fetullah ve avenesinin konumunu ortaya koyacaklar\u0131na; hatta televizyonlar\u0131na \u00e7\u0131kar\u0131p, b\u00fct\u00fcn hocalar\u0131n\u0131 da \u00e7a\u011f\u0131r\u0131p, bizi susturmak, varsa haks\u0131zl\u0131k ve yanl\u0131\u015fl\u0131klar\u0131m\u0131z\u0131 kusturmak suretiyle; beyinlerini y\u0131kad\u0131klar\u0131 camialar\u0131n\u0131 ve t\u00fcm halk\u0131m\u0131z\u0131 rahatland\u0131racaklar\u0131na, niye acaba bu teklifimizden \u00f6zenle ve kesinlikle korkulmakta ve ka\u00e7\u0131n\u0131lmaktad\u0131r? Hatta onlar\u0131n TV ve gazeteleri izin vermiyorsa, bu sorular\u0131n ilmi yan\u0131tlar\u0131n\u0131 g\u00f6ndersinler, biz Milli \u00c7\u00f6z\u00fcm\u2019de yay\u0131nlayal\u0131m.<\/strong><\/p>\n<p>Yoksa Fetullah\u00e7\u0131lar ve m\u00fcnaf\u0131kl\u0131\u011fa fetvac\u0131lar:<\/p>\n<p><strong><em>\u201c(Manevi marazlar\u0131 ve m\u00fcnaf\u0131kl\u0131klar\u0131 nedeniyle) Allah\u2019la kar\u015f\u0131la\u015f\u0131p huzuruna \u00e7\u0131kmay\u0131 hi\u00e7 arzulamayan (ahireti b\u0131rak\u0131p d\u00fcnyaya sar\u0131lan) kimselerin s\u00f6yledikleri gibi:<\/em><\/strong><\/p>\n<p><strong><em>\u201c(Bu i\u015fimize gelmiyor) Bundan ba\u015fka bir Kur\u2019an getir veya onu de\u011fi\u015ftir!..\u201d(Yunus Suresi: 15. ayet) <\/em><\/strong><\/p>\n<p>diyenler tak\u0131m\u0131ndan m\u0131d\u0131r?<\/p>\n<p>Evet, evet\u2026 Kur\u2019an \u201cFurkan\u201dd\u0131r. Yani m\u00fc\u2019minle m\u00fcnaf\u0131\u011f\u0131, sad\u0131kla sahtek\u00e2r\u0131, \u00e7ok net ve kesin \u00f6l\u00e7\u00fclerle ortaya koymaktad\u0131r. Sadakallahul-azim-Allahuazim\u00fc\u015f\u015fan do\u011fru buyurmaktad\u0131r.<\/p>\n<p><strong>Bu arada Fetullah G\u00fclen&#8217;e yak\u0131n isimlerden H\u00fcseyin G\u00fclerce, Newsweek\u2019ten Murat Yaln\u0131z ve Adem Demir&#8217;in sorular\u0131n\u0131 yan\u0131tlarken:<\/strong><\/p>\n<p><em>\u201cMilli G\u00f6r\u00fc\u015f zihniyeti T\u00fcrkiye ger\u00e7eklerine uymuyor. Dinin anla\u015f\u0131lmas\u0131 ve ya\u015fanmas\u0131nda da bir farkl\u0131l\u0131k var. Erbakan ve \u00e7evresindekiler art\u0131k bir k\u00f6y\u00fcn ihtiyar heyeti gibi. Numan Bey&#8217;in en b\u00fcy\u00fck problemi Erbakan&#8217;dan ba\u011f\u0131ms\u0131z karar alamayacak olmas\u0131. Erbakan&#8217;\u0131n AB g\u00f6r\u00fc\u015fleri belli&#8230; Ama toplumun b\u00fcy\u00fck kesimi, T\u00fcrkiye&#8217;nin AB \u00fcyesi olmas\u0131 gerekti\u011fine inan\u0131yor. \u015eimdi Numan Bey&#8217;in SP&#8217;si AB&#8217;ye tam \u00fcyeli\u011fi savunabilecek mi?\u201d<\/em><\/p>\n<p><em>\u201cCHP; G\u00fclen&#8217;i insafs\u0131zca ele\u015ftiriyor, sonra da &#8216;Bunlar hep AKP&#8217;ye oy veriyor&#8217; diyor. Karde\u015fim sen benim oyumu almak i\u00e7in hi\u00e7 talip olmad\u0131n ki. Halbuki CHP b\u00f6yle d\u00fc\u015f\u00fcnmedi\u011fini son se\u00e7im \u00f6ncesindeki dini a\u00e7\u0131l\u0131mlarla g\u00f6sterdi. Radikal dindarlara d\u00f6n\u00fck a\u00e7\u0131l\u0131mlard\u0131. Oysa, o radikallerden daha yak\u0131nd\u0131r G\u00fclen camias\u0131 CHP&#8217;ye, Radikal \u0130slamc\u0131lara a\u00e7\u0131l\u0131m yap\u0131yor, daha \u0131l\u0131ml\u0131 bir camiay\u0131 g\u00f6rmezden geliyor. Bizim CHP&#8217;ye tavr\u0131m\u0131z yok, onlar\u0131n bize var. Camian\u0131n AKP d\u0131\u015f\u0131nda oy verebilece\u011fi bir yer yok. Ama AKP, Milli G\u00f6r\u00fc\u015f g\u00f6mle\u011fini \u00e7\u0131kard\u0131k diyor ama bir t\u00fcrl\u00fc o yakla\u015f\u0131mdan kurtulam\u0131yor.\u201d<\/em><\/p>\n<p><em>\u201cBiz 115 \u00fclkede okullar a\u00e7t\u0131k. Almanya&#8217;da, ABD&#8217;de, \u0130ngiltere&#8217;de&#8230; D\u00fcnyan\u0131n en kuvvetli istihbarat te\u015fkilatlar\u0131 var buralarda. Kafam\u0131zdakileri onlar tespit edemiyor, T\u00fcrkiye&#8217;dekiler bir bak\u0131\u015fta anl\u0131yor. Gizli sakl\u0131 bir i\u015f yapm\u0131yoruz. T\u00fcrkiye&#8217;deki istihbarat kurumlar\u0131 isterse rahatl\u0131kla s\u0131zar bu hareketin i\u00e7ine\u201d<\/em> <strong>diyordu, ama; zaten ABD, \u0130ngiltere, Almanya ve di\u011fer \u00fclkelerde CIA ve MOSSAD gibi istihbarat \u00f6rg\u00fctlerinin destek ve himayesiyle bu i\u015fleri y\u00fcr\u00fctebildiklerini ve onlar\u0131n sinsi ve Siyonist emellerine hizmet ettiklerini gizliyordu ve sanki kimse bilmiyordu! <\/strong><\/p>\n<p><strong>\u00dcstelik H\u00fcseyin G\u00fclerce\u2019nin bu s\u00f6zleri: \u201cFetullah\u00e7\u0131lar Milli G\u00f6r\u00fc\u015f\u2019\u00fcn evrensel prensiplerini ve \u0130slam Birli\u011fini engellemek kar\u015f\u0131l\u0131\u011f\u0131, Siyonist g\u00fc\u00e7lerce desteklenmektedir\u201d anlam\u0131na geliyordu.<\/strong><\/p>\n<p><strong>\u015eu Sabataist Soner \u00c7a\u011faptay\u2019\u0131 biraz daha tan\u0131yal\u0131m:<\/strong><\/p>\n<p><strong>Soner \u00c7a\u011faptay: Washington Yak\u0131n Do\u011fu Politikalar\u0131 Enstit\u00fcs\u00fc&#8217;nde etkin bir g\u00f6revde bulunmaktad\u0131r. \u00c7a\u011faptay&#8217;\u0131n, ABD kamuoyunu ve T\u00fcrkiye&#8217;nin resmi g\u00f6r\u00fc\u015f\u00fcn\u00fc etkileyebilecek bir konumda bulunmas\u0131, yaz\u0131lar\u0131n\u0131 tan\u0131nm\u0131\u015f gazete ve dergilerde yay\u0131mlamas\u0131na kolayl\u0131k ve f\u0131rsat sa\u011flamaktad\u0131r. (Washington Post&#8217;taki, &#8216;T\u00fcrkiye&#8217;nin Bat\u0131&#8217;ya s\u0131rt\u0131n\u0131 d\u00f6n\u00fc\u015f\u00fc&#8217; ba\u015fl\u0131kl\u0131 makalesi ile yukar\u0131da bahsetti\u011fimiz makale son \u00f6rnekler.) S\u0131k s\u0131k, fikrini bildirmek \u00fczere, ABD Senatosu&#8217;na ve Kongre&#8217;nin D\u0131\u015f \u0130li\u015fkiler komitelerine \u00e7a\u011fr\u0131lmaktad\u0131r. Washington Yak\u0131n Do\u011fu Politikalar\u0131 Enstit\u00fcs\u00fc&#8217;ndeki T\u00fcrkiye ara\u015ft\u0131rma program\u0131n\u0131 y\u00f6neten bir insand\u0131r. Ayr\u0131ca, Arlington-Virjinya&#8217;daki ABD D\u0131\u015f \u0130li\u015fkiler Enstit\u00fcs\u00fc&#8217;nde, T\u00fcrkiye&#8217;de g\u00f6rev yapacak olan ABD&#8217;li diplomatlara ve \u00fcst d\u00fczey asker\u00ee g\u00f6revlilere e\u011fitim verdi\u011fi konu\u015fulmaktad\u0131r. ABD&#8217;li diplomatlar\u0131n, T\u00fcrkiye&#8217;deki g\u00f6revlerine, T\u00fcrkiye&#8217;ye ve T\u00fcrk toplumuna dair ne t\u00fcr bir fikri alt yap\u0131yla ba\u015flad\u0131klar\u0131 da b\u00f6ylece ortaya \u00e7\u0131kmaktad\u0131r. <\/strong><\/p>\n<p><strong>\u0130\u015fte bu Soner \u00c7a\u011faptay Newsweek\u2019te \u015funlar\u0131 yazm\u0131\u015ft\u0131:<\/strong><\/p>\n<p>Ergenekon davas\u0131, AKP&#8217;nin \u00f6zg\u00fcrl\u00fckleri k\u0131s\u0131tlamak i\u00e7in kulland\u0131\u011f\u0131 bir ara\u00e7 oluyor. Hepsinden \u00f6te bu\u00a0dava; ayn\u0131 zamanda T\u00fcrk polisini kontrol eden G\u00fclen cemaatinin g\u00fcc\u00fcn\u00fc, e\u011fitim, kurs ve\u00a0burs pazar\u0131ndaki tekelini koruma iradesini yans\u0131t\u0131yor.<\/p>\n<p>Misyonerlik faaliyetleri ve g\u00f6n\u00fcll\u00fcl\u00fck \u00e7al\u0131\u015fmalar\u0131 sayesinde, G\u00fclen cemaati ge\u00e7ti\u011fimiz on y\u0131llar i\u00e7inde k\u00fcresel d\u00fczeyde toplumsal ve politik bir g\u00fc\u00e7 elde etmi\u015f g\u00f6r\u00fcn\u00fcyor. Cemaatin Washington ve Br\u00fcksel&#8217;de lobi \u00e7al\u0131\u015fmalar\u0131 yapan i\u015f ve d\u00fc\u015f\u00fcnce gruplar\u0131, d\u00fcnyan\u0131n her yerinde \u00fcniversiteleri, bankalar\u0131, televizyon kanallar\u0131 ve gazeteleri, ayr\u0131ca \u00e7o\u011fu tam burslu olmak \u00fczere 2 milyondan fazla oldu\u011fu d\u00fc\u015f\u00fcn\u00fclen \u00f6\u011frenciye e\u011fitim veren okullar\u0131 bulunuyor.<\/p>\n<p>Cemaat T\u00fcrkiye&#8217;deki politik g\u00fcc\u00fcn\u00fc 90&#8217;larda \u00e7e\u015fitli partilere sa\u011flad\u0131\u011f\u0131 destek dolay\u0131s\u0131yla ula\u015fm\u0131\u015ft\u0131. Kar\u015f\u0131l\u0131\u011f\u0131nda Emniyet ve Milli E\u011fitim Bakanl\u0131\u011f\u0131&#8217;n\u0131n en kilit pozisyonlar\u0131na cemaate yak\u0131n isimler atand\u0131. Bu b\u00fcy\u00fcyen g\u00fc\u00e7, T\u00fcrk ordusu 1997 y\u0131l\u0131nda o s\u0131rada iktidarda olan Refah Partisi&#8217;nin politikalar\u0131n\u0131n, T\u00fcrkiye&#8217;nin laik anayasas\u0131n\u0131 ihl\u00e2l etti\u011fi y\u00f6n\u00fcndeki uyar\u0131 bildirisiyle t\u0131rpanland\u0131. Birbirini izleyen Refah Partisi aleyhtar\u0131 g\u00f6steriler ve bir medya kampanyas\u0131 bu h\u00fck\u00fcmetin sonunu haz\u0131rlad\u0131. K\u0131sa bir s\u00fcre sonra T\u00fcrk mahkemelerinde G\u00fclen aleyhine a\u00e7\u0131lan davada, kendisinin takip\u00e7ilerinden &#8220;sistemin ana damarlar\u0131 i\u00e7inde ilerleyip g\u00fc\u00e7 merkezlerine ula\u015fana kadar varl\u0131klar\u0131n\u0131 kimseye hissettirmemelerini&#8221; s\u00f6yledi\u011fi ve T\u00fcrkiye&#8217;yi kontrol\u00fc alt\u0131na almak istedi\u011fi\u201d ortaya at\u0131ld\u0131. G\u00fclen T\u00fcrkiye&#8217;yi terk edip Amerika Birle\u015fik Devletleri&#8217;ne yerle\u015fme karar\u0131 ald\u0131.<\/p>\n<p>Refah Partisi&#8217;nin k\u00fcllerinden in\u015fa edilen AKP, 2002 y\u0131l\u0131nda g\u00f6reve geldi\u011finde G\u00fclen cemaati de bir canlanma ya\u015fad\u0131. Cemaat AKP&#8217;yi destekledi, bunun kar\u015f\u0131l\u0131\u011f\u0131nda \u00fcyeleri b\u00fcy\u00fck ihaleler almaya ba\u015flad\u0131 ve cemaatin Emniyet i\u00e7indeki g\u00fcc\u00fc doru\u011fa \u00e7\u0131kt\u0131. Ergenekon\u2019daki son tutuklamalar da G\u00fclen cemaatinin g\u00fcc\u00fcn\u00fcn kan\u0131t\u0131 say\u0131lm\u0131\u015ft\u0131: Polis, AKP aleyhtar\u0131 oldu\u011fu d\u00fc\u015f\u00fcn\u00fclen liberal kad\u0131nlar\u0131n ve ayd\u0131nlar\u0131n evlerini dinlemi\u015f ve ard\u0131ndan savc\u0131dan bunlar\u0131 tutuklama karar\u0131n\u0131 \u00e7\u0131kartm\u0131\u015ft\u0131. Kad\u0131nlar g\u00fcnlerce sorgulanm\u0131\u015f ve beraat edip b\u0131rak\u0131lm\u0131\u015ft\u0131. Polis dosyalar\u0131, ifadeleri ve kad\u0131nlar\u0131n \u00f6zel hayatlar\u0131yla ilgili detaylar G\u00fclen cemaatinin elindeki medya organlar\u0131na s\u0131zd\u0131r\u0131ld\u0131. Ad\u0131 ge\u00e7en medya organlar\u0131 bu kad\u0131nlar\u0131 ter\u00f6rist \u00f6rg\u00fct \u00fcyesi olarak tan\u0131mlay\u0131p \u00c7YDD Ba\u015fkan\u0131 T\u00fcrkan Saylan&#8217;\u0131n \u0130svi\u00e7reli H\u0131ristiyan bir anneden do\u011fmu\u015f olmas\u0131 dolay\u0131s\u0131yla hakk\u0131nda negatif yorumlara ba\u015flad\u0131. G\u00fclen cemaatinin retori\u011finin dinleraras\u0131 diyalogu destekledi\u011fi d\u00fc\u015f\u00fcn\u00fcl\u00fcrse, bu da rahats\u0131z edici ve a\u00e7\u0131klanmas\u0131 zor bir yakla\u015f\u0131md\u0131.<\/p>\n<p>Dava, AKP&#8217;nin ve G\u00fclen cemaatinin liberallere bask\u0131 yapmalar\u0131n\u0131 ve isimlerini lekelemelerini sa\u011flayan bir g\u00f6steri halini ald\u0131. 26 Nisan&#8217;da Adalet Bakan\u0131 polis istihbarat\u0131n\u0131n \u00fclke genelindeki 70 bin ki\u015finin \u00f6zel telefon g\u00f6r\u00fc\u015fmelerini dinledi\u011fini a\u00e7\u0131klad\u0131. Bu rakam T\u00fcrkiye&#8217;deki neredeyse her bin T\u00fcrk&#8217;ten bir tanesinin polis g\u00f6zetimi alt\u0131nda ya\u015fad\u0131\u011f\u0131n\u0131 ortaya koymaktayd\u0131. Amerika Birle\u015fik Devlerinde ise bu oran 137 binde bir olmaktayd\u0131.<\/p>\n<p>Ergenekon davas\u0131 ne yaz\u0131k ki, bir cad\u0131 av\u0131na d\u00f6n\u00fc\u015fm\u00fc\u015f durumdayd\u0131. E\u011fer bu konuda \u015f\u00fcpheniz varsa herhangi bir arkada\u015f\u0131n\u0131z\u0131 aray\u0131p davayla ilgili fikrini sorun. Arkada\u015f\u0131n\u0131z size bu dava hakk\u0131nda detayl\u0131 bilgiler aktaracakt\u0131. Bu Bat\u0131 d\u00fcnyas\u0131nda insanlar\u0131n kamuda bu kadar yer eden bir davadan konu\u015fmaktan imtina ettikleri en son vaka olan ABD&#8217;de, 1950\u2019li y\u0131llarda McCarty davas\u0131n\u0131 hat\u0131rlatmaktayd\u0131. Avrupa Birli\u011fi yolunda ilerlemesi gereken T\u00fcrkiye, paradoksal olarak b\u00f6yle bir korku ortam\u0131n\u0131n i\u00e7ine do\u011fru yuvarlanmaktayd\u0131&#8230;<\/p>\n<p><strong>\u00a0<\/strong><\/p>\n<p><strong>Acaba Polis Akademisi, \u2018I\u015f\u0131k Evi\u2019ne mi \u00e7evrilmeye ba\u015flam\u0131\u015ft\u0131?<\/strong><\/p>\n<p>Polis Akademisi&#8217;nin ba\u015fkanl\u0131\u011f\u0131na Cemaat&#8217;e yak\u0131nl\u0131\u011f\u0131yla tan\u0131nan Prof. Dr. Z\u00fcht\u00fc Arslan&#8217;\u0131n atanmas\u0131 haberi baz\u0131 gazetelerde yer alm\u0131\u015ft\u0131.<\/p>\n<p>Arslan&#8217;\u0131n bu g\u00f6reve atanmas\u0131 bir s\u00fcrpriz de\u011fil, Akademi&#8217;de son yirmi y\u0131l i\u00e7inde ya\u015fananlar\u0131n bir sonucu yani malumun ilan\u0131yd\u0131.\u201d<\/p>\n<p>1984 y\u0131l\u0131nda d\u00f6nemin i\u00e7i\u015fleri Bakan\u0131 Abd\u00fclkadir Aksu&#8217;nun giri\u015fimiyle \u00e7\u0131kar\u0131lan &#8220;Akademi Yasas\u0131&#8221; bu s\u00fcrecin ba\u015flang\u0131c\u0131yd\u0131! Akademi&#8217;nin \u00f6\u011fretim kadrosu ve \u00f6\u011frencileri aras\u0131nda ba\u015flayan cemaat \u00f6rg\u00fctlenmesi, h\u0131z\u0131 kesilmeden 1991 y\u0131l\u0131na kadar giderek artm\u0131\u015ft\u0131.<\/p>\n<p>1991 y\u0131l\u0131nda \u00dcnal Erkan&#8217;\u0131n Emniyet Genel M\u00fcd\u00fcr\u00fc ve \u00dcmit Erdal&#8217;\u0131n da Polis Akademisi Ba\u015fkan\u0131 oldu\u011fu d\u00f6nemde cemaat \u00f6rg\u00fctlenmesine kar\u015f\u0131 m\u00fccadele verildi\u011fi saptanm\u0131\u015ft\u0131.<\/p>\n<p>EGM Polis Tefti\u015f Kurulu Ba\u015fkanl\u0131\u011f\u0131&#8217;n\u0131n 1991\/313 say\u0131l\u0131 ve Ba\u015fm\u00fcfetti\u015f Ahmet Nihat D\u00fcndar ve m\u00fcfetti\u015f \u0130zzet Sezgin \u015eenel imzal\u0131 raporunda Akademi&#8217;deki Fetullah\u00e7\u0131 \u00f6\u011fretim \u00fcyeleri isim isim saptanm\u0131\u015ft\u0131. Okul mezunlar\u0131n\u0131n g\u00f6rev yerlerini belirleyen kura \u00e7ekimleri s\u0131ras\u0131nda yap\u0131lan hileler su\u00e7\u00fcst\u00fc yap\u0131lm\u0131\u015f ve bunlar hakk\u0131nda soru\u015fturmalar a\u00e7\u0131lm\u0131\u015ft\u0131.<\/p>\n<p>Ancak sonu\u00e7lanamam\u0131\u015f Akademi, sanki Cemaate b\u0131rak\u0131lm\u0131\u015ft\u0131. \u00dcmit Erdal g\u00f6revinden al\u0131nm\u0131\u015f, APK\u2019ya yani kaz\u0131\u011fa \u00e7ekilip etkisiz k\u0131l\u0131nm\u0131\u015ft\u0131. \u00d6lene kadar da \u00f6nemli bir g\u00f6reve atanmam\u0131\u015ft\u0131.<\/p>\n<p>Peki, m\u00fcfetti\u015flere ne yap\u0131lm\u0131\u015ft\u0131?<\/p>\n<p>Haklar\u0131nda inan\u0131lmaz bir iftira kampanyas\u0131 ba\u015flat\u0131lm\u0131\u015f, soru\u015fturmalar a\u00e7\u0131lm\u0131\u015ft\u0131. Onlar da k\u0131za\u011fa al\u0131nm\u0131\u015f ve bir s\u00fcre sonra da emekli olmu\u015flard\u0131.<\/p>\n<p>\u015eimdi Z\u00fcht\u00fc Arslan&#8217;\u0131n ba\u015fkan olmas\u0131 bu s\u00fcrecin son noktas\u0131d\u0131r. Baz\u0131lar\u0131na g\u00f6re art\u0131k \u201cI\u015f\u0131k Evleri\u201dne gerek kalmam\u0131\u015ft\u0131r.<\/p>\n<p>\u00c7\u00fcnk\u00fc, Polis Akademisi \u201cI\u015f\u0131k Evi\u201d konumuna ta\u015f\u0131nm\u0131\u015ft\u0131r\u201d iddialar\u0131 kafalar\u0131 kar\u0131\u015ft\u0131rmaktayd\u0131. Burada \u00fcrk\u00fct\u00fcc\u00fc olan dindar ve d\u00fcr\u00fcst insanlar\u0131n polis olmas\u0131 de\u011fil, Emniyeti Fetullah G\u00fclen \u00fczerinden CIA g\u00fcd\u00fcml\u00fc kadrolar\u0131n ku\u015fatmas\u0131yd\u0131. Ve bu konudaki soru i\u015faretleri, hala yan\u0131tlar\u0131n\u0131 aramaktayd\u0131.<\/p>\n<p><strong>B\u00fcy\u00fckan\u0131t Pa\u015fa: \u201cBana istihbarat getirecek kurum, hakk\u0131mda istihbarat topluyor\u201d diye yak\u0131nm\u0131\u015ft\u0131<\/strong><\/p>\n<p>Eski Genelkurmay Ba\u015fkan\u0131 Org. Ya\u015far B\u00fcy\u00fckan\u0131t, Beykent \u00dcniversitesi&#8217;nde verdi\u011fi &#8220;Politikac\u0131 ve Ordu&#8221; konulu derste, Adalet Bakanl\u0131\u011f\u0131&#8217;n\u0131n \u0130\u00e7i\u015fleri Bakanl\u0131\u011f\u0131&#8217;na, M\u0130T&#8217;in Emniyet&#8217;e, Emniyet&#8217;in de M\u0130T&#8217;e g\u00fcvenmedi\u011fini belirterek, kurumlar aras\u0131ndaki g\u00fcvensizlik nedeniyle devletin hasta oldu\u011funu s\u00f6yledi. E. Org. B\u00fcy\u00fckan\u0131t, &#8220;Bu kurumlar\u0131n uyumlu \u00e7al\u0131\u015fmas\u0131ndan, Anayasa gere\u011fi Ba\u015fbakan de\u011fil, Cumhurba\u015fkan\u0131 sorumlu&#8221; dedi. B\u00fcy\u00fckan\u0131t \u015funlar\u0131 s\u00f6yledi: &#8220;Devlette kurumlar aras\u0131nda g\u00fcvensizlik varsa, \u015f\u00fcpheler varsa o devlet sorunludur. Ben asker olarak emniyetin istihbarat\u0131na g\u00fcvenmiyorsam, \u00e7\u00fcnk\u00fc bana istihbarat getirecek kurum benim hakk\u0131mda istihbarat topluyor. Bunlar ger\u00e7ek vakalar.&#8221;<\/p>\n<p><strong>E. GKB Ya\u015far B\u00fcy\u00fckan\u0131t\u2019\u0131n bu tespitlerine kat\u0131lan Ayd\u0131nl\u0131k, B\u00fcy\u00fckan\u0131t\u2019\u0131n, Mason ve Sabataist \u0130ttihat\u00e7\u0131larla ilgili s\u00f6zlerine kar\u015f\u0131 \u00e7\u0131karak:<\/strong><\/p>\n<p><strong>\u201c\u0130ttihat\u00e7\u0131lar olmasayd\u0131 Cumhuriyet de olmazd\u0131! safsatas\u0131n\u0131 tekrarlam\u0131\u015ft\u0131<\/strong><\/p>\n<p><em>&#8220;Tarih bir askerin en b\u00fcy\u00fck silah\u0131d\u0131r. \u0130ki periyodu subay \u00e7ok iyi bilmeli. \u0130lki 1830&#8217;lardan ba\u015flay\u0131p Osmanl\u0131&#8217;n\u0131n y\u0131k\u0131l\u0131\u015f\u0131na kadar olan d\u00f6nem, ikincisi, belki de en \u00f6nemlisi 1908-1918 \u0130ttihat Terakki d\u00f6nemi. Osmanl\u0131 bu d\u00f6nemde \u00e7\u00f6k\u00fc\u015fe girdi, \u00e7\u00f6k\u00fc\u015f h\u0131zland\u0131. Eski Genelkurmay Ba\u015fkan\u0131 Ya\u015far B\u00fcy\u00fckan\u0131t, 7 May\u0131s 2009 ak\u015fam\u0131 Kanal D&#8217;de 32. G\u00fcn program\u0131nda b\u00f6yle s\u00f6yledi. B\u00fcy\u00fckan\u0131t&#8217;\u0131n bu s\u00f6zleri di\u011fer a\u00e7\u0131klamalar\u0131n yan\u0131nda kaynad\u0131 gitti. B\u00fcy\u00fckan\u0131t&#8217;\u0131n a\u00e7\u0131klamalar\u0131na ili\u015fkin yaz\u0131lar\u0131n hi\u00e7birinde bu konuya de\u011finen olmad\u0131.<\/em><\/p>\n<p><em>Osmanl\u0131 \u0130mparatorlu\u011fu&#8217;nun y\u0131k\u0131l\u0131\u015f\u0131n\u0131 ittihat\u00e7\u0131lar\u0131n &#8220;h\u0131zland\u0131rd\u0131\u011f\u0131&#8221; ve hatta y\u0131k\u0131l\u0131\u015fa \u0130ttihat ve Terakki y\u00f6netiminin neden oldu\u011fu iddialar\u0131 yeni de\u011fildir. Dinci-gerici tarih\u00e7ilerden, liberal ayd\u0131nlara kadar geni\u015f bir yelpaze \u0130ttihat\u00e7\u0131lar\u0131 hi\u00e7 sevmezler. Do\u011fald\u0131r. Bu gurup, tarihimizde devrimci olan her \u015feye d\u00fc\u015fmand\u0131rlar.<\/em><\/p>\n<p><em>Elbette \u0130ttihat ve Terakki kar\u015f\u0131tlar\u0131n\u0131n ba\u015f\u0131nda &#8220;D\u00fcveli Muazzama&#8221; gelir. 1908-1918 aras\u0131ndaki on y\u0131ll\u0131k \u0130ttihat\u00e7\u0131 y\u00f6netimi, emperyalist Bat\u0131 taraf\u0131ndan &#8220;hasta adam&#8221; ilan edilmi\u015f ve emperyalist payla\u015f\u0131m\u0131n en b\u00fcy\u00fck pastas\u0131 olarak g\u00f6r\u00fcnen bir devleti aya\u011fa kald\u0131rabilmek i\u00e7in verilen inan\u0131lmaz bir m\u00fccadele d\u00f6nemidir.<\/em><\/p>\n<p><em>Daha d\u00fcne kadar bu \u00fclkenin genelkurmay ba\u015fkanl\u0131\u011f\u0131n\u0131 yapm\u0131\u015f olan bir \u015fahsiyetin, yak\u0131n tarihimizi b\u00f6yle de\u011ferlendirmesi d\u00fc\u015f\u00fcnd\u00fcr\u00fcc\u00fcd\u00fcr&#8221;<\/em> demi\u015flerdi. Bunlara g\u00f6re:<\/p>\n<p><strong>T\u00fcrkiye&#8217;nin 150 y\u0131ll\u0131k milli demokratik devrim tarihinin k\u00f6\u015fe ta\u015flar\u0131n\u0131n ba\u015f\u0131nda \u0130ttihat ve Terakki Cemiyeti say\u0131lmal\u0131ym\u0131\u015f.<\/strong><\/p>\n<p><strong>T\u00fcrkiye devrimcilerinin k\u00f6klerinde J\u00f6n T\u00fcrkler varm\u0131\u015f\u2026<\/strong><\/p>\n<p><strong>\u0130ttihat ve Terakki olmasayd\u0131 Kemalizm olmazm\u0131\u015f\u2026<\/strong><\/p>\n<p><strong>\u0130ttihat\u00e7\u0131lar olmasayd\u0131 Cumhuriyet olmazm\u0131\u015f\u2026<\/strong><\/p>\n<p><strong>Biz de bunlara bir c\u00fcmle ekleyelim: D\u00fcnya siyonizmi ve Osmanl\u0131\u2019ya s\u0131zm\u0131\u015f Sabataist-Mason hainleri olmasayd\u0131, \u0130ttihat Terakki de olmazd\u0131!<\/strong><\/p>\n<p><strong>\u00dcmraniye bombalar\u0131 ve Fetullah\u00e7\u0131 polis \u015feflerinin ordu d\u00fc\u015fmanl\u0131\u011f\u0131!<\/strong><\/p>\n<p>Tarih: 12 Haziran 2007<\/p>\n<p>Yer: \u0130stanbul-\u00dcmraniye<\/p>\n<p>\u0130stanbul Emniyet M\u00fcd\u00fcrl\u00fc\u011f\u00fc&#8217;ne ba\u011fl\u0131 Ter\u00f6rle M\u00fccadele polisleri \u00dcmraniye \u00c7akmak. Mahallesinde kimsenin oturmad\u0131\u011f\u0131 bir gecekonduya operasyon yapm\u0131\u015ft\u0131. Gecekondunun \u00e7at\u0131 aras\u0131nda bir sand\u0131k bulundu ve sand\u0131ktan 27 adet el bombas\u0131 ile patlay\u0131c\u0131lar \u00e7\u0131kt\u0131\u011f\u0131 a\u00e7\u0131klanm\u0131\u015f, &#8216;Dalga dalga&#8217; y\u00fcr\u00fct\u00fclen Ergenekon tertibi, i\u015fte b\u00f6yle ba\u015flam\u0131\u015ft\u0131.<\/p>\n<p>Aradan tam 23 ay ge\u00e7tikten sonra Ergenekon tertibine dayanak yap\u0131lan \u00dcmraniye bombalar\u0131n\u0131n g\u00f6r\u00fcnt\u00fcleri, 7 May\u0131s 2009 g\u00fcn\u00fc, davaya bakan 13. A\u011f\u0131r Ceza Mahkemesine ancak yollanm\u0131\u015ft\u0131.<\/p>\n<p>Kamera kayd\u0131, \u0130stanbul Emniyet M\u00fcd\u00fcrl\u00fc\u011f\u00fc Olay Yeri \u0130nceleme ve Kimlik Tespiti \u015eube M\u00fcd\u00fcrl\u00fc\u011f\u00fc&#8217;ne ba\u011fl\u0131 ekip taraf\u0131ndan, \u00dcmraniye Asayi\u015f \u015eube Amirli\u011fi&#8217;nde haz\u0131rlanm\u0131\u015ft\u0131. 7 dakika 32 saniyelik kay\u0131t, baz\u0131 haber kanallar\u0131nda da yay\u0131nlanm\u0131\u015ft\u0131. Ancak g\u00f6r\u00fcnt\u00fclerde g\u00f6zden ka\u00e7\u0131r\u0131lan \u00f6nemli bir nokta vard\u0131. B\u00fcroda bulunan polislerin kendi aralar\u0131ndaki konu\u015fmalar da kayda al\u0131nm\u0131\u015ft\u0131. \u0130\u015fte o konu\u015fmalar, tertibin en \u00f6nemli kan\u0131t\u0131yd\u0131.<\/p>\n<p><strong>Tertibin ad\u0131 daha o zaman konulup konu\u015fulmaktayd\u0131!<\/strong><\/p>\n<p>\u201cSoru\u015fturma &#8216;Ergenekon&#8217; oldu\u011fu zaman s&#8230;rim h\u00e2kimi, savc\u0131y\u0131&#8221;!<\/p>\n<p>Bu s\u00f6zler, bir polis \u015fefi taraf\u0131ndan, Ergenekon tertibine dayanak yap\u0131lan \u00dcmraniye bombalar\u0131n\u0131n video kayd\u0131 yap\u0131l\u0131rken harcanm\u0131\u015ft\u0131. Tarihin 27 Haziran 2007 oldu\u011fu, yine kamera kayd\u0131ndan anla\u015f\u0131lmaktayd\u0131.<\/p>\n<p>Oysa Ergenekon savc\u0131s\u0131 Zekeriya \u00d6z, &#8220;Ergenekon&#8221; ad\u0131n\u0131n, 21 Ocak 2008&#8217;de yap\u0131lan ilk b\u00fcy\u00fck operasyonda \u015f\u00fcphelilerden ele ge\u00e7irildi\u011fi iddia edilen belgelerden \u00e7\u0131kt\u0131\u011f\u0131n\u0131 a\u00e7\u0131klam\u0131\u015ft\u0131. Nitekim Ergenekon iddianamesinde de 12 Haziran 2007&#8217;de \u00dcmraniye&#8217;de bomba bulunmas\u0131 \u00fczerine ba\u015flat\u0131lan soru\u015fturman\u0131n &#8216;derinle\u015ftirildi\u011fi&#8217;, b\u00f6ylece Ergenekon yap\u0131lanmas\u0131na ula\u015f\u0131ld\u0131\u011f\u0131 yaz\u0131lm\u0131\u015ft\u0131.<\/p>\n<p>Ancak, daha ortada ne &#8216;Ergenekon belgeleri&#8217; ne de &#8216;derinle\u015ftirilmi\u015f&#8217; bir soru\u015fturma varken, \u00dcmraniye bombalar\u0131 operasyonuna kat\u0131lan bir polis \u015fefi, soru\u015fturman\u0131n &#8216;Ergenekon&#8217; soru\u015fturmas\u0131na d\u00f6n\u00fc\u015fece\u011fini bilinmekte ve k\u00fcf\u00fcrler savrulmaktayd\u0131. <strong>Kamera kayd\u0131n\u0131n 2. dakika 43. saniyesinde aynen \u015f\u00f6yle diyor: &#8220;Soru\u015fturma &#8216;Ergenekon&#8217; oldu\u011fu zaman s&#8230;rim\u00a0 h\u00e2kimi, savc\u0131y\u0131!&#8221;<\/strong><\/p>\n<p><strong>F tipi polisin hedef g\u00f6steren itiraf\u0131: Bunun alt\u0131nda Genelkurmay vard\u0131!?<\/strong><\/p>\n<p>Soru\u015fturman\u0131n ad\u0131n\u0131n daha o tarihte bilinmesinin yan\u0131 s\u0131ra, tertibin hedefinde T\u00fcrk Silahl\u0131 Kuvvetleri&#8217;nin oldu\u011fu da F tipi polislerin konu\u015fmalar\u0131ndan anla\u015f\u0131lmaktayd\u0131.<\/p>\n<p>Kamera kayd\u0131n\u0131n 25. saniyesinde polislerden biri \u015f\u00f6yle diyordu: &#8220;Bu \u00e7ok \u00f6nemli asl\u0131nda, ne biliyon mu?&#8221; Bir di\u011fer polis yan\u0131t veriyor: &#8220;Bu askeriye! Askeriye demek!&#8221;<\/p>\n<p>G\u00f6r\u00fcnt\u00fclerin 2. dakika 56. saniyesinde de hedef itiraf ediliyor: &#8220;Genelkurmay falan var bunun alt\u0131nda&#8221;. Bu c\u00fcmlenin ard\u0131ndan polis, konu\u015fmas\u0131n\u0131 k\u00fcfrederek s\u00fcrd\u00fcr\u00fcyor:<\/p>\n<p>-O&#8230; \u00e7ocu\u011fu.<\/p>\n<p>-Genelkurmay Ba\u015fkan\u0131 ger\u00e7ekten toplumu kutuplara ay\u0131rd\u0131.<\/p>\n<p>-Allah&#8217;tan hakimler \u00e7ok iyi yapt\u0131.<\/p>\n<p><strong>Bombalar\u0131n say\u0131lar\u0131 ve numaralar\u0131 her tutanakta farkl\u0131yd\u0131<\/strong><\/p>\n<p>\u00dcmraniye&#8217;de ele ge\u00e7irildi\u011fi iddia edilen bomba ve f\u00fcnye say\u0131lar\u0131, d\u00fczenlenen b\u00fct\u00fcn tutanaklarda ve iddianamede, bir di\u011ferinden farkl\u0131. Hatta kafile numaralar\u0131 bile birbirini tutmuyor.<\/p>\n<p>B\u00fct\u00fcn tutanaklar\u0131, imhadan \u00f6nce ve imhadan sonra \u00e7ekildi\u011fi iddia edilen bomba foto\u011fraflar\u0131yla kar\u015f\u0131la\u015ft\u0131ran Oktay Y\u0131ld\u0131r\u0131m, birbirinden farkl\u0131 numaralar ta\u015f\u0131yan 36 f\u00fcnye ve 35 bomba g\u00f6vdesi oldu\u011funu saptam\u0131\u015f. De\u011fi\u015fmeksizin b\u00fct\u00fcn tutanaklarda yer alan sadece 1 bomba ve 19 f\u00fcnye bulunuyor.<\/p>\n<p>-\u0130ddianamede 27 adet bomba g\u00f6vdesi ve ayn\u0131 say\u0131da f\u00fcnye oldu\u011fundan bahsediliyor.<\/p>\n<p>-\u0130mha \u00f6ncesi \u00e7ekildi\u011fi iddia edilen foto\u011fraflarda 27 f\u00fcnye ile 9 bomba g\u00f6vdesi g\u00f6r\u00fcn\u00fcyor.<\/p>\n<p>-\u0130mha tutana\u011f\u0131nda, 27 adet bomba g\u00f6vdesi ve ayn\u0131 say\u0131da f\u00fcnyenin imha edildi\u011fi; 20 adet el bombas\u0131n\u0131n ma\u015fa ve g\u00f6vde k\u0131sm\u0131n\u0131n TEM \u015eube M\u00fcd\u00fcrl\u00fc\u011f\u00fc&#8217;ne teslim edildi\u011fi yaz\u0131yor.<\/p>\n<p>-\u0130mha sonras\u0131 \u00e7ekildi\u011fi iddia edilen foto\u011fraflarda ise 28 f\u00fcnye ve 27 bomba g\u00f6vdesi oldu\u011fu s\u0131r\u0131t\u0131yor!?<\/p>\n<p>\u00d6te yandan imha sonras\u0131 foto\u011fraflarda 18 adet MKE yap\u0131m\u0131 bomba g\u00f6vdesi g\u00f6r\u00fcn\u00fcyor. Ancak bu bombalar imha \u00f6ncesi foto\u011fraflarda yok.<\/p>\n<p>Oktay Y\u0131ld\u0131r\u0131m, bombalarla ilgili tutanaklardaki ve foto\u011fraf gruplar\u0131ndaki bu tutars\u0131zl\u0131klar\u0131, davan\u0131n 51. duru\u015fmas\u0131nda belgelerini de g\u00f6stererek a\u00e7\u0131klam\u0131\u015ft\u0131.<\/p>\n<p><strong>Bombalar dirilmi\u015f ve do\u011furmu\u015flard\u0131<\/strong><\/p>\n<p>Tutana\u011fa g\u00f6re, bombalar\u0131n 26 Haziran 2007&#8217;de imha edildi\u011fini hat\u0131rlatarak, dikkatleri 24 Temmuz 2007 tarihinde d\u00fczenlenen bir ba\u015fka tutana\u011fa \u00e7ekelim. Alt\u0131nda 2 polis memuru ile 2 bomba uzman\u0131n\u0131n imzas\u0131 bulunan Teslim Tesell\u00fcm Tutana\u011f\u0131&#8217;nda, bombalar\u0131n TEM \u015eube M\u00fcd\u00fcrl\u00fc\u011f\u00fc g\u00f6revlilerine teslim edildi\u011fi bildiriliyor! Bir ay \u00f6nce imha edilen bombalar dirilmi\u015f!<\/p>\n<p>Ayr\u0131nt\u0131lar\u0131, bombalar\u0131n sahibi olmakla su\u00e7lanan Oktay Y\u0131ld\u0131r\u0131m&#8217;\u0131n anlat\u0131m\u0131yla aktaral\u0131m:<\/p>\n<p>&#8220;\u00d6ld\u00fckten sonra dirilen bu bombalar, ayn\u0131 zamanda do\u011furarak 27 ma\u015fa ve 20 g\u00f6vde say\u0131s\u0131na ula\u015fm\u0131\u015ft\u0131r. D\u00fc\u015f\u00fcn\u00fcn\u00fcz, imha edenler 20 f\u00fcnye ve 20 g\u00f6vde iade ediyor, ama bir ay sonra 27 ma\u015fa ve 20 g\u00f6vde olarak yeniden diriliyorlar!&#8221;<\/p>\n<p><strong>\u0130mha i\u00e7in Jandarma&#8217;ya haber verilmemi\u015f olmas\u0131 \u015fa\u015f\u0131rt\u0131c\u0131yd\u0131!<\/strong><\/p>\n<p>Dava dosyas\u0131nda, bombalar\u0131n imhas\u0131na ili\u015fkin belgeler de eksik. Tutanakta bombalar\u0131n &#8220;mesk\u00fbn mahal d\u0131\u015f\u0131nda imha edildi\u011fi&#8221; yaz\u0131yor. &#8220;Mesk\u00fbn mahal d\u0131\u015f\u0131&#8221; olarak tan\u0131mlanan b\u00f6lge, Jandarma&#8217;n\u0131n asayi\u015f sorumlulu\u011funda. O nedenle Emniyet, Jandarma b\u00f6lgesinde bir imha i\u015flemi ger\u00e7ekle\u015ftirece\u011fine dair, ilgili Jandarma birimine haber vermek zorunda. Ancak dava dosyas\u0131nda Emniyet ile Jandarma aras\u0131nda b\u00f6yle bir yaz\u0131\u015fma da yer alm\u0131yor.<\/p>\n<p>\u0130mha i\u015flemlerinde haber verilmesi gereken bir di\u011fer kurum \u0130l Sa\u011fl\u0131k M\u00fcd\u00fcrl\u00fc\u011f\u00fc. \u00c7\u00fcnk\u00fc imha alan\u0131na, \u00f6nlem olarak bir sa\u011fl\u0131k ekibi \u00e7a\u011fr\u0131lmas\u0131 gerekiyor. Ancak dava dosyas\u0131nda, sa\u011fl\u0131k ekibinin de imha i\u015flemi s\u0131ras\u0131nda haz\u0131r bulundu\u011funu ve i\u015fleme tan\u0131k oldu\u011funu g\u00f6steren bir tutanak yok.<\/p>\n<p>Oktay Y\u0131ld\u0131r\u0131m, imha i\u015fleminin kimseye bildirilmeden yap\u0131lm\u0131\u015f olmas\u0131n\u0131 ve imha edilen bombalar\u0131n dirilmesini, 51. duru\u015fmada \u015f\u00f6yle a\u00e7\u0131klam\u0131\u015ft\u0131: &#8220;Bu i\u015flemin gizlice yap\u0131lmas\u0131n\u0131n tek sebebi olabilir; B\u00f6yle bir i\u015flem yoktur! Bu sayede, olmayan bombalar gizlice imha edilmi\u015f gibi yap\u0131ld\u0131\u011f\u0131 i\u00e7in, k\u00fcllerinden dirilmi\u015ftir ya da tertibin bu k\u0131sm\u0131ndan haberi olmayan personel, kazayla o tutana\u011f\u0131 tutmu\u015ftur.&#8221;<\/p>\n<p><strong>Veli K\u00fc\u00e7\u00fck\u2019ten tarihi itiraf: \u201c\u0130ran&#8217;da karga\u015fa yaratmad\u0131\u011f\u0131m i\u00e7in harcand\u0131m!\u201d<\/strong><\/p>\n<p><strong>E. General Veli K\u00fc\u00e7\u00fck 8 May\u0131s&#8217;taki duru\u015fmada s\u00f6z alarak, d\u00f6nemin ABD Ankara B\u00fcy\u00fckel\u00e7isi Eric Edelman&#8217;\u0131n SESAR Ba\u015fkan\u0131 \u0130smail Y\u0131ld\u0131z&#8217;\u0131 \u00fc\u00e7 kere ziyaret ederek: &#8220;Beni Veli K\u00fc\u00e7\u00fck ile tan\u0131\u015ft\u0131r&#8221; dedi\u011fini anlatm\u0131\u015ft\u0131. E. General Veli K\u00fc\u00e7\u00fck \u015funlar\u0131 a\u00e7\u0131klam\u0131\u015ft\u0131:<\/strong><\/p>\n<p><strong><em>&#8220;D\u00fcnya Azerbaycanl\u0131lar Kongresi&#8217;nde Ba\u015fkan se\u00e7ildim. E\u011fer G\u00fcney Azerbaycan&#8217;da, \u0130ran&#8217;da kar\u0131\u015f\u0131kl\u0131k \u00e7\u0131kar\u0131rsam, bu \u015fekilde \u0130ran&#8217;da halk\u0131 y\u00f6netime kar\u015f\u0131 k\u0131\u015fk\u0131rt\u0131rsam BOP yerine oturacakt\u0131r\u201d denildi. Ben bunu kabul etmedim, o y\u00fczden buraday\u0131m.<\/em><\/strong><\/p>\n<p><strong><em>&#8220;Benim bunu yerine getirmem imk\u00e2ns\u0131zd\u0131. Ayr\u0131ca bende o g\u00fc\u00e7 de yoktu, abart\u0131yorlard\u0131. Kazakistan&#8217;a gittim. Beni Azerbaycan&#8217;da severler. \u0130ran&#8217;da devlet b\u00fct\u00fcnl\u00fc\u011f\u00fcn\u00fc savundum, Amerika&#8217;n\u0131n istedi\u011fini yapmad\u0131\u011f\u0131m i\u00e7in d\u0131\u015fland\u0131m ve su\u00e7land\u0131m!&#8221; <\/em><\/strong><strong>\u0130tiraflar\u0131, dolayl\u0131 olarak, Veli K\u00fc\u00e7\u00fck\u2019\u00fcn bir zaman d\u0131\u015f g\u00fc\u00e7ler taraf\u0131ndan baz\u0131 i\u015flerde kullan\u0131ld\u0131\u011f\u0131n\u0131, ama vicdan\u0131n\u0131 rahats\u0131z eden ve g\u00f6z\u00fc kesmeyen \u201c\u0130ran\u2019\u0131 kar\u0131\u015ft\u0131rma\u201d gibi teklifleri kabul etmedi\u011fi i\u00e7in g\u00f6zden \u00e7\u0131kar\u0131ld\u0131\u011f\u0131n\u0131 da ortaya koymaktayd\u0131.<\/strong><\/p>\n<p><strong>Veli K\u00fc\u00e7\u00fck\u2019\u00fcn bu itiraflar\u0131, Ahmedi Nejad\u2019\u0131n yeniden kazand\u0131\u011f\u0131 se\u00e7imler sonucu, \u0130ran\u2019daki i\u00e7 sava\u015f ve isyan k\u0131\u015fk\u0131rt\u0131c\u0131l\u0131\u011f\u0131n\u0131 da CIA ve MOSSAD\u2019\u0131n yapt\u0131\u011f\u0131 yolundaki iddialarla \u00f6rt\u00fc\u015f\u00fcr durumdayd\u0131!<\/strong><\/p>\n<p>\u00a0<\/p>\n<p>\u00a0<\/p>\n<p> <br clear=\"all\" \/> <\/p>\n<hr \/>\n<p><a href=\"#_ftnref1\">[1]<\/a> Today&#8217;s Zaman 18 May\u0131s 2009<\/p>\n","protected":false},"excerpt":{"rendered":"<p>Soner \u00c7a\u011faptay Yahudi as\u0131ll\u0131 \u201cBeyaz Efendi T\u00fcrkler\u201d tak\u0131m\u0131ndand\u0131. Yani Sabataist\u2019ti ve Amerika\u2019daki Siyonist d\u00fc\u015f\u00fcnce kurulu\u015flar\u0131n\u0131n \u00f6nde gelen bir adam\u0131yd\u0131. Newsweek Dergisinde (17.05.2009) \u201cT\u00fcrkiye\u2019deki Cad\u0131 Av\u0131n\u0131n Ard\u0131nda Yatanlar\u201d ba\u015fl\u0131kl\u0131 yaz\u0131s\u0131nda, Fetullah G\u00fclen\u2019cilere ve AKP\u2019cilere, tenkit g\u00f6r\u00fcnt\u00fcl\u00fc baz\u0131 dolayl\u0131 tavsiyeler yapm\u0131\u015ft\u0131. a- \u00a0Biz (Siyonist Lobiler) Fetullah\u00e7\u0131l\u0131k hareketini \u00e7ok daha \u00f6nemli g\u00fcnler i\u00e7in haz\u0131rl\u0131yoruz. Siz ise, Ergenekon gibi [&hellip;]<\/p>\n","protected":false},"author":19,"featured_media":0,"comment_status":"open","ping_status":"closed","sticky":false,"template":"","format":"standard","meta":{"footnotes":""},"categories":[100],"tags":[],"class_list":["post-1625","post","type-post","status-publish","format-standard","hentry","category-eylul-2009"],"_links":{"self":[{"href":"https:\/\/www.millicozum.com\/mc\/wp-json\/wp\/v2\/posts\/1625","targetHints":{"allow":["GET"]}}],"collection":[{"href":"https:\/\/www.millicozum.com\/mc\/wp-json\/wp\/v2\/posts"}],"about":[{"href":"https:\/\/www.millicozum.com\/mc\/wp-json\/wp\/v2\/types\/post"}],"author":[{"embeddable":true,"href":"https:\/\/www.millicozum.com\/mc\/wp-json\/wp\/v2\/users\/19"}],"replies":[{"embeddable":true,"href":"https:\/\/www.millicozum.com\/mc\/wp-json\/wp\/v2\/comments?post=1625"}],"version-history":[{"count":0,"href":"https:\/\/www.millicozum.com\/mc\/wp-json\/wp\/v2\/posts\/1625\/revisions"}],"wp:attachment":[{"href":"https:\/\/www.millicozum.com\/mc\/wp-json\/wp\/v2\/media?parent=1625"}],"wp:term":[{"taxonomy":"category","embeddable":true,"href":"https:\/\/www.millicozum.com\/mc\/wp-json\/wp\/v2\/categories?post=1625"},{"taxonomy":"post_tag","embeddable":true,"href":"https:\/\/www.millicozum.com\/mc\/wp-json\/wp\/v2\/tags?post=1625"}],"curies":[{"name":"wp","href":"https:\/\/api.w.org\/{rel}","templated":true}]}}