{"id":1628,"date":"2009-08-21T17:52:27","date_gmt":"2009-08-21T17:52:27","guid":{"rendered":"https:\/\/www.millicozum.com\/mc\/2009\/08\/21\/gul-erdogan-arasinda-akpde-kadrolasma-ve-kuyu-kazma-operasyonlari-hizlaniyor\/"},"modified":"2009-08-21T17:52:27","modified_gmt":"2009-08-21T17:52:27","slug":"gul-erdogan-arasinda-akpde-kadrolasma-ve-kuyu-kazma-operasyonlari-hizlaniyor","status":"publish","type":"post","link":"https:\/\/www.millicozum.com\/mc\/2009\/eylul-2009\/gul-erdogan-arasinda-akpde-kadrolasma-ve-kuyu-kazma-operasyonlari-hizlaniyor\/","title":{"rendered":"G\u00fcl-Erdo\u011fan aras\u0131nda; AKP\u2019DE KADROLA\u015eMA VE KUYU KAZMA OPERASYONLARI HIZLANIYOR!"},"content":{"rendered":"<p><strong>&#8220;T\u00fcrk bayra\u011f\u0131 as\u0131lmayacak&#8221; diye ba\u011f\u0131ran, kendine a\u015f\u0131r\u0131 g\u00fcvenli as\u0131k suratl\u0131, sinirli DTP\u2019li kad\u0131nlar TC\u2019ye kin kusuyor. Birisi de se\u00e7imlerden sonra, A\u011fr\u0131&#8217;da galiba belediye ba\u015fkanl\u0131\u011f\u0131n\u0131 kazanan AKP&#8217;liyi istemiyor, saym\u0131yor ve &#8220;burada falanca kazanm\u0131\u015ft\u0131r&#8221; diye hayk\u0131r\u0131yor.<\/strong><\/p>\n<p><strong>Ayn\u0131 fuarda askerlerimizi \u015fehit eden katil ter\u00f6ristler i\u00e7in sayg\u0131 duru\u015funda bulunuluyor. Yer Batman. Bir fuar a\u00e7\u0131l\u0131yor. DTP&#8217;li milletvekilleri ayakta, sayg\u0131 duru\u015funda. \u0130stiklal mar\u015f\u0131 yok. Bayra\u011f\u0131m\u0131z bulunmuyor.<\/strong><\/p>\n<p><strong>Bu arada ABD&#8217;li komutan Petreus, ABD ordusunun Irak&#8217;tan \u00e7ekilmesi i\u00e7in T\u00fcrkiye&#8217;den \u00fcs ve liman aray\u0131\u015f\u0131nda, bizimkilerin nabz\u0131n\u0131 yokluyor. Bu Petreus gavuru, ba\u015f\u0131m\u0131za \u00e7uval ge\u00e7iren ki\u015fi oluyor. <\/strong><\/p>\n<p><strong>Bu arada, Say\u0131n Cumhurba\u015fkan\u0131m\u0131z\u0131n da K\u0131rg\u0131zistan&#8217;daki ABD \u00fcslerinin a\u00e7\u0131lmas\u0131 i\u00e7in arabuluculuk etti\u011fi s\u00f6yleniyor!?<\/strong><\/p>\n<p><strong>Ekonominin resmiyette %14, ama ger\u00e7ekte %34\u2019e yak\u0131n k\u00fc\u00e7\u00fclme \u00fczerinde durulmuyor.\u00a0 Ekonomistler buna benzer bir k\u00fc\u00e7\u00fclmenin ta 1945&#8217;lerde ya\u015fand\u0131\u011f\u0131n\u0131 s\u00f6yl\u00fcyor.<\/strong><\/p>\n<p><strong>Albay \u00c7i\u00e7ek olay\u0131n\u0131n, bu g\u00f6r\u00fclmemi\u015f dibe vuru\u015fu \u00f6rtmesi i\u00e7in \u00e7\u0131kart\u0131ld\u0131\u011f\u0131 da s\u00f6yleniyor. Bu arada; Albay \u00c7i\u00e7ek hadisesini ortaya \u00e7\u0131karan muhabirin, soyad\u0131ndan hareketle ve &#8220;isim bilim&#8221;e dayan\u0131larak, \u0130brani as\u0131ll\u0131 oldu\u011fu s\u00f6yleniyor. \u0130brani as\u0131ll\u0131 olmak, elbette su\u00e7 da de\u011fildir, g\u00fcnah da; ama \u00fclkemiz, b\u00f6lgemiz ve devletimizin \u00fczerindeki Siyonist ve sabataist hesaplar\u0131 da unutmamak gerekiyor.<\/strong><\/p>\n<p><strong>Bir son dakika geli\u015fmesi daha: AKP&#8217;nin oylar\u0131 y\u00fczde 35\u2019e gerilemi\u015f g\u00f6r\u00fcn\u00fcyor. Yorumcular, son &#8220;askerle didi\u015fme&#8221; olaylar\u0131n\u0131n puan kazand\u0131raca\u011f\u0131 umulurken, bunun beklendi\u011fi gibi \u00e7\u0131kmad\u0131\u011f\u0131 fikrinde birle\u015fiyor. \u0130nen olaylar ise SP, CHP, MHP\u2019ye gidiyor.<\/strong><\/p>\n<p><strong>Baz\u0131 kula\u011f\u0131 delikler: Ufukta bir b\u00fcy\u00fck krizin yakla\u015ft\u0131\u011f\u0131n\u0131,<\/strong><\/p>\n<p><strong>Uluslararas\u0131 de\u011fil, ulusal bir kriz ya\u015fanaca\u011f\u0131n\u0131,<\/strong><\/p>\n<p><strong>Bu krizin baz\u0131lar\u0131na b\u00fcy\u00fck f\u0131rsatlar yarataca\u011f\u0131n\u0131,<\/strong><\/p>\n<p><strong>Yahudilerin, sabataistlerin ve i\u015fbirlik\u00e7i hainlerin servetine servet kataca\u011f\u0131n\u0131 ve Anayasa Kitap\u00e7\u0131\u011f\u0131n\u0131n bu kez tersten f\u0131rlat\u0131laca\u011f\u0131n\u0131\u201d s\u00f6yl\u00fcyor.<\/strong><\/p>\n<p><strong>16 Haziran 2009 tarihli gazetelere bak\u0131yoruz:<\/strong><\/p>\n<p><strong>OYAK Genel M\u00fcd\u00fcr\u00fc Co\u015fkun Ulusoy, &#8220;Bir k\u0131demli ba\u015f\u00e7avu\u015f, 31 y\u0131l\u0131n sonunda OYAK\u2019tan 195.7 bin lira alacak. Bu, bir ev, bir arabaya yetiyor&#8221; diyor. Ulusoy, ellerindeki 3 milyar dolar nakitin g\u00fcc\u00fcyle d\u00fcnyada k\u00f6m\u00fcr ve demir madeni aray\u0131\u015f\u0131na girdiklerini de ekliyor.<\/strong><\/p>\n<p><strong>Ordu Yard\u0131mla\u015fma Kurumu (OYAK), 48\u2019inci y\u0131l\u0131nda \u00fcyelerine &#8220;iki anahtar&#8221;\u0131, yani &#8220;bir ev, bir araba&#8221;y\u0131 garantiliyor. 2008 sonu itibariyle 31 y\u0131ll\u0131k OYAK \u00fcyesi bir k\u0131demli ba\u015f\u00e7avu\u015f emeklili\u011finde 195 bin 770 lira toplu para alacak duruma geliyor. 39 y\u0131ll\u0131k OYAK \u00fcyesi bir korgeneral i\u00e7in de bu rakam 441 bin 404 liraya \u00e7\u0131k\u0131yor. OYAK Genel M\u00fcd\u00fcr\u00fc Co\u015fkun Ulusoy, &#8220;OYAK\u2019\u0131n toplam bilan\u00e7o varl\u0131klar\u0131 2008 sonu itibariyle 10 milyar 588 milyon liraya ula\u015ft\u0131\u011f\u0131n\u0131, b\u00f6ylece, 241 bin 048 \u00fcyemizden her y\u0131l emekli olan 5 bin dolay\u0131nda ki\u015fi, art\u0131k OYAK\u2019tan eline ge\u00e7ecek toplu parayla bir ev, bir araba alacak noktay\u0131 yakalad\u0131\u011f\u0131n\u0131&#8221; m\u00fcjdeliyor.<\/strong><\/p>\n<p><strong>Yoksa! Acaba? Asker ve sivil 250 y\u00fcksek b\u00fcrokrat\u0131n emekliye ayr\u0131l\u0131p saf d\u0131\u015f\u0131 edilece\u011finin altyap\u0131s\u0131 ve \u201cg\u00f6n\u00fcl almas\u0131\u201d m\u0131 haz\u0131rlan\u0131yor?<\/strong><\/p>\n<p><strong>Parti \u0130\u00e7i Pazarl\u0131klar K\u0131z\u0131\u015f\u0131yor!<\/strong><\/p>\n<p>AKP&#8217;deki g\u00fc\u00e7 kayb\u0131, parti i\u00e7inde k\u0131l\u0131\u00e7lar\u0131n \u00e7ekilmesine neden oluyor. Erdo\u011fan partinin se\u00e7imden ba\u015far\u0131s\u0131z \u00e7\u0131kmas\u0131n\u0131n sorumlusu g\u00f6rd\u00fc\u011f\u00fc, baz\u0131 bakanlar\u0131 g\u00f6revden ald\u0131\u011f\u0131 biliniyor. &#8220;G\u00fclc\u00fc&#8221;ler ise se\u00e7im ba\u015far\u0131s\u0131zl\u0131\u011f\u0131n\u0131n faturas\u0131n\u0131 Erdo\u011fan&#8217;a kesiyor.<\/p>\n<p>Menfaat ve h\u0131yanet koalisyonu AKP&#8217;deki derin \u00e7atlak, partinin ilk se\u00e7im ba\u015far\u0131s\u0131zl\u0131\u011f\u0131yla su y\u00fcz\u00fcne \u00e7\u0131k\u0131yor. Partiyi olu\u015fturan g\u00fc\u00e7 odaklar\u0131, hesaplar\u0131 alt \u00fcst eden se\u00e7im sonucu ile birlikte k\u0131l\u0131\u00e7lar\u0131 kar\u015f\u0131l\u0131kl\u0131 olarak \u00e7ekmi\u015f g\u00f6r\u00fcn\u00fcyor. Partinin bir kanad\u0131 di\u011ferini hedef al\u0131rken, biribirlerini Ergenekonculukla bile su\u00e7luyor.<\/p>\n<p><strong>\u0130lk hamle G\u00fclc\u00fcler&#8217;den geliyor<\/strong><\/p>\n<p>29 Mart ak\u015fam\u0131, se\u00e7im sonu\u00e7lar\u0131 az \u00e7ok belli olduktan hemen sonra G\u00fclc\u00fcler sahneye \u00e7\u0131kt\u0131 ve operasyonu ba\u015flatt\u0131. Zaman gazetesinin etkili yazar\u0131 ve Erdo\u011fan&#8217;a kar\u015f\u0131 G\u00fcl&#8217;\u00fc destekleyen Fetullah\u00e7\u0131lar\u0131n has adam\u0131 H\u00fcseyin G\u00fclerce se\u00e7im gecesi, Kanal D&#8217;de kat\u0131ld\u0131\u011f\u0131 programda \u015f\u00f6yle konu\u015ftu: &#8220;Halk, Ba\u015fbakan&#8217;a \u201cone minute\u201d dedi.&#8221;<\/p>\n<p>Yeni \u015eafak&#8217;ta Taha K\u0131van\u00e7 takma ad\u0131yla yazan Fehmi Koru da 1 Nisan tarihli k\u00f6\u015fesinde Tayyip Erdo\u011fan&#8217;\u0131 hedef ald\u0131. Taha K\u0131van\u00e7, yaz\u0131s\u0131nda AKP&#8217;nin se\u00e7im kampanyas\u0131nda Tayyip Erdo\u011fan&#8217;\u0131 \u00f6n planda kullanmas\u0131n\u0131 ele\u015ftirip, AKP i\u00e7inde \u015fu yorumun yap\u0131ld\u0131\u011f\u0131n\u0131 da aktard\u0131: &#8220;Tayyip Bey; \u00e7\u0131kan sonucu da partisine de\u011fil kendisine tepki olarak yorumluyordur. Bekledi\u011fini alamad\u0131 \u00e7\u00fcnk\u00fc.&#8221;<\/p>\n<p><strong>G\u00fcl, Tayyip&#8217;e kar\u015f\u0131 televizyon mu kuruyor?<\/strong><\/p>\n<p>\u00c7evresindekilere Cumhurba\u015fkan\u0131yla ilgili olarak: &#8220;omuzlar\u0131m\u0131n \u00fczerinden ate\u015f ediyorlar&#8221; diyen Erdo\u011fan ve Abdullah G\u00fcl&#8217;\u00fcn ekipleri \u015fimdi kar\u015f\u0131 kar\u015f\u0131ya geldi\u011fi s\u00f6yleniyor.<\/p>\n<p>Abdullah G\u00fcl, ulusal \u00e7apta yay\u0131n yapacak bir televizyon kanal\u0131 kurdurmak i\u00e7in yanda\u015flar\u0131n\u0131 harekete ge\u00e7iyor. Kayseri merkezli yay\u0131n yapan yerel bir televizyon kanal\u0131n\u0131n ulusal yay\u0131n\u0131 i\u00e7in haz\u0131rl\u0131klar\u0131 tamamland\u0131\u011f\u0131 belirtiliyor. Se\u00e7imden birka\u00e7 hafta \u00f6nce bu televizyon i\u00e7in uydu frekans\u0131 tahsis ettiriliyor. Televizyonun teknik donan\u0131m\u0131 Almanya&#8217;dan getirtiliyor. Televizyon kanal\u0131n\u0131n kurulu\u015f i\u015fini, G\u00fcl&#8217;e yak\u0131nl\u0131\u011f\u0131yla bilinen Kayseri B\u00fcy\u00fck\u015fehir Belediye Ba\u015fkan\u0131 Mehmet \u00d6zhaseki y\u00fcr\u00fct\u00fcyor. Yine Kayseri&#8217;deki G\u00fcl&#8217;\u00fcn en \u00f6nemli destek\u00e7ilerinden Boydak Holding de televizyonun gizli finans\u00f6rl\u00fc\u011f\u00fcn\u00fc yap\u0131yor.<\/p>\n<p><strong>G\u00fcl-Erdo\u011fan kap\u0131\u015fmas\u0131nda Kayseri \u00fcs rol\u00fc oynuyor<\/strong><\/p>\n<p>AKP i\u00e7indeki G\u00fcl-Erdo\u011fan yar\u0131\u015f\u0131nda Kayseri \u00f6nemli bir rol oynuyor. Kayseri&#8217;deki safla\u015fma \u00f6zellikle 22 Temmuz se\u00e7imlerinde su y\u00fcz\u00fcne \u00e7\u0131km\u0131\u015ft\u0131. Abdullah G\u00fcl, Kayseri B\u00fcy\u00fck\u015fehir Belediye Ba\u015fkan\u0131 Mehmet \u00d6zhaseki&#8217;yi de milletvekili yaparak Ankara&#8217;ya getirmek istemi\u015f, Erdo\u011fan&#8217;\u0131n son andaki m\u00fcdahalesiyle \u00d6zhaseki listeden \u00e7\u0131kar\u0131larak yerine Mustafa Elita\u015f yazm\u0131\u015ft\u0131. Kayseri listesindeki tek Erdo\u011fanc\u0131 aday olan Elita\u015f, 5&#8217;inci s\u0131rada girdi\u011fi se\u00e7imleri kazand\u0131ktan sonra Erdo\u011fan taraf\u0131ndan AKP Grup Ba\u015fkanvekilli\u011fine ta\u015f\u0131nm\u0131\u015ft\u0131.<\/p>\n<p><strong>Sanki kedi yavrusu gibi: \u201c6 bakan\u0131 kap\u0131 d\u0131\u015far\u0131 koyar\u0131m\u201d deniyor!<\/strong><\/p>\n<p>Se\u00e7imlerden bir g\u00fcn sonra Bakanlar Kurulu toplant\u0131s\u0131ndaki istifa tart\u0131\u015fmas\u0131n\u0131n Sabah Gazetesi&#8217;ne yans\u0131mas\u0131, H\u00fck\u00fcmet i\u00e7indeki gerilimin ula\u015ft\u0131\u011f\u0131 boyutu g\u00f6z \u00f6n\u00fcne seriyordu. \u0130lgin\u00e7tir, Tayyip Erdo\u011fan\u2019\u0131n yak\u0131n arkada\u015f\u0131 ve damad\u0131n\u0131n patronu \u00c7al\u0131k&#8217;\u0131n gazetesi Sabah&#8217;ta \u00e7\u0131kan bir haber, Tayyip Erdo\u011fan&#8217;\u0131n b\u00fcy\u00fck tepkisine neden oluyordu. Sabah 1 Nisan&#8217;da, Bakanlar Kurulu toplant\u0131s\u0131nda konu\u015fulanlar\u0131 ve bakanlar\u0131n istifalar\u0131n\u0131 s\u00f6zl\u00fc olarak sunduklar\u0131n\u0131 yaz\u0131yordu. Toplant\u0131da, Milli E\u011fitim Bakan\u0131 H\u00fcseyin \u00c7elik&#8217;in, &#8216;partiyi ba\u015far\u0131s\u0131z g\u00f6sterir&#8217; gerek\u00e7esiyle istifalara itiraz etti\u011fi bilgisi de gazetenin haberinde yer al\u0131yordu.<\/p>\n<p>Erdo\u011fan bu habere o kadar sinirleniyordu ki, a\u011fz\u0131ndan \u00e7\u0131kan s\u00f6zlerin ne gibi sonu\u00e7lar do\u011furaca\u011f\u0131n\u0131 hesap edemeyecek duruma getiriliyordu. Erdo\u011fan G-20 zirvesi i\u00e7in \u0130ngiltere&#8217;ye u\u00e7madan \u00f6nce havaalan\u0131nda bu konuyla ilgili soruya &#8220;toplant\u0131da konu\u015fulanlar d\u0131\u015far\u0131 s\u0131zd\u0131rd\u0131ysa, bunu s\u0131zd\u0131ran 6 bakan\u0131 da d\u0131\u015far\u0131 koyar\u0131m&#8221; diyordu. Erdo\u011fan, tepki g\u00f6sterdi\u011fi bu haber i\u00e7in gazete y\u00f6neticilerini de arad\u0131\u011f\u0131n\u0131 ve gazete y\u00f6neticilerinden &#8220;6 bakandan da teyit ald\u0131k&#8221; cevab\u0131n\u0131 ald\u0131\u011f\u0131n\u0131 da a\u011fz\u0131ndan ka\u00e7\u0131r\u0131veriyordu. Erdo\u011fan&#8217;\u0131n &#8220;6 bakan&#8221; ifadesi \u015fa\u015f\u0131rt\u0131c\u0131yd\u0131. \u00c7\u00fcnk\u00fc, Sabah&#8217;\u0131n haberinde b\u00f6yle bir say\u0131 verilmiyordu.<\/p>\n<p><strong>Cemil \u00c7i\u00e7ek Ergenekonculukla su\u00e7lan\u0131yor!<\/strong><\/p>\n<p>H\u00fck\u00fcmet S\u00f6zc\u00fcs\u00fc Cemil \u00c7i\u00e7ek&#8217;in se\u00e7im sonu\u00e7lar\u0131yla ilgili H\u00fcrriyet Ankara Temsilcisi Enis Berbero\u011flu&#8217;na yapt\u0131\u011f\u0131 de\u011ferlendirmeler de k\u0131r\u0131lman\u0131n bir ba\u015fka merkez \u00fcss\u00fc oluyordu. \u00c7i\u00e7ek&#8217;in, &#8220;DTP I\u011fd\u0131r&#8217;\u0131 ald\u0131, yani Ermenistan s\u0131n\u0131r\u0131ndalar, g\u00fcvenli\u011fe dikkat etmek gerekir&#8221; demesinin ard\u0131ndan ba\u015fta Taraf olmak \u00fczere Amerikanc\u0131 ve neoliberal t\u00fcm gazeteler \u00c7i\u00e7ek&#8217;e y\u00f6nelik kampanya ba\u015flat\u0131yordu. Bu a\u00e7\u0131klama \u00fczerine AKP y\u00f6neticileri bas\u0131n arac\u0131l\u0131\u011f\u0131yla tart\u0131\u015fmaya ba\u015fl\u0131yor ve Nihat Erg\u00fcn, \u201c\u00c7i\u00e7ek sanki bir ba\u015fka partinin mensubuymu\u015f gibi de\u011ferlendirmeler yapt\u0131\u201d diye \u00e7\u0131k\u0131\u015f\u0131yordu.<\/p>\n<p>Ahmet Altan 1 Nisan g\u00fcn\u00fc Taraf\u2019taki k\u00f6\u015fesinde, \u015fu ifadeleri kullanarak Cemil \u00c7i\u00e7ek&#8217;i Ergenekoncu olmakla su\u00e7luyordu: &#8220;AKP&#8217;nin i\u00e7inden d\u00f6rt ki\u015fi daha \u00c7i\u00e7ek gibi konu\u015fsun, Ergenekon&#8217;a, asker\u00ee darbeye, &#8216;yok mu kapat\u0131lacak bir parti&#8217; diye ortada dola\u015fan Anayasa Mahkemesi&#8217;ne gerek kalmaz. AKP kendi kendine kad\u00fck olup silinir ortadan. Belki de bunu bildikleri i\u00e7in Ergenekoncular, AKP&#8217;yi b\u00f6lme plan\u0131 yaparken ilk s\u0131raya \u00c7i\u00e7ek&#8217;in ismini yazm\u0131\u015flar. \u00c7i\u00e7ek, AKP&#8217;yi sadece b\u00f6lmez, bir f\u0131rsat verilirse un ufak eder. Hatta anlayabildi\u011fim kadar\u0131yla, bir f\u0131rsat verilmezse de bunu yapmak niyetinde.&#8221;<\/p>\n<p><strong>Fetullah\u00e7\u0131 siteler: &#8220;Cemaate d\u00fc\u015fman bakan&#8221; ilan ediyor <\/strong><\/p>\n<p>Hemen ard\u0131ndan Fetullah\u00e7\u0131 internet sitelerinde Cemil \u00c7i\u00e7ek&#8217;e y\u00f6nelik bir kampanya ba\u015fl\u0131yordu. Aktif haber isimli internet sitesi, Cemil \u00c7i\u00e7ek&#8217;in derin ili\u015fkilerinin Ankara&#8217;da uzun s\u00fcredir konu\u015fuldu\u011funu, \u00f6zellikle de TSK&#8217;n\u0131n en \u015fahinlerinden d\u00f6nemin Jandarma Genel Komutan\u0131 Org. Ayta\u00e7 Yalman&#8217;la samimi oldu\u011funa dair bir haberi okuyucular\u0131na duyuruyordu. \u0130nternet sitesi, Yalman&#8217;\u0131n emekli olurken d\u00f6nemin Adalet Bakan\u0131 Cemil \u00c7i\u00e7ek&#8217;e veda ziyaretinde bulunmas\u0131n\u0131, \u00c7i\u00e7ek ve Do\u011fan Grubu aras\u0131ndaki iyi ili\u015fkileri kurulmas\u0131n\u0131 haberine kan\u0131t olarak g\u00f6steriyordu. Haberde ayr\u0131ca \u00c7i\u00e7ek&#8217;in Yahudi Cemaati lideri Bensiyon Pinto&#8217;yla samimi oldu\u011fu ve \u00c7i\u00e7ek&#8217;in d\u00fcn\u00fcr\u00fc Nurcan Cicio\u011flu&#8217;nun da Fenerbah\u00e7e Lions Kul\u00fcb\u00fc&#8217;nde 2003-2004 y\u0131llar\u0131 aras\u0131nda ba\u015fkanl\u0131k yapt\u0131\u011f\u0131 da \u00f6zellikle vurgulan\u0131p, \u00c7i\u00e7ek&#8217;in muhafazakar \u00e7evredeki itibar\u0131 iyice zedelensin isteniyordu. Yine ayn\u0131 sitede &#8220;\u00c7ember \u00c7i\u00e7ek i\u00e7in daral\u0131yor&#8221; ve Fetullah\u00e7\u0131lar\u0131n gasteci.com adl\u0131 sitesindeyse &#8220;Cemaate d\u00fc\u015fman Bakan Cemil \u00c7i\u00e7ek&#8221; ba\u015fl\u0131klar\u0131yla yaz\u0131lar yay\u0131nlan\u0131yordu. Ama nedense, Fetullah G\u00fclen\u2019in ABD Siyonist Yahudi Lobilerinden madalya ald\u0131\u011f\u0131 ve onlar\u0131n himayesinde \u201c\u0130slam\u2019\u0131 yozla\u015ft\u0131rma hizmeti\u201d yapt\u0131\u011f\u0131 yaz\u0131lm\u0131yordu.<\/p>\n<p><strong>\u00c7i\u00e7ek yetmez, Hilmi G\u00fcler de Ergenekoncu yap\u0131l\u0131yor!<\/strong><\/p>\n<p>Ayn\u0131 internet sitesi, bir t\u00f6ren d\u00f6n\u00fc\u015f\u00fc d\u00f6nemin Jandarma Genel Komutan\u0131 Org. \u015eener Eruygur&#8217;un arabas\u0131na bindi\u011fi gerek\u00e7esiyle Enerji Bakan\u0131 Hilmi G\u00fcler&#8217;i de Ergenekoncu ilan ediyordu. Haberde, Bakan G\u00fcler&#8217;in Beypazar\u0131&#8217;ndaki Bor madeniyle ilgili bir t\u00f6ren sonras\u0131, d\u00f6n\u00fc\u015fte d\u00f6nemin Jandarma Genel Komutan\u0131 Org. \u015eener Eruygur&#8217;un makam otomobiline bindi\u011fi, ikilinin Ankara&#8217;ya kadar koyu bir sohbet i\u00e7ine girdi\u011fi ve bu sohbetle ba\u015flayan samimiyetin sonras\u0131nda da devam etti\u011fi belirtiliyordu.<\/p>\n<p>Ayn\u0131 Bakan&#8217;\u0131n Ergenekon davas\u0131 san\u0131\u011f\u0131 Albay Levent G\u00f6kta\u015f&#8217;la da samimi oldu\u011funu iddia eden site, Erdo\u011fan&#8217;\u0131n t\u00fcm bu geli\u015fmelerden haberdar oldu\u011fu ve Kabine revizyonunda bu derin ba\u011flant\u0131lar\u0131 g\u00f6z \u00f6n\u00fcnde bulunduraca\u011f\u0131n\u0131 savunuyordu.<\/p>\n<p><strong>Kabinede &#8220;G\u00fcl-Erdo\u011fan kavgas\u0131&#8221; derinle\u015fiyor<\/strong><\/p>\n<p>AKP&#8217;deki erimenin faturas\u0131n\u0131 Recep Tayyip Erdo\u011fan&#8217;a kesen G\u00fcl ekibi, kabine de\u011fi\u015fikli\u011fi konusunda bast\u0131r\u0131yordu. Abdullah G\u00fcl ekibinin baz\u0131 bakanlar\u0131 hedef alan kampanyas\u0131 s\u00fcrerken, Erdo\u011fan da bu kampanyaya nas\u0131l kar\u015f\u0131 koyaca\u011f\u0131n\u0131 ekibiyle tart\u0131\u015f\u0131yordu. \u00d6te yandan ge\u00e7en haftaki &#8220;G\u00fcl Tayyip&#8217;e muhalif televizyon kuruyor&#8221; haberimiz G\u00fcl ekibinde tedirginli\u011fe neden oluyordu.<\/p>\n<p>Cemaatler koalisyonu AKP&#8217;de ba\u015flayan hesapla\u015fman\u0131n, partiyi b\u00f6l\u00fcnmeye kadar s\u00fcr\u00fcklemesinden korkuluyordu. Tayyip Erdo\u011fan&#8217;\u0131 kontrol alt\u0131nda tutmay\u0131 s\u00fcrd\u00fcrmek isteyen G\u00fcl ekibi, ba\u015flatt\u0131klar\u0131 kampanyan\u0131n amac\u0131n\u0131n: &#8220;Kabinedeki Erdo\u011fanc\u0131 a\u011f\u0131rl\u0131k tasfiye edilecek, yerine Abdullah G\u00fcl&#8217;\u00fcn adamlar\u0131 getirilecek&#8221; deniyordu.<\/p>\n<p><strong>G\u00fclc\u00fcler &#8220;yan\u0131ltma takti\u011fi\u201dyle bakan haz\u0131rl\u0131yor<\/strong><\/p>\n<p>Se\u00e7imin hemen ard\u0131ndan ba\u015far\u0131s\u0131zl\u0131\u011f\u0131n faturas\u0131n\u0131 Erdo\u011fan&#8217;a kesen G\u00fclc\u00fc k\u00f6\u015fe yazarlar\u0131, kabine revizyonunda hedef ald\u0131klar\u0131 ki\u015fileri karalama kampanyas\u0131 ba\u015flat\u0131yordu. Cemil \u00c7i\u00e7ek ve Hilmi G\u00fcler gibi baz\u0131 bakanlar\u0131 hedef alan yay\u0131nlar\u0131n ard\u0131ndan, yeni bakan isimleri dillendirilmeye ba\u015flan\u0131yordu. \u00d6rne\u011fin, Hilmi G\u00fcler&#8217;in yerine AKP Kayseri Milletvekili Taner Y\u0131ld\u0131z&#8217;\u0131n getirilece\u011fi s\u00f6ylentisi yay\u0131l\u0131yordu. S\u00f6ylentiyi yayanlar, Y\u0131ld\u0131z&#8217;\u0131n Erdo\u011fan ekibinden oldu\u011funun da alt\u0131n\u0131 \u00e7izerek Y\u0131ld\u0131z&#8217;\u0131 kabineye sokmaya \u00e7al\u0131\u015f\u0131yor ve sonunda ba\u015far\u0131yordu.<\/p>\n<p><strong>Erdo\u011fan, ekibiyle &#8220;mini zirve&#8221; yap\u0131yor<\/strong><\/p>\n<p>G\u00fclc\u00fclerin k\u0131l\u0131\u00e7lar\u0131 ku\u015fanmas\u0131 \u00fczerine Erdo\u011fan da kendi sava\u015f ekibini haz\u0131rl\u0131yor ve kendi ekibini 8 Nisan sabah\u0131 \u00dcsk\u00fcdar&#8217;daki evinde toplant\u0131ya \u00e7a\u011f\u0131r\u0131yordu. 4 saat s\u00fcren toplant\u0131da Egemen Ba\u011f\u0131\u015f, Faruk \u00c7elik, Zafer \u00c7a\u011flayan ve en \u00f6nemlisi de C\u00fcneyd Zapsu bulunuyordu.<\/p>\n<p>AKP kulislerinde, bu mini zirvede &#8216;kabine sava\u015f\u0131&#8217;n\u0131n yan\u0131 s\u0131ra &#8216;parti i\u00e7i temizlik&#8217; operasyonunun da masaya yat\u0131r\u0131ld\u0131\u011f\u0131 konu\u015fuluyordu. Bu senaryoya g\u00f6re Kas\u0131m ay\u0131nda yap\u0131lacak AKP Ola\u011fan B\u00fcy\u00fck Kongresi \u00f6ne al\u0131narak, Eyl\u00fcl ay\u0131na ola\u011fan\u00fcst\u00fc b\u00fcy\u00fck kongreye gidilecek, bu sayede hem parti vitrini hem de TBMM&#8217;deki vitrin yenilenecek\u201d deniyordu. Ama en \u00f6nemlisi, her iki ekip de, parti y\u00f6netiminde ve temsiliyette daha fazla s\u00f6z sahibi olabilmek i\u00e7in t\u00fcm kozlar\u0131n\u0131 oynuyordu.<\/p>\n<p><strong>Tayyip Erdo\u011fan&#8217;dan Abdullah G\u00fcl&#8217;e su\u00e7lama geliyor<\/strong><\/p>\n<p><strong>AKP&#8217;deki safla\u015fmada CIA\/MOSSAD imalat\u0131 &#8220;muhafazakar demokratl\u0131k&#8221; misyonunu A. G\u00fcl sahipleniyordu. Tayyip Erdo\u011fan&#8217;a ise &#8220;Milli G\u00f6r\u00fc\u015f&#8221;\u00fcn devam\u0131 kimli\u011fi kal\u0131yordu. Erdo\u011fan&#8217;\u0131n, giderek daha kesin hatlar\u0131yla ABD ve \u0130srail&#8217;den uzak bir g\u00f6r\u00fcnt\u00fc vererek i\u00e7 g\u00fc\u00e7lerden destek almaya \u00e7al\u0131\u015faca\u011f\u0131 konu\u015fuluyordu. Ancak AKP h\u00fck\u00fcmeti d\u0131\u015f destek olmadan varl\u0131\u011f\u0131n\u0131 s\u00fcrd\u00fcremez. G\u00fcl de d\u0131\u015f destek kozuyla Tayyip&#8217;i susturuyordu. Bat\u0131c\u0131 yazarlar kampanya halinde Erdo\u011fan&#8217;\u0131 topa tutarken, G\u00fcl&#8217;\u00fc parlat\u0131yordu.<\/strong><\/p>\n<p><strong>\u2018Omzumun \u00fczerinden ate\u015f ediyor ve s\u0131rt\u0131mdan ge\u00e7inmeye \u00e7al\u0131\u015f\u0131yordu!?<\/strong><\/p>\n<p><strong>Tayyip Erdo\u011fan yak\u0131n \u00e7evresine Abdullah G\u00fcl&#8217;den yak\u0131narak b\u00f6yle s\u00f6yl\u00fcyordu. Bu s\u00f6z\u00fc Ergenekon i\u00e7in s\u00f6yl\u00fcyordu ama genel bir anlam y\u00fckl\u00fcyordu.<\/strong><\/p>\n<p><strong>Ancak son geli\u015fmeler, Abdullah G\u00fcl&#8217;\u00fcn art\u0131k Tayyip Erdo\u011fan&#8217;\u0131n omzunun arkas\u0131nda olmad\u0131\u011f\u0131n\u0131 ortaya koyuyordu. G\u00fcl, Erdo\u011fan&#8217;\u0131 siper edinemiyordu.<\/strong><\/p>\n<p><strong>Son \u0130srail sald\u0131r\u0131s\u0131 Erdo\u011fan ve G\u00fcl aras\u0131ndaki \u00e7eli\u015fmenin daha belirginle\u015fmesine yol a\u00e7\u0131yordu. \u00d6n\u00fcm\u00fczdeki g\u00fcnlerde koltu\u011funu b\u0131rakacak olan \u0130srail Ba\u015fbakan\u0131 Ehud Olmert, T\u00fcrkiye&#8217;yi ziyaretinin ard\u0131ndan Gazze&#8217;ye y\u00f6nelik b\u00fcy\u00fck bir katliam ba\u015flat\u0131nca, Tayyip Erdo\u011fan&#8217;\u0131n tepkisi beklenenden b\u00fcy\u00fck oluyordu. Ger\u00e7i Tayyip Erdo\u011fan, daha \u00f6nce de \u0130srail sald\u0131rganl\u0131\u011f\u0131 konusunda sert a\u00e7\u0131klamalar yapm\u0131\u015ft\u0131 ama bu seferki farkl\u0131yd\u0131. Olmert, T\u00fcrkiye ziyaretinde Tayyip Erdo\u011fan ile 5 saat ba\u015f ba\u015fa g\u00f6r\u00fc\u015fm\u00fc\u015ft\u00fc. &#8220;BOP e\u015fba\u015fkanl\u0131\u011f\u0131&#8221; misyonu \u00e7er\u00e7evesinde \u0130srail-Filistin, \u0130srail-Suriye aras\u0131nda, Haaretz gazetesinin deyimiyle &#8220;kuryelik&#8221; yapt\u0131r\u0131lan Tayyip Erdo\u011fan, sald\u0131r\u0131n\u0131n ard\u0131ndan &#8220;kand\u0131r\u0131ld\u0131m&#8221; a\u00e7\u0131klamas\u0131n\u0131 yap\u0131yordu. Bu \u00e7\u0131k\u0131\u015f\u0131n, diplomatik bir de\u011ferlendirme olmaktan \u00e7ok ki\u015fisel bir serzeni\u015f ve tepki oldu\u011fu s\u0131r\u0131t\u0131yordu. Ancak, Abdullah G\u00fcl&#8217;\u00fcn \u0130srail sald\u0131r\u0131s\u0131 kar\u015f\u0131s\u0131nda Tayyip Erdo\u011fan&#8217;a g\u00f6re ton fark\u0131 da g\u00f6zden ka\u00e7m\u0131yordu.<\/strong><\/p>\n<p><strong>Olmert, Tayyip Erdo\u011fan&#8217;\u0131n yan\u0131 s\u0131ra Abdullah G\u00fcl ile de \u00c7ankaya K\u00f6\u015fk\u00fc&#8217;nde g\u00f6r\u00fc\u015fm\u00fc\u015ft\u00fc. Ziyarete, D\u0131\u015fi\u015fleri Bakan\u0131 Ali Babacan ile D\u0131\u015fi\u015fleri Bakanl\u0131\u011f\u0131 M\u00fcste\u015far\u0131 Ertu\u011frul Apakan da kat\u0131lm\u0131\u015ft\u0131. Diplomatik kaynaklar, Hamas ile ate\u015fkesin sona ermesinin ard\u0131ndan \u0130srail&#8217;in b\u00f6yle bir sald\u0131r\u0131 planlad\u0131\u011f\u0131n\u0131n belli oldu\u011funu, Olmert&#8217;in T\u00fcrkiye ziyaretinde bu mesaj\u0131 verdi\u011fini kaydediyordu.<\/strong><\/p>\n<p><strong>Ergenekon tertibinde G\u00fcl, Tayyip&#8217;i \u00f6ne mi s\u00fcr\u00fcyordu<\/strong><\/p>\n<p>Tayyip Erdo\u011fan ile Abdullah G\u00fcl aras\u0131ndaki \u00e7eli\u015fmenin k\u00f6kleri AKP&#8217;nin kurulu\u015f y\u0131llar\u0131na kadar uzan\u0131yordu. Ama giderek derinle\u015fmesi ve ikisinin farkl\u0131 kamplara do\u011fru \u00e7ekilmesi Cumhurba\u015fkanl\u0131\u011f\u0131 se\u00e7imlerine dayan\u0131yordu. Tayyip Erdo\u011fan ile Ya\u015far B\u00fcy\u00fckan\u0131t aras\u0131ndaki Dolmabah\u00e7e g\u00f6r\u00fc\u015fmesinin ard\u0131ndan Abdullah G\u00fcl&#8217;\u00fcn Cumhurba\u015fkan\u0131 aday\u0131 olarak sahneye \u00e7\u0131kmas\u0131 ve bu konudaki \u0131srar\u0131n\u0131 s\u00fcrd\u00fcrerek \u00c7ankaya&#8217;ya t\u0131rmanmas\u0131, Tayyip Erdo\u011fan&#8217;\u0131n g\u00f6n\u00fcls\u00fczce s\u00fcr\u00fcklendi\u011fi bir s\u00fcre\u00e7 olmu\u015ftu.<\/p>\n<p>Ayn\u0131 s\u00fcre\u00e7te Ergenekon tertibinin de d\u00fc\u011fmesine bas\u0131l\u0131yordu. D\u00fc\u011fmeye basan ise do\u011frudan Abdullah G\u00fcl&#8217;d\u00fc. Dan\u0131\u015ftay suikastinin ard\u0131ndan M\u0130T ve Emniyet&#8217;in brifingiyle s\u00fcre\u00e7 ba\u015flat\u0131lm\u0131\u015f, G\u00fcl, &#8220;Bir Savc\u0131 bulun, bunlar\u0131 delillendirsin&#8221; talimat\u0131n\u0131 veriyordu. Savc\u0131 bulunuyor ve Cumhurba\u015fkanl\u0131\u011f\u0131 se\u00e7im tart\u0131\u015fmalar\u0131n\u0131n yo\u011funla\u015ft\u0131\u011f\u0131 g\u00fcnlerde haz\u0131rl\u0131klar tamamlan\u0131yordu. Haziran 2007&#8217;de \u00dcmraniye bombalar\u0131yla ba\u015flayan operasyon, Abdullah G\u00fcl&#8217;\u00fcn se\u00e7imlerden sonra \u00c7ankaya K\u00f6\u015fk\u00fc&#8217;ne \u00e7\u0131k\u0131\u015f\u0131n\u0131n ard\u0131ndan bir \u00fcst a\u015famaya s\u0131\u00e7rat\u0131l\u0131yordu. \u00c7ankaya&#8217;daki mevziye oturan Abdullah G\u00fcl, operasyonun yo\u011fun g\u00fcnlerinde perde gerisinde duruyordu. Hatta \u0130lhan Sel\u00e7uk&#8217;un g\u00f6zalt\u0131na al\u0131nmas\u0131 \u00fczerine Cumhuriyet&#8217;in Ankara Temsilcisi Mustafa Balbay ile g\u00f6r\u00fc\u015f\u00fcp bu duruma tepki g\u00f6sterir pozu veriyordu. G\u00fcl, bu s\u00fcre\u00e7te, sanki Tayyip Erdo\u011fan&#8217;\u0131 \u00f6ne s\u00fcr\u00fcyordu.<\/p>\n<p>Tayyip Erdo\u011fan&#8217;a gayr\u0131 resmi dan\u0131\u015fmanl\u0131k yapan \u015e\u00fckr\u00fc Karaca, 31 Mart 2008 tarihli Milliyet&#8217;te Devrim Sevimay&#8217;a verdi\u011fi r\u00f6portajda Ergenekon operasyonunu de\u011ferlendirirken \u015funlar\u0131 s\u00f6ylemi\u015fti:<\/p>\n<p><strong> \u015e\u00fckr\u00fc Karaca: &#8220;Ba\u015fbakan bu i\u015fte siyasi kurban&#8221; itiraf\u0131nda bulunuyordu<\/strong><\/p>\n<p><strong>&#8220;Ba\u015fbakan bu i\u015fte siyasi kurban. \u00c7\u00fcnk\u00fc birileri Ba\u015fbakan&#8217;\u0131n arkas\u0131nda durmu\u015f omzunun \u00fczerinden ileriye do\u011fru ate\u015f ediyor. Ama ne yaz\u0131k ki Ba\u015fbakan o omzundan ate\u015f edenleri te\u015fhis etmekte, bunlar\u0131n hangi komplikasyonlara yol a\u00e7acaklar\u0131n\u0131 \u00f6ng\u00f6rmekte baz\u0131 s\u0131k\u0131nt\u0131lar, eksiklikler ya\u015f\u0131yor. Yoksa bir siyaset\u00e7i hi\u00e7bir \u015fey yapmasa bile en az\u0131ndan kendini koruma i\u00e7g\u00fcd\u00fcs\u00fcyle buna mani olurdu.<\/strong><\/p>\n<p><strong>-Bu g\u00fcc\u00fcn AKP&#8217;yle ili\u015fkisi nedir?<\/strong><\/p>\n<p><strong>-Bu t\u00fcr unsurlar pazarl\u0131k\u00e7\u0131 unsurlard\u0131r. O y\u00fczden bunlar\u0131n AKP&#8217;yle i\u015fbirli\u011fi tamamen taktikseldir. Bug\u00fcn Erdo\u011fan&#8217;la i\u015f tutarlar, yar\u0131n ba\u015fka biriyle&#8230; Onlar\u0131n geleneksel tarz\u0131 budur. \u00c7\u00fcnk\u00fc kendileriyle s\u0131n\u0131rl\u0131 bir T\u00fcrkiye tarifleri vard\u0131r ve ona ula\u015fmak i\u00e7in son derece pragmatiktirler. Sonu\u00e7ta kimseye kar\u015f\u0131 bir mesuliyetleri yok, o y\u00fczden iktidarlar zay\u0131flar, onlar zay\u0131flamazlar.<\/strong><\/p>\n<p><strong>-Size g\u00f6re ne yapmal\u0131 Ba\u015fbakan? <\/strong><\/p>\n<p><strong>-Ba\u015fbakan \u015fu anda s\u0131rt\u0131nda birilerinin y\u00fck\u00fcn\u00fc ta\u015f\u0131yor; bu kamburdan kurtulmal\u0131. Kendi kontrol edemedi\u011fi unsurlar\u0131n devleti huzursuz etmesinin \u00f6n\u00fcne ge\u00e7mesi laz\u0131m.&#8221;<\/strong><\/p>\n<p><strong>Karaca ayr\u0131ca, &#8220;Davul Ba\u015fbakan&#8217;\u0131n omzunda, ama sanki tokmak ba\u015fkas\u0131n\u0131n elinde. O tokma\u011f\u0131 geri almas\u0131 gerekiyor Ba\u015fbakan&#8217;\u0131n\u201d de\u011ferlendirmesi yapm\u0131\u015ft\u0131. Kapatma davas\u0131 Erdo\u011fan&#8217;\u0131n tokma\u011f\u0131 eline almas\u0131n\u0131 erteledi. Kapatma davas\u0131n\u0131n sonu\u00e7lanmas\u0131n\u0131n ard\u0131ndan Abdullah G\u00fcl&#8217;\u00fcn \u00f6zellikle Ermenistan ziyaretiyle ba\u015flayan s\u00fcre\u00e7 ve Irak&#8217;ta Kukla Devlet&#8217;in kabul\u00fc ve PKK&#8217;ya af konusundaki ata\u011f\u0131, Karaca&#8217;n\u0131n deyimiyle Tayyip Erdo\u011fan&#8217;\u0131 tokma\u011f\u0131 eline almas\u0131 i\u00e7in hamle yapmaya sevk etti.<\/strong><\/p>\n<p><strong>Tayyip Erdo\u011fan, &#8220;kuvvetli adam\u0131m. S\u0131rt\u0131ma \u00e7\u0131k\u0131p, benden kuvvet al\u0131yor. Benim arkama saklanarak ate\u015f etti Ergenekon&#8217;a ve Ordu&#8217;ya!&#8221; diyordu.<\/strong><\/p>\n<p><strong>Ba\u015fbu\u011f: &#8220;Herkes do\u011fru yerde dursun&#8221; derken, Erdo\u011fan: &#8220;ben do\u011fru yerde duruyorum&#8221; yan\u0131t\u0131n\u0131 veriyordu<\/strong><\/p>\n<p>Akt\u00fct\u00fcn bask\u0131n\u0131n ard\u0131ndan Taraf gazetesinden Ordu&#8217;ya y\u00f6nelik CIA destekli a\u011f\u0131r sald\u0131r\u0131lar\u0131 \u00fczerine G\u00fcl-Erdo\u011fan \u00e7eli\u015fmesi yeni bir boyut kazan\u0131yordu. Erdo\u011fan, Genelkurmay Ba\u015fkan\u0131 Orgeneral \u0130lker Ba\u015fbu\u011f&#8217;un &#8220;Herkes do\u011fru yerde dursun&#8221; &#8220;\u00e7a\u011fr\u0131s\u0131ndan&#8221; sonra, &#8220;Ben do\u011fru yerde duruyorum&#8221; diyerek yeni yerini ilan ediyordu. Abdullah G\u00fcl art\u0131k Tayyip Erdo\u011fan&#8217;\u0131n arkas\u0131na saklanam\u0131yordu.<\/p>\n<p><strong>Fehmi Koru&#8217;nun G\u00fcl ad\u0131na \u00e7\u0131k\u0131\u015f\u0131: &#8220;Erdo\u011fan Obama gibi geldi, Bu\u015f gibi oldu&#8221;<\/strong><\/p>\n<p>\u0130\u015fte bu s\u00fcre\u00e7te Abdullah G\u00fcl a\u00e7\u0131ktan Tayyip Erdo\u011fan ile m\u00fccadele ba\u015flat\u0131yordu. Fehmi Koru&#8217;ya, &#8220;Obama gibi geldi, Bush gibi oldu&#8221; \u00e7\u0131k\u0131\u015f\u0131n\u0131 yapt\u0131ran\u0131n G\u00fcl oldu\u011fu s\u00f6yleniyordu.<\/p>\n<p>Ayn\u0131 d\u00f6nemde Taraf gazetesi ve Fetullah\u00e7\u0131 \u00e7evrelerin Tayyip Erdo\u011fan&#8217;a bindiren a\u00e7\u0131klamalar\u0131 arka arkaya gelmesi dikkat \u00e7ekiyordu. Bu \u00e7evrelerden \u00f6zellikle, &#8220;Ergenekon&#8217;un Ordu&#8217;daki uzant\u0131lar\u0131na da dokunulmal\u0131 ama bunun i\u00e7in siyasi irade laz\u0131m&#8221; \u00e7a\u011fr\u0131lar\u0131 dikkat \u00e7ekiyordu.<\/p>\n<p>Yine ayn\u0131 \u00e7evreler, Tayyip Erdo\u011fan&#8217;\u0131n DTP&#8217;yi ele\u015ftiren s\u00f6zlerine kar\u015f\u0131 g\u00fcnlerce kampanya yap\u0131yordu. Bu arada ayn\u0131 \u00e7evrelerin Abdullah G\u00fcl&#8217;\u00fc parlatan sunu\u015flar\u0131 g\u00f6zlerden ka\u00e7m\u0131yordu.<\/p>\n<p>\u00d6nder Ayta\u00e7-Emre Uslu ikilisi 13 Aral\u0131k&#8217;ta Taraf\u2019ta Ergenekon tertip\u00e7ilerinin \u201cgizli korkusunu\u201d ele veren bir yaz\u0131 kaleme al\u0131yordu. Ayta\u00e7-Uslu ikilisi, mahkemenin tavsad\u0131\u011f\u0131n\u0131 ve tertibin \u00fczerlerine y\u0131k\u0131lmakta oldu\u011funu sapt\u0131yor ve bu durumdan yerel se\u00e7imler \u00f6ncesinde iktidar\u0131n b\u00fcy\u00fck puan kaybedece\u011fi, oklar\u0131n H\u00fck\u00fcmet&#8217;e y\u00f6neltilece\u011fi tehdidiyle Erdo\u011fan&#8217;\u0131 yeniden yanlar\u0131nda saf tutmaya \u00e7a\u011f\u0131r\u0131yordu. Yaz\u0131dan baz\u0131 b\u00f6l\u00fcmler \u015f\u00f6yle:<\/p>\n<p>&#8220;(&#8230;) Washington&#8217;daki etkili \u00e7evreler, bu konuda (Ergenekon kastediliyor) \u00fcniformal\u0131 T\u00fcrk b\u00fcrokrasisinden umudunu kestiler, ama her \u015feye ra\u011fmen yine de h\u00fck\u00fcmet&#8217;in nerede durdu\u011funu da \u00e7ok merak ediyorlar.<\/p>\n<p>&#8220;(&#8230;) \u00d6ncelikle Amerika&#8217;n\u0131n T\u00fcrkiye ile olan siyasal ve kurumsal ili\u015fkileri yeniden sorgulanacak. Sonradan da Amerika&#8217;n\u0131n b\u00fct\u00fcn bu ili\u015fkileri, Ergenekon operasyonunun d\u00fczenletmek i\u00e7in kurdu\u011funun alt\u0131 kal\u0131n \u00e7izgilerle \u00e7izilecek. \u015eimdiden baz\u0131 merkezlerden planland\u0131\u011f\u0131n\u0131 duydu\u011fumuz bu b\u00fcy\u00fck psikolojik harekat kampanyas\u0131n\u0131n mahkemenin sonu\u00e7lanmaya ba\u015flad\u0131\u011f\u0131 d\u00f6nemlerde b\u00fcy\u00fck g\u00fcr\u00fclt\u00fcyle kamuoyuna yanda\u015f Ergenekon medyas\u0131 ve k\u00f6\u015fe yaz\u0131c\u0131lar\u0131 taraf\u0131ndan duyurulaca\u011f\u0131n\u0131 san\u0131yoruz.<\/p>\n<p>&#8220;(&#8230;) Mahkemenin ne zaman bitece\u011fi bilinmez, ama \u00f6n\u00fcm\u00fczdeki Mart se\u00e7imleri \u00f6ncesinde b\u00f6ylesi bir psikolojik harekat kampanyas\u0131 ile AKP iktidar\u0131 hedefe oturtulacak gibi.&#8221;<\/p>\n<p><strong>Ermeni \u00f6z\u00fcr bildirisi \u00e7eli\u015fmeyi derinle\u015ftiriyor<\/strong><\/p>\n<p>Ermeni \u00f6z\u00fcr bildirisi Erdo\u011fan ile G\u00fcl aras\u0131ndaki \u00e7eli\u015fmeyi iyice derinle\u015ftiriyordu: &#8220;\u00d6z\u00fcr diliyorum&#8221;cular\u0131n bildirisine Tayyip Erdo\u011fan tepki g\u00f6sterirken Abdullah G\u00fcl destek \u00e7\u0131k\u0131yordu. G\u00fcl a\u00e7\u0131klamas\u0131nda \u00e7ok a\u00e7\u0131k bir \u015fekilde &#8220;\u00f6z\u00fcr diliyoruz&#8221;cular\u0131n bildirisini savunuyor, y\u00fcr\u00fct\u00fcc\u00fcs\u00fc oldu\u011fu &#8220;Ermeni a\u00e7\u0131l\u0131m\u0131&#8221;n\u0131n par\u00e7as\u0131 oldu\u011funu &#8220;bunun yolu buradan ge\u00e7er&#8221; s\u00f6zleriyle vurguluyordu.<\/p>\n<p>G\u00fcl, konuyla ilgili soruya \u015fu yan\u0131t\u0131 veriyordu: &#8220;T\u00fcrkiye, g\u00f6r\u00fc\u015flerin a\u00e7\u0131k\u00e7a ifade edilebildi\u011fi bir \u00fclke. Herkes g\u00f6r\u00fc\u015flerini a\u00e7\u0131k\u00e7a ortaya koyuyor&#8230; Sorunlar\u0131n, problemlerin oldu\u011fu kom\u015fular\u0131m\u0131zla sorunlar\u0131 konu\u015farak \u00e7\u00f6zmek kararl\u0131l\u0131\u011f\u0131nday\u0131z, bu m\u00fcmk\u00fcn. Problemlerin devam etmesinin kimseye bir yarar\u0131 yok. Bizim devlet olarak tavr\u0131m\u0131z, t\u00fcm kom\u015fular\u0131m\u0131zla ili\u015fkilerimizi en iyi noktaya getirmek, t\u00fcm kom\u015fular\u0131m\u0131zla g\u00fcven, istikrar temin etmek ve b\u00fct\u00fcn b\u00f6lgede refah\u0131n ger\u00e7ekle\u015fmesini temin etmek. Bunun yolu da buradan ge\u00e7er&#8221;.<\/p>\n<p><strong>Tayyip Erdo\u011fan ise G\u00fcl ile ayn\u0131 g\u00fcn yapt\u0131\u011f\u0131 a\u00e7\u0131klamada imzac\u0131lara sert \u00e7\u0131k\u0131yordu:<\/strong><\/p>\n<p>&#8220;Herhalde onlar b\u00f6yle bir soyk\u0131r\u0131m\u0131 i\u015flemi\u015f olacaklar ki \u00f6z\u00fcr diliyorlar. T\u00fcrkiye Cumhuriyeti&#8217;nin b\u00f6yle bir sorunu yok. Yani e\u011fer ortada b\u00f6yle bir su\u00e7 varsa su\u00e7 i\u015fleyen \u00f6z\u00fcr dileyebilir. Ama ne benim ne \u00fclkemin ne milletimin b\u00f6yle bir sorunu yok. Yani yazarlar, \u00e7izerler b\u00f6yle demi\u015f diye, b\u00f6yle bir kampanya ba\u015flatm\u0131\u015f diye bu kampanyaya uymak, bunu kabul etmek bizim taraf\u0131m\u0131zdan kabul edilebilecek bir \u015fey de\u011fildir. Ben \u015fahsen ba\u015flatt\u0131klar\u0131 o kampanyay\u0131 kabul etmiyorum, desteklemiyorum ve onun i\u00e7inde de yer almam. \u00c7\u00fcnk\u00fc su\u00e7 i\u015flemedim ki \u00f6z\u00fcr dileyeyim. B\u00f6yle bir \u015fey yok ortada. Tarih\u00e7ilerin tart\u0131\u015ft\u0131\u011f\u0131 bir konu var ortada, bu tart\u0131\u015f\u0131l\u0131yor. Ben bu yazar\u00e7izerlerimizi de anlamakta do\u011frusu zorlan\u0131yorum. Nas\u0131l bir yakla\u015f\u0131md\u0131r anlamak m\u00fcmk\u00fcn de\u011fil&#8221; diyordu.<\/p>\n<p><strong>T\u00dcS\u0130AD\u2019\u0131n yan\u0131ndan Tayyip&#8217;e salvo<\/strong><\/p>\n<p><strong>Ekonomik kriz tart\u0131\u015fmas\u0131 Abdullah G\u00fcl i\u00e7in de bir f\u0131rsat oluyordu. Abdullah G\u00fcl, 19 Aral\u0131k&#8217;ta Ankara&#8217;da T\u00dcS\u0130AD Y\u00fcksek \u0130sti\u015fare Konseyi toplant\u0131s\u0131na kat\u0131lmas\u0131 bile ba\u015fl\u0131 ba\u015f\u0131na H\u00fck\u00fcmet&#8217;e mesaj niteli\u011fi ta\u015f\u0131yordu. \u00c7\u00fcnk\u00fc Tayyip Erdo\u011fan, T\u00dc\u0130S\u0130AD \u00e7evrelerinin ekonomik kriz konusundaki \u00e7\u0131k\u0131\u015flar\u0131n\u0131 &#8220;f\u0131rsat\u00e7\u0131l\u0131k&#8221; olarak nitelemi\u015f ve a\u00e7\u0131k tutum alm\u0131\u015ft\u0131. G\u00fcl, toplant\u0131da yapt\u0131\u011f\u0131 konu\u015fmayla da H\u00fck\u00fcmet&#8217;e i\u015f d\u00fcnyas\u0131 ad\u0131na \u00e7a\u011fr\u0131 yap\u0131yordu:<\/strong><\/p>\n<p><strong>&#8220;T\u00fcrkiye&#8217;nin ekonomik krizden etkilenmeyece\u011fini d\u00fc\u015f\u00fcnmek mant\u0131kl\u0131 olmaz. Uzaktan gelen dalgalar T\u00fcrkiye gemisini dalgaland\u0131rmaya ba\u015flad\u0131. H\u00fck\u00fcmet, i\u015f d\u00fcnyas\u0131 b\u00fcy\u00fck bir dayan\u0131\u015fma i\u00e7ine girmez ve su\u00e7lay\u0131c\u0131 s\u00f6ylemlerden kurtulamazsa hep beraber kaybederiz.&#8221;<\/strong><\/p>\n<p><strong>Belli ki Abdullah G\u00fcl &#8220;uzaktan gelen dalgalar&#8221;a g\u00f6re yelken a\u00e7mak i\u00e7in harekete ge\u00e7iyor. T\u00dcS\u0130AD Ba\u015fkan\u0131 Arzuhan Do\u011fan Yal\u00e7\u0131nda\u011f ile Abdullah G\u00fcl&#8217;\u00fcn vurgular\u0131ndaki paralellik kimsenin g\u00f6z\u00fcnden ka\u00e7m\u0131yordu.<\/strong><\/p>\n<p><strong>AKFEN Holding&#8217;in patronu Hamdi Ak\u0131n&#8217;\u0131n Abdullah G\u00fcl i\u00e7in s\u00f6yledi\u011fi i\u00e7 g\u0131c\u0131klay\u0131c\u0131 s\u00f6zleri de toplant\u0131ya damga vuruyordu. Hamdi Ak\u0131n toplant\u0131daki konu\u015fmas\u0131nda Abdullah G\u00fcl&#8217;e &#8220;Sizin Ba\u015fbakanl\u0131\u011f\u0131n\u0131z d\u00f6neminde ekip ruhu vard\u0131. Bakanlar birbirleriyle karde\u015f gibiydi. \u015eimdiki H\u00fck\u00fcmet tak\u0131m ruhu yaratamad\u0131. B\u0131rak\u0131n i\u015f alemiyle i\u015fbirli\u011fi yapmay\u0131 kendi aralar\u0131nda bile anla\u015fam\u0131yorlar&#8221; diyor ve G\u00fcl bu s\u00f6zler \u00fczerine g\u00fcl\u00fcyordu. Toplant\u0131da en fazla alk\u0131\u015f\u0131 Ak\u0131n&#8217;\u0131n konu\u015fmas\u0131n\u0131n almas\u0131 da dikkat \u00e7ekiyordu.<\/strong><\/p>\n<p><strong>Ayn\u0131 g\u00fcn Tayyip Erdo\u011fan ise \u0130stanbul&#8217;da D\u0131\u015f Ekonomik \u0130li\u015fkiler Kurulu&#8217;nun toplant\u0131s\u0131na kat\u0131l\u0131p \u015funlar\u0131 s\u00f6yl\u00fcyordu:<\/strong><\/p>\n<p><strong>&#8220;Krizden kendisi i\u00e7in yarar, f\u0131rsat dev\u015firmeye \u00e7al\u0131\u015fanlar var. Bu \u00e7evrelerin de bu rakamlara, geli\u015fmelere bak\u0131p, bundan vazge\u00e7melerini diliyorum&#8221;.<\/strong><\/p>\n<p><strong>G\u00fcl&#8217;\u00fcn ABD ile gizli s\u00f6zle\u015fmesindeki \u201cPKK&#8217;ya af plan\u0131\u201d kafa kar\u0131\u015ft\u0131r\u0131yor<\/strong><\/p>\n<p>Abdullah G\u00fcl&#8217;\u00fcn, taraflar\u0131 Talabani-Barzani-DTP-PKK olan ABD&#8217;nin K\u00fcrt plan\u0131ndaki rol\u00fc ortaya \u00e7\u0131k\u0131yordu. Talabani, 23 Aral\u0131k g\u00fcn\u00fc Ak\u015fam gazetesinde H\u00fcsn\u00fc Mahalli&#8217;ye verdi\u011fi r\u00f6portajda, Abdullah G\u00fcl ile Mart ay\u0131ndaki T\u00fcrkiye ziyaretinde PKK&#8217;ya af konusunu konu\u015ftu\u011funu, ancak Tayyip Erdo\u011fan&#8217;\u0131n Temmuz ay\u0131ndaki Ba\u011fdat ziyareti s\u0131ras\u0131nda konunun g\u00f6r\u00fc\u015f\u00fclmedi\u011fini belirtiyordu. Talabani, s\u00fcreci Abdullah G\u00fcl ile y\u00fcr\u00fctt\u00fc\u011f\u00fcn\u00fc if\u015fa ediyor ve daha \u00f6nemlisi G\u00fcl&#8217;den bu konuda s\u00f6z ald\u0131\u011f\u0131n\u0131 ima ediyordu.<\/p>\n<p>G\u00fcl&#8217;\u00fcn &#8220;kulak rahats\u0131zl\u0131\u011f\u0131&#8221; nedeniyle ertelenen Diyarbak\u0131r ve Erbil-Kerk\u00fck ziyaretlerinin de bu \u00e7er\u00e7evede d\u00fczenlendi\u011fi biliniyordu. G\u00fcl, ABD&#8217;nin iki a\u015famal\u0131 plan\u0131 \u00e7er\u00e7evesinde, \u00f6nce Diyarbak\u0131r&#8217;da &#8220;K\u00fcrt a\u00e7\u0131l\u0131m\u0131&#8221; mesaj\u0131 vermesi, ard\u0131ndan Kukla Devlet&#8217;i resmen tan\u0131ma do\u011frultusunda, aynen Ermenistan ziyaretinde oldu\u011fu gibi Cumhurba\u015fkan\u0131 d\u00fczeyinde resmi tav\u0131r g\u00f6stermesi isteniyordu. Plan erteleniyor, ama iptal edilmiyordu. G\u00fcl, konuyla ilgili sorulara, alt\u0131n\u0131 \u00e7izerek &#8220;iptal etmi\u015f de\u011filim&#8221; diye yan\u0131t veriliyordu.<\/p>\n<p>Abdullah G\u00fcl, Talabani&#8217;nin PKK&#8217;ya af do\u011frultusunda ad\u0131mlarla ilgili a\u00e7\u0131klamalar\u0131n\u0131, &#8220;G\u00fczel s\u00f6zler. Herkes bir \u015fey yapmaya \u00e7al\u0131\u015f\u0131yor&#8221; diyerek destekliyor, buna kar\u015f\u0131l\u0131k, Tayyip Erdo\u011fan Irak Ba\u015fbakan\u0131n\u0131n ziyareti s\u0131ras\u0131nda &#8220;Bu konu bizim i\u00e7 i\u015fimiz. \u0130steyen etkin pi\u015fmanl\u0131k yasas\u0131ndan yararlan\u0131r&#8221; diye af konusuyla ilgili farkl\u0131 tutum almas\u0131 dikkat \u00e7ekiyordu.<\/p>\n<p><strong>Abdullah G\u00fcl, h\u00fck\u00fcmeti b\u00f6lme \u00e7abas\u0131 m\u0131 y\u00fcr\u00fct\u00fcyor?<\/strong><\/p>\n<p>Tayyip Erdo\u011fan, Abdullah G\u00fcl&#8217;\u00fcn Cumhurba\u015fkanl\u0131\u011f\u0131 koltu\u011funda kendi adamlar\u0131 vas\u0131tas\u0131yla ayr\u0131 bir kanaldan H\u00fck\u00fcmet i\u015flerine kar\u0131\u015fmas\u0131ndan son derece rahats\u0131zl\u0131k duyuyordu. Abdullah G\u00fcl&#8217;\u00fcn \u00f6nce d\u0131\u015f politika konular\u0131nda daha sonra da di\u011fer konularda \u00f6ne \u00e7\u0131kmas\u0131, Tayyip Erdo\u011fan&#8217;\u0131n otoritesini zorlayan ve ondan farkl\u0131 giri\u015fimlerde bulunmas\u0131, rahats\u0131zl\u0131\u011f\u0131 art\u0131r\u0131yordu.<\/p>\n<p>AKP&#8217;de &#8220;3 K&#8221; kural\u0131 i\u015fliyordu:<\/p>\n<p>1) Karadenizliler 2) Kayserililer 3) K\u00fcrtler<\/p>\n<p>Kayseri grubu (Orta Anadolu grubu) A. G\u00fcl&#8217;\u00fcn denetimindeydi. Karadeniz, Tayyip&#8217;in ekibiydi. Bat\u0131\/Orta Karadenizliler A. G\u00fcl&#8217;e yak\u0131n g\u00f6r\u00fcnmekteydi.<\/p>\n<p>K\u00fcrt milletvekilleri \u00fczerinde esas a\u011f\u0131rl\u0131\u011f\u0131n Abdullah G\u00fcl&#8217;de oldu\u011fu belirtiliyor, AKP&#8217;deki i\u00e7 kap\u0131\u015fman\u0131n da Tayyip Erdo\u011fan&#8217;\u0131 g\u00fc\u00e7lendirece\u011fi de\u011ferlendiriliyordu.<\/p>\n<p>G\u00fcl, kabine i\u00e7inde kilit bakanl\u0131klar\u0131 kontrol ediyordu. Ali Babacan ile Abdullah G\u00fcl&#8217;\u00fcn beyin tak\u0131m\u0131ndaki Prof. Dr. Ahmet Davuto\u011flu, D\u0131\u015fi\u015fleri Bakanl\u0131\u011f\u0131ndaki \u00f6nemli operasyonlar\u0131 G\u00fcl ad\u0131na y\u00fcr\u00fct\u00fcyordu. D\u0131\u015f politika konusunda en g\u00fcvendi\u011fi isimlerin ba\u015f\u0131nda gelen Davuto\u011flu&#8217;nun G\u00fcl i\u00e7in bir i\u015flevi daha bulunuyor: &#8220;Tayyip\u00e7i ekibe kar\u015f\u0131 koymak ve G\u00fcl&#8217;\u00fc bu ekibin d\u0131\u015f politika oyunlar\u0131ndan korumak&#8221; Ve bu y\u00fczden K\u0131r\u0131m k\u00f6kenli Karaimlerden ve \u00dclker\u2019in d\u00fcn\u00fcrlerinden Ahmet Davuto\u011flu, D\u0131\u015fi\u015fleri Bakan\u0131 yap\u0131l\u0131yordu. Ali Babacan da K\u0131r\u0131ml\u0131yd\u0131. Kar\u0131lar\u0131n\u0131n ad\u0131 da \u201cSara\u201d, k\u0131zlar\u0131n\u0131n \u201cSefure\u201d olmas\u0131 da dikkat \u00e7ekiyordu.<\/p>\n<p>G\u00fcl, Tayyip Erdo\u011fan ekibine kar\u015f\u0131 Davuto\u011flu&#8217;naun \u00f6nemini g\u00f6stermek i\u00e7in Ona B\u00fcy\u00fckel\u00e7ilik unvan\u0131 veriyordu. Erdo\u011fan ekibinin ise Davuto\u011flu&#8217;nun fazla \u00f6ne \u00e7\u0131kmas\u0131ndan dolay\u0131 &#8220;rahats\u0131z oldu\u011fu&#8221; belirtiliyor, ama D\u0131\u015f Bakan atanmas\u0131na mani olam\u0131yordu&#8230;<\/p>\n<p>G\u00fcl&#8217;\u00fcn g\u00fcvendi\u011fi bir ba\u015fka isim de \u0130\u00e7i\u015fleri Bakan\u0131 Be\u015fir Atalay oluyordu. Atalay, K\u0131r\u0131kkale \u00dcniversitesi Rekt\u00f6rl\u00fc\u011f\u00fc&#8217;nden \u0130rtica&#8217;ya g\u00f6z yumdu\u011fu i\u00e7in al\u0131nm\u0131\u015ft\u0131. Abdullah G\u00fcl&#8217;\u00fc siyasete haz\u0131rlayan ara\u015ft\u0131rma kurulu\u015fu ANAR&#8217;\u0131n ba\u015f\u0131ndayken yapt\u0131\u011f\u0131 kamuoyu ara\u015ft\u0131rmalar\u0131nda, AKP&#8217;yi s\u00fcrekli y\u00fcksek g\u00f6steren anketler yapt\u0131r\u0131yordu. Ayr\u0131ca bu anketleri medyaya da yazd\u0131rd\u0131. AKP&#8217;nin kurulu\u015fu ve ilk toplant\u0131lar\u0131 da ANAR&#8217;da yap\u0131l\u0131yordu.<\/p>\n<p>G\u00fcl, \u00f6nemli konularda ona dan\u0131\u015fmadan ad\u0131m atm\u0131yordu. \u00c7\u00fcnk\u00fc, Atalay \u00fczerinden Emniyet&#8217;te kontrol\u00fc sa\u011fl\u0131yordu. \u201cEmniyet&#8217;teki bu ekibin, gerekirse Tayyip Erdo\u011fan&#8217;\u0131 da harcamaya haz\u0131r oldu\u011fu\u201d konu\u015fuluyordu ve bu bilgileri aktaran Ayd\u0131nl\u0131k, nedense: \u201cD\u0131\u015f g\u00fc\u00e7lerin ve Siyonist-Yahudi Lobilerinin, AKP gibi i\u015fbirlik\u00e7i partileri, daha rahat kullanmak ve g\u00fcd\u00fcm\u00fcnde tutmak i\u00e7in, b\u00f6ylesi hiziple\u015fmeler \u00e7\u0131kard\u0131klar\u0131n\u0131 ve her iki taraf\u0131 da kendilerine daha mecbur ve mahk\u00fbm konuma ta\u015f\u0131d\u0131klar\u0131n\u0131\u201d atl\u0131yordu.<\/p>\n<p><strong>Arap bas\u0131n\u0131n\u0131: Davuto\u011flu\u2019nu Kissinger\u2019e benzetiyor!<\/strong><\/p>\n<p>Ba\u015fbakan Tayip Erdo\u011fan\u2019\u0131n d\u0131\u015f politika dan\u0131\u015fman\u0131 Prof. Dr. Ahmet Davuto\u011flu\u2019nun D\u0131\u015fi\u015fleri Bakanl\u0131\u011f\u0131na atanmas\u0131na Arap bas\u0131n\u0131 geni\u015f yer ay\u0131r\u0131yordu. Suudi Arabistan\u2019\u0131n El Riyad gazetesi, Ahmet Davuto\u011flu\u2019nun Amerika\u2019n\u0131n \u00fcnl\u00fc D\u0131\u015fi\u015fleri Bakan\u0131 Henry Kissinger\u2019e benzetiyordu. Kissinger\u2019in, g\u00f6rev yapt\u0131\u011f\u0131 1973-1979 y\u0131llar\u0131nda Ortado\u011fu bar\u0131\u015f\u0131 i\u00e7in etkin rol oynam\u0131\u015f, \u0130srail ile M\u0131s\u0131r aras\u0131nda diplomatik ili\u015fki kurulmas\u0131n\u0131 sa\u011flam\u0131\u015f, Yahudi as\u0131ll\u0131 bir Siyonist oldu\u011fu biliniyordu.<\/p>\n<p><strong>\u00dcrd\u00fcn&#8217;de yay\u0131nlanan El Ghad gazetesinde \u00e7\u0131kan bir makalede de Davuto\u011flu&#8217;nun, yedi y\u0131ll\u0131k AK Parti iktidar\u0131 d\u00f6nemi boyunca T\u00fcrk d\u0131\u015f politikas\u0131n\u0131n &#8216;temel dire\u011fi&#8217; olarak g\u00f6r\u00fcld\u00fc\u011f\u00fcne dikkat \u00e7ekilerek &#8220;Son y\u0131llarda T\u00fcrk siyasetindeki derin okumalar, Davuto\u011flu&#8217;nun d\u00fc\u015f\u00fcncelerini okumadan tamamlanmaz&#8221; deniliyordu. Yaz\u0131da, Davuto\u011flu&#8217;nun &#8216;stratejik teorisyeni&#8217; oldu\u011fu yeni T\u00fcrk d\u0131\u015f politikas\u0131 4 temele dayand\u0131r\u0131l\u0131yordu:<\/strong><\/p>\n<p><strong>1- T\u00fcrkiye&#8217;nin eksenler i\u00e7inde taraf de\u011fil, merkez \u00fclke olmas\u0131.<\/strong><\/p>\n<p><strong>2- Kom\u015fu \u00fclkelerle s\u0131f\u0131r sorun politikas\u0131 <\/strong><\/p>\n<p><strong>3- \u00c7ok boyutlu siyaset anlay\u0131\u015f\u0131 <\/strong><\/p>\n<p><strong>4-Siyasi \u00e7eki\u015fmelerle m\u00fccadelede ekonomik ger\u00e7eklere \u00f6ncelik tan\u0131nmas\u0131\u2026<\/strong><\/p>\n<p><strong>Yani, kahramanl\u0131k rol\u00fcyle, b\u00f6lgede \u0130srail\u2019e dayal\u0131 hizmetk\u00e2rl\u0131k siyaseti g\u00fcd\u00fcl\u00fcyordu.<\/strong><\/p>\n<p><strong>Sn. Abdullah G\u00fcl, Mahmut Abbas\u2019\u0131 destekliyor!<\/strong><\/p>\n<p><strong>Cumhurba\u015fkan\u0131 Abdullah G\u00fcl, &#8220;Orta Do\u011fu&#8217;da ger\u00e7ek bar\u0131\u015f sa\u011flanabilmesi i\u00e7in, iki ba\u011f\u0131ms\u0131z devletin yan yana ya\u015famas\u0131 ve ba\u015fkenti Do\u011fu Kud\u00fcs olan Filistin Devleti&#8217;nin kurulmas\u0131 gerekti\u011fini&#8221; s\u00f6yl\u00fcyordu. G\u00fcl, T\u00fcrkiye&#8217;ye \u00e7al\u0131\u015fma ziyareti ger\u00e7ekle\u015ftiren ve daha \u00f6nce s\u00fcrpriz bir \u015fekilde K\u0131br\u0131s Rum y\u00f6netimiyle T\u00fcrkiye aleyhine ili\u015fkilere giren Filistin Devlet Ba\u015fkan\u0131 Mahmud Abbas ile \u00c7ankaya K\u00f6\u015fk\u00fc&#8217;ndeki ba\u015f ba\u015fa ve heyetler aras\u0131 g\u00f6r\u00fc\u015fmelerin ard\u0131ndan ortak bas\u0131n toplant\u0131s\u0131 d\u00fczenleyerek: Abbas&#8217;\u0131, ge\u00e7en \u015eubat ay\u0131ndaki ziyaretinin ard\u0131ndan bir kez daha T\u00fcrkiye&#8217;de a\u011f\u0131rlamaktan duydu\u011fu memnuniyeti dile getiriyordu.<\/strong><\/p>\n<p><strong> <\/strong><\/p>\n<p><strong> <\/strong><\/p>\n<p><strong> <\/strong><\/p>\n<p><strong> <\/strong><\/p>\n<p><strong> <\/strong><\/p>\n<p><strong> <\/strong><\/p>\n","protected":false},"excerpt":{"rendered":"<p>&#8220;T\u00fcrk bayra\u011f\u0131 as\u0131lmayacak&#8221; diye ba\u011f\u0131ran, kendine a\u015f\u0131r\u0131 g\u00fcvenli as\u0131k suratl\u0131, sinirli DTP\u2019li kad\u0131nlar TC\u2019ye kin kusuyor. Birisi de se\u00e7imlerden sonra, A\u011fr\u0131&#8217;da galiba belediye ba\u015fkanl\u0131\u011f\u0131n\u0131 kazanan AKP&#8217;liyi istemiyor, saym\u0131yor ve &#8220;burada falanca kazanm\u0131\u015ft\u0131r&#8221; diye hayk\u0131r\u0131yor. Ayn\u0131 fuarda askerlerimizi \u015fehit eden katil ter\u00f6ristler i\u00e7in sayg\u0131 duru\u015funda bulunuluyor. Yer Batman. Bir fuar a\u00e7\u0131l\u0131yor. DTP&#8217;li milletvekilleri ayakta, sayg\u0131 duru\u015funda. [&hellip;]<\/p>\n","protected":false},"author":8,"featured_media":0,"comment_status":"open","ping_status":"closed","sticky":false,"template":"","format":"standard","meta":{"footnotes":""},"categories":[100],"tags":[],"class_list":["post-1628","post","type-post","status-publish","format-standard","hentry","category-eylul-2009"],"_links":{"self":[{"href":"https:\/\/www.millicozum.com\/mc\/wp-json\/wp\/v2\/posts\/1628","targetHints":{"allow":["GET"]}}],"collection":[{"href":"https:\/\/www.millicozum.com\/mc\/wp-json\/wp\/v2\/posts"}],"about":[{"href":"https:\/\/www.millicozum.com\/mc\/wp-json\/wp\/v2\/types\/post"}],"author":[{"embeddable":true,"href":"https:\/\/www.millicozum.com\/mc\/wp-json\/wp\/v2\/users\/8"}],"replies":[{"embeddable":true,"href":"https:\/\/www.millicozum.com\/mc\/wp-json\/wp\/v2\/comments?post=1628"}],"version-history":[{"count":0,"href":"https:\/\/www.millicozum.com\/mc\/wp-json\/wp\/v2\/posts\/1628\/revisions"}],"wp:attachment":[{"href":"https:\/\/www.millicozum.com\/mc\/wp-json\/wp\/v2\/media?parent=1628"}],"wp:term":[{"taxonomy":"category","embeddable":true,"href":"https:\/\/www.millicozum.com\/mc\/wp-json\/wp\/v2\/categories?post=1628"},{"taxonomy":"post_tag","embeddable":true,"href":"https:\/\/www.millicozum.com\/mc\/wp-json\/wp\/v2\/tags?post=1628"}],"curies":[{"name":"wp","href":"https:\/\/api.w.org\/{rel}","templated":true}]}}