{"id":1633,"date":"2009-08-21T17:58:01","date_gmt":"2009-08-21T17:58:01","guid":{"rendered":"https:\/\/www.millicozum.com\/mc\/2009\/08\/21\/devlet-planlama-teskilatindan-korkunc-rapor-sosyal-devlet-cokuyor\/"},"modified":"2009-08-21T17:58:01","modified_gmt":"2009-08-21T17:58:01","slug":"devlet-planlama-teskilatindan-korkunc-rapor-sosyal-devlet-cokuyor","status":"publish","type":"post","link":"https:\/\/www.millicozum.com\/mc\/2009\/eylul-2009\/devlet-planlama-teskilatindan-korkunc-rapor-sosyal-devlet-cokuyor\/","title":{"rendered":"Devlet Planlama Te\u015fkilat\u0131\u2019ndan Korkun\u00e7 Rapor: SOSYAL DEVLET \u00c7\u00d6K\u00dcYOR!"},"content":{"rendered":"<h1><strong> <\/strong><\/h1>\n<p>\u00a0<\/p>\n<p><strong>Art\u0131k T\u00fcrkiye, sosyal transferlere Avrupa Birli\u011fi\u2019ne \u00fcye \u00fclkelerinin ancak yar\u0131s\u0131 kadar kaynak aktarabiliyordu. Yoksulluk a\u00e7\u0131\u011f\u0131n\u0131 kapatmak i\u00e7in kullan\u0131lan transferler ise, toplam sosyal yard\u0131mlar\u0131n sadece y\u00fczde 20\u2019si civar\u0131nda bulunuyordu.<\/strong><\/p>\n<p><strong>DPT uzman\u0131 S\u0131rma Demir \u015eeker\u2019in haz\u0131rlad\u0131\u011f\u0131 \u201cT\u00fcrkiye\u2019deki Sosyal Transferlerin Yoksulluk \u00dczerinde Etkileri\u201d konulu rapora g\u00f6re, transferler artmakla birlikte ula\u015ft\u0131\u011f\u0131, kesimdeki yoksul oran\u0131 azalt\u0131l\u0131rken, T\u00fcrkiye\u2019de beklenilenin aksine yoksullu\u011fu azaltmay\u0131 hedefleyen transfer t\u00fcrlerinden yararlanan kesimin i\u00e7indeki yoksul olmayanlar\u0131n oran\u0131 olduk\u00e7a y\u00fcksek \u00e7\u0131k\u0131yordu.<\/strong><\/p>\n<p><strong>Ama AKP iktidar\u0131 k\u0131\u015f ay\u0131nda ve evlerinde su \u015febekesi bulunmayan Tunceli kasabalar\u0131nda s\u00f6m\u00fcr\u00fc sermayesine para kazand\u0131rmak i\u00e7in milyarlar harcan\u0131p sat\u0131n al\u0131nan buzdolab\u0131 ve \u00e7ama\u015f\u0131r makinas\u0131 da\u011f\u0131tarak, k\u00f6m\u00fcr ve un \u00e7uvallar\u0131 ta\u015f\u0131yarak oy avc\u0131l\u0131\u011f\u0131 yap\u0131yor ve sosyal t\u0131kan\u0131kl\u0131k kangrene d\u00f6n\u00fc\u015f\u00fcyordu.<\/strong><\/p>\n<p><strong>Sosyal transferler dengesiz yap\u0131l\u0131yor<\/strong><\/p>\n<p>T\u00fcrkiye\u2019de sosyal transferler gelir e\u015fitsizli\u011fini azalt\u0131c\u0131 bir yap\u0131 sergilemesine ra\u011fmen, transfer alan yoksul kesiminin oran\u0131ndaki art\u0131\u015f, transferlerdeki art\u0131\u015f seviyesinde olmuyordu. Etkin kullan\u0131ld\u0131\u011f\u0131nda yoksulluk \u00fczerinde olduk\u00e7a etkili olabilen sosyal transferlere T\u00fcrkiye\u2019de ayr\u0131lan kaynak gayri safi yurt i\u00e7i has\u0131lan\u0131n (GSY\u0130H) y\u00fczde 12\u2019si ile AB \u00fclkelerinin yar\u0131s\u0131 d\u00fczeyinde kal\u0131yordu. AB \u00fcyesi \u00fclkelerde sosyal transferlere ayr\u0131lan kaynak GSY\u0130H\u2019nin y\u00fczde 26\u2019s\u0131 seviyesindeydi. Sosyal transferlere nispeten geni\u015f kamu kaynaklar\u0131n\u0131n ayr\u0131lmas\u0131 \u00f6zellikle geli\u015fmekte olan \u00fclkeler i\u00e7in \u00f6nem arz ediyordu. Sosyal transferler, \u00fclkeler aras\u0131ndaki yoksulluk farkl\u0131l\u0131klar\u0131n a\u00e7\u0131klanmas\u0131na yard\u0131mc\u0131 oluyordu.<\/p>\n<p><strong>Orta s\u0131n\u0131f 6,3 milyon insanda yoksullu\u011fa kay\u0131yor.<\/strong><\/p>\n<p>T\u00fcrkiye\u2019de sosyal transfer alan yoksul kesimin d\u0131\u015f\u0131nda hi\u00e7bir devlet deste\u011fi sa\u011flayamayan milyonlarca ailenin varl\u0131\u011f\u0131na i\u015faret edilen raporda, \u015fu tespitler yer al\u0131yor: \u201cT\u00fcrkiye\u2019de yoksulluk s\u0131n\u0131r\u0131 alt\u0131nda ya\u015fayan n\u00fcfusun da\u011f\u0131l\u0131m\u0131na bak\u0131ld\u0131\u011f\u0131nda yoksulluk s\u0131n\u0131r\u0131n\u0131n \u00e7ok alt\u0131nda olan kesimlerin bulundu\u011fu g\u00f6r\u00fcl\u00fcyor. Nispeten az bir transferle, daha fazla yoksulun yoksulluktan kurtar\u0131labilece\u011fi d\u00fc\u015f\u00fcn\u00fcl\u00fcyor. Ancak 2005 y\u0131l\u0131 sonu\u00e7lar\u0131na g\u00f6re yoksul olmayan ama geliri yoksulluk s\u0131n\u0131r\u0131n\u0131n hemen \u00fczerinde olan ve k\u0131r\u0131lgan n\u00fcfus olarak da adland\u0131r\u0131labilece\u011fimiz 6,3 milyon ki\u015filik bir n\u00fcfus da dikkat \u00e7ekiyor. Bu kesimin k\u00fc\u00e7\u00fck bir gelir azal\u0131\u015f\u0131yla yoksul hale gelebilece\u011fi bu nedenle yoksullu\u011fun \u00f6nemli \u00f6l\u00e7\u00fcde artabilece\u011fi g\u00f6z ard\u0131 ediliyor.\u201d<\/p>\n<p><strong>En yoksul kesimler yararlanam\u0131yor..!<\/strong><\/p>\n<p>Halen transfer almayan yoksul kesim oldu\u011fu dikkate al\u0131nd\u0131\u011f\u0131nda, transferlere eri\u015febilen yoksul say\u0131s\u0131 ve oran\u0131n\u0131n art\u0131r\u0131lmas\u0131 \u00f6nem arz ediyor. Transferlerin yap\u0131ld\u0131\u011f\u0131 kesimdeki yoksul oran\u0131n\u0131n azalmas\u0131, oransal olarak yoksullara harcaman\u0131n da azalt\u0131lmas\u0131nda da etkisi bulunuyor. Transferlere yap\u0131lacak m\u00fcdahaleler ile s\u00f6z konusu kesimin yoksullu\u011fu azalt\u0131lmas\u0131 m\u00fcmk\u00fcn olurken, ancak T\u00fcrkiye\u2019de yoksul kesimin yakla\u015f\u0131k y\u00fczde 30\u2019u hi\u00e7 bir transferden yararlanam\u0131yor. S\u00f6z konusu rakam 2005 y\u0131l\u0131 sonu\u00e7lar\u0131na g\u00f6re de yakla\u015f\u0131k 1 milyon ki\u015fiye tekab\u00fcl ediyor. Buna kar\u015f\u0131n primli sistem transferi alan ve yoksul olan kesimin oran\u0131 ise olduk\u00e7a \u00fcrk\u00fct\u00fcyor!<\/p>\n<p><strong>Yoksullukta en ba\u015far\u0131l\u0131 transfer<\/strong><\/p>\n<p>Yoksulluk a\u00e7\u0131\u011f\u0131n\u0131 kapatmak i\u00e7in kullan\u0131lan transferlerin toplam transferlerin y\u00fczde 20\u2019sini olu\u015fturmas\u0131 transferlerin yoksulluk \u00fczerinde etkisini s\u0131n\u0131rland\u0131r\u0131yor. AB\u2019de ise sosyal transferler yoksulluk \u00fczerinde olduk\u00e7a etkili olurken, AB\u2019de sosyal transferlerle birlikte g\u00f6reli yoksulluk y\u00fczde 60 civar\u0131nda azalt\u0131l\u0131yor. T\u00fcrkiye\u2019de yoksullu\u011fun azalt\u0131lmas\u0131nda en ba\u015far\u0131l\u0131 transfer t\u00fcr\u00fcn\u00fc ise, kapsam ve tutar olarak en y\u00fcksek sosyal transfer harcamas\u0131 olan emekli ayl\u0131\u011f\u0131 olu\u015fturuyor. Emekli ayl\u0131\u011f\u0131n\u0131n as\u0131l amac\u0131 do\u011frudan yoksullu\u011fu azaltmak olan bir transfer olmamas\u0131na kar\u015f\u0131n, ula\u015ft\u0131\u011f\u0131 kesimdeki yoksullar\u0131n \u00e7o\u011funlu\u011funu yoksulluktan kurtar\u0131yor.<\/p>\n<p><strong>Bu gidi\u015fle gen\u00e7lik patlamaya itiliyor<\/strong><\/p>\n<p>T\u00fcrkiye\u2019de gen\u00e7 n\u00fcfusun sadece yakla\u015f\u0131k y\u00fczde 30\u2019unun i\u015f buldu\u011fu, gen\u00e7 kat\u0131l\u0131m ve istihdam oranlar\u0131n\u0131n AB ortalamalar\u0131n\u0131n olduk\u00e7a alt\u0131nda oldu\u011fu ve gen\u00e7lerin faal olmama oranlar\u0131n\u0131n \u201cendi\u015fe kayna\u011f\u0131\u201d olu\u015fturdu\u011fu bildiriliyor. D\u00fcnya Bankas\u0131 \u0130nsani Kalk\u0131nma Sekt\u00f6r\u00fcn\u00fcn haz\u0131rlad\u0131\u011f\u0131 \u201cT\u00fcrkiye\u2019nin Gelecek Nesillerine Yat\u0131r\u0131m Yapmak, Okuldan \u0130\u015fe Ge\u00e7i\u015f ve T\u00fcrkiye\u2019nin Kalk\u0131nmas\u0131\u201d konulu raporda, T\u00fcrkiye\u2019de gen\u00e7 n\u00fcfusun istihdam s\u00fcrecinde ya\u015fad\u0131\u011f\u0131 zorluklara ve \u00e7\u00f6z\u00fcm \u00f6nerilerine yer veriliyordu. T\u00fcrkiye\u2019nin bug\u00fcnk\u00fc b\u00fcy\u00fck gen\u00e7 n\u00fcfusunun sundu\u011fu potansiyel faydalardan yararlanabilmek i\u00e7in gen\u00e7lerine yat\u0131r\u0131m yapmak zorunda oldu\u011fu vurgulanan raporda, \u201cpotansiyel faydalar olduk\u00e7a b\u00fcy\u00fck olmakla birlikte, e\u011fer g\u00fcn\u00fcm\u00fczdeki b\u00fcy\u00fck gen\u00e7 n\u00fcfus grubu yar\u0131n\u0131n i\u015f g\u00fcc\u00fc piyasas\u0131nda ve toplumda yerini bulamazsa, riskler de olduk\u00e7a b\u00fcy\u00fck olacakt\u0131r. Bu demografik profilin potansiyel dezavantaj\u0131 da olduk\u00e7a riskli bulunmaktad\u0131r. E\u011fer T\u00fcrkiye\u2019nin gen\u00e7leri \u00e7al\u0131\u015fma d\u00fcnyas\u0131na iyi haz\u0131rlanmazsa ve i\u015f g\u00fcc\u00fc piyasas\u0131 da bu gen\u00e7ler i\u00e7in daha fazla i\u015f olu\u015fturmazsa, b\u00fcy\u00fck gen\u00e7 n\u00fcfus grubu sosyal ve ekonomik bask\u0131 ve gerilim kayna\u011f\u0131 halini alacakt\u0131r.\u201d deniliyordu. Gen\u00e7lerin rekabet ortam\u0131n\u0131n zorlu ve standartlar\u0131n y\u00fcksek oldu\u011fu a\u00e7\u0131k bir ekonomide yerlerini bulmalar\u0131n\u0131n \u00f6nemine i\u015faret edilen raporda, \u201cE\u011fer T\u00fcrkiye Avrupa\u2019daki ve OECD i\u00e7erisindeki daha y\u00fcksek gelirli \u00fclkelere yak\u0131nla\u015fma do\u011frultusunda yoluna devam etmek istiyorsa, ekonomik stratejisini d\u00fc\u015f\u00fck maliyetler \u00fczerine dayand\u0131ramaz\u201d \u015feklinde g\u00f6r\u00fc\u015f bildiriliyordu.<\/p>\n<p><strong>Gen\u00e7lerin y\u00fczde 40\u2019\u0131 ne okula gidiyor, ne \u00e7al\u0131\u015f\u0131yor<\/strong><\/p>\n<p><strong>T\u00fcrkiye\u2019nin 15 ve 24 ya\u015f aras\u0131 olarak tan\u0131mlanan gen\u00e7 n\u00fcfusunun sadece yakla\u015f\u0131k y\u00fczde 30\u2019unun istihdam edildi\u011fine dikkat \u00e7ekilen raporda, bu n\u00fcfus grubundaki i\u015fsizlik oran\u0131n\u0131n ulusal oran\u0131n iki kat\u0131ndan daha fazla oldu\u011fu kaydediliyordu. T\u00fcrkiye\u2019nin gen\u00e7 kat\u0131l\u0131m ve istihdam oranlar\u0131n\u0131n da AB ortalamalar\u0131n\u0131n olduk\u00e7a alt\u0131nda oldu\u011funa i\u015faret edilen raporda, gen\u00e7lerin faal olmama oranlar\u0131n\u0131n da \u201cendi\u015fe kayna\u011f\u0131\u201d oldu\u011fu ifade ediliyordu. Gen\u00e7lerin yakla\u015f\u0131k y\u00fczde 40\u2019\u0131n\u0131n \u201cne okula gitti\u011fi ne de \u00e7al\u0131\u015ft\u0131\u011f\u0131\u201d belirtilen raporda, \u00f6zellikle gen\u00e7 kad\u0131nlar\u0131n da olduk\u00e7a d\u00fc\u015f\u00fck bir istihdam oran\u0131na sahip oldu\u011fu belirtiliyordu. Ama AKP iktidar\u0131 ve \u0131l\u0131ml\u0131 \u0130slamc\u0131lar, T\u00fcrkiye\u2019nin kalk\u0131nd\u0131\u011f\u0131n\u0131 ve bir \u201cCennet Adas\u0131 halini ald\u0131\u011f\u0131n\u0131\u201d s\u00f6ylemekten s\u0131k\u0131lm\u0131yordu.<\/strong><\/p>\n<p><strong>Patlamaya haz\u0131r ba\u015f\u0131bo\u015f may\u0131nlar: Sokak \u00e7ocuklar\u0131 \u00fcrk\u00fct\u00fcyor!<\/strong><\/p>\n<p>Sosyal Hizmetler ve \u00c7ocuk Esirgeme Kurumu (SH\u00c7EK) Genel M\u00fcd\u00fcr\u00fc \u0130smail Bar\u0131\u015f&#8217;\u0131n &#8220;Sokakta Ya\u015fayan \u00c7ocuklar ve Aileleri-\u0130stanbul \u00d6rne\u011fi&#8221; konulu doktora tezi, &#8220;Sokakta ya\u015fayan \u00e7ocuklar kimsesizdir&#8221; imaj\u0131n\u0131n do\u011fru olmad\u0131\u011f\u0131n\u0131 ortaya koyuyor.<\/p>\n<p>\u0130stanbul \u00dcniversitesi&#8217;nce ge\u00e7en y\u0131l kabul edilen tez \u00e7al\u0131\u015fmas\u0131nda, \u0130stanbul sokaklar\u0131nda ya\u015fayan \u00e7ocuklarla ilgili ara\u015ft\u0131rma yapan \u0130smail Bar\u0131\u015f, farkl\u0131 \u00e7al\u0131\u015fmalarda 5 bine ula\u015ft\u0131\u011f\u0131 ifade edilen sokakta ya\u015fayan \u00e7ocuk say\u0131s\u0131n\u0131n, ara\u015ft\u0131rma d\u00f6nemini kapsayan 1-31 Mart 2007 tarihleri aras\u0131nda 135 oldu\u011funu belirledi. Bunlardan 114&#8217;\u00fcn\u00fcn ara\u015ft\u0131rmaya kat\u0131lmay\u0131 kabul etmesi sonucu bulgular, \u0130stanbul sokaklar\u0131nda ya\u015fayan t\u00fcm \u00e7ocuklar\u0131n profili ortaya koydu. Sokakta ya\u015fayan \u00e7ocuklar\u0131n, &#8220;18 ya\u015f\u0131n alt\u0131nda k\u0131sa-uzun s\u00fcredir sokak ortam\u0131nda ya\u015fayan, oradan oraya ba\u015f\u0131 bo\u015f may\u0131n gibi dola\u015fan, kendi arkada\u015f gruplar\u0131 aras\u0131nda ve sokakta ili\u015fkilerini s\u00fcrd\u00fcren, ana-baba, \u00f6\u011fretmen gibi kendilerinden sorumlu yeti\u015fkinlerle \u00e7ok az ili\u015fkisi olan veya hi\u00e7 ili\u015fki kurmayan&#8221; \u015feklinde tan\u0131mlanan tezde, \u015fu bulgular yer ald\u0131: &#8220;-Sokakta ya\u015fayan \u00e7ocuklar\u0131n ya\u015f gruplar\u0131 15-19 aras\u0131nda yo\u011funla\u015f\u0131yor ve g\u00fcn ge\u00e7tik\u00e7e ya\u015f grubu s\u0131n\u0131rlar\u0131 a\u015fa\u011f\u0131 ve yukar\u0131 olmak \u00fczere de\u011fi\u015fiyor.<\/p>\n<ul>\n<li>Ara\u015ft\u0131rmaya kat\u0131lan her 5 \u00e7ocuktan biri 9 ya\u015f\u0131ndan \u00f6nce, her 5 \u00e7ocuktan 2&#8217;si ise 11-12 ya\u015flar\u0131nda sokakta ya\u015famaya ba\u015fl\u0131yor.<\/li>\n<li>Sokakta ya\u015fayan \u00e7ocuklar\u0131n y\u00fczde 43.4&#8217;\u00fc okula gitmezken, y\u00fczde 71&#8217;i ilk\u00f6\u011fretimi terk etmi\u015f.<\/li>\n<li>\u00c7ocuklar ortalama 2-3 y\u0131l sokakta ya\u015f\u0131yor. Y\u00fczde 55.3&#8217;\u00fc bir y\u0131ldan az bir s\u00fcre sokakta kal\u0131yor.<\/li>\n<li>Sokakta ya\u015fayan \u00e7ocuklar, par\u00e7alanm\u0131\u015f da olsa aileleriyle ili\u015fkilerini s\u00fcrd\u00fcr\u00fcyor. \u00c7ocuklar\u0131n yar\u0131ya yak\u0131n\u0131 ailesiyle s\u0131kl\u0131kla g\u00f6r\u00fc\u015f\u00fcrken, sadece y\u00fczde 9.6&#8217;s\u0131 yak\u0131nlar\u0131yla hi\u00e7 g\u00f6r\u00fc\u015fm\u00fcyor. Tez \u00e7al\u0131\u015fmas\u0131, \u00e7ok yayg\u0131n olan &#8216;sokakta ya\u015fayan \u00e7ocuklar kimsesizdir&#8217; imaj\u0131n\u0131n do\u011fru olmad\u0131\u011f\u0131n\u0131 ortaya koyuyor.<\/li>\n<li>Yar\u0131s\u0131ndan fazlas\u0131 ekonomik yetersizlik, ihmal ve par\u00e7alanm\u0131\u015f aile gibi etkenler nedeniyle soka\u011fa itilen \u00e7ocuklar, arkada\u015f etkisi, aile i\u00e7i \u015fiddet, aile i\u00e7i problemler ve \u00fcvey ebeveynle \u00e7at\u0131\u015fma gibi nedenlerle de sokakta ya\u015famaya ba\u015fl\u0131yor.<\/li>\n<li>\u00c7ocuklar\u0131n y\u00fczde 33,3&#8217;\u00fc soka\u011fa \u00e7\u0131kmadan \u00f6nce ya \u00fcvey anne babayla ya da tek ebeveynle ya\u015f\u0131yor.<\/li>\n<li>Her 4 \u00e7ocuktan biri evde \u015fiddet g\u00f6rd\u00fc\u011f\u00fcn\u00fc ifade ederken, \u00e7ocuklara \u015fiddet uygulayan aile fertlerinin ba\u015f\u0131nda babalar geliyor.<\/li>\n<\/ul>\n<p><strong>Sokaktaki ya\u015fam toplum hayat\u0131n\u0131 tehdit ediyor!<\/strong><\/p>\n<p>Sokakta ya\u015fayan \u00e7ocuklar\u0131n y\u00fczde 33&#8217;\u00fcn\u00fcn ge\u00e7mi\u015fte sokakta \u00e7al\u0131\u015fma deneyimi oldu\u011fu tespit edilen tezde, &#8220;Sokakta ya\u015faman\u0131n bu \u00e7ocuklar i\u00e7in travmatik hayat\u0131n ne ba\u015flang\u0131c\u0131 ne sonu oldu\u011fu&#8221; belirtiliyor. \u00c7ocuklar\u0131n y\u00fczde 61&#8217;inin u\u00e7ucu madde ba\u011f\u0131ml\u0131s\u0131yken, bunlar\u0131n y\u00fczde 14&#8217;\u00fcn\u00fcn bir y\u0131ldan az, 18.4&#8217;\u00fcn\u00fcn 2 y\u0131l, 14.9&#8217;unun da 3 y\u0131ld\u0131r u\u00e7ucu madde kulland\u0131\u011f\u0131 tespit edilen tezde, \u00e7ocuklar\u0131n yar\u0131dan fazlas\u0131n\u0131n maddeyle sokakta tan\u0131\u015ft\u0131\u011f\u0131 da ula\u015f\u0131lan bulgular aras\u0131nda. Ara\u015ft\u0131rmaya kat\u0131lanlar\u0131n y\u00fczde 45&#8217;inin sokak ya\u015fam\u0131nda herhangi bir su\u00e7a bula\u015ft\u0131\u011f\u0131 belirlenen tez, bunlar\u0131n y\u00fczde 36.8&#8217;inin madde kulland\u0131\u011f\u0131, y\u00fczde 10.5&#8217;inin ise evde \u015fiddet g\u00f6rd\u00fc\u011f\u00fc i\u00e7in su\u00e7 i\u015fledi\u011fini, \u00e7ocuklar\u0131n daha \u00e7ok h\u0131rs\u0131zl\u0131k, yaralama ve gasp su\u00e7lar\u0131na kar\u0131\u015ft\u0131\u011f\u0131n\u0131 ortaya koyuyor.<\/p>\n<p><strong>Y\u00fczde 61&#8217;inin ailesi a\u00e7l\u0131k s\u0131n\u0131r\u0131n alt\u0131nda bulunuyor<\/strong><\/p>\n<p>Sokakta ya\u015fayan \u00e7ocuklar\u0131n ailelerine ili\u015fkin bulgular\u0131n da yer ald\u0131\u011f\u0131 tezde, ailelerin y\u00fczde 57&#8217;sinin g\u00f6\u00e7le \u0130stanbul&#8217;a geldikleri belirlendi. Bunlar\u0131n y\u00fczde 39&#8217;unun G\u00fcneydo\u011fu, y\u00fczde 24&#8217;\u00fcn\u00fcn Do\u011fu Anadolu, y\u00fczde 11&#8217;inin de Karadeniz b\u00f6lgesindeki illerden \u0130stanbul&#8217;a g\u00f6\u00e7 ettikleri tespit edildi. Ailelere ili\u015fkin tezde yer alan di\u011fer bulgular ise \u015f\u00f6yle:<\/p>\n<ul>\n<li>\u00c7ocuklar\u0131n annelerinin y\u00fczde 59.6&#8217;s\u0131, babalar\u0131n\u0131n ise y\u00fczde 35&#8217;i okuryazar de\u011fil.<\/li>\n<li>Annelerin tamam\u0131na yak\u0131n\u0131 ev han\u0131m\u0131, babalar\u0131n y\u00fczde 27&#8217;si ise i\u015fsiz.<\/li>\n<li>Ailelerin y\u00fczde 61&#8217;i a\u00e7l\u0131k s\u0131n\u0131r\u0131n\u0131n alt\u0131nda bir gelirle ge\u00e7inmeye \u00e7al\u0131\u015f\u0131rken, y\u00fczde 49&#8217;unun sosyal g\u00fcvencesi bulunmuyor.<\/li>\n<li>Sokakta ya\u015fayan \u00e7ocuklar\u0131n ailelerinin y\u00fczde 74&#8217;\u00fc Avrupa yakas\u0131nda ya\u015farken, y\u00fczde 69&#8217;u kirada oturuyor.<\/li>\n<li>\u00c7ocuklar\u0131n yar\u0131ya yak\u0131n\u0131 par\u00e7alanm\u0131\u015f ailelere sahipken, annelerin y\u00fczde 27&#8217;si babalar\u0131n ise y\u00fczde 39&#8217;u ba\u015fka biriyle evli ya da birlikte ya\u015f\u0131yor.<\/li>\n<li>Ailelerin 3&#8217;te 2&#8217;si 5-9 ki\u015fiden olu\u015fuyor.&#8221;<\/li>\n<\/ul>\n<p>Tezde, \u0130stanbul gibi metropol bir kentin varo\u015flar\u0131nda ya\u015fayan, \u00f6zellikle g\u00f6\u00e7 yoluyla gelen ailelerin \u00e7ocuklar\u0131n\u0131n risk alt\u0131nda oldu\u011fu vurgulanarak, sosyo-ekonomik d\u00fczeyin d\u00fc\u015f\u00fck oldu\u011fu ve \u00e7arp\u0131k kentle\u015fmenin yo\u011fun ya\u015fand\u0131\u011f\u0131 \u0130stanbul&#8217;un gecekondu b\u00f6lgelerinin &#8220;adeta sokakta ya\u015fayan \u00e7ocuklar sorununun \u00fcretildi\u011fi merkezler&#8221; durumuna geldi\u011fini ifade edildi.<\/p>\n<p><strong>&#8220;Toplum d\u0131\u015f\u0131na itiliyorlar&#8221;<\/strong><\/p>\n<p>Sokakta ya\u015fayan \u00e7ocuklar\u0131n toplum taraf\u0131ndan olumsuz alg\u0131land\u0131\u011f\u0131 kaydedilen tezde, &#8220;Su\u00e7lu&#8221;, &#8220;Tinerci&#8221;, &#8220;Yankesici&#8221; ve &#8220;\u00d6teki&#8221; \u015feklinde tan\u0131mlanan \u00e7ocuklar\u0131n toplumun d\u0131\u015f\u0131na itildi\u011fini belirtildi. Medyan\u0131n, toplumda sokakta ya\u015fayan \u00e7ocuklara kar\u015f\u0131 \u00f6n yarg\u0131 olu\u015fmas\u0131na neden oldu\u011fu savunulan tezde, &#8220;Bu \u00e7ocuklar medyada \u00e7o\u011fu kez birer su\u00e7lu, toplumsal ur, kurtulunmas\u0131 gereken kitleler olarak temsil edilmektedir. Kamuoyu olu\u015fturma konusundaki g\u00fcc\u00fcne dayanarak bu sorunun \u00e7\u00f6z\u00fclmesinde medyan\u0131n konumunu ve tavr\u0131n\u0131 g\u00f6zden ge\u00e7irmesi gerekmektedir&#8221; denildi. Tezde, sokakta ya\u015fayan \u00e7ocuklar\u0131n say\u0131s\u0131n\u0131n ve ailelerinin sosyolojik kriterleri g\u00f6z \u00f6n\u00fcnde bulundurularak h\u00fck\u00fcmet programlar\u0131 olu\u015fturulmas\u0131 gerekti\u011finin de alt\u0131 \u00e7izildi.<\/p>\n<p><strong>Yoksul kesime d\u00f6n\u00fck neler yap\u0131lmas\u0131 \u00f6neriliyor?<\/strong><\/p>\n<p>Raporda, yoksul kesimin sosyal transferlerden daha fazla ve etkin bir \u015fekilde kullanabilmesi i\u00e7in \u015fu \u00f6nerilerde bulunulmu\u015ftu:<\/p>\n<ul>\n<li>K\u0131s\u0131tl\u0131 mali imk\u00e2nlar g\u00f6z \u00f6n\u00fcne al\u0131narak, yoksullu\u011fu azaltmay\u0131 hedefleyen transferleri alan kesimdeki yoksul olmayanlar\u0131n, bu transferlerini almalar\u0131n\u0131 engellemek i\u00e7in ki\u015filerin gelir ve harcamalar\u0131n\u0131n tespiti konusuna a\u011f\u0131rl\u0131k verilmeli ve bu alandaki denetim g\u00fc\u00e7lendirilmeli,<\/li>\n<li>\u00d6zellikle ayni (parasal) sosyal yard\u0131mlar\u0131n hedef kitlesine \u00e7ok dikkat edilmeli,<\/li>\n<li>Yoksul olmayan kesime verilen transferlerin hi\u00e7 transfer alamayan yoksul kesime aktar\u0131lmas\u0131 suretiyle adil denge g\u00f6zetilmeli,<\/li>\n<li>K\u0131sa vadede yoksullu\u011fa daha fazla m\u00fcdahale edebilmek i\u00e7in ye\u015fil kart sahibi, ayni ve nakdi yard\u0131m alan yoksul kesimlere y\u00f6nelik yoksullu\u011fu azalt\u0131c\u0131 uygulamalar ger\u00e7ekle\u015ftirilmeli,<\/li>\n<li>Transferler yoksul ki\u015finin gelirini yoksulluk s\u0131n\u0131r\u0131na getirinceye kadar verilmelidir. Bunun i\u00e7in muhta\u00e7l\u0131k \u00f6l\u00e7\u00fct\u00fc ve ki\u015finin ya\u015fam d\u00fczeyi belirlenmeli ve aradaki fark transfer olarak \u00f6denmeli,<\/li>\n<li>Yap\u0131lan transferlerde bireyin kendi gelirinin yan\u0131 s\u0131ra, ya\u015fad\u0131\u011f\u0131 hanenin toplam geliri ve hane halk\u0131n\u0131n kompozisyonu da dikkatle incelenmeli,<\/li>\n<li>Sosyal yard\u0131m yararlan\u0131c\u0131lar\u0131n\u0131n belirlenmesinde belirli muhta\u00e7l\u0131k \u00f6l\u00e7\u00fctleri getirilmeli, m\u00fckerrer yard\u0131mlar\u0131 \u00f6nleyerek, bu alana ayr\u0131lan kaynaklar\u0131n daha etkili kullan\u0131lmas\u0131n\u0131 sa\u011flamak amac\u0131yla sosyal yard\u0131mlardan yararlananlarla ilgili ulusal \u00f6l\u00e7ekte bir veri taban\u0131 geli\u015ftirilmeli ve izleme de\u011ferlendirme sistemi i\u015fletilmelidir.<\/li>\n<\/ul>\n<p><strong>Sosyal depresyon ya\u015fan\u0131yor!<\/strong><\/p>\n<p>AKP H\u00fck\u00fcmeti&#8217;nin icraat diye topluma sundu\u011fu hizmetlerin(!) toplumsal depresyonu tetikledi\u011fine dikkat \u00e7eken uzmanlar\u00a0 &#8220;Bu kriz AKP H\u00fck\u00fcmeti&#8217;nin sonu olacakt\u0131r&#8230;&#8221; diyerek kar\u015f\u0131 kar\u015f\u0131ya oldu\u011fumuz felaketin boyutlar\u0131na dikkat \u00e7ekiyor.<\/p>\n<p>D\u00fcnyan\u0131n unutmad\u0131\u011f\u0131 1929 Ekim&#8217;inde ba\u015flayan ekonomik krize, a\u011f\u0131r bir sosyal \u00e7\u00f6k\u00fcnt\u00fc yaratmas\u0131 nedeniyle &#8216;B\u00fcy\u00fck D\u00fcnya Buhran\u0131 &#8216;veya &#8216;B\u00fcy\u00fck Depresyon &#8216; deniliyor. Bu b\u00fcy\u00fck buhranda intiharlar artm\u0131\u015f&#8230; fakirlik artm\u0131\u015f&#8230; Bir\u00e7ok insan i\u015fini kaybetmi\u015fti.<\/p>\n<p>H\u00fck\u00fcmetin bir kriz program\u0131 yapm\u0131yor olmas\u0131, herkesin kendi ba\u015f\u0131n\u0131n \u00e7aresine bakmas\u0131na neden oldu&#8230; Sosyal anar\u015fi olu\u015ftu&#8230; Kimse borcunu vermek istemiyor&#8230; Bankalar kredi vermiyor&#8230;<\/p>\n<p>Sosyal olaylar da artt\u0131&#8230; \u0130ntihar edenlerin say\u0131s\u0131nda art\u0131\u015f var.. Bo\u015fanmalar art\u0131yor&#8230;\u00a0 Su\u00e7luluk oran\u0131 art\u0131yor&#8230; Anar\u015fi ve ter\u00f6r t\u0131rmand\u0131&#8230;<\/p>\n<p>\u00d6te yandan siyasi dejenerasyonda artt\u0131&#8230; Cumhuriyet d\u00f6neminde bakanl\u0131k erkinin istismar\u0131 tart\u0131\u015fmalar\u0131 bu denli fazla olmam\u0131\u015ft\u0131&#8230; Ba\u015fbakan ve bakan \u00e7ocuklar\u0131n\u0131n ticari faaliyetleri bu kadar tenkit edilmemi\u015fti ve bu kadar kamuoyu taraf\u0131ndan tart\u0131\u015fmaya a\u00e7\u0131lmam\u0131\u015ft\u0131.<\/p>\n<p>Son 4-5 y\u0131lda kamu ihale kanununda 17 defa yap\u0131lan de\u011fi\u015fiklik ve bir\u00e7ok kamu ihalesinin ihale kanunu d\u0131\u015f\u0131nda tutulmas\u0131 da, bug\u00fcnk\u00fc sosyal dejenerasyonu h\u0131zland\u0131rd\u0131&#8230;<\/p>\n<p>AKP iktidar\u0131n\u0131n, ciddi bir kalk\u0131nma projesi olmad\u0131&#8230; Bu durum hem ekonominin ve \u00fcretimin d\u0131\u015fa, ithalata ba\u011f\u0131ml\u0131 olmas\u0131na neden oldu&#8230; Hem de b\u00f6lgesel geli\u015fme farklar\u0131n\u0131 art\u0131rd\u0131&#8230; Do\u011fu ve G\u00fcneydo\u011fu Anadolu, daha fakir kald\u0131.<\/p>\n<p>\u00d6rne\u011fin, 2008 y\u0131l\u0131nda te\u015fvike ba\u011flanan yat\u0131r\u0131mlar\u0131n toplam te\u015fvikli yat\u0131r\u0131mlara oran\u0131, Do\u011fu Anadolu&#8217;da y\u00fczde 4.6 ve G\u00fcneydo\u011fu&#8217;da ise y\u00fczde 5.7 oldu.<\/p>\n<p>AKP iktidar\u0131, yat\u0131r\u0131m yapt\u0131r\u0131p, istihdam yaratmay\u0131nca, ter\u00f6r\u00fc \u00f6nlemek imk\u00e2n\u0131 olmuyor&#8230; AKP halk\u0131 \u00f6nce i\u015fsiz ve fakir b\u0131rak\u0131p kendine muhta\u00e7 ediyor.. Sonra suyu olmayan k\u00f6ye \u00e7ama\u015f\u0131r makinesi da\u011f\u0131t\u0131yor&#8230; \u0130\u00e7ine g\u0131da koymak i\u00e7in paras\u0131 olmayan k\u00f6yl\u00fcye buzdolab\u0131 da\u011f\u0131t\u0131yor&#8230; \u0130\u015fi olmayana, geliri olmayana, g\u0131da alacak paras\u0131 olmayana buzdolab\u0131 da\u011f\u0131tmak&#8230; Giysisi olmayana \u00e7ama\u015f\u0131r makinesi da\u011f\u0131tmak&#8230; Bu, toplumla alay etmektir.. Bu \u015fartlarda toplumsal depresyon art\u0131yor.<\/p>\n<p>Bu kriz AKP h\u00fck\u00fcmetinin sonu olacakt\u0131r&#8230; \u00c7\u00fcnk\u00fc bug\u00fcne kadar, ekonomik buhran ya\u015fam\u0131\u015f \u00fclkelerde, iktidarda kalan h\u00fck\u00fcmet g\u00f6r\u00fclmemi\u015ftir.<\/p>\n<p><strong>AKP, bir rekor daha k\u0131r\u0131yor!<\/strong><\/p>\n<p>T\u00fcrkiye&#8217;nin karar vericileri bir numaral\u0131 sorunumuz olan ekonomik durgunlukla ilgili ortak bir platformda bulu\u015fam\u0131yor. Oysa \u00fcretim yava\u015fl\u0131yor.<\/p>\n<p>\u0130stihdamdaki daralma k\u0131s\u0131r d\u00f6ng\u00fcye d\u00f6n\u00fc\u015f\u00fcyor. \u0130\u015fsizlik kas\u0131p kavuruyor. T\u00fcrkiye \u0130statistik Kurumu (T\u00dc\u0130K) a\u00e7\u0131klad\u0131. \u0130\u015fsiz say\u0131m\u0131z 2008&#8217;in son \u00e7eyre\u011finde 2 milyon 995 bin ki\u015fiye \u00e7\u0131kt\u0131. Hat\u0131rlatal\u0131m. 2004 y\u0131l\u0131n\u0131n ilk \u00e7eyre\u011finde 2 milyon 830 bin i\u015fsiz olunca k\u0131yamet kopmu\u015ftu. Bu kez T\u00fcrkiye tarihinin i\u015fsizlik rekorunu k\u0131rd\u0131k. Ekim-Kas\u0131m-Aral\u0131k ay\u0131 verilerine g\u00f6re i\u015fsizlik konusunda bir numaral\u0131 g\u00f6sterge olan &#8220;Tar\u0131m D\u0131\u015f\u0131 \u0130stihdam&#8221; y\u00fczde 12.6&#8217;dan y\u00fczde 15.4&#8217;e ula\u015ft\u0131. 3 puanl\u0131k bir art\u0131\u015f var. Tar\u0131m d\u0131\u015f\u0131 istihdamda 165 bin ki\u015fiye i\u015f yarat\u0131lm\u0131\u015f. Bu say\u0131 T\u00fcrkiye&#8217;ye yeter mi?\u00a0 T\u00fcrkiye gen\u00e7 bir n\u00fcfusa sahip.\u00a0 Gen\u00e7ler aras\u0131ndaki i\u015fsizlik oran\u0131 4 puan artarak y\u00fczde 20&#8217;den y\u00fczde 25.1&#8217;e \u00e7\u0131kt\u0131. \u0130\u015fg\u00fcc\u00fc piyasas\u0131na yeni girenlerin i\u015f bulma \u015fans\u0131 zor. Bu tablo sosyal hayat\u0131m\u0131z\u0131 tehdit ediyor. T\u00fcrkiye, su\u00e7 toplumuna d\u00f6n\u00fc\u015fme tehdidi alt\u0131nda!\u00a0 2001 krizine bak\u0131n yeter!\u00a0 2001&#8217;de ilk defa lise mezunu olan, su\u00e7 i\u015fleyen, kapka\u00e7 yapan yepyeni bir su\u00e7 profili ile tan\u0131\u015fm\u0131\u015ft\u0131k. 2009 krizinde ise fabrika \u0131rk\u00e7\u0131l\u0131\u011f\u0131 k\u00fcresel ticareti tehdit ediyor. Gen\u00e7leri i\u015f ve meslek sahibi yapacak projeler geli\u015ftirmek i\u00e7in TOBB-T\u00dcS\u0130AD i\u015fbirli\u011fi yapmal\u0131, siyaset\u00e7iye paket sunmal\u0131. Kaybedecek vakit yok.<a href=\"#_ftn1\">[1]<\/a><\/p>\n<p><strong>R. Nuri Erol\u2019un dedi\u011fi gibi: \u00dcm\u00fck\/bo\u011faz s\u0131kma edebiyat\u0131 ve bo\u015f laflar kar\u0131n doyurmuyor <\/strong><\/p>\n<p>Recep Bey\u2019in \u201cIMF\u2019ye boyun e\u011fip, yar\u0131n\u0131m\u0131z\u0131 karartmay\u0131z!\u2019 \u0130fadeye bakar m\u0131s\u0131n\u0131z? Demek ki 6 y\u0131ld\u0131r IMF ile ge\u00e7en g\u00fcnleri karartm\u0131\u015f\u0131z, ama bundan sonra karartmayacakm\u0131\u015f\u0131z! \u00dclkesini \u2018bo\u011faz\u0131na kadar borca bat\u0131ran\u2019 bir ba\u015fbakan, \u2018\u00fcm\u00fc\u011f\u00fcm\u00fcz\u00fcn\/ bo\u011faz\u0131m\u0131z\u0131n s\u0131k\u0131lmas\u0131na f\u0131rsat vermeyiz\u2019 diyor! B\u00f6yle diyene \u015funlar sorulmal\u0131d\u0131r:<\/p>\n<ul>\n<li>2002\u2019den beri ekonominin direksiyonu kimdeydi; sizde mi, yoksa IMF\u2019de mi? 6 y\u0131ld\u0131r \u00fcm\u00fc\u011f\u00fcm\u00fcz s\u0131k\u0131lmad\u0131 m\u0131, yar\u0131nlar\u0131m\u0131z karart\u0131lmad\u0131 m\u0131? <\/li>\n<li>IMF ile imzalanan anla\u015fmalar gere\u011fi T\u00fcrkiye\u2019nin tar\u0131m\u0131, sanayisi, fabrikalar\u0131, K\u0130T\u2019leri, KOB\u0130\u2019leri, \u00fcretim g\u00fcc\u00fc ve daha nice ekonomik de\u011ferleri tasfiye edilip ya\u011fmalanmad\u0131 m\u0131? <\/li>\n<li>\u0130\u00e7 ve d\u0131\u015f bor\u00e7lar\u0131n kendileri de\u011fil, sadece faizleri \u00f6densin diye bu \u00fclkenin k\u0131t kaynaklar\u0131 ve Cumhuriyet\u2019in 85 y\u0131ll\u0131k kazan\u0131mlar\u0131 Siyonist s\u00f6m\u00fcr\u00fc sermayedarlar\u0131na ve uluslararas\u0131 tefecilere \u2018\u00f6zelle\u015ftirme\u2019 ad\u0131 alt\u0131nda pe\u015fke\u015f \u00e7ekilip sat\u0131lmad\u0131 m\u0131? <\/li>\n<li>Bu milletin di\u015finden t\u0131rna\u011f\u0131ndan art\u0131rd\u0131\u011f\u0131 paralarla \u00f6dedi\u011fi vergiler nereye gidiyor? Bu kan emici faizcilere her hafta ortalama bir milyar dolar FA\u0130Z aktar\u0131ld\u0131 m\u0131? <\/li>\n<\/ul>\n<p>Biz ancak bu sorular\u0131n cevab\u0131 al\u0131nd\u0131ktan sonra, IMF\u2019ye horozlananlar\u0131n s\u00f6ylediklerini dinler ve itibar ederiz. Aksi halde s\u00f6ylenenler siyaseten s\u00f6ylenmi\u015f \u2018kof laflar\u2019 olmaktan \u00f6teye ge\u00e7mez. Malum, \u2018lafla peynir\/devlet gemisi y\u00fcr\u00fcmez\u2019&#8230;<\/p>\n<p>Hat\u0131rlatmakta yarar var, yoksa tarih yeniden tekerr\u00fcr eder.<\/p>\n<p>Kas\u0131m 2000\u2019den itibaren ya\u015fad\u0131\u011f\u0131m\u0131z krizi hat\u0131rlayal\u0131m. T\u00fcrkiye o zaman IMF\u2019nin haz\u0131rlay\u0131p dayatt\u0131\u011f\u0131 bir s\u00f6zde istikrar program\u0131n\u0131 uygularken krize s\u00fcr\u00fcklenmi\u015fti. Hatta AKP de 2002\u2019de i\u015fte o kriz sayesinde iktidara geldi ve 6 y\u0131l boyunca IMF ile kucak kuca\u011fa s\u00fcrd\u00fcrd\u00fckleri ekonomi politikalar\u0131 sayesinde \u00fclke ekonomisini i\u00e7inde ya\u015famakta oldu\u011fumuz bu fakirlik, i\u015fsizlik, a\u00e7l\u0131k, yokluk, yolsuzluk g\u00fcnlerine getirdi. Bu durumda kim kime efeleniyor?!. 2002\u2019de \u2018kan\u0131m\u0131z\u0131 emen IMF\u2019ye esir olduk\u2019 diyerek iktidar olanlar, Kas\u0131m 2008\u2019e geldik, \u2018\u00fcm\u00fc\u011f\u00fcm\u00fcz\u00fc\/ bo\u011faz\u0131m\u0131z\u0131 s\u0131kmazlarsa anla\u015fma olabilir\u2019 demeye getiriyor.<\/p>\n<p>T\u00fcrkiye \u00e7ok ciddi d\u0131\u015f ve kamu finansman a\u00e7\u0131klar\u0131 olan bir \u00fclkedir. Bu \u00fclkeyi ge\u00e7mi\u015fte merkez partileri, son 6 y\u0131lda da AKP bu h\u00e2le d\u00fc\u015f\u00fcrmedi mi? 6 y\u0131ld\u0131r T\u00fcrkiye\u2019nin ekonomi kamburlar\u0131ndan hangisi d\u00fczeldi veya hi\u00e7 olmazsa d\u00fczelme yoluna girdi; hangisi, hangisi?<\/p>\n<ul>\n<li>D\u0131\u015f ve i\u00e7 bor\u00e7lar m\u0131? <\/li>\n<li>Cari a\u00e7\u0131k, b\u00fct\u00e7e a\u00e7\u0131klar\u0131 m\u0131? <\/li>\n<li>\u0130\u015fsizlik, yoksulluk, ya da a\u00e7l\u0131k m\u0131? <\/li>\n<li>Giderek a\u00e7\u0131lan ithalat-ihracat makas\u0131 m\u0131? <\/li>\n<li>Veya bunlara benzer daha niceleri; hangisi, hangisi? Laf etmek kolay ama; <\/li>\n<li>Lafla peynir\/devlet gemisi y\u00fcr\u00fcm\u00fcyor. <\/li>\n<li>Lafla, ya da bor\u00e7la \u00fclke ekonomisi iflasa s\u00fcr\u00fckleniyor. <\/li>\n<li>Lafla, bundan sonra se\u00e7meni aldatma politikalar\u0131 da halk\u0131 aldatmaya yetmiyor. <\/li>\n<li>Lafla, cambazl\u0131kla \u015fimdiye kadar y\u00fcr\u00fct\u00fclen siyaset, bundan sonra para etmiyor. <\/li>\n<\/ul>\n<p>\u201c\u00dcm\u00fck\u201d halk a\u011fz\u0131yla \u201cbo\u011faz\u201d demektir. Bir halk deyimi de benden. \u201cBo\u011faz\u0131na kadar borca batmak\u201d da halk deyimidir. \u00dclkeyi bo\u011faz\u0131na kadar borca bat\u0131ran bir ba\u015fbakan, \u015fimdi \u2018\u00fcm\u00fc\u011f\u00fcm\u00fcz\u00fcn\/ bo\u011faz\u0131m\u0131z\u0131n s\u0131k\u0131lmas\u0131na f\u0131rsat vermeyiz\u2019 diyorsa, bu bir laf ebeli\u011fidir.<\/p>\n<p>Recep Beyefendinin bu durumda bir \u015feyler s\u00f6ylemesi, siyaseten \u2018laf\u2019 etmesi gerekiyorsa; bu durumda biz de bir halk deyimini hat\u0131rlatal\u0131m: \u201cLaf olsun, torba dolsun.\u201d<\/p>\n<p>\u00a0<\/p>\n<p>\u00a0<\/p>\n<p>\u00a0<\/p>\n<p> <br clear=\"all\" \/>  <\/p>\n<hr \/>\n<p><a href=\"#_ftnref1\">[1]<\/a> Meliha Okur \/ Sabah<\/p>\n","protected":false},"excerpt":{"rendered":"<p>\u00a0 Art\u0131k T\u00fcrkiye, sosyal transferlere Avrupa Birli\u011fi\u2019ne \u00fcye \u00fclkelerinin ancak yar\u0131s\u0131 kadar kaynak aktarabiliyordu. Yoksulluk a\u00e7\u0131\u011f\u0131n\u0131 kapatmak i\u00e7in kullan\u0131lan transferler ise, toplam sosyal yard\u0131mlar\u0131n sadece y\u00fczde 20\u2019si civar\u0131nda bulunuyordu. DPT uzman\u0131 S\u0131rma Demir \u015eeker\u2019in haz\u0131rlad\u0131\u011f\u0131 \u201cT\u00fcrkiye\u2019deki Sosyal Transferlerin Yoksulluk \u00dczerinde Etkileri\u201d konulu rapora g\u00f6re, transferler artmakla birlikte ula\u015ft\u0131\u011f\u0131, kesimdeki yoksul oran\u0131 azalt\u0131l\u0131rken, T\u00fcrkiye\u2019de beklenilenin aksine [&hellip;]<\/p>\n","protected":false},"author":54,"featured_media":0,"comment_status":"open","ping_status":"closed","sticky":false,"template":"","format":"standard","meta":{"footnotes":""},"categories":[100],"tags":[],"class_list":["post-1633","post","type-post","status-publish","format-standard","hentry","category-eylul-2009"],"_links":{"self":[{"href":"https:\/\/www.millicozum.com\/mc\/wp-json\/wp\/v2\/posts\/1633","targetHints":{"allow":["GET"]}}],"collection":[{"href":"https:\/\/www.millicozum.com\/mc\/wp-json\/wp\/v2\/posts"}],"about":[{"href":"https:\/\/www.millicozum.com\/mc\/wp-json\/wp\/v2\/types\/post"}],"author":[{"embeddable":true,"href":"https:\/\/www.millicozum.com\/mc\/wp-json\/wp\/v2\/users\/54"}],"replies":[{"embeddable":true,"href":"https:\/\/www.millicozum.com\/mc\/wp-json\/wp\/v2\/comments?post=1633"}],"version-history":[{"count":0,"href":"https:\/\/www.millicozum.com\/mc\/wp-json\/wp\/v2\/posts\/1633\/revisions"}],"wp:attachment":[{"href":"https:\/\/www.millicozum.com\/mc\/wp-json\/wp\/v2\/media?parent=1633"}],"wp:term":[{"taxonomy":"category","embeddable":true,"href":"https:\/\/www.millicozum.com\/mc\/wp-json\/wp\/v2\/categories?post=1633"},{"taxonomy":"post_tag","embeddable":true,"href":"https:\/\/www.millicozum.com\/mc\/wp-json\/wp\/v2\/tags?post=1633"}],"curies":[{"name":"wp","href":"https:\/\/api.w.org\/{rel}","templated":true}]}}