{"id":1634,"date":"2009-08-21T17:59:00","date_gmt":"2009-08-21T17:59:00","guid":{"rendered":"https:\/\/www.millicozum.com\/mc\/2009\/08\/21\/haktan-sapan-seytana-tapar\/"},"modified":"2009-08-21T17:59:00","modified_gmt":"2009-08-21T17:59:00","slug":"haktan-sapan-seytana-tapar","status":"publish","type":"post","link":"https:\/\/www.millicozum.com\/mc\/2009\/eylul-2009\/haktan-sapan-seytana-tapar\/","title":{"rendered":"HAK\u2019TAN SAPAN, \u015eEYTANA TAPAR!"},"content":{"rendered":"<p>\u201c\u015eeytanl\u0131kt\u0131r; haks\u0131zl\u0131k, g\u00f6r\u00fcp de susmak\u201d<\/p>\n<p>Zulme arka \u00e7\u0131kan\u0131, kovan da Hakt\u0131r!<\/p>\n<p>Papa\u2019ya h\u00fcrmet, bize; zehrini kusmak<\/p>\n<p>\u0130steyen mayas\u0131za, s\u00f6ven de Hakt\u0131r!<\/p>\n<p>\u00a0<\/p>\n<p>Kur\u2019an\u2019dan \u00f6\u011frenilir, en b\u00fcy\u00fck edep<\/p>\n<p>Haini tarif eder; \u201ckitap y\u00fck\u00fc merkep!\u201d<\/p>\n<p>CIA, MOSSAD destekli, a\u00e7arm\u0131\u015f mektep<\/p>\n<p>Ah inansak; s\u00fcren de, seven de Hakt\u0131r!<\/p>\n<p>\u00a0<\/p>\n<p>\u0130man: tevhit, teslimdir; tevekk\u00fcl gerek<\/p>\n<p>\u015eeref kalmaz, k\u00e2fire; boyun b\u00fckerek<\/p>\n<p>\u00c7\u00fcn, izni olmad\u0131k\u00e7a; sokmaz engerek<\/p>\n<p>Bizi \u00f6d\u00fcllendiren; d\u00f6ven de Hakt\u0131r!<\/p>\n<p>\u00a0<\/p>\n<p>Askerdir; devlet, namus, vatan bek\u00e7isi<\/p>\n<p>Ey ABD, AB\u2019nin; kof tetik\u00e7isi<\/p>\n<p>Kaplana kafa tutan, siyon ke\u00e7isi<\/p>\n<p>Sizi rezil, peri\u015fan; koyan da Hakt\u0131r!<\/p>\n<p>\u00a0<\/p>\n<p>Riya, halka tapmakt\u0131r; Hal\u0131k bahane<\/p>\n<p>Yahudi sayesinde, \u015f\u00f6hret \u015fahane<\/p>\n<p>En y\u00fcksek u\u015fakl\u0131\u011fa, erdin daha ne<\/p>\n<p>Dava sad\u0131klar\u0131n\u0131, \u00f6ven de Hakt\u0131r!<\/p>\n<p>\u00a0<\/p>\n<p>Al\u0131nma s\u00f6zlerime, yaran yok ise<\/p>\n<p>Ra\u011fbet hizmet g\u00f6r\u00fcrs\u00fcn, paran \u00e7ok ise<\/p>\n<p>Meziyet mi san\u0131rs\u0131n, saran tok ise<\/p>\n<p>Bil, a\u00e7lar\u0131n s\u0131rt\u0131n\u0131; ovan da Hakt\u0131r!<\/p>\n<p>\u00a0<\/p>\n<p>\u00d6l\u00e7\u00fcl\u00fcr ayar\u0131m\u0131z, saf ve sabr\u0131m\u0131z<\/p>\n<p>\u0130mtihan bitse can\u0131, al\u0131r Rabb\u0131m\u0131z<\/p>\n<p>K\u00e2r\u0131 zarar\u0131 bize, kal\u0131r tavr\u0131m\u0131z<\/p>\n<p>Ki, davan hay\u0131r ise; duan da Hakt\u0131r!<\/p>\n<p>\u00a0<\/p>\n<p>Herkes etti\u011fin bulur, cefas\u0131 kordur<\/p>\n<p>\u0130la\u00e7lar ac\u0131 olur, \u015fifas\u0131 zordur<\/p>\n<p>Vicdan\u0131n rahat ise, sefas\u0131 boldur<\/p>\n<p>Nasip kader; ya\u011f bal da, yavan da Hakt\u0131r!<\/p>\n<p>\u00a0<\/p>\n<p>G\u00f6n\u00fcl, Haktan gayr\u0131y\u0131, akl\u0131ndan \u00e7\u0131kar<\/p>\n<p>B\u00fct\u00fcn hayal d\u00fcnyan\u0131, yak\u0131nda y\u0131kar<\/p>\n<p>\u0130srail\u2019i k\u0131namaz, o biraz s\u0131kar<\/p>\n<p>Oysaki her belay\u0131, savan da Hakt\u0131r!<\/p>\n<p>\u00a0<\/p>\n","protected":false},"excerpt":{"rendered":"<p>\u201c\u015eeytanl\u0131kt\u0131r; haks\u0131zl\u0131k, g\u00f6r\u00fcp de susmak\u201d Zulme arka \u00e7\u0131kan\u0131, kovan da Hakt\u0131r! Papa\u2019ya h\u00fcrmet, bize; zehrini kusmak \u0130steyen mayas\u0131za, s\u00f6ven de Hakt\u0131r! \u00a0 Kur\u2019an\u2019dan \u00f6\u011frenilir, en b\u00fcy\u00fck edep Haini tarif eder; \u201ckitap y\u00fck\u00fc merkep!\u201d CIA, MOSSAD destekli, a\u00e7arm\u0131\u015f mektep Ah inansak; s\u00fcren de, seven de Hakt\u0131r! \u00a0 \u0130man: tevhit, teslimdir; tevekk\u00fcl gerek \u015eeref kalmaz, k\u00e2fire; boyun [&hellip;]<\/p>\n","protected":false},"author":98,"featured_media":0,"comment_status":"open","ping_status":"closed","sticky":false,"template":"","format":"standard","meta":{"footnotes":""},"categories":[100],"tags":[],"class_list":["post-1634","post","type-post","status-publish","format-standard","hentry","category-eylul-2009"],"_links":{"self":[{"href":"https:\/\/www.millicozum.com\/mc\/wp-json\/wp\/v2\/posts\/1634","targetHints":{"allow":["GET"]}}],"collection":[{"href":"https:\/\/www.millicozum.com\/mc\/wp-json\/wp\/v2\/posts"}],"about":[{"href":"https:\/\/www.millicozum.com\/mc\/wp-json\/wp\/v2\/types\/post"}],"author":[{"embeddable":true,"href":"https:\/\/www.millicozum.com\/mc\/wp-json\/wp\/v2\/users\/98"}],"replies":[{"embeddable":true,"href":"https:\/\/www.millicozum.com\/mc\/wp-json\/wp\/v2\/comments?post=1634"}],"version-history":[{"count":0,"href":"https:\/\/www.millicozum.com\/mc\/wp-json\/wp\/v2\/posts\/1634\/revisions"}],"wp:attachment":[{"href":"https:\/\/www.millicozum.com\/mc\/wp-json\/wp\/v2\/media?parent=1634"}],"wp:term":[{"taxonomy":"category","embeddable":true,"href":"https:\/\/www.millicozum.com\/mc\/wp-json\/wp\/v2\/categories?post=1634"},{"taxonomy":"post_tag","embeddable":true,"href":"https:\/\/www.millicozum.com\/mc\/wp-json\/wp\/v2\/tags?post=1634"}],"curies":[{"name":"wp","href":"https:\/\/api.w.org\/{rel}","templated":true}]}}