{"id":1691,"date":"2009-11-23T06:21:49","date_gmt":"2009-11-23T06:21:49","guid":{"rendered":"https:\/\/www.millicozum.com\/mc\/2009\/11\/23\/akpnin-vurgun-sebekesi-ve-mafya-ekonomisi\/"},"modified":"2009-11-23T06:21:49","modified_gmt":"2009-11-23T06:21:49","slug":"akpnin-vurgun-sebekesi-ve-mafya-ekonomisi","status":"publish","type":"post","link":"https:\/\/www.millicozum.com\/mc\/2009\/aralik-2009\/akpnin-vurgun-sebekesi-ve-mafya-ekonomisi\/","title":{"rendered":"AKP\u2019N\u0130N VURGUN \u015eEBEKES\u0130 VE MAFYA EKONOM\u0130S\u0130"},"content":{"rendered":"<p style=\"text-align: left;\"><strong><span style=\"font-family: arial,helvetica,sans-serif;\"><span style=\"font-size: 12pt;\">T\u00fcrk-\u0130\u015f sonunda uyanm\u0131\u015ft\u0131: \u201cIMF&#8217;den T\u00fcrkiye&#8217;ye dost olmaz!\u201d<\/span><\/span><\/strong><\/p>\n<p><strong><span style=\"font-family: arial,helvetica,sans-serif;\"><span style=\"font-size: 10pt;\">T\u00fcrk-\u0130\u015f taraf\u0131ndan haz\u0131rlanan raporda, &#8220;IMF&#8217;den T\u00fcrkiye&#8217;ye dost olmayaca\u011f\u0131, \u00f6nerilerinden iyile\u015ftirici bir re\u00e7ete \u00e7\u0131kmayaca\u011f\u0131&#8221; ifade edilerek, &#8220;T\u00fcrk-\u0130\u015f olarak IMF-D\u00fcnya Bankas\u0131 patentli politikalar\u0131n terk edilmesi \u00e7a\u011fr\u0131m\u0131z\u0131 yineliyor ve siyasi tercihin bu y\u00f6nde olu\u015fmas\u0131n\u0131 talep ediyoruz&#8221; yaz\u0131lm\u0131\u015ft\u0131. Konfederasyon IMF ve D\u00fcnya Bankas\u0131 y\u0131ll\u0131k toplant\u0131lar\u0131n\u0131n T\u00fcrkiye&#8217;de ger\u00e7ekle\u015ftirilmesi dolay\u0131s\u0131yla T\u00fcrkiye&#8217;nin IMF ve D\u00fcnya Bankas\u0131 ile ili\u015fkileri konusunda bir rapor haz\u0131rlam\u0131\u015ft\u0131.<\/span><\/span><\/strong><\/p>\n<p><strong><span style=\"font-family: arial,helvetica,sans-serif;\"><span style=\"font-size: 10pt;\">&#8220;IMF-D\u00fcnya Bankas\u0131 Kav\u015fa\u011f\u0131nda T\u00fcrkiye-Sendikal Yakla\u015f\u0131m&#8221; isimli raporda, T\u00fcrkiye&#8217;de ve d\u00fcnyada ba\u015fta IMF ve D\u00fcnya Bankas\u0131 olmak \u00fczere &#8220;uluslararas\u0131 sermaye \u00f6rg\u00fctlerine&#8221; y\u00f6nelik tepkilerin temelinde, bu kurumlar\u0131n \u00fclkelere \u00f6nerdi\u011fi politikalar\u0131n ulusal \u00e7\u0131karlara ayk\u0131r\u0131 olmas\u0131 ve ba\u015fta \u00e7al\u0131\u015fanlar olmak \u00fczere, dar ve sabit gelirli kesimlerin ya\u015fama ve \u00e7al\u0131\u015fma ko\u015fullar\u0131n\u0131 k\u00f6t\u00fcle\u015ftirmesi bulundu\u011fu tespiti yap\u0131lm\u0131\u015ft\u0131. Bu politikalar\u0131n ayn\u0131 zamanda &#8220;sosyal devlet&#8221; yap\u0131s\u0131n\u0131 tasfiyeyi \u00f6ng\u00f6ren uygulamalar\u0131 beraberinde getirdi\u011fi \u00f6ne s\u00fcr\u00fclen raporda T\u00fcrkiye&#8217;nin \u00e7eyrek y\u00fczy\u0131l\u0131 a\u015fan s\u00fcredir \u00fcretim, yat\u0131r\u0131m, sanayile\u015fme, yani ekonominin reel kesimlerini, reel katk\u0131 yapacak alanlar\u0131n\u0131 yeterince te\u015fvik etmekten uzak kald\u0131\u011f\u0131 ele\u015ftirisi yer alm\u0131\u015ft\u0131. <\/span><\/span><\/strong><\/p>\n<p><strong><span style=\"font-family: arial,helvetica,sans-serif;\"><span style=\"font-size: 10pt;\">Raporda, y\u0131ll\u0131k d\u0131\u015f gelirin s\u00fcrekli ve \u00f6nemli \u00f6l\u00e7\u00fcde giderlerin alt\u0131nda kald\u0131\u011f\u0131 belirtilerek, &#8220;Bu s\u00fcre i\u00e7inde d\u0131\u015f borcumuz da y\u00fckselmi\u015ftir. \u0130lgin\u00e7 olan nokta ise bu bor\u00e7lar\u0131n \u00f6dendik\u00e7e azalmay\u0131p artmas\u0131d\u0131r.&#8221;<\/span><\/span><\/strong><\/p>\n<p><strong><span style=\"font-family: arial,helvetica,sans-serif;\"><span style=\"font-size: 10pt;\">\u201c\u00c7\u00f6z\u00fcm yerine sorunlar birikiyor\u201d <\/span><\/span><\/strong><\/p>\n<p><strong><span style=\"font-family: arial,helvetica,sans-serif;\"><span style=\"font-size: 10pt;\">T\u00fcrkiye&#8217;de oldu\u011fu gibi IMF-D\u00fcnya Bankas\u0131 politikalar\u0131n\u0131n ge\u00e7erli oldu\u011fu ekonomilerde birikim, kal\u0131c\u0131 b\u00fcy\u00fcme, yap\u0131sal de\u011fi\u015fme, insani geli\u015fim, istihdam, sanayile\u015fme, teknolojik d\u00f6n\u00fc\u015f\u00fcm, adil gelir da\u011f\u0131l\u0131m\u0131, sosyal adalet, ekonomik ba\u011f\u0131ms\u0131zl\u0131k gibi temel ve orta uzun d\u00f6neme d\u00f6n\u00fck hedeflerin g\u00f6z ard\u0131 edildi\u011fi belirtilen raporda, uygulanan ekonomik politikalarla yap\u0131sal sorunlar\u0131n \u00e7\u00f6z\u00fclmek bir yana ertelendi\u011fi, daha da kronikle\u015fti\u011fi ve \u00e7\u00f6z\u00fclmeyen sorunlar\u0131n giderek birikti\u011fi savunulmaktayd\u0131.<\/span><\/span><\/strong><\/p>\n<p><strong><span style=\"font-family: arial,helvetica,sans-serif;\"><span style=\"font-size: 10pt;\">IMF\u2019nin: \u201cT\u00fcrkiye bu y\u0131l y\u00fczde 6,5 daral\u0131r\u201d tespitleri ise AKP iktidar\u0131n\u0131n iflas\u0131n\u0131 a\u00e7\u0131klamaktayd\u0131.<\/span><\/span><\/strong><\/p>\n<p><strong><span style=\"font-family: arial,helvetica,sans-serif;\"><span style=\"font-size: 14pt;\">Ekonominin rakamlarla iflas itiraf\u0131<\/span><\/span><\/strong><\/p>\n<p><span style=\"font-family: arial,helvetica,sans-serif;\"><span style=\"font-size: 10pt;\">T\u00fcrkiye&#8217;nin &#8220;orta vadeli ekonomik program\u0131&#8221; Ekonomiden Sorumlu Bakan Ali Babacan taraf\u0131ndan a\u00e7\u0131klanm\u0131\u015ft\u0131.<\/span><\/span><\/p>\n<p><span style=\"font-family: arial,helvetica,sans-serif;\"><span style=\"font-size: 10pt;\">Bug\u00fcne kadar, yani yedi y\u0131ldan beri b\u00f6yle nice rakaml\u0131 programlar g\u00f6rd\u00fck&#8230; Halk\u0131m\u0131z a\u00e7\u0131s\u0131ndan ise sonu\u00e7 ortada; \u00fclke ekonomisinin durumu ayan beyan meydanda&#8230; Bu arada &#8220;halk\u0131m\u0131z\u0131n ana sorunlar\u0131&#8221; \u00e7are ve \u00e7\u00f6z\u00fcm beklemeye devam ediyor&#8230;<\/span><\/span><\/p>\n<p><span style=\"font-family: arial,helvetica,sans-serif;\"><span style=\"font-size: 10pt;\">Rakamlar\u0131 konu\u015fturacaksak, birka\u00e7 rakam da biz verelim:<\/span><\/span><\/p>\n<p><span style=\"font-family: arial,helvetica,sans-serif;\"><span style=\"font-size: 10pt;\">Ekonomik daralman\u0131n y\u00fczde 6&#8217;y\u0131 ge\u00e7e\u011fini bizzat yine Bakan Bey ifade etti!<\/span><\/span><\/p>\n<p><span style=\"font-family: arial,helvetica,sans-serif;\"><span style=\"font-size: 10pt;\">B\u00fct\u00e7e a\u00e7\u0131\u011f\u0131 zirve yapt\u0131:<\/span><\/span><\/p>\n<p><span style=\"font-family: arial,helvetica,sans-serif;\"><span style=\"font-size: 10pt;\">-Temmuz ay\u0131nda b\u00fct\u00e7e a\u00e7\u0131\u011f\u0131 y\u00fczde 100 artm\u0131\u015f!<\/span><\/span><\/p>\n<p><span style=\"font-family: arial,helvetica,sans-serif;\"><span style=\"font-size: 10pt;\">-A\u011fustos ay\u0131ndaki b\u00fct\u00e7e a\u00e7\u0131\u011f\u0131 daha da y\u00fckselerek y\u00fczde 125 artm\u0131\u015f!<\/span><\/span><\/p>\n<p><span style=\"font-family: arial,helvetica,sans-serif;\"><span style=\"font-size: 10pt;\">Yaz aylar\u0131 b\u00f6yle ge\u00e7tikten sonra, k\u0131\u015f aylar\u0131nda daha neler olaca\u011f\u0131n\u0131 g\u00f6rece\u011fiz&#8230;<\/span><\/span><\/p>\n<p><span style=\"font-family: arial,helvetica,sans-serif;\"><span style=\"font-size: 10pt;\">B\u00fct\u00fcn bu olumsuz geli\u015fmelerin sonucunda;<\/span><\/span><\/p>\n<p><span style=\"font-family: arial,helvetica,sans-serif;\"><span style=\"font-size: 10pt;\">\u0130\u015fsizlik \u015faha kalkm\u0131\u015f; yeri geldi\u011finde varl\u0131\u011f\u0131yla \u00f6\u011f\u00fcnmekten geri kalmad\u0131\u011f\u0131m\u0131z gen\u00e7 n\u00fcfusumuz a\u015f-i\u015f-e\u015f derdiyle m\u00fcptela, ailelerimiz peri\u015fan&#8230;<\/span><\/span><\/p>\n<p><span style=\"font-family: arial,helvetica,sans-serif;\"><span style=\"font-size: 10pt;\">D\u0131\u015f bor\u00e7lar faizleriyle birlikte yuvarlanan kartopu misali giderek b\u00fcy\u00fcmeye ve dolay\u0131s\u0131yla sadece h\u00fck\u00fcmetlerin de\u011fil, \u00fclkemizin bekas\u0131n\u0131 tehdit etmeye devam ediyor&#8230;<\/span><\/span><\/p>\n<p><span style=\"font-family: arial,helvetica,sans-serif;\"><span style=\"font-size: 10pt;\">B\u00fct\u00e7e a\u00e7\u0131\u011f\u0131 dedik. Cumhuriyet tarihinde b\u00f6yle bir b\u00fct\u00e7e a\u00e7\u0131\u011f\u0131 yok. Rakamlara ve gidi\u015fata bak\u0131l\u0131rsa, a\u00e7\u0131k y\u0131lsonunda korkutucu seviyelere ula\u015facak ve 50 milyar dolar\u0131 ge\u00e7ecek gibi g\u00f6r\u00fcn\u00fcyor&#8230; 2009 y\u0131l\u0131n\u0131 ilk sekiz ay\u0131nda ortaya \u00e7\u0131kan ve 31,3 milyar dolar olan a\u00e7\u0131k, y\u00fczde 780 gibi \u00e7ok y\u00fcksek bir art\u0131\u015f miktar\u0131n\u0131 ortaya koyuyor&#8230; H\u00e2lbuki ge\u00e7en y\u0131l, bu y\u0131l\u0131n b\u00fct\u00e7esi yap\u0131l\u0131rken a\u00e7\u0131k sadece 10 milyar dolar olarak hesaplan\u0131yordu&#8230; Ne oldu da evdeki hesap, yani h\u00fck\u00fcmetteki planlama, \u00e7ar\u015f\u0131ya uymad\u0131?..<\/span><\/span><\/p>\n<p><span style=\"font-family: arial,helvetica,sans-serif;\"><span style=\"font-size: 10pt;\">Hani ge\u00e7en y\u0131la kadar ekonomi iyiye gidiyordu; nerede o iyi ekonomi?<\/span><\/span><\/p>\n<p><span style=\"font-family: arial,helvetica,sans-serif;\"><span style=\"font-size: 10pt;\">Sonunda ne oldu; sadece ve sadece faizciler yani faizli bankalar kazand\u0131!<\/span><\/span><\/p>\n<p><span style=\"font-family: arial,helvetica,sans-serif;\"><span style=\"font-size: 10pt;\">2009 y\u0131l\u0131nda ekonomi daha da k\u00f6t\u00fcye gidiyor&#8230; B\u00f6yle giderse 2010 y\u0131l\u0131 daha k\u00f6t\u00fc olur, daha da k\u00f6t\u00fcye gider&#8230; Ama b\u00fct\u00fcn bunlar olurken fahi\u015f faizciler hep daha fazla, daha \u00e7ok, daha fahi\u015f kazanmaya devam ediyor!.. Birileri (yani faizli bankalar) kazan\u0131rken, ba\u015fka birileri (yani halk\u0131m\u0131z) hep kaybediyor, kaybediyor, kaybediyor&#8230;<\/span><\/span><\/p>\n<p><span style=\"font-family: arial,helvetica,sans-serif;\"><span style=\"font-size: 10pt;\">H\u00fck\u00fcmetin a\u00e7\u0131klad\u0131\u011f\u0131 ve 2010-2012 y\u0131llar\u0131n\u0131 kapsayan &#8220;orta vadeli ekonomik program&#8221;, neresinden bak\u0131l\u0131rsa bak\u0131ls\u0131n, ayaklar\u0131 yere basmayan, denk b\u00fct\u00e7e olma \u00f6zelli\u011finden fersah fersah uzaklarda ve T\u00fcrkiye&#8217;nin i\u00e7ine d\u00fc\u015f\u00fcr\u00fcld\u00fc\u011f\u00fc ac\u0131nas\u0131 durumu rakamlarla itiraf edip iflas edildi\u011finin adeta resm\u00ee belgesi. Tek kelimeyle fiyasko!<\/span><\/span><\/p>\n<p><span style=\"font-family: arial,helvetica,sans-serif;\"><span style=\"font-size: 10pt;\">Bir tarafta devletin bor\u00e7lar\u0131, di\u011fer tarafta giderek artan \u00f6zel sekt\u00f6r\u00fcn bor\u00e7lar\u0131&#8230;<\/span><\/span><\/p>\n<p><span style=\"font-family: arial,helvetica,sans-serif;\"><span style=\"font-size: 10pt;\">\u0130\u00e7 pazar ithal mallara teslim, ihracat ise felaket derecede ithal girdilere ba\u011f\u0131ml\u0131&#8230;<\/span><\/span><\/p>\n<p><span style=\"font-family: arial,helvetica,sans-serif;\"><span style=\"font-size: 10pt;\">B\u00fct\u00e7e a\u00e7\u0131\u011f\u0131 y\u0131lsonuna kadar de\u011fil 50 milyar dolar\u0131, 60 milyar dolar\u0131 bile ge\u00e7ecek!..<\/span><\/span><\/p>\n<p><span style=\"font-family: arial,helvetica,sans-serif;\"><span style=\"font-size: 10pt;\">\u00c7al\u0131\u015fan n\u00fcfusumuzun, gen\u00e7 n\u00fcfusumuzun neredeyse yar\u0131s\u0131 i\u015fsiz bulunuyor.<\/span><\/span><\/p>\n<p><span style=\"font-family: arial,helvetica,sans-serif;\"><span style=\"font-size: 10pt;\">\u0130thalat\u0131m\u0131z azal\u0131rken ihracat\u0131m\u0131z durmadan azal\u0131yor.<\/span><\/span><\/p>\n<p><span style=\"font-family: arial,helvetica,sans-serif;\"><span style=\"font-size: 10pt;\">Devletin ve \u00f6zel sekt\u00f6r\u00fcn bor\u00e7lar\u0131 ise daha da art\u0131yor.<\/span><\/span><a href=\"#_ftn1\"><span style=\"font-family: arial,helvetica,sans-serif;\"><span style=\"font-size: 10pt;\">[1]<\/span><\/span><\/a><\/p>\n<p><strong><span style=\"font-family: arial,helvetica,sans-serif;\"><span style=\"font-size: 14pt;\">T\u00fcrkiye k\u00fc\u00e7\u00fcl\u00fcyor, Tayyip Holding b\u00fcy\u00fcyor!<\/span><\/span><\/strong><\/p>\n<p><strong><span style=\"font-family: arial,helvetica,sans-serif;\"><span style=\"font-size: 10pt;\">Ba\u015fbakan Recep Erdo\u011fan, New York\u2019da Levin Enstit\u00fcs\u00fc\u2019nde \u201cK\u00fcresel Etki\u201d ba\u015fl\u0131kl\u0131 bir konu\u015fma yapm\u0131\u015f ve yoksulluktan s\u00f6z ederken \u015fu s\u00f6zleri kullanm\u0131\u015ft\u0131: \u201cK\u00fc\u00e7\u00fck Tayyip okula yaya giderdi. Okula giderken annem elimden tutmazd\u0131. Ayakkab\u0131lar\u0131m delik de\u015fikti. Ya\u011fmurda, k\u0131\u015fta, s\u0131cakta ayaklar\u0131m\u0131n k\u0131zard\u0131\u011f\u0131n\u0131 bilirdim. \u015eimdi bu ayakkab\u0131lar\u0131 \u00e7ocuklar\u0131m\u0131za lay\u0131k g\u00f6rm\u00fcyoruz.\u201d<\/span><\/span><\/strong><\/p>\n<p><strong><span style=\"font-family: arial,helvetica,sans-serif;\"><span style=\"font-size: 10pt;\">Peki, Recep Erdo\u011fan bug\u00fcnk\u00fc servet ve saltanata nas\u0131l ula\u015ft\u0131?<\/span><\/span><\/strong><\/p>\n<p><strong><span style=\"font-family: arial,helvetica,sans-serif;\"><span style=\"font-size: 10pt;\">12 Eyl\u00fcl 2007 tarihinde Erdo\u011fan\u2019\u0131n resmi olarak a\u00e7\u0131klanan mal varl\u0131\u011f\u0131 \u015funlard\u0131:<\/span><\/span><\/strong><\/p>\n<p><strong><span style=\"font-family: arial,helvetica,sans-serif;\"><span style=\"font-size: 10pt;\">1) Arnavutk\u00f6y &#8211; bolluca k\u00f6y\u00fc <st1:metricconverter productid=\"376 metrekare\" w:st=\"on\">376 metrekare<\/st1:metricconverter> arsa (40 bin YTL)<\/span><\/span><\/strong><\/p>\n<p><strong><span style=\"font-family: arial,helvetica,sans-serif;\"><span style=\"font-size: 10pt;\">2) G\u00fcneysu &#8211; Dumankaya k\u00f6y\u00fc <st1:metricconverter productid=\"2.000 metrekare\" w:st=\"on\">2.000 metrekare<\/st1:metricconverter> arsa (10 bin YTL)<\/span><\/span><\/strong><\/p>\n<p><strong><span style=\"font-family: arial,helvetica,sans-serif;\"><span style=\"font-size: 10pt;\">3) Banka hesaplar\u0131nda 1.803.854 YTL ile 9.890 euro (\u015firket hisselerinin sat\u0131\u015f geliri, emekli ikramiyesi, emekli maa\u015f\u0131 ve milletvekili maa\u015flar\u0131n\u0131n toplam\u0131.)<\/span><\/span><\/strong><\/p>\n<p><strong><span style=\"font-family: arial,helvetica,sans-serif;\"><span style=\"font-size: 10pt;\">4) 312.500 YTL alacak<\/span><\/span><\/strong><\/p>\n<p><strong><span style=\"font-family: arial,helvetica,sans-serif;\"><span style=\"font-size: 10pt;\">5) Emine Erdo\u011fan\u2019a ait 2006 model Wolkswagen Passat araba.<\/span><\/span><\/strong><\/p>\n<p><strong><span style=\"font-family: arial,helvetica,sans-serif;\"><span style=\"font-size: 10pt;\">Erdo\u011fan\u2019\u0131n \u00e7ocuklar\u0131n\u0131n da b\u00fcy\u00fck bir serveti oldu\u011fu biliniyor. Bas\u0131na yans\u0131yanlara g\u00f6re Erdo\u011fan&#8217;\u0131n o\u011fullar\u0131 Ahmet Burak ile Bilal Erdo\u011fan, 2006 y\u0131l\u0131nda \u0130stanbul&#8217;da 1 milyon YTL&#8217;ye villa sat\u0131n ald\u0131lar. Bilal Erdo\u011fan ve e\u015fi Reyyan Erdo\u011fan 261 bin 500 dolara ABD&#8217;de de bir ev sahibi oldular. <\/span><\/span><\/strong><\/p>\n<p><strong><span style=\"font-family: arial,helvetica,sans-serif;\"><span style=\"font-size: 10pt;\">Erdo\u011fan&#8217;\u0131n o\u011flu Ahmet Burak\u2019a, Erdo\u011fan&#8217;\u0131n ba\u015fbakanl\u0131k koltu\u011funa oturduktan sonra kurdu\u011fu Yenido\u011fan G\u0131da A\u015e&#8217;de, 2005 rakamlar\u0131yla &#8220;500 milyon (yani sadece 500 YTL) lira dolay\u0131nda\u201d maa\u015f veriliyordu. Nas\u0131l olduysa Ahmet Burak Erdo\u011fan&#8217;\u0131n y\u00fczde 50 hissesine sahip oldu\u011fu MB Denizcilik Ta\u015f\u0131mac\u0131l\u0131k Limited \u015eirketi, Safran 1 adl\u0131 kuru y\u00fck gemisini sat\u0131n al\u0131yordu. 95,54 metrelik, 4 bin 300 tonluk gemi 2 milyon 350 bin dolara mal oldu. Geminin 500 bin dolar\u0131n\u0131 pe\u015fin \u00f6deyen Ahmet Burak Erdo\u011fan, geri kalan k\u0131sm\u0131n\u0131 36 ay taksite ba\u011fl\u0131yordu.<\/span><\/span><\/strong><\/p>\n<p><strong><span style=\"font-family: arial,helvetica,sans-serif;\"><span style=\"font-size: 10pt;\">Erdo\u011fan\u2019\u0131n \u00e7ocuklar\u0131n\u0131n bunun d\u0131\u015f\u0131nda servetinin b\u00fcy\u00fckl\u00fc\u011f\u00fc ayr\u0131nt\u0131l\u0131 olarak bilinmiyor.<\/span><\/span><\/strong><\/p>\n<p><strong><span style=\"font-family: arial,helvetica,sans-serif;\"><span style=\"font-size: 10pt;\">1994 y\u0131l\u0131nda belediye ba\u015fkanl\u0131\u011f\u0131na ba\u015flarken t\u00fcm serveti yaln\u0131zca 5 bin 110 YTL olan Tayyip Erdo\u011fan\u2019\u0131n serveti 2005\u2019e kadar 355 kat art\u0131yordu. Forbes Dergisi en zengin liderle s\u0131ralamas\u0131nda Erdo\u011fan\u2019\u0131 en zengin 8. lider olarak g\u00f6steriliyordu. Erdo\u011fan \u0130ngiltere krali\u00e7esi, Monako Prensi, Norve\u00e7 kral\u0131 gibi k\u00f6kl\u00fc aileleri serveti ile geride b\u0131rak\u0131yordu.<\/span><\/span><\/strong><\/p>\n<p><strong><span style=\"font-family: arial,helvetica,sans-serif;\"><span style=\"font-size: 10pt;\">\u00d6zetle davas\u0131n\u0131 ve eski dostlar\u0131n\u0131 sat\u0131yor, Siyonist patronlara s\u0131\u011f\u0131n\u0131yor ve i\u015fte al\u0131n teriyle ve helal kazanc\u0131 ile bu servet ve saltanata kavu\u015fuyordu. <\/span><\/span><a href=\"#_ftn2\"><strong><span style=\"font-family: arial,helvetica,sans-serif;\"><span style=\"font-size: 10pt;\">[2]<\/span><\/span><\/strong><\/a><\/strong><\/p>\n<p><strong><span style=\"font-family: arial,helvetica,sans-serif;\"><span style=\"font-size: 10pt;\">Recep Bey ve avanesi b\u00f6ylesine saltanat s\u00fcrerken, T\u00fcrk insan\u0131 \u00e7aresizlikten b\u00f6breklerini sat\u0131yordu.<\/span><\/span><\/strong><\/p>\n<p><strong><span style=\"font-family: arial,helvetica,sans-serif;\"><span style=\"font-size: 10pt;\">\u0130\u015fte 30 Eyl\u00fcl 2009 tarihli gazetelerin man\u015feti: \u201c800 n\u00fcfuslu k\u00f6yde 20 ki\u015fi satm\u0131\u015f b\u00f6bre\u011fini\u2026\u201d<\/span><\/span><\/strong><\/p>\n<p><strong><span style=\"font-family: arial,helvetica,sans-serif;\"><span style=\"font-size: 10pt;\"><span style=\"font-size: 14pt;\">Bunlar Fatih\u2019in bedduas\u0131yla \u201cAllah&#8217;\u0131n gazab\u0131na u\u011frayacaklar!\u201d<\/span> <\/span><\/span><\/strong><\/p>\n<p><span style=\"font-family: arial,helvetica,sans-serif;\"><span style=\"font-size: 10pt;\">Elimde ilgin\u00e7 bir kitap var. \u0130stanbul B\u00fcy\u00fck\u015fehir Belediyesi taraf\u0131ndan 1995 y\u0131l\u0131nda yay\u0131nlanm\u0131\u015f. Ad\u0131 \u0130stanbul Risaleleri.<\/span><\/span><\/p>\n<p><span style=\"font-family: arial,helvetica,sans-serif;\"><span style=\"font-size: 10pt;\">Milli G\u00f6r\u00fc\u015f\u00e7\u00fc Recep Tayyip Erdo\u011fan, o zaman belediye ba\u015fkan\u0131. Refah Partisi&#8217;nden se\u00e7ilmi\u015f. Hen\u00fcz g\u00f6mle\u011fini ve kimli\u011fini de\u011fi\u015ftirmemi\u015f\u2026 Kitab\u0131n \u00f6ns\u00f6z\u00fcn\u00fc de kendisi yazm\u0131\u015f. \u00d6zetle \u015f\u00f6yle diyor:<\/span><\/span><\/p>\n<p><strong><em><span style=\"font-family: arial,helvetica,sans-serif;\"><span style=\"font-size: 10pt;\">\u0130stanbul bu manada en \u00e7ok zarar g\u00f6ren \u015fehirlerin ba\u015f\u0131nda gelmektedir.<\/span><\/span><\/em><\/strong><\/p>\n<p><strong><em><span style=\"font-family: arial,helvetica,sans-serif;\"><span style=\"font-size: 10pt;\">Bu g\u00fczel \u015fehir korkun\u00e7 bir ya\u011fmaya u\u011fram\u0131\u015f, tarihi ve tabii dokusu, dili, k\u00fclt\u00fcr\u00fc ve gelenekleriyle birlikte yok olmaya y\u00fcz tutmu\u015ftur.<\/span><\/span><\/em><\/strong><\/p>\n<p><strong><em><span style=\"font-family: arial,helvetica,sans-serif;\"><span style=\"font-size: 10pt;\">Biz sorumlulu\u011funu \u00fcstlendi\u011fimiz bu \u015fehrin kimli\u011fini korumay\u0131 da asli g\u00f6revlerimizden say\u0131yoruz.<\/span><\/span><\/em><\/strong><\/p>\n<p><strong><em><span style=\"font-family: arial,helvetica,sans-serif;\"><span style=\"font-size: 10pt;\">Bu g\u00fczel kitab\u0131 \u0130stanbullu hem\u015fehrilerime sunmaktan gurur ve bahtiyarl\u0131k duyuyorum.<\/span><\/span><\/em><\/strong><\/p>\n<p><span style=\"font-family: arial,helvetica,sans-serif;\"><span style=\"font-size: 10pt;\">\u201cRecep Tayyip Erdo\u011fan \u0130stanbul B\u00fcy\u00fck\u015fehir Belediye Ba\u015fkan\u0131.&#8221;<\/span><\/span><\/p>\n<p><span style=\"font-family: arial,helvetica,sans-serif;\"><span style=\"font-size: 10pt;\">Bu s\u00f6zlere itiraz etmek m\u00fcmk\u00fcn de\u011fil. Milli G\u00f6r\u00fc\u015f\u00e7\u00fc iken do\u011frular\u0131 g\u00f6r\u00fcyormu\u015f.<\/span><\/span><\/p>\n<p><strong><span style=\"font-family: arial,helvetica,sans-serif;\"><span style=\"font-size: 10pt;\">\u015eimdi ayn\u0131 kitab\u0131n 158. sayfas\u0131n\u0131 okuyal\u0131m. Ba\u015fl\u0131\u011f\u0131 &#8220;Allah&#8217;\u0131n gazab\u0131na u\u011fras\u0131nlar&#8221; olan b\u00f6l\u00fcm ilgin\u00e7.<\/span><\/span><\/strong><\/p>\n<p><strong><em><span style=\"font-family: arial,helvetica,sans-serif;\"><span style=\"font-size: 10pt;\">\u201cFatih (1453 y\u0131l\u0131nda) \u0130stanbul&#8217;u al\u0131p Ayasofya \u00f6n\u00fcne geldi\u011fi zaman derinden derine bir inilti i\u015fitti. Sesin geldi\u011fi tarafa bir adam g\u00f6nderdi. Hali peri\u015fan bir ke\u015fi\u015f (papaz) getirdiler. Huzura \u00e7\u0131kard\u0131lar. &#8216;Ni\u00e7in hapsedildin&#8217; diye sordular. Ke\u015fi\u015f fala da bakt\u0131\u011f\u0131n\u0131 ve muhasara (ku\u015fatma) haz\u0131rl\u0131klar\u0131 s\u0131ras\u0131nda (Bizans \u0130mparatoru) Konstantin&#8217;in kendisini \u00e7a\u011f\u0131r\u0131p \u0130stanbul&#8217;u T\u00fcrklerin al\u0131p almayaca\u011f\u0131n\u0131 bildirmek i\u00e7in remil atmas\u0131n\u0131 (gaipten haber vermesini, bir \u00e7e\u015fit fal a\u00e7mas\u0131n\u0131) s\u00f6yledi\u011fini, remilde \u0130stanbul&#8217;un T\u00fcrklerin eline ge\u00e7ece\u011fini bildirmesi \u00fczerine Konstantin&#8217;in k\u0131zarak onu zindana att\u0131rd\u0131\u011f\u0131n\u0131 hik\u00e2ye etti ve &#8216;\u015fimdi kar\u015f\u0131n\u0131zda bulunuyorum, demek fal\u0131m do\u011fru imi\u015f&#8217; dedi.<\/span><\/span><\/em><\/strong><\/p>\n<p><strong><em><span style=\"font-family: arial,helvetica,sans-serif;\"><span style=\"font-size: 10pt;\">\u00a0Bunun \u00fczerine Fatih de \u0130stanbul\u2019un kendi elinden \u00e7\u0131k\u0131p \u00e7\u0131kmayaca\u011f\u0131na dair remil atmas\u0131n\u0131 ve do\u011fruyu s\u00f6ylerse m\u00fck\u00e2fatland\u0131r\u0131laca\u011f\u0131n\u0131 (\u00f6d\u00fcl alaca\u011f\u0131n\u0131) bildirdi. Ke\u015fi\u015f remil att\u0131 ve \u015f\u00f6yle dedi:\u00a0\u00a0\u00a0 <\/span><\/span><\/em><\/strong><\/p>\n<p><strong><em><span style=\"font-family: arial,helvetica,sans-serif;\"><span style=\"font-size: 10pt;\">&#8211; &#8216;\u0130stanbul T\u00fcrklerin elinden harp ve darp ile \u00e7\u0131kmayacak. Ancak \u00f6yle bir zaman gelecek ki, elinizdeki emlak ve arazi azalacak. Bu suretle \u0130stanbul T\u00fcrk mal\u0131 olmaktan \u00e7\u0131kacak.&#8217;<\/span><\/span><\/em><\/strong><\/p>\n<p><strong><em><span style=\"font-family: arial,helvetica,sans-serif;\"><span style=\"font-size: 14pt;\">Bu fal\u0131n bildirdi\u011fi neticeden m\u00fcteessir olan (\u00fcz\u00fclen) Fatih ellerini kald\u0131rarak &#8216;\u0130stanbul&#8217;da edindi\u011fi yerleri ecnebilere (yabanc\u0131lara) satanlar Allah&#8217;\u0131n gazab\u0131na u\u011fras\u0131nlar&#8217; diye beddua etti.&#8221;<\/span><\/span><\/em><\/strong><\/p>\n<p><strong><span style=\"font-family: arial,helvetica,sans-serif;\"><span style=\"font-size: 12pt;\">AKP\u2019nin vurgun ve soygun alanlar\u0131<\/span><\/span><\/strong><\/p>\n<p><span style=\"font-family: arial,helvetica,sans-serif;\"><span style=\"font-size: 10pt;\">AKP h\u00fck\u00fcmetleri d\u00f6neminde yolsuzluklar Cumhuriyet tarihinin en b\u00fcy\u00fck rakamlar\u0131na ula\u015fm\u0131\u015ft\u0131. Kamu kaynaklar\u0131n\u0131n organize bir \u015fekilde talan edilmesi i\u00e7in 4 y\u00f6ntem kullanm\u0131\u015ft\u0131.<\/span><\/span><\/p>\n<ul>\n<li><span style=\"font-family: arial,helvetica,sans-serif;\"><span style=\"font-size: 10pt;\">\u00d6zelle\u015ftirmelerdeki oyunlar<\/span><\/span><\/li>\n<li><span style=\"font-family: arial,helvetica,sans-serif;\"><span style=\"font-size: 10pt;\">TMSF&#8217;den aktar\u0131lan kaynaklar<\/span><\/span><\/li>\n<li><span style=\"font-family: arial,helvetica,sans-serif;\"><span style=\"font-size: 10pt;\">TOK\u0130 ihalelerindeki yolsuzluklar<\/span><\/span><\/li>\n<li><span style=\"font-family: arial,helvetica,sans-serif;\"><span style=\"font-size: 10pt;\">Belediye ihaleleri ve imar rant\u0131ndaki vurgunlar<\/span><\/span><\/li>\n<\/ul>\n<p><span style=\"font-family: arial,helvetica,sans-serif;\"><span style=\"font-size: 10pt;\">Bu d\u00f6rt ba\u015fl\u0131kta T\u00fcrkiye&#8217;de servet transferi yap\u0131ld\u0131, kamudan AKP yanda\u015flar\u0131na; yani G\u00f6r\u00fcnmez Holding&#8217;e (GH) m\u00fclkiyet el de\u011fi\u015ftirdi.<\/span><\/span><\/p>\n<p><span style=\"font-family: arial,helvetica,sans-serif;\"><span style=\"font-size: 10pt;\">22 bankan\u0131n i\u00e7leri bo\u015falt\u0131larak TMSF&#8217;ye devredilmesi AKP&#8217;nin iktidara geli\u015finin en \u00f6nemli nedenleri aras\u0131ndayd\u0131. Bankalar hortumlanm\u0131\u015f, zarar Hazine&#8217;ye yani milletin s\u0131rt\u0131na y\u00fcklenmi\u015fti. AKP iktidar oldu\u011funda; &#8220;hortumla m\u00fccadele y\u00f6ntemi geli\u015ftirdim&#8221; diyerek baz\u0131 kanunlarda de\u011fi\u015fiklik yapacak, TMSF&#8217;ye padi\u015fah yetkileri tan\u0131yacak, bu yetkiler yeni hortumlara neden olacakt\u0131! Yolsuzluklar nedeniyle el konulan mallar; AKP yanda\u015f\u0131 ve yana\u015fmalar\u0131ndan olu\u015fan \u015firketler birli\u011fine; G\u00f6r\u00fcnmez Holding&#8217;e sat\u0131lacakt\u0131. Hortumcu \u00f6zel sekt\u00f6rden kamuya (TMSF), kamudan yeni hortumculara (G\u00f6r\u00fcnmez Holding&#8217;e) m\u00fclkiyet ve servet transferi yap\u0131lacakt\u0131.<\/span><\/span><\/p>\n<p><span style=\"font-family: arial,helvetica,sans-serif;\"><span style=\"font-size: 10pt;\">\u00a0AKP&#8217;nin en b\u00fcy\u00fck vurgun ve talan s\u00fcre\u00e7lerinden biri TMSF&#8217;nin el koydu\u011fu bankalar\u0131n, medya kurulu\u015flar\u0131n\u0131n, \u015firketlerin, gayrimenkullerin sat\u0131\u015f\u0131 s\u0131ras\u0131nda ya\u015fand\u0131. Katrilyonlar de\u011ferindeki varl\u0131klar AKP yanda\u015flar\u0131n\u0131n eline ge\u00e7ti.<\/span><\/span><\/p>\n<p><span style=\"font-family: arial,helvetica,sans-serif;\"><span style=\"font-size: 10pt;\">\u00d6zelle\u015ftirmeler de bir ba\u015fka vurgun arac\u0131 olarak kullan\u0131ld\u0131. Cumhuriyet tarihinin en b\u00fcy\u00fck ve en h\u0131zl\u0131 \u00f6zelle\u015ftirmesiyle T\u00fcrkiye&#8217;de de\u011ferli ne kadar kurulu\u015f varsa, toprak, liman, deniz, su, akarsu, orman demeden pe\u015fke\u015f \u00e7ekildi. Milyarlarca dolar bu sat\u0131\u015f ve pazarlama s\u00fcrecinde GH&#8217;e aktar\u0131ld\u0131. Ulus \u00f6tesi sermaye ile kapal\u0131 kap\u0131lar ard\u0131nda yap\u0131lan gizli g\u00f6r\u00fc\u015fmelerin ard\u0131ndan kamu varl\u0131klar\u0131 bu \u015firketlere sat\u0131ld\u0131!<\/span><\/span><\/p>\n<p><span style=\"font-family: arial,helvetica,sans-serif;\"><span style=\"font-size: 10pt;\">Toplu Konut \u0130daresi Ba\u015fkanl\u0131\u011f\u0131 (TOK\u0130) \u00fczerinden yap\u0131lan talanda ilk belirlemelere g\u00f6re 16 katrilyonluk ihalenin 10 katrilyonu AKP yanda\u015f\u0131 \u015firketlere aktar\u0131ld\u0131. TOK\u0130 ola\u011fan\u00fcst\u00fc yetkilerle donat\u0131ld\u0131 ve direkt Ba\u015fbakan Erdo\u011fan&#8217;a ba\u011fland\u0131!<\/span><\/span><\/p>\n<p><span style=\"font-family: arial,helvetica,sans-serif;\"><span style=\"font-size: 10pt;\">Belediyelerin yapt\u0131\u011f\u0131 ihalelerde ise yerel yanda\u015flar palazland\u0131r\u0131ld\u0131. Bu yolsuzluklar; Ali Dibo d\u00fczeni olarak de\u015fifre oldu. Yolsuzluk ve Yoksulluk Program\u0131&#8217;nda; bu d\u00fczenin i\u00e7inde yer alan, AKP&#8217;nin il ve il\u00e7e baz\u0131ndaki y\u00f6neticilerinden Ankara&#8217;ya uzanan saadet zincirini a\u00e7\u0131klayan Harun \u00d6zkan, T\u00fcrkiye&#8217;nin g\u00fcndemine oturdu.<\/span><\/span><\/p>\n<p><span style=\"font-family: arial,helvetica,sans-serif;\"><span style=\"font-size: 10pt;\">AKP; bir piramit \u015feklinde en tepede \u00f6zelle\u015ftirmeler yer almak \u00fczere a\u015fa\u011f\u0131ya do\u011fru, TMSF, TOK\u0130 ve belediyeler \u00fczerinden servet transferini t\u00fcm yanda\u015flar\u0131n\u0131 kapsayacak \u015fekilde ger\u00e7ekle\u015ftirdi. AKP&#8217;nin T\u00fcrkiye ya\u011fmas\u0131ndan &#8220;kazanmayan&#8221; yanda\u015f kalmayacakt\u0131!<\/span><\/span><\/p>\n<p><span style=\"font-family: arial,helvetica,sans-serif;\"><span style=\"font-size: 10pt;\">T\u00fcrkiye&#8217;yi ku\u015fatan G\u00f6r\u00fcnmez Holding&#8217;i \u00fc\u00e7 ana grup olu\u015fturuyor. Birinci grup tarikat ve cemaat ba\u011flant\u0131l\u0131, ye\u015fil sermaye olarak da adland\u0131r\u0131lan, \u00e7o\u011funlukla M\u00dcS\u0130AD ve TUSKON&#8217;a \u00fcye olan \u015firketler. Ben bunlara yanda\u015f \u015firketler diyorum.<\/span><\/span><\/p>\n<p><span style=\"font-family: arial,helvetica,sans-serif;\"><span style=\"font-size: 10pt;\">\u0130kinci grup ise kendi \u00e7\u0131karlar\u0131na uygun oldu\u011fu s\u00fcrece hemen her h\u00fck\u00fcmeti destekleyen ve AKP&#8217;den \u00f6nce T\u00fcrkiye&#8217;nin b\u00fcy\u00fck sermayesi olarak adland\u0131r\u0131lan laik sermaye, T\u00dcS\u0130AD bu sermayenin \u00e7at\u0131s\u0131n\u0131 olu\u015fturuyor. Kitapta bu grubu ise yana\u015fma sermaye olarak de\u011ferlendiriyorum.<\/span><\/span><\/p>\n<p><span style=\"font-family: arial,helvetica,sans-serif;\"><span style=\"font-size: 10pt;\">\u00a0\u00dc\u00e7\u00fcnc\u00fc ve son grup ise AKP&#8217;nin iktidara ta\u015f\u0131nmas\u0131nda \u00f6nemli rol oynayan k\u00fcresel sermaye. Bu \u00fc\u00e7 farkl\u0131 sermaye grubu T\u00fcrkiye ya\u011fmas\u0131nda adeta bir G\u00f6r\u00fcnmez Holding olu\u015fturacak, AKP&#8217;nin y\u00f6netim kadrosu bu \u015firketleri bir orkestra \u015fefi edas\u0131 ile y\u00f6netecekti.<\/span><\/span><\/p>\n<p><span style=\"font-family: arial,helvetica,sans-serif;\"><span style=\"font-size: 10pt;\">GH&#8217;nin g\u00fcc\u00fc yasalar\u0131n da \u00fczerindeydi. Yarg\u0131 kararlar\u0131 uygulanmayacak, gerekirse GH&#8217;nin \u015firketleri i\u00e7in \u00f6zel yasalar \u00e7\u0131kar\u0131lacak, emniyetten maliyeye kadar kamu g\u00fcc\u00fc bu holdingin emrine verilecekti.<\/span><\/span><\/p>\n<p><strong><span style=\"font-family: arial,helvetica,sans-serif;\"><span style=\"font-size: 10pt;\">Recep Holding ve &#8220;yana\u015fma sermaye&#8221;<\/span><\/span><\/strong><\/p>\n<p><span style=\"font-family: arial,helvetica,sans-serif;\"><span style=\"font-size: 10pt;\">Erdo\u011fan&#8217;\u0131n &#8220;Milli G\u00f6r\u00fc\u015f&#8221;\u00e7\u00fc ge\u00e7mi\u015fi T\u00fcrkiye oligar\u015fisi i\u00e7in bir tehdit unsuruydu. Y\u00fcz\u00fcn\u00fc Bat\u0131&#8217;ya d\u00f6nm\u00fc\u015f b\u00fcy\u00fck sermayenin; tarikat\u00e7\u0131 i\u015f \u00e7evrelerinden haz etmedi\u011fi biliniyordu. Bu iki kesim \u0130\u00e7in uzla\u015fma yollar\u0131 aran\u0131yordu. Erdo\u011fan&#8217;\u0131 iktidara ta\u015f\u0131mak isteyenlerin \u00f6nlerindeki en b\u00fcy\u00fck soru i\u015fareti buydu. Bu ili\u015fkinin harc\u0131n\u0131 ne olu\u015fturacakt\u0131?<\/span><\/span><\/p>\n<p><span style=\"font-family: arial,helvetica,sans-serif;\"><span style=\"font-size: 10pt;\">Recep Erdo\u011fan&#8217;\u0131n Yahudi Lobileriyle ili\u015fkileri, asl\u0131nda bu sorunun da dolayl\u0131 bir yan\u0131t\u0131n\u0131 veriyordu. Erdo\u011fan&#8217;\u0131n Gulbettin Hikmetyar, Fetih El Hassaneyn, Yasin El Kad\u0131 gibi siyasal \u0130slamc\u0131 isimlerle kurdu\u011fu dostluk ili\u015fkileri o d\u00f6nemde T\u00fcrkiye oligar\u015fisi i\u00e7in &#8220;tehlikeli&#8221; g\u00f6r\u00fcnse de asl\u0131nda her iki kesim de ayn\u0131 g\u00fcc\u00fcn y\u00f6nlendirmesi ile hareket ediyordu. Amerika Birle\u015fik Devletleri ve tabi \u0130srail\u2026<\/span><\/span><\/p>\n<p><span style=\"font-family: arial,helvetica,sans-serif;\"><span style=\"font-size: 10pt;\">ABD&#8217;nin \u0130slam co\u011frafyas\u0131na n\u00fcfuz etmek ve bir zamanlar Sovyetler Birli\u011fi&#8217;ne kar\u015f\u0131 sava\u015ft\u0131rmak i\u00e7in kulland\u0131\u011f\u0131 Siyasal \u0130slamc\u0131larla ili\u015fkiler Erdo\u011fan i\u00e7in bir engel de\u011fil tersine \u00f6n\u00fcn\u00fc a\u00e7an birlikteliklerdi. T\u00fcrk oligar\u015fisi ile Amerikanc\u0131 \/ tarikat\u00e7\u0131 AKP yanda\u015f\u0131 sermayenin uyum a\u015f\u0131s\u0131n\u0131 k\u00fcresel sermaye yapacakt\u0131.&#8221;<\/span><\/span><\/p>\n<p><span style=\"font-family: arial,helvetica,sans-serif;\"><span style=\"font-size: 10pt;\">T\u00fcrkiye&#8217;de \u00e7\u0131karlar\u0131na uygun oldu\u011fu s\u00fcrece hemen her d\u00f6nem iktidarlar\u0131 destekleyen yana\u015fma sermaye, k\u00fcresel sermayenin (Bat\u0131 sermayesi) harc\u0131 ile AKP h\u00fck\u00fcmetine de tam destek sa\u011flam\u0131\u015ft\u0131. Erdo\u011fan siyaset sahnesindeki ilk b\u00fcy\u00fck hamlesi \u00f6ncesinde, 2002 y\u0131l\u0131 se\u00e7imlerine k\u0131sa bir zaman kala T\u00fcrkiye&#8217;deki b\u00fcy\u00fck sermayenin deste\u011fini almay\u0131 ba\u015farm\u0131\u015ft\u0131. Kar\u015f\u0131l\u0131kl\u0131 s\u00f6zler verilmi\u015f, d\u00fczenin de\u011fi\u015fmeyece\u011fine dair yaz\u0131l\u0131 olmayan bir mutabakata var\u0131lm\u0131\u015ft\u0131. Erdo\u011fan bu g\u00f6r\u00fc\u015fmelerde T\u00fcrkiye&#8217;nin Avrupa Birli\u011fi s\u00fcreci ile ilgili taahh\u00fctlerde bulunmu\u015ftu. T\u00fcrkiye&#8217;nin g\u00f6rd\u00fc\u011f\u00fc en AB&#8217;ci Ba\u015fbakan olacakt\u0131. AKP verdi\u011fi s\u00f6zleri tuttu. AB kap\u0131s\u0131nda T\u00fcrkiye Cumhuriyeti&#8217;nin onurunu ayaklar alt\u0131na alan anla\u015fmalara imza att\u0131. AB s\u00fcrecinin Recep Holding a\u00e7\u0131s\u0131ndan \u00f6nemi; T\u00fcrkiye&#8217;yi \u00e7\u00f6kertecek ve ekonomiyi yabanc\u0131la\u015ft\u0131racak yasalar\u0131n bu d\u00f6nemde \u00e7\u0131kar\u0131lm\u0131\u015f olmas\u0131yd\u0131. Bat\u0131 sermayesi, bir \u00f6nceki h\u00fck\u00fcmetin Ekonomi Bakan\u0131 Kemal Dervi\u015f&#8217;e istedi\u011fi ya\u011fma yasalar\u0131n\u0131 \u00e7\u0131kartt\u0131rm\u0131\u015f, AKP h\u00fck\u00fcmetine Dervi\u015f&#8217;in bile cesaret edemedi\u011fi yasal de\u011fi\u015fiklikleri ger\u00e7ekle\u015ftirmek kalm\u0131\u015ft\u0131.<\/span><\/span><\/p>\n<p><strong><span style=\"font-family: arial,helvetica,sans-serif;\"><span style=\"font-size: 10pt;\">Recep Holding ve &#8220;k\u00fcresel sermaye&#8221;<\/span><\/span><\/strong><\/p>\n<p><span style=\"font-family: arial,helvetica,sans-serif;\"><span style=\"font-size: 10pt;\">T\u00fcrkiye&#8217;yi ku\u015fatan G\u00f6r\u00fcnmez Holding&#8217;in en \u00f6nemli ayaklar\u0131ndan birini ba\u015fta ABD olmak \u00fczere k\u00fcresel sermaye olu\u015fturuyordu. AKP&#8217;nin iktidara gelmesini destekleyen k\u00fcresel sermaye-ki bunlar yo\u011fun olarak T\u00fcrkiye&#8217;ye bor\u00e7 verenlerdir- verdi\u011fi deste\u011fin kar\u015f\u0131l\u0131\u011f\u0131n\u0131 fazlas\u0131yla al\u0131yordu.<\/span><\/span><\/p>\n<p><span style=\"font-family: arial,helvetica,sans-serif;\"><span style=\"font-size: 10pt;\">Para; yolsuzluk ekonomisi ve bor\u00e7lanma ile sa\u011flan\u0131yordu. Her iki yolla aktar\u0131lan kaynak, siyasetin finansman\u0131nda ve yanda\u015f zengin yaratmada kullan\u0131l\u0131yordu. AKP iktidar\u0131 Cumhuriyet tarihinin en y\u00fcksek bor\u00e7lanmas\u0131n\u0131 yaparak, k\u00fcresel para baronlar\u0131na ve Siyonist patronlar\u0131na diyet \u00f6d\u00fcyordu. T\u00fcrkiye ekonomisi d\u00fcnyan\u0131n en y\u00fcksek faizi ile s\u00f6m\u00fcr\u00fcl\u00fcrken, di\u011fer yandan rekor seviyelerde cari a\u00e7\u0131k vererek (cari a\u00e7\u0131k = bor\u00e7) k\u00fcresel sermayenin tam istedi\u011fi gibi davran\u0131yordu. Onlar i\u00e7in T\u00fcrkiye; sa\u011fmal inek g\u00f6r\u00fcl\u00fcyordu. AKP ine\u011fin yular\u0131n\u0131 ellerine vermi\u015f, T\u00fcrkiye sa\u011f\u0131l\u0131rken her t\u00fcrl\u00fc yard\u0131m\u0131 yaparak efendilerine hizmet ediyordu. \u00d6zelle\u015ftirmelerde hi\u00e7bir \u015fekilde ulusal g\u00fcvenlik kayg\u0131s\u0131 ta\u015f\u0131mayan, T\u00fcrk ekonomisinde bankac\u0131l\u0131k sekt\u00f6r\u00fc ba\u015fta olmak \u00fczere yabanc\u0131la\u015fman\u0131n \u00f6n\u00fcn\u00fc a\u00e7an AKP h\u00fck\u00fcmeti, kendilerini iktidara ta\u015f\u0131yan k\u00fcresel sermayeye istediklerini fazlas\u0131yla veriyordu. \u00d6zellikle banka sat\u0131\u015flar\u0131; sanayiden, tar\u0131ma T\u00fcrk ekonomisinin teslimiyetinin ilk b\u00fcy\u00fck ad\u0131m\u0131 oluyordu.<\/span><\/span><\/p>\n<p><span style=\"font-family: arial,helvetica,sans-serif;\"><span style=\"font-size: 10pt;\">AKP H\u00fck\u00fcmeti&#8217;nin en &#8220;ba\u015far\u0131l\u0131&#8221; oldu\u011fu konu; yolsuzluk kokan projeleri, halk\u0131 yan\u0131na \u00e7ekecek olanlar aras\u0131ndan dikkatle se\u00e7mesiydi. Gizli Recep Holding&#8217;in \u015firketlerine milyarlarca dolar aktar\u0131lmas\u0131 ile sonu\u00e7lanacak konut yap\u0131m i\u015fleri bu projelerin en \u00f6nemli ayaklar\u0131ndan biriydi. \u00c7o\u011funlu\u011fu yoksul olan ve &#8220;kiraya \u00e7al\u0131\u015fan'&#8221; T\u00fcrk insan\u0131 &#8220;ba\u015f\u0131n\u0131 sokacak bir ev&#8221; hayali i\u00e7indeydi. AKP se\u00e7im \u00f6ncesinde verdi\u011fi s\u00f6z\u00fc yerine getirmek i\u00e7in T\u00fcrkiye&#8217;nin en b\u00fcy\u00fck konut projesini ba\u015flatt\u0131\u011f\u0131n\u0131 s\u00f6ylemekteydi. \u201cKira \u00f6der gibi ev sahibi olunacak\u201d slogan\u0131 medyada \u00f6ylesine yayg\u0131n \u015fekilde pompaland\u0131 ki; daha konutlar ortada yokken halk neredeyse ev sahibi olmu\u015f gibi sevinmekteydi. Konut yap\u0131m\u0131nda en b\u00fcy\u00fck s\u0131k\u0131nt\u0131 yeterli arsan\u0131n bulunamay\u0131\u015f\u0131yd\u0131.<\/span><\/span><\/p>\n<p><span style=\"font-family: arial,helvetica,sans-serif;\"><span style=\"font-size: 10pt;\">H\u00fck\u00fcmet \u00e7\u00f6z\u00fcm olarak \u201cArsa Ofisi Genel M\u00fcd\u00fcrl\u00fc\u011f\u00fc\u201dn\u00fc (AOGM) kapatarak, g\u00f6rev ve yetkilerinin \u201cToplu Konut \u0130daresi\u201dne (TOK\u0130) devri i\u00e7in yasa haz\u0131rlad\u0131. AOGM&#8217;nin ta\u015f\u0131nmaz mallar\u0131yla birlikte t\u00fcm personeli Bay\u0131nd\u0131rl\u0131k ve \u0130sk\u00e2n Bakanl\u0131\u011f\u0131&#8217;na, ara\u00e7lar\u0131 ve t\u00fcm haklar\u0131 da TOK\u0130&#8217;ye verilecekti. Mevcut paralar ise &#8220;duble yol&#8221; yap\u0131m\u0131nda kullan\u0131lacakt\u0131.<\/span><\/span><\/p>\n<p><span style=\"font-family: arial,helvetica,sans-serif;\"><span style=\"font-size: 10pt;\">\u00a0Ya\u011fmaya kar\u015f\u0131 kurulan AOGM&#8217;nin amac\u0131; kapat\u0131lmas\u0131 halinde ortaya \u00e7\u0131kacak manzaray\u0131 da \u00f6zetliyordu:<\/span><\/span><\/p>\n<p><strong><span style=\"font-family: arial,helvetica,sans-serif;\"><span style=\"font-size: 10pt;\">&#8220;T\u00fcrkiye genelinde, planl\u0131 kentle\u015fme i\u00e7in kamusal ama\u00e7la ihtiya\u00e7 duyulan arsalar\u0131 \u00fcretmek; arazilerin a\u015f\u0131r\u0131 fiyat art\u0131\u015flar\u0131n\u0131 \u00f6nlemek; bu ama\u00e7la tanzim al\u0131\u015f ve sat\u0131\u015f\u0131 yapmak, ayr\u0131ca konut, sanayi, e\u011fitim, sa\u011fl\u0131k ve turizm yat\u0131r\u0131mlar\u0131 ile kamu tesisleri i\u00e7in arazi ve arsa sa\u011flamak\u2026&#8221;<\/span><\/span><\/strong><\/p>\n<p><span style=\"font-family: arial,helvetica,sans-serif;\"><span style=\"font-size: 10pt;\">AKP sayesinde Hazine arazilerinin planl\u0131 kentlere d\u00f6n\u00fc\u015fmesi hayali y\u0131k\u0131ld\u0131. TOK\u0130 \u00fczerinden Hazine arazileri G\u00f6r\u00fcnmez Holding&#8217;in talan\u0131na a\u00e7\u0131ld\u0131. Kat kar\u015f\u0131l\u0131\u011f\u0131 arsa modeli ile uygulanan bu talanda hi\u00e7bir tecr\u00fcbesi bulunmayan yanda\u015f \/mantar m\u00fcteahhitler trilyonlar kazanmaya ba\u015flad\u0131.<\/span><\/span><\/p>\n<p><span style=\"font-family: arial,helvetica,sans-serif;\"><span style=\"font-size: 10pt;\">Planl\u0131 kentle\u015fme s\u00f6z konusu bile olmad\u0131. Halk &#8220;size ucuz konut yap\u0131yoruz&#8221; diyerek uyutuluyor, m\u00fcteahhitler ceplerini kamu arazilerini ya\u011fmalayarak dolduruyorlard\u0131.<\/span><\/span><\/p>\n<p><span style=\"font-family: arial,helvetica,sans-serif;\"><span style=\"font-size: 10pt;\">H\u00fck\u00fcmet TOK\u0130&#8217;yi ola\u011fan\u00fcst\u00fc yetkilerle donatm\u0131\u015ft\u0131! TOK\u0130 konut yapaca\u011f\u0131 arsan\u0131n tapusunu almadan, kamula\u015ft\u0131rma yapmadan, imar plan\u0131 bile olmadan ihaleye \u00e7\u0131karmaktayd\u0131.<\/span><\/span><a href=\"#_ftn3\"><span style=\"font-family: arial,helvetica,sans-serif;\"><span style=\"font-size: 10pt;\">[3]<\/span><\/span><\/a><span style=\"font-family: arial,helvetica,sans-serif;\"><span style=\"font-size: 10pt;\"> \u00d6yle projeler yap\u0131ld\u0131 ki; TOK\u0130 \u00f6nce binalar\u0131 yapmakta, imar planlar\u0131 daha sonra bu binalara uydurulmaktayd\u0131!<\/span><\/span><\/p>\n<p><span style=\"font-family: arial,helvetica,sans-serif;\"><span style=\"font-size: 10pt;\">TOK\u0130 kendi arsas\u0131n\u0131 \u00fcretiyor, istedi\u011fi projeyi istedi\u011fi ko\u015fullarda, istedi\u011fi m\u00fcteahhide yapt\u0131r\u0131yordu. Denetimsizli\u011fi de cabas\u0131yd\u0131. Katrilyonluk rant denizinin \u00fczerinde, dolayl\u0131 bi\u00e7imde Ba\u015fbakan Erdo\u011fan&#8217;a ba\u011fl\u0131 bir vurgun krall\u0131\u011f\u0131 ortaya \u00e7\u0131km\u0131\u015ft\u0131.<\/span><\/span><\/p>\n<p><span style=\"font-family: arial,helvetica,sans-serif;\"><span style=\"font-size: 10pt;\">G\u00f6r\u00fcnmez Holding&#8217;in g\u00f6zlerden uzak en \u00e7arp\u0131c\u0131 palazlanma s\u00fcre\u00e7lerinden biri burada ya\u015fand\u0131. Onlar i\u00e7in dikensiz bir g\u00fcl bah\u00e7esi yarat\u0131lm\u0131\u015ft\u0131! D\u00fcn\u00fcn k\u00fc\u00e7\u00fck esnaflar\u0131 in\u015faat\u00e7\u0131 olmu\u015f, \u00f6nce b\u00fcy\u00fck \u015firketlerin ta\u015feronlu\u011funu yaparak i\u015fi \u00f6\u011frenmi\u015f ard\u0131ndan ihaleler bu \u015firketlere akmaya ba\u015flam\u0131\u015ft\u0131.<\/span><\/span><\/p>\n<p><span style=\"font-family: arial,helvetica,sans-serif;\"><span style=\"font-size: 10pt;\">TOK\u0130&#8217;nin ba\u015f\u0131na \u0130stanbul B\u00fcy\u00fck\u015fehir Belediyesi&#8217;ne ba\u011fl\u0131 K\u0130PTA\u015e&#8217;\u0131n eski genel m\u00fcd\u00fcr\u00fc Erdo\u011fan Bayraktar getirilmi\u015fti. Bayraktar, Ba\u015fbakan Erdo\u011fan&#8217;a en yak\u0131n isimlerden biriydi. Gazeteci Harun G\u00fcrek AKP devrindeki TOKI ihalelerini ara\u015ft\u0131r\u0131p kitapla\u015ft\u0131rd\u0131. TOK\u0130&#8217;nin a\u00e7l\u0131\u011f\u0131 konut, altyap\u0131, sosyal donat\u0131 ihalelerinden bin tanesini mercek alt\u0131na alan G\u00fcrek; ANAP&#8217;\u0131n ba\u015flat\u0131p DYP&#8217;nin tamamlayamad\u0131\u011f\u0131 konut vurgununda AKP&#8217;nin \u00f6nemli \u00f6l\u00e7\u00fcde hedefe ula\u015ft\u0131\u011f\u0131n\u0131 anlatmaktayd\u0131. Ara\u015ft\u0131rma, \u00e7arp\u0131c\u0131 sonu\u00e7lar\u0131 ve G\u00f6r\u00fcnmez Holding&#8217;in TOK\u0130&#8217;ye konumlanan \u015firketleri a\u00e7\u0131s\u0131ndan \u00f6nemli tespitlerde bulunmaktayd\u0131.<\/span><\/span><\/p>\n<p><strong><span style=\"font-family: arial,helvetica,sans-serif;\"><span style=\"font-size: 10pt;\">16 katrilyonun 10 katrilyonu yanda\u015flara<\/span><\/span><\/strong><\/p>\n<p><span style=\"font-family: arial,helvetica,sans-serif;\"><span style=\"font-size: 10pt;\">TOK\u0130 ve EGYO&#8217;nun ger\u00e7ekle\u015ftirdi\u011fi konut, altyap\u0131, sosyal donat\u0131 ihaleleri 16 milyar YTL\u2019yi (16 katrilyonu) buluyordu. Bu ihalelerin 10 milyar YTL&#8217;si ( 10 katrilyon liras\u0131) yani y\u00fczde 68&#8217;i AKP&#8217;ye \u00fcye ya da AKP&#8217;ye yak\u0131n i\u015fadamlar\u0131 ile Fetullah G\u00fclen Cemaati ba\u015fta olmak \u00fczere \u00e7e\u015fitli i\u015fbirlik\u00e7i tarikat ve cemaatlere yak\u0131n i\u015fadamlar\u0131na veriliyordu.<\/span><\/span><\/p>\n<p><span style=\"font-family: arial,helvetica,sans-serif;\"><span style=\"font-size: 10pt;\">Bu i\u015fadamlar\u0131 \u00e7o\u011funlukla M\u00dcS\u0130AD, TUSKON, ASKON, KASTOB gibi demek, konfederasyon ve birliklere \u00fcye g\u00f6r\u00fcn\u00fcyordu. Baz\u0131 ihalelerin, bu m\u00fcteahhitlerle konsorsiyum olu\u015fturan \u015firketlerce al\u0131nd\u0131\u011f\u0131 da hesaba kat\u0131ld\u0131\u011f\u0131nda bu kez dolayl\u0131 olarak AKP&#8217;ye yak\u0131n m\u00fcteahhitlerin ald\u0131klar\u0131 i\u015flerin (belediyeler ve di\u011fer kamu kurulu\u015flar\u0131, bakanl\u0131klar hari\u00e7!) tutar\u0131 11-12 milyar YTL\u2019ye, (11-12 katrilyon lira) ula\u015f\u0131yordu. Yani TOK\u0130 ve EGYO&#8217;nun toplam ihaleler i\u00e7indeki paylar\u0131 da y\u00fczde 75-78&#8217;e \u00e7\u0131k\u0131yordu.<\/span><\/span><\/p>\n<p><strong><span style=\"font-family: arial,helvetica,sans-serif;\"><span style=\"font-size: 10pt;\">\u00a0Mafya, K\u00fcresel Kapitalizm ve Devlet<\/span><\/span><\/strong><\/p>\n<p><span style=\"font-family: arial,helvetica,sans-serif;\"><span style=\"font-size: 10pt;\">D\u00fcnya s\u00f6m\u00fcr\u00fc sistemi olan k\u00fcresel kapitalizm, kendi ba\u011fr\u0131nda ta\u015f\u0131d\u0131\u011f\u0131 mafyatik yap\u0131y\u0131 yer k\u00fcrenin her yerine ta\u015f\u0131m\u0131\u015ft\u0131r. Geli\u015fmi\u015f kapitalist \u00fclkelerde bile i\u015fler ve ihaleler mafyan\u0131n kontrol\u00fc alt\u0131ndad\u0131r.<\/span><\/span><\/p>\n<p><span style=\"font-family: arial,helvetica,sans-serif;\"><span style=\"font-size: 10pt;\">\u00d6rne\u011fin, mafyan\u0131n isim babal\u0131\u011f\u0131n\u0131 yapan \u0130talya\u2019da, mafya ekonomisinin b\u00fcy\u00fckl\u00fc\u011f\u00fc milli gelirin y\u00fczde yirmisine yak\u0131nd\u0131r. Milano Ticaret Odas\u0131n\u0131n ara\u015ft\u0131rmas\u0131na g\u00f6re, mafyan\u0131n \u0130talya\u2019daki y\u0131ll\u0131k cirosu yakla\u015f\u0131k 133 milyar dolard\u0131r. D\u00fcnya mafyas\u0131n\u0131n kontrol etti\u011fi toplam sermayenin 8,4 trilyon dolar oldu\u011fu ve bunun %70\u2019inin ABD mafyas\u0131 taraf\u0131ndan kontrol edildi\u011fi tahmin ediliyor.<\/span><\/span><\/p>\n<p><span style=\"font-family: arial,helvetica,sans-serif;\"><span style=\"font-size: 10pt;\">D\u00fcnyada kara para dola\u015f\u0131m\u0131n\u0131n ve aklanmas\u0131n\u0131n sa\u011fland\u0131\u011f\u0131 55 mali cennet bulunuyor. \u00d6rne\u011fin Cayman Adalar\u0131 d\u00fcnyan\u0131n be\u015finci b\u00fcy\u00fck bankac\u0131l\u0131k merkezi say\u0131l\u0131yor. Bu adadaki banka ve \u015firket say\u0131s\u0131, n\u00fcfustan bile fazla g\u00f6z\u00fck\u00fcyor. Bu mal\u00ee cennetlerden y\u00f6netilen para hacminin en az 3 trilyon dolarla d\u00fcnyan\u0131n toplam gelirinin y\u00fczde 15\u2019ini buldu\u011fu san\u0131l\u0131yor.<\/span><\/span><\/p>\n<p><span style=\"font-family: arial,helvetica,sans-serif;\"><span style=\"font-size: 10pt;\">B\u00fcy\u00fck bankalar da, off-shore bankac\u0131l\u0131\u011f\u0131 ad\u0131 verilen sistemle, hem y\u00fcksek komisyonlar kar\u015f\u0131l\u0131\u011f\u0131 kara para akl\u0131yor, hem de bu yolla elde edilen gelirlerle mafya \u00f6rg\u00fctlerini finanse ediyor.<\/span><\/span><\/p>\n<p><span style=\"font-family: arial,helvetica,sans-serif;\"><span style=\"font-size: 10pt;\">Bir d\u00f6nem bu sistem T\u00fcrkiye\u2019de de \u00f6zellikle batan veya el konulan bankalarda ya\u015fan\u0131yordu. \u015eimdi buna daha yumu\u015fak ve ya\u011fl\u0131 k\u0131l\u0131flar uydurulmu\u015ftu.<\/span><\/span><\/p>\n<p><span style=\"font-family: arial,helvetica,sans-serif;\"><span style=\"font-size: 10pt;\">Kara para bankac\u0131l\u0131k sisteminde aklanarak dola\u015f\u0131yor ve hem yasal faaliyetlere (yani kapitalizmin g\u00fcya temiz para kazand\u0131\u011f\u0131 faaliyetlere) hem de yine yeralt\u0131n\u0131n finansman\u0131na ak\u0131yordu. Kara paran\u0131n makbul yat\u0131r\u0131m ara\u00e7lar\u0131 aras\u0131nda devlet tahvilleri, hazine bonolar\u0131 vard\u0131. Pek \u00e7ok \u00fclkede mafya \u00f6rg\u00fctleri devletin \u00f6nemli bor\u00e7 kayna\u011f\u0131 durumunda ve b\u00f6ylesi ara\u00e7lar vesilesiyle h\u00fck\u00fcmetlerin k\u0131sa vadeli ekonomik politikalar\u0131n\u0131 belirlemede dahi etkili oluyorlard\u0131.<\/span><\/span><\/p>\n<p><span style=\"font-family: arial,helvetica,sans-serif;\"><span style=\"font-size: 10pt;\">Tayland\u2019da uyu\u015fturucudan elde edilen milyarlarca dolar mafya taraf\u0131ndan tekstil sanayine yat\u0131r\u0131m yap\u0131larak de\u011ferlendirilmi\u015f durumdayd\u0131.<\/span><\/span><\/p>\n<p><span style=\"font-family: arial,helvetica,sans-serif;\"><span style=\"font-size: 10pt;\">\u00c7in mafyas\u0131 kara paray\u0131 serbest b\u00f6lgeye ak\u0131tmaktayd\u0131 ve y\u0131ll\u0131k i\u015f hacmi 200 milyar dolar civar\u0131ndayd\u0131.<\/span><\/span><\/p>\n<p><span style=\"font-family: arial,helvetica,sans-serif;\"><span style=\"font-size: 10pt;\">Rusya\u2019da 1300 civar\u0131nda oldu\u011fu tahmin edilen, birbirlerine karma\u015f\u0131k ili\u015fkilerle ba\u011fl\u0131 mafya \u00f6rg\u00fctleri ekonominin y\u00fczde 40\u2019\u0131n\u0131, 35-40 bin i\u015fletmeyi, en az 400 bankay\u0131 kontrol\u00fcnde tutuyordu.\u00a0 Putin y\u00f6netimi, \u00e7o\u011fu Siyonist Yahudilerin kontrol\u00fcndeki bu \u015febekelere sava\u015f a\u00e7t\u0131\u011f\u0131 ve millile\u015ftirmeye \u00e7al\u0131\u015ft\u0131\u011f\u0131 i\u00e7in hedef yap\u0131l\u0131yordu.<\/span><\/span><\/p>\n<p><span style=\"font-family: arial,helvetica,sans-serif;\"><span style=\"font-size: 10pt;\">Hatta k\u00fcresel s\u00f6m\u00fcr\u00fc sermayesi bu y\u00fczden Rusya\u2019daki sisteme \u201cmafya kapitalizmi\u201d diyordu.<\/span><\/span><\/p>\n<p><span style=\"font-family: arial,helvetica,sans-serif;\"><span style=\"font-size: 10pt;\">Bu tan\u0131mlama ger\u00e7ekli\u011fin bir y\u00f6n\u00fcne i\u015faret etse de Rusya\u2019da, Kolombiya\u2019da ve dahas\u0131 Amerika\u2019da mevcut sistemleri \u201cmafya kapitalizmi\u201d olarak niteleyenler, asl\u0131nda mafya ve kapitalizmin genelde nas\u0131l i\u00e7 i\u00e7e ge\u00e7ti\u011fini saklamaya \u00e7al\u0131\u015f\u0131yordu.<\/span><\/span><\/p>\n<p><span style=\"font-family: arial,helvetica,sans-serif;\"><span style=\"font-size: 10pt;\">T\u00fcm bu anlat\u0131lanlar\u0131n ve yukarda belirtilen verilerin i\u015faret etti\u011fi ger\u00e7eklik, sistemin niteli\u011fi gere\u011fi olu\u015fan ve k\u0131saca mafya ad\u0131 verilen yap\u0131lar\u0131n kapitalizmin hamurunda var oldu\u011fu ve kapitalizm y\u0131k\u0131lmad\u0131\u011f\u0131 s\u00fcrece ortadan kalkmayaca\u011f\u0131d\u0131r. Bug\u00fcn mafya ve kapitalist devletler ayn\u0131 b\u00fct\u00fcnl\u00fc\u011f\u00fcn par\u00e7alar\u0131d\u0131r ve birbirlerinden ayr\u0131lmas\u0131 imk\u00e2ns\u0131zd\u0131r. Yani mafya \u00f6rg\u00fctlerinin faaliyetleri, devletlerin engellemek isteyip de engellemeyi ba\u015faramad\u0131\u011f\u0131 faaliyetler de\u011fil, gayri resmi ortaklar\u0131d\u0131r. Mafyaya y\u00f6nelik \u00e7e\u015fitli d\u00f6nemlerde d\u00fczenlenen operasyonlarsa mafyay\u0131 ortadan kald\u0131rmak amac\u0131yla de\u011fil, devletin mafya \u00fczerindeki denetimini peki\u015ftirmek i\u00e7in yap\u0131l\u0131r. Y\u0131llard\u0131r yap\u0131lan tutuklamalara ve \u201c\u00e7\u00f6kertilen\u201d mafya \u00f6rg\u00fctlerine ra\u011fmen yeralt\u0131 faaliyetlerinin artarak s\u00fcrmesi, K\u00fcresel kapitalistlerin ve i\u015fbirlik\u00e7i h\u00fck\u00fcmetlerin niyetlerinin mafyay\u0131 ortadan kald\u0131rmak olmad\u0131\u011f\u0131n\u0131n en a\u00e7\u0131k kan\u0131t\u0131d\u0131r.<\/span><\/span><\/p>\n<p><span style=\"font-family: arial,helvetica,sans-serif;\"><span style=\"font-size: 10pt;\">Kapitalist sistemin can\u0131ndan bezdirdi\u011fi kesimlerin ba\u011fr\u0131ndaki \u00f6fkeyi kullanarak yine sistemi besleyen bir mecraya ak\u0131tan mafya \u00f6rg\u00fctleri \u00f6zellikle kapitalizmin kriz d\u00f6nemlerindeki ba\u015fl\u0131ca soygun arac\u0131d\u0131r. Kapitalizm kendisine y\u00f6nelecek tehdidin bir b\u00f6l\u00fcm\u00fcn\u00fc b\u00f6yle kontrol etmeye \u00e7al\u0131\u015fmaktad\u0131r.<\/span><\/span><\/p>\n<p><span style=\"font-family: arial,helvetica,sans-serif;\"><span style=\"font-size: 10pt;\">1930\u2019lar\u0131n Amerika\u2019s\u0131nda etkinli\u011fi y\u00fckselen mafyan\u0131n bu durumu tesad\u00fcf\u00ee san\u0131lmamal\u0131d\u0131r. Bug\u00fcn de, sefaletin ve toplumsal adaletsizli\u011fin k\u0131rbac\u0131 alt\u0131nda ya\u015fayan yoksul gen\u00e7ler, kurtulu\u015flar\u0131n\u0131; televizyon dizilerinden g\u00f6rerek \u00f6zendikleri, mafya delikanl\u0131lar\u0131 gibi sa\u011flayacaklar\u0131 hayaline kap\u0131lmaktad\u0131r.<\/span><\/span><\/p>\n<p><span style=\"font-family: arial,helvetica,sans-serif;\"><span style=\"font-size: 10pt;\">Ger\u00e7ek hayatta buna yeltenenlerin her birinin, s\u0131ras\u0131 geldi\u011finde b\u00f6cek gibi ezildiklerini bile bile, bu kirli \u015febekelere av olmaktad\u0131r. Ama maalesef bug\u00fcn onlar\u0131n aldan\u0131\u015f\u0131n\u0131 da\u011f\u0131tacak ve mafyan\u0131n yerine onlara umut olacak ba\u015fka bir g\u00fc\u00e7 ortada bulunmamaktad\u0131r.<\/span><\/span><\/p>\n<p><span style=\"font-family: arial,helvetica,sans-serif;\"><span style=\"font-size: 10pt;\">\u0130nsanlar i\u00e7inde ya\u015fad\u0131klar\u0131 insanl\u0131k d\u0131\u015f\u0131 toplumsal sistemi de\u011fi\u015ftirmedik\u00e7e, hi\u00e7bir \u015fekilde kendi ya\u015fam ko\u015fullar\u0131n\u0131 da de\u011fi\u015ftirme imk\u00e2n\u0131na kavu\u015famayacakt\u0131r\u2026<\/span><\/span><\/p>\n<p><span style=\"font-family: arial,helvetica,sans-serif;\"><span style=\"font-size: 10pt;\">Bu y\u00fczden, bu toplumda var olan her t\u00fcrl\u00fc melanetle m\u00fccadelenin siyonist kapitalizme kar\u015f\u0131 m\u00fccadele merkezinde toplanmad\u0131k\u00e7a bir sonu\u00e7 elde edilemeyece\u011fi iyi kavranmal\u0131d\u0131r. (\u0130\u015fte bu y\u00fczden, Erbakan Hoca\u2019n\u0131n Milli G\u00f6r\u00fc\u015f Davas\u0131 ve faizsiz Adil D\u00fczen programlar\u0131 olduk\u00e7a \u00f6nemli say\u0131lmaktad\u0131r.)<\/span><\/span><\/p>\n<p><span style=\"font-family: arial,helvetica,sans-serif;\"><span style=\"font-size: 10pt;\">G\u00fcn ge\u00e7tik\u00e7e insanl\u0131\u011f\u0131 daha b\u00fcy\u00fck sorunlarla y\u00fcz y\u00fcze b\u0131rakan kapitalist sistemin ideologlar\u0131 ne kadar yan\u0131ltmaya kalksalar da, mafyay\u0131 da kapitalizm yaratm\u0131\u015ft\u0131r. Mafyas\u0131z bir kapitalizm imk\u00e2ns\u0131zd\u0131r. Devleti mafyayla daha yo\u011fun bir m\u00fccadeleye \u00e7a\u011f\u0131rmak devleti de mafyay\u0131 da anlamamakt\u0131r.<\/span><\/span><\/p>\n<p><strong><span style=\"font-family: arial,helvetica,sans-serif;\"><span style=\"font-size: 14pt;\">Unutmayal\u0131m ki, mafyan\u0131n varl\u0131\u011f\u0131n\u0131, sadece iyi i\u015flemeyen hukuk d\u00fczenine ya da ahlak\u0131 bozuk y\u00f6neticilerin rezilli\u011fine dayanarak a\u00e7\u0131klamak ta saf\u00e7a bir yan\u0131lg\u0131dan kaynaklan\u0131r. Kapitalizmin papazlar\u0131, pis kokular\u0131n ayyuka \u00e7\u0131kt\u0131\u011f\u0131 b\u00f6ylesi zamanlarda, \u201csistemin iyile\u015ftirilebilir oldu\u011fu yalan\u0131n\u0131\u201d insanlar\u0131n zihninde yayg\u0131nla\u015ft\u0131rmak i\u00e7in bu g\u00f6r\u00fc\u015fleri pazarlamakta ve masonik medya eliyle kafalara kaz\u0131nmaktad\u0131r.<\/span><\/span><\/strong><\/p>\n<p><strong><span style=\"font-family: arial,helvetica,sans-serif;\"><span style=\"font-size: 14pt;\">Faizci kapitalizm \u00e7\u00fcr\u00fcyor ve kapitalizm d\u00e2hilinde hi\u00e7bir sorunun ger\u00e7ek \u00e7\u00f6z\u00fcm\u00fcn\u00fcn sa\u011flanamayaca\u011f\u0131 ger\u00e7e\u011fi, insanl\u0131k i\u00e7in tek kurtulu\u015f yolunun: her y\u00f6nden kalk\u0131nman\u0131n ve ger\u00e7ek ba\u011f\u0131ms\u0131zl\u0131\u011f\u0131n Milli G\u00f6r\u00fc\u015f\u2019le ve Adil D\u00fczen\u2019le m\u00fcmk\u00fcn oldu\u011funu g\u00f6steriyor. <\/span><\/span><\/strong><\/p>\n<p><strong><span style=\"font-family: arial,helvetica,sans-serif;\"><span style=\"font-size: 14pt;\">\u201cKapitalizm insanl\u0131k arabas\u0131n\u0131n y\u00f6n\u00fcn\u00fc barbarl\u0131\u011fa do\u011fru k\u0131rm\u0131\u015ft\u0131r ve u\u00e7urumdan a\u015fa\u011f\u0131 son s\u00fcrat kaymaktad\u0131r\u201d diyen Miktat Alg\u00fcl yerden g\u00f6\u011fe kadar hakl\u0131d\u0131r.<\/span><\/span><\/strong><\/p>\n<p><span style=\"font-family: arial,helvetica,sans-serif;\"><span style=\"font-size: 10pt;\">\u00a0<\/span><\/span><\/p>\n<p> <br clear=\"all\" \/><span style=\"font-family: arial,helvetica,sans-serif;\"><span style=\"font-size: 10pt;\"> <\/p>\n<hr \/>\n<p> <\/span><\/span> <\/p>\n<p><a href=\"#_ftnref1\"><span style=\"font-family: arial,helvetica,sans-serif;\"><span style=\"font-size: 10pt;\">[1]<\/span><\/span><\/a><span style=\"font-family: arial,helvetica,sans-serif;\"><span style=\"font-size: 10pt;\"> Re\u015fat Nuri Erol \/ Milli Gazete<\/span><\/span><\/p>\n<p><a href=\"#_ftnref2\"><span style=\"font-family: arial,helvetica,sans-serif;\"><span style=\"font-size: 10pt;\">[2]<\/span><\/span><\/a><span style=\"font-family: arial,helvetica,sans-serif;\"><span style=\"font-size: 10pt;\"> 24 Eyl\u00fcl 2009 \/ Odatv.com<\/span><\/span><\/p>\n<p><a href=\"#_ftnref3\"><span style=\"font-family: arial,helvetica,sans-serif;\"><span style=\"font-size: 10pt;\">[3]<\/span><\/span><\/a><span style=\"font-family: arial,helvetica,sans-serif;\"><span style=\"font-size: 10pt;\"> AKP\u2019nin M\u00fcteahhitleri \/ Harun G\u00fcrek \/ G\u00fcncel yay\u0131nc\u0131l\u0131k<\/span><\/span><\/p>\n","protected":false},"excerpt":{"rendered":"<p>T\u00fcrk-\u0130\u015f sonunda uyanm\u0131\u015ft\u0131: \u201cIMF&#8217;den T\u00fcrkiye&#8217;ye dost olmaz!\u201d T\u00fcrk-\u0130\u015f taraf\u0131ndan haz\u0131rlanan raporda, &#8220;IMF&#8217;den T\u00fcrkiye&#8217;ye dost olmayaca\u011f\u0131, \u00f6nerilerinden iyile\u015ftirici bir re\u00e7ete \u00e7\u0131kmayaca\u011f\u0131&#8221; ifade edilerek, &#8220;T\u00fcrk-\u0130\u015f olarak IMF-D\u00fcnya Bankas\u0131 patentli politikalar\u0131n terk edilmesi \u00e7a\u011fr\u0131m\u0131z\u0131 yineliyor ve siyasi tercihin bu y\u00f6nde olu\u015fmas\u0131n\u0131 talep ediyoruz&#8221; yaz\u0131lm\u0131\u015ft\u0131. Konfederasyon IMF ve D\u00fcnya Bankas\u0131 y\u0131ll\u0131k toplant\u0131lar\u0131n\u0131n T\u00fcrkiye&#8217;de ger\u00e7ekle\u015ftirilmesi dolay\u0131s\u0131yla T\u00fcrkiye&#8217;nin IMF ve D\u00fcnya [&hellip;]<\/p>\n","protected":false},"author":30,"featured_media":0,"comment_status":"open","ping_status":"closed","sticky":false,"template":"","format":"standard","meta":{"footnotes":""},"categories":[103],"tags":[],"class_list":["post-1691","post","type-post","status-publish","format-standard","hentry","category-aralik-2009"],"_links":{"self":[{"href":"https:\/\/www.millicozum.com\/mc\/wp-json\/wp\/v2\/posts\/1691","targetHints":{"allow":["GET"]}}],"collection":[{"href":"https:\/\/www.millicozum.com\/mc\/wp-json\/wp\/v2\/posts"}],"about":[{"href":"https:\/\/www.millicozum.com\/mc\/wp-json\/wp\/v2\/types\/post"}],"author":[{"embeddable":true,"href":"https:\/\/www.millicozum.com\/mc\/wp-json\/wp\/v2\/users\/30"}],"replies":[{"embeddable":true,"href":"https:\/\/www.millicozum.com\/mc\/wp-json\/wp\/v2\/comments?post=1691"}],"version-history":[{"count":0,"href":"https:\/\/www.millicozum.com\/mc\/wp-json\/wp\/v2\/posts\/1691\/revisions"}],"wp:attachment":[{"href":"https:\/\/www.millicozum.com\/mc\/wp-json\/wp\/v2\/media?parent=1691"}],"wp:term":[{"taxonomy":"category","embeddable":true,"href":"https:\/\/www.millicozum.com\/mc\/wp-json\/wp\/v2\/categories?post=1691"},{"taxonomy":"post_tag","embeddable":true,"href":"https:\/\/www.millicozum.com\/mc\/wp-json\/wp\/v2\/tags?post=1691"}],"curies":[{"name":"wp","href":"https:\/\/api.w.org\/{rel}","templated":true}]}}