{"id":1724,"date":"2010-01-05T20:20:58","date_gmt":"2010-01-05T20:20:58","guid":{"rendered":"https:\/\/www.millicozum.com\/mc\/2010\/01\/05\/seferberlik-sorusturmasi-ya-akp-ve-f-gulen-aleyhine-sonuclanirsa\/"},"modified":"2010-01-05T20:20:58","modified_gmt":"2010-01-05T20:20:58","slug":"seferberlik-sorusturmasi-ya-akp-ve-f-gulen-aleyhine-sonuclanirsa","status":"publish","type":"post","link":"https:\/\/www.millicozum.com\/mc\/ozel-yazilar\/seferberlik-sorusturmasi-ya-akp-ve-f-gulen-aleyhine-sonuclanirsa\/","title":{"rendered":"SEFERBERL\u0130K SORU\u015eTURMASI YA, AKP VE F. G\u00dcLEN ALEYH\u0130NE SONU\u00c7LANIRSA!?"},"content":{"rendered":"<p><span style=\"font-family: arial,helvetica,sans-serif;\">    <br \/><\/span> <\/p>\n<p align=\"center\"><span style=\"font-family: arial,helvetica,sans-serif;\"><strong> <\/strong><\/span><\/p>\n<p><span style=\"font-family: arial,helvetica,sans-serif;\"><strong>Soysuzlar konuyu suland\u0131rmak ve sapt\u0131rmak i\u00e7in sorup durmaktayd\u0131: <\/strong><\/span><\/p>\n<p><span style=\"font-family: arial,helvetica,sans-serif;\"><strong>\u201cEfendim, T.C. Devleti ve mahkemeleri kendi askerini ve ba\u011fl\u0131 birimlerini soru\u015fturamaz, ara\u015ft\u0131ramaz ve denetleme yapamaz m\u0131yd\u0131?\u201d<\/strong><\/span><\/p>\n<p><span style=\"font-family: arial,helvetica,sans-serif;\"><strong>Elbette ve tabi\u00ee ki yapacakt\u0131.. Ama as\u0131l sorun, TSK\u2019y\u0131 soru\u015fturanlar\u0131n BOP E\u015f Ba\u015fkanlar\u0131na ba\u011fl\u0131 olmas\u0131yd\u0131\u2026 Yani, d\u0131\u015f g\u00fc\u00e7ler hesab\u0131na, ordumuzun bask\u0131na u\u011framas\u0131yd\u0131\u2026 <\/strong><\/span><\/p>\n<p><span style=\"font-family: arial,helvetica,sans-serif;\"><strong>Ve b\u00fct\u00fcn bumlar\u0131n marazl\u0131 ve garazl\u0131 medyaya malzeme yap\u0131lmas\u0131yd\u0131!<\/strong><\/span><\/p>\n<p><span style=\"font-family: arial,helvetica,sans-serif;\"><strong>Bu uygulamalar, Hz. Mevlana\u2019n\u0131n:<\/strong><\/span><\/p>\n<p><span style=\"font-family: arial,helvetica,sans-serif;\"><strong>\u201cArad\u0131\u011f\u0131 hain adam, yatak odas\u0131na s\u0131zm\u0131\u015f, han\u0131m\u0131yla u\u011fra\u015f\u0131yor; zavall\u0131 ahmak ise, silah\u0131n\u0131 al\u0131p bah\u00e7e duvar\u0131nda d\u00fc\u015fman kolluyor\u201d s\u00f6zlerini hat\u0131rlatmaktayd\u0131.<\/strong><\/span><\/p>\n<p><span style=\"font-family: arial,helvetica,sans-serif;\"><strong>Gladyo ve NATO g\u00fcd\u00fcml\u00fc kontrgerillan\u0131n yerli elemanlar\u0131, \u00d6zel Kuvvetlerden ve Seferberlik dairesinden temizlenince, bunlar\u0131n \u00e7o\u011fu CIA ve MOSSAD\u2019\u0131n kontrol\u00fcndeki FETULLAH\u00c7ILIK b\u00fcnyesinde, Emniyet ve mahkemelerin baz\u0131 birimlerinde yuvaland\u0131\u011f\u0131 konu\u015fulmakta, bu iddialar\u0131 do\u011frulayan giri\u015fim ve geli\u015fmeler ya\u015fanmaktayd\u0131.<\/strong><\/span><\/p>\n<p><span style=\"font-family: arial,helvetica,sans-serif;\">Ankara 11. Ceza Hakimi Kadir Kayan Kirazl\u0131dere\u2019deki Ankara Seferberlik Ba\u015fkanl\u0131\u011f\u0131ndaki kozmik odada 5. dalgay\u0131 bulan ve kimisi 40 saate yakla\u015fan arama, ara\u015ft\u0131rma ve not almalar\u0131 onu \u00e7ok \u00f6nemli bilgilere ula\u015ft\u0131rm\u0131\u015ft\u0131. Biliyorsunuz 11. A\u011f\u0131r Ceza, eski Devlet G\u00fcvenlik Mahkemesi yerine bakmaktayd\u0131.<\/span><\/p>\n<p><span style=\"font-family: arial,helvetica,sans-serif;\"><strong>Bu incelemeler, s\u00f6zde B\u00fclent Ar\u0131n\u00e7\u2019a y\u00f6nelik suikast iddialar\u0131 nedeniyle ba\u015flam\u0131\u015ft\u0131. Ancak bu iddialarla ilgili sorgulanan 8 asker, sonunda serbest b\u0131rak\u0131lm\u0131\u015ft\u0131. Baz\u0131 \u00e7evrelerce \u201cAKP\u2019nin korkusuzca bask\u0131n\u0131 ve demokrasi kahramanl\u0131\u011f\u0131\u201d gibi sunulan yorumlara ve suland\u0131r\u0131lmaya \u00e7al\u0131\u015f\u0131lan hukuki aramalara, Genelkurmay\u0131n, beklenenin aksine gayet so\u011fukkanl\u0131 ve a\u011f\u0131rba\u015fl\u0131 davranmas\u0131 ve kolayl\u0131k sa\u011flamas\u0131 ard\u0131ndan Cumhurba\u015fkan\u0131 Abdullah G\u00fcl\u2019\u00fcn, birden a\u011f\u0131z de\u011fi\u015ftirip; \u201cmedyada TSK\u2019ya y\u00f6nelik haks\u0131z ve dayanaks\u0131z itham ve iftiralar\u0131n sab\u0131r ta\u015f\u0131n\u0131 \u00e7atlatma noktas\u0131na ula\u015ft\u0131\u011f\u0131 ve buna tepkisiz kal\u0131namayaca\u011f\u0131\u201d anlam\u0131nda a\u00e7\u0131klamalar yapmas\u0131;<\/strong><\/span><\/p>\n<p><span style=\"font-family: arial,helvetica,sans-serif;\"><strong>\u201cAva \u00e7\u0131kan AKP\u2019lilerin, kendilerinin tuza\u011fa yakalanaca\u011f\u0131n\u0131n\u201d ipu\u00e7lar\u0131n\u0131 ta\u015f\u0131maktayd\u0131.<\/strong><\/span><\/p>\n<p><span style=\"font-family: arial,helvetica,sans-serif;\">Zaten bir taraf, defalarca ve her f\u0131rsatta: \u201cTSK asimetrik ve sistemli bir sald\u0131r\u0131yla kar\u015f\u0131 kar\u015f\u0131yad\u0131r\u201d diye uyar\u0131yor\u2026<\/span><\/p>\n<p><span style=\"font-family: arial,helvetica,sans-serif;\">Di\u011fer taraf ise, her seferinde \u00f6nce horozlan\u0131p, kula\u011f\u0131 \u00e7ekilince de: \u201ckurumlar aras\u0131 bir kavga ve kutupla\u015fma iddialar\u0131 as\u0131ls\u0131zd\u0131r!\u201d a\u00e7\u0131klamas\u0131n\u0131 yap\u0131yorsa\u2026 Art\u0131k \u201cay bacay\u0131 \u00e7oktan a\u015fm\u0131\u015ft\u0131\u201d ve \u201ccin \u015fi\u015feden \u00e7\u0131km\u0131\u015ft\u0131.\u201d<\/span><\/p>\n<p><span style=\"font-family: arial,helvetica,sans-serif;\">G\u00f6rece\u011fiz, kimin \u00e7arp\u0131laca\u011f\u0131 ise, \u00e7ar\u015f\u0131 kapand\u0131ktan sonra belli olacakt\u0131\u2026<\/span><\/p>\n<p><span style=\"font-family: arial,helvetica,sans-serif;\">2009\u2019un son MGK toplant\u0131s\u0131, bas\u0131n bildirisinde, Ar\u0131n\u00e7\u2019a suikast iddialar\u0131na ve Seferberlik Ba\u015fkanl\u0131\u011f\u0131 bask\u0131nlar\u0131na tek kelime olsun de\u011finilmemesi ise, TSK\u2019n\u0131n rahatl\u0131\u011f\u0131n\u0131 ve kendinden emin tavr\u0131n\u0131 yans\u0131t\u0131c\u0131 mesajlar ta\u015f\u0131maktayd\u0131 ve h\u0131yanet cephesinde derin bir tedirginlik yaratm\u0131\u015ft\u0131.<\/span><\/p>\n<p><span style=\"font-family: arial,helvetica,sans-serif;\"><strong>\u00d6nemli d\u00fczeltme: Bask\u0131na u\u011frayan \u201cSeferberlik Tetkik Kurulu\u201d de\u011fil, ANKARA SEFERBERL\u0130K BA\u015eKANLI\u011eIYDI!<\/strong><\/span><\/p>\n<p><span style=\"font-family: arial,helvetica,sans-serif;\">\u00d6nce bas\u0131n yanl\u0131\u015fl\u0131kla veya kas\u0131tla bir ger\u00e7e\u011fi \u00e7arp\u0131tmaktad\u0131r: Subaylar\u0131 g\u00f6zalt\u0131na al\u0131nan ve kozmik odalar\u0131na girilen yer \u201cSeferberlik Tetkik Kurulu\u201d de\u011fil, \u201cAnkara Seferberlik B\u00f6lge Ba\u015fkanl\u0131\u011f\u0131\u201dd\u0131r ve \u00d6zel Kuvvetler Komutanl\u0131\u011f\u0131\u2019na ba\u011fl\u0131d\u0131r.<\/span><\/p>\n<p><span style=\"font-family: arial,helvetica,sans-serif;\">Seferberlik Tetkik Kurulu, T\u00fcrkiye\u2019nin NATO\u2019ya girmesinin bir sonucu olarak do\u011fan ve \u00fcye \u00fclkeleri NATO arac\u0131l\u0131\u011f\u0131yla denetime almay\u0131 ama\u00e7layan yap\u0131lanmad\u0131r. Bu kurul, NATO\u2019ya \u00fcye \u00fclkelerle e\u015fzamanl\u0131 olarak 27 Eyl\u00fcl 1952 y\u0131l\u0131nda Y\u00fcksek Savunma Kurulu karar\u0131yla ortaya \u00e7\u0131km\u0131\u015f ve bizzat Amerikan Askeri Yard\u0131m Heyeti\u2019nin binas\u0131nda faaliyete ba\u015flam\u0131\u015ft\u0131r. Bunun kurulu\u015funa imza atanlar Ba\u015fbakan Adnan Menderes ve Milli Savunma M\u00fcste\u015far\u0131 Org. Salih Co\u015fkun olmu\u015flard\u0131. \u0130lk Ba\u015fkanl\u0131\u011f\u0131n\u0131 Kore\u2019de \u00e7arp\u0131\u015fan Korgeneral Dani\u015f Karabelen\u2019in yapt\u0131\u011f\u0131 Kurul\u2019un \u00e7ekirdek kadrosunu Kore\u2019den d\u00f6nen ve Gayr\u0131 Nizami Harp Stratejisi\u2019ni \u00f6\u011frenen subaylar olu\u015fturmu\u015ftu. Giderlerini ABD\u2019nin kar\u015f\u0131lad\u0131\u011f\u0131 bu Kurul\u2019a verilen g\u00f6rev; anti-emperyalist, anti-Amerikanc\u0131 bir rejim de\u011fi\u015fikli\u011fini engellemek ve mevcut rejimi Sovyet tehdidi varsay\u0131m\u0131 \u00fczerinden kontrol alt\u0131nda tutmakt\u0131. \u00d6yle ki; CIA ve Adnan Menderes h\u00fck\u00fcmeti aras\u0131nda imzalanan 1959 tarihli bir anla\u015fmada, \u201cGizli Ordu\u201dnun \u201crejime ka\u015f\u0131 i\u00e7 ayaklanma durumunda\u201d harekete ge\u00e7irilece\u011fi bile belirtiliyordu.<\/span><\/p>\n<p><span style=\"font-family: arial,helvetica,sans-serif;\">Seferberlik Tetkik Kurulu\u2019nun ismi 1965 y\u0131l\u0131nda \u00d6zel Harp Dairesi oldu. Daire, ABD\u2019nin kontrol\u00fcnde uzun y\u0131llar Kontrgerilla olarak hizmet verdi. Daire\u2019nin resmi varl\u0131\u011f\u0131, 1974 y\u0131l\u0131nda Genelkurmay Ba\u015fkan\u0131 Semih Sancar\u2019\u0131n Ba\u015fbakan Ecevit\u2019ten \u201cacil bir ihtiya\u00e7 i\u00e7in\u201d para istemesiyle ortaya \u00e7\u0131km\u0131\u015ft\u0131.<\/span><\/p>\n<p><span style=\"font-family: arial,helvetica,sans-serif;\">Ancak 1980\u2019lerin sonuna do\u011fru TSK i\u00e7inde, ABD\u2019nin stratejik hedefleri konusunda fikir de\u011fi\u015fiklikleri olu\u015fmaya ba\u015flam\u0131\u015ft\u0131. \u00d6yle ki, 1986 y\u0131l\u0131nda ABD, \u015fimdilerde uygulatmaya \u00e7al\u0131\u015ft\u0131\u011f\u0131 \u201cT\u00fcrkiye himayesinden K\u00fcrdistan Plan\u0131\u201dn\u0131 T\u00fcrk Ordusu\u2019na da dayatm\u0131\u015ft\u0131. Plan, Genelkurmay Ba\u015fkan\u0131 Org. Nejdet \u00dcru\u011f\u2019un sert direnciyle kar\u015f\u0131la\u015ft\u0131. Bu tarih, T\u00fcrk Ordusu\u2019nun da NATO \u00fcyeli\u011fini ve ABD ile ili\u015fkilerini sorgulad\u0131\u011f\u0131 bir d\u00f6nemin ba\u015flang\u0131c\u0131yd\u0131. \u0130\u015fte bu s\u00fcre\u00e7te, 1990 y\u0131l\u0131nda \u00d6zel Harp Dairesi, \u00d6zel Kuvvetler Komutanl\u0131\u011f\u0131\u2019na d\u00f6n\u00fc\u015ft\u00fcr\u00fcl\u00fcp, 1992\u2019de de personeli yeniden yap\u0131land\u0131r\u0131ld\u0131. Bu sadece bir isim de\u011fi\u015fikli\u011fi de\u011fil, ABD ve \u0130srail g\u00fcd\u00fcm\u00fcne isyand\u0131 ve \u00d6zel Kuvvetler Komutanl\u0131\u011f\u0131 ile bu birim ABD sultas\u0131ndan \u00e7\u0131kar\u0131lm\u0131\u015ft\u0131! \u00d6KK, TSK\u2019n\u0131n se\u00e7kin g\u00fcc\u00fc olman\u0131n \u00f6tesinde, art\u0131k Milli bir Kuvvetin ad\u0131yd\u0131.<\/span><\/p>\n<p><span style=\"font-family: arial,helvetica,sans-serif;\">\u00d6KK\u2019ya y\u00f6nelik en somut ABD sald\u0131r\u0131s\u0131 4 Temmuz 2003 tarihindeki \u201c\u00c7uval Operasyonu\u201dydu\u2026 Bug\u00fcn Ar\u0131n\u00e7\u2019a suikast yapaca\u011f\u0131 iddias\u0131yla subaylar\u0131 g\u00f6zalt\u0131na al\u0131nan, kararg\u00e2h\u0131na bask\u0131n yap\u0131lan \u00d6KK, 4 Temmuz 2003\u2019te de yine \u201cPe\u015fmerge liderlerine suikast yapaca\u011f\u0131\u201d iddias\u0131yla bask\u0131na u\u011fram\u0131\u015ft\u0131! O g\u00fcn, \u201ckar\u015f\u0131l\u0131k vermeyin\u201d emriyle ba\u015f\u0131na \u00e7uval tak\u0131lan ve kriptolar\u0131na el koyulan subaylar\u0131n, bug\u00fcn de kozmik odalar\u0131na Ter\u00f6rle M\u00fccadele Polisleri bask\u0131n yapm\u0131\u015ft\u0131.<\/span><\/p>\n<p><span style=\"font-family: arial,helvetica,sans-serif;\">Ayn\u0131 \u00d6KK, G\u00f6lba\u015f\u0131\u2019nda kendi yeri ve binas\u0131 i\u00e7in \u00e7al\u0131\u015fmaya ba\u015flad\u0131\u011f\u0131nda da, yolsuzluk iddialar\u0131yla sald\u0131r\u0131ya u\u011fram\u0131\u015ft\u0131. \u0130\u00e7i bo\u015falt\u0131lan ve etkisi k\u0131s\u0131tlanan Milli G\u00fcvenlik Kurulu\u2019nun Toplumsal \u0130li\u015fkiler Ba\u015fkanl\u0131\u011f\u0131\u2019n\u0131 \u00d6KK b\u00fcnyesine katmak ve \u00d6KK\u2019y\u0131 2006 y\u0131l\u0131nda t\u00fcmen seviyesinden kolordu seviyesine \u00e7\u0131karmak da ABD ve \u0130srail\u2019in sald\u0131rganl\u0131\u011f\u0131n\u0131 art\u0131rm\u0131\u015ft\u0131.<\/span><\/p>\n<p><span style=\"font-family: arial,helvetica,sans-serif;\">\u00d6KK\u2019ya y\u00f6nelik giderek artan ve kararg\u00e2h\u0131n\u0131n bas\u0131lmas\u0131 noktas\u0131na kadar varan sald\u0131r\u0131n\u0131n en \u00f6nemli nedenlerinden biri de; Org. B\u00fcy\u00fckan\u0131t\u2019\u0131n Genelkurmay Ba\u015fkanl\u0131\u011f\u0131 d\u00f6neminde yap\u0131lan bir uyarlamayd\u0131. Gayr\u0131 Nizami Harp tan\u0131m\u0131n\u0131 de\u011fi\u015ftiren \u00d6KK, tan\u0131ma \u015fu ifadeyi ekledi: \u201cD\u00fc\u015fman\u0131n fiziki, ekonomik, psikolojik, siyasi vb. i\u015fgallerine maruz kalm\u0131\u015f bir b\u00f6lgede i\u015fgali ortaya \u00e7\u0131karmak, engellemek ve kar\u015f\u0131 tedbirleri uygulamak\u201d Bu ifade yaln\u0131zca 50 y\u0131ld\u0131r NATO arac\u0131l\u0131\u011f\u0131yla ve \u00d6zel Harp Dairesi \u00fczerinden denetlenen TSK\u2019n\u0131n yapt\u0131\u011f\u0131 bir tan\u0131m de\u011fi\u015fikli\u011fi de\u011fil ayn\u0131 zamanda yeni s\u00fcrece ili\u015fkin tehdidin kayna\u011f\u0131na y\u00f6nelik bir durum saptamas\u0131yd\u0131!<\/span><\/p>\n<p><span style=\"font-family: arial,helvetica,sans-serif;\">Art\u0131k \u0130srail ve ABD, b\u00f6lge politikalar\u0131n\u0131 TSK\u2019y\u0131 \u201cikna etmeden\u201d hayata ge\u00e7iremeyece\u011finin fark\u0131ndayd\u0131. TSK\u2019y\u0131 sindirmenin en kritik mevzilerinden biri de \u00d6zel Kuvvetler Komutanl\u0131\u011f\u0131\u2019n\u0131 karalay\u0131p elini kolunu ba\u011flamakt\u0131. Anla\u015f\u0131lan, s\u00fcre\u00e7 daha da h\u0131zlanacakt\u0131.\u201d Saptama ve uyar\u0131lar\u0131 dikkate al\u0131nmal\u0131yd\u0131.<\/span><\/p>\n<p><span style=\"font-family: arial,helvetica,sans-serif;\"><strong>Ankara 11. A\u011f\u0131r Ceza H\u00e2kimi:<\/strong><\/span><\/p>\n<ul>\n<li><span style=\"font-family: arial,helvetica,sans-serif;\">Emniyet, eski \u0130stihbarat Daire Ba\u015fkan\u0131 ve Fetullah\u00e7\u0131 Ramazan Aky\u00fcrek\u2019in iste\u011fi \u00fczerine T\u00fcrkiye\u2019de hala \u00e7ok tart\u0131\u015f\u0131lan \u201cgenel dinleme karar\u0131\u201d \u00e7\u0131karan<\/span><\/li>\n<li><span style=\"font-family: arial,helvetica,sans-serif;\">Fetullah G\u00fclen aleyhindeki davay\u0131 beraatla ba\u011flay\u0131p Cemaati aklayan<\/span><\/li>\n<li><span style=\"font-family: arial,helvetica,sans-serif;\">Sonradan Ergenekon\u2019la birle\u015ftirilen Dan\u0131\u015ftay sald\u0131r\u0131s\u0131 davas\u0131na bak\u0131p karara ba\u011flayan<\/span><\/li>\n<li><span style=\"font-family: arial,helvetica,sans-serif;\">Derin ve hain g\u00fc\u00e7lerin tezg\u00e2hlay\u0131p bu menfur olay\u0131 M\u00fcsl\u00fcmanlara ve \u0130slam\u2019a sald\u0131rmay\u0131 ve halk\u0131m\u0131z\u0131 Alevi-S\u00fcnni diye k\u0131\u015fk\u0131rtmay\u0131 ama\u00e7layan, Sivas Mad\u0131mak dosyas\u0131n\u0131 sonu\u00e7land\u0131ran<\/span><\/li>\n<li><span style=\"font-family: arial,helvetica,sans-serif;\">Ve nihayet g\u00fcnler s\u00fcren me\u015fhur Ankara Seferberlik Ba\u015fkanl\u0131\u011f\u0131 bask\u0131nlar\u0131n\u0131 ba\u015flat\u0131p ba\u015f\u0131nda bulunan ve Devlet \u00e7ok gizli ve hayati belge ve bilgilerine ula\u015ft\u0131\u011f\u0131 i\u00e7in \u201cher \u015feyi bilen adam\u201d unvan\u0131 yak\u0131\u015ft\u0131r\u0131lan insand\u0131.<\/span><\/li>\n<\/ul>\n<p><span style=\"font-family: arial,helvetica,sans-serif;\">Kimse bu yarg\u0131c\u0131m\u0131za \u201c\u00f6nyarg\u0131l\u0131 veya tarafl\u0131\u201d itham\u0131 yapamazd\u0131 ve hi\u00e7 kimse, \u201cher \u015feyi bilen adam\u201d\u0131n ve \u201cs\u0131rl\u0131 kasalar\u0131n anahtar\u0131n\u0131 kullanan Zat\u201d\u0131n verece\u011fi kararlara hi\u00e7bir kusur bulamazd\u0131!&#8230;<\/span><\/p>\n<p><span style=\"font-family: arial,helvetica,sans-serif;\">Bu arada, Dan\u0131\u015ftay, hakim ve savc\u0131lar\u0131n iki y\u0131l \u00f6nce Adalet Bakanl\u0131\u011f\u0131nca \u00e7\u0131kar\u0131lan ve Tefti\u015f Kurulu m\u00fcfetti\u015flerinin talimat\u0131yla, hakimlerin dinleme karar\u0131 veremeyeceklerini a\u00e7\u0131klam\u0131\u015f ve ilgili y\u00f6netmeli\u011fi durdurma karar\u0131 alm\u0131\u015ft\u0131.<\/span><\/p>\n<p><span style=\"font-family: arial,helvetica,sans-serif;\">Peki, daha \u00f6nceki kanunsuz aramalar ne olacakt\u0131 ve hala \u201cresmi ve hukuki dayanak\u201d say\u0131lacak m\u0131yd\u0131?<\/span><\/p>\n<p><span style=\"font-family: arial,helvetica,sans-serif;\"><strong>TSK ile hesapla\u015fma haz\u0131rl\u0131\u011f\u0131 m\u0131yd\u0131?<\/strong><\/span><\/p>\n<p><span style=\"font-family: arial,helvetica,sans-serif;\"><strong>Hakim ve Savc\u0131lar\u0131n Ankara Seferberlik Ba\u015fkanl\u0131\u011f\u0131ndaki arama ve incelemesi boyunca Genelkurmay Ba\u015fkanl\u0131\u011f\u0131\u2019n\u0131n komuta kademesinde \u0131\u015f\u0131klar s\u00f6nd\u00fcr\u00fclm\u00fcyordu. <\/strong><\/span><\/p>\n<p><span style=\"font-family: arial,helvetica,sans-serif;\"><strong>\u00d6zel Kuvvetler Komutan\u0131 Korgeneral Servet Y\u00f6r\u00fck\u2019\u00fcn ise g\u00fcnlerdir hi\u00e7 uyumad\u0131\u011f\u0131 konu\u015fuluyordu. <\/strong><\/span><\/p>\n<p><span style=\"font-family: arial,helvetica,sans-serif;\"><strong>Peki, Savc\u0131lar nerede, ne ar\u0131yordu?<\/strong><\/span><\/p>\n<p><span style=\"font-family: arial,helvetica,sans-serif;\"><strong>Aranan yer \u00d6zel Kuvvetler Komutanl\u0131\u011f\u0131\u2019n\u0131n alt birimi. \u00d6zel Kuvvetler Genelkurmay 2\u2019inci Ba\u015fkan\u0131\u2019na ba\u011fl\u0131. Di\u011fer bir deyi\u015fle aranan yer Genelkurmay Kararg\u00e2h\u0131. <\/strong><\/span><\/p>\n<p><span style=\"font-family: arial,helvetica,sans-serif;\"><strong>Baz\u0131 tahminlere g\u00f6re Savc\u0131lar, T\u00fcrk Silahl\u0131 Kuvvetleri aleyhine dava a\u00e7abilmek i\u00e7in delil ar\u0131yordu.<\/strong><\/span><\/p>\n<p><span style=\"font-family: arial,helvetica,sans-serif;\"><strong>\u00c7\u00fcnk\u00fc dava a\u00e7mak i\u00e7in ellerinde halen gerekli ve yeterli delil bulunmuyordu. <\/strong><\/span><\/p>\n<p><span style=\"font-family: arial,helvetica,sans-serif;\"><strong>Savc\u0131 Bilgili arama karar\u0131n\u0131 Ankara 11\u2019inci A\u011f\u0131r Ceza Mahkemesi\u2019nden al\u0131yordu. <\/strong><\/span><\/p>\n<p><span style=\"font-family: arial,helvetica,sans-serif;\"><strong>Karar, \u201cBa\u015fbakan Yard\u0131mc\u0131s\u0131 B\u00fclent Ar\u0131n\u00e7 ve baz\u0131 h\u00fck\u00fcmet \u00fcyelerine y\u00f6nelik planlar olup olmad\u0131\u011f\u0131n\u0131 tespit i\u00e7in Ankara Seferberlik Ba\u015fkanl\u0131\u011f\u0131\u2019nda arama yap\u0131lmas\u0131na\u201d imk\u00e2n tan\u0131yordu.<\/strong><\/span><\/p>\n<p><span style=\"font-family: arial,helvetica,sans-serif;\"><strong>Ama savc\u0131lar, h\u00fck\u00fcmet \u00fcyelerine y\u00f6nelik suikast planlar\u0131n\u0131 bulam\u0131yordu.<\/strong><\/span><\/p>\n<p><span style=\"font-family: arial,helvetica,sans-serif;\"><strong>Seferberlik Ba\u015fkanl\u0131\u011f\u0131\u2019n\u0131n istihbarat yapma yetkisi yoktu. Suikast planlamas\u0131 da m\u00fcmk\u00fcn g\u00f6r\u00fclm\u00fcyordu. \u00c7\u00fcnk\u00fc \u201csava\u015ftan \u00f6nce g\u00fc\u00e7 olu\u015fturmas\u0131 da yasak\u201d say\u0131l\u0131yordu. <\/strong><\/span><\/p>\n<p><span style=\"font-family: arial,helvetica,sans-serif;\"><strong>Ancak \u201c\u00f6zel kuvvet personeli kanun ve y\u00f6netmeliklere ayk\u0131r\u0131 davranm\u0131\u015f olamaz m\u0131?\u201d deniyordu.<\/strong><\/span><\/p>\n<p><span style=\"font-family: arial,helvetica,sans-serif;\"><strong>\u201cKanunsuz emir verildi\u011fi\u201d iddialar\u0131 da konu\u015fuluyor, ama bu tarz bir emrin emarelerine hen\u00fcz rastlanm\u0131yordu.<\/strong><\/span><\/p>\n<p><span style=\"font-family: arial,helvetica,sans-serif;\"><strong>Peki, savc\u0131lar ne bulmu\u015ftu? <\/strong><\/span><\/p>\n<p><span style=\"font-family: arial,helvetica,sans-serif;\"><strong>Medyaya s\u0131zan ilk bilgilere g\u00f6re kozmik odalarda Ankara B\u00f6lgesi (Ankara, K\u0131r\u0131kkale, \u00c7ank\u0131r\u0131, Eski\u015fehir vd.) i\u00e7in haz\u0131rlanan harek\u00e2t planlar\u0131, izin belgeleri ve personel kay\u0131tlar\u0131 \u00e7\u0131k\u0131yordu. <\/strong><\/span><\/p>\n<p><span style=\"font-family: arial,helvetica,sans-serif;\"><strong>\u0130zinler, muhtemel hangi durumda, hangi personel ya da birimin nas\u0131l hareket edece\u011fini ve yetkilerini d\u00fczenleyen belgelere dayan\u0131yordu. Olas\u0131 bir sava\u015f durumunda, \u00f6rne\u011fin devletin zirvesinde yer alan ki\u015filerin; hangi askerler taraf\u0131ndan, hangi y\u00f6ntemlerle nereye saklanaca\u011f\u0131n\u0131 g\u00f6steriyordu. Bu planlar\u0131n Ankara Seferberlik B\u00f6lge Ba\u015fkanl\u0131\u011f\u0131\u2019nda bulunmas\u0131n\u0131n nedeni ise Ba\u015fkent\u2019in halen Ankara olmas\u0131yd\u0131.<\/strong><\/span><\/p>\n<p><span style=\"font-family: arial,helvetica,sans-serif;\"><strong>G\u00f6r\u00fcnen o ki savc\u0131l\u0131k mutlaka bir dava a\u00e7acakt\u0131r. Haz\u0131rlanacak iddianame ise yeni tart\u0131\u015fmalar, belki de yeni kap\u0131\u015fmalar ba\u015flatacakt\u0131r.<\/strong><\/span><\/p>\n<p><span style=\"font-family: arial,helvetica,sans-serif;\"><strong>Seferberlik kurumunun konumu ve sorumluluklar\u0131:<\/strong><\/span><\/p>\n<p><span style=\"font-family: arial,helvetica,sans-serif;\">Genelkurmay 2. Ba\u015fkanl\u0131\u011f\u0131nda \u00d6zel Kuvvetler Komutanl\u0131\u011f\u0131 kendisine ba\u011fl\u0131 olan E. Org. Edip Ba\u015fer\u2019in belirtti\u011fine g\u00f6re:<\/span><\/p>\n<p><span style=\"font-family: arial,helvetica,sans-serif;\">TSK; \u00fclkeyi savunma konusunda farkl\u0131 varsay\u0131m ve olas\u0131l\u0131klar\u0131 hesaba katarak, muhtemel bir i\u015fk\u00e2l sald\u0131r\u0131s\u0131 durumunda, o b\u00f6lgede sivil halk\u0131 da organize edip gayri nizami harp ekiplerini olu\u015fturmakla da g\u00f6revli ve yetkili k\u0131l\u0131nm\u0131\u015ft\u0131r. \u0130\u015fte Ankara Seferberlik ba\u015fkanl\u0131\u011f\u0131 da bu ama\u00e7l\u0131 bir yap\u0131lanmad\u0131r.<\/span><\/p>\n<p><span style=\"font-family: arial,helvetica,sans-serif;\">\u00c7ok gizli stratejik bilgi ve belgelerin herhangi bir \u015fekilde d\u0131\u015far\u0131ya (medyaya ve sorumluluk ta\u015f\u0131mayan ve kontrol alt\u0131nda tutulamayan \u015fah\u0131s ve kurumlara) s\u0131zd\u0131r\u0131lmas\u0131 T\u00fcrkiye i\u00e7in onar\u0131lmaz yaralar a\u00e7acakt\u0131r.<\/span><\/p>\n<p><span style=\"font-family: arial,helvetica,sans-serif;\">Devletin en stratejik s\u0131rlar\u0131 \u201ckozmik B\u00fcro\u201dda saklan\u0131r.<\/span><\/p>\n<p><span style=\"font-family: arial,helvetica,sans-serif;\">Maalesef, TSK\u2019ya kar\u015f\u0131 bir y\u0131pratma, yaralama faaliyetlerinin ve asimetrik sald\u0131r\u0131 giri\u015fimlerinin giderek artt\u0131\u011f\u0131n\u0131 \u00fcz\u00fcnt\u00fc ve endi\u015feyle izliyoruz.<\/span><\/p>\n<p><span style=\"font-family: arial,helvetica,sans-serif;\">Ve aziz milletimize, b\u00fct\u00fcn kurumlar\u0131na sahip \u00e7\u0131kmas\u0131n\u0131 bekliyoruz. \u00d6zellikle baz\u0131 medyan\u0131n orduyla polisi kar\u015f\u0131 kar\u015f\u0131ya getirme ve k\u0131\u015fk\u0131rtma heveslerine de milletimizin pirim vermemesini diliyoruz.<\/span><\/p>\n<p><span style=\"font-family: arial,helvetica,sans-serif;\"><strong>\u201cBen, iktidar\u0131n ve di\u011fer siyasi akt\u00f6r ve sorumlular\u0131n \u00fclkenin s\u00fcr\u00fcklendi\u011fi \u00e7ok hassas s\u00fcreci iyi okumalar\u0131, tansiyonu daha da y\u00fckseltecek tav\u0131rlardan sak\u0131nmalar\u0131 ve baz\u0131 kurumlar\u0131n sabr\u0131n\u0131 daha fazla zorlamamas\u0131 gerekti\u011fine inan\u0131yorum.<\/strong><\/span><\/p>\n<p><span style=\"font-family: arial,helvetica,sans-serif;\"><strong>\u00dclkeye y\u00f6nelik ani bir sald\u0131r\u0131 veya i\u015fgal durumunda Devletin zirvesindeki \u015fahsiyetlerin saklan\u0131p korunaca\u011f\u0131 \u00f6zel yer alt\u0131 s\u0131\u011f\u0131naklar\u0131 ve labirent planlar\u0131yla ilgili \u015fifreli kriptolar\u2026<\/strong><\/span><\/p>\n<p><span style=\"font-family: arial,helvetica,sans-serif;\"><strong>Ve yine, kom\u015fu \u00fclkelerden ve denizlerden T\u00fcrkiye\u2019ye y\u00f6nelik konu\u015flanm\u0131\u015f f\u00fcze rampalar\u0131, askeri hava alanlar\u0131 ve sald\u0131r\u0131 ihbarlar\u0131yla ilgili saptama ve kar\u015f\u0131 tedbir programlar\u0131 da bu birimin \u00e7ok \u00f6zel dairelerinde saklanmaktayd\u0131.<\/strong><\/span><\/p>\n<p><span style=\"font-family: arial,helvetica,sans-serif;\">Seferberlik Ba\u015fkanl\u0131\u011f\u0131: g\u00f6revi gere\u011fi, belli yerlerde ve belirli hedefler \u00e7er\u00e7evesinde silah ve m\u00fchimmat depolamak,<\/span><\/p>\n<p><span style=\"font-family: arial,helvetica,sans-serif;\">Farkl\u0131 b\u00f6lgelerde toplum \u00fczerinde etkin \u015fahsiyetlerle ve kanaat \u00f6nderleriyle m\u00fcmk\u00fcn ve muhtemel tehdit ve tehlikelere kar\u015f\u0131 m\u00fcnasip \u00f6l\u00e7\u00fclerde irtibat ve ittifak imk\u00e2nlar\u0131 aramak ve d\u00fc\u015fman i\u015fgallerine kar\u015f\u0131 her t\u00fcrl\u00fc sivil direni\u015f haz\u0131rl\u0131klar\u0131n\u0131 yapmakla da sorumlu bir te\u015fkilatt\u0131r. Bu y\u00f6ndeki b\u00fct\u00fcn plan, program ve haz\u0131rl\u0131klar\u0131 da, haliyle \u201c\u00e7ok gizli devlet s\u0131rr\u0131\u201d \u00f6zelli\u011fi ta\u015f\u0131maktayd\u0131.<\/span><\/p>\n<p><span style=\"font-family: arial,helvetica,sans-serif;\"><strong>Genelkurmay Ba\u015fkanl\u0131\u011f\u0131n\u0131n Seferberlik Kararg\u00e2h\u0131nda bir hafta boyunca arama yapan 11. A\u011f\u0131r Ceza Mahkemesine \u00f6zel kurye ile bir yaz\u0131 g\u00f6ndererek:<\/strong><\/span><\/p>\n<p><span style=\"font-family: arial,helvetica,sans-serif;\"><strong><em>\u201cKozmik odadaki b\u00fct\u00fcn kripto metinlerin; olduk\u00e7a \u00f6nemli ve \u00e7ok gizli devlet s\u0131rlar\u0131n\u0131 i\u00e7erdi\u011finden, ilgili kanun ve t\u00fcz\u00fckler gere\u011fi, bunlarla ilgili, toplanan t\u00fcm belgelerin ve elde edilen bilgi \u00f6zetlerinin ve haz\u0131rlanan kopyalar\u0131n, prosed\u00fcre uygun bi\u00e7imde yak\u0131l\u0131p imha edilmesi gerekmektedir\u201d anlam\u0131nda hat\u0131rlatmalar yapmas\u0131 da, bu bilgi ve belgelerin medyaya ve ba\u015fka makamlara servis edilmesi konusundaki hakl\u0131 endi\u015felerini yans\u0131tmaktayd\u0131.<\/em><\/strong><\/span><\/p>\n<p><span style=\"font-family: arial,helvetica,sans-serif;\"><strong>Fatih Altayl\u0131\u2019n\u0131n yazd\u0131\u011f\u0131na g\u00f6re: Bir muhbir, \u00d6nce \u00d6zel Kuvvetlere telefon edip; \u201carad\u0131\u011f\u0131n\u0131z \u015fah\u0131s filan adrestedir\u201d demi\u015f. Ard\u0131ndan ayn\u0131 ki\u015fi Emniyete telefon edip, \u201ciki \u015fah\u0131s filan adreste \u015f\u00fcpheli tarassut ve tav\u0131rlar i\u00e7indedir\u201d \u015feklinde ihbar yapm\u0131\u015f yani bu olay\u0131 d\u0131\u015far\u0131dan birileri tezg\u00e2hlam\u0131\u015ft\u0131r.<\/strong><\/span><\/p>\n<p><span style=\"font-family: arial,helvetica,sans-serif;\"><strong>Bu arada, Ar\u0131n\u00e7\u2019a y\u00f6nelik eylem olaca\u011f\u0131 ihbar\u0131n\u0131 bildiren telefon numaras\u0131n\u0131n belirlenmesi i\u00e7in T\u0130B\u2019e g\u00f6nderdi\u011fi yaz\u0131n\u0131n yan\u0131t\u0131 savc\u0131l\u0131\u011fa ula\u015ft\u0131. Ar\u0131n\u00e7\u2019a y\u00f6nelik suikast amac\u0131yla iki arac\u0131n \u00c7ukurambar\u2019da \u201cdola\u015ft\u0131\u011f\u0131\u201d bilgisi verilen ihbar\u0131n geldi\u011fi telefon numaras\u0131 T\u00fcrk Telekom sistemine dahil \u00e7\u0131kmad\u0131. T\u0130B\u2019in g\u00f6nderdi\u011fi yaz\u0131ya g\u00f6re, araman\u0131n b\u00fcy\u00fck olas\u0131l\u0131kla yurtd\u0131\u015f\u0131nda bir aboneye ait oldu\u011fu a\u00e7\u0131kland\u0131.<\/strong><\/span><\/p>\n<p><span style=\"font-family: arial,helvetica,sans-serif;\"><strong>Bu haber bile tezg\u00e2h\u0131n i\u00e7 y\u00fcz\u00fcn\u00fc gayet net olarak sunmaktayd\u0131.<\/strong><\/span><\/p>\n<p><span style=\"font-family: arial,helvetica,sans-serif;\"><strong>Bu \u00d6zel Kuvvetlerin Kuzey Irak\u2019taki varl\u0131\u011f\u0131ndan ciddi rahats\u0131zl\u0131k duyanlar vard\u0131r.<\/strong><\/span><\/p>\n<p><span style=\"font-family: arial,helvetica,sans-serif;\"><strong>B\u00fclent Ar\u0131n\u00e7\u2019a suikast tiyatrosu bu birimin beynine s\u0131zmaya bir bahane olarak kullan\u0131lm\u0131\u015ft\u0131r.<\/strong><\/span><\/p>\n<p><span style=\"font-family: arial,helvetica,sans-serif;\"><strong>AKP ve arkas\u0131ndaki g\u00fc\u00e7lerin bir hesab\u0131 ve plan\u0131 da, TSK\u2019y\u0131 bir askeri darbeye en az\u0131ndan sert bir muht\u0131ra vermeye mecbur b\u0131rakacak k\u0131\u015fk\u0131rtma ve s\u0131k\u0131\u015ft\u0131rmalarla, ordunun sab\u0131r ta\u015f\u0131n\u0131 \u00e7atlatmakt\u0131r!<\/strong><\/span><\/p>\n<p><span style=\"font-family: arial,helvetica,sans-serif;\"><strong>S\u00fcleyman Demirel\u2019in k\u00e2hyas\u0131 ve DP Genel Ba\u015fkan\u0131 H\u00fcsamettin Cindoruk\u2019un \u201cSay\u0131n Ar\u0131n\u00e7&#8217;a suikast iddias\u0131, e\u011fer varsa vahim. Ama daha \u00f6nce suikastlar d\u00f6nemi ya\u015fam\u0131\u015f bir T\u00fcrkiye, bir Osmanl\u0131 d\u00f6nemi var. Oraya bakarsan\u0131z, e\u011fer suikast yap\u0131lacaksa Say\u0131n Ar\u0131n\u00e7&#8217;a s\u0131ra gelmez&#8230; Yani birileri suikast yapmaya ba\u015flarsa Say\u0131n Ar\u0131n\u00e7&#8217;tan ba\u015flamaz.\u201d S\u00f6zleri ise olduk\u00e7a \u00e7arp\u0131c\u0131 ve \u015fa\u015f\u0131rt\u0131c\u0131yd\u0131! Yani Cindoruk B\u00fclent Ar\u0131n\u00e7\u2019\u0131 \u201csuikasta de\u011fer\u201d bile bulmam\u0131\u015ft\u0131.<\/strong><\/span><\/p>\n<p><span style=\"font-family: arial,helvetica,sans-serif;\"><strong>Ar\u0131n\u00e7\u2019\u0131n Donki\u015fotluk damar\u0131!<\/strong><\/span><\/p>\n<p><span style=\"font-family: arial,helvetica,sans-serif;\">B\u00fclent Ar\u0131n\u00e7 sanki bir d\u00fc\u015fman kalesi daha d\u00fc\u015f\u00fcrm\u00fc\u015f Donki\u015fot edas\u0131yla:<\/span><\/p>\n<p><span style=\"font-family: arial,helvetica,sans-serif;\">\u201cAr\u0131 kovan\u0131na \u00e7omak soktu\u011fumuza inan\u0131yorum\u201d diyordu.<\/span><\/p>\n<p><span style=\"font-family: arial,helvetica,sans-serif;\">B\u00fclent Ar\u0131n\u00e7 b\u00f6ylece; TSK\u2019y\u0131 ve \u00d6zel Kuvvetler Komutanl\u0131\u011f\u0131na ba\u011fl\u0131 Ankara Seferberlik Te\u015fkilat\u0131n\u0131 yabani ve zehirli e\u015fek ar\u0131lar\u0131na benzetiyordu.<\/span><\/p>\n<p><span style=\"font-family: arial,helvetica,sans-serif;\">Bay B\u00fclent daha ileri giderek \u201cDevlet s\u0131rlar\u0131n\u0131n sakland\u0131\u011f\u0131 yani bir nevi T.C.\u2019nin \u201charim-i ismeti\u201d say\u0131ld\u0131\u011f\u0131 kozmik odadan \u201ckozmetik oda\u201d diye bahsederek tiyniyet ve seviyesini de ortaya koyuyordu.<\/span><\/p>\n<p><span style=\"font-family: arial,helvetica,sans-serif;\">Oysa bize g\u00f6re i\u015fin do\u011frusu \u015fuydu:<\/span><\/p>\n<p><span style=\"font-family: arial,helvetica,sans-serif;\">Evet, Kahraman Silahl\u0131 Kuvvetleri ve Ona ba\u011fl\u0131 Seferberlik Ba\u015fkanl\u0131\u011f\u0131 NATO\u2019ya giri\u015fle birlikte G\u00e2vur ve d\u00fc\u015fman g\u00fc\u00e7lerin kontrol ve g\u00fcd\u00fcm\u00fcne sokulma ba\u011flar\u0131ndan, \u00f6zellikle 12 Eyl\u00fcl harek\u00e2t\u0131ndan sonra ad\u0131m ad\u0131m kurtularak, Milli ve haysiyetli bir yap\u0131lanmaya y\u00f6neldi\u011fi ve bal ar\u0131lar\u0131 misali lezzetli ve izzetli \u00fcretimler ger\u00e7ekle\u015ftirdi\u011fi i\u00e7in, baz\u0131 yabani ve gayr\u0131 milli ay\u0131lar\u0131n h\u00fccumuna u\u011fruyordu!.. Daha do\u011frusu kuduz kunduzlar, kutsallar\u0131m\u0131za sata\u015f\u0131yordu. Oysa B\u00fclent Ar\u0131n\u00e7 gibi birisi suikasta u\u011framaya de\u011fil, s\u00f6z konusu yap\u0131lacak kadar bile \u00f6nemsenmiyordu. A\u015fa\u011f\u0131l\u0131k kompleksiyle ve su\u00e7luluk psikolojisiyle ucuz kahramanl\u0131\u011fa \u00e7ok muhta\u00e7 ve merakl\u0131 bulunan Yahudi u\u015fa\u011f\u0131 baz\u0131 AKP kurmaylar\u0131n\u0131n, uyuz tav\u0131rlar\u0131 kendilerini ele veriyordu.<\/span><\/p>\n<p><span style=\"font-family: arial,helvetica,sans-serif;\">Ayn\u0131 s\u00fcre\u00e7te DTP\u2019nin yasakl\u0131 milletvekilleri Ahmet T\u00fcrk\u2019\u00fc ve yol arkada\u015flar\u0131n\u0131, \u201cApo\u2019ya Sn. dedi diye yakalay\u0131p mahkemeye g\u00f6t\u00fcrmek \u00fczere, BDP merkezine polislerin g\u00f6nderilmesi de, AKP h\u00fck\u00fcmetini ve yanda\u015f mahkemeleri, \u201ctarafs\u0131z ve tutarl\u0131\u201d\u00a0 g\u00f6sterme ve hedef sapt\u0131rma operasyonuna benziyordu. Adam olana sormazlar m\u0131: \u201cKandilden gelen, Sn. \u00d6calan\u2019\u0131n emriyle hareket ettiklerini s\u00f6yleyen ve asla pi\u015fmanl\u0131k g\u00f6stermeyen\u201d e\u015fk\u0131yalar\u0131 \u00e7ad\u0131r mahkemelerinde serbest b\u0131rak\u0131yorsunuz da, DTP\u2019nin \u00d6calan\u2019a say\u0131n demeleri mi size dokunuyordu?<\/span><\/p>\n<p><span style=\"font-family: arial,helvetica,sans-serif;\">Oysa Genelkurmay\u0131n ve ilgili kurumlar\u0131n a\u00e7\u0131klad\u0131klar\u0131na g\u00f6re: B\u00fclent Ar\u0131n\u00e7\u2019\u0131n soka\u011f\u0131 civar\u0131nda yakalanan iki subay, \u201cBilgi s\u0131zd\u0131rd\u0131\u011f\u0131ndan \u015f\u00fcphe edilen ve k\u00f6stebek oldu\u011fu zannedilen bir Kurmay Albay\u0131, bir y\u0131ld\u0131r izledikleri\u201d resmen tespit ve tescil ediliyordu.<\/span><\/p>\n<p><span style=\"font-family: arial,helvetica,sans-serif;\">Yakalanan Albay ve Binba\u015f\u0131 ayr\u0131ca \u201cyutmaya \u00e7al\u0131\u015ft\u0131\u011f\u0131 iddia edilen adres yaz\u0131l\u0131 k\u00e2\u011f\u0131t par\u00e7as\u0131n\u0131n\u201d ise montlar\u0131n\u0131n cebine kimler taraf\u0131ndan ve ni\u00e7in konuldu\u011funu anlayamad\u0131klar\u0131n\u0131 ve zaten son derece teknolojik ve profesyonel izleme g\u00f6revlileri olarak b\u00f6yle basit adres k\u00e2\u011f\u0131tlar\u0131na ihtiya\u00e7 duymayacak kadar ileri bir seviye ve stat\u00fcye sahip bulunduklar\u0131n\u0131 belirtiyordu.<\/span><\/p>\n<p><span style=\"font-family: arial,helvetica,sans-serif;\"><strong>B\u00fclent Ar\u0131n\u00e7\u2019\u0131n Cumhurba\u015fkanl\u0131\u011f\u0131 hesaplar\u0131 m\u0131?<\/strong><\/span><\/p>\n<p><span style=\"font-family: arial,helvetica,sans-serif;\">Ar\u0131n\u00e7\u2019a suikast plan\u0131 yapt\u0131\u011f\u0131 iddia edilen iki subay\u0131n Ar\u0131n\u00e7\u2019\u0131n evinin \u00f6n\u00fcnde yakaland\u0131\u011f\u0131, hatta bu subaylar\u0131n elinde Ar\u0131n\u00e7\u2019\u0131n ev krokisinin yer ald\u0131\u011f\u0131 yaz\u0131lm\u0131\u015ft\u0131.<\/span><\/p>\n<p><span style=\"font-family: arial,helvetica,sans-serif;\">G\u00fcndeme bomba gibi d\u00fc\u015fen bu olayla ilgili Genelkurmay Ba\u015fkanl\u0131\u011f\u0131 beklenen a\u00e7\u0131klamay\u0131 sonunda yapm\u0131\u015ft\u0131. Genelkurmay\u2019\u0131n a\u00e7\u0131klamas\u0131n\u0131n sat\u0131r aralar\u0131nda \u00e7ok dikkat \u00e7ekici detaylar vard\u0131.<\/span><\/p>\n<p><span style=\"font-family: arial,helvetica,sans-serif;\">\u201cS\u00f6z konusu askeri personel, uzun s\u00fcredir devam eden, kastedilen b\u00f6lgeye yak\u0131n bir yerde oturan ve bilgi s\u0131zd\u0131rd\u0131\u011f\u0131 iddia edilen bir askeri personel hakk\u0131nda bilgi toplamak \u00fczere g\u00f6revlendirilmi\u015flerdir.\u201d<\/span><\/p>\n<p><span style=\"font-family: arial,helvetica,sans-serif;\">\u0130\u015fte bu c\u00fcmle; B\u00fclent Ar\u0131n\u00e7\u2019a suikast iddias\u0131n\u0131n yalan oldu\u011funu g\u00f6steriyor, ayr\u0131ca Genelkurmay\u2019\u0131n, kendi i\u00e7indeki k\u00f6stebekleri yakalamak i\u00e7in \u00e7al\u0131\u015fmalar i\u00e7inde oldu\u011funu kan\u0131tl\u0131yordu. Ak\u0131llara bir\u00e7ok soru tak\u0131l\u0131yordu.<\/span><\/p>\n<p><span style=\"font-family: arial,helvetica,sans-serif;\">Peki, kimdi bu k\u00f6stebek? Genelkurmay\u2019dan bilgi s\u0131zd\u0131rd\u0131\u011f\u0131 iddia edilen askeri personel ara\u015ft\u0131r\u0131l\u0131rken neden b\u00f6yle bir yaygara kopart\u0131ld\u0131? Ar\u0131n\u00e7 neden konunun asl\u0131n\u0131 Genelkurmay\u2019a sormadan, s\u00f6z konusu suikast a\u00e7\u0131klamalar\u0131nda bulundu?<\/span><\/p>\n<p><span style=\"font-family: arial,helvetica,sans-serif;\">Ar\u0131n\u00e7\u2019\u0131n verdi\u011fi deme\u00e7ler, Genelkurmay\u2019\u0131n istihbarat faaliyetiyle ilgili \u00f6nemli bir ara\u015ft\u0131rmas\u0131n\u0131 a\u00e7\u0131klamak zorunda b\u0131rakt\u0131. \u0130\u015fte bu durum s\u00f6z konusu k\u00f6stebe\u011fin, kendisi hakk\u0131nda bilgi topland\u0131\u011f\u0131n\u0131 fark etmesine yol a\u00e7m\u0131\u015f olmad\u0131 m\u0131? T\u00fcm bu ya\u015fananlar ve bilgi karma\u015fas\u0131 acaba o k\u00f6stebe\u011fin bulunmas\u0131na bir perde \u00f6rtmek i\u00e7in miydi?<\/span><\/p>\n<p><span style=\"font-family: arial,helvetica,sans-serif;\">Evet, as\u0131l mesele k\u00f6stebek operasyonun yap\u0131lmas\u0131n\u0131 engellemek miydi?<\/span><\/p>\n<p><span style=\"font-family: arial,helvetica,sans-serif;\">B\u00fclent Ar\u0131n\u00e7\u2019ta Abdullah G\u00fcl\u2019den sonra Cumhurba\u015fkanl\u0131\u011f\u0131na oynuyordu, Tayip Erdo\u011fan\u2019da.. Aralar\u0131nda \u00e7ok gizli bir yar\u0131\u015fma, bir birini cayd\u0131rma ve ayak kayd\u0131rma oyunlar\u0131 sergilendi\u011fi seziliyordu.<\/span><\/p>\n<p><span style=\"font-family: arial,helvetica,sans-serif;\"><strong>PKK&#8217;n\u0131n B\u00fclent Ar\u0131n\u00e7 hayranl\u0131\u011f\u0131!<\/strong><\/span><\/p>\n<p><span style=\"font-family: arial,helvetica,sans-serif;\">\u0130mral\u0131\u2019da tutuklu bulunan Abdullah \u00d6calan\u2019\u0131n iddias\u0131na g\u00f6re, AKP i\u00e7inde iki kesim aras\u0131nda m\u00fccadele vard\u0131. Bu iki kesimden biri demokratikle\u015fme yanl\u0131s\u0131 iken di\u011feri bask\u0131c\u0131 e\u011filimler ta\u015f\u0131maktayd\u0131. \u00d6calan\u2019\u0131n teziyle B\u00fclent Ar\u0131n\u00e7, AKP i\u00e7erisinde demokrat kesimin temsilcisi konumundayd\u0131. Ancak Ar\u0131n\u00e7\u2019tan partide rahats\u0131z olanlar vard\u0131.<\/span><\/p>\n<p><span style=\"font-family: arial,helvetica,sans-serif;\">Apo \u00d6calan \u201csuikast iddias\u0131yla Ar\u0131n\u00e7\u2019\u0131n \u00e7evresinin ku\u015fat\u0131laca\u011f\u0131n\u0131 ve bu \u015fekilde susturulaca\u011f\u0131n\u0131\u201d ortaya atm\u0131\u015ft\u0131!?<\/span><\/p>\n<p><span style=\"font-family: arial,helvetica,sans-serif;\"><strong>Re\u015fadiye\u2019yi CIA-MOSSAD g\u00fcd\u00fcm\u00fcndeki PKK\u2019l\u0131 otonom bir grup yapm\u0131\u015ft\u0131!<\/strong><\/span><\/p>\n<p><span style=\"font-family: arial,helvetica,sans-serif;\">Abdullah \u00d6calan, a\u00e7\u0131klamas\u0131nda Re\u015fadiye sald\u0131r\u0131s\u0131na ili\u015fkin d\u00fc\u015f\u00fcncelerini aktarm\u0131\u015ft\u0131. \u00d6calan\u2019\u0131n ifadesine g\u00f6re PKK\u2019da kendi kararlar\u0131n\u0131 kendisi veren otonom gruplar vard\u0131. Bu gruplar kendi inisiyatifleri ile eylem yap\u0131yorlard\u0131. \u00d6calan\u2019a g\u00f6re Re\u015fadiye\u2019de eylem yapan grup bu otonom s\u0131n\u0131ftand\u0131.<\/span><\/p>\n<p><span style=\"font-family: arial,helvetica,sans-serif;\">B\u00fct\u00fcn bunlar \u015fu anlam\u0131 ta\u015f\u0131maktayd\u0131:<\/span><\/p>\n<p><span style=\"font-family: arial,helvetica,sans-serif;\">PKK i\u00e7inde say\u0131s\u0131 az, ama a\u011f\u0131rl\u0131\u011f\u0131 fazla \u00f6yle eylem gruplar\u0131 ve cinayet mangalar\u0131 vard\u0131 ki, bunlar CIA MOSSAD gibi d\u0131\u015f g\u00fc\u00e7lerin kontrol\u00fcnde bulunmaktayd\u0131.<\/span><\/p>\n<p><span style=\"font-family: arial,helvetica,sans-serif;\">Tokat Re\u015fadiye yak\u0131nlar\u0131ndaki katliam\u0131 da b\u00f6yle bir ekip yapm\u0131\u015ft\u0131 ve maalesef tutuklanan k\u00f6y muhtar\u0131 gibi \u00e7evre sakinlerinden yard\u0131m alm\u0131\u015flard\u0131.<\/span><\/p>\n<p><span style=\"font-family: arial,helvetica,sans-serif;\"><strong>Fetullah\u00e7\u0131lar Fevzi \u0130\u015fba\u015faran\u2019a komplo mu kurmu\u015flard\u0131?<\/strong><\/span><\/p>\n<p><span style=\"font-family: arial,helvetica,sans-serif;\">NTV\u2019de ak\u015fam haberleri ve \u201cCanl\u0131 Gaste\u201d programlar\u0131na kat\u0131ld\u0131ktan sonra, AKP Elaz\u0131\u011f Milletvekili Feyzi \u0130\u015fba\u015faran\u2019\u0131n ba\u015f\u0131na gelmeyen kalmam\u0131\u015ft\u0131. \u00d6nce haber b\u00fclteninde ard\u0131nda da canl\u0131 yay\u0131nda \u201cPolisin i\u00e7inde 3 &#8211; 4 ayr\u0131 grup var. Tarikat yanl\u0131s\u0131 grup da, tarikat kar\u015f\u0131t\u0131 grup da var, \u00e7ok farkl\u0131 gruplar da var. Suikast iddias\u0131 tarikat kar\u015f\u0131t\u0131 olan grubun komplosudur\u201d diyerek emniyeti kar\u015f\u0131s\u0131na alm\u0131\u015ft\u0131.<\/span><\/p>\n<p><span style=\"font-family: arial,helvetica,sans-serif;\">Bununla yetinmeyen \u0130\u015fba\u015faran \u0130nternethaber\u2019e yapt\u0131\u011f\u0131 a\u00e7\u0131klamada \u201cPolis i\u00e7inde \u00e7eteler var. Tuzak kuruyorlar. Ama\u00e7lar\u0131, h\u00fck\u00fcmet ile Genelkurmay&#8217;\u0131 kavga ettirmek. Bu son suikast i\u015finde bu a\u00e7\u0131k\u00e7a ortaya \u00e7\u0131kt\u0131. O i\u015fin hikaye oldu\u011fu, yalan oldu\u011fu a\u00e7\u0131\u011fa \u00e7\u0131kt\u0131. Yok a\u011fz\u0131ndan ka\u011f\u0131t \u00e7\u0131kt\u0131 filan&#8230; Olacak i\u015f mi? Bizimkiler de maa\u015fallah her \u015feye atl\u0131yorlar. Gelinen noktada TSK ile h\u00fck\u00fcmet kar\u015f\u0131 kar\u015f\u0131ya kal\u0131yor. Oysa olan polis i\u00e7indeki bir tak\u0131m \u00e7etelerin kurdu\u011fu tuzak\u201d \u015feklinde \u00e7ok ciddi iddialar s\u0131ralam\u0131\u015ft\u0131.<\/span><\/p>\n<p><span style=\"font-family: arial,helvetica,sans-serif;\">\u0130\u015fte ne olduysa bu a\u00e7\u0131klamalardan sonra oldu. Bu iki haberin hemen ard\u0131ndan Feyzi \u0130\u015fba\u015faran\u2019\u0131n alkoll\u00fc bir \u015fekilde polis memurlar\u0131 ile tart\u0131\u015ft\u0131\u011f\u0131 g\u00f6r\u00fcnt\u00fcler ortaya \u00e7\u0131kt\u0131. Fetullah\u00e7\u0131 Cemaate yak\u0131n Cihan Haber Ajans\u0131 logosuyla yay\u0131nlanan ve polislerin aras\u0131ndan \u00e7ekildi\u011fi a\u00e7\u0131k\u00e7a g\u00f6r\u00fclen g\u00f6r\u00fcnt\u00fcler, Habert\u00fcrk Gazetesi\u2019nin iddias\u0131na g\u00f6re Ba\u015fbakan Recep Tayyip Erdo\u011fan\u2019a da yollanm\u0131\u015ft\u0131.<\/span><\/p>\n<p><span style=\"font-family: arial,helvetica,sans-serif;\">Fetullah\u00e7\u0131lar t\u00fcm kaynaklar\u0131nda bu g\u00f6r\u00fcnt\u00fcleri yay\u0131nlayarak \u0130\u015fba\u015faran\u2019\u0131n iddialar\u0131n\u0131 kendi \u00fczerine ald\u0131\u011f\u0131n\u0131 ispatlam\u0131\u015ft\u0131. Zaman Gazetesi polisler ile vekilin tart\u0131\u015fmas\u0131n\u0131 geni\u015f bir haber olarak aktarm\u0131\u015ft\u0131. Gazete arabada sanat\u00e7\u0131 \u00c7i\u011fdem Tun\u00e7\u2019un bulundu\u011funu da g\u00fcndeme ta\u015f\u0131m\u0131\u015ft\u0131.<\/span><\/p>\n<p><span style=\"font-family: arial,helvetica,sans-serif;\">Ancak yay\u0131nlanan g\u00f6r\u00fcnt\u00fclerde \u0130\u015fba\u015faran, kendisini \u00e7eviren ki\u015finin polis olmad\u0131\u011f\u0131n\u0131 iddia ediyordu. \u00c7eviren ki\u015fiye kimlik soruyor, ancak polis oldu\u011funu iddia eden \u015fah\u0131s yasal zorunlulu\u011fu olmas\u0131na ra\u011fmen \u0131srarla kimlik g\u00f6stermiyordu.<\/span><\/p>\n<p><span style=\"font-family: arial,helvetica,sans-serif;\">Peki, milletvekilinden \u015fik\u00e2yet\u00e7i olan polisler, bu g\u00f6r\u00fcnt\u00fcleri medya ve Ba\u015fbakan\u2019a g\u00f6ndermeye niye kalk\u0131\u015fm\u0131\u015ft\u0131? Ve bu g\u00f6r\u00fcnt\u00fcler neden \u00e7ekildi\u011fi g\u00fcn de\u011fil de \u0130\u015fba\u015faran\u2019\u0131n a\u00e7\u0131klamalar\u0131ndan sonra yay\u0131nlanm\u0131\u015ft\u0131?<\/span><\/p>\n<p><span style=\"font-family: arial,helvetica,sans-serif;\">Kald\u0131 ki AKP\u2019li Cemil \u00c7i\u00e7ek\u2019te \u201cB\u00fclent Ar\u0131n\u00e7\u2019a y\u00f6nelik bir suikast\u0131 do\u011frulayacak bilgilere sahip olmad\u0131klar\u0131n\u0131\u201d a\u00e7\u0131klam\u0131\u015ft\u0131.<\/span><\/p>\n<p><span style=\"font-family: arial,helvetica,sans-serif;\"><strong>Morrison S\u00fcleyman\u2019\u0131n yeni a\u00e7\u0131l\u0131mlar\u0131!<\/strong><\/span><\/p>\n<p><span style=\"font-family: arial,helvetica,sans-serif;\"><strong>Siyasi kulislerde ge\u00e7en ay konu\u015fulan konulardan birisi de; eski Cumhurba\u015fkan\u0131 S\u00fcleyman Demirel\u2019in MHP Okulu&#8217;nda ders vermesiydi.<\/strong><\/span><\/p>\n<p><span style=\"font-family: arial,helvetica,sans-serif;\"><strong>Her ne kadar Demirel, &#8220;buraya geli\u015fimin alt\u0131nda bir \u015fey aramay\u0131n&#8221; dese de siyasi kulislerde &#8220;\u00f6k\u00fcz\u00fcn alt\u0131nda buza\u011f\u0131 aramak\u201d gerekirdi.&#8221;<\/strong><\/span><\/p>\n<p><span style=\"font-family: arial,helvetica,sans-serif;\"><strong>Bilindi\u011fi gibi DYP-ANAP&#8217;\u0131n DP \u00e7at\u0131s\u0131 alt\u0131nda birle\u015fmesinin mimar\u0131 S\u00fcleyman Demirel\u2019di.<\/strong><\/span><\/p>\n<p><span style=\"font-family: arial,helvetica,sans-serif;\"><strong>S\u00f6ylenenlere g\u00f6re Demirel, \u00f6n\u00fcm\u00fczdeki se\u00e7imde AKP&#8217;yi h\u00fck\u00fcmetten d\u00fc\u015f\u00fcrmek i\u00e7in, DP-MHP ve SP ile yap\u0131lacak bir ittifak pe\u015findeydi.<\/strong><\/span><\/p>\n<p><span style=\"font-family: arial,helvetica,sans-serif;\"><strong>Bu siyasal stratejiye g\u00f6re hareket eden Demirel, AKP&#8217;nin iktidardan inmesini isteyen CHP&#8217;li se\u00e7menlerin bu ittifak\u0131 destekleyece\u011fini beklemekteydi.<\/strong><\/span><\/p>\n<p><span style=\"font-family: arial,helvetica,sans-serif;\"><strong>Bu arada Mustafa Sar\u0131g\u00fcl&#8217;\u00fcn de bu ittifaka al\u0131nmas\u0131n\u0131n tart\u0131\u015f\u0131ld\u0131\u011f\u0131 haberleri gelmekteydi.<\/strong><\/span><\/p>\n<p><span style=\"font-family: arial,helvetica,sans-serif;\"><strong>Cumhurba\u015fkanl\u0131\u011f\u0131&#8217;n\u0131n Haberal ilgisi Mason kaynakl\u0131 m\u0131yd\u0131?<\/strong><\/span><\/p>\n<p><span style=\"font-family: arial,helvetica,sans-serif;\"><strong>Eski Y\u00d6K ba\u015fkan\u0131, Yahudi as\u0131ll\u0131 bir Marun\u00ee ve me\u015fhur Eski Y\u00d6K Ba\u015fkan\u0131, \u0130hsan Do\u011framac\u0131\u2019n\u0131n varisi olan Mehmet Haberal\u2019le ilgili \u201c\u0130srail\u2019deki organ mafyas\u0131yla ba\u011flant\u0131l\u0131\u201d iddialar\u0131 acaba ne derece do\u011fruydu?<\/strong><\/span><\/p>\n<p><span style=\"font-family: arial,helvetica,sans-serif;\"><strong>Ergenekon soru\u015fturmas\u0131 kapsam\u0131nda yarg\u0131lanan Prof. Dr. Mehmet Haberal, tutuklama karar\u0131n\u0131n \u00e7\u0131kt\u0131\u011f\u0131 17 Nisandan beri hapishane y\u00fcz\u00fc g\u00f6rm\u00fcyordu!<\/strong><\/span><\/p>\n<p><span style=\"font-family: arial,helvetica,sans-serif;\"><strong>S\u00f6zde \u201ckalp ritmi bozuklu\u011fu\u201d te\u015fhisi ile kald\u0131r\u0131ld\u0131\u011f\u0131 \u0130stanbul \u00dcniversitesi Kardiyoloji Enstit\u00fcs\u00fc\u2019nde tam 8 ay\u0131 geride b\u0131rakan Haberal\u2019\u0131n ziyaret\u00e7ileri eksik olmuyordu.<\/strong><\/span><\/p>\n<p><span style=\"font-family: arial,helvetica,sans-serif;\"><strong>Samanyoluhaberin bilgisine g\u00f6re,\u00a0 Haberal\u2019\u0131n Cumhurba\u015fkanl\u0131\u011f\u0131\u2019ndan gelen biri taraf\u0131ndan d\u00fczenli aral\u0131klarla ziyaret ediliyordu. Yap\u0131lan k\u0131sa ara\u015ft\u0131rmada, Haberal\u2019\u0131 d\u00fczenli olarak ziyaret eden bu ki\u015finin Cumhurba\u015fkan\u0131 Ba\u015fdan\u0131\u015fman\u0131 Aylin Cesur oldu\u011fu ortaya \u00e7\u0131k\u0131yordu.<\/strong><\/span><\/p>\n<p><span style=\"font-family: arial,helvetica,sans-serif;\"><strong>Aylin Han\u0131m, ayn\u0131 zamanda 9. Cumhurba\u015fkan\u0131 S\u00fcleyman Demirel\u2019in 13 y\u0131ll\u0131k \u00f6zel doktoruydu. \u015eimdilerde Baba\u2019n\u0131n \u00f6zel kalem m\u00fcd\u00fcrl\u00fc\u011f\u00fcn\u00fc ve bas\u0131n m\u00fc\u015favirli\u011fini de y\u00fcr\u00fct\u00fcyordu. Demirel ile g\u00fcne ba\u015flayan Aylin Cesur, t\u00fcm aktivitelerinde Baba\u2019n\u0131n yan\u0131ndan ayr\u0131lm\u0131yordu. 1996\u2019dan beri \u00c7ankaya K\u00f6\u015fk\u00fc\u2019n\u00fcn doktor kadrosunda olan Aylin Han\u0131m, ge\u00e7ti\u011fimiz y\u0131l Cumhurba\u015fkan\u0131 Abdullah G\u00fcl\u2019\u00fcn Baba\u2019ya \u2018jesti\u2019 ve \u00f6zel talimat\u0131 ile K\u00f6\u015fk\u2019e ba\u015fdan\u0131\u015fman atan\u0131yordu. Hem Demirel\u2019in hem Abdullah G\u00fcl\u2019\u00fcn Ba\u015fdan\u0131\u015fman\u0131 olan Aylin Cesur\u2019un sabataist oldu\u011funu s\u00f6ylemek bize d\u00fc\u015fm\u00fcyordu.<\/strong><\/span><\/p>\n<p><span style=\"font-family: arial,helvetica,sans-serif;\"><strong>Tabi Cumhurba\u015fkan\u0131 Abdullah G\u00fcl\u2019\u00fcn Ba\u015fdan\u0131\u015fman\u0131 olarak maa\u015f alan Aylin han\u0131m\u0131n, G\u00fcl\u2019le birlikte Demirel\u2019e hizmet etmeye devam ediyor olmas\u0131 da asl\u0131nda \u00e7ok \u015feyi a\u00e7\u0131kl\u0131yordu.<\/strong><\/span><\/p>\n<p><span style=\"font-family: arial,helvetica,sans-serif;\"><strong>Sonu\u00e7: T\u00fcrk askerine kar\u015f\u0131 haz\u0131rlanan, ikinci \u00e7uval acaba kimin ba\u015f\u0131na tak\u0131lacakt\u0131?<\/strong><\/span><\/p>\n<p><span style=\"font-family: arial,helvetica,sans-serif;\">Tarih 06 Ekim 1981, M\u0131s\u0131r Devlet Ba\u015fkan\u0131 Enver Sedat bir t\u00f6ren esnas\u0131nda katledilmi\u015fti. Suikast\u0131 d\u00fczenleyenlerin M\u00fcsl\u00fcman Karde\u015fler oldu\u011fu s\u00f6ylendi. Sedat\u2019\u0131n \u0130srail\u2019le yak\u0131nla\u015ft\u0131\u011f\u0131 i\u00e7in \u00f6ld\u00fcr\u00fcld\u00fc\u011f\u00fc iddia ve ifade edildi. Ancak \u015fu ger\u00e7ek \u00f6zellikle gizlenmi\u015fti. Nil Deltas\u0131\u2019nda sava\u015fmak \u00fczere 1980 y\u0131l\u0131na kadar M\u0131s\u0131r sadece bir TUGAY \u00d6zel Harek\u00e2t Birli\u011fi yeti\u015ftirmi\u015fti. 1980 y\u0131l\u0131n\u0131n ortalar\u0131na do\u011fru Enver Sedat tarihi bir kararla ikinci bir \u00d6zel harek\u00e2t Tugay\u0131\u2019n\u0131n yeti\u015ftirilmesini emretmi\u015fti. Hemen i\u015fe ba\u015fland\u0131 2 Tugayl\u0131k eleman se\u00e7ilmi\u015f ve yeti\u015ftirilmeye giri\u015filmi\u015fti. 1981 y\u0131l\u0131n\u0131n May\u0131s ay\u0131nda t\u00fcm elemeler tamamlanm\u0131\u015f ve elemeler sonucu elde 1 Tugay ve emniyet pay\u0131 olarak da art\u0131 % 10 eleman se\u00e7ilmi\u015fti. Enver Sedat, bu karar\u0131 vermeden \u00f6nce \u00e7evresinde \u00e7ok g\u00fcvendiklerine konuyu s\u00f6ylemi\u015fti. O g\u00fcnden itibaren ABD\u2019nin ve \u0130srail\u2019in hedefi haline gelmi\u015f, kendisi ve ailesi ile ilgili pek \u00e7ok dosya uluslar aras\u0131 ve ulusal medyaya servis edilmi\u015fti. Ve nihayet, \u0130srail\u2019in g\u00fcvenli\u011fini tehdit eden bu \u00f6zel kuvvetler y\u00fcz\u00fcnden, Enver Sedat M\u00fcsl\u00fcman Karde\u015fler \u00f6rg\u00fct\u00fcn\u00fcn baz\u0131 birimlerini ta\u015feron olarak kullanan CIA ve MOSSAD eliyle saf d\u0131\u015f\u0131 edilmi\u015fti.<\/span><\/p>\n<p><span style=\"font-family: arial,helvetica,sans-serif;\">Peki, bizdeki \u00d6zel Kuvvetler Komutanl\u0131\u011f\u0131 \u00fczerinde estirilen ahlaks\u0131z f\u0131rt\u0131na ile bunun ne alakas\u0131 var diyebilirsiniz.<\/span><\/p>\n<p><span style=\"font-family: arial,helvetica,sans-serif;\">K\u00fcresel E\u015fk\u0131ya ABD\u2019nin Irak\u2019ta d\u00fczenledi\u011fi ilk \u00c7UVAL OPERASYONU T\u00fcrk \u00d6zel Kuvvetler Komutanl\u0131\u011f\u0131 \u00fczerinde T\u00fcrkiye Cumhuriyeti Devleti\u2019ne, T\u00fcrk Milleti\u2019ne bir meydan okumayd\u0131 ve maalesef istenilen sonuca ula\u015fm\u0131\u015ft\u0131. Onurumuz, gururumuz iki paral\u0131k edilip k\u0131r\u0131lm\u0131\u015ft\u0131. O tarihten sonra Ortado\u011fu ve Kafkaslar B\u00f6lgesi\u2019nde bizimle hareket etme iste\u011finde olan t\u00fcm unsurlar, ba\u015fta T\u00fcrkmenler T\u00fcrkiye Cumhuriyeti Devleti\u2019ne g\u00fcvenemez olmu\u015flard\u0131.<\/span><\/p>\n<p><span style=\"font-family: arial,helvetica,sans-serif;\">2006 y\u0131l\u0131nda T\u00fcrk \u00d6zel Kuvvetler Komutanl\u0131\u011f\u0131 T\u00fcmen seviyesinden Kolordu seviyesine \u00e7\u0131kar\u0131ld\u0131. ABD, \u0130srail ve onlar\u0131n T\u00fcrkiye\u2019deki art\u0131klar\u0131 bas bas ba\u011f\u0131rmaya ba\u015flam\u0131\u015ft\u0131.<\/span><\/p>\n<p><span style=\"font-family: arial,helvetica,sans-serif;\">Bu operasyon, acaba B\u00fclent Ar\u0131n\u00e7\u2019a kar\u015f\u0131 yap\u0131laca\u011f\u0131 iddia edilen d\u00fczmece suikast iddias\u0131ndan sonra, T\u00fcrk Silahl\u0131 Kuvvetleri\u2019nin ba\u015f\u0131na yine \u00d6zel Kuvvetler Komutanl\u0131\u011f\u0131 \u00fczerinden \u0130K\u0130NC\u0130 \u00c7UVAL ge\u00e7irme haz\u0131rl\u0131\u011f\u0131 m\u0131d\u0131r? M\u0131s\u0131r\u2019daki \u0130hvan\u0131 M\u00fcsl\u00fcmin Amerikan g\u00fcd\u00fcml\u00fc ta\u015feron tak\u0131mlar\u0131 yerinde, bizde Fetullah\u00e7\u0131lar i\u015fba\u015f\u0131ndad\u0131r. K\u00fcresel E\u015fk\u0131ya\u2019n\u0131n s\u00fcper teknolojisi kullan\u0131larak, \u00d6zel Kuvvetler Komutanl\u0131\u011f\u0131\u2019ndaki b\u00fct\u00fcn bilgisayarlardan bilgiler \u00e7ekilsin, i\u015flensin ve sonunda da T\u00fcrkiye\u2019deki hain \u00e7etelerin eline, bulmalar\u0131 gereken her t\u00fcrl\u00fc dok\u00fcman ve belgenin haritas\u0131na kadar her \u015fey verilsin isteyen d\u0131\u015f g\u00fc\u00e7ler ve i\u015fbirlik\u00e7iler vard\u0131r.<\/span><\/p>\n<p><span style=\"font-family: arial,helvetica,sans-serif;\">Yoksa bu operasyona, K\u0131rma OBAMA\u2019n\u0131n Afganistan\u2019da kullan\u0131lmak \u00fczere istedi\u011fi T\u00fcrk Askeri birlikleri konusunda T\u00fcrk Genelkurmay Ba\u015fkanl\u0131\u011f\u0131\u2019n\u0131n \u0130T\u0130RAZI ve teklifi REDDETMES\u0130 sonucunda m\u0131 karar \u00e7\u0131km\u0131\u015ft\u0131r? Operasyon i\u00e7in, 1999 y\u0131l\u0131ndan beri devam eden haz\u0131rl\u0131klardan elde edilen t\u00fcm sapt\u0131r\u0131lm\u0131\u015f saptamalardan ve \u00d6zel Harek\u00e2t\u2019\u0131n \u00e7ok \u00f6nemli noktalar\u0131na s\u0131zan r\u00fctbeli-r\u00fctbesiz Fetullah\u00e7\u0131lar\u0131n raporlar\u0131ndan b\u00fcy\u00fck \u00f6l\u00e7\u00fcde faydalan\u0131lm\u0131\u015ft\u0131r.<\/span><\/p>\n<p><span style=\"font-family: arial,helvetica,sans-serif;\">\u00c7\u00fcnk\u00fc, Orgeneral KIVRIKO\u011eLU\u2019ndan bu yana \u00d6zel Kuvvetler Komutanl\u0131\u011f\u0131, NATO\u2019nun ve ABD\u2019nin \u201c\u00e7antada keklik\u201d g\u00f6rd\u00fc\u011f\u00fc bir kuvvet olmaktan \u00e7\u0131km\u0131\u015f ve M\u0130LL\u0130 hedeflere odaklanm\u0131\u015ft\u0131r. \u00d6zel Kuvvetler Komutanl\u0131\u011f\u0131 fel\u00e7 edilmeden T\u00fcrk Silahl\u0131 Kuvvetleri\u2019ne zarar verebilmek neredeyse imk\u00e2ns\u0131zd\u0131r. Dahas\u0131, \u00d6zel Kuvvetler Komutanl\u0131\u011f\u0131\u2019n\u0131n ba\u015f\u0131na \u00e7uval ge\u00e7irilmeden T\u00fcrkiye Cumhuriyeti teslim al\u0131namayacakt\u0131r. Peki, komutanlar neden bu denli sessiz ya da tepkisiz bir tav\u0131r tak\u0131nmaktad\u0131r? Bunun hikmeti \u00f6n\u00fcm\u00fczdeki s\u00fcre\u00e7te anla\u015f\u0131lacakt\u0131r.<\/span><\/p>\n<p><span style=\"font-family: arial,helvetica,sans-serif;\">Bu olay\u0131 ola\u011fan bir hukuki s\u00fcre\u00e7 saymak ve b\u00f6yle yans\u0131tmak en hafif ifade ile \u015farlatanl\u0131kt\u0131r.<\/span><\/p>\n<p><span style=\"font-family: arial,helvetica,sans-serif;\">T\u00fcrk \u00d6zel Kuvvetler Komutanl\u0131\u011f\u0131\u2019na kar\u015f\u0131 ilk operasyon Efsane Ba\u015fbakan ve Milli Kahraman Erbakan\u2019\u0131n en hay\u0131rl\u0131 ve ba\u015far\u0131l\u0131 iktidar\u0131na y\u00f6nelik, Siyonist tertipli 28 \u015eubat\u2019\u0131n Pa\u015fa-ma\u015fas\u0131 Org. \u00c7evik B\u0130R denen mezhebi, me\u015frebi, men\u015fei belirsizin plan\u0131 ve komutas\u0131 ile ba\u015flat\u0131lm\u0131\u015ft\u0131. \u201cNas\u0131l olur?\u201d demeyin. 28 \u015eUBAT denen \u015farlatanl\u0131\u011f\u0131 bamba\u015fka k\u0131l\u0131flar alt\u0131nda tezg\u00e2hlay\u0131p uygulatan bu adam emekli olduktan sonra, siyonizmin adam\u0131 ve Fetullah\u2019\u0131n taraftar\u0131 \u0130hsan KALKAVAN\u2019a y\u00fcksek fiyatl\u0131 kiral\u0131k dan\u0131\u015fman olarak atanm\u0131\u015ft\u0131. Bu \u00c7evik Bir AKP\u2019nin bile Avrupa ve Amerika pazarlay\u0131c\u0131s\u0131yd\u0131.<\/span><\/p>\n<p><span style=\"font-family: arial,helvetica,sans-serif;\"><strong>\u201cSab\u0131r testi\u201d bask\u0131nlar\u0131 ve \u201ctestiyi k\u0131rma\u201d hesaplar\u0131!<\/strong><\/span><\/p>\n<p><span style=\"font-family: arial,helvetica,sans-serif;\"><strong>T\u00fcrk \u00d6zel Kuvvetler Komutanl\u0131\u011f\u0131\u2019nda yap\u0131lan aramalar esnas\u0131nda o kararg\u00e2hta olmas\u0131na ve \u00fcst d\u00fczeyde bulunmas\u0131na ra\u011fmen pek \u00e7ok r\u00fctbelinin N\u00fcfuz Etmesi\u2019ne dahi izin verilmemi\u015f KOZM\u0130K BELGELER\u2019e, hi\u00e7bir g\u00fcvenlik soru\u015fturmas\u0131 yap\u0131lmam\u0131\u015f savc\u0131lar ve h\u00e2kimler belgelere n\u00fcfuz etmi\u015f, belgeler kamerayla da olsa kopyalanm\u0131\u015ft\u0131r. Bunun anlam\u0131 \u015fudur. KLERANS \u0130HLAL\u0130. Yani, KOZM\u0130K BELGELER art\u0131k birer pa\u00e7avrad\u0131r. Asl\u0131nda usul\u00fcne uygun teknolojik ayg\u0131tlarla yak\u0131larak yok edilmesi istenen T\u00fcrkiye Cumhuriyeti Devleti\u2019nin varl\u0131\u011f\u0131 ve bekas\u0131 ile ilgili \u00c7OK G\u0130ZL\u0130 gizlilik derecesine sahip dok\u00fcmanlard\u0131r. K\u0131saca T\u00fcrkiye Cumhuriyeti Devleti \u015fu anda savunmas\u0131z durumdad\u0131r. <\/strong><\/span><\/p>\n<p><span style=\"font-family: arial,helvetica,sans-serif;\">\u00d6zel Kuvvetler Komutanl\u0131\u011f\u0131 ayn\u0131 planlar\u0131 sil ba\u015ftan yapmak zorundad\u0131r ve bunun i\u00e7in gereken en az s\u00fcre 8 ayd\u0131r.<\/span><\/p>\n<p><span style=\"font-family: arial,helvetica,sans-serif;\">Burada kulland\u0131\u011f\u0131m\u0131z KLERANS kavram\u0131, en basit ifade ile \u201cilgili \u015fah\u0131slar\u0131n YETK\u0130 d\u00fczeylerini belirleyen G\u00dcVENL\u0130K ve g\u00f6rev belgesi\u201d anlam\u0131ndad\u0131r. Bu belge r\u00fctbesi ne olursa olsun birine verilmesi gerekiyorsa, o ki\u015finin yedi ceddi, e\u015fi, \u00e7ocuklar\u0131, akrabalar\u0131, \u00f6zel ba\u011flant\u0131lar\u0131, arkada\u015flar\u0131, e\u015f ve dostlar\u0131, tarikat ve \u00f6rg\u00fct ba\u011flant\u0131lar\u0131 \u00f6zenle ara\u015ft\u0131r\u0131lmaktad\u0131r.<\/span><\/p>\n<p><span style=\"font-family: arial,helvetica,sans-serif;\">Aramalara sadece bir polisin o da elinde kamera ile s\u0131zabilmi\u015f olmas\u0131 belki bir tesellidir. \u00c7\u00fcnk\u00fc, bu kez Fetto\u015f\u2019un coplar\u0131, ERGENEKON s\u00fcrecinde oldu\u011fu gibi neyin savc\u0131s\u0131 oldu\u011fu belli olmayan adama dikte edemeyeceklerdir. Savc\u0131 ad\u0131na atacaklar\u0131 sahte imzalarla arama, tutuklama yapamayacaklar, tahliye isteklerini b\u00fcrolar\u0131nda yaz\u0131p imzalay\u0131p ba\u015fvuran m\u00fcvekkillere RED kararlar\u0131n\u0131 tebli\u011f edemeyeceklerdir.<\/span><\/p>\n<p><span style=\"font-family: arial,helvetica,sans-serif;\">Hat\u0131rlar m\u0131s\u0131n\u0131z bilmem, bir ara PKK\u2019n\u0131n sivil kopyas\u0131 DTP\u2019nin, yani \u201cArmenian and Kurdish Party\u2019in\u201d bir kuklas\u0131 \u201cAnkara\u2019da \u00d6zel Kuvvetler Komutanl\u0131\u011f\u0131 Kararg\u00e2h\u0131\u2019n\u0131n ne i\u015fi var diye z\u0131rlam\u0131\u015ft\u0131.\u201d<\/span><\/p>\n<p><span style=\"font-family: arial,helvetica,sans-serif;\">\u0130nternet arama motorlar\u0131nda o tarihe gidin ve bu operasyonun ne zaman ve ne maksatla ba\u015flat\u0131ld\u0131\u011f\u0131n\u0131 anlamaya \u00e7al\u0131\u015f\u0131n.<\/span><\/p>\n<p><span style=\"font-family: arial,helvetica,sans-serif;\"><strong>ATAT\u00dcRK\u2019\u00fcn Gen\u00e7li\u011fe Hitabesi\u2019ndeki \u015fu c\u00fcmleleri herkese hat\u0131rlatman\u0131n tam zaman\u0131d\u0131r:<\/strong><\/span><\/p>\n<p><span style=\"font-family: arial,helvetica,sans-serif;\"><strong>\u201cCebren ve hile ile aziz vatan\u0131n b\u00fct\u00fcn kaleleri zaptedilmi\u015f, b\u00fct\u00fcn tersanelerine girilmi\u015f, b\u00fct\u00fcn ordular\u0131 da\u011f\u0131t\u0131lm\u0131\u015f ve memleketin her k\u00f6\u015fesi bilfiil i\u015fgal edilmi\u015f olabilir. B\u00fct\u00fcn bu \u015fer\u00e2itten daha el\u00eem ve daha vahim olmak \u00fczere, memleketin dahilinde, iktidara sahip olanlar gaflet ve dal\u00e2let ve hatt\u00e2 h\u0131yanet i\u00e7inde bulunabilirler. Hatta bu iktidar sahipleri, \u015fahs\u00ee menfaatlerini, m\u00fcstevlilerin siyasi emelleriyle tevhid edebilirler.\u201d<\/strong><\/span><\/p>\n<p><span style=\"font-family: arial,helvetica,sans-serif;\"><strong>\u201cAma kimse korkuya, umutsuzlu\u011fa ve \u015f\u00fcpheye kap\u0131lmas\u0131n, bu sava\u015f\u0131 er ya da ge\u00e7 M\u0130LL\u0130 KUVVETLER kazanacakt\u0131r. Ak\u0131lla, inan\u00e7la, \u00e7al\u0131\u015fmayla ve davay\u0131 \u015fahsi menfaatlerinin \u00fczerinde tutarak ba\u015faracakt\u0131r. Kutsal ideal adam\u0131 ve iddial\u0131 olmak laz\u0131md\u0131r, beynimizdeki son h\u00fccreyi de bu u\u011furda kullanmadan \u00f6lmek bizlere haramd\u0131r!\u201d<a href=\"#_ftn1\"><strong>[1]<\/strong><\/a><\/strong><\/span><\/p>\n<p><span style=\"font-family: arial,helvetica,sans-serif;\"><strong>Sabah yazar\u0131 Hasan B\u00fclent Kahraman, AKP\u2019nin ve yanda\u015f medya ekibinin Siyonist \u0130srail\u2019in ve k\u00fcresel emperyalizmin g\u00f6n\u00fcll\u00fc u\u015faklar\u0131 olduklar\u0131n\u0131 \u015fu yaz\u0131yla itiraf etmi\u015f bulunmaktayd\u0131: <\/strong><\/span><\/p>\n<p><span style=\"font-family: arial,helvetica,sans-serif;\"><strong>Ordunun yeni pozisyonu<\/strong><\/span><\/p>\n<p><span style=\"font-family: arial,helvetica,sans-serif;\"><strong><em>\u201cT\u00fcrkiye \u00e7ok \u00f6nemli bir d\u00f6neme\u00e7 al\u0131yor. Bu sadece T\u00fcrkiye&#8217;nin de\u011fil, ABD&#8217;nin de\u011fil d\u00fcnya sermayesinin de bir iste\u011fidir. T\u00fcrkiye OD b\u00f6lgesine ve Kuzey Irak&#8217;a a\u00e7\u0131l\u0131rken oraya k\u00fcresel sermayeyi de sokmaktad\u0131r. Bir petrol b\u00f6lgesinde k\u00fcresel sermaye e\u011fer hareket edecekse \u00f6ncelikle siyasal ve askeri g\u00fcvenlik ve istikrar ister. <\/em><\/strong><\/span><\/p>\n<p><span style=\"font-family: arial,helvetica,sans-serif;\"><strong><em>Temel iddiam \u015fu: T\u00fcrkiye yeni bir olu\u015fumun etkisi alt\u0131nda. K\u00f6kleri d\u0131\u015f politikada olan bu olu\u015fum T\u00fcrkiye&#8217;yi Ortado\u011fu b\u00f6lgesine yerle\u015ftiriyor ve \u00f6zellikle ABD bu yeni projede T\u00fcrkiye&#8217;yle bir ittifak i\u00e7inde g\u00f6r\u00fcn\u00fcyor. Sadece Ortado\u011fu de\u011fil Balkanlar&#8217;da, Kafkaslar&#8217;da, Afganistan&#8217;a kadar uzanan \u00e7ok b\u00fcy\u00fck bir alanda T\u00fcrkiye \u00e7ok \u00f6nemli bir g\u00fcvenlik ve istikrar unsuru olarak \u015fekilleniyor. B\u00f6yle bir harekete de\u011fil T\u00fcrkiye d\u00fcnyan\u0131n hi\u00e7bir \u00fclkesi, ordunun bilgisi, kabul\u00fc, deste\u011fi olmaks\u0131z\u0131n giremez. Dolay\u0131s\u0131yla yak\u0131n d\u00f6nemde ordunun T\u00fcrkiye&#8217;yi ba\u011flayan uluslararas\u0131 ili\u015fkiler \u00fcst\u00fcnden geli\u015fen bir pozisyonla etkinli\u011fi artacakt\u0131r&#8230;<\/em><\/strong><\/span><\/p>\n<p><span style=\"font-family: arial,helvetica,sans-serif;\"><strong><em>Bug\u00fcne kadar her darbenin arkas\u0131nda yer alm\u0131\u015f ABD \u015fimdi a\u00e7\u0131k\u00e7as\u0131 darbe giri\u015fimlerine set \u00e7ekerken ordunun i\u00e7 politika etkinli\u011fini art\u0131rmas\u0131 olanaks\u0131zd\u0131r. \u0130\u015fin belki daha \u00f6nemli yan\u0131 bizzat ordunun da disiplin d\u0131\u015f\u0131 geli\u015fmelerden ve darbe aray\u0131\u015flar\u0131ndan rahats\u0131z olmas\u0131d\u0131r. Ordunun bug\u00fcn devam eden ara\u015ft\u0131rmalara, soru\u015fturmalara, muhakemelere a\u00e7\u0131k veya \u00f6rt\u00fcl\u00fc katk\u0131 sa\u011flamas\u0131d\u0131r. E\u011fer baz\u0131 ilgili subaylar &#8220;Ordu arkam\u0131zda de\u011fil&#8221; diyorsa bu kendi ba\u015f\u0131na bile \u00e7ok \u00f6nemli bir g\u00f6stergedir. Kald\u0131 ki, T\u00fcrkiye&#8217;nin zihninde daima sakl\u0131 tuttu\u011fu emperyal d\u00fc\u015f\u00fcncelerin \u015fu veya bu \u00f6l\u00e7\u00fcde ger\u00e7ekle\u015fmesi orduyu daha fazla tatmin edecektir.\u00a0 Buradan \u015f\u00f6yle bir sonuca varmak m\u00fcmk\u00fcn. T\u00fcrkiye \u00e7ok \u00f6nemli bir d\u00f6neme\u00e7 al\u0131yor. Bu sadece T\u00fcrkiye&#8217;nin de\u011fil, ABD&#8217;nin de\u011fil d\u00fcnya sermayesinin de bir iste\u011fidir. T\u00fcrkiye OD b\u00f6lgesine ve Kuzey Irak&#8217;a a\u00e7\u0131l\u0131rken oraya k\u00fcresel sermayeyi de sokmaktad\u0131r. Bir petrol b\u00f6lgesinde k\u00fcresel sermaye e\u011fer hareket edecekse \u00f6ncelikle siyasal ve askeri g\u00fcvenlik ve istikrar ister. Bunu T\u00fcrkiye sa\u011flayacakt\u0131r.<\/em><\/strong><\/span><\/p>\n<p><span style=\"font-family: arial,helvetica,sans-serif;\"><strong><em>O ko\u015fullar\u0131n temini ise ancak T\u00fcrkiye&#8217;nin kendi i\u00e7 sorunlar\u0131ndan ar\u0131nmas\u0131yla m\u00fcmk\u00fcnd\u00fcr. Gene ayn\u0131 noktaya geliyoruz. Bu muhakeme \u00e7er\u00e7evesinde T\u00fcrkiye PKK sorunundan kurtuluyor. Gene bu muhakeme \u00e7er\u00e7evesinde d\u00fcnya T\u00fcrkiye&#8217;de, ordunun i\u00e7inde ortaya \u00e7\u0131kan toplumu, devleti, d\u00fcnyay\u0131 ve bizzat orduyu da rahats\u0131z eden unsurlar\u0131n temizlenmesini ve ordunun salt bir g\u00fcvenlik unsuru olarak hareket etmesini istemektedir&#8230;\u201d<a href=\"#_ftn2\"><strong>[2]<\/strong><\/a><\/em><\/strong><\/span><\/p>\n<p><span style=\"font-family: arial,helvetica,sans-serif;\"><strong>A\u00e7\u0131k\u00e7a ve hay\u00e2s\u0131zca; Amerikan u\u015fakl\u0131klar\u0131n\u0131 ve siyonizmin zulm\u00fcne k\u00e2hyal\u0131klar\u0131n\u0131 itiraf eden ve bu g\u00e2vur kuklal\u0131\u011f\u0131n\u0131 iltifat sayacak kadar al\u00e7alan ukalalara \u015fimdi sormak laz\u0131md\u0131:<\/strong><\/span><\/p>\n<p><span style=\"font-family: arial,helvetica,sans-serif;\"><strong>\u0130\u015fte g\u00f6r\u00fcyorsunuz. Mahkeme karar\u0131yla Ordu\u2019nun mahremiyetine bile girebiliyorsunuz, pa\u015falar\u0131 ve komutanlar\u0131 polis marifetiyle savc\u0131l\u0131klara ta\u015f\u0131yabiliyorsunuz, ama PKK\u2019n\u0131n sivil militanlar\u0131 olan BDP\u2019lileri Apo\u2019dan izin \u00e7\u0131kmad\u0131k\u00e7a adliyeye getiremiyorsunuz. Neden? \u00c7\u00fcnk\u00fc onlar imtiyazl\u0131yd\u0131, birinci s\u0131n\u0131f vatanda\u015ft\u0131.\u00a0 \u00c7\u00fcnk\u00fc onlar\u0131n arkas\u0131nda sizlerin de patronu olan \u0130srail, ADB ve AB vard\u0131.<\/strong><\/span><\/p>\n<p><span style=\"font-family: arial,helvetica,sans-serif;\"><strong>Ama bizler, \u00fclkenin aziz ve asil kesimleri, yani bu milletin kendisi ise, ne kadar saf ve sad\u0131kt\u0131k, ne kadar hukuka ve devlete sayg\u0131l\u0131yd\u0131k\u2026 H\u00e2kimler, polisler \u00e7a\u011f\u0131r\u0131r \u00e7a\u011f\u0131rmaz hemen ko\u015fard\u0131k\u2026 \u00dcstelik horlan\u0131rd\u0131k, h\u0131rpalan\u0131rd\u0131k, hakarete u\u011frard\u0131k!&#8230;<\/strong><\/span><\/p>\n<p><span style=\"font-family: arial,helvetica,sans-serif;\"><strong> <\/strong><\/span><\/p>\n<p><span style=\"font-family: arial,helvetica,sans-serif;\"><strong> <\/strong><\/span><\/p>\n<p><span style=\"font-family: arial,helvetica,sans-serif;\"> <\/span><\/p>\n<p><span style=\"font-family: arial,helvetica,sans-serif;\"> <\/span><\/p>\n<p><span style=\"font-family: arial,helvetica,sans-serif;\"><strong> <\/strong><\/span><\/p>\n<p align=\"center\"><span style=\"font-family: arial,helvetica,sans-serif;\"> <\/span><\/p>\n<p> <span style=\"font-family: arial,helvetica,sans-serif;\"><br clear=\"all\" \/><\/span>  <\/p>\n<hr \/>\n<p><span style=\"font-family: arial,helvetica,sans-serif;\"><a href=\"#_ftnref1\">[1]<\/a> 28 Aral\u0131k 2009 \/ Cem Yaren<\/span><\/p>\n<p><span style=\"font-family: arial,helvetica,sans-serif;\"><a href=\"#_ftnref2\">[2]<\/a> 30 Aral\u0131k 2009 \/ sabah<\/span><\/p>\n","protected":false},"excerpt":{"rendered":"<p><span style=\"font-family: arial,helvetica,sans-serif;\">  <\/p>\n","protected":false},"author":1,"featured_media":0,"comment_status":"open","ping_status":"closed","sticky":false,"template":"","format":"standard","meta":{"footnotes":""},"categories":[98],"tags":[],"class_list":["post-1724","post","type-post","status-publish","format-standard","hentry","category-ozel-yazilar"],"_links":{"self":[{"href":"https:\/\/www.millicozum.com\/mc\/wp-json\/wp\/v2\/posts\/1724","targetHints":{"allow":["GET"]}}],"collection":[{"href":"https:\/\/www.millicozum.com\/mc\/wp-json\/wp\/v2\/posts"}],"about":[{"href":"https:\/\/www.millicozum.com\/mc\/wp-json\/wp\/v2\/types\/post"}],"author":[{"embeddable":true,"href":"https:\/\/www.millicozum.com\/mc\/wp-json\/wp\/v2\/users\/1"}],"replies":[{"embeddable":true,"href":"https:\/\/www.millicozum.com\/mc\/wp-json\/wp\/v2\/comments?post=1724"}],"version-history":[{"count":0,"href":"https:\/\/www.millicozum.com\/mc\/wp-json\/wp\/v2\/posts\/1724\/revisions"}],"wp:attachment":[{"href":"https:\/\/www.millicozum.com\/mc\/wp-json\/wp\/v2\/media?parent=1724"}],"wp:term":[{"taxonomy":"category","embeddable":true,"href":"https:\/\/www.millicozum.com\/mc\/wp-json\/wp\/v2\/categories?post=1724"},{"taxonomy":"post_tag","embeddable":true,"href":"https:\/\/www.millicozum.com\/mc\/wp-json\/wp\/v2\/tags?post=1724"}],"curies":[{"name":"wp","href":"https:\/\/api.w.org\/{rel}","templated":true}]}}