{"id":1750,"date":"2010-02-23T12:31:40","date_gmt":"2010-02-23T12:31:40","guid":{"rendered":"https:\/\/www.millicozum.com\/mc\/2010\/02\/23\/tskya-sizan-kostebekler\/"},"modified":"2010-02-23T12:31:40","modified_gmt":"2010-02-23T12:31:40","slug":"tskya-sizan-kostebekler","status":"publish","type":"post","link":"https:\/\/www.millicozum.com\/mc\/2010\/mart-2010\/tskya-sizan-kostebekler\/","title":{"rendered":"TSK\u2019YA SIZAN K\u00d6STEBEKLER!"},"content":{"rendered":"<p align=\"center\"><strong> <\/strong><\/p>\n<ul>\n<li><strong>YA FETULLAH\u00c7I VE CIA AJANIDIR<\/strong><\/li>\n<li><strong>YA KOM\u00dcN\u0130ST VE KOM\u0130TACI ULUSALCIDIR<\/strong><\/li>\n<li><strong>VEYA \u0130KT\u0130DARA VE ARKASINDAK\u0130 G\u00dc\u00c7 ODAKLARINA SATILMI\u015eTIR<\/strong><\/li>\n<\/ul>\n<p align=\"center\"><strong> <\/strong><\/p>\n<p><strong>Kendisini bu aziz milletin bir ferdi ve tabii temsilcisi; askerini ise; bu milletin kendisi ve g\u00f6n\u00fcll\u00fc fedaisi g\u00f6ren hi\u00e7 kimsenin \u201corduyu ele ge\u00e7irme veya g\u00fc\u00e7s\u00fczle\u015ftirip etkisizle\u015ftirme\u201d gibi bir gayesi ve gayreti olmas\u0131 m\u00fcmk\u00fcn de\u011fildir. Bir v\u00fccudun b\u00fct\u00fcn h\u00fccreleri ve sistemleri, bedenin tamam\u0131n\u0131n sa\u011fl\u0131\u011f\u0131n\u0131 ve birbirine uyum sa\u011flamas\u0131n\u0131, kendi varl\u0131\u011f\u0131n\u0131n ve bekas\u0131n\u0131n devam\u0131 i\u00e7in, nas\u0131l gerekli g\u00f6r\u00fcyor ve bunun i\u00e7in g\u00f6revini yerine getiriyorsa, \u015fuurlu ve sorumlu herkesin ve her kesimin de T.C. Devletinin b\u00fct\u00fcn kurum ve organlar\u0131n\u0131n g\u00fc\u00e7l\u00fc, uyumlu ve huzurlu olmas\u0131n\u0131 temenni etmesi ve bunu temin i\u00e7in \u00e7aba g\u00f6stermesi beklenir. Orduyu ele ge\u00e7irmeye veya etkisizle\u015ftirmeye \u00e7al\u0131\u015fanlar, elbette ve kesinlikle bizden de\u011fildir ve bu giri\u015fimleri kendilerini milletimizin bir par\u00e7as\u0131 saymad\u0131klar\u0131n\u0131n g\u00f6stergesidir. Ve yine, Y\u00fcce Dinimizi ve manevi \u015fuurun geli\u015fmesini potansiyel tehdit ve tehlike g\u00f6renler ve \u0130slam\u2019\u0131 irtica ile \u00f6zde\u015fle\u015ftirenler de, y\u00fczde y\u00fcz eminiz ki, milletimizin de\u011fil, d\u0131\u015f g\u00fc\u00e7lerin hizmet\u00e7isi, \u015fahsi ve \u015feytani d\u00fcrt\u00fclerinin k\u00f6lesidir.<\/strong><\/p>\n<p><strong>Elbette farkl\u0131 organlar\u0131m\u0131za ve azalar\u0131m\u0131za s\u0131zan mikroplar\u0131, olu\u015fan hastal\u0131klar\u0131 ve sakatl\u0131klar\u0131, kan ve sinir damarlar\u0131ndaki t\u0131kan\u0131kl\u0131klar\u0131, elbirli\u011fi i\u00e7inde tedavi edip gidermek, sa\u011fl\u0131kl\u0131 h\u00fccrelere zarar vermeden kangrenle\u015fen ve kanserle\u015fen b\u00f6l\u00fcmleri temizlemek de milli bir g\u00f6revdir. Ancak, ameliyat yapmakla, \u00f6ld\u00fcrmek i\u00e7in b\u0131\u00e7aklamak \u00e7ok farkl\u0131 \u015feylerdir.<\/strong><\/p>\n<p>GKB Org. \u0130lker Ba\u015fbu\u011f\u2019un, d\u0131\u015far\u0131ya bilgi ve belge s\u0131zd\u0131rmalar\u0131 hususunda ve ilk defa en yetkili a\u011f\u0131zdan:<\/p>\n<p><strong><em>\u201c\u015eu anda bu konuda tam 61 soru\u015fturma a\u00e7\u0131lm\u0131\u015f bulunmaktad\u0131r; 20 subay \u015f\u00fcphe \u00fczerine tutuklanm\u0131\u015ft\u0131r ve bir subay da su\u00e7u sabit g\u00f6r\u00fcl\u00fcp 3 y\u0131l hapis cezas\u0131na \u00e7arpt\u0131r\u0131lm\u0131\u015f ve TSK\u2019dan at\u0131lm\u0131\u015ft\u0131r\u201d s\u00f6zleri ve yine d\u0131\u015far\u0131ya s\u0131zd\u0131r\u0131lan bu bilgi ve belgelerin bas\u0131n ve medyada \u00e7arp\u0131t\u0131l\u0131p sapt\u0131r\u0131larak, ekleme ve \u00e7\u0131karmalar yap\u0131larak yay\u0131nland\u0131\u011f\u0131n\u0131 ve TSK aleyhine kamuoyunun kafas\u0131n\u0131n kar\u0131\u015ft\u0131r\u0131ld\u0131\u011f\u0131n\u0131 \u0131srarla belirtmesi;<\/em><\/strong><\/p>\n<p><strong>Ordu i\u00e7inde; hainlerin, i\u015fbirlik\u00e7ilerin, emir-komuta zinciri ve askerlik disiplini d\u0131\u015f\u0131nda hareket edenlerin varl\u0131\u011f\u0131n\u0131 resmen ilan ve itiraf olarak g\u00f6r\u00fclmelidir. Ve ordunun ba\u011f\u0131rsaklar\u0131n\u0131 temizlemesi i\u00e7in b\u00fcy\u00fck bir f\u0131rsat olarak de\u011ferlendirilmelidir.<\/strong><\/p>\n<p><strong>CHP Lideri Deniz Baykal\u2019\u0131n; Recep Erdo\u011fan\u2019a:<\/strong><\/p>\n<p>\u201cDarbe iddialar\u0131n\u0131 hakl\u0131 k\u0131lan ciddi belge ve bulgular\u0131n\u0131z varsa, hi\u00e7 durmay\u0131n, gere\u011fini yap\u0131n ve GKB ve ilgili kuvvet komutanlar\u0131n\u0131 derhal g\u00f6revden al\u0131n!\u201d horozlanmas\u0131 kar\u015f\u0131s\u0131nda Kas\u0131mpa\u015fal\u0131 kabaday\u0131l\u0131\u011f\u0131n\u0131 unutan Ba\u015fbakan\u2019\u0131n:<\/p>\n<p><strong><em>\u201cBiz dolduru\u015fa gelmeyiz. Yang\u0131na k\u00f6r\u00fckle, benzinle gitmeyiz!\u201d yollu a\u00e7\u0131klamalar\u0131 ise ilkokul tiyatro \u00e7ocuklar\u0131na bile yak\u0131\u015fmayan hafifliklerdir.<\/em><\/strong><\/p>\n<p>Ve hele Devlet Bah\u00e7eli\u2019nin: <strong><em>\u201cGenelkurmay\u0131n a\u00e7\u0131klamalar\u0131n\u0131 tatmin edici bulmuyoruz. Ve darbe iddialar\u0131n\u0131n birer uydurma iddia olmas\u0131n\u0131 umuyoruz\u201d<\/em><\/strong> diyerek, yakla\u015fan se\u00e7imlerde oy dev\u015firme hayaliyle ve demokrasi havarili\u011fi ile Sn. \u0130lker Ba\u015fbu\u011f\u2019u ve orduyu t\u00f6hmet alt\u0131nda tutan ve \u201cdo\u011fru s\u00f6ylediklerine inan\u0131lmad\u0131\u011f\u0131\u201d havas\u0131 yayan s\u00f6zleri de ibret ve hayret vericidir.<\/p>\n<p><strong>\u201cBalyoz darbesi\u201dnin asl\u0131, 3 y\u0131l \u00f6nce tap\u0131nd\u0131\u011f\u0131n\u0131z Amerika\u2019da haz\u0131rlanm\u0131\u015ft\u0131!<\/strong><\/p>\n<p><strong>Yalaka ve yanda\u015f medya \u201cBalyoz Darbe Plan\u0131\u201d diye h\u00fccuma kalk\u0131\u015ft\u0131klar\u0131 ve TSK\u2019y\u0131 y\u0131pratma de\u011fil, y\u0131kma gayretiyle \u00e7\u0131rp\u0131nd\u0131klar\u0131 senaryonun tam 3 sene \u00f6nce Amerika\u2019n\u0131n \u201cHUDSON INSTITUTE\u201d adl\u0131 ve Siyonist Yahudi Lobileri hizmetk\u00e2r\u0131 bir d\u00fc\u015f\u00fcnce kurulu\u015funda ayn\u0131s\u0131yla tart\u0131\u015f\u0131ld\u0131\u011f\u0131n\u0131 niye toplumdan sakl\u0131yordu? Bu \u015eeytani plan\u0131 haz\u0131rlayan Amerikan\u0131n ama\u00e7lar\u0131na yaranmak i\u00e7in kutsallar\u0131n\u0131 ve namuslar\u0131n\u0131 bile r\u00fc\u015fvet vermeyi \u015feref sayan bu soysuzlar, neden ordumuza sald\u0131rmak ve salyas\u0131n\u0131 ak\u0131tmak i\u00e7in f\u0131rsat kolluyordu? Bu arada kom\u00fcnist ve \u015eamanist art\u0131klar\u0131n\u0131n, AKP\u2019nin akreplikleri bahanesiyle Erbakan\u2019a ta\u015f atmalar\u0131; O\u2019nun Siyonist \u0130srail\u2019e ve yerli kutiklerine att\u0131\u011f\u0131 kaz\u0131klar\u0131n, kuyruk ac\u0131s\u0131n\u0131n hen\u00fcz ge\u00e7medi\u011fini g\u00f6steriyordu!..<\/strong><\/p>\n<p><strong>\u0130\u015fte \u0130srail MOSSAD\u2019\u0131yla, PKK ve K\u00fcrt\u00e7\u00fc partilerin i\u015fbirli\u011fi yapt\u0131\u011f\u0131 Siyonist senaryo:<\/strong><\/p>\n<p>Hudson Institute adl\u0131 Amerikan d\u00fc\u015f\u00fcnce kurulu\u015funda tart\u0131\u015f\u0131lan senaryoda, T\u00fcrkiye&#8217;nin K. Irak&#8217;a y\u00f6nelik olas\u0131 bir harek\u00e2t\u0131 tart\u0131\u015f\u0131l\u0131yordu. Kat\u0131l\u0131mc\u0131lardan, <strong>\u201c\u0130srail\u2019li ajanlar\u0131n\u0131n PKK&#8217;l\u0131larla yan yana g\u00f6steren videolar\u0131n bulunmas\u0131\u201d <\/strong>gibi s\u00fcrprizlerin de de\u011ferlendirilmesi isteniyordu.<\/p>\n<p>Hudson Institute adl\u0131 Siyonist g\u00fcd\u00fcml\u00fc Amerikan d\u00fc\u015f\u00fcnce kurulu\u015funda ele al\u0131nan ve yo\u011fun ele\u015ftiriler alan senaryo, T\u00fcrkiye&#8217;nin K. Irak&#8217;a y\u00f6nelik olas\u0131 bir harek\u00e2t\u0131n\u0131n sonu\u00e7lar\u0131n\u0131 tart\u0131\u015ft\u0131r\u0131yordu ve \u00fclkemize y\u00f6nelik bir d\u0131\u015f destekli darbe niteli\u011fi ta\u015f\u0131yordu.<\/p>\n<p><strong>Son zamanlarda Balyoz darbe iddialar\u0131yla ilgili, s\u00f6zde El-Kaide ile Ergenekon aras\u0131nda irtibat kurulmaya \u00e7al\u0131\u015f\u0131lmas\u0131, b\u00fct\u00fcn bu sinsi senaryolar\u0131n 3 y\u0131l \u00f6ncesinden ABD\u2019deki Yahudi mutfa\u011f\u0131nda pi\u015firildi\u011fini ve \u015fimdi BOP e\u015fba\u015fkanlar\u0131 eliyle servis edildi\u011fini g\u00f6steriyordu!..<\/strong><\/p>\n<p><strong>Konumuza d\u00f6nelim; Peki, Kararg\u00e2htan bilgi ve belge s\u0131zd\u0131ran bu hain k\u00f6stebekler, acaba kimlerin emrinde \u00e7al\u0131\u015fmaktayd\u0131?<\/strong><strong> <\/strong><\/p>\n<p><strong>1- Bunlar, ya; do\u011frudan ordumuzun kar\u015f\u0131s\u0131na \u00e7\u0131kamayacaklar\u0131n\u0131 ve asla y\u0131kamayacaklar\u0131n\u0131 \u00e7ok iyi bilen, ama en az\u0131ndan zehirli elleri ve dilleriyle t\u0131rmalay\u0131p yaralayacaklar\u0131n\u0131 ve bu yaralar\u0131n mikrop kap\u0131p azaca\u011f\u0131n\u0131 d\u00fc\u015f\u00fcnen: Fetullah\u00e7\u0131, Amerikan ajan\u0131, CIA ve MOSSAD ba\u011flant\u0131l\u0131yd\u0131\u2026<\/strong><\/p>\n<p><strong>2- Ya Orduyu y\u0131prat\u0131p, yorgun b\u0131rakarak; \u201cbizden ba\u015fka sahibiniz yok\u201d havas\u0131 olu\u015fturarak, TSK\u2019y\u0131 kendi g\u00fcd\u00fcm\u00fcne alaca\u011f\u0131n\u0131 sanan Enc\u00fcmen-i Dani\u015f uzant\u0131l\u0131 ve Kemalist k\u0131l\u0131fl\u0131 Sabataist, Kom\u00fcnist ve \u015eamanist baz\u0131 ulusalc\u0131lar ve Masonik komitac\u0131lard\u0131\u2026<\/strong><\/p>\n<p><strong>\u00c7arp\u0131c\u0131 bir \u00f6rnek: <\/strong><\/p>\n<p><strong>\u0130\u015fte, \u201cMason Sancaktar\u0131\u201d emekli albay\u2019\u0131n cenaze reklam\u0131!?<\/strong><\/p>\n<p><strong>Loca mensuplar\u0131n\u0131n tercih etti\u011fi gazetenin ilan sayfalar\u0131nda dikkatimizi \u00e7eken bir \u00f6l\u00fcm ilan\u0131&#8230;<\/strong><\/p>\n<p><strong>\u0130lan, emekli bir top\u00e7u albay\u0131n 5 \u015eubat&#8217;ta vefat etti\u011fini, 8 \u015eubat pazartesi g\u00fcn\u00fc de Kocatepe Camii&#8217;nde \u00f6\u011fle namaz\u0131n\u0131 m\u00fcteakip askeri t\u00f6renle kald\u0131r\u0131laca\u011f\u0131n\u0131 duyuruyor. Mevtan\u0131n askeri \u00fcniformal\u0131 foto\u011fraf\u0131 da ilanda kullan\u0131l\u0131yor. Kariyer bilgilerinden Emekli Top\u00e7u Albay oldu\u011funu da \u00f6\u011freniyoruz. Ama as\u0131l dikkat \u00e7ekeni &#8216;Em. Top. Alb.&#8217; k\u0131saltmas\u0131ndan hemen sonra &#8216;Mason Sancaktar\u0131&#8217; diye cesur (!) bir kariyer tan\u0131mlamas\u0131n\u0131n yap\u0131l\u0131yor. Em. Top. Alb. ve Mason Sancaktar\u0131!? Deniyor.<\/strong><\/p>\n<p><strong>Belli ki, orduya s\u0131zm\u0131\u015f bir hiyerar\u015fik yap\u0131 bulunuyor. Anl\u0131yoruz ki, bu hiyerar\u015fik sistemde masonlar askeri bir\u00a0 disiplin ile faaliyetlerini s\u00fcrd\u00fcr\u00fcyor. \u00dcstatlar, naz\u0131rlar, eminler, sancaktar, koruyucu, g\u00f6zc\u00fc&#8230; G\u00f6zc\u00fcn\u00fcn bile oldu\u011fu bir yap\u0131lanmay\u0131 tasavvur edebiliyor musunuz!&#8230;<\/strong><\/p>\n<p><strong>Peygamber oca\u011f\u0131nda albayl\u0131k ile mason locas\u0131nda sancaktarl\u0131k yan yana d\u00fc\u015f\u00fcnce olduk\u00e7a tuhaf ka\u00e7\u0131yor ve kafa kar\u0131\u015ft\u0131r\u0131yor.\u00a0 K\u00f6k\u00fc d\u0131\u015far\u0131da olan ve bizzat Mustafa Kemal taraf\u0131ndan kap\u0131lar\u0131na kilit vurulan mason localar\u0131na \u00fcyelik konusunda art\u0131k Genelkurmay\u0131n mutlaka bir \u015feyler yapmas\u0131 gerekiyor. Zira emekli ya da muvazzaf askerler localarda g\u00f6rev almaya devam etti\u011fi m\u00fcddet\u00e7e, silahl\u0131 kuvvetlerimiz kafes, balyoz, kozmik oda, darbe gibi tart\u0131\u015fmalardan kurtulamayaca\u011fa benziyor.<\/strong><a href=\"#_ftn1\"><strong><strong>[1]<\/strong><\/strong><\/a><strong> <\/strong><\/p>\n<p><strong>3- Veya; TSK aleyhine kullan\u0131lmak ve \u00e7arp\u0131t\u0131l\u0131p piyasaya sunulmak \u00fczere bu bilgi ve belgeleri s\u0131zd\u0131ranlar, para ve makam kar\u015f\u0131l\u0131\u011f\u0131 vicdanlar\u0131n\u0131, AKP iktidar\u0131na ve arkas\u0131ndaki g\u00fc\u00e7 odaklar\u0131na satm\u0131\u015f soysuz ve sorumsuz insanlard\u0131.<\/strong><\/p>\n<p><strong>4- Ya da, D\u0131\u015f g\u00fc\u00e7ler ve yerli Masonik merkezlerce etnik ve mezhebi farkl\u0131l\u0131klar ka\u015f\u0131n\u0131p k\u0131\u015fk\u0131rt\u0131larak \u00e7\u0131kart\u0131lan baz\u0131 isyanlar\u0131n sert tedbirlerle bast\u0131r\u0131lmas\u0131n\u0131n g\u00fcya intikam\u0131n\u0131 almak amac\u0131yla; \u201cLaikli\u011fin teminat\u0131\u201d gibi yaftalarla hala istismara \u00e7al\u0131\u015f\u0131lan ve a\u00e7\u0131k\u00e7a ayr\u0131mc\u0131l\u0131k-kay\u0131r\u0131mc\u0131l\u0131k yap\u0131ld\u0131\u011f\u0131 s\u0131r\u0131tan kesimleri \u00f6ne s\u00fcr\u00fcp ordu i\u00e7inde sinsi ve Siyonist g\u00fcd\u00fcml\u00fc bir mezhep cuntas\u0131 kurma hayaline kap\u0131lan ve bu yolda elde edilen baz\u0131 ba\u015far\u0131(!)lar\u0131yla \u015f\u0131maranlard\u0131!<\/strong><\/p>\n<p><strong>Sn. G.K.Ba\u015fkan\u0131m\u0131z, \u201cTSK\u2019dan d\u0131\u015far\u0131ya bilgi s\u0131zd\u0131r\u0131lmas\u0131 ve bunlar\u0131n hangi sorunlara yol a\u00e7aca\u011f\u0131yla\u201d ilgili bir soruya \u015fu yan\u0131tlar\u0131 veriyor ve ordu i\u00e7indeki k\u00f6stebeklerin varl\u0131\u011f\u0131n\u0131 itiraf ediyordu:<\/strong><\/p>\n<p><strong><em>\u201cBilgi s\u0131zmas\u0131 \u00e7ok \u00f6nemli bir konudur. Bu sadece bizim de sorunumuz de\u011fil. Bu b\u00fct\u00fcn d\u00fcnyada ordular\u0131n, gizli servislerin, h\u00fck\u00fcmetlerin sorunudur. Her yerde bu t\u00fcr s\u0131zmalar oluyordur. Bug\u00fcn TSK\u2019da bilgi s\u0131zmas\u0131n\u0131n \u00e7ok fazlaym\u0131\u015f gibi g\u00f6r\u00fcnmesinin nedeni \u015fu: TSK odak? yani hedef. Bu oda\u011f\u0131 ba\u015fka yere \u00e7evirin, belki durum daha da k\u00f6t\u00fcd\u00fcr. Bizim hatalar\u0131m\u0131z yok mu, var. Ama bir yandan da hedefteyiz. Bizden s\u0131zd\u0131r\u0131yorlar. Sonra da onu s\u0131zd\u0131r\u0131yorlar ba\u015fka yerlere.\u201d<\/em><\/strong><\/p>\n<p><strong>Personelden kaynaklanan ki\u015fisel zafiyet yok mu?<\/strong><\/p>\n<p><strong><em>&#8211; \u201cTSK b\u00fcy\u00fck ve g\u00fc\u00e7l\u00fc\u00a0 bir kurum. Yanl\u0131\u015f d\u00fc\u015f\u00fcncede olan var m\u0131d\u0131r diye sorsan\u0131z \u201cYoktur\u201d diyemem, elbette vard\u0131r. \u00c7e\u015fitli nedenlerle olabilir. Bazen bir terfide beklentiye ula\u015famamak bile nedendir.\u201d<\/em><\/strong><\/p>\n<p><strong>\u00d6yle ise, \u201c\u00fclserin (basit yaran\u0131n m\u00fczminle\u015fmesinin) ihmal edilir ve tedavi geciktirilirse kanserle\u015fmesi; kanser h\u00fccrelerinin ise vaktinde temizlenmemesi halinde kangrenle\u015fmesi ka\u00e7\u0131n\u0131lmaz bir neticedir.<\/strong><\/p>\n<p><strong>Bunun gibi, gayri me\u015fru veya tecav\u00fcz ili\u015fkileriyle olu\u015fan ceninin gizlenmesi beyhudedir. Ya erkence de\u015filecek veya gizlendik\u00e7e bebek b\u00fcy\u00fcyecek, seni rezil edecek ve sonun da gelecektir.<\/strong><\/p>\n<p><strong>Sn. Ba\u015fbu\u011f siyasi iktidarlar \u00fczerinden, TSK\u2019n\u0131n yetersiz, \u00e7aresiz ve aciz b\u0131rak\u0131lma hesaplar\u0131n\u0131 de\u015fifre etmekle de bizce olduk\u00e7a \u00f6nemli bir yaraya parmak bas\u0131yor:<\/strong><strong><em><\/em><\/strong><\/p>\n<p><strong><em>Personel giderimiz y\u00fczde 50, i\u015fletme bak\u0131m gibi cari giderlerimiz y\u00fczde 25, silah al\u0131m\u0131 modernizasyon y\u00fczde 25 pay tutuyor b\u00fct\u00e7emizde. <\/em><\/strong><\/p>\n<p><strong><em>Murat Bardak\u00e7\u0131 \u015fa\u015f\u0131r\u0131yor ve\u00a0 \u201cpeki nas\u0131l silah al\u0131yorsunuz?\u201d diye soruyor. Orgeneral \u0130lker Ba\u015fbu\u011f burada, \u201cTurgut \u00d6zal\u2019\u0131 rahmetle, \u015f\u00fckranla anmam\u0131z laz\u0131m. O olmasa yanm\u0131\u015ft\u0131k\u201d diyor. <\/em><\/strong><strong>Yani, 12 Eyl\u00fcl sonras\u0131nda TSK\u2019n\u0131n g\u00fc\u00e7lenme s\u00fcrecine girdi\u011fini hat\u0131rlat\u0131yor.<em><\/em><\/strong><\/p>\n<p><strong><em>&#8211; Savunma Sanayii Fonu olmasa hi\u00e7bir \u015fey yapamay\u0131z. Elimiz kolumuz ba\u011flan\u0131r. Ama bizim as\u0131l olarak personel giderlerini azaltmam\u0131z laz\u0131m. Bunun tek \u00e7aresi modernizasyondur. Hedef, orduyu modernize ederek k\u00fc\u00e7\u00fcltmek. Modern, say\u0131 olarak azalm\u0131\u015f ama cayd\u0131r\u0131c\u0131l\u0131\u011f\u0131 artm\u0131\u015f bir ordu.<\/em><\/strong><\/p>\n<p><strong>\u0130lker Bey, Irak Sava\u015f\u0131\u2019nda g\u00f6rd\u00fck ki, ne yapsak zor. ABD geldi \u00fc\u00e7 Thunderbolt u\u00e7akla Irak\u2019\u0131n b\u00fct\u00fcn tank g\u00fcc\u00fcn\u00fc yok etti. Bu teknolojiyi yakalayamayaca\u011f\u0131m\u0131za g\u00f6re, bize vermeyeceklerine g\u00f6re bo\u015funa m\u0131 masraf ediyoruz. Gerek var m\u0131 bu kadar orduya?<\/strong><\/p>\n<p><strong><em>&#8211; Bu co\u011frafyada askeri olarak g\u00fc\u00e7l\u00fc olmazsan\u0131z ya\u015fayamazs\u0131n\u0131z. T\u00fcrkiye kendi b\u00f6lgesinde g\u00fc\u00e7l\u00fc olmak zorundad\u0131r. Cayd\u0131r\u0131c\u0131 olmak zorundad\u0131r. Cayd\u0131r\u0131c\u0131 olmazsan\u0131z, baz\u0131lar\u0131n\u0131n yanl\u0131\u015f hesaplar yapmas\u0131na, olmayacak i\u015flere giri\u015fmesine neden olursunuz. T\u00fcrkiye\u2019nin g\u00fcc\u00fc, T\u00fcrkiye\u2019ye kar\u015f\u0131 yanl\u0131\u015f hesaplar yap\u0131lmas\u0131n\u0131 engellemek i\u00e7indir. <\/em><\/strong><\/p>\n<p><strong>O zaman \u015funu sormak laz\u0131m. Kom\u015fumuz \u0130ran n\u00fckleer silah geli\u015ftirdi. Bunu art\u0131k herkes biliyor. \u0130ran\u2019\u0131n n\u00fckleer g\u00fc\u00e7 olmas\u0131 T\u00fcrkiye&#8217;yi etkilermi? Bu T\u00fcrkiye\u2019nin aleyhine bir geli\u015fme midir?<em> <\/em>Sorusuna:<em><\/em><\/strong><\/p>\n<p><strong><em>&#8211; Hem de nas\u0131l etkiler. Tabii ki T\u00fcrkiye\u2019nin aleyhine bir geli\u015fmedir ve tabii ki T\u00fcrkiye\u2019yi etkiler.\u201d<\/em><\/strong><a href=\"#_ftn2\"><strong><em><strong>[2]<\/strong><\/em><\/strong><\/a><strong><em> <\/em><\/strong><strong>Yan\u0131t\u0131, peki \u0130srail\u2019in n\u00fckleer y\u0131\u011f\u0131naklar\u0131 niye sorun olarak g\u00f6r\u00fclm\u00fcyor? Sorusunu akla getiriyor.<em><\/em><\/strong><\/p>\n<p><strong>Taraf Gazetesi bunlar\u0131 nas\u0131l elde ediyordu?<\/strong><\/p>\n<p>Taraf Gazetesi&#8217;nde ilk g\u00fcnden itibaren \u00e7\u0131kan haberler hep g\u00fcndem olu\u015fturuyor ve ortam\u0131 sars\u0131yordu. Ancak bu gazete bu bilgileri nas\u0131l ele ge\u00e7iriyor ve bu gazete hangi imk\u00e2nlarla ve ni\u00e7in kurulmu\u015ftu? Adeta s\u0131rf bunlar\u0131 a\u00e7\u0131klamak i\u00e7in kurulmu\u015f ve ne\u015friyat yap\u0131yor izlenimini veriyordu. Bu gazete hakk\u0131nda da kamuoyunun bilgilenmeye ihtiyac\u0131 vard\u0131 ve foto\u011fraf\u0131n tamam\u0131n\u0131n ayd\u0131nlanmas\u0131 i\u00e7in bu mutlaka gerekiyordu.<\/p>\n<p><strong>Darbeden ziyade, darbe s\u00f6ylentilerinden \u00e7\u0131kar sa\u011flayanlar bulunuyordu!<\/strong><\/p>\n<p>Genelkurmay Ba\u015fkan\u0131 Orgeneral \u0130lker Ba\u015fbu\u011f, &#8221;Biz g\u00f6re demokrasilerde en ideal husus iktidarlar\u0131n se\u00e7imlerle, demokratik y\u00f6ntemlerle yer de\u011fi\u015ftirmesidir&#8221; diyordu. Orgeneral Ba\u015fbu\u011f, Genelkurmay Ba\u015fkanl\u0131\u011f\u0131 Kararg\u00e2h\u0131\u2019nda d\u00fczenlenen Kaz\u0131m Karabekir&#8217;i anma toplant\u0131s\u0131n\u0131n ard\u0131ndan gazetecilerin g\u00fcndemdeki konulara ili\u015fkin sorular\u0131n\u0131 yan\u0131tl\u0131yordu.<\/p>\n<p>Kaz\u0131m Karabekir&#8217;in &#8221;vatanda\u015f! yanl\u0131\u015f bilgi felaket kayna\u011f\u0131d\u0131r. Her i\u015fin, evvela hakikatini ara ve \u00f6\u011fren, sonra m\u00fcnaka\u015fas\u0131n\u0131 istedi\u011fin gibi yap&#8221; s\u00f6zlerini an\u0131msatan Orgeneral Ba\u015fbu\u011f, \u201cBug\u00fcn buna \u00e7ok ihtiyac\u0131m\u0131z oldu\u011funu d\u00fc\u015f\u00fcn\u00fcyorum.\u201d &#8221;Biz diyoruz ki demokrasilerde en ideal husus iktidarlar\u0131n se\u00e7imlerle, demokratik y\u00f6ntemlerle yer de\u011fi\u015ftirmesidir&#8221;, &#8221;Darbe iddialar\u0131n\u0131n g\u00fcndemde kalmas\u0131ndan kim menfaat sa\u011fl\u0131yor?&#8221; diye soruyordu. &#8221;Balyoz Plan\u0131&#8221;na ili\u015fkin iddialar\u0131n 7 y\u0131l \u00f6nceki bir tatbikat plan\u0131 \u00e7er\u00e7evesinde oldu\u011funu ifade ederek, bununla ilgili soru\u015fturman\u0131n sonu\u00e7lar\u0131n\u0131n en k\u0131sa zamanda a\u00e7\u0131klanaca\u011f\u0131n\u0131 bildiriyordu. Silahl\u0131 Kuvvetlerin talimnamelerinin h\u00fccumla ilgili b\u00f6l\u00fcmlerinde, &#8221;Allah, Allah&#8221; diye askere taarruz ettirildi\u011fini belirten Orgeneral Ba\u015fbu\u011f, &#8221;Nas\u0131l olur da bu TSK o Allah evini camiyi bombalatt\u0131rmay\u0131 d\u00fc\u015f\u00fcn\u00fcr. Bu vicdans\u0131zl\u0131kt\u0131r, orduya iftirad\u0131r.&#8221; Diye hayk\u0131r\u0131yordu.<\/p>\n<p>Orgeneral Ba\u015fbu\u011f, bug\u00fcne kadar TSK i\u00e7inde bilgi s\u0131zd\u0131rmalar kapsam\u0131nda a\u00e7\u0131lan soru\u015fturma say\u0131s\u0131n\u0131n 61 oldu\u011funu belirterek, bunlardan 9 tanesinin yarg\u0131 safhas\u0131na d\u00f6n\u00fc\u015ft\u00fc\u011f\u00fcn\u00fc, 3 y\u0131l hapis cezas\u0131 alan bir subay\u0131n da TSK&#8217;dan uzakla\u015ft\u0131r\u0131ld\u0131\u011f\u0131n\u0131 hat\u0131rlat\u0131yordu. Orgeneral Ba\u015fbu\u011f, \u015fu anda 10 ki\u015finin de bu su\u00e7lamalardan tutuklu oldu\u011funu belirtiyordu.<\/p>\n<p><strong>E. Yarbay G\u00fcrol Do\u011fan\u2019\u0131n tutuklanmas\u0131, acaba; TSK\u2019daki F. Tipi Gladyo ekibini koruma \u00e7abas\u0131 m\u0131yd\u0131?<\/strong><\/p>\n<p><strong>\u201cFetullah\u00e7\u0131\u201d diye bilinen kesimin \u00e7ok b\u00fcy\u00fck k\u0131sm\u0131; dindar, d\u00fcr\u00fcst, ibadet ve istikamet ehli, \u00fclkesine ve devletine ba\u011fl\u0131, \u00e7evresine sayg\u0131l\u0131 ve duyarl\u0131 insanlar\u0131m\u0131zd\u0131r. Ancak Kur\u2019an\u2019\u0131n lanetledi\u011fi malum ve mel\u2019un Yahudi Lobilerince, \u015f\u00f6hret ve servet kar\u015f\u0131l\u0131\u011f\u0131 kand\u0131r\u0131lan elebe\u015flar\u0131 ve kendilerine Fetullah\u00e7\u0131 s\u0131fat\u0131 tak\u0131lan eski Mason, Gladyo ve mafya art\u0131klar\u0131 ve rantiye baronlar\u0131 \u2013ki bunlar y\u00fczde ikisini bile tutmamaktad\u0131r- bu saf ve sad\u0131k cemaatin temsilcisi ve Risale-i Nur\u2019un takip\u00e7isi rol\u00fcyle, d\u0131\u015f g\u00fc\u00e7lere ve Masonik merkezlere hizmet ve maalesef milletimize h\u0131yanet hesab\u0131ndad\u0131r. Ama taban\u0131n da art\u0131k bunlar\u0131n fark\u0131na varmas\u0131 ve tav\u0131r almas\u0131 laz\u0131md\u0131r.<\/strong><\/p>\n<p><strong>Ergenekon tertip\u00e7ilerinin \u201cyalanc\u0131 \u015fahit\u201d ayarlamas\u0131!<\/strong><\/p>\n<p>Birinci Ergenekon davas\u0131n\u0131n 131\u2019inci duru\u015fmas\u0131nda \u201c\u0130tiraf\u00e7\u0131 olmadan Ergenekon\u2019dan kurtulmak imk\u00e2ns\u0131z. Ben de itiraf\u00e7\u0131 olmaya karar verdim\u201d diyerek s\u00f6zlerine ba\u015flayan Selim Akkurt, ka\u00e7ak ya\u015fad\u0131\u011f\u0131 y\u0131llarda polisin bilgisi dahilinde gezdi\u011fini anlatm\u0131\u015ft\u0131. \u201cKuvay\u0131 Milliye Derne\u011fi\u2019ne onlar\u0131n istekleriyle girdim\u201d diyen Selim Akkurt\u2019a, Mahkeme Heyeti Ba\u015fkan\u0131 K\u00f6ksal \u015eeng\u00fcn\u2019\u00fcn \u201cKim bu polisler\u201d sorusu \u00fczerine:<\/p>\n<p>\u201cMutlu E, Ali Fuat Y. ve \u0130smail E.\u201d \u0130simlerini aktarm\u0131\u015ft\u0131. M\u0130T\u2019in de bilgisi oldu\u011funu savunan Akkurt, \u201cHizbullah ve DHKP\/C\u2019ye y\u00f6nelik operasyon yap\u0131laca\u011f\u0131\u201d vadiyle kand\u0131r\u0131ld\u0131\u011f\u0131n\u0131, ancak; \u201cTer\u00f6r \u00f6rg\u00fct\u00fcne operasyon yapaca\u011f\u0131z diye TSK\u2019ya operasyon yap\u0131ld\u0131\u011f\u0131n\u0131\u201d vurgulam\u0131\u015ft\u0131.<\/p>\n<p><strong>Akkurt\u2019un: tutuklanmadan birka\u00e7 ay \u00f6nce \u0130stanbul Emniyet M\u00fcd\u00fcrl\u00fc\u011f\u00fc\u2019nde Celalettin Cerrah ve savc\u0131lar,\u00a0 Turan \u00c7olakkad\u0131 ve Zekeriya \u00d6z ile g\u00f6r\u00fc\u015ft\u00fc\u011f\u00fcn\u00fc de anlatarak, \u201cBeni oraya \u0130smail E. getirdi. Beni onore edecek s\u00f6zler s\u00f6ylediler. Bana g\u00fcvendiklerini belirtip \u00f6vg\u00fcler ve g\u00f6revimi ba\u015far\u0131yla yapt\u0131\u011f\u0131m\u0131 s\u00f6ylediler\u201d, ard\u0131ndan \u201cFehmi Koru ve Osman Baydemir\u2019e suikast yapacak gibi telefonda konu\u015fmam\u0131 istediler\u201d\u00a0 itiraflar\u0131 \u00e7arp\u0131c\u0131yd\u0131. Selim Akkurt, Muhammet Y\u00fcce ile \u201csuikast yapacaklarm\u0131\u015f gibi\u201d telefonda nas\u0131l konu\u015ftu\u011funu da tekrarlam\u0131\u015ft\u0131.<\/strong><\/p>\n<p><strong>Akkurt, Muhammet Y\u00fcce\u2019nin de: \u2018M\u0130T\u2019\u00e7i Mustafa\u2019 adl\u0131 birisiyle g\u00f6r\u00fc\u015ft\u00fc\u011f\u00fcn\u00fc anlatarak, \u201cBuradaki san\u0131klar\u0131n hi\u00e7biriyle fikri birli\u011fim yok. Benim yedi s\u00fclalem Fetullah\u00e7\u0131d\u0131r. Be\u015f y\u0131l imam hatipte okudum. Bir ara S\u00fclaymanc\u0131lar\u0131n yurdunda kald\u0131m. Fetullah\u00e7\u0131lar i\u00e7in her \u015feyi yapar\u0131m. Benim ne i\u015fim var bunlarla. Beni bir \u00f6rg\u00fctten yarg\u0131layacaksan\u0131z Fetullah\u00e7\u0131l\u0131k \u00f6rg\u00fct\u00fcnden yarg\u0131lay\u0131n\u201d diye konu\u015ftu\u011funu da hat\u0131rlatm\u0131\u015ft\u0131.<a href=\"#_ftn3\"><strong>[3]<\/strong><\/a><\/strong><\/p>\n<p>Hat\u0131rlayacaks\u0131n\u0131z Kayseri 2. A\u011f\u0131r Ceza Mahkemesi, 12 Ocak&#8217;ta emekli Yarbay G\u00fcrol Do\u011fan&#8217;\u0131 tutuklam\u0131\u015ft\u0131. Do\u011fan, Fetullah cemaatiyle ba\u011flant\u0131s\u0131 saptanan astsubaylar\u0131n soru\u015fturmas\u0131na uzman olarak kat\u0131lm\u0131\u015f, konu\u015fmalar\u0131ndan ve davran\u0131\u015flar\u0131ndan bunlar\u0131n yalan s\u00f6ylediklerini ispatlam\u0131\u015ft\u0131.<\/p>\n<p>Emekli Yarbay Do\u011fan \u201castsubaylar\u0131n ifadesinde hipnoz ve i\u015fkence uygulamakla\u201d su\u00e7lanm\u0131\u015ft\u0131. Ancak Do\u011fan\u2019\u0131n Avukat\u0131 Metin Ceylan, yapt\u0131\u011f\u0131 a\u00e7\u0131lamada: \u201c\u0130fadeler al\u0131n\u0131rken m\u00fcvekkilinin Kayseri&#8217;de dahi olmad\u0131\u011f\u0131n\u0131\u201d anlatm\u0131\u015f ve &#8220;Hipnozun m\u00fcmk\u00fcn olmad\u0131\u011f\u0131 y\u00f6n\u00fcndeki Bilirki\u015fi Raporu da dikkate al\u0131nd\u0131\u011f\u0131nda bu davan\u0131n arkas\u0131nda her hal\u00fckarda siyasi bask\u0131 oldu\u011funu vurgulam\u0131\u015ft\u0131. Kayseri 2. A\u011f\u0131r Ceza Mahkemesi&#8217;ne 13 Ocak&#8217;ta itiraz dilek\u00e7esi veren Avukat Ceylan\u2019\u0131n:<\/p>\n<p>&#8220;M\u00fcvekkilim mahkemeye \u00e7\u0131kmak i\u00e7in \u0130zmir&#8217;den gelmi\u015fti. Ka\u00e7ma \u015f\u00fcphesi yoktu. Kayseri&#8217;ye geldi\u011finde yakla\u015f\u0131k 600 sayfal\u0131k bir dosyayla kar\u015f\u0131la\u015ft\u0131k. Kendisi dosyay\u0131 duru\u015fmadan iki g\u00fcn \u00f6nce ald\u0131. Ben de bir g\u00fcn \u00f6nce ald\u0131m. Mahkemeden savunma yapmak i\u00e7in zaman istedik ancak verilmedi&#8221; s\u00f6zleri \u00e7arp\u0131c\u0131yd\u0131.<\/p>\n<p>Emekli Yarbay Do\u011fan, g\u00f6zalt\u0131ndaki \u015fah\u0131slar\u0131n konu\u015fmalar\u0131ndan ve hareketlerinden yalan s\u00f6yleyip s\u00f6ylemedi\u011fini anlamak i\u00e7in onlarla sohbet yapm\u0131\u015ft\u0131. Zaten san\u0131k da 11 Mart 2009 tarihli ek ifadesinde &#8216;\u00c7ay i\u00e7tik, pasta yedik&#8217; ifadesini tekrarlam\u0131\u015ft\u0131&#8230;<\/p>\n<p>Ancak, Ali Balta, 6 g\u00fcn sonra ne olduysa \u00f6nceki ifadelerini de\u011fi\u015ftirip yalanlam\u0131\u015ft\u0131. Balta, 17 Mart 2009 tarihinde daha \u00f6nceki ifadelerinin hipnoz yoluyla al\u0131nd\u0131\u011f\u0131n\u0131 iddia ederek konuyu \u00e7arp\u0131tmaya kalk\u0131\u015fm\u0131\u015ft\u0131. Di\u011fer iki astsubay\u0131n ise <strong>&#8220;hipnoz yap\u0131ld\u0131\u011f\u0131&#8221;<\/strong> y\u00f6n\u00fcnde bir iddialar\u0131 ise olmam\u0131\u015ft\u0131. Emekli Yarbay Do\u011fan&#8217;\u0131n yarg\u0131land\u0131\u011f\u0131 duru\u015fmaya Fetullah cemaatine yak\u0131nl\u0131\u011f\u0131yla bilinen 20&#8217;nin \u00fczerinde avukat kat\u0131lm\u0131\u015ft\u0131. \u00c7\u00fcnk\u00fc soru\u015fturma, T\u00fcrk Silahl\u0131 Kuvvetleri i\u00e7indeki Fetullah\u00e7\u0131 yap\u0131lanman\u0131n ortaya \u00e7\u0131kar\u0131lmas\u0131n\u0131n yolunu a\u00e7acakt\u0131.<\/p>\n<p>Kayseri Cumhuriyet Ba\u015fsavc\u0131l\u0131\u011f\u0131n\u0131n Fetullah\u00e7\u0131 yap\u0131n\u0131n \u00fczerine giden H\u00e2kim Albay Ahmet Zeki \u00dc\u00e7ok i\u00e7in de, Genelkurmay Ba\u015fkanl\u0131\u011f\u0131&#8217;na su\u00e7 duyurusunda bulundu\u011fu anla\u015f\u0131lm\u0131\u015ft\u0131.<\/p>\n<p>Albay \u00dc\u00e7ok, Kararg\u00e2h evleri soru\u015fturmas\u0131n\u0131 y\u00fcr\u00fct\u00fcrken, hakk\u0131nda ortaya at\u0131lan &#8220;r\u00fc\u015fvet&#8221; ve &#8220;sahtecilik&#8221; su\u00e7lamalar\u0131yla 26 Eyl\u00fcl 2009&#8217;da tutuklanm\u0131\u015ft\u0131.<\/p>\n<p>3 Mart 2009- F Tipi Yap\u0131lanma Ortaya \u00c7\u0131kt\u0131: 3 Mart 2009 tarihinde Kayseri 2&#8217;nci Hava ikmal Bak\u0131m Merkezi ile 12&#8217;nci Hava Ula\u015ft\u0131rma \u00dcs Komutanl\u0131\u011f\u0131&#8217;nda g\u00f6rev yapan \u00fc\u00e7 astsubay g\u00f6zalt\u0131na al\u0131nm\u0131\u015ft\u0131. Astsubaylar\u0131n g\u00f6zalt\u0131na al\u0131nma nedenleri a\u00e7\u0131klanmazken, soru\u015fturmaya F tipi medyadan tepkiler ya\u011fm\u0131\u015ft\u0131. Soru\u015fturman\u0131n i\u00e7eri\u011fi ortaya \u00e7\u0131k\u0131nca F tipi medyan\u0131n ilgisi anla\u015f\u0131lm\u0131\u015f. Bu Astsubaylar\u0131n Fetullah\u00e7\u0131 olduklar\u0131 saptanm\u0131\u015ft\u0131.<\/p>\n<p><strong>Fetullah\u00e7\u0131 Astsubay Ali Balta\u2019n\u0131n \u0130tiraflar\u0131: <\/strong>G\u00f6zalt\u0131ndaki astsubaylardan Ali Balta, lisedeyken cemaate kat\u0131ld\u0131\u011f\u0131n\u0131, Kayseri&#8217;de I\u015f\u0131kevi&#8217;ndeki liderlerinin emriyle sahte evrak haz\u0131rlad\u0131\u011f\u0131n\u0131 a\u00e7\u0131klam\u0131\u015ft\u0131. Ali Balta&#8217;n\u0131n, yetkili askerlerin \u015fifreyle a\u00e7abildi\u011fi, \u201cDok\u00fcman Y\u00f6netim Sistemi\u201dne girdi\u011fi ve Kayseri 2&#8217;nci Hava ikmal Komutan\u0131 T\u00fcmgeneral R\u0131dvan Ulug\u00fcler ad\u0131na iki sahte emir haz\u0131rlad\u0131\u011f\u0131 ortaya \u00e7\u0131km\u0131\u015ft\u0131.<\/p>\n<p><strong>23 Mart 2009- Albay Temiz\u00f6z tutuklanm\u0131\u015ft\u0131:<\/strong> TSK i\u00e7indeki Fetullah\u00e7\u0131 yap\u0131lanmaya kar\u015f\u0131 y\u00fcr\u00fct\u00fclen soru\u015fturmada, Kayseri \u0130l Jandarma Alay Komutan\u0131 Albay Cemal Temiz\u00f6z etkin rol oynam\u0131\u015ft\u0131. Bunun \u00fczerine Albay Temiz\u00f6z, Ergenekon tertibiyle 23 Mart&#8217;ta tutuklanm\u0131\u015ft\u0131.<\/p>\n<p><strong>25 Eyl\u00fcl 2009- Albay \u00dc\u00e7ok Tutuklanm\u0131\u015ft\u0131: <\/strong>H\u00e2kim Albay Ahmet Zeki \u00dc\u00e7ok, Karargahevleri soru\u015fturmas\u0131n\u0131 y\u00fcr\u00fct\u00fcrken, Fetullah\u00e7\u0131lar\u0131n d\u00fczenledi\u011fi komployu a\u00e7\u0131\u011fa \u00e7\u0131karm\u0131\u015ft\u0131. Ard\u0131ndan 25 Eyl\u00fcl 2009&#8217;da &#8220;\u00f6rg\u00fct \u00fcyeli\u011fi ve ya\u011fmaya azmettirmek&#8221; su\u00e7lamas\u0131yla mahkemeye \u00e7\u0131kar\u0131lm\u0131\u015f ve tutuklanmas\u0131 sa\u011flanm\u0131\u015ft\u0131.<\/p>\n<p><strong>12 Ocak 2010:<\/strong> E. Yarbay G\u00fcrol Do\u011fan Tutuklanm\u0131\u015ft\u0131.<\/p>\n<p><strong>03 \u015eubat 2010<\/strong>&#8211; Eski\u015fehir Alay Komutan\u0131 Albay Recep Gen\u00e7o\u011flu tutuklanm\u0131\u015ft\u0131:<\/p>\n<p>Erzincan\u2019da g\u00f6revliyken \u0130smaila\u011fa Tarikat\u0131na ve Fetullah\u00e7\u0131lara mensup baz\u0131 ki\u015filerin \u015febekele\u015fip \u201cihaleye fesat kar\u0131\u015ft\u0131rma, devlet aleyhinde k\u0131\u015fk\u0131rt\u0131c\u0131 faaliyetlerde bulunma\u201d iddias\u0131yla takip edilip tutuklanmalar\u0131 g\u00f6revini y\u00fcr\u00fcten Albay Recep Gen\u00e7o\u011flu, \u00f6nce g\u00f6zalt\u0131na al\u0131n\u0131p Erzurum\u2019a g\u00f6t\u00fcr\u00fclm\u00fc\u015f, ama \u00e7\u0131kar\u0131ld\u0131\u011f\u0131 mahkemece serbest b\u0131rak\u0131lm\u0131\u015f, ard\u0131ndan \u00f6zel yetkili savc\u0131n\u0131n iste\u011fi \u00fczerine Eski\u015fehir\u2019de yeniden tutuklanm\u0131\u015ft\u0131.<\/p>\n<p><strong>\u201cRecep Bey\u2019in \u201c\u00f6zel tim\u201d olu\u015fturma sevdas\u0131<\/strong><\/p>\n<p>Tayyip Erdo\u011fan&#8217;\u0131n \u00f6zel \u00f6rg\u00fct\u00fcn\u00fc ilk kez 2003 y\u0131l\u0131nda yazan, ancak o g\u00fcnden bu yana konuyu g\u00fcndeme getiren milletvekillerine ve gazetecilere hi\u00e7bir a\u00e7\u0131klama yapmayan Yavuz Donat, konuyla ilgili sessizli\u011fini 12 Ocak&#8217;ta bozuyordu.<\/p>\n<p>Yavuz Donat<strong><em>: \u201cDo\u011frudan Ba\u015fbakan&#8217;a ba\u011fl\u0131 bir organizasyon. \u0130\u00e7i\u015fleri ve Adalet Bakanlar\u0131&#8217;n\u0131n bilgileri dahilinde. B\u00fct\u00fcn &#8216;i\u00e7 g\u00fcvenlik birimleri&#8217; de bu organizasyonun i\u00e7inde. \u00c7al\u0131\u015fmalar gizli. \u00c7al\u0131\u015fmalar\u0131 y\u00fcr\u00fctenler ise en az be\u015f y\u0131ld\u0131r yolsuzluk dosyalar\u0131 \u00fczerinde \u00e7al\u0131\u015fan, operasyonel yetene\u011fi y\u00fcksek, trib\u00fcnlere oynamayan bir tak\u0131m. Bu i\u015flerin y\u00fcr\u00fct\u00fcld\u00fc\u011f\u00fc kararg\u00e2ha gelince. O da gizli. Bir bakanl\u0131k binas\u0131 de\u011fil. Ankara&#8217;n\u0131n g\u00f6be\u011finde, fakat &#8216;g\u00f6zlerden uzak, kulaklara kapal\u0131, d\u0131\u015f etkilenmelerden ar\u0131nd\u0131r\u0131lm\u0131\u015f, TBMM&#8217;ye y\u00fcr\u00fcme mesafesinde bir yer\u201d<\/em><\/strong> diyordu. Bu yaz\u0131 birden fazla soru \u00f6nergesine konu oluyordu, ama hi\u00e7birine do\u011fru d\u00fcr\u00fcst bir yan\u0131t verilmedi\u011fi gibi, yaz\u0131lanlar\u0131n yalanlanmad\u0131\u011f\u0131 da dikkat \u00e7ekiyordu.<\/p>\n<p>Ergenekon tertibini y\u00fcr\u00fcten merkezin bu oldu\u011fu anla\u015f\u0131l\u0131yordu. &#8220;Kozmik b\u00fcro&#8221; aramalar\u0131nda da, Yarg\u0131tay dinlemelerinde de, ba\u015fsavc\u0131lara y\u00f6nelik operasyonlarda da, yasalar\u0131n \u00fcst\u00fcnde bir kuvvete sahip olan, hep ayn\u0131 &#8220;el&#8221; a\u00e7\u0131k bir \u015fekilde te\u015fhis edilebiliyordu.<\/p>\n<p><strong>Orduya kar\u015f\u0131 ordu kurma haz\u0131rl\u0131\u011f\u0131 m\u0131yd\u0131?<\/strong><\/p>\n<p><strong>A\u011f\u0131r silahlar ile te\u00e7hiz edilmi\u015f T\u00fcrk Ordusu dururken, Amerikan g\u00fcd\u00fcml\u00fc m\u00fcnaf\u0131k \u0130slamc\u0131lar\u0131n etkin oldu\u011fu emniyetin baz\u0131 personelini a\u011f\u0131r silahlar ile donatman\u0131n manas\u0131: Orduya kar\u015f\u0131 ordu kurmak\u201d oluyordu. Bu yasaya g\u00f6re subaylar\u0131n silah ruhsatlar\u0131n\u0131 bile valiler verecekmi\u015f! Bu bile b\u00fct\u00fcn art niyetlerini ortaya koyuyordu. AKP yalakas\u0131 yazarlar\u0131n \u201c2011&#8217;de T\u00fcrkiye&#8217;de i\u00e7 sava\u015f \u00e7\u0131kacak\u201d diye y\u0131rt\u0131n\u0131p hava atmalar\u0131n\u0131n da nedeni b\u00f6ylece anla\u015f\u0131l\u0131yordu.<\/strong><\/p>\n<p><strong>ABD, AKP eliyle T\u00fcrkiye&#8217;yi y\u00f6netmeye devam ederse, T\u00fcrkiye Cumhuriyeti diye bir devlet kalmayacakt\u0131. Menderes d\u00f6neminde ba\u015flat\u0131lan, g\u00fcn\u00fcm\u00fczde h\u0131zland\u0131r\u0131larak \u015eeytani amac\u0131na yakla\u015fan bir ordu d\u00fc\u015fmanl\u0131\u011f\u0131 s\u00fcreci kafa kar\u0131\u015ft\u0131r\u0131c\u0131yd\u0131 ve art\u0131k uyanmak laz\u0131md\u0131.<\/strong><\/p>\n<p><strong>\u00c7\u00fcnk\u00fc M\u00fcsl\u00fcman T\u00fcrk milletinin ordular kurarak milletle\u015fti\u011fi, ordular kurarak devletle\u015fti\u011fi ve yine Ordular kurarak medeniyetle\u015fti\u011fi asla unutulmamal\u0131yd\u0131. Ordusu zay\u0131flat\u0131larak T\u00fcrkiye y\u0131k\u0131lmak, en az\u0131ndan emperyalizmin g\u00fcd\u00fcm\u00fcne sokulmak isteniyordu.<\/strong><\/p>\n<p><strong><em>Gizli \u00f6rg\u00fct\u00fcn TSK i\u00e7indeki &#8220;el&#8221;i ve uzant\u0131s\u0131<\/em><\/strong><\/p>\n<p><strong><em>Amerikanc\u0131-Fetullah\u00e7\u0131 Gladyo&#8217;nun, arkas\u0131ndaki iktidar avantaj\u0131yla bu operasyonlar\u0131n\u0131 Emniyet merkezli olarak y\u00fcr\u00fctt\u00fc\u011f\u00fc biliniyordu. Ama olay\u0131n bununla s\u0131n\u0131rl\u0131 olmad\u0131\u011f\u0131 ortaya \u00e7\u0131k\u0131yordu. <\/em><\/strong><\/p>\n<p><strong><em>Y\u0131l 2004&#8230; C\u00fcneyt Zapsu 11 Nisan&#8217;da Bolu&#8217;da bir toplant\u0131 d\u00fczenliyor. &#8220;Askerle h\u00fck\u00fcmetin aras\u0131 \u00e7ok k\u00f6t\u00fc&#8221; saptamas\u0131 yap\u0131ld\u0131ktan sonra, &#8220;Pa\u015fa&#8221;ya Tayyip Erdo\u011fan&#8217;\u0131n &#8220;teklifi&#8221; bildiriliyor: &#8220;Bir ekip kursun bize, g\u00f6revlendirelim her b\u00f6lgede. T\u00fcrkiye&#8217;nin b\u00fcy\u00fck b\u00f6lgelerinde askeri istihbarat birimi kursun.&#8221; diyordu. <\/em><\/strong><\/p>\n<p><strong><em>\u0130brahim Bilgehan Ta\u015fdelen&#8217;in telefonu, bir ka\u00e7ak\u00e7\u0131l\u0131k soru\u015fturmas\u0131 kapsam\u0131nda \u0130stanbul 1 Nolu Devlet G\u00fcvenlik Mahkemesi&#8217;nin karar\u0131yla 2004 y\u0131l\u0131nda dinlemeye al\u0131n\u0131yordu. Kay\u0131tlara ge\u00e7en g\u00f6r\u00fc\u015fmeler, Tayyip Erdo\u011fan&#8217;\u0131n TSK i\u00e7inde bir gizli \u00f6rg\u00fct kurmak i\u00e7in E. Korgeneral Altay Tokat&#8217;a C\u00fcneyt Zapsu&#8217;lar arac\u0131l\u0131\u011f\u0131yla g\u00f6rev teklif etti\u011fini ortaya koyuyor ve dinleme tutanaklar\u0131, Ergenekon iddianamesinin 245. ek klas\u00f6r\u00fcnde yer al\u0131yordu.<\/em><\/strong><\/p>\n<p><strong><em>G\u00fcmr\u00fck ka\u00e7ak\u00e7\u0131l\u0131\u011f\u0131n\u0131 yapan ki\u015filer, &#8220;Baba&#8221;, &#8220;Pa\u015fa&#8221; diye hitap ettikleri ve b\u00fcrokrasideki i\u015flerini takip eden emekli Korg. Altay Tokat&#8217;a, Tayyip Erdo\u011fan&#8217;\u0131n C\u00fcneyt Zapsu vas\u0131tas\u0131yla TSK i\u00e7inde \u00f6zel bir birim kurmas\u0131 teklifi iletti\u011fini belirtiyordu.<\/em><\/strong><\/p>\n<p><strong><em>1 Nisan 2004&#8217;teki MGK toplant\u0131s\u0131n\u0131n ard\u0131ndan &#8220;askeri h\u00e2l\u00e2 diskalifiye edemedik&#8221; diye yak\u0131nan iktidar, bu ama\u00e7la TSK i\u00e7inde kuraca\u011f\u0131 &#8220;gizli \u00f6rg\u00fct&#8217;e geni\u015f imk\u00e2nlar sunuyordu. Pa\u015fa\u2019ya, gizli \u00f6rg\u00fct\u00fc &#8220;T\u00fcm yetkilerle donatal\u0131m, gizli \u00f6dene\u011fi enirine sunal\u0131m&#8221; teklifi yap\u0131l\u0131yordu. \u201c300-500 falan filan, \u015fu bu\u201d diye tan\u0131mlanan parasal g\u00fcc\u00fcn kontrol\u00fc veriliyordu.<\/em><\/strong><\/p>\n<p><strong><em>Erdo\u011fan&#8217;\u0131n &#8220;TSK i\u00e7inde \u00f6zel \u00f6rg\u00fct kurumay\u0131 teklif etti\u011fi emekli Korg. Tokat, solvent ka\u00e7ak\u00e7\u0131l\u0131\u011f\u0131 olay\u0131ndan dolay\u0131 sorgulan\u0131yor ve &#8220;gizli bir el&#8221; taraf\u0131ndan kurtar\u0131l\u0131yordu.<\/em><\/strong><\/p>\n<p><strong><em>Solvent ka\u00e7ak\u00e7\u0131l\u0131\u011f\u0131 ve AKP lilerin ortakl\u0131\u011f\u0131! <\/em><\/strong><\/p>\n<p><strong><em>\u0130thal edilen gazya\u011f\u0131n\u0131n OTV \u00f6dememek i\u00e7in bir t\u00fcr solvent olarak beyan edilmesiyle yap\u0131lan 7,5 trilyonluk vurgunla ilgili Haziran 2004&#8217;te yap\u0131lan operasyonda 5 ki\u015fi tutuklan\u0131yordu. Polisin ele ge\u00e7irdi\u011fi belge ve banka dekontlar\u0131nda emekli Korgeneral Mehmet Altay Tokat, Ula\u015ft\u0131rma Bakanl\u0131\u011f\u0131 M\u00fcste\u015far Yard\u0131mc\u0131s\u0131 Kemal Albayrak ve G\u00fcmr\u00fck M\u00fcste\u015far Yard\u0131mc\u0131s\u0131 H\u00fcseyin H\u00fcsn\u00fc G\u00fcler&#8217;in adlar\u0131 yer al\u0131yordu. Esat Kurucu&#8217;nun Akbank K\u00f6rfez \u015eubesi&#8217;ndeki hesab\u0131ndan M\u00fcste\u015far Yard\u0131mc\u0131s\u0131 Kemal Albayrak ve emekli Korgeneral Mehmet Altay Tokat&#8217;a 42&#8217;\u015fer bin Avro&#8217;dan toplam 84 bin Avro (Yakla\u015f\u0131k 144 milyar lira) havale yap\u0131l\u0131yordu. Bununla ilgili belgeler ele ge\u00e7iriliyordu. Esat &#8216;Kurucu&#8217;nun ayr\u0131ca Korgeneral Tokat&#8217;a 2004 model Passat marka otomobil, Albayrak&#8217;a 2004 Toyota cip, G\u00fcler&#8217;in \u00e7ocu\u011funa da Peugeot 307 marka otomobil hediye etti\u011fi ortaya \u00e7\u0131k\u0131yordu. Cumhuriyet Ba\u015fsavc\u0131l\u0131\u011f\u0131&#8217;n\u0131n 2004\/4556 say\u0131l\u0131 fezlekesinde, Esat Kurucu ile \u0130brahim Bilgehan Ta\u015fdelen&#8217;in emekli Korgeneral Altay Tokat&#8217;\u0131 arac\u0131 ederek G\u00fcmr\u00fck M\u00fcste\u015far Yard\u0131mc\u0131s\u0131 H\u00fcseyin H\u00fcsn\u00fc G\u00fcler, G\u00fcmr\u00fckler Genel M\u00fcd\u00fcr\u00fc Vekili Sezai U\u00e7armak ve Ula\u015ft\u0131rma Bakanl\u0131\u011f\u0131 M\u00fcste\u015far Yard\u0131mc\u0131s\u0131 Kemal Albayrak&#8217;\u0131 organizasyon&#8217;a katt\u0131klar\u0131 bilgiler, belgeler ve kan\u0131tlarla a\u00e7\u0131klan\u0131yordu. Ba\u015fsavc\u0131l\u0131k, 19 Temmuz 2004 g\u00fcn, 2004\/5170 say\u0131l\u0131 iddianame ile a\u00e7t\u0131\u011f\u0131 davada, firma yetkilileri hakk\u0131nda &#8216;c\u00fcr\u00fcm i\u015flemek i\u00e7in te\u015fekk\u00fcl olu\u015fturmak&#8217;, &#8216;resm\u00ee evrak&#8217;ta sahtecilik&#8217;, Albayrak ve Tokat hakk\u0131nda, &#8216;Devlet memurlar\u0131na intisap&#8217; iddias\u0131yla &#8216;menfaat temin etmek&#8217;ten su\u00e7 duyurusunda bulunuyordu. <\/em><\/strong><\/p>\n<p><strong><em>\u0130zmit Emniyet M\u00fcd\u00fcr\u00fc niye k\u0131za\u011fa al\u0131nm\u0131\u015ft\u0131?<\/em><\/strong><\/p>\n<p><strong><em>Haklar\u0131nda &#8220;\u00e7\u0131kar ama\u00e7l\u0131 su\u00e7 \u00f6rg\u00fct\u00fc olu\u015fturmak&#8221;tan dava a\u00e7\u0131lan Esat Kurucu ve orta\u011f\u0131 \u0130brahim B. Ta\u015fdelen&#8217;in do\u011frudan ve Altay Tokat vas\u0131tas\u0131yla AKP&#8217;nin en \u00fcst d\u00fczey y\u00f6neticileriyle ba\u011flant\u0131lar\u0131 dava dosyas\u0131nda yer al\u0131yordu. \u00dcstelik bu durum tek tarafl\u0131 bir \u00e7\u0131kar ili\u015fkisi olman\u0131n \u00f6tesinde bir anlam ta\u015f\u0131yordu. AKP&#8217;li y\u00f6neticilerin de &#8220;\u00d6zel&#8221; bir nedenle bu gruba kol kanat gerdikleri telefon konu\u015fmalar\u0131ndan ortaya \u00e7\u0131k\u0131yordu. \u0130\u015fte bu nedenle ka\u00e7ak\u00e7\u0131l\u0131k olay\u0131n\u0131 ortaya \u00e7\u0131karan d\u00f6nemin \u0130zmit Emniyet M\u00fcd\u00fcr\u00fc Erc\u00fcment \u00d6zbeyli k\u0131za\u011fa al\u0131n\u0131yordu. Telefon konu\u015fmalar\u0131nda Ta\u015fdelen&#8217;in do\u011frudan ve Altay Tokat arac\u0131l\u0131\u011f\u0131yla, d\u00f6nemin \u0130\u00e7i\u015fleri Bakan\u0131 Abd\u00fclkadir Aksu, \u00c7evre ve Orman Bakam Osman Pepe ile Milli Savunma Bakan\u0131 Vecdi G\u00f6n\u00fcl&#8217;den yard\u0131m istedi\u011fi ifadeleri yer al\u0131yordu.<\/em><\/strong><\/p>\n<p><strong>Uyu\u015fturucu paras\u0131nda da E. Korg. Altay Tokat\u2019\u0131n pay\u0131!<\/strong><\/p>\n<p>Tokat&#8217;\u0131n ad\u0131 2007 y\u0131l\u0131nda Paris&#8217;te ba\u015flay\u0131p \u0130stanbul&#8217;a s\u0131\u00e7rayan PKK\u2019n\u0131n kara para operasyonunda da ge\u00e7iyordu. Paris\u2019te 300 bin Avro&#8217;yu bozdurmak isterken \u015f\u00fcphe \u00fczerine yakalanan iki PKK&#8217;l\u0131 ifadelerinde, paran\u0131n sahibi olarak Hakk\u00e2ri Y\u00fcksekoval\u0131 i\u015fadam\u0131 Hikmet Serdar&#8217;\u0131n ad\u0131n\u0131 veriyordu. \u0130stanbul polisi bu ki\u015finin telefonlar\u0131n\u0131 dinlemeye ba\u015flay\u0131nca da Altay Tokat ile konu\u015fmalar\u0131 saptan\u0131yordu. Uluslararas\u0131 uyu\u015fturucu ka\u00e7ak\u00e7\u0131l\u0131\u011f\u0131 \u00e7etesinin eleba\u015f\u0131 olmakla su\u00e7lanan Hikmet Serdar, \u0130stanbul&#8217;da adamlar\u0131yla birlikte 47 kilo eroin ile yakalan\u0131yordu. Operasyonda telefon g\u00f6r\u00fc\u015fmeleri nedeniyle Hikmet Serdar&#8217;\u0131n &#8220;Baba&#8221; ve &#8220;Pa\u015fa&#8221; diye hitap etti\u011fi emekli Korgeneral Altay Tokat&#8217;\u0131n ad\u0131 ge\u00e7iyordu. G\u00f6r\u00fc\u015fmede Serdar, uyu\u015fturucu ticareti yapt\u0131\u011f\u0131 \u015f\u00fcphesiyle polisin kendisini dinledi\u011fini s\u00f6yl\u00fcyordu. Tokat ise &#8220;Biz analar\u0131n\u0131&#8230;&#8221; cevab\u0131n\u0131 veriyordu. Tokat bu operasyon nedeniyle ve \u015f\u00fcpheli s\u0131fat\u0131yla savc\u0131ya ifade de veriyor, ama Tokat hakk\u0131nda delil yetersizli\u011finden takipsizlik karar\u0131 \u00e7\u0131kar\u0131l\u0131yordu.<\/p>\n<p><strong>Korg . Tokat\u2019\u0131n kirli ba\u011flant\u0131lar\u0131<\/strong><\/p>\n<p>Korg . Tokat\u2019tan Savc\u0131 Zekeriya \u00d6z\u2019e uzanan ba\u011flant\u0131 dikkat \u00e7ekiyordu.<\/p>\n<p>Korg. Tokat&#8217;\u0131n &#8220;kankas\u0131&#8221; olarak bilinen emekli Binba\u015f\u0131 Zahit Engin, Ergenekon savc\u0131s\u0131 Zekeriya \u00d6z ile \u00e7ok yak\u0131n bulunuyordu. Ankara&#8217;da Ba\u015f\u00e7avu\u015f Sokak&#8217;ta bir b\u00fcrosu olan Zahit Engin&#8217;in ad\u0131, \u00f6nce PKK ve sonra J\u0130TEM itiraf\u00e7\u0131s\u0131 olan Abd\u00fclkadir Aygan&#8217;\u0131n &#8220;faili me\u00e7hul&#8221; cinayetler konusundaki a\u00e7\u0131klamalar\u0131nda da ge\u00e7iyordu. Ama Ergenekon soru\u015fturmas\u0131nda da Diyarbak\u0131r&#8217;daki faili me\u00e7hul cinayetlerle ilgili a\u00e7\u0131lan davalarda da &#8220;\u015f\u00fcpheli&#8221; olmamas\u0131 hayret uyand\u0131r\u0131yordu. Zahit Engin&#8217;i tan\u0131yanlar, Fetullah\u00e7\u0131larla \u00e7ok yak\u0131n mesai i\u00e7inde oldu\u011fu bilgisini veriyordu. Nitekim Zahit Engin&#8217;in 2006 y\u0131l\u0131nda \u00e7\u0131kan bir demeci, Fetullah\u00e7\u0131larla irtibat\u0131n\u0131 kan\u0131tl\u0131yordu. Engin&#8217;in demecinin \u00e7\u0131kt\u0131\u011f\u0131 gazete Zaman. Konu, 28 \u015eubat. Zaman gazetesindeki haberin sunu\u015funda, Engin parlat\u0131l\u0131yordu. Zaman, Engin&#8217;in, 28 \u015eubat d\u00f6neminde kendisine verilen bir Vali yard\u0131mc\u0131s\u0131yla ilgili personel istihbarat\u0131 talimat\u0131n\u0131 reddetti\u011fini yaz\u0131yordu. Engin, irticai faaliyetleri ara\u015ft\u0131ran Fetullah\u00e7\u0131 yard\u0131mc\u0131s\u0131n\u0131 savunuyordu.<\/p>\n<p><strong>2002\u2019ye uzanan Gen. Altay Tokat-Gladyo alakas\u0131<\/strong><\/p>\n<p>Altay Tokat, 1999&#8217;da emekli edilmesinin gerek\u00e7esinin, &#8220;ahlaki nedenler&#8221; oldu\u011fu bas\u0131na yans\u0131yordu. Tokat, emrinde \u00e7al\u0131\u015fan bir subay\u0131n kar\u0131s\u0131yla makam\u0131nda yakalan\u0131yor ve bu nedenle emekli ediliyordu. 1999 y\u0131l\u0131nda emekli edildikten hemen sonra MHP&#8217;ye kat\u0131l\u0131yor ve 2000 y\u0131l\u0131ndaki kongrede MYK \u00fcyeli\u011fine se\u00e7iliyordu. Ayn\u0131 zamanda Bah\u00e7eli&#8217;nin askeri dan\u0131\u015fmanl\u0131\u011f\u0131n\u0131 \u00fcstleniyordu. Emekli Korgeneral Altay Tokat, 27 Temmuz-2 A\u011fustos 2006 tarihli Akt\u00fcel dergisine verdi\u011fi deme\u00e7te \u015eemdinli olaylar\u0131yla ilgili &#8220;Ben de mahkemeyi etkilemek i\u00e7in bomba att\u0131rd\u0131m&#8221; diye a\u00e7\u0131klama yap\u0131yordu. Tokat&#8217;\u0131n bu s\u00f6zleri gazetelerde man\u015fet olup g\u00fcnlerce tart\u0131\u015f\u0131l\u0131yordu. Tokat, Ergenekon tertibine giden yolda kritik bir a\u015fama olan \u015eemdinli tertibinde b\u00f6ylece boylu boyunca sahne al\u0131yordu. Tokat, bu demecinin ard\u0131ndan MHP&#8217;de de bar\u0131nam\u0131yor, ama zaten AKP ile \u00f6zellikle Cemil \u00c7i\u00e7ek vas\u0131tas\u0131yla &#8220;derin ba\u011flar\u0131&#8221; bulunuyordu.<\/p>\n<p>Tokat&#8217;\u0131n o tarihten bu yana hi\u00e7 ortalarda g\u00f6z\u00fckmemesi dikkat \u00e7ekiyordu.<\/p>\n<p>Tokat Eski Genelkurmay Ba\u015fkan\u0131 Orgeneral H\u00fcseyin K\u0131vnko\u011flu&#8217;na d\u00fc\u015fmanl\u0131k yap\u0131yor, her yerde a\u00e7\u0131k\u00e7a aleyhinde konu\u015fuyordu. Ve \u201cOnun g\u00f6rev s\u00fcresinin uzat\u0131lmas\u0131n\u0131 ben engelledim&#8221; diye \u00f6v\u00fcn\u00fcyordu.<\/p>\n<p>Devlet Bah\u00e7eli, ak\u0131l hocas\u0131 Altay Tokat&#8217;\u0131n m\u00fcdahalesiyle Orgeneral K\u0131vr\u0131ko\u011flu&#8217;nun, g\u00f6rev s\u00fcresinin uzat\u0131lmas\u0131na kar\u015f\u0131 \u00e7\u0131k\u0131yordu. Tokat bu olayla ilgili olarak 11 A\u011fustos 2003&#8217;te Fetullah G\u00fclen&#8217;in Aksiyon dergisine \u015funlar\u0131 s\u00f6yl\u00fcyordu.<\/p>\n<p>&#8220;Do\u011frudur, aynen do\u011frudur. Harp yok, darp yok niye uzat\u0131yorsunuz? Hay\u0131r, olmaz dedim. \u00c7\u00fcnk\u00fc Silahl\u0131 Kuvvetler&#8217;in sistemi bozulur. Prosed\u00fcre g\u00f6re, bir ki\u015finin g\u00f6rev s\u00fcresinin uzat\u0131lmas\u0131 i\u00e7in onun b\u00fcy\u00fck bir ba\u015far\u0131 kazanmas\u0131 veya \u00fclkenin harp i\u00e7inde olmas\u0131 laz\u0131m. \u0130\u015fte onu engelledik. \u00d6zk\u00f6k Pa\u015fa Genelkurmay Ba\u015fkan\u0131 olam\u0131yordu. Bizim d\u0131\u015f\u0131m\u0131zda herkes evet demi\u015f. Ben orada olmasam oluyordu.&#8221;<\/p>\n<p><strong>Erken se\u00e7im karar\u0131nda da imzas\u0131 vard\u0131!<\/strong><\/p>\n<p>Altay Tokat&#8217;\u0131n misyonu o kadar kritik ki, T\u00fcrkiye&#8217;ye kar\u015f\u0131 her t\u00fcrl\u00fc operasyonun i\u00e7inde s\u0131r\u0131t\u0131yordu. Tokat, Orgeneral K\u0131vr\u0131ko\u011flu&#8217;yla ilgili g\u00f6revini yerine getirdikten sonra, bu kez T\u00fcrkiye&#8217;yi AKP&#8217;ye teslim edece\u011fi kesin olan bir karar\u0131 Bah\u00e7eli&#8217;ye ald\u0131rt\u0131yor ve 3 Kas\u0131m&#8217;da erken se\u00e7im karar\u0131 ald\u0131r\u0131yordu. Temmuz 2002&#8217;de partisinin hi\u00e7bir yetkili organ\u0131nda konuyu g\u00f6r\u00fc\u015fmeden ve daha bir hafta \u00f6nce koalisyon ortaklar\u0131yla birlikte bas\u0131n\u0131n kar\u015f\u0131s\u0131nda \u201cErken se\u00e7im yok\u201d diyen Bah\u00e7eli, 3 Kas\u0131mda erken se\u00e7im karar\u0131n\u0131 a\u00e7\u0131kl\u0131yordu. Bu karar\u0131n arkas\u0131nda MHP\u2019nin yetkili organlar\u0131 yoktu, ama Altay Tokat\u2019\u0131n talimatlar\u0131 etkili oluyordu. (Yani 28 \u015eubat, Milli ve haysiyetli duru\u015fuyla B\u00fcy\u00fck \u0130srail projesine engel olan Erbakan\u2019\u0131 devre d\u0131\u015f\u0131 b\u0131rak\u0131p, siyonizmin yeni u\u015faklar\u0131 AKP\u2019nin yolunu a\u00e7mak i\u00e7in tertipleniyordu)<\/p>\n<p>Altay Tokat, 28 \u015eubat\u2019\u0131n ard\u0131ndan Fetullah G\u00fclen\u2019in yurtd\u0131\u015f\u0131 okullar\u0131n\u0131 parlatmak i\u00e7in yurtd\u0131\u015f\u0131na g\u00f6t\u00fcr\u00fclen birka\u00e7 emekli generalden birisi olma \u015ferefini kazan\u0131yordu. Altay Tokat\u2019a g\u00f6re, \u201cOkullar T\u00fcrkiye\u2019nin d\u00fcnyada g\u00fc\u00e7lenmesine pozitif katk\u0131 yap\u0131yordu.\u201d<a href=\"#_ftn4\">[4]<\/a><\/p>\n<p><strong> \u201c33 askerimizi Devlet \u00f6ld\u00fcrtt\u00fc!\u201d iftira talimat\u0131 Utah\u2019tan m\u0131 ula\u015fm\u0131\u015ft\u0131? <\/strong><\/p>\n<p>T\u00fcrk medyas\u0131nda 1993 y\u0131l\u0131nda \u015fehit olan askerler ile Ergenekon davas\u0131 aras\u0131nda ili\u015fki kuran bir haberler f\u0131rt\u0131nas\u0131 estiriliyordu.<\/p>\n<p>Konu zaman zaman olaydan sa\u011f kurtulan askerlerin ifadeleri ile g\u00fcndeme gelse de ku\u015fkusuz medyada f\u0131rt\u0131nay\u0131 ba\u015flatan olay 15 Aral\u0131k G\u00fcn\u00fc Taraf Gazetesi\u2019nin man\u015feti oluyordu. Taraf Gazetesi, \u201cErgenekon davas\u0131 savc\u0131lar\u0131n\u0131n 33 erin \u00f6l\u00fcm\u00fc ile sonu\u00e7lanan olay\u0131 ara\u015ft\u0131rd\u0131klar\u0131n\u0131, olaydan sa\u011f kurtulan 4 askeri de ifade vermeye \u00e7a\u011f\u0131rd\u0131klar\u0131n\u0131\u201d haber veriyordu. Gazete, olay \u00fczerinde ya\u015fanan \u015f\u00fcpheyi ise olaydan sa\u011f kurtulan Erdal \u00d6zdemir\u2019in a\u011fz\u0131ndan aktar\u0131yordu.<\/p>\n<p>16 Aral\u0131k g\u00fcn\u00fc ise Habert\u00fcrk bir ad\u0131m daha ileri giderek Ergenekon Savc\u0131lar\u0131\u2019na ifade veren Erdal \u00d6zdemir\u2019in ifadesini ele ge\u00e7irdi\u011fini a\u00e7\u0131kl\u0131yordu. Habert\u00fcrk\u2019\u00fcn yay\u0131nlad\u0131\u011f\u0131 ifadede er \u00d6zdemir 33 askerin \u00f6l\u00fcm\u00fcnde ordunun pay\u0131 oldu\u011funu anlat\u0131yordu.<\/p>\n<p>17 Aral\u0131k g\u00fcn\u00fc haber ajanslar\u0131na yans\u0131yan bir haber bu f\u0131rt\u0131nay\u0131 tersine \u00e7eviriyordu. Ajansa konu\u015fan Erdal \u00d6zdemir, Taraf Gazetesi\u2019yle r\u00f6portaj yapmad\u0131\u011f\u0131n\u0131 ve gazetenin konu\u015fmay\u0131 hayali olarak haz\u0131rlad\u0131\u011f\u0131n\u0131 iddia ediyordu. \u00d6zdemir Ajans\u2019a &#8220;Bir gazetede birileri s\u00f6ylemedi\u011fim \u015feyleri haber yap\u0131yor. Yaz\u0131lanlara ben bile \u015fa\u015f\u0131r\u0131yorum. T\u00fcrk Silahl\u0131 Kuvvetleri&#8217;ne kar\u015f\u0131ym\u0131\u015f gibi g\u00f6sterilmeye \u00e7al\u0131\u015f\u0131l\u0131yorum\u201d diyordu.<\/p>\n<p>Yine 17 Aral\u0131k g\u00fcn\u00fc Vatan Gazetesi\u2019nin konu \u00fczerine yazd\u0131\u011f\u0131 haber olay\u0131n bir ba\u015fka y\u00f6n\u00fcn\u00fc ortaya \u00e7\u0131kar\u0131yordu. Gazete olaydan sa\u011f kurtulan ve birinci derece g\u00f6rg\u00fc tan\u0131\u011f\u0131 olan 5 askere ula\u015f\u0131yordu. Olaydan sa\u011f kurtulan Adnan Gebe\u015f, Erdem Do\u011fan, Erkan Omay, Osman Partal ve B\u00fcnyamin Atl\u0131, \u015fu ana kadar savc\u0131l\u0131k veya ba\u015fka bir kurumdan ifade verme y\u00f6n\u00fcnde bir \u00e7a\u011fr\u0131 almad\u0131klar\u0131n\u0131 belirtiyordu.<\/p>\n<p>K\u0131sacas\u0131 33 asker olay\u0131n\u0131n Ergenekon davas\u0131na dahil edildi\u011fi balonu k\u0131sa s\u00fcrede patl\u0131yordu.<\/p>\n<p><strong>Peki, bu f\u0131rt\u0131nalar, ni\u00e7in \u00e7\u0131kar\u0131lmakta bu ahlaks\u0131z-alakas\u0131z dezenformasyon kimlerin i\u015fine yaramaktayd\u0131? Fetullah\u00e7\u0131 ve Utahl\u0131 komiser bu bilgileri nereden almaktayd\u0131?<\/strong><\/p>\n<p>Tarih 5 Aral\u0131k 2009\u2026<\/p>\n<p>Taraf Gazetesi\u2019nin \u201cUtah\u2019tan s\u0131zan ordu belgeleri ile\u201d ad\u0131 g\u00fcndeme gelen yazar\u0131 Emrullah Uslu, 33 asker olay\u0131n\u0131 o g\u00fcn yaz\u0131s\u0131na konu ediyordu.<\/p>\n<p>Emrullah Uslu bug\u00fcne kadar bas\u0131n tarihinde yaz\u0131lmam\u0131\u015f iddialar\u0131 g\u00fcndeme getiriyordu.<\/p>\n<p>Bu arada hat\u0131rlatal\u0131m Emrullah Uslu, Utah\u2019tan 8 senelik \u00e7al\u0131\u015fmalar\u0131n\u0131 noktalamas\u0131 i\u00e7in geri \u00e7a\u011fr\u0131ld\u0131\u011f\u0131nda tayini Bing\u00f6l Ter\u00f6rle M\u00fccadele \u015eubesi\u2019ne komiser olarak \u00e7\u0131k\u0131yordu.<\/p>\n<p>Uslu o g\u00fcne kadar bilinenlerin aksine 33 askerin \u015fehit edilmesi olay\u0131 duyuldu\u011funda askerlerin saatlerce harekete ge\u00e7medi\u011fini iddia ediyordu. Emrullah Uslu\u2019nun yazd\u0131\u011f\u0131na g\u00f6re, askerlerin meseleyi umursamad\u0131\u011f\u0131n\u0131 g\u00f6ren kendisinin de bir d\u00f6nem \u00fcyesi oldu\u011fu Bing\u00f6l\u2019deki \u00f6zel harek\u00e2t timleri isyan ederek harekete ge\u00e7iyordu.<\/p>\n<p>Emrullah Uslu yaz\u0131s\u0131n\u0131n sonunda okuyucular\u0131na bir de m\u00fcjde veriyordu: \u201c Bu konuda \u00e7ok yak\u0131nda yeni geli\u015fmelere haz\u0131r olun\u201d!?&#8230;<\/p>\n<p>K\u0131sacas\u0131 33 asker olay\u0131nda ya\u015fananlar\u0131 Fetullah\u00e7\u0131-Utah\u2019\u00e7\u0131 Emrullah Uslu olaydan \u00e7ok \u00f6nce haber verip keramet g\u00f6steriyordu! Tabii yine her zaman yapt\u0131\u011f\u0131 gibi askerlere y\u00f6nelik ithaf ve iftiralar\u0131 ve emniyete y\u00f6nelik iltifatlar\u0131 dikkat \u00e7ekiyordu.<\/p>\n<p>Peki, ad\u0131 cemaat ile gizli belgeler ile g\u00fcndeme gelen komiser Emrullah Uslu\u2019nun \u00f6ng\u00f6r\u00fcs\u00fcn\u00fcn kayna\u011f\u0131 ger\u00e7ekten kerameti ve gaipten haber vermesi miydi, yoksa, \u201cOdatv.\u201dnin sordu\u011fu gibi ABD ve \u0130srail\u2019in gizli servisleri mi oluyordu?<\/p>\n<p><strong>Demokrasi hayranl\u0131\u011f\u0131 m\u0131, yoksa Haim Nahum plan\u0131 m\u0131yd\u0131?<\/strong><\/p>\n<p><strong>Erbakan Hoca\u2019n\u0131n \u0131srarla hat\u0131rlatt\u0131\u011f\u0131, 7 ad\u0131mda T\u00fcrkiye\u2019yi \u00e7\u00f6kertme haz\u0131rl\u0131\u011f\u0131 olan ve Lozan\u2019\u0131n gizli dayatmas\u0131 say\u0131lan, Yahudi haham Haim Nahum\u2019un Siyonist Plan\u0131n\u0131, AKP iktidar\u0131, demokratikle\u015fme k\u0131l\u0131f\u0131yla uygulamaya ve nihai hedefine, yani T\u00fcrkiye\u2019yi diz \u00e7\u00f6kt\u00fcrmeye yakla\u015fmaktad\u0131r.<\/strong><\/p>\n<p><strong>1- BASIN-YAYIN \u00f6zg\u00fcrl\u00fc\u011f\u00fc diye, TSK\u2019y\u0131 ve milli kurumlar\u0131m\u0131z\u0131, kas\u0131tl\u0131 ve k\u0131\u015fk\u0131rt\u0131c\u0131 yay\u0131nlarla y\u0131pratma ve y\u0131kma haz\u0131rl\u0131\u011f\u0131 yap\u0131lmaktad\u0131r.<\/strong><\/p>\n<p><strong>2- HASIM \u00f6zg\u00fcrl\u00fc\u011f\u00fcne d\u00f6n\u00fc\u015fen A\u00c7ILIM safsatalar\u0131yla, \u00fclkemiz T\u00fcrk-K\u00fcrt d\u00fc\u015fmanl\u0131\u011f\u0131na ve etnik-mezhebi \u00e7at\u0131\u015fma ortam\u0131na h\u0131zla kayd\u0131r\u0131lmaktad\u0131r.<\/strong><\/p>\n<p><strong>3- \u201cCinsel serbestlik ve SAPIKLIK\u201d \u00f6zg\u00fcrl\u00fc\u011f\u00fc ile; her t\u00fcrl\u00fc fuhu\u015f serbestli\u011fi, e\u015fcinsellik rezaleti ve yayg\u0131nla\u015fan porno filmleri ve TV. Dizileriyle, ailevi ve ahlaki yap\u0131m\u0131z\u0131n alt\u0131na dinamitler koyulmaktad\u0131r.<\/strong><\/p>\n<p><strong>B\u00fct\u00fcn bu a\u00e7\u0131l\u0131m ve sa\u00e7\u0131l\u0131m senaryolar\u0131yla, sosyal patlama boyutlar\u0131na ula\u015fan;<\/strong><\/p>\n<ul>\n<li><strong>\u0130\u015fsizlik ve fakirli\u011fin giderek artmas\u0131<\/strong><\/li>\n<li><strong>Tar\u0131m\u0131n (hayvanc\u0131l\u0131k ve ziraat\u0131n) yok olmas\u0131<\/strong><\/li>\n<li><strong>B\u00fct\u00fcn sanayi kurulu\u015flar\u0131m\u0131z\u0131n ve stratejik varl\u0131klar\u0131m\u0131z\u0131n yabanc\u0131lara sat\u0131lmas\u0131<\/strong><\/li>\n<li><strong>Milli ve vicdani sorumluluk anlay\u0131\u015f\u0131n\u0131n zay\u0131flamas\u0131 ve \u0130slami duyarl\u0131l\u0131\u011f\u0131n dumura u\u011fray\u0131p azalmas\u0131<\/strong><\/li>\n<li><strong>BOP (22 \u0130slam \u00fclkesinin par\u00e7alan\u0131p, B\u00fcy\u00fck \u0130srail hedefine k\u00fc\u00e7\u00fck lokma yap\u0131lmas\u0131) u\u011fruna T\u00fcrkiye\u2019nin \u201cyumu\u015fak demokratik K\u00fcrdistan federasyonu\u201dyla par\u00e7alanmas\u0131<\/strong><\/li>\n<li><strong>Ve sonunda ba\u011f\u0131ms\u0131z Cumhuriyetin, ba\u011f\u0131ml\u0131 eyalet ve demokratik esaret konumuna sokulmas\u0131 s\u00fcreci;<\/strong><\/li>\n<\/ul>\n<p><strong>Ya ciddi, cesaretli, bilin\u00e7li ve asker-sivil elbirlikli bir toplum tepkisiyle ve hukuki bir diren\u00e7 ve dirayetle a\u015f\u0131lacak, veya T\u00fcrkiye harita \u00fczerindeki bir Karpuz Cumhuriyeti halini alacakt\u0131r!..<\/strong><strong><\/strong><\/p>\n<p>\u00a0<\/p>\n<p>\u00a0<\/p>\n<p>\u00a0<\/p>\n<p>\u00a0<\/p>\n<p>\u00a0<\/p>\n<p>\u00a0<\/p>\n<p> <br clear=\"all\" \/>  <\/p>\n<hr \/>\n<p><a href=\"#_ftnref1\">[1]<\/a> Kulis Ankara, 12 \u015eubat 2010, Milli Gazete<\/p>\n<p><a href=\"#_ftnref2\">[2]<\/a> Fatih Altayl\u0131 ile Murat Bardak\u00e7\u0131\u2019nin GKB Org. \u0130lker Ba\u015fbu\u011f g\u00f6r\u00fc\u015fmesi, Habert\u00fcrk, 11.02.2010<\/p>\n<p><a href=\"#_ftnref3\">[3]<\/a> 27.01.2010 \/ Radikal<\/p>\n<p><a href=\"#_ftnref4\">[4]<\/a> Ayd\u0131nl\u0131 T\u00fcrkiye, 17 Ocak 2010<\/p>\n","protected":false},"excerpt":{"rendered":"<p>YA FETULLAH\u00c7I VE CIA AJANIDIR YA KOM\u00dcN\u0130ST VE KOM\u0130TACI ULUSALCIDIR VEYA \u0130KT\u0130DARA VE ARKASINDAK\u0130 G\u00dc\u00c7 ODAKLARINA SATILMI\u015eTIR Kendisini bu aziz milletin bir ferdi ve tabii temsilcisi; askerini ise; bu milletin kendisi ve g\u00f6n\u00fcll\u00fc fedaisi g\u00f6ren hi\u00e7 kimsenin \u201corduyu ele ge\u00e7irme veya g\u00fc\u00e7s\u00fczle\u015ftirip etkisizle\u015ftirme\u201d gibi bir gayesi ve gayreti olmas\u0131 m\u00fcmk\u00fcn de\u011fildir. Bir v\u00fccudun b\u00fct\u00fcn h\u00fccreleri [&hellip;]<\/p>\n","protected":false},"author":4,"featured_media":0,"comment_status":"open","ping_status":"closed","sticky":false,"template":"","format":"standard","meta":{"footnotes":""},"categories":[106],"tags":[],"class_list":["post-1750","post","type-post","status-publish","format-standard","hentry","category-mart-2010"],"_links":{"self":[{"href":"https:\/\/www.millicozum.com\/mc\/wp-json\/wp\/v2\/posts\/1750","targetHints":{"allow":["GET"]}}],"collection":[{"href":"https:\/\/www.millicozum.com\/mc\/wp-json\/wp\/v2\/posts"}],"about":[{"href":"https:\/\/www.millicozum.com\/mc\/wp-json\/wp\/v2\/types\/post"}],"author":[{"embeddable":true,"href":"https:\/\/www.millicozum.com\/mc\/wp-json\/wp\/v2\/users\/4"}],"replies":[{"embeddable":true,"href":"https:\/\/www.millicozum.com\/mc\/wp-json\/wp\/v2\/comments?post=1750"}],"version-history":[{"count":0,"href":"https:\/\/www.millicozum.com\/mc\/wp-json\/wp\/v2\/posts\/1750\/revisions"}],"wp:attachment":[{"href":"https:\/\/www.millicozum.com\/mc\/wp-json\/wp\/v2\/media?parent=1750"}],"wp:term":[{"taxonomy":"category","embeddable":true,"href":"https:\/\/www.millicozum.com\/mc\/wp-json\/wp\/v2\/categories?post=1750"},{"taxonomy":"post_tag","embeddable":true,"href":"https:\/\/www.millicozum.com\/mc\/wp-json\/wp\/v2\/tags?post=1750"}],"curies":[{"name":"wp","href":"https:\/\/api.w.org\/{rel}","templated":true}]}}