{"id":1754,"date":"2010-02-23T13:01:56","date_gmt":"2010-02-23T13:01:56","guid":{"rendered":"https:\/\/www.millicozum.com\/mc\/2010\/02\/23\/dincilerle-dinsizlerin-vurusturulmasi-ve-seferberlik-kovusturmasi\/"},"modified":"2010-02-23T13:01:56","modified_gmt":"2010-02-23T13:01:56","slug":"dincilerle-dinsizlerin-vurusturulmasi-ve-seferberlik-kovusturmasi","status":"publish","type":"post","link":"https:\/\/www.millicozum.com\/mc\/2010\/mart-2010\/dincilerle-dinsizlerin-vurusturulmasi-ve-seferberlik-kovusturmasi\/","title":{"rendered":"\u201cD\u0130NC\u0130\u201dLERLE \u201cD\u0130NS\u0130Z\u201dLER\u0130N VURU\u015eTURULMASI VE SEFERBERL\u0130K KOVU\u015eTURMASI"},"content":{"rendered":"<p><strong>&#8220;Dinsizin hakk\u0131ndan imans\u0131z gelir.&#8221;<\/strong> <\/p>\n<p><strong>Bu \u00e7ok bilinen atas\u00f6z\u00fcm\u00fcze bak\u0131nca kar\u015f\u0131m\u0131za \u015f\u00f6yle bir tan\u0131m \u00e7\u0131k\u0131yor: &#8220;Bir zalimi, ondan daha bask\u0131n bir zalim alt edebilir. Vicdan\u0131 olmayan ki\u015fiyi, kendisinden daha ac\u0131mas\u0131z biri yola getirir.\u201d Bu ger\u00e7e\u011fi, g\u00fcn\u00fcm\u00fczde \u015f\u00f6yle ifade etmekte m\u00fcnasiptir: \u201cDinsiz\u201dlerin hakk\u0131ndan \u201cDinci\u201dler gelir.\u201d \u201cDinci\u201d, dindar insan demek de\u011fildir, tam aksine, \u201cdin istismarc\u0131s\u0131, Il\u0131ml\u0131 \u0130slamc\u0131 ve emperyalizm u\u015fa\u011f\u0131\u201d anlam\u0131na gelir. \u0130\u015fte bug\u00fcn, Siyonist merkezler ve k\u00fcresel g\u00fc\u00e7ler T\u00fcrkiye de, hatta t\u00fcm \u0130slam \u00e2leminde, uzun zaman uygulad\u0131klar\u0131 sa\u011f-sol \u00e7at\u0131\u015fmas\u0131 yerine, \u015fimdi de dinsiz \u00e7evrelere kar\u015f\u0131, dinci kesimleri kullanmaya giri\u015fmi\u015ftir. Kom\u00fcnist ve Darwinist ulusalc\u0131lara ve \u015eamanist \u0131rk\u00e7\u0131lara kar\u015f\u0131 panzehir olarak Il\u0131ml\u0131 \u0130slamc\u0131lar\u0131 \u00e7\u0131karmas\u0131, her iki kanad\u0131nda d\u0131\u015f merkezlerin g\u00fcd\u00fcm\u00fcnde oldu\u011funu g\u00f6stermektedir. <\/strong><\/p>\n<p>\u00a0<\/p>\n<p><strong>Tekrar edelim: \u201c\u0130nsafs\u0131z\u0131n hakk\u0131ndan imans\u0131z gelir\u201d atas\u00f6z\u00fc art\u0131k \u201cDinsizin hakk\u0131ndan Dinciler gelir\u201d \u015feklinde s\u00f6ylenmelidir.<\/strong><\/p>\n<p><strong>Evet, malum ve melun merkezler, y\u0131pranan, y\u0131rt\u0131lan ve yama tutmayan \u201cDinsiz Masonlar\u0131n\u201d yerine \u201cDinci m\u00fcnaf\u0131klar\u0131\u201d yerle\u015ftirmi\u015ftir. \u015eimdi m\u00fcnaf\u0131klar, Masonlar\u0131n a\u011fz\u0131ndan burnundan getirmekte ve can\u0131ndan bezdirmektedir.\u00a0 Eh, nas\u0131l olsa, her iki taife de; nefsinin esiri, \u015eeytan\u0131n ekibi ve Siyonizmin hizmet\u00e7isidir. Yani Dincilerle Dinsizlerin m\u00fccadelesi, \u00f6yle zannedildi\u011fi gibi \u201cMillicilerle i\u015fbirlik\u00e7ilerin \u00e7eki\u015fmesi\u201d de\u011fil, aksine \u201cd\u0131\u015f g\u00fc\u00e7lere k\u00e2hyal\u0131k \u015ferefini(!) niye elimizden ald\u0131n\u0131z\u201d didi\u015fmesidir.<\/strong><\/p>\n<p>Uzun y\u0131llar milletimiz kat\u0131 ve kas\u0131tl\u0131 olarak uygulanan Haim Naum doktrini neticesinde a\u00e7, sefil, i\u015fsiz, borca esir ve \u0130slam\u2019dan habersiz b\u0131rak\u0131lmak istenmi\u015ftir. Bir zamanlar t\u00fcm d\u00fcnyaya medeniyet ve h\u00fcrriyet g\u00f6t\u00fcren bu millet, zillet ve sefalete itilmi\u015f, insanl\u0131\u011fa adalet da\u011f\u0131tan atalar\u0131m\u0131z yerine, yeni y\u00f6neticilerimiz zul\u00fcm ve zorbal\u0131\u011fa y\u00f6nelmi\u015f, en sonunda hi\u00e7 de\u011filse tar\u0131mda kendi kendine yeten \u00e7ok az \u00fclkeden biri olan bu \u00fclke, bu\u011fday dahi ithal eder hale getirilmi\u015ftir. Yukar\u0131daki atas\u00f6z\u00fcnde \u201dDinsiz&#8221; diye nitelenen zalim ve hain Haim Naum takip\u00e7ilerinin ellerinde bu aziz millet b\u00f6yle peri\u015fan edilmi\u015ftir. \u0130slam haricinde asla ve asla saadet bulamayaca\u011f\u0131m\u0131z hem vahiyle hem tarihi tecr\u00fcbeyle sabit iken, milletimize reva g\u00f6r\u00fclen dinsiz ve dengesiz ideolojiler, i\u015fte &#8220;dinsiz!&#8221; dedi\u011fimiz ahlaks\u0131z ve ac\u0131mas\u0131z kimseler taraf\u0131ndan tercih edilmi\u015ftir.<\/p>\n<p>Senelerdir bu imans\u0131z ve insafs\u0131z grup \u00fclkeyi babalar\u0131n\u0131n \u00e7iftli\u011fi gibi y\u00f6netmi\u015f, Cumhuriyetimiz Atat\u00fcrk taraf\u0131ndan kurulu\u015f amac\u0131n\u0131n tersine \u00e7evrilmi\u015f ve g\u00fcn\u00fcm\u00fcze kadar bu saltanatlar\u0131n\u0131 s\u00fcrd\u00fcrm\u00fc\u015flerdir. Bu soysuzlar Dinimize, \u00f6rf\u00fcm\u00fcze ve gelene\u011fimize hep hakaret etmi\u015f ve h\u0131yanetlerine h\u00fcrriyet k\u0131l\u0131f\u0131 ge\u00e7irmi\u015flerdir.<\/p>\n<p>Derken Ergenekon operasyonu diye sahneye s\u00fcr\u00fclen ve dergimizde &#8220;At de\u011fi\u015ftirme ve Orduyu dejenere etme operasyonu&#8221; ba\u015fl\u0131klar\u0131 alt\u0131nda \u015eeytani niyet ve hedefleri de\u015fifre edilen ve ABD&#8217;nln yeni ortaya att\u0131\u011f\u0131 Neo-Osmanl\u0131 doktrini \u00e7er\u00e7evesinde Siyonist \u0130srail\u2019e hizmet veren AKP\u2019ye yeni roller bi\u00e7ilmi\u015ftir.<\/p>\n<p>Art\u0131k Siyonist ve Amerikanc\u0131 tezg\u00e2h\u0131n iyice y\u0131pranm\u0131\u015f oyuncular\u0131n\u0131n de\u011fi\u015fme zaman\u0131 gelmi\u015f ve yine vitrine Milli G\u00f6r\u00fc\u015f ka\u00e7k\u0131n\u0131 AKP yav\u015faklar\u0131 ve F-tipi yap\u0131lanman\u0131n elemanlar\u0131 se\u00e7ilmi\u015ftir! Bunlar da i\u00e7lerinde iki ana b\u00f6l\u00fcme ayr\u0131lm\u0131\u015f g\u00f6r\u00fcnmektedir. \u0130lk grup yukar\u0131da da bahsetti\u011fimiz gibi, \u0130brani kandan se\u00e7ilen ve Haim Naum&#8217;un izini takip eden kimseler olup &#8220;beraber y\u00fcr\u00fcd\u00fck biz bu yollarda\u201d diyerek bizlerle bu yollarda beraber y\u00fcr\u00fcyen, ama asla &#8220;bizden biri gibi hareket etmeyen&#8221;, niyetleri kirli ve cin fikirli olan tiplerdir. \u0130kinci grup ise, ger\u00e7ek manada iman\u0131 bilmeyen, atalar\u0131ndan g\u00f6rd\u00fckleri taklidi bir inan\u00e7 sistemi ile yetinen, iman\u0131n ilk basama\u011f\u0131; &#8220;Ta\u011futu tan\u0131y\u0131p ink\u00e2r etmek&#8221; iken, d\u00fcnyadan bihaber g\u00f6r\u00fcnen, ferasetten ve basiretten yoksun ki\u015filerdir. Bunlar\u0131n baz\u0131lar\u0131 safdillikle, baz\u0131lar\u0131 ise bozuk tiyniyetleri sebebiyle, iyi i\u015f yap\u0131yoruz diyerek Siyonist sisteme hizmet etmektedir. Bunlar\u0131n en masumlar\u0131 ise \u201cSakall\u0131 H\u00fcsn\u00fc\u201dlerdir.<\/p>\n<p><strong>CHP lideri Deniz Baykal\u2019\u0131n, C\u00fcbbeli Ahmet lakapl\u0131 \u015feriat alimi ve tarikat temsilcisi ge\u00e7inen ki\u015fiyi, kalp damar\u0131na stent tak\u0131ld\u0131\u011f\u0131 i\u00e7in telefonla aray\u0131p, ge\u00e7mi\u015f olsun dileklerini iletmesini k\u0131skanan AKP\u2019lilerin<\/strong> <strong>b\u00fct\u00fcn sitemleri: \u201cBizim istismar ve suistimal saham\u0131za CHP niye el at\u0131yor, niye bizim potansiyel oy depolar\u0131m\u0131za dal\u0131yor?\u201d tela\u015f\u0131 ve tedirginli\u011fidir. Yani \u201cDinci\u201dlik gayretidir.<\/strong><\/p>\n<p><strong>Oysa bu milletin y\u00fczde 95\u2019i m\u00fcsl\u00fcmand\u0131r ve bunlar\u0131n b\u00fcy\u00fck k\u0131sm\u0131 dindar bilinir. \u015eeyhleri ve a\u011fabeyleri \u00fczerinden dindarlar\u0131n oyuna g\u00f6z dikmek ise AKP kadar, CHP\u2019nin de, di\u011fer partilerin de demokratik hakk\u0131 ve hedefidir. Acaba B\u00fclent Ar\u0131n\u00e7\u2019a bu durumu, pazarl\u0131k k\u0131z\u0131\u015ft\u0131rmak i\u00e7in C\u00fcbbeli Ahmet\u2019mi bildirmi\u015fti, yoksa gizli telefon dinlemelerini Bay B\u00fclent\u2019e ileten \u00f6zel ve teknik bir ekip mi takipteydi? Veya eski AKP Milletvekili muhaliflerini telefon tuza\u011f\u0131na d\u00fc\u015f\u00fcr\u00fcp, B\u00fclent Ar\u0131n\u00e7\u2019a siyasi r\u00fc\u015fvet olarak m\u0131 takdim etmekteydi? <\/strong><\/p>\n<p>\u015eimdi Siyonist \u015feytan; uzun y\u0131llar kendi ama\u00e7lar\u0131na hizmet etmi\u015f bu zalim ve ac\u0131mas\u0131z ekibi, ondan daha ac\u0131mas\u0131z ve daha zalim bir ekip ile de\u011fi\u015ftirmeye ve zaman\u0131nda kendi i\u015fledikleri her t\u00fcrl\u00fc g\u00fcnah\u0131 da bu eski ekibe fatura ederek akl\u0131nca kara sayfalar\u0131n\u0131 kapatmay\u0131 hedeflemektedir.<\/p>\n<p>Mason ulusalc\u0131 bilinenler,\u00a0\u00a0 Eski Marksistler,\u00a0\u00a0 kom\u00fcnistler,\u00a0\u00a0 asker-sivil zalim b\u00fcrokrat kesimler, T\u00dcS\u0130AD, Ayd\u0131n Do\u011fan ve temsil etti\u011fi \u00e7evreler, evet bunlar\u0131n hepsi \u015fimdi onlardan daha sinsi ve \u015eeytani olan \u201cIl\u0131ml\u0131 \u0130slam ve Din istismarc\u0131s\u0131 kadrolarla\u201d tasfiye edilmektedir.<\/p>\n<p><strong>Bak\u0131n\u0131z bu ger\u00e7e\u011fi Fatih Altayl\u0131 bile 7 Ocak 2010 tarihli Habert\u00fcrk k\u00f6\u015fesinde \u015f\u00f6yle dile getirmektedir:<\/strong><\/p>\n<p><strong><em>&#8220;T\u00fcrk Sanayici ve \u0130\u015fadamlar\u0131 Derne\u011fi&#8217;ni biraz tebess\u00fcmle izliyorum. Bir zamanlar T\u00fcrkiye&#8217;nin kaderine y\u00f6n vermeye soyunan dernek, \u015fimdilerde ac\u0131nacak halde i\u015fadamlar\u0131n\u0131n, derne\u011fin ba\u015fkanl\u0131k koltu\u011funa oturabilmek i\u00e7in birbiriyle yar\u0131\u015ft\u0131\u011f\u0131 birbiriyle kap\u0131\u015ft\u0131\u011f\u0131 d\u00f6nemler \u00e7ook gerilerde kald\u0131. \u015eimdinin T\u00dcS\u0130AD \u00fcyeleri, de\u011fil ba\u015fkanl\u0131k \u0130\u00e7in yar\u0131\u015fmak, ba\u015fkanl\u0131ktan ka\u00e7ma yar\u0131\u015f\u0131nda. <\/em><\/strong><\/p>\n<p><strong><em>Etek giymi\u015f beyler, pantolonlu han\u0131mlar\u0131n arkas\u0131na saklanm\u0131\u015flar tam siper, \u00dcmit Boyner&#8217;in y\u00fcrekli \u00e7\u0131k\u0131\u015f\u0131 olmasa koca T\u00dcS\u0130AD ba\u015fkans\u0131z kalacak. \u00dcmit Han\u0131m&#8217;\u0131n ba\u015fkan olaca\u011f\u0131 ortaya \u00e7\u0131k\u0131nca, e\u015fi Cem Boyner uzun s\u00fcredir vermedi\u011fi bir siyasi mesaj vererek, &#8220;Biz AKP politikalar\u0131n\u0131 destekliyoruz&#8221; demek zorunda hissediyor kendini. Hey koca T\u00dcS\u0130AD, bir zamanlar gazete ilan\u0131yla h\u00fck\u00fcmet deviren T\u00dcS\u0130AD.&#8221; <\/em><\/strong><strong>diyordu, \u0130srail ve ABD\u2019nin yeni hizmetk\u00e2rlar bulundu\u011funu ima ediyordu.<\/strong><\/p>\n<p><strong>T\u00dcS\u0130AD can \u00e7eki\u015fiyordu<\/strong><\/p>\n<p><strong><em>\u00dcmit Boyner, T\u00dcS\u0130AD&#8217;\u0131n 574 \u00fcyesinin 198&#8217;inin oyuyla ba\u015fkan se\u00e7ildikten sonra yapt\u0131\u011f\u0131 konu\u015fmada, &#8220;T\u00dcS\u0130AD bir \u00e7\u0131kar grubu de\u011fil, bask\u0131 grubudur&#8221; diyerek hava atmaktad\u0131r. Asl\u0131nda T\u00dcS\u0130AD hem \u00e7\u0131kar grubu, hem bask\u0131 grubu olmaktan \u00e7\u0131km\u0131\u015ft\u0131r. Sadece b\u00fcy\u00fck sermaye gruplar\u0131n\u0131 temsil eden i\u015fadamlar\u0131 ve kad\u0131nlar\u0131 ile b\u00fcy\u00fck sermaye gruplar\u0131n\u0131n tepe y\u00f6neticilerinin \u00fcye oldu\u011fu bir dernek halini alm\u0131\u015ft\u0131r. Her ne kadar Cem Boyner &#8220;T\u00dcS\u0130AD&#8217;\u0131n kanarya sevenler derne\u011fi olmad\u0131\u011f\u0131n\u0131&#8221; s\u00f6yler ise de T\u00dcS\u0130AD da, kanarya sevenler derne\u011fi de Dernekler Kanunu kapsam\u0131nda, ayn\u0131 stat\u00fcye sahip bulunmaktad\u0131r. \u00dcmit Boyner&#8217;in se\u00e7ildikten sonra &#8220;T\u00dcS\u0130AD sadece kendi i\u015fine bakmaz&#8221;<\/em><\/strong><strong> <\/strong><strong>\u015feklindeki konu\u015fmas\u0131 da bo\u015funad\u0131r. T\u00dcS\u0130AD eski \u00e7amlar\u0131n bardak oldu\u011funu kabullenmek zorundad\u0131r.<\/strong><strong> <\/strong><\/p>\n<p><strong>GKB. Haftal\u0131k Bas\u0131n bilgilendirme toplant\u0131lar\u0131na son verdi\u011fini a\u00e7\u0131klam\u0131\u015ft\u0131. Kararg\u00e2hta yap\u0131lan ve 3 saate yakla\u015fan toplant\u0131 sonucu yap\u0131lan bu a\u00e7\u0131klama bir sessiz mesajd\u0131!<\/strong><\/p>\n<p><strong>Erdo\u011fan&#8217;la Ba\u015fbu\u011f bulu\u015fuyordu:<\/strong><\/p>\n<p><strong><em>Genelkurmay Ba\u015fkanl\u0131\u011f\u0131ndan yap\u0131lan a\u00e7\u0131klamada, Ba\u015fbakan Recep Tayyip Erdo\u011fan ile Genelkurmay Ba\u015fkan\u0131 Orgeneral \u0130lker Ba\u015fbu\u011f aras\u0131nda yap\u0131lan haftal\u0131k ola\u011fan g\u00f6r\u00fc\u015fmede i\u00e7 g\u00fcvenlik konular\u0131 ba\u015fta olmak \u00fczere, g\u00fcndemdeki di\u011fer konular \u00fczerinde de duruldu\u011fu bildirildi. Genelkurmay Ba\u015fkanl\u0131\u011f\u0131n\u0131n internet sitesinde yer alan duyuruda, haftal\u0131k ola\u011fan g\u00f6r\u00fc\u015fmenin Genelkurmay Ba\u015fkanl\u0131\u011f\u0131 Kararg\u00e2h\u0131nda yap\u0131ld\u0131\u011f\u0131 belirtilerek, &#8220;G\u00f6r\u00fc\u015fmeye Say\u0131n Ba\u015fbakan, Adalet ve \u0130\u00e7i\u015fleri Bakanlar\u0131 kat\u0131lm\u0131\u015flard\u0131r. G\u00f6r\u00fc\u015fmede i\u00e7 g\u00fcvenlik konular\u0131 ba\u015fta olmak \u00fczere, g\u00fcndemdeki di\u011fer konular \u00fczerinde de durulmu\u015ftur&#8221; denildi. Duyuruda, g\u00f6r\u00fc\u015fmeye ili\u015fkin foto\u011frafa da yer verildi.(a.a)<\/em><\/strong><\/p>\n<p><strong>Bir erken se\u00e7im olas\u0131l\u0131\u011f\u0131 y\u00fcksekti\u2026 AKP\u2019nin referandumla ilgili yasa tasla\u011f\u0131n\u0131 meclise vermesi de bunun bir \u00f6n haz\u0131rl\u0131\u011f\u0131 olarak de\u011ferlendirilmi\u015fti.<\/strong><\/p>\n<p><strong>GKB\u2019l\u0131\u011f\u0131n\u0131n: Seferberlik binas\u0131nda tutulan notlar\u0131n ve devlet s\u0131rr\u0131 yaz\u0131lan evraklar\u0131n imhas\u0131na dair talebini Ankara 11. A\u011f\u0131r Ceza Mahkemesi reddediyordu.<\/strong><\/p>\n<p><strong>Ergenekon kapsam\u0131nda E. HKK. \u0130brahim F\u0131rt\u0131na 10 saatlik sorgusundaki K\u0131br\u0131s\u2019taki Annan Plan\u0131na kar\u015f\u0131 \u00e7\u0131kmak i\u00e7in halk\u0131n soka\u011fa \u00e7\u0131kar\u0131lmas\u0131 ve protesto k\u0131\u015fk\u0131rtmalar\u0131yla ilgili olarak \u201cBunlar Devlet s\u0131rr\u0131d\u0131r\u201d ve kas\u0131tl\u0131 kurgulard\u0131r yan\u0131t\u0131n\u0131 veriyordu. \u201c\u015eener Eruygur Pa\u015fan\u0131n g\u00f6nderdi\u011fi s\u00f6ylenen gizli mektupta, Deniz Kuvvetleri Hava Kuvvetlerinden \u00f6nce yaz\u0131lmas\u0131 team\u00fcllere ayk\u0131r\u0131d\u0131r. \u015eener Eruygur b\u00f6yle bir ayr\u0131nt\u0131y\u0131 g\u00f6zden ka\u00e7\u0131rmayacakt\u0131r\u201d diyordu.<\/strong><\/p>\n<p><strong>Cumhurba\u015fkan\u0131 A. Necdet Sezer\u2019in g\u00f6rev s\u00fcresinin uzat\u0131lmas\u0131yla ilgili olarak ta:<\/strong><\/p>\n<p><strong>Bunlar TSK\u2019y\u0131 ve T\u00fcrkiye Cumhuriyetinin temel yap\u0131lar\u0131n\u0131 \u00e7ok sert tahribe y\u00f6nelik bir ithamd\u0131r. Ben o toplant\u0131da bulunmad\u0131m, hatta Ankara d\u0131\u015f\u0131ndayd\u0131m dedi\u011fim halde hala o toplant\u0131da neler konu\u015fuldu\u011funu soruyorsun, nereye varmak istiyorsun! \u201c\u015feklinde savc\u0131ya sert \u00e7\u0131k\u0131yordu savc\u0131 ise ne yapal\u0131m, bu sorular \u00f6nceden haz\u0131rlanm\u0131\u015f ben size y\u00f6neltmek durumunday\u0131m\u201d diye mazeret beyan ediyordu.<\/strong><\/p>\n<p><strong>\u201cRahmi Ko\u00e7, Ayd\u0131n Do\u011fan\u2019\u0131 tan\u0131yor musun? S\u00fcleyman Demirel ve A. Necdet Sezer\u2019le darbe planlar\u0131na ait irtibat kurdu\u011funuz do\u011frumu? Sorular\u0131na ise:<\/strong><\/p>\n<p><strong>Rahmi Ko\u00e7\u2019la bir sanayici oldu\u011fu i\u00e7in \u0130stanbul\u2019da bulundu\u011fum s\u0131rada birka\u00e7 toplant\u0131da kar\u015f\u0131la\u015f\u0131p, nezaket konu\u015fmas\u0131 yapm\u0131\u015ft\u0131k. Ayd\u0131n Do\u011fan\u2019la ise hi\u00e7 kar\u015f\u0131la\u015fmad\u0131m\u201d diyerek komplolar\u0131 bo\u015fa \u00e7\u0131kar\u0131yordu.<\/strong><\/p>\n<p><strong>\u201c\u00dc\u00e7 Gerilim\u201din acilen giderilmesi gerekiyordu<\/strong><\/p>\n<p>T\u00fcrkiye 2010 y\u0131l\u0131na \u00fc\u00e7 tane \u00e7ok tehlikeli gerilimle girmektedir. G\u00f6z\u00fcken odur ki bu \u00fc\u00e7 gerilimin m\u00fcstakbel evreleriyle ilgili geli\u015fmeler ya\u015fanmaya devam edecektir. Ancak hemen s\u00f6yleyelim ki bunlardan iki tanesinin kontrol alt\u0131na al\u0131nmas\u0131, \u00fc\u00e7\u00fcnc\u00fcs\u00fcn\u00fcn ise hemen \u00f6nlenmesi gerekmektedir.<\/p>\n<p><strong>Devletin kurumlar\u0131 aras\u0131ndaki gerilim:<\/strong> Devletin en \u00f6nemli kurumlar\u0131n\u0131n birbirleriyle ciddi bir gerilim ya\u015fad\u0131klar\u0131 gibi kendi b\u00fcnyelerinde de tam bir b\u00fct\u00fcnl\u00fck i\u00e7inde olmad\u0131klar\u0131 az \u00e7ok anla\u015f\u0131lmaktad\u0131r. Kurumlar hem birbirleriyle hem de kendi i\u00e7lerinde \u00f6nemli gerilimlerle kar\u015f\u0131 kar\u015f\u0131yad\u0131rlar. Bunlar en \u00f6nemlileri h\u00fck\u00fcmet, asker ve yarg\u0131d\u0131r&#8230;<\/p>\n<p><strong>Siyaset kulvar\u0131ndaki gerilim:<\/strong> Bu h\u00fck\u00fcmetin K\u00fcrt A\u00e7\u0131l\u0131m\u0131&#8217;n\u0131 (ilk olarak b\u00f6yle ifade edilmi\u015fti) ni\u00e7in ba\u015flatt\u0131\u011f\u0131n\u0131 anlayabilmi\u015f de\u011filim. Bunu bir ele\u015ftiri olsun diye de s\u00f6ylemiyorum. B\u00f6yle bir A\u00e7\u0131l\u0131m\u0131n ne kadar riskli oldu\u011funu T\u00fcrkiye&#8217;de bilmeyecek bir tek ki\u015fi bile \u00e7\u0131kmazd\u0131. Siyasette riskli konulara girilmez diye genel bir kural yoktur. Ancak risk ne kadar fazla ise d\u00fc\u011fmeye bas\u0131l\u0131rken o kadar fazla hesap yap\u0131lm\u0131\u015f olmas\u0131 gerekir. Bunun yap\u0131lmad\u0131\u011f\u0131 ortaya \u00e7\u0131kt\u0131. \u015eimdi h\u00fck\u00fcmet bunu durdursa durduramayaca\u011f\u0131, devam ettirse ettiremeyece\u011fi bir durumla kar\u015f\u0131 kar\u015f\u0131yad\u0131r&#8230;<\/p>\n<p><strong>Toplum katmanlar\u0131ndaki gerilim:<\/strong> \u0130nsan\u0131n s\u00f6ylemeye bile dili varm\u0131yor. Bin y\u0131ld\u0131r birlikte ve karde\u015fane bir \u015fekilde ya\u015fam\u0131\u015f, her t\u00fcrl\u00fc ac\u0131s\u0131n\u0131 ve sevincini payla\u015fm\u0131\u015f T\u00fcrklerle K\u00fcrtler aras\u0131nda Allah etmesin- do\u011fabilecek bir gerilimden s\u00f6z etmeye insan\u0131n y\u00fcre\u011fi dayanm\u0131yor. Ama devletin \u00e7at\u0131s\u0131nda, siyasette ve medyada bu kadar gerilim olur ve habire t\u0131rmand\u0131r\u0131l\u0131rsa bunun toplumda b\u00f6yle bir ayr\u0131\u015fmaya sebep olacak etkiler meydana getirece\u011fini d\u00fc\u015f\u00fcnmek gerekir. Bir eski milletvekiline verilmekten vazge\u00e7ilen evden tutunuz da daha iki g\u00fcn \u00f6nce Edirne&#8217;de ve Erzincan&#8217;da ya\u015fanan olaylar bile toplumun b\u00f6yle bir gerilime do\u011fru s\u00fcr\u00fcklenebilece\u011fi endi\u015fesini maalesef do\u011fruluyor. Gerek devletin b\u00fcnyesindeki, gerekse siyasi partiler aras\u0131ndaki gerilimin en az\u0131ndan toplumda b\u00f6yle bir kutupla\u015fma ve gerilime yol a\u00e7mamas\u0131 i\u00e7in yumu\u015fat\u0131lmas\u0131n\u0131n ve kontrol alt\u0131na al\u0131nmas\u0131n\u0131n zaman\u0131 gelmi\u015ftir ve ge\u00e7iyor\u201d tespitleri hakl\u0131 bir uyar\u0131 ve hayk\u0131r\u0131\u015ft\u0131\u2026<strong> <\/strong><\/p>\n<p><strong>Art\u0131k Morrison S\u00fcleyman Demirel bile &#8220;at izi it izine kar\u0131\u015ft\u0131&#8221; diyorsa, durum vahim say\u0131l\u0131yordu.<\/strong><\/p>\n<p>9. Cumhurba\u015fkan\u0131 Demirel, savc\u0131lar\u0131n g\u00fcndeme getirdi\u011fi konularla ilgili olarak \u015fu de\u011ferlendirmeleri yap\u0131yordu: &#8220;T\u00fcrkiye cad\u0131 kazan\u0131na d\u00f6nd\u00fc. At izi it izine kar\u0131\u015ft\u0131. Neyin \u00f6nemli neyin \u00f6nemsiz oldu\u011fu da birbirine kar\u0131\u015fm\u0131\u015f durumda. Her g\u00fcn ortaya yeni bir \u015fey at\u0131l\u0131yor. Ne aran\u0131yor, ne ama\u00e7la aran\u0131yor, anlayabilmi\u015f de\u011filim. Kumandanlar\u0131n sorgulanmas\u0131 s\u0131ras\u0131nda benim ad\u0131m ge\u00e7iyor. \u00dc\u00e7\u00fcnc\u00fc \u015fah\u0131slar aras\u0131nda ge\u00e7iyor. Bu benim d\u0131\u015f\u0131mda bir olay&#8230;&#8221; diyordu.<\/p>\n<p><strong>Ayd\u0131n Do\u011fan\u2019\u0131n Postac\u0131s\u0131 Rauf Tamer bile, \u015fa\u015fk\u0131nl\u0131ktan hem nal\u0131na hem m\u0131h\u0131na vuruyordu:<\/strong><\/p>\n<p><em>\u201cDevlet s\u0131rr\u0131 nedir? Ciddiyetsiz bir \u00fclkede s\u0131r diye bir \u015fey olur mu? Olur. Vermek istemedi\u011fin bilgiye devlet s\u0131rr\u0131 denir. Peki, s\u0131r nedir? O kolay. Kol k\u0131r\u0131ld\u0131\u011f\u0131 zaman yen i\u00e7inde kalan k\u0131sma s\u0131r denir. Peki, ka\u00e7 ki\u015fi bilir bu s\u0131rr\u0131? &#8211; Bir ki\u015fi. \u0130ki ki\u015fi olmaz m\u0131?\u00a0 Olmaz. O zaman s\u0131r olmaktan \u00e7\u0131kar. <\/em><\/p>\n<p><em>\u00d6yleyse kozmik odadaki devlet s\u0131rlar\u0131n\u0131 koskoca kararg\u00e2hta y\u0131llard\u0131r acaba ka\u00e7 ki\u015fi biliyor? \u00dc\u00e7 ki\u015fi mi, be\u015f ki\u015fi mi, on ki\u015fi mi?\u00a0 &#8211; Yahu onlar zaten emekli olup gitmedi mi? Yerlerine yeni elemanlar gelmedi mi? Onlar da gidip ba\u015fkalar\u0131 gelmedi mi?\u00a0 Ne bi\u00e7im s\u0131r bu? 100 ki\u015fi biliyor. \u015eimdi bir de sivil h\u00e2kim \u00f6\u011frendi durumu, etti 101 ki\u015fi.<\/em><\/p>\n<p><em>\u0130\u015fte burada durun. Asker, kendi i\u00e7indeki \u00e7\u00fcr\u00fck elmalar\u0131, kendi temizlemeliydi&#8230;\u00a0 Ya da temizlemeli&#8230; Belki demode kalm\u0131\u015f kozmik b\u00f6l\u00fcmleri, kendi tasfiye etmeli. Devlet s\u0131rr\u0131&#8217;n\u0131n tarifini bile ba\u015ftan yapmal\u0131&#8230; Ama yapmad\u0131. \u015eimdi d\u0131\u015far\u0131dan gelen bir sivil, racon kesecek. Ve Asker buna incinecek.\u00a0 \u0130n\u015fallah tertemiz \u00e7\u0131kar ama ben bu kozmik odalar\u0131 bilirim. Yan\u0131 ba\u015f\u0131mdaki odaya maliye memurlar\u0131 tam 3 y\u0131l kapand\u0131lar ve ille de bir kabahat bulmaya kararl\u0131 olduklar\u0131 i\u00e7in Ayd\u0131n Do\u011fan&#8217;a bir elbise bi\u00e7tiler&#8230; Eh, 3 y\u0131l u\u011fra\u015ft\u0131k, bir halt bulamad\u0131k diyecek halleri yoktu\u201d <\/em><strong>s\u00f6zleriyle bocalad\u0131\u011f\u0131n\u0131 g\u00f6steriyordu\u2026<\/strong><em> <\/em><\/p>\n<p><strong>\u201cKuramsal \u00e7at\u0131\u015fma\u201d \u00fcrk\u00fcten boyutlara ula\u015f\u0131yordu:<\/strong><\/p>\n<p>Baz\u0131lar\u0131 devletin zirvesindeki pozisyonlar\u0131 \u015f\u00f6yle okuyordu:\u00a0 Genelkurmay Ba\u015fkan\u0131 Org. \u0130lker Ba\u015fbu\u011f&#8217;un, rutin d\u0131\u015f\u0131na \u00e7\u0131kmaya kalk\u0131\u015fan askeri personeli TSK b\u00fcnyesinde bar\u0131nd\u0131rmayaca\u011f\u0131na ili\u015fkin s\u00f6z\u00fc ge\u00e7erlili\u011fini koruyor. Org. Ba\u015fbu\u011f&#8217;un y\u00fcksek sesle yak\u0131nd\u0131\u011f\u0131 &#8220;asimetrik psikolojik harek\u00e2t\u0131&#8221; ise Cumhurba\u015fkan\u0131 ve Ba\u015fbakan&#8217;\u0131n da dikkate ald\u0131\u011f\u0131 anla\u015f\u0131l\u0131yor. Asker, makul s\u0131n\u0131rlar i\u00e7inde sahipleniliyor. B\u00f6ylece, daha az konu\u015fmas\u0131, siyaset yap\u0131yor gibi g\u00f6r\u00fcnmemesi temin ediliyor.<\/p>\n<p>\u00d6te yandan, sivil cephe de Genelkurmay Ba\u015fkanl\u0131\u011f\u0131 ba\u015fta olmak \u00fczere muhtelif kararg\u00e2hlar\u0131n b\u00fcnyesel kontrolleri tamamlamas\u0131n\u0131 ve varsa demokrasiyi zedelemeye te\u015febb\u00fcs edenleri ay\u0131klamas\u0131n\u0131 bekliyor.\u00a0 Kar\u015f\u0131l\u0131kl\u0131 ad\u0131mlar\u0131n at\u0131ld\u0131\u011f\u0131 bu s\u00fcre\u00e7te, askeri sivile, sivili askere yak\u0131nla\u015ft\u0131ran en \u00f6nemli unsura gelirsek&#8230; D\u0131\u015f istihbarat \u00f6rg\u00fctleri ba\u011flant\u0131l\u0131 senaryolar\u0131n puslu havada ustaca sahneye konuldu\u011funa ili\u015fkin ipu\u00e7lar\u0131 yak\u0131n i\u015fbirli\u011fini \u00f6n plana \u00e7\u0131kart\u0131yor. Bu son bilgi, T\u00fcrkiye&#8217;nin b\u00f6lgesel g\u00fc\u00e7 kapasitesini frenlemeye \u00e7al\u0131\u015fan uluslararas\u0131 fakt\u00f6rlerin ihmal edilmemesini gerektiriyor. Hatta Re\u015fadiye (Tokat) Olay\u0131&#8217;n\u0131n gerisinde de s\u0131n\u0131r \u00f6tesi unsurlar\u0131n parmak izine rastlan\u0131yor.<\/p>\n<p>Konjonkt\u00fcr, kurumlar aras\u0131 endi\u015felerin en aza indirilmesini, \u00e7at\u0131\u015fma riskinin bertaraf edilmesini, \u201cdurumdan vazife \u00e7\u0131karanlara\u201d f\u0131rsat verilmemesini zorunlu k\u0131l\u0131yor. Bu b\u0131\u00e7ak s\u0131rt\u0131 denge iyi y\u00f6netilirse, i\u00e7 tansiyonun d\u00fc\u015febilir, d\u0131\u015f dengeler ray\u0131na girebilir, ama g\u00fcven ve samimiyet ayar\u0131 daha da d\u00fc\u015ferse, o zaman kurumlar aras\u0131 ge\u00e7ici ittifak\u0131n bozulmas\u0131, yeni s\u00fcrprizlerin ya\u015fanmas\u0131 da ihtimal dahilinde bulunuyor!<\/p>\n<p><strong>Hat\u0131rlayal\u0131m Seferberlik Soru\u015fturmas\u0131n\u0131 yapan H\u00e2kim ve Savc\u0131lara g\u00f6nderilen mermiler daha zarftan \u00e7\u0131kmadan, onlar TV\u2019lere \u00e7\u0131k\u0131yordu. Ak\u0131llara durgunluk veren d\u00fczmece mant\u0131klarla, ordu hedef g\u00f6steriliyordu. \u0130ktidara s\u0131rt\u0131n\u0131 dayam\u0131\u015f olman\u0131n rahatl\u0131\u011f\u0131 i\u00e7inde hazretler at\u0131p tutuyordu. <\/strong><\/p>\n<p>Bununla birlikte, a\u015f\u0131r\u0131 g\u00fcven ve \u201cbiz her \u015feye hakimiz\u201d duygusu hemen a\u00e7\u0131k veriyor, \u00fc\u00e7-be\u015f dakikal\u0131k b\u00fcy\u00fck laflardan sonra, kendilerini ele veriyordu ve derken bakla a\u011f\u0131zdan \u00e7\u0131k\u0131yordu:<\/p>\n<p><strong>\u201cBu sanc\u0131l\u0131 s\u00fcre\u00e7 iki y\u0131ld\u0131r i\u015fliyor, kaleler kolay fethedilmiyor.\u201d<\/strong><\/p>\n<p>Demek ki, as\u0131l ama\u00e7 kaleleri ele ge\u00e7irmek oluyordu Orduyu k\u00f6\u015feye s\u0131k\u0131\u015ft\u0131rmak, medyay\u0131 susturmak, i\u015f \u00e7evrelerini pusturmak, sendikalar\u0131 ve sivil toplum \u00f6rg\u00fctlerini i\u015flevsiz k\u0131lmak, i\u015f\u00e7ileri b\u0131kt\u0131r\u0131ncaya kadar so\u011fuk alt\u0131nda coplamak. Demek ki, kalelerin tamam\u0131n\u0131n ele ge\u00e7mesine kadar daha pek \u00e7ok suikast ihbar\u0131, \u015farbon zarf\u0131, zarfl\u0131 \u015farbon, mermili zarf, zarfl\u0131 mermi, \u00fc\u00e7l\u00fc takip, be\u015fli takip ve daha kim bilir nelere haz\u0131r olmam\u0131z gerekiyordu!<\/p>\n<p><strong>TSK&#8217;ya k\u00f6stebe\u011fi, Emniyet \u0130stihbarat\u0131 m\u0131 sokmu\u015ftu?<\/strong><\/p>\n<p>Deniz Kuvvetleri Komutanl\u0131\u011f\u0131 neden &#8220;Kafes&#8221;e al\u0131n\u0131yor sorusuna yan\u0131t aran\u0131rken, gazeteler \u00f6nemli bir hat\u0131rlatma yapm\u0131\u015ft\u0131.<\/p>\n<p>&#8220;Kafes Eylem Plan\u0131&#8221;nda Ege B\u00f6lge Komutanl\u0131\u011f\u0131 1. h\u00fccre lideri oldu\u011fu iddia edilen Dz. Kd. Albay Levent G\u00fclmen, 1997 y\u0131l\u0131nda &#8220;K\u00f6stebek Skandal\u0131&#8221;n\u0131 yani &#8220;Sarmusak olay\u0131&#8221;n\u0131 ortaya \u00e7\u0131karan subayd\u0131. G\u00fclmen, o d\u00f6nem Deniz Kuvvetleri Komutanl\u0131\u011f\u0131 \u0130stihbarat Ba\u015fkanl\u0131\u011f\u0131nda K\u0131demli Y\u00fczba\u015f\u0131&#8217;yd\u0131.<\/p>\n<p><strong>Polis-Onba\u015f\u0131 Sarmusak, kimin ajan\u0131yd\u0131? <\/strong><\/p>\n<p>Emniyet Genel M\u00fcd\u00fcrl\u00fc\u011f\u00fc \u0130stihbarat Dairesi&#8217;nde g\u00f6revli polis memuru Kadir Sarmusak, 1996 y\u0131l\u0131nda Deniz Kuvvetleri, Komutanl\u0131\u011f\u0131nda askerli\u011fini y\u00fcr\u00fct\u00fcyordu. Onba\u015f\u0131 Sarmusak bir yandan da Emniyet \u0130stihbarat\u0131&#8217;n\u0131n Ankara&#8217;daki kararg\u00e2h\u0131na gidip geliyor, Emniyet \u0130stihbarat Dairesi Ba\u015fkan Yard\u0131mc\u0131s\u0131 Hanefi Avc\u0131, C. \u015eube M\u00fcd\u00fcr\u00fc Mehmet Tomruk ve baz\u0131 personelle g\u00f6r\u00fc\u015fmeler yap\u0131yordu. Onba\u015f\u0131 Kadir Sarmusak&#8217;\u0131n g\u00f6r\u00fc\u015ft\u00fc\u011f\u00fc isimler aras\u0131na, 28 \u015eubat&#8217;\u0131n hemen ard\u0131ndan 12 Mart 1997&#8217;de Emniyet \u0130stihbarat Dairesi Ba\u015fkanl\u0131\u011f\u0131na atanan B\u00fclent Orako\u011flu da dahil oluyordu<\/p>\n<p>Kadir Sarmusak, bir s\u00fcre sonra Deniz Kuvvetleri&#8217;ne ait baz\u0131 belgeleri Emniyet \u0130stihbarat&#8217;a g\u00f6t\u00fcr\u00fcyordu Sarmusak&#8217;\u0131n getirdi\u011fi belgelere dayan\u0131larak, d\u00f6nemin \u0130\u00e7i\u015fleri Bakan\u0131 Meral Ak\u015fener&#8217;e sunulmak \u00fczere d\u00f6rt sayfal\u0131k bir &#8220;bilgi notu&#8221; haz\u0131rlan\u0131yordu Bilgi notunda TSK i\u00e7inde bir olu\u015fum tespit edildi\u011fi, ad\u0131n\u0131n da Bat\u0131 \u00c7al\u0131\u015fma Grubu (B\u00c7G) oldu\u011fu belirtiliyordu.<\/p>\n<p>Gizli ibareli d\u00f6rt sayfal\u0131k bilgi notu, 30 sayfal\u0131k ekleriyle d\u00f6nemin Cumhurba\u015fkan\u0131 S\u00fcleyman Demirel&#8217;e ula\u015f\u0131yordu Demirel de Genelkurmay Ba\u015fkan\u0131 Org. \u0130smail Hakk\u0131 Karaday\u0131&#8217;ya iletiyor ve Emniyet \u0130stihbarat\u0131&#8217;n\u0131n bu \u00e7al\u0131\u015fmas\u0131n\u0131n ara\u015ft\u0131r\u0131lmas\u0131n\u0131 istiyordu.<\/p>\n<p>Deniz Kuvvetleri Komutanl\u0131\u011f\u0131 hemen bir soru\u015fturma ba\u015flat\u0131yor ve tahkikat\u0131 y\u00fcr\u00fcten ekibin ba\u015f\u0131nda, Kafes tertibiyle tutuklu bulanan Dz. Kd. Albay Levent G\u00fclmen bulunuyordu. K\u0131sa s\u00fcrede komutanl\u0131ktan belge s\u0131zd\u0131ran k\u00f6stebek ortaya \u00e7\u0131kar\u0131l\u0131yor, Onba\u015f\u0131 Kadir Sarmusak, belgeleri Emniyet \u0130stihbarat Dairesi&#8217;ne s\u0131zd\u0131rd\u0131\u011f\u0131n\u0131 itiraf ediyordu. 23 Mart 1997&#8217;de Deniz Kuvvetleri Komutanl\u0131\u011f\u0131 \u0130stihbarat Ba\u015fkanl\u0131\u011f\u0131&#8217;nda al\u0131nan ifadesinde \u015funlar\u0131 kusuyordu:<\/p>\n<p>&#8220;\u0130stihbarat Daire Ba\u015fkam B\u00fclent Orako\u011flu ile iki kez g\u00f6r\u00fc\u015ft\u00fcm. Bu g\u00f6r\u00fc\u015fmelerin birinde daire ba\u015fkan yard\u0131mc\u0131lar\u0131ndan Hanefi Avc\u0131 da bulunmaktayd\u0131. Deniz Kuvvetleri Kararg\u00e2h\u0131&#8217;ndaki personelin genel siyasi e\u011filimlerinin hangi do\u011frultuda oldu\u011fu soruldu. Hanefi Avc\u0131 ba\u015fkan, amirallerin ve daire ba\u015fkanlar\u0131n\u0131n \u00f6zellikle \u00fclk\u00fcc\u00fc ve dinci kesime bak\u0131\u015flar\u0131n\u0131 sordu. Bir darbe olas\u0131l\u0131\u011f\u0131nda askeri personelin darbeye nas\u0131l bakt\u0131klar\u0131n\u0131 sordu. B\u00fclent Orako\u011flu, MGK kararlar\u0131n\u0131n beyninin G\u00fcven Erkaya (DKK) oldu\u011funun ve bu kararlar\u0131n haz\u0131rlanmas\u0131nda Deniz Kuvvetleri Komutanl\u0131\u011f\u0131 \u0130stihbarat Ba\u015fkanl\u0131\u011f\u0131n\u0131n b\u00fcy\u00fck rol oynad\u0131\u011f\u0131n\u0131n s\u00f6ylendi\u011fini, bu konudaki haz\u0131rl\u0131klar\u0131n Deniz Kuvvetleri mi, yoksa Genelkurmay \u0130stihbarat Daire Ba\u015fkanl\u0131\u011f\u0131&#8217;nca m\u0131 yap\u0131ld\u0131\u011f\u0131n\u0131 sordu. Daire Ba\u015fkan\u0131, Deniz Kuvvetleri Komutanl\u0131\u011f\u0131&#8217;nda haber eleman\u0131 olarak bir subay\u0131 kulland\u0131klar\u0131n\u0131 ve ikinci bir haber eleman\u0131 kazanmak i\u00e7in de temaslar\u0131n\u0131 s\u00fcrd\u00fcrd\u00fcklerini ifade etti. Emniyet M\u00fcd\u00fcr\u00fc Mehmet Tomruk, son g\u00fcnlerde darbe s\u00f6ylentilerinin oldu\u011fu ve MGK kararlan ile ilgili herhangi bir duyum al\u0131p almad\u0131\u011f\u0131m\u0131, uyan\u0131k olmam\u0131 ve bir duyum ald\u0131\u011f\u0131mda kendisine bildirmemi istedi!&#8221;<\/p>\n<p>Onba\u015f\u0131 Kadir Sarmusak 29 May\u0131s 1997 tarihinde Genelkurmay \u0130stihbarat Ba\u015fkanl\u0131\u011f\u0131&#8217;nda verdi\u011fi ifadede de, TSK i\u00e7inden belge ve bilgi aktarma g\u00f6revinin Orako\u011flu ve Avc\u0131 ile yapt\u0131\u011f\u0131 g\u00f6r\u00fc\u015fmede s\u00f6zl\u00fc olarak verildi\u011fini belirtiyordu.<\/p>\n<p>Onba\u015f\u0131 Sarmusak, 4 Haziran 1997&#8217;de Deniz Kuvvetleri Komutanl\u0131\u011f\u0131 Disiplin Mahkemesi&#8217;ne verdi\u011fi ifadede, Emniyet \u0130stihbarat Dairesi&#8217;ne &#8220;\u00f6zellikle bas\u0131l\u0131 yay\u0131n, evrak g\u00f6t\u00fcrd\u00fcm&#8221; diyordu.<\/p>\n<p><strong>Ak\u015fener, gizli raporu masada unutunca&#8230;<\/strong><\/p>\n<p>&#8220;K\u00f6stebek Skandal\u0131&#8221;, 26 Nisan 1997 tarihli MGK toplant\u0131s\u0131n\u0131n ard\u0131ndan derinle\u015fiyordu. \u0130\u00e7i\u015fleri Bakan\u0131 Ak\u015fener, toplant\u0131n\u0131n sonunda, bir sayfal\u0131k imzas\u0131z &#8220;gizli istihbarat raporu&#8221;nu oturdu\u011fu yerde unutuyordu Raporun bulunmas\u0131, Genelkurmay-h\u00fck\u00fcmet ili\u015fkilerinde t\u0131rmanan gerilimin ilk ad\u0131m\u0131n\u0131 olu\u015fturuyordu.<\/p>\n<p>Ak\u015fener&#8217;in unuttu\u011fu gizli istihbarat raporunun, Emniyet \u0130stihbarat Dairesi Ba\u015fkan\u0131 B\u00fclent Orako\u011flu taraf\u0131ndan haz\u0131rland\u0131\u011f\u0131 saptan\u0131yordu.<\/p>\n<p><strong>Genelkurmay niye takibe al\u0131nm\u0131\u015ft\u0131<\/strong><\/p>\n<p>Rapor Genelkurmay\u2019\u0131n dinleme ve izlemeye al\u0131nd\u0131\u011f\u0131n\u0131 belgeliyordu. Rapora g\u00f6re, sadece Genelkurmay de\u011fil, M\u0130T de takip ediliyordu. \u0130ki b\u00f6l\u00fcmden olu\u015fan raporun birinci b\u00f6l\u00fcm\u00fcnde Genelkurmay&#8217;a yap\u0131lan \u00f6nemli giri\u015f-\u00e7\u0131k\u0131\u015flar, bir dizi plaka numaras\u0131 ve bu plakalar\u0131n kimlere ait oldu\u011fu bilgileri yer al\u0131yordu. MGK Genel Sekreteri Org. \u0130lhan K\u0131l\u0131\u00e7&#8217;\u0131n Genelkurmay&#8217;a giri\u015f-\u00e7\u0131k\u0131\u015f yapt\u0131\u011f\u0131, ard\u0131ndan \u00c7ankaya K\u00f6\u015fk\u00fc&#8217;ne gitti\u011fi, yeniden Genelkurmay&#8217;a gitti\u011fi dakika dakika kaydediliyordu. \u0130kinci b\u00f6l\u00fcm ise M\u0130T&#8217;e ayr\u0131lm\u0131\u015ft\u0131. Raporda M\u0130T&#8217;i ziyaret edenler aras\u0131nda Genelkurmay Ba\u015fkanl\u0131\u011f\u0131&#8217;nda g\u00f6revli d\u00f6rt subay yer al\u0131yordu. Asli g\u00f6revi asayi\u015fi sa\u011flama ve ter\u00f6rle m\u00fccadele olan Emniyet \u0130stihbarat\u0131, art\u0131k, \u00f6nceli\u011fi devletin iki \u00f6nemli kurumunu; Genelkurmay ve M\u0130T&#8217;i takiple u\u011fra\u015f\u0131yordu.<\/p>\n<p><strong>\u201cEmniyete su\u00e7\u00fcst\u00fc!\u201d yap\u0131l\u0131yordu<\/strong><\/p>\n<p>\u0130\u00e7i\u015fleri Bakan\u0131 iken Meral Ak\u015fener&#8217;in MGK&#8217;da unuttu\u011fu &#8220;gizli istihbarat raporu&#8221;, Genelkurmay ve M\u0130T aras\u0131nda bir dizi toplant\u0131 yap\u0131lmas\u0131na neden oluyordu. Genelkurmay, ilk \u00f6nlem olarak, kuvvet komutanl\u0131klar\u0131na bilgileri aktard\u0131 ve kararg\u00e2hlara giri\u015f ve \u00e7\u0131k\u0131\u015flarda \u00e7evredeki \u015f\u00fcpheli ki\u015filere kar\u015f\u0131 dikkatli olunmas\u0131n\u0131 istiyordu Emniyet \u0130stihbarat\u0131&#8217;n\u0131n faaliyetlerine kar\u015f\u0131, Genelkurmay kararg\u00e2h\u0131 \u00e7evresinde de &#8220;kar\u015f\u0131 g\u00fcvenlik \u00f6nlemleri&#8221; al\u0131n\u0131yordu.<\/p>\n<p>Genelkurmay&#8217;da g\u00f6revli sivil k\u0131yafetli subaylar, bir hafta sonra kararg\u00e2h\u0131 g\u00f6zetleyen bir Emniyet \u0130stihbarat grubunu su\u00e7\u00fcst\u00fc yakal\u0131yordu. Genelkurmay \u0130stihbarat Ba\u015fkan\u0131 Korgeneral \u00c7etin Sayer, Emniyet&#8217;e sert bir protesto yaz\u0131s\u0131 g\u00f6nderiyordu. Yan\u0131t Emniyet \u0130stihbarat Dairesi ba\u015fkan\u0131 B\u00fclent Orako\u011flu&#8217;ndan geliyor Orako\u011flu, su\u00e7\u00fcst\u00fc yakalananlar\u0131n sivil polis olduklar\u0131n\u0131 kabul ediyor, ama &#8220;Sizinle ilgisi yok. Baz\u0131 kanun ka\u00e7aklar\u0131n\u0131 ar\u0131yorlarm\u0131\u015f&#8221; diye ge\u00e7i\u015ftiriyordu.<\/p>\n<p>Karaday\u0131: \u201cRahats\u0131zl\u0131k mesaj\u0131\u201d veriyordu<\/p>\n<p>31 May\u0131s 1997&#8217;deki MGK toplant\u0131s\u0131nda Emniyet \u0130stihbarat\u0131&#8217;n\u0131n Genelkurmay&#8217;\u0131 takibe almas\u0131 g\u00fcndeme geliyor. Genelkurmay Ba\u015fkan\u0131 Org. \u0130smail Hakk\u0131 Karaday\u0131, toplant\u0131da polisin Deniz Kuvvetleri Komutanl\u0131\u011f\u0131&#8217;na ajan sokarak askeri bilgilerin \u00e7al\u0131nd\u0131\u011f\u0131n\u0131 a\u00e7\u0131kl\u0131yordu Org. Karaday\u0131 \u00f6nce &#8220;k\u00f6stebek onba\u015f\u0131 Sarmusak&#8221; olay\u0131n\u0131 dile getiriyor ard\u0131ndan da h\u00fck\u00fcmet \u00fcyelerine d\u00f6nerek, &#8220;Bir s\u00fcredir Genelkurmay ve baz\u0131 askeri birimlerimizin polis taraf\u0131ndan g\u00f6zetlendi\u011fi yolunda duyumlar\u0131m\u0131z var. Bu bizi fazlas\u0131yla rahats\u0131z etmektedir&#8221; diyordu.<\/p>\n<p>Ba\u015fbakan Yard\u0131mc\u0131s\u0131 Tansu \u00c7iller ve \u0130\u00e7i\u015fleri Bakan\u0131 Meral Ak\u015fener ise Org. Karaday\u0131&#8217;n\u0131n anlatt\u0131klar\u0131n\u0131 ink\u00e2r ederek, haberdar olmad\u0131klar\u0131n\u0131 s\u00f6yl\u00fcyordu.<\/p>\n<p>MGK&#8217;da &#8216;ink\u00e2r&#8217; yolunu se\u00e7en Ak\u015fener,\u00a0 kameralar \u00f6n\u00fcnde ise Genelkurmay\u2019la restle\u015fiyordu. \u0130\u00e7i\u015fleri Bakan\u0131 Ak\u015fener, Bat\u0131 \u00c7al\u0131\u015fma Grubu&#8217;nun \u00f6rg\u00fctlenmesinin hukuki dayana\u011f\u0131 olmad\u0131\u011f\u0131n\u0131, \u00e7al\u0131\u015fmalar\u0131n\u0131n da irtica ile s\u0131n\u0131rl\u0131 olmad\u0131\u011f\u0131n\u0131 s\u00f6yl\u00fcyordu. A\u00e7\u0131klamalar\u0131n\u0131n dozunu giderek artt\u0131ran Ak\u015fener, 8 Temmuz 1997 g\u00fcn\u00fc bas\u0131n toplant\u0131s\u0131 d\u00fczenleyerek B\u00c7G | hakk\u0131nda a\u011f\u0131r ithamlarda buluyor. Ertesi g\u00fcn gazeteler &#8220;Darbeyi haber ald\u0131k&#8221; man\u015fetiyle \u00e7\u0131k\u0131yordu.<\/p>\n<p>Bunun \u00fczerine Deniz Kuvvetleri Komutan\u0131 Oramiral G\u00fcven Erkaya, 10 Temmuz 1997 tarihinde, B\u00c7G&#8217;nin Genelkurmay Ba\u015fkan\u0131&#8217;n\u0131n emriyle MGK kararlar\u0131 do\u011frultusunda kuruldu\u011funu a\u00e7\u0131kl\u0131yordu.<\/p>\n<p>TSK&#8217;n\u0131n, MGK kararlar\u0131 sonras\u0131 ilticay\u0131, b\u00f6l\u00fcc\u00fc ter\u00f6rle ayn\u0131 seviyeye \u00e7\u0131kartt\u0131\u011f\u0131n\u0131 s\u00f6yleyen Oramiral Erkaya, 28 \u015eubat&#8217;tan sonra kurulan B\u00c7G&#8217;nin g\u00f6revinin irticai tehdidi T\u00fcrkiye genelindeki resmini ortaya koymak oldu\u011funu belirtiyordu.<\/p>\n<p>\u00a0<\/p>\n<p>\u00a0<\/p>\n","protected":false},"excerpt":{"rendered":"<p><strong>&#8220;Dinsizin hakk\u0131ndan imans\u0131z gelir.&#8221;<\/strong> <\/p>\n<p><strong>Bu \u00e7ok bilinen atas\u00f6z\u00fcm\u00fcze bak\u0131nca kar\u015f\u0131m\u0131za \u015f\u00f6yle bir tan\u0131m \u00e7\u0131k\u0131yor: &#8220;Bir zalimi, ondan daha bask\u0131n bir zalim alt edebilir. Vicdan\u0131 olmayan ki\u015fiyi, kendisinden daha ac\u0131mas\u0131z biri yola getirir.\u201d Bu ger\u00e7e\u011fi, g\u00fcn\u00fcm\u00fczde \u015f\u00f6yle ifade etmekte m\u00fcnasiptir: \u201cDinsiz\u201dlerin hakk\u0131ndan \u201cDinci\u201dler gelir.\u201d \u201cDinci\u201d, dindar insan demek de\u011fildir, tam aksine, \u201cdin istismarc\u0131s\u0131, Il\u0131ml\u0131 \u0130slamc\u0131 ve emperyalizm u\u015fa\u011f\u0131\u201d anlam\u0131na gelir. \u0130\u015fte bug\u00fcn, Siyonist merkezler ve k\u00fcresel g\u00fc\u00e7ler T\u00fcrkiye de, hatta t\u00fcm \u0130slam \u00e2leminde, uzun zaman uygulad\u0131klar\u0131 sa\u011f-sol \u00e7at\u0131\u015fmas\u0131 yerine, \u015fimdi de dinsiz \u00e7evrelere kar\u015f\u0131, dinci kesimleri kullanmaya giri\u015fmi\u015ftir. Kom\u00fcnist ve Darwinist ulusalc\u0131lara ve \u015eamanist \u0131rk\u00e7\u0131lara kar\u015f\u0131 panzehir olarak Il\u0131ml\u0131 \u0130slamc\u0131lar\u0131 \u00e7\u0131karmas\u0131, her iki kanad\u0131nda d\u0131\u015f merkezlerin g\u00fcd\u00fcm\u00fcnde oldu\u011funu g\u00f6stermektedir. <\/strong><\/p>\n","protected":false},"author":12,"featured_media":0,"comment_status":"open","ping_status":"closed","sticky":false,"template":"","format":"standard","meta":{"footnotes":""},"categories":[106],"tags":[],"class_list":["post-1754","post","type-post","status-publish","format-standard","hentry","category-mart-2010"],"_links":{"self":[{"href":"https:\/\/www.millicozum.com\/mc\/wp-json\/wp\/v2\/posts\/1754","targetHints":{"allow":["GET"]}}],"collection":[{"href":"https:\/\/www.millicozum.com\/mc\/wp-json\/wp\/v2\/posts"}],"about":[{"href":"https:\/\/www.millicozum.com\/mc\/wp-json\/wp\/v2\/types\/post"}],"author":[{"embeddable":true,"href":"https:\/\/www.millicozum.com\/mc\/wp-json\/wp\/v2\/users\/12"}],"replies":[{"embeddable":true,"href":"https:\/\/www.millicozum.com\/mc\/wp-json\/wp\/v2\/comments?post=1754"}],"version-history":[{"count":0,"href":"https:\/\/www.millicozum.com\/mc\/wp-json\/wp\/v2\/posts\/1754\/revisions"}],"wp:attachment":[{"href":"https:\/\/www.millicozum.com\/mc\/wp-json\/wp\/v2\/media?parent=1754"}],"wp:term":[{"taxonomy":"category","embeddable":true,"href":"https:\/\/www.millicozum.com\/mc\/wp-json\/wp\/v2\/categories?post=1754"},{"taxonomy":"post_tag","embeddable":true,"href":"https:\/\/www.millicozum.com\/mc\/wp-json\/wp\/v2\/tags?post=1754"}],"curies":[{"name":"wp","href":"https:\/\/api.w.org\/{rel}","templated":true}]}}