{"id":1756,"date":"2010-02-23T13:07:57","date_gmt":"2010-02-23T13:07:57","guid":{"rendered":"https:\/\/www.millicozum.com\/mc\/2010\/02\/23\/abdnin-kurtleri-ve-demokratik-acilim-isteyen-teksaslilarin-akibeti\/"},"modified":"2010-02-23T13:07:57","modified_gmt":"2010-02-23T13:07:57","slug":"abdnin-kurtleri-ve-demokratik-acilim-isteyen-teksaslilarin-akibeti","status":"publish","type":"post","link":"https:\/\/www.millicozum.com\/mc\/2010\/mart-2010\/abdnin-kurtleri-ve-demokratik-acilim-isteyen-teksaslilarin-akibeti\/","title":{"rendered":"ABD\u2019N\u0130N K\u00dcRTLER\u0130 VE Demokratik A\u00e7\u0131l\u0131m \u0130steyen TEKSASLILARIN AKIBET\u0130!"},"content":{"rendered":"<p><strong>T\u00fcrkiye\u2019yi; \u201ciki milletli, iki resmi dilli (Diyarbak\u0131r ve Ankara gibi) iki y\u00f6netim merkezli\u201d olarak, bug\u00fcnk\u00fc Kuzey ve G\u00fcney K\u0131br\u0131s benzeri bir yap\u0131ya d\u00f6n\u00fc\u015ft\u00fcrmeyi ama\u00e7layan a\u00e7\u0131l\u0131m tezg\u00e2hlar\u0131n\u0131n arkas\u0131nda Siyonist Yahudi g\u00fcd\u00fcml\u00fc ABD ve AB \u00fclkelerinin yatt\u0131\u011f\u0131, AKP ve BDP\u2019nin de bunlara sadece ta\u015feronluk yapt\u0131\u011f\u0131 kesinle\u015fmi\u015ftir. Bunun \u00f6n\u00fcndeki tek ciddi engelin ise TSK oldu\u011fu bilinmektedir. \u00d6yleyse g\u00f6revli ve emekli pa\u015falar \u00fczerinden TSK\u2019n\u0131n y\u0131prat\u0131lmas\u0131 i\u00e7in asimetrik bir sava\u015f\u0131n ba\u015flat\u0131lmas\u0131 gerekliydi.<\/strong> <\/p>\n<p><strong>Kenan Evren\u2019e niye kin g\u00fcd\u00fclmekteydi?<\/strong><\/p>\n<p>\u00a0<\/p>\n<p>T\u00fcrkiye\u2019de her f\u0131rsatta Kenan Evren Pa\u015faya sata\u015f\u0131p hakaret etmek, yarg\u0131lanmas\u0131n\u0131 ve cezaland\u0131r\u0131lmas\u0131n\u0131 istemek, hatta evinin tahliyesini ve emekli gelirinin kesilmesini \u00f6nermek \u00e7ok ucuz ve uyuz bir kahramanl\u0131k haline gelmi\u015fti. O ise \u201cit \u00fcr\u00fcr kervan y\u00fcr\u00fcr\u201d cinsinden vakar\u0131n\u0131 s\u00fcrd\u00fcrmekteydi. Solcusundan sa\u011fc\u0131s\u0131na, az\u0131nl\u0131\u011f\u0131ndan \u0130slamc\u0131s\u0131na herkesin ve her kesimin Kenan Evren\u2019e sata\u015fmas\u0131 acaba nedendi?. G\u00f6r\u00fcn\u00fc\u015fte birbirlerine temelden farkl\u0131 ve tamamen ayk\u0131r\u0131 zannedilen ulusalc\u0131 kom\u00fcnistlerden, \u0131l\u0131ml\u0131 \u0130slamc\u0131 daha do\u011frusu din istismarc\u0131s\u0131 kapitalist AKP\u2019lilere, CHP\u2019lilerden MHP\u2019lilere, hatta Numan Kurtulmu\u015f bile Kenan Pa\u015fa\u2019ya ayn\u0131 \u00f6l\u00e7\u00fcde nefret beslemekteydi. Bizim bildi\u011fimiz, Kenan Pa\u015fa\u2019n\u0131n en b\u00fcy\u00fck kabahati, T\u00fcrkiye\u2019yi bir i\u00e7 sava\u015fla par\u00e7alaman\u0131n ve kom\u00fcnist Rusya\u2019n\u0131n uydusu yap\u0131lman\u0131n e\u015fi\u011finden kurtaran 12 Eyl\u00fcl harek\u00e2t\u0131n\u0131 ger\u00e7ekle\u015ftirirken \u00f6nce Amerika\u2019dan icazet ve destek al\u0131p, daha sonra onlar\u0131 ters k\u00f6\u015feye yat\u0131r\u0131p Milli ve yerli gayretlere ve \u0130srail\u2019i hizaya getirecek giri\u015fimlere y\u00f6nelmesiydi. Biz \u201cErgenekoncular\u0131 da, A\u00e7\u0131l\u0131mc\u0131lar\u0131 da; Kemalist komitac\u0131lar\u0131 da, \u0131l\u0131ml\u0131 \u0130slamc\u0131lar\u0131 da; hepsini ayn\u0131 Siyonist odaklar kullan\u0131p k\u0131\u015fk\u0131rt\u0131yor\u201d derken anlatmak istedi\u011fimiz i\u015fte bu ger\u00e7eklerdi.<\/p>\n<p>Demek ki Kenan Evren Pa\u015fa, haysiyetli, \u015fahsiyetli ve Milli hassasiyetli birisiydi. Ve ona d\u00fc\u015fmanl\u0131k sergileyenler, kendi efendilerini ve kirli hedeflerini de\u015fifre etmekteydi. \u00dcstelik Kenan Evren pa\u015fa \u00fczerinden b\u00fct\u00fcn\u00fcyle TSK\u2019y\u0131 y\u0131pratma gayesi g\u00fcd\u00fclmekteydi.<\/p>\n<p><strong>Amerika\u2019ya kaz\u0131k at\u0131p kendi halk\u0131n\u0131 kollad\u0131\u011f\u0131 i\u00e7in Pervez M\u00fc\u015ferref\u2019te Pakistan\u2019da hedef haline getirilmi\u015fti ve zaten Rahmetli Ziya \u00fcl Hak ta bu nedenle bir suikasta kurban edilmi\u015fti.<\/strong><\/p>\n<p><strong>Gilani, \u201cM\u00fc\u015ferref\u2019e yarg\u0131 yolunu a\u00e7abiliriz\u201d demi\u015fti<\/strong><\/p>\n<p>Pakistan Ba\u015fbakan\u0131 Yusuf R\u0131za Gilani, koalisyon ortaklar\u0131n\u0131n destek vermesi durumunda eski devlet ba\u015fkan\u0131 Pervez M\u00fc\u015ferref&#8217;e yarg\u0131 yolunu a\u00e7maya haz\u0131rland\u0131klar\u0131n\u0131 s\u00f6ylemi\u015fti. Yusuf R\u0131za Gilani, kat\u0131ld\u0131\u011f\u0131 televizyon program\u0131nda, bir yandan devletin kurumlar\u0131 aras\u0131nda \u00e7at\u0131\u015fma istemedi\u011fini belirterek, yarg\u0131n\u0131n, cumhurba\u015fkan\u0131 ve bakanlar\u0131n ge\u00e7mi\u015fte i\u015fledi\u011fi su\u00e7lar nedeniyle yeniden yarg\u0131lanmas\u0131 kararlar\u0131n\u0131 ele\u015ftirirken, \u00f6te taraftan 1999 y\u0131l\u0131nda askeri darbeyle iktidar\u0131 ele ge\u00e7iren eski devlet ba\u015fkan\u0131 M\u00fc\u015ferref&#8217;in yarg\u0131lanmas\u0131na engel olmak gerek\u00e7esiyle h\u00fck\u00fcmeti su\u00e7lamaktan \u00e7ekinmemi\u015fti.<\/p>\n<p> <strong>Demokratik A\u00e7\u0131l\u0131m Ortakl\u0131\u011f\u0131 Kurulan L\u00fcbnan\u2019da ve Suriye\u2019de Filistinlilere hamall\u0131k bile yasak edilmi\u015fti<\/strong> <\/p>\n<p>L\u00fcbnan&#8217;da, m\u00fclteci kamplar\u0131nda ya\u015fam m\u00fccadelesi veren 400 bin Filistinlinin mevcut mevzuata g\u00f6re hamall\u0131k yapmalar\u0131 bile yasak hale getirilmi\u015fti. S\u00f6zde: &#8221;L\u00fcbnan vatanda\u015flar\u0131n\u0131n istihdam alanlar\u0131n\u0131n daralmas\u0131n\u0131n \u00f6n\u00fcne ge\u00e7mek&#8221; amac\u0131yla bu \u00fclkedeki Filistinlilerin tam 72 mesle\u011fi icra etmeleri mevzuatla k\u0131s\u0131tlanm\u0131\u015f vaziyetteydi. Birle\u015fmi\u015f Milletler (BM) verilerine g\u00f6re, L\u00fcbnan&#8217;daki 12 resmi ve 19 gayri resmi m\u00fclteci kamp\u0131nda 400 bini a\u015fk\u0131n Filistinli kelimenin tam anlam\u0131yla s\u00fcr\u00fcnmekteydi. M\u00fclteciler, Yahudilerin Filistin&#8217;i i\u015fgali ve ter\u00f6rist \u0130srail&#8217;in kurulmas\u0131yla 1948&#8217;den bu yana peyderpey L\u00fcbnan&#8217;a gelip yerle\u015ftikleri i\u00e7in herhangi bir devletin vatanda\u015f\u0131 de\u011fillerdi. L\u00fcbnan devleti, g\u00fcnl\u00fck i\u015flemlerde kolayl\u0131k sa\u011flamas\u0131 a\u00e7\u0131s\u0131ndan mavi renkli birer m\u00fclteci kart\u0131 \u00e7\u0131kartarak Filistinlileri kay\u0131t alt\u0131na al\u0131p s\u0131k\u0131 kontrol etmekteydi. M\u00fcltecilerin kamplara giri\u015fleri ve devletle olan baz\u0131 ili\u015fkilerini d\u00fczenleyen bu kartlar, konu &#8221;meslek&#8221; olunca i\u015flevsiz ve ge\u00e7ersizdi.<\/p>\n<p>Bunun gibi Amerika\u2019n\u0131n s\u00f6zde demokratik a\u00e7\u0131l\u0131m yapt\u0131\u011f\u0131 Irak\u2019ta her g\u00fcn y\u00fczlerce insan katledilmek, a\u00e7l\u0131k ve sefalet hayat\u0131 \u00e7ekilmez hale getirmekteydi.<\/p>\n<p><strong>Ergenekon saplant\u0131s\u0131 ve ger\u00e7eklerin sapt\u0131r\u0131lmas\u0131.<br \/><\/strong><\/p>\n<p>\u015eamanist putperestli\u011fi benimseyen, &#8220;Kavmiyet\u00e7ilik&#8221; ruhunun T\u00fcrk\u00e7\u00fc bi\u00e7imdeki bir yans\u0131mas\u0131n\u0131, Ergenekon k\u0131l\u0131f\u0131na sokan Siyonist ve Masonik merkezler; &#8220;Mezopotamya&#8221; ve &#8220;Zerd\u00fc\u015ftl\u00fck&#8221; soslu K\u00fcrt\u00e7\u00fcl\u00fck tuza\u011f\u0131n\u0131 da A\u00e7\u0131l\u0131m diye yutturmaktad\u0131r. Bu sinsi ve seyirlik oyunlar\u0131 i\u00e7in taraftar bulmakta da hi\u00e7 zorlanmamaktad\u0131r.<\/p>\n<p>Ergenekon denen \u015fu basit komedi oyunu gibi, dalgalar halinde g\u00fcnlerce y\u00fckselip al\u00e7alan bir gerilimle insanlar\u0131n bir oyunca\u011fa \u00e7evrildi\u011fi, bir paranoyaya d\u00f6n\u00fc\u015ft\u00fcr\u00fcl\u00fcverdi\u011fi ger\u00e7e\u011fi unutulmamal\u0131d\u0131r. Bazen neredeyse bizim de kap\u0131ld\u0131\u011f\u0131m\u0131z olmaktad\u0131r.<\/p>\n<p>Bizler ta ba\u015ftan beri bu oyunun d\u0131\u015f\u0131nday\u0131z. Hem oyunu oynayanlar\u0131, hem oynatanlar\u0131, hem kap\u0131l\u0131p fig\u00fcran olarak kullan\u0131lanlar\u0131 hay\u0131flanarak izliyoruz. Herkes kendisini bu oyuna \u00f6ylesine kapt\u0131rm\u0131\u015f ki, baz\u0131lar\u0131 oyunun bir yerinde rol almak i\u00e7in can atmaktad\u0131r.<\/p>\n<p>28 \u015eubat s\u00fcreci bir paranoyayd\u0131. Bu paranoyay\u0131 oynatan rejis\u00f6rler, oyunun dozunun fazla ka\u00e7t\u0131\u011f\u0131n\u0131n fark\u0131na vard\u0131. Yeni bir oyun oynanmas\u0131 laz\u0131md\u0131, Ergenekon sahneye \u00e7\u0131kar\u0131ld\u0131.<a href=\"#_ftn5\">[5]<\/a><\/p>\n<p><strong>Amerika\u2019n\u0131n saman\u0131 (yani dolar\u0131) ile beslenen Zaman Gazetesi, Ergenekon bahanesiyle haks\u0131z ve dayanaks\u0131z yap\u0131lan tutuklama ve karalamalar\u0131: \u201cBa\u011f\u0131ms\u0131z yarg\u0131n\u0131n tarafs\u0131z kararlar\u0131 ve AKP\u2019nin kahramanl\u0131\u011f\u0131\u201d diye \u00f6verken ayn\u0131 yarg\u0131dan baz\u0131 yaramaz ve yalaka yazarlara ceza \u00e7\u0131k\u0131nca, bu sefer: \u201c3 bin davayla gazetecilere sindirme operasyonu\u201d diye h\u0131rlamaya ba\u015flam\u0131\u015ft\u0131!<\/strong><\/p>\n<p><em>\u201cTaraf Gazetesi muhabiri Mehmet Baransu&#8217;nun Kafes Eylem Plan\u0131&#8217;n\u0131 yazd\u0131\u011f\u0131 gerek\u00e7esiyle tutuklanmas\u0131 istenirken, Star Gazetesi yazar\u0131 \u015eamil Tayyar&#8217;a Ergenekon soru\u015fturmas\u0131nda yazd\u0131\u011f\u0131 ger\u00e7ekleri \u00e7arp\u0131tt\u0131\u011f\u0131 kitab\u0131ndan dolay\u0131 ikinci kez ceza verilmesi Zamanc\u0131lar\u0131 k\u0131zd\u0131rm\u0131\u015ft\u0131. <br \/><\/em><\/p>\n<p><strong>Fetullah\u00e7\u0131lar anla\u015f\u0131lan bas\u0131n ve d\u00fc\u015f\u00fcnce \u00f6zg\u00fcrl\u00fc\u011f\u00fcn\u00fc sadece Amerikan u\u015faklar\u0131na reva g\u00f6r\u00fcyordu.<\/strong><\/p>\n<p><strong>&#8216;K\u00fcrt a\u00e7\u0131l\u0131m\u0131&#8217; ve h\u0131yanet al\u00e7akl\u0131\u011f\u0131<\/strong><\/p>\n<p><em>19. as\u0131rla 20. asr\u0131n ilk y\u0131llar\u0131nda Balkanlardaki kavimleri; y\u00fckselen milliyet\u00e7ilik ak\u0131mlar\u0131, b\u00fcy\u00fck g\u00fc\u00e7lerin k\u0131\u015fk\u0131rtmalar\u0131 ve Osmanl\u0131 Devleti&#8217;nin zaaflar\u0131 sebebiyle etnik ve din\u00ee temelde ayaklan\u0131p ba\u011f\u0131ms\u0131zl\u0131klar\u0131n\u0131 kazanm\u0131\u015flard\u0131. Bu s\u00fcre\u00e7te Osmanl\u0131 Devleti&#8217;ne yapmas\u0131 dayat\u0131lan ve sonunda ayaklanan unsurlar\u0131n ba\u011f\u0131ms\u0131zl\u0131k kazanmas\u0131yla sonu\u00e7lanan \u0131slahatlarla etnik temelli &#8220;K\u00fcrt a\u00e7\u0131l\u0131m\u0131&#8221; aras\u0131ndaki benzer ve farkl\u0131 noktalar incelenmeye de\u011fer diye ortaya konulmal\u0131yd\u0131. Ayn\u0131 k\u0131\u015fk\u0131rtmalara ve hem T\u00fcrkiye, hem de b\u00f6lge belki bug\u00fcnk\u00fcnden \u00e7ok daha zor ekonomik \u015fartlar i\u00e7inde bulunmas\u0131na ra\u011fmen K\u00fcrtleri etnik temelde b\u00f6l\u00fcc\u00fc ayaklanmalardan al\u0131koyan ve neticede T\u00fcrkiye i\u00e7inde T\u00fcrklerle beraber kalmalar\u0131n\u0131 sa\u011flayan ana fakt\u00f6r \u0130SLAM\u2019DI!<\/em><\/p>\n<p><em>Bug\u00fcn bile M\u00fcsl\u00fcman co\u011frafya, &#8220;M\u00fcsl\u00fcmanlar&#8221; olarak \u00f6tekile\u015ftiriliyor ve din, Bat\u0131&#8217;n\u0131n d\u0131\u015f politikalar\u0131nda \u00f6nemli bir yer tutmaya devam ediyor. Bunun yan\u0131 s\u0131ra, belli merkezlerde K\u00fcrtlere etnik kimlik tan\u0131nmas\u0131 talep ve \u00e7al\u0131\u015fmalar\u0131 ile K\u00fcrtlerin \u0130sl\u00e2ms\u0131zla\u015ft\u0131r\u0131lmas\u0131 \u00e7al\u0131\u015fmalar\u0131n\u0131n bir arada y\u00fcr\u00fct\u00fclmesi, bu \u00e7al\u0131\u015fmalar\u0131n PKK ter\u00f6r\u00fc s\u00fcresince devam etmesi, hem PKK&#8217;n\u0131n hem DTP&#8217;nin \u0130sl\u00e2m kar\u015f\u0131t\u0131 hedefleri, meseleye &#8220;K\u00fcrt sorunu&#8221; ad\u0131yla etnik temelde yakla\u015fanlar\u0131n, \u0130sl\u00e2m&#8217;\u0131n birle\u015ftiricili\u011finden s\u00f6z etmemeleri, kas\u0131tl\u0131yd\u0131 ve \u015feytanl\u0131kt\u0131.<\/em><\/p>\n<p><em>Etnik temelli T\u00fcrk milliyet\u00e7ili\u011finin empoze edilmesinin PKK ter\u00f6r\u00fcne bahane haz\u0131rlamada elbette her zaman etkileri vard\u0131r ve olacakt\u0131r. Fakat, 1923-1950 y\u0131llar\u0131 aras\u0131nda b\u00f6lgede 16 ayaklanma \u00e7\u0131karken, 1950&#8217;den sonra bu ayaklanmalar\u0131n durmas\u0131n\u0131n ve PKK ter\u00f6r\u00fcn\u00fcn 12 Eyl\u00fcl asker\u00ee idare d\u00f6neminde palazlanmas\u0131n\u0131n sebepleri ve \u00f6zellikle \u0130srail\u2019in hayal ve hevesleri \u00fczerinde durulmal\u0131yd\u0131.<\/em><\/p>\n<p><em>40 y\u0131ld\u0131r yap\u0131lan se\u00e7imlerde b\u00f6lgede MSP, RP ve AK Parti&#8217;nin her zaman birinci veya ikinci parti olmas\u0131n\u0131n ana sebebi, niye konu\u015fulmaz ara\u015ft\u0131r\u0131lmazd\u0131?<\/em><\/p>\n<p><em>&#8220;\u0130stanbul&#8217;da, \u0130zmir&#8217;de oturan K\u00fcrtler, pasaportla Diyarbak\u0131r&#8217;a, Hakk\u00e2ri&#8217;ye gitmek ister mi?&#8221; diye sorulmaktad\u0131r. Pek\u00e2l\u00e2, Kuzey Irak&#8217;taki K\u00fcrtler, 90 y\u0131l \u00f6nce pasaportla Hakk\u00e2ri&#8217;ye, Diyarbak\u0131r&#8217;a gelmeye taraftar m\u0131yd\u0131? Ter\u00f6rde Siyonizmin rol\u00fc niye hep atlan\u0131rd\u0131? T\u00fcrkiye, ter\u00f6r\u00fc kullanan hangi \u00fclkeleri yan\u0131na \u00e7ekmeyi ba\u015farm\u0131\u015ft\u0131? ABD&#8217;yi mi, AB&#8217;yi mi, \u0130srail&#8217;i mi? Yoksa mevcut Irak, bizim eserimiz mi? K\u00fcrt kimli\u011fini tan\u0131rken, onu T\u00fcrk kimli\u011fiyle kayna\u015ft\u0131racak form\u00fcl\u00fcm\u00fcz nedir? Bug\u00fcn, G\u00fcneydo\u011fu Anadolu, K\u00fcrtler i\u00e7in Kuzey Irak&#8217;tan daha m\u0131 cazip veya Kuzey Irak&#8217;\u0131n ya da ba\u011f\u0131ms\u0131z b\u00fcy\u00fck bir K\u00fcrt devletinin daha cazip hale gelmeyece\u011fine hangi garantilerimiz var? Mahmur Kamp\u0131&#8217;ndakileri indirmeye \u00e7al\u0131\u015f\u0131rken, Afganistan&#8217;\u0131n Sovyet Rusya ile sava\u015f\u0131na de\u011fi\u015fik M\u00fcsl\u00fcman \u00fclkelerden kat\u0131lan &#8220;m\u00fccahit&#8221;lerden baz\u0131lar\u0131n\u0131n bilahare beynelmilel ter\u00f6rde kullan\u0131lmas\u0131 niye hesaba kat\u0131lmazd\u0131?<\/em><\/p>\n<p><em>26 y\u0131l sonra ter\u00f6r, art\u0131k onu \u00e7\u0131kartanlar\u0131n isteklerine uygun \u015fekilde bizi m\u00fczakere masas\u0131na \u00e7ekecek Noktaya ula\u015fm\u0131\u015ft\u0131r. A\u00e7\u0131l\u0131mlar AKP\u2019nin de\u011fil PKK\u2019n\u0131n ve patronlar\u0131n\u0131n plan\u0131 ve ba\u015far\u0131s\u0131d\u0131r.\u201d<a href=\"#_ftn7\"><strong>[7]<\/strong><\/a><\/em><\/p>\n<p><strong>Diyen Fetullah\u00e7\u0131 za\u011farlara hat\u0131rlat\u0131p soral\u0131m:<\/strong><\/p>\n<p><strong>Amerika\u2019n\u0131n aziz misafiri Fetullah G\u00fclen, Obama Hazretlerinden, niye Texas A\u00e7\u0131l\u0131m\u0131 istemiyordu?<\/strong><\/p>\n<p><strong>ABD\u2019nin PKK\u2019s\u0131 ve \u00d6calan\u2019\u0131! <\/strong><\/p>\n<p><strong>\u201cTexas A\u00e7\u0131l\u0131m\u0131\u201d niye yap\u0131lamazd\u0131?<\/strong><\/p>\n<p><strong>ABD\u2019de Republic of Texas (Texas Cumhuriyeti) diye bir \u00f6rg\u00fct bilinmektedir. Lideri ise Richard McLaren ad\u0131nda birisidir.<\/strong><\/p>\n<p><strong>B\u00fct\u00fcn d\u00fcnya ve bizdeki Fetullah\u00e7\u0131lar; K\u00fcrt \u00f6rg\u00fctlerini ve liderlerini ezbere sayarlar, ama Teksas ayr\u0131l\u0131k\u00e7\u0131 hareketlerden hi\u00e7 haberdar de\u011fildir.<\/strong><\/p>\n<p><strong>Texas, ABD\u2019nin g\u00fcneyinde bir eyalettir. T\u00fcrkiye\u2019ye yak\u0131n b\u00fcy\u00fckl\u00fckte topra\u011f\u0131 vard\u0131r, n\u00fcfusu 24 milyona eri\u015fmi\u015ftir. Bunun y\u00fczde 83\u2019\u00fc beyaz, y\u00fczde 17\u2019si siyah\u00eedir.<\/strong><\/p>\n<p><strong>ABD\u2019nin en zengin eyaletlerindendir. \u00dclke petrol\u00fcn\u00fcn y\u00fczde 40\u2019\u0131n\u0131 Texas \u00fcretir. Hayvanc\u0131l\u0131k ve tar\u0131mda olduk\u00e7a ileridir.<\/strong><\/p>\n<p><strong>Texas tarihi boyunca hep ba\u011f\u0131ms\u0131z olmak istemi\u015ftir. Bazen ba\u015farm\u0131\u015ft\u0131r da; 1836 y\u0131l\u0131nda, ba\u011f\u0131ms\u0131zl\u0131k sava\u015f\u0131n\u0131 vererek Meksika\u2019dan ayr\u0131ld\u0131. Ancak bu durum 9 y\u0131l s\u00fcrebildi. 1845\u2019de ABD\u2019nin istilas\u0131na u\u011frad\u0131.<\/strong><\/p>\n<p><strong>ABD\u2019nin ilhak\u0131 Texas\u2019\u0131 b\u00f6ld\u00fc. Baz\u0131lar\u0131 federasyon i\u00e7inde kalmay\u0131 desteklerken bir grup ise ba\u011f\u0131ms\u0131zl\u0131ktan yanayd\u0131. Bu tart\u0131\u015fmalar 150 y\u0131ld\u0131r s\u00fcr\u00fcyor. Ayr\u0131l\u0131k fikri baz\u0131 y\u0131llarda art\u0131yor; gizli \u00f6rg\u00fctler kuruluyor.<\/strong><\/p>\n<p><strong>Son y\u0131llarda Texas\u2019\u0131n ba\u011f\u0131ms\u0131zl\u0131\u011f\u0131 i\u00e7in m\u00fccadele veren bir \u00f6rg\u00fct olduk\u00e7a \u00f6nemlidir:<\/strong><\/p>\n<p><strong>Republic of Texas (Texas Cumhuriyeti)\u2026<\/strong><\/p>\n<p><strong>Lideri ise Richard McLaren\u2019dir.<\/strong><\/p>\n<p><strong>Texas halk\u0131n\u0131n esir tutuldu\u011fu gibi tezlere sahip olan Republic of Texas 1995 y\u0131l\u0131nda ge\u00e7ici bir h\u00fck\u00fcmet te\u015fkil edildi. Texas ba\u011f\u0131ms\u0131zl\u0131\u011f\u0131n\u0131n sembol\u00fc olan 1836 Anayasas\u0131\u2019na ba\u011fl\u0131l\u0131klar\u0131 yinelendi.<\/strong><\/p>\n<p><strong>\u00d6rg\u00fct \u00fcyeleri hayli aktifti. Amerikan polisinin \u015fiddet yanl\u0131s\u0131 tav\u0131rlar\u0131 kar\u015f\u0131s\u0131nda mecburen silahlan\u0131p da\u011fa \u00e7\u0131kt\u0131lar! Kendileri i\u00e7in \u201cTexas Cumhuriyeti\u2019nin Askerleriyiz\u201d s\u0131fat\u0131n\u0131 kulland\u0131lar. 1997 y\u0131l\u0131nda Joe ve Margaret Ann Rowe isimli iki Amerikan vatanda\u015f\u0131n\u0131 esir ald\u0131lar; kar\u015f\u0131l\u0131\u011f\u0131nda ise hapisteki arkada\u015flar\u0131n\u0131n serbest b\u0131rak\u0131lmas\u0131n\u0131 \u015fart ko\u015ftular.<\/strong><\/p>\n<p><strong>\u0130\u015fte bizdeki a\u00e7\u0131l\u0131mlar\u0131n tap\u0131nd\u0131\u011f\u0131 ve s\u0131\u011f\u0131nd\u0131\u011f\u0131 ABD, b\u00f6yle bir kalk\u0131\u015fmaya \u201cdemokratik a\u00e7\u0131l\u0131m\u201dla kar\u015f\u0131l\u0131k vermedi. \u00c7ok sert g\u00fc\u00e7 kullan\u0131m\u0131yla Texas Cumhuriyeti Askerleri\u2019ni yakalay\u0131p cezaevine t\u0131kt\u0131. \u00d6rg\u00fct militanlar\u0131n\u0131n hepsi \u201cb\u00f6l\u00fcc\u00fcl\u00fckten\u201d yarg\u0131land\u0131 ve \u00e7ok a\u011f\u0131r \u015fartlardaki cezaevlerine yolland\u0131.<\/strong><\/p>\n<p><strong>\u00d6rg\u00fct\u00fcn lideri Mc Laren ise tam, 99 y\u0131l hapis cezas\u0131na \u00e7apt\u0131r\u0131ld\u0131. Yard\u0131mc\u0131s\u0131 Robert Otto \u015fansl\u0131yd\u0131; 50 y\u0131l hapis cezas\u0131yla s\u0131y\u0131rd\u0131!<\/strong><\/p>\n<p><strong>Mc Laren\u2019in cezaevi ko\u015fullar\u0131<\/strong><\/p>\n<p><strong>Texas Cumhuriyeti \u00f6rg\u00fct\u00fc eleba\u015f\u0131s\u0131, militanlar\u0131 cezaevine at\u0131ld\u0131 ve sorun bitti sanmay\u0131n\u0131z.<\/strong><\/p>\n<p><strong>Texas\u2019ta bu y\u0131l yap\u0131lan anketlerde Ba\u015fkan Obama h\u00fck\u00fcmetini \u00fczecek sonu\u00e7lar \u00e7\u0131kt\u0131: Texas halk\u0131n\u0131n y\u00fczde 35\u2019i ba\u011f\u0131ms\u0131z Texas Cumhuriyeti\u2019nde ya\u015famay\u0131 tercih ederken, bu oran Cumhuriyet\u00e7iler aras\u0131nda y\u00fczde 48\u2019e kadar f\u0131rlam\u0131\u015ft\u0131.<\/strong><\/p>\n<p><strong>Uzatmayal\u0131m\u2026 T\u00fcrkiye\u2019deki \u201cK\u00fcrt Sorunu\u201d gibi ABD\u2019nin de bir \u201cTexas Sorunu\u201d vard\u0131.<\/strong><\/p>\n<p><strong>Gerek Ermeni gerekse K\u00fcrt a\u00e7\u0131l\u0131m\u0131 konusunda \u00e7ok talepkar olan ABD, kendi topra\u011f\u0131ndaki Texas A\u00e7\u0131l\u0131m\u0131\u2019na nedense hi\u00e7 yana\u015fmamaktayd\u0131!<\/strong><\/p>\n<p><strong>Ve ke\u015fke Ba\u015fbakan Erdo\u011fan ABD\u2019ye gitmi\u015fken, Mc Laren\u2019in cezaevi ko\u015fullar\u0131na da bir baksayd\u0131; \u00d6calan m\u0131 rahat, Mc Laren mi rahat, kar\u015f\u0131la\u015ft\u0131rma olana\u011f\u0131 bulacakt\u0131!..<a href=\"#_ftn8\"><strong>[8]<\/strong><\/a><\/strong><\/p>\n<p><strong>Vahim olan \u2018suikast\u2019 iddias\u0131ndan \u00e7ok, Ba\u015fbakan\u0131n bunu do\u011fruymu\u015f gibi yans\u0131tmas\u0131d\u0131r!<\/strong><\/p>\n<p><strong>A\u00e7\u0131k\u00e7a s\u00f6yl\u00fcyoruz: \u0130ddia edildi\u011fi gibi \u00f6zel kuvvetlere mensup subaylar, B\u00fclent Ar\u0131n\u00e7\u2019a y\u00f6nelik bir suikast timi kurmu\u015f olsalar, ald\u0131klar\u0131 e\u011fitim gere\u011fi, ama\u00e7lar\u0131na varmalar\u0131 olduk\u00e7a kolayd\u0131 ve b\u00f6yle basit ve g\u00fcl\u00fcn\u00e7 durumlara asla d\u00fc\u015fmeden bu i\u015fi ba\u015far\u0131rlard\u0131. Yani, karar verirler ve yaparlard\u0131. Ve emin olun, ellerinde tutup aceleyle yedikleri k\u00e2\u011f\u0131t e\u015fli\u011finde yola \u00e7\u0131kmazlard\u0131!?<\/strong><\/p>\n<p><strong>\u0130\u015fin \u00f6nemli ayr\u0131nt\u0131s\u0131 da buradayd\u0131. \u00d6zel kuvvetlerden &#8220;baz\u0131 personelin&#8221; Ar\u0131n\u00e7&#8217;a suikast giri\u015fiminde olduklar\u0131 bizce tart\u0131\u015f\u0131lmayacak kadar &#8220;as\u0131ls\u0131z&#8221;, komik ve sadece cahillerin ve hainlerin iddias\u0131 olabilecek kadar i\u00e7i bo\u015f iddia ve iftiralard\u0131\u2026 Fakat \u00e7ok ciddi sorgulanmas\u0131 gereken ba\u015fka bir detay vard\u0131: <\/strong><\/p>\n<p><strong>Recep Erdo\u011fan bu hadiseyi duyar duymaz, neden ger\u00e7ekmi\u015f gibi orduyu su\u00e7lu ve sorumlu g\u00f6stermeye \u00e7al\u0131\u015fm\u0131\u015ft\u0131? <\/strong><\/p>\n<p><strong>A\u00e7\u0131l\u0131m safsatalar\u0131 ve kamuoyu aldatmalar\u0131!<\/strong><\/p>\n<p>AKP H\u00fck\u00fcmeti aylar \u00f6nce &#8220;K\u00fcrt A\u00e7\u0131l\u0131m\u0131&#8221; i\u00e7in &#8220;elini ta\u015f\u0131n alt\u0131na koyunca&#8221;, nihayet bunca iktidarlar\u0131 boyunca &#8220;tarihe not d\u00fc\u015f\u00fclecek bir meseleyi halledecekler&#8221; diye sevinenler yan\u0131lm\u0131\u015ft\u0131. Fakat Kandil ve Mahmur&#8217;dan gelen 34 ter\u00f6r \u00f6rg\u00fct\u00fc \u00fcyesinin \u015fehre inmesiyle i\u015fin vahameti ortaya \u00e7\u0131kt\u0131. Madem h\u00fck\u00fcmet bu i\u015fi bir &#8220;projeyle&#8221; de\u011fil, duygusal olarak \u00e7\u00f6zmeyi ama\u00e7lam\u0131\u015ft\u0131. Ortaya \u00e7\u0131kan bu tabloya sayg\u0131l\u0131 ve sab\u0131rl\u0131 davranmal\u0131yd\u0131!<\/p>\n<p>DTP kanad\u0131na gelince; \u00f6nce Emine Ayna&#8217;n\u0131n pi\u015fkin pi\u015fkin s\u0131r\u0131tarak, &#8220;A\u00e7\u0131l\u0131m bittiii, bittiii&#8230;&#8221; a\u00e7\u0131klamas\u0131yla olmayan a\u00e7\u0131l\u0131ma \u00e7elme tak\u0131ld\u0131. Sonra DTP kapat\u0131ld\u0131. Daha sonra partileri kapat\u0131lan DTP&#8217;liler, &#8220;Abdullah \u00d6calan&#8217;\u0131n talimat\u0131yla&#8221; BDP&#8217;ye kat\u0131larak siyasete devam edeceklerini, Ahmet T\u00fcrk&#8217;\u00fcn a\u011fz\u0131ndan hayk\u0131rm\u0131\u015flard\u0131\u2026<\/p>\n<p>Gelinen nokta!.. 9 ilde e\u015f zamanl\u0131 olarak yap\u0131lan KCK Operasyonu sonucu g\u00f6zalt\u0131na al\u0131nmalara k\u0131zan Diyarbak\u0131r Belediye Ba\u015fkan\u0131 Osman Baydemir, a\u00e7t\u0131 a\u011fz\u0131n\u0131 yumdu g\u00f6z\u00fcn\u00fc!.. &#8220;Has&#8230;tir diyorum, has&#8230;tir&#8221; diyerek, h\u00fck\u00fcmete ve dahi devlete restini \u00e7ekip meydan okumaktayd\u0131. H\u0131z\u0131n\u0131 alamad\u0131 BDP&#8217;nin amblemindeki &#8220;Me\u015fe a\u011fac\u0131n\u0131n hangi dallar\u0131 nerenize batt\u0131?..&#8221; diyerek &#8220;bip&#8221;li hezeyanlar\u0131na yenilerini katm\u0131\u015ft\u0131.<\/p>\n<p>Anlayaca\u011f\u0131n\u0131z, &#8220;A\u00e7\u0131l\u0131m&#8221; meselesi, taraflar\u0131n da gayretleriyle \u00e7\u00f6z\u00fcms\u00fczl\u00fck raf\u0131na kald\u0131r\u0131lm\u0131\u015ft\u0131. 2 d\u00f6nemdir tek ba\u015f\u0131na iktidar olan AKP H\u00fck\u00fcmeti; icraat yapm\u0131yor, fakat olu\u015fturdu\u011fu medyatik g\u00fcndemlerle \u00e7ok g\u00fczel &#8220;curt-cart&#8221; yapm\u0131\u015ft\u0131&#8230; Haklar\u0131n\u0131 yemeyelim, tahribatlar\u0131n\u0131 kahramanl\u0131k gibi sunmada, gayet ba\u015far\u0131l\u0131yd\u0131.<\/p>\n<p><strong>Patrikhane a\u00e7\u0131l\u0131m\u0131<\/strong><\/p>\n<p>Atat\u00fcrk 25 Aral\u0131k 1922&#8217;de Lozan&#8217;da izlenecek politikay\u0131 anlat\u0131rken, Patrikhane&#8217;nin \u201cfesat oca\u011f\u0131\u201d oldu\u011funu s\u00f6yl\u00fcyordu:<\/p>\n<p>\u201cRum Patrikhanesi i\u00e7in T\u00fcrkiye&#8217;nin kendi arazisi \u00fczerinde bir s\u0131\u011f\u0131nak g\u00f6stermeye ne mecburiyeti var?! Bu fesat oca\u011f\u0131n\u0131n hakiki yeri Yunanistan&#8217;da de\u011fil midir?..\u201d diye soruyordu. Ama \u015fimdi AKP demokratik a\u00e7\u0131l\u0131m safsatas\u0131, Avrupa ve Amerika\u2019n\u0131n dayatmas\u0131yla Patrikhanenin 2. Vatikan olmas\u0131na yol a\u00e7acak \u201cek\u00fcmenlik\u201d s\u0131fat\u0131n\u0131 tan\u0131maya haz\u0131rlan\u0131yordu!<\/p>\n<p>Necati Do\u011fru gibi sormadan edemiyoruz: Yoksa Postall\u0131lar ortal\u0131yor, Makosenliler voleliyor muydu?. Amigolar niye sevin\u00e7 \u00e7\u0131\u011fl\u0131klar\u0131 at\u0131yordu? Baz\u0131 postall\u0131 ayaklar, siyah makosenli ayaklara &#8220;top ortalam\u0131yor&#8221; olsalard\u0131; bug\u00fcne kadar 4 defa kalk\u0131\u015f\u0131ld\u0131\u011f\u0131 iddia edilen &#8220;AKP iktidar\u0131n\u0131 devirme te\u015febb\u00fcs\u00fcnden&#8221; hi\u00e7 de\u011filse birinin ete-kemi\u011fe b\u00fcr\u00fcnm\u00fc\u015f belirtisine tan\u0131k olunurdu!<\/p>\n<p>Baz\u0131 postall\u0131lar, makosen demokratlar\u0131na top ortalamam\u0131\u015f olsalard\u0131; &#8220;\u0130stihk\u00e2m binba\u015f\u0131 ile top\u00e7u Albay\u0131m\u0131z, acaba B\u00fclent Ar\u0131n\u00e7&#8217;\u0131n soka\u011f\u0131nda yakalanm\u0131\u015f olur muydu? TSK\u2019ya y\u00f6nelik ithamlar ve \u00e7amur atmalar Trabzon&#8217;da sava\u015f gemisi s\u0131rt\u0131nda de\u011fil, T\u00fcrkiye&#8217;nin Anayasas\u0131 ile kurulmu\u015f Milli G\u00fcvenlik Kurulu toplant\u0131lar\u0131nda &#8220;Ne yapmaya \u00e7al\u0131\u015f\u0131yorsunuz&#8221; diye, hesab\u0131-kitab\u0131 niye sorulmuyordu? Makosenli ayaklar da ger\u00e7ekten demokrasi volesi at\u0131yor olsalard\u0131 &#8220;Ma\u011fdur edildik&#8221;\u00a0 edebiyat\u0131n\u0131 ve baz\u0131 kirli ve gizli yap\u0131lanmalar bahanesiyle b\u00fct\u00fcn orduyu y\u0131pratma kampanyas\u0131n\u0131 b\u0131rak\u0131p niye \u201cMason\u201dlar\u0131n ve mafyan\u0131n \u00fczerine gitmiyordu?<\/p>\n<p>Maalesef: \u201cbaz\u0131 postallar top ortal\u0131yor. Makosenler voleyi \u00e7ak\u0131yor. Amigolar da makosenli ayaklar\u0131n her topa \u00e7\u0131k\u0131\u015f\u0131n\u0131; &#8220;darbecili\u011fe kar\u015f\u0131 demokrasi volesi&#8221; diyen alk\u0131\u015fl\u0131 yanda\u015f yaz\u0131larla s\u00fcsl\u00fcyordu. T\u00fcm\u00f6rl\u00fc, k\u00fcfl\u00fc bir oyun s\u00fcr\u00fcp gidiyor ve ne yaz\u0131k ki, ordumuz da Milli onurumuz da yara al\u0131yordu.<\/p>\n<p>\u00a0<\/p>\n<p><strong> <\/strong><\/p>\n<p><strong> <\/strong><\/p>\n<p> <br clear=\"all\" \/>  <\/p>\n<hr \/>\n<p><a href=\"#_ftnref1\">[1]<\/a> Ferai T\u0131n\u00e7, H\u00fcrriyet, 19 \u015eubat 2010<\/p>\n<p><a href=\"#_ftnref2\">[2]<\/a> Ru\u015fen\u00c7ak\u0131r, Vatan, 19 \u015eubat 2010<\/p>\n<p><a href=\"#_ftnref3\">[3]<\/a> Okay G\u00f6nensin, Vatan, 19 \u015eubat 2010<\/p>\n<p><a href=\"#_ftnref4\">[4]<\/a> Ey\u00fcp Can, H\u00fcrriyet, 19 \u015eubat 2010<\/p>\n<p><a href=\"#_ftnref5\">[5]<\/a> Ali Haydar Haksal \/ Milli Gazete<\/p>\n<p><a href=\"#_ftnref6\">[6]<\/a> 22 Aral\u0131k 2009 \/ Zaman<\/p>\n<p><a href=\"#_ftnref7\">[7]<\/a> Ali \u00dcnal \/ 10.08.2009 \/ Zaman<\/p>\n<p><a href=\"#_ftnref8\">[8]<\/a> odatv.com \/ S. Yal\u00e7\u0131n<\/p>\n","protected":false},"excerpt":{"rendered":"<p><strong>T\u00fcrkiye\u2019yi; \u201ciki milletli, iki resmi dilli (Diyarbak\u0131r ve Ankara gibi) iki y\u00f6netim merkezli\u201d olarak, bug\u00fcnk\u00fc Kuzey ve G\u00fcney K\u0131br\u0131s benzeri bir yap\u0131ya d\u00f6n\u00fc\u015ft\u00fcrmeyi ama\u00e7layan a\u00e7\u0131l\u0131m tezg\u00e2hlar\u0131n\u0131n arkas\u0131nda Siyonist Yahudi g\u00fcd\u00fcml\u00fc ABD ve AB \u00fclkelerinin yatt\u0131\u011f\u0131, AKP ve BDP\u2019nin de bunlara sadece ta\u015feronluk yapt\u0131\u011f\u0131 kesinle\u015fmi\u015ftir. Bunun \u00f6n\u00fcndeki tek ciddi engelin ise TSK oldu\u011fu bilinmektedir. \u00d6yleyse g\u00f6revli ve emekli pa\u015falar \u00fczerinden TSK\u2019n\u0131n y\u0131prat\u0131lmas\u0131 i\u00e7in asimetrik bir sava\u015f\u0131n ba\u015flat\u0131lmas\u0131 gerekliydi.<\/strong> <\/p>\n<p><strong>Kenan Evren\u2019e niye kin g\u00fcd\u00fclmekteydi?<\/strong><\/p>\n","protected":false},"author":7,"featured_media":0,"comment_status":"open","ping_status":"closed","sticky":false,"template":"","format":"standard","meta":{"footnotes":""},"categories":[106],"tags":[],"class_list":["post-1756","post","type-post","status-publish","format-standard","hentry","category-mart-2010"],"_links":{"self":[{"href":"https:\/\/www.millicozum.com\/mc\/wp-json\/wp\/v2\/posts\/1756","targetHints":{"allow":["GET"]}}],"collection":[{"href":"https:\/\/www.millicozum.com\/mc\/wp-json\/wp\/v2\/posts"}],"about":[{"href":"https:\/\/www.millicozum.com\/mc\/wp-json\/wp\/v2\/types\/post"}],"author":[{"embeddable":true,"href":"https:\/\/www.millicozum.com\/mc\/wp-json\/wp\/v2\/users\/7"}],"replies":[{"embeddable":true,"href":"https:\/\/www.millicozum.com\/mc\/wp-json\/wp\/v2\/comments?post=1756"}],"version-history":[{"count":0,"href":"https:\/\/www.millicozum.com\/mc\/wp-json\/wp\/v2\/posts\/1756\/revisions"}],"wp:attachment":[{"href":"https:\/\/www.millicozum.com\/mc\/wp-json\/wp\/v2\/media?parent=1756"}],"wp:term":[{"taxonomy":"category","embeddable":true,"href":"https:\/\/www.millicozum.com\/mc\/wp-json\/wp\/v2\/categories?post=1756"},{"taxonomy":"post_tag","embeddable":true,"href":"https:\/\/www.millicozum.com\/mc\/wp-json\/wp\/v2\/tags?post=1756"}],"curies":[{"name":"wp","href":"https:\/\/api.w.org\/{rel}","templated":true}]}}