{"id":1766,"date":"2010-03-24T18:23:14","date_gmt":"2010-03-24T18:23:14","guid":{"rendered":"https:\/\/www.millicozum.com\/mc\/2010\/03\/24\/cankaya-savasi-ve-bulent-arincin-basbakanlik-sevdasi\/"},"modified":"2010-03-24T18:23:14","modified_gmt":"2010-03-24T18:23:14","slug":"cankaya-savasi-ve-bulent-arincin-basbakanlik-sevdasi","status":"publish","type":"post","link":"https:\/\/www.millicozum.com\/mc\/2010\/nisan-2010\/cankaya-savasi-ve-bulent-arincin-basbakanlik-sevdasi\/","title":{"rendered":"\u00c7ANKAYA SAVA\u015eI VE  B\u00dcLENT ARIN\u00c7\u2019IN BA\u015eBAKANLIK SEVDASI"},"content":{"rendered":"<p><strong>AKP\u2019nin me\u015fhurlar\u0131, yakla\u015fan ac\u0131 ak\u0131betlerinden habersiz, ABD ve \u0130srail\u2019in asla yenilmezli\u011fine g\u00fcvenerek, daha \u00fcst makamlara t\u0131rmanma tela\u015f\u0131yla \u00e7\u0131rp\u0131nmaktayd\u0131. Abdullah G\u00fcl makam\u0131n\u0131 korumaya, Recep T. Erdo\u011fan Cumhurba\u015fkanl\u0131\u011f\u0131na ta\u015f\u0131nmaya, B\u00fclent Ar\u0131n\u00e7 AKP\u2019nin ba\u015f\u0131na ve tabi ba\u015fbakanl\u0131\u011fa oynamaktayd\u0131. Cumhurba\u015fkan\u0131 dan\u0131\u015fman\u0131 Ahmet Sever\u2019in H\u00fcrriyet Gazetesine \u201cAbdullah G\u00fcl\u2019\u00fcn tarafs\u0131zl\u0131\u011f\u0131n\u0131, ho\u015fg\u00f6r\u00fcl\u00fc tarz\u0131n\u0131, e\u015finin hay\u0131rseverli\u011fini ve duyarl\u0131l\u0131\u011f\u0131n\u0131; \u00c7ankaya sakinlerinin olduk\u00e7a demokratik ve laik tavr\u0131n\u0131\u201d anlatan ve reklam\u0131n\u0131 yapan a\u00e7\u0131klamalar\u0131 da, Sn. G\u00fcl\u2019\u00fcn niyet ve heveslerini yans\u0131tmaktayd\u0131.<\/strong><\/p>\n<p>\u00a0<\/p>\n<p><strong>B\u00fclent Ar\u0131n\u00e7\u2019\u0131n T\u00fcrkiye\u2019deki az\u0131nl\u0131klar\u0131n ruhani liderleriyle bir toplant\u0131 yapmas\u0131n\u0131n ve onlar\u0131 kastederek; \u201cBu \u00fclkenin her ferdi birinci s\u0131n\u0131f vatanda\u015ft\u0131r ve asli unsur konumundad\u0131r\u201d iltifatlar\u0131n\u0131n da, gelece\u011fe y\u00f6nelik \u201csiyasi yat\u0131r\u0131m\u201d\u00a0 ve \u201chizmetinize haz\u0131r\u0131m\u201d mesaj\u0131 oldu\u011fu s\u0131r\u0131tmaktayd\u0131. Ve Bay B\u00fclent Ar\u0131n\u00e7\u2019a \u015funu hat\u0131rlatmak laz\u0131md\u0131:<\/strong><\/p>\n<p><strong>T\u00fcrkiye\u2019de az\u0131nl\u0131klar, zaten birinci s\u0131n\u0131f ve imtiyazl\u0131 vatanda\u015flard\u0131. As\u0131l ikinci, \u00fc\u00e7\u00fcnc\u00fc s\u0131n\u0131f insan yerine koyulan M\u00fcsl\u00fcmanlard\u0131 ve istismar edip oylar\u0131n\u0131 ald\u0131\u011f\u0131n\u0131z,\u00a0 ama 8 y\u0131ld\u0131r sahip \u00e7\u0131kmad\u0131\u011f\u0131n\u0131z ba\u015f\u00f6rt\u00fcl\u00fc evlatlar\u0131m\u0131zd\u0131. H\u0131yaneti tescilli Ruhban Okulunun a\u00e7\u0131lmas\u0131 i\u00e7in g\u00f6sterdi\u011finiz gayret ve hassasiyetin onda birini, mesela Ayasofya\u2019n\u0131n ibadete a\u00e7\u0131lmas\u0131 i\u00e7in g\u00f6sterme cesaretiniz de var m\u0131yd\u0131?!..<\/strong><\/p>\n<p><strong>Bu t\u00fcr yakla\u015f\u0131mlar\u0131n\u0131z\u0131n: \u201cMilli ve insani ama\u00e7l\u0131 bir duyarl\u0131l\u0131k m\u0131; yoksa g\u00e2vur destekli bir \u015f\u0131mar\u0131kl\u0131k m\u0131?\u201d oldu\u011fu da, in\u015fallah yak\u0131nda anla\u015f\u0131lacakt\u0131.<\/strong><\/p>\n<p><strong>Bu arada Ali Babacan ve D\u0131\u015f \u0130\u015fleri Bakan\u0131 Ahmet Davuto\u011flu\u2019na da malum merkezler g\u00f6z k\u0131rpt\u0131klar\u0131 kulaklar\u0131na bir \u015feyler f\u0131s\u0131ldad\u0131klar\u0131 anla\u015f\u0131lmaktayd\u0131.<\/strong><\/p>\n<p><strong>Ermeni tasar\u0131s\u0131n\u0131n gizli mimar\u0131 Yahudi Alan Makovsky, 28 \u015eubat\u2019\u0131n da as\u0131l planlay\u0131c\u0131s\u0131 ve Recep T. Erdo\u011fan\u2019\u0131n \u015fu anda bile ak\u0131l hocas\u0131yd\u0131!<\/strong><\/p>\n<p>\u0130srail, Amerikan eliyle ve Ermeniler \u00fczerinden bize bir darbe daha indirmi\u015fti. Y\u0131llar \u00f6nce Yossi Beilin gibi baz\u0131 \u0130srailli bakanlar Ermeni soyk\u0131r\u0131m\u0131n\u0131n da \u0130srail okullar\u0131nda okutulmas\u0131n\u0131 tavsiye etmi\u015flerdi. Galiba \u0130srail planlar\u0131n\u0131 ABD \u00fczerinden uygulamaya giri\u015fmi\u015fti. T\u00fcrkiye&#8217;ye kar\u015f\u0131 \u0130srail&#8217;in elindeki en \u00f6nemli kozlardan birisi de Ermeni soyk\u0131r\u0131m tezleriydi. ABD&#8217;de ger\u00e7ekle\u015ftirilen soyk\u0131r\u0131m oylamas\u0131ndan \u00f6nce de CBS gibi kimi Yahudi g\u00fcd\u00fcml\u00fc Amerikan Kanallar\u0131 Ermeni tezlerini dile getiren filmler yay\u0131nlay\u0131vermi\u015flerdi. Bu filmlerde g\u00fcya Yahudilere kar\u015f\u0131 ger\u00e7ekle\u015ftirilen Holokost ve soyk\u0131r\u0131m\u0131n \u0130ttihat\u00e7\u0131lar\u0131n Ermenilere kar\u015f\u0131 i\u015fledi\u011fi &#8216;soyk\u0131r\u0131m ve tenkilin bir yans\u0131mas\u0131, devam\u0131 ve tekrar\u0131 oldu\u011fu i\u015flenmekteydi.<\/p>\n<p>ABD Temsilciler Meclisi D\u0131\u015f \u0130li\u015fkiler Komitesi, s\u00f6zde &#8216;Ermeni soyk\u0131r\u0131m\u0131&#8217; tasar\u0131s\u0131n\u0131 kabul etmi\u015fti. Bu oylamada Yahudi m\u00fcttefiklerimizin a\u00e7\u0131k katk\u0131s\u0131 g\u00f6zlenmi\u015fti. AKP m\u00fcttefiklerinden yine Musevi as\u0131ll\u0131 Henri Barkey&#8217;in hafife almas\u0131na ra\u011fmen karar \u00f6nemliydi. Bu arada AKP\u2019li Murat Mercan ile Alan Makovsky aras\u0131nda a\u011f\u0131z dala\u015f\u0131 ya\u015fand\u0131\u011f\u0131 iddialar\u0131 ilgin\u00e7ti. Sedat Serto\u011flu gibilerin de yak\u0131n dostu olan Alan Makovsky ABD&#8217;deki T\u00fcrkiye uzmanlar\u0131ndan birisiydi. 54&#8217;\u00fcnc\u00fc Prof. Dr. Necmettin Erbakan h\u00fck\u00fcmetinin devrilmesinde kilit rol oynad\u0131\u011f\u0131 gibi Ermeni tasar\u0131s\u0131nda da g\u00fcndemdeydi. Bu anlamda, AKP ile m\u00fcttefikleri aras\u0131nda bu mesele \u00fczerinden bir \u00e7atlaman\u0131n ya\u015fand\u0131\u011f\u0131 s\u00f6ylentileri bile s\u0131r\u0131tan bir sahtelikti.<\/p>\n<p>28 \u015eubat s\u00fcrecinin \u00f6nde gelen komutanlar\u0131ndan d\u00f6nemin Genelkurmay 2&#8217;nci Ba\u015fkan\u0131 emekli Orgeneral \u00c7evik Bir&#8217;in Ba\u015fbakan Recep Tayyip Erdo\u011fan&#8217;\u0131n gizli dan\u0131\u015fmanlar\u0131ndan oldu\u011fu herkesin bildi\u011fi bir \u015feydi. &#8220;\u00c7ok ciddi duyumlara g\u00f6re, \u00c7evik Bir \u0130srail&#8217;le ilgili askeri konularda Ba\u015fbakan Recep Tayyip Erdo\u011fan&#8217;\u0131n gizli dan\u0131\u015fmanlar\u0131ndan birisiydi.&#8221; Ba\u015fbakan Erdo\u011fan&#8217;\u0131n Katar&#8217;daki temaslar\u0131na Alan Makovsky&#8217;nin de kat\u0131ld\u0131\u011f\u0131n\u0131 nedense halk\u0131m\u0131zdan gizlemi\u015fti. Bu Siyonist Makovsky 28 \u015eubat s\u00fcrecini, ABD Ba\u015fkan\u0131 Savunma Ba\u015fdan\u0131\u015fman\u0131 s\u0131fat\u0131yla 1996 y\u0131l\u0131nda haz\u0131rlad\u0131\u011f\u0131 raporla tetikleyen ki\u015fiydi.<\/p>\n<p>Yahudi Alan Makovsky, ABD Temsilciler Meclisindeki oylaman\u0131n mimar\u0131 Howad Berman&#8217;\u0131n da Ba\u015fdan\u0131\u015fman\u0131 idi.\u201d<a href=\"#_ftn1\">[1]<\/a><\/p>\n<p><strong>\u00c7ankaya Sava\u015flar\u0131 ve Ba\u015fbakanl\u0131k sevdal\u0131lar\u0131!<\/strong><\/p>\n<p>\u015eamil Tayyar, kendisine \u201cErgenekon\u201d bilgilerini aktaran, ge\u00e7en y\u0131l intihar ederek bu d\u00fcnyadan ayr\u0131lan emekli Albay Var\u0131ml\u0131\u2019n\u0131n t\u00fcm arzusunun \u201cHilmi \u00d6zk\u00f6k\u2019\u00fcn Cumhurba\u015fkan\u0131 yap\u0131lmas\u0131\u201d oldu\u011funu sat\u0131r aras\u0131nda a\u011fz\u0131ndan ka\u00e7\u0131rm\u0131\u015ft\u0131. \u0130\u015fte taa o zaman ba\u015flayan \u201ck\u00f6\u015fk yar\u0131\u015f\u0131\u201d \u015fimdilerde iyice h\u0131zlanm\u0131\u015ft\u0131. Abdullah G\u00fcl\u2019\u00fcn hedefinde ikinci kez \u00c7ankaya\u2019ya \u00e7\u0131kmak, hatta Ba\u015fkan olmak vard\u0131. Erdo\u011fan\u2019\u0131n da g\u00f6z\u00fc-g\u00f6nl\u00fc K\u00f6\u015fk\u2019e ula\u015fmakt\u0131.<\/p>\n<p>Baz\u0131lar\u0131na g\u00f6re: \u201cErdo\u011fan\u2019\u0131n \u015fans\u0131 kalmam\u0131\u015ft\u0131. De\u011fil \u00c7ankaya\u2019ya \u00e7\u0131kmak, \u00fcst\u00fc tamamen \u00e7izilip karalanm\u0131\u015ft\u0131.\u201d\u00a0 Bu durumda ibre neredeyse k\u0131p\u0131rdamadan G\u00fcl\u2019e kilitlenmi\u015f durumdayd\u0131. Erdo\u011fan sadece d\u0131\u015far\u0131da de\u011fil, kabinesinde de yaln\u0131zlar\u0131 oynamaktayd\u0131. \u00c7\u00fcnk\u00fc G\u00fcl, t\u00fcm \u201ckoalisyon ortaklar\u0131\u201dn\u0131 avucuna alm\u0131\u015ft\u0131. T\u00fcm \u201ca\u00e7\u0131l\u0131mlar\u0131n\u201d da sahibi havas\u0131ndayd\u0131. Ancak \u201ca\u00e7\u0131l\u0131m\u201d bombalar\u0131, Bay Recep Erdo\u011fan\u2019\u0131n kuca\u011f\u0131nda birer birer patlarken, o kenarda seyredip keyfini \u00e7\u0131karmaktayd\u0131.<\/p>\n<p>Erdo\u011fan\u2019\u0131n, \u201csiyasete tamam\u201d karar\u0131, Ba\u015fbakanl\u0131k \u201cheveslilerini\u201d de, oraya \u201cistenenleri\u201d de a\u00e7\u0131\u011fa \u00e7\u0131karm\u0131\u015ft\u0131. Heveslilerin ba\u015f\u0131nda B\u00fclent Ar\u0131n\u00e7 vard\u0131. AKP\u2019yi kuran \u00fc\u00e7 isimden G\u00fcl\u2019\u00fcn Ba\u015fbakanl\u0131k ve Cumhurba\u015fkanl\u0131\u011f\u0131 yapt\u0131\u011f\u0131n\u0131, Erdo\u011fan\u2019\u0131n da Ba\u015fbakanl\u0131ktan sonra \u00c7ankaya\u2019ya \u00e7\u0131kaca\u011f\u0131n\u0131 hesaplay\u0131p, \u201cArt\u0131k Ba\u015fbakanl\u0131k benim hakk\u0131m\u201d hayalleri kurmaktayd\u0131.<\/p>\n<p>Cumhurba\u015fkan\u0131 G\u00fcl\u2019\u00fcn mevcut meclisin anayasa yapma f\u0131rsat\u0131n\u0131 ka\u00e7\u0131rd\u0131\u011f\u0131n\u0131 a\u00e7\u0131klamas\u0131yla birlikte Erdo\u011fan\u2013G\u00fcl \u00e7eki\u015fmesi bir kez daha su y\u00fcz\u00fcne \u00e7\u0131karken, \u00e7eki\u015fmenin ana nedeninin Cumhurba\u015fkanl\u0131\u011f\u0131 hesaplar\u0131 oldu\u011fu s\u0131r\u0131tmaktayd\u0131. Ba\u015fbakan Erdo\u011fan\u2019\u0131n anayasa de\u011fi\u015fikli\u011fi i\u00e7in referandumu m\u00fcmk\u00fcn k\u0131lan 330 say\u0131s\u0131n\u0131 bulmak i\u00e7in muhalefetle g\u00f6r\u00fc\u015fme arzusunu dile getirmesi kafalar\u0131 kar\u0131\u015ft\u0131rm\u0131\u015ft\u0131, zira AKP\u2019nin meclisteki sandalye say\u0131s\u0131 336\u2019yd\u0131. Ancak Erdo\u011fan, AKP meclis grubuna g\u00fcvenmemekte ve fire verebileceklerini d\u00fc\u015f\u00fcnmekte hakl\u0131yd\u0131. \u00c7\u00fcnk\u00fc az\u0131msanmayacak say\u0131da milletvekili Cumhurba\u015fkan\u0131 G\u00fcl\u2019e yak\u0131nd\u0131. G\u00fcl\u2019\u00fcn durumunu sarsacak bir anayasa d\u00fczenlemesine bu grubun ge\u00e7it vermeyece\u011fi a\u015fik\u00e2rd\u0131. O nedenle, Erdo\u011fan\u2019\u0131n BDP ve DSP gibi muhalefet partilerinden destek istemesi do\u011fald\u0131. Aksi halde Cumhurba\u015fkan\u0131-belki de bu \u00fclkenin ilk ba\u015fkan\u0131-olma \u015fans\u0131n\u0131 ka\u00e7\u0131racakt\u0131. B\u00fclent Ar\u0131n\u00e7 ise Recep Bey\u2019in Cumhurba\u015fkan\u0131 olmas\u0131ndan yanayd\u0131. B\u00f6yle AKP Genel Ba\u015fkanl\u0131\u011f\u0131 ve ba\u015fbakanl\u0131k kendisine kalacakt\u0131. Son zamanlarda iyice c\u0131v\u0131kla\u015fan Tayyip Bey ya\u011fc\u0131l\u0131\u011f\u0131 da bunun haz\u0131rl\u0131\u011f\u0131yd\u0131.<\/p>\n<p><strong>B\u00fclent Ar\u0131n\u00e7\u2019\u0131n Masonlara yalakal\u0131\u011f\u0131<\/strong><\/p>\n<p>B\u00fcy\u00fck Kul\u00fcp ad\u0131yla bilinen ve mason \u00f6rg\u00fctlenmesi oldu\u011fu iddia edilen bir kurulu\u015f vard\u0131r. B\u00fcy\u00fck Kul\u00fcp \u00fcyelerinin aras\u0131nda \u00fcst d\u00fczey AKP y\u00f6neticiler de bulunmaktad\u0131r.<\/p>\n<p>Vakit gazetesi, 14 Haziran 2008 tarihinde, \u0130lker Ba\u015fbu\u011f\u2019a sald\u0131rmak amac\u0131yla, B\u00fcy\u00fck Kul\u00fcp\u2019\u00fcn asl\u0131nda bir mason \u00f6rg\u00fctlenmesi oldu\u011funu ortaya at\u0131nca, B\u00fcy\u00fck Kul\u00fcp YK Ba\u015fkan\u0131 Duran Akbulut yapt\u0131\u011f\u0131 a\u00e7\u0131klamada AKP\u2019li \u00fcyelerini de \u015f\u00f6yle s\u0131ralam\u0131\u015ft\u0131:<\/p>\n<p>\u201cAKP milletvekili Sn. \u015eaban Di\u015fli, AKP E. Milletvekili ve Milli Savunma Ba\u015fkan\u0131 Sn. Cengiz Kaptano\u011flu, AKP E. milletvekili Sn. Muharrem Eskiyapan, 22. d\u00f6nem AKP \u0130stanbul milletvekili Sn. G\u00fclseren Topuz, 22. d\u00f6nem \u0130stanbul milletvekili ve \u0130\u00e7i\u015fleri Bakan\u0131 Sn. Abd\u00fclkadir Aksu ve halen AKP Ba\u015fkan vekili Sn. Mehmet Dengir Mir F\u0131rat da \u00fcyeli\u011finden onur duydu\u011fumuz \u00fcyelerimiz aras\u0131ndad\u0131r.\u201d<\/p>\n<p>Masonlar\u0131n 100. \u00f6rg\u00fctl\u00fc varl\u0131\u011f\u0131n\u0131 kutlamaya devletin kurumlar\u0131n\u0131n da kat\u0131l\u0131m\u0131n\u0131, m\u00fcdahale etmeyerek onaylayan AKP h\u00fck\u00fcmeti, kendi \u00fcst d\u00fczey y\u00f6neticilerinin B\u00fcy\u00fck Kul\u00fcp \u00fcyeli\u011fine de suskunlukla yan\u0131tlam\u0131\u015ft\u0131.<\/p>\n<p>Bu durum, daha eski bir olay\u0131 hat\u0131rlatm\u0131\u015ft\u0131.<\/p>\n<p>AKP&#8217;nin, h\u00fck\u00fcmeti kurar kurmaz, Avrupa \u0130nsan Haklar\u0131 Mahkemesi\u2019nde, g\u00f6r\u00fclmekte olan t\u00fcrbanla ilgili bir dava nedeniyle avukat g\u00f6ndermesi laz\u0131md\u0131 ve bu maksatla Mason M\u00fcnci \u00d6zmen se\u00e7ilip yollanm\u0131\u015ft\u0131. D\u0131\u015fi\u015fleri b\u00fcrokratlar\u0131ndan olan M\u00fcnci \u00d6zmen, A\u0130HM\u2019de, \u015fimdiki ABD B\u00fcy\u00fckel\u00e7isi Nam\u0131k Tan\u2019\u0131n ifadesiyle, \u201ch\u00fck\u00fcmetin g\u00f6r\u00fc\u015f\u00fcn\u00fc\u201d yans\u0131tm\u0131\u015ft\u0131. Ve \u201cBa\u015f\u00f6rt\u00fcs\u00fc yasa\u011f\u0131n\u0131 kald\u0131rmak namus borcumuzdur\u201d diyen B\u00fclent Ar\u0131n\u00e7 AKP\u2019sinin Avukat\u0131 Mason M\u00fcnci \u00d6zmen, bu yasa\u011f\u0131n hakl\u0131l\u0131\u011f\u0131n\u0131 savunarak: \u201cDevletlerin e\u011fitim kurumlar\u0131 \u00fczerinde bu t\u00fcr d\u00fczenlemeler yapmaya hakk\u0131\u201d vard\u0131r! deyip \u00e7\u0131km\u0131\u015ft\u0131.<\/p>\n<p>Ayn\u0131 \u015fekilde, AKP h\u00fck\u00fcmetinin protokol m\u00fcd\u00fcrl\u00fc\u011f\u00fcn\u00fc yapan, 4 y\u0131l Br\u00fcksel B\u00fcy\u00fckel\u00e7ili\u011fi g\u00f6revinden sonra D\u0131\u015fi\u015fleri Bakanl\u0131\u011f\u0131 Ba\u015fdan\u0131\u015fman\u0131 g\u00f6revine ba\u015flayan Fuat Tanlay da, \u015fu an Ergenekon ad\u0131 verilen davada tutuklu yazar Erg\u00fcn Poyraz\u2019\u0131n a\u00e7\u0131klamalar\u0131na g\u00f6re masonlardand\u0131.<\/p>\n<p>AKP\u2019nin \u00fcst d\u00fczey y\u00f6neticilerinin, milletvekillerinin mason oldu\u011fu iddialar\u0131ndan sonra, AKP iktidar\u0131 d\u00f6neminde y\u0131ld\u0131z\u0131 parlayan b\u00fcrokratlar\u0131n da mason oldu\u011fu iddialar\u0131n\u0131 ciddiyetle analiz etmek zorunday\u0131z.<\/p>\n<p>\u00c7\u00fcnk\u00fc, mason ili\u015fkisi AKP\u2019nin kimin h\u00fck\u00fcmeti oldu\u011fu sorusunun da cevab\u0131 olacakt\u0131r. Bu noktada, \u00f6nemli bir soru ortaya ataca\u011f\u0131z: AKP\u2019nin d\u00f6rt kare as\u0131ndan birisi olarak g\u00f6sterilen B\u00fclent Ar\u0131n\u00e7\u2019\u0131n da masonlukla alakas\u0131 var m\u0131yd\u0131?<\/p>\n<p>B\u00fclent Ar\u0131n\u00e7\u2019\u0131n b\u00fcy\u00fck mason \u00fcstad\u0131 oldu\u011fu art\u0131k herkes\u00e7e bilinen ve ge\u00e7enlerde vefat eden \u0130hsan Do\u011framac\u0131\u2019dan \u00f6vg\u00fc dolu s\u00f6zlerle bahsetmesinin alt\u0131nda ne yatmaktayd\u0131?<\/p>\n<p>15 ve 16 Mart 2007 tarihlerindeki gazetelerde yer alan haberlere g\u00f6re, TBMM Ba\u015fkan\u0131 olarak, Do\u011framac\u0131\u2019y\u0131 telefonla arayarak, \u201cm\u00fcjdeyi bizzat verdi\u011fini\u201d a\u00e7\u0131klayan B\u00fclent Ar\u0131n\u00e7, TBMM Onur \u00d6d\u00fcl\u00fc\u2019n\u00fcn T\u00fcrkiye\u2019nin e\u011fitimde kanayan yaras\u0131 Y\u00d6K\u2019\u00fcn kurucusu Do\u011framac\u0131\u2019ya verilmesini \u201cT\u00fcrkiye&#8217;ye yapt\u0131\u011f\u0131 katk\u0131lardan dolay\u0131\u201d \u015feklinde a\u00e7\u0131klam\u0131\u015ft\u0131.<\/p>\n<p>Liberal yaftal\u0131 ve AKP yalakas\u0131 \u201cayd\u0131nc\u0131k\u201dlar\u0131n dillerinden d\u00fc\u015f\u00fcrmedikleri \u201caskeri vesayet\u201de biat konusunda en a\u015f\u0131r\u0131 \u00f6rnek olabilecek Yahudi as\u0131ll\u0131 Maruni \u0130hsan Do\u011framac\u0131\u2019n\u0131n, \u00fclkemizin en \u00fcst makam\u0131 olan TBMM taraf\u0131ndan onurland\u0131r\u0131lmas\u0131n\u0131n herhalde bir \u00f6zel anlam\u0131 olmal\u0131yd\u0131.<\/p>\n<p>Hele ki, bu se\u00e7imin Abdullah G\u00fcl taraf\u0131ndan \u00f6nerilmi\u015f ve TBMM Ba\u015fkanl\u0131k Divan\u0131 taraf\u0131ndan oy birli\u011fi ile karar alt\u0131na al\u0131nm\u0131\u015f oldu\u011funu da g\u00f6z \u00f6n\u00fcne al\u0131rsak, y\u00fcksek \u00f6\u011frenim sistemini tepetaklak ederek, bug\u00fcnk\u00fc bilimden uzak \u00fcniversitelerin olu\u015fmas\u0131n\u0131 \u201cba\u015faran\u201d Do\u011framac\u0131\u2019ya \u00f6d\u00fcl verilmesinin kendisinin mason olmas\u0131 ile ili\u015fkisi var m\u0131d\u0131r, sorusu hakl\u0131l\u0131k kazanmaktayd\u0131\u2026<\/p>\n<p>Ve bu \u00f6d\u00fcl\u00fcn B\u00fclent Ar\u0131n\u00e7 taraf\u0131ndan b\u00fcy\u00fck bir h\u00fcrmetle takdim edilmesi bize Sn. B\u00fclent Ar\u0131n\u00e7\u2019\u0131n \u015fu s\u00f6zlerini hat\u0131rlatm\u0131\u015ft\u0131:<\/p>\n<p><strong><em>\u201cBir i\u015fi Allah takdir etti mi, hi\u00e7bir be\u015feri kuvvet yoktur, onu \u00f6nleyemez. Bir \u0131\u015f\u0131k, bir nur, bir ziya ki, onu Allah yakt\u0131. Kimse onu \u00fcfleyerek s\u00f6nd\u00fcremez.\u201d <\/em><\/strong><\/p>\n<p>H\u00fcr ve Kabul Edilmi\u015f Masonlar Derne\u011fi\u2019nin, Beyo\u011flu\u2019nda, ismini kendilerinin belirledi\u011fi Nur-u Ziya Sokak\u2019ta yerle\u015fik olmas\u0131 ger\u00e7e\u011fi bir yana,\u00a0 \u201cnur ve ziya\u201d masonlar aras\u0131nda ayd\u0131nlanma \u0131\u015f\u0131\u011f\u0131, \u201cnur ve ziyaya kavu\u015fmak\u201d ise, mason locas\u0131na kabul edilmek anlam\u0131nda kullan\u0131ld\u0131\u011f\u0131n\u0131 hat\u0131rlatmam\u0131z laz\u0131md\u0131.<\/p>\n<p>T\u00fcrkiye\u2019de, bilime, \u00fclkeye, siyasete \u00e7ok daha fazla katk\u0131da bulunmu\u015f o kadar insan varken, TBMM Onur \u00d6d\u00fcl\u00fc\u2019n\u00fcn neden \u00fclkenin e\u011fitim sisteminin yozla\u015fmas\u0131nda rol \u00fcstlenmi\u015f ve masonlu\u011funu kendi a\u011fz\u0131ndan itiraf etmi\u015f olan \u0130hsan Do\u011framac\u0131\u2019ya verildi\u011fini merak ediyoruz.<\/p>\n<p>Bu \u201ci\u015f\u201di neden AKP\u2019nin ve neden en \u00f6nde gelen y\u00f6neticilerden B\u00fclent Ar\u0131n\u00e7\u2019\u0131n \u00fcstlendi\u011fini sorguluyoruz.<\/p>\n<p><strong>Ne dersiniz? Bu olay\u0131, \u201cmasonlarla iyi ge\u00e7inmek ad\u0131na\u201d AKP taraf\u0131ndan verilmi\u015f bir taviz olarak okumam\u0131z m\u0131 do\u011fruydu? Yoksa, AKP \u00fcst y\u00f6netimi ile mason kurulu\u015flar aras\u0131nda daha g\u00fc\u00e7l\u00fc ba\u011flar m\u0131 s\u00f6z konusuydu? Bu arada \u201cMasonlar\u0131n D\u00fcnyas\u0131\u201d adl\u0131 kitab\u0131n yazar\u0131 35 y\u0131ll\u0131k me\u015fhur Mason ve Yahudi u\u015fa\u011f\u0131 SABAHATT\u0130N ARIN\u00c7\u2019la, B\u00fclent Ar\u0131n\u00e7\u2019\u0131n bir akrabal\u0131\u011f\u0131 olup olmad\u0131\u011f\u0131 da yan\u0131tlanmas\u0131 gereken bir soruydu!<\/strong><\/p>\n<p><strong>B\u00fclent Ar\u0131n\u00e7\u2019\u0131n \u0130srail\u2019e yak\u0131nla\u015fmas\u0131<\/strong><\/p>\n<p><strong>BM \u0130klim Konferans\u0131 Devlet ve H\u00fck\u00fcmet Ba\u015fkanlar\u0131 Zirvesi kapsam\u0131nda Kopenhag\u2019da bulunan Abdullah G\u00fcl, orada bulunan, \u0130srail Devlet Ba\u015fkan\u0131 \u015eimon Peres\u2019ten \u0130srail\u2019e gitme daveti alm\u0131\u015ft\u0131. \u201cOne minute\u201d olay\u0131 olarak bildi\u011fimiz Tayyip Erdo\u011fan\u2019\u0131n Davos\u2019taki \u00e7\u0131k\u0131\u015f\u0131n\u0131n ard\u0131ndan, T\u00fcrkiye-\u0130srail ve AKP-\u0130srail ili\u015fkilerindeki gerilimi a\u015fmaya y\u00f6nelik bir hamle olarak alg\u0131lanan bu jesti Abdullah G\u00fcl kabul etti\u011fini a\u00e7\u0131klam\u0131\u015ft\u0131.<\/strong><\/p>\n<p><strong>Obama\u2019n\u0131n: \u201cT\u00fcrkiye\u2019yi \u0130srail-Suriye aras\u0131nda arabulucu olarak g\u00f6rme \u0131srar\u0131 ve Erdo\u011fan\u2019a \u201c\u0130srail\u2019in g\u00f6nl\u00fcn\u00fc al\u0131n dayatmas\u0131\u201d G\u00fcl\u2019\u00fcn bu daveti kabul etmesinde \u00f6nemli rol oynad\u0131\u011f\u0131 kulislere yans\u0131m\u0131\u015ft\u0131.<\/strong><\/p>\n<p><strong>Asl\u0131nda s\u00fcrecin bu y\u00f6ne do\u011fru \u00e7evirtilmeye \u00e7al\u0131\u015f\u0131laca\u011f\u0131 yakla\u015f\u0131k aylar \u00f6ncesinden ortaya \u00e7\u0131km\u0131\u015ft\u0131. Her ne kadar, \u0130srail D\u0131\u015fi\u015fleri Bakanl\u0131\u011f\u0131 \u201cErdo\u011fan\u2019\u0131n \u0130srail kar\u015f\u0131t\u0131 siyasetinin do\u011fru olmad\u0131\u011f\u0131n\u0131\u201d a\u00e7\u0131klasa,\u00a0 hatta \u0130srail D\u0131\u015fi\u015fleri Bakanl\u0131\u011f\u0131\u2019ndan Aryeh Levin\u2019in Erdo\u011fan- Menderes analojisi Jerusalem Post taraf\u0131ndan dile getirilmi\u015f olsa da, ard\u0131ndan \u0130srailli Sanayi, Ticaret ve \u00c7al\u0131\u015fma Bakan\u0131 Fuat(Fouad) B\u00fcnyamin(Binyamin) ben Eliezer\u2019in T\u00fcrkiye\u2019yi ziyareti ve Ahmet Davuto\u011flu ve B\u00fclent Ar\u0131n\u00e7 ile g\u00f6r\u00fc\u015fmesi, bu davetin ve bu kabul\u00fcn i\u015fareti say\u0131lm\u0131\u015ft\u0131.<\/strong><\/p>\n<p><strong>Fuat B\u00fcnyamin ben Eliezer, 2009 Kas\u0131m ay\u0131n\u0131n sonlar\u0131nda T\u00fcrkiye\u2019ye gelmi\u015f ve ili\u015fkilerin d\u00fczelmesi gerekti\u011fini s\u00f6ylemi\u015fti. T\u00fcrk i\u015fadamlar\u0131n\u0131 \u0130srail\u2019de yat\u0131r\u0131m yapmaya davet etmi\u015f, Sabanc\u0131 ve Do\u011fu\u015f Holding ile g\u00f6r\u00fc\u015fmeler ger\u00e7ekle\u015ftirmi\u015fti. H\u00fck\u00fcmetten ise tahmin edilebilece\u011fi \u00fczere Ahmet Davuto\u011flu ile, ama bunun d\u0131\u015f\u0131nda s\u00fcrpriz bir bi\u00e7imde B\u00fclent Ar\u0131n\u00e7 ile g\u00f6r\u00fc\u015fmesi dikkatleri \u00e7ekmi\u015fti.<\/strong><\/p>\n<p><strong>Ar\u0131n\u00e7\u2019a g\u00f6re, \u201cKendisi, Tayyip Erdo\u011fan\u2019\u0131 u\u011furlarken tesad\u00fcfen Eliezer gelmi\u015f ve bu vesileyle g\u00f6r\u00fc\u015fm\u00fc\u015flerdi.\u201d Ar\u0131n\u00e7\u2019\u0131n tarifi; kendisinin okul koridorlar\u0131nda dola\u015f\u0131rken tesad\u00fcfen bir arkada\u015f\u0131 ile kar\u015f\u0131la\u015fmas\u0131na benzer bir hafiflikti. Eliezer\u2019in, \u201cben devletim ad\u0131na geldim; bu bir \u00f6zel ziyaret de\u011fildir\u201d, a\u00e7\u0131klamas\u0131n\u0131 da g\u00f6z \u00f6n\u00fcnde bulundurursak, bu kar\u015f\u0131la\u015fman\u0131n tesad\u00fcf\u00ee de\u011fil; planl\u0131 ve bilin\u00e7li oldu\u011fu kesindi. \u00c7\u00fcnk\u00fc e\u011fer devletleraras\u0131 g\u00f6r\u00fc\u015fmeler tesad\u00fcf\u00ee kar\u015f\u0131la\u015fmalar ile y\u00fcr\u00fct\u00fcl\u00fcyorsa, demek ki T\u00fcrkiye ger\u00e7ekten de bir \u00e7ad\u0131r devletine d\u00f6nm\u00fc\u015f demekti.<\/strong><\/p>\n<p><strong>As\u0131l soru, Siyonist \u0130srail\u2019in bu etkili ve yetkili bakanlar\u0131 B\u00fclent Ar\u0131n\u00e7\u2019la ni\u00e7in ve neleri g\u00f6r\u00fc\u015fm\u00fc\u015flerdi?<\/strong><\/p>\n<p><strong>Kim bilir, beklide B\u00fclent Bey Cumhurba\u015fkanl\u0131\u011f\u0131na heveslenmekteydi. \u00c7\u00fcnk\u00fc bunlar\u0131n yolu \u0130srail\u2019in g\u00f6z\u00fcne girmekten ge\u00e7mekteydi.<\/strong><\/p>\n<p><strong>Bu arada Emine Erdo\u011fan\u2019\u0131n 3 sene \u00f6nce GATA\u2019da yatan tiyatrocu Nejat Uygur\u2019u ziyaretine engel olmas\u0131yla ilgili, \u0130lker Ba\u015fbu\u011f\u2019un \u201cke\u015fke b\u00f6yle bir olay ya\u015fanmas\u0131yd\u0131\u201d s\u00f6zlerinin hat\u0131rlat\u0131lmas\u0131 \u00fczerine: \u201c\u00d6yle bir televizyon program\u0131 vard\u0131 herhalde\u201d \u015feklinde alay edici ve k\u00fc\u00e7\u00fcmseyici bir tav\u0131r tak\u0131n\u0131p, ama paparay\u0131 yiyince hemen \u00f6\u011fleden sonra ayn\u0131 konuyla ilgili bu sefer:<\/strong><\/p>\n<p><strong>\u201cGenelkurmay\u2019\u0131n a\u00e7\u0131klamalar\u0131 olduk\u00e7a olumlu bir geli\u015fmedir\u201d diye \u00e7ark etmesi B\u00fclent Ar\u0131n\u00e7\u2019\u0131n karakter yap\u0131s\u0131n\u0131 yans\u0131tmaktayd\u0131.<\/strong><\/p>\n<p><strong>Acaba B\u00fclent bey\u2019in bu her f\u0131rsatta TSK\u2019ya sata\u015fmas\u0131, sadece kuru bir kahramanl\u0131k damar\u0131 m\u0131yd\u0131, yoksa \u0130srail ve ABD\u2019ye yaranma ama\u00e7l\u0131 m\u0131yd\u0131?<\/strong><\/p>\n<p><strong>Tertip ve tezg\u00e2hlar\u0131n a\u00e7\u0131l\u0131m\u0131!<\/strong><\/p>\n<ul>\n<li>Kas\u0131tl\u0131 olarak \u201cErgenekon\u201d ad\u0131 verilen kumpas; Fetullah Efendi\u2019nin \u00c7\u00f6mlek Patlad\u0131 darbesi\u2019nin taktikleri olarak geli\u015fiyordu. <\/li>\n<li>\u201cArmenian Kurdish Party\u201d (AKP) bu \u00fclkenin ba\u015f\u0131na Bilgisayar Yaz\u0131l\u0131m\u0131\u201d ile musallat ediliyordu. Bu durumdan yetkililer haberdard\u0131r, ama kimse gerekeni yapam\u0131yordu. \u00c7\u00fcnk\u00fc bug\u00fcne kadar oldu\u011fu gibi bu olayda da \u0130ktidar\u0131 millet de\u011fil menfaat guruplar\u0131 belirliyordu. Herkese de g\u00f6revleri yine Masonlar taraf\u0131ndan veriliyordu.<\/li>\n<li>Ne yaz\u0131k ki muhalefetteki iki b\u00fcy\u00fck (!) parti de AKP\u2019nin sahne arkada\u015f\u0131 rol\u00fcn\u00fc oynuyordu ve \u201cDan\u0131\u015f\u0131kl\u0131 D\u00f6v\u00fc\u015f\u201d s\u00fcr\u00fcyordu.<\/li>\n<li>Baz\u0131 Y\u00fcce Mahkemelerin ba\u015f\u0131na getirilen c\u00fcce \u015fah\u0131slar acaba bir an evvel g\u00fcndeme al\u0131nmas\u0131 gereken hususlar\u0131 kas\u0131tl\u0131 olarak s\u00fcmenalt\u0131nda m\u0131 tutuyordu? <\/li>\n<li>\u00c7ankaya g\u00f6revlisi neden susuyor ve devreye girmiyordu?<\/li>\n<li>Asl\u0131nda hi\u00e7bir sa\u011fl\u0131k sorunu olmayan Mehmet Haberal, Mason korumas\u0131 alt\u0131nda ya\u015f\u0131yordu. Mason kar\u015f\u0131t\u0131 olmakla \u00f6v\u00fcnen AKP Mehmet Haberal\u2019a dokunam\u0131yordu. Y\u00d6K hala Haberal\u2019\u0131n ku\u015fatmas\u0131 ve bask\u0131s\u0131 alt\u0131nda bulunuyordu. <\/li>\n<li>\u201cRezil Vezir\u201d s\u0131fat\u0131na lay\u0131k Morrison-Mor Mason ise yine sahneye \u00e7\u0131k\u0131yor ve art\u0131k son uzatma dakikalar\u0131n\u0131 oynuyordu.<\/li>\n<li>Genelkurmay Ba\u015fkanl\u0131\u011f\u0131 ATASE Ba\u015fkanl\u0131\u011f\u0131, Korgeneral kadrosuna emanet edilmi\u015f olmas\u0131na ra\u011fmen, T\u00fcrkiye Cumhuriyeti Devleti\u2019nin sald\u0131r\u0131 alt\u0131ndan kurtulmas\u0131 i\u00e7in gerekeni yapmak\u201d hususunda \u201cstratejik bir sakinlik\u201d mi oynuyordu?<\/li>\n<li>T\u00fcrkiye\u2019de kurumlar aras\u0131 \u00e7at\u0131\u015fman\u0131n orta yerinde, \u015fahsi \u00e7\u0131kar hesaplar\u0131 ve sahte Mesih Hocalar\u0131 \u00fczerinden y\u00fcr\u00fct\u00fclen Siyonist planlar\u0131 duruyordu.<\/li>\n<li>ABD FBI Ba\u015fkan\u0131 T\u00fcrkiye\u2019ye AKP\u2019nin 2006 y\u0131l\u0131nda banknot matbaas\u0131nda \u00f6zel ekip kurarak bast\u0131rd\u0131\u011f\u0131 y\u00fcz milyar USD\u2019\u0131n hesab\u0131n\u0131 sormak i\u00e7in geliyordu. Hesab\u0131 soruyor, \u201cbu paray\u0131 geri \u00e7ekin ve bize teslim edin\u201d diyerek gidiyordu. Bu para Dubai\u2019de \u201cLehman Brother\u2019s\u201d \u00f6rt\u00fcs\u00fc alt\u0131nda i\u015fletilirken apar topar geri \u00e7ekiliyordu. <\/li>\n<li><strong>Ve yine H\u00fcsn\u00fcyadiszade\u2019ye yap\u0131laca\u011f\u0131 y\u00f6n\u00fcnde yayg\u0131n kanaat olu\u015fturulan ve b\u00fct\u00fcn marazl\u0131 medyaya bu y\u00f6nde yaz\u0131 yazd\u0131r\u0131lan suikast z\u0131rvas\u0131, tam bir tezg\u00e2ht\u0131 ve bu tezg\u00e2h\u0131n farkl\u0131 bir y\u00f6n\u00fc bulunuyordu:<\/strong><\/li>\n<\/ul>\n<p><strong>a)<\/strong> RTE\u2019den sonra AKP\u2019nin Genel Ba\u015fkanl\u0131\u011f\u0131\u2019na bir zamanlar sabah kahvalt\u0131lar\u0131n\u0131 dahi ABD B\u00fcy\u00fckel\u00e7ili\u011fi\u2019nde yapan B\u00fclent Ar\u0131n\u00e7\u2019\u0131n en g\u00fc\u00e7l\u00fc aday oldu\u011funu ilan etmek i\u00e7in bu tertip haz\u0131rlan\u0131yordu.<\/p>\n<p><strong>b)<\/strong> T\u00fcrk Silahl\u0131 Kuvvetleri ise, i\u00e7ine s\u0131zan k\u00f6stebekler y\u00fcz\u00fcnden ne yaz\u0131k ki Operasyon\u2019a giderken operasyon yiyordu.<\/p>\n<p><strong>c)<\/strong> AKP ve te\u015fkilat\u0131 Osmanl\u0131\u2019daki \u015f\u0131marm\u0131\u015f Yeni\u00e7erilerin yerini al\u0131yordu. Art\u0131k muhalif g\u00f6rd\u00fc\u011f\u00fc her \u201ckelle\u201dyi isteyebiliyordu.<\/p>\n<p><strong>d)<\/strong> Ne yaz\u0131kt\u0131r ki T\u00fcrk Silahl\u0131 Kuvvetleri\u2019nde \u00fcst dereceli subaylar i\u00e7inde bile Fetullah\u00e7\u0131-CIA\u2019c\u0131 emir kullar\u0131 \u00e7\u0131k\u0131yordu.<\/p>\n<p><strong>e)<\/strong> Bu operasyonun en ciddi hedeflerinden biri de, T\u00fcrkiye Cumhuriyeti Anayasas\u0131\u2019n\u0131n de\u011fi\u015ftirilmesi esnas\u0131nda de\u011fi\u015ftirilemeyecek, de\u011fi\u015ftirilmesi teklif dahi edilemeyecek ilk d\u00f6rt maddesinin suland\u0131r\u0131lmas\u0131 i\u00e7in T\u00fcrk Silahl\u0131 Kuvvetleri\u2019ni \u00e7aresizli\u011fe itmek oluyordu.<\/p>\n<p><strong>f)<\/strong> Asr\u0131n Canisi APO\u2019nun ev hapsine ta\u015f\u0131nmas\u0131 ve di\u011ferlerine Genel Af \u00e7\u0131kart\u0131lmas\u0131 yak\u0131n g\u00f6r\u00fcl\u00fcyordu.<\/p>\n<p>CHP\u2019nin ba\u015f\u0131ndan deniz Baykal\u2019\u0131n aya\u011f\u0131n\u0131 kayd\u0131rmakla g\u00f6revli Kemal K\u0131l\u0131\u00e7taro\u011flu\u2019nun \u201cBir genel affa s\u0131cak bakt\u0131klar\u0131\u201d konusundaki a\u00e7\u0131klamalara B\u00fclent ar\u0131n\u00e7\u2019\u0131n \u201cyani Abdullah \u00d6calan\u2019\u0131 serbest mi b\u0131rakaca\u011f\u0131z\u201d \u00e7\u0131k\u0131\u015flar\u0131, su\u00e7luluk psikolojisiyle bunlar\u0131n \u015fuuralt\u0131n\u0131 yans\u0131t\u0131yordu.<\/p>\n<p><strong>Yeni Anayasa\u2019da yozla\u015ft\u0131r\u0131lm\u0131\u015f Ba\u015fkanl\u0131k Sistemi ile birlikte eyaletler d\u00f6nemi getirilerek, T\u00fcrkiye do\u011frudan Sabataist Yahudi g\u00fcd\u00fcm\u00fcne sokulmak ve \u0130srail\u2019e vilayet yap\u0131lmak isteniyordu. Anadilde e\u011fitim serbest b\u0131rak\u0131lacak, T\u00fcrk vatanda\u015fl\u0131\u011f\u0131 yerine T\u00fcrkiyelilik yeterli say\u0131l\u0131yordu. Hatta asr\u0131n Canisi\u2019ne ilk Genel Se\u00e7imde se\u00e7ilme hakk\u0131 verilmesini ve Meclise girmesini sa\u011flayacak \u00e7\u00f6z\u00fcmler aran\u0131yordu.<\/strong><\/p>\n<p><strong>Hikmet \u00c7etin\u2019in AKP yanda\u015fl\u0131\u011f\u0131<\/strong><\/p>\n<p>Hegemon ve Siyon g\u00fc\u00e7lerin kafas\u0131nda T\u00fcrkiye Ombudsmanl\u0131\u011f\u0131 i\u00e7in en \u00e7ok kimin d\u00fc\u015f\u00fcn\u00fcld\u00fc\u011f\u00fc sorusuna cevap ar\u0131yorsan\u0131z; Hikmet \u00c7etin\u2019in son birka\u00e7 y\u0131l i\u00e7indeki ziyaretlerini bir yerden bulun ve \u00fczerinde kafa yorun. Bir de G\u00fcneydo\u011fu k\u00f6kenli Hikmet \u00c7etin\u2019in, 3 Aral\u0131k 2002\u2019de \u0130srail\u2019de bir konferansta yapt\u0131\u011f\u0131 konu\u015fmadan bir ka\u00e7 pasaj\u0131 okuyun:<\/p>\n<p>\u201cT\u00fcrkiye, \u0130srail\u2019i tan\u0131yan ilk M\u00fcsl\u00fcman \u00fclkedir ve Arap\u2019lar\u0131n \u0130srail\u2019le ili\u015fkisinin kesilmesi i\u00e7in yap\u0131lan bask\u0131lara g\u00f6\u011f\u00fcs germi\u015ftir.\u201d<\/p>\n<p>\u201c1993 Aral\u0131\u011f\u0131nda \u0130srail\u2019i resmi olarak ziyaret eden ilk T\u00fcrk D\u0131\u015fi\u015fleri Bakan\u0131 olman\u0131n onurunu ya\u015fad\u0131m. 1999 Mart\u0131nda ayn\u0131 onuru bu kez Meclis Ba\u015fkan\u0131 olarak ya\u015fad\u0131m.\u201d<\/p>\n<p>\u201cAhlaki olarak kabul edilemez intihar sald\u0131r\u0131lar\u0131na kar\u015f\u0131l\u0131k \u0130sraillilerin a\u015f\u0131r\u0131 tedbir almas\u0131 b\u00f6lgedeki sorunlar\u0131 \u00e7\u00f6zme \u015fans\u0131n\u0131 azalt\u0131yor\u201d<\/p>\n<p>Konu\u015fman\u0131n tamam\u0131 http:\/\/www1.idc.ac.il\/ips\/content\/2002m6cetin.asp adresinde. Dikkat buyurun \u0130sraillilerin Filistin\u2019e uygulad\u0131\u011f\u0131 zulm\u00fc \u201ca\u015f\u0131r\u0131 tedbir\u201d, Filistinlilerin intihar sald\u0131r\u0131lar\u0131n\u0131 ise \u201cahlaki olarak kabul edilemez\u201d bulan \u00c7etin\u2019in \u201cbiz\u201d derken kendini \u0130srail\u2019le nas\u0131l \u00f6zde\u015fle\u015ftirdi\u011fini bir de kendi g\u00f6zlerinizle okuyun!<\/p>\n<p>Sonunda BM ve NATO Ombudsman\u0131 olarak Afganistan\u2019a g\u00f6nderilen ve bug\u00fcn Mustafa Sar\u0131g\u00fcl\u2019\u00fcn partisinde g\u00f6revlendirilen Hikmet \u00e7etin\u2019in \u015fu s\u00f6zleri \u00fczerinde bir daha durun:<\/p>\n<p><strong>\u201cAKP\u2019nin iktidara gelmesi ili\u015fkilerimizi asla so\u011futmam\u0131\u015ft\u0131r. Aksine, Ba\u015fbakan Erdo\u011fan ve Abdullah G\u00fcl ili\u015fkilerin kal\u0131c\u0131l\u0131\u011f\u0131n\u0131 defalarca vurgulam\u0131\u015ft\u0131r. T\u00fcrkiye i\u00e7in \u0130srail ile ili\u015fkileri geli\u015ftirmek, tarihi, stratejik ve geri d\u00f6nd\u00fcr\u00fclemez bir karard\u0131r\u201d<\/strong><\/p>\n<p><strong>\u015eimdi biraz, ge\u00e7mi\u015f y\u0131llara d\u00f6nelim. Refah Partili, Fazilet Partili g\u00fcnleri hat\u0131rlayal\u0131m. Suudi Arabistan\u2019dan gelen \u00e7i\u00e7e\u011fi burnunda siyaset\u00e7i Abdullah G\u00fcl\u2019\u00fcn Refah Partisi i\u00e7indeki y\u0131ld\u0131z\u0131, O\u011fuzhan Asilt\u00fcrk sayesinde h\u0131zl\u0131 bir y\u00fckseli\u015fe ge\u00e7mi\u015fti. G\u00fcl, \u00f6nce genel ba\u015fkan yard\u0131mc\u0131s\u0131 olmu\u015f, ard\u0131ndan da REFAHYOL h\u00fck\u00fcmetinde Devlet Bakanl\u0131\u011f\u0131 g\u00f6revine getirilmi\u015fti. <\/strong><\/p>\n<p><strong>O y\u0131llarda Abdullah G\u00fcl, Refah Partisi \u201ci\u00e7inden\u201d haber alabilmek i\u00e7in ger\u00e7ekten gazeteciler i\u00e7in iyi bir kaynak gibiydi. G\u00fcl, gazetecilere bizim perde arkas\u0131 dedi\u011fimiz bilgileri verirken de olduk\u00e7a dikkatli davran\u0131r, bunun Erbakan ve yak\u0131n arkada\u015flar\u0131 taraf\u0131ndan anla\u015f\u0131lmamas\u0131 i\u00e7in ola\u011fan\u00fcst\u00fc tedbirler al\u0131rd\u0131. Erbakan ve yak\u0131n arkada\u015flar\u0131na sempati duyan gazetecilere ise z\u0131rn\u0131k koklatmazd\u0131.<\/strong><\/p>\n<p><strong>O y\u0131llarda Abdullah G\u00fcl, partideki yenilik\u00e7i hareketin hep \u00f6nde gelen ismiydi. Fakat gazeteci arkada\u015flardan en \u00e7ok \u015funu rica ederdi; \u201dAman beni yenilik\u00e7i\u201d diye yazmay\u0131n. \u00d6zel hukuku olan ki\u015filerle konu\u015furken, Erbakan ve yak\u0131n \u00e7evresindeki arkada\u015flar\u0131 ele\u015ftirirken hep \u201cPolit B\u00fcro\u201d ifadesini kullan\u0131rd\u0131. <\/strong><\/p>\n<p><strong>Polit B\u00fcro dedi\u011fi ki\u015filer de, Necmettin Erbakan\u2019\u0131n etraf\u0131ndaki insanlard\u0131. G\u00fcl, parti i\u00e7indeki s\u0131k\u0131nt\u0131lar\u0131n\u0131 anlat\u0131rken, \u201cparti i\u00e7inde SSCB tipi bir yap\u0131lanma oldu\u011fundan bahseder, s\u0131k s\u0131k \u201cbunu k\u0131rman\u0131n imk\u00e2ns\u0131zl\u0131\u011f\u0131n\u0131\u201d anlat\u0131r; bir \u015fey yapmak isteyip de ba\u015faramad\u0131\u011f\u0131 zaman \u201cgene Polit B\u00fcro\u2019yu ge\u00e7emedik\u201d \u015feklinde konu\u015fur ve eklerdi; \u201caman bunu sak\u0131n yazmay\u0131n ha, Erbakan Hoca\u2019ya beni yedirtmeyin!\u201d<\/strong><\/p>\n<p><strong>Takvimler 14 May\u0131s 2000\u2019ini g\u00f6sterdi\u011finde Milli G\u00f6r\u00fc\u015f\u2019\u00fcn Fazilet Partisi\u2019nde yol ayr\u0131m\u0131na gelinmi\u015fti.\u201d Erbakan Hoca\u2019n\u0131n tavsiye ve telkinlerine ra\u011fmen Abdullah G\u00fcl, b\u00fcy\u00fck kongrede Recai Kutan\u2019a rakip \u00e7\u0131km\u0131\u015f, kaybetmesine ra\u011fmen Milli G\u00f6r\u00fc\u015f\u2019\u00fcn par\u00e7alanmas\u0131nda ba\u015frol \u00fcstlenmi\u015fti.<\/strong><a href=\"#_ftn2\">[2]<\/a><\/p>\n<p>\u00a0<\/p>\n<p>\u00a0<\/p>\n<p>\u00a0<\/p>\n<p>\u00a0<\/p>\n<p>\u00a0<\/p>\n<p>\u00a0<\/p>\n<p>\u00a0<\/p>\n<p>\u00a0<\/p>\n<p>\u00a0<\/p>\n<p>\u00a0<\/p>\n<p> <br clear=\"all\" \/> <\/p>\n<hr \/>\n<p><a href=\"#_ftnref1\">[1]<\/a> Mustafa \u00d6zcan \/ Milli Gazete<\/p>\n<p><a href=\"#_ftnref2\">[2]<\/a> Ahmet Takan\/ Avazt\u00fcrk.com<\/p>\n","protected":false},"excerpt":{"rendered":"<p><strong>AKP\u2019nin me\u015fhurlar\u0131, yakla\u015fan ac\u0131 ak\u0131betlerinden habersiz, ABD ve \u0130srail\u2019in asla yenilmezli\u011fine g\u00fcvenerek, daha \u00fcst makamlara t\u0131rmanma tela\u015f\u0131yla \u00e7\u0131rp\u0131nmaktayd\u0131. Abdullah G\u00fcl makam\u0131n\u0131 korumaya, Recep T. Erdo\u011fan Cumhurba\u015fkanl\u0131\u011f\u0131na ta\u015f\u0131nmaya, B\u00fclent Ar\u0131n\u00e7 AKP\u2019nin ba\u015f\u0131na ve tabi ba\u015fbakanl\u0131\u011fa oynamaktayd\u0131. Cumhurba\u015fkan\u0131 dan\u0131\u015fman\u0131 Ahmet Sever\u2019in H\u00fcrriyet Gazetesine \u201cAbdullah G\u00fcl\u2019\u00fcn tarafs\u0131zl\u0131\u011f\u0131n\u0131, ho\u015fg\u00f6r\u00fcl\u00fc tarz\u0131n\u0131, e\u015finin hay\u0131rseverli\u011fini ve duyarl\u0131l\u0131\u011f\u0131n\u0131; \u00c7ankaya sakinlerinin olduk\u00e7a demokratik ve laik tavr\u0131n\u0131\u201d anlatan ve reklam\u0131n\u0131 yapan a\u00e7\u0131klamalar\u0131 da, Sn. G\u00fcl\u2019\u00fcn niyet ve heveslerini yans\u0131tmaktayd\u0131.<\/strong><\/p>\n","protected":false},"author":8,"featured_media":0,"comment_status":"open","ping_status":"closed","sticky":false,"template":"","format":"standard","meta":{"footnotes":""},"categories":[107],"tags":[],"class_list":["post-1766","post","type-post","status-publish","format-standard","hentry","category-nisan-2010"],"_links":{"self":[{"href":"https:\/\/www.millicozum.com\/mc\/wp-json\/wp\/v2\/posts\/1766","targetHints":{"allow":["GET"]}}],"collection":[{"href":"https:\/\/www.millicozum.com\/mc\/wp-json\/wp\/v2\/posts"}],"about":[{"href":"https:\/\/www.millicozum.com\/mc\/wp-json\/wp\/v2\/types\/post"}],"author":[{"embeddable":true,"href":"https:\/\/www.millicozum.com\/mc\/wp-json\/wp\/v2\/users\/8"}],"replies":[{"embeddable":true,"href":"https:\/\/www.millicozum.com\/mc\/wp-json\/wp\/v2\/comments?post=1766"}],"version-history":[{"count":0,"href":"https:\/\/www.millicozum.com\/mc\/wp-json\/wp\/v2\/posts\/1766\/revisions"}],"wp:attachment":[{"href":"https:\/\/www.millicozum.com\/mc\/wp-json\/wp\/v2\/media?parent=1766"}],"wp:term":[{"taxonomy":"category","embeddable":true,"href":"https:\/\/www.millicozum.com\/mc\/wp-json\/wp\/v2\/categories?post=1766"},{"taxonomy":"post_tag","embeddable":true,"href":"https:\/\/www.millicozum.com\/mc\/wp-json\/wp\/v2\/tags?post=1766"}],"curies":[{"name":"wp","href":"https:\/\/api.w.org\/{rel}","templated":true}]}}