{"id":1778,"date":"2010-03-24T19:02:05","date_gmt":"2010-03-24T19:02:05","guid":{"rendered":"https:\/\/www.millicozum.com\/mc\/2010\/03\/24\/ergenekomik-iddialarin-ve-sosyo-trajik-intiharlarin-perde-arkasi\/"},"modified":"2010-03-24T19:02:05","modified_gmt":"2010-03-24T19:02:05","slug":"ergenekomik-iddialarin-ve-sosyo-trajik-intiharlarin-perde-arkasi","status":"publish","type":"post","link":"https:\/\/www.millicozum.com\/mc\/2010\/nisan-2010\/ergenekomik-iddialarin-ve-sosyo-trajik-intiharlarin-perde-arkasi\/","title":{"rendered":"ERGENEKOM\u0130K \u0130DD\u0130ALARIN VE SOSYO-TRAJ\u0130K \u0130NT\u0130HARLARIN PERDE ARKASI"},"content":{"rendered":"<p>\u00a0<strong>Milli iradeyi i\u00e7ine sindiremeyen ve irtica bahanesiyle Y\u00fcce Dinimizle m\u00fccadele eden karanl\u0131k kafal\u0131 insanlar ve h\u0131yanet hesapl\u0131 yap\u0131lanmalar bulunsa da, bu bahane ile ba\u015flat\u0131lan Ergenekon dalgalar\u0131, iddialar\u0131, tutuklamalar\u0131, ev bask\u0131nlar\u0131 ve cehennem azab\u0131na d\u00f6n\u00fc\u015fen arama operasyonlar\u0131; psikolojik bir h\u0131rpalama ve h\u0131r\u00e7\u0131nla\u015ft\u0131rma arac\u0131 olarak ac\u0131 meyvelerini vermeye ba\u015fl\u0131yor ve pek \u00e7ok insan bu onur k\u0131r\u0131c\u0131 ve k\u0131\u015fk\u0131rt\u0131c\u0131 bask\u0131lara dayanamayarak intihar ediyordu. \u00dcstelik bunlar TSK\u2019n\u0131n \u00e7e\u015fitli kademelerinde ve stratejik g\u00f6revlerde hizmet veriyordu. <\/strong><\/p>\n<p><strong>Ergenekon senaryolar\u0131 ve say\u0131s\u0131z s\u00f6zde darbe iddialar\u0131 ile TSK\u2019ya y\u00f6nelik neler ama\u00e7lanm\u0131\u015ft\u0131 ve ne oranda ba\u015far\u0131ld\u0131?<\/strong><\/p>\n<p><strong>1- T\u00fcrk Ordusu\u2019nu b\u00f6lme \u00e7abalar\u0131:<\/strong><\/p>\n<p><strong>a) D\u00f6nemin Genelkurmay Ba\u015fkan\u0131 Em. Org. Hilmi \u00d6zk\u00f6k ile d\u00f6nemin Kuvvet Komutanlar\u0131 ve Ordu Komutanlar\u0131 aras\u0131nda ayr\u0131l\u0131k m\u0131 vard\u0131!<\/strong><\/p>\n<p>Bunun en somut \u00f6rne\u011fini Balyoz tart\u0131\u015fmalar\u0131nda s\u00f6ylenen olu\u015fturuyordu.<\/p>\n<p>Em. Org. \u00c7etin Do\u011fan: \u201cHilmi \u00d6zk\u00f6k yurtta\u015fl\u0131k g\u00f6revini yaps\u0131n\u201d \u00e7a\u011fr\u0131s\u0131nda bulunuyordu.<\/p>\n<p>Em. Org. Hilmi \u00d6zk\u00f6k: \u201cMuhatap Ayta\u00e7 Yalman\u2019d\u0131r\u201d yan\u0131t\u0131n\u0131 veriyordu.<\/p>\n<p>Em. Org. Ayta\u00e7 Yalman: \u201cOrg. Ba\u015fbu\u011f kurmay ba\u015fkan\u0131md\u0131, o bilir\u201d diyordu.<\/p>\n<p>Em. Org. \u00c7etin Do\u011fan: \u201cOrg. \u00d6zk\u00f6k\u2019\u00fcn a\u00e7\u0131klamalar\u0131n\u0131 yetersiz\u201d buluyordu.<\/p>\n<p><strong>b) Ergenekon tertibi nedeniyle yarg\u0131lanan komutanlar ile yarg\u0131lanmayan komutanlar aras\u0131nda ayr\u0131l\u0131k m\u0131 vard\u0131?<\/strong><\/p>\n<p><strong>c) Ordunun tepesi ile ordunun g\u00f6vdesi aras\u0131nda ayr\u0131l\u0131k m\u0131 vard\u0131?<\/strong><\/p>\n<p>\u201cAmirallere s\u00f6zde suikast iddialar\u0131 ile tutuklanan subaylar\u0131n horlanmas\u0131, sahip \u00e7\u0131k\u0131lmayan albaylar\u0131n, yarbaylar\u0131n intiharlar\u0131, yapt\u0131\u011f\u0131 g\u00f6revler nedeniyle kararg\u00e2h\u0131ndan g\u00f6zalt\u0131na al\u0131nan komutanlara sahip \u00e7\u0131k\u0131lmad\u0131\u011f\u0131\u201d iddialar\u0131 TSK\u2019y\u0131 par\u00e7alamaya m\u0131, yoksa i\u00e7indeki \u00e7\u00fcr\u00fckleri ay\u0131klamay\u0131 m\u0131 ama\u00e7lam\u0131\u015ft\u0131?<\/p>\n<p><strong>2- Ordu-Millet birli\u011fini zay\u0131flatmak hesaplar\u0131:<\/strong><\/p>\n<p>TSK\u2019ya g\u00fcven, millet nezdinde y\u0131llard\u0131r % 100\u2019lere yak\u0131n seyretmekteydi. Ancak son yap\u0131lan anket \u00e7al\u0131\u015fmalar\u0131nda (do\u011frulu\u011fu tart\u0131\u015fmal\u0131 bile olsa) bu oran % 60\u2019lara kadar d\u00fc\u015fmekteydi! Peki, bu \u00fcz\u00fcc\u00fc ve \u00fcrk\u00fct\u00fcc\u00fc geli\u015fme hangi g\u00fc\u00e7lerin ve geli\u015fmelerin eseriydi?<\/p>\n<p><strong>3- TSK\u2019y\u0131 milli stratejiden yoksun b\u0131rakma planlar\u0131:<\/strong><\/p>\n<p>2005 tarihli Milli G\u00fcvenlik Siyaset Belgesi\u2019nden h\u00fck\u00fcmetin \u00e7\u0131kard\u0131\u011f\u0131 D\u0131\u015f G\u00fcvenlik Eylem Plan\u0131 ekinden sonra yap\u0131lacak (kom\u015fularla s\u0131f\u0131r sorun politikas\u0131 gere\u011fi!) yeni d\u00fczenlemeler, T\u00fcrkiye\u2019yi \u00f6zellikle Irak\u2019\u0131n kuzeyinden ve K\u0131br\u0131s\u2019tan gelen tehditlere kar\u015f\u0131 daha da zor durumda b\u0131rakacakt\u0131 ve tam bu s\u00fcre\u00e7te Recep Erdo\u011fan\u2019\u0131n \u201cK\u0131br\u0131s\u2019tan asker \u00e7ekebileceklerini\u201d a\u00e7\u0131klamas\u0131, endi\u015felerimizi hakl\u0131 \u00e7\u0131karmaktayd\u0131.<\/p>\n<p><strong>T\u00fcrk Deniz Kuvvetleri ni\u00e7in hedef se\u00e7iliyordu? <\/strong><\/p>\n<p>T\u00fcrk Silahl\u0131 Kuvvetleri i\u00e7inde, &#8220;onur patlamas\u0131&#8221; olarak kavramla\u015ft\u0131r\u0131lan intihar vakalar\u0131 \u00fclkenin g\u00fcndemini sarsmaya devam ederken, intihar eden subaylar\u0131n \u00e7o\u011funlu\u011funun Deniz Kuvvetleri&#8217;ne mensup olmalar\u0131 anlaml\u0131yd\u0131. Son olarak, bu A\u011fustos&#8217;ta amiralli\u011fe terfisine kesin g\u00f6z\u00fcyle bak\u0131lan K\u0131demli Kurmay Albay Berk Erdenin intihar\u0131, g\u00f6zleri bir kez daha Deniz Kuvvetleri Komutanl\u0131\u011f\u0131&#8217;na \u00e7evirmi\u015f durumdayd\u0131.<\/p>\n<p>Denizci subaylar\u0131n intihar nedenleri \u00fczerinde durmak laz\u0131md\u0131. Uzatmadan cevab\u0131 yazal\u0131m; irtica ile m\u00fccadele plan\u0131&#8217;ndan amirallere suikast plan\u0131 ve kafes plan\u0131&#8217;na kadar bir\u00e7ok iddia ve buna e\u015flik eden \u00e7irkin karalama kampanyalar\u0131, Deniz Kuvvetleri&#8217;ni hedef almakta ve burada g\u00f6rev yapan personelin moralini bozmaktayd\u0131. Genelkurmay Ba\u015fkan\u0131 \u0130lker Ba\u015fbu\u011f&#8217;un G\u00f6lc\u00fck&#8217;teki Donanma Komutanl\u0131\u011f\u0131&#8217;na yapt\u0131\u011f\u0131 destek ziyaretini, her t\u00fcrl\u00fc insani \u00f6l\u00e7\u00fcn\u00fcn d\u0131\u015f\u0131ndaki bu vicdans\u0131z sinir harbinin yaratt\u0131\u011f\u0131 tahribat\u0131 onarma \u00e7abas\u0131 olarak okumal\u0131d\u0131r.<\/p>\n<p>Bu noktada, Orgeneral Yi\u011fit&#8217;in &#8220;Poyrazk\u00f6y&#8217;de cephane saklamakla su\u00e7lananlar, birli\u011fin komutan\u0131; neden silahlar\u0131 dere yata\u011f\u0131na g\u00f6ms\u00fcnler ki?&#8221; sorusu, Denizcilere kar\u015f\u0131 y\u00fcr\u00fct\u00fclen kampanyan\u0131n ger\u00e7eklere dayanmad\u0131\u011f\u0131 konusunda son derece ikna edici bir yan\u0131t bar\u0131nd\u0131rmaktad\u0131r. O halde b\u00fct\u00fcn bu haks\u0131z su\u00e7lamalar ni\u00e7in Deniz Kuvvetleri \u00fczerinde yo\u011funla\u015fmaktad\u0131r?\u00a0\u00a0<\/p>\n<p><strong>Karadeniz&#8217;de ni\u00e7in egemenlik sava\u015f\u0131 ya\u015fan\u0131yordu?\u00a0\u00a0\u00a0\u00a0\u00a0\u00a0 <\/strong><\/p>\n<p>Bu sorunun cevab\u0131, Siyonist ma\u015fas\u0131 Amerika&#8217;n\u0131n Karadeniz\u2019e yerle\u015fme planlar\u0131na kar\u015f\u0131l\u0131k, T\u00fcrkiye\u2019nin ba\u011f\u0131ms\u0131z Avrasya \u00e7izgisinde Rusya&#8217;ya yana\u015fma politikalar\u0131n\u0131n ayr\u0131nt\u0131lar\u0131nda yatmaktad\u0131r.<\/p>\n<p><strong>a)<\/strong>\u00a0 4 \u015eubat g\u00fcn\u00fc Romanya Ba\u015fkan\u0131 Traian Basescu&#8217;nun, ABD&#8217;nin f\u00fcze savunma sistemini Romanya&#8217;ya yerle\u015ftirece\u011fi y\u00f6n\u00fcndeki a\u00e7\u0131klamas\u0131, kuzeyimizdeki g\u00fc\u00e7ler dengesini \u00f6nemli \u00f6l\u00e7\u00fcde de\u011fi\u015ftirecek bir ad\u0131md\u0131r. Nitekim M\u00fcnih G\u00fcvenlik Zirvesi s\u0131ras\u0131nda al\u0131nan bu &#8220;beklenmedik&#8221; karar, f\u00fcze sisteminin \u0130ran&#8217;dan daha \u00e7ok kendisine y\u00f6neldi\u011fini d\u00fc\u015f\u00fcnen Rusya&#8217;y\u0131 harekete ge\u00e7irmi\u015f ve ertesi g\u00fcn devlet ba\u015fkan\u0131 Medvedev, NATO&#8217;nun ve Amerika&#8217;n\u0131n yerle\u015ftirece\u011fi f\u00fcze savunma sisteminin ulusal g\u00fcvenli\u011fe ve b\u00f6lgesel istikrara tehdit olu\u015fturdu\u011funu kabul eden &#8220;yeni askeri doktrini&#8221; imzalam\u0131\u015ft\u0131r.<\/p>\n<p>Karadeniz&#8217;e k\u0131y\u0131 olmayan \u00fclkelere ait sava\u015f gemilerinin \u00fc\u00e7 haftadan daha fazla kalamayaca\u011f\u0131na veya \u00fc\u00e7\u00fcnc\u00fc \u00fclkelere ait sava\u015f gemilerine konan tonaj s\u0131n\u0131r\u0131na ili\u015fkin maddeleri Amerikan taraf\u0131n\u0131n hangi yollarla a\u015faca\u011f\u0131 belirsizli\u011fini korumaktad\u0131r. Ne olursa olsun, ortada olan tek ger\u00e7ek \u015fudur ki, Romanya&#8217;ya yerle\u015fen Amerika&#8217;n\u0131n Montr\u00f6&#8217;y\u00fc ihlal etmeksizin gemilerini Karadeniz&#8217;de tutmas\u0131 imk\u00e2ns\u0131zd\u0131r.<\/p>\n<p><strong>b)<\/strong> <strong>Karalama kampanyalar\u0131:<\/strong> GKB Ba\u015fbu\u011f&#8217;un Habert\u00fcrk&#8217;e verdi\u011fi m\u00fclakatta; \u201cb\u00fcy\u00fck devletlerin Karadeniz&#8217;e h\u00e2kim olma \u00e7abas\u0131na de\u011finip, Karadeniz&#8217;in \u00f6neminin artt\u0131\u011f\u0131n\u0131 ve burada yap\u0131lacak ufak bir hatan\u0131n bile bedelinin elli-altm\u0131\u015f sene sonra ortaya \u00e7\u0131kaca\u011f\u0131n\u0131\u201d s\u00f6ylemesi anlaml\u0131d\u0131r. TSK&#8217;ya kar\u015f\u0131 y\u00fcr\u00fct\u00fclen iftira ve y\u0131pratma kampanyas\u0131n\u0131n i\u00e7 mihraklardan m\u0131 yoksa d\u0131\u015f mihraklardan m\u0131 destek ald\u0131\u011f\u0131na ili\u015fkin soruya da \u0130lker Pa\u015fa, &#8220;g\u00fcn\u00fc gelince konu\u015furuz onu da&#8221; yan\u0131t\u0131 \u00fczerinde durulmal\u0131d\u0131r.<\/p>\n<p>Montr\u00f6 S\u00f6zle\u015fmesi, Amerika&#8217;n\u0131n Rusya&#8217;y\u0131 ku\u015fatma politikas\u0131n\u0131n \u00f6n\u00fcndeki uluslararas\u0131 hukuka ili\u015fkin engellerden bir tanesidir; hem NATO tatbikatlar\u0131 hem de \u0130srail&#8217;le yap\u0131lan ortak tatbikatlarda bu s\u00f6zle\u015fmenin s\u00fcrekli ihlal edilmesine bak\u0131l\u0131rsa, bu engelin kimlerin i\u015fini zorla\u015ft\u0131rd\u0131\u011f\u0131 ortaya \u00e7\u0131kmaktad\u0131r. Ancak, G\u00fcrcistan Sava\u015f\u0131 sonras\u0131nda lehine d\u00f6nen g\u00fc\u00e7 dengelerinden taviz vermek istemeyece\u011fi anla\u015f\u0131lan Rusya&#8217;n\u0131n, bundan sonra, Montr\u00f6 ihlallerine kar\u015f\u0131 daha duyarl\u0131 olaca\u011f\u0131m ve ge\u00e7mi\u015fte oldu\u011fu gibi sadece homurdanmakla yetinmeyece\u011fi a\u00e7\u0131kt\u0131r.<\/p>\n<p>\u00d6zetleyecek olursak; Montr\u00f6 \u00fczerinden bir \u00e7at\u0131\u015fma \u00e7\u0131karsa, hem bo\u011fazlar\u0131 elinde tuttu\u011fu hem de Karadeniz&#8217;e k\u0131y\u0131s\u0131 oldu\u011fu i\u00e7in, T\u00fcrkiye bu \u00e7at\u0131\u015fman\u0131n d\u0131\u015f\u0131nda kalamayacakt\u0131r. Amerika t\u00fcr\u00fcnden tarihsel bir &#8220;m\u00fcttefikin, T\u00fcrkiye yerine Romanya&#8217;ya yerle\u015fmesi durumunda, terk edilme korkusu ya\u015fayacak baz\u0131 unsurlar\u0131n Montr\u00f6&#8217;y\u00fc savunma konusunda bir diren\u00e7 g\u00f6sterme ihtimali bulunmaktad\u0131r ve Washington&#8217;un bu ihtimali g\u00f6z \u00f6n\u00fcne ald\u0131\u011f\u0131 anla\u015f\u0131lmaktad\u0131r. Gerek\u00e7esi ne olursa olsun, bu direnci sergileyebilecek tek g\u00fc\u00e7, T\u00fcrk donanmas\u0131d\u0131r.<\/p>\n<p>E\u015fref Yi\u011fit Pa\u015fa&#8217;n\u0131n,&#8221;gemiler teknoloji ile y\u00fcz\u00fcyor, ama morali bozulan personel gemiyi y\u00fczd\u00fcremez&#8221; s\u00f6zleri \u00e7arp\u0131c\u0131d\u0131r. Amerika&#8217;n\u0131n Montr\u00f6&#8217;y\u00fc ayak ba\u011f\u0131 sayd\u0131\u011f\u0131 bu a\u015famada, T\u00fcrkiye&#8217;nin imzas\u0131n\u0131n oldu\u011fu bu anla\u015fmay\u0131 savunabilecek g\u00fc\u00e7lerin y\u0131prat\u0131lmas\u0131n\u0131 tesad\u00fcf saymak ahmakl\u0131kt\u0131r.<a href=\"#_ftn1\">[1]<\/a><\/p>\n<p><strong>En son, hastanede tutuklu E. Jandarma tu\u011fgenerali Levent Ers\u00f6z&#8217;\u00fcn, hastane h\u00fccresi ve 11 yak\u0131n\u0131n\u0131n adresi bask\u0131nlara u\u011fray\u0131nca ve kendilerine s\u0131zd\u0131r\u0131lan bilgiler marazl\u0131 medyada onur ve huzur cell\u00e2tl\u0131\u011f\u0131 tavr\u0131yla ve ger\u00e7ekmi\u015f havas\u0131yla, sorgusuz infaza tabi tutulunca, art\u0131k dayanamayan k\u0131z\u0131 da bileklerini kesiyordu. K\u0131saca filler tepinirken arada fareler eziliyordu!<\/strong><\/p>\n<p><strong>Sivil denetim diye masonik y\u00f6netime ge\u00e7i\u015f i\u00e7in Ergenekon d\u00fc\u011fmesine \u015f\u00f6yle bas\u0131l\u0131yordu:\u00a0\u00a0\u00a0\u00a0\u00a0 <\/strong><\/p>\n<p>Tutuksuz Ergenekon San\u0131\u011f\u0131 Ali Yi\u011fit&#8217;in babas\u0131 \u015eevki Yi\u011fit, jandarmaya telefon edip kendi evlad\u0131n\u0131n ve askerde komutan\u0131 olan bir astsubay\u0131n, \u00f6rg\u00fct i\u015flerinde kulland\u0131klar\u0131 bo\u015f bir evin \u00e7at\u0131 kat\u0131nda ve \u00f6zel bir k\u0131sm\u0131nda, el bombalar\u0131 ve C-4 patlay\u0131c\u0131 kal\u0131plar\u0131 bulundu\u011funu belirtip su\u00e7 duyurusunda bulunuyordu. Telefon ses kay\u0131tlar\u0131 da TV&#8217;lerden i\u015ftahla aktar\u0131l\u0131yordu. Olay\u0131n teknik ve teorik boyutlar\u0131n\u0131 bildi\u011fi ve birileri taraf\u0131ndan e\u011fitilerek g\u00f6revli olarak ihbar etti\u011fi a\u00e7\u0131k\u00e7a s\u0131r\u0131t\u0131yordu. B\u00f6ylesine gizli ve tehlikeli m\u00fchimmat saklanan ve bo\u015f b\u0131rak\u0131l\u0131p, \u00e7ok seyrek u\u011fran\u0131lan bir evi ve \u00e7at\u0131daki gizli ve tehlikeli b\u00f6lmeyi, o\u011flu ve komutan\u0131 acaba, tetkik ve tefti\u015f i\u00e7in mi g\u00f6t\u00fcr\u00fcp babalar\u0131na g\u00f6steriyordu? Yoksa bu ihbar\u0131 yapt\u0131rmak ve Ergenekon davalar\u0131 i\u00e7in d\u00fc\u011fmeye bast\u0131rmak \u00fczere mi bu adam haz\u0131rlan\u0131yordu?<\/p>\n<p>Ve hele, bu ihbar\u0131n \u0130stanbul polisine de\u011fil de Trabzon Jandarmas\u0131na yap\u0131lmas\u0131, acaba Fetullah\u00e7\u0131 ve ClA&#8217;c\u0131 baz\u0131 emniyet\u00e7ilerin &#8220;senaryoyu sahici g\u00f6sterme ve do\u011fruculuk sergileme&#8221; oyunu muydu? Oysa Ergenekon h\u00e2kimlerinin resmi sorusu \u00fczerine, Genelkurmay; &#8220;orduyu karalama, muhalifleri tutuklay\u0131p korkutma&#8221; operasyonlar\u0131na bahane yap\u0131lan &#8220;bu el bombalar\u0131 ve m\u00fchimmatlar\u0131n TSK envanterlerinde kay\u0131tl\u0131 olmad\u0131\u011f\u0131n\u0131 ve kay\u0131p bulunmad\u0131\u011f\u0131n\u0131&#8221; a\u00e7\u0131kl\u0131yordu.<\/p>\n<p>Bu arada, 16 ay tutuklu kald\u0131ktan sonra serbest b\u0131rak\u0131lan Ergenekon san\u0131\u011f\u0131 Adil Serdar Sa\u00e7an avukat olan karde\u015finin tahliye s\u0131ras\u0131nda sarf etti\u011fi;<\/p>\n<p>&#8220;Biz u\u011frad\u0131\u011f\u0131m\u0131z haks\u0131zl\u0131k ve ma\u011fduriyet nedeniyle devletimizi ve h\u00fck\u00fcmetimizi d\u0131\u015f \u00fclkelere (AB&#8217;ye) \u015fik\u00e2yet etmeyi d\u00fc\u015f\u00fcnm\u00fcyoruz&#8221; a\u00e7\u0131klamas\u0131 da &#8220;kar\u015f\u0131l\u0131kl\u0131 uzla\u015fmay\u0131 ve dan\u0131\u015f\u0131kl\u0131 kavgay\u0131&#8221; hat\u0131rlat\u0131yordu.<\/p>\n<p>Yoksa, Eski Organize Su\u00e7lar \u015eube M\u00fcd\u00fcr\u00fc Adil Serdar Sa\u00e7an, kendisinden \u0131srarla istendi\u011fi gibi &#8220;TSK&#8217;y\u0131 su\u00e7layan ve J\u0130TEM&#8217;i \u00e7ete olu\u015fumu olarak sunan&#8221; ifadeleri verdi\u011fi i\u00e7in mi serbest b\u0131rak\u0131l\u0131yordu?<\/p>\n<p>Bilindi\u011fi gibi Bay Serdar Sa\u00e7an, Ergenekon davas\u0131na temel dayamak say\u0131lan ve \u015fu anda Kanada&#8217;da bir havrada haham \u00e7\u0131rakl\u0131\u011f\u0131yla u\u011fra\u015fan Tuncay G\u00fcney denen o\u011flan\u0131n sorgusunu yapan ve ses kay\u0131tlar\u0131n\u0131 alan ki\u015fi olarak biliniyordu.<\/p>\n<p>\u00d6zetle; Siyonizmin T\u00fcrkiye&#8217;de ki s\u00f6m\u00fcr\u00fc arabalar\u0131nda uzun y\u0131llar kullan\u0131p ko\u015fturduklar\u0131: sahte Kemalist, suni \u015eamanist ve samimi kom\u00fcnist ve Mason tak\u0131m\u0131n\u0131, iyice y\u0131prand\u0131\u011f\u0131 ve \u015f\u0131mard\u0131\u011f\u0131 i\u00e7in bunlar\u0131 emekliye ay\u0131r\u0131p, yerlerine \u00e7ok daha hesapl\u0131, itaatli ve toplumda taban\u0131 ve taraftar\u0131 olan \u0131l\u0131ml\u0131 \u0130slamc\u0131, Din istismarc\u0131s\u0131 ve demokrasi tantanal\u0131 kadrolar\u0131 ko\u015fma kumpas\u0131 ortaya \u00e7\u0131kan bu Ergenekomik davas\u0131n\u0131n gazab\u0131ndan kurtulmak i\u00e7in:<\/p>\n<p><strong>1-\u00a0\u00a0\u00a0\u00a0\u00a0\u00a0 <\/strong>Ya d\u0131\u015f g\u00fc\u00e7leri ve hain i\u015fbirlik\u00e7ileri ahlaks\u0131zca alk\u0131\u015flayacakt\u0131n\u0131z.<\/p>\n<p><strong>2-\u00a0\u00a0\u00a0\u00a0\u00a0\u00a0 <\/strong>Ya itiraf\u00e7\u0131 ve gizli (yalanc\u0131) tan\u0131k olacakt\u0131n\u0131z.<\/p>\n<p><strong>3-\u00a0\u00a0\u00a0\u00a0\u00a0\u00a0 <\/strong>Veya intiharc\u0131 olup k\u0131r\u0131lan gururunuzdan dolay\u0131 can\u0131n\u0131za k\u0131yacakt\u0131n\u0131z.<\/p>\n<p><strong>4-<\/strong>\u00a0\u00a0\u00a0\u00a0\u00a0\u00a0 Ya da, cezaevlerinde \u00e7\u00fcr\u00fcmeye b\u0131rak\u0131lacakt\u0131n\u0131z ve aln\u0131n\u0131za yap\u0131\u015ft\u0131r\u0131lan \u00e7ete yanl\u0131s\u0131 yaftas\u0131yla ya\u015fayacakt\u0131n\u0131z.<\/p>\n<p>Hatta, AKP \u0130\u00e7i\u015fleri bakan\u0131n\u0131n &#8220;demokratik a\u00e7\u0131l\u0131m&#8221; kapsam\u0131nda haz\u0131rlad\u0131klar\u0131n\u0131 duyurduklar\u0131; &#8220;Ba\u011f\u0131ms\u0131z Kolluk Denetim Kurulu&#8221;nun da, TSK&#8217;y\u0131 tesirsiz b\u0131rakma ve t\u00f6hmet alt\u0131nda tutma kurgusu ve komplosu oldu\u011fu seziliyordu. En az\u0131ndan yakla\u015fan se\u00e7imler de kullanacaklar\u0131 &#8220;Askeri hizaya sokuyoruz&#8221; kahramanl\u0131klar\u0131na, propaganda malzemesi olu\u015fturuyordu.<\/p>\n<p>G\u00fcya vatanda\u015flara; hakaret ve haks\u0131zl\u0131\u011fa u\u011frad\u0131klar\u0131 iddias\u0131yla asker ve polis hakk\u0131nda \u015fik\u00e2yet\u00e7i olma hakk\u0131 ve imk\u00e2n\u0131 sa\u011flan\u0131yordu. Burada &#8220;polis&#8221; kelimesi, kamuflaj maydanozu olarak kullan\u0131l\u0131yordu. En az\u0131ndan F tipi \u015febekeye kat\u0131lmayan polisler korkutuluyordu. B\u00f6ylece askerler, sivil denetim alt\u0131na sokuluyordu. Pa\u015falar komutanlar Ergenekon Savc\u0131l\u0131klar\u0131na ta\u015f\u0131n\u0131p, psikolojikmen tartakland\u0131klar\u0131 gibi, daha alt r\u00fctbeli subaylar da, bundan b\u00f6yle &#8220;Fetullah\u00e7\u0131, AKP \u015fak\u015fak\u00e7\u0131s\u0131, din istismarc\u0131s\u0131, menfaat f\u0131rsat\u00e7\u0131s\u0131 ve masonik medya yalakas\u0131&#8221; vatanda\u015flar\u0131n; &#8220;Askeri lojman\u0131n \u00f6n\u00fcnden ge\u00e7erken yan bakt\u0131&#8221;, &#8220;Arac\u0131yla \u00fcst\u00fcme \u00e7amur f\u0131rlatt\u0131&#8221;, &#8220;Askerde o\u011fluma sert yapt\u0131&#8221; gibi \u015fik\u00e2yetleriyle, daha alt r\u00fctbeli subaylar da mahalle karakollar\u0131na ta\u015f\u0131nmak m\u0131 isteniyordu?<\/p>\n<p>Acaba biz mi, a\u015f\u0131r\u0131 ku\u015fkucu ve komplocuyduk, yoksa bu yanda\u015f medya m\u0131 ters ve teres yorumcuydu.<\/p>\n<p>Evet, evet, &#8220;\u0131l\u0131ml\u0131 \u0130slam&#8221; safsatas\u0131yla papa Hz.lerinin ve siyonizmin hizmetine girerek cami duvar\u0131na pisleyenler \u015fimdi de &#8220;Askere sivil denetim\u201d densizli\u011fiyle k\u0131\u015fla duvar\u0131na, i\u015fiyordu.<\/p>\n<p><strong>EMASYA Protokol\u00fcn\u00fc PKK ve BDP istemiyordu!<\/strong><\/p>\n<p>BDP \u015e\u0131rnak Milletvekili Hasip Kaplan, d\u00fczenledi\u011fi bas\u0131n toplant\u0131s\u0131nda 29 Mart se\u00e7imlerindeki zaferinin hazmedilemedi\u011fini, bu nedenle KCK operasyonlar\u0131n\u0131n ba\u015flat\u0131ld\u0131\u011f\u0131n\u0131, \u015fu an itibariyle bini a\u015fk\u0131n parti \u00fcye ve y\u00f6neticisinin cezaevinde oldu\u011funu \u00f6ne s\u00fcr\u00fcyordu. AKP H\u00fck\u00fcmeti&#8217;nin tahamm\u00fcl s\u0131n\u0131rlar\u0131n\u0131 a\u015ft\u0131\u011f\u0131n\u0131 ve kitlesel demokratik tepkilere kar\u015f\u0131 &#8220;EMASYA gizli protokol\u00fcn\u00fc&#8221; devreye sokmaya \u00e7al\u0131\u015ft\u0131\u011f\u0131n\u0131 iddia eden Kaplan, &#8220;H\u00fck\u00fcmet, 2005 y\u0131l\u0131nda bu gizli protokol\u00fc uzatt\u0131. EMASYA ile baz\u0131 illerde s\u0131k\u0131y\u00f6netim ve sava\u015f hali uygulamas\u0131na ge\u00e7ilerek halk ile asker kar\u015f\u0131 kar\u015f\u0131ya getirilmek istenmektedir. H\u00fck\u00fcmet, gizli protokol ile aradan \u00e7ekilmek, t\u00fcm sorumlulu\u011fu askeri komutaya devretmek, Meclisi devre d\u0131\u015f\u0131 b\u0131rakmak istemektedir&#8221; diye konu\u015fuyordu.<\/p>\n<p><strong>EMASYA Protokol\u00fc ne oluyordu!<\/strong><\/p>\n<p>\u0130\u00e7i\u015fleri Bakanl\u0131\u011f\u0131 ile Genelkurmay Ba\u015fkanl\u0131\u011f\u0131 aras\u0131nda 7 Temmuz 1997&#8217;de imzalanan EMASYA (Emniyet Asayi\u015f Yard\u0131mla\u015fma) Protokol\u00fc ile jandarmaya valilik talep etmese de, kendisinin gerekli g\u00f6rd\u00fc\u011f\u00fc durumlarda, g\u00f6rev alan\u0131 d\u0131\u015f\u0131ndaki toplumsal olaylara el koyma yetkisi veriliyordu. Protokole g\u00f6re b\u00fct\u00fcn kolluk g\u00fc\u00e7lerinin, yard\u0131ma gelen askeri birlik komutan\u0131n\u0131n emrine girmesi \u00f6ng\u00f6r\u00fcl\u00fcyor. EMASYA protokol\u00fc son olarak \u015eemdinli&#8217;de iki astsubay ile bir itiraf\u00e7\u0131n\u0131n Umut Kitapevi&#8217;ne bomba att\u0131\u011f\u0131 iddias\u0131yla a\u00e7\u0131lan davada g\u00fcndeme geldi\u011fi hat\u0131rlan\u0131yordu. Astsubaylar, EMASYA protokol\u00fcn\u00fcn verdi\u011fi yetkiye dayanarak Umut Kitapevi ile ilgili istihbarat \u00e7al\u0131\u015fmas\u0131 yapt\u0131klar\u0131n\u0131 ileri s\u00fcrd\u00fckleri biliniyordu.<\/p>\n<p><strong>BDP Grup Ba\u015fkan\u0131 Nuri Yaman&#8217;a g\u00f6re ise, orduyla h\u00fck\u00fcmet aras\u0131ndaki anla\u015fmay\u0131 i\u00e7eren Emniyet Asayi\u015f Yard\u0131mla\u015fma Protokol\u00fc, ordunun toplumsal olaylara e! koymas\u0131n\u0131n yolunu a\u00e7\u0131yordu.<\/strong><\/p>\n<p>\u00d6te yandan BDP ile ayn\u0131 a\u011f\u0131zla konu\u015fan AKP Bursa Milletvekili Mehmet Ocaktan, &#8220;Demokratik a\u00e7\u0131l\u0131mla ilgili \u00e7al\u0131\u015fmalar\u0131n sa\u011fl\u0131kl\u0131 bir \u015fekilde y\u00fcr\u00fct\u00fclebilmesi&#8217; i\u00e7in 1997&#8217;de imzalanan gizli EMASYA Protokol\u00fc&#8217;n\u00fcn hemen kald\u0131r\u0131lmas\u0131 laz\u0131m&#8221; diye konu\u015fuyordu.<\/p>\n<p>AKP&#8217;nin K\u0131z\u0131lcahamam&#8217;da yap\u0131lan toplant\u0131s\u0131nda, 28 \u015eubat s\u00fcrecinde Genelkurmay ile \u0130\u00e7i\u015fleri Bakanl\u0131\u011f\u0131 aras\u0131nda imzalanan Emniyet Asayi\u015f Yard\u0131mla\u015fma Protokol\u00fc de g\u00fcndeme geliyordu. 7 Temmuz 1997&#8217;de imzalanan bu protokol\u00fc g\u00fcndeme getiren AKP&#8217;li Ocaktan, protokol\u00fc, &#8220;G\u00fcneydo\u011fu&#8217;da ola\u011fan\u00fcst\u00fc hal g\u00f6r\u00fcnt\u00fcs\u00fcn\u00fc ortadan kald\u0131r\u0131p b\u00f6lgeyi normalle\u015ftirmeyi hedefleyen a\u00e7\u0131l\u0131m s\u00fcreci ile uyumsuz bir uygulama olarak&#8221; niteliyordu. Ocaktan, &#8220;\u0130\u00e7i\u015fleri Bakan\u0131m\u0131z, a\u00e7\u0131l\u0131m s\u00fcrecine ili\u015fkin a\u00e7\u0131klamalar\u0131nda, b\u00f6lgedeki yayla yasaklar\u0131n\u0131n, yollardaki barikatlar\u0131n kald\u0131r\u0131laca\u011f\u0131n\u0131 s\u00f6yl\u00fcyordu. Ancak bu protokol, jandarmaya, gerekti\u011finde vali ya da kaymakamdan izin bile almaks\u0131z\u0131n g\u00fcvenlik uygulamalar\u0131 yapabilme olana\u011f\u0131 veriyor. Bu protokol\u00fcn geni\u015f yorumu, sadece k\u0131rsal alanda de\u011fil \u015fehirlerde de operasyon yap\u0131lmas\u0131na olanak sa\u011fl\u0131yor. Jandarman\u0131n bu yetkisinin kald\u0131r\u0131lmas\u0131 gerekiyor&#8221; diyordu. Ocaktan&#8217;\u0131n, AB&#8217;nin ilerleme raporlar\u0131nda da dikkat \u00e7ekilen bu protokol\u00fcn kald\u0131r\u0131lmas\u0131 \u00f6nerisine, AB Ba\u015f m\u00fczakerecisi Egemen Ba\u011f\u0131\u015f, &#8220;Evet, bunu yapmal\u0131y\u0131z&#8221; diye destek veriyordu. \u0130\u00e7i\u015fleri Bakan\u0131 Be\u015fir Atalay da &#8220;Hallederiz bunlar\u0131&#8221; diyerek ge\u00e7i\u015ftiriyordu.<\/p>\n<p><strong>AKP yalakas\u0131 medya kalem\u015f\u00f6rlerinden Ali Bayramo\u011flu da, 1997&#8217;deki EMASYA Protokol\u00fcn\u00fcn 81 il Alay Komutanl\u0131klar\u0131 \u00fczerinden, OHAL&#8217;in kald\u0131r\u0131lmas\u0131yla ya\u015fanan bo\u015flu\u011fu doldurmaya d\u00f6n\u00fck faaliyetleri kapsad\u0131\u011f\u0131n\u0131&#8221; s\u00f6yl\u00fcyordu.<\/strong><\/p>\n<p>Siyonist Mason &#8220;Heinrich B\u00f6ll Stiftung Derne\u011fi&#8217;nin d\u00fczenledi\u011fi &#8220;T\u00fcrkiye Siyasetinde Ordunun Rol\u00fc&#8221; konferans\u0131n\u0131n &#8220;T\u00fcrkiye siyasi sistemi ve Ordu&#8221; ba\u015fl\u0131kl\u0131 panelinde, EMASYA Protokol\u00fc yurtta\u015flar\u0131n fi\u015flenmesi bak\u0131m\u0131ndan ortaya \u00e7\u0131kard\u0131\u011f\u0131 tehlikeler ve Ordu Yard\u0131mla\u015fma Kurumu&#8217;nun (OYAK) ayr\u0131cal\u0131kl\u0131 faaliyetleri de tart\u0131\u015fmaya a\u00e7\u0131l\u0131yordu. Toplant\u0131n\u0131n a\u00e7\u0131\u015f konu\u015fmas\u0131n\u0131 yapan Derne\u011fin T\u00fcrkiye temsilcisi Ulrike Dufner, &#8220;son olarak TESEV&#8217;in askeri and\u0131\u00e7 yoluyla fi\u015flenmesini asla kabul etmeyeceklerini belirterek, &#8220;Korku yerine yeni bir anlay\u0131\u015f geli\u015fmeli. Tarihte neler ya\u015fanm\u0131\u015f olsa da Ordu demokratik alandan \u00e7ekilmeli&#8221; diyerek TSK&#8217;ya olan kinini kusuyordu.<\/p>\n<p>Gazeteci-yazar Cengiz \u00c7andar da, &#8220;Kafes Operasyonu&#8221; ile cuntan\u0131n gayrim\u00fcslimlere y\u00f6nelik suikast ve sabotaj planlar\u0131n\u0131n ortaya \u00e7\u0131kt\u0131\u011f\u0131n\u0131 ifade ederek, son d\u00f6nemde yap\u0131ld\u0131\u011f\u0131 iddia edilen plan\u0131n &#8220;TSK i\u00e7erisinde \u00fcreyenlerden en vahimi&#8221; oldu\u011funu kaydedip, bunun silahl\u0131 kuvvetlerin i\u00e7 i\u015fleyi\u015fini sorgulamaya yol a\u00e7an bir belge oldu\u011funu&#8221; iddia ediyordu.\u00a0\u00a0\u00a0<\/p>\n<p><strong>\u00d6zk\u00f6k Pa\u015fa&#8217;n\u0131n tuhaf yakla\u015f\u0131m\u0131 kafa kar\u0131\u015ft\u0131r\u0131yordu!<\/strong><\/p>\n<p><strong>Ergenekon savc\u0131lar\u0131na tan\u0131k olarak ifade veren Genelkurmay eski Ba\u015fkanlar\u0131ndan \u00d6zk\u00f6k pa\u015fa kendisine atfen yap\u0131lan yay\u0131nlardan sonra &#8220;Ben \u00f6yle demedim&#8221; demek suretiyle yap\u0131lan yay\u0131nlar\u0131 yalanl\u0131yormu\u015f. Ve bu yanl\u0131\u015f haberleri muhabirlerin tecr\u00fcbesizli\u011fine ba\u011fl\u0131yormu\u015f. Gazeteci Sevilay Y\u00fckselir de \u00d6zk\u00f6k pa\u015fa ile telefonda bu s\u00f6yle\u015fileri konu\u015fmu\u015f! Bizi &#8220;Oldu mu \u015fimdi Pa\u015fam&#8221; diye sormak durumunda b\u0131rakan s\u00f6yle\u015fi de bu g\u00f6r\u00fc\u015fme de ger\u00e7ekle\u015fiyor!<\/strong><\/p>\n<p><strong>Sevilay Y\u00fckselir soruyor: Ergenekon savc\u0131lar\u0131na g\u00fcveniyor musunuz?<\/strong><\/p>\n<p><strong>\u00d6zk\u00f6k pa\u015fa cevapl\u0131yor:<\/strong><\/p>\n<p><strong>\u0130nanmasam g\u00fcvenmesem tan\u0131k olarak gitmezdim kar\u015f\u0131lar\u0131na! (Demek ki Ergenekon savc\u0131lar\u0131 Hilmi \u00d6zk\u00f6k&#8217;\u00fcn kafas\u0131na yatk\u0131nd\u0131?!)<\/strong><\/p>\n<p><strong>\u0130\u015fte bu cevap bizi hoplat\u0131yor! Normal hukuk devletinde savc\u0131lar\u0131n bir g\u00f6r\u00fc\u015fme talepleri oldu\u011fu zaman savc\u0131ya inan\u0131p inanmamak gibi bir durum s\u00f6z konusu olamazd\u0131!..<\/strong><\/p>\n<p><strong>\u0130fadesine ba\u015fvurulmak istenen ki\u015finin savc\u0131lara &#8220;Size g\u00fcvenmiyorum, inanm\u0131yorum, bu nedenle de ifade vermeye gelmiyorum&#8221; deme l\u00fcksleri bulunmazd\u0131.<\/strong><\/p>\n<p><strong>Evet, \u00d6zk\u00f6k pa\u015fa savc\u0131lar\u0131n davetine icabet ederek hukuka olan sayg\u0131s\u0131n\u0131 ortaya koymu\u015ftur ama bu &#8220;\u0130nanmasam g\u00fcvenmesem tan\u0131k olarak gitmezdim kar\u015f\u0131lar\u0131na&#8221; s\u00f6z\u00fc bile \u00fclkemizde bir kesimin bak\u0131\u015f a\u00e7\u0131s\u0131n\u0131 ortaya koymas\u0131 a\u00e7\u0131s\u0131ndan olduk\u00e7a anlaml\u0131yd\u0131.<a href=\"#_ftn2\"><strong>[2]<\/strong><\/a><\/strong><\/p>\n<p><strong>Her ta\u015f\u0131n alt\u0131nda Cumhuriyet \u00c7al\u0131\u015fma Grubu \u00e7\u0131k\u0131yordu!<\/strong><\/p>\n<p><strong>\u0130stanbul 13. A\u011f\u0131r Ceza Mahkemesi taraf\u0131ndan kabul edilen Ergenekon&#8217;un 3. iddianamesine g\u00f6re, Cumhuriyet \u00c7al\u0131\u015fma Grubu&#8217;nun (C\u00c7G), Ergenekon san\u0131\u011f\u0131 eski Jandarma Genel Komutan\u0131 Orgeneral \u015eener Eruygur&#8217;un ba\u015fkanl\u0131\u011f\u0131n\u0131 yapt\u0131\u011f\u0131 Atat\u00fcrk\u00e7\u00fc D\u00fc\u015f\u00fcnce Derne\u011fi (ADD) \u00e7at\u0131s\u0131 alt\u0131nda faaliyet y\u00fcr\u00fctt\u00fc\u011f\u00fc iddia ediliyordu. C\u00c7G&#8217;nin bu faaliyetleri ger\u00e7ekle\u015ftirebilmesi i\u00e7in ba\u015flang\u0131\u00e7 olarak asgari 200 bin ABD dolar\u0131 kaynak ay\u0131rmas\u0131 gerekti\u011fi belirtiliyordu.<\/strong><\/p>\n<p><strong>C\u00c7G&#8217;nin 19 Ocak 2004 tarihli devre raporunda, Cumhuriyet Platformu \u00c7al\u0131\u015fmalar\u0131 ba\u015fl\u0131\u011f\u0131 alt\u0131nda Ulusal Birlik Hareketi STK Platformundan bahsedildi\u011fi, bu kapsamda Ulusal Birlik Hareketinin yayg\u0131nla\u015fmas\u0131 i\u00e7in i\u015fbirli\u011finin s\u00fcrd\u00fcr\u00fclmesi gerekti\u011fi ve bunun i\u00e7in haz\u0131rlanacak bas\u0131n bildirisinin, bedeli 830 kaleminden \u00f6denmek suretiyle Ulusal Birlik Hareketi ve Cumhuriyet Platformu imzas\u0131 ile y\u00fcksek tirajl\u0131 gazetelerde yay\u0131mlanmas\u0131 gerekti\u011fi belirtiliyordu.<\/strong><\/p>\n<p><strong>C\u00c7G&#8217;nin 28 Ocak 2004 tarihli devre raporunda da yine yap\u0131lan bir harcaman\u0131n haber alma \u00f6dene\u011finden kar\u015f\u0131lanmas\u0131 gerekti\u011fi belirtiliyor. Ergenekon zanl\u0131s\u0131 Mehmet \u015eener Eruygur&#8217;dan ele ge\u00e7irilen \u00d6zden \u00d6rnek&#8217;in g\u00fcnl\u00fcklerinde, &#8220;3 Mart 2004 ba\u015fl\u0131\u011f\u0131 alt\u0131nda &#8216;Ankara Ticaret Odas\u0131&#8217;nda yap\u0131lan panele t\u00fcm kuvvet komutanlar\u0131 e\u015fli olarak kat\u0131ld\u0131k. Genelkurmay Ba\u015fkan\u0131 \u0130sve\u00e7&#8217;te oldu\u011fu i\u00e7in, Hava Kuvvetleri Komutan\u0131 ise d\u00fcn \u015fehit olan pilotlar\u0131n cenaze t\u00f6renine Konya&#8217;ya gitti\u011fi i\u00e7in bu panele kat\u0131lamad\u0131lar. Bu paneli el alt\u0131ndan biz te\u015fvik ettik. Co\u015fkulu ve tatmin edici bir toplant\u0131 oldu. Salona girdi\u011fimiz zaman kat\u0131lanlar bizleri alk\u0131\u015flad\u0131lar ve &#8216;Cumhuriyetin Koruyucular\u0131&#8217; diye slogan atmaya ba\u015flad\u0131lar.&#8217; &#8216;Di\u011fer bir konu da Genelkurmay Ba\u015fkan\u0131 Kara Kuvvetleri Komutan\u0131 ile g\u00f6r\u00fc\u015f\u00fcrken Hilafetin kald\u0131r\u0131lmas\u0131 ile ilgili t\u00f6renlere ni\u00e7in gittiniz, bana \u0130sve\u00e7&#8217;e sorabilirdiniz&#8217; demi\u015f. Bu adamla bizim ayn\u0131 d\u00fc\u015f\u00fcncede olmam\u0131z m\u00fcmk\u00fcn de\u011fil&#8230; Halbuki olaylar ondan sonra ne g\u00fczel geli\u015fti. K\u0131br\u0131s konusu ile ilgili yap\u0131lan g\u00f6steri. Bug\u00fcn \u00f6\u011frencilerin K\u0131z\u0131lay&#8217;da yapt\u0131\u011f\u0131 Y\u00d6K aleyhindeki g\u00f6steri, hepsi halk\u0131n yava\u015f yava\u015f uyanmaya ba\u015flad\u0131\u011f\u0131n\u0131n delili. Bu hareketler, y\u00fck\u00fc bizim \u00fczerimizden alarak, bizim yasal d\u00fczende ve demokrasi s\u0131n\u0131rlar\u0131 i\u00e7inde kalmam\u0131z\u0131 sa\u011flayacakken o bunu anlam\u0131yor ve idrak edemiyor&#8221; \u015feklinde ibarelerin yaz\u0131ld\u0131\u011f\u0131 g\u00f6r\u00fcl\u00fcyordu. &#8220;Cumhuriyet \u00c7al\u0131\u015fma Grubu Devre Raporu-13 (08 Mart 2004)&#8221; ba\u015fl\u0131kl\u0131 sunumda ayd\u0131nlarla y\u00fcz y\u00fcze \u00e7al\u0131\u015fmalar\u0131 kapsam\u0131nda; 3 Mart 2004 tarihinde Ankara Ticaret Odas\u0131 Tesislerinde Atat\u00fcrk\u00e7\u00fc D\u00fc\u015f\u00fcnce Derne\u011fi&#8217;nin g\u00f6r\u00fcn\u00fcr ev sahipli\u011finde ger\u00e7ekle\u015ftirildi\u011fi belirtilen ve b\u00fct\u00fcn ulusal birlik \u00e7izgisindeki Sivil Toplum Kurulu\u015flar\u0131n\u0131n kat\u0131l\u0131m\u0131 ile icra edilen &#8216;Hilafetin \u0130lgas\u0131 ve Tevhid-i Tedrisat Kanununun 80. Y\u0131l\u0131 ve G\u00fcn\u00fcm\u00fcz T\u00fcrkiye&#8217;si&#8217; konulu panelin icra edildi\u011finin anlat\u0131ld\u0131\u011f\u0131, ayr\u0131ca bahse konu panelin salon d\u00fczenlemesinin yan\u0131 s\u0131ra salonun d\u0131\u015f\u0131nda toplanan gen\u00e7li\u011fin organizasyonunun da Cumhuriyet \u00c7al\u0131\u015fma Grubu taraf\u0131ndan yap\u0131ld\u0131\u011f\u0131 anlat\u0131l\u0131yordu.<\/strong><\/p>\n<p><strong>Genelkurmay Ba\u015fkan\u0131 yurt d\u0131\u015f\u0131na \u00e7\u0131k\u0131nca ne i\u015fler \u00e7evriliyor!<\/strong><\/p>\n<p><strong>D\u00f6nemin Genelkurmay Ba\u015fkan\u0131 Orgeneral Hilmi \u00d6zk\u00f6k, bu konularla ilgili Ergenekon savc\u0131lar\u0131na verdi\u011fi ifadelerde dikkat \u00e7ekici c\u00fcmleler kuruyordu. &#8220;830 kalemi ve Haber alma \u00f6dene\u011fi&#8221; olarak belirtilen \u00f6denekler nelerdir; hangi ama\u00e7la kullan\u0131l\u0131r; bu \u00f6denekleri kullanma yetkisi kimlerindir; bu \u00f6denekler Jandarma Genel Komutanl\u0131\u011f\u0131 b\u00fcnyesinde ise \u015eener Eruygur&#8217;un bu \u00f6denekleri belirtildi\u011fi \u015fekilde kullanma yetkisi var m\u0131d\u0131r; \u015fayet bu \u00f6denekler Jandarma Genel Komutanl\u0131\u011f\u0131 b\u00fcnyesinde ise ve usuls\u00fcz olarak kullan\u0131lm\u0131\u015fsa bu usuls\u00fczl\u00fck ve kullan\u0131lan paran\u0131n miktar\u0131 nas\u0131l tespit edilebilir?&#8221; \u015feklindeki sorulara \u00d6zk\u00f6k, &#8220;Jandarma Genel Komutanl\u0131\u011f\u0131n\u0131n \u00f6dene\u011finin ve b\u00fct\u00e7esinin ayr\u0131 oldu\u011funu, harcamalar\u0131 nas\u0131l yapt\u0131klar\u0131n\u0131 ayr\u0131nt\u0131l\u0131 olarak bilemeyece\u011fini&#8221; s\u00f6yl\u00fcyordu.<\/strong><\/p>\n<p><strong>&#8220;3 Mart 2004 tarihinde Ankara&#8217;da ATO tesislerinde d\u00fczenlenen &#8220;Hilafetin \u0130lgas\u0131&#8221; isimli panel hakk\u0131nda bilginiz var m\u0131; bu panelin Cumhuriyet \u00c7al\u0131\u015fma Grubu taraf\u0131ndan d\u00fczenlendi\u011fini biliyor musunuz; \u00d6zden \u00d6rnek&#8217;in g\u00fcnl\u00fcklerinde belirtti\u011fi gibi kuvvet komutanlar\u0131n\u0131n bahse konu panele size sormadan gitmelerine tepki g\u00f6sterdiniz mi? Panelin d\u00fczenlenmesi, desteklenmesi ve kat\u0131l\u0131m sa\u011flanmas\u0131n\u0131n amac\u0131 nedir? Sizin bu konuda tepkiniz ne oldu?&#8221; \u015feklindeki sorulara da \u00d6zk\u00f6k, &#8220;Toplant\u0131n\u0131n yap\u0131ld\u0131\u011f\u0131 tarihte \u0130sve\u00e7&#8217;te resmi bir ziyarette oldu\u011funu, d\u00f6nd\u00fc\u011f\u00fcnde b\u00f6yle bir toplant\u0131n\u0131n oldu\u011funu ve bu toplant\u0131da AB aleyhine baz\u0131 konu\u015fmalar\u0131n yap\u0131ld\u0131\u011f\u0131n\u0131 sonradan \u00f6\u011frendi\u011fini, ancak b\u00f6yle bir konu\u015fman\u0131n yap\u0131ld\u0131\u011f\u0131 yerde T\u00fcrk Silahl\u0131 Kuvvetleri mensuplar\u0131n\u0131n bulunmas\u0131na \u00fcz\u00fcnt\u00fc duydu\u011funu, ancak bu durumu onlara ifade edip etmedi\u011fini hat\u0131rlamad\u0131\u011f\u0131n\u0131, ayr\u0131ca, kendisi yokken yerine Kara Kuvvetleri Komutan\u0131n\u0131n vek\u00e2let etti\u011fi i\u00e7in bu t\u00fcr faaliyetler kendisinin takdiri oldu\u011funu&#8221; s\u00f6yl\u00fcyordu.<\/strong><\/p>\n<p><strong>Cumhuriyet \u00c7al\u0131\u015fma Grubu Te\u015fkilat ve Faaliyetleri ba\u015fl\u0131kl\u0131 sunumda; C\u00c7G&#8217;nin y\u0131k\u0131c\u0131, b\u00f6l\u00fcc\u00fc ve irtica\u00ee unsurlar ile bunlar\u0131n uzant\u0131lar\u0131n\u0131n, T\u00fcrkiye Cumhuriyeti devletine kar\u015f\u0131 giri\u015ftikleri eylem ve faaliyetlerine kar\u015f\u0131; (1) toplumsal refleksi harekete ge\u00e7irmek, (2) dezenformasyon ile m\u00fccadele etmek, (3) \u00f6zel istihbarat bilgilerini \u00fcretmek, kullanmak ve ar\u015fivlemek ve (4) kurum kimli\u011fi ad\u0131 alt\u0131nda yap\u0131lmas\u0131 mahzurlu olan ve fakat yap\u0131lmas\u0131 gereken eylem ve faaliyetleri organize etmek maksad\u0131yla, &#8216;Jandarma Genel Komutan\u0131&#8217;n\u0131n emirleri&#8217; ile &#8216;bizatihi kontrol ve denetimleri&#8221; alt\u0131nda g\u00f6rev y\u00fcr\u00fct\u00fclmek \u00fczere kuruldu\u011fu aktar\u0131l\u0131yordu.<a href=\"#_ftn3\"><strong>[3]<\/strong><\/a><\/strong><\/p>\n<p><strong>\u00a0<\/strong><\/p>\n<p><strong>\u00a0<\/strong><\/p>\n<p><strong>\u00a0<\/strong><\/p>\n<p><strong>\u00a0<\/strong><\/p>\n<p> <br clear=\"all\" \/> <\/p>\n<hr \/>\n<p><a href=\"#_ftnref1\">[1]<\/a> Sait \u00c7ak\u0131r \/odatv<\/p>\n<p><a href=\"#_ftnref2\">[2]<\/a> Zeki Ceyhan, Milli Gazete, 11.08.2009<\/p>\n<p><a href=\"#_ftnref3\">[3]<\/a> Cihan<\/p>\n","protected":false},"excerpt":{"rendered":"<p>\u00a0<strong>Milli iradeyi i\u00e7ine sindiremeyen ve irtica bahanesiyle Y\u00fcce Dinimizle m\u00fccadele eden karanl\u0131k kafal\u0131 insanlar ve h\u0131yanet hesapl\u0131 yap\u0131lanmalar bulunsa da, bu bahane ile ba\u015flat\u0131lan Ergenekon dalgalar\u0131, iddialar\u0131, tutuklamalar\u0131, ev bask\u0131nlar\u0131 ve cehennem azab\u0131na d\u00f6n\u00fc\u015fen arama operasyonlar\u0131; psikolojik bir h\u0131rpalama ve h\u0131r\u00e7\u0131nla\u015ft\u0131rma arac\u0131 olarak ac\u0131 meyvelerini vermeye ba\u015fl\u0131yor ve pek \u00e7ok insan bu onur k\u0131r\u0131c\u0131 ve k\u0131\u015fk\u0131rt\u0131c\u0131 bask\u0131lara dayanamayarak intihar ediyordu. \u00dcstelik bunlar TSK\u2019n\u0131n \u00e7e\u015fitli kademelerinde ve stratejik g\u00f6revlerde hizmet veriyordu. <\/strong><\/p>\n","protected":false},"author":19,"featured_media":0,"comment_status":"open","ping_status":"closed","sticky":false,"template":"","format":"standard","meta":{"footnotes":""},"categories":[107],"tags":[],"class_list":["post-1778","post","type-post","status-publish","format-standard","hentry","category-nisan-2010"],"_links":{"self":[{"href":"https:\/\/www.millicozum.com\/mc\/wp-json\/wp\/v2\/posts\/1778","targetHints":{"allow":["GET"]}}],"collection":[{"href":"https:\/\/www.millicozum.com\/mc\/wp-json\/wp\/v2\/posts"}],"about":[{"href":"https:\/\/www.millicozum.com\/mc\/wp-json\/wp\/v2\/types\/post"}],"author":[{"embeddable":true,"href":"https:\/\/www.millicozum.com\/mc\/wp-json\/wp\/v2\/users\/19"}],"replies":[{"embeddable":true,"href":"https:\/\/www.millicozum.com\/mc\/wp-json\/wp\/v2\/comments?post=1778"}],"version-history":[{"count":0,"href":"https:\/\/www.millicozum.com\/mc\/wp-json\/wp\/v2\/posts\/1778\/revisions"}],"wp:attachment":[{"href":"https:\/\/www.millicozum.com\/mc\/wp-json\/wp\/v2\/media?parent=1778"}],"wp:term":[{"taxonomy":"category","embeddable":true,"href":"https:\/\/www.millicozum.com\/mc\/wp-json\/wp\/v2\/categories?post=1778"},{"taxonomy":"post_tag","embeddable":true,"href":"https:\/\/www.millicozum.com\/mc\/wp-json\/wp\/v2\/tags?post=1778"}],"curies":[{"name":"wp","href":"https:\/\/api.w.org\/{rel}","templated":true}]}}