{"id":1830,"date":"2010-06-21T10:37:56","date_gmt":"2010-06-21T10:37:56","guid":{"rendered":"https:\/\/www.millicozum.com\/mc\/2010\/06\/21\/olcu-erdogan-ve-fetullah-mi-yoksa-kuran-ve-resulullah-mi\/"},"modified":"2010-06-21T10:37:56","modified_gmt":"2010-06-21T10:37:56","slug":"olcu-erdogan-ve-fetullah-mi-yoksa-kuran-ve-resulullah-mi","status":"publish","type":"post","link":"https:\/\/www.millicozum.com\/mc\/2010\/agustos-2010\/olcu-erdogan-ve-fetullah-mi-yoksa-kuran-ve-resulullah-mi\/","title":{"rendered":"\u00d6L\u00c7\u00dc ERDO\u011eAN VE FETULLAH MI, YOKSA KUR\u2019AN VE RESUL\u00dcLLAH MI?"},"content":{"rendered":"<p><span style=\"font-family: arial,helvetica,sans-serif;\"><span style=\"font-size: 10pt;\">\u00a0<strong>Fethullah G\u00fclen Wall Street Journal&#8217;dan sonra New York Times&#8217;da da: \u201cSiyonist otoriteye itaat\u201d fetvas\u0131n\u0131 tekrarl\u0131yordu! <\/strong><\/span><\/span><\/p>\n<p><span style=\"font-family: arial,helvetica,sans-serif;\"><span style=\"font-size: 10pt;\">Wall Street Journal&#8217;da (WSJ) \u00e7\u0131kan Fetullah G\u00fclen\u2019in \u201c<strong><em>\u0130HH\u2019n\u0131n \u0130srailli otoritelerden izinsiz Gazze\u2019ye yard\u0131m giri\u015fimi yanl\u0131\u015ft\u0131r\u201d<\/em><\/strong> fetvas\u0131ndan hemen bir hafta sonras\u0131nda, hem ABD&#8217;nin hem d\u00fcnyan\u0131n sayg\u0131n gazetelerinden biri olan New York Times (NYT), bu konu hakk\u0131nda bir r\u00f6portaj-haber daha yay\u0131nlam\u0131\u015ft\u0131. Bu da Fetullah G\u00fclen\u2019in iddias\u0131nda hala \u0131srarl\u0131 oldu\u011funun kan\u0131t\u0131yd\u0131. T\u00fcrkiye\u2019deki Fetullah\u00e7\u0131lar ve AKP taraftarlar\u0131 ilk fetvas\u0131n\u0131 yontup k\u0131l\u0131f\u0131na uydurmaya \u00e7al\u0131\u015f\u0131rken bu ikincisi onun ayar\u0131n\u0131 iyice ortaya koymaktayd\u0131.<\/span><\/span><\/p>\n<p><span style=\"font-family: arial,helvetica,sans-serif;\"><span style=\"font-size: 10pt;\">\u00a0Georgetown \u00dcniversitesinden Prof. Dr. John L. Esposito&#8217;nun, Fethullah G\u00fclen&#8217;i, Tibet Lideri Dalai Lama&#8217;ya benzetti\u011fi yaz\u0131da, \u201cG\u00fclen&#8217;in bar\u0131\u015f ve k\u00fcreselle\u015fmeye, ho\u015fg\u00f6r\u00fcye, ABD-T\u00fcrkiye ili\u015fkilerinin g\u00fc\u00e7lendirilmesine ve serbest pazar ekonomisine \u00f6nem verdi\u011fi\u201d vurgulanm\u0131\u015ft\u0131. Bilindi\u011fi gibi Dalay Lama, ABD\u2019nin kontrol\u00fcnde \u00c7in\u2019i kar\u0131\u015ft\u0131rmak \u00fczere safsata ve sapt\u0131rmalarla dolu bir din uydurmu\u015f insand\u0131. Fetullah G\u00fclen de, yine Il\u0131ml\u0131 \u0130slam safsatas\u0131yla T\u00fcrkiye\u2019yi avucunda tutmak isteyen Siyonist Yahudi lobilerinin adam\u0131yd\u0131.<\/span><\/span><\/p>\n<p><span style=\"font-family: arial,helvetica,sans-serif;\"><span style=\"font-size: 10pt;\">New York Times gazetesi, ABD eski D\u0131\u015fi\u015fleri Bakan\u0131 Madeleine K. Albright ve onun seleflerinden olan James A. Baker gibi Siyonist Yahudilerin de G\u00fclen ile ili\u015fkili olan gruplar\u0131n faaliyetlerinde konu\u015fma yapt\u0131klar\u0131n\u0131 ve G\u00fclen&#8217;e \u00f6vg\u00fcde bulunduklar\u0131n\u0131 hat\u0131rlatm\u0131\u015ft\u0131.<\/span><\/span><\/p>\n<p><span style=\"font-family: arial,helvetica,sans-serif;\"><span style=\"font-size: 10pt;\">NYT muhabiri Knowlton, yaz\u0131s\u0131nda G\u00fclen&#8217;i ele\u015ftirenlerin kendisini laiklik kar\u015f\u0131t\u0131 olarak g\u00f6rd\u00fc\u011f\u00fcn\u00fc belirterek, &#8221;G\u00fclen&#8217;in yakla\u015f\u0131m\u0131, bir anlamda, gelenekselle modern olan\u0131 harmanlamaya \u00e7al\u0131\u015f\u0131yor&#8221; ifadelerini kullanarak, b\u00f6ylece Onun \u201c\u0130slami motiflerle Siyonist menfaatleri kar\u0131\u015ft\u0131r\u0131p uzla\u015ft\u0131rd\u0131\u011f\u0131n\u0131\u201d a\u00e7\u0131\u011fa vurmaktayd\u0131.<\/span><\/span><\/p>\n<p><span style=\"font-family: arial,helvetica,sans-serif;\"><span style=\"font-size: 10pt;\">Fetullah G\u00fclen\u2019in: <em>\u201cBenim bu hareketteki rol\u00fcm olduk\u00e7a k\u0131s\u0131tl\u0131. Bir liderlik, merkez, bir merkeze ba\u011fl\u0131l\u0131k ya da bir hiyerar\u015fi yok<\/em>&#8221; \u00a0s\u00f6zleri ise tevazu perdesi alt\u0131nda: \u201cBu hareketin kendi kontrol\u00fc d\u0131\u015f\u0131nda Siyonist odaklarca organize edildi\u011finin\u201d itiraf\u0131yd\u0131<\/span><\/span><\/p>\n<p><span style=\"font-family: arial,helvetica,sans-serif;\"><span style=\"font-size: 10pt;\">Fetullah G\u00fclen i\u00e7in Houston \u00dcniversitesi&#8217;nden sosyolog Helen Rose Ebaugh da NYT gazetesine verdi\u011fi deme\u00e7te: \u201cFatih \u00dcniversitesi y\u00f6netiminin kendisine, Suudi Arabistan&#8217;\u0131n \u00f6nerdi\u011fi paran\u0131n kabul edilmesi fikrine G\u00fclen&#8217;in, &#8220;Suudi h\u00fck\u00fcmeti destek veriyor&#8221; \u015feklinde alg\u0131lanaca\u011f\u0131 gerek\u00e7esiyle sert bir \u015fekilde kar\u015f\u0131 \u00e7\u0131kt\u0131\u011f\u0131n\u0131 s\u00f6yledi\u011fini anlatm\u0131\u015ft\u0131. Siyonist Yahudilerin ve emperyalist ABD y\u00f6netiminin her t\u00fcrl\u00fc destek ve yard\u0131m\u0131n\u0131 h\u00fcrmetle al\u0131p Suudilerin yard\u0131m\u0131n\u0131 reddeden bu yakla\u015f\u0131m\u0131n sahtekarl\u0131\u011f\u0131 ise s\u0131r\u0131tmaktayd\u0131.<\/span><\/span><\/p>\n<p><span style=\"font-family: arial,helvetica,sans-serif;\"><span style=\"font-size: 10pt;\">Haberde, Gazze&#8217;ye yard\u0131m g\u00f6t\u00fcren gemiler konusunda G\u00fclen&#8217;in, daha \u00f6nce Wall Street Journal&#8217;a ifade etti\u011fi g\u00f6r\u00fc\u015fleri yineledi\u011fi belirtilerek NYT, T\u00fcrk h\u00fck\u00fcmetinin, \u0130srail&#8217;in yard\u0131m gemilerine m\u00fcdahalesini \u015fiddetle ele\u015ftirdi\u011fi bir d\u00f6nemde, G\u00fclen&#8217;in hatay\u0131 organizat\u00f6rlerde bularak, \u201cotoriteye kar\u015f\u0131 \u00e7\u0131kmaktansa \u00f6nceden \u0130srail y\u00f6netiminden izin al\u0131nmas\u0131 gerekti\u011fi\u201d g\u00f6r\u00fc\u015f\u00fcn\u00fc aktarm\u0131\u015ft\u0131.<\/span><\/span><\/p>\n<p><span style=\"font-family: arial,helvetica,sans-serif;\"><span style=\"font-size: 10pt;\">Siyonist Yahudi Lobilerinin yar\u0131 resmi yay\u0131n organ\u0131 olan New York Times\u2019in bu r\u00f6portaj ve yorumlar\u0131na ve Fetullah G\u00fclen\u2019in Dalay Lama\u2019ya benzetilmesi ve d\u00fcnya bar\u0131\u015f\u0131 diye ABD \u00e7\u0131karlar\u0131na hizmet ettirilmesi olay\u0131na, Zaman Gazetesinin ve Samanyolu TV.nin sahip \u00e7\u0131k\u0131p \u00f6vg\u00fcyle aktarmas\u0131 da, Fetullah\u00e7\u0131lar\u0131n Siyonist Yahudilerin ve emperyalist ABD\u2019nin i\u015fbirlik\u00e7ileri oldu\u011fu ger\u00e7e\u011fini a\u00e7\u0131\u011fa vurmaktayd\u0131.<\/span><\/span><\/p>\n<p><strong><span style=\"font-family: arial,helvetica,sans-serif;\"><span style=\"font-size: 14pt;\"><span style=\"font-family: arial black,avant garde;\">Kur\u2019an\u2019a g\u00f6re OTOR\u0130TE ne anlama geliyordu?<\/span><\/span><\/span><\/strong><\/p>\n<p><strong><span style=\"font-family: arial,helvetica,sans-serif;\"><span style=\"font-size: 10pt;\"><span style=\"font-family: arial black,avant garde;\">Otorite: Zorla veya g\u00f6n\u00fcl r\u0131zas\u0131yla kendisine tabi ve taraf olunmas\u0131 istenen, g\u00fc\u00e7 ve yetkiyi ele ge\u00e7iren devlet hakimiyeti veya herhangi bir \u00f6rg\u00fct ve te\u015fkilat disiplinidir.<\/span><\/span><\/span><\/strong><\/p>\n<p><strong><span style=\"font-family: arial,helvetica,sans-serif;\"><span style=\"font-size: 10pt;\"><span style=\"font-family: arial black,avant garde;\">Bu \u201cotorite\u201d, ya me\u015fru ve makbul bir adalet sistemine dayan\u0131r ki buna Ku\u2019an \u201cUl\u00fcl Emr\u201d (Emir ve yetki sahibi devlet y\u00f6neticileri) tabir etmektedir.<\/span><\/span><\/span><\/strong><\/p>\n<p><strong><span style=\"font-family: arial,helvetica,sans-serif;\"><span style=\"font-size: 10pt;\"><span style=\"font-family: arial black,avant garde;\">Veya bu otorite, zalim ve hain bir g\u00fc\u00e7 oda\u011f\u0131d\u0131r ki, Kur\u2019ana g\u00f6re bunlar\u0131n tamam\u0131 \u201cTA\u011eUT\u201d h\u00fckm\u00fcndedir.<\/span><\/span><\/span><\/strong><\/p>\n<p><strong><span style=\"font-family: arial,helvetica,sans-serif;\"><span style=\"font-size: 10pt;\">\u201cTa\u011fut\u201d Ali Bula\u00e7\u2019\u0131n Kur\u2019an\u0131 Kerim Meali s\u00f6zl\u00fc\u011f\u00fcnde de: \u015eeytani olan ve putla\u015ft\u0131r\u0131lan, Allah\u2019\u0131n h\u00fckm\u00fcn\u00fc tan\u0131mayan, zul\u00fcm ve zorbal\u0131k yolunu tutan her t\u00fcrl\u00fc g\u00fc\u00e7 merkezi veya zalim-kafir ki\u015fi, \u015feklinde izah edilir.<\/span><\/span><\/strong><\/p>\n<p><strong><span style=\"font-family: arial,helvetica,sans-serif;\"><span style=\"font-size: 10pt;\"><span style=\"font-family: arial black,avant garde;\">Nurcular\u0131n \u00f6zellikle kulland\u0131\u011f\u0131 \u201cYeni L\u00fcgat\u201da g\u00f6re ise:<\/span><\/span><\/span><\/strong><\/p>\n<p><strong><span style=\"font-family: arial,helvetica,sans-serif;\"><span style=\"font-size: 10pt;\">Ta\u011fi: Azg\u0131nla\u015fm\u0131\u015f, sap\u0131tm\u0131\u015f, sald\u0131rganla\u015fm\u0131\u015f, m\u00fctekebbir (g\u00fcc\u00fcyle kibirlenip zorbal\u0131\u011fa ba\u015flam\u0131\u015f), Allah\u2019a ve insan haklar\u0131na kar\u015f\u0131 isyana kalk\u0131\u015fm\u0131\u015f y\u00f6netimlerdir.<\/span><\/span><\/strong><\/p>\n<p><strong><span style=\"font-family: arial,helvetica,sans-serif;\"><span style=\"font-size: 10pt;\">Kur\u2019an\u0131 Kerim, \u201cTa\u011fut\u201dlar\u0131n, yani zalim ve kafir g\u00fcruhlar\u0131n \u201cotorite\u201dsine uyanlar\u0131n ve onlar\u0131n bat\u0131l ve barbar h\u00fck\u00fcmlerine kendi tercihiyle tabi olanlar\u0131n en tehlikeli M\u00dcNAFIK\u2019lar oldu\u011funu \u015f\u00f6yle haber vermektedir.<\/span><\/span><\/strong><\/p>\n<p><strong><span style=\"font-family: arial,helvetica,sans-serif;\"><span style=\"font-size: 10pt;\">\u201c(Ey Resul\u00fcm) <em>Sana indirilen <\/em>(Kur\u2019ana) <em>ve senden \u00f6nce indirilen <\/em>(Kitaplara) <em>hakikaten inand\u0131klar\u0131n\u0131 ileri s\u00fcrenleri <\/em>(ve toplumda ger\u00e7ek ve \u00f6rnek m\u00fcmin zannedilenleri) <em>g\u00f6rmez misin?<\/em><\/span><\/span><\/strong><\/p>\n<p><span style=\"font-family: arial,helvetica,sans-serif;\"><span style=\"font-size: 10pt;\"><strong><em>Ki bunlar TA\u011eUT\u2019un \u00f6n\u00fcnde muhakeme olmay\u0131 <\/em><\/strong><strong>(zalim ve kafir otoritelere tabi olmay\u0131) <em>istemektedir; Oysa onlar onu <\/em>(b\u00fct\u00fcn \u015feytani odaklar\u0131 ve zalim kurallar\u0131n\u0131) <em>red ve inkar etmekle emrolunmu\u015f kimselerdi. <\/em>(Ancak) <em>\u015eeytanlar\u0131 <\/em>(Siyonist ve emperyalist ak\u0131l hocalar\u0131) <em>onlar\u0131 derin bir sap\u0131kl\u0131kla sapt\u0131rmak istemektedir.<\/em><\/strong><\/span><\/span><\/p>\n<p><span style=\"font-family: arial,helvetica,sans-serif;\"><span style=\"font-size: 10pt;\"><strong><em>Onlara: <\/em><\/strong><strong>(nefsi ve ge\u00e7ersiz yorumlar\u0131 b\u0131rak\u0131p) <em>\u201cAllah\u2019\u0131n indirdi\u011fi <\/em>(Kur\u2019an\u0131n a\u00e7\u0131k ve kesin h\u00fck\u00fcmlerine) <em>ve Resul\u00fcn\u00fcn <\/em>(bildirdiklerine) <em>gelin\u201d denildi\u011finde, O M\u00dcNAFIKLARIN senden s\u00fcratle uzakla\u015f\u0131p ka\u00e7t\u0131klar\u0131n\u0131 <\/em>(ve Kur\u2019an\u0131n h\u00fck\u00fcmlerinden kaytard\u0131klar\u0131n\u0131) <em>g\u00f6r\u00fcrs\u00fcn\u201d<a href=\"#_ftn1\"><strong>[1]<\/strong><\/a><\/em><\/strong><\/span><\/span><\/p>\n<p><strong><span style=\"font-family: arial,helvetica,sans-serif;\"><span style=\"font-size: 12pt;\"><span style=\"font-family: arial black,avant garde;\">Allah\u2019\u0131n Lanetledi\u011fi Bilgi\u00e7ler Kimler oluyordu?<\/span><\/span><\/span><\/strong><\/p>\n<p><strong><span style=\"font-family: arial,helvetica,sans-serif;\"><span style=\"font-size: 10pt;\">\u201c<em>Kendilerine kitaptan bir pay verilenleri <\/em>(ama bu bilgi ve becerilerini nefsi hevesler ve d\u00fcnyevi hedefler i\u00e7in istismar edenleri) <em>\u00a0g\u00f6rmez misin? Onlar TA\u011eUT\u2019a <\/em>(\u015eeytani rejimlere ve zalim g\u00fc\u00e7lere) <em>ve C\u0130PT\u2019e <\/em>(Siyonist ve Ha\u00e7l\u0131 liderlere) <em>inan\u0131p <\/em>(pe\u015flerine tak\u0131l\u0131yorlar) <em>ve <\/em>(Sald\u0131rgan) <em>kafirler i\u00e7in:<\/em> <em>Bunlar <\/em>(hak hakim olsun diye fitne \u00e7\u0131karan(!) ) <em>m\u00fcminlerden daha do\u011fru bir yoldad\u0131r\u201d <\/em>diyorlar.<\/span><\/span><\/strong><\/p>\n<p><span style=\"font-family: arial,helvetica,sans-serif;\"><span style=\"font-size: 10pt;\"><strong><em>\u0130\u015fte bunlar <\/em><\/strong><strong>(gibi zalimlerle i\u015fbirlik\u00e7i bilgi\u00e7 tak\u0131m\u0131) <em>Allah\u2019\u0131n lanetledi\u011fi kimselere ise, hi\u00e7bir yard\u0131mc\u0131 bulamazs\u0131n\u201d<a href=\"#_ftn2\"><strong>[2]<\/strong><\/a><\/em><\/strong><\/span><\/span><\/p>\n<p><strong><span style=\"font-family: arial,helvetica,sans-serif;\"><span style=\"font-size: 12pt;\"><span style=\"font-family: arial black,avant garde;\">Herkesin saf\u0131 ve taraf\u0131, onun ger\u00e7ek s\u0131fat\u0131n\u0131 g\u00f6sterir!<\/span><\/span><\/span><\/strong><\/p>\n<p><span style=\"font-family: arial,helvetica,sans-serif;\"><span style=\"font-size: 10pt;\"><strong><em>\u201c\u0130man edenler (<\/em><\/strong><strong>yery\u00fcz\u00fcnde hak ve adalet hakim k\u0131l\u0131ns\u0131n ve zul\u00fcm-s\u00f6m\u00fcr\u00fc d\u00fczenleri y\u0131k\u0131ls\u0131n diye)<em> ALLAH yolunda \u00e7arp\u0131\u015f\u0131r <\/em>(ve \u00e7al\u0131\u015f\u0131r) <em>lar. Kafirler <\/em>(ve m\u00fcnaf\u0131kl\u0131k edenler) <em>ise TA\u011eUT yolunda <\/em>(Bat\u0131l ve barbar nizamlar devaml\u0131 kals\u0131n diye) <em>\u00e7arp\u0131\u015f\u0131r <\/em>(ve \u00e7\u0131rp\u0131n\u0131r) <em>lar.<\/em><\/strong><\/span><\/span><\/p>\n<p><span style=\"font-family: arial,helvetica,sans-serif;\"><span style=\"font-size: 10pt;\"><strong><em>\u00d6yle ise \u015eEYTANIN DOSTLARI <\/em><\/strong><strong>(olan bu zul\u00fcm taraftarlar\u0131 ve Ta\u011futi otoritelerin savunucular\u0131) <em>ile m\u00fccadeleden geri durmay\u0131n. Hi\u00e7 \u015f\u00fcphesiz \u015eeytan\u0131n hilesi zay\u0131ft\u0131r. <\/em>(Zafer inananlar\u0131n olacakt\u0131r)\u201d<a href=\"#_ftn3\"><strong>[3]<\/strong><\/a><\/strong><\/span><\/span><\/p>\n<p><strong><span style=\"font-family: arial,helvetica,sans-serif;\"><span style=\"font-size: 10pt;\"><span style=\"font-family: arial black,avant garde;\">Ta\u011fut\u2019u (zalim ve kafir otoriteyi) red ve inkar etmeden, iman iddias\u0131 sahtedir!<\/span><\/span><\/span><\/strong><\/p>\n<p><span style=\"font-family: arial,helvetica,sans-serif;\"><span style=\"font-size: 10pt;\"><strong><em>\u201cDinde zorlama yoktur. \u015e\u00fcphesiz (<\/em><\/strong><strong>olgun ve uygun olan<em> <\/em>\u0130slam yolu) <em>sap\u0131kl\u0131ktan <\/em>(b\u00fct\u00fcn bat\u0131l yollardan) <em>apa\u00e7\u0131k ayr\u0131lm\u0131\u015ft\u0131r. Art\u0131k kim TA\u011eUT\u2019u inkar <\/em>(red ve terk) <em>edip ALLAH\u2019a inan\u0131r <\/em>(ve Kur\u2019ana dayan\u0131r)<em>sa o sapasa\u011flam bu kulpa yap\u0131\u015fm\u0131\u015ft\u0131r; bunun kopmas\u0131 imkans\u0131zd\u0131r.<\/em><\/strong><\/span><\/span><\/p>\n<p><span style=\"font-family: arial,helvetica,sans-serif;\"><span style=\"font-size: 10pt;\"><strong><em>Allah, iman edenlerin velisi (<\/em><\/strong><strong>sahibi, hamisi ve y\u00f6neticisi) <em>dir, ki onlar\u0131 karanl\u0131klardan nura \u00e7\u0131kar\u0131r.<\/em><\/strong><\/span><\/span><\/p>\n<p><span style=\"font-family: arial,helvetica,sans-serif;\"><span style=\"font-size: 10pt;\"><strong><em>Kafir tak\u0131m\u0131n\u0131n <\/em><\/strong><strong>(ve m\u00fcnaf\u0131klar\u0131n) <em>velisi ise TA\u011eUT\u2019 <\/em>(zalim ve \u015feytani g\u00fc\u00e7 odaklar\u0131) <em>ki, onlar\u0131 <\/em>(\u0130slam ve iman)<em> nurundan <\/em>(ay\u0131r\u0131p k\u00fcf\u00fcr ve zul\u00fcm) <em>karanl\u0131klar\u0131na \u00e7\u0131kar\u0131r\u2026 \u0130\u015fte bunlar cehennem ate\u015finin halk\u0131d\u0131r ve orada s\u00fcresiz kalacaklard\u0131r.\u201d<a href=\"#_ftn4\"><strong>[4]<\/strong><\/a><\/em><\/strong><\/span><\/span><\/p>\n<p><strong><span style=\"font-family: arial,helvetica,sans-serif;\"><span style=\"font-size: 12pt;\"><span style=\"font-family: arial black,avant garde;\">TA\u011eUT\u2019lara hizmet ve ibadet edenlerin, imanla alakalar\u0131 kesilir!<\/span><\/span><\/span><\/strong><\/p>\n<p><span style=\"font-family: arial,helvetica,sans-serif;\"><span style=\"font-size: 10pt;\"><strong><em>\u201cDeki, ben dinimi <\/em><\/strong><strong>(her konuda esas alacak hayat prensiplerimi) <em>sadece Allah\u2019a has k\u0131larak <\/em>(Kur\u2019an ve s\u00fcnneti \u00f6l\u00e7\u00fc tutarak)<em> Allah\u2019a ibadet ederim\u201d<a href=\"#_ftn5\"><strong>[5]<\/strong><\/a><\/em><\/strong><\/span><\/span><\/p>\n<p><span style=\"font-family: arial,helvetica,sans-serif;\"><span style=\"font-size: 10pt;\"><strong><em>\u201cTA\u011eUT\u2019a <\/em><\/strong><strong>(zalim y\u00f6netimlere ve \u015feytani d\u00fczenlere) <em>ibadet ve hizmet etmekten ka\u00e7\u0131nan ve i\u00e7tenlikle Allah\u2019a y\u00f6nelip ba\u011flananlar ise, onlar i\u00e7in bir m\u00fcjde vard\u0131r; bu nedenle <\/em>(Ta\u011futi otoritelere tabi olanlara de\u011fil) <em>benim <\/em>(sad\u0131k ve samimi) <em>\u00a0kullar\u0131ma m\u00fcjde ver.\u201d<a href=\"#_ftn6\"><strong>[6]<\/strong><\/a><\/em><\/strong><\/span><\/span><\/p>\n<p><span style=\"font-family: arial,helvetica,sans-serif;\"><span style=\"font-size: 10pt;\"><strong><em>\u201cAndolsun biz her \u00fcmmete: \u201cAllah\u2019a kulluk yap\u0131n ve TA\u011eUT\u2019tan ka\u00e7\u0131n\u0131n!\u201d diye bir el\u00e7i g\u00f6nderdik. B\u00f6ylelikle onlardan kimine <\/em><\/strong><strong>(ger\u00e7ekleri kabullenip Hakka ve hayra y\u00f6nelene) <em>\u00a0Allah hidayet verdi, onlardan kiminin \u00fczerine <\/em>(D\u00fcnya rahat\u0131 ve menfaati i\u00e7in Ta\u011fut\u2019a tap\u0131nan ve \u015feytani odaklara kap\u0131lan kesime) <em>\u00a0ise dalalaet (<\/em>sap\u0131kl\u0131k) <em>\u00a0hak oldu\u2026\u201d<a href=\"#_ftn7\"><strong>[7]<\/strong><\/a><\/em><\/strong><\/span><\/span><\/p>\n<p><strong><span style=\"font-family: arial,helvetica,sans-serif;\"><span style=\"font-size: 12pt;\"><span style=\"font-family: arial black,avant garde;\">Allah m\u00fcnaf\u0131klar\u0131 ve Din istismarc\u0131lar\u0131n\u0131 \u201cTA\u011eUT\u2019A TAPINMAK\u201d zillet ve rezaletine d\u00fc\u015f\u00fcrmektedir.<\/span><\/span><\/span><\/strong><\/p>\n<p><span style=\"font-family: arial,helvetica,sans-serif;\"><span style=\"font-size: 10pt;\"><strong><em>\u201cDeki: \u201cEy Kitap Ehli, sizler bizim sadece <\/em><\/strong><strong>(ve \u015feriksiz bi\u00e7imde) <em>Allah\u2019a, bize indirilene <\/em>(Kur\u2019an\u2019a) <em>ve \u00f6nceden indirilen <\/em>(Kitaplar\u0131n asl\u0131na) <em>inanmam\u0131zdan ve sizin \u00e7o\u011funuzun fas\u0131klar <\/em>(g\u00fcnaha ve haks\u0131zl\u0131\u011fa d\u00fc\u015fk\u00fcn insanlar) <em>olman\u0131zdan dolay\u0131 bizden k\u0131c\u0131k al\u0131yor <\/em>(ve intikam i\u00e7in f\u0131rsat kolluyorsunuz.)<\/strong><\/span><\/span><\/p>\n<p><strong><span style=\"font-family: arial,helvetica,sans-serif;\"><span style=\"font-size: 10pt;\">\u201c<em>Onlara deki: Allah kat\u0131nda, sizin i\u00e7in kesinle\u015fmi\u015f bir ceza olarak<\/em> (bu huysuzluk ve huzursuzlu\u011funuzdan) <em>daha \u015ferlisini ve \u015ferefsizini haber vereyim mi?<\/em><\/span><\/span><\/strong><\/p>\n<ul>\n<li><strong><span style=\"font-family: arial,helvetica,sans-serif;\"><span style=\"font-size: 10pt;\">(B\u00f6yleleri) <em>Allah\u2019\u0131n lanet etti\u011fi kimselerdir.<\/em><\/span><\/span><\/strong><\/li>\n<li><strong><span style=\"font-family: arial,helvetica,sans-serif;\"><span style=\"font-size: 10pt;\">Allah\u2019\u0131n onlara gazapland\u0131\u011f\u0131 ve kahr\u0131na u\u011fratt\u0131\u011f\u0131 kimselerdir.<em><\/em><\/span><\/span><\/strong><\/li>\n<li><span style=\"font-family: arial,helvetica,sans-serif;\"><span style=\"font-size: 10pt;\"><strong><em>Onlar\u0131 MAYMUN\u2019lara ve DOMUZ\u2019lara \u00e7evirmi\u015ftir. <\/em><\/strong><strong>(Maymunlar gibi bat\u0131y\u0131 ve bat\u0131l\u0131 taklit etme, onlar\u0131n hizmet ve himayesine girme a\u015fa\u011f\u0131l\u0131na d\u00fc\u015fm\u00fc\u015flerdir. Domuzlar gibi milli namus ve onurlar\u0131n\u0131 k\u0131skanmayan ve zalim g\u00fc\u00e7lere kahyal\u0131k yapan bir baya\u011f\u0131l\u0131\u011fa d\u00f6nm\u00fc\u015flerdir.)<em><\/em><\/strong><\/span><\/span><\/li>\n<li><strong><span style=\"font-family: arial,helvetica,sans-serif;\"><span style=\"font-size: 10pt;\">Ve TA\u011eUT\u2019a tapanlar (haline getirilmi\u015f, zalim ve kafir d\u00fczenlerin i\u015fbirlik\u00e7isi konumuna itilmi\u015flerdir.)<em><\/em><\/span><\/span><\/strong><\/li>\n<\/ul>\n<p><span style=\"font-family: arial,helvetica,sans-serif;\"><span style=\"font-size: 10pt;\"><strong><em>\u0130\u015fte bunlar\u0131n mevkii <\/em><\/strong><strong>(konumu) <em>\u00e7ok daha \u015ferli ve \u015ferefsizdir ve hak yoldan sap\u0131t\u0131p gitmi\u015flerdir.\u201d<a href=\"#_ftn8\"><strong>[8]<\/strong><\/a><\/em><\/strong><\/span><\/span><\/p>\n<p><span style=\"font-family: arial,helvetica,sans-serif;\"><span style=\"font-size: 10pt;\"><strong><em>\u201c <\/em><\/strong><strong>(Onlar) <em>sizinle <\/em>(kar\u015f\u0131 kar\u015f\u0131ya) <em>geldiklerinde :\u201d Biz inand\u0131k <\/em>(Haktan taraf\u0131z. Ama zalimleri ise zahiren aldat\u0131p oyalamakta ve dini hizmetlerimize f\u0131rsat kollamaktay\u0131z) <em>demektedir. Oysa onlar <\/em>(gizli) <em>inkarla <\/em>(yan\u0131n\u0131za) <em>girmi\u015flerdir ve yine onunla \u00e7\u0131k\u0131p gitmi\u015flerdir. Allah <\/em>(o m\u00fcnaf\u0131klar\u0131n) <em>gizli tutuklar\u0131 <\/em>(h\u0131yanet ve i\u015fbirli\u011fini) <em>daha iyi bilmektedir\u201d<a href=\"#_ftn9\"><strong>[9]<\/strong><\/a><\/em><\/strong><\/span><\/span><\/p>\n<p><span style=\"font-family: arial,helvetica,sans-serif;\"><span style=\"font-size: 10pt;\"><strong>Sadakallah\u00fcl-Azim<\/strong><strong>: <\/strong><strong>Allahu Azim\u00fc\u015f\u015fan ve Kitab\u0131 olan y\u00fcce Kur\u2019an kesinlikle do\u011fru s\u00f6ylemekte, Hakk\u0131 ve hayr\u0131 bildirmektedir. Biz de Onu tasdik ederiz ve her konuda \u015fa\u015fmaz bire \u00f6l\u00e7\u00fc ediniriz.<\/strong><\/span><\/span><\/p>\n<p><strong><span style=\"font-family: arial,helvetica,sans-serif;\"><span style=\"font-size: 12pt;\"><span style=\"font-family: arial black,avant garde;\">Zaman yazarlar\u0131ndan ve Fetullah yalakalar\u0131ndan Abd\u00fclhamit Bilici; \u201cD\u0131\u015f politikada Erbakan-Erdo\u011fan fark\u0131!\u201d yaz\u0131s\u0131nda: <\/span><\/span><\/span><\/strong><\/p>\n<p><span style=\"font-family: arial,helvetica,sans-serif;\"><span style=\"font-size: 10pt;\">\u201c<em>Bel\u00e7ika&#8217;n\u0131n Anvers kentinde T\u00fcrk sivil toplum \u00f6rg\u00fctlerinin temsilcileriyle bulu\u015fan Devlet Bakan\u0131 ve Ba\u015fm\u00fczakereci Ba\u011f\u0131\u015f, AK Parti h\u00fck\u00fcmetinin Mavi Marmara trajedisi sonras\u0131 ya\u015fad\u0131\u011f\u0131 bir hayal k\u0131r\u0131kl\u0131\u011f\u0131na dikkat \u00e7ekiyordu.<\/em><\/span><\/span><\/p>\n<p><em><span style=\"font-family: arial,helvetica,sans-serif;\"><span style=\"font-size: 10pt;\">D\u00fcnyan\u0131n d\u00f6rt bir taraf\u0131nda vicdan\u0131 olan herkesin \u0130srail&#8217;in i\u015fledi\u011fi bu devlet ter\u00f6r\u00fc kar\u015f\u0131s\u0131nda \u00e7ok ciddi bir duyarl\u0131l\u0131k sergiledi\u011fini vurgulayan Ba\u011f\u0131\u015f, bu kanl\u0131 sald\u0131r\u0131 kar\u015f\u0131s\u0131nda baz\u0131 M\u00fcsl\u00fcman \u00fclke liderlerinin, Papa 16. Benediktus&#8217;un g\u00f6sterdi\u011fi hassasiyeti dahi g\u00f6steremedi\u011finden yak\u0131n\u0131yordu.<\/span><\/span><\/em><\/p>\n<p><span style=\"font-family: arial,helvetica,sans-serif;\"><span style=\"font-size: 10pt;\"><em>Ba\u011f\u0131\u015f&#8217;\u0131n bu ele\u015ftirisinde haks\u0131z oldu\u011funu kim s\u00f6yleyebilir? D\u00fcnyan\u0131n en stratejik b\u00f6lgesinde yer alan, en stratejik maddeleri kontrol eden ve 1 bu\u00e7uk milyar gibi devasa bir n\u00fcfusa sahip olan \u0130slam d\u00fcnyas\u0131ndaki y\u00f6netimlerde biraz duyarl\u0131l\u0131k olsa Gazze&#8217;deki dram y\u0131llard\u0131r s\u00fcrer miydi?\u201d <\/em>diye soruyor, b\u00f6ylece \u00e7ok ucuz bir hamaset yap\u0131yor ama nedense:<\/span><\/span><\/p>\n<p><span style=\"font-family: arial,helvetica,sans-serif;\"><span style=\"font-size: 10pt;\">\u0130srail\u2019in Gazze\u2019ye yard\u0131m gemilerine y\u00f6nelik bu vah\u015fi sald\u0131r\u0131lar\u0131 kar\u015f\u0131s\u0131nda, b\u0131rak\u0131n vicdanl\u0131 ve duyarl\u0131 bir M\u00fcsl\u00fcman din adam\u0131n\u0131, hatta insafl\u0131 bir papaz ve haham kadar bile tepki koyamayan, hatta \u201cme\u015fru otorite\u201d kabul etti\u011fi \u0130srail\u2019i dolayl\u0131 hakl\u0131 \u00e7\u0131karan \u015fu Fetullah Hocalar\u0131n\u0131n talihsiz tavr\u0131na hi\u00e7 de\u011finmiyordu.<\/span><\/span><\/p>\n<p><span style=\"font-family: arial,helvetica,sans-serif;\"><span style=\"font-size: 10pt;\">Ard\u0131ndan, AKP h\u00fck\u00fcmetine ve devlet yetkililerine: \u201cAman ha \u0130srail\u2019le ters d\u00fc\u015fmeyin, ABD ile sak\u0131n didi\u015fmeyin. Haddinizi bilin ve ba\u015f\u0131n\u0131za belay\u0131 davet etmeyin\u201d anlam\u0131nda m\u00fcnaf\u0131k\u00e7a uyar\u0131larda bulunuyordu.<\/span><\/span><\/p>\n<p><span style=\"font-family: arial,helvetica,sans-serif;\"><span style=\"font-size: 10pt;\"><em>\u201cAncak Ba\u011f\u0131\u015f&#8217;\u0131n M\u00fcsl\u00fcman y\u00f6netimleri hedef alan bu ele\u015ftirisi, T\u00fcrkiye ve AK Parti iktidar\u0131 i\u00e7in de dersler i\u00e7eriyor. Demek ki, kendi i\u00e7inde h\u00e2l\u00e2 ciddi sorunlarla bo\u011fu\u015fan ve hen\u00fcz d\u00fcnya dengelerinde lay\u0131k oldu\u011fu konumun uza\u011f\u0131nda bulunan T\u00fcrkiye&#8217;nin, d\u0131\u015f politikada daha dikkatli olmas\u0131 ve asla M\u00fcsl\u00fcman y\u00f6netimlere g\u00fcvenerek hareket etmemesi gerekiyor.\u201d<\/em> Diyordu.<\/span><\/span><\/p>\n<p><strong><span style=\"font-family: arial,helvetica,sans-serif;\"><span style=\"font-size: 10pt;\">Abd\u00fclhamit Bilici, bizim y\u0131llard\u0131r hayk\u0131rd\u0131\u011f\u0131m\u0131z, ama baz\u0131lar\u0131na bir t\u00fcrl\u00fc inand\u0131ramad\u0131\u011f\u0131m\u0131z:<\/span><\/span><\/strong><\/p>\n<p><span style=\"font-family: arial,helvetica,sans-serif;\"><span style=\"font-size: 10pt;\"><span style=\"font-family: arial black,avant garde;\"><strong><em>\u201cNecmettin Erbakan \u0130slam\u2019\u0131n ve mazlumlar\u0131n, Recep Erdo\u011fan ise ha\u00e7l\u0131 Bat\u0131n\u0131n ve Barbarlar\u0131n hizmetkar\u0131d\u0131r<\/em><\/strong>\u201d <\/span>ger\u00e7e\u011fini \u015f\u00f6yle itiraf ediyordu.<\/span><\/span><\/p>\n<p><em><span style=\"font-family: arial,helvetica,sans-serif;\"><span style=\"font-size: 10pt;\">\u201c\u0130slam d\u00fcnyas\u0131n\u0131n farkl\u0131 k\u00f6\u015felerinden insanlarla Washington&#8217;da kat\u0131ld\u0131\u011f\u0131m\u0131z bir panelde \u0130hvan hareketine ba\u011fl\u0131 bir gen\u00e7 olan \u0130brahim Hudeybi, AK Parti tecr\u00fcbesini incelerken Ba\u015fbakan Erbakan ve Ba\u015fbakan Erdo\u011fan&#8217;\u0131, d\u0131\u015f politika a\u00e7\u0131s\u0131ndan kar\u015f\u0131la\u015ft\u0131rm\u0131\u015f ve tercihinin ikincisinden yana oldu\u011funu s\u00f6ylemi\u015fti.<\/span><\/span><\/em><\/p>\n<p><em><span style=\"font-family: arial,helvetica,sans-serif;\"><span style=\"font-size: 10pt;\">Panele kat\u0131lan isimler, iki liderin d\u00fcnyaya bak\u0131\u015flar\u0131 aras\u0131ndaki fark\u0131 \u015f\u00f6yle \u00f6zetliyordu: Erbakan, ilk gezisini Tahran&#8217;a yaparken, Erdo\u011fan Br\u00fcksel&#8217;i tercih etti. \u0130slam birli\u011fi idealini \u00f6ne \u00e7\u0131karan Erbakan, D-8 ad\u0131ndaki olu\u015fum i\u00e7in \u00e7aba harcarken, Erdo\u011fan AB&#8217;ye \u00f6nem verdi. \u00c7\u00fcnk\u00fc Erdo\u011fan, Erbakan&#8217;\u0131n so\u011fuk bakt\u0131\u011f\u0131 AB s\u00fcrecinin, demokrasi i\u00e7in \u00f6nemini kavram\u0131\u015ft\u0131. Erdo\u011fan&#8217;\u0131n Bat\u0131 siyaseti, \u0130slam d\u00fcnyas\u0131n\u0131 unutmak de\u011fildi. \u0130lk kez, Erdo\u011fan d\u00f6neminde \u0130slam Konferans\u0131 Te\u015fkilat\u0131 Genel Sekreterli\u011fi&#8217;ne bir T\u00fcrk se\u00e7ilmi\u015fti.<\/span><\/span><\/em><\/p>\n<p><em><span style=\"font-family: arial,helvetica,sans-serif;\"><span style=\"font-size: 10pt;\">Erbakan, bir din\u00ee lider gibi ortaya \u00e7\u0131karken, Erdo\u011fan siyas\u00ee bir liderdi. Erdo\u011fan, manev\u00ee bir lider de\u011fil, ortalama bir T\u00fcrk vatanda\u015f\u0131yd\u0131. Bir yanda Avrupal\u0131 liderlerle futbol oynuyor, \u015fakala\u015f\u0131yor; di\u011fer yanda Peres&#8217;e &#8216;one minute&#8217; diyor; Obama ile Putin&#8217;le ili\u015fki kurdu\u011fu gibi taksici ile esnafla da konu\u015fabiliyordu.\u201d<\/span><\/span><\/em><\/p>\n<p><strong><span style=\"font-family: arial,helvetica,sans-serif;\"><span style=\"font-size: 10pt;\"><span style=\"font-family: arial black,avant garde;\">Oysa, AKP\u2019nin \u201cEksen\u201di, Milli G\u00f6r\u00fc\u015fe h\u0131yanet ederken kaym\u0131\u015ft\u0131 ve art\u0131k \u015eeytani G\u00fc\u00e7lerin hizmetkar\u0131yd\u0131!.<\/span><\/span><\/span><\/strong><\/p>\n<p><span style=\"font-family: arial,helvetica,sans-serif;\"><span style=\"font-size: 10pt;\">Bir zamanlar AKP\u2019yi \u201cABD ve AB g\u00fcd\u00fcm\u00fcnde olmakla\u201d su\u00e7lay\u0131p sata\u015fan s\u00f6zde muhalifler, \u015fimdi de \u201cEksen kaymas\u0131, Bat\u0131y\u0131 b\u0131rak\u0131p Do\u011fuya yana\u015fmas\u0131\u201d bahanesiyle h\u00fck\u00fcmete y\u00fcklenip sa\u00e7malamaktayd\u0131. \u00c7\u00fcnk\u00fc Cumhurba\u015fkan\u0131ndan Ba\u015fbakan\u0131na, Meclis Ba\u015fkan\u0131ndan Bakanlar\u0131na t\u00fcm AKP kadrolar\u0131 \u201cB\u00f6yle bir eksen kaymas\u0131n\u0131n asla m\u00fcmk\u00fcn ve s\u00f6z konusu olmad\u0131\u011f\u0131n\u0131, T\u00fcrkiye\u2019nin Bat\u0131dan kesinlikle kopmayaca\u011f\u0131n\u0131 a\u00e7\u0131klay\u0131p durmu\u015flard\u0131. Hatta AKP\u2019liler bu iddialar\u0131 bir k\u00fcf\u00fcr ve hakaret gibi alg\u0131lam\u0131\u015f ve h\u0131r\u00e7\u0131nla\u015fm\u0131\u015flard\u0131.<\/span><\/span><\/p>\n<p><span style=\"font-family: arial,helvetica,sans-serif;\"><span style=\"font-size: 10pt;\">Evet AKP\u2019lilerin \u201cKesinlikle bir eksen kaymas\u0131 olmayacakt\u0131r, T\u00fcrkiye Bat\u0131dan kopmayacakt\u0131r\u201d a\u00e7\u0131klamalar\u0131 samimi bir ger\u00e7e\u011fi yans\u0131tmaktayd\u0131. Baz\u0131 merkezleri oyalamaya ve avutma takti\u011fi olarak konu\u015fuldu\u011fu san\u0131lmamal\u0131yd\u0131. \u00c7\u00fcnk\u00fc asla yanl\u0131\u015f konu\u015fmayan Kur\u2019an \u015f\u00f6yle buyurmaktayd\u0131:<\/span><\/span><\/p>\n<p><span style=\"font-family: arial,helvetica,sans-serif;\"><span style=\"font-size: 10pt;\"><strong><em>\u201cKim kendisine h\u0131yanet ve istikamet yolu apa\u00e7\u0131k belli olduktan sonra, <\/em><\/strong><strong>(D\u00fcnyal\u0131k makam ve menfaatler kar\u015f\u0131l\u0131\u011f\u0131 kutsal davas\u0131n\u0131 satar da) <em>El\u00e7iye muhalefet ederek kopup ayr\u0131l\u0131rsa, ve M\u00fcminlerin yolundan ba\u015fka <\/em>(ve bat\u0131l) <em>bir yola tabi olursa, Onu <\/em>(d\u00fcnyada art\u0131k) <em>d\u00f6nd\u00fc\u011f\u00fc <\/em>(bu bat\u0131l ve bozuk) <em>yolda b\u0131rak\u0131r\u0131z <\/em>(hidayetini karart\u0131r\u0131z ahrette ise) <em>cehenneme sokar\u0131z. Ne k\u00f6t\u00fc <\/em>( ve dayan\u0131lmaz, a\u015fa\u011f\u0131lay\u0131c\u0131 ve azapland\u0131r\u0131c\u0131) <em>bir yatakt\u0131r o.\u201d<a href=\"#_ftn10\"><strong>[10]<\/strong><\/a><\/em><\/strong><strong><\/strong><\/span><\/span><\/p>\n<p><strong><span style=\"font-family: arial,helvetica,sans-serif;\"><span style=\"font-size: 12pt;\"><span style=\"font-family: arial black,avant garde;\">\u0130lim, ibadet ve hizmetleriyle d\u00fcnyal\u0131k \u015f\u00f6hret pe\u015fine d\u00fc\u015fen BEL\u2019AM\u2019lar ve g\u00fcn\u00fcm\u00fczdeki \u00f6rnekleri.<\/span><\/span><\/span><\/strong><\/p>\n<p><strong><em><span style=\"font-family: arial,helvetica,sans-serif;\"><span style=\"font-size: 10pt;\">\u201c(Ey Resul\u00fcm) Onlara, kendisine ayetlerimizi (Dini bilgi ve hikmetleri \u00f6\u011fretti\u011fimiz \u015fu) ki\u015finin haberini anlat (ki, bug\u00fcnk\u00fc Bel\u2019am benzeri bilgi\u00e7leri tan\u0131s\u0131n ve sak\u0131ns\u0131nlar)<\/span><\/span><\/em><\/strong><\/p>\n<p><strong><em><span style=\"font-family: arial,helvetica,sans-serif;\"><span style=\"font-size: 10pt;\">O bundan (ilim ve ibadet huzurundan ve zul\u00fcmle cihat \u015fuurundan) s\u0131yr\u0131l\u0131p uzakla\u015fm\u0131\u015f, \u015eeytan (ve ta\u011futlar) Onu pe\u015fine takm\u0131\u015ft\u0131. O da sonunda \u201c\u011eaviy\u201d (Tu\u011fyana kap\u0131l\u0131p azg\u0131nla\u015fan ve ta\u011futa tapanlardan) olup \u00e7\u0131km\u0131\u015ft\u0131.<\/span><\/span><\/em><\/strong><\/p>\n<p><strong><em><span style=\"font-family: arial,helvetica,sans-serif;\"><span style=\"font-size: 10pt;\">E\u011fer biz dileseydik (O Bel\u2019am kafal\u0131 ki\u015filer Hakta ve hay\u0131rda sebat etseydi) Onu bununla (ilim ve takvayla) y\u00fckseltip (\u015ferefli k\u0131lard\u0131k). Ama O arza (d\u00fcnyaya) meyledip (burada sonsuz kalacakm\u0131\u015f gibi davrand\u0131.) Nefs\u00fc hevas\u0131n\u0131n (arzular\u0131na ve gururuna) kap\u0131ld\u0131.<\/span><\/span><\/em><\/strong><\/p>\n<p><strong><em><span style=\"font-family: arial,helvetica,sans-serif;\"><span style=\"font-size: 10pt;\">Onun durumu, \u00fcst\u00fcne varsan (her \u015feyi aleyhine zannetti\u011fi i\u00e7in korkusundan) dilini sark\u0131t\u0131p soluyan; kendi haline b\u0131raksan da(vicdani ku\u015fkular\u0131 ve f\u0131trat bozukluklar\u0131 nedeniyle, yine) dilini sark\u0131t\u0131p soluyan k\u00f6pe\u011fin durumunu and\u0131r\u0131r. \u0130\u015fte ayetlerimizi yalanlay\u0131p (Ta\u011futi g\u00fc\u00e7lere yalakal\u0131k i\u00e7in Kur\u2019an\u0131 yanl\u0131\u015f yorumlayan) toplulu\u011fun durumu (b\u00f6yle bir \u015fa\u015fk\u0131nl\u0131kt\u0131r)\u201d<\/span><\/span><a href=\"#_ftn11\"><strong><span style=\"font-family: arial,helvetica,sans-serif;\"><span style=\"font-size: 10pt;\">[11]<\/span><\/span><\/strong><\/a><span style=\"font-family: arial,helvetica,sans-serif;\"><span style=\"font-size: 10pt;\"> <\/span><\/span><\/em><\/strong><\/p>\n<p><strong><em><span style=\"font-family: arial,helvetica,sans-serif;\"><span style=\"font-size: 10pt;\">Ayetlerimizi yalanlayanlar\u0131 (ve zalim g\u00fc\u00e7lerin keyfine g\u00f6re yorumlayanlar\u0131) Onlar\u0131 bilmeyecekleri (ve fark edemeyecekleri) bir y\u00f6nden ( ve Rabbani y\u00f6ntemlerimle) derece derece (helake ve hezimete) yakla\u015ft\u0131raca\u011f\u0131z.<\/span><\/span><\/em><\/strong><\/p>\n<p><strong><em><span style=\"font-family: arial,helvetica,sans-serif;\"><span style=\"font-size: 10pt;\">Onlara bir s\u00fcre tan\u0131mam (kimseyi aldatmamal\u0131d\u0131r). Hi\u00e7 \u015f\u00fcphesiz benim tuzak d\u00fczenim sapasa\u011flamd\u0131r\u201d<\/span><\/span><a href=\"#_ftn12\"><strong><span style=\"font-family: arial,helvetica,sans-serif;\"><span style=\"font-size: 10pt;\">[12]<\/span><\/span><\/strong><\/a><span style=\"font-family: arial,helvetica,sans-serif;\"><span style=\"font-size: 10pt;\"> <\/span><\/span><\/em><\/strong><\/p>\n<p><strong><em><span style=\"font-family: arial,helvetica,sans-serif;\"><span style=\"font-size: 10pt;\">\u201cArt\u0131k, Allah\u2019\u0131n sap\u0131tt\u0131rd\u0131\u011f\u0131 kimseye hidayet verecek yoktur ve Onlar\u0131 tu\u011fyanlar\u0131 (ta\u011futlara kulluklar\u0131 ve marazl\u0131 m\u00fcnaf\u0131kl\u0131klar\u0131) i\u00e7inde \u015fa\u015fk\u0131nca dola\u015f\u0131r bi\u00e7imde b\u0131rak\u0131r\u201d<\/span><\/span><a href=\"#_ftn13\"><strong><span style=\"font-family: arial,helvetica,sans-serif;\"><span style=\"font-size: 10pt;\">[13]<\/span><\/span><\/strong><\/a><\/em><\/strong><\/p>\n<p><span style=\"font-family: arial,helvetica,sans-serif;\"><span style=\"font-size: 10pt;\">\u00a0<\/span><\/span><\/p>\n<p><span style=\"font-family: arial,helvetica,sans-serif;\"><span style=\"font-size: 10pt;\">\u00a0<\/span><\/span><\/p>\n<p> <br clear=\"all\" \/><span style=\"font-family: arial,helvetica,sans-serif;\"><span style=\"font-size: 10pt;\"> <\/p>\n<hr \/>\n<p> <\/span><\/span> <\/p>\n<p><a href=\"#_ftnref1\"><span style=\"font-family: arial,helvetica,sans-serif;\"><span style=\"font-size: 10pt;\">[1]<\/span><\/span><\/a><span style=\"font-family: arial,helvetica,sans-serif;\"><span style=\"font-size: 10pt;\"> Nisa Suresi: Ayet:60 ve 61<\/span><\/span><\/p>\n<p><a href=\"#_ftnref2\"><span style=\"font-family: arial,helvetica,sans-serif;\"><span style=\"font-size: 10pt;\">[2]<\/span><\/span><\/a><span style=\"font-family: arial,helvetica,sans-serif;\"><span style=\"font-size: 10pt;\"> Nisa Suresi: Ayet:51 ve 52<\/span><\/span><\/p>\n<p><a href=\"#_ftnref3\"><span style=\"font-family: arial,helvetica,sans-serif;\"><span style=\"font-size: 10pt;\">[3]<\/span><\/span><\/a><span style=\"font-family: arial,helvetica,sans-serif;\"><span style=\"font-size: 10pt;\"> Nisa Suresi: Ayet: 76<\/span><\/span><\/p>\n<p><a href=\"#_ftnref4\"><span style=\"font-family: arial,helvetica,sans-serif;\"><span style=\"font-size: 10pt;\">[4]<\/span><\/span><\/a><span style=\"font-family: arial,helvetica,sans-serif;\"><span style=\"font-size: 10pt;\"> Bakara Suresi: Ayet: 256 ve 257<\/span><\/span><\/p>\n<p><a href=\"#_ftnref5\"><span style=\"font-family: arial,helvetica,sans-serif;\"><span style=\"font-size: 10pt;\">[5]<\/span><\/span><\/a><span style=\"font-family: arial,helvetica,sans-serif;\"><span style=\"font-size: 10pt;\"> Z\u00fcmer Suresi: Ayet:14<\/span><\/span><\/p>\n<p><a href=\"#_ftnref6\"><span style=\"font-family: arial,helvetica,sans-serif;\"><span style=\"font-size: 10pt;\">[6]<\/span><\/span><\/a><span style=\"font-family: arial,helvetica,sans-serif;\"><span style=\"font-size: 10pt;\"> Z\u00fcmer Suresi: Ayet:17<\/span><\/span><\/p>\n<p><a href=\"#_ftnref7\"><span style=\"font-family: arial,helvetica,sans-serif;\"><span style=\"font-size: 10pt;\">[7]<\/span><\/span><\/a><span style=\"font-family: arial,helvetica,sans-serif;\"><span style=\"font-size: 10pt;\"> Nahl Suresi: Ayet:36<\/span><\/span><\/p>\n<p><a href=\"#_ftnref8\"><span style=\"font-family: arial,helvetica,sans-serif;\"><span style=\"font-size: 10pt;\">[8]<\/span><\/span><\/a><span style=\"font-family: arial,helvetica,sans-serif;\"><span style=\"font-size: 10pt;\"> Maide Suresi: Ayet: 59-60<\/span><\/span><\/p>\n<p><a href=\"#_ftnref9\"><span style=\"font-family: arial,helvetica,sans-serif;\"><span style=\"font-size: 10pt;\">[9]<\/span><\/span><\/a><span style=\"font-family: arial,helvetica,sans-serif;\"><span style=\"font-size: 10pt;\"> Maide Suresi: Ayet:61<\/span><\/span><\/p>\n<p><a href=\"#_ftnref10\"><span style=\"font-family: arial,helvetica,sans-serif;\"><span style=\"font-size: 10pt;\">[10]<\/span><\/span><\/a><span style=\"font-family: arial,helvetica,sans-serif;\"><span style=\"font-size: 10pt;\"> Nisa Suresi: Ayet:115<\/span><\/span><\/p>\n<p><a href=\"#_ftnref11\"><span style=\"font-family: arial,helvetica,sans-serif;\"><span style=\"font-size: 10pt;\">[11]<\/span><\/span><\/a><span style=\"font-family: arial,helvetica,sans-serif;\"><span style=\"font-size: 10pt;\"> Araf Suresi: Ayet: 175 ve 176<\/span><\/span><\/p>\n<p><a href=\"#_ftnref12\"><span style=\"font-family: arial,helvetica,sans-serif;\"><span style=\"font-size: 10pt;\">[12]<\/span><\/span><\/a><span style=\"font-family: arial,helvetica,sans-serif;\"><span style=\"font-size: 10pt;\"> Araf Suresi: Ayet: 182-183)<\/span><\/span><\/p>\n<p><a href=\"#_ftnref13\"><span style=\"font-family: arial,helvetica,sans-serif;\"><span style=\"font-size: 10pt;\">[13]<\/span><\/span><\/a><span style=\"font-family: arial,helvetica,sans-serif;\"><span style=\"font-size: 10pt;\"> Araf Suresi: Ayet:186<\/span><\/span><\/p>\n","protected":false},"excerpt":{"rendered":"<p><span style=\"font-family: arial,helvetica,sans-serif;\"><span style=\"font-size: 10pt;\">\u00a0<strong>Fethullah G\u00fclen Wall Street Journal&#8217;dan sonra New York Times&#8217;da da: \u201cSiyonist otoriteye itaat\u201d fetvas\u0131n\u0131 tekrarl\u0131yordu! <\/strong><\/span><\/span><\/p>\n<p><span style=\"font-family: arial,helvetica,sans-serif;\"><span style=\"font-size: 10pt;\">Wall Street Journal&#8217;da (WSJ) \u00e7\u0131kan Fetullah G\u00fclen\u2019in \u201c<strong><em>\u0130HH\u2019n\u0131n \u0130srailli otoritelerden izinsiz Gazze\u2019ye yard\u0131m giri\u015fimi yanl\u0131\u015ft\u0131r\u201d<\/em><\/strong> fetvas\u0131ndan hemen bir hafta sonras\u0131nda, hem ABD&#8217;nin hem d\u00fcnyan\u0131n sayg\u0131n gazetelerinden biri olan New York Times (NYT), bu konu hakk\u0131nda bir r\u00f6portaj-haber daha yay\u0131nlam\u0131\u015ft\u0131. Bu da Fetullah G\u00fclen\u2019in iddias\u0131nda hala \u0131srarl\u0131 oldu\u011funun kan\u0131t\u0131yd\u0131. T\u00fcrkiye\u2019deki Fetullah\u00e7\u0131lar ve AKP taraftarlar\u0131 ilk fetvas\u0131n\u0131 yontup k\u0131l\u0131f\u0131na uydurmaya \u00e7al\u0131\u015f\u0131rken bu ikincisi onun ayar\u0131n\u0131 iyice ortaya koymaktayd\u0131.<\/span><\/span><\/p>\n","protected":false},"author":7,"featured_media":0,"comment_status":"open","ping_status":"closed","sticky":false,"template":"","format":"standard","meta":{"footnotes":""},"categories":[112],"tags":[],"class_list":["post-1830","post","type-post","status-publish","format-standard","hentry","category-agustos-2010"],"_links":{"self":[{"href":"https:\/\/www.millicozum.com\/mc\/wp-json\/wp\/v2\/posts\/1830","targetHints":{"allow":["GET"]}}],"collection":[{"href":"https:\/\/www.millicozum.com\/mc\/wp-json\/wp\/v2\/posts"}],"about":[{"href":"https:\/\/www.millicozum.com\/mc\/wp-json\/wp\/v2\/types\/post"}],"author":[{"embeddable":true,"href":"https:\/\/www.millicozum.com\/mc\/wp-json\/wp\/v2\/users\/7"}],"replies":[{"embeddable":true,"href":"https:\/\/www.millicozum.com\/mc\/wp-json\/wp\/v2\/comments?post=1830"}],"version-history":[{"count":0,"href":"https:\/\/www.millicozum.com\/mc\/wp-json\/wp\/v2\/posts\/1830\/revisions"}],"wp:attachment":[{"href":"https:\/\/www.millicozum.com\/mc\/wp-json\/wp\/v2\/media?parent=1830"}],"wp:term":[{"taxonomy":"category","embeddable":true,"href":"https:\/\/www.millicozum.com\/mc\/wp-json\/wp\/v2\/categories?post=1830"},{"taxonomy":"post_tag","embeddable":true,"href":"https:\/\/www.millicozum.com\/mc\/wp-json\/wp\/v2\/tags?post=1830"}],"curies":[{"name":"wp","href":"https:\/\/api.w.org\/{rel}","templated":true}]}}