{"id":1846,"date":"2010-06-29T20:26:34","date_gmt":"2010-06-29T20:26:34","guid":{"rendered":"https:\/\/www.millicozum.com\/mc\/2010\/06\/29\/turkiye-bu-kadar-sahipsiz-ve-caresiz-mi\/"},"modified":"2010-06-29T20:26:34","modified_gmt":"2010-06-29T20:26:34","slug":"turkiye-bu-kadar-sahipsiz-ve-caresiz-mi","status":"publish","type":"post","link":"https:\/\/www.millicozum.com\/mc\/2010\/agustos-2010\/turkiye-bu-kadar-sahipsiz-ve-caresiz-mi\/","title":{"rendered":"T\u00dcRK\u0130YE BU KADAR SAH\u0130PS\u0130Z VE \u00c7ARES\u0130Z M\u0130?"},"content":{"rendered":"<p><span style=\"font-size: 10pt;\"><span style=\"font-family: arial,helvetica,sans-serif;\"><\/span><\/span> <\/p>\n<p><span style=\"font-size: 10pt;\"><span style=\"font-family: arial,helvetica,sans-serif;\"><strong>Sabah gazetesi yazar\u0131 ve AKP yalakas\u0131 Nazl\u0131 Il\u0131cak, &#8220;Son sald\u0131r\u0131lardan sonra art\u0131k g\u00f6r\u00fclm\u00fc\u015ft\u00fcr ki PKK&#8217;y\u0131 muhatap almadan bu sorunu \u00e7\u00f6zmek m\u00fcmk\u00fcn de\u011fildir.&#8221; Diyerek b\u00fcy\u00fck \u0130srail ve K\u00fcrdistan hizmetk\u00e2rl\u0131\u011f\u0131n\u0131 ortaya koyuyordu. Sabataist Serdar Turgut ise bu teklife hemen sahiplenip destekliyordu. Bu arada, g\u00fcya h\u00fck\u00fcmetle y\u0131ld\u0131zlar\u0131 pek bar\u0131\u015fmad\u0131\u011f\u0131 san\u0131lan, s\u00f6m\u00fcr\u00fc ve rantiye sermayesinin kalesi T\u00dcS\u0130AD\u2019\u0131n, aynen AKP\u2019li yazarlar\u0131n a\u011fz\u0131yla, \u201cApdullah \u00d6calan\u2019la masaya oturulmas\u0131\u201d \u00e7a\u011fr\u0131s\u0131 bizleri hi\u00e7 \u015fa\u015f\u0131rtm\u0131yordu. \u00c7\u00fcnk\u00fc bunlar\u0131n hepsi ayn\u0131 Siyonist merkezlerden besleniyordu. <\/strong><\/span><\/span><\/p>\n<p><span style=\"font-size: 10pt;\"><span style=\"font-family: arial,helvetica,sans-serif;\"><strong>Habert\u00fcrk ekranlar\u0131nda telefonla kat\u0131ld\u0131\u011f\u0131 haber b\u00fcltenindeki \u00e7arp\u0131c\u0131 a\u00e7\u0131klamalardan, K\u00fcrt sorununda gelinen nokta itibariyle PKK d\u0131\u015f\u0131 bir \u00e7\u00f6z\u00fcm\u00fcn imkans\u0131zl\u0131\u011f\u0131na vurgu yapt\u0131ktan sonra spiker Benan Kepsutlu\u2019ya \u015funlar\u0131 kusuyordu.<\/strong><\/span><\/span><\/p>\n<p><span style=\"font-size: 10pt;\"><span style=\"font-family: arial,helvetica,sans-serif;\"><strong><em>\u201cSon sald\u0131r\u0131lardan sonra art\u0131k g\u00f6r\u00fclm\u00fc\u015ft\u00fcr ki PKK&#8217;y\u0131 muhattap olmadan bu sorunu \u00e7\u00f6mek m\u00fcmk\u00fcn de\u011fildir. Sonu\u00e7ta silah onlar\u0131n elinde ve siyaset yapmak istiyorlar. Ayr\u0131ca \u00d6calan i\u00e7in de ev hapsi benzeri bir talepleri var. \u015eimdiki T\u00fcrkiye \u015fartlar\u0131nda bunlar\u0131 yapmak m\u00fcmk\u00fcn olmad\u0131\u011f\u0131na g\u00f6re demek ki \u015fartlar\u0131 bu noktaya getirmek gerekiyor.\u201d<\/em><\/strong><\/span><\/span><\/p>\n<p><span style=\"font-size: 10pt;\"><span style=\"font-family: arial,helvetica,sans-serif;\"><strong>\u0130ttihat\u00e7\u0131 Mason-Sabataist Cemal Pa\u015fa\u2019n\u0131n torunu ve AKP ta\u015feronu Hasan Cemalde; \u201c\u00d6calan ve PKK resmen muhatap al\u0131nmadan ve BDP\u2019nin PKK\u2019n\u0131n siyasi temsilci\u011fini kabule yana\u015fmadan bu sorun \u00e7\u00f6z\u00fclemez\u201d diye yaz\u0131yordu.<\/strong><\/span><\/span><\/p>\n<p><span style=\"font-size: 10pt;\"><span style=\"font-family: arial,helvetica,sans-serif;\"><strong>B\u00fct\u00fcn bu \u00e7\u0131k\u0131\u015flar\u0131, birka\u00e7 haddini bilmez yazar\u0131n abuk subuk beklentileri ve u\u00e7uk teklifleri olarak yorumlamak yanl\u0131\u015ft\u0131r. \u00c7\u00fcnk\u00fc bunlar, Recep Erdo\u011fan\u2019\u0131n itiraf etti\u011fi \u201cta\u015feron PKK\u2019n\u0131n\u201d, perde arkas\u0131ndaki patronlar\u0131n\u0131n kiral\u0131k u\u015faklar\u0131d\u0131r. Nazl\u0131 Il\u0131cak ve Hasan Cemal gibileri Siyonist odaklar\u0131n s\u00f6zc\u00fcleri konumundad\u0131r. Ve zaten herkes biliyor ki, azg\u0131nla\u015fan ter\u00f6r sald\u0131r\u0131lar\u0131n\u0131n arkas\u0131nda \u0130srail ve ABD vard\u0131r.<\/strong><\/span><\/span><\/p>\n<p><span style=\"font-family: arial black,avant garde;\"><span style=\"font-size: 12pt;\"><strong>Ve \u015fimdi T\u00fcrkiye kesin bir yol ayr\u0131m\u0131ndad\u0131r. Art\u0131k \u015fu iki \u015feyden birisi olacakt\u0131r.<\/strong><\/span><\/span><\/p>\n<ol>\n<li><span style=\"font-size: 10pt;\"><span style=\"font-family: arial,helvetica,sans-serif;\"><strong>Ya Nazl\u0131 Il\u0131cak ve Hasan Cemal gibilerinin tavsiye buyurduklar\u0131 gibi, PKK ve \u00d6calan resmen muhatap kabul edilip, Onlar\u0131n b\u00fct\u00fcn talepleri biraz t\u00f6rp\u00fclenip yerine getirilerek, \u00f6nce federatif ve demokratik \u00f6zerklik\u2019le ba\u015flayan G\u00fcneydo\u011fumuzda bir K\u00fcrdistan kurulmas\u0131n\u0131n alt yap\u0131s\u0131na raz\u0131 olunacak ve b\u00f6ylece Sevr\u2019in gizli maddeleri uygulanarak T\u00fcrkiye par\u00e7alanacakt\u0131.<\/strong><\/span><\/span><\/li>\n<li><span style=\"font-size: 10pt;\"><span style=\"font-family: arial,helvetica,sans-serif;\"><strong>Veya, T\u00fcrkiye Kuzey \u0131rak\u2019a girip en az <st1:metricconverter productid=\"30 km\" w:st=\"on\">30 km<\/st1:metricconverter> i\u00e7eriden bir g\u00fcvenlik \u015feridi olu\u015fturulacak ve Kandil dahil b\u00fct\u00fcn ter\u00f6r yuvalar\u0131n\u0131 ba\u015flar\u0131na y\u0131k\u0131p, kendi varl\u0131\u011f\u0131n\u0131 ve ba\u011f\u0131ms\u0131zl\u0131\u011f\u0131n\u0131 koruyacakt\u0131.<\/strong><\/span><\/span><\/li>\n<\/ol>\n<p><span style=\"font-size: 10pt;\"><span style=\"font-family: arial,helvetica,sans-serif;\"><strong>Bu teklife, Recep Erdo\u011fan\u2019\u0131n PKK\u2019n\u0131n patronlar\u0131 olduklar\u0131n\u0131 s\u00f6yledi\u011fi ama bir t\u00fcrl\u00fc isimlerini vermeye cesaret edemedi\u011fi \u00fclkelerle i\u00e7imizdeki i\u015fbirlik\u00e7ileri d\u0131\u015f\u0131nda kim kar\u015f\u0131 \u00e7\u0131kacakt\u0131?<\/strong><\/span><\/span><\/p>\n<p><span style=\"font-size: 10pt;\"><span style=\"font-family: arial,helvetica,sans-serif;\"><strong>Ve tabi, \u0130srail ve ABD\u2019nin bir \u0130ran sald\u0131r\u0131s\u0131 \u00f6ncesi, T\u00fcrkiye\u2019yi kendi sorunlar\u0131yla u\u011fra\u015ft\u0131rma niyetleri de hesaba kat\u0131lmal\u0131yd\u0131\u2026<\/strong><\/span><\/span><\/p>\n<p><span style=\"font-size: 12pt;\"><span style=\"font-family: arial,helvetica,sans-serif;\"><strong>Burada g\u00f6z ard\u0131 edilen as\u0131l ger\u00e7ek; sadece son d\u00f6nemde de\u011fil T\u00fcrkiye ile ili\u015fkileri zirve yapt\u0131\u011f\u0131 d\u00f6nemde de ya\u015fanan ter\u00f6r hadiselerinin arkas\u0131nda daima \u0130srail parma\u011f\u0131n\u0131n oldu\u011funun \u00f6zenle saklanmas\u0131yd\u0131.<\/strong><\/span><\/span><\/p>\n<p><span style=\"font-size: 10pt;\"><span style=\"font-family: arial,helvetica,sans-serif;\">ABD&#8217;li gazeteci Seymour Hersh de Takvim&#8217;e yapt\u0131\u011f\u0131 a\u00e7\u0131klamada bu ger\u00e7e\u011fe dikkat \u00e7ekmi\u015fti. Demi\u015fti ki: <strong><em>&#8220;PKK&#8217;y\u0131 silahland\u0131ran \u0130srail, b\u00f6lgede istikrars\u0131z bir T\u00fcrkiye istiyor. Ve \u0130srail, T\u00fcrkiye&#8217;yi zay\u0131flatmak i\u00e7in de haz\u0131rda bekleyen PKK&#8217;y\u0131 kullan\u0131yor. Bunun alt yap\u0131s\u0131n\u0131 2003&#8217;te att\u0131. 50 y\u0131l \u00f6nce Irak&#8217;\u0131n kuzeyini terk eden Yahudi K\u00fcrtler, 2003 y\u0131l\u0131ndaki i\u015fgalden sonra b\u00f6lgeye geri d\u00f6nd\u00fc. Bir\u00e7o\u011fu \u015fu anda PKK ile i\u015fbirli\u011fi halinde. MOSSAD, 20 y\u0131ld\u0131r Irak&#8217;\u0131n kuzeyinde bekleme halindeydi. \u015eimdi ise faal olarak \u00e7al\u0131\u015f\u0131yor. PKK konusunda \u0130srail h\u00fck\u00fcmetlerinin ald\u0131\u011f\u0131 \u00f6zel bir karar yok. \u0130srail&#8217;de hangi h\u00fck\u00fcmet iktidarda olursa olsun, devlet tavr\u0131 olarak PKK&#8217;y\u0131 destekler. \u00c7\u00fcnk\u00fc Ortado\u011fu&#8217;da g\u00fc\u00e7 dengelerini kendi lehlerini \u00e7evirmek i\u00e7in T\u00fcrkiye&#8217;ye kar\u015f\u0131 oyunlar haz\u0131rlanmas\u0131 gerekti\u011fini d\u00fc\u015f\u00fcn\u00fcyorlar.&#8221;<a href=\"#_ftn1\"><strong>[1]<\/strong><\/a><\/em><\/strong><\/span><\/span><\/p>\n<p><span style=\"font-size: 12pt;\"><span style=\"font-family: arial black,avant garde;\"><strong>PKK\u2019n\u0131n \u0130skenderun ve sonras\u0131 bask\u0131nlar\u0131n\u0131 \u0130srail planlam\u0131\u015ft\u0131!<\/strong><\/span><\/span><\/p>\n<p><span style=\"font-size: 10pt;\"><span style=\"font-family: arial,helvetica,sans-serif;\">Hatay\u2019daki Amanos da\u011flar\u0131 PKK\u2019n\u0131n ge\u00e7i\u015f yapt\u0131\u011f\u0131 b\u00f6lgelerden birisidir. PKK\u2019n\u0131n ge\u00e7i\u015f b\u00f6lgelerinden m\u00fcmk\u00fcn oldu\u011funca eylem yapmamaya \u00e7al\u0131\u015ft\u0131\u011f\u0131 bilinmektedir. PKK\u2019n\u0131n \u0130skenderun\u2019daki sald\u0131r\u0131y\u0131 ger\u00e7ekle\u015ftirerek ge\u00e7i\u015f b\u00f6lgesini neden tehlikeye soktu\u011funa \u00f6nce kimse anlam veremedi. Sald\u0131r\u0131, Gazze\u2019ye yard\u0131m g\u00f6t\u00fcren gemilerin \u0130srail karasular\u0131na girmesinden 4-5 saat \u00f6nce ger\u00e7ekle\u015ftirildi. Bu sald\u0131r\u0131n\u0131n \u0130srail\u2019in gemi eylemiyle e\u015fg\u00fcd\u00fcml\u00fc yap\u0131ld\u0131\u011f\u0131 akla gelen ilk olas\u0131l\u0131kt\u0131. \u0130srail gemi bask\u0131n\u0131na giri\u015fmeden \u00f6nce, PKK i\u00e7inde \u00f6rg\u00fctledi\u011fi timlerin sald\u0131r\u0131s\u0131yla, karasular\u0131na en ayk\u0131n konumdaki T\u00fcrk deniz \u00fcss\u00fcn\u00fc bask\u0131 alt\u0131na alm\u0131\u015ft\u0131.<\/span><\/span><\/p>\n<p><span style=\"font-size: 10pt;\"><span style=\"font-family: arial,helvetica,sans-serif;\">PKK ileri gelenleri timleri \u0130srail\u2019in \u00f6rg\u00fctledi\u011fini yalanlad\u0131. Murat Karay\u0131lan eylemin \u201c10 g\u00fcn \u00f6nceden belirlendi\u011fini\u201d Mustafa Karasu ise \u201c6 ay \u00f6nceden belirlendi\u011fini\u201d s\u00f6yleyerek \u00e7eli\u015fkili a\u00e7\u0131klamalar yapm\u0131\u015flard\u0131. PKK, daha \u00f6nce ger\u00e7ekle\u015ftirdi\u011fi Re\u015fadiye eylemini \u00fcstlenirken yapt\u0131\u011f\u0131 a\u00e7\u0131klamada da, eylemin \u201cmerkezden ba\u011f\u0131ms\u0131z bir grup taraf\u0131ndan ger\u00e7ekle\u015ftirildi\u011fini\u201d vurgulam\u0131\u015ft\u0131.<\/span><\/span><\/p>\n<p><span style=\"font-size: 10pt;\"><span style=\"font-family: arial,helvetica,sans-serif;\"><strong>\u00d6calan\u2019\u0131n \u201cben \u00e7ekiliyorum\u201d a\u00e7\u0131klamas\u0131.<\/strong><\/span><\/span><\/p>\n<p><span style=\"font-size: 10pt;\"><span style=\"font-family: arial,helvetica,sans-serif;\">Abdullah \u00d6calan\u2019\u0131n, \u201c31 May\u0131s\u2019tan sonra ben \u00e7ekiliyorum. Kimse beni muhatap almas\u0131n. Bundan sonra ben bu i\u015flerden sorumlu de\u011filim. \u00d6rg\u00fct Kandil\u2019de duruyor. Kendi kararlar\u0131n\u0131 kendileri al\u0131rlar\u201d a\u00e7\u0131klamas\u0131, PKK\u2019nin sald\u0131r\u0131lar\u0131n\u0131 yo\u011funla\u015ft\u0131raca\u011f\u0131 yorumlar\u0131na yol a\u00e7m\u0131\u015ft\u0131. \u00c7ok ge\u00e7meden PKK\u2019n\u0131n fili lideri durumundaki Murat karay\u0131lan, 7 Haziran 2010 tarihinde \u00f6rg\u00fcte ait F\u0131rat Haber Ajans\u0131\u2019na yapt\u0131\u011f\u0131 a\u00e7\u0131klamada, \u201c\u0130skenderun bask\u0131n\u0131yla \u2018aktif savunma\u2019 d\u00f6nemine girildi\u011fini belirtti ve \u201cEylemlerin metropollere kayabilece\u011fini, \u00f6zellikle de ekonomik ve askeri de\u011feri y\u00fcksek yerlerin se\u00e7ilece\u011fini\u201d vurgulam\u0131\u015ft\u0131.<\/span><\/span><\/p>\n<p><span style=\"font-size: 10pt;\"><span style=\"font-family: arial,helvetica,sans-serif;\">Gerek ger\u00e7ekle\u015fen olaylar, gerekse daha sonra yap\u0131lan a\u00e7\u0131klamalar, ABD Merkezi Komutanl\u0131k Komutan\u0131 General David Petraeus\u2019un \u201cAskeri tesislere \u00f6rt\u00fcl\u00fc sald\u0131r\u0131 talimat\u0131 verdi\u011fi\u201d haberini b\u00fct\u00fcn\u00fcyle do\u011frulam\u0131\u015ft\u0131.<\/span><\/span><\/p>\n<p><span style=\"font-size: 10pt;\"><span style=\"font-family: arial,helvetica,sans-serif;\">Tayyip Erdo\u011fan\u2019\u0131n \u0130srail\u2019e kar\u015f\u0131 izledi\u011fi gerginlik politikas\u0131 ABD\u2019nin kontrol\u00fcnde y\u00fcr\u00fct\u00fcl\u00fcyordu. Bir anlamda Tayyip\u2019i \u0130srail\u2019in \u00fczerine ABD s\u00fcr\u00fcyordu. ABD\u2019nin bo konuda iki hedefi vard\u0131. Birincisi, Ortado\u011fu\u2019daki M\u00fcsl\u00fcman \u00fclkelere, \u201c\u0130srail\u2019i kontol alt\u0131na alaca\u011f\u0131\u201d mesaj\u0131 veriyordu. Bu ayn\u0131 zamanda AKP h\u00fck\u00fcmetinin ABD\u2019nin Ortado\u011fu politikalar\u0131nda daha fazla rol \u00fcstlenece\u011fi anlam\u0131na geliyordu. \u0130kncisi ise, uzun zamandan beri Obama\u2019n\u0131n randevu vermedi \u0130srail Ba\u015fbakan\u0131 Netanyahu\u2019yu devirerek Ortado\u011fu\u2019da bir \u201cAmerikan bar\u0131\u015f\u0131\u201d ger\u00e7ekle\u015ftirilmesini kabul eden Tsipi Livni\u2019yi i\u015f ba\u015f\u0131na getirmek istiyordu. B\u00f6ylece \u0130slam \u00fclkelerinin bu g\u00f6stermelik de\u011fi\u015fimle avutup uyutulmas\u0131 hedefleniyordu.<a href=\"#_ftn2\">[2]<\/a><\/span><\/span><\/p>\n<p><span style=\"font-size: 10pt;\"><span style=\"font-family: arial,helvetica,sans-serif;\"><strong>\u00a0<\/strong><\/span><\/span><\/p>\n<p><span style=\"font-size: 12pt;\"><span style=\"font-family: arial black,avant garde;\"><strong>Geni\u015fletilmi\u015f K\u00fcrdistan ve B\u00fcy\u00fck \u0130srail haz\u0131rl\u0131\u011f\u0131!<\/strong><\/span><\/span><\/p>\n<p><span style=\"font-size: 10pt;\"><span style=\"font-family: arial,helvetica,sans-serif;\">\u0130srail\u2019in Mavi Marmara gemisine bask\u0131n\u0131na ili\u015fkin tart\u0131\u015fmalar\u0131n s\u0131cakl\u0131\u011f\u0131 s\u00fcrerken \u00e7ok \u00f6nemli bir geli\u015fme kamuoyunda yeteri kadar ilgi bulamam\u0131\u015ft\u0131.<\/span><\/span><\/p>\n<p><span style=\"font-size: 10pt;\"><span style=\"font-family: arial,helvetica,sans-serif;\">Irak K\u00fcrt B\u00f6lgesel Y\u00f6netimi Ba\u015fkan\u0131 s\u0131fat\u0131yla alt\u0131 y\u0131ll\u0131k bir aradan sonra T\u00fcrkiye\u2019yi ziyaret eden Mesut Barzani 3 Haziran\u2019da Ankara\u2019ya gelmi\u015f ve yakla\u015f\u0131k bir hafta T\u00fcrkiye\u2019de kalm\u0131\u015ft\u0131.<\/span><\/span><\/p>\n<p><span style=\"font-size: 10pt;\"><span style=\"font-family: arial,helvetica,sans-serif;\">Barzani; Tayip Erdo\u011fan, Abdullah G\u00fcl, Ahmet Davuto\u011flu, T\u00dcS\u0130AD yetkilileri, BDP\u2019den Ahmet T\u00fcrk ve Selahattin Demirta\u015f ile g\u00f6r\u00fc\u015fmeler yapm\u0131\u015ft\u0131. Davuto\u011flu ile g\u00f6r\u00fc\u015fen Barzani ortak bir bas\u0131n toplant\u0131s\u0131nda, \u201cK\u00fcrt a\u00e7\u0131l\u0131m\u0131\u201d n\u0131 \u00f6vm\u00fc\u015f\u00a0 ve herkesi desteklemeye \u00e7a\u011f\u0131rm\u0131\u015ft\u0131. Davuto\u011flu ise, T\u00fcrkiye ile Irak\u2019\u0131n kuzeyindeki Kukla Devlet y\u00f6netimi aras\u0131nda tam bir ekonomik entegrasyon sa\u011flanaca\u011f\u0131n\u0131 vurgulam\u0131\u015ft\u0131. Barzani\u2019nin g\u00f6r\u00fc\u015fmelerinde al\u0131nan kararlar gazetelere \u015f\u00f6yle yans\u0131m\u0131\u015ft\u0131:<\/span><\/span><\/p>\n<ul>\n<li><span style=\"font-size: 10pt;\"><span style=\"font-family: arial,helvetica,sans-serif;\">T\u00fcrkiye ile Kuzey Irak aras\u0131nda tam bir ekonomik entegrasyon \u00e7al\u0131\u015fmas\u0131 h\u0131zland\u0131r\u0131lacak.<\/span><\/span><\/li>\n<li><span style=\"font-size: 10pt;\"><span style=\"font-family: arial,helvetica,sans-serif;\">Ortak enerji, ticari, ula\u015ft\u0131rma stratejisi olacak<\/span><\/span><\/li>\n<li><span style=\"font-size: 10pt;\"><span style=\"font-family: arial,helvetica,sans-serif;\">THY\u2019nin en k\u0131sa zamanda Erbil seferleri ba\u015flat\u0131lacak.<\/span><\/span><\/li>\n<li><span style=\"font-size: 10pt;\"><span style=\"font-family: arial,helvetica,sans-serif;\">Ziraat Bankas\u0131 ve di\u011fer bankalar Kuzey Irak\u2019ta \u015fube a\u00e7acak.<\/span><\/span><\/li>\n<li><span style=\"font-size: 10pt;\"><span style=\"font-family: arial,helvetica,sans-serif;\">Ayd\u0131nlar, \u00f6\u011frenciler ve \u00fcniversiteler aras\u0131nda temaslar yo\u011funla\u015facak. B\u00f6ylece yeni birt tarih bilinci de sa\u011flanacak.<\/span><\/span><\/li>\n<\/ul>\n<p><span style=\"font-size: 10pt;\"><span style=\"font-family: arial,helvetica,sans-serif;\">Barzani\u2019nin T\u00fcrkiye ziyareti bir d\u00f6n\u00fcm noktas\u0131 niteli\u011fi ta\u015f\u0131yordu. \u00c7\u00fcnk\u00fc Kukla Devlet\u2019in resmen tan\u0131nma s\u00fcrecinden, T\u00fcrkiye\u2019ye do\u011fru geni\u015fletilmesi s\u00fcrecine ge\u00e7iliyordu. Davuto\u011flu\u2019nun bahsetti\u011fi T\u00fcrkiye ile Kukla Devlet aras\u0131ndaki ekonomik entegrasyonun anlam\u0131 buydu.<\/span><\/span><\/p>\n<p><span style=\"font-size: 10pt;\"><span style=\"font-family: arial,helvetica,sans-serif;\">ABD\u2019nin \u0130srail\u2019in g\u00fcvenli\u011fini sa\u011flayacak ve bug\u00fcn Tayyip Erdo\u011fan\u2019\u0131n e\u015fba\u015fkan\u0131 olmakla \u00f6v\u00fcnd\u00fc\u011f\u00fc BOP projesinde en kilit nokta Kukla K\u00fcrdistan olu\u015fuyordu. Kukla Devlet\u2019in Irak\u2019\u0131n kuzeyinde yal\u0131t\u0131lm\u0131\u015f olarak bulunmas\u0131 hi\u00e7bir i\u015fe yaramazd\u0131. Kukla Devlet\u2019in nefes borusunun T\u00fcrkiye olmas\u0131 sa\u011flanmak isteniyordu. Bunun yolu da T\u00fcrkiye\u2019nin g\u00fcneydo\u011fusunun Kukla Devlet\u2019e eklenmesinden ge\u00e7iyordu. Ama bu da tek ba\u015f\u0131na yeterli de\u011fildi. T\u00fcrkiye\u2019nin BOP\u2019taki merkezi rol\u00fcn\u00fc ger\u00e7ekle\u015ftirebilmesi, Arap \u00fclkeleri i\u00e7in Amerikan kar\u015f\u0131t\u0131 bir \u0130ran yerine AKP\u2019nin Ha\u00e7l\u0131 irtica modelinin g\u00fcd\u00fcm\u00fcne sokulmas\u0131 gerekiyordu.<\/span><\/span><\/p>\n<p><span style=\"font-size: 10pt;\"><span style=\"font-family: arial,helvetica,sans-serif;\">T\u00fcrkiye\u2019nin \u0130slam d\u00fcnyas\u0131na \u0131l\u0131ml\u0131 \u0130slam kimli\u011fiyle model olmas\u0131 denilen \u015fey de buydu. Yani T\u00fcrkiye\u2019nin b\u00f6lge \u00fclkeleriyle ABD ad\u0131na ve ABD-\u0130srail ikilisi i\u00e7in bir a\u00e7\u0131k Pazar haline getirilmesinin yolu d\u00f6\u015feniyordu.<\/span><\/span><\/p>\n<p><span style=\"font-size: 10pt;\"><span style=\"font-family: arial,helvetica,sans-serif;\"><strong>PKK ta\u015feronsa patronlar\u0131 mutlaka a\u00e7\u0131klanmal\u0131yd\u0131!<\/strong><\/span><\/span><\/p>\n<p><span style=\"font-size: 10pt;\"><span style=\"font-family: arial,helvetica,sans-serif;\">Ba\u015fbakan, Genelkurmay Ba\u015fkan\u0131&#8217;na \u00e7ekti\u011fi ba\u015fsa\u011fl\u0131\u011f\u0131 telgraf\u0131nda: &#8220;Hangi g\u00fc\u00e7ler ad\u0131na ta\u015feronluk yapt\u0131\u011f\u0131 aziz milletimiz taraf\u0131ndan yak\u0131ndan bilinen ter\u00f6r \u00f6rg\u00fct\u00fc yok edilinceye kadar&#8230;&#8221; diyordu.<\/span><\/span><\/p>\n<p><span style=\"font-size: 10pt;\"><span style=\"font-family: arial,helvetica,sans-serif;\">Ama PKK&#8217;n\u0131n hangi g\u00fc\u00e7lerin ta\u015feronu oldu\u011funu a\u00e7\u0131kca dile getiremiyordu. \u00dc\u00e7 be\u015f ki\u015filik gruplar halinde sa\u011fa sola taciz at\u0131\u015flar\u0131 yapsa, iki bomba patlatsa, may\u0131n d\u00f6\u015fese &#8216;ta\u015feronluk&#8217; vurgusu belki anlaml\u0131 gelirdi&#8230; Kontrols\u00fcz, birbirinden habersiz gruplar birileri (!) ad\u0131na da eylem yap\u0131yordur derdik\u2026 Ama bu \u00f6yle de\u011fil&#8230; 250-300 ki\u015filik grup sald\u0131r\u0131yordu\u2026 Bunlar ta\u015feronsa, ter\u00f6r ta\u015feronlu\u011funu veren g\u00fc\u00e7 bir hayli g\u00fc\u00e7l\u00fc olmal\u0131yd\u0131&#8230; Bir devlet olmal\u0131\u2026 Veya o devletin istihbarat \u00f6rg\u00fct\u00fc&#8230; Kim? \u0130srail mi? Amerika m\u0131? Irak m\u0131, \u0130ran m\u0131, Suriye mi?<\/span><\/span><\/p>\n<p><span style=\"font-size: 10pt;\"><span style=\"font-family: arial,helvetica,sans-serif;\">300 ki\u015filik ter\u00f6rist grubu T\u00fcrkiye&#8217;ye sald\u0131rtan g\u00fc\u00e7 kim oluyordu? Hemen a\u00e7\u0131klanmal\u0131yd\u0131\u2026 \u00c7\u00fcnk\u00fc bu resmen sava\u015f nedeniydi!.. PKK hangi \u00fclkeden ihale alm\u0131\u015fsa, hangi \u00fclkenin ta\u015feronu olarak silah s\u0131k\u0131yorsa, o \u00fclkeyle hesapla\u015fmam\u0131z gerekiyordu.<\/span><\/span><\/p>\n<p><span style=\"font-size: 10pt;\"><span style=\"font-family: arial,helvetica,sans-serif;\"><strong>\u0130nsans\u0131z ke\u015fif u\u00e7aklar\u0131m\u0131z bask\u0131ndan \u00f6nce niye u\u00e7amam\u0131\u015flard\u0131?<\/strong><\/span><\/span><\/p>\n<p><span style=\"font-size: 10pt;\"><span style=\"font-family: arial,helvetica,sans-serif;\">\u00d6zellikle s\u0131n\u0131r b\u00f6lgemizdeki ter\u00f6rist ge\u00e7i\u015flerini izlemek i\u00e7in \u0130srail&#8217;den ald\u0131\u011f\u0131m\u0131z insans\u0131z ke\u015fif u\u00e7aklar\u0131 (Heron), son bask\u0131n esnas\u0131nda g\u00f6rev yapamaz haldeymi\u015fler. Nedenini biliyor musunuz? Defense News&#8217;\u00fcn (Savunma Haberleri) sitesindeki habere g\u00f6re, \u0130srail&#8217;in T\u00fcrk personel yeti\u015finceye kadar kalmalar\u0131 i\u00e7in g\u00f6nderdi\u011fi \u0130srailli uzmanlar, iki \u00fclke aras\u0131nda gerginlikler ya\u015fanmaya ba\u015flad\u0131ktan sonra Israel Aerospace Industries ve Elbit Systems LTD&#8217;nin \u00e7a\u011fr\u0131s\u0131 \u00fczerine \u00fclkelerine geri d\u00f6nm\u00fc\u015fler. \u0130srail, ba\u015fka \u00fclkelere satt\u0131\u011f\u0131 Heron t\u00fcr\u00fc ke\u015fif u\u00e7aklar\u0131na, kendisine kar\u015f\u0131 kullan\u0131lmas\u0131n\u0131 engellemek i\u00e7in birtak\u0131m teknolojik yenilikler ve yaz\u0131l\u0131mlar y\u00fckleyebiliyor. Bu nedenle her yeni u\u00e7ak i\u00e7in yeni personel yeti\u015ftirilmesi vakit alabiliyor.<\/span><\/span><\/p>\n<p><span style=\"font-size: 10pt;\"><span style=\"font-family: arial,helvetica,sans-serif;\">Yine Defense News&#8217;\u00fcn haberine g\u00f6re, Vecdi G\u00f6n\u00fcl Gaziantep&#8217;te kat\u0131ld\u0131\u011f\u0131 bir konferanstan sonra yapt\u0131\u011f\u0131 a\u00e7\u0131klamada, Heronlar\u0131 u\u00e7uracak T\u00fcrk personelin &#8220;yak\u0131nda&#8221; g\u00f6reve haz\u0131r olacaklar\u0131n\u0131 s\u00f6yl\u00fcyor. Bu &#8220;yak\u0131nda&#8221;n\u0131n tam anlam\u0131yla ne kadar s\u00fcre i\u00e7erdi\u011fi bilinmiyor.<\/span><\/span><\/p>\n<p><span style=\"font-size: 10pt;\"><span style=\"font-family: arial,helvetica,sans-serif;\">Ayn\u0131 haberde, ad\u0131n\u0131 vermeyen bir askeri yetkilinin, Heronlar\u0131n &#8220;\u015fu anda operasyonel olmad\u0131klar\u0131n\u0131&#8221; s\u00f6yledi\u011fi belirtiliyor. T\u00fcrkiye\u2019nin, kendi \u00fcretti\u011fi insans\u0131z u\u00e7aklar\u0131n \u0130srail Heronlar\u0131ndan \u00e7ok daha iyi oldu\u011fu biliniyor. Peki o zaman neden hala \u0130srail\u2019e ba\u011f\u0131ml\u0131 kal\u0131n\u0131yor ve milyonlarca dolar \u00f6deniyor?<\/span><\/span><\/p>\n<p><span style=\"font-size: 10pt;\"><span style=\"font-family: arial,helvetica,sans-serif;\">\u015eu anda elimizde ac\u0131 ve al\u00e7alt\u0131c\u0131 bir ger\u00e7ek var; o kadar kalabal\u0131k bir grup ter\u00f6rist, \u015eemdinli&#8217;ye gitmek i\u00e7in s\u0131n\u0131rdan ge\u00e7erken T\u00fcrkiye onlar\u0131 maalesef g\u00f6remiyordu. \u00c7\u00fcnk\u00fc insans\u0131z istihbarat toplay\u0131c\u0131 \u0130srail Heronlar\u0131 u\u00e7urtulam\u0131yordu.<a href=\"#_ftn3\">[3]<\/a><\/span><\/span><\/p>\n<p><span style=\"font-size: 10pt;\"><span style=\"font-family: arial,helvetica,sans-serif;\">Ba\u015fka bir \u00fclke b\u00f6yle bir h\u00fccuma u\u011frasa\u2026 Topraklar\u0131na silahl\u0131 yabanc\u0131lar s\u0131z\u0131p askeri birliklere sald\u0131rsa&#8230; -Acaba kar\u015f\u0131l\u0131\u011f\u0131 ne olurdu? Diyelim ki mesela \u0130srail&#8217;in ba\u015f\u0131na gelseydi, nas\u0131l davran\u0131rd\u0131? \u0130\u015fte \u015fimdi bizimde \u00f6yle kar\u015f\u0131l\u0131k vermemiz gerekiyordu.<\/span><\/span><\/p>\n<p><span style=\"font-size: 10pt;\"><span style=\"font-family: arial,helvetica,sans-serif;\">G\u00f6nl\u00fcm\u00fczden bu ge\u00e7iyor, duygular\u0131m\u0131z bunu s\u00f6yl\u00fcyordu ama ucuz ve uyuz kahramanl\u0131k budalas\u0131 AKP\u2019nin diplomasi, realitesi (!) frene bas\u0131yordu. &#8220;Olmaz&#8221; diyordu. &#8220;Sonra sava\u015f \u00e7\u0131kar&#8221; diyordu. &#8220;Ak\u0131ll\u0131 ol&#8221; diyordu&#8230; D\u00fcnya koro halinde bunu s\u00f6yl\u00fcyordu. Bizden istenen \u015fuydu: \u201cSen kar\u015f\u0131l\u0131k vermek i\u00e7in de\u011fil, \u00f6lmek i\u00e7in vars\u0131n&#8230; Her g\u00fcn \u00f6leceksin&#8230;\u201d.<a href=\"#_ftn4\">[4]<\/a> deniyor ve Milli gururumuz ayaklar alt\u0131nda \u00e7i\u011fneniyordu.<\/span><\/span><\/p>\n<p><span style=\"font-size: 10pt;\"><span style=\"font-family: arial,helvetica,sans-serif;\">\u00a0<\/span><\/span><\/p>\n<p><span style=\"font-size: 12pt;\"><span style=\"font-family: arial,helvetica,sans-serif;\"><strong>Ama Fetullah\u00e7\u0131 \u00d6nder Ayta\u00e7 daha \u00e7arp\u0131c\u0131 bir iddia ortaya atm\u0131\u015f: \u201dHeronlar sald\u0131r\u0131dan \u00f6nce 200 ter\u00f6risti tespit etti, &#8216;vural\u0131m&#8217; talebi reddedildi.\u201d Diyerek TSK\u2019y\u0131 su\u00e7lam\u0131\u015ft\u0131<\/strong><\/span><\/span><\/p>\n<p><span style=\"font-size: 10pt;\"><span style=\"font-family: arial,helvetica,sans-serif;\">Hakkari&#8217;de 11 askerin \u015fehit d\u00fc\u015ft\u00fc\u011f\u00fc sald\u0131r\u0131yla ilgili olarak &#8216;komuta kademesinde ihmal oldu\u011fu&#8217; iddialar\u0131 g\u00fcndeme ta\u015f\u0131nm\u0131\u015ft\u0131.<\/span><\/span><\/p>\n<p><span style=\"font-size: 10pt;\"><span style=\"font-family: arial,helvetica,sans-serif;\">Do\u00e7. Dr. \u00d6nder Ayta\u00e7, kendisine ula\u015fan bir bilgiyi aktar\u0131rken, Heron&#8217;lar\u0131n (insans\u0131z istihbarat u\u00e7a\u011f\u0131) sald\u0131r\u0131dan g\u00fcnler \u00f6nce s\u0131n\u0131r\u0131 ge\u00e7en yakla\u015f\u0131k 200 ter\u00f6risti tespit etti\u011fini, ancak ter\u00f6ristlere asker\u00ee m\u00fcdahale talebinin reddedildi\u011fini a\u00e7\u0131klam\u0131\u015ft\u0131. Star Gazetesi&#8217;nde yay\u0131mlanan haberde Ayta\u00e7, Batman&#8217;da Heron&#8217;lardan sorumlu bir albay\u0131n ter\u00f6ristlerin g\u00f6r\u00fcnt\u00fcs\u00fcn\u00fc g\u00f6rd\u00fc\u011f\u00fcn\u00fc ve komutanlar\u0131na &#8216;Bunlar\u0131 \u015fimdi vurmayaca\u011f\u0131z da ne zaman vuraca\u011f\u0131z?&#8217; diye tepki g\u00f6sterdi\u011fini anlatm\u0131\u015ft\u0131. Albay\u0131n \u00f6fkeyle kafas\u0131n\u0131 duvara vurdu\u011funu da belirten Ayta\u00e7, Heron&#8217;lar\u0131n haf\u0131zalar\u0131n\u0131n silinmedi\u011fini, son iki haftal\u0131k kay\u0131tlara bak\u0131lmas\u0131 halinde 150-200 ter\u00f6ristin g\u00f6r\u00fclece\u011fini vurgulam\u0131\u015fd\u0131.<a href=\"#_ftn5\">[5]<\/a> B\u00f6ylece \u0130srail PKK elitle ter\u00f6rist bask\u0131nlar\u0131n\u0131 yaparken, Fetullahc\u0131lar eliyle de psikolojik sald\u0131r\u0131lar\u0131n\u0131 yo\u011funla\u015ft\u0131rm\u0131\u015ft\u0131.<\/span><\/span><\/p>\n<p><span style=\"font-size: 10pt;\"><span style=\"font-family: arial,helvetica,sans-serif;\"><strong>\u00dcstelik G\u00fclay G\u00f6kt\u00fcrk \u015f\u00f6yle soruyordu: <em>\u201cOrdu neden bu kadar ba\u015far\u0131s\u0131zd\u0131?<\/em><\/strong><\/span><\/span><\/p>\n<p><span style=\"font-size: 10pt;\"><span style=\"font-family: arial,helvetica,sans-serif;\"><em>Temel soru \u015fu: Bu halk &#8220;Ortado\u011fu&#8217;nun en b\u00fcy\u00fck ordusu&#8221;nu besliyor; yemeyip i\u00e7meyip, ona silah ve te\u00e7hizat yeti\u015ftiriyor; b\u00fct\u00e7esini sorgulam\u0131yor; modernle\u015ftirmek i\u00e7in hi\u00e7bir fedak\u00e2rl\u0131ktan ka\u00e7\u0131nm\u0131yor.<\/em><\/span><\/span><\/p>\n<p><span style=\"font-size: 10pt;\"><span style=\"font-family: arial,helvetica,sans-serif;\"><em>Peki neden 700 bin-800 bin ki\u015filik bu dev ordu \u00e7eyrek y\u00fczy\u0131l\u0131 a\u015fk\u0131n bir s\u00fcredir \u00fc\u00e7-be\u015f bin ter\u00f6riste kar\u015f\u0131 silahl\u0131 m\u00fccadeleyi kazanam\u0131yor? Evet, ter\u00f6re kar\u015f\u0131 m\u00fccadele sadece askeri alanda kazan\u0131lamaz; olay\u0131n uluslararas\u0131, siyasal, toplumsal, tarihsel, ekonomik boyutlar\u0131 oldu\u011funu elbette biliniyor. Ama bir de askeri boyutu oldu\u011funu ink\u00e2r etmiyorsak, konunun di\u011fer boyutlar\u0131nda yap\u0131lan hatalar\u0131 ya da eksiklikleri bahane g\u00f6stermeden, askeri boyutta neden bu kadar ba\u015far\u0131s\u0131z kal\u0131nd\u0131\u011f\u0131n\u0131n da izah edilmesi gerekiyor. Deprem evlerimizi y\u0131kt\u0131\u011f\u0131 zaman m\u00fchendislerin mimarlar\u0131n i\u015flerini iyi yap\u0131p yapmad\u0131klar\u0131n\u0131 tart\u0131\u015f\u0131l\u0131yor, hatta kimileri mahkemelerde yarg\u0131lan\u0131yor. Hastam\u0131z ameliyat masas\u0131nda kald\u0131\u011f\u0131nda cerrah\u0131n ustal\u0131\u011f\u0131 sorgulun\u0131yor. Bu sava\u015f 30 y\u0131ld\u0131r bir t\u00fcrl\u00fc bitirilemiyorsa, \u00e7ocuklar\u0131m\u0131z 30 y\u0131ld\u0131r sap\u0131r sap\u0131r \u00f6l\u00fcyorsa komutanlar\u0131m\u0131z\u0131n sava\u015f y\u00f6netme ustal\u0131\u011f\u0131n\u0131n da sorgulanmas\u0131 ka\u00e7\u0131n\u0131lmaz oluyor.<\/em><\/span><\/span><\/p>\n<p><span style=\"font-size: 10pt;\"><span style=\"font-family: arial,helvetica,sans-serif;\"><em>Do\u00e7ent Sedat La\u00e7iner Uluslararas\u0131 Stratejik Ara\u015ft\u0131rmalar Kurumu&#8217;nun ba\u015fkan\u0131; ayr\u0131ca \u0130RA ter\u00f6r\u00fc, Ermeni meselesi, T\u00fcrkiye-AB ili\u015fkileri, Irak Sava\u015f\u0131 ve T\u00fcrkiye \u00fczerine yay\u0131nlanm\u0131\u015f kitaplar\u0131 var. Bak\u0131n, La\u00e7iner 2007 y\u0131l\u0131nda Ne\u015f&#8217;e D\u00fczel&#8217;le yapt\u0131\u011f\u0131 s\u00f6yle\u015fide ter\u00f6ristlerle yap\u0131lan sava\u015f\u0131n neden ba\u015far\u0131s\u0131z oldu\u011funu, dahas\u0131 b\u00f6yle giderse hep ba\u015far\u0131s\u0131zl\u0131\u011fa mahkum oldu\u011funu nas\u0131l anlat\u0131yordu:\u00a0 &#8220;Ter\u00f6rist sivrisinek gibidir. Ordu ise dev bir balyozdur. T\u00fcrkiye elinde balyozla sivrisine\u011fin pe\u015finde ko\u015fturuyor. Siz sivrisinek olsan\u0131z, balyozdan korkar m\u0131s\u0131n\u0131z? Korkmazs\u0131n\u0131z. Balyozun \u00fczerinize isabet etme ihtimali \u00e7ok d\u00fc\u015f\u00fckt\u00fcr \u00e7\u00fcnk\u00fc. Bu y\u00fczden sivrisinek insan\u0131n devaml\u0131 oras\u0131na buras\u0131na konup kan\u0131n\u0131 emmeye \u00e7al\u0131\u015f\u0131r ki, balyoz insan\u0131n kendisine vursun. (&#8230;) Do\u011fu&#8217;da 250 bin asker var. De\u011fil 250 bin, 2 milyon asker yerle\u015ftirin, ter\u00f6rist gene gelir bombas\u0131n\u0131 atar. Bir ili, 50 ki\u015fiyle ter\u00f6rize edebilirsiniz. \u00c7\u00fcnk\u00fc ordular hantald\u0131r. Orduyla i\u00e7 g\u00fcvenlik sa\u011flanamaz. Siz 10 bin ki\u015fiyi oradan oraya sevk ederken, 50 ki\u015fi \u0131sl\u0131k \u00e7alarak ba\u015fka bir yere gidiyor. (&#8230;) Mesela Gabar Da\u011f\u0131&#8217;n\u0131n ad\u0131 \u00e7ok ge\u00e7iyor. Bu da\u011fda \u015fu anda 35 PKK ter\u00f6risti var. Bu resmi rakamd\u0131r. Peki, biz bu da\u011f\u0131n etraf\u0131nda ka\u00e7 ki\u015fi bulunduruyoruz biliyor musunuz? Da\u011f\u0131n etraf\u0131nda 10 bin kadar askerimiz var bizim. Cudi Da\u011f\u0131&#8217;na gelelim&#8230; Orada da 100 civar\u0131nda PKK ter\u00f6risti var. Oysa bir da\u011fa h\u00e2kim olmak i\u00e7in binlerce insana ihtiyac\u0131n\u0131z yok. O da\u011fa i\u015fini iyi yapan, komando e\u011fitimi alm\u0131\u015f, SAT t\u00fcr\u00fc 35-100 James Bond g\u00f6nderirsiniz, i\u015fi bitirirsiniz. Ama g\u00f6nderilmiyor.&#8221;<\/em><\/span><\/span><\/p>\n<p><span style=\"font-size: 10pt;\"><span style=\"font-family: arial,helvetica,sans-serif;\"><em>Bu arada, Bat\u0131&#8217;da ter\u00f6ristle m\u00fccadeleyi orduyla y\u00fcr\u00fctmeye \u00e7al\u0131\u015fan tek \u00fclkenin de T\u00fcrkiye oldu\u011funu \u00f6\u011freniyoruz La\u00e7iner&#8217;den. &#8220;Ter\u00f6rle m\u00fccadele&#8221; ve &#8220;ter\u00f6ristle m\u00fccadele&#8221; kavramlar\u0131n\u0131 birbirinden ay\u0131ran La\u00e7iner bu konuda \u015f\u00f6yle diyor:\u00a0 &#8220;Bat\u0131l\u0131 \u00fclkeler, ter\u00f6ristle m\u00fccadeleyi asla orduyla yapm\u0131yorlar. Polisin i\u00e7inde bir birim kuruyorlar. Kuzey \u0130rlanda&#8217;da biraz orduyu i\u015fin i\u00e7ine soktular, sonu\u00e7 felaket oldu. Sonra yeniden profesyonel g\u00fc\u00e7lere d\u00f6nd\u00fcler.&#8221;<\/em><\/span><\/span><\/p>\n<p><span style=\"font-size: 12pt;\"><span style=\"font-family: arial black,avant garde;\"><strong>Ta\u015feronun patronuyla istihbarat payla\u015f\u0131m\u0131 yap\u0131l\u0131rm\u0131yd\u0131?<\/strong><\/span><\/span><\/p>\n<p><span style=\"font-size: 10pt;\"><span style=\"font-family: arial,helvetica,sans-serif;\"><strong>K\u00f6y yerinde \u00e7obanlar\u0131n azg\u0131n k\u00f6pekleri vard\u0131r. Da\u011f\u0131n yamac\u0131nda ke\u00e7ilerini otlatan \u00e7oban, yaln\u0131zl\u0131\u011f\u0131n verdi\u011fi can s\u0131k\u0131nt\u0131s\u0131n\u0131 gidermek i\u00e7in k\u00f6peklerine &#8220;Yakala, apar&#8221; gibi emirler ya\u011fd\u0131r\u0131r. K\u00f6pek sald\u0131r\u0131nca yolcular\u0131n \u015fa\u015fk\u0131nl\u0131\u011f\u0131, tela\u015f\u0131 \u00e7oban i\u00e7in anlat\u0131lmaz bir zevk kayna\u011f\u0131d\u0131r.<\/strong><\/span><\/span><\/p>\n<p><span style=\"font-size: 10pt;\"><span style=\"font-family: arial,helvetica,sans-serif;\"><strong>K\u00f6peklerden daralan yolcu &#8220;\u00c7obaaaan, k\u00f6peklerine sahip ol&#8221; diye ba\u011f\u0131r\u0131r. O da bir \u0131sl\u0131kla geri \u00e7a\u011f\u0131r\u0131r. Ancaaak \u00e7oban\u0131n bu tezgah\u0131n\u0131 bilen yolcu, o \u00e7oban\u0131 bir yerde k\u0131st\u0131r\u0131r, iyice bir d\u00f6verse o \u00e7oban bir daha o k\u00f6yl\u00fcye k\u00f6peklerini sald\u0131rtamayacakt\u0131r. Tezgah\u0131 bildi\u011fi halde \u00e7obandan korkanlar ise, devaml\u0131 k\u00f6peklerin sald\u0131r\u0131s\u0131na u\u011frayacak ve \u00e7oban\u0131n \u0131sl\u0131\u011f\u0131 nedeniyle \u00e7obana da sevimsiz sayg\u0131 sunmaya mecbur kalacakt\u0131r.<\/strong><\/span><\/span><\/p>\n<p><span style=\"font-family: arial black,avant garde;\"><span style=\"font-size: 12pt;\"><strong>Bah\u00e7elide\u2019den G\u00fcl\u2019e alarm uyar\u0131s\u0131!<\/strong><\/span><\/span><\/p>\n<p><span style=\"font-size: 10pt;\"><span style=\"font-family: arial,helvetica,sans-serif;\"><strong>Cumhurba\u015fkan\u0131 Abdullah G\u00fcl, parti genel ba\u015fkanlar\u0131na daveti \u00e7er\u00e7evesinde MHP lideri Devlet Bah\u00e7eli ile bir araya geldikten sonra Bah\u00e7eli\u2019nin \u015fu a\u00e7\u0131klamas\u0131 mutlaka dikkate al\u0131nmal\u0131d\u0131r.<\/strong><\/span><\/span><\/p>\n<p><span style=\"font-size: 10pt;\"><span style=\"font-family: arial,helvetica,sans-serif;\"><strong>\u201c\u0130mral\u0131 ma\u015falar\u0131 TBMM \u00e7at\u0131s\u0131 alt\u0131nda\u201d<\/strong><\/span><\/span><\/p>\n<p><span style=\"font-size: 10pt;\"><span style=\"font-family: arial,helvetica,sans-serif;\">Ter\u00f6rle m\u00fccadelede en temel hatan\u0131n k\u00fcresel stratejik arka plan\u0131n\u0131n okunamamas\u0131, g\u00fcnl\u00fck tedbirlerle bug\u00fcnlere gelindi\u011fine i\u015faret eden Bah\u00e7eli, \u015fu g\u00f6r\u00fc\u015fleri dile getirdi:<\/span><\/span><\/p>\n<p><span style=\"font-size: 10pt;\"><span style=\"font-family: arial,helvetica,sans-serif;\">&#8220;T\u00fcrkiye\u2019yi b\u00f6lmeyi ve \u00e7ok kimlikli ve milletli yeni bir ortakl\u0131k devletine d\u00f6n\u00fc\u015ft\u00fcrmeyi ama\u00e7layan planlar, \u00f6zg\u00fcrle\u015ftirme projeleri olarak art\u0131k Meclis \u00e7at\u0131s\u0131 alt\u0131nda da savunulmaktad\u0131r. Ter\u00f6r\u00fcn durdurulmas\u0131 kar\u015f\u0131l\u0131\u011f\u0131 siyasi \u00e7\u00f6z\u00fcm pazarl\u0131klar\u0131 i\u00e7in Meclis\u2019e ve h\u00fck\u00fcmete \u00e7a\u011fr\u0131lar yap\u0131lmakta ve meydan okunmaktad\u0131r. Silahl\u0131 ter\u00f6r\u00fcn siyasi kolu olan \u0130mral\u0131 ma\u015falar\u0131n\u0131n, T\u00fcrkiye B\u00fcy\u00fck Millet Meclisi \u00e7at\u0131s\u0131 alt\u0131nda devlete, Anayasa\u2019ya ve kanunlara alenen meydan okumalar\u0131 kar\u015f\u0131s\u0131nda h\u00fck\u00fcmet suskun ve sessiz, Meclis hareketsiz ve adalet etkisizdir. Milliyet\u00e7i Hareket Partisi\u2019ne g\u00f6re, ter\u00f6rle topyekun m\u00fccadelede, arkas\u0131nda inand\u0131r\u0131c\u0131 ve cayd\u0131r\u0131c\u0131 bir askeri g\u00fc\u00e7 ve siyasi irade olan, \u00e7ok y\u00f6nl\u00fc bir stratejinin kararl\u0131l\u0131kla ve kesintisiz olarak uygulanmas\u0131 \u015fartt\u0131r.&#8221;<\/span><\/span><\/p>\n<p><span style=\"font-size: 12pt;\"><span style=\"font-family: arial black,avant garde;\"><strong>Bah\u00e7elide\u2019den \u00d6neriler<\/strong><\/span><\/span><\/p>\n<p><span style=\"font-size: 10pt;\"><span style=\"font-family: arial,helvetica,sans-serif;\">Bah\u00e7eli g\u00f6r\u00fc\u015fmede ter\u00f6rle m\u00fccadelede al\u0131nmas\u0131 gereken tedbirlere ili\u015fkin \u00f6nerileri \u015f\u00f6yle s\u0131ralam\u0131\u015ft\u0131:<\/span><\/span><\/p>\n<p><span style=\"font-size: 10pt;\"><span style=\"font-family: arial,helvetica,sans-serif;\">&#8220;-B\u00f6l\u00fcc\u00fc ter\u00f6rle m\u00fccadele stratejik tedbirler plan\u0131 haz\u0131rlanmas\u0131 ve uygulanmal\u0131. Bu plan\u0131 uygulayacak olan iktidard\u0131r.<\/span><\/span><\/p>\n<p><span style=\"font-size: 10pt;\"><span style=\"font-family: arial,helvetica,sans-serif;\">-Konu yabanc\u0131 ba\u015fkentlerin tesir ve telkinlerden ar\u0131narak yaln\u0131zca \u2018Ba\u015fkent Ankara vizyonu\u2019yla ele al\u0131nmal\u0131d\u0131r.<\/span><\/span><\/p>\n<p><span style=\"font-size: 10pt;\"><span style=\"font-family: arial,helvetica,sans-serif;\">-Ter\u00f6r \u00f6rg\u00fct\u00fcn\u00fcn arkas\u0131ndaki b\u00fct\u00fcn yabanc\u0131 g\u00fc\u00e7ler ve \u00fclkelerle ter\u00f6r\u00fcn ba\u011f\u0131 ve ba\u011flant\u0131s\u0131 mutlaka belgeleriyle ortaya konulmal\u0131 ve soruna m\u00fcdahil \u00fclkelerin T\u00fcrkiye\u2019den do\u011fan ve T\u00fcrkiye ile i\u015fbirli\u011fi sonucu olu\u015fmu\u015f menfaatleri g\u00f6zden ge\u00e7irilmeli, yapt\u0131r\u0131m enstr\u00fcman\u0131 olarak kullan\u0131lmamal\u0131d\u0131r.<\/span><\/span><\/p>\n<p><span style=\"font-size: 10pt;\"><span style=\"font-family: arial,helvetica,sans-serif;\">-T\u00fcrkiye, somut ve inand\u0131r\u0131c\u0131 bir askeri g\u00fc\u00e7le desteklenen kapsaml\u0131 bir \u2018cayd\u0131r\u0131c\u0131l\u0131k siyaseti\u2019 geli\u015ftirmeli ve bunu kararl\u0131l\u0131kla uygulamaya koymal\u0131d\u0131r.<\/span><\/span><\/p>\n<p><span style=\"font-size: 10pt;\"><span style=\"font-family: arial,helvetica,sans-serif;\">-Ter\u00f6r\u00fc himaye eden Pe\u015fmerge gruplar\u0131na yapt\u0131klar\u0131 d\u00fc\u015fmanca hareketin \u2018sava\u015f sebebi\u2019 oldu\u011fu Irak y\u00f6netimine bir \u00fcltimatomla anlat\u0131lmal\u0131d\u0131r.<\/span><\/span><\/p>\n<p><span style=\"font-size: 10pt;\"><span style=\"font-family: arial,helvetica,sans-serif;\">&#8211; Amerika Birle\u015fik Devletleri ile Irak devletine ter\u00f6re g\u00f6z yummaya devam etmeleri halinde cayd\u0131r\u0131c\u0131 ve zorlay\u0131c\u0131 tedbirlerin al\u0131naca\u011f\u0131 ve askeri m\u00fcdahalenin ger\u00e7ekle\u015fece\u011fi konusunda son kez uyar\u0131lmal\u0131d\u0131r.<\/span><\/span><\/p>\n<p><span style=\"font-size: 10pt;\"><span style=\"font-family: arial,helvetica,sans-serif;\">-ABD\u2019nin g\u00f6sterece\u011fi olumlu ve somut tepkiler al\u0131n\u0131ncaya kadar \u0130ncirlik \u00fcss\u00fcn\u00fcn faaliyetlerine son verilmeli ve kapat\u0131lmal\u0131d\u0131r.<\/span><\/span><\/p>\n<p><span style=\"font-size: 10pt;\"><span style=\"font-family: arial,helvetica,sans-serif;\">-H\u00fck\u00fcmet, ola\u011fan\u00fcst\u00fc hal uygulamas\u0131 i\u00e7in gerekli karar almal\u0131 ve Meclis\u2019e sunmal\u0131d\u0131r.<\/span><\/span><\/p>\n<p><span style=\"font-size: 10pt;\"><span style=\"font-family: arial,helvetica,sans-serif;\">-Habur s\u0131n\u0131r kap\u0131s\u0131 kapat\u0131lmal\u0131d\u0131r.<\/span><\/span><\/p>\n<p><span style=\"font-size: 10pt;\"><span style=\"font-family: arial,helvetica,sans-serif;\">-Kerk\u00fck-Yumurtal\u0131k boru hatt\u0131 devre d\u0131\u015f\u0131 b\u0131rak\u0131lmal\u0131d\u0131r.<\/span><\/span><\/p>\n<p><span style=\"font-size: 10pt;\"><span style=\"font-family: arial,helvetica,sans-serif;\">-B\u00f6lgede petrol arama i\u015fleri dahil her alanda faaliyet g\u00f6steren T\u00fcrk \u015firketleri ve giri\u015fimciler b\u00f6lgeden \u00e7ekilmeli. T\u00fcrkiye\u2019de faaliyet g\u00f6steren Kuzey Irak\u2019l\u0131lara ait i\u015fletmelerin faaliyetleri sonland\u0131r\u0131lmal\u0131d\u0131r.<\/span><\/span><\/p>\n<p><span style=\"font-size: 10pt;\"><span style=\"font-family: arial,helvetica,sans-serif;\">-H\u00fck\u00fcmet, TBMM\u2019nin kendisine verdi\u011fi s\u0131n\u0131r \u00f6tesi askeri harekat yetkisini acilen kullanmal\u0131d\u0131r. Bu konuda ihtiya\u00e7 duyulacak ve talep edilecek ilave yasal tedbirler i\u00e7in h\u00fck\u00fcmete TBMM taraf\u0131ndan ayr\u0131ca yetki ve destek \u00e7\u0131k\u0131lmal\u0131d\u0131r.<\/span><\/span><\/p>\n<p><span style=\"font-size: 10pt;\"><span style=\"font-family: arial,helvetica,sans-serif;\">-Irak\u2019\u0131n kuzeyinden fiziken uygun arazilerden ba\u015flat\u0131lmak \u00fczere T\u00fcrk Silahl\u0131 Kuvvetleri taraf\u0131ndan \u2018G\u00fcvenlik B\u00f6lgesi\u2019 olu\u015fturulmal\u0131d\u0131r.<\/span><\/span><\/p>\n<p><span style=\"font-size: 10pt;\"><span style=\"font-family: arial,helvetica,sans-serif;\">-Anayasaya yedirilmek, topluma hazmettirilmek istenen b\u00f6l\u00fcc\u00fc giri\u015fimler bir an \u00f6nce durdurulmal\u0131d\u0131r.<\/span><\/span><\/p>\n<p><span style=\"font-size: 10pt;\"><span style=\"font-family: arial,helvetica,sans-serif;\">-H\u00fck\u00fcmet g\u00fcvenlik g\u00fc\u00e7lerimizin ter\u00f6rle m\u00fccadelede ihtiya\u00e7 duyduklar\u0131 yetkileri vermek i\u00e7in gerekli yasal d\u00fczenlemeleri s\u00fcratle Meclis\u2019e g\u00fcndemine ta\u015f\u0131mal\u0131d\u0131r.<\/span><\/span><\/p>\n<p><span style=\"font-size: 10pt;\"><span style=\"font-family: arial,helvetica,sans-serif;\">-Avrupa Birli\u011fi s\u00fcrecine uyum ad\u0131na bug\u00fcnk\u00fc iktidar taraf\u0131ndan kald\u0131r\u0131lan \u00f6l\u00fcm cezas\u0131 ter\u00f6r su\u00e7lar\u0131nda ve sava\u015f halinde yeniden T\u00fcrk Ceza Yasas\u0131\u2019na konulmal\u0131d\u0131r.<\/span><\/span><\/p>\n<p><span style=\"font-size: 10pt;\"><span style=\"font-family: arial,helvetica,sans-serif;\">-Adli makamlar\u0131n teklifi olmaks\u0131z\u0131n, b\u00f6l\u00fcc\u00fcl\u00fc\u011f\u00fc, TBMM \u00e7at\u0131s\u0131 alt\u0131nda ta\u015f\u0131yan mihraklar\u0131n milletvekilliklerinin d\u00fc\u015f\u00fcr\u00fclmesi i\u00e7in Anayasa de\u011fi\u015fikli\u011fi yap\u0131lmal\u0131d\u0131r.<\/span><\/span><\/p>\n<p><span style=\"font-size: 10pt;\"><span style=\"font-family: arial,helvetica,sans-serif;\">-Ter\u00f6r \u00f6rg\u00fct\u00fcn\u00fc \u0130mral\u0131\u2019dan serbest\u00e7e y\u00f6neten ter\u00f6ristba\u015f\u0131n\u0131n yak\u0131nlar\u0131 ve avukatlar\u0131 ile irtibat\u0131 ve d\u0131\u015f d\u00fcnyayla temas kanallar\u0131 b\u00fct\u00fcn\u00fcyle kesilip ortadan kald\u0131r\u0131lmal\u0131d\u0131r.<\/span><\/span><\/p>\n<p><span style=\"font-size: 10pt;\"><span style=\"font-family: arial,helvetica,sans-serif;\">-Y\u00f6renin ekonomik kalk\u0131nmas\u0131na y\u00f6nelik tedbirler planlanmal\u0131 ve uygulamaya konulmal\u0131d\u0131r.<\/span><\/span><\/p>\n<p><span style=\"font-size: 10pt;\"><span style=\"font-family: arial,helvetica,sans-serif;\">-GAP projesi biran \u00f6nce bitirilmeli ve b\u00f6lge halk\u0131 refaha kavu\u015fturulmal\u0131d\u0131r.\u201d<\/span><\/span><\/p>\n<p><span style=\"font-size: 10pt;\"><span style=\"font-family: arial,helvetica,sans-serif;\"><strong>&#8220;Hesaplar\u0131 bo\u015fa \u00e7\u0131karmak hepimizin g\u00f6revi olmal\u0131&#8221;<\/strong><\/span><\/span><\/p>\n<p><span style=\"font-size: 10pt;\"><span style=\"font-family: arial,helvetica,sans-serif;\">T\u00fcrkiye\u2019nin milli birli\u011fine ve toprak b\u00fct\u00fcnl\u00fc\u011f\u00fcne y\u00f6nelik b\u00f6l\u00fcc\u00fc ter\u00f6re kar\u015f\u0131 hem \u00fclke hem de s\u0131n\u0131r \u00f6tesinde amans\u0131z bir m\u00fccadele i\u00e7in AKP h\u00fck\u00fcmetinin siyasi irade ve kararl\u0131l\u0131\u011f\u0131n\u0131 somut olarak ortaya koymas\u0131n\u0131 isteyerek;. &#8220;T\u00fcrkiye bir u\u00e7urumun kenar\u0131na s\u00fcr\u00fcklenmektedir. Bunun sonu felakettir ve d\u00f6n\u00fc\u015f\u00fc de yoktur. Bu bak\u0131mdan bu kader an\u0131nda herkes akl\u0131n\u0131 ba\u015f\u0131na toplamal\u0131 ve T\u00fcrkiye\u2019nin gelece\u011fine sahip \u00e7\u0131kmal\u0131d\u0131r. T\u00fcrkiye\u2019nin gelece\u011fi hakk\u0131nda kumar oynamak ve b\u00f6l\u00fcc\u00fc emelleri i\u00e7in T\u00fcrkiye\u2019yi karanl\u0131k bir t\u00fcnele zorla s\u00fcr\u00fcklemek isteyenlerin hesaplar\u0131n\u0131 bo\u015fa \u00e7\u0131karmak da hepimizin ortak sorumlulu\u011fu olmal\u0131d\u0131r. \u015eayet \u00e7are aray\u0131\u015f\u0131nda \u0131srar edilecekse, k\u00fcresel dayatmalara kar\u015f\u0131 aranacak \u2018f\u0131rsat ve \u00e7\u00f6z\u00fcmler\u2019 Erbil\u2019de, Vashington\u2019da, Br\u00fcksel\u2019de ve Erivan&#8217;da de\u011fil, aziz Atat\u00fcrk\u2019\u00fcn bundan doksan y\u0131l \u00f6nce g\u00f6sterdi\u011fi y\u00fcksek uyan\u0131kl\u0131\u011f\u0131n, stratejik hamlenin, derin \u015fuurun, milli heyecan\u0131n ve ileri g\u00f6r\u00fc\u015f\u00fcn eseri olan Ba\u015fkent Ankara merkezli milli ve \u00fcniter devletin yol haritas\u0131nda aranmal\u0131d\u0131r&#8221;.<\/span><\/span><\/p>\n<p><span style=\"font-size: 12pt;\"><span style=\"font-family: arial,helvetica,sans-serif;\"><strong>Bunun \u00fczerine Fetullah ve Amerikan Borazan\u0131 Zaman Gazetesi, hemen \u015fu man\u015feti atm\u0131\u015ft\u0131:<\/strong><\/span><\/span><\/p>\n<p><span style=\"font-size: 12pt;\"><span style=\"font-family: arial,helvetica,sans-serif;\"><strong>\u201dTer\u00f6re kar\u015f\u0131 K\u00fcrt siyaset\u00e7ilerden ve ayd\u0131nlar\u0131ndan ortak \u00e7a\u011fr\u0131: Demokratik a\u00e7\u0131l\u0131m devam etmeli, OHAL felaket olur\u201d<\/strong><\/span><\/span><\/p>\n<p><span style=\"font-size: 10pt;\"><span style=\"font-family: arial,helvetica,sans-serif;\">Hakk\u00e2ri&#8217;de 11 askerin \u015fehit d\u00fc\u015ft\u00fc\u011f\u00fc karakol sald\u0131r\u0131s\u0131 T\u00fcrkiye&#8217;yi yasa bo\u011farken, yap\u0131lan baz\u0131 siyas\u00ee a\u00e7\u0131klamalar da kamuoyunda tepkiyle kar\u015f\u0131land\u0131.<\/span><\/span><\/p>\n<p><span style=\"font-size: 10pt;\"><span style=\"font-family: arial,helvetica,sans-serif;\">Ba\u015fta MHP lideri Devlet Bah\u00e7eli olmak \u00fczere baz\u0131 \u00e7evrelerden gelen &#8216;ola\u011fan\u00fcst\u00fc hal&#8217; \u00f6nerisi ayd\u0131nlar\u0131 aya\u011fa kald\u0131rd\u0131. Demokratik a\u00e7\u0131l\u0131m\u0131n sona erdirilmesi ve OHAL gibi tekliflerin uygulanmas\u0131 halinde ter\u00f6r\u00fcn amac\u0131n\u0131n ger\u00e7ekle\u015fmi\u015f olaca\u011f\u0131na, bunun da T\u00fcrkiye&#8217;yi i\u00e7inden \u00e7\u0131k\u0131lmaz bir yola s\u00fcr\u00fckleyece\u011fine i\u015faret ediliyor. T\u00fcrkiye&#8217;de demokratikle\u015fme ad\u0131na mesafe kat edildi\u011fi zaman PKK&#8217;n\u0131n sahneye \u00e7\u0131kt\u0131\u011f\u0131n\u0131 hat\u0131rlatan ayd\u0131nlar, a\u00e7\u0131l\u0131m ve Anayasa reformunun engellenmeye \u00e7al\u0131\u015f\u0131ld\u0131\u011f\u0131na dikkat \u00e7ekiyor. Ter\u00f6r ve strateji uzmanlar\u0131 da, sald\u0131r\u0131larla ilgili istihbarat al\u0131namad\u0131\u011f\u0131 iddialar\u0131n\u0131 do\u011fru bulmuyor. Bu s\u00f6ylemlerin ter\u00f6r propagandas\u0131na yarayaca\u011f\u0131 vurgulan\u0131rken, sorunun alt\u0131nda istihbarata ra\u011fmen gerekli tedbirlerin al\u0131nmamas\u0131n\u0131n yatt\u0131\u011f\u0131 belirtiliyor. K\u00fcrt siyasetinin \u00f6nemli isimleri ise PKK&#8217;n\u0131n ama\u00e7lar\u0131yla, g\u00fcndeme getirilen antidemokratik \u00f6nerilerin \u00f6rt\u00fc\u015ft\u00fc\u011f\u00fcn\u00fc dile getiriyor.\u201d<a href=\"#_ftn6\">[6]<\/a><\/span><\/span><\/p>\n<p><span style=\"font-size: 10pt;\"><span style=\"font-family: arial,helvetica,sans-serif;\"><strong>K\u00fcrt ayd\u0131nlar: PKK K\u00fcrtlere zarar veriyor<\/strong><\/span><\/span><\/p>\n<p><span style=\"font-size: 10pt;\"><span style=\"font-family: arial,helvetica,sans-serif;\">K\u00fcrt siyasetinin \u00f6nemli isimleri, PKK&#8217;n\u0131n derin g\u00fc\u00e7ler ile i\u015fbirli\u011fine dikkat \u00e7ekiyor. T\u00fcrkiye&#8217;de demokratikle\u015fme ad\u0131na mesafe kat edildi\u011fi zaman PKK&#8217;n\u0131n sahneye \u00e7\u0131kt\u0131\u011f\u0131n\u0131 hat\u0131rlatan ayd\u0131nlar, as\u0131l amac\u0131n demokratik a\u00e7\u0131l\u0131m ve bununla birlikte geli\u015fen anayasa de\u011fi\u015fikli\u011fini i\u00e7eren referandum oldu\u011funa i\u015faret ediyor. K\u00fcrt siyaset\u00e7iler, bu t\u00fcr eylemler sonras\u0131 h\u00fck\u00fcmetin bu s\u00fcre\u00e7ten geri ad\u0131m atmamas\u0131 gerekti\u011fine vurgu yap\u0131yor. OHAL tart\u0131\u015fmalar\u0131na da de\u011finen ayd\u0131nlar, b\u00f6yle bir s\u00fcrecin T\u00fcrkiye&#8217;yi \u00e7\u0131k\u0131lmaz bir yola s\u00fcr\u00fckleyece\u011fini anlat\u0131yor.<\/span><\/span><\/p>\n<p><span style=\"font-size: 10pt;\"><span style=\"font-family: arial,helvetica,sans-serif;\">\u00a0<\/span><\/span><\/p>\n<p><span style=\"font-size: 12pt;\"><span style=\"font-family: arial black,avant garde;\"><strong>22 Haziran 2010 tarihinde TBMM Grup Toplant\u0131s\u0131nda ise olduk\u00e7a \u00f6nemli ve anlaml\u0131 tespitler yap\u0131lm\u0131\u015ft\u0131.<\/strong><\/span><\/span><\/p>\n<p><span style=\"font-size: 10pt;\"><span style=\"font-family: arial,helvetica,sans-serif;\">H\u00fck\u00fcmetin b\u00f6l\u00fcc\u00fc ter\u00f6rle m\u00fczakeresi kanl\u0131 ter\u00f6r\u00fcn eylemlerini art\u0131rm\u0131\u015f ve ter\u00f6riste y\u00f6nelik tavizk\u00e2r yakla\u015f\u0131mlar canileri inlerinden \u00e7\u0131kartmakta te\u015fvik edici olmu\u015ftur. AKP zihniyetinin, ter\u00f6riste \u015firin g\u00f6z\u00fckerek ve b\u00f6l\u00fcc\u00fcl\u00fc\u011f\u00fc siyasete ta\u015f\u0131yarak eylemlerin duraca\u011f\u0131na dair sakat yakla\u015f\u0131m\u0131, ac\u0131lardan ba\u015fka bir sonu\u00e7 do\u011furmam\u0131\u015f ve h\u00fck\u00fcmet kendi eliyle \u00fclkemizi ayr\u0131\u015fman\u0131n karanl\u0131k koridorlar\u0131na sokmu\u015ftur.<\/span><\/span><\/p>\n<p><span style=\"font-size: 10pt;\"><span style=\"font-family: arial,helvetica,sans-serif;\">Cumhurba\u015fkan\u0131 G\u00fcl\u2019\u00fcn, \u00f6n\u00fcm\u00fczdeki g\u00fcnlerde \u00e7ok iyi \u015feyler olaca\u011f\u0131 m\u00fcjdelemesinin ve K\u00fcrt sorununu T\u00fcrkiye\u2019nin \u00f6ncelikli sorunu oldu\u011funu a\u00e7\u0131klamas\u0131n\u0131n \u00fczerinden yakla\u015f\u0131k 16 ay ge\u00e7mi\u015ftir. Ba\u015fbakan Erdo\u011fan\u2019\u0131n a\u00e7\u0131l\u0131m denen y\u0131k\u0131m projesini ba\u015flatarak, b\u00f6l\u00fcc\u00fcl\u00fc\u011fe davetiye \u00e7\u0131karmas\u0131n\u0131n \u00fczerinden ge\u00e7en s\u00fcre ise yakla\u015f\u0131k 11 ayd\u0131r. K\u00fcresel g\u00fcc\u00fcn misyonerli\u011fini \u00fcslendi\u011fine dair kanaatlerimizin her g\u00fcn hakl\u0131 \u00e7\u0131kt\u0131\u011f\u0131 D\u0131\u015fi\u015fleri Bakan\u0131n; elinde \u015fehit kan\u0131 olan Pe\u015fmerge reisiyle ortak bir vizyonu payla\u015ft\u0131\u011f\u0131n\u0131 ilan etmesinin \u00fczerinden de sekiz ay ge\u00e7mi\u015ftir. <strong>Irak\u2019\u0131n kuzeyinde yuvalanan kanl\u0131 ter\u00f6re hamilik yapan ve destek veren Pe\u015fmerge kal\u0131nt\u0131s\u0131n\u0131n &#8220;K\u00fcrt sorununun \u00e7\u00f6z\u00fcm\u00fcnde rol oynayacak taraflardan birisinin de PKK oldu\u011fu ifadelerinin mazisi de \u00e7ok eski de\u011fildir. <\/strong>Y\u0131llar \u00f6ncesinde asgari seviyeye indirilmi\u015f olan b\u00f6l\u00fcc\u00fc ter\u00f6r, Ba\u015fbakan Erdo\u011fan\u2019\u0131n milletimizi otuz alt\u0131ya ay\u0131rarak etnik kimlikleri ok\u015fayan tahriklerinden ve b\u00f6l\u00fcc\u00fcl\u00fc\u011f\u00fcn siyaseten \u00f6n\u00fcn\u00fc a\u00e7an pazarl\u0131klar\u0131ndan cesaret alm\u0131\u015f ve kanl\u0131 eylemlerini t\u0131rmand\u0131rm\u0131\u015ft\u0131r.<\/span><\/span><\/p>\n<p><span style=\"font-size: 10pt;\"><span style=\"font-family: arial,helvetica,sans-serif;\">Zira PKK\u2019n\u0131n arkas\u0131ndaki g\u00fc\u00e7lerin bu \u00fclkenin Ba\u015fbakan\u0131 taraf\u0131ndan biliniyor olmas\u0131, ter\u00f6r\u00fcn \u00e7\u00f6z\u00fcm\u00fcnde \u00e7ok \u00f6nemli bir a\u015fama, Ba\u015fbakan Erdo\u011fan\u2019\u0131n zul\u00fcm arkada\u015flar\u0131na kadar varacak kirli zincirin ortaya \u00e7\u0131kmas\u0131 demektir. T\u00fcrkiye\u2019deki kanl\u0131 g\u00fc\u00e7lerin kimlerden destek ald\u0131klar\u0131n\u0131n \u00f6\u011frenilmesi, hatta h\u00fck\u00fcmetin hangi su\u00e7 ortaklar\u0131yla kol kola girdi\u011finin, nas\u0131l bir tuza\u011fa d\u00fc\u015ft\u00fc\u011f\u00fcn\u00fcn bilinmesi anlam\u0131na da gelecektir. Ba\u015fbakan\u0131n bu a\u00e7\u0131klamas\u0131ndan sonra, y\u0131llard\u0131r ter\u00f6rden b\u00fcy\u00fck ac\u0131lar \u00e7eken milletimiz kendisine kan kusturan devletlerin kimler oldu\u011funu \u00f6\u011frenmek istemektedir. \u00c7ok b\u00fcy\u00fck maddi ve manevi kay\u0131plarla yirmialt\u0131 y\u0131l\u0131n\u0131 al\u0131p g\u00f6t\u00fcrenlerin kimliklerini ve isimlerini bilmek istemektedir ve en tabii hakk\u0131d\u0131r. \u015eimdi T\u00fcrkiye, dikkatini Ba\u015fbakan Erdo\u011fan\u2019\u0131n ter\u00f6r\u00fcn arkas\u0131nda oldu\u011funu a\u00e7\u0131klayaca\u011f\u0131 isimlere \u00e7evirmi\u015ftir. Ya bunlar\u0131 T\u00fcrk millet ile payla\u015facakt\u0131r ya da kendi sorumlulu\u011funu ba\u015fkalar\u0131na atan ve bahane bulan ikiy\u00fczl\u00fc siyaset\u00e7i olarak tarihe ge\u00e7ecektir.<\/span><\/span><\/p>\n<p><span style=\"font-size: 10pt;\"><span style=\"font-family: arial,helvetica,sans-serif;\">Biz bu konuda, ter\u00f6r\u00fcn arkas\u0131ndakileri bildi\u011fini s\u00f6yleyen Ba\u015fbakan Erdo\u011fan\u2019\u0131n yalan s\u00f6ylemeyece\u011fine inanmak durumunday\u0131z. Bu durumda ise kafam\u0131za tak\u0131lan ve cevab\u0131n\u0131 arad\u0131\u011f\u0131m\u0131z sorular \u015funlar olacakt\u0131r ve olmal\u0131d\u0131r.<\/span><\/span><\/p>\n<ul>\n<li><span style=\"font-size: 10pt;\"><span style=\"font-family: arial,helvetica,sans-serif;\">PKK ter\u00f6r \u00f6rg\u00fct\u00fcn\u00fcn arkas\u0131ndaki g\u00fc\u00e7ler kimlerdir?<\/span><\/span><\/li>\n<li><span style=\"font-size: 10pt;\"><span style=\"font-family: arial,helvetica,sans-serif;\">PKK kimlerin ta\u015feronlu\u011funu y\u00fcr\u00fctmektedir?<\/span><\/span><\/li>\n<li><span style=\"font-size: 10pt;\"><span style=\"font-family: arial,helvetica,sans-serif;\">Bu ta\u015feronlara kar\u015f\u0131 AKP h\u00fck\u00fcmetinin ald\u0131\u011f\u0131 tedbirler nelerdir?<\/span><\/span><\/li>\n<li><span style=\"font-size: 10pt;\"><span style=\"font-family: arial,helvetica,sans-serif;\">PKK\u2019y\u0131 kulland\u0131\u011f\u0131 bilinen \u00fclkelere kar\u015f\u0131 nas\u0131l bir yapt\u0131r\u0131m uygulanm\u0131\u015ft\u0131r?<\/span><\/span><\/li>\n<li><span style=\"font-size: 10pt;\"><span style=\"font-family: arial,helvetica,sans-serif;\">\u015eayet ter\u00f6r\u00fcn arkas\u0131nda olduklar\u0131 bilinmesine ra\u011fmen bu g\u00fc\u00e7lere ve devletlere suskun kal\u0131nm\u0131\u015fsa \u015fehitlerin vebalinin sorumlulu\u011fu kimde olacakt\u0131r?<\/span><\/span><\/li>\n<li><span style=\"font-size: 10pt;\"><span style=\"font-family: arial,helvetica,sans-serif;\">E\u011fer, PKK ter\u00f6r \u00f6rg\u00fct\u00fc birileri taraf\u0131ndan kontrol ediliyor ve bunu da Ba\u015fbakan Erdo\u011fan biliyorsa d\u00f6k\u00fclen \u015fehit kanlar\u0131n\u0131n sorumlulu\u011fundan nas\u0131l kurtulacakt\u0131r?<\/span><\/span><\/li>\n<li><span style=\"font-size: 10pt;\"><span style=\"font-family: arial,helvetica,sans-serif;\">Ve Ba\u015fbakan Erdo\u011fan, bu a\u00e7\u0131klamas\u0131n\u0131n arkas\u0131nda durur ve sahip \u00e7\u0131karsa; \u00fclkemizi par\u00e7alamaya \u00e7al\u0131\u015fan mihraklara kar\u015f\u0131 bilerek tepkisiz ve korkak davranm\u0131\u015fsa, <span style=\"text-decoration: underline;\">bu tutumu vatana ihanet anlam\u0131na gelmeyecek midir?<\/span><\/span><\/span><\/li>\n<\/ul>\n<p><span style=\"font-size: 10pt;\"><span style=\"font-family: arial,helvetica,sans-serif;\"><strong><span style=\"text-decoration: underline;\">\u0130\u015fin \u00f6z\u00fc ve \u00f6zeti \u015fudur:<\/span><\/strong><strong> AKP k\u00fcresel siyasi ta\u015ferondur. PKK ise k\u00fcresel silahl\u0131 ta\u015ferondur.<\/strong><\/span><\/span><\/p>\n<ul>\n<li><span style=\"font-size: 10pt;\"><span style=\"font-family: arial,helvetica,sans-serif;\">Ba\u015fbakan, bir yanda ard\u0131ndan \u015fiirler e\u015fli\u011finde g\u00f6zya\u015f\u0131 d\u00f6kt\u00fc\u011f\u00fc ve t\u00f6renle kar\u015f\u0131lad\u0131\u011f\u0131 ter\u00f6ristlerle kucakla\u015fmaya devam ederken, \u00f6te yandan kelle diye hitap etti\u011fi \u015fehitlerimizin huzurunda g\u00f6sterdi\u011fi sahte nedameti s\u00fcrd\u00fcr\u00fcp milletin merhametine s\u0131\u011f\u0131nmaktan vazge\u00e7melidir.<\/span><\/span><\/li>\n<li><span style=\"font-size: 10pt;\"><span style=\"font-family: arial,helvetica,sans-serif;\">Bir yanda ter\u00f6r\u00fc lanetlemeyeni ter\u00f6rist olarak ilan etmeye devam ederken, \u00f6te yanda, hemen yan\u0131 ba\u015f\u0131nda h\u00fck\u00fcmetin Amerikal\u0131 \u00fcyesinin, elinden kan damlayan hainleri \u201ckand\u0131r\u0131lm\u0131\u015f \u00e7ocuklar\u201d diyerek \u015fehitlerle bir tutmas\u0131n\u0131 sineye \u00e7ekmemelidir.<\/span><\/span><\/li>\n<li><span style=\"font-size: 10pt;\"><span style=\"font-family: arial,helvetica,sans-serif;\">Bir yanda b\u00f6l\u00fcc\u00fcl\u00fc\u011f\u00fc me\u015frula\u015ft\u0131rmak i\u00e7in \u0130mral\u0131 canisiyle pazarl\u0131klara devam ederken, bir yandan bunlar\u0131 unutup \u201cter\u00f6r \u00f6rg\u00fct\u00fc y\u0131llarca kan d\u00f6kt\u00fc, huzuru bozdu, geli\u015fmenin ve demokrasinin \u00f6n\u00fcnde en b\u00fcy\u00fck engel oldu\u201d demeyi s\u00fcrd\u00fcrmemelidir.<\/span><\/span><\/li>\n<li><span style=\"font-size: 10pt;\"><span style=\"font-family: arial,helvetica,sans-serif;\">Bir yanda \u201ckan\u0131 yerde kalmayacak\u201d diyerek \u015fehitler huzurunda hamasi nutuklar atarken, bir yandan da ter\u00f6r\u00fcn destek\u00e7isi, \u015fehidimizin katili, a\u015firet reisine k\u0131rm\u0131z\u0131 hal\u0131lar\u0131n\u0131 sermeyi terk etmelidir.<\/span><\/span><\/li>\n<\/ul>\n<p><span style=\"font-size: 10pt;\"><span style=\"font-family: arial,helvetica,sans-serif;\">Geli\u015fmeler Ba\u015fbakan\u2019\u0131n tam bir anlam ve de\u011fer bunal\u0131m\u0131 ya\u015fad\u0131\u011f\u0131n\u0131, tutars\u0131zl\u0131\u011f\u0131n b\u00fct\u00fcn fikriyat\u0131na h\u00e2kim oldu\u011funun i\u015faretlerini g\u00f6stermektedir. Nitekim d\u00fcn geri kalm\u0131\u015fl\u0131\u011f\u0131 ter\u00f6r\u00fcn nedeni olarak g\u00f6r\u00fcrken, bug\u00fcn ter\u00f6r\u00fcn zenginle\u015fme ve kalk\u0131nma nedeniyle \u00e7\u0131kt\u0131\u011f\u0131n\u0131 s\u00f6yleyecek kadar buhrana s\u00fcr\u00fcklenmi\u015ftir. D\u00fcn, kimlik aray\u0131\u015flar\u0131n\u0131n, \u00f6zg\u00fcrl\u00fck taleplerinin ter\u00f6re yol a\u00e7t\u0131\u011f\u0131n\u0131 s\u00f6ylerken, \u015fimdi akan kan\u0131n s\u00f6zde \u00e2\u00e7\u0131l\u0131m\u0131\u201d durdurmak i\u00e7in d\u00f6k\u00fcld\u00fc\u011f\u00fcn\u00fc iddia edebilmektedir. Bu zihniyete g\u00f6re ter\u00f6r\u00fc, a\u00e7\u0131l\u0131m\u0131n tahrikleri de\u011fil, s\u00f6zde demokrasi ve \u00f6zg\u00fcrl\u00fcklerin art\u0131\u015f\u0131 davet etmi\u015ftir. Bu anlay\u0131\u015fa g\u00f6re, eylemleri ter\u00f6ristle yap\u0131lan pazarl\u0131klar de\u011fil, s\u00f6zde anayasa de\u011fi\u015fikliklerinin korkusu azd\u0131r\u0131vermi\u015ftir. Bu \u00e7\u00fcr\u00fcm\u00fc\u015fl\u00fc\u011fe g\u00f6re hain sald\u0131r\u0131lar\u0131n m\u00fcsebbipleri, boyun e\u011filen k\u00fcresel g\u00fc\u00e7lerle i\u015fbirlik\u00e7ileri de\u011fil, kom\u015fularla aram\u0131zdaki dostluklar\u0131 bozmak isteyenlerdir.<\/span><\/span><\/p>\n<p><span style=\"font-size: 10pt;\"><span style=\"font-family: arial,helvetica,sans-serif;\">B\u00f6lgeye yay\u0131lm\u0131\u015f ter\u00f6r eylemleri ve siyasalla\u015fm\u0131\u015f b\u00f6l\u00fcc\u00fcl\u00fc\u011f\u00fcn bast\u0131r\u0131lmas\u0131, y\u00f6re halk\u0131n\u0131n ter\u00f6r tehdidinden kurtar\u0131lmas\u0131 ile g\u00fcvenlik g\u00fc\u00e7lerine ilave imkanlar sunarak kamu d\u00fczeninin istikrara kavu\u015fturulmas\u0131 i\u00e7in Ola\u011fan\u00fcst\u00fc Hal ilan\u0131n\u0131 ge\u00e7ti\u011fimiz\u00a0 g\u00fcn di\u011fer tekliflerimizin aras\u0131nda \u00f6nermi\u015ftik. Bizim i\u00e7in, medyada bu teklifimize y\u00f6nelik yorum ve de\u011ferlendirmelerden ziyade bilindik \u00e7evrelerin ve mihraklar\u0131n g\u00f6r\u00fc\u015f beyan etmelerindeki acelecilik \u00e7ok manidar olmu\u015ftur.<\/span><\/span><\/p>\n<p><span style=\"font-size: 10pt;\"><span style=\"font-family: arial,helvetica,sans-serif;\"><span style=\"text-decoration: underline;\">Dikkatli olunuz ve takip ediniz:<\/span><\/span><\/span><\/p>\n<ul>\n<li><span style=\"font-size: 10pt;\"><span style=\"font-family: arial,helvetica,sans-serif;\">Kim y\u0131k\u0131m projesini sahipleniyorsa s\u00fctunlar\u0131nda OHAL\u2019e de kar\u015f\u0131 olanlar ayn\u0131d\u0131r.<\/span><\/span><\/li>\n<li><span style=\"font-size: 10pt;\"><span style=\"font-family: arial,helvetica,sans-serif;\">Kim, d\u00fcn hepimizin Ermeniyiz demi\u015fse, bug\u00fcn OHAL\u2019e kar\u015f\u0131 olanlar da ayn\u0131d\u0131r.<\/span><\/span><\/li>\n<li><span style=\"font-size: 10pt;\"><span style=\"font-family: arial,helvetica,sans-serif;\">Kim, Erbil\u2019de Pe\u015fmerge toplant\u0131lar\u0131na alk\u0131\u015f tutmu\u015fsa, bug\u00fcn OHAL\u2019e k\u00f6\u015felerinde kar\u015f\u0131 \u00e7\u0131kan onlard\u0131r.<\/span><\/span><\/li>\n<\/ul>\n<p><span style=\"font-size: 10pt;\"><span style=\"font-family: arial,helvetica,sans-serif;\">Demek ki, teklifimiz do\u011frudur, hedefimiz do\u011frudur, isabetimiz tamd\u0131r. Elbette ki ola\u011fan\u00fcst\u00fc hal ilan\u0131, ya\u015fanan \u015fartlar\u0131n b\u00fct\u00fcn\u00fcyle de\u011ferlendirilmesi sonucu verilecektir. Ancak 1987 y\u0131l\u0131nda ilk ilan edildi\u011fi tarihten uzat\u0131lmad\u0131\u011f\u0131 i\u00e7in kalkt\u0131\u011f\u0131 2002 y\u0131l\u0131na kadar OHAL\u2019in varl\u0131\u011f\u0131n\u0131 gerektiren b\u00fct\u00fcn \u015fartlar bug\u00fcn fazlas\u0131yla mevcut bulunmaktad\u0131r.<\/span><\/span><\/p>\n<p><span style=\"font-size: 10pt;\"><span style=\"font-family: arial,helvetica,sans-serif;\">\u00a0<\/span><\/span><\/p>\n<p><span style=\"font-size: 10pt;\"><span style=\"font-family: arial,helvetica,sans-serif;\"><strong>Bu arada Adalet Bakan\u0131 Sadullah Ergin: \u201cOla\u011fan\u00fcst\u00fc Hal istemek, PKK\u2019n\u0131n hedeflerine hizmetle ayni \u015feydir\u201d buyurmu\u015flar ve hikmet yumurtlam\u0131\u015flard\u0131\u2026<\/strong><\/span><\/span><\/p>\n<p><span style=\"font-size: 10pt;\"><span style=\"font-family: arial,helvetica,sans-serif;\"><strong>Bu marazl\u0131 mant\u0131kla;<\/strong><\/span><\/span><\/p>\n<ul>\n<li><span style=\"font-size: 10pt;\"><span style=\"font-family: arial,helvetica,sans-serif;\"><strong>PKK\u2019ya y\u00f6nelik askeri operasyonlar da<\/strong><\/span><\/span><\/li>\n<li><span style=\"font-size: 10pt;\"><span style=\"font-family: arial,helvetica,sans-serif;\"><strong>Gerekti\u011finde s\u0131n\u0131r \u00f6tesi harek\u00e2tlar da<\/strong><\/span><\/span><\/li>\n<li><span style=\"font-size: 10pt;\"><span style=\"font-family: arial,helvetica,sans-serif;\"><strong>\u00d6zel e\u011fitimli profesyonel birliklerin haz\u0131rlanmas\u0131 da\u2026<\/strong><\/span><\/span><\/li>\n<li><span style=\"font-size: 10pt;\"><span style=\"font-family: arial,helvetica,sans-serif;\"><strong>T\u00fcrk askerinin PKK\u2019n\u0131n ve BDP\u2019nin \u00e7a\u011fr\u0131s\u0131na uyup ate\u015fkese yana\u015fmamas\u0131 da<\/strong><\/span><\/span><\/li>\n<li><span style=\"font-size: 10pt;\"><span style=\"font-family: arial,helvetica,sans-serif;\"><strong>Hatta Abdullah \u00d6calan\u2019\u0131n serbest b\u0131rak\u0131l\u0131p resmen muhatap al\u0131nmamas\u0131 da,<\/strong><\/span><\/span><\/li>\n<\/ul>\n<p><span style=\"font-size: 10pt;\"><span style=\"font-family: arial,helvetica,sans-serif;\"><strong>PKK\u2019n\u0131n hedeflerine hizmetle ayn\u0131 \u015feydir.<\/strong><\/span><\/span><\/p>\n<p><span style=\"font-size: 10pt;\"><span style=\"font-family: arial,helvetica,sans-serif;\"><strong>Evet AKP\u2019lilere kalsa, \u201c\u015fu TSK\u2019n\u0131n varl\u0131\u011f\u0131 ve T\u00fcrkiye Cumhuriyetinin \u00fcniter yap\u0131s\u0131 bile PKK\u2019n\u0131n ama\u00e7lar\u0131na hizmettir!?<\/strong><\/span><\/span><\/p>\n<p><span style=\"font-size: 10pt;\"><span style=\"font-family: arial,helvetica,sans-serif;\"><strong>\u00a0<\/strong><\/span><\/span><\/p>\n<p> <span style=\"font-size: 10pt;\"><span style=\"font-family: arial,helvetica,sans-serif;\"><br clear=\"all\" \/><\/span><\/span> <\/p>\n<hr \/>\n<p><span style=\"font-size: 10pt;\"><span style=\"font-family: arial,helvetica,sans-serif;\"><a href=\"#_ftnref1\">[1]<\/a> H\u00fcseyin Alt\u0131nalan, 21 Haziran 2010, Milli Gazete<\/span><\/span><\/p>\n<p><span style=\"font-size: 10pt;\"><span style=\"font-family: arial,helvetica,sans-serif;\"><a href=\"#_ftnref2\">[2]<\/a> Ula\u015f Gencer-Diyarbak\u0131r<\/span><\/span><\/p>\n<p><span style=\"font-size: 10pt;\"><span style=\"font-family: arial,helvetica,sans-serif;\"><a href=\"#_ftnref3\">[3]<\/a> Serdar Turgut, Habert\u00fcrk<\/span><\/span><\/p>\n<p><span style=\"font-size: 10pt;\"><span style=\"font-family: arial,helvetica,sans-serif;\"><a href=\"#_ftnref4\">[4]<\/a> Rauf Tamer, Posta<\/span><\/span><\/p>\n<p><span style=\"font-size: 10pt;\"><span style=\"font-family: arial,helvetica,sans-serif;\"><a href=\"#_ftnref5\">[5]<\/a> <a href=\"http:\/\/www.zaman.com.tr\/\">www.zaman.com.tr<\/a>, 21 Haziran 2010<\/span><\/span><\/p>\n<p><span style=\"font-size: 10pt;\"><span style=\"font-family: arial,helvetica,sans-serif;\"><a href=\"#_ftnref6\">[6]<\/a> Zaman 21 06 2010<\/span><\/span><\/p>\n","protected":false},"excerpt":{"rendered":"<p><span style=\"font-size: 10pt;\"><span style=\"font-family: arial,helvetica,sans-serif;\"><\/span><\/span> <\/p>\n<p><span style=\"font-size: 10pt;\"><span style=\"font-family: arial,helvetica,sans-serif;\"><strong>Sabah gazetesi yazar\u0131 ve AKP yalakas\u0131 Nazl\u0131 Il\u0131cak, &#8220;Son sald\u0131r\u0131lardan sonra art\u0131k g\u00f6r\u00fclm\u00fc\u015ft\u00fcr ki PKK&#8217;y\u0131 muhatap almadan bu sorunu \u00e7\u00f6zmek m\u00fcmk\u00fcn de\u011fildir.&#8221; Diyerek b\u00fcy\u00fck \u0130srail ve K\u00fcrdistan hizmetk\u00e2rl\u0131\u011f\u0131n\u0131 ortaya koyuyordu. Sabataist Serdar Turgut ise bu teklife hemen sahiplenip destekliyordu. Bu arada, g\u00fcya h\u00fck\u00fcmetle y\u0131ld\u0131zlar\u0131 pek bar\u0131\u015fmad\u0131\u011f\u0131 san\u0131lan, s\u00f6m\u00fcr\u00fc ve rantiye sermayesinin kalesi T\u00dcS\u0130AD\u2019\u0131n, aynen AKP\u2019li yazarlar\u0131n a\u011fz\u0131yla, \u201cApdullah \u00d6calan\u2019la masaya oturulmas\u0131\u201d \u00e7a\u011fr\u0131s\u0131 bizleri hi\u00e7 \u015fa\u015f\u0131rtm\u0131yordu. \u00c7\u00fcnk\u00fc bunlar\u0131n hepsi ayn\u0131 Siyonist merkezlerden besleniyordu. <\/strong><\/span><\/span><\/p>\n","protected":false},"author":4,"featured_media":0,"comment_status":"open","ping_status":"closed","sticky":false,"template":"","format":"standard","meta":{"footnotes":""},"categories":[112],"tags":[],"class_list":["post-1846","post","type-post","status-publish","format-standard","hentry","category-agustos-2010"],"_links":{"self":[{"href":"https:\/\/www.millicozum.com\/mc\/wp-json\/wp\/v2\/posts\/1846","targetHints":{"allow":["GET"]}}],"collection":[{"href":"https:\/\/www.millicozum.com\/mc\/wp-json\/wp\/v2\/posts"}],"about":[{"href":"https:\/\/www.millicozum.com\/mc\/wp-json\/wp\/v2\/types\/post"}],"author":[{"embeddable":true,"href":"https:\/\/www.millicozum.com\/mc\/wp-json\/wp\/v2\/users\/4"}],"replies":[{"embeddable":true,"href":"https:\/\/www.millicozum.com\/mc\/wp-json\/wp\/v2\/comments?post=1846"}],"version-history":[{"count":0,"href":"https:\/\/www.millicozum.com\/mc\/wp-json\/wp\/v2\/posts\/1846\/revisions"}],"wp:attachment":[{"href":"https:\/\/www.millicozum.com\/mc\/wp-json\/wp\/v2\/media?parent=1846"}],"wp:term":[{"taxonomy":"category","embeddable":true,"href":"https:\/\/www.millicozum.com\/mc\/wp-json\/wp\/v2\/categories?post=1846"},{"taxonomy":"post_tag","embeddable":true,"href":"https:\/\/www.millicozum.com\/mc\/wp-json\/wp\/v2\/tags?post=1846"}],"curies":[{"name":"wp","href":"https:\/\/api.w.org\/{rel}","templated":true}]}}