{"id":1847,"date":"2010-07-07T16:01:30","date_gmt":"2010-07-07T16:01:30","guid":{"rendered":"https:\/\/www.millicozum.com\/mc\/2010\/07\/07\/taha-akyolun-tespitiylenuman-kurtulmus-erbakandan-kurtulmak-istiyor\/"},"modified":"2010-07-07T16:01:30","modified_gmt":"2010-07-07T16:01:30","slug":"taha-akyolun-tespitiylenuman-kurtulmus-erbakandan-kurtulmak-istiyor","status":"publish","type":"post","link":"https:\/\/www.millicozum.com\/mc\/2010\/agustos-2010\/taha-akyolun-tespitiylenuman-kurtulmus-erbakandan-kurtulmak-istiyor\/","title":{"rendered":"Taha Akyol\u2019un Tespitiyle:NUMAN KURTULMU\u015e, ERBAKAN\u2019DAN KURTULMAK \u0130ST\u0130YOR!?"},"content":{"rendered":"<p style=\"text-align: justify;\"><em><span style=\"font-family: times new roman,times;\"><span style=\"font-size: 10pt;\"><strong>\u201cSad\u0131k Milli G\u00f6r\u00fc\u015f\u00e7\u00fcleri ayakta tutan, maruz kald\u0131klar\u0131 her t\u00fcrl\u00fc haks\u0131zl\u0131k ve sald\u0131r\u0131lara ra\u011fmen m\u00fccadele yolundan al\u0131koymayan; Onlar\u0131n hesap g\u00fcn\u00fcne olan sa\u011flam imanlar\u0131, ahireti ve R\u0131zai \u0130lahiyi \u00f6ne almalar\u0131 ve ilahi adalete olan sars\u0131lmaz g\u00fcven duygular\u0131d\u0131r.\u201d <\/strong><\/span><\/span><\/em><\/p>\n<p style=\"text-align: right;\"><em><span style=\"font-family: times new roman,times;\"><span style=\"font-size: 10pt;\"><strong>Prof. Dr. Necmettin Erbakan<\/strong><\/span><\/span><\/em><\/p>\n<div style=\"text-align: justify;\"><span style=\"font-size: 10pt;\"><span style=\"font-family: arial,helvetica,sans-serif;\">\u00a0<\/span><\/span><\/div>\n<p style=\"text-align: justify;\"><span style=\"font-size: 10pt;\"><span style=\"font-family: arial,helvetica,sans-serif;\"><strong>ABD Derin Devleti olan Yahudi lobilerinin genel sekreteri Barac Obama\u2019n\u0131n talimat\u0131yla; Br\u00fcksel\u2019de katil \u0130srail\u2019in Ticaret Bakan\u0131 Ben Eliezer\u2019le g\u00f6r\u00fc\u015fen ve T\u00fcrkiye\u2019nin \u015ferefini ayaklar alt\u0131na seren sabataist ve Moon g\u00f6revlisi Ahmet Davuto\u011flu\u2019nun bu teslimiyetini: \u201cBar\u0131\u015fc\u0131 ve ak\u0131lc\u0131 bir giri\u015fim\u201d olarak de\u011ferlendiren, ama \u201cAB\u2019yi H\u0131r\u0131stiyan Kul\u00fcb\u00fc olarak niteleyen; Bat\u0131 emperyalizmine ve Siyonist s\u00f6m\u00fcr\u00fc sistemine kar\u015f\u0131 \u0130slam NATO\u2019su ve \u0130SLAM D\u0130NARI gibi gerekli ve ger\u00e7ek\u00e7i \u00e7\u00f6z\u00fcm \u00f6nerileri getiren\u201d Erbakan Hoca\u2019y\u0131 \u201ci\u00e7i bo\u015f laflar \u00fcretmi\u015fti\u201d diyerek h\u00fccuma yeltenen, (daha do\u011frusu Siyonist s\u00f6m\u00fcr\u00fc odaklar\u0131na ve Ha\u00e7l\u0131 Bat\u0131\u2019ya bat\u0131r\u0131lan kaz\u0131klar\u0131n ac\u0131s\u0131 dinmemi\u015f ki bunlar\u0131n u\u015fak tak\u0131m\u0131na hala feryat ettiren) marazl\u0131 m\u00fcnaf\u0131k Taha Akyol, ikinci bir yenilik\u00e7i ve yeni bir Tayyip hadisesi olarak de\u011ferlendirip sahiplendi\u011fi Numan Kurtulmu\u015f\u2019a \u00f6vg\u00fcler d\u00fczmekteydi\u2026<\/strong><\/span><\/span><\/p>\n<div style=\"text-align: justify;\"><\/div>\n<p style=\"text-align: justify;\"><span style=\"font-size: 10pt;\"><span style=\"font-family: arial,helvetica,sans-serif;\"><strong>Bu Taha akyol: \u201cErbakan\u2019\u0131n vesayetine son\u201d (30 Haziran 2010-Milliyet) ba\u015fl\u0131kl\u0131 yaz\u0131s\u0131nda kendi kirli tiyniyetini ve Numan Kurtulmu\u015f\u2019un ger\u00e7ek mahiyetini \u015fu s\u00f6zlerle kusuvermi\u015fti:<\/strong><\/span><\/span><\/p>\n<div style=\"text-align: justify;\"><\/div>\n<p style=\"text-align: justify;\"><span style=\"font-size: 12pt;\"><span style=\"font-family: arial,helvetica,sans-serif;\"><strong>Erbakan\u2019\u0131n vesayetine son verme haz\u0131rl\u0131\u011f\u0131!<\/strong><\/span><\/span><\/p>\n<div style=\"text-align: justify;\"><\/div>\n<p style=\"text-align: justify;\"><span style=\"font-size: 10pt;\"><span style=\"font-family: arial,helvetica,sans-serif;\"><strong><em>\u201cBana Say\u0131n Erbakan\u2019\u0131n hi\u00e7 m\u00fcdahalesi olmad\u0131, ama partimiz \u00fczerinde bir \u2018Erbakan vesayeti\u2019 oldu\u011funa dair kamuoyunda bir alg\u0131 var. Kongremizde bu alg\u0131y\u0131 kald\u0131raca\u011f\u0131z. Hem s\u00f6ylem, hem kadro olarak!\u201d diyen Numan Kurtulmu\u015f\u2019u tebrik ettim; \u00e7\u00fcnk\u00fc yenilenmek iyidir!<\/em><\/strong><\/span><\/span><\/p>\n<div style=\"text-align: justify;\"><\/div>\n<p style=\"text-align: justify;\"><span style=\"font-size: 10pt;\"><span style=\"font-family: arial,helvetica,sans-serif;\"><strong><em>AK Parti, Erbakan\u2019\u0131n g\u00f6lgesinde kalsayd\u0131 b\u00fcy\u00fcr m\u00fcyd\u00fc? Aksine, Erbakan\u2019a ba\u015fkald\u0131r\u0131p yenilenerek b\u00fcy\u00fcd\u00fc.<\/em><\/strong><\/span><\/span><\/p>\n<div style=\"text-align: justify;\"><\/div>\n<p style=\"text-align: justify;\"><span style=\"font-size: 10pt;\"><span style=\"font-family: arial,helvetica,sans-serif;\"><strong><em>\u201cHristiyan<\/em><\/strong><strong><em> Kul\u00fcb\u00fc, \u0130slam NATO&#8217;SU<\/em><\/strong><strong><em>, \u0130slam dinar\u0131\u201d gibi Erbakan\u2019\u0131n eskiden de i\u00e7i bo\u015f olan laflar\u0131n\u0131 Kurtulmu\u015f\u2019tan hi\u00e7bir zaman duymad\u0131k.<\/em><\/strong><\/span><\/span><\/p>\n<div style=\"text-align: justify;\"><\/div>\n<p style=\"text-align: justify;\"><span style=\"font-size: 10pt;\"><span style=\"font-family: arial,helvetica,sans-serif;\"><strong><em>Say\u0131n Numan Kurtulmu\u015f eski dostumdur, yak\u0131ndan tan\u0131r\u0131m. Temiz, dengeli bir insan, birikimli bir akademisyendir. H\u00e2l\u00e2 kat\u0131lmad\u0131\u011f\u0131m g\u00f6r\u00fc\u015fleri var; \u201cvesayet\u201di sona erdirme ve yeni s\u00f6ylem geli\u015ftirme konusundaki tavr\u0131n\u0131 \u00e7ok isabetli buluyorum.\u201d<\/em><\/strong><\/span><\/span><\/p>\n<div style=\"text-align: justify;\"><\/div>\n<p style=\"text-align: justify;\"><span style=\"font-size: 12pt;\"><span style=\"font-family: arial,helvetica,sans-serif;\"><strong>Erbakan\u2019dan Helallik \u0130steyenlerle, H\u0131yanet edenlerin Fark\u0131!<\/strong><\/span><\/span><\/p>\n<div style=\"text-align: justify;\"><\/div>\n<p style=\"text-align: justify;\"><span style=\"font-size: 10pt;\"><span style=\"font-family: arial,helvetica,sans-serif;\"><strong>Taha Akyol gibilerinin h\u0131rlamas\u0131na ve Numan Kurtulmu\u015f ekibinin k\u0131v\u0131rmas\u0131na ra\u011fmen, Erbakan Hoca\u2019dan \u00f6z\u00fcr dilemeye ve \u201cOnun milli prensip ve projelerini ba\u015f\u0131m\u0131za ge\u00e7irmeden bize kurtulu\u015f yoktur\u201d demeye haz\u0131r milyonlar beklemekteydi\u2026<\/strong><\/span><\/span><\/p>\n<div style=\"text-align: justify;\"><\/div>\n<p style=\"text-align: justify;\"><span style=\"font-size: 10pt;\"><span style=\"font-family: arial,helvetica,sans-serif;\"><strong>Uzun y\u0131llar \u00e7al\u0131\u015ft\u0131\u011f\u0131 ve hayran kald\u0131\u011f\u0131 Malezya\u2019n\u0131n, Erbakan\u2019\u0131n projelerini \u00f6rnek alarak kalk\u0131nd\u0131\u011f\u0131n\u0131 \u00f6\u011frendikten sonra \u015fimdi Hoca\u2019dan \u00f6z\u00fcr dileyen ve helallik isteyen eski solcu ve \u00fclk\u00fcc\u00fcler, asl\u0131nda sessiz y\u0131\u011f\u0131nlara terc\u00fcmanl\u0131k etmekteydi.<\/strong><\/span><\/span><\/p>\n<div style=\"text-align: justify;\"><\/div>\n<p style=\"text-align: justify;\"><span style=\"font-size: 10pt;\"><span style=\"font-family: arial,helvetica,sans-serif;\">Saadet Partisi Osmangazi \u0130l\u00e7e te\u015fkilat\u0131n\u0131 ziyaret eden bir vatanda\u015f Erbakan&#8217;la &#8220;helalle\u015fmek&#8221; istedi\u011fini s\u00f6ylemi\u015f!<\/span><\/span><\/p>\n<div style=\"text-align: justify;\"><\/div>\n<p style=\"text-align: justify;\"><span style=\"font-size: 10pt;\"><span style=\"font-family: arial,helvetica,sans-serif;\">Daha \u00f6nce Erbakan&#8217;\u0131 sevmedi\u011fini ve kar\u015f\u0131 oldu\u011funu beyan eden vatanda\u015f\u0131n s\u00f6zleri \u00f6zetle \u015f\u00f6yle:<\/span><\/span><\/p>\n<div style=\"text-align: justify;\"><\/div>\n<p style=\"text-align: justify;\"><span style=\"font-size: 10pt;\"><span style=\"font-family: arial,helvetica,sans-serif;\"><strong><em>&#8220;Ben asl\u0131nda Erbakan hocay\u0131 hi\u00e7 sevmeyen biriydim. Gen\u00e7li\u011fim \u00f6nce Dev-Sol sonra da \u00fclk\u00fcc\u00fclerin aras\u0131nda ge\u00e7ti. Yakla\u015f\u0131k \u00fc\u00e7 y\u0131ld\u0131r Malezya&#8217;da \u00e7al\u0131\u015f\u0131yorum oradaki ya\u015fam standartlar\u0131 ve refah d\u00fczeyi \u00f6ylesine \u00fcst d\u00fczeydeki merak edip ara\u015ft\u0131rd\u0131m ve \u015fu ger\u00e7eklere eri\u015ftim. Malezya&#8217;n\u0131n Erbakan hocan\u0131n T\u00fcrkiye&#8217;de uygulad\u0131\u011f\u0131 havuz sisteminden esinlenip ve \u00e7ok daha \u00f6nceden Erbakan\u2019\u0131n T\u00fcrkiye\u2019deki maddi ve manevi kalk\u0131nma hamlelerini \u00f6rnek edinerek kendi ekonomi politikas\u0131n\u0131 geli\u015ftirerek uygulamaya koydu\u011funu g\u00f6zlemledim. Ayr\u0131ca Malezya&#8217;n\u0131n IMF&#8217;nin \u0131srarlar\u0131na ra\u011fmen IMF&#8217;nin ekonomik modellerini ve tekliflerini kabul etmeyerek g\u00fc\u00e7l\u00fc bir ekonomiye sahip oldu\u011funu \u00f6\u011frendim.<\/em><\/strong><\/span><\/span><\/p>\n<div style=\"text-align: justify;\"><\/div>\n<p style=\"text-align: justify;\"><span style=\"font-size: 10pt;\"><span style=\"font-family: arial,helvetica,sans-serif;\"><strong><em>Allah Erbakan hocadan raz\u0131 olsun.\u00a0 D\u00fcnyada M\u00fcsl\u00fcmanlar\u0131 ve insanl\u0131\u011f\u0131 s\u00f6m\u00fcrmek amac\u0131yla kurulmu\u015f zalim bir d\u00fczen bulunmaktad\u0131r. Erbakan bu d\u00fczenleri y\u0131kmak i\u00e7in D-8&#8217;leri kurarak M\u00fcsl\u00fcmanlar\u0131 uyand\u0131rm\u0131\u015ft\u0131r. Ben O&#8217;nun hakk\u0131nda ki yanl\u0131\u015f d\u00fc\u015f\u00fcnd\u00fcklerim i\u00e7in \u00e7ok pi\u015fman\u0131m. Maalesef biz O&#8217;nu anlayamam\u0131\u015f\u0131z! Erbakan&#8217;dan helallik almak istiyorum, beni onunla g\u00f6r\u00fc\u015ft\u00fcr\u00fcn.&#8221;<\/em><\/strong><\/span><\/span><\/p>\n<div style=\"text-align: justify;\"><\/div>\n<p style=\"text-align: justify;\"><span style=\"font-size: 10pt;\"><span style=\"font-family: arial,helvetica,sans-serif;\">Herhalde herkes bu duyarl\u0131 vatanda\u015f\u0131m\u0131z gibi olsa Erbakan&#8217;\u0131n kap\u0131s\u0131n\u0131n \u00f6n\u00fcnde kilometrelerce uzunlu\u011funda bir helalle\u015fme kuyru\u011fu olu\u015facakt\u0131. Bu duyarl\u0131 vatanda\u015f\u0131m\u0131z sadece Erbakan hakk\u0131nda d\u00fc\u015f\u00fcnd\u00fckleri i\u00e7in helalle\u015fme arzusunu a\u00e7\u0131\u011fa vurmaktayd\u0131. Oysa bir de Erbakan&#8217;a ihanet edenler, hakarete yeltenenler vard\u0131! Bir de Erbakan&#8217;a (inanmad\u0131\u011f\u0131 halde yalakal\u0131p edip) yalan s\u00f6yleyenler vard\u0131! Bir de hem Erbakan ile berabermi\u015f gibi g\u00f6r\u00fcn\u00fcp hem de kendisinden fersah fersah uzak durmak isteyenler vard\u0131! (Erbakan\u2019\u0131n siyasi miras\u0131na konmak i\u00e7in, verasetine sahip \u00e7\u0131k\u0131p, ama vesayetinden kurtulmak i\u00e7in her t\u00fcrl\u00fc h\u0131yanete giri\u015fenler vard\u0131\u2026) Bu zat-\u0131 muhteremlerin hepsi bir g\u00fcn duyarl\u0131 vatanda\u015f\u0131m\u0131z gibi helalle\u015fmek mecburiyetine d\u00fc\u015ferlerse elbette Erbakan&#8217;\u0131n kap\u0131s\u0131n\u0131n \u00f6n\u00fcnde kilometrelerce uzunlu\u011funda bir kuyruk olu\u015fmas\u0131 ka\u00e7\u0131n\u0131lmaz olacakt\u0131!<a href=\"#_ftn1\">[1]<\/a><\/span><\/span><\/p>\n<div style=\"text-align: justify;\"><\/div>\n<p style=\"text-align: justify;\"><span style=\"font-size: 12pt;\"><span style=\"font-family: arial,helvetica,sans-serif;\"><strong>Evet, T\u00fcrkiye en az\u0131ndan bir Malezya olamam\u0131\u015f, bug\u00fcnk\u00fc geri kalm\u0131\u015fl\u0131k ve Bat\u0131\u2019ya ba\u011f\u0131ml\u0131l\u0131k zincirlerini k\u0131ramam\u0131\u015fsa, bunun sorumlular\u0131, tam k\u0131rk y\u0131ld\u0131r yeni bir Milli M\u00fccadele veren Erbakan\u2019\u0131 engelleyen d\u0131\u015f g\u00fc\u00e7ler ve i\u015fbirlik\u00e7ileri kadar, b\u00fcy\u00fck bir gaflet ve cehaletle onlara destek verip Hoca\u2019y\u0131 k\u00f6stekleyenlerdir.<\/strong><\/span><\/span><\/p>\n<div style=\"text-align: justify;\"><\/div>\n<p style=\"text-align: justify;\"><span style=\"font-size: 12pt;\"><span style=\"font-family: arial,helvetica,sans-serif;\"><strong>\u201cEh madem \u00f6yle, Erbakan Hoca bu tiplere niye f\u0131rsat vermekteydi? Bu ayn\u0131 delikten defalarca \u0131s\u0131r\u0131lmak de\u011fil miydi\u201d diye soranlara hat\u0131rlatal\u0131m:<\/strong><\/span><\/span><\/p>\n<div style=\"text-align: justify;\"><\/div>\n<p style=\"text-align: justify;\"><span style=\"font-size: 10pt;\"><span style=\"font-family: arial,helvetica,sans-serif;\"><strong>Erbakan Hoca i\u00e7in parti, b\u00fcy\u00fck ink\u0131l\u00e2b\u0131n\u0131n \u00fcss\u00fc esas\u0131 ve beyin mekanizmas\u0131 de\u011fil, sadece bir hizmet ve e\u011fitim arac\u0131, hatta malum odaklar\u0131 oyalama k\u0131l\u0131f\u0131 yerindeydi.<\/strong><\/span><\/span><\/p>\n<div style=\"text-align: justify;\">\n<ul>\n<li><span style=\"font-size: 10pt;\"><span style=\"font-family: arial,helvetica,sans-serif;\"><strong>T\u00fcrkiye\u2019deki bir tak\u0131m resmi s\u0131fat ve f\u0131rsatlara ve siyasi imkanlara partiyle kavu\u015fulabilirdi.<\/strong><\/span><\/span><\/li>\n<li><span style=\"font-size: 10pt;\"><span style=\"font-family: arial,helvetica,sans-serif;\"><strong>\u0130slam \u00fclkeleriyle ve di\u011fer mazlum milletlerin y\u00f6neticileriyle irtibat ve i\u015fbirli\u011finin yolu \u201cT\u00fcrkiye\u2019yi temsil eden yetkili bir etiketten ge\u00e7mekteydi.<\/strong><\/span><\/span><\/li>\n<li><span style=\"font-size: 10pt;\"><span style=\"font-family: arial,helvetica,sans-serif;\"><strong>Parti Siyonist ve emperyalist merkezlerin h\u00fccum mevzii haline getirilip, hedef sapt\u0131rma, dikkat da\u011f\u0131tma ve g\u00fc\u00e7lerini bo\u015fa harcatma vesilesiydi.<\/strong><\/span><\/span><\/li>\n<li><span style=\"font-size: 10pt;\"><span style=\"font-family: arial,helvetica,sans-serif;\"><strong>Parti, kendi mensuplar\u0131n\u0131 e\u011fitme, yeti\u015ftirme, deneme ve eleme mektepleriydi.<\/strong><\/span><\/span><\/li>\n<li><span style=\"font-size: 10pt;\"><span style=\"font-family: arial,helvetica,sans-serif;\"><strong>Parti, sad\u0131klarla sahtek\u00e2rlar\u0131n, fedak\u00e2rlarla menfaat\u00e7ilerin, dava adamlar\u0131yla d\u00fcnya taparlar\u0131n belirlenip se\u00e7ildi\u011fi bir yerdi.<\/strong><\/span><\/span><\/li>\n<\/ul><\/div>\n<p style=\"text-align: justify;\"><span style=\"font-size: 12pt;\"><span style=\"font-family: arial,helvetica,sans-serif;\"><strong>Bu imtihan\u0131 kazanman\u0131n s\u0131rr\u0131 ise, Erbakan Hoca\u2019n\u0131n \u015fu s\u00f6zlerinde gizliydi:<\/strong><\/span><\/span><\/p>\n<div style=\"text-align: justify;\"><\/div>\n<p style=\"text-align: justify;\"><em><span style=\"font-size: 12pt;\"><span style=\"font-family: arial,helvetica,sans-serif;\"><strong>\u201cSad\u0131k Milli G\u00f6r\u00fc\u015f\u00e7\u00fcleri ayakta tutan, maruz kald\u0131klar\u0131 her t\u00fcrl\u00fc haks\u0131zl\u0131k ve sald\u0131r\u0131lara ra\u011fmen m\u00fccadele yolundan al\u0131koymayan; Onlar\u0131n hesap g\u00fcn\u00fcne olan sa\u011flam imanlar\u0131, ahireti ve R\u0131zai \u0130lahiyi \u00f6ne almalar\u0131 ve ilahi adalete olan sars\u0131lmaz g\u00fcven duygular\u0131d\u0131r.\u201d<\/strong><\/span><\/span><\/em><\/p>\n<div style=\"text-align: justify;\"><\/div>\n<p style=\"text-align: justify;\"><span style=\"font-size: 12pt;\"><span style=\"font-family: arial,helvetica,sans-serif;\"><strong>SP E. Ordu \u0130l Ba\u015fkan\u0131 Erkan Temiz\u2019in uyar\u0131lar\u0131!<\/strong><\/span><\/span><\/p>\n<div style=\"text-align: justify;\"><\/div>\n<p style=\"text-align: justify;\"><span style=\"font-size: 12pt;\"><span style=\"font-family: arial,helvetica,sans-serif;\"><strong>SP Ordu \u0130l ba\u015fkan\u0131 Erkan TEM\u0130Z, Erbakan ve Milli G\u00f6r\u00fc\u015f&#8217;ten soyutlanm\u0131\u015f bir Saadet Partisi olu\u015fturulmak istendi\u011fini belirterek t\u00fcm Milli G\u00f6r\u00fc\u015f\u00e7\u00fcleri 11 Temmuz&#8217;da bu gidi\u015fata dur demeye davet etmi\u015ftir&#8230;<\/strong><\/span><\/span><\/p>\n<div style=\"text-align: justify;\"><\/div>\n<p style=\"text-align: justify;\"><span style=\"font-size: 10pt;\"><span style=\"font-family: arial,helvetica,sans-serif;\">\u201c<strong><em>Saadet Partisi&#8217;nin 9 y\u0131la yak\u0131n bir s\u00fcredir il ba\u015fkanl\u0131\u011f\u0131n\u0131 yapm\u0131\u015f, 23 y\u0131l gibi bir s\u00fcredir siyasetin i\u00e7inde olan biri olarak \u015funu iddia ediyorum ki, T\u00dcRK S\u0130YAS\u0130 TAR\u0130H\u0130N\u0130N EN DEMOKRAT L\u0130DER\u0130 ERBAKAN HOCAMIZIR. Zira ald\u0131\u011f\u0131 t\u00fcm kararlar\u0131 ilgilileri ile isti\u015fare ederek ald\u0131\u011f\u0131 taraf\u0131m\u0131zdan bilinmektedir.<\/em><\/strong><\/span><\/span><\/p>\n<div style=\"text-align: justify;\"><\/div>\n<p style=\"text-align: justify;\"><span style=\"font-size: 10pt;\"><span style=\"font-family: arial,helvetica,sans-serif;\"><strong><em>Bunun en b\u00fcy\u00fck delili Numan Kurtulmu\u015f&#8217;un genel ba\u015fkan olmas\u0131d\u0131r. Te\u015fkilatlar istiyor diye genel ba\u015fkanl\u0131\u011fa getirilmi\u015ftir. Ama bu g\u00fcn, kendisini genel ba\u015fkanl\u0131\u011fa getiren te\u015fkilatlar\u0131 kendi ifadesi ile &#8220;ezmekte&#8221; dir.<\/em><\/strong><\/span><\/span><\/p>\n<div style=\"text-align: justify;\"><\/div>\n<p style=\"text-align: justify;\"><span style=\"font-size: 10pt;\"><span style=\"font-family: arial,helvetica,sans-serif;\"><strong><em>23 y\u0131ll\u0131k bir Milli G\u00f6r\u00fc\u015f\u00e7\u00fc olarak Rabbime dua ediyorum ki benim \u00f6mr\u00fcm\u00fc Erbakan hocama versin, ona sa\u011fl\u0131k s\u0131hhat uzun \u00f6m\u00fcr versin ve bizim ba\u015f\u0131m\u0131zda lider olarak dursun. Erbakan hocam\u0131z\u0131 seviyoruz, ona olan biat\u0131m\u0131zdan asla d\u00f6nemeyece\u011fiz. \u00c7\u00fcnk\u00fc o bize hep HAKK&#8217;I VE SABRI TAVS\u0130YE ETM\u0130\u015eT\u0130R.<\/em><\/strong><\/span><\/span><\/p>\n<div style=\"text-align: justify;\"><\/div>\n<p style=\"text-align: justify;\"><span style=\"font-size: 10pt;\"><span style=\"font-family: arial,helvetica,sans-serif;\"><strong><em>2008 kongresinden sonra ya\u015fanan geli\u015fmelere gelince; Saadet Partisi h\u0131zla ERBAKANSIZ ve M\u0130LL\u0130 G\u00d6R\u00dc\u015eS\u00dcZ bir parti haline d\u00f6n\u00fc\u015ft\u00fcr\u00fclmektedir\u201d<\/em><\/strong><\/span><\/span><\/p>\n<div style=\"text-align: justify;\"><\/div>\n<p style=\"text-align: justify;\"><span style=\"font-size: 10pt;\"><span style=\"font-family: arial,helvetica,sans-serif;\"><strong><em>T\u00fcm Milli G\u00f6r\u00fc\u015f\u00e7\u00fcleri uyarmak, uyand\u0131rmak zorunday\u0131z. Bu bir fitne de\u011fildir. As\u0131l fitne Milli G\u00f6r\u00fc\u015f\u00fcn dejenere edilmesidir.<\/em><\/strong><\/span><\/span><\/p>\n<div style=\"text-align: justify;\"><\/div>\n<p style=\"text-align: justify;\"><span style=\"font-size: 10pt;\"><span style=\"font-family: arial,helvetica,sans-serif;\"><strong><em>2001 y\u0131l\u0131nda Milli G\u00f6r\u00fc\u015f\u2019\u00fcn siyah beyaz bir fotokopisi (AKP\u2019yi) piyasaya s\u00fcrm\u00fc\u015flerdir. Bu g\u00fcn yap\u0131lmak istenen ise Milli G\u00f6r\u00fc\u015f\u2019\u00fcn renkli fotokopisinin piyasaya s\u00fcr\u00fclmesidir. Bu g\u00fcn yap\u0131lanlar daha tehlikelidir. Biz susar ve harekete ge\u00e7mez isek, bu akl\u0131 evveller hedefe ula\u015f\u0131rsa, piyasaya s\u00fcr\u00fclen renkli fotokopi Milli G\u00f6r\u00fc\u015f ile ger\u00e7ek Milli G\u00f6r\u00fc\u015f birbirine kar\u0131\u015facakt\u0131r. Halk ger\u00e7e\u011fi g\u00f6remeyecektir.<\/em><\/strong><\/span><\/span><\/p>\n<div style=\"text-align: justify;\"><\/div>\n<p style=\"text-align: justify;\"><span style=\"font-size: 10pt;\"><span style=\"font-family: arial,helvetica,sans-serif;\"><strong><em>Ahmet Demircan, \u015eeref Malko\u00e7., Turhan Al\u00e7elik, \u00d6mer Vehbi Hatipo\u011flu, L\u00fctf\u00fc Eseng\u00fcn gibi isimler Erbakan\u2019a ba\u011fl\u0131 Milli G\u00f6r\u00fc\u015f\u00e7\u00fcleri tasfiye etmektedir.<\/em><\/strong><\/span><\/span><\/p>\n<div style=\"text-align: justify;\"><\/div>\n<p style=\"text-align: justify;\"><span style=\"font-size: 10pt;\"><span style=\"font-family: arial,helvetica,sans-serif;\"><strong><em>Ordu kongresinden sonra Numan Kurtulmu\u015f beni \u00e7a\u011f\u0131rm\u0131\u015f ve kendince hesaba \u00e7ekmi\u015ftir. Kendisine \u201cSay\u0131n Genel ba\u015fkan\u0131m ben il ba\u015fkanl\u0131\u011f\u0131 derdinde de\u011filim, beni de\u011fi\u015ftirin, ancak mutlaka te\u015fkilatlar\u0131 dinleyin, te\u015fkilat\u0131n bildirdi\u011fi g\u00f6r\u00fc\u015fe uygun il ba\u015fkan\u0131 tayin edin\u201d dedi\u011fimde, \u201cben t\u00fcm T\u00fcrkiye\u2019de te\u015fkilatlar\u0131 dinlemeye kalkarsam bunun sonunu getiremem\u201d cevab\u0131n\u0131 vermi\u015ftir.<\/em><\/strong><\/span><\/span><\/p>\n<div style=\"text-align: justify;\"><\/div>\n<p style=\"text-align: justify;\"><span style=\"font-size: 10pt;\"><span style=\"font-family: arial,helvetica,sans-serif;\"><strong><em>\u015eimdi soruyorum; te\u015fkilat\u0131n\u0131 bu g\u00fcn dinlemeyen genel ba\u015fkan yar\u0131n kimlere verecektir? Kimi dinleyecek, kimin istediklerini yerine getirecektir?\u201d<\/em><\/strong><\/span><\/span><\/p>\n<div style=\"text-align: justify;\"><\/div>\n<p style=\"text-align: justify;\"><span style=\"font-size: 12pt;\"><span style=\"font-family: arial,helvetica,sans-serif;\"><strong>SP E. Diyarbak\u0131r \u0130l Ba\u015fkan\u0131 Fesih Bozan\u2019\u0131n hakl\u0131 feryad\u0131<\/strong><\/span><\/span><\/p>\n<div style=\"text-align: justify;\"><\/div>\n<p style=\"text-align: justify;\"><span style=\"font-size: 10pt;\"><span style=\"font-family: arial,helvetica,sans-serif;\"><strong>Saadet Partisi y\u00f6netiminin bask\u0131lar\u0131yla istifa ettirilen SP Diyarbak\u0131r eski \u0130l ba\u015fkan\u0131 Fesih Bozan kongreye giderken Milli G\u00f6r\u00fc\u015f\u00e7\u00fclerin temizlendi\u011fini belirterek &#8220;Esas bu gidi\u015fata susmak Milli G\u00f6r\u00fc\u015f&#8217;e zarar veriyor&#8221; demi\u015ftir.<\/strong><\/span><\/span><\/p>\n<div style=\"text-align: justify;\"><\/div>\n<p style=\"text-align: justify;\"><span style=\"font-size: 10pt;\"><span style=\"font-family: arial,helvetica,sans-serif;\"><strong>Milliyet Gazetesi&#8217;ni ziyaretinde Taha Akyol&#8217;a 11 Temmuz&#8217;da yap\u0131lacak kongrede s\u00f6ylem ve kadro olarak Erbakan vesayetini tamamen kald\u0131raca\u011f\u0131n\u0131 a\u00e7\u0131k a\u00e7\u0131k bildiren Numan Kurtulmu\u015f&#8217;un bu s\u00f6zlerine tepkiler \u00e7\u0131\u011f gibi b\u00fcy\u00fcrken &#8220;\u00e7ok \u00f6nceden ba\u015flayan tasfiye s\u00fcrecinden nasibini alan il te\u015fkilatlar\u0131 ve eski il ba\u015fkanlar\u0131 da seslerini y\u00fckseltmi\u015flerdir.<\/strong><\/span><\/span><\/p>\n<div style=\"text-align: justify;\"><\/div>\n<p style=\"text-align: justify;\"><span style=\"font-size: 12pt;\"><span style=\"font-family: arial,helvetica,sans-serif;\"><strong>\u0130\u015fte SP Diyarbak\u0131r eski il ba\u015fkan\u0131 Fesih Bozan&#8217;\u0131n mesaj\u0131:<\/strong><\/span><\/span><\/p>\n<div style=\"text-align: justify;\"><\/div>\n<p style=\"text-align: justify;\"><span style=\"font-size: 10pt;\"><span style=\"font-family: arial,helvetica,sans-serif;\"><strong>\u00a0<\/strong><strong><em>&#8220;Partimizin son kongresinin ard\u0131ndan Milli G\u00f6r\u00fc\u015f\u00e7\u00fc olanlar\u0131n tasfiye edilece\u011fi hep konu\u015fula geldi ve \u0130stanbul&#8217;dan sonra Diyarbak\u0131r&#8217;\u0131n ikinci s\u0131rada oldu\u011fu kulaktan kula\u011fa s\u00f6ylendi.<\/em><\/strong><\/span><\/span><\/p>\n<div style=\"text-align: justify;\"><\/div>\n<p style=\"text-align: justify;\"><span style=\"font-size: 10pt;\"><span style=\"font-family: arial,helvetica,sans-serif;\"><strong><em>\u00d6rne\u011fin\u00a0AKP \u0130stanbul te\u015fkilat\u0131na &#8220;Diyarbak\u0131r i\u00e7in bize bir il ba\u015fkan\u0131 laz\u0131m&#8221; deniliyor. \u0130stanbul&#8217;daki Ak Partili Diyarbak\u0131r Ak Parti te\u015fkilat\u0131n\u0131 ar\u0131yor &#8220;Saadet Partisi i\u00e7in bir \u0130l ba\u015fkan\u0131 bulunmas\u0131nda yard\u0131m isteniyor diyor.&#8221; \u0130nsan d\u00fc\u015f\u00fcn\u00fcyor da bir te\u015fkilat bu kadar kendini\u00a0aya\u011fa d\u00fc\u015f\u00fcrebilir mi?.. <\/em><\/strong><\/span><\/span><\/p>\n<div style=\"text-align: justify;\"><\/div>\n<p style=\"text-align: justify;\"><span style=\"font-size: 10pt;\"><span style=\"font-family: arial,helvetica,sans-serif;\"><strong><em>Diyarbak\u0131r\u2019a gelen her ba\u015fkan yard\u0131mc\u0131s\u0131 \u00a0&#8220;ne olacak Diyarbak\u0131r&#8217;\u0131n hali&#8221; diye soruyor. Ama g\u00fcvendi\u011fimiz ve Milli G\u00f6r\u00fc\u015f davas\u0131n\u0131n temel direklerinden zannetti\u011fimiz Sn \u015eevket Kazan Bize kar\u015f\u0131 nezaketsiz davran\u0131yor. K\u0131\u015fk\u0131rt\u0131yor ve d\u0131\u015fl\u0131yor. Dolayl\u0131 olarak Numan\u2019\u0131n i\u015fini kolayla\u015ft\u0131r\u0131yor.&#8221;Biz yenilerini bulduk bunlar\u0131 at\u0131n gitsin, bunlar eski g\u00f6mleklilerdendir&#8221; diyerek\u00a0sad\u0131k ve sa\u011flam te\u015fkilatlar g\u00f6revden al\u0131n\u0131yor. AKP&#8217;nin ge\u00e7mi\u015fte yapt\u0131\u011f\u0131 gibi, \u015fimdi de B\u00fcy\u00fck Kongreye giderken kalan Milli G\u00f6r\u00fc\u015f\u00e7\u00fcleri de temizleyerek b\u00f6ylece Saadet Partisi i\u00e7inde AKP&#8217;nin yeni bir versiyonu olu\u015fturuluyor.\u201d<\/em><\/strong><\/span><\/span><\/p>\n<div style=\"text-align: justify;\"><\/div>\n<p style=\"text-align: justify;\"><span style=\"font-size: 12pt;\"><span style=\"font-family: arial,helvetica,sans-serif;\"><strong>06 Temmuz 2010 Ak\u015fam\u0131 Habert\u00fcrk\u2019te Fatih Altay\u2019l\u0131n\u0131n Teke Tek program\u0131na \u00e7\u0131kar\u0131lan Numan Kurtulmu\u015f ter\u00f6r sorunuyla ilgili bir soruya:<\/strong><\/span><\/span><\/p>\n<div style=\"text-align: justify;\"><\/div>\n<p style=\"text-align: justify;\"><span style=\"font-size: 10pt;\"><span style=\"font-family: arial,helvetica,sans-serif;\"><strong>\u201c<em>Kesinlikle bu kan\u0131n durdurulmas\u0131 ve her \u015feyden \u00f6nce silahlar\u0131n susturulmas\u0131 laz\u0131md\u0131r\u2026<\/em><\/strong><\/span><\/span><\/p>\n<div style=\"text-align: justify;\"><\/div>\n<p style=\"text-align: justify;\"><span style=\"font-size: 10pt;\"><span style=\"font-family: arial,helvetica,sans-serif;\"><strong><em>\u2026 Ben Ba\u015fbakan olsam, bu i\u015fe, hangi taraftan olursa olsun, y\u0131llard\u0131r bu \u00e7at\u0131\u015fmalarda \u00e7ocuklar\u0131 ve yak\u0131nlar\u0131 \u00f6len vatanda\u015flar\u0131m\u0131zdan devlet ad\u0131na \u00f6z\u00fcr dileyerek ba\u015flard\u0131m\u201d<\/em><\/strong><\/span><\/span><\/p>\n<div style=\"text-align: justify;\"><\/div>\n<p style=\"text-align: justify;\"><span style=\"font-size: 10pt;\"><span style=\"font-family: arial,helvetica,sans-serif;\"><strong>gibi, d\u0131\u015f d\u00fc\u015fmanlar\u0131n ta\u015feronu PKK ter\u00f6r olu\u015fumuyla T\u00fcrk Ordusunu ayn\u0131 kategoriye sokan, ayn\u0131 derecede su\u00e7lu ve sorumlu sayan talihsiz bir yan\u0131tla, acaba kimlerin g\u00f6z\u00fcne girmeye \u00e7al\u0131\u015f\u0131yordu?<\/strong><\/span><\/span><\/p>\n<div style=\"text-align: justify;\"><\/div>\n<p style=\"text-align: justify;\"><span style=\"font-size: 10pt;\"><span style=\"font-family: arial,helvetica,sans-serif;\"><strong>Ergenekon iddialar\u0131yla ilgili bir soruyu yan\u0131tlarken:<\/strong><\/span><\/span><\/p>\n<div style=\"text-align: justify;\"><\/div>\n<p style=\"text-align: justify;\"><span style=\"font-size: 10pt;\"><span style=\"font-family: arial,helvetica,sans-serif;\"><strong><em>\u201c\u2026 T\u00fcrkiye\u2019de Ergenekon tipi yap\u0131lanmalar\u0131n \u00fczerine (AKP\u2019nin yapt\u0131\u011f\u0131 gibi), bu denli rahatl\u0131kla gidilmesinde; Yeni Osmanl\u0131c\u0131l\u0131k ve \u0131l\u0131ml\u0131 \u0130slamc\u0131l\u0131k istikametinde, bizi bu b\u00f6lgede rol model \u00fclke yapma, Bat\u0131\u2019n\u0131n de\u011ferlerini ve \u00e7\u0131kar dengelerini T\u00fcrkiye \u00fczerinden \u0130slam Alemine ta\u015f\u0131ma amac\u0131 g\u00fcden ABD ve AB\u2019nin (ve tabii \u0130srail\u2019in) verdi\u011fi destek te olduk\u00e7a \u00f6nemlidir ve bir f\u0131rsat olarak g\u00f6r\u00fclmelidir.\u201d<\/em><\/strong><\/span><\/span><\/p>\n<div style=\"text-align: justify;\"><\/div>\n<p style=\"text-align: justify;\"><span style=\"font-size: 12pt;\"><span style=\"font-family: arial,helvetica,sans-serif;\"><strong>diyen Numan Kurtulmu\u015f\u2019a sormak gerekiyordu:<\/strong><\/span><\/span><\/p>\n<div style=\"text-align: justify;\"><\/div>\n<p style=\"text-align: justify;\"><span style=\"font-size: 10pt;\"><span style=\"font-family: arial,helvetica,sans-serif;\"><strong>1- Ergenekon davas\u0131na bu malum ve mel\u2019un odaklar destek verdi\u011fine ve AKP\u2019yi y\u00f6nlendirip cesaretlendirdi\u011fine g\u00f6re, <\/strong><\/span><\/span><\/p>\n<div style=\"text-align: justify;\"><\/div>\n<p style=\"text-align: justify;\"><span style=\"font-size: 10pt;\"><span style=\"font-family: arial,helvetica,sans-serif;\"><strong>a- Ya b\u00f6ylesi iddialarla itham edilen ki\u015fi ve kesimlerin, en az\u0131ndan bir k\u0131sm\u0131n\u0131n ABD ve AB \u00e7\u0131karlar\u0131na \u00e7omak soktuklar\u0131<\/strong><\/span><\/span><\/p>\n<div style=\"text-align: justify;\"><\/div>\n<p style=\"text-align: justify;\"><span style=\"font-size: 10pt;\"><span style=\"font-family: arial,helvetica,sans-serif;\"><strong>b- Veya bu odaklar\u0131n, uzun zaman kullan\u0131p y\u0131pratt\u0131klar\u0131 kahyalar\u0131n\u0131 (s\u00f6m\u00fcr\u00fc arabalar\u0131n\u0131n yorulan atlar\u0131n\u0131) de\u011fi\u015ftirmeye \u00e7al\u0131\u015ft\u0131klar\u0131 ortaya \u00e7\u0131k\u0131yordu.<\/strong><\/span><\/span><\/p>\n<div style=\"text-align: justify;\"><\/div>\n<p style=\"text-align: justify;\"><span style=\"font-size: 10pt;\"><span style=\"font-family: arial,helvetica,sans-serif;\"><strong>2- \u00d6yle ise, AKP iktidar\u0131n\u0131n ve onun eliyle getirilen kadrolar\u0131n da k\u00fcresel emperyalizmin yeni piyonlar\u0131 olduklar\u0131 da b\u00f6ylece itiraf ediliyordu.<\/strong><\/span><\/span><\/p>\n<div style=\"text-align: justify;\"><\/div>\n<p style=\"text-align: justify;\"><span style=\"font-size: 12pt;\"><span style=\"font-family: arial,helvetica,sans-serif;\"><strong>3- Ve as\u0131l kafa kar\u0131\u015ft\u0131ran \u015fuydu.<\/strong><\/span><\/span><\/p>\n<div style=\"text-align: justify;\"><\/div>\n<p style=\"text-align: justify;\"><span style=\"font-size: 12pt;\"><span style=\"font-family: arial,helvetica,sans-serif;\"><strong>Acaba Numan Kurtulmu\u015f k\u00fcresel merkezlere ve yerli mahfillere: \u201cAKP ta\u015feronlar\u0131n\u0131z \u00e7ok \u00e7abuk t\u0131kand\u0131 ve c\u0131lk\u0131 \u00e7\u0131kt\u0131. Yeni Osmanl\u0131c\u0131l\u0131k hedeflerinize ben daha iyi hizmet etmeye haz\u0131r\u0131m\u201d demeye mi getiriyordu?<\/strong><\/span><\/span><\/p>\n<div style=\"text-align: justify;\"><\/div>\n<p style=\"text-align: justify;\"><span style=\"font-size: 12pt;\"><span style=\"font-family: arial,helvetica,sans-serif;\"><strong>Bu arada soyad\u0131na uygun davran\u0131\u015flar sergileyen Mehmet Bekaro\u011flu\u2019nun: \u201cErbakan\u2019\u0131n as\u0131l destekledi\u011fi, Saadet Partisi de\u011fil, AKP\u2019dir.\u201d \u00c7\u0131k\u0131\u015flar\u0131 da, Numan Kurtulmu\u015f\u2019a dolayl\u0131 destek anlam\u0131 ta\u015f\u0131yor ve AKP\u2019nin g\u00fcnahlar\u0131n\u0131 ve tahribatlar\u0131n\u0131 Erbakan\u2019\u0131n s\u0131rt\u0131na vurmay\u0131 ama\u00e7l\u0131yordu.<\/strong><\/span><\/span><\/p>\n<div style=\"text-align: justify;\"><\/div>\n<p style=\"text-align: justify;\"><span style=\"font-size: 10pt;\"><span style=\"font-family: arial,helvetica,sans-serif;\"><strong>Ve hele, Numan Kurtulmu\u015f\u2019un Erbakan\u2019\u0131n vesayetinden kurtulmak ve reddi mirasta bulunmak ad\u0131na, acayip bir kahramanl\u0131k taslay\u0131p, masonik medyan\u0131n ve marazl\u0131 m\u00fcnaf\u0131klar\u0131n a\u011fz\u0131yla Erbakan\u2019a y\u00f6nelik:<\/strong><\/span><\/span><\/p>\n<div style=\"text-align: justify;\"><\/div>\n<p style=\"text-align: justify;\"><span style=\"font-size: 10pt;\"><span style=\"font-family: arial,helvetica,sans-serif;\"><strong><em>\u201cKe\u015fke o zamanki Refah Partisi Susurluk\u2019un \u00fczerine daha aktif gidebilse, daha ciddi ve cesaretli davranabilseydi\u2026 Ben olsayd\u0131m \u00e7ok daha kararl\u0131 ve tutarl\u0131 bir tav\u0131r sergilerdim\u2026\u201d <\/em><\/strong><strong>anlam\u0131ndaki kuru s\u0131k\u0131 s\u00f6zlerine, \u00fczerinde bir sayg\u0131nl\u0131k olu\u015fturamad\u0131\u011f\u0131 i\u00e7in kar\u015f\u0131s\u0131nda parmaklar\u0131 aras\u0131nda kalem \u00e7evirecek kadar kendisini hafife alan ve laubali davranan Fatih Altayl\u0131 bile b\u0131y\u0131k alt\u0131ndan g\u00fcl\u00fcp s\u0131r\u0131t\u0131yordu.<\/strong><\/span><\/span><\/p>\n<div style=\"text-align: justify;\"><\/div>\n<p style=\"text-align: justify;\"><span style=\"font-size: 12pt;\"><span style=\"font-family: arial,helvetica,sans-serif;\"><strong>Ve zaten Erbakan\u2019la kuklalar\u0131n fark\u0131 i\u015fte burada ortaya \u00e7\u0131k\u0131yordu. Hoca, Siyonist canavara cephe a\u00e7\u0131p beynini ezmeye \u00e7al\u0131\u015f\u0131rken; kuklalar, o canavar\u0131n kollar\u0131na s\u0131\u011f\u0131n\u0131p, kuyru\u011fu ile u\u011fra\u015farak kahramanl\u0131k tasl\u0131yordu\u2026<\/strong><\/span><\/span><\/p>\n<div style=\"text-align: justify;\"><\/div>\n<p style=\"text-align: justify;\"><span style=\"font-size: 12pt;\"><span style=\"font-family: arial,helvetica,sans-serif;\"><strong>Ve tabii Hoca, b\u00f6ylelerinin yular\u0131n\u0131 uzatt\u0131k\u00e7a uzat\u0131yor, bu zavall\u0131lar da nifak hareketlerinde ba\u015far\u0131ya ula\u015ft\u0131klar\u0131 ve Hak davay\u0131 ray\u0131ndan ay\u0131rd\u0131klar\u0131 zann\u0131na kap\u0131l\u0131yor, ama yan\u0131ld\u0131klar\u0131n\u0131 ve yamukluklar\u0131na ra\u011fmen hizmette kullan\u0131ld\u0131klar\u0131n\u0131 anlad\u0131klar\u0131nda ise zaten pilleri bitmi\u015f oluyordu.<\/strong><\/span><\/span><\/p>\n<div style=\"text-align: justify;\"><\/div>\n<p style=\"text-align: justify;\"><span style=\"font-size: 14pt;\"><span style=\"font-family: arial,helvetica,sans-serif;\"><strong>Sabahattin \u00d6nkibar\u2019a duyurulur!.<\/strong><\/span><\/span><\/p>\n<div style=\"text-align: justify;\"><\/div>\n<p style=\"text-align: justify;\"><span style=\"font-size: 12pt;\"><span style=\"font-family: arial,helvetica,sans-serif;\"><strong>Bulu\u015ftu\u011fu bal\u0131k\u00e7\u0131 lokantas\u0131nda, \u00fcst perdeden Numan Bey\u2019e tavsiyeler buyurarak:<\/strong><\/span><\/span><\/p>\n<div style=\"text-align: justify;\"><\/div>\n<p style=\"text-align: justify;\"><span style=\"font-size: 12pt;\"><span style=\"font-family: arial,helvetica,sans-serif;\"><strong><em>\u201cErbakan Hoca i\u00e7in siyaset, Demirel ve Merhum T\u00fcrke\u015f misali, ya\u015fam tarz\u0131d\u0131r\u2026<\/em><\/strong><\/span><\/span><\/p>\n<div style=\"text-align: justify;\"><\/div>\n<p style=\"text-align: justify;\"><span style=\"font-size: 12pt;\"><span style=\"font-family: arial,helvetica,sans-serif;\"><strong><em>\u2026 Erbakan Hoca inatc\u0131l\u0131k yapsa bile, tahamm\u00fcl g\u00f6sterip, onu sayg\u0131yla ta\u015f\u0131man\u0131zd\u0131r\u2026.\u201d<\/em><\/strong><a href=\"#_ftn2\"><strong><em><strong>[2]<\/strong><\/em><\/strong><\/a><strong><em> <\/em><\/strong><\/span><\/span><\/p>\n<div style=\"text-align: justify;\"><\/div>\n<p style=\"text-align: justify;\"><span style=\"font-size: 12pt;\"><span style=\"font-family: arial,helvetica,sans-serif;\"><strong>Diyen Sabahattin \u00d6nkibar\u2019a:<\/strong><\/span><\/span><\/p>\n<div style=\"text-align: justify;\"><\/div>\n<p style=\"text-align: justify;\"><span style=\"font-size: 12pt;\"><span style=\"font-family: arial,helvetica,sans-serif;\"><strong>\u201cYan\u0131l\u0131yorsun kuzum, Erbakan i\u00e7in siyaset \u201cya\u015fam tarz\u0131\u201d de\u011fil, Onun ki bir dava a\u015fk\u0131 ve imani-insani sorumluluk \u00e7abas\u0131d\u0131r\u201d ger\u00e7e\u011fini anlatmaya u\u011fra\u015fmayaca\u011f\u0131z. Sadece, \u201cBir duyguyu inanmayan ve ya\u015famayan nereden bilecek?..\u201d hikmetini hat\u0131rlataca\u011f\u0131z.<\/strong><\/span><\/span><\/p>\n<div style=\"text-align: justify;\"><\/div>\n<p style=\"text-align: justify;\"><span style=\"font-size: 12pt;\"><span style=\"font-family: arial,helvetica,sans-serif;\"><strong>Erbakan Hoca\u2019n\u0131n \u201cta\u015f\u0131nmas\u0131 ve ho\u015f tutulmas\u0131 gereken, ya\u015fl\u0131 bir inat\u00e7\u0131\u201d de\u011fil, dan\u0131\u015f\u0131l\u0131p uyulmas\u0131 ve itaat olunmas\u0131 gereken bir lider oldu\u011funu Bay \u00d6nkibar\u2019a s\u00f6ylemeyen Numan Kurtulmu\u015f ta, ak\u0131l hocalar\u0131 da bilsin ki, Refah-Yol d\u00f6nemindeki gibi, Erbakan\u2019\u0131 h\u00fcrmetle \u00f6vme yar\u0131\u015f\u0131na girece\u011finiz g\u00fcnlere yakla\u015fmaktay\u0131z. BU s\u00f6zlerimi not al\u0131n, \u00e7\u00fcnk\u00fc \u00e7ok yak\u0131nda mahcup ve pi\u015fman olacaks\u0131n\u0131z!..<\/strong><\/span><\/span><\/p>\n<div style=\"text-align: justify;\"><\/div>\n<p style=\"text-align: justify;\"><strong><span style=\"font-size: 10pt;\"><span style=\"font-family: arial,helvetica,sans-serif;\">Bu arada \u201cinternet haber\u201d den Hadi \u00d6z\u0131\u015f\u0131k gibi, sahibinin sesi s\u00fcnepelerin: \u201cErbakan Utans\u0131n\u201d diye havlamalar\u0131, Hocayla ba\u015fa \u00e7\u0131kamayan ve Ondan bir t\u00fcrl\u00fc kurtulamayan \u015eeytani odaklar\u0131n \u015fa\u015fk\u0131nl\u0131\u011f\u0131n\u0131 yans\u0131tmaktayd\u0131.<\/span><\/span><\/strong><\/p>\n<p><span style=\"font-size: 14pt;\"><strong><span style=\"font-family: arial,helvetica,sans-serif;\">POSTA\u2019dan Canda\u015f Tolga I\u015f\u0131k\u2019a\u2026<\/span><\/strong><\/span><\/p>\n<p><strong><span style=\"font-size: 10pt;\"><span style=\"font-family: arial,helvetica,sans-serif;\">16. Temmuz. 2010 tarihli yaz\u0131n\u0131zda, Fatih Erbakan\u2019a hitaben Hoca\u2019ya h\u0131rlam\u0131\u015fs\u0131n.<\/span><\/span><\/strong><\/p>\n<p><strong><span style=\"font-size: 10pt;\"><span style=\"font-family: arial,helvetica,sans-serif;\">Ey Sabataist d\u0131\u011fas\u0131!<\/span><\/span><\/strong><\/p>\n<p><strong><span style=\"font-size: 10pt;\"><span style=\"font-family: arial,helvetica,sans-serif;\">Evet, Erbakan; y\u00fczy\u0131llarca himayesine s\u0131\u011f\u0131nd\u0131\u011f\u0131 T\u00fcrkiye\u2019nin hem kayma\u011f\u0131n\u0131 yiyen hem de h\u0131yanet eden faizci-tefeci Yahudi d\u00f6nmelerinin, Siyonist-ter\u00f6rist \u0130srail\u2019in ve bunlar\u0131n i\u015fbirlik\u00e7isi kan emici rantiyecilerin en b\u00fcy\u00fck felaketidir!..<\/span><\/span><\/strong><\/p>\n<p><strong><span style=\"font-size: 10pt;\"><span style=\"font-family: arial,helvetica,sans-serif;\">\u201cBu zul\u00fcm d\u00fczeni de\u011fi\u015fecek; ama bunun kanl\u0131 m\u0131, kans\u0131z m\u0131 olaca\u011f\u0131na milletimiz karar verecek\u201d s\u00f6zlerini ise, d\u00f6nemin k\u00fcstah \u0130srail Cumhurba\u015fkan\u0131 T\u00fcrkiye\u2019ye gelip S\u00fcleyman Demirel masonunu ve kahraman ordumuzu Milli G\u00f6r\u00fc\u015f\u2019e kar\u015f\u0131 k\u0131\u015fk\u0131rtt\u0131\u011f\u0131 zaman onlara s\u00f6ylemi\u015ftir ve bu hala ge\u00e7erlidir. \u00c7\u00fcnk\u00fc \u00e7ok yak\u0131nda, zillet ve rezalet halkas\u0131 boynunuza ge\u00e7ecektir.<\/span><\/span><\/strong><\/p>\n<p><strong><span style=\"font-size: 10pt;\"><span style=\"font-family: arial,helvetica,sans-serif;\">Tahrif edilip porno hik\u00e2yelerle doldurulmu\u015f s\u00f6zde kutsal kitaplar\u0131nda caiz g\u00f6r\u00fcld\u00fc\u011f\u00fcnden; anas\u0131, bac\u0131s\u0131, k\u0131z\u0131, karde\u015fi, ye\u011feni ve yengesiyle, hayvanlar gibi zina etmek serbest oldu\u011fundan, Yahudi ve Sabataistlerin \u00e7o\u011funun ger\u00e7ek babas\u0131 belirsizdir ve bu nesepsizli\u011fin alameti olarak, s\u0131ralad\u0131\u011f\u0131n o iftiralar\u0131 k\u0131rk y\u0131ld\u0131r Erbakan\u2019a yap\u0131\u015ft\u0131ran hep bu taife ve medyadaki kelem\u015f\u00f6rleridir.<\/span><\/span><\/strong><\/p>\n<p><strong><span style=\"font-size: 10pt;\"><span style=\"font-family: arial,helvetica,sans-serif;\">Ey sinsi ve Siyonist g\u00e2vurlar\u0131n kiral\u0131k kutikleri!<\/span><\/span><\/strong><\/p>\n<p><strong><span style=\"font-size: 10pt;\"><span style=\"font-family: arial,helvetica,sans-serif;\">Bu \u00fclkenin \u00e7\u0131karlar\u0131n\u0131 ve M\u00fcsl\u00fcman Milletlimizin temel haklar\u0131n\u0131 savunmak a\u015fk\u0131na, Erbakan\u2019\u0131n a\u00e7t\u0131\u011f\u0131 Milli \u00e7\u0131\u011f\u0131rlar\u0131 ve vicdanlara terc\u00fcmanl\u0131k yapan insani \u00e7a\u011fr\u0131lar\u0131; sabataist cuntan\u0131n, masonlar\u0131n ve Siyonist patronlar\u0131n i\u00e7ine oturmam\u0131\u015f olsayd\u0131, sizler b\u00f6ylesine c\u0131yaklamazd\u0131n\u0131z.. Ama yak\u0131nda herkes her \u015feyi anlayacak, haks\u0131zl\u0131k ve ahlaks\u0131zl\u0131k saltanat\u0131n\u0131z y\u0131k\u0131lacak ve utanc\u0131n\u0131zdan sokaklara \u00e7\u0131kamayacaks\u0131n\u0131z..<\/span><\/span><\/strong><\/p>\n<p><strong><span style=\"font-size: 10pt;\"><span style=\"font-family: arial,helvetica,sans-serif;\">Ve dahi Ey Bay Numan!.. Medyadaki yanda\u015flar\u0131n\u0131zdan Canda\u015f Tolga\u2019n\u0131n bu tavr\u0131 kimin ayar\u0131n\u0131 g\u00f6steriyor\u2026?<\/span><\/span><\/strong><\/p>\n<div style=\"text-align: justify;\"><span style=\"font-size: 10pt;\"><span style=\"font-family: arial,helvetica,sans-serif;\"><br clear=\"all\" \/><\/span><\/span><\/div>\n<hr style=\"text-align: justify;\" \/>\n<div style=\"text-align: justify;\"><\/div>\n<p style=\"text-align: justify;\"><span style=\"font-size: 10pt;\"><span style=\"font-family: arial,helvetica,sans-serif;\"><a href=\"#_ftnref1\">[1]<\/a> Milli Gazete \/ Zeki Ceyhan \/ 01 07 2010<\/span><\/span><\/p>\n<div style=\"text-align: justify;\"><\/div>\n<p style=\"text-align: justify;\"><span style=\"font-size: 10pt;\"><span style=\"font-family: arial,helvetica,sans-serif;\"><a href=\"#_ftnref2\">[2]<\/a> Yeni\u00e7a\u011f, 13 Tem. 2010<\/span><\/span><\/p>\n","protected":false},"excerpt":{"rendered":"<p style=\"text-align: justify;\"><em><span style=\"font-family: times new roman,times;\"><span style=\"font-size: 10pt;\"><strong>\u201cSad\u0131k Milli G\u00f6r\u00fc\u015f\u00e7\u00fcleri ayakta tutan, maruz kald\u0131klar\u0131 her t\u00fcrl\u00fc haks\u0131zl\u0131k ve sald\u0131r\u0131lara ra\u011fmen m\u00fccadele yolundan al\u0131koymayan; Onlar\u0131n hesap g\u00fcn\u00fcne olan sa\u011flam imanlar\u0131, ahireti ve R\u0131zai \u0130lahiyi \u00f6ne almalar\u0131 ve ilahi adalete olan sars\u0131lmaz g\u00fcven duygular\u0131d\u0131r.\u201d <\/strong><\/span><\/span><\/em><\/p>\n","protected":false},"author":8,"featured_media":0,"comment_status":"open","ping_status":"closed","sticky":false,"template":"","format":"standard","meta":{"footnotes":""},"categories":[112],"tags":[],"class_list":["post-1847","post","type-post","status-publish","format-standard","hentry","category-agustos-2010"],"_links":{"self":[{"href":"https:\/\/www.millicozum.com\/mc\/wp-json\/wp\/v2\/posts\/1847","targetHints":{"allow":["GET"]}}],"collection":[{"href":"https:\/\/www.millicozum.com\/mc\/wp-json\/wp\/v2\/posts"}],"about":[{"href":"https:\/\/www.millicozum.com\/mc\/wp-json\/wp\/v2\/types\/post"}],"author":[{"embeddable":true,"href":"https:\/\/www.millicozum.com\/mc\/wp-json\/wp\/v2\/users\/8"}],"replies":[{"embeddable":true,"href":"https:\/\/www.millicozum.com\/mc\/wp-json\/wp\/v2\/comments?post=1847"}],"version-history":[{"count":0,"href":"https:\/\/www.millicozum.com\/mc\/wp-json\/wp\/v2\/posts\/1847\/revisions"}],"wp:attachment":[{"href":"https:\/\/www.millicozum.com\/mc\/wp-json\/wp\/v2\/media?parent=1847"}],"wp:term":[{"taxonomy":"category","embeddable":true,"href":"https:\/\/www.millicozum.com\/mc\/wp-json\/wp\/v2\/categories?post=1847"},{"taxonomy":"post_tag","embeddable":true,"href":"https:\/\/www.millicozum.com\/mc\/wp-json\/wp\/v2\/tags?post=1847"}],"curies":[{"name":"wp","href":"https:\/\/api.w.org\/{rel}","templated":true}]}}